{"id":22793,"date":"2021-06-25T10:37:00","date_gmt":"2021-06-25T08:37:00","guid":{"rendered":"https:\/\/marekkuchcinski.pl\/?p=22793"},"modified":"2021-06-25T14:41:01","modified_gmt":"2021-06-25T12:41:01","slug":"komisja-spraw-zagranicznych-zapoznala-sie-z-informacja-nt-promocji-polskiej-kultury-za-granica","status":"publish","type":"post","link":"https:\/\/marekkuchcinski.pl\/hu\/wydarzenia\/komisja-spraw-zagranicznych-zapoznala-sie-z-informacja-nt-promocji-polskiej-kultury-za-granica\/","title":{"rendered":"A K\u00fcl\u00fcgyi Bizotts\u00e1g tudom\u00e1sul vette a lengyel kult\u00fara k\u00fclf\u00f6ldi n\u00e9pszer\u0171s\u00edt\u00e9s\u00e9r\u0151l sz\u00f3l\u00f3 t\u00e1j\u00e9koztat\u00f3t."},"content":{"rendered":"<p><strong><u>Kultur\u00e1lis \u00e9s M\u00e9dia\u00fcgyi Bizotts\u00e1g \/KSP\/ \u00e9s a K\u00fcl\u00fcgyi Bizotts\u00e1g \/SZA\/.<\/u><\/strong> figyelembe vette a kultur\u00e1lis, nemzeti \u00f6r\u00f6ks\u00e9gv\u00e9delmi \u00e9s sportminiszter \u00e9s a k\u00fcl\u00fcgyminiszter t\u00e1j\u00e9koztat\u00e1s\u00e1t a lengyel kult\u00fara k\u00fclf\u00f6ldi n\u00e9pszer\u0171s\u00edt\u00e9s\u00e9r\u0151l \u00e9s a lengyel int\u00e9zetek k\u00fclf\u00f6ldi tev\u00e9kenys\u00e9g\u00e9r\u0151l, valamint a Legfels\u0151bb Ellen\u0151rz\u00e9si Hivatal t\u00e1j\u00e9koztat\u00e1s\u00e1t.<\/p>\n\n\n\n<p>A t\u00e1j\u00e9koztat\u00e1st Jaros\u0142aw Sellin, a Kultur\u00e1lis, Nemzeti \u00d6r\u00f6ks\u00e9g \u00e9s Sport Miniszt\u00e9rium \u00e1llamtitk\u00e1ra, Szymon Szynkowski vel S\u0119k, a K\u00fcl\u00fcgyminiszt\u00e9rium \u00e1llamtitk\u00e1ra, Barbara Schabowska, az Adam Mickiewicz Int\u00e9zet igazgat\u00f3ja \u00e9s Piotr Prokopczyk, a Legfels\u0151bb Ellen\u0151rz\u00e9si Hivatal Tudom\u00e1nyos, Oktat\u00e1si \u00e9s Nemzeti \u00d6r\u00f6ks\u00e9g F\u0151oszt\u00e1ly\u00e1nak igazgat\u00f3ja adta \u00e1t.<\/p>\n\n\n\n<p>A Legfels\u0151bb Ellen\u0151rz\u0151 Kamara a 2013-2018-as id\u0151szakban 12 szervezetet ellen\u0151rz\u00f6tt: K\u00fcl\u00fcgyminiszt\u00e9rium, Kultur\u00e1lis \u00e9s Nemzeti \u00d6r\u00f6ks\u00e9g Miniszt\u00e9riuma, Adam Mickiewicz Int\u00e9zet, Lengyel Filmint\u00e9zet, Nemzetk\u00f6zi Kultur\u00e1lis K\u00f6zpont, K\u00f6nyvint\u00e9zet \u00e9s hat lengyel int\u00e9zet: London, Tel Aviv, Peking, New York, Berlin \u00e9s Kijev.<\/p>\n\n\n\n<p>Az ellen\u0151rz\u00e9s eredm\u00e9nyek\u00e9nt a NIK arra a k\u00f6vetkeztet\u00e9sre jutott, hogy az egyik f\u0151 oka annak, hogy a lengyel kult\u00fara k\u00fclf\u00f6ldi n\u00e9pszer\u0171s\u00edt\u00e9s\u00e9re m\u00e9g mindig nem j\u00f6tt l\u00e9tre integr\u00e1lt rendszer, a Kultur\u00e1lis \u00e9s Nemzeti \u00d6r\u00f6ks\u00e9gv\u00e9delmi Miniszt\u00e9rium \u00e9s a K\u00fcl\u00fcgyminiszt\u00e9rium k\u00f6z\u00f6tti megfelel\u0151 egy\u00fcttm\u0171k\u00f6d\u00e9s hi\u00e1nya, valamint ennek egyik k\u00f6vetkezm\u00e9nye - a tev\u00e9kenys\u00e9gek \u00e9s a r\u00e1juk ford\u00edtott \u00e1llami k\u00f6lts\u00e9gvet\u00e9si forr\u00e1sok sz\u00e9tsz\u00f3r\u00f3d\u00e1sa. A 2013-2018-as \u00e9vekben a lengyel kult\u00fara k\u00fclf\u00f6ldi n\u00e9pszer\u0171s\u00edt\u00e9s\u00e9vel - megfelel\u0151 koordin\u00e1ci\u00f3 n\u00e9lk\u00fcl - t\u00f6bb mint 120 k\u00fcl\u00f6nb\u00f6z\u0151 t\u00edpus\u00fa, e miniszt\u00e9riumoknak al\u00e1rendelt egys\u00e9g foglalkozott. Maguk a miniszt\u00e9riumok azonban nem k\u00fcl\u00f6n\u00edtettek el k\u00fcl\u00f6n feladatokat a terveikben, \u00e9s nem is hoztak l\u00e9tre k\u00fcl\u00f6n k\u00f6lts\u00e9gvet\u00e9st az ilyen tev\u00e9kenys\u00e9gekre, \u00e9s az ezen a ter\u00fcleten kit\u0171z\u00f6tt c\u00e9ljaik a t\u00e1gabb \u00e9rtelemben vett Lengyelorsz\u00e1g t\u00e1mogat\u00e1s\u00e1ra vonatkoz\u00f3 dokumentumokban szerepelnek. \u00cdgy a NIK nem tudta \u00e9rt\u00e9kelni, hogy az \u00e1llam hat\u00e9konyan n\u00e9pszer\u0171s\u00edti-e kult\u00far\u00e1j\u00e1t k\u00fclf\u00f6ld\u00f6n.<\/p>\n\n\n\n<p>A Legfels\u0151bb Ellen\u0151rz\u00e9si Hivatal ellen\u0151rz\u00e9se sor\u00e1n megfogalmazott k\u00f6vetkeztet\u00e9sekre reag\u00e1lva 2018 december\u00e9ben a kultur\u00e1lis \u00e9s nemzeti \u00f6r\u00f6ks\u00e9g\u00e9rt felel\u0151s miniszter - Piotr Gli\u0144ski - \u00e9s a k\u00fcl\u00fcgyminiszter - Jacek Czaputowicz - egy\u00fcttm\u0171k\u00f6d\u00e9si meg\u00e1llapod\u00e1st \u00edrt al\u00e1 a lengyel kult\u00fara k\u00fclf\u00f6ld\u00f6n t\u00f6rt\u00e9n\u0151 n\u00e9pszer\u0171s\u00edt\u00e9s\u00e9r\u0151l, amely meghat\u00e1rozza a k\u00f6z\u00f6s fell\u00e9p\u00e9s ter\u00fcleteit a lengyel kult\u00fara k\u00fclf\u00f6ld\u00f6n t\u00f6rt\u00e9n\u0151 n\u00e9pszer\u0171s\u00edt\u00e9s\u00e9re szolg\u00e1l\u00f3 integr\u00e1lt rendszer ki\u00e9p\u00edt\u00e9se r\u00e9v\u00e9n (a lengyel kult\u00fara k\u00fclf\u00f6ld\u00f6n t\u00f6rt\u00e9n\u0151 n\u00e9pszer\u0171s\u00edt\u00e9s\u00e9re ir\u00e1nyul\u00f3 k\u00f6z\u00f6s projektek programoz\u00e1sa \u00e9s v\u00e9grehajt\u00e1sa, az MKDiNS \u00e9s a K\u00fcl\u00fcgyminiszt\u00e9rium rendelkez\u00e9s\u00e9re \u00e1ll\u00f3 p\u00e9nz\u00fcgyi t\u00e1mogat\u00e1si mechanizmusok keret\u00e9ben v\u00e9gzett tev\u00e9kenys\u00e9gek \u00f6sszehangol\u00e1sa, k\u00e9pz\u00e9s \u00e9s inform\u00e1ci\u00f3csere).<\/p>\n\n\n\n<p>A 2019-2020-as id\u0151szakban javultak az egy\u00fcttm\u0171k\u00f6d\u00e9si mechanizmusok a lengyel kult\u00fara k\u00fclf\u00f6ldi n\u00e9pszer\u0171s\u00edt\u00e9s\u00e9t c\u00e9lz\u00f3 kulcsfontoss\u00e1g\u00fa projektek megval\u00f3s\u00edt\u00e1s\u00e1ban. A lengyel kult\u00fara k\u00fclf\u00f6ldi n\u00e9pszer\u0171s\u00edt\u00e9s\u00e9nek legfontosabb int\u00e9zm\u00e9nye az Adam Mickiewicz Int\u00e9zet. 2020-ban \u00faj programkoncepci\u00f3t hagytak j\u00f3v\u00e1 a 2020-2023-as id\u0151szakra, amely a lengyel kult\u00fara egyedi \u00e9rt\u00e9keire utal, amelyeket az \u00e9vsz\u00e1zados kereszt\u00e9ny hagyom\u00e1nyok, az er\u0151s eur\u00f3pai gy\u00f6kerek, a f\u00f6ldrajzi elhelyezked\u00e9s, a 19. \u00e9s 20. sz\u00e1zadi t\u00f6rt\u00e9nelem \u00e9s \u00e1talakul\u00e1s alak\u00edtott ki.<\/p>\n\n\n\n<p>A vita sor\u00e1n a k\u00e9pvisel\u0151k r\u00e9szletesebb t\u00e1j\u00e9koztat\u00e1st k\u00e9rtek a lengyel int\u00e9zetek k\u00fclf\u00f6ldi tev\u00e9kenys\u00e9g\u00e9r\u0151l \u00e9s a kultur\u00e1lis tev\u00e9kenys\u00e9gekre ford\u00edtott t\u00e9nyleges kiad\u00e1saikr\u00f3l. A k\u00f6vetkez\u0151 k\u00e9rd\u00e9seket is felvetett\u00e9k: a kultur\u00e1lis prom\u00f3ci\u00f3s rendezv\u00e9nyek ir\u00e1nyai \u00e9s vonzereje a gyermekek \u00e9s fiatalok sz\u00e1m\u00e1ra, a lengyel feltal\u00e1l\u00f3k \u00e9s tud\u00f3sok n\u00e9pszer\u0171s\u00edt\u00e9se, a k\u00fclf\u00f6ld\u00f6n \u00e9l\u0151 lengyel m\u0171v\u00e9szek bevon\u00e1sa a lengyel kult\u00fara n\u00e9pszer\u0171s\u00edt\u00e9s\u00e9be, a Lengyel Nemzeti Alap\u00edtv\u00e1ny kiad\u00e1sai a lengyel kult\u00fara k\u00fclf\u00f6ldi n\u00e9pszer\u0171s\u00edt\u00e9s\u00e9re, valamint az Adam Mickiewicz Int\u00e9zet egy\u00fcttm\u0171k\u00f6d\u00e9si partnerkeres\u00e9s\u00e9nek m\u00f3dja.<\/p>\n\n\n\n<p>A tal\u00e1lkoz\u00f3n r\u00e9szt vett Maciej Szymanowski, a Wac\u0142aw Felczak Lengyel-Magyar Egy\u00fcttm\u0171k\u00f6d\u00e9si Int\u00e9zet igazgat\u00f3ja.<\/p>\n\n\n\n<figure class=\"wp-block-image size-large\"><a href=\"https:\/\/marekkuchcinski.pl\/wp-content\/uploads\/2021\/06\/E4oqGmYXwAE4CdB-1-scaled.jpg\"><img fetchpriority=\"high\" decoding=\"async\" width=\"1024\" height=\"683\" src=\"https:\/\/marekkuchcinski.pl\/wp-content\/uploads\/2021\/06\/E4oqGmYXwAE4CdB-1-1024x683.jpg\" alt=\"\" class=\"wp-image-22796\" srcset=\"https:\/\/marekkuchcinski.pl\/wp-content\/uploads\/2021\/06\/E4oqGmYXwAE4CdB-1-1024x683.jpg 1024w, https:\/\/marekkuchcinski.pl\/wp-content\/uploads\/2021\/06\/E4oqGmYXwAE4CdB-1-300x200.jpg 300w, https:\/\/marekkuchcinski.pl\/wp-content\/uploads\/2021\/06\/E4oqGmYXwAE4CdB-1-768x512.jpg 768w, https:\/\/marekkuchcinski.pl\/wp-content\/uploads\/2021\/06\/E4oqGmYXwAE4CdB-1-1536x1024.jpg 1536w, https:\/\/marekkuchcinski.pl\/wp-content\/uploads\/2021\/06\/E4oqGmYXwAE4CdB-1-scaled.jpg 2048w, https:\/\/marekkuchcinski.pl\/wp-content\/uploads\/2021\/06\/E4oqGmYXwAE4CdB-1-16x12.jpg 16w\" sizes=\"(max-width: 1024px) 100vw, 1024px\" \/><\/a><\/figure>\n\n\n\n<figure class=\"wp-block-image size-large\"><a href=\"https:\/\/marekkuchcinski.pl\/wp-content\/uploads\/2021\/06\/E4oqFaNWYAIOxfc-scaled.jpg\"><img decoding=\"async\" width=\"1024\" height=\"682\" src=\"https:\/\/marekkuchcinski.pl\/wp-content\/uploads\/2021\/06\/E4oqFaNWYAIOxfc-1024x682.jpg\" alt=\"\" class=\"wp-image-22797\" srcset=\"https:\/\/marekkuchcinski.pl\/wp-content\/uploads\/2021\/06\/E4oqFaNWYAIOxfc-1024x682.jpg 1024w, https:\/\/marekkuchcinski.pl\/wp-content\/uploads\/2021\/06\/E4oqFaNWYAIOxfc-300x200.jpg 300w, https:\/\/marekkuchcinski.pl\/wp-content\/uploads\/2021\/06\/E4oqFaNWYAIOxfc-768x512.jpg 768w, https:\/\/marekkuchcinski.pl\/wp-content\/uploads\/2021\/06\/E4oqFaNWYAIOxfc-1536x1023.jpg 1536w, https:\/\/marekkuchcinski.pl\/wp-content\/uploads\/2021\/06\/E4oqFaNWYAIOxfc-scaled.jpg 2048w, https:\/\/marekkuchcinski.pl\/wp-content\/uploads\/2021\/06\/E4oqFaNWYAIOxfc-16x12.jpg 16w\" sizes=\"(max-width: 1024px) 100vw, 1024px\" \/><\/a><\/figure>","protected":false},"excerpt":{"rendered":"<p>A Kultur\u00e1lis \u00e9s M\u00e9dia\u00fcgyi Bizotts\u00e1g \/KSP\/ \u00e9s a K\u00fcl\u00fcgyi Bizotts\u00e1g \/SZA\/ a kultur\u00e1lis, nemzeti \u00f6r\u00f6ks\u00e9gv\u00e9delmi \u00e9s sportminiszter \u00e9s a k\u00fcl\u00fcgyminiszter t\u00e1j\u00e9koztat\u00f3j\u00e1t a lengyel kult\u00fara k\u00fclf\u00f6ldi n\u00e9pszer\u0171s\u00edt\u00e9s\u00e9r\u0151l \u00e9s a lengyel int\u00e9zetek k\u00fclf\u00f6ldi tev\u00e9kenys\u00e9g\u00e9r\u0151l, valamint a Legfels\u0151bb Ellen\u0151rz\u00e9si Hivatal t\u00e1j\u00e9koztat\u00f3j\u00e1t vette figyelembe. A t\u00e1j\u00e9koztat\u00f3t Jaros\u0142aw Sellin, a Kultur\u00e1lis, Nemzeti \u00d6r\u00f6ks\u00e9g \u00e9s Sport Miniszt\u00e9rium\u00e1nak \u00e1llamtitk\u00e1ra [...].<\/p>","protected":false},"author":21,"featured_media":22795,"comment_status":"open","ping_status":"open","sticky":false,"template":"","format":"standard","meta":{"ngg_post_thumbnail":0,"footnotes":""},"categories":[164,81,50,3],"tags":[],"class_list":["post-22793","post","type-post","status-publish","format-standard","has-post-thumbnail","hentry","category-komisje-sejmowe","category-wiesci-z-sejmu","category-wspolpraca-miedzynarodowa","category-wydarzenia"],"yoast_head":"<!-- This site is optimized with the Yoast SEO plugin v24.7 - https:\/\/yoast.com\/wordpress\/plugins\/seo\/ -->\n<title>Komisja Spraw Zagranicznych zapozna\u0142a si\u0119 z informacj\u0105 nt. promocji polskiej kultury za granic\u0105 &#8211; Marek Kuchci\u0144ski<\/title>\n<meta name=\"robots\" content=\"index, follow, max-snippet:-1, max-image-preview:large, max-video-preview:-1\" \/>\n<link rel=\"canonical\" href=\"https:\/\/marekkuchcinski.pl\/hu\/wydarzenia\/komisja-spraw-zagranicznych-zapoznala-sie-z-informacja-nt-promocji-polskiej-kultury-za-granica\/\" \/>\n<meta property=\"og:locale\" content=\"hu_HU\" \/>\n<meta property=\"og:type\" content=\"article\" \/>\n<meta property=\"og:title\" content=\"Komisja Spraw Zagranicznych zapozna\u0142a si\u0119 z informacj\u0105 nt. promocji polskiej kultury za granic\u0105 &#8211; Marek Kuchci\u0144ski\" \/>\n<meta property=\"og:description\" content=\"Komisje: Kultury i \u015arodk\u00f3w Przekazu \/KSP\/ oraz Spraw Zagranicznych \/SZA\/ rozpatrzy\u0142y informacj\u0119 Ministra Kultury, Dziedzictwa Narodowego i Sportu oraz Ministra Spraw Zagranicznych na temat promocji kultury polskiej za granic\u0105 oraz dzia\u0142alno\u015bci Instytut\u00f3w Polskich za granic\u0105, wraz z informacj\u0105 Najwy\u017cszej Izby Kontroli. Informacj\u0119 przedstawili: sekretarz stanu w Ministerstwie Kultury, Dziedzictwa Narodowego i Sportu \u2013 Jaros\u0142aw Sellin, [&hellip;]\" \/>\n<meta property=\"og:url\" content=\"https:\/\/marekkuchcinski.pl\/hu\/wydarzenia\/komisja-spraw-zagranicznych-zapoznala-sie-z-informacja-nt-promocji-polskiej-kultury-za-granica\/\" \/>\n<meta property=\"og:site_name\" content=\"Marek Kuchci\u0144ski\" \/>\n<meta property=\"article:published_time\" content=\"2021-06-25T08:37:00+00:00\" \/>\n<meta property=\"article:modified_time\" content=\"2021-06-25T12:41:01+00:00\" \/>\n<meta property=\"og:image\" content=\"https:\/\/marekkuchcinski.pl\/wp-content\/uploads\/2021\/06\/E4oqGmYXwAE4CdB-scaled.jpg\" \/>\n\t<meta property=\"og:image:width\" content=\"2048\" \/>\n\t<meta property=\"og:image:height\" content=\"1366\" \/>\n\t<meta property=\"og:image:type\" content=\"image\/jpeg\" \/>\n<meta name=\"author\" content=\"Marta Olejnik\" \/>\n<meta name=\"twitter:card\" content=\"summary_large_image\" \/>\n<meta name=\"twitter:label1\" content=\"Szerz\u0151:\" \/>\n\t<meta name=\"twitter:data1\" content=\"Marta Olejnik\" \/>\n\t<meta name=\"twitter:label2\" content=\"Becs\u00fclt olvas\u00e1si id\u0151\" \/>\n\t<meta name=\"twitter:data2\" content=\"3 perc\" \/>\n<script type=\"application\/ld+json\" class=\"yoast-schema-graph\">{\"@context\":\"https:\/\/schema.org\",\"@graph\":[{\"@type\":\"Article\",\"@id\":\"https:\/\/marekkuchcinski.pl\/wydarzenia\/komisja-spraw-zagranicznych-zapoznala-sie-z-informacja-nt-promocji-polskiej-kultury-za-granica\/#article\",\"isPartOf\":{\"@id\":\"https:\/\/marekkuchcinski.pl\/wydarzenia\/komisja-spraw-zagranicznych-zapoznala-sie-z-informacja-nt-promocji-polskiej-kultury-za-granica\/\"},\"author\":{\"name\":\"Marta Olejnik\",\"@id\":\"https:\/\/marekkuchcinski.pl\/#\/schema\/person\/51d5d4ee3b5317b8e4dd2b48af359229\"},\"headline\":\"Komisja Spraw Zagranicznych zapozna\u0142a si\u0119 z informacj\u0105 nt. promocji polskiej kultury za granic\u0105\",\"datePublished\":\"2021-06-25T08:37:00+00:00\",\"dateModified\":\"2021-06-25T12:41:01+00:00\",\"mainEntityOfPage\":{\"@id\":\"https:\/\/marekkuchcinski.pl\/wydarzenia\/komisja-spraw-zagranicznych-zapoznala-sie-z-informacja-nt-promocji-polskiej-kultury-za-granica\/\"},\"wordCount\":587,\"commentCount\":0,\"publisher\":{\"@id\":\"https:\/\/marekkuchcinski.pl\/#organization\"},\"image\":{\"@id\":\"https:\/\/marekkuchcinski.pl\/wydarzenia\/komisja-spraw-zagranicznych-zapoznala-sie-z-informacja-nt-promocji-polskiej-kultury-za-granica\/#primaryimage\"},\"thumbnailUrl\":\"https:\/\/marekkuchcinski.pl\/wp-content\/uploads\/2021\/06\/E4oqGmYXwAE4CdB-scaled.jpg\",\"articleSection\":[\"Komisje Sejmowe\",\"Wie\u015bci z Sejmu\",\"Wsp\u00f3\u0142praca mi\u0119dzynarodowa\",\"Wydarzenia\"],\"inLanguage\":\"hu\",\"potentialAction\":[{\"@type\":\"CommentAction\",\"name\":\"Comment\",\"target\":[\"https:\/\/marekkuchcinski.pl\/wydarzenia\/komisja-spraw-zagranicznych-zapoznala-sie-z-informacja-nt-promocji-polskiej-kultury-za-granica\/#respond\"]}]},{\"@type\":\"WebPage\",\"@id\":\"https:\/\/marekkuchcinski.pl\/wydarzenia\/komisja-spraw-zagranicznych-zapoznala-sie-z-informacja-nt-promocji-polskiej-kultury-za-granica\/\",\"url\":\"https:\/\/marekkuchcinski.pl\/wydarzenia\/komisja-spraw-zagranicznych-zapoznala-sie-z-informacja-nt-promocji-polskiej-kultury-za-granica\/\",\"name\":\"Komisja Spraw Zagranicznych zapozna\u0142a si\u0119 z informacj\u0105 nt. promocji polskiej kultury za granic\u0105 &#8211; Marek Kuchci\u0144ski\",\"isPartOf\":{\"@id\":\"https:\/\/marekkuchcinski.pl\/#website\"},\"primaryImageOfPage\":{\"@id\":\"https:\/\/marekkuchcinski.pl\/wydarzenia\/komisja-spraw-zagranicznych-zapoznala-sie-z-informacja-nt-promocji-polskiej-kultury-za-granica\/#primaryimage\"},\"image\":{\"@id\":\"https:\/\/marekkuchcinski.pl\/wydarzenia\/komisja-spraw-zagranicznych-zapoznala-sie-z-informacja-nt-promocji-polskiej-kultury-za-granica\/#primaryimage\"},\"thumbnailUrl\":\"https:\/\/marekkuchcinski.pl\/wp-content\/uploads\/2021\/06\/E4oqGmYXwAE4CdB-scaled.jpg\",\"datePublished\":\"2021-06-25T08:37:00+00:00\",\"dateModified\":\"2021-06-25T12:41:01+00:00\",\"breadcrumb\":{\"@id\":\"https:\/\/marekkuchcinski.pl\/wydarzenia\/komisja-spraw-zagranicznych-zapoznala-sie-z-informacja-nt-promocji-polskiej-kultury-za-granica\/#breadcrumb\"},\"inLanguage\":\"hu\",\"potentialAction\":[{\"@type\":\"ReadAction\",\"target\":[\"https:\/\/marekkuchcinski.pl\/wydarzenia\/komisja-spraw-zagranicznych-zapoznala-sie-z-informacja-nt-promocji-polskiej-kultury-za-granica\/\"]}]},{\"@type\":\"ImageObject\",\"inLanguage\":\"hu\",\"@id\":\"https:\/\/marekkuchcinski.pl\/wydarzenia\/komisja-spraw-zagranicznych-zapoznala-sie-z-informacja-nt-promocji-polskiej-kultury-za-granica\/#primaryimage\",\"url\":\"https:\/\/marekkuchcinski.pl\/wp-content\/uploads\/2021\/06\/E4oqGmYXwAE4CdB-scaled.jpg\",\"contentUrl\":\"https:\/\/marekkuchcinski.pl\/wp-content\/uploads\/2021\/06\/E4oqGmYXwAE4CdB-scaled.jpg\",\"width\":2048,\"height\":1366},{\"@type\":\"BreadcrumbList\",\"@id\":\"https:\/\/marekkuchcinski.pl\/wydarzenia\/komisja-spraw-zagranicznych-zapoznala-sie-z-informacja-nt-promocji-polskiej-kultury-za-granica\/#breadcrumb\",\"itemListElement\":[{\"@type\":\"ListItem\",\"position\":1,\"name\":\"Strona g\u0142\u00f3wna\",\"item\":\"https:\/\/marekkuchcinski.pl\/\"},{\"@type\":\"ListItem\",\"position\":2,\"name\":\"Komisja Spraw Zagranicznych zapozna\u0142a si\u0119 z informacj\u0105 nt. promocji polskiej kultury za granic\u0105\"}]},{\"@type\":\"WebSite\",\"@id\":\"https:\/\/marekkuchcinski.pl\/#website\",\"url\":\"https:\/\/marekkuchcinski.pl\/\",\"name\":\"Marek Kuchci\u0144ski\",\"description\":\"Pose\u0142 na sejm RP &ndash; okr\u0119g nr 22\",\"publisher\":{\"@id\":\"https:\/\/marekkuchcinski.pl\/#organization\"},\"potentialAction\":[{\"@type\":\"SearchAction\",\"target\":{\"@type\":\"EntryPoint\",\"urlTemplate\":\"https:\/\/marekkuchcinski.pl\/?s={search_term_string}\"},\"query-input\":{\"@type\":\"PropertyValueSpecification\",\"valueRequired\":true,\"valueName\":\"search_term_string\"}}],\"inLanguage\":\"hu\"},{\"@type\":\"Organization\",\"@id\":\"https:\/\/marekkuchcinski.pl\/#organization\",\"name\":\"Marek Kuchci\u0144ski\",\"url\":\"https:\/\/marekkuchcinski.pl\/\",\"logo\":{\"@type\":\"ImageObject\",\"inLanguage\":\"hu\",\"@id\":\"https:\/\/marekkuchcinski.pl\/#\/schema\/logo\/image\/\",\"url\":\"https:\/\/marekkuchcinski.pl\/wp-content\/uploads\/2022\/09\/Marek.jpg\",\"contentUrl\":\"https:\/\/marekkuchcinski.pl\/wp-content\/uploads\/2022\/09\/Marek.jpg\",\"width\":1600,\"height\":971,\"caption\":\"Marek Kuchci\u0144ski\"},\"image\":{\"@id\":\"https:\/\/marekkuchcinski.pl\/#\/schema\/logo\/image\/\"}},{\"@type\":\"Person\",\"@id\":\"https:\/\/marekkuchcinski.pl\/#\/schema\/person\/51d5d4ee3b5317b8e4dd2b48af359229\",\"name\":\"Marta Olejnik\",\"image\":{\"@type\":\"ImageObject\",\"inLanguage\":\"hu\",\"@id\":\"https:\/\/marekkuchcinski.pl\/#\/schema\/person\/image\/\",\"url\":\"https:\/\/secure.gravatar.com\/avatar\/e39914b2aa6a48959e24d475b5dc9793?s=96&d=mm&r=g\",\"contentUrl\":\"https:\/\/secure.gravatar.com\/avatar\/e39914b2aa6a48959e24d475b5dc9793?s=96&d=mm&r=g\",\"caption\":\"Marta Olejnik\"},\"url\":\"https:\/\/marekkuchcinski.pl\/hu\/author\/marta\/\"}]}<\/script>\n<!-- \/ Yoast SEO plugin. -->","yoast_head_json":{"title":"Komisja Spraw Zagranicznych zapozna\u0142a si\u0119 z informacj\u0105 nt. promocji polskiej kultury za granic\u0105 &#8211; Marek Kuchci\u0144ski","robots":{"index":"index","follow":"follow","max-snippet":"max-snippet:-1","max-image-preview":"max-image-preview:large","max-video-preview":"max-video-preview:-1"},"canonical":"https:\/\/marekkuchcinski.pl\/hu\/wydarzenia\/komisja-spraw-zagranicznych-zapoznala-sie-z-informacja-nt-promocji-polskiej-kultury-za-granica\/","og_locale":"hu_HU","og_type":"article","og_title":"Komisja Spraw Zagranicznych zapozna\u0142a si\u0119 z informacj\u0105 nt. promocji polskiej kultury za granic\u0105 &#8211; Marek Kuchci\u0144ski","og_description":"Komisje: Kultury i \u015arodk\u00f3w Przekazu \/KSP\/ oraz Spraw Zagranicznych \/SZA\/ rozpatrzy\u0142y informacj\u0119 Ministra Kultury, Dziedzictwa Narodowego i Sportu oraz Ministra Spraw Zagranicznych na temat promocji kultury polskiej za granic\u0105 oraz dzia\u0142alno\u015bci Instytut\u00f3w Polskich za granic\u0105, wraz z informacj\u0105 Najwy\u017cszej Izby Kontroli. Informacj\u0119 przedstawili: sekretarz stanu w Ministerstwie Kultury, Dziedzictwa Narodowego i Sportu \u2013 Jaros\u0142aw Sellin, [&hellip;]","og_url":"https:\/\/marekkuchcinski.pl\/hu\/wydarzenia\/komisja-spraw-zagranicznych-zapoznala-sie-z-informacja-nt-promocji-polskiej-kultury-za-granica\/","og_site_name":"Marek Kuchci\u0144ski","article_published_time":"2021-06-25T08:37:00+00:00","article_modified_time":"2021-06-25T12:41:01+00:00","og_image":[{"width":2048,"height":1366,"url":"https:\/\/marekkuchcinski.pl\/wp-content\/uploads\/2021\/06\/E4oqGmYXwAE4CdB-scaled.jpg","type":"image\/jpeg"}],"author":"Marta Olejnik","twitter_card":"summary_large_image","twitter_misc":{"Szerz\u0151:":"Marta Olejnik","Becs\u00fclt olvas\u00e1si id\u0151":"3 perc"},"schema":{"@context":"https:\/\/schema.org","@graph":[{"@type":"Article","@id":"https:\/\/marekkuchcinski.pl\/wydarzenia\/komisja-spraw-zagranicznych-zapoznala-sie-z-informacja-nt-promocji-polskiej-kultury-za-granica\/#article","isPartOf":{"@id":"https:\/\/marekkuchcinski.pl\/wydarzenia\/komisja-spraw-zagranicznych-zapoznala-sie-z-informacja-nt-promocji-polskiej-kultury-za-granica\/"},"author":{"name":"Marta Olejnik","@id":"https:\/\/marekkuchcinski.pl\/#\/schema\/person\/51d5d4ee3b5317b8e4dd2b48af359229"},"headline":"Komisja Spraw Zagranicznych zapozna\u0142a si\u0119 z informacj\u0105 nt. promocji polskiej kultury za granic\u0105","datePublished":"2021-06-25T08:37:00+00:00","dateModified":"2021-06-25T12:41:01+00:00","mainEntityOfPage":{"@id":"https:\/\/marekkuchcinski.pl\/wydarzenia\/komisja-spraw-zagranicznych-zapoznala-sie-z-informacja-nt-promocji-polskiej-kultury-za-granica\/"},"wordCount":587,"commentCount":0,"publisher":{"@id":"https:\/\/marekkuchcinski.pl\/#organization"},"image":{"@id":"https:\/\/marekkuchcinski.pl\/wydarzenia\/komisja-spraw-zagranicznych-zapoznala-sie-z-informacja-nt-promocji-polskiej-kultury-za-granica\/#primaryimage"},"thumbnailUrl":"https:\/\/marekkuchcinski.pl\/wp-content\/uploads\/2021\/06\/E4oqGmYXwAE4CdB-scaled.jpg","articleSection":["Komisje Sejmowe","Wie\u015bci z Sejmu","Wsp\u00f3\u0142praca mi\u0119dzynarodowa","Wydarzenia"],"inLanguage":"hu","potentialAction":[{"@type":"CommentAction","name":"Comment","target":["https:\/\/marekkuchcinski.pl\/wydarzenia\/komisja-spraw-zagranicznych-zapoznala-sie-z-informacja-nt-promocji-polskiej-kultury-za-granica\/#respond"]}]},{"@type":"WebPage","@id":"https:\/\/marekkuchcinski.pl\/wydarzenia\/komisja-spraw-zagranicznych-zapoznala-sie-z-informacja-nt-promocji-polskiej-kultury-za-granica\/","url":"https:\/\/marekkuchcinski.pl\/wydarzenia\/komisja-spraw-zagranicznych-zapoznala-sie-z-informacja-nt-promocji-polskiej-kultury-za-granica\/","name":"Komisja Spraw Zagranicznych zapozna\u0142a si\u0119 z informacj\u0105 nt. promocji polskiej kultury za granic\u0105 &#8211; Marek Kuchci\u0144ski","isPartOf":{"@id":"https:\/\/marekkuchcinski.pl\/#website"},"primaryImageOfPage":{"@id":"https:\/\/marekkuchcinski.pl\/wydarzenia\/komisja-spraw-zagranicznych-zapoznala-sie-z-informacja-nt-promocji-polskiej-kultury-za-granica\/#primaryimage"},"image":{"@id":"https:\/\/marekkuchcinski.pl\/wydarzenia\/komisja-spraw-zagranicznych-zapoznala-sie-z-informacja-nt-promocji-polskiej-kultury-za-granica\/#primaryimage"},"thumbnailUrl":"https:\/\/marekkuchcinski.pl\/wp-content\/uploads\/2021\/06\/E4oqGmYXwAE4CdB-scaled.jpg","datePublished":"2021-06-25T08:37:00+00:00","dateModified":"2021-06-25T12:41:01+00:00","breadcrumb":{"@id":"https:\/\/marekkuchcinski.pl\/wydarzenia\/komisja-spraw-zagranicznych-zapoznala-sie-z-informacja-nt-promocji-polskiej-kultury-za-granica\/#breadcrumb"},"inLanguage":"hu","potentialAction":[{"@type":"ReadAction","target":["https:\/\/marekkuchcinski.pl\/wydarzenia\/komisja-spraw-zagranicznych-zapoznala-sie-z-informacja-nt-promocji-polskiej-kultury-za-granica\/"]}]},{"@type":"ImageObject","inLanguage":"hu","@id":"https:\/\/marekkuchcinski.pl\/wydarzenia\/komisja-spraw-zagranicznych-zapoznala-sie-z-informacja-nt-promocji-polskiej-kultury-za-granica\/#primaryimage","url":"https:\/\/marekkuchcinski.pl\/wp-content\/uploads\/2021\/06\/E4oqGmYXwAE4CdB-scaled.jpg","contentUrl":"https:\/\/marekkuchcinski.pl\/wp-content\/uploads\/2021\/06\/E4oqGmYXwAE4CdB-scaled.jpg","width":2048,"height":1366},{"@type":"BreadcrumbList","@id":"https:\/\/marekkuchcinski.pl\/wydarzenia\/komisja-spraw-zagranicznych-zapoznala-sie-z-informacja-nt-promocji-polskiej-kultury-za-granica\/#breadcrumb","itemListElement":[{"@type":"ListItem","position":1,"name":"Strona g\u0142\u00f3wna","item":"https:\/\/marekkuchcinski.pl\/"},{"@type":"ListItem","position":2,"name":"Komisja Spraw Zagranicznych zapozna\u0142a si\u0119 z informacj\u0105 nt. promocji polskiej kultury za granic\u0105"}]},{"@type":"WebSite","@id":"https:\/\/marekkuchcinski.pl\/#website","url":"https:\/\/marekkuchcinski.pl\/","name":"Marek Kuchci\u0144ski","description":"Pose\u0142 na sejm RP &ndash; okr\u0119g nr 22","publisher":{"@id":"https:\/\/marekkuchcinski.pl\/#organization"},"potentialAction":[{"@type":"SearchAction","target":{"@type":"EntryPoint","urlTemplate":"https:\/\/marekkuchcinski.pl\/?s={search_term_string}"},"query-input":{"@type":"PropertyValueSpecification","valueRequired":true,"valueName":"search_term_string"}}],"inLanguage":"hu"},{"@type":"Organization","@id":"https:\/\/marekkuchcinski.pl\/#organization","name":"Marek Kuchci\u0144ski","url":"https:\/\/marekkuchcinski.pl\/","logo":{"@type":"ImageObject","inLanguage":"hu","@id":"https:\/\/marekkuchcinski.pl\/#\/schema\/logo\/image\/","url":"https:\/\/marekkuchcinski.pl\/wp-content\/uploads\/2022\/09\/Marek.jpg","contentUrl":"https:\/\/marekkuchcinski.pl\/wp-content\/uploads\/2022\/09\/Marek.jpg","width":1600,"height":971,"caption":"Marek Kuchci\u0144ski"},"image":{"@id":"https:\/\/marekkuchcinski.pl\/#\/schema\/logo\/image\/"}},{"@type":"Person","@id":"https:\/\/marekkuchcinski.pl\/#\/schema\/person\/51d5d4ee3b5317b8e4dd2b48af359229","name":"Marta Olejnik","image":{"@type":"ImageObject","inLanguage":"hu","@id":"https:\/\/marekkuchcinski.pl\/#\/schema\/person\/image\/","url":"https:\/\/secure.gravatar.com\/avatar\/e39914b2aa6a48959e24d475b5dc9793?s=96&d=mm&r=g","contentUrl":"https:\/\/secure.gravatar.com\/avatar\/e39914b2aa6a48959e24d475b5dc9793?s=96&d=mm&r=g","caption":"Marta Olejnik"},"url":"https:\/\/marekkuchcinski.pl\/hu\/author\/marta\/"}]}},"_links":{"self":[{"href":"https:\/\/marekkuchcinski.pl\/hu\/wp-json\/wp\/v2\/posts\/22793","targetHints":{"allow":["GET"]}}],"collection":[{"href":"https:\/\/marekkuchcinski.pl\/hu\/wp-json\/wp\/v2\/posts"}],"about":[{"href":"https:\/\/marekkuchcinski.pl\/hu\/wp-json\/wp\/v2\/types\/post"}],"author":[{"embeddable":true,"href":"https:\/\/marekkuchcinski.pl\/hu\/wp-json\/wp\/v2\/users\/21"}],"replies":[{"embeddable":true,"href":"https:\/\/marekkuchcinski.pl\/hu\/wp-json\/wp\/v2\/comments?post=22793"}],"version-history":[{"count":2,"href":"https:\/\/marekkuchcinski.pl\/hu\/wp-json\/wp\/v2\/posts\/22793\/revisions"}],"predecessor-version":[{"id":22798,"href":"https:\/\/marekkuchcinski.pl\/hu\/wp-json\/wp\/v2\/posts\/22793\/revisions\/22798"}],"wp:featuredmedia":[{"embeddable":true,"href":"https:\/\/marekkuchcinski.pl\/hu\/wp-json\/wp\/v2\/media\/22795"}],"wp:attachment":[{"href":"https:\/\/marekkuchcinski.pl\/hu\/wp-json\/wp\/v2\/media?parent=22793"}],"wp:term":[{"taxonomy":"category","embeddable":true,"href":"https:\/\/marekkuchcinski.pl\/hu\/wp-json\/wp\/v2\/categories?post=22793"},{"taxonomy":"post_tag","embeddable":true,"href":"https:\/\/marekkuchcinski.pl\/hu\/wp-json\/wp\/v2\/tags?post=22793"}],"curies":[{"name":"wp","href":"https:\/\/api.w.org\/{rel}","templated":true}]}}