{"id":22704,"date":"2021-06-11T14:45:05","date_gmt":"2021-06-11T12:45:05","guid":{"rendered":"https:\/\/marekkuchcinski.pl\/?p=22704"},"modified":"2021-06-12T14:21:06","modified_gmt":"2021-06-12T12:21:06","slug":"komisja-spraw-zagranicznych-przez-aklamacje-przyjela-projekt-uchwaly-w-sprawie-nord-stream-2","status":"publish","type":"post","link":"https:\/\/marekkuchcinski.pl\/hu\/wydarzenia\/komisja-spraw-zagranicznych-przez-aklamacje-przyjela-projekt-uchwaly-w-sprawie-nord-stream-2\/","title":{"rendered":"A K\u00fcl\u00fcgyi Bizotts\u00e1g k\u00f6zfelki\u00e1lt\u00e1ssal elfogadott egy \u00e1ll\u00e1sfoglal\u00e1s-tervezetet az \u00c9szaki \u00c1ramlat 2 projektr\u0151l."},"content":{"rendered":"<p class=\"wp-block-paragraph\">J\u00fanius 11-\u00e9n, p\u00e9nteken a k\u00fcl\u00fcgyi bizotts\u00e1gban egyhang\u00falag elfogadt\u00e1k az \u00c9szaki \u00c1ramlat-2 g\u00e1zvezet\u00e9kr\u0151l sz\u00f3l\u00f3 \u00e1ll\u00e1sfoglal\u00e1s-tervezetet. A bizotts\u00e1g tagjai felsz\u00f3l\u00edtj\u00e1k az EU- \u00e9s NATO-partnerorsz\u00e1gok korm\u00e1nyait, k\u00f6zt\u00fck k\u00fcl\u00f6n\u00f6sen a N\u00e9metorsz\u00e1gi Sz\u00f6vets\u00e9gi K\u00f6zt\u00e1rsas\u00e1g korm\u00e1ny\u00e1t, hogy s\u00fcrg\u0151sen tegyenek l\u00e9p\u00e9seket a g\u00e1zvezet\u00e9k meg\u00e9p\u00edt\u00e9s\u00e9nek le\u00e1ll\u00edt\u00e1sa \u00e9rdek\u00e9ben.<\/p>\n\n\n\n<p class=\"wp-block-paragraph\">Marek Kuchci\u0144ski eln\u00f6k hangs\u00falyozza, hogy az \u00e1ll\u00e1sfoglal\u00e1s-tervezetet a politikai megosztotts\u00e1gon t\u00fal, a Lengyel K\u00f6zt\u00e1rsas\u00e1g ir\u00e1nti lojalit\u00e1s szellem\u00e9ben fogadt\u00e1k el.<\/p>\n\n\n\n<p class=\"wp-block-paragraph\">A szak\u00e9rt\u0151k \u00e9s a k\u00e9pvisel\u0151k k\u00f6z\u00f6tti eszmecsere sor\u00e1n t\u00f6bbsz\u00f6r is kiemelt\u00e9k az \u00c9szaki \u00c1ramlat-2 befejez\u00e9s\u00e9nek \u00e9s \u00fczembe helyez\u00e9s\u00e9nek vesz\u00e9lyeit. Az \u00c9szaki \u00c1ramlat 2 egyre nagyobb energetikai \u00e9s esetleg katonai vesz\u00e9lynek teszi ki Ukrajn\u00e1t (ahol m\u00e1r most is h\u00e1bor\u00fa d\u00fal) \u00e9s t\u00e1gabb \u00e9rtelemben a k\u00f6z\u00e9p-eur\u00f3pai r\u00e9gi\u00f3t.<\/p>\n\n\n\n<p class=\"wp-block-paragraph\">A besz\u00e9lget\u00e9s r\u00e9sztvev\u0151i egyet\u00e9rtettek abban, hogy a v\u00e1ls\u00e1g\u00e9rt a felel\u0151ss\u00e9g \u00e9s a megold\u00e1s kulcsa egyar\u00e1nt Berlinben van.<\/p>\n\n\n\n<p class=\"wp-block-paragraph\"><em>sm<\/em><\/p>\n\n\n\n<p class=\"wp-block-paragraph\">fot\u00f3 mo<\/p>\n\n\n\n<p class=\"wp-block-paragraph\"><\/p>\n\n\n\n<p class=\"has-text-align-center wp-block-paragraph\"><strong>\u00c1LL\u00c1SFOGLAL\u00c1S<br>A LENGYEL K\u00d6ZT\u00c1RSAS\u00c1G SZEJMJE<br>j\u00fanius 11-\u00e9n.<\/strong><br><strong>az Eur\u00f3pai Uni\u00f3 \u00e9s a NATO korm\u00e1nyaihoz int\u00e9zett felh\u00edv\u00e1sr\u00f3l, k\u00fcl\u00f6n\u00f6sen<br>a N\u00e9metorsz\u00e1gi Sz\u00f6vets\u00e9gi K\u00f6zt\u00e1rsas\u00e1g korm\u00e1ny\u00e1t, hogy s\u00fcrg\u0151sen tegyen l\u00e9p\u00e9seket az al\u00e1bbiak megsz\u00fcntet\u00e9se \u00e9rdek\u00e9ben<br>az \u00c9szaki \u00c1ramlat 2 g\u00e1zvezet\u00e9k \u00e9p\u00edt\u00e9se<\/strong><\/p>\n\n\n\n<p class=\"has-text-align-center wp-block-paragraph\"><br>A Lengyel K\u00f6zt\u00e1rsas\u00e1g Szejmje, szolidarit\u00e1s\u00e1b\u00f3l a mi<br>Az orosz terjeszked\u00e9s \u00e1ltal fenyegetett k\u00f6z\u00e9p-eur\u00f3pai szomsz\u00e9dok, t\u00f6bbek k\u00f6z\u00f6tt a<br>felh\u00edvja az Eur\u00f3pai Uni\u00f3t \u00e9s tag\u00e1llamait, k\u00fcl\u00f6n\u00f6sen Ukrajn\u00e1t, hogy<br>mindenekel\u0151tt a N\u00e9metorsz\u00e1gi Sz\u00f6vets\u00e9gi K\u00f6zt\u00e1rsas\u00e1got, mint sz\u00f6vets\u00e9ges\u00fcnket a NATO-ban \u00e9s partner\u00fcnket az Uni\u00f3n bel\u00fcl.<br>az Eur\u00f3pai Uni\u00f3t, hogy vonja vissza az \u00c9szaki \u00c1ramlat projekt t\u00e1mogat\u00e1s\u00e1t<br>2. folyamattal kapcsolatban, \u00e9s l\u00e9p\u00e9seket kell tenni az azonnali \u00e9s hat\u00e9kony<br>hogy le\u00e1ll\u00edts\u00e1k az \u00e9p\u00edtkez\u00e9st. Erre sz\u00f3l\u00edtunk fel azon \u00e9rt\u00e9kek tiszteletben tart\u00e1sa nev\u00e9ben, amelyek alapj\u00e1n a<br>Az Eur\u00f3pai Uni\u00f3, az Ukrajn\u00e1val val\u00f3 szolidarit\u00e1s, valamint a stabilit\u00e1s \u00e9s a biztons\u00e1g \u00e9rdek\u00e9ben az orsz\u00e1gban<br>Eur\u00f3pa, valamint az Uni\u00f3 ellen\u00e1ll\u00f3 k\u00e9pess\u00e9g\u00e9nek n\u00f6vel\u00e9se az orosz nyom\u00e1ssal szemben. Felsz\u00f3l\u00edtjuk tov\u00e1bb\u00e1 az Egyes\u00fclt \u00c1llamokat<br>Az Amerikai Egyes\u00fclt \u00c1llamok, mint sz\u00f6vets\u00e9ges\u00fcnk a NATO-ban, hogy fenntartsa \u00e9s kiterjessze<br>szankci\u00f3k a g\u00e1zvezet\u00e9k \u00e9p\u00edt\u00e9s\u00e9ben r\u00e9szt vev\u0151kkel szemben. Tov\u00e1bbi nyom\u00e1s<br>politikai \u00e9s gazdas\u00e1gi amerikai r\u00e9szr\u0151l hozz\u00e1j\u00e1rulhat a felhagy\u00e1shoz<br>e k\u00e1ros projekt folytat\u00e1sa \u00e9s az orsz\u00e1gok k\u00f6z\u00f6tti egy\u00fcttm\u0171k\u00f6d\u00e9s er\u0151s\u00edt\u00e9se \u00e9rdek\u00e9ben<br>Az \u00c9szak-atlanti Sz\u00f6vets\u00e9g tag\u00e1llamai a biztons\u00e1guk szempontj\u00e1b\u00f3l kulcsfontoss\u00e1g\u00fa k\u00e9rd\u00e9sekben.<br>Az Eur\u00f3pai Uni\u00f3 \u00e9s a NATO 30 \u00e9ve t\u00f6bbsz\u00f6r\u00f6s er\u0151fesz\u00edt\u00e9seket tesz annak \u00e9rdek\u00e9ben, hogy<br>az Oroszorsz\u00e1ggal val\u00f3 kapcsolatfelv\u00e9tel. Mindezeket Oroszorsz\u00e1g \u00fagy kezelte, mint<br>a birodalmi terjeszked\u00e9s el\u0151k\u00e9sz\u00edt\u00e9se, \u00e9s az ezeket vez\u00e9rl\u0151 jogi elvek<br>a nemzetk\u00f6zi norm\u00e1kat brut\u00e1lisan l\u00e1bbal tiporta a Gr\u00fazia elleni fegyveres agresszi\u00f3 sor\u00e1n.<br>2008-ban, Ukrajn\u00e1nak pedig 2014 \u00f3ta, amelynek hat\u00e1sai, a r\u00e9szek illeg\u00e1lis elfoglal\u00e1sa form\u00e1j\u00e1ban, a<br>ter\u00fcletek, valamint Transznisztria Moldov\u00e1t\u00f3l val\u00f3 illeg\u00e1lis elszakad\u00e1sa m\u00e9g mindig folyamatban van.<br>A sz\u00e9nhidrog\u00e9nek exportja az orosz fegyverkez\u00e9s finansz\u00edroz\u00e1si forr\u00e1sa, \u00e9s mint ilyen, az orosz fegyverkez\u00e9s<br>Oroszorsz\u00e1g agressz\u00edv politik\u00e1j\u00e1nak fontos eszk\u00f6ze, nem csak a szomsz\u00e9daival szemben, de<br>bele\u00e9rtve az Eur\u00f3pai Uni\u00f3 m\u00e1s tag\u00e1llamait is. Az \u00c9szaki \u00c1ramlat 2 kiz\u00e1r\u00f3lag a k\u00f6vetkez\u0151 c\u00e9lokat szolg\u00e1lja<br>az ell\u00e1t\u00e1si \u00fatvonalak megv\u00e1ltoztat\u00e1sa a diverzifik\u00e1l\u00e1s helyett. A megl\u00e9v\u0151 f\u00f6ldg\u00e1zsz\u00e1ll\u00edt\u00e1si kapacit\u00e1s<br>A Bizotts\u00e1g tudat\u00e1ban van annak, hogy a keleti ir\u00e1nyb\u00f3l t\u00f6rt\u00e9n\u0151 ell\u00e1t\u00e1s elegend\u0151 ahhoz, hogy biztos\u00edtsa a sz\u00fcks\u00e9ges ell\u00e1t\u00e1st ezen a ter\u00fcleten.<br>nyersanyagot Eur\u00f3p\u00e1ba. Ez a projekt s\u00e9rti a harmadik csomag tr\u00f6sztellenes szab\u00e1lyait is.<br>Energia, a g\u00e1zmez\u0151k \u00e9s az eloszt\u00f3h\u00e1l\u00f3zatok tulajdonjog\u00e1nak egyes\u00edt\u00e9s\u00e9vel, ami ellent\u00e9tes a k\u00f6vetkez\u0151kkel<br>Eur\u00f3pai uni\u00f3s jog.<br>Az Oroszorsz\u00e1gi F\u00f6der\u00e1ci\u00f3 id\u00e9n tavasszal hatalmas katonai nyom\u00e1st gyakorolt a<br>Ukrajna, ami azzal fenyeget, hogy s\u00falyos fegyveres konfliktus t\u00f6r ki Lengyelorsz\u00e1g \u00e9s az Eur\u00f3pai Uni\u00f3 hat\u00e1rain\u00e1l.<br>Az \u00c9szaki \u00c1ramlat 2, amely lehet\u0151v\u00e9 teszi Oroszorsz\u00e1g sz\u00e1m\u00e1ra, hogy lemondjon az ukr\u00e1n ter\u00fcleten kereszt\u00fcl t\u00f6rt\u00e9n\u0151 g\u00e1zsz\u00e1ll\u00edt\u00e1sr\u00f3l.<br>f\u0151 v\u00e1s\u00e1rl\u00f3i, k\u00f6zt\u00fck a N\u00e9metorsz\u00e1gi Sz\u00f6vets\u00e9gi K\u00f6zt\u00e1rsas\u00e1g, megnyitja az utat Oroszorsz\u00e1g sz\u00e1m\u00e1ra, hogy<br>fegyveres t\u00e1mad\u00e1s Ukrajn\u00e1t nagy l\u00e9pt\u00e9kben, an\u00e9lk\u00fcl, hogy a zavarg\u00e1sok k\u00f6lts\u00e9geinek kock\u00e1zat\u00e1t v\u00e1llaln\u00e1<br>a sz\u00f3ban forg\u00f3 tranzit hadvisel\u00e9se miatt.<br>Sz\u00e1mos politikai ellenf\u00e9l meggyilkol\u00e1sa \u00e9s terrorcselekm\u00e9ny t\u00f6rt\u00e9nt.<br>az Orosz F\u00f6der\u00e1ci\u00f3 \u00e1llami szolg\u00e1latai az Uni\u00f3 tag\u00e1llamainak ter\u00fclet\u00e9n<br>Eur\u00f3pai Uni\u00f3, bele\u00e9rtve a csehorsz\u00e1gi Vrbetice \u00e9s a csehorsz\u00e1gi Vrbetice l\u0151szerrakt\u00e1raiban t\u00f6rt\u00e9nt robban\u00e1sokat.<br>hat helyen Bulg\u00e1ri\u00e1ban. Az orosz ellenz\u00e9ki vezet\u0151, Alekszej<br>Navalnij, akit t\u00f6rv\u00e9nytelen\u00fcl beb\u00f6rt\u00f6n\u00f6ztek egy b\u00fcntet\u0151telepen. Oroszorsz\u00e1g is t\u00e1mogat\u00e1st ny\u00fajt<br>Alekszandr Lukasenko elnyom\u00f3 rezsimje, amely bitorolta a jogot, hogy gyakorolhassa<br>a hatalom Feh\u00e9roroszorsz\u00e1gban a polg\u00e1rok t\u00f6bbs\u00e9g\u00e9nek a 2020. augusztus 9-i v\u00e1laszt\u00e1sokon kifejezett akarata ellen\u00e9re.<br>Meggy\u0151z\u0151d\u00e9s\u00fcnk, hogy az \u00c9szaki \u00c1ramlat 2 projekt folytat\u00e1s\u00e1nak elfogad\u00e1sa a fenti<br>a le\u00edrt k\u00f6r\u00fclm\u00e9nyek k\u00f6z\u00f6tt az Orosz F\u00f6der\u00e1ci\u00f3 sz\u00e1m\u00e1ra enged\u00e9lyt ad arra, hogy az Orosz F\u00f6der\u00e1ci\u00f3<br>a nemzetk\u00f6zi norm\u00e1k, az emberi jogok, az emberi jogok, a nemzetk\u00f6zi norm\u00e1k megs\u00e9rt\u00e9s\u00e9n alapul\u00f3 politik\u00e1k<br>a szomsz\u00e9dos orsz\u00e1gok integrit\u00e1sa, valamint az Eur\u00f3pai Uni\u00f3 \u00e9s a NATO orsz\u00e1gaira val\u00f3 nyom\u00e1sgyakorl\u00e1s.<\/p>\n\n\n\n<figure class=\"wp-block-image size-large\"><a href=\"https:\/\/marekkuchcinski.pl\/wp-content\/uploads\/2021\/06\/TT-1-scaled.jpg\"><img fetchpriority=\"high\" decoding=\"async\" width=\"1024\" height=\"667\" src=\"https:\/\/marekkuchcinski.pl\/wp-content\/uploads\/2021\/06\/TT-1-1024x667.jpg\" alt=\"\" class=\"wp-image-22707\" srcset=\"https:\/\/marekkuchcinski.pl\/wp-content\/uploads\/2021\/06\/TT-1-1024x667.jpg 1024w, https:\/\/marekkuchcinski.pl\/wp-content\/uploads\/2021\/06\/TT-1-300x195.jpg 300w, https:\/\/marekkuchcinski.pl\/wp-content\/uploads\/2021\/06\/TT-1-768x500.jpg 768w, https:\/\/marekkuchcinski.pl\/wp-content\/uploads\/2021\/06\/TT-1-1536x1000.jpg 1536w, https:\/\/marekkuchcinski.pl\/wp-content\/uploads\/2021\/06\/TT-1-scaled.jpg 2048w, https:\/\/marekkuchcinski.pl\/wp-content\/uploads\/2021\/06\/TT-1-16x10.jpg 16w\" sizes=\"(max-width: 1024px) 100vw, 1024px\" \/><\/a><\/figure>\n\n\n\n<figure class=\"wp-block-image size-large\"><a href=\"https:\/\/marekkuchcinski.pl\/wp-content\/uploads\/2021\/06\/IMG_4480-scaled.jpg\"><img decoding=\"async\" width=\"1024\" height=\"683\" src=\"https:\/\/marekkuchcinski.pl\/wp-content\/uploads\/2021\/06\/IMG_4480-1024x683.jpg\" alt=\"\" class=\"wp-image-22708\" srcset=\"https:\/\/marekkuchcinski.pl\/wp-content\/uploads\/2021\/06\/IMG_4480-1024x683.jpg 1024w, https:\/\/marekkuchcinski.pl\/wp-content\/uploads\/2021\/06\/IMG_4480-300x200.jpg 300w, https:\/\/marekkuchcinski.pl\/wp-content\/uploads\/2021\/06\/IMG_4480-768x512.jpg 768w, https:\/\/marekkuchcinski.pl\/wp-content\/uploads\/2021\/06\/IMG_4480-1536x1024.jpg 1536w, https:\/\/marekkuchcinski.pl\/wp-content\/uploads\/2021\/06\/IMG_4480-scaled.jpg 2048w, https:\/\/marekkuchcinski.pl\/wp-content\/uploads\/2021\/06\/IMG_4480-16x12.jpg 16w\" sizes=\"(max-width: 1024px) 100vw, 1024px\" \/><\/a><\/figure>\n\n\n\n<figure class=\"wp-block-image size-large\"><a href=\"https:\/\/marekkuchcinski.pl\/wp-content\/uploads\/2021\/06\/IMG_4530-scaled.jpg\"><img decoding=\"async\" width=\"1024\" height=\"683\" src=\"https:\/\/marekkuchcinski.pl\/wp-content\/uploads\/2021\/06\/IMG_4530-1024x683.jpg\" alt=\"\" class=\"wp-image-22709\" srcset=\"https:\/\/marekkuchcinski.pl\/wp-content\/uploads\/2021\/06\/IMG_4530-1024x683.jpg 1024w, https:\/\/marekkuchcinski.pl\/wp-content\/uploads\/2021\/06\/IMG_4530-300x200.jpg 300w, https:\/\/marekkuchcinski.pl\/wp-content\/uploads\/2021\/06\/IMG_4530-768x512.jpg 768w, https:\/\/marekkuchcinski.pl\/wp-content\/uploads\/2021\/06\/IMG_4530-1536x1024.jpg 1536w, https:\/\/marekkuchcinski.pl\/wp-content\/uploads\/2021\/06\/IMG_4530-scaled.jpg 2048w, https:\/\/marekkuchcinski.pl\/wp-content\/uploads\/2021\/06\/IMG_4530-16x12.jpg 16w\" sizes=\"(max-width: 1024px) 100vw, 1024px\" \/><\/a><\/figure>\n\n\n\n<figure class=\"wp-block-image size-large\"><a href=\"https:\/\/marekkuchcinski.pl\/wp-content\/uploads\/2021\/06\/IMG_4475_edited-scaled.jpg\"><img loading=\"lazy\" decoding=\"async\" width=\"1024\" height=\"641\" src=\"https:\/\/marekkuchcinski.pl\/wp-content\/uploads\/2021\/06\/IMG_4475_edited-1024x641.jpg\" alt=\"\" class=\"wp-image-22710\" srcset=\"https:\/\/marekkuchcinski.pl\/wp-content\/uploads\/2021\/06\/IMG_4475_edited-1024x641.jpg 1024w, https:\/\/marekkuchcinski.pl\/wp-content\/uploads\/2021\/06\/IMG_4475_edited-300x188.jpg 300w, https:\/\/marekkuchcinski.pl\/wp-content\/uploads\/2021\/06\/IMG_4475_edited-768x481.jpg 768w, https:\/\/marekkuchcinski.pl\/wp-content\/uploads\/2021\/06\/IMG_4475_edited-1536x962.jpg 1536w, https:\/\/marekkuchcinski.pl\/wp-content\/uploads\/2021\/06\/IMG_4475_edited-scaled.jpg 2048w, https:\/\/marekkuchcinski.pl\/wp-content\/uploads\/2021\/06\/IMG_4475_edited-16x10.jpg 16w\" sizes=\"(max-width: 1024px) 100vw, 1024px\" \/><\/a><\/figure>\n\n\n\n<figure class=\"wp-block-image size-large\"><a href=\"blob:https:\/\/marekkuchcinski.pl\/1a550527-74fa-44b7-be1a-0207b1c0627d\"><img decoding=\"async\" src=\"blob:https:\/\/marekkuchcinski.pl\/1a550527-74fa-44b7-be1a-0207b1c0627d\" alt=\"\"\/><\/a><\/figure>\n\n\n\n<figure class=\"wp-block-image size-large\"><a href=\"https:\/\/marekkuchcinski.pl\/wp-content\/uploads\/2021\/06\/FB-1-scaled.jpg\"><img loading=\"lazy\" decoding=\"async\" width=\"1024\" height=\"665\" src=\"https:\/\/marekkuchcinski.pl\/wp-content\/uploads\/2021\/06\/FB-1-1024x665.jpg\" alt=\"\" class=\"wp-image-22714\" srcset=\"https:\/\/marekkuchcinski.pl\/wp-content\/uploads\/2021\/06\/FB-1-1024x665.jpg 1024w, https:\/\/marekkuchcinski.pl\/wp-content\/uploads\/2021\/06\/FB-1-300x195.jpg 300w, https:\/\/marekkuchcinski.pl\/wp-content\/uploads\/2021\/06\/FB-1-768x498.jpg 768w, https:\/\/marekkuchcinski.pl\/wp-content\/uploads\/2021\/06\/FB-1-1536x997.jpg 1536w, https:\/\/marekkuchcinski.pl\/wp-content\/uploads\/2021\/06\/FB-1-scaled.jpg 2048w, https:\/\/marekkuchcinski.pl\/wp-content\/uploads\/2021\/06\/FB-1-16x10.jpg 16w\" sizes=\"(max-width: 1024px) 100vw, 1024px\" \/><\/a><\/figure>","protected":false},"excerpt":{"rendered":"<p>W pi\u0105tek 11 czerwca podczas komisji spraw zagranicznych zosta\u0142 jednog\u0142o\u015bnie przyj\u0119ty projekt uchwa\u0142y w sprawie gazoci\u0105gu Nord Stream 2. Pos\u0142owie komisji wzywaj\u0105 rz\u0105dy partner\u00f3w z UE i NATO, w tym szczeg\u00f3lnie rz\u0105d Republiki Federalnej Niemiec, do podj\u0119cia pilnych dzia\u0142a\u0144 na rzecz przerwania budowy tego gazoci\u0105gu. Przewodnicz\u0105cy Marek Kuchci\u0144ski zaznaczy\u0142, i\u017c projekt uchwa\u0142y zosta\u0142 przyj\u0119ty ponad [&hellip;]<\/p>\n","protected":false},"author":21,"featured_media":22706,"comment_status":"open","ping_status":"open","sticky":false,"template":"","format":"standard","meta":{"ngg_post_thumbnail":0,"footnotes":""},"categories":[50,3],"tags":[],"class_list":["post-22704","post","type-post","status-publish","format-standard","has-post-thumbnail","hentry","category-wspolpraca-miedzynarodowa","category-wydarzenia"],"_links":{"self":[{"href":"https:\/\/marekkuchcinski.pl\/hu\/wp-json\/wp\/v2\/posts\/22704","targetHints":{"allow":["GET"]}}],"collection":[{"href":"https:\/\/marekkuchcinski.pl\/hu\/wp-json\/wp\/v2\/posts"}],"about":[{"href":"https:\/\/marekkuchcinski.pl\/hu\/wp-json\/wp\/v2\/types\/post"}],"author":[{"embeddable":true,"href":"https:\/\/marekkuchcinski.pl\/hu\/wp-json\/wp\/v2\/users\/21"}],"replies":[{"embeddable":true,"href":"https:\/\/marekkuchcinski.pl\/hu\/wp-json\/wp\/v2\/comments?post=22704"}],"version-history":[{"count":4,"href":"https:\/\/marekkuchcinski.pl\/hu\/wp-json\/wp\/v2\/posts\/22704\/revisions"}],"predecessor-version":[{"id":22720,"href":"https:\/\/marekkuchcinski.pl\/hu\/wp-json\/wp\/v2\/posts\/22704\/revisions\/22720"}],"wp:featuredmedia":[{"embeddable":true,"href":"https:\/\/marekkuchcinski.pl\/hu\/wp-json\/wp\/v2\/media\/22706"}],"wp:attachment":[{"href":"https:\/\/marekkuchcinski.pl\/hu\/wp-json\/wp\/v2\/media?parent=22704"}],"wp:term":[{"taxonomy":"category","embeddable":true,"href":"https:\/\/marekkuchcinski.pl\/hu\/wp-json\/wp\/v2\/categories?post=22704"},{"taxonomy":"post_tag","embeddable":true,"href":"https:\/\/marekkuchcinski.pl\/hu\/wp-json\/wp\/v2\/tags?post=22704"}],"curies":[{"name":"wp","href":"https:\/\/api.w.org\/{rel}","templated":true}]}}