{"id":22697,"date":"2021-06-10T14:19:00","date_gmt":"2021-06-10T12:19:00","guid":{"rendered":"https:\/\/marekkuchcinski.pl\/?p=22697"},"modified":"2021-06-11T14:23:02","modified_gmt":"2021-06-11T12:23:02","slug":"wideokonferencja-delegacji-komisji-spraw-zagranicznych-parlamentow-v4","status":"publish","type":"post","link":"https:\/\/marekkuchcinski.pl\/hu\/wydarzenia\/wideokonferencja-delegacji-komisji-spraw-zagranicznych-parlamentow-v4\/","title":{"rendered":"A V4-orsz\u00e1gok parlamentjei K\u00fcl\u00fcgyi Bizotts\u00e1g\u00e1nak k\u00fcld\u00f6tts\u00e9geinek videokonferenci\u00e1ja"},"content":{"rendered":"<p class=\"wp-block-paragraph\">A visegr\u00e1di csoporton bel\u00fcli egy\u00fcttm\u0171k\u00f6d\u00e9s jelenlegi helyzete, a lengyel eln\u00f6ks\u00e9g \u00f6sszefoglal\u00f3ja \u00e9s a visegr\u00e1di n\u00e9gyek \u00e1ll\u00e1spontja az Eur\u00f3pa j\u00f6v\u0151j\u00e9r\u0151l sz\u00f3l\u00f3 vit\u00e1r\u00f3l volt a t\u00e9m\u00e1ja a V4-ek parlamentjei k\u00fcl\u00fcgyi bizotts\u00e1g\u00e1nak k\u00e9pvisel\u0151i \u00e1ltal tartott videokonferenci\u00e1nak. Az \u00fcl\u00e9sre j\u00fanius 8-\u00e1n, kedden ker\u00fclt sor. Az \u00fcl\u00e9st Ryszard Terlecki, a szejm aleln\u00f6ke nyitotta meg.<\/p>\n\n\n\n<p class=\"wp-block-paragraph\">Besz\u00e9d\u00e9ben a Szejm aleln\u00f6ke r\u00e1mutatott, hogy a parlamenti egy\u00fcttm\u0171k\u00f6d\u00e9s a visegr\u00e1di csoportban nagyon j\u00f3l fejl\u0151dik, \u00e9s az orsz\u00e1gok k\u00f6z\u00f6tti kapcsolatok fontos eleme. Terlecki \u00far \u00fagy \u00e9rt\u00e9kelte, hogy a V4-eknek k\u00f6sz\u00f6nhet\u0151en sz\u00e1mos k\u00e9rd\u00e9sr\u0151l lehetett t\u00e1rgyalni az Eur\u00f3pai Uni\u00f3ban. Hangs\u00falyozta, hogy a visegr\u00e1di egy\u00fcttm\u0171k\u00f6d\u00e9s nem versenyez az EU-val, hanem a nagyobb uni\u00f3s koh\u00e9zi\u00f3t c\u00e9lz\u00f3 es\u00e9lyegyenl\u0151s\u00e9gi politika kifejez\u0151d\u00e9se. Hangs\u00falyozta, hogy a videokonferencia fontos t\u00e9m\u00e1i az EU b\u0151v\u00edt\u00e9s\u00e9nek k\u00e9rd\u00e9se \u00e9s az Eur\u00f3pa j\u00f6v\u0151j\u00e9r\u0151l sz\u00f3l\u00f3 konferencia, amely Eur\u00f3pa fejl\u0151d\u00e9s\u00e9nek ir\u00e1nyait hivatott meghat\u00e1rozni. Ezzel \u00f6sszef\u00fcgg\u00e9sben Terlecki aleln\u00f6k hangs\u00falyozta a visegr\u00e1di csoport k\u00f6z\u00f6s hangj\u00e1nak fontoss\u00e1g\u00e1t.<\/p>\n\n\n\n<p class=\"wp-block-paragraph\">A tal\u00e1lkoz\u00f3 els\u0151 \u00fcl\u00e9s\u00e9n a V4 30 \u00e9v\u00e9t foglalt\u00e1k \u00f6ssze. Kiemelt\u00e9k ennek a form\u00e1tumnak a jelent\u0151s\u00e9g\u00e9t, amely orsz\u00e1gainkat a NATO-hoz \u00e9s az Eur\u00f3pai Uni\u00f3hoz vezette. A tal\u00e1lkoz\u00f3 r\u00e9sztvev\u0151i megvitatt\u00e1k a nemzeti gazdas\u00e1gok vil\u00e1gj\u00e1rv\u00e1ny ut\u00e1ni helyre\u00e1ll\u00edt\u00e1s\u00e1t \u00e9s a Visegr\u00e1di Alap jelent\u0151s\u00e9g\u00e9t is, amelyet szisztematikusan n\u00f6velnek, \u00e9s amelynek fejl\u0151d\u00e9si tendenci\u00e1j\u00e1t fenn kell tartani. Hangs\u00falyozt\u00e1k, hogy a visegr\u00e1di csoport olyan v\u00e1llalkoz\u00e1sokat k\u00edv\u00e1n t\u00e1mogatni, amelyek er\u0151s\u00edtik a r\u00e9gi\u00f3 versenyk\u00e9pess\u00e9g\u00e9t. Egyet\u00e9rtettek abban, hogy a csoport orsz\u00e1gait \u00f6sszek\u00f6t\u0151 elemek, mint p\u00e9ld\u00e1ul a f\u00f6ldrajzi elhelyezked\u00e9s, a k\u00f6z\u00f6s c\u00e9lok \u00e9s a gazdas\u00e1gi k\u00e9rd\u00e9sek fontosabbak \u00e9s fenntarthat\u00f3bbak, mint a k\u00fcl\u00f6nbs\u00e9gek. A parlamenti k\u00e9pvisel\u0151k r\u00e1mutattak, hogy az EU az egy\u00fcttm\u0171k\u00f6d\u00e9s f\u0151 sz\u00edntere, \u00e9s fontos, hogy a V4-ek hangja ott is hallhat\u00f3 legyen. A megbesz\u00e9l\u00e9sen sz\u00f3 esett a keleti partners\u00e9g \u00e9s a Nyugat-Balk\u00e1n eur\u00f3pai t\u00f6rekv\u00e9seinek t\u00e1mogat\u00e1s\u00e1r\u00f3l is. Hangs\u00falyozt\u00e1k tov\u00e1bb\u00e1 a szolidarit\u00e1s sz\u00fcks\u00e9gess\u00e9g\u00e9t a t\u00e9rs\u00e9gben megn\u00f6vekedett orosz tev\u00e9kenys\u00e9ggel szemben.<\/p>\n\n\n\n<p class=\"wp-block-paragraph\">A videokonferencia m\u00e1sodik r\u00e9sz\u00e9ben a vita az Eur\u00f3pa j\u00f6v\u0151j\u00e9r\u0151l sz\u00f3l\u00f3 konferencia k\u00f6r\u00e9 csoportosult. A politikusok hangs\u00falyozt\u00e1k e vita nagy jelent\u0151s\u00e9g\u00e9t, r\u00e1mutatva a nemzeti parlamentek fontos szerep\u00e9re a j\u00f6v\u0151 Eur\u00f3p\u00e1j\u00e1ban. R\u00e1mutattak arra, hogy meg kell tal\u00e1lni a m\u00f3dj\u00e1t annak, hogy a keleti partners\u00e9g \u00e9s a Nyugat-Balk\u00e1n orsz\u00e1gait is bevonj\u00e1k a vit\u00e1ba. Ebben az \u00f6sszef\u00fcgg\u00e9sben felid\u00e9zt\u00e9k Eur\u00f3pa k\u00e9t t\u00fcdej\u00e9nek fogalm\u00e1t, amelyre Eur\u00f3p\u00e1nak sz\u00fcks\u00e9ge van ahhoz, hogy m\u0171k\u00f6dj\u00f6n - a keleti \u00e9s a nyugati t\u00fcd\u0151re, az Eur\u00f3pai Uni\u00f3 orsz\u00e1gaira \u00e9s az Uni\u00f3n k\u00edv\u00fcli orsz\u00e1gokra. A tal\u00e1lkoz\u00f3 m\u00e1sodik \u00fcl\u00e9s\u00e9n az EU digitaliz\u00e1ci\u00f3ja is a megvitatott t\u00e9m\u00e1k k\u00f6z\u00f6tt szerepelt.<\/p>\n\n\n\n<p class=\"wp-block-paragraph\">CIS<\/p>\n\n\n\n<p class=\"wp-block-paragraph\">Fot\u00f3: Rafa\u0142 Zambrzycki\/ Sejm<\/p>\n\n\n\n<figure class=\"wp-block-image size-large\"><a href=\"https:\/\/marekkuchcinski.pl\/wp-content\/uploads\/2021\/06\/RZ1_0777.view_-1.jpg\"><img fetchpriority=\"high\" decoding=\"async\" width=\"800\" height=\"533\" src=\"https:\/\/marekkuchcinski.pl\/wp-content\/uploads\/2021\/06\/RZ1_0777.view_-1.jpg\" alt=\"\" class=\"wp-image-22700\" srcset=\"https:\/\/marekkuchcinski.pl\/wp-content\/uploads\/2021\/06\/RZ1_0777.view_-1.jpg 800w, https:\/\/marekkuchcinski.pl\/wp-content\/uploads\/2021\/06\/RZ1_0777.view_-1-300x200.jpg 300w, https:\/\/marekkuchcinski.pl\/wp-content\/uploads\/2021\/06\/RZ1_0777.view_-1-768x512.jpg 768w, https:\/\/marekkuchcinski.pl\/wp-content\/uploads\/2021\/06\/RZ1_0777.view_-1-16x12.jpg 16w\" sizes=\"(max-width: 800px) 100vw, 800px\" \/><\/a><\/figure>\n\n\n\n<figure class=\"wp-block-image size-large\"><a href=\"https:\/\/marekkuchcinski.pl\/wp-content\/uploads\/2021\/06\/RZ1_0766.view_.jpg\"><img decoding=\"async\" width=\"800\" height=\"533\" src=\"https:\/\/marekkuchcinski.pl\/wp-content\/uploads\/2021\/06\/RZ1_0766.view_.jpg\" alt=\"\" class=\"wp-image-22701\" srcset=\"https:\/\/marekkuchcinski.pl\/wp-content\/uploads\/2021\/06\/RZ1_0766.view_.jpg 800w, https:\/\/marekkuchcinski.pl\/wp-content\/uploads\/2021\/06\/RZ1_0766.view_-300x200.jpg 300w, https:\/\/marekkuchcinski.pl\/wp-content\/uploads\/2021\/06\/RZ1_0766.view_-768x512.jpg 768w, https:\/\/marekkuchcinski.pl\/wp-content\/uploads\/2021\/06\/RZ1_0766.view_-16x12.jpg 16w\" sizes=\"(max-width: 800px) 100vw, 800px\" \/><\/a><\/figure>","protected":false},"excerpt":{"rendered":"<p>Aktualny stan wsp\u00f3\u0142pracy w ramach Grupy Wyszehradzkiej, podsumowanie polskiej prezydencji i stanowisko wyszehradzkiej czw\u00f3rki wobec dyskusji nt. przysz\u0142o\u015bci Europy &#8211; to tematy wideokonferencji przedstawicieli Komisji Spraw Zagranicznych Parlament\u00f3w V4. Spotkanie odby\u0142o si\u0119 we wtorek 8 czerwca. Obrady otworzy\u0142 wicemarsza\u0142ek Sejmu Ryszard Terlecki. W swoim wyst\u0105pieniu Wicemarsza\u0142ek Sejmu zaznaczy\u0142, \u017ce wsp\u00f3\u0142praca parlamentarna w Grupie Wyszehradzkiej bardzo [&hellip;]<\/p>\n","protected":false},"author":21,"featured_media":22699,"comment_status":"open","ping_status":"open","sticky":false,"template":"","format":"standard","meta":{"ngg_post_thumbnail":0,"footnotes":""},"categories":[50,3],"tags":[],"class_list":["post-22697","post","type-post","status-publish","format-standard","has-post-thumbnail","hentry","category-wspolpraca-miedzynarodowa","category-wydarzenia"],"_links":{"self":[{"href":"https:\/\/marekkuchcinski.pl\/hu\/wp-json\/wp\/v2\/posts\/22697","targetHints":{"allow":["GET"]}}],"collection":[{"href":"https:\/\/marekkuchcinski.pl\/hu\/wp-json\/wp\/v2\/posts"}],"about":[{"href":"https:\/\/marekkuchcinski.pl\/hu\/wp-json\/wp\/v2\/types\/post"}],"author":[{"embeddable":true,"href":"https:\/\/marekkuchcinski.pl\/hu\/wp-json\/wp\/v2\/users\/21"}],"replies":[{"embeddable":true,"href":"https:\/\/marekkuchcinski.pl\/hu\/wp-json\/wp\/v2\/comments?post=22697"}],"version-history":[{"count":2,"href":"https:\/\/marekkuchcinski.pl\/hu\/wp-json\/wp\/v2\/posts\/22697\/revisions"}],"predecessor-version":[{"id":22702,"href":"https:\/\/marekkuchcinski.pl\/hu\/wp-json\/wp\/v2\/posts\/22697\/revisions\/22702"}],"wp:featuredmedia":[{"embeddable":true,"href":"https:\/\/marekkuchcinski.pl\/hu\/wp-json\/wp\/v2\/media\/22699"}],"wp:attachment":[{"href":"https:\/\/marekkuchcinski.pl\/hu\/wp-json\/wp\/v2\/media?parent=22697"}],"wp:term":[{"taxonomy":"category","embeddable":true,"href":"https:\/\/marekkuchcinski.pl\/hu\/wp-json\/wp\/v2\/categories?post=22697"},{"taxonomy":"post_tag","embeddable":true,"href":"https:\/\/marekkuchcinski.pl\/hu\/wp-json\/wp\/v2\/tags?post=22697"}],"curies":[{"name":"wp","href":"https:\/\/api.w.org\/{rel}","templated":true}]}}