{"id":22692,"date":"2021-06-11T14:13:14","date_gmt":"2021-06-11T12:13:14","guid":{"rendered":"https:\/\/marekkuchcinski.pl\/?p=22692"},"modified":"2021-06-11T14:13:16","modified_gmt":"2021-06-11T12:13:16","slug":"kuchcinski-nasza-czesc-europy-powinna-zaciesniac-wspolprace-budujac-stabilnosc-w-regionie","status":"publish","type":"post","link":"https:\/\/marekkuchcinski.pl\/hu\/wydarzenia\/kuchcinski-nasza-czesc-europy-powinna-zaciesniac-wspolprace-budujac-stabilnosc-w-regionie\/","title":{"rendered":"Kuchci\u0144ski: Nasza cz\u0119\u015b\u0107 Europy powinna zacie\u015bnia\u0107 wsp\u00f3\u0142prac\u0119, buduj\u0105c stabilno\u015b\u0107 w regionie"},"content":{"rendered":"\n<p class=\"wp-block-paragraph\">W czwartek 10 czerwca odby\u0142a si\u0119 rozmowa przewodnicz\u0105cego komisji spraw zagranicznych Marka<br>Kuchci\u0144skiego z ministrem spraw zagranicznych Republiki Serbii Nikola Selakovi\u0107em.<br>\u2013 \u017beby wzmocni\u0107 wsp\u00f3\u0142prac\u0119 polsko-serbsk\u0105, powinni\u015bmy d\u0105\u017cy\u0107 do rozwijania wsp\u00f3\u0142pracy<br>parlamentarnej mi\u0119dzy naszymi pa\u0144stwami. B\u0119dziemy zmierza\u0107 do powo\u0142ania bilateralnej grupy<br>przyja\u017ani polsko-serbskiej oraz do nawi\u0105zania kontakt\u00f3w z komisj\u0105 spraw zagranicznych Serbii \u2013<br>m\u00f3wi\u0142 Marek Kuchci\u0144ski.<br>Przewodnicz\u0105cy komisji spraw zagranicznych podkre\u015bla\u0142 r\u00f3wnie\u017c wsparcie strony polskiej dla jak najszybszej akcesji Serbii do Unii Europejskiej.  \u2013 Trwa debata nad przysz\u0142o\u015bci\u0105 Europy. [\u2026] Uwa\u017camy, \u017ce powinni w niej<br>uczestniczy\u0107 r\u00f3wnie\u017c przedstawiciele pa\u0144stw, kt\u00f3re nie s\u0105 cz\u0142onkami UE, w tym te, kt\u00f3re<br>znajduj\u0105 si\u0119 w procesie akcesji, jak Serbia, pa\u0144stwa Ba\u0142kan\u00f3w Zachodnich czy Partnerstwa<br>Wschodniego, czyli Gruzja, Mo\u0142dawia i Ukraina.<br>Nawi\u0105zuj\u0105c do przedstawionych przez ministra Selakovi\u0107a problem\u00f3w na tle etniczno-religijno-<br>politycznym, z kt\u00f3rymi konfrontowana jest Serbia w regionie ba\u0142ka\u0144skim, Marek Kuchci\u0144ski wyrazi\u0142<br>opini\u0119, i\u017c nale\u017cy szuka\u0107 rozwi\u0105za\u0144 za pomoc\u0105 dyplomacji parlamentarnej. \u2013 Rozw\u00f3j<br>wsp\u00f3\u0142pracy w Europe \u015arodkowej, w tym w Ba\u0142kanach Zachodnich, jest jednym z najwa\u017cniejszych<br>kierunk\u00f3w naszej polityki \u2013 zapewnia\u0142.<br>W zacie\u015bnienie relacji pomi\u0119dzy pa\u0144stwami naszego regionu zaanga\u017cowany jest Fundusz Tr\u00f3jmorza,<br>kt\u00f3ry d\u0105\u017cy do rozwijania wsp\u00f3\u0142pracy gospodarczej, infrastrukturalnej i energetycznej w Europie<br>\u015arodkowej.<\/p>\n\n\n\n<p class=\"wp-block-paragraph\"><em>sm<\/em><\/p>\n\n\n\n<p class=\"wp-block-paragraph\">fot. AS\/ Sejm<\/p>\n\n\n\n<figure class=\"wp-block-image size-large\"><a href=\"https:\/\/marekkuchcinski.pl\/wp-content\/uploads\/2021\/06\/AST_9685-1-scaled.jpg\"><img fetchpriority=\"high\" decoding=\"async\" width=\"1024\" height=\"684\" src=\"https:\/\/marekkuchcinski.pl\/wp-content\/uploads\/2021\/06\/AST_9685-1-1024x684.jpg\" alt=\"\" class=\"wp-image-22693\" srcset=\"https:\/\/marekkuchcinski.pl\/wp-content\/uploads\/2021\/06\/AST_9685-1-1024x684.jpg 1024w, https:\/\/marekkuchcinski.pl\/wp-content\/uploads\/2021\/06\/AST_9685-1-300x200.jpg 300w, https:\/\/marekkuchcinski.pl\/wp-content\/uploads\/2021\/06\/AST_9685-1-768x513.jpg 768w, https:\/\/marekkuchcinski.pl\/wp-content\/uploads\/2021\/06\/AST_9685-1-1536x1026.jpg 1536w, https:\/\/marekkuchcinski.pl\/wp-content\/uploads\/2021\/06\/AST_9685-1-scaled.jpg 2048w, https:\/\/marekkuchcinski.pl\/wp-content\/uploads\/2021\/06\/AST_9685-1-16x12.jpg 16w\" sizes=\"(max-width: 1024px) 100vw, 1024px\" \/><\/a><\/figure>\n\n\n\n<figure class=\"wp-block-image size-large\"><a href=\"https:\/\/marekkuchcinski.pl\/wp-content\/uploads\/2021\/06\/AST_9703-scaled.jpg\"><img decoding=\"async\" width=\"1024\" height=\"684\" src=\"https:\/\/marekkuchcinski.pl\/wp-content\/uploads\/2021\/06\/AST_9703-1024x684.jpg\" alt=\"\" class=\"wp-image-22694\" srcset=\"https:\/\/marekkuchcinski.pl\/wp-content\/uploads\/2021\/06\/AST_9703-1024x684.jpg 1024w, https:\/\/marekkuchcinski.pl\/wp-content\/uploads\/2021\/06\/AST_9703-300x200.jpg 300w, https:\/\/marekkuchcinski.pl\/wp-content\/uploads\/2021\/06\/AST_9703-768x513.jpg 768w, https:\/\/marekkuchcinski.pl\/wp-content\/uploads\/2021\/06\/AST_9703-1536x1026.jpg 1536w, https:\/\/marekkuchcinski.pl\/wp-content\/uploads\/2021\/06\/AST_9703-scaled.jpg 2048w, https:\/\/marekkuchcinski.pl\/wp-content\/uploads\/2021\/06\/AST_9703-16x12.jpg 16w\" sizes=\"(max-width: 1024px) 100vw, 1024px\" \/><\/a><\/figure>\n","protected":false},"excerpt":{"rendered":"<p>W czwartek 10 czerwca odby\u0142a si\u0119 rozmowa przewodnicz\u0105cego komisji spraw zagranicznych MarkaKuchci\u0144skiego z ministrem spraw zagranicznych Republiki Serbii Nikola Selakovi\u0107em.\u2013 \u017beby wzmocni\u0107 wsp\u00f3\u0142prac\u0119 polsko-serbsk\u0105, powinni\u015bmy d\u0105\u017cy\u0107 do rozwijania wsp\u00f3\u0142pracyparlamentarnej mi\u0119dzy naszymi pa\u0144stwami. B\u0119dziemy zmierza\u0107 do powo\u0142ania bilateralnej grupyprzyja\u017ani polsko-serbskiej oraz do nawi\u0105zania kontakt\u00f3w z komisj\u0105 spraw zagranicznych Serbii \u2013m\u00f3wi\u0142 Marek Kuchci\u0144ski.Przewodnicz\u0105cy komisji spraw zagranicznych podkre\u015bla\u0142 [&hellip;]<\/p>\n","protected":false},"author":3,"featured_media":22695,"comment_status":"open","ping_status":"open","sticky":false,"template":"","format":"standard","meta":{"ngg_post_thumbnail":0,"footnotes":""},"categories":[50,3],"tags":[],"class_list":["post-22692","post","type-post","status-publish","format-standard","has-post-thumbnail","hentry","category-wspolpraca-miedzynarodowa","category-wydarzenia"],"yoast_head":"<!-- This site is optimized with the Yoast SEO plugin v28.4 - https:\/\/yoast.com\/product\/yoast-seo-wordpress\/ -->\n<title>Kuchci\u0144ski: Nasza cz\u0119\u015b\u0107 Europy powinna zacie\u015bnia\u0107 wsp\u00f3\u0142prac\u0119, buduj\u0105c stabilno\u015b\u0107 w regionie &#8211; Marek Kuchci\u0144ski<\/title>\n<meta name=\"robots\" content=\"index, follow, max-snippet:-1, max-image-preview:large, max-video-preview:-1\" \/>\n<link rel=\"canonical\" href=\"https:\/\/marekkuchcinski.pl\/hu\/wydarzenia\/kuchcinski-nasza-czesc-europy-powinna-zaciesniac-wspolprace-budujac-stabilnosc-w-regionie\/\" \/>\n<meta property=\"og:locale\" content=\"hu_HU\" \/>\n<meta property=\"og:type\" content=\"article\" \/>\n<meta property=\"og:title\" content=\"Kuchci\u0144ski: Nasza cz\u0119\u015b\u0107 Europy powinna zacie\u015bnia\u0107 wsp\u00f3\u0142prac\u0119, buduj\u0105c stabilno\u015b\u0107 w regionie &#8211; Marek Kuchci\u0144ski\" \/>\n<meta property=\"og:description\" content=\"W czwartek 10 czerwca odby\u0142a si\u0119 rozmowa przewodnicz\u0105cego komisji spraw zagranicznych MarkaKuchci\u0144skiego z ministrem spraw zagranicznych Republiki Serbii Nikola Selakovi\u0107em.\u2013 \u017beby wzmocni\u0107 wsp\u00f3\u0142prac\u0119 polsko-serbsk\u0105, powinni\u015bmy d\u0105\u017cy\u0107 do rozwijania wsp\u00f3\u0142pracyparlamentarnej mi\u0119dzy naszymi pa\u0144stwami. B\u0119dziemy zmierza\u0107 do powo\u0142ania bilateralnej grupyprzyja\u017ani polsko-serbskiej oraz do nawi\u0105zania kontakt\u00f3w z komisj\u0105 spraw zagranicznych Serbii \u2013m\u00f3wi\u0142 Marek Kuchci\u0144ski.Przewodnicz\u0105cy komisji spraw zagranicznych podkre\u015bla\u0142 [&hellip;]\" \/>\n<meta property=\"og:url\" content=\"https:\/\/marekkuchcinski.pl\/hu\/wydarzenia\/kuchcinski-nasza-czesc-europy-powinna-zaciesniac-wspolprace-budujac-stabilnosc-w-regionie\/\" \/>\n<meta property=\"og:site_name\" content=\"Marek Kuchci\u0144ski\" \/>\n<meta property=\"article:published_time\" content=\"2021-06-11T12:13:14+00:00\" \/>\n<meta property=\"article:modified_time\" content=\"2021-06-11T12:13:16+00:00\" \/>\n<meta property=\"og:image\" content=\"https:\/\/marekkuchcinski.pl\/wp-content\/uploads\/2021\/06\/AST_9685-1-1-scaled.jpg\" \/>\n\t<meta property=\"og:image:width\" content=\"2048\" \/>\n\t<meta property=\"og:image:height\" content=\"1368\" \/>\n\t<meta property=\"og:image:type\" content=\"image\/jpeg\" \/>\n<meta name=\"author\" content=\"Marta Olejnik\" \/>\n<meta name=\"twitter:card\" content=\"summary_large_image\" \/>\n<meta name=\"twitter:label1\" content=\"Written by\" \/>\n\t<meta name=\"twitter:data1\" content=\"Marta Olejnik\" \/>\n\t<meta name=\"twitter:label2\" content=\"Est. reading time\" \/>\n\t<meta name=\"twitter:data2\" content=\"2 minutes\" \/>\n<script type=\"application\/ld+json\" class=\"yoast-schema-graph\">{\"@context\":\"https:\\\/\\\/schema.org\",\"@graph\":[{\"@type\":\"Article\",\"@id\":\"https:\\\/\\\/marekkuchcinski.pl\\\/wydarzenia\\\/kuchcinski-nasza-czesc-europy-powinna-zaciesniac-wspolprace-budujac-stabilnosc-w-regionie\\\/#article\",\"isPartOf\":{\"@id\":\"https:\\\/\\\/marekkuchcinski.pl\\\/wydarzenia\\\/kuchcinski-nasza-czesc-europy-powinna-zaciesniac-wspolprace-budujac-stabilnosc-w-regionie\\\/\"},\"author\":{\"name\":\"Marta Olejnik\",\"@id\":\"https:\\\/\\\/marekkuchcinski.pl\\\/#\\\/schema\\\/person\\\/bd3f15dee67fee76e83c8350d0154101\"},\"headline\":\"Kuchci\u0144ski: Nasza cz\u0119\u015b\u0107 Europy powinna zacie\u015bnia\u0107 wsp\u00f3\u0142prac\u0119, buduj\u0105c stabilno\u015b\u0107 w regionie\",\"datePublished\":\"2021-06-11T12:13:14+00:00\",\"dateModified\":\"2021-06-11T12:13:16+00:00\",\"mainEntityOfPage\":{\"@id\":\"https:\\\/\\\/marekkuchcinski.pl\\\/wydarzenia\\\/kuchcinski-nasza-czesc-europy-powinna-zaciesniac-wspolprace-budujac-stabilnosc-w-regionie\\\/\"},\"wordCount\":248,\"commentCount\":0,\"publisher\":{\"@id\":\"https:\\\/\\\/marekkuchcinski.pl\\\/#organization\"},\"image\":{\"@id\":\"https:\\\/\\\/marekkuchcinski.pl\\\/wydarzenia\\\/kuchcinski-nasza-czesc-europy-powinna-zaciesniac-wspolprace-budujac-stabilnosc-w-regionie\\\/#primaryimage\"},\"thumbnailUrl\":\"https:\\\/\\\/marekkuchcinski.pl\\\/wp-content\\\/uploads\\\/2021\\\/06\\\/AST_9685-1-1-scaled.jpg\",\"articleSection\":[\"Wsp\u00f3\u0142praca mi\u0119dzynarodowa\",\"Wydarzenia\"],\"inLanguage\":\"hu-HU\",\"potentialAction\":[{\"@type\":\"CommentAction\",\"name\":\"Comment\",\"target\":[\"https:\\\/\\\/marekkuchcinski.pl\\\/wydarzenia\\\/kuchcinski-nasza-czesc-europy-powinna-zaciesniac-wspolprace-budujac-stabilnosc-w-regionie\\\/#respond\"]}]},{\"@type\":\"WebPage\",\"@id\":\"https:\\\/\\\/marekkuchcinski.pl\\\/wydarzenia\\\/kuchcinski-nasza-czesc-europy-powinna-zaciesniac-wspolprace-budujac-stabilnosc-w-regionie\\\/\",\"url\":\"https:\\\/\\\/marekkuchcinski.pl\\\/wydarzenia\\\/kuchcinski-nasza-czesc-europy-powinna-zaciesniac-wspolprace-budujac-stabilnosc-w-regionie\\\/\",\"name\":\"Kuchci\u0144ski: Nasza cz\u0119\u015b\u0107 Europy powinna zacie\u015bnia\u0107 wsp\u00f3\u0142prac\u0119, buduj\u0105c stabilno\u015b\u0107 w regionie &#8211; Marek Kuchci\u0144ski\",\"isPartOf\":{\"@id\":\"https:\\\/\\\/marekkuchcinski.pl\\\/#website\"},\"primaryImageOfPage\":{\"@id\":\"https:\\\/\\\/marekkuchcinski.pl\\\/wydarzenia\\\/kuchcinski-nasza-czesc-europy-powinna-zaciesniac-wspolprace-budujac-stabilnosc-w-regionie\\\/#primaryimage\"},\"image\":{\"@id\":\"https:\\\/\\\/marekkuchcinski.pl\\\/wydarzenia\\\/kuchcinski-nasza-czesc-europy-powinna-zaciesniac-wspolprace-budujac-stabilnosc-w-regionie\\\/#primaryimage\"},\"thumbnailUrl\":\"https:\\\/\\\/marekkuchcinski.pl\\\/wp-content\\\/uploads\\\/2021\\\/06\\\/AST_9685-1-1-scaled.jpg\",\"datePublished\":\"2021-06-11T12:13:14+00:00\",\"dateModified\":\"2021-06-11T12:13:16+00:00\",\"breadcrumb\":{\"@id\":\"https:\\\/\\\/marekkuchcinski.pl\\\/wydarzenia\\\/kuchcinski-nasza-czesc-europy-powinna-zaciesniac-wspolprace-budujac-stabilnosc-w-regionie\\\/#breadcrumb\"},\"inLanguage\":\"hu-HU\",\"potentialAction\":[{\"@type\":\"ReadAction\",\"target\":[\"https:\\\/\\\/marekkuchcinski.pl\\\/wydarzenia\\\/kuchcinski-nasza-czesc-europy-powinna-zaciesniac-wspolprace-budujac-stabilnosc-w-regionie\\\/\"]}]},{\"@type\":\"ImageObject\",\"inLanguage\":\"hu-HU\",\"@id\":\"https:\\\/\\\/marekkuchcinski.pl\\\/wydarzenia\\\/kuchcinski-nasza-czesc-europy-powinna-zaciesniac-wspolprace-budujac-stabilnosc-w-regionie\\\/#primaryimage\",\"url\":\"https:\\\/\\\/marekkuchcinski.pl\\\/wp-content\\\/uploads\\\/2021\\\/06\\\/AST_9685-1-1-scaled.jpg\",\"contentUrl\":\"https:\\\/\\\/marekkuchcinski.pl\\\/wp-content\\\/uploads\\\/2021\\\/06\\\/AST_9685-1-1-scaled.jpg\",\"width\":2048,\"height\":1368},{\"@type\":\"BreadcrumbList\",\"@id\":\"https:\\\/\\\/marekkuchcinski.pl\\\/wydarzenia\\\/kuchcinski-nasza-czesc-europy-powinna-zaciesniac-wspolprace-budujac-stabilnosc-w-regionie\\\/#breadcrumb\",\"itemListElement\":[{\"@type\":\"ListItem\",\"position\":1,\"name\":\"Strona g\u0142\u00f3wna\",\"item\":\"https:\\\/\\\/marekkuchcinski.pl\\\/\"},{\"@type\":\"ListItem\",\"position\":2,\"name\":\"Kuchci\u0144ski: Nasza cz\u0119\u015b\u0107 Europy powinna zacie\u015bnia\u0107 wsp\u00f3\u0142prac\u0119, buduj\u0105c stabilno\u015b\u0107 w regionie\"}]},{\"@type\":\"WebSite\",\"@id\":\"https:\\\/\\\/marekkuchcinski.pl\\\/#website\",\"url\":\"https:\\\/\\\/marekkuchcinski.pl\\\/\",\"name\":\"Marek Kuchci\u0144ski\",\"description\":\"Marek Kuchci\u0144ski \",\"publisher\":{\"@id\":\"https:\\\/\\\/marekkuchcinski.pl\\\/#organization\"},\"potentialAction\":[{\"@type\":\"SearchAction\",\"target\":{\"@type\":\"EntryPoint\",\"urlTemplate\":\"https:\\\/\\\/marekkuchcinski.pl\\\/?s={search_term_string}\"},\"query-input\":{\"@type\":\"PropertyValueSpecification\",\"valueRequired\":true,\"valueName\":\"search_term_string\"}}],\"inLanguage\":\"hu-HU\"},{\"@type\":\"Organization\",\"@id\":\"https:\\\/\\\/marekkuchcinski.pl\\\/#organization\",\"name\":\"Marek Kuchci\u0144ski\",\"url\":\"https:\\\/\\\/marekkuchcinski.pl\\\/\",\"logo\":{\"@type\":\"ImageObject\",\"inLanguage\":\"hu-HU\",\"@id\":\"https:\\\/\\\/marekkuchcinski.pl\\\/#\\\/schema\\\/logo\\\/image\\\/\",\"url\":\"https:\\\/\\\/marekkuchcinski.pl\\\/wp-content\\\/uploads\\\/2022\\\/09\\\/Marek.jpg\",\"contentUrl\":\"https:\\\/\\\/marekkuchcinski.pl\\\/wp-content\\\/uploads\\\/2022\\\/09\\\/Marek.jpg\",\"width\":1600,\"height\":971,\"caption\":\"Marek Kuchci\u0144ski\"},\"image\":{\"@id\":\"https:\\\/\\\/marekkuchcinski.pl\\\/#\\\/schema\\\/logo\\\/image\\\/\"}},{\"@type\":\"Person\",\"@id\":\"https:\\\/\\\/marekkuchcinski.pl\\\/#\\\/schema\\\/person\\\/bd3f15dee67fee76e83c8350d0154101\",\"name\":\"Marta Olejnik\",\"image\":{\"@type\":\"ImageObject\",\"inLanguage\":\"hu-HU\",\"@id\":\"https:\\\/\\\/secure.gravatar.com\\\/avatar\\\/24754edd6080383402e292374b406b553027d572e97d60e7aa89a6940e88659a?s=96&d=mm&r=g\",\"url\":\"https:\\\/\\\/secure.gravatar.com\\\/avatar\\\/24754edd6080383402e292374b406b553027d572e97d60e7aa89a6940e88659a?s=96&d=mm&r=g\",\"contentUrl\":\"https:\\\/\\\/secure.gravatar.com\\\/avatar\\\/24754edd6080383402e292374b406b553027d572e97d60e7aa89a6940e88659a?s=96&d=mm&r=g\",\"caption\":\"Marta Olejnik\"},\"url\":\"https:\\\/\\\/marekkuchcinski.pl\\\/hu\\\/author\\\/marta\\\/\"}]}<\/script>\n<!-- \/ Yoast SEO plugin. -->","yoast_head_json":{"title":"Kuchci\u0144ski: Nasza cz\u0119\u015b\u0107 Europy powinna zacie\u015bnia\u0107 wsp\u00f3\u0142prac\u0119, buduj\u0105c stabilno\u015b\u0107 w regionie &#8211; Marek Kuchci\u0144ski","robots":{"index":"index","follow":"follow","max-snippet":"max-snippet:-1","max-image-preview":"max-image-preview:large","max-video-preview":"max-video-preview:-1"},"canonical":"https:\/\/marekkuchcinski.pl\/hu\/wydarzenia\/kuchcinski-nasza-czesc-europy-powinna-zaciesniac-wspolprace-budujac-stabilnosc-w-regionie\/","og_locale":"hu_HU","og_type":"article","og_title":"Kuchci\u0144ski: Nasza cz\u0119\u015b\u0107 Europy powinna zacie\u015bnia\u0107 wsp\u00f3\u0142prac\u0119, buduj\u0105c stabilno\u015b\u0107 w regionie &#8211; Marek Kuchci\u0144ski","og_description":"W czwartek 10 czerwca odby\u0142a si\u0119 rozmowa przewodnicz\u0105cego komisji spraw zagranicznych MarkaKuchci\u0144skiego z ministrem spraw zagranicznych Republiki Serbii Nikola Selakovi\u0107em.\u2013 \u017beby wzmocni\u0107 wsp\u00f3\u0142prac\u0119 polsko-serbsk\u0105, powinni\u015bmy d\u0105\u017cy\u0107 do rozwijania wsp\u00f3\u0142pracyparlamentarnej mi\u0119dzy naszymi pa\u0144stwami. B\u0119dziemy zmierza\u0107 do powo\u0142ania bilateralnej grupyprzyja\u017ani polsko-serbskiej oraz do nawi\u0105zania kontakt\u00f3w z komisj\u0105 spraw zagranicznych Serbii \u2013m\u00f3wi\u0142 Marek Kuchci\u0144ski.Przewodnicz\u0105cy komisji spraw zagranicznych podkre\u015bla\u0142 [&hellip;]","og_url":"https:\/\/marekkuchcinski.pl\/hu\/wydarzenia\/kuchcinski-nasza-czesc-europy-powinna-zaciesniac-wspolprace-budujac-stabilnosc-w-regionie\/","og_site_name":"Marek Kuchci\u0144ski","article_published_time":"2021-06-11T12:13:14+00:00","article_modified_time":"2021-06-11T12:13:16+00:00","og_image":[{"width":2048,"height":1368,"url":"https:\/\/marekkuchcinski.pl\/wp-content\/uploads\/2021\/06\/AST_9685-1-1-scaled.jpg","type":"image\/jpeg"}],"author":"Marta Olejnik","twitter_card":"summary_large_image","twitter_misc":{"Written by":"Marta Olejnik","Est. reading time":"2 minutes"},"schema":{"@context":"https:\/\/schema.org","@graph":[{"@type":"Article","@id":"https:\/\/marekkuchcinski.pl\/wydarzenia\/kuchcinski-nasza-czesc-europy-powinna-zaciesniac-wspolprace-budujac-stabilnosc-w-regionie\/#article","isPartOf":{"@id":"https:\/\/marekkuchcinski.pl\/wydarzenia\/kuchcinski-nasza-czesc-europy-powinna-zaciesniac-wspolprace-budujac-stabilnosc-w-regionie\/"},"author":{"name":"Marta Olejnik","@id":"https:\/\/marekkuchcinski.pl\/#\/schema\/person\/bd3f15dee67fee76e83c8350d0154101"},"headline":"Kuchci\u0144ski: Nasza cz\u0119\u015b\u0107 Europy powinna zacie\u015bnia\u0107 wsp\u00f3\u0142prac\u0119, buduj\u0105c stabilno\u015b\u0107 w regionie","datePublished":"2021-06-11T12:13:14+00:00","dateModified":"2021-06-11T12:13:16+00:00","mainEntityOfPage":{"@id":"https:\/\/marekkuchcinski.pl\/wydarzenia\/kuchcinski-nasza-czesc-europy-powinna-zaciesniac-wspolprace-budujac-stabilnosc-w-regionie\/"},"wordCount":248,"commentCount":0,"publisher":{"@id":"https:\/\/marekkuchcinski.pl\/#organization"},"image":{"@id":"https:\/\/marekkuchcinski.pl\/wydarzenia\/kuchcinski-nasza-czesc-europy-powinna-zaciesniac-wspolprace-budujac-stabilnosc-w-regionie\/#primaryimage"},"thumbnailUrl":"https:\/\/marekkuchcinski.pl\/wp-content\/uploads\/2021\/06\/AST_9685-1-1-scaled.jpg","articleSection":["Wsp\u00f3\u0142praca mi\u0119dzynarodowa","Wydarzenia"],"inLanguage":"hu-HU","potentialAction":[{"@type":"CommentAction","name":"Comment","target":["https:\/\/marekkuchcinski.pl\/wydarzenia\/kuchcinski-nasza-czesc-europy-powinna-zaciesniac-wspolprace-budujac-stabilnosc-w-regionie\/#respond"]}]},{"@type":"WebPage","@id":"https:\/\/marekkuchcinski.pl\/wydarzenia\/kuchcinski-nasza-czesc-europy-powinna-zaciesniac-wspolprace-budujac-stabilnosc-w-regionie\/","url":"https:\/\/marekkuchcinski.pl\/wydarzenia\/kuchcinski-nasza-czesc-europy-powinna-zaciesniac-wspolprace-budujac-stabilnosc-w-regionie\/","name":"Kuchci\u0144ski: Nasza cz\u0119\u015b\u0107 Europy powinna zacie\u015bnia\u0107 wsp\u00f3\u0142prac\u0119, buduj\u0105c stabilno\u015b\u0107 w regionie &#8211; Marek Kuchci\u0144ski","isPartOf":{"@id":"https:\/\/marekkuchcinski.pl\/#website"},"primaryImageOfPage":{"@id":"https:\/\/marekkuchcinski.pl\/wydarzenia\/kuchcinski-nasza-czesc-europy-powinna-zaciesniac-wspolprace-budujac-stabilnosc-w-regionie\/#primaryimage"},"image":{"@id":"https:\/\/marekkuchcinski.pl\/wydarzenia\/kuchcinski-nasza-czesc-europy-powinna-zaciesniac-wspolprace-budujac-stabilnosc-w-regionie\/#primaryimage"},"thumbnailUrl":"https:\/\/marekkuchcinski.pl\/wp-content\/uploads\/2021\/06\/AST_9685-1-1-scaled.jpg","datePublished":"2021-06-11T12:13:14+00:00","dateModified":"2021-06-11T12:13:16+00:00","breadcrumb":{"@id":"https:\/\/marekkuchcinski.pl\/wydarzenia\/kuchcinski-nasza-czesc-europy-powinna-zaciesniac-wspolprace-budujac-stabilnosc-w-regionie\/#breadcrumb"},"inLanguage":"hu-HU","potentialAction":[{"@type":"ReadAction","target":["https:\/\/marekkuchcinski.pl\/wydarzenia\/kuchcinski-nasza-czesc-europy-powinna-zaciesniac-wspolprace-budujac-stabilnosc-w-regionie\/"]}]},{"@type":"ImageObject","inLanguage":"hu-HU","@id":"https:\/\/marekkuchcinski.pl\/wydarzenia\/kuchcinski-nasza-czesc-europy-powinna-zaciesniac-wspolprace-budujac-stabilnosc-w-regionie\/#primaryimage","url":"https:\/\/marekkuchcinski.pl\/wp-content\/uploads\/2021\/06\/AST_9685-1-1-scaled.jpg","contentUrl":"https:\/\/marekkuchcinski.pl\/wp-content\/uploads\/2021\/06\/AST_9685-1-1-scaled.jpg","width":2048,"height":1368},{"@type":"BreadcrumbList","@id":"https:\/\/marekkuchcinski.pl\/wydarzenia\/kuchcinski-nasza-czesc-europy-powinna-zaciesniac-wspolprace-budujac-stabilnosc-w-regionie\/#breadcrumb","itemListElement":[{"@type":"ListItem","position":1,"name":"Strona g\u0142\u00f3wna","item":"https:\/\/marekkuchcinski.pl\/"},{"@type":"ListItem","position":2,"name":"Kuchci\u0144ski: Nasza cz\u0119\u015b\u0107 Europy powinna zacie\u015bnia\u0107 wsp\u00f3\u0142prac\u0119, buduj\u0105c stabilno\u015b\u0107 w regionie"}]},{"@type":"WebSite","@id":"https:\/\/marekkuchcinski.pl\/#website","url":"https:\/\/marekkuchcinski.pl\/","name":"Marek Kuchci\u0144ski","description":"Marek Kuchci\u0144ski","publisher":{"@id":"https:\/\/marekkuchcinski.pl\/#organization"},"potentialAction":[{"@type":"SearchAction","target":{"@type":"EntryPoint","urlTemplate":"https:\/\/marekkuchcinski.pl\/?s={search_term_string}"},"query-input":{"@type":"PropertyValueSpecification","valueRequired":true,"valueName":"search_term_string"}}],"inLanguage":"hu-HU"},{"@type":"Organization","@id":"https:\/\/marekkuchcinski.pl\/#organization","name":"Marek Kuchci\u0144ski","url":"https:\/\/marekkuchcinski.pl\/","logo":{"@type":"ImageObject","inLanguage":"hu-HU","@id":"https:\/\/marekkuchcinski.pl\/#\/schema\/logo\/image\/","url":"https:\/\/marekkuchcinski.pl\/wp-content\/uploads\/2022\/09\/Marek.jpg","contentUrl":"https:\/\/marekkuchcinski.pl\/wp-content\/uploads\/2022\/09\/Marek.jpg","width":1600,"height":971,"caption":"Marek Kuchci\u0144ski"},"image":{"@id":"https:\/\/marekkuchcinski.pl\/#\/schema\/logo\/image\/"}},{"@type":"Person","@id":"https:\/\/marekkuchcinski.pl\/#\/schema\/person\/bd3f15dee67fee76e83c8350d0154101","name":"Marta Olejnik","image":{"@type":"ImageObject","inLanguage":"hu-HU","@id":"https:\/\/secure.gravatar.com\/avatar\/24754edd6080383402e292374b406b553027d572e97d60e7aa89a6940e88659a?s=96&d=mm&r=g","url":"https:\/\/secure.gravatar.com\/avatar\/24754edd6080383402e292374b406b553027d572e97d60e7aa89a6940e88659a?s=96&d=mm&r=g","contentUrl":"https:\/\/secure.gravatar.com\/avatar\/24754edd6080383402e292374b406b553027d572e97d60e7aa89a6940e88659a?s=96&d=mm&r=g","caption":"Marta Olejnik"},"url":"https:\/\/marekkuchcinski.pl\/hu\/author\/marta\/"}]}},"_links":{"self":[{"href":"https:\/\/marekkuchcinski.pl\/hu\/wp-json\/wp\/v2\/posts\/22692","targetHints":{"allow":["GET"]}}],"collection":[{"href":"https:\/\/marekkuchcinski.pl\/hu\/wp-json\/wp\/v2\/posts"}],"about":[{"href":"https:\/\/marekkuchcinski.pl\/hu\/wp-json\/wp\/v2\/types\/post"}],"author":[{"embeddable":true,"href":"https:\/\/marekkuchcinski.pl\/hu\/wp-json\/wp\/v2\/users\/3"}],"replies":[{"embeddable":true,"href":"https:\/\/marekkuchcinski.pl\/hu\/wp-json\/wp\/v2\/comments?post=22692"}],"version-history":[{"count":1,"href":"https:\/\/marekkuchcinski.pl\/hu\/wp-json\/wp\/v2\/posts\/22692\/revisions"}],"predecessor-version":[{"id":22696,"href":"https:\/\/marekkuchcinski.pl\/hu\/wp-json\/wp\/v2\/posts\/22692\/revisions\/22696"}],"wp:featuredmedia":[{"embeddable":true,"href":"https:\/\/marekkuchcinski.pl\/hu\/wp-json\/wp\/v2\/media\/22695"}],"wp:attachment":[{"href":"https:\/\/marekkuchcinski.pl\/hu\/wp-json\/wp\/v2\/media?parent=22692"}],"wp:term":[{"taxonomy":"category","embeddable":true,"href":"https:\/\/marekkuchcinski.pl\/hu\/wp-json\/wp\/v2\/categories?post=22692"},{"taxonomy":"post_tag","embeddable":true,"href":"https:\/\/marekkuchcinski.pl\/hu\/wp-json\/wp\/v2\/tags?post=22692"}],"curies":[{"name":"wp","href":"https:\/\/api.w.org\/{rel}","templated":true}]}}