{"id":22299,"date":"2021-03-31T11:03:00","date_gmt":"2021-03-31T09:03:00","guid":{"rendered":"https:\/\/marekkuchcinski.pl\/?p=22299"},"modified":"2021-03-31T15:22:48","modified_gmt":"2021-03-31T13:22:48","slug":"spotkanie-przewodniczacych-komisji-spraw-zagranicznych-panstw-grupy-wyszehradzkiej-i-baltyckiej-trojki","status":"publish","type":"post","link":"https:\/\/marekkuchcinski.pl\/hu\/wydarzenia\/spotkanie-przewodniczacych-komisji-spraw-zagranicznych-panstw-grupy-wyszehradzkiej-i-baltyckiej-trojki\/","title":{"rendered":"A visegr\u00e1di csoport \u00e9s a balti tri\u00f3 k\u00fcl\u00fcgyi bizotts\u00e1gai eln\u00f6keinek tal\u00e1lkoz\u00f3ja"},"content":{"rendered":"<p>Id\u00e9n m\u00e1rcius 29-\u00e9n a visegr\u00e1di csoport \u00e9s a balti tri\u00f3 parlamentjei k\u00fcl\u00fcgyi bizotts\u00e1gainak eln\u00f6keinek tal\u00e1lkoz\u00f3j\u00e1ra ker\u00fclt sor, amelyen a t\u00e9rs\u00e9g jelenlegi j\u00e1rv\u00e1ny\u00fcgyi helyzet\u00e9t, a h\u00e1romoldal\u00fa kezdem\u00e9nyez\u00e9s keret\u00e9ben t\u00f6rt\u00e9n\u0151 egy\u00fcttm\u0171k\u00f6d\u00e9st, valamint a feh\u00e9roroszorsz\u00e1gi t\u00e1rsadalmi-politikai helyzetet vitatt\u00e1k meg.<\/p>\n\n\n\n<p>A COVID-19-nek szentelt \u00fcl\u00e9sen Marek Kuchci\u0144ski, a K\u00fcl\u00fcgyi Bizotts\u00e1g eln\u00f6ke arr\u00f3l t\u00e1j\u00e9koztatott, hogy a vil\u00e1gj\u00e1rv\u00e1ny els\u0151 hull\u00e1ma alatt Lengyelorsz\u00e1g viszonylag j\u00f3 helyzetben volt, m\u00edg a m\u00e1sodik hull\u00e1m m\u00e1r vesz\u00e9lyesebbnek bizonyult az orsz\u00e1g sz\u00e1m\u00e1ra. Hozz\u00e1tette, hogy a jelenleg regisztr\u00e1lt rekordm\u00e9ret\u0171 fert\u0151z\u00e9si ar\u00e1nyok miatt a lengyel korm\u00e1ny k\u00e9nytelen volt szigor\u00fa biztons\u00e1gi szab\u00e1lyokat bevezetni. Kuchci\u0144ski eln\u00f6k elmondta, hogy a vakcin\u00e1z\u00e1s Lengyelorsz\u00e1gban tavaly decemberben kezd\u0151d\u00f6tt, \u00e9s hogy t\u00f6bb mint 5000 akt\u00edv olt\u00f3pont van, ahol h\u00e1romf\u00e9le vakcin\u00e1t haszn\u00e1lnak: AstraZeneca, Pfizer \u00e9s Moderna. Hangs\u00falyozta tov\u00e1bb\u00e1 a vakcin\u00e1kkal kapcsolatos t\u00e9ves inform\u00e1ci\u00f3kkal szembeni fell\u00e9p\u00e9s \u00e9s a vil\u00e1gj\u00e1rv\u00e1ny elleni k\u00fczdelemre ir\u00e1nyul\u00f3 orvosi int\u00e9zked\u00e9sekkel kapcsolatos egy\u00fcttm\u0171k\u00f6d\u00e9s meger\u0151s\u00edt\u00e9s\u00e9nek fontoss\u00e1g\u00e1t.<\/p>\n\n\n\n<p>Marek Kuchci\u0144ski eln\u00f6k a szolidarit\u00e1son alapul\u00f3 region\u00e1lis egy\u00fcttm\u0171k\u00f6d\u00e9s k\u00e9t fontos elem\u00e9re h\u00edvta fel a figyelmet. El\u0151sz\u00f6r is, eml\u00e9keztetett a COVID-19 virtu\u00e1lis visegr\u00e1di inform\u00e1ci\u00f3s k\u00f6zpont l\u00e9tez\u00e9s\u00e9re. M\u00e1sodszor, hangs\u00falyozta a vil\u00e1gj\u00e1rv\u00e1ny elleni k\u00f6zvetlen k\u00fczdelmet c\u00e9lz\u00f3 k\u00f6z\u00f6s fell\u00e9p\u00e9sek - a COVID-19-es betegek m\u00e1s orsz\u00e1gokb\u00f3l t\u00f6rt\u00e9n\u0151 befogad\u00e1sa - fontoss\u00e1g\u00e1t, megjegyezve, hogy a lengyel int\u00e9zm\u00e9nyek jelenleg Szlov\u00e1ki\u00e1b\u00f3l \u00e9s a Cseh K\u00f6zt\u00e1rsas\u00e1gb\u00f3l sz\u00e1rmaz\u00f3 betegeket fogadnak.<\/p>\n\n\n\n<p>Kuchci\u0144ski eln\u00f6k arra \u00f6szt\u00f6n\u00f6zte partnereit, hogy az uni\u00f3s f\u00f3rumon alak\u00edtsanak ki k\u00f6z\u00f6s \u00e1ll\u00e1spontot a v\u00e1llalkoz\u00f3knak ny\u00fajtott \u00e1llami t\u00e1mogat\u00e1sok tilalm\u00e1nak hat\u00e1sair\u00f3l. <em>Ez a helyzet korm\u00e1nyaink v\u00e1ll\u00e1ra helyezte azt a k\u00f6telezetts\u00e9get, hogy seg\u00edtsenek a cs\u0151ddel fenyegetett v\u00e1llalatoknak, ha azok szok\u00e1sos tev\u00e9kenys\u00e9g\u00e9t adminisztrat\u00edv \u00faton megtiltj\u00e1k (...) Most az EU-ban a mag\u00e1nv\u00e1llalatoknak ny\u00fajtott \u00e1llami t\u00e1mogat\u00e1sok t\u00f6bb mint 50% n\u00e9metorsz\u00e1gi t\u00e1mogat\u00e1s a n\u00e9met v\u00e1llalatoknak, 18% franciaorsz\u00e1gi t\u00e1mogat\u00e1s a francia v\u00e1llalatoknak, n\u00e9h\u00e1ny sz\u00e1zal\u00e9kot az olasz \u00e9s holland v\u00e1llalatoknak, a t\u00f6bbi kevesebb, mint 1%. A V4 + B3 orsz\u00e1gok egyike sem k\u00e9pes a t\u00e1mogat\u00e1sok ter\u00e9n felvenni a versenyt a n\u00e9met vagy francia k\u00f6lts\u00e9gvet\u00e9ssel. <\/em>- hangs\u00falyozta besz\u00e9d\u00e9ben.<\/p>\n\n\n\n<p>Marek Kuchci\u0144ski eln\u00f6k arra b\u00e1tor\u00edtotta partnereit, hogy k\u00f6z\u00f6sen akad\u00e1lyozz\u00e1k meg, hogy a nemzeti parlamenteket tov\u00e1bbi hat\u00e1sk\u00f6r\u00f6kt\u0151l fossz\u00e1k meg az uni\u00f3s int\u00e9zm\u00e9nyeknek t\u00f6rt\u00e9n\u0151 szerz\u0151d\u00e9sen k\u00edv\u00fcli \u00e1truh\u00e1z\u00e1ssal, azzal az \u00fcr\u00fcggyel, hogy a vil\u00e1gj\u00e1rv\u00e1ny elleni k\u00fczdelmet kell koordin\u00e1lniuk.<\/p>\n\n\n\n<p>Az \u00fcl\u00e9s m\u00e1sodik r\u00e9sz\u00e9ben, amelyet a H\u00e1rom M\u00f3r Kezdem\u00e9nyez\u00e9snek (IT) \u00e9s a feh\u00e9roroszorsz\u00e1gi helyzetnek szenteltek, Marek Kuchci\u0144ski eln\u00f6k eml\u00e9keztetett arra, hogy 2020. november 18-\u00e1n. Az amerikai kongresszus k\u00e9pvisel\u0151h\u00e1za egyhang\u00falag \u00e9s p\u00e1rtokon \u00e1t\u00edvel\u0151en elfogadott egy \u00e1ll\u00e1sfoglal\u00e1st, amely t\u00e1mogatja a H\u00e1rom Marokk\u00f3 kezdem\u00e9nyez\u00e9st, \u00e9s felsz\u00f3l\u00edt a kapcsol\u00f3d\u00f3 egy\u00fcttm\u0171k\u00f6d\u00e9s kiterjeszt\u00e9s\u00e9re Ukrajn\u00e1ra, Moldov\u00e1ra \u00e9s a Nyugat-Balk\u00e1nra. Ez\u00e9rt az SZA eln\u00f6ke azt javasolta, hogy a visegr\u00e1di \u00e9s balti \u00e1llamok parlamentjei kezdem\u00e9nyezz\u00e9k \u00e9s hajts\u00e1k v\u00e9gre az \u00f6sszes IT-orsz\u00e1g parlamentj\u00e9nek egyhang\u00fa hat\u00e1rozat\u00e1t a kezdem\u00e9nyez\u00e9s k\u00f6vetkez\u0151 cs\u00facstal\u00e1lkoz\u00f3j\u00e1n, amelyre 2021. j\u00fanius \u00e9s j\u00falius fordul\u00f3j\u00e1n ker\u00fcl sor.<\/p>\n\n\n\n<p>Marek Kuchci\u0144ski eln\u00f6k a Via Carpatia aut\u00f3p\u00e1ly\u00e1t eml\u00edtette a h\u00e1romsz\u00e9ki beruh\u00e1z\u00e1sok egyik p\u00e9ld\u00e1jak\u00e9nt. <em>A visegr\u00e1di \u00e9s a balti \u00e1llamok parlamentjeinek \u00f6szt\u00f6n\u00f6zni\u00fck kell korm\u00e1nyaikat a projekt befejez\u00e9s\u00e9re (...) A V4-ek sz\u00e1m\u00e1ra k\u00fcl\u00f6n\u00f6sen fontos a Via Carpatia Szlov\u00e1ki\u00e1n \u00e1tvezet\u0151 szakasz\u00e1nak befejez\u00e9se, amely n\u00e9lk\u00fcl lehetetlen lesz \u00f6sszek\u00f6tni az \u00fatvonal \u00e9szaki lengyel-balti r\u00e9sz\u00e9t a d\u00e9li magyar-rom\u00e1n-bolg\u00e1r-g\u00f6r\u00f6g r\u00e9sszel\".<\/em> - mondta.<\/p>\n\n\n\n<p>A vita sor\u00e1n sz\u00f3ba ker\u00fclt a k\u00f6zleked\u00e9si \u00e9s kommunik\u00e1ci\u00f3s h\u00e1l\u00f3zat hat\u00e9konys\u00e1ga, valamint az \u00e1ruk \u00e9s szolg\u00e1ltat\u00e1sok cser\u00e9j\u00e9nek ir\u00e1ny\u00edt\u00e1sa is. <em>A balti digit\u00e1lis aut\u00f3p\u00e1lya \u00f6tlet\u00e9t k\u00f6vetve meg kell fontolni az \u00e9szak-d\u00e9li, k\u00e1rp\u00e1tokon t\u00fali digit\u00e1lis aut\u00f3p\u00e1lya meg\u00e9p\u00edt\u00e9s\u00e9t. A digit\u00e1lis infrastrukt\u00far\u00e1nak \u00f6ssze kell k\u00f6tnie minket<\/em> - Marek Kuchci\u0144ski eln\u00f6k r\u00e1mutatott.<\/p>\n\n\n\n<p>Egy m\u00e1sik megvitatott t\u00e9ma a lengyel kisebbs\u00e9g \u00e9s a demokratikus k\u00f6r\u00f6k helyzete volt, amelyek m\u00e1r r\u00e9g\u00f3ta a feh\u00e9roroszorsz\u00e1gi Lukasenko-rendszer \u00fcld\u00f6ztet\u00e9s\u00e9nek \u00e1ldozatai. Valamennyi felsz\u00f3lal\u00f3 meger\u0151s\u00edtette, hogy t\u00e1mogatja az alapvet\u0151 jogok \u00e9s polg\u00e1ri szabads\u00e1gjogok megs\u00e9rt\u00e9se elleni er\u0151teljesebb fell\u00e9p\u00e9st, \u00e9s hogy k\u00e9szek seg\u00edteni a f\u00fcggetlen feh\u00e9rorosz k\u00f6r\u00f6ket. A lengyel kisebbs\u00e9g ellen ir\u00e1nyul\u00f3 zaklat\u00e1sokat hat\u00e1rozottan el\u00edt\u00e9lt\u00e9k. A keleti destabiliz\u00e1l\u00f3 er\u0151kkel szembeni region\u00e1lis egy\u00fcttm\u0171k\u00f6d\u00e9ssel \u00f6sszef\u00fcgg\u00e9sben felmer\u00fclt az \u00c9szaki \u00c1ramlat 2 g\u00e1zvezet\u00e9k t\u00e9m\u00e1ja, amely olyan projektnek min\u0151s\u00fclt, amely szabot\u00e1lja a h\u00e1rom horv\u00e1torsz\u00e1gi orsz\u00e1gok azon er\u0151fesz\u00edt\u00e9seit, hogy az EU keleti sz\u00e1rny\u00e1t megszabad\u00edts\u00e1k az orosz g\u00e1zt\u00f3l val\u00f3 f\u00fcgg\u0151s\u00e9gt\u0151l.<\/p>\n\n\n\n<p>A tal\u00e1lkoz\u00f3 z\u00e1r\u00e1sakor a r\u00e9sztvev\u0151k \u00fagy \u00edt\u00e9lt\u00e9k meg, hogy a k\u00e9pvisel\u0151h\u00e1z \u00e1ltal tavaly novemberben elfogadott, a k\u00f6z\u00e9p-eur\u00f3pai modern infrastrukt\u00fara ki\u00e9p\u00edt\u00e9s\u00e9re ir\u00e1nyul\u00f3 h\u00e1romportug\u00e1l kezdem\u00e9nyez\u00e9st t\u00e1mogat\u00f3 \u00e1ll\u00e1sfoglal\u00e1ssal kapcsolatban levelet kell k\u00fcldeni az amerikai k\u00e9pvisel\u0151h\u00e1znak. Javasolt\u00e1k, hogy a k\u00f6vetkez\u0151 h\u00e1romportug\u00e1l tal\u00e1lkoz\u00f3ra h\u00edvj\u00e1k meg az Egyes\u00fclt \u00c1llamok k\u00e9pvisel\u0151it, hogy er\u0151s\u00edts\u00e9k az amerikaiak r\u00e9szv\u00e9tel\u00e9t ebben a kezdem\u00e9nyez\u00e9sben.<\/p>\n\n\n\n<p>SM <\/p>\n\n\n\n<p><em>Fot\u00f3: Anna Strzy\u017cak\/Szejm Kancell\u00e1ria<\/em><\/p>\n\n\n\n<div class=\"wp-block-image\"><figure class=\"aligncenter size-large\"><a href=\"https:\/\/marekkuchcinski.pl\/wp-content\/uploads\/2021\/03\/AST_3071.jpg\"><img fetchpriority=\"high\" decoding=\"async\" width=\"1024\" height=\"683\" src=\"https:\/\/marekkuchcinski.pl\/wp-content\/uploads\/2021\/03\/AST_3071-1024x683.jpg\" alt=\"\" class=\"wp-image-22302\" srcset=\"https:\/\/marekkuchcinski.pl\/wp-content\/uploads\/2021\/03\/AST_3071-1024x683.jpg 1024w, https:\/\/marekkuchcinski.pl\/wp-content\/uploads\/2021\/03\/AST_3071-300x200.jpg 300w, https:\/\/marekkuchcinski.pl\/wp-content\/uploads\/2021\/03\/AST_3071-768x512.jpg 768w, https:\/\/marekkuchcinski.pl\/wp-content\/uploads\/2021\/03\/AST_3071-1536x1024.jpg 1536w, https:\/\/marekkuchcinski.pl\/wp-content\/uploads\/2021\/03\/AST_3071-16x12.jpg 16w, https:\/\/marekkuchcinski.pl\/wp-content\/uploads\/2021\/03\/AST_3071.jpg 1620w\" sizes=\"(max-width: 1024px) 100vw, 1024px\" \/><\/a><\/figure><\/div>\n\n\n\n<div class=\"wp-block-image\"><figure class=\"aligncenter size-large\"><a href=\"https:\/\/marekkuchcinski.pl\/wp-content\/uploads\/2021\/03\/AST_3119.jpg\"><img decoding=\"async\" width=\"1024\" height=\"683\" src=\"https:\/\/marekkuchcinski.pl\/wp-content\/uploads\/2021\/03\/AST_3119-1024x683.jpg\" alt=\"\" class=\"wp-image-22303\" srcset=\"https:\/\/marekkuchcinski.pl\/wp-content\/uploads\/2021\/03\/AST_3119-1024x683.jpg 1024w, https:\/\/marekkuchcinski.pl\/wp-content\/uploads\/2021\/03\/AST_3119-300x200.jpg 300w, https:\/\/marekkuchcinski.pl\/wp-content\/uploads\/2021\/03\/AST_3119-768x512.jpg 768w, https:\/\/marekkuchcinski.pl\/wp-content\/uploads\/2021\/03\/AST_3119-1536x1024.jpg 1536w, https:\/\/marekkuchcinski.pl\/wp-content\/uploads\/2021\/03\/AST_3119-16x12.jpg 16w, https:\/\/marekkuchcinski.pl\/wp-content\/uploads\/2021\/03\/AST_3119.jpg 1620w\" sizes=\"(max-width: 1024px) 100vw, 1024px\" \/><\/a><\/figure><\/div>\n\n\n\n<div class=\"wp-block-image\"><figure class=\"aligncenter size-large\"><a href=\"https:\/\/marekkuchcinski.pl\/wp-content\/uploads\/2021\/03\/AST_3125.jpg\"><img decoding=\"async\" width=\"1024\" height=\"683\" src=\"https:\/\/marekkuchcinski.pl\/wp-content\/uploads\/2021\/03\/AST_3125-1024x683.jpg\" alt=\"\" class=\"wp-image-22304\" srcset=\"https:\/\/marekkuchcinski.pl\/wp-content\/uploads\/2021\/03\/AST_3125-1024x683.jpg 1024w, https:\/\/marekkuchcinski.pl\/wp-content\/uploads\/2021\/03\/AST_3125-300x200.jpg 300w, https:\/\/marekkuchcinski.pl\/wp-content\/uploads\/2021\/03\/AST_3125-768x512.jpg 768w, https:\/\/marekkuchcinski.pl\/wp-content\/uploads\/2021\/03\/AST_3125-1536x1024.jpg 1536w, https:\/\/marekkuchcinski.pl\/wp-content\/uploads\/2021\/03\/AST_3125-16x12.jpg 16w, https:\/\/marekkuchcinski.pl\/wp-content\/uploads\/2021\/03\/AST_3125.jpg 1620w\" sizes=\"(max-width: 1024px) 100vw, 1024px\" \/><\/a><\/figure><\/div>\n\n\n\n<div class=\"wp-block-image\"><figure class=\"aligncenter size-large\"><a href=\"https:\/\/marekkuchcinski.pl\/wp-content\/uploads\/2021\/03\/AST_3140.jpg\"><img loading=\"lazy\" decoding=\"async\" width=\"1024\" height=\"683\" src=\"https:\/\/marekkuchcinski.pl\/wp-content\/uploads\/2021\/03\/AST_3140-1024x683.jpg\" alt=\"\" class=\"wp-image-22305\" srcset=\"https:\/\/marekkuchcinski.pl\/wp-content\/uploads\/2021\/03\/AST_3140-1024x683.jpg 1024w, https:\/\/marekkuchcinski.pl\/wp-content\/uploads\/2021\/03\/AST_3140-300x200.jpg 300w, https:\/\/marekkuchcinski.pl\/wp-content\/uploads\/2021\/03\/AST_3140-768x512.jpg 768w, https:\/\/marekkuchcinski.pl\/wp-content\/uploads\/2021\/03\/AST_3140-1536x1024.jpg 1536w, https:\/\/marekkuchcinski.pl\/wp-content\/uploads\/2021\/03\/AST_3140-16x12.jpg 16w, https:\/\/marekkuchcinski.pl\/wp-content\/uploads\/2021\/03\/AST_3140.jpg 1620w\" sizes=\"(max-width: 1024px) 100vw, 1024px\" \/><\/a><\/figure><\/div>","protected":false},"excerpt":{"rendered":"<p>29 marca br. odby\u0142o si\u0119 spotkanie przewodnicz\u0105cych Komisji Spraw Zagranicznych parlament\u00f3w pa\u0144stw Grupy Wyszehradzkiej oraz Ba\u0142tyckiej Tr\u00f3jki, podczas kt\u00f3rego om\u00f3wiono aktualny stan epidemiczny w regionie, wsp\u00f3\u0142prac\u0119 w ramach Inicjatywy Tr\u00f3jmorza, a tak\u017ce sytuacj\u0119 spo\u0142eczno-polityczn\u0105 na Bia\u0142orusi. W trakcie sesji po\u015bwi\u0119conej COVID-19 Przewodnicz\u0105cy Komisji Spraw Zagranicznych Marek Kuchci\u0144ski poinformowa\u0142, \u017ce podczas pierwszej fali pandemii Polska znalaz\u0142a [&hellip;]<\/p>","protected":false},"author":21,"featured_media":22301,"comment_status":"open","ping_status":"open","sticky":false,"template":"","format":"standard","meta":{"ngg_post_thumbnail":0,"footnotes":""},"categories":[50,3],"tags":[],"class_list":["post-22299","post","type-post","status-publish","format-standard","has-post-thumbnail","hentry","category-wspolpraca-miedzynarodowa","category-wydarzenia"],"yoast_head":"<!-- This site is optimized with the Yoast SEO plugin v24.7 - https:\/\/yoast.com\/wordpress\/plugins\/seo\/ -->\n<title>Spotkanie przewodnicz\u0105cych Komisji Spraw Zagranicznych pa\u0144stw Grupy Wyszehradzkiej i Ba\u0142tyckiej Tr\u00f3jki &#8211; Marek Kuchci\u0144ski<\/title>\n<meta name=\"robots\" content=\"index, follow, max-snippet:-1, max-image-preview:large, max-video-preview:-1\" \/>\n<link rel=\"canonical\" href=\"https:\/\/marekkuchcinski.pl\/hu\/wydarzenia\/spotkanie-przewodniczacych-komisji-spraw-zagranicznych-panstw-grupy-wyszehradzkiej-i-baltyckiej-trojki\/\" \/>\n<meta property=\"og:locale\" content=\"hu_HU\" \/>\n<meta property=\"og:type\" content=\"article\" \/>\n<meta property=\"og:title\" content=\"Spotkanie przewodnicz\u0105cych Komisji Spraw Zagranicznych pa\u0144stw Grupy Wyszehradzkiej i Ba\u0142tyckiej Tr\u00f3jki &#8211; Marek Kuchci\u0144ski\" \/>\n<meta property=\"og:description\" content=\"29 marca br. odby\u0142o si\u0119 spotkanie przewodnicz\u0105cych Komisji Spraw Zagranicznych parlament\u00f3w pa\u0144stw Grupy Wyszehradzkiej oraz Ba\u0142tyckiej Tr\u00f3jki, podczas kt\u00f3rego om\u00f3wiono aktualny stan epidemiczny w regionie, wsp\u00f3\u0142prac\u0119 w ramach Inicjatywy Tr\u00f3jmorza, a tak\u017ce sytuacj\u0119 spo\u0142eczno-polityczn\u0105 na Bia\u0142orusi. W trakcie sesji po\u015bwi\u0119conej COVID-19 Przewodnicz\u0105cy Komisji Spraw Zagranicznych Marek Kuchci\u0144ski poinformowa\u0142, \u017ce podczas pierwszej fali pandemii Polska znalaz\u0142a [&hellip;]\" \/>\n<meta property=\"og:url\" content=\"https:\/\/marekkuchcinski.pl\/hu\/wydarzenia\/spotkanie-przewodniczacych-komisji-spraw-zagranicznych-panstw-grupy-wyszehradzkiej-i-baltyckiej-trojki\/\" \/>\n<meta property=\"og:site_name\" content=\"Marek Kuchci\u0144ski\" \/>\n<meta property=\"article:published_time\" content=\"2021-03-31T09:03:00+00:00\" \/>\n<meta property=\"article:modified_time\" content=\"2021-03-31T13:22:48+00:00\" \/>\n<meta property=\"og:image\" content=\"https:\/\/marekkuchcinski.pl\/wp-content\/uploads\/2021\/03\/AST_3151.jpg\" \/>\n\t<meta property=\"og:image:width\" content=\"1620\" \/>\n\t<meta property=\"og:image:height\" content=\"1080\" \/>\n\t<meta property=\"og:image:type\" content=\"image\/jpeg\" \/>\n<meta name=\"author\" content=\"Marta Olejnik\" \/>\n<meta name=\"twitter:card\" content=\"summary_large_image\" \/>\n<meta name=\"twitter:label1\" content=\"Szerz\u0151:\" \/>\n\t<meta name=\"twitter:data1\" content=\"Marta Olejnik\" \/>\n\t<meta name=\"twitter:label2\" content=\"Becs\u00fclt olvas\u00e1si id\u0151\" \/>\n\t<meta name=\"twitter:data2\" content=\"4 perc\" \/>\n<script type=\"application\/ld+json\" class=\"yoast-schema-graph\">{\"@context\":\"https:\/\/schema.org\",\"@graph\":[{\"@type\":\"Article\",\"@id\":\"https:\/\/marekkuchcinski.pl\/ro\/wydarzenia\/spotkanie-przewodniczacych-komisji-spraw-zagranicznych-panstw-grupy-wyszehradzkiej-i-baltyckiej-trojki\/#article\",\"isPartOf\":{\"@id\":\"https:\/\/marekkuchcinski.pl\/ro\/wydarzenia\/spotkanie-przewodniczacych-komisji-spraw-zagranicznych-panstw-grupy-wyszehradzkiej-i-baltyckiej-trojki\/\"},\"author\":{\"name\":\"Marta Olejnik\",\"@id\":\"https:\/\/marekkuchcinski.pl\/#\/schema\/person\/51d5d4ee3b5317b8e4dd2b48af359229\"},\"headline\":\"Spotkanie przewodnicz\u0105cych Komisji Spraw Zagranicznych pa\u0144stw Grupy Wyszehradzkiej i Ba\u0142tyckiej Tr\u00f3jki\",\"datePublished\":\"2021-03-31T09:03:00+00:00\",\"dateModified\":\"2021-03-31T13:22:48+00:00\",\"mainEntityOfPage\":{\"@id\":\"https:\/\/marekkuchcinski.pl\/ro\/wydarzenia\/spotkanie-przewodniczacych-komisji-spraw-zagranicznych-panstw-grupy-wyszehradzkiej-i-baltyckiej-trojki\/\"},\"wordCount\":864,\"commentCount\":0,\"publisher\":{\"@id\":\"https:\/\/marekkuchcinski.pl\/#organization\"},\"image\":{\"@id\":\"https:\/\/marekkuchcinski.pl\/ro\/wydarzenia\/spotkanie-przewodniczacych-komisji-spraw-zagranicznych-panstw-grupy-wyszehradzkiej-i-baltyckiej-trojki\/#primaryimage\"},\"thumbnailUrl\":\"https:\/\/marekkuchcinski.pl\/wp-content\/uploads\/2021\/03\/AST_3151.jpg\",\"articleSection\":[\"Wsp\u00f3\u0142praca mi\u0119dzynarodowa\",\"Wydarzenia\"],\"inLanguage\":\"hu\",\"potentialAction\":[{\"@type\":\"CommentAction\",\"name\":\"Comment\",\"target\":[\"https:\/\/marekkuchcinski.pl\/ro\/wydarzenia\/spotkanie-przewodniczacych-komisji-spraw-zagranicznych-panstw-grupy-wyszehradzkiej-i-baltyckiej-trojki\/#respond\"]}]},{\"@type\":\"WebPage\",\"@id\":\"https:\/\/marekkuchcinski.pl\/ro\/wydarzenia\/spotkanie-przewodniczacych-komisji-spraw-zagranicznych-panstw-grupy-wyszehradzkiej-i-baltyckiej-trojki\/\",\"url\":\"https:\/\/marekkuchcinski.pl\/ro\/wydarzenia\/spotkanie-przewodniczacych-komisji-spraw-zagranicznych-panstw-grupy-wyszehradzkiej-i-baltyckiej-trojki\/\",\"name\":\"Spotkanie przewodnicz\u0105cych Komisji Spraw Zagranicznych pa\u0144stw Grupy Wyszehradzkiej i Ba\u0142tyckiej Tr\u00f3jki &#8211; Marek Kuchci\u0144ski\",\"isPartOf\":{\"@id\":\"https:\/\/marekkuchcinski.pl\/#website\"},\"primaryImageOfPage\":{\"@id\":\"https:\/\/marekkuchcinski.pl\/ro\/wydarzenia\/spotkanie-przewodniczacych-komisji-spraw-zagranicznych-panstw-grupy-wyszehradzkiej-i-baltyckiej-trojki\/#primaryimage\"},\"image\":{\"@id\":\"https:\/\/marekkuchcinski.pl\/ro\/wydarzenia\/spotkanie-przewodniczacych-komisji-spraw-zagranicznych-panstw-grupy-wyszehradzkiej-i-baltyckiej-trojki\/#primaryimage\"},\"thumbnailUrl\":\"https:\/\/marekkuchcinski.pl\/wp-content\/uploads\/2021\/03\/AST_3151.jpg\",\"datePublished\":\"2021-03-31T09:03:00+00:00\",\"dateModified\":\"2021-03-31T13:22:48+00:00\",\"breadcrumb\":{\"@id\":\"https:\/\/marekkuchcinski.pl\/ro\/wydarzenia\/spotkanie-przewodniczacych-komisji-spraw-zagranicznych-panstw-grupy-wyszehradzkiej-i-baltyckiej-trojki\/#breadcrumb\"},\"inLanguage\":\"hu\",\"potentialAction\":[{\"@type\":\"ReadAction\",\"target\":[\"https:\/\/marekkuchcinski.pl\/ro\/wydarzenia\/spotkanie-przewodniczacych-komisji-spraw-zagranicznych-panstw-grupy-wyszehradzkiej-i-baltyckiej-trojki\/\"]}]},{\"@type\":\"ImageObject\",\"inLanguage\":\"hu\",\"@id\":\"https:\/\/marekkuchcinski.pl\/ro\/wydarzenia\/spotkanie-przewodniczacych-komisji-spraw-zagranicznych-panstw-grupy-wyszehradzkiej-i-baltyckiej-trojki\/#primaryimage\",\"url\":\"https:\/\/marekkuchcinski.pl\/wp-content\/uploads\/2021\/03\/AST_3151.jpg\",\"contentUrl\":\"https:\/\/marekkuchcinski.pl\/wp-content\/uploads\/2021\/03\/AST_3151.jpg\",\"width\":1620,\"height\":1080},{\"@type\":\"BreadcrumbList\",\"@id\":\"https:\/\/marekkuchcinski.pl\/ro\/wydarzenia\/spotkanie-przewodniczacych-komisji-spraw-zagranicznych-panstw-grupy-wyszehradzkiej-i-baltyckiej-trojki\/#breadcrumb\",\"itemListElement\":[{\"@type\":\"ListItem\",\"position\":1,\"name\":\"Strona g\u0142\u00f3wna\",\"item\":\"https:\/\/marekkuchcinski.pl\/\"},{\"@type\":\"ListItem\",\"position\":2,\"name\":\"Spotkanie przewodnicz\u0105cych Komisji Spraw Zagranicznych pa\u0144stw Grupy Wyszehradzkiej i Ba\u0142tyckiej Tr\u00f3jki\"}]},{\"@type\":\"WebSite\",\"@id\":\"https:\/\/marekkuchcinski.pl\/#website\",\"url\":\"https:\/\/marekkuchcinski.pl\/\",\"name\":\"Marek Kuchci\u0144ski\",\"description\":\"Pose\u0142 na sejm RP &ndash; okr\u0119g nr 22\",\"publisher\":{\"@id\":\"https:\/\/marekkuchcinski.pl\/#organization\"},\"potentialAction\":[{\"@type\":\"SearchAction\",\"target\":{\"@type\":\"EntryPoint\",\"urlTemplate\":\"https:\/\/marekkuchcinski.pl\/?s={search_term_string}\"},\"query-input\":{\"@type\":\"PropertyValueSpecification\",\"valueRequired\":true,\"valueName\":\"search_term_string\"}}],\"inLanguage\":\"hu\"},{\"@type\":\"Organization\",\"@id\":\"https:\/\/marekkuchcinski.pl\/#organization\",\"name\":\"Marek Kuchci\u0144ski\",\"url\":\"https:\/\/marekkuchcinski.pl\/\",\"logo\":{\"@type\":\"ImageObject\",\"inLanguage\":\"hu\",\"@id\":\"https:\/\/marekkuchcinski.pl\/#\/schema\/logo\/image\/\",\"url\":\"https:\/\/marekkuchcinski.pl\/wp-content\/uploads\/2022\/09\/Marek.jpg\",\"contentUrl\":\"https:\/\/marekkuchcinski.pl\/wp-content\/uploads\/2022\/09\/Marek.jpg\",\"width\":1600,\"height\":971,\"caption\":\"Marek Kuchci\u0144ski\"},\"image\":{\"@id\":\"https:\/\/marekkuchcinski.pl\/#\/schema\/logo\/image\/\"}},{\"@type\":\"Person\",\"@id\":\"https:\/\/marekkuchcinski.pl\/#\/schema\/person\/51d5d4ee3b5317b8e4dd2b48af359229\",\"name\":\"Marta Olejnik\",\"image\":{\"@type\":\"ImageObject\",\"inLanguage\":\"hu\",\"@id\":\"https:\/\/marekkuchcinski.pl\/#\/schema\/person\/image\/\",\"url\":\"https:\/\/secure.gravatar.com\/avatar\/e39914b2aa6a48959e24d475b5dc9793?s=96&d=mm&r=g\",\"contentUrl\":\"https:\/\/secure.gravatar.com\/avatar\/e39914b2aa6a48959e24d475b5dc9793?s=96&d=mm&r=g\",\"caption\":\"Marta Olejnik\"},\"url\":\"https:\/\/marekkuchcinski.pl\/hu\/author\/marta\/\"}]}<\/script>\n<!-- \/ Yoast SEO plugin. -->","yoast_head_json":{"title":"Spotkanie przewodnicz\u0105cych Komisji Spraw Zagranicznych pa\u0144stw Grupy Wyszehradzkiej i Ba\u0142tyckiej Tr\u00f3jki &#8211; Marek Kuchci\u0144ski","robots":{"index":"index","follow":"follow","max-snippet":"max-snippet:-1","max-image-preview":"max-image-preview:large","max-video-preview":"max-video-preview:-1"},"canonical":"https:\/\/marekkuchcinski.pl\/hu\/wydarzenia\/spotkanie-przewodniczacych-komisji-spraw-zagranicznych-panstw-grupy-wyszehradzkiej-i-baltyckiej-trojki\/","og_locale":"hu_HU","og_type":"article","og_title":"Spotkanie przewodnicz\u0105cych Komisji Spraw Zagranicznych pa\u0144stw Grupy Wyszehradzkiej i Ba\u0142tyckiej Tr\u00f3jki &#8211; Marek Kuchci\u0144ski","og_description":"29 marca br. odby\u0142o si\u0119 spotkanie przewodnicz\u0105cych Komisji Spraw Zagranicznych parlament\u00f3w pa\u0144stw Grupy Wyszehradzkiej oraz Ba\u0142tyckiej Tr\u00f3jki, podczas kt\u00f3rego om\u00f3wiono aktualny stan epidemiczny w regionie, wsp\u00f3\u0142prac\u0119 w ramach Inicjatywy Tr\u00f3jmorza, a tak\u017ce sytuacj\u0119 spo\u0142eczno-polityczn\u0105 na Bia\u0142orusi. W trakcie sesji po\u015bwi\u0119conej COVID-19 Przewodnicz\u0105cy Komisji Spraw Zagranicznych Marek Kuchci\u0144ski poinformowa\u0142, \u017ce podczas pierwszej fali pandemii Polska znalaz\u0142a [&hellip;]","og_url":"https:\/\/marekkuchcinski.pl\/hu\/wydarzenia\/spotkanie-przewodniczacych-komisji-spraw-zagranicznych-panstw-grupy-wyszehradzkiej-i-baltyckiej-trojki\/","og_site_name":"Marek Kuchci\u0144ski","article_published_time":"2021-03-31T09:03:00+00:00","article_modified_time":"2021-03-31T13:22:48+00:00","og_image":[{"width":1620,"height":1080,"url":"https:\/\/marekkuchcinski.pl\/wp-content\/uploads\/2021\/03\/AST_3151.jpg","type":"image\/jpeg"}],"author":"Marta Olejnik","twitter_card":"summary_large_image","twitter_misc":{"Szerz\u0151:":"Marta Olejnik","Becs\u00fclt olvas\u00e1si id\u0151":"4 perc"},"schema":{"@context":"https:\/\/schema.org","@graph":[{"@type":"Article","@id":"https:\/\/marekkuchcinski.pl\/ro\/wydarzenia\/spotkanie-przewodniczacych-komisji-spraw-zagranicznych-panstw-grupy-wyszehradzkiej-i-baltyckiej-trojki\/#article","isPartOf":{"@id":"https:\/\/marekkuchcinski.pl\/ro\/wydarzenia\/spotkanie-przewodniczacych-komisji-spraw-zagranicznych-panstw-grupy-wyszehradzkiej-i-baltyckiej-trojki\/"},"author":{"name":"Marta Olejnik","@id":"https:\/\/marekkuchcinski.pl\/#\/schema\/person\/51d5d4ee3b5317b8e4dd2b48af359229"},"headline":"Spotkanie przewodnicz\u0105cych Komisji Spraw Zagranicznych pa\u0144stw Grupy Wyszehradzkiej i Ba\u0142tyckiej Tr\u00f3jki","datePublished":"2021-03-31T09:03:00+00:00","dateModified":"2021-03-31T13:22:48+00:00","mainEntityOfPage":{"@id":"https:\/\/marekkuchcinski.pl\/ro\/wydarzenia\/spotkanie-przewodniczacych-komisji-spraw-zagranicznych-panstw-grupy-wyszehradzkiej-i-baltyckiej-trojki\/"},"wordCount":864,"commentCount":0,"publisher":{"@id":"https:\/\/marekkuchcinski.pl\/#organization"},"image":{"@id":"https:\/\/marekkuchcinski.pl\/ro\/wydarzenia\/spotkanie-przewodniczacych-komisji-spraw-zagranicznych-panstw-grupy-wyszehradzkiej-i-baltyckiej-trojki\/#primaryimage"},"thumbnailUrl":"https:\/\/marekkuchcinski.pl\/wp-content\/uploads\/2021\/03\/AST_3151.jpg","articleSection":["Wsp\u00f3\u0142praca mi\u0119dzynarodowa","Wydarzenia"],"inLanguage":"hu","potentialAction":[{"@type":"CommentAction","name":"Comment","target":["https:\/\/marekkuchcinski.pl\/ro\/wydarzenia\/spotkanie-przewodniczacych-komisji-spraw-zagranicznych-panstw-grupy-wyszehradzkiej-i-baltyckiej-trojki\/#respond"]}]},{"@type":"WebPage","@id":"https:\/\/marekkuchcinski.pl\/ro\/wydarzenia\/spotkanie-przewodniczacych-komisji-spraw-zagranicznych-panstw-grupy-wyszehradzkiej-i-baltyckiej-trojki\/","url":"https:\/\/marekkuchcinski.pl\/ro\/wydarzenia\/spotkanie-przewodniczacych-komisji-spraw-zagranicznych-panstw-grupy-wyszehradzkiej-i-baltyckiej-trojki\/","name":"Spotkanie przewodnicz\u0105cych Komisji Spraw Zagranicznych pa\u0144stw Grupy Wyszehradzkiej i Ba\u0142tyckiej Tr\u00f3jki &#8211; Marek Kuchci\u0144ski","isPartOf":{"@id":"https:\/\/marekkuchcinski.pl\/#website"},"primaryImageOfPage":{"@id":"https:\/\/marekkuchcinski.pl\/ro\/wydarzenia\/spotkanie-przewodniczacych-komisji-spraw-zagranicznych-panstw-grupy-wyszehradzkiej-i-baltyckiej-trojki\/#primaryimage"},"image":{"@id":"https:\/\/marekkuchcinski.pl\/ro\/wydarzenia\/spotkanie-przewodniczacych-komisji-spraw-zagranicznych-panstw-grupy-wyszehradzkiej-i-baltyckiej-trojki\/#primaryimage"},"thumbnailUrl":"https:\/\/marekkuchcinski.pl\/wp-content\/uploads\/2021\/03\/AST_3151.jpg","datePublished":"2021-03-31T09:03:00+00:00","dateModified":"2021-03-31T13:22:48+00:00","breadcrumb":{"@id":"https:\/\/marekkuchcinski.pl\/ro\/wydarzenia\/spotkanie-przewodniczacych-komisji-spraw-zagranicznych-panstw-grupy-wyszehradzkiej-i-baltyckiej-trojki\/#breadcrumb"},"inLanguage":"hu","potentialAction":[{"@type":"ReadAction","target":["https:\/\/marekkuchcinski.pl\/ro\/wydarzenia\/spotkanie-przewodniczacych-komisji-spraw-zagranicznych-panstw-grupy-wyszehradzkiej-i-baltyckiej-trojki\/"]}]},{"@type":"ImageObject","inLanguage":"hu","@id":"https:\/\/marekkuchcinski.pl\/ro\/wydarzenia\/spotkanie-przewodniczacych-komisji-spraw-zagranicznych-panstw-grupy-wyszehradzkiej-i-baltyckiej-trojki\/#primaryimage","url":"https:\/\/marekkuchcinski.pl\/wp-content\/uploads\/2021\/03\/AST_3151.jpg","contentUrl":"https:\/\/marekkuchcinski.pl\/wp-content\/uploads\/2021\/03\/AST_3151.jpg","width":1620,"height":1080},{"@type":"BreadcrumbList","@id":"https:\/\/marekkuchcinski.pl\/ro\/wydarzenia\/spotkanie-przewodniczacych-komisji-spraw-zagranicznych-panstw-grupy-wyszehradzkiej-i-baltyckiej-trojki\/#breadcrumb","itemListElement":[{"@type":"ListItem","position":1,"name":"Strona g\u0142\u00f3wna","item":"https:\/\/marekkuchcinski.pl\/"},{"@type":"ListItem","position":2,"name":"Spotkanie przewodnicz\u0105cych Komisji Spraw Zagranicznych pa\u0144stw Grupy Wyszehradzkiej i Ba\u0142tyckiej Tr\u00f3jki"}]},{"@type":"WebSite","@id":"https:\/\/marekkuchcinski.pl\/#website","url":"https:\/\/marekkuchcinski.pl\/","name":"Marek Kuchci\u0144ski","description":"Pose\u0142 na sejm RP &ndash; okr\u0119g nr 22","publisher":{"@id":"https:\/\/marekkuchcinski.pl\/#organization"},"potentialAction":[{"@type":"SearchAction","target":{"@type":"EntryPoint","urlTemplate":"https:\/\/marekkuchcinski.pl\/?s={search_term_string}"},"query-input":{"@type":"PropertyValueSpecification","valueRequired":true,"valueName":"search_term_string"}}],"inLanguage":"hu"},{"@type":"Organization","@id":"https:\/\/marekkuchcinski.pl\/#organization","name":"Marek Kuchci\u0144ski","url":"https:\/\/marekkuchcinski.pl\/","logo":{"@type":"ImageObject","inLanguage":"hu","@id":"https:\/\/marekkuchcinski.pl\/#\/schema\/logo\/image\/","url":"https:\/\/marekkuchcinski.pl\/wp-content\/uploads\/2022\/09\/Marek.jpg","contentUrl":"https:\/\/marekkuchcinski.pl\/wp-content\/uploads\/2022\/09\/Marek.jpg","width":1600,"height":971,"caption":"Marek Kuchci\u0144ski"},"image":{"@id":"https:\/\/marekkuchcinski.pl\/#\/schema\/logo\/image\/"}},{"@type":"Person","@id":"https:\/\/marekkuchcinski.pl\/#\/schema\/person\/51d5d4ee3b5317b8e4dd2b48af359229","name":"Marta Olejnik","image":{"@type":"ImageObject","inLanguage":"hu","@id":"https:\/\/marekkuchcinski.pl\/#\/schema\/person\/image\/","url":"https:\/\/secure.gravatar.com\/avatar\/e39914b2aa6a48959e24d475b5dc9793?s=96&d=mm&r=g","contentUrl":"https:\/\/secure.gravatar.com\/avatar\/e39914b2aa6a48959e24d475b5dc9793?s=96&d=mm&r=g","caption":"Marta Olejnik"},"url":"https:\/\/marekkuchcinski.pl\/hu\/author\/marta\/"}]}},"_links":{"self":[{"href":"https:\/\/marekkuchcinski.pl\/hu\/wp-json\/wp\/v2\/posts\/22299","targetHints":{"allow":["GET"]}}],"collection":[{"href":"https:\/\/marekkuchcinski.pl\/hu\/wp-json\/wp\/v2\/posts"}],"about":[{"href":"https:\/\/marekkuchcinski.pl\/hu\/wp-json\/wp\/v2\/types\/post"}],"author":[{"embeddable":true,"href":"https:\/\/marekkuchcinski.pl\/hu\/wp-json\/wp\/v2\/users\/21"}],"replies":[{"embeddable":true,"href":"https:\/\/marekkuchcinski.pl\/hu\/wp-json\/wp\/v2\/comments?post=22299"}],"version-history":[{"count":4,"href":"https:\/\/marekkuchcinski.pl\/hu\/wp-json\/wp\/v2\/posts\/22299\/revisions"}],"predecessor-version":[{"id":22308,"href":"https:\/\/marekkuchcinski.pl\/hu\/wp-json\/wp\/v2\/posts\/22299\/revisions\/22308"}],"wp:featuredmedia":[{"embeddable":true,"href":"https:\/\/marekkuchcinski.pl\/hu\/wp-json\/wp\/v2\/media\/22301"}],"wp:attachment":[{"href":"https:\/\/marekkuchcinski.pl\/hu\/wp-json\/wp\/v2\/media?parent=22299"}],"wp:term":[{"taxonomy":"category","embeddable":true,"href":"https:\/\/marekkuchcinski.pl\/hu\/wp-json\/wp\/v2\/categories?post=22299"},{"taxonomy":"post_tag","embeddable":true,"href":"https:\/\/marekkuchcinski.pl\/hu\/wp-json\/wp\/v2\/tags?post=22299"}],"curies":[{"name":"wp","href":"https:\/\/api.w.org\/{rel}","templated":true}]}}