{"id":22221,"date":"2021-03-22T16:55:12","date_gmt":"2021-03-22T15:55:12","guid":{"rendered":"https:\/\/marekkuchcinski.pl\/?p=22221"},"modified":"2021-03-22T20:57:49","modified_gmt":"2021-03-22T19:57:49","slug":"karpaty-wodna-kraina","status":"publish","type":"post","link":"https:\/\/marekkuchcinski.pl\/hu\/wydarzenia\/karpaty-wodna-kraina\/","title":{"rendered":"Karpaty&#8230; wodna kraina"},"content":{"rendered":"\n<p class=\"wp-block-paragraph\">Woda jest dla Karpat na przemian: skarbem i zagro\u017ceniem. Ujarzmienie \u017cywio\u0142u to ju\u017c nie tylko utopia, ale i konieczno\u015b\u0107. Horyzont przes\u0142aniaj\u0105 nam imponuj\u0105ce g\u00f3ry, w dolinach t\u0119tni\u0105 potoki, a gdzie\u015b g\u0142\u0119boko pod ziemi\u0105 buzuj\u0105 wody mineralne i termalne. Te skarby stanowi\u0105 o z\u0142o\u017cono\u015bci karpackich bogactw i wyzwa\u0144.<\/p>\n\n\n\n<p class=\"wp-block-paragraph\"><strong>\u2013 W Karpatach wytwarzana jest woda pitna dla 2\/3 Polski (dorzecze Wis\u0142y), dlatego trzeba si\u0119 troszczy\u0107, o w\u0142a\u015bciw\u0105 gospodark\u0119 le\u015bn\u0105, kt\u00f3ra spowoduje, \u017ce lasy karpackie b\u0119d\u0105 zatrzymywa\u0107 wielokrotnie wi\u0119cej wody ani\u017celi obecnie. Trzeba odbudowa\u0107 to, co zosta\u0142o zniszczone w czasach komuny w ramach melioracji; rozwin\u0105\u0107 tzw. ma\u0142\u0105 retencj\u0119, umo\u017cliwiaj\u0105c\u0105 zatrzymywanie wody i spowalnianie jej sp\u0142ywu. To s\u0105 dzia\u0142ania w\u0142a\u015bciwe dla ochrony przyrody i naturalnej, korzystnej gospodarki cz\u0142owieka: niewielkie zbiorniki, oczka wodne, m\u0142yny, ma\u0142e groble, stawy, zachowanie mokrade\u0142, teren\u00f3w podmok\u0142ych, zadrzewienia, tzw. renaturyzacja strumieni i ma\u0142ych rzek \u2013 nale\u017cy rozwin\u0105\u0107 t\u0119 ma\u0142\u0105 retencj\u0119 w postaci tysi\u0119cy r\u00f3\u017cnych lokalnych ma\u0142ych inwestycji. Ju\u017c nied\u0142ugo woda pitna mo\u017ce sta\u0107 si\u0119 surowcem r\u00f3wnie cennym jak gaz czy ropa \u2013 m\u00f3wi Marek Kuchci\u0144ski, pomys\u0142odawca i organizator konferencji Europa Karpat.<\/strong><strong><\/strong><\/p>\n\n\n\n<p class=\"wp-block-paragraph\">Jednym z pierwszych miejsc na obecnej mapie Polski, jakie wy\u0142oni\u0142o si\u0119 z prehistorycznych m\u00f3rz, by\u0142y Karpaty. Po tamtych czasach nie pozosta\u0142y tu wielkie zbiorniki wodne, pr\u00f3\u017cno szuka\u0107 na mapie pot\u0119\u017cnych rzek. Patrz\u0105c na ten region, trudno uwierzy\u0107, \u017ce to \u201ewodny \u015bwiat&#8221;. A jednak to woda jest ogromnym bogactwem naturalnym Karpat. Bogactwem wci\u0105\u017c jeszcze niedostatecznie zagospodarowanym i wykorzystanym. Trzeba jednak pami\u0119ta\u0107, \u017ce g\u00f3ry zmieniaj\u0105 ten skarb w gro\u017any \u017cywio\u0142. To jego musimy ujarzmi\u0107 ze wzgl\u0119du na wymiar lokalny i globalny. Wymiar lokalny ma dwa oblicza. To najbardziej ponure przejawia si\u0119 powodziami i podtopieniami. Najwy\u017csze \u015brednioroczne opady [1] w Polsce wyst\u0119puj\u0105 w\u0142a\u015bnie w Karpatach. Ich destrukcyjna si\u0142a budzi groz\u0119, zmywaj\u0105c z powierzchni ziemi ca\u0142e gospodarstwa, niszcz\u0105c drogi, linie energetyczne, wyrz\u0105dzaj\u0105c szkody gospodarce. Drugie oblicze to tak\u017ce jest skrajno\u015b\u0107. Gdy Polska walczy z susz\u0105, w Karpatach odnotowuje si\u0119 najwy\u017csz\u0105 wilgotno\u015b\u0107 gleby w ca\u0142ym kraju. Pod ziemi\u0105 kryj\u0105 si\u0119 \u017ar\u00f3d\u0142a w\u00f3d mineralnych. Naturalne lub dowiercane stwierdzono w 150 podkarpackich miejscowo\u015bciach. Tylko niewielka cz\u0119\u015b\u0107 jest eksploatowana w uzdrowiskach. Lecznicze sk\u0142adniki mineralne znajduj\u0105 si\u0119 tak\u017ce w s\u0142ynnej borowinie. Geolodzy dodaj\u0105 do tego jeszcze wody termalne. Ich znaczenie dla gospodarki lokalnej nie jest niestety du\u017ce. Wci\u0105\u017c trwaj\u0105 badania nad bardziej efektywn\u0105 eksploatacj\u0105 i poszukiwania \u0142atwo dost\u0119pnych \u017ar\u00f3de\u0142. To jednak tak\u017ce jest potencjalny skarb ukryty pod ziemi\u0105.<\/p>\n\n\n\n<p class=\"wp-block-paragraph\">Przygl\u0105daj\u0105c si\u0119 temu wodnemu karpackiemu \u015bwiatu, trzeba odnale\u017a\u0107 szersz\u0105 perspektyw\u0119. Pozostanie przy wymiarze lokalnym by\u0142oby nie tylko uproszczeniem, ale i marnotrawstwem. Deszcz, ten o niezwyk\u0142ych rozmiarach w skali kraju, mo\u017cna pr\u00f3bowa\u0107 ujarzmi\u0107. Zbiorniki retencyjne to obecnie najwi\u0119ksze wyzwanie i szansa dla regionu i ca\u0142ej Polski. Maj\u0105 one kilka zalet. Jedn\u0105 z nich jest gromadzenie nadmiernych ilo\u015bci wody opadowej. W czasie gwa\u0142townych deszcz\u00f3w, tradycyjne odp\u0142ywy (strumienie, rzeki) i zbiorniki (stawy, jeziora) nie s\u0105 w stanie bezpiecznie odprowadza\u0107 nadmiaru wody. Rzeki i potoki nadmiernie wzbieraj\u0105, wylewaj\u0105c i niszcz\u0105c domy, gospodarstwa pola uprawne, infrastruktur\u0119 energetyczn\u0105, transportow\u0105. W retencjonowaniu wody zazwyczaj chodzi o magazynowanie w\u00f3d opadowych lub pochodz\u0105cych z roztop\u00f3w w miejscu ich powstawania. W ten spos\u00f3b ograniczany jest szybki odp\u0142yw wody po powierzchni terenu oraz z ma\u0142ych ciek\u00f3w. Za retencjonowanie w\u00f3d opadowych nie ponosi si\u0119 \u017cadnych op\u0142at. W Polsce wprowadzanych jest wiele program\u00f3w, kt\u00f3re s\u0105 subwencjonowane z bud\u017cetu centralnego lub samorz\u0105dowego oraz z dop\u0142at pochodz\u0105cych ze \u015brodk\u00f3w Unii Europejskiej. Tymczasem za pob\u00f3r w\u00f3d powierzchniowych i podziemnych coraz cz\u0119\u015bciej wprowadzane s\u0105 op\u0142aty. Wynika to m.in. z wymog\u00f3w Ramowej Dyrektywy Wodnej, podstawowego dokumentu Unii Europejskiej w zakresie gospodarowania zasobami wodnymi. Karpaty potrzebuj\u0105 wi\u0119c rozwoju tzw. ma\u0142ej retencji, jak i wielkich zbiornik\u00f3w. Przy czym warto te\u017c doda\u0107, \u017ce region ten jest r\u00f3wnie\u017c doskona\u0142ym miejscem do naturalnej retencji. Wod\u0119 zatrzymywa\u0107 mog\u0105 mokrad\u0142a, lasy czy tereny upraw rolniczych. Wszystko to ma te\u017c wymiar globalny. Karpaty mog\u0105 by\u0107 zbiornikiem, z kt\u00f3rego korzysta\u0107 b\u0119d\u0105 inne regiony.<\/p>\n\n\n\n<p class=\"wp-block-paragraph\">W niewielkim wymiarze wody Karpat ju\u017c obecnie s\u0142u\u017c\u0105 ca\u0142emu krajowi. Nie ma ju\u017c chyba sklepu nad Wis\u0142\u0105, w kt\u00f3rym nie by\u0142aby dost\u0119pna woda mineralna wydobywana z karpackich \u017ar\u00f3de\u0142 (Cisowianka, Muszynianka, Kryniczanka, Iwoniczanka, Ryman\u00f3w-Zdr\u00f3j). Turystyka to kolejna ga\u0142\u0105\u017a, kt\u00f3ra czerpie ze \u017ar\u00f3de\u0142 regionu. Bogactwo przyrodnicze to zas\u0142uga mi\u0119dzy innymi w\u00f3d stanowi\u0105cych dom dla chronionych gatunk\u00f3w zwierz\u0105t i ro\u015blin. Czy wi\u0119c wodny \u015bwiat Karpat ma szans\u0119, by zyska\u0107 godne miejsce w strategii rozwoju regionu i kraju? Wiele zmian ju\u017c trwa, inne czekaj\u0105 na realizacj\u0119 i zrozumienie.<\/p>\n\n\n\n<p class=\"wp-block-paragraph\">Europa Karpat jest jednym z tych miejsce, gdzie mog\u0105 \u015bciera\u0107 si\u0119 w\u0142a\u015bnie r\u00f3\u017cne spojrzenia na ten problem. Ma ona na celu integracj\u0119 gospodarczo-polityczn\u0105 regionu oraz ukazywanie znaczenia dziedzictwa przyrodniczo-kulturowego tej cz\u0119\u015bci Europy dla ca\u0142o\u015bci kontynentu i reszty \u015bwiata. Niew\u0105tpliwym atutem s\u0105 panele dyskusyjne, daj\u0105ce mo\u017cliwo\u015b\u0107 przeanalizowania kluczowych kwestii zwi\u0105zanych z zasobami w\u00f3d w Karpatach i ich racjonalnym zagospodarowaniem oraz ochron\u0105, warunkami przyrodniczymi kszta\u0142tuj\u0105cymi zasoby wodne Karpat, w tym znaczeniem biotop\u00f3w le\u015bnych w kszta\u0142towaniu retencji wodnej.<\/p>\n\n\n\n<p class=\"wp-block-paragraph\"><em>mo<\/em><\/p>\n\n\n\n<div class=\"wp-block-image\"><figure class=\"aligncenter size-large\"><a href=\"https:\/\/marekkuchcinski.pl\/wp-content\/uploads\/2021\/03\/PIXNIO-2330936-4032x3024-1-scaled.jpeg\"><img fetchpriority=\"high\" decoding=\"async\" width=\"1024\" height=\"768\" src=\"https:\/\/marekkuchcinski.pl\/wp-content\/uploads\/2021\/03\/PIXNIO-2330936-4032x3024-1-1024x768.jpeg\" alt=\"\" class=\"wp-image-22224\" srcset=\"https:\/\/marekkuchcinski.pl\/wp-content\/uploads\/2021\/03\/PIXNIO-2330936-4032x3024-1-1024x768.jpeg 1024w, https:\/\/marekkuchcinski.pl\/wp-content\/uploads\/2021\/03\/PIXNIO-2330936-4032x3024-1-300x225.jpeg 300w, https:\/\/marekkuchcinski.pl\/wp-content\/uploads\/2021\/03\/PIXNIO-2330936-4032x3024-1-768x576.jpeg 768w, https:\/\/marekkuchcinski.pl\/wp-content\/uploads\/2021\/03\/PIXNIO-2330936-4032x3024-1-1536x1152.jpeg 1536w, https:\/\/marekkuchcinski.pl\/wp-content\/uploads\/2021\/03\/PIXNIO-2330936-4032x3024-1-scaled.jpeg 2048w, https:\/\/marekkuchcinski.pl\/wp-content\/uploads\/2021\/03\/PIXNIO-2330936-4032x3024-1-16x12.jpeg 16w\" sizes=\"(max-width: 1024px) 100vw, 1024px\" \/><\/a><figcaption>fot. Maysam Yabandeh\/ PIXNIO<\/figcaption><\/figure><\/div>\n\n\n\n<figure class=\"wp-block-image size-large is-resized\"><a href=\"https:\/\/marekkuchcinski.pl\/wp-content\/uploads\/2021\/03\/Mz.jpg\"><img decoding=\"async\" src=\"https:\/\/marekkuchcinski.pl\/wp-content\/uploads\/2021\/03\/Mz.jpg\" alt=\"\" class=\"wp-image-22231\" width=\"843\" height=\"597\" srcset=\"https:\/\/marekkuchcinski.pl\/wp-content\/uploads\/2021\/03\/Mz.jpg 636w, https:\/\/marekkuchcinski.pl\/wp-content\/uploads\/2021\/03\/Mz-300x212.jpg 300w, https:\/\/marekkuchcinski.pl\/wp-content\/uploads\/2021\/03\/Mz-16x12.jpg 16w\" sizes=\"(max-width: 843px) 100vw, 843px\" \/><\/a><\/figure>\n\n\n\n<p class=\"wp-block-paragraph\">[1.] Prz. Geol., 49: 734\u2013742.<\/p>\n","protected":false},"excerpt":{"rendered":"<p>Woda jest dla Karpat na przemian: skarbem i zagro\u017ceniem. Ujarzmienie \u017cywio\u0142u to ju\u017c nie tylko utopia, ale i konieczno\u015b\u0107. Horyzont przes\u0142aniaj\u0105 nam imponuj\u0105ce g\u00f3ry, w dolinach t\u0119tni\u0105 potoki, a gdzie\u015b g\u0142\u0119boko pod ziemi\u0105 buzuj\u0105 wody mineralne i termalne. Te skarby stanowi\u0105 o z\u0142o\u017cono\u015bci karpackich bogactw i wyzwa\u0144. \u2013 W Karpatach wytwarzana jest woda pitna dla [&hellip;]<\/p>\n","protected":false},"author":3,"featured_media":22224,"comment_status":"open","ping_status":"open","sticky":false,"template":"","format":"standard","meta":{"ngg_post_thumbnail":0,"footnotes":""},"categories":[78,49,3],"tags":[],"class_list":["post-22221","post","type-post","status-publish","format-standard","has-post-thumbnail","hentry","category-europa-karpat","category-podkarpacie","category-wydarzenia"],"yoast_head":"<!-- This site is optimized with the Yoast SEO plugin v28.4 - https:\/\/yoast.com\/product\/yoast-seo-wordpress\/ -->\n<title>Karpaty... wodna kraina &#8211; Marek Kuchci\u0144ski<\/title>\n<meta name=\"robots\" content=\"index, follow, max-snippet:-1, max-image-preview:large, max-video-preview:-1\" \/>\n<link rel=\"canonical\" href=\"https:\/\/marekkuchcinski.pl\/hu\/wydarzenia\/karpaty-wodna-kraina\/\" \/>\n<meta property=\"og:locale\" content=\"hu_HU\" \/>\n<meta property=\"og:type\" content=\"article\" \/>\n<meta property=\"og:title\" content=\"Karpaty... wodna kraina &#8211; Marek Kuchci\u0144ski\" \/>\n<meta property=\"og:description\" content=\"Woda jest dla Karpat na przemian: skarbem i zagro\u017ceniem. Ujarzmienie \u017cywio\u0142u to ju\u017c nie tylko utopia, ale i konieczno\u015b\u0107. Horyzont przes\u0142aniaj\u0105 nam imponuj\u0105ce g\u00f3ry, w dolinach t\u0119tni\u0105 potoki, a gdzie\u015b g\u0142\u0119boko pod ziemi\u0105 buzuj\u0105 wody mineralne i termalne. Te skarby stanowi\u0105 o z\u0142o\u017cono\u015bci karpackich bogactw i wyzwa\u0144. \u2013 W Karpatach wytwarzana jest woda pitna dla [&hellip;]\" \/>\n<meta property=\"og:url\" content=\"https:\/\/marekkuchcinski.pl\/hu\/wydarzenia\/karpaty-wodna-kraina\/\" \/>\n<meta property=\"og:site_name\" content=\"Marek Kuchci\u0144ski\" \/>\n<meta property=\"article:published_time\" content=\"2021-03-22T15:55:12+00:00\" \/>\n<meta property=\"article:modified_time\" content=\"2021-03-22T19:57:49+00:00\" \/>\n<meta property=\"og:image\" content=\"https:\/\/marekkuchcinski.pl\/wp-content\/uploads\/2021\/03\/PIXNIO-2330936-4032x3024-1-scaled.jpeg\" \/>\n\t<meta property=\"og:image:width\" content=\"2048\" \/>\n\t<meta property=\"og:image:height\" content=\"1536\" \/>\n\t<meta property=\"og:image:type\" content=\"image\/jpeg\" \/>\n<meta name=\"author\" content=\"Marta Olejnik\" \/>\n<meta name=\"twitter:card\" content=\"summary_large_image\" \/>\n<meta name=\"twitter:label1\" content=\"Written by\" \/>\n\t<meta name=\"twitter:data1\" content=\"Marta Olejnik\" \/>\n\t<meta name=\"twitter:label2\" content=\"Est. reading time\" \/>\n\t<meta name=\"twitter:data2\" content=\"4 minutes\" \/>\n<script type=\"application\/ld+json\" class=\"yoast-schema-graph\">{\"@context\":\"https:\\\/\\\/schema.org\",\"@graph\":[{\"@type\":\"Article\",\"@id\":\"https:\\\/\\\/marekkuchcinski.pl\\\/wydarzenia\\\/karpaty-wodna-kraina\\\/#article\",\"isPartOf\":{\"@id\":\"https:\\\/\\\/marekkuchcinski.pl\\\/wydarzenia\\\/karpaty-wodna-kraina\\\/\"},\"author\":{\"name\":\"Marta Olejnik\",\"@id\":\"https:\\\/\\\/marekkuchcinski.pl\\\/#\\\/schema\\\/person\\\/bd3f15dee67fee76e83c8350d0154101\"},\"headline\":\"Karpaty&#8230; wodna kraina\",\"datePublished\":\"2021-03-22T15:55:12+00:00\",\"dateModified\":\"2021-03-22T19:57:49+00:00\",\"mainEntityOfPage\":{\"@id\":\"https:\\\/\\\/marekkuchcinski.pl\\\/wydarzenia\\\/karpaty-wodna-kraina\\\/\"},\"wordCount\":933,\"commentCount\":0,\"publisher\":{\"@id\":\"https:\\\/\\\/marekkuchcinski.pl\\\/#organization\"},\"image\":{\"@id\":\"https:\\\/\\\/marekkuchcinski.pl\\\/wydarzenia\\\/karpaty-wodna-kraina\\\/#primaryimage\"},\"thumbnailUrl\":\"https:\\\/\\\/marekkuchcinski.pl\\\/wp-content\\\/uploads\\\/2021\\\/03\\\/PIXNIO-2330936-4032x3024-1-scaled.jpeg\",\"articleSection\":[\"Europa Karpat\",\"Podkarpacie\",\"Wydarzenia\"],\"inLanguage\":\"hu-HU\",\"potentialAction\":[{\"@type\":\"CommentAction\",\"name\":\"Comment\",\"target\":[\"https:\\\/\\\/marekkuchcinski.pl\\\/wydarzenia\\\/karpaty-wodna-kraina\\\/#respond\"]}]},{\"@type\":\"WebPage\",\"@id\":\"https:\\\/\\\/marekkuchcinski.pl\\\/wydarzenia\\\/karpaty-wodna-kraina\\\/\",\"url\":\"https:\\\/\\\/marekkuchcinski.pl\\\/wydarzenia\\\/karpaty-wodna-kraina\\\/\",\"name\":\"Karpaty... wodna kraina &#8211; Marek Kuchci\u0144ski\",\"isPartOf\":{\"@id\":\"https:\\\/\\\/marekkuchcinski.pl\\\/#website\"},\"primaryImageOfPage\":{\"@id\":\"https:\\\/\\\/marekkuchcinski.pl\\\/wydarzenia\\\/karpaty-wodna-kraina\\\/#primaryimage\"},\"image\":{\"@id\":\"https:\\\/\\\/marekkuchcinski.pl\\\/wydarzenia\\\/karpaty-wodna-kraina\\\/#primaryimage\"},\"thumbnailUrl\":\"https:\\\/\\\/marekkuchcinski.pl\\\/wp-content\\\/uploads\\\/2021\\\/03\\\/PIXNIO-2330936-4032x3024-1-scaled.jpeg\",\"datePublished\":\"2021-03-22T15:55:12+00:00\",\"dateModified\":\"2021-03-22T19:57:49+00:00\",\"breadcrumb\":{\"@id\":\"https:\\\/\\\/marekkuchcinski.pl\\\/wydarzenia\\\/karpaty-wodna-kraina\\\/#breadcrumb\"},\"inLanguage\":\"hu-HU\",\"potentialAction\":[{\"@type\":\"ReadAction\",\"target\":[\"https:\\\/\\\/marekkuchcinski.pl\\\/wydarzenia\\\/karpaty-wodna-kraina\\\/\"]}]},{\"@type\":\"ImageObject\",\"inLanguage\":\"hu-HU\",\"@id\":\"https:\\\/\\\/marekkuchcinski.pl\\\/wydarzenia\\\/karpaty-wodna-kraina\\\/#primaryimage\",\"url\":\"https:\\\/\\\/marekkuchcinski.pl\\\/wp-content\\\/uploads\\\/2021\\\/03\\\/PIXNIO-2330936-4032x3024-1-scaled.jpeg\",\"contentUrl\":\"https:\\\/\\\/marekkuchcinski.pl\\\/wp-content\\\/uploads\\\/2021\\\/03\\\/PIXNIO-2330936-4032x3024-1-scaled.jpeg\",\"width\":2048,\"height\":1536},{\"@type\":\"BreadcrumbList\",\"@id\":\"https:\\\/\\\/marekkuchcinski.pl\\\/wydarzenia\\\/karpaty-wodna-kraina\\\/#breadcrumb\",\"itemListElement\":[{\"@type\":\"ListItem\",\"position\":1,\"name\":\"Strona g\u0142\u00f3wna\",\"item\":\"https:\\\/\\\/marekkuchcinski.pl\\\/\"},{\"@type\":\"ListItem\",\"position\":2,\"name\":\"Karpaty&#8230; wodna kraina\"}]},{\"@type\":\"WebSite\",\"@id\":\"https:\\\/\\\/marekkuchcinski.pl\\\/#website\",\"url\":\"https:\\\/\\\/marekkuchcinski.pl\\\/\",\"name\":\"Marek Kuchci\u0144ski\",\"description\":\"Marek Kuchci\u0144ski \",\"publisher\":{\"@id\":\"https:\\\/\\\/marekkuchcinski.pl\\\/#organization\"},\"potentialAction\":[{\"@type\":\"SearchAction\",\"target\":{\"@type\":\"EntryPoint\",\"urlTemplate\":\"https:\\\/\\\/marekkuchcinski.pl\\\/?s={search_term_string}\"},\"query-input\":{\"@type\":\"PropertyValueSpecification\",\"valueRequired\":true,\"valueName\":\"search_term_string\"}}],\"inLanguage\":\"hu-HU\"},{\"@type\":\"Organization\",\"@id\":\"https:\\\/\\\/marekkuchcinski.pl\\\/#organization\",\"name\":\"Marek Kuchci\u0144ski\",\"url\":\"https:\\\/\\\/marekkuchcinski.pl\\\/\",\"logo\":{\"@type\":\"ImageObject\",\"inLanguage\":\"hu-HU\",\"@id\":\"https:\\\/\\\/marekkuchcinski.pl\\\/#\\\/schema\\\/logo\\\/image\\\/\",\"url\":\"https:\\\/\\\/marekkuchcinski.pl\\\/wp-content\\\/uploads\\\/2022\\\/09\\\/Marek.jpg\",\"contentUrl\":\"https:\\\/\\\/marekkuchcinski.pl\\\/wp-content\\\/uploads\\\/2022\\\/09\\\/Marek.jpg\",\"width\":1600,\"height\":971,\"caption\":\"Marek Kuchci\u0144ski\"},\"image\":{\"@id\":\"https:\\\/\\\/marekkuchcinski.pl\\\/#\\\/schema\\\/logo\\\/image\\\/\"}},{\"@type\":\"Person\",\"@id\":\"https:\\\/\\\/marekkuchcinski.pl\\\/#\\\/schema\\\/person\\\/bd3f15dee67fee76e83c8350d0154101\",\"name\":\"Marta Olejnik\",\"image\":{\"@type\":\"ImageObject\",\"inLanguage\":\"hu-HU\",\"@id\":\"https:\\\/\\\/secure.gravatar.com\\\/avatar\\\/24754edd6080383402e292374b406b553027d572e97d60e7aa89a6940e88659a?s=96&d=mm&r=g\",\"url\":\"https:\\\/\\\/secure.gravatar.com\\\/avatar\\\/24754edd6080383402e292374b406b553027d572e97d60e7aa89a6940e88659a?s=96&d=mm&r=g\",\"contentUrl\":\"https:\\\/\\\/secure.gravatar.com\\\/avatar\\\/24754edd6080383402e292374b406b553027d572e97d60e7aa89a6940e88659a?s=96&d=mm&r=g\",\"caption\":\"Marta Olejnik\"},\"url\":\"https:\\\/\\\/marekkuchcinski.pl\\\/hu\\\/author\\\/marta\\\/\"}]}<\/script>\n<!-- \/ Yoast SEO plugin. -->","yoast_head_json":{"title":"Karpaty... wodna kraina &#8211; Marek Kuchci\u0144ski","robots":{"index":"index","follow":"follow","max-snippet":"max-snippet:-1","max-image-preview":"max-image-preview:large","max-video-preview":"max-video-preview:-1"},"canonical":"https:\/\/marekkuchcinski.pl\/hu\/wydarzenia\/karpaty-wodna-kraina\/","og_locale":"hu_HU","og_type":"article","og_title":"Karpaty... wodna kraina &#8211; Marek Kuchci\u0144ski","og_description":"Woda jest dla Karpat na przemian: skarbem i zagro\u017ceniem. Ujarzmienie \u017cywio\u0142u to ju\u017c nie tylko utopia, ale i konieczno\u015b\u0107. Horyzont przes\u0142aniaj\u0105 nam imponuj\u0105ce g\u00f3ry, w dolinach t\u0119tni\u0105 potoki, a gdzie\u015b g\u0142\u0119boko pod ziemi\u0105 buzuj\u0105 wody mineralne i termalne. Te skarby stanowi\u0105 o z\u0142o\u017cono\u015bci karpackich bogactw i wyzwa\u0144. \u2013 W Karpatach wytwarzana jest woda pitna dla [&hellip;]","og_url":"https:\/\/marekkuchcinski.pl\/hu\/wydarzenia\/karpaty-wodna-kraina\/","og_site_name":"Marek Kuchci\u0144ski","article_published_time":"2021-03-22T15:55:12+00:00","article_modified_time":"2021-03-22T19:57:49+00:00","og_image":[{"width":2048,"height":1536,"url":"https:\/\/marekkuchcinski.pl\/wp-content\/uploads\/2021\/03\/PIXNIO-2330936-4032x3024-1-scaled.jpeg","type":"image\/jpeg"}],"author":"Marta Olejnik","twitter_card":"summary_large_image","twitter_misc":{"Written by":"Marta Olejnik","Est. reading time":"4 minutes"},"schema":{"@context":"https:\/\/schema.org","@graph":[{"@type":"Article","@id":"https:\/\/marekkuchcinski.pl\/wydarzenia\/karpaty-wodna-kraina\/#article","isPartOf":{"@id":"https:\/\/marekkuchcinski.pl\/wydarzenia\/karpaty-wodna-kraina\/"},"author":{"name":"Marta Olejnik","@id":"https:\/\/marekkuchcinski.pl\/#\/schema\/person\/bd3f15dee67fee76e83c8350d0154101"},"headline":"Karpaty&#8230; wodna kraina","datePublished":"2021-03-22T15:55:12+00:00","dateModified":"2021-03-22T19:57:49+00:00","mainEntityOfPage":{"@id":"https:\/\/marekkuchcinski.pl\/wydarzenia\/karpaty-wodna-kraina\/"},"wordCount":933,"commentCount":0,"publisher":{"@id":"https:\/\/marekkuchcinski.pl\/#organization"},"image":{"@id":"https:\/\/marekkuchcinski.pl\/wydarzenia\/karpaty-wodna-kraina\/#primaryimage"},"thumbnailUrl":"https:\/\/marekkuchcinski.pl\/wp-content\/uploads\/2021\/03\/PIXNIO-2330936-4032x3024-1-scaled.jpeg","articleSection":["Europa Karpat","Podkarpacie","Wydarzenia"],"inLanguage":"hu-HU","potentialAction":[{"@type":"CommentAction","name":"Comment","target":["https:\/\/marekkuchcinski.pl\/wydarzenia\/karpaty-wodna-kraina\/#respond"]}]},{"@type":"WebPage","@id":"https:\/\/marekkuchcinski.pl\/wydarzenia\/karpaty-wodna-kraina\/","url":"https:\/\/marekkuchcinski.pl\/wydarzenia\/karpaty-wodna-kraina\/","name":"Karpaty... wodna kraina &#8211; Marek Kuchci\u0144ski","isPartOf":{"@id":"https:\/\/marekkuchcinski.pl\/#website"},"primaryImageOfPage":{"@id":"https:\/\/marekkuchcinski.pl\/wydarzenia\/karpaty-wodna-kraina\/#primaryimage"},"image":{"@id":"https:\/\/marekkuchcinski.pl\/wydarzenia\/karpaty-wodna-kraina\/#primaryimage"},"thumbnailUrl":"https:\/\/marekkuchcinski.pl\/wp-content\/uploads\/2021\/03\/PIXNIO-2330936-4032x3024-1-scaled.jpeg","datePublished":"2021-03-22T15:55:12+00:00","dateModified":"2021-03-22T19:57:49+00:00","breadcrumb":{"@id":"https:\/\/marekkuchcinski.pl\/wydarzenia\/karpaty-wodna-kraina\/#breadcrumb"},"inLanguage":"hu-HU","potentialAction":[{"@type":"ReadAction","target":["https:\/\/marekkuchcinski.pl\/wydarzenia\/karpaty-wodna-kraina\/"]}]},{"@type":"ImageObject","inLanguage":"hu-HU","@id":"https:\/\/marekkuchcinski.pl\/wydarzenia\/karpaty-wodna-kraina\/#primaryimage","url":"https:\/\/marekkuchcinski.pl\/wp-content\/uploads\/2021\/03\/PIXNIO-2330936-4032x3024-1-scaled.jpeg","contentUrl":"https:\/\/marekkuchcinski.pl\/wp-content\/uploads\/2021\/03\/PIXNIO-2330936-4032x3024-1-scaled.jpeg","width":2048,"height":1536},{"@type":"BreadcrumbList","@id":"https:\/\/marekkuchcinski.pl\/wydarzenia\/karpaty-wodna-kraina\/#breadcrumb","itemListElement":[{"@type":"ListItem","position":1,"name":"Strona g\u0142\u00f3wna","item":"https:\/\/marekkuchcinski.pl\/"},{"@type":"ListItem","position":2,"name":"Karpaty&#8230; wodna kraina"}]},{"@type":"WebSite","@id":"https:\/\/marekkuchcinski.pl\/#website","url":"https:\/\/marekkuchcinski.pl\/","name":"Marek Kuchci\u0144ski","description":"Marek Kuchci\u0144ski","publisher":{"@id":"https:\/\/marekkuchcinski.pl\/#organization"},"potentialAction":[{"@type":"SearchAction","target":{"@type":"EntryPoint","urlTemplate":"https:\/\/marekkuchcinski.pl\/?s={search_term_string}"},"query-input":{"@type":"PropertyValueSpecification","valueRequired":true,"valueName":"search_term_string"}}],"inLanguage":"hu-HU"},{"@type":"Organization","@id":"https:\/\/marekkuchcinski.pl\/#organization","name":"Marek Kuchci\u0144ski","url":"https:\/\/marekkuchcinski.pl\/","logo":{"@type":"ImageObject","inLanguage":"hu-HU","@id":"https:\/\/marekkuchcinski.pl\/#\/schema\/logo\/image\/","url":"https:\/\/marekkuchcinski.pl\/wp-content\/uploads\/2022\/09\/Marek.jpg","contentUrl":"https:\/\/marekkuchcinski.pl\/wp-content\/uploads\/2022\/09\/Marek.jpg","width":1600,"height":971,"caption":"Marek Kuchci\u0144ski"},"image":{"@id":"https:\/\/marekkuchcinski.pl\/#\/schema\/logo\/image\/"}},{"@type":"Person","@id":"https:\/\/marekkuchcinski.pl\/#\/schema\/person\/bd3f15dee67fee76e83c8350d0154101","name":"Marta Olejnik","image":{"@type":"ImageObject","inLanguage":"hu-HU","@id":"https:\/\/secure.gravatar.com\/avatar\/24754edd6080383402e292374b406b553027d572e97d60e7aa89a6940e88659a?s=96&d=mm&r=g","url":"https:\/\/secure.gravatar.com\/avatar\/24754edd6080383402e292374b406b553027d572e97d60e7aa89a6940e88659a?s=96&d=mm&r=g","contentUrl":"https:\/\/secure.gravatar.com\/avatar\/24754edd6080383402e292374b406b553027d572e97d60e7aa89a6940e88659a?s=96&d=mm&r=g","caption":"Marta Olejnik"},"url":"https:\/\/marekkuchcinski.pl\/hu\/author\/marta\/"}]}},"_links":{"self":[{"href":"https:\/\/marekkuchcinski.pl\/hu\/wp-json\/wp\/v2\/posts\/22221","targetHints":{"allow":["GET"]}}],"collection":[{"href":"https:\/\/marekkuchcinski.pl\/hu\/wp-json\/wp\/v2\/posts"}],"about":[{"href":"https:\/\/marekkuchcinski.pl\/hu\/wp-json\/wp\/v2\/types\/post"}],"author":[{"embeddable":true,"href":"https:\/\/marekkuchcinski.pl\/hu\/wp-json\/wp\/v2\/users\/3"}],"replies":[{"embeddable":true,"href":"https:\/\/marekkuchcinski.pl\/hu\/wp-json\/wp\/v2\/comments?post=22221"}],"version-history":[{"count":6,"href":"https:\/\/marekkuchcinski.pl\/hu\/wp-json\/wp\/v2\/posts\/22221\/revisions"}],"predecessor-version":[{"id":22232,"href":"https:\/\/marekkuchcinski.pl\/hu\/wp-json\/wp\/v2\/posts\/22221\/revisions\/22232"}],"wp:featuredmedia":[{"embeddable":true,"href":"https:\/\/marekkuchcinski.pl\/hu\/wp-json\/wp\/v2\/media\/22224"}],"wp:attachment":[{"href":"https:\/\/marekkuchcinski.pl\/hu\/wp-json\/wp\/v2\/media?parent=22221"}],"wp:term":[{"taxonomy":"category","embeddable":true,"href":"https:\/\/marekkuchcinski.pl\/hu\/wp-json\/wp\/v2\/categories?post=22221"},{"taxonomy":"post_tag","embeddable":true,"href":"https:\/\/marekkuchcinski.pl\/hu\/wp-json\/wp\/v2\/tags?post=22221"}],"curies":[{"name":"wp","href":"https:\/\/api.w.org\/{rel}","templated":true}]}}