{"id":21308,"date":"2021-01-11T17:50:41","date_gmt":"2021-01-11T16:50:41","guid":{"rendered":"https:\/\/marekkuchcinski.pl\/?p=21308"},"modified":"2021-01-16T15:43:13","modified_gmt":"2021-01-16T14:43:13","slug":"wiadomosci-z-europy-i-swiata-11-stycznia-2021","status":"publish","type":"post","link":"https:\/\/marekkuchcinski.pl\/hu\/europa\/wiadomosci-z-europy-i-swiata-11-stycznia-2021\/","title":{"rendered":"H\u00edrek Eur\u00f3p\u00e1b\u00f3l \u00e9s a vil\u00e1gb\u00f3l, 2021. janu\u00e1r 11."},"content":{"rendered":"<div class=\"wp-block-image\"><figure class=\"aligncenter size-large is-resized\"><a href=\"https:\/\/marekkuchcinski.pl\/wp-content\/uploads\/2021\/01\/cf1f077a911c3f077bef2e6ad1677e47.jpg\"><img fetchpriority=\"high\" decoding=\"async\" src=\"https:\/\/marekkuchcinski.pl\/wp-content\/uploads\/2021\/01\/cf1f077a911c3f077bef2e6ad1677e47.jpg\" alt=\"\" class=\"wp-image-21337\" width=\"787\" height=\"425\" srcset=\"https:\/\/marekkuchcinski.pl\/wp-content\/uploads\/2021\/01\/cf1f077a911c3f077bef2e6ad1677e47.jpg 726w, https:\/\/marekkuchcinski.pl\/wp-content\/uploads\/2021\/01\/cf1f077a911c3f077bef2e6ad1677e47-300x162.jpg 300w, https:\/\/marekkuchcinski.pl\/wp-content\/uploads\/2021\/01\/cf1f077a911c3f077bef2e6ad1677e47-16x9.jpg 16w\" sizes=\"(max-width: 787px) 100vw, 787px\" \/><\/a><\/figure><\/div>\n\n\n\n<p class=\"has-large-font-size\"><strong>Nyugat-Eur\u00f3pa<\/strong><\/p>\n\n\n\n<p><strong>Ausztria: <\/strong>Christine Aschbacher (\u00d6VP) osztr\u00e1k munka- \u00e9s csal\u00e1d\u00fcgyi miniszter bejelentette, hogy t\u00e1vozik a korm\u00e1nyb\u00f3l, mondv\u00e1n, hogy a \"m\u00e9dia \u00e9s a politikai elvt\u00e1rsak\" elhamarkodottan \u00edt\u00e9lkeztek felette. A volt munka\u00fcgyi minisztert mesterszakos diplomamunk\u00e1j\u00e1val kapcsolatban pl\u00e1giumv\u00e1dakkal v\u00e1dolt\u00e1k.<\/p>\n\n\n\n<p><strong>Belgium:<\/strong> \"Belgium tov\u00e1bbi t\u00edzmilli\u00f3 Pfizer-BioNTech koronav\u00edrus elleni vakcin\u00e1t fog k\u00e9rni\" - jelentette be Frank Vandenbroucke eg\u00e9szs\u00e9g\u00fcgyi miniszter a h\u00e9tv\u00e9g\u00e9n. Ugyanakkor m\u00e9g mindig nincs hivatalos adatb\u00e1zis az olt\u00e1si er\u0151fesz\u00edt\u00e9sekr\u0151l. \"Mi tisztess\u00e9ges r\u00e9szesed\u00e9st k\u00e9r\u00fcnk. Ha a Pfizer \u00f6sszesen 600 milli\u00f3 adagot sz\u00e1ll\u00edt Eur\u00f3p\u00e1nak, akkor a belg\u00e1knak 15 milli\u00f3 j\u00e1r\" - mondta Vandenbroucke a De Zevende Dag c\u00edm\u0171 flamand telev\u00edzi\u00f3s m\u0171sorban.<\/p>\n\n\n\n<p><strong>Franciaorsz\u00e1g:<\/strong> Az Egyes\u00fclt Kir\u00e1lys\u00e1gban nemr\u00e9giben felbukkant \u00faj koronav\u00edrusv\u00e1ltozattal kapcsolatban Olivier V\u00e9ran eg\u00e9szs\u00e9g\u00fcgyi miniszter azt mondta, hogy \"mindent megtesz\u00fcnk, amit csak tudunk, hogy megakad\u00e1lyozzuk ennek a mut\u00e1ci\u00f3nak a terjed\u00e9s\u00e9t\". Tov\u00e1bbi nyolc kelet-franciaorsz\u00e1gi megy\u00e9ben d\u00f6nt\u00f6ttek vas\u00e1rnap \u00fagy, hogy 18 \u00f3r\u00e1t\u00f3l meghosszabb\u00edtj\u00e1k a kij\u00e1r\u00e1si tilalmat. Eddig tizen\u00f6t megy\u00e9ben volt \u00e9rv\u00e9nyben.<\/p>\n\n\n\n<p><strong>\u00cdrorsz\u00e1g:<\/strong> \"A nemr\u00e9g felfedezett d\u00e9l-afrikai COVID-19 vari\u00e1ns kit\u00f6r\u00e9s\u00e9t siker\u00fclt megf\u00e9kezni\" - k\u00f6z\u00f6lt\u00e9k az \u00edr eg\u00e9szs\u00e9g\u00fcgyi tisztvisel\u0151k. Mindazon\u00e1ltal az el\u0151sz\u00f6r az Egyes\u00fclt Kir\u00e1lys\u00e1gban azonos\u00edtott COVID-19 mut\u00e1ci\u00f3 aggodalomra ad okot a hat\u00f3s\u00e1goknak.<\/p>\n\n\n\n<p><strong>N\u00e9metorsz\u00e1g:<\/strong> Wolfgang Sch\u00e4uble, a Bundestag eln\u00f6ke \u00fagy d\u00f6nt\u00f6tt, hogy n\u00f6veli a n\u00e9met parlament \u00e9p\u00fclet\u00e9nek biztons\u00e1g\u00e1t. A d\u00f6nt\u00e9s azut\u00e1n sz\u00fcletett, hogy a m\u00falt h\u00e9t v\u00e9g\u00e9n a t\u00f6rv\u00e9nyhoz\u00f3k a Capitol Hillen t\u00f6rt\u00e9nt zavarg\u00e1sokra v\u00e1laszul a Bundestag k\u00f6r\u00fcli fokozott biztons\u00e1gi int\u00e9zked\u00e9sekre sz\u00f3l\u00edtottak fel.<\/p>\n\n\n\n<p class=\"has-large-font-size\"><strong>Visegr\u00e1di Csoport<\/strong><\/p>\n\n\n\n<p><strong>Csehorsz\u00e1g: \"<\/strong>A Cseh K\u00f6zt\u00e1rsas\u00e1g h\u00e9tf\u0151n kapja meg a Moderna vakcina els\u0151 20 000 adagj\u00e1t\" - mondta Andrej Babi\u0161 minisztereln\u00f6k a cseh telev\u00edzi\u00f3nak. Az Eur\u00f3pai Gy\u00f3gyszer\u00fcgyn\u00f6ks\u00e9g (EMA) \u00e9s az Eur\u00f3pai Bizotts\u00e1g janu\u00e1r 6-\u00e1n hagyta j\u00f3v\u00e1 a Moderna vakcin\u00e1t, an\u00e9lk\u00fcl, hogy pontosan meghat\u00e1rozta volna, mikor kell megkezdeni a forgalmaz\u00e1st.<\/p>\n\n\n\n<p><strong>Szlov\u00e1kia: <\/strong>Milan Lu\u010dansk\u00fd volt rend\u0151rf\u0151n\u00f6k, akit december elej\u00e9n t\u00f6bbek k\u00f6z\u00f6tt a \"J\u00fad\u00e1s\" fed\u0151nev\u0171 rend\u0151rs\u00e9gi akci\u00f3val kapcsolatos korrupci\u00f3val v\u00e1doltak, december 29-\u00e9n \u00f6ngyilkoss\u00e1got k\u00eds\u00e9relt meg, mik\u00f6zben el\u0151zetes letart\u00f3ztat\u00e1sban volt. Egy nappal k\u00e9s\u0151bb meghalt a k\u00f3rh\u00e1zban. Milan Lu\u010dansk\u00fd a Smer-SD vezette korm\u00e1ny \u00e1talak\u00edt\u00e1sa sor\u00e1n, J\u00e1n Kuciak \u00e9s Martina Ku\u0161n\u00edrova \u00fajs\u00e1g\u00edr\u00f3k meggyilkol\u00e1sa ut\u00e1n ker\u00fclt a szlov\u00e1k rend\u0151rs\u00e9g \u00e9l\u00e9re.<\/p>\n\n\n\n<p><\/p>\n\n\n\n<p class=\"has-large-font-size\"><strong>Balk\u00e1n<\/strong><\/p>\n\n\n\n<p><strong>Bosznia-Hercegovina: <\/strong>Stefan Kaufmann (CDU) n\u00e9met EP-k\u00e9pvisel\u0151 gratul\u00e1lt a vitatott Szerb K\u00f6zt\u00e1rsas\u00e1g Napj\u00e1hoz, amelyet a boszniai szerbek janu\u00e1r 9-\u00e9n \u00fcnnepelnek a boszniai szerb k\u00f6zt\u00e1rsas\u00e1g 1992-es megalakul\u00e1s\u00e1nak napjak\u00e9nt. - annak ellen\u00e9re, hogy a bosznia-hercegovinai alkotm\u00e1nyb\u00edr\u00f3s\u00e1g alkotm\u00e1nyellenesnek nyilv\u00e1n\u00edtotta. A boszniai \u00e9les reakci\u00f3kat k\u00f6vet\u0151en Kaufmann a Twitteren bocs\u00e1natot k\u00e9rt, kifejtve, hogy \"nem volt tudat\u00e1ban a naphoz kapcsol\u00f3d\u00f3 negat\u00edv konnot\u00e1ci\u00f3knak\".<\/p>\n\n\n\n<p class=\"has-large-font-size\"><strong>\u00c9szak-Eur\u00f3pa<\/strong><\/p>\n\n\n\n<p><strong>Sv\u00e9dorsz\u00e1g: <\/strong>A sv\u00e9d parlament elfogadott egy t\u00f6rv\u00e9nyt, amely feljogos\u00edtja a korm\u00e1nyt arra, hogy szigor\u00edtsa a jelenlegi j\u00e1rv\u00e1ny elleni k\u00fczdelmet. A vas\u00e1rnap hat\u00e1lyba l\u00e9pett t\u00f6rv\u00e9ny lehet\u0151v\u00e9 teszi a korm\u00e1ny sz\u00e1m\u00e1ra, hogy korl\u00e1tozza az \u00fczletek nyitvatart\u00e1si idej\u00e9t \u00e9s a l\u00e1togat\u00f3k sz\u00e1m\u00e1t az \u00fczletekben, \u00e9ttermekben \u00e9s b\u00e1rokban, a t\u00f6megk\u00f6zleked\u00e9sben, valamint a sport- \u00e9s kultur\u00e1lis helysz\u00edneken.<\/p>\n\n\n\n<p>SM<\/p>","protected":false},"excerpt":{"rendered":"<p>Nyugat-Eur\u00f3pa Ausztria: Christine Aschbacher (\u00d6VP) osztr\u00e1k munka- \u00e9s csal\u00e1d\u00fcgyi miniszter bejelentette, hogy t\u00e1vozik a korm\u00e1nyb\u00f3l, mondv\u00e1n, hogy \"a m\u00e9dia \u00e9s a politikai elvt\u00e1rsak\" elhamarkodottan \u00edt\u00e9lt\u00e9k meg \u0151t. A volt munka\u00fcgyi minisztert mesterszakos diplomamunk\u00e1j\u00e1val kapcsolatban pl\u00e1giumv\u00e1dakkal v\u00e1dolt\u00e1k. Belgium: \"Belgium t\u00edzmilli\u00f3 tov\u00e1bbi Pfizer-BioNTech koronav\u00edrus elleni vakcin\u00e1t fog k\u00e9rni\" - jelentette be [...]<\/p>","protected":false},"author":17,"featured_media":21337,"comment_status":"open","ping_status":"open","sticky":false,"template":"","format":"standard","meta":{"ngg_post_thumbnail":0,"footnotes":""},"categories":[185,3],"tags":[],"class_list":["post-21308","post","type-post","status-publish","format-standard","has-post-thumbnail","hentry","category-europa","category-wydarzenia"],"yoast_head":"<!-- This site is optimized with the Yoast SEO plugin v24.7 - https:\/\/yoast.com\/wordpress\/plugins\/seo\/ -->\n<title>Wiadomo\u015bci z Europy i \u015bwiata, 11 stycznia 2021 &#8211; Marek Kuchci\u0144ski<\/title>\n<meta name=\"robots\" content=\"index, follow, max-snippet:-1, max-image-preview:large, max-video-preview:-1\" \/>\n<link rel=\"canonical\" href=\"https:\/\/marekkuchcinski.pl\/hu\/europa\/wiadomosci-z-europy-i-swiata-11-stycznia-2021\/\" \/>\n<meta property=\"og:locale\" content=\"hu_HU\" \/>\n<meta property=\"og:type\" content=\"article\" \/>\n<meta property=\"og:title\" content=\"Wiadomo\u015bci z Europy i \u015bwiata, 11 stycznia 2021 &#8211; Marek Kuchci\u0144ski\" \/>\n<meta property=\"og:description\" content=\"Europa Zachodnia Austria: Austriacka minister pracy i rodziny Christine Aschbacher (\u00d6VP) og\u0142osi\u0142a swoj\u0105 decyzj\u0119 o odej\u015bciu z rz\u0105du m\u00f3wi\u0105c, \u017ce \u201emedia i polityczni towarzysze\u201d os\u0105dzili j\u0105 przedwcze\u015bnie. By\u0142a minister pracy spotka\u0142a si\u0119 z zarzutami plagiatu w zwi\u0105zku ze swoj\u0105 prac\u0105 magistersk\u0105. Belgia: \u201eBelgia wyst\u0105pi o dziesi\u0119\u0107 milion\u00f3w dodatkowych szczepionek przeciwko koronawirusowi Pfizer-BioNTech\u201d &#8211; og\u0142osi\u0142 w [&hellip;]\" \/>\n<meta property=\"og:url\" content=\"https:\/\/marekkuchcinski.pl\/hu\/europa\/wiadomosci-z-europy-i-swiata-11-stycznia-2021\/\" \/>\n<meta property=\"og:site_name\" content=\"Marek Kuchci\u0144ski\" \/>\n<meta property=\"article:published_time\" content=\"2021-01-11T16:50:41+00:00\" \/>\n<meta property=\"article:modified_time\" content=\"2021-01-16T14:43:13+00:00\" \/>\n<meta property=\"og:image\" content=\"https:\/\/marekkuchcinski.pl\/wp-content\/uploads\/2021\/01\/cf1f077a911c3f077bef2e6ad1677e47.jpg\" \/>\n\t<meta property=\"og:image:width\" content=\"726\" \/>\n\t<meta property=\"og:image:height\" content=\"393\" \/>\n\t<meta property=\"og:image:type\" content=\"image\/jpeg\" \/>\n<meta name=\"author\" content=\"Tomasz \u0141acina\" \/>\n<meta name=\"twitter:card\" content=\"summary_large_image\" \/>\n<meta name=\"twitter:label1\" content=\"Szerz\u0151:\" \/>\n\t<meta name=\"twitter:data1\" content=\"Tomasz \u0141acina\" \/>\n\t<meta name=\"twitter:label2\" content=\"Becs\u00fclt olvas\u00e1si id\u0151\" \/>\n\t<meta name=\"twitter:data2\" content=\"3 perc\" \/>\n<script type=\"application\/ld+json\" class=\"yoast-schema-graph\">{\"@context\":\"https:\/\/schema.org\",\"@graph\":[{\"@type\":\"Article\",\"@id\":\"https:\/\/marekkuchcinski.pl\/europa\/wiadomosci-z-europy-i-swiata-11-stycznia-2021\/#article\",\"isPartOf\":{\"@id\":\"https:\/\/marekkuchcinski.pl\/europa\/wiadomosci-z-europy-i-swiata-11-stycznia-2021\/\"},\"author\":{\"name\":\"Tomasz \u0141acina\",\"@id\":\"https:\/\/marekkuchcinski.pl\/#\/schema\/person\/b8a29fe7813098f7be78801d029910a7\"},\"headline\":\"Wiadomo\u015bci z Europy i \u015bwiata, 11 stycznia 2021\",\"datePublished\":\"2021-01-11T16:50:41+00:00\",\"dateModified\":\"2021-01-16T14:43:13+00:00\",\"mainEntityOfPage\":{\"@id\":\"https:\/\/marekkuchcinski.pl\/europa\/wiadomosci-z-europy-i-swiata-11-stycznia-2021\/\"},\"wordCount\":517,\"commentCount\":0,\"publisher\":{\"@id\":\"https:\/\/marekkuchcinski.pl\/#organization\"},\"image\":{\"@id\":\"https:\/\/marekkuchcinski.pl\/europa\/wiadomosci-z-europy-i-swiata-11-stycznia-2021\/#primaryimage\"},\"thumbnailUrl\":\"https:\/\/marekkuchcinski.pl\/wp-content\/uploads\/2021\/01\/cf1f077a911c3f077bef2e6ad1677e47.jpg\",\"articleSection\":[\"Wie\u015bci z Europy i \u015awiata\",\"Wydarzenia\"],\"inLanguage\":\"hu\",\"potentialAction\":[{\"@type\":\"CommentAction\",\"name\":\"Comment\",\"target\":[\"https:\/\/marekkuchcinski.pl\/europa\/wiadomosci-z-europy-i-swiata-11-stycznia-2021\/#respond\"]}]},{\"@type\":\"WebPage\",\"@id\":\"https:\/\/marekkuchcinski.pl\/europa\/wiadomosci-z-europy-i-swiata-11-stycznia-2021\/\",\"url\":\"https:\/\/marekkuchcinski.pl\/europa\/wiadomosci-z-europy-i-swiata-11-stycznia-2021\/\",\"name\":\"Wiadomo\u015bci z Europy i \u015bwiata, 11 stycznia 2021 &#8211; Marek Kuchci\u0144ski\",\"isPartOf\":{\"@id\":\"https:\/\/marekkuchcinski.pl\/#website\"},\"primaryImageOfPage\":{\"@id\":\"https:\/\/marekkuchcinski.pl\/europa\/wiadomosci-z-europy-i-swiata-11-stycznia-2021\/#primaryimage\"},\"image\":{\"@id\":\"https:\/\/marekkuchcinski.pl\/europa\/wiadomosci-z-europy-i-swiata-11-stycznia-2021\/#primaryimage\"},\"thumbnailUrl\":\"https:\/\/marekkuchcinski.pl\/wp-content\/uploads\/2021\/01\/cf1f077a911c3f077bef2e6ad1677e47.jpg\",\"datePublished\":\"2021-01-11T16:50:41+00:00\",\"dateModified\":\"2021-01-16T14:43:13+00:00\",\"breadcrumb\":{\"@id\":\"https:\/\/marekkuchcinski.pl\/europa\/wiadomosci-z-europy-i-swiata-11-stycznia-2021\/#breadcrumb\"},\"inLanguage\":\"hu\",\"potentialAction\":[{\"@type\":\"ReadAction\",\"target\":[\"https:\/\/marekkuchcinski.pl\/europa\/wiadomosci-z-europy-i-swiata-11-stycznia-2021\/\"]}]},{\"@type\":\"ImageObject\",\"inLanguage\":\"hu\",\"@id\":\"https:\/\/marekkuchcinski.pl\/europa\/wiadomosci-z-europy-i-swiata-11-stycznia-2021\/#primaryimage\",\"url\":\"https:\/\/marekkuchcinski.pl\/wp-content\/uploads\/2021\/01\/cf1f077a911c3f077bef2e6ad1677e47.jpg\",\"contentUrl\":\"https:\/\/marekkuchcinski.pl\/wp-content\/uploads\/2021\/01\/cf1f077a911c3f077bef2e6ad1677e47.jpg\",\"width\":726,\"height\":393},{\"@type\":\"BreadcrumbList\",\"@id\":\"https:\/\/marekkuchcinski.pl\/europa\/wiadomosci-z-europy-i-swiata-11-stycznia-2021\/#breadcrumb\",\"itemListElement\":[{\"@type\":\"ListItem\",\"position\":1,\"name\":\"Strona g\u0142\u00f3wna\",\"item\":\"https:\/\/marekkuchcinski.pl\/\"},{\"@type\":\"ListItem\",\"position\":2,\"name\":\"Wiadomo\u015bci z Europy i \u015bwiata, 11 stycznia 2021\"}]},{\"@type\":\"WebSite\",\"@id\":\"https:\/\/marekkuchcinski.pl\/#website\",\"url\":\"https:\/\/marekkuchcinski.pl\/\",\"name\":\"Marek Kuchci\u0144ski\",\"description\":\"Pose\u0142 na sejm RP &ndash; okr\u0119g nr 22\",\"publisher\":{\"@id\":\"https:\/\/marekkuchcinski.pl\/#organization\"},\"potentialAction\":[{\"@type\":\"SearchAction\",\"target\":{\"@type\":\"EntryPoint\",\"urlTemplate\":\"https:\/\/marekkuchcinski.pl\/?s={search_term_string}\"},\"query-input\":{\"@type\":\"PropertyValueSpecification\",\"valueRequired\":true,\"valueName\":\"search_term_string\"}}],\"inLanguage\":\"hu\"},{\"@type\":\"Organization\",\"@id\":\"https:\/\/marekkuchcinski.pl\/#organization\",\"name\":\"Marek Kuchci\u0144ski\",\"url\":\"https:\/\/marekkuchcinski.pl\/\",\"logo\":{\"@type\":\"ImageObject\",\"inLanguage\":\"hu\",\"@id\":\"https:\/\/marekkuchcinski.pl\/#\/schema\/logo\/image\/\",\"url\":\"https:\/\/marekkuchcinski.pl\/wp-content\/uploads\/2022\/09\/Marek.jpg\",\"contentUrl\":\"https:\/\/marekkuchcinski.pl\/wp-content\/uploads\/2022\/09\/Marek.jpg\",\"width\":1600,\"height\":971,\"caption\":\"Marek Kuchci\u0144ski\"},\"image\":{\"@id\":\"https:\/\/marekkuchcinski.pl\/#\/schema\/logo\/image\/\"}},{\"@type\":\"Person\",\"@id\":\"https:\/\/marekkuchcinski.pl\/#\/schema\/person\/b8a29fe7813098f7be78801d029910a7\",\"name\":\"Tomasz \u0141acina\",\"image\":{\"@type\":\"ImageObject\",\"inLanguage\":\"hu\",\"@id\":\"https:\/\/marekkuchcinski.pl\/#\/schema\/person\/image\/\",\"url\":\"https:\/\/secure.gravatar.com\/avatar\/22e75f6c51aff77a676ed77dd222f852?s=96&d=mm&r=g\",\"contentUrl\":\"https:\/\/secure.gravatar.com\/avatar\/22e75f6c51aff77a676ed77dd222f852?s=96&d=mm&r=g\",\"caption\":\"Tomasz \u0141acina\"},\"url\":\"https:\/\/marekkuchcinski.pl\/hu\/author\/tomek-lacina\/\"}]}<\/script>\n<!-- \/ Yoast SEO plugin. -->","yoast_head_json":{"title":"Wiadomo\u015bci z Europy i \u015bwiata, 11 stycznia 2021 &#8211; Marek Kuchci\u0144ski","robots":{"index":"index","follow":"follow","max-snippet":"max-snippet:-1","max-image-preview":"max-image-preview:large","max-video-preview":"max-video-preview:-1"},"canonical":"https:\/\/marekkuchcinski.pl\/hu\/europa\/wiadomosci-z-europy-i-swiata-11-stycznia-2021\/","og_locale":"hu_HU","og_type":"article","og_title":"Wiadomo\u015bci z Europy i \u015bwiata, 11 stycznia 2021 &#8211; Marek Kuchci\u0144ski","og_description":"Europa Zachodnia Austria: Austriacka minister pracy i rodziny Christine Aschbacher (\u00d6VP) og\u0142osi\u0142a swoj\u0105 decyzj\u0119 o odej\u015bciu z rz\u0105du m\u00f3wi\u0105c, \u017ce \u201emedia i polityczni towarzysze\u201d os\u0105dzili j\u0105 przedwcze\u015bnie. By\u0142a minister pracy spotka\u0142a si\u0119 z zarzutami plagiatu w zwi\u0105zku ze swoj\u0105 prac\u0105 magistersk\u0105. Belgia: \u201eBelgia wyst\u0105pi o dziesi\u0119\u0107 milion\u00f3w dodatkowych szczepionek przeciwko koronawirusowi Pfizer-BioNTech\u201d &#8211; og\u0142osi\u0142 w [&hellip;]","og_url":"https:\/\/marekkuchcinski.pl\/hu\/europa\/wiadomosci-z-europy-i-swiata-11-stycznia-2021\/","og_site_name":"Marek Kuchci\u0144ski","article_published_time":"2021-01-11T16:50:41+00:00","article_modified_time":"2021-01-16T14:43:13+00:00","og_image":[{"width":726,"height":393,"url":"https:\/\/marekkuchcinski.pl\/wp-content\/uploads\/2021\/01\/cf1f077a911c3f077bef2e6ad1677e47.jpg","type":"image\/jpeg"}],"author":"Tomasz \u0141acina","twitter_card":"summary_large_image","twitter_misc":{"Szerz\u0151:":"Tomasz \u0141acina","Becs\u00fclt olvas\u00e1si id\u0151":"3 perc"},"schema":{"@context":"https:\/\/schema.org","@graph":[{"@type":"Article","@id":"https:\/\/marekkuchcinski.pl\/europa\/wiadomosci-z-europy-i-swiata-11-stycznia-2021\/#article","isPartOf":{"@id":"https:\/\/marekkuchcinski.pl\/europa\/wiadomosci-z-europy-i-swiata-11-stycznia-2021\/"},"author":{"name":"Tomasz \u0141acina","@id":"https:\/\/marekkuchcinski.pl\/#\/schema\/person\/b8a29fe7813098f7be78801d029910a7"},"headline":"Wiadomo\u015bci z Europy i \u015bwiata, 11 stycznia 2021","datePublished":"2021-01-11T16:50:41+00:00","dateModified":"2021-01-16T14:43:13+00:00","mainEntityOfPage":{"@id":"https:\/\/marekkuchcinski.pl\/europa\/wiadomosci-z-europy-i-swiata-11-stycznia-2021\/"},"wordCount":517,"commentCount":0,"publisher":{"@id":"https:\/\/marekkuchcinski.pl\/#organization"},"image":{"@id":"https:\/\/marekkuchcinski.pl\/europa\/wiadomosci-z-europy-i-swiata-11-stycznia-2021\/#primaryimage"},"thumbnailUrl":"https:\/\/marekkuchcinski.pl\/wp-content\/uploads\/2021\/01\/cf1f077a911c3f077bef2e6ad1677e47.jpg","articleSection":["Wie\u015bci z Europy i \u015awiata","Wydarzenia"],"inLanguage":"hu","potentialAction":[{"@type":"CommentAction","name":"Comment","target":["https:\/\/marekkuchcinski.pl\/europa\/wiadomosci-z-europy-i-swiata-11-stycznia-2021\/#respond"]}]},{"@type":"WebPage","@id":"https:\/\/marekkuchcinski.pl\/europa\/wiadomosci-z-europy-i-swiata-11-stycznia-2021\/","url":"https:\/\/marekkuchcinski.pl\/europa\/wiadomosci-z-europy-i-swiata-11-stycznia-2021\/","name":"Wiadomo\u015bci z Europy i \u015bwiata, 11 stycznia 2021 &#8211; Marek Kuchci\u0144ski","isPartOf":{"@id":"https:\/\/marekkuchcinski.pl\/#website"},"primaryImageOfPage":{"@id":"https:\/\/marekkuchcinski.pl\/europa\/wiadomosci-z-europy-i-swiata-11-stycznia-2021\/#primaryimage"},"image":{"@id":"https:\/\/marekkuchcinski.pl\/europa\/wiadomosci-z-europy-i-swiata-11-stycznia-2021\/#primaryimage"},"thumbnailUrl":"https:\/\/marekkuchcinski.pl\/wp-content\/uploads\/2021\/01\/cf1f077a911c3f077bef2e6ad1677e47.jpg","datePublished":"2021-01-11T16:50:41+00:00","dateModified":"2021-01-16T14:43:13+00:00","breadcrumb":{"@id":"https:\/\/marekkuchcinski.pl\/europa\/wiadomosci-z-europy-i-swiata-11-stycznia-2021\/#breadcrumb"},"inLanguage":"hu","potentialAction":[{"@type":"ReadAction","target":["https:\/\/marekkuchcinski.pl\/europa\/wiadomosci-z-europy-i-swiata-11-stycznia-2021\/"]}]},{"@type":"ImageObject","inLanguage":"hu","@id":"https:\/\/marekkuchcinski.pl\/europa\/wiadomosci-z-europy-i-swiata-11-stycznia-2021\/#primaryimage","url":"https:\/\/marekkuchcinski.pl\/wp-content\/uploads\/2021\/01\/cf1f077a911c3f077bef2e6ad1677e47.jpg","contentUrl":"https:\/\/marekkuchcinski.pl\/wp-content\/uploads\/2021\/01\/cf1f077a911c3f077bef2e6ad1677e47.jpg","width":726,"height":393},{"@type":"BreadcrumbList","@id":"https:\/\/marekkuchcinski.pl\/europa\/wiadomosci-z-europy-i-swiata-11-stycznia-2021\/#breadcrumb","itemListElement":[{"@type":"ListItem","position":1,"name":"Strona g\u0142\u00f3wna","item":"https:\/\/marekkuchcinski.pl\/"},{"@type":"ListItem","position":2,"name":"Wiadomo\u015bci z Europy i \u015bwiata, 11 stycznia 2021"}]},{"@type":"WebSite","@id":"https:\/\/marekkuchcinski.pl\/#website","url":"https:\/\/marekkuchcinski.pl\/","name":"Marek Kuchci\u0144ski","description":"Pose\u0142 na sejm RP &ndash; okr\u0119g nr 22","publisher":{"@id":"https:\/\/marekkuchcinski.pl\/#organization"},"potentialAction":[{"@type":"SearchAction","target":{"@type":"EntryPoint","urlTemplate":"https:\/\/marekkuchcinski.pl\/?s={search_term_string}"},"query-input":{"@type":"PropertyValueSpecification","valueRequired":true,"valueName":"search_term_string"}}],"inLanguage":"hu"},{"@type":"Organization","@id":"https:\/\/marekkuchcinski.pl\/#organization","name":"Marek Kuchci\u0144ski","url":"https:\/\/marekkuchcinski.pl\/","logo":{"@type":"ImageObject","inLanguage":"hu","@id":"https:\/\/marekkuchcinski.pl\/#\/schema\/logo\/image\/","url":"https:\/\/marekkuchcinski.pl\/wp-content\/uploads\/2022\/09\/Marek.jpg","contentUrl":"https:\/\/marekkuchcinski.pl\/wp-content\/uploads\/2022\/09\/Marek.jpg","width":1600,"height":971,"caption":"Marek Kuchci\u0144ski"},"image":{"@id":"https:\/\/marekkuchcinski.pl\/#\/schema\/logo\/image\/"}},{"@type":"Person","@id":"https:\/\/marekkuchcinski.pl\/#\/schema\/person\/b8a29fe7813098f7be78801d029910a7","name":"Tomasz \u0141acina","image":{"@type":"ImageObject","inLanguage":"hu","@id":"https:\/\/marekkuchcinski.pl\/#\/schema\/person\/image\/","url":"https:\/\/secure.gravatar.com\/avatar\/22e75f6c51aff77a676ed77dd222f852?s=96&d=mm&r=g","contentUrl":"https:\/\/secure.gravatar.com\/avatar\/22e75f6c51aff77a676ed77dd222f852?s=96&d=mm&r=g","caption":"Tomasz \u0141acina"},"url":"https:\/\/marekkuchcinski.pl\/hu\/author\/tomek-lacina\/"}]}},"_links":{"self":[{"href":"https:\/\/marekkuchcinski.pl\/hu\/wp-json\/wp\/v2\/posts\/21308","targetHints":{"allow":["GET"]}}],"collection":[{"href":"https:\/\/marekkuchcinski.pl\/hu\/wp-json\/wp\/v2\/posts"}],"about":[{"href":"https:\/\/marekkuchcinski.pl\/hu\/wp-json\/wp\/v2\/types\/post"}],"author":[{"embeddable":true,"href":"https:\/\/marekkuchcinski.pl\/hu\/wp-json\/wp\/v2\/users\/17"}],"replies":[{"embeddable":true,"href":"https:\/\/marekkuchcinski.pl\/hu\/wp-json\/wp\/v2\/comments?post=21308"}],"version-history":[{"count":14,"href":"https:\/\/marekkuchcinski.pl\/hu\/wp-json\/wp\/v2\/posts\/21308\/revisions"}],"predecessor-version":[{"id":21396,"href":"https:\/\/marekkuchcinski.pl\/hu\/wp-json\/wp\/v2\/posts\/21308\/revisions\/21396"}],"wp:featuredmedia":[{"embeddable":true,"href":"https:\/\/marekkuchcinski.pl\/hu\/wp-json\/wp\/v2\/media\/21337"}],"wp:attachment":[{"href":"https:\/\/marekkuchcinski.pl\/hu\/wp-json\/wp\/v2\/media?parent=21308"}],"wp:term":[{"taxonomy":"category","embeddable":true,"href":"https:\/\/marekkuchcinski.pl\/hu\/wp-json\/wp\/v2\/categories?post=21308"},{"taxonomy":"post_tag","embeddable":true,"href":"https:\/\/marekkuchcinski.pl\/hu\/wp-json\/wp\/v2\/tags?post=21308"}],"curies":[{"name":"wp","href":"https:\/\/api.w.org\/{rel}","templated":true}]}}