{"id":21226,"date":"2021-01-04T16:01:11","date_gmt":"2021-01-04T15:01:11","guid":{"rendered":"https:\/\/marekkuchcinski.pl\/?p=21226"},"modified":"2021-01-26T14:25:11","modified_gmt":"2021-01-26T13:25:11","slug":"wiadomosci-z-europy-i-swiata-4-styczen-2021","status":"publish","type":"post","link":"https:\/\/marekkuchcinski.pl\/hu\/wydarzenia\/wiadomosci-z-europy-i-swiata-4-styczen-2021\/","title":{"rendered":"H\u00edrek Eur\u00f3p\u00e1b\u00f3l \u00e9s a vil\u00e1gb\u00f3l, 2021. janu\u00e1r 4."},"content":{"rendered":"<div class=\"wp-block-image\"><figure class=\"aligncenter size-large is-resized\"><a href=\"https:\/\/marekkuchcinski.pl\/wp-content\/uploads\/2021\/01\/1912px-European_Parliament_Strasbourg_Hemicycle_-_Diliff.jpg\"><img fetchpriority=\"high\" decoding=\"async\" src=\"https:\/\/marekkuchcinski.pl\/wp-content\/uploads\/2021\/01\/1912px-European_Parliament_Strasbourg_Hemicycle_-_Diliff-1024x578.jpg\" alt=\"\" class=\"wp-image-21330\" width=\"881\" height=\"497\" srcset=\"https:\/\/marekkuchcinski.pl\/wp-content\/uploads\/2021\/01\/1912px-European_Parliament_Strasbourg_Hemicycle_-_Diliff-1024x578.jpg 1024w, https:\/\/marekkuchcinski.pl\/wp-content\/uploads\/2021\/01\/1912px-European_Parliament_Strasbourg_Hemicycle_-_Diliff-300x169.jpg 300w, https:\/\/marekkuchcinski.pl\/wp-content\/uploads\/2021\/01\/1912px-European_Parliament_Strasbourg_Hemicycle_-_Diliff-768x434.jpg 768w, https:\/\/marekkuchcinski.pl\/wp-content\/uploads\/2021\/01\/1912px-European_Parliament_Strasbourg_Hemicycle_-_Diliff-1536x868.jpg 1536w, https:\/\/marekkuchcinski.pl\/wp-content\/uploads\/2021\/01\/1912px-European_Parliament_Strasbourg_Hemicycle_-_Diliff-16x9.jpg 16w, https:\/\/marekkuchcinski.pl\/wp-content\/uploads\/2021\/01\/1912px-European_Parliament_Strasbourg_Hemicycle_-_Diliff.jpg 1912w\" sizes=\"(max-width: 881px) 100vw, 881px\" \/><\/a><\/figure><\/div>\n\n\n\n<p class=\"has-large-font-size\"><strong>Eur\u00f3pa<\/strong><\/p>\n\n\n\n<p><strong>Br\u00fcsszel:<\/strong> &nbsp;Az Eur\u00f3pai Uni\u00f3 k\u00e9szen \u00e1ll arra, hogy seg\u00edtse a gy\u00f3gyszeripari v\u00e1llalatokat a koronav\u00edrus elleni vakcin\u00e1k gy\u00e1rt\u00e1s\u00e1nak n\u00f6vel\u00e9s\u00e9ben. A j\u00f3v\u00e1hagyott vakcin\u00e1k forgalomba hozatal\u00e1nak k\u00e9sedelme a gy\u00e1rt\u00e1si kapacit\u00e1s hi\u00e1ny\u00e1nak, nem pedig az uni\u00f3s tervez\u00e9snek tudhat\u00f3 be - mondta Stella Kyriakides eg\u00e9szs\u00e9g\u00fcgyi biztos a DPA n\u00e9met h\u00edr\u00fcgyn\u00f6ks\u00e9gnek.<\/p>\n\n\n\n<p>Az EU \u00e9s K\u00edna december 30-\u00e1n \"elvben\" meg\u00e1llapodott egy olyan beruh\u00e1z\u00e1si meg\u00e1llapod\u00e1sr\u00f3l, amely az eur\u00f3pai v\u00e1llalatoknak nagyobb hozz\u00e1f\u00e9r\u00e9st biztos\u00edt a k\u00ednai piacokhoz, \u00e9s seg\u00edt helyre\u00e1ll\u00edtani az Eur\u00f3pa \u00e1ltal kiegyens\u00falyozatlannak tartott gazdas\u00e1gi kapcsolatokat. Az uni\u00f3s vezet\u0151k \u00e9s Hszi Csin-ping k\u00ednai eln\u00f6k a K\u00edn\u00e1ban az emberi jogokkal kapcsolatos agg\u00e1lyok ellen\u00e9re is j\u00f3v\u00e1hagyta a nagyszab\u00e1s\u00fa beruh\u00e1z\u00e1si paktumot.<\/p>\n\n\n\n<p>Lengyelorsz\u00e1g a tag\u00e1llamok nagyk\u00f6veteinek tal\u00e1lkoz\u00f3j\u00e1n kifog\u00e1solta az EU \u00e9s K\u00edna k\u00f6z\u00f6tti beruh\u00e1z\u00e1si meg\u00e1llapod\u00e1ssal kapcsolatos munka \"hirtelen\" felgyors\u00edt\u00e1s\u00e1t. A PAP-nak nyilatkozva Andrzej Sado\u015b lengyel EU-nagyk\u00f6vet megjegyezte, hogy a tal\u00e1lkoz\u00f3n Lengyelorsz\u00e1g hangs\u00falyozta a geopolitikai k\u00e9rd\u00e9sek fontoss\u00e1g\u00e1t az EU K\u00edn\u00e1val folytatott t\u00e1rgyal\u00e1sain. \"Ez egy p\u00e9ld\u00e1tlan helyzet. A n\u00e9met eln\u00f6ks\u00e9g utols\u00f3 napjaiban hirtelen, indokolatlanul felgyorsult egy nagyon fontos, a nemzetk\u00f6zi kapcsolatokat \u00e9rint\u0151 k\u00e9rd\u00e9s. Ez\u00e9rt fogalmaztuk meg k\u00e9telyeinket ezzel a helyzettel kapcsolatban\" - Sado\u015b r\u00e1mutatott.<\/p>\n\n\n\n<p><strong>Nyugat-Eur\u00f3pa<\/strong><\/p>\n\n\n\n<p><strong>Egyes\u00fclt Kir\u00e1lys\u00e1g:<\/strong> Nicola Sturgeon sk\u00f3t minisztereln\u00f6k szombaton k\u00f6z\u00f6lte az Eur\u00f3pai Uni\u00f3val, hogy \"rem\u00e9lj\u00fck, hamarosan f\u00fcggetlen \u00e1llamk\u00e9nt csatlakozhatunk \u00d6n\u00f6kh\u00f6z, miut\u00e1n az Egyes\u00fclt Kir\u00e1lys\u00e1g teljesen kil\u00e9p a blokkb\u00f3l.\" \"Az Eur\u00f3pai Uni\u00f3 f\u00fcggetlen tagjak\u00e9nt Sk\u00f3cia partner \u00e9s h\u00edd\u00e9p\u00edt\u0151 lenne\" - \u00edrta p\u00e1rtja honlapj\u00e1n. A sk\u00f3tok els\u00f6pr\u0151 t\u00f6bbs\u00e9ge az Eur\u00f3pai Uni\u00f3ban marad\u00e1sra szavazott a 2016-os, \u00fagynevezett Brexitr\u0151l sz\u00f3l\u00f3 n\u00e9pszavaz\u00e1son.<\/p>\n\n\n\n<p>&nbsp;\"Tapasztalatom szerint (...) a n\u00e9pszavaz\u00e1sok ebben az orsz\u00e1gban nem k\u00fcl\u00f6n\u00f6sebben \u00f6r\u00f6mteli\" - mondta Boris Johson brit minisztereln\u00f6k vas\u00e1rnap. \"Nincs k\u00fcl\u00f6n\u00f6sebben egys\u00e9ges\u00edt\u0151 erej\u00fck a nemzeti \u00e9rzelmekben, csak gener\u00e1ci\u00f3nk\u00e9nt egyszer kellene megt\u00f6rt\u00e9nni\u00fck\" - \u00e9rvelt a BBC-nek. Sk\u00f3cia 2014-ben az Egyes\u00fclt Kir\u00e1lys\u00e1gban val\u00f3 marad\u00e1s mellett szavazott.<\/p>\n\n\n\n<p><strong>Visegr\u00e1di Csoport<\/strong><\/p>\n\n\n\n<p><strong>Magyarorsz\u00e1g:<\/strong> Magyarorsz\u00e1g val\u00f3sz\u00edn\u0171leg nem fog orosz vakcin\u00e1t haszn\u00e1lni a koronav\u00edrus ellen a korl\u00e1tozott termel\u00e9si kapacit\u00e1s miatt - jelentette ki Orb\u00e1n Viktor minisztereln\u00f6k vas\u00e1rnap, b\u00edr\u00e1lva az EU vakcinabeszerz\u00e9ssel kapcsolatos megk\u00f6zel\u00edt\u00e9s\u00e9t. A demokratikus norm\u00e1k miatt Br\u00fcsszellel gyakran vitatkoz\u00f3 Orb\u00e1n Viktor szak\u00e9rt\u0151ket k\u00fcld\u00f6tt az oroszorsz\u00e1gi \u00e9s k\u00ednai olt\u00f3anyag-fejleszt\u00e9s megfigyel\u00e9s\u00e9re, \u00e9s mint\u00e1kat kapott a moszkvai Szputnyik V. vitatott olt\u00f3anyagb\u00f3l.<\/p>\n\n\n\n<p><strong>Balk\u00e1n<\/strong><\/p>\n\n\n\n<p><strong>Szerbia: <\/strong>Aleksandar Vu\u010di\u0107 szerb eln\u00f6k p\u00e9nteken megnyitotta az orsz\u00e1g\u00e1n \u00e1thalad\u00f3 orosz g\u00e1zprojekt egy r\u00e9sz\u00e9t, \u00e9s az energiaell\u00e1t\u00e1s biztons\u00e1ga szempontj\u00e1b\u00f3l kulcsfontoss\u00e1g\u00fanak nevezte azt. A 403 kilom\u00e9teres szakasz - a kelet-szerbiai Zajecart\u00f3l a magyar hat\u00e1ron fekv\u0151 Horgosig - r\u00e9sze a nagyobb TurkStream vezet\u00e9knek, amely orosz f\u00f6ldg\u00e1zt sz\u00e1ll\u00edt T\u00f6r\u00f6korsz\u00e1gba \u00e9s K\u00f6z\u00e9p-Eur\u00f3p\u00e1ba.<\/p>\n\n\n\n<p><strong>Bosznia-Hercegovina:<\/strong> Az Eur\u00f3pai Uni\u00f3val hat\u00e1ros Boszni\u00e1ban \u00e9l\u0151 t\u00f6bb sz\u00e1z hajl\u00e9ktalan migr\u00e1ns \u00e9letk\u00f6r\u00fclm\u00e9nyei \"teljesen elfogadhatatlanok\" - jelentette ki szombaton Johann Sattler uni\u00f3s megb\u00edzott. A migr\u00e1nsok az\u00f3ta maradtak hajl\u00e9ktalanok fagyos \u00e9s es\u0151s k\u00f6r\u00fclm\u00e9nyek k\u00f6z\u00f6tt, hogy az \u00e9szaknyugati Bihac v\u00e1ros k\u00f6zel\u00e9ben l\u00e9v\u0151 t\u00e1boruk a m\u00falt h\u00f3napban le\u00e9gett.<\/p>\n\n\n\n<p><strong>\u00c9szak-Eur\u00f3pa<\/strong><\/p>\n\n\n\n<p><strong>Norv\u00e9gia:<\/strong> A norv\u00e9g ment\u0151k dr\u00f3nokat \u00e9s kuty\u00e1kat vetettek be, hogy \u00e1tkeljenek az instabil agyagos talajon, hogy 10 m\u00e9g mindig elt\u0171nt embert keressenek december 31-\u00e9n, cs\u00fct\u00f6rt\u00f6k\u00f6n, miut\u00e1n egy d\u00e9l-norv\u00e9giai f\u00f6ldcsuszaml\u00e1s el\u0151z\u0151 nap t\u00f6bb mint egy tucat \u00e9p\u00fcletet sodort el. T\u00edz ember megs\u00e9r\u00fclt, k\u00f6z\u00fcl\u00fck egy ember kritikus \u00e1llapotban van.<\/p>\n\n\n\n<p class=\"has-large-font-size\"><strong>WORLD<\/strong><\/p>\n\n\n\n<p><strong>USA: <\/strong>A floridai Miami-Dade \u00e1llamban a rend\u0151rs\u00e9g k\u00e9t k\u00fcl\u00f6n\u00e1ll\u00f3 l\u00f6v\u00f6ld\u00f6z\u00e9st vizsg\u00e1l, amelyekben 12 ember megs\u00e9r\u00fclt. Az els\u0151 a Little River Parkban t\u00f6rt\u00e9nt 19:07-kor (0007 GMT) a hat\u00f3s\u00e1gok szerint. Az NBC News arr\u00f3l sz\u00e1molt be, hogy k\u00e9t ismeretlen b\u0171n\u00f6z\u0151 l\u00f6v\u00f6ld\u00f6zni kezdett az emberekre egy kos\u00e1rlabdap\u00e1lya k\u00f6zel\u00e9ben. Hat ember s\u00falyosan megs\u00e9r\u00fclt. A rend\u0151rs\u00e9g jelent\u00e9se szerint n\u00e9gy ember megs\u00e9r\u00fclt egy m\u00e1sik l\u00f6v\u00f6ld\u00f6z\u00e9sben Allapattahban. Az \u00e1ldozatokat stabil \u00e1llapotban sz\u00e1ll\u00edtott\u00e1k a Jackson Memorial Hospital Ryder Trauma Centerbe.<\/p>\n\n\n\n<p><strong>Kazahszt\u00e1n: <\/strong>Kaszim-Jomart Tokajev eln\u00f6k al\u00e1\u00edrta a hal\u00e1lb\u00fcntet\u00e9st Kazahszt\u00e1nban elt\u00f6rl\u0151 rendeletet - der\u00fcl ki a hivatal\u00e1nak szombaton kiadott k\u00f6zlem\u00e9ny\u00e9b\u0151l. Az \u00faj t\u00f6rv\u00e9ny fenntartja az \u00e1llami kiv\u00e9gz\u00e9sekre vonatkoz\u00f3 morat\u00f3riumot, amelyet 2003-ban vezetett be Nurszultan Nazarbajev eln\u00f6k.<\/p>\n\n\n\n<p><strong>Jap\u00e1n: <\/strong>Yoshihide Suga minisztereln\u00f6k bejelentette, hogy a koronav\u00edrusos megbeteged\u00e9sek n\u00f6veked\u00e9se miatt fontol\u00f3ra veszi a sz\u00fcks\u00e9g\u00e1llapot kihirdet\u00e9s\u00e9t Toki\u00f3 nagyv\u00e1rosi ter\u00fclet\u00e9n, ami \u00fajb\u00f3l k\u00e9ts\u00e9gess\u00e9 teszi, hogy fel tudja-e gyors\u00edtani az olimpiai j\u00e1t\u00e9kokat \u00e9s minim\u00e1lisra tudja-e cs\u00f6kkenteni a gazdas\u00e1gi k\u00e1rokat.<\/p>\n\n\n\n<p>SM<\/p>","protected":false},"excerpt":{"rendered":"<p>Eur\u00f3pa Br\u00fcsszel: az Eur\u00f3pai Uni\u00f3 k\u00e9sz seg\u00edteni a gy\u00f3gyszeripari v\u00e1llalatoknak a koronav\u00edrus elleni vakcin\u00e1k gy\u00e1rt\u00e1s\u00e1nak n\u00f6vel\u00e9s\u00e9ben. A j\u00f3v\u00e1hagyott vakcin\u00e1k forgalomba hozatal\u00e1nak k\u00e9sedelme a gy\u00e1rt\u00e1si kapacit\u00e1s hi\u00e1ny\u00e1nak, nem pedig az uni\u00f3s tervez\u00e9snek tudhat\u00f3 be - mondta Stella Kyriakides eg\u00e9szs\u00e9g\u00fcgyi biztos a DPA n\u00e9met h\u00edr\u00fcgyn\u00f6ks\u00e9gnek Az EU \u00e9s K\u00edna december 30-\u00e1n \"elvben\" meg\u00e1llapodott egy olyan beruh\u00e1z\u00e1si meg\u00e1llapod\u00e1sr\u00f3l, amely az eur\u00f3pai [...]<\/p>","protected":false},"author":17,"featured_media":21330,"comment_status":"open","ping_status":"open","sticky":false,"template":"","format":"standard","meta":{"ngg_post_thumbnail":0,"footnotes":""},"categories":[185,3],"tags":[],"class_list":["post-21226","post","type-post","status-publish","format-standard","has-post-thumbnail","hentry","category-europa","category-wydarzenia"],"yoast_head":"<!-- This site is optimized with the Yoast SEO plugin v24.7 - https:\/\/yoast.com\/wordpress\/plugins\/seo\/ -->\n<title>Wiadomo\u015bci z Europy i \u015bwiata, 4 stycznia 2021 &#8211; Marek Kuchci\u0144ski<\/title>\n<meta name=\"robots\" content=\"index, follow, max-snippet:-1, max-image-preview:large, max-video-preview:-1\" \/>\n<link rel=\"canonical\" href=\"https:\/\/marekkuchcinski.pl\/hu\/wydarzenia\/wiadomosci-z-europy-i-swiata-4-styczen-2021\/\" \/>\n<meta property=\"og:locale\" content=\"hu_HU\" \/>\n<meta property=\"og:type\" content=\"article\" \/>\n<meta property=\"og:title\" content=\"Wiadomo\u015bci z Europy i \u015bwiata, 4 stycznia 2021 &#8211; Marek Kuchci\u0144ski\" \/>\n<meta property=\"og:description\" content=\"Europa Bruksela: &nbsp;Unia Europejska jest gotowa pom\u00f3c firmom farmaceutycznym w zwi\u0119kszeniu produkcji szczepionek na koronawirusa. Jakiekolwiek op\u00f3\u017anienie w wydaniu zatwierdzonych szczepionek by\u0142o spowodowane brakiem mocy produkcyjnych, a nie planowaniem UE &#8211; powiedzia\u0142a komisarz ds. Zdrowia Stella Kyriakides niemieckiej agencji prasowej DPA UE i Chiny uzgodni\u0142y \u201eco do zasady\u201d 30 grudnia umow\u0119 inwestycyjn\u0105, kt\u00f3ra zapewni europejskim [&hellip;]\" \/>\n<meta property=\"og:url\" content=\"https:\/\/marekkuchcinski.pl\/hu\/wydarzenia\/wiadomosci-z-europy-i-swiata-4-styczen-2021\/\" \/>\n<meta property=\"og:site_name\" content=\"Marek Kuchci\u0144ski\" \/>\n<meta property=\"article:published_time\" content=\"2021-01-04T15:01:11+00:00\" \/>\n<meta property=\"article:modified_time\" content=\"2021-01-26T13:25:11+00:00\" \/>\n<meta property=\"og:image\" content=\"https:\/\/marekkuchcinski.pl\/wp-content\/uploads\/2021\/01\/1912px-European_Parliament_Strasbourg_Hemicycle_-_Diliff.jpg\" \/>\n\t<meta property=\"og:image:width\" content=\"1912\" \/>\n\t<meta property=\"og:image:height\" content=\"1080\" \/>\n\t<meta property=\"og:image:type\" content=\"image\/jpeg\" \/>\n<meta name=\"author\" content=\"Tomasz \u0141acina\" \/>\n<meta name=\"twitter:card\" content=\"summary_large_image\" \/>\n<meta name=\"twitter:label1\" content=\"Szerz\u0151:\" \/>\n\t<meta name=\"twitter:data1\" content=\"Tomasz \u0141acina\" \/>\n\t<meta name=\"twitter:label2\" content=\"Becs\u00fclt olvas\u00e1si id\u0151\" \/>\n\t<meta name=\"twitter:data2\" content=\"3 perc\" \/>\n<script type=\"application\/ld+json\" class=\"yoast-schema-graph\">{\"@context\":\"https:\/\/schema.org\",\"@graph\":[{\"@type\":\"Article\",\"@id\":\"https:\/\/marekkuchcinski.pl\/wydarzenia\/wiadomosci-z-europy-i-swiata-4-styczen-2021\/#article\",\"isPartOf\":{\"@id\":\"https:\/\/marekkuchcinski.pl\/wydarzenia\/wiadomosci-z-europy-i-swiata-4-styczen-2021\/\"},\"author\":{\"name\":\"Tomasz \u0141acina\",\"@id\":\"https:\/\/marekkuchcinski.pl\/#\/schema\/person\/b8a29fe7813098f7be78801d029910a7\"},\"headline\":\"Wiadomo\u015bci z Europy i \u015bwiata, 4 stycznia 2021\",\"datePublished\":\"2021-01-04T15:01:11+00:00\",\"dateModified\":\"2021-01-26T13:25:11+00:00\",\"mainEntityOfPage\":{\"@id\":\"https:\/\/marekkuchcinski.pl\/wydarzenia\/wiadomosci-z-europy-i-swiata-4-styczen-2021\/\"},\"wordCount\":786,\"commentCount\":0,\"publisher\":{\"@id\":\"https:\/\/marekkuchcinski.pl\/#organization\"},\"image\":{\"@id\":\"https:\/\/marekkuchcinski.pl\/wydarzenia\/wiadomosci-z-europy-i-swiata-4-styczen-2021\/#primaryimage\"},\"thumbnailUrl\":\"https:\/\/marekkuchcinski.pl\/wp-content\/uploads\/2021\/01\/1912px-European_Parliament_Strasbourg_Hemicycle_-_Diliff.jpg\",\"articleSection\":[\"Wie\u015bci z Europy i \u015awiata\",\"Wydarzenia\"],\"inLanguage\":\"hu\",\"potentialAction\":[{\"@type\":\"CommentAction\",\"name\":\"Comment\",\"target\":[\"https:\/\/marekkuchcinski.pl\/wydarzenia\/wiadomosci-z-europy-i-swiata-4-styczen-2021\/#respond\"]}]},{\"@type\":\"WebPage\",\"@id\":\"https:\/\/marekkuchcinski.pl\/wydarzenia\/wiadomosci-z-europy-i-swiata-4-styczen-2021\/\",\"url\":\"https:\/\/marekkuchcinski.pl\/wydarzenia\/wiadomosci-z-europy-i-swiata-4-styczen-2021\/\",\"name\":\"Wiadomo\u015bci z Europy i \u015bwiata, 4 stycznia 2021 &#8211; Marek Kuchci\u0144ski\",\"isPartOf\":{\"@id\":\"https:\/\/marekkuchcinski.pl\/#website\"},\"primaryImageOfPage\":{\"@id\":\"https:\/\/marekkuchcinski.pl\/wydarzenia\/wiadomosci-z-europy-i-swiata-4-styczen-2021\/#primaryimage\"},\"image\":{\"@id\":\"https:\/\/marekkuchcinski.pl\/wydarzenia\/wiadomosci-z-europy-i-swiata-4-styczen-2021\/#primaryimage\"},\"thumbnailUrl\":\"https:\/\/marekkuchcinski.pl\/wp-content\/uploads\/2021\/01\/1912px-European_Parliament_Strasbourg_Hemicycle_-_Diliff.jpg\",\"datePublished\":\"2021-01-04T15:01:11+00:00\",\"dateModified\":\"2021-01-26T13:25:11+00:00\",\"breadcrumb\":{\"@id\":\"https:\/\/marekkuchcinski.pl\/wydarzenia\/wiadomosci-z-europy-i-swiata-4-styczen-2021\/#breadcrumb\"},\"inLanguage\":\"hu\",\"potentialAction\":[{\"@type\":\"ReadAction\",\"target\":[\"https:\/\/marekkuchcinski.pl\/wydarzenia\/wiadomosci-z-europy-i-swiata-4-styczen-2021\/\"]}]},{\"@type\":\"ImageObject\",\"inLanguage\":\"hu\",\"@id\":\"https:\/\/marekkuchcinski.pl\/wydarzenia\/wiadomosci-z-europy-i-swiata-4-styczen-2021\/#primaryimage\",\"url\":\"https:\/\/marekkuchcinski.pl\/wp-content\/uploads\/2021\/01\/1912px-European_Parliament_Strasbourg_Hemicycle_-_Diliff.jpg\",\"contentUrl\":\"https:\/\/marekkuchcinski.pl\/wp-content\/uploads\/2021\/01\/1912px-European_Parliament_Strasbourg_Hemicycle_-_Diliff.jpg\",\"width\":1912,\"height\":1080},{\"@type\":\"BreadcrumbList\",\"@id\":\"https:\/\/marekkuchcinski.pl\/wydarzenia\/wiadomosci-z-europy-i-swiata-4-styczen-2021\/#breadcrumb\",\"itemListElement\":[{\"@type\":\"ListItem\",\"position\":1,\"name\":\"Strona g\u0142\u00f3wna\",\"item\":\"https:\/\/marekkuchcinski.pl\/\"},{\"@type\":\"ListItem\",\"position\":2,\"name\":\"Wiadomo\u015bci z Europy i \u015bwiata, 4 stycznia 2021\"}]},{\"@type\":\"WebSite\",\"@id\":\"https:\/\/marekkuchcinski.pl\/#website\",\"url\":\"https:\/\/marekkuchcinski.pl\/\",\"name\":\"Marek Kuchci\u0144ski\",\"description\":\"Pose\u0142 na sejm RP &ndash; okr\u0119g nr 22\",\"publisher\":{\"@id\":\"https:\/\/marekkuchcinski.pl\/#organization\"},\"potentialAction\":[{\"@type\":\"SearchAction\",\"target\":{\"@type\":\"EntryPoint\",\"urlTemplate\":\"https:\/\/marekkuchcinski.pl\/?s={search_term_string}\"},\"query-input\":{\"@type\":\"PropertyValueSpecification\",\"valueRequired\":true,\"valueName\":\"search_term_string\"}}],\"inLanguage\":\"hu\"},{\"@type\":\"Organization\",\"@id\":\"https:\/\/marekkuchcinski.pl\/#organization\",\"name\":\"Marek Kuchci\u0144ski\",\"url\":\"https:\/\/marekkuchcinski.pl\/\",\"logo\":{\"@type\":\"ImageObject\",\"inLanguage\":\"hu\",\"@id\":\"https:\/\/marekkuchcinski.pl\/#\/schema\/logo\/image\/\",\"url\":\"https:\/\/marekkuchcinski.pl\/wp-content\/uploads\/2022\/09\/Marek.jpg\",\"contentUrl\":\"https:\/\/marekkuchcinski.pl\/wp-content\/uploads\/2022\/09\/Marek.jpg\",\"width\":1600,\"height\":971,\"caption\":\"Marek Kuchci\u0144ski\"},\"image\":{\"@id\":\"https:\/\/marekkuchcinski.pl\/#\/schema\/logo\/image\/\"}},{\"@type\":\"Person\",\"@id\":\"https:\/\/marekkuchcinski.pl\/#\/schema\/person\/b8a29fe7813098f7be78801d029910a7\",\"name\":\"Tomasz \u0141acina\",\"image\":{\"@type\":\"ImageObject\",\"inLanguage\":\"hu\",\"@id\":\"https:\/\/marekkuchcinski.pl\/#\/schema\/person\/image\/\",\"url\":\"https:\/\/secure.gravatar.com\/avatar\/22e75f6c51aff77a676ed77dd222f852?s=96&d=mm&r=g\",\"contentUrl\":\"https:\/\/secure.gravatar.com\/avatar\/22e75f6c51aff77a676ed77dd222f852?s=96&d=mm&r=g\",\"caption\":\"Tomasz \u0141acina\"},\"url\":\"https:\/\/marekkuchcinski.pl\/hu\/author\/tomek-lacina\/\"}]}<\/script>\n<!-- \/ Yoast SEO plugin. -->","yoast_head_json":{"title":"Wiadomo\u015bci z Europy i \u015bwiata, 4 stycznia 2021 &#8211; Marek Kuchci\u0144ski","robots":{"index":"index","follow":"follow","max-snippet":"max-snippet:-1","max-image-preview":"max-image-preview:large","max-video-preview":"max-video-preview:-1"},"canonical":"https:\/\/marekkuchcinski.pl\/hu\/wydarzenia\/wiadomosci-z-europy-i-swiata-4-styczen-2021\/","og_locale":"hu_HU","og_type":"article","og_title":"Wiadomo\u015bci z Europy i \u015bwiata, 4 stycznia 2021 &#8211; Marek Kuchci\u0144ski","og_description":"Europa Bruksela: &nbsp;Unia Europejska jest gotowa pom\u00f3c firmom farmaceutycznym w zwi\u0119kszeniu produkcji szczepionek na koronawirusa. Jakiekolwiek op\u00f3\u017anienie w wydaniu zatwierdzonych szczepionek by\u0142o spowodowane brakiem mocy produkcyjnych, a nie planowaniem UE &#8211; powiedzia\u0142a komisarz ds. Zdrowia Stella Kyriakides niemieckiej agencji prasowej DPA UE i Chiny uzgodni\u0142y \u201eco do zasady\u201d 30 grudnia umow\u0119 inwestycyjn\u0105, kt\u00f3ra zapewni europejskim [&hellip;]","og_url":"https:\/\/marekkuchcinski.pl\/hu\/wydarzenia\/wiadomosci-z-europy-i-swiata-4-styczen-2021\/","og_site_name":"Marek Kuchci\u0144ski","article_published_time":"2021-01-04T15:01:11+00:00","article_modified_time":"2021-01-26T13:25:11+00:00","og_image":[{"width":1912,"height":1080,"url":"https:\/\/marekkuchcinski.pl\/wp-content\/uploads\/2021\/01\/1912px-European_Parliament_Strasbourg_Hemicycle_-_Diliff.jpg","type":"image\/jpeg"}],"author":"Tomasz \u0141acina","twitter_card":"summary_large_image","twitter_misc":{"Szerz\u0151:":"Tomasz \u0141acina","Becs\u00fclt olvas\u00e1si id\u0151":"3 perc"},"schema":{"@context":"https:\/\/schema.org","@graph":[{"@type":"Article","@id":"https:\/\/marekkuchcinski.pl\/wydarzenia\/wiadomosci-z-europy-i-swiata-4-styczen-2021\/#article","isPartOf":{"@id":"https:\/\/marekkuchcinski.pl\/wydarzenia\/wiadomosci-z-europy-i-swiata-4-styczen-2021\/"},"author":{"name":"Tomasz \u0141acina","@id":"https:\/\/marekkuchcinski.pl\/#\/schema\/person\/b8a29fe7813098f7be78801d029910a7"},"headline":"Wiadomo\u015bci z Europy i \u015bwiata, 4 stycznia 2021","datePublished":"2021-01-04T15:01:11+00:00","dateModified":"2021-01-26T13:25:11+00:00","mainEntityOfPage":{"@id":"https:\/\/marekkuchcinski.pl\/wydarzenia\/wiadomosci-z-europy-i-swiata-4-styczen-2021\/"},"wordCount":786,"commentCount":0,"publisher":{"@id":"https:\/\/marekkuchcinski.pl\/#organization"},"image":{"@id":"https:\/\/marekkuchcinski.pl\/wydarzenia\/wiadomosci-z-europy-i-swiata-4-styczen-2021\/#primaryimage"},"thumbnailUrl":"https:\/\/marekkuchcinski.pl\/wp-content\/uploads\/2021\/01\/1912px-European_Parliament_Strasbourg_Hemicycle_-_Diliff.jpg","articleSection":["Wie\u015bci z Europy i \u015awiata","Wydarzenia"],"inLanguage":"hu","potentialAction":[{"@type":"CommentAction","name":"Comment","target":["https:\/\/marekkuchcinski.pl\/wydarzenia\/wiadomosci-z-europy-i-swiata-4-styczen-2021\/#respond"]}]},{"@type":"WebPage","@id":"https:\/\/marekkuchcinski.pl\/wydarzenia\/wiadomosci-z-europy-i-swiata-4-styczen-2021\/","url":"https:\/\/marekkuchcinski.pl\/wydarzenia\/wiadomosci-z-europy-i-swiata-4-styczen-2021\/","name":"Wiadomo\u015bci z Europy i \u015bwiata, 4 stycznia 2021 &#8211; Marek Kuchci\u0144ski","isPartOf":{"@id":"https:\/\/marekkuchcinski.pl\/#website"},"primaryImageOfPage":{"@id":"https:\/\/marekkuchcinski.pl\/wydarzenia\/wiadomosci-z-europy-i-swiata-4-styczen-2021\/#primaryimage"},"image":{"@id":"https:\/\/marekkuchcinski.pl\/wydarzenia\/wiadomosci-z-europy-i-swiata-4-styczen-2021\/#primaryimage"},"thumbnailUrl":"https:\/\/marekkuchcinski.pl\/wp-content\/uploads\/2021\/01\/1912px-European_Parliament_Strasbourg_Hemicycle_-_Diliff.jpg","datePublished":"2021-01-04T15:01:11+00:00","dateModified":"2021-01-26T13:25:11+00:00","breadcrumb":{"@id":"https:\/\/marekkuchcinski.pl\/wydarzenia\/wiadomosci-z-europy-i-swiata-4-styczen-2021\/#breadcrumb"},"inLanguage":"hu","potentialAction":[{"@type":"ReadAction","target":["https:\/\/marekkuchcinski.pl\/wydarzenia\/wiadomosci-z-europy-i-swiata-4-styczen-2021\/"]}]},{"@type":"ImageObject","inLanguage":"hu","@id":"https:\/\/marekkuchcinski.pl\/wydarzenia\/wiadomosci-z-europy-i-swiata-4-styczen-2021\/#primaryimage","url":"https:\/\/marekkuchcinski.pl\/wp-content\/uploads\/2021\/01\/1912px-European_Parliament_Strasbourg_Hemicycle_-_Diliff.jpg","contentUrl":"https:\/\/marekkuchcinski.pl\/wp-content\/uploads\/2021\/01\/1912px-European_Parliament_Strasbourg_Hemicycle_-_Diliff.jpg","width":1912,"height":1080},{"@type":"BreadcrumbList","@id":"https:\/\/marekkuchcinski.pl\/wydarzenia\/wiadomosci-z-europy-i-swiata-4-styczen-2021\/#breadcrumb","itemListElement":[{"@type":"ListItem","position":1,"name":"Strona g\u0142\u00f3wna","item":"https:\/\/marekkuchcinski.pl\/"},{"@type":"ListItem","position":2,"name":"Wiadomo\u015bci z Europy i \u015bwiata, 4 stycznia 2021"}]},{"@type":"WebSite","@id":"https:\/\/marekkuchcinski.pl\/#website","url":"https:\/\/marekkuchcinski.pl\/","name":"Marek Kuchci\u0144ski","description":"Pose\u0142 na sejm RP &ndash; okr\u0119g nr 22","publisher":{"@id":"https:\/\/marekkuchcinski.pl\/#organization"},"potentialAction":[{"@type":"SearchAction","target":{"@type":"EntryPoint","urlTemplate":"https:\/\/marekkuchcinski.pl\/?s={search_term_string}"},"query-input":{"@type":"PropertyValueSpecification","valueRequired":true,"valueName":"search_term_string"}}],"inLanguage":"hu"},{"@type":"Organization","@id":"https:\/\/marekkuchcinski.pl\/#organization","name":"Marek Kuchci\u0144ski","url":"https:\/\/marekkuchcinski.pl\/","logo":{"@type":"ImageObject","inLanguage":"hu","@id":"https:\/\/marekkuchcinski.pl\/#\/schema\/logo\/image\/","url":"https:\/\/marekkuchcinski.pl\/wp-content\/uploads\/2022\/09\/Marek.jpg","contentUrl":"https:\/\/marekkuchcinski.pl\/wp-content\/uploads\/2022\/09\/Marek.jpg","width":1600,"height":971,"caption":"Marek Kuchci\u0144ski"},"image":{"@id":"https:\/\/marekkuchcinski.pl\/#\/schema\/logo\/image\/"}},{"@type":"Person","@id":"https:\/\/marekkuchcinski.pl\/#\/schema\/person\/b8a29fe7813098f7be78801d029910a7","name":"Tomasz \u0141acina","image":{"@type":"ImageObject","inLanguage":"hu","@id":"https:\/\/marekkuchcinski.pl\/#\/schema\/person\/image\/","url":"https:\/\/secure.gravatar.com\/avatar\/22e75f6c51aff77a676ed77dd222f852?s=96&d=mm&r=g","contentUrl":"https:\/\/secure.gravatar.com\/avatar\/22e75f6c51aff77a676ed77dd222f852?s=96&d=mm&r=g","caption":"Tomasz \u0141acina"},"url":"https:\/\/marekkuchcinski.pl\/hu\/author\/tomek-lacina\/"}]}},"_links":{"self":[{"href":"https:\/\/marekkuchcinski.pl\/hu\/wp-json\/wp\/v2\/posts\/21226","targetHints":{"allow":["GET"]}}],"collection":[{"href":"https:\/\/marekkuchcinski.pl\/hu\/wp-json\/wp\/v2\/posts"}],"about":[{"href":"https:\/\/marekkuchcinski.pl\/hu\/wp-json\/wp\/v2\/types\/post"}],"author":[{"embeddable":true,"href":"https:\/\/marekkuchcinski.pl\/hu\/wp-json\/wp\/v2\/users\/17"}],"replies":[{"embeddable":true,"href":"https:\/\/marekkuchcinski.pl\/hu\/wp-json\/wp\/v2\/comments?post=21226"}],"version-history":[{"count":13,"href":"https:\/\/marekkuchcinski.pl\/hu\/wp-json\/wp\/v2\/posts\/21226\/revisions"}],"predecessor-version":[{"id":21670,"href":"https:\/\/marekkuchcinski.pl\/hu\/wp-json\/wp\/v2\/posts\/21226\/revisions\/21670"}],"wp:featuredmedia":[{"embeddable":true,"href":"https:\/\/marekkuchcinski.pl\/hu\/wp-json\/wp\/v2\/media\/21330"}],"wp:attachment":[{"href":"https:\/\/marekkuchcinski.pl\/hu\/wp-json\/wp\/v2\/media?parent=21226"}],"wp:term":[{"taxonomy":"category","embeddable":true,"href":"https:\/\/marekkuchcinski.pl\/hu\/wp-json\/wp\/v2\/categories?post=21226"},{"taxonomy":"post_tag","embeddable":true,"href":"https:\/\/marekkuchcinski.pl\/hu\/wp-json\/wp\/v2\/tags?post=21226"}],"curies":[{"name":"wp","href":"https:\/\/api.w.org\/{rel}","templated":true}]}}