{"id":21156,"date":"2020-12-28T15:42:41","date_gmt":"2020-12-28T14:42:41","guid":{"rendered":"https:\/\/marekkuchcinski.pl\/?p=21156"},"modified":"2021-01-16T15:53:45","modified_gmt":"2021-01-16T14:53:45","slug":"wiadomosci-z-europy-3","status":"publish","type":"post","link":"https:\/\/marekkuchcinski.pl\/hu\/europa\/wiadomosci-z-europy-3\/","title":{"rendered":"H\u00edrek Eur\u00f3p\u00e1b\u00f3l \u00e9s a vil\u00e1gb\u00f3l, 2020. december 28."},"content":{"rendered":"<div class=\"wp-block-image\"><figure class=\"aligncenter size-large is-resized\"><a href=\"https:\/\/marekkuchcinski.pl\/wp-content\/uploads\/2020\/12\/usgs-inNzGtPrkHk-unsplash-scaled.jpg\"><img fetchpriority=\"high\" decoding=\"async\" src=\"https:\/\/marekkuchcinski.pl\/wp-content\/uploads\/2020\/12\/usgs-inNzGtPrkHk-unsplash-1024x1024.jpg\" alt=\"\" class=\"wp-image-20284\" width=\"611\" height=\"611\" srcset=\"https:\/\/marekkuchcinski.pl\/wp-content\/uploads\/2020\/12\/usgs-inNzGtPrkHk-unsplash-1024x1024.jpg 1024w, https:\/\/marekkuchcinski.pl\/wp-content\/uploads\/2020\/12\/usgs-inNzGtPrkHk-unsplash-300x300.jpg 300w, https:\/\/marekkuchcinski.pl\/wp-content\/uploads\/2020\/12\/usgs-inNzGtPrkHk-unsplash-150x150.jpg 150w, https:\/\/marekkuchcinski.pl\/wp-content\/uploads\/2020\/12\/usgs-inNzGtPrkHk-unsplash-768x768.jpg 768w, https:\/\/marekkuchcinski.pl\/wp-content\/uploads\/2020\/12\/usgs-inNzGtPrkHk-unsplash-1536x1536.jpg 1536w, https:\/\/marekkuchcinski.pl\/wp-content\/uploads\/2020\/12\/usgs-inNzGtPrkHk-unsplash-scaled.jpg 2048w\" sizes=\"(max-width: 611px) 100vw, 611px\" \/><\/a><\/figure><\/div>\n\n\n\n<p class=\"has-large-font-size\"><strong><em>EUROPA<\/em><\/strong><\/p>\n\n\n\n<p><strong>Br\u00fcsszel:<\/strong> \"Meg\u00e9rte k\u00fczdeni ez\u00e9rt az \u00fczlet\u00e9rt. Most m\u00e1r tisztess\u00e9ges \u00e9s kiegyens\u00falyozott meg\u00e1llapod\u00e1sunk van az Egyes\u00fclt Kir\u00e1lys\u00e1ggal. Ez megv\u00e9di uni\u00f3s \u00e9rdekeinket, tisztess\u00e9ges versenyt \u00e9s kisz\u00e1m\u00edthat\u00f3s\u00e1got biztos\u00edt a hal\u00e1szk\u00f6z\u00f6ss\u00e9gek sz\u00e1m\u00e1ra\" - mondta Ursula von der Leyen, az Eur\u00f3pai Bizotts\u00e1g vezet\u0151je. Az EU f\u0151t\u00e1rgyal\u00f3ja, Michel Barnier figyelmeztetett, hogy \"a meg\u00e1llapod\u00e1shoz er\u0151fesz\u00edt\u00e9sekre lesz sz\u00fcks\u00e9g\".<\/p>\n\n\n\n<p><strong>Nyugat-Eur\u00f3pa<\/strong><\/p>\n\n\n\n<p><strong>Egyes\u00fclt Kir\u00e1lys\u00e1g:<\/strong> Boris Johnson brit minisztereln\u00f6k m\u00e9ltatta az \u00e1ltala \"eg\u00e9sz Eur\u00f3pa sz\u00e1m\u00e1ra j\u00f3 meg\u00e1llapod\u00e1snak\" nevezett meg\u00e1llapod\u00e1st, amely \"\u00faj stabilit\u00e1st \u00e9s \u00faj biztons\u00e1got\" ad az Egyes\u00fclt Kir\u00e1lys\u00e1g \u00e9s az EU k\u00f6z\u00f6tti kapcsolatoknak. David Cameron \u00e9s Theresa May kor\u00e1bbi minisztereln\u00f6k\u00f6k \"nagyon \u00fcdv\u00f6zlend\u0151nek\" nevezt\u00e9k a meg\u00e1llapod\u00e1st. May szerint ez \"bizalmat ad az \u00fczleti \u00e9letnek, \u00e9s seg\u00edt fenntartani a kereskedelem \u00e1raml\u00e1s\u00e1t\".<\/p>\n\n\n\n<p><strong>Franciaorsz\u00e1g:<\/strong> \"Eur\u00f3pa egys\u00e9ge \u00e9s hat\u00e1rozotts\u00e1ga kifizet\u0151d\u00f6tt\" - \u00edrta Macron eln\u00f6k a Twitteren, hozz\u00e1t\u00e9ve, hogy \"az Egyes\u00fclt Kir\u00e1lys\u00e1ggal k\u00f6t\u00f6tt meg\u00e1llapod\u00e1s elengedhetetlen polg\u00e1raink, hal\u00e1szaink \u00e9s termel\u0151ink v\u00e9delm\u00e9hez\", \u00e9s azzal z\u00e1rta, hogy \"Eur\u00f3pa fejl\u0151dik, \u00e9s egys\u00e9gesen egy szuver\u00e9n \u00e9s er\u0151s j\u00f6v\u0151 el\u00e9 n\u00e9zhet\".<\/p>\n\n\n\n<p><strong>N\u00e9metorsz\u00e1g:<\/strong> Angela Merkel kancell\u00e1r kijelentette, hogy \"meggy\u0151z\u0151d\u00e9se\", hogy a brit meg\u00e1llapod\u00e1s \"j\u00f3 eredm\u00e9nyt\" jelent, amelyet N\u00e9metorsz\u00e1g t\u00e1mogatni tud.<\/p>\n\n\n\n<p><strong>Spanyolorsz\u00e1g: <\/strong>A Pfizer logisztikai akad\u00e1lyok miatt egy nappal, keddre halasztotta a koronav\u00edrus elleni vakcina egy m\u00e1sik r\u00e9sz\u00e9nek Spanyolorsz\u00e1gba t\u00f6rt\u00e9n\u0151 sz\u00e1ll\u00edt\u00e1s\u00e1t - k\u00f6z\u00f6lte Salvador Illa eg\u00e9szs\u00e9g\u00fcgyi miniszter h\u00e9tf\u0151n.<\/p>\n\n\n\n<p><strong>Belgium: <\/strong>A COVID-19 elleni v\u00e9d\u0151olt\u00e1s megkezd\u0151d\u00f6tt, els\u0151bbs\u00e9get \u00e9lveznek a 65 \u00e9v felettiek \u00e9s az eg\u00e9szs\u00e9g\u00fcgyi dolgoz\u00f3k.<\/p>\n\n\n\n<p><strong>Visegr\u00e1di Csoport<\/strong><\/p>\n\n\n\n<p><strong>Magyarorsz\u00e1g:<\/strong> A h\u00e9tf\u0151i adatok szerint 609 magyar \u00e1llampolg\u00e1rn\u00e1l diagnosztiz\u00e1lt\u00e1k a koronav\u00edrus-fert\u0151z\u00e9st, \u00e9s 114-en meghaltak. Ezzel a Magyarorsz\u00e1gon azonos\u00edtott fert\u0151z\u00f6ttek sz\u00e1ma 316 669-re, a hal\u00e1lesetek sz\u00e1ma 9 161-re, a gy\u00f3gyul\u00e1sok sz\u00e1ma 134 344-re emelkedett. Az akt\u00edvan fert\u0151z\u00f6ttek sz\u00e1ma 173 164 volt.<\/p>\n\n\n\n<p class=\"has-large-font-size\"><strong><em>WORLD<\/em><\/strong><\/p>\n\n\n\n<p><strong>USA: <\/strong>Az Egyes\u00fclt \u00c1llamok Betegs\u00e9gellen\u0151rz\u00e9si \u00e9s Megel\u0151z\u00e9si K\u00f6zpontja (CDC) vas\u00e1rnap 18 909 910 \u00faj coronav\u00edrusos esetr\u0151l sz\u00e1molt be, ami 179 104 esettel t\u00f6bb, mint az el\u0151z\u0151 adat, a hal\u00e1lesetek sz\u00e1ma pedig 1309-cel, 330 901-re emelkedett.<\/p>\n\n\n\n<p><strong>Oroszorsz\u00e1g: <\/strong>Oroszorsz\u00e1g vas\u00e1rnap k\u00e9s\u0151 este k\u00f6z\u00f6lte, hogy tov\u00e1bbi csapatokat k\u00fcld\u00f6tt egy \u00e9szak-sz\u00edriai ter\u00fcletre, ahol a t\u00f6r\u00f6k\u00f6k \u00e1ltal t\u00e1mogatott fegyveresek \u00f6sszecsaptak a kurd er\u0151kkel egy orosz \u00e9s t\u00f6r\u00f6k csapatok \u00e1ltal \u0151rz\u00f6tt strat\u00e9giai fontoss\u00e1g\u00fa orsz\u00e1g\u00fat k\u00f6zel\u00e9ben. Szergej Lavrov orosz k\u00fcl\u00fcgyminiszter \u00e9s t\u00f6r\u00f6k koll\u00e9g\u00e1ja, Mevlut Cavusoglu december 29-\u00e9n, kedden D\u00e9l-Oroszorsz\u00e1gban folytat megbesz\u00e9l\u00e9seket.<\/p>\n\n\n\n<p><strong>K\u00edna: <\/strong>Egy k\u00ednai b\u00edr\u00f3s\u00e1g h\u00e9tf\u0151n n\u00e9gy \u00e9v b\u00f6rt\u00f6nb\u00fcntet\u00e9st szabott ki egy \u00fajs\u00e1g\u00edr\u00f3ra, aki a tavalyi koronav\u00edrusj\u00e1rv\u00e1ny tet\u0151pontj\u00e1n Wuhan belv\u00e1ros\u00e1b\u00f3l tud\u00f3s\u00edtott, \"bajkever\u00e9s\" miatt - k\u00f6z\u00f6lte \u00fcgyv\u00e9dje. A 37 \u00e9ves Zhang Zhan, az els\u0151 olyan szem\u00e9ly, akir\u0151l ismert, hogy b\u00edr\u00f3s\u00e1g el\u00e9 \u00e1ll\u00edtott\u00e1k, azon maroknyi ember k\u00f6z\u00e9 tartozott, akiknek a zs\u00fafolt k\u00f3rh\u00e1zakb\u00f3l \u00e9s \u00fcres utc\u00e1kb\u00f3l sz\u00e1rmaz\u00f3 els\u0151 k\u00e9zb\u0151l sz\u00e1rmaz\u00f3 besz\u00e1mol\u00f3i a hivatalos besz\u00e1mol\u00f3kn\u00e1l tragikusabb k\u00e9pet mutattak a j\u00e1rv\u00e1ny epicentrum\u00e1r\u00f3l.<\/p>\n\n\n\n<p><strong>D\u00e9l-Korea: <\/strong>D\u00e9l-koreai tisztvisel\u0151k azt \u00edg\u00e9rik, hogy felgyors\u00edtj\u00e1k a koronav\u00edrus elleni nyilv\u00e1nos v\u00e9d\u0151olt\u00e1si program elind\u00edt\u00e1s\u00e1ra ir\u00e1nyul\u00f3 er\u0151fesz\u00edt\u00e9seket, mivel az orsz\u00e1g h\u00e9tf\u0151n bejelentette, hogy kimutatt\u00e1k a fert\u0151z\u00e9sek gyors n\u00f6veked\u00e9s\u00e9hez kapcsol\u00f3d\u00f3 v\u00edrusv\u00e1ltozat els\u0151 eseteit az Egyes\u00fclt Kir\u00e1lys\u00e1gban.<\/p>","protected":false},"excerpt":{"rendered":"<p>EUR\u00d3PA Br\u00fcsszel: \"Meg\u00e9rte k\u00fczdeni ez\u00e9rt az \u00fczlet\u00e9rt. Most m\u00e1r tisztess\u00e9ges \u00e9s kiegyens\u00falyozott meg\u00e1llapod\u00e1sunk van az Egyes\u00fclt Kir\u00e1lys\u00e1ggal. Ez megv\u00e9di uni\u00f3s \u00e9rdekeinket, tisztess\u00e9ges versenyt \u00e9s kisz\u00e1m\u00edthat\u00f3s\u00e1got biztos\u00edt a hal\u00e1szk\u00f6z\u00f6ss\u00e9gek sz\u00e1m\u00e1ra\" - mondta Ursula von der Leyen, az Eur\u00f3pai Bizotts\u00e1g vezet\u0151je. Az EU f\u0151t\u00e1rgyal\u00f3ja, Michel Barnier figyelmeztetett, hogy \"a meg\u00e1llapod\u00e1shoz er\u0151fesz\u00edt\u00e9sekre lesz sz\u00fcks\u00e9g\". Nyugat-Eur\u00f3pa UK: [...]<\/p>","protected":false},"author":17,"featured_media":21158,"comment_status":"open","ping_status":"open","sticky":false,"template":"","format":"standard","meta":{"ngg_post_thumbnail":0,"footnotes":""},"categories":[185,3],"tags":[],"class_list":["post-21156","post","type-post","status-publish","format-standard","has-post-thumbnail","hentry","category-europa","category-wydarzenia"],"yoast_head":"<!-- This site is optimized with the Yoast SEO plugin v24.7 - https:\/\/yoast.com\/wordpress\/plugins\/seo\/ -->\n<title>Wiadomo\u015bci z Europy i \u015bwiata, 28 grudnia 2020 &#8211; Marek Kuchci\u0144ski<\/title>\n<meta name=\"robots\" content=\"index, follow, max-snippet:-1, max-image-preview:large, max-video-preview:-1\" \/>\n<link rel=\"canonical\" href=\"https:\/\/marekkuchcinski.pl\/hu\/europa\/wiadomosci-z-europy-3\/\" \/>\n<meta property=\"og:locale\" content=\"hu_HU\" \/>\n<meta property=\"og:type\" content=\"article\" \/>\n<meta property=\"og:title\" content=\"Wiadomo\u015bci z Europy i \u015bwiata, 28 grudnia 2020 &#8211; Marek Kuchci\u0144ski\" \/>\n<meta property=\"og:description\" content=\"EUROPA Bruksela: \u201eWarto by\u0142o walczy\u0107 o t\u0119 umow\u0119. Mamy teraz uczciw\u0105 i wywa\u017con\u0105 umow\u0119 z Wielk\u0105 Brytani\u0105. B\u0119dzie chroni\u0107 nasze interesy UE, zapewnia\u0107 uczciw\u0105 konkurencj\u0119 i przewidywalno\u015b\u0107 dla naszych spo\u0142eczno\u015bci rybackich \u201d- powiedzia\u0142a szefowa Komisji Europejskiej Ursula von der Leyen. G\u0142\u00f3wny negocjator UE, Michel Barnier, ostrzeg\u0142, \u017ce \u201eporozumienie b\u0119dzie wymaga\u0142o wysi\u0142k\u00f3w\u201d. Europa Zachodnia Wielka Brytania: [&hellip;]\" \/>\n<meta property=\"og:url\" content=\"https:\/\/marekkuchcinski.pl\/hu\/europa\/wiadomosci-z-europy-3\/\" \/>\n<meta property=\"og:site_name\" content=\"Marek Kuchci\u0144ski\" \/>\n<meta property=\"article:published_time\" content=\"2020-12-28T14:42:41+00:00\" \/>\n<meta property=\"article:modified_time\" content=\"2021-01-16T14:53:45+00:00\" \/>\n<meta property=\"og:image\" content=\"https:\/\/marekkuchcinski.pl\/wp-content\/uploads\/2020\/12\/image.png\" \/>\n\t<meta property=\"og:image:width\" content=\"500\" \/>\n\t<meta property=\"og:image:height\" content=\"500\" \/>\n\t<meta property=\"og:image:type\" content=\"image\/png\" \/>\n<meta name=\"author\" content=\"Tomasz \u0141acina\" \/>\n<meta name=\"twitter:card\" content=\"summary_large_image\" \/>\n<meta name=\"twitter:label1\" content=\"Szerz\u0151:\" \/>\n\t<meta name=\"twitter:data1\" content=\"Tomasz \u0141acina\" \/>\n\t<meta name=\"twitter:label2\" content=\"Becs\u00fclt olvas\u00e1si id\u0151\" \/>\n\t<meta name=\"twitter:data2\" content=\"3 perc\" \/>\n<script type=\"application\/ld+json\" class=\"yoast-schema-graph\">{\"@context\":\"https:\/\/schema.org\",\"@graph\":[{\"@type\":\"Article\",\"@id\":\"https:\/\/marekkuchcinski.pl\/cs\/europa\/wiadomosci-z-europy-3\/#article\",\"isPartOf\":{\"@id\":\"https:\/\/marekkuchcinski.pl\/cs\/europa\/wiadomosci-z-europy-3\/\"},\"author\":{\"name\":\"Tomasz \u0141acina\",\"@id\":\"https:\/\/marekkuchcinski.pl\/#\/schema\/person\/b8a29fe7813098f7be78801d029910a7\"},\"headline\":\"Wiadomo\u015bci z Europy i \u015bwiata, 28 grudnia 2020\",\"datePublished\":\"2020-12-28T14:42:41+00:00\",\"dateModified\":\"2021-01-16T14:53:45+00:00\",\"mainEntityOfPage\":{\"@id\":\"https:\/\/marekkuchcinski.pl\/cs\/europa\/wiadomosci-z-europy-3\/\"},\"wordCount\":549,\"commentCount\":0,\"publisher\":{\"@id\":\"https:\/\/marekkuchcinski.pl\/#organization\"},\"image\":{\"@id\":\"https:\/\/marekkuchcinski.pl\/cs\/europa\/wiadomosci-z-europy-3\/#primaryimage\"},\"thumbnailUrl\":\"https:\/\/marekkuchcinski.pl\/wp-content\/uploads\/2020\/12\/image.png\",\"articleSection\":[\"Wie\u015bci z Europy i \u015awiata\",\"Wydarzenia\"],\"inLanguage\":\"hu\",\"potentialAction\":[{\"@type\":\"CommentAction\",\"name\":\"Comment\",\"target\":[\"https:\/\/marekkuchcinski.pl\/cs\/europa\/wiadomosci-z-europy-3\/#respond\"]}]},{\"@type\":\"WebPage\",\"@id\":\"https:\/\/marekkuchcinski.pl\/cs\/europa\/wiadomosci-z-europy-3\/\",\"url\":\"https:\/\/marekkuchcinski.pl\/cs\/europa\/wiadomosci-z-europy-3\/\",\"name\":\"Wiadomo\u015bci z Europy i \u015bwiata, 28 grudnia 2020 &#8211; Marek Kuchci\u0144ski\",\"isPartOf\":{\"@id\":\"https:\/\/marekkuchcinski.pl\/#website\"},\"primaryImageOfPage\":{\"@id\":\"https:\/\/marekkuchcinski.pl\/cs\/europa\/wiadomosci-z-europy-3\/#primaryimage\"},\"image\":{\"@id\":\"https:\/\/marekkuchcinski.pl\/cs\/europa\/wiadomosci-z-europy-3\/#primaryimage\"},\"thumbnailUrl\":\"https:\/\/marekkuchcinski.pl\/wp-content\/uploads\/2020\/12\/image.png\",\"datePublished\":\"2020-12-28T14:42:41+00:00\",\"dateModified\":\"2021-01-16T14:53:45+00:00\",\"breadcrumb\":{\"@id\":\"https:\/\/marekkuchcinski.pl\/cs\/europa\/wiadomosci-z-europy-3\/#breadcrumb\"},\"inLanguage\":\"hu\",\"potentialAction\":[{\"@type\":\"ReadAction\",\"target\":[\"https:\/\/marekkuchcinski.pl\/cs\/europa\/wiadomosci-z-europy-3\/\"]}]},{\"@type\":\"ImageObject\",\"inLanguage\":\"hu\",\"@id\":\"https:\/\/marekkuchcinski.pl\/cs\/europa\/wiadomosci-z-europy-3\/#primaryimage\",\"url\":\"https:\/\/marekkuchcinski.pl\/wp-content\/uploads\/2020\/12\/image.png\",\"contentUrl\":\"https:\/\/marekkuchcinski.pl\/wp-content\/uploads\/2020\/12\/image.png\",\"width\":500,\"height\":500},{\"@type\":\"BreadcrumbList\",\"@id\":\"https:\/\/marekkuchcinski.pl\/cs\/europa\/wiadomosci-z-europy-3\/#breadcrumb\",\"itemListElement\":[{\"@type\":\"ListItem\",\"position\":1,\"name\":\"Strona g\u0142\u00f3wna\",\"item\":\"https:\/\/marekkuchcinski.pl\/\"},{\"@type\":\"ListItem\",\"position\":2,\"name\":\"Wiadomo\u015bci z Europy i \u015bwiata, 28 grudnia 2020\"}]},{\"@type\":\"WebSite\",\"@id\":\"https:\/\/marekkuchcinski.pl\/#website\",\"url\":\"https:\/\/marekkuchcinski.pl\/\",\"name\":\"Marek Kuchci\u0144ski\",\"description\":\"Pose\u0142 na sejm RP &ndash; okr\u0119g nr 22\",\"publisher\":{\"@id\":\"https:\/\/marekkuchcinski.pl\/#organization\"},\"potentialAction\":[{\"@type\":\"SearchAction\",\"target\":{\"@type\":\"EntryPoint\",\"urlTemplate\":\"https:\/\/marekkuchcinski.pl\/?s={search_term_string}\"},\"query-input\":{\"@type\":\"PropertyValueSpecification\",\"valueRequired\":true,\"valueName\":\"search_term_string\"}}],\"inLanguage\":\"hu\"},{\"@type\":\"Organization\",\"@id\":\"https:\/\/marekkuchcinski.pl\/#organization\",\"name\":\"Marek Kuchci\u0144ski\",\"url\":\"https:\/\/marekkuchcinski.pl\/\",\"logo\":{\"@type\":\"ImageObject\",\"inLanguage\":\"hu\",\"@id\":\"https:\/\/marekkuchcinski.pl\/#\/schema\/logo\/image\/\",\"url\":\"https:\/\/marekkuchcinski.pl\/wp-content\/uploads\/2022\/09\/Marek.jpg\",\"contentUrl\":\"https:\/\/marekkuchcinski.pl\/wp-content\/uploads\/2022\/09\/Marek.jpg\",\"width\":1600,\"height\":971,\"caption\":\"Marek Kuchci\u0144ski\"},\"image\":{\"@id\":\"https:\/\/marekkuchcinski.pl\/#\/schema\/logo\/image\/\"}},{\"@type\":\"Person\",\"@id\":\"https:\/\/marekkuchcinski.pl\/#\/schema\/person\/b8a29fe7813098f7be78801d029910a7\",\"name\":\"Tomasz \u0141acina\",\"image\":{\"@type\":\"ImageObject\",\"inLanguage\":\"hu\",\"@id\":\"https:\/\/marekkuchcinski.pl\/#\/schema\/person\/image\/\",\"url\":\"https:\/\/secure.gravatar.com\/avatar\/22e75f6c51aff77a676ed77dd222f852?s=96&d=mm&r=g\",\"contentUrl\":\"https:\/\/secure.gravatar.com\/avatar\/22e75f6c51aff77a676ed77dd222f852?s=96&d=mm&r=g\",\"caption\":\"Tomasz \u0141acina\"},\"url\":\"https:\/\/marekkuchcinski.pl\/hu\/author\/tomek-lacina\/\"}]}<\/script>\n<!-- \/ Yoast SEO plugin. -->","yoast_head_json":{"title":"Wiadomo\u015bci z Europy i \u015bwiata, 28 grudnia 2020 &#8211; Marek Kuchci\u0144ski","robots":{"index":"index","follow":"follow","max-snippet":"max-snippet:-1","max-image-preview":"max-image-preview:large","max-video-preview":"max-video-preview:-1"},"canonical":"https:\/\/marekkuchcinski.pl\/hu\/europa\/wiadomosci-z-europy-3\/","og_locale":"hu_HU","og_type":"article","og_title":"Wiadomo\u015bci z Europy i \u015bwiata, 28 grudnia 2020 &#8211; Marek Kuchci\u0144ski","og_description":"EUROPA Bruksela: \u201eWarto by\u0142o walczy\u0107 o t\u0119 umow\u0119. Mamy teraz uczciw\u0105 i wywa\u017con\u0105 umow\u0119 z Wielk\u0105 Brytani\u0105. B\u0119dzie chroni\u0107 nasze interesy UE, zapewnia\u0107 uczciw\u0105 konkurencj\u0119 i przewidywalno\u015b\u0107 dla naszych spo\u0142eczno\u015bci rybackich \u201d- powiedzia\u0142a szefowa Komisji Europejskiej Ursula von der Leyen. G\u0142\u00f3wny negocjator UE, Michel Barnier, ostrzeg\u0142, \u017ce \u201eporozumienie b\u0119dzie wymaga\u0142o wysi\u0142k\u00f3w\u201d. Europa Zachodnia Wielka Brytania: [&hellip;]","og_url":"https:\/\/marekkuchcinski.pl\/hu\/europa\/wiadomosci-z-europy-3\/","og_site_name":"Marek Kuchci\u0144ski","article_published_time":"2020-12-28T14:42:41+00:00","article_modified_time":"2021-01-16T14:53:45+00:00","og_image":[{"width":500,"height":500,"url":"https:\/\/marekkuchcinski.pl\/wp-content\/uploads\/2020\/12\/image.png","type":"image\/png"}],"author":"Tomasz \u0141acina","twitter_card":"summary_large_image","twitter_misc":{"Szerz\u0151:":"Tomasz \u0141acina","Becs\u00fclt olvas\u00e1si id\u0151":"3 perc"},"schema":{"@context":"https:\/\/schema.org","@graph":[{"@type":"Article","@id":"https:\/\/marekkuchcinski.pl\/cs\/europa\/wiadomosci-z-europy-3\/#article","isPartOf":{"@id":"https:\/\/marekkuchcinski.pl\/cs\/europa\/wiadomosci-z-europy-3\/"},"author":{"name":"Tomasz \u0141acina","@id":"https:\/\/marekkuchcinski.pl\/#\/schema\/person\/b8a29fe7813098f7be78801d029910a7"},"headline":"Wiadomo\u015bci z Europy i \u015bwiata, 28 grudnia 2020","datePublished":"2020-12-28T14:42:41+00:00","dateModified":"2021-01-16T14:53:45+00:00","mainEntityOfPage":{"@id":"https:\/\/marekkuchcinski.pl\/cs\/europa\/wiadomosci-z-europy-3\/"},"wordCount":549,"commentCount":0,"publisher":{"@id":"https:\/\/marekkuchcinski.pl\/#organization"},"image":{"@id":"https:\/\/marekkuchcinski.pl\/cs\/europa\/wiadomosci-z-europy-3\/#primaryimage"},"thumbnailUrl":"https:\/\/marekkuchcinski.pl\/wp-content\/uploads\/2020\/12\/image.png","articleSection":["Wie\u015bci z Europy i \u015awiata","Wydarzenia"],"inLanguage":"hu","potentialAction":[{"@type":"CommentAction","name":"Comment","target":["https:\/\/marekkuchcinski.pl\/cs\/europa\/wiadomosci-z-europy-3\/#respond"]}]},{"@type":"WebPage","@id":"https:\/\/marekkuchcinski.pl\/cs\/europa\/wiadomosci-z-europy-3\/","url":"https:\/\/marekkuchcinski.pl\/cs\/europa\/wiadomosci-z-europy-3\/","name":"Wiadomo\u015bci z Europy i \u015bwiata, 28 grudnia 2020 &#8211; Marek Kuchci\u0144ski","isPartOf":{"@id":"https:\/\/marekkuchcinski.pl\/#website"},"primaryImageOfPage":{"@id":"https:\/\/marekkuchcinski.pl\/cs\/europa\/wiadomosci-z-europy-3\/#primaryimage"},"image":{"@id":"https:\/\/marekkuchcinski.pl\/cs\/europa\/wiadomosci-z-europy-3\/#primaryimage"},"thumbnailUrl":"https:\/\/marekkuchcinski.pl\/wp-content\/uploads\/2020\/12\/image.png","datePublished":"2020-12-28T14:42:41+00:00","dateModified":"2021-01-16T14:53:45+00:00","breadcrumb":{"@id":"https:\/\/marekkuchcinski.pl\/cs\/europa\/wiadomosci-z-europy-3\/#breadcrumb"},"inLanguage":"hu","potentialAction":[{"@type":"ReadAction","target":["https:\/\/marekkuchcinski.pl\/cs\/europa\/wiadomosci-z-europy-3\/"]}]},{"@type":"ImageObject","inLanguage":"hu","@id":"https:\/\/marekkuchcinski.pl\/cs\/europa\/wiadomosci-z-europy-3\/#primaryimage","url":"https:\/\/marekkuchcinski.pl\/wp-content\/uploads\/2020\/12\/image.png","contentUrl":"https:\/\/marekkuchcinski.pl\/wp-content\/uploads\/2020\/12\/image.png","width":500,"height":500},{"@type":"BreadcrumbList","@id":"https:\/\/marekkuchcinski.pl\/cs\/europa\/wiadomosci-z-europy-3\/#breadcrumb","itemListElement":[{"@type":"ListItem","position":1,"name":"Strona g\u0142\u00f3wna","item":"https:\/\/marekkuchcinski.pl\/"},{"@type":"ListItem","position":2,"name":"Wiadomo\u015bci z Europy i \u015bwiata, 28 grudnia 2020"}]},{"@type":"WebSite","@id":"https:\/\/marekkuchcinski.pl\/#website","url":"https:\/\/marekkuchcinski.pl\/","name":"Marek Kuchci\u0144ski","description":"Pose\u0142 na sejm RP &ndash; okr\u0119g nr 22","publisher":{"@id":"https:\/\/marekkuchcinski.pl\/#organization"},"potentialAction":[{"@type":"SearchAction","target":{"@type":"EntryPoint","urlTemplate":"https:\/\/marekkuchcinski.pl\/?s={search_term_string}"},"query-input":{"@type":"PropertyValueSpecification","valueRequired":true,"valueName":"search_term_string"}}],"inLanguage":"hu"},{"@type":"Organization","@id":"https:\/\/marekkuchcinski.pl\/#organization","name":"Marek Kuchci\u0144ski","url":"https:\/\/marekkuchcinski.pl\/","logo":{"@type":"ImageObject","inLanguage":"hu","@id":"https:\/\/marekkuchcinski.pl\/#\/schema\/logo\/image\/","url":"https:\/\/marekkuchcinski.pl\/wp-content\/uploads\/2022\/09\/Marek.jpg","contentUrl":"https:\/\/marekkuchcinski.pl\/wp-content\/uploads\/2022\/09\/Marek.jpg","width":1600,"height":971,"caption":"Marek Kuchci\u0144ski"},"image":{"@id":"https:\/\/marekkuchcinski.pl\/#\/schema\/logo\/image\/"}},{"@type":"Person","@id":"https:\/\/marekkuchcinski.pl\/#\/schema\/person\/b8a29fe7813098f7be78801d029910a7","name":"Tomasz \u0141acina","image":{"@type":"ImageObject","inLanguage":"hu","@id":"https:\/\/marekkuchcinski.pl\/#\/schema\/person\/image\/","url":"https:\/\/secure.gravatar.com\/avatar\/22e75f6c51aff77a676ed77dd222f852?s=96&d=mm&r=g","contentUrl":"https:\/\/secure.gravatar.com\/avatar\/22e75f6c51aff77a676ed77dd222f852?s=96&d=mm&r=g","caption":"Tomasz \u0141acina"},"url":"https:\/\/marekkuchcinski.pl\/hu\/author\/tomek-lacina\/"}]}},"_links":{"self":[{"href":"https:\/\/marekkuchcinski.pl\/hu\/wp-json\/wp\/v2\/posts\/21156","targetHints":{"allow":["GET"]}}],"collection":[{"href":"https:\/\/marekkuchcinski.pl\/hu\/wp-json\/wp\/v2\/posts"}],"about":[{"href":"https:\/\/marekkuchcinski.pl\/hu\/wp-json\/wp\/v2\/types\/post"}],"author":[{"embeddable":true,"href":"https:\/\/marekkuchcinski.pl\/hu\/wp-json\/wp\/v2\/users\/17"}],"replies":[{"embeddable":true,"href":"https:\/\/marekkuchcinski.pl\/hu\/wp-json\/wp\/v2\/comments?post=21156"}],"version-history":[{"count":5,"href":"https:\/\/marekkuchcinski.pl\/hu\/wp-json\/wp\/v2\/posts\/21156\/revisions"}],"predecessor-version":[{"id":21419,"href":"https:\/\/marekkuchcinski.pl\/hu\/wp-json\/wp\/v2\/posts\/21156\/revisions\/21419"}],"wp:featuredmedia":[{"embeddable":true,"href":"https:\/\/marekkuchcinski.pl\/hu\/wp-json\/wp\/v2\/media\/21158"}],"wp:attachment":[{"href":"https:\/\/marekkuchcinski.pl\/hu\/wp-json\/wp\/v2\/media?parent=21156"}],"wp:term":[{"taxonomy":"category","embeddable":true,"href":"https:\/\/marekkuchcinski.pl\/hu\/wp-json\/wp\/v2\/categories?post=21156"},{"taxonomy":"post_tag","embeddable":true,"href":"https:\/\/marekkuchcinski.pl\/hu\/wp-json\/wp\/v2\/tags?post=21156"}],"curies":[{"name":"wp","href":"https:\/\/api.w.org\/{rel}","templated":true}]}}