{"id":21014,"date":"2020-12-14T23:52:58","date_gmt":"2020-12-14T22:52:58","guid":{"rendered":"https:\/\/marekkuchcinski.pl\/?p=21014"},"modified":"2020-12-18T16:18:33","modified_gmt":"2020-12-18T15:18:33","slug":"potrzeba-wiekszego-wsparcia-dla-parkow-narodowych-jako-najwazniejszych-form-ochrony-przyrody","status":"publish","type":"post","link":"https:\/\/marekkuchcinski.pl\/hu\/wydarzenia\/potrzeba-wiekszego-wsparcia-dla-parkow-narodowych-jako-najwazniejszych-form-ochrony-przyrody\/","title":{"rendered":"A nemzeti parkok, mint a term\u00e9szetv\u00e9delem leg\u00e9rt\u00e9kesebb form\u00e1i nagyobb t\u00e1mogat\u00e1s\u00e1nak sz\u00fcks\u00e9gess\u00e9ge."},"content":{"rendered":"<p>Az \u00fcl\u00e9sen <strong>K\u00f6rnyezetv\u00e9delmi, Term\u00e9szetv\u00e9delmi \u00e9s Erd\u00e9szeti Bizotts\u00e1g <\/strong>A kl\u00edma- \u00e9s k\u00f6rnyezetv\u00e9delmi miniszter t\u00e1j\u00e9koztat\u00f3j\u00e1t a nemzeti parkokr\u00f3l \u00e9s term\u00e9szetv\u00e9delmi ter\u00fcletekr\u0151l, mint a leg\u00e9rt\u00e9kesebb nemzeti term\u00e9szetv\u00e9delmi form\u00e1kr\u00f3l - a Bieszczady Nemzeti Park p\u00e9ld\u00e1j\u00e1n - figyelembe vett\u00e9k.<\/p>\n\n\n\n<p>Az \u00fcl\u00e9sen Marek Kuchci\u0144ski kifejtette, hogy az \u00e1llami k\u00f6lts\u00e9gvet\u00e9sb\u0151l nagyobb t\u00e1mogat\u00e1st kell ny\u00fajtani a nemzeti parkoknak, amelyek a term\u00e9szetv\u00e9delem legfontosabb form\u00e1j\u00e1t jelentik. R\u00e1mutatott, hogy a term\u00e9szetv\u00e9delmi tev\u00e9kenys\u00e9gek hat\u00e9konys\u00e1g\u00e1nak n\u00f6vel\u00e9se \u00e9rdek\u00e9ben sz\u00fcks\u00e9ges, ami a hossz\u00fa t\u00e1v\u00fa fejleszt\u00e9si strat\u00e9gia elfogad\u00e1sa sor\u00e1n kifejez\u00e9sre jutott. <em>Eur\u00f3pai Z\u00f6ld Meg\u00e1llapod\u00e1s<\/em> - amely lehet\u0151v\u00e9 teszi az er\u0151forr\u00e1sok hat\u00e9konyabb felhaszn\u00e1l\u00e1s\u00e1t a tiszta, z\u00e1rt k\u00f6rforg\u00e1s\u00fa gazdas\u00e1g fel\u00e9 val\u00f3 elmozdul\u00e1ssal, valamint a biol\u00f3giai sokf\u00e9les\u00e9g cs\u00f6kken\u00e9s\u00e9nek ellens\u00falyoz\u00e1s\u00e1t \u00e9s a szennyez\u00e9s m\u00e9rt\u00e9k\u00e9nek cs\u00f6kkent\u00e9s\u00e9t.<\/p>\n\n\n\n<p>Marek Kuchci\u0144ski kiemelte a Bieszczady Nemzeti Park fontos szerep\u00e9t, amely az egyetlen Eur\u00f3p\u00e1ban, amely h\u00e1romoldal\u00fa nemzetk\u00f6zi bioszf\u00e9ra-rezerv\u00e1tum ( <em>Keleti-K\u00e1rp\u00e1tok<\/em> ), \u00e9s egy\u00fattal kiutat jelent a biol\u00f3giai sokf\u00e9les\u00e9g nemzetk\u00f6zi v\u00e9delme fel\u00e9. Az 1973-ban alap\u00edtott parkot a Bieszczady-hegys\u00e9gre jellemz\u0151 f\u0151bb t\u00e1jform\u00e1k - jellegzetes \u00f6kosziszt\u00e9m\u00e1j\u00fa n\u00f6v\u00e9nyzet, a Keleti-K\u00e1rp\u00e1tok \u00e9s a magashegys\u00e9g n\u00f6v\u00e9ny- \u00e9s \u00e1llatvil\u00e1g\u00e1nak legfontosabb el\u0151fordul\u00e1si ter\u00fcletei, valamint a nagyeml\u0151s\u00f6k \u00e9s madarak gazdag faun\u00e1j\u00e1val rendelkez\u0151 term\u00e9szetes \u00f6reg erd\u0151k - v\u00e9delme \u00e9rdek\u00e9ben hozt\u00e1k l\u00e9tre.<\/p>\n\n\n\n<div class=\"wp-block-image\"><figure class=\"aligncenter size-large\"><a href=\"https:\/\/marekkuchcinski.pl\/wp-content\/uploads\/2020\/12\/776px-East_Carpathian_Biosphere_Reserve_map_en.png\"><img fetchpriority=\"high\" decoding=\"async\" width=\"776\" height=\"600\" src=\"https:\/\/marekkuchcinski.pl\/wp-content\/uploads\/2020\/12\/776px-East_Carpathian_Biosphere_Reserve_map_en.png\" alt=\"\" class=\"wp-image-21017\" srcset=\"https:\/\/marekkuchcinski.pl\/wp-content\/uploads\/2020\/12\/776px-East_Carpathian_Biosphere_Reserve_map_en.png 776w, https:\/\/marekkuchcinski.pl\/wp-content\/uploads\/2020\/12\/776px-East_Carpathian_Biosphere_Reserve_map_en-300x232.png 300w, https:\/\/marekkuchcinski.pl\/wp-content\/uploads\/2020\/12\/776px-East_Carpathian_Biosphere_Reserve_map_en-768x594.png 768w, https:\/\/marekkuchcinski.pl\/wp-content\/uploads\/2020\/12\/776px-East_Carpathian_Biosphere_Reserve_map_en-16x12.png 16w\" sizes=\"(max-width: 776px) 100vw, 776px\" \/><\/a><\/figure><\/div>\n\n\n\n<p>A nemzeti parkok \u00e9vente t\u00f6bb mint 15 milli\u00f3 l\u00e1togat\u00f3t fogadnak, ami n\u00f6veli a polg\u00e1rok term\u00e9szetre gyakorolt hat\u00e1s\u00e1t. Marek Kuchci\u0144ski kifejtette azt a posztul\u00e1tumot, hogy a nemzeti parkokat a turist\u00e1k \u00e9rdekl\u0151d\u00e9s\u00e9t\u0151l mentes\u00edteni kell a parkok k\u00f6r\u00fcli ter\u00fcletek kezel\u00e9s\u00e9vel. Erre p\u00e9lda a Lutowiska k\u00f6zs\u00e9gben (K\u00e1rp\u00e1taljai vajdas\u00e1g) tal\u00e1lhat\u00f3 Sztuposjany erd\u0151fel\u00fcgyel\u0151s\u00e9g, ahol a ter\u00fcleteket b\u00f6l\u00e9nyket befogad\u00f3 \u00e1llom\u00e1sokk\u00e1, kil\u00e1t\u00f3tornyokk\u00e1 \u00e9s s\u00edfut\u00f3p\u00e1ly\u00e1kk\u00e1 alak\u00edtott\u00e1k. Fontos szempontk\u00e9nt eml\u00edtette az erd\u00e9szeti alap r\u00e9szesed\u00e9s\u00e9nek n\u00f6vel\u00e9s\u00e9t a fel\u00faj\u00edt\u00e1si \u00e9s beruh\u00e1z\u00e1si munk\u00e1latokban, valamint a nemzeti parkok \u00e9s v\u00e9dett ter\u00fcletek k\u00f6zel\u00e9ben l\u00e9v\u0151 \u00f6nkorm\u00e1nyzatok t\u00e1mogat\u00e1s\u00e1nak sz\u00fcks\u00e9gess\u00e9g\u00e9t.<\/p>\n\n\n\n<p>Marek Kuchci\u0144ski kiemelte az \u00e1llami erd\u0151k \u00e9s a nemzeti parkok alkalmazottai k\u00f6z\u00f6tti b\u00e9rk\u00fcl\u00f6nbs\u00e9geket, jelezve, hogy n\u00f6velni kell a parki alkalmazottak fizet\u00e9s\u00e9t - vagy legal\u00e1bbis egyenl\u0151v\u00e9 kell tenni azt.<\/p>\n\n\n\n<div class=\"wp-block-image\"><figure class=\"aligncenter size-large\"><a href=\"https:\/\/marekkuchcinski.pl\/wp-content\/uploads\/2020\/12\/EpMIHsrW4AEgyOI-scaled.jpg\"><img decoding=\"async\" width=\"1024\" height=\"682\" src=\"https:\/\/marekkuchcinski.pl\/wp-content\/uploads\/2020\/12\/EpMIHsrW4AEgyOI-1024x682.jpg\" alt=\"\" class=\"wp-image-21021\" srcset=\"https:\/\/marekkuchcinski.pl\/wp-content\/uploads\/2020\/12\/EpMIHsrW4AEgyOI-1024x682.jpg 1024w, https:\/\/marekkuchcinski.pl\/wp-content\/uploads\/2020\/12\/EpMIHsrW4AEgyOI-300x200.jpg 300w, https:\/\/marekkuchcinski.pl\/wp-content\/uploads\/2020\/12\/EpMIHsrW4AEgyOI-768x512.jpg 768w, https:\/\/marekkuchcinski.pl\/wp-content\/uploads\/2020\/12\/EpMIHsrW4AEgyOI-1536x1023.jpg 1536w, https:\/\/marekkuchcinski.pl\/wp-content\/uploads\/2020\/12\/EpMIHsrW4AEgyOI-scaled.jpg 2048w, https:\/\/marekkuchcinski.pl\/wp-content\/uploads\/2020\/12\/EpMIHsrW4AEgyOI-16x12.jpg 16w\" sizes=\"(max-width: 1024px) 100vw, 1024px\" \/><\/a><\/figure><\/div>\n\n\n\n<p>fot\u00f3: A Szejm kancell\u00e1ri\u00e1ja\/Alexander Zieli\u0144ski.<\/p>","protected":false},"excerpt":{"rendered":"<p>A K\u00f6rnyezetv\u00e9delmi, Term\u00e9szetv\u00e9delmi \u00e9s Erd\u00e9szeti Bizotts\u00e1g \u00fcl\u00e9s\u00e9n a kl\u00edma- \u00e9s k\u00f6rnyezetv\u00e9delmi miniszter t\u00e1j\u00e9koztat\u00f3j\u00e1t a nemzeti parkokr\u00f3l \u00e9s term\u00e9szetv\u00e9delmi ter\u00fcletekr\u0151l, mint a leg\u00e9rt\u00e9kesebb nemzeti term\u00e9szetv\u00e9delmi form\u00e1kr\u00f3l - a Bieszczady Nemzeti Park p\u00e9ld\u00e1j\u00e1n - t\u00e1rgyalt\u00e1k. A tan\u00e1cskoz\u00e1s sor\u00e1n Marek Kuchci\u0144ski kifejtette, hogy a nemzeti parkoknak, mint a term\u00e9szetv\u00e9delem legfontosabb form\u00e1j\u00e1nak, nagyobb t\u00e1mogat\u00e1st kell kapniuk az \u00e1llami k\u00f6lts\u00e9gvet\u00e9sb\u0151l. [...]<\/p>","protected":false},"author":17,"featured_media":21019,"comment_status":"open","ping_status":"open","sticky":false,"template":"","format":"standard","meta":{"ngg_post_thumbnail":0,"footnotes":""},"categories":[164,3],"tags":[],"class_list":["post-21014","post","type-post","status-publish","format-standard","has-post-thumbnail","hentry","category-komisje-sejmowe","category-wydarzenia"],"yoast_head":"<!-- This site is optimized with the Yoast SEO plugin v24.7 - https:\/\/yoast.com\/wordpress\/plugins\/seo\/ -->\n<title>Potrzeba wi\u0119kszego wsparcia dla park\u00f3w narodowych jako najcenniejszych form ochrony przyrody. &#8211; Marek Kuchci\u0144ski<\/title>\n<meta name=\"robots\" content=\"index, follow, max-snippet:-1, max-image-preview:large, max-video-preview:-1\" \/>\n<link rel=\"canonical\" href=\"https:\/\/marekkuchcinski.pl\/hu\/wydarzenia\/potrzeba-wiekszego-wsparcia-dla-parkow-narodowych-jako-najwazniejszych-form-ochrony-przyrody\/\" \/>\n<meta property=\"og:locale\" content=\"hu_HU\" \/>\n<meta property=\"og:type\" content=\"article\" \/>\n<meta property=\"og:title\" content=\"Potrzeba wi\u0119kszego wsparcia dla park\u00f3w narodowych jako najcenniejszych form ochrony przyrody. &#8211; Marek Kuchci\u0144ski\" \/>\n<meta property=\"og:description\" content=\"Na posiedzeniu Komisji Ochrony \u015arodowiska, Zasob\u00f3w Naturalnych i Le\u015bnictwa rozpatrzona zosta\u0142a informacja Ministra Klimatu i \u015arodowiska na temat park\u00f3w narodowych i rezerwat\u00f3w przyrody jako najcenniejszych narodowych form ochrony przyrody \u2013 na przyk\u0142adzie Bieszczadzkiego Parku Narodowego. Podczas obrad Marek Kuchci\u0144ski wyrazi\u0142 potrzeb\u0119 wi\u0119kszego wsparcia ze strony bud\u017cetu pa\u0144stwa dla park\u00f3w narodowych stanowi\u0105cych najwa\u017cniejsz\u0105 form\u0119 ochrony przyrody. [&hellip;]\" \/>\n<meta property=\"og:url\" content=\"https:\/\/marekkuchcinski.pl\/hu\/wydarzenia\/potrzeba-wiekszego-wsparcia-dla-parkow-narodowych-jako-najwazniejszych-form-ochrony-przyrody\/\" \/>\n<meta property=\"og:site_name\" content=\"Marek Kuchci\u0144ski\" \/>\n<meta property=\"article:published_time\" content=\"2020-12-14T22:52:58+00:00\" \/>\n<meta property=\"article:modified_time\" content=\"2020-12-18T15:18:33+00:00\" \/>\n<meta property=\"og:image\" content=\"https:\/\/marekkuchcinski.pl\/wp-content\/uploads\/2020\/12\/EpMH_qsWEAEDsLO-scaled.jpg\" \/>\n\t<meta property=\"og:image:width\" content=\"2048\" \/>\n\t<meta property=\"og:image:height\" content=\"1364\" \/>\n\t<meta property=\"og:image:type\" content=\"image\/jpeg\" \/>\n<meta name=\"author\" content=\"Tomasz \u0141acina\" \/>\n<meta name=\"twitter:card\" content=\"summary_large_image\" \/>\n<meta name=\"twitter:label1\" content=\"Szerz\u0151:\" \/>\n\t<meta name=\"twitter:data1\" content=\"Tomasz \u0141acina\" \/>\n\t<meta name=\"twitter:label2\" content=\"Becs\u00fclt olvas\u00e1si id\u0151\" \/>\n\t<meta name=\"twitter:data2\" content=\"2 perc\" \/>\n<script type=\"application\/ld+json\" class=\"yoast-schema-graph\">{\"@context\":\"https:\/\/schema.org\",\"@graph\":[{\"@type\":\"Article\",\"@id\":\"https:\/\/marekkuchcinski.pl\/wydarzenia\/potrzeba-wiekszego-wsparcia-dla-parkow-narodowych-jako-najwazniejszych-form-ochrony-przyrody\/#article\",\"isPartOf\":{\"@id\":\"https:\/\/marekkuchcinski.pl\/wydarzenia\/potrzeba-wiekszego-wsparcia-dla-parkow-narodowych-jako-najwazniejszych-form-ochrony-przyrody\/\"},\"author\":{\"name\":\"Tomasz \u0141acina\",\"@id\":\"https:\/\/marekkuchcinski.pl\/#\/schema\/person\/b8a29fe7813098f7be78801d029910a7\"},\"headline\":\"Potrzeba wi\u0119kszego wsparcia dla park\u00f3w narodowych jako najcenniejszych form ochrony przyrody.\",\"datePublished\":\"2020-12-14T22:52:58+00:00\",\"dateModified\":\"2020-12-18T15:18:33+00:00\",\"mainEntityOfPage\":{\"@id\":\"https:\/\/marekkuchcinski.pl\/wydarzenia\/potrzeba-wiekszego-wsparcia-dla-parkow-narodowych-jako-najwazniejszych-form-ochrony-przyrody\/\"},\"wordCount\":383,\"commentCount\":0,\"publisher\":{\"@id\":\"https:\/\/marekkuchcinski.pl\/#organization\"},\"image\":{\"@id\":\"https:\/\/marekkuchcinski.pl\/wydarzenia\/potrzeba-wiekszego-wsparcia-dla-parkow-narodowych-jako-najwazniejszych-form-ochrony-przyrody\/#primaryimage\"},\"thumbnailUrl\":\"https:\/\/marekkuchcinski.pl\/wp-content\/uploads\/2020\/12\/EpMH_qsWEAEDsLO-scaled.jpg\",\"articleSection\":[\"Komisje Sejmowe\",\"Wydarzenia\"],\"inLanguage\":\"hu\",\"potentialAction\":[{\"@type\":\"CommentAction\",\"name\":\"Comment\",\"target\":[\"https:\/\/marekkuchcinski.pl\/wydarzenia\/potrzeba-wiekszego-wsparcia-dla-parkow-narodowych-jako-najwazniejszych-form-ochrony-przyrody\/#respond\"]}]},{\"@type\":\"WebPage\",\"@id\":\"https:\/\/marekkuchcinski.pl\/wydarzenia\/potrzeba-wiekszego-wsparcia-dla-parkow-narodowych-jako-najwazniejszych-form-ochrony-przyrody\/\",\"url\":\"https:\/\/marekkuchcinski.pl\/wydarzenia\/potrzeba-wiekszego-wsparcia-dla-parkow-narodowych-jako-najwazniejszych-form-ochrony-przyrody\/\",\"name\":\"Potrzeba wi\u0119kszego wsparcia dla park\u00f3w narodowych jako najcenniejszych form ochrony przyrody. &#8211; Marek Kuchci\u0144ski\",\"isPartOf\":{\"@id\":\"https:\/\/marekkuchcinski.pl\/#website\"},\"primaryImageOfPage\":{\"@id\":\"https:\/\/marekkuchcinski.pl\/wydarzenia\/potrzeba-wiekszego-wsparcia-dla-parkow-narodowych-jako-najwazniejszych-form-ochrony-przyrody\/#primaryimage\"},\"image\":{\"@id\":\"https:\/\/marekkuchcinski.pl\/wydarzenia\/potrzeba-wiekszego-wsparcia-dla-parkow-narodowych-jako-najwazniejszych-form-ochrony-przyrody\/#primaryimage\"},\"thumbnailUrl\":\"https:\/\/marekkuchcinski.pl\/wp-content\/uploads\/2020\/12\/EpMH_qsWEAEDsLO-scaled.jpg\",\"datePublished\":\"2020-12-14T22:52:58+00:00\",\"dateModified\":\"2020-12-18T15:18:33+00:00\",\"breadcrumb\":{\"@id\":\"https:\/\/marekkuchcinski.pl\/wydarzenia\/potrzeba-wiekszego-wsparcia-dla-parkow-narodowych-jako-najwazniejszych-form-ochrony-przyrody\/#breadcrumb\"},\"inLanguage\":\"hu\",\"potentialAction\":[{\"@type\":\"ReadAction\",\"target\":[\"https:\/\/marekkuchcinski.pl\/wydarzenia\/potrzeba-wiekszego-wsparcia-dla-parkow-narodowych-jako-najwazniejszych-form-ochrony-przyrody\/\"]}]},{\"@type\":\"ImageObject\",\"inLanguage\":\"hu\",\"@id\":\"https:\/\/marekkuchcinski.pl\/wydarzenia\/potrzeba-wiekszego-wsparcia-dla-parkow-narodowych-jako-najwazniejszych-form-ochrony-przyrody\/#primaryimage\",\"url\":\"https:\/\/marekkuchcinski.pl\/wp-content\/uploads\/2020\/12\/EpMH_qsWEAEDsLO-scaled.jpg\",\"contentUrl\":\"https:\/\/marekkuchcinski.pl\/wp-content\/uploads\/2020\/12\/EpMH_qsWEAEDsLO-scaled.jpg\",\"width\":2048,\"height\":1364},{\"@type\":\"BreadcrumbList\",\"@id\":\"https:\/\/marekkuchcinski.pl\/wydarzenia\/potrzeba-wiekszego-wsparcia-dla-parkow-narodowych-jako-najwazniejszych-form-ochrony-przyrody\/#breadcrumb\",\"itemListElement\":[{\"@type\":\"ListItem\",\"position\":1,\"name\":\"Strona g\u0142\u00f3wna\",\"item\":\"https:\/\/marekkuchcinski.pl\/\"},{\"@type\":\"ListItem\",\"position\":2,\"name\":\"Potrzeba wi\u0119kszego wsparcia dla park\u00f3w narodowych jako najcenniejszych form ochrony przyrody.\"}]},{\"@type\":\"WebSite\",\"@id\":\"https:\/\/marekkuchcinski.pl\/#website\",\"url\":\"https:\/\/marekkuchcinski.pl\/\",\"name\":\"Marek Kuchci\u0144ski\",\"description\":\"Pose\u0142 na sejm RP &ndash; okr\u0119g nr 22\",\"publisher\":{\"@id\":\"https:\/\/marekkuchcinski.pl\/#organization\"},\"potentialAction\":[{\"@type\":\"SearchAction\",\"target\":{\"@type\":\"EntryPoint\",\"urlTemplate\":\"https:\/\/marekkuchcinski.pl\/?s={search_term_string}\"},\"query-input\":{\"@type\":\"PropertyValueSpecification\",\"valueRequired\":true,\"valueName\":\"search_term_string\"}}],\"inLanguage\":\"hu\"},{\"@type\":\"Organization\",\"@id\":\"https:\/\/marekkuchcinski.pl\/#organization\",\"name\":\"Marek Kuchci\u0144ski\",\"url\":\"https:\/\/marekkuchcinski.pl\/\",\"logo\":{\"@type\":\"ImageObject\",\"inLanguage\":\"hu\",\"@id\":\"https:\/\/marekkuchcinski.pl\/#\/schema\/logo\/image\/\",\"url\":\"https:\/\/marekkuchcinski.pl\/wp-content\/uploads\/2022\/09\/Marek.jpg\",\"contentUrl\":\"https:\/\/marekkuchcinski.pl\/wp-content\/uploads\/2022\/09\/Marek.jpg\",\"width\":1600,\"height\":971,\"caption\":\"Marek Kuchci\u0144ski\"},\"image\":{\"@id\":\"https:\/\/marekkuchcinski.pl\/#\/schema\/logo\/image\/\"}},{\"@type\":\"Person\",\"@id\":\"https:\/\/marekkuchcinski.pl\/#\/schema\/person\/b8a29fe7813098f7be78801d029910a7\",\"name\":\"Tomasz \u0141acina\",\"image\":{\"@type\":\"ImageObject\",\"inLanguage\":\"hu\",\"@id\":\"https:\/\/marekkuchcinski.pl\/#\/schema\/person\/image\/\",\"url\":\"https:\/\/secure.gravatar.com\/avatar\/22e75f6c51aff77a676ed77dd222f852?s=96&d=mm&r=g\",\"contentUrl\":\"https:\/\/secure.gravatar.com\/avatar\/22e75f6c51aff77a676ed77dd222f852?s=96&d=mm&r=g\",\"caption\":\"Tomasz \u0141acina\"},\"url\":\"https:\/\/marekkuchcinski.pl\/hu\/author\/tomek-lacina\/\"}]}<\/script>\n<!-- \/ Yoast SEO plugin. -->","yoast_head_json":{"title":"Potrzeba wi\u0119kszego wsparcia dla park\u00f3w narodowych jako najcenniejszych form ochrony przyrody. &#8211; Marek Kuchci\u0144ski","robots":{"index":"index","follow":"follow","max-snippet":"max-snippet:-1","max-image-preview":"max-image-preview:large","max-video-preview":"max-video-preview:-1"},"canonical":"https:\/\/marekkuchcinski.pl\/hu\/wydarzenia\/potrzeba-wiekszego-wsparcia-dla-parkow-narodowych-jako-najwazniejszych-form-ochrony-przyrody\/","og_locale":"hu_HU","og_type":"article","og_title":"Potrzeba wi\u0119kszego wsparcia dla park\u00f3w narodowych jako najcenniejszych form ochrony przyrody. &#8211; Marek Kuchci\u0144ski","og_description":"Na posiedzeniu Komisji Ochrony \u015arodowiska, Zasob\u00f3w Naturalnych i Le\u015bnictwa rozpatrzona zosta\u0142a informacja Ministra Klimatu i \u015arodowiska na temat park\u00f3w narodowych i rezerwat\u00f3w przyrody jako najcenniejszych narodowych form ochrony przyrody \u2013 na przyk\u0142adzie Bieszczadzkiego Parku Narodowego. Podczas obrad Marek Kuchci\u0144ski wyrazi\u0142 potrzeb\u0119 wi\u0119kszego wsparcia ze strony bud\u017cetu pa\u0144stwa dla park\u00f3w narodowych stanowi\u0105cych najwa\u017cniejsz\u0105 form\u0119 ochrony przyrody. [&hellip;]","og_url":"https:\/\/marekkuchcinski.pl\/hu\/wydarzenia\/potrzeba-wiekszego-wsparcia-dla-parkow-narodowych-jako-najwazniejszych-form-ochrony-przyrody\/","og_site_name":"Marek Kuchci\u0144ski","article_published_time":"2020-12-14T22:52:58+00:00","article_modified_time":"2020-12-18T15:18:33+00:00","og_image":[{"width":2048,"height":1364,"url":"https:\/\/marekkuchcinski.pl\/wp-content\/uploads\/2020\/12\/EpMH_qsWEAEDsLO-scaled.jpg","type":"image\/jpeg"}],"author":"Tomasz \u0141acina","twitter_card":"summary_large_image","twitter_misc":{"Szerz\u0151:":"Tomasz \u0141acina","Becs\u00fclt olvas\u00e1si id\u0151":"2 perc"},"schema":{"@context":"https:\/\/schema.org","@graph":[{"@type":"Article","@id":"https:\/\/marekkuchcinski.pl\/wydarzenia\/potrzeba-wiekszego-wsparcia-dla-parkow-narodowych-jako-najwazniejszych-form-ochrony-przyrody\/#article","isPartOf":{"@id":"https:\/\/marekkuchcinski.pl\/wydarzenia\/potrzeba-wiekszego-wsparcia-dla-parkow-narodowych-jako-najwazniejszych-form-ochrony-przyrody\/"},"author":{"name":"Tomasz \u0141acina","@id":"https:\/\/marekkuchcinski.pl\/#\/schema\/person\/b8a29fe7813098f7be78801d029910a7"},"headline":"Potrzeba wi\u0119kszego wsparcia dla park\u00f3w narodowych jako najcenniejszych form ochrony przyrody.","datePublished":"2020-12-14T22:52:58+00:00","dateModified":"2020-12-18T15:18:33+00:00","mainEntityOfPage":{"@id":"https:\/\/marekkuchcinski.pl\/wydarzenia\/potrzeba-wiekszego-wsparcia-dla-parkow-narodowych-jako-najwazniejszych-form-ochrony-przyrody\/"},"wordCount":383,"commentCount":0,"publisher":{"@id":"https:\/\/marekkuchcinski.pl\/#organization"},"image":{"@id":"https:\/\/marekkuchcinski.pl\/wydarzenia\/potrzeba-wiekszego-wsparcia-dla-parkow-narodowych-jako-najwazniejszych-form-ochrony-przyrody\/#primaryimage"},"thumbnailUrl":"https:\/\/marekkuchcinski.pl\/wp-content\/uploads\/2020\/12\/EpMH_qsWEAEDsLO-scaled.jpg","articleSection":["Komisje Sejmowe","Wydarzenia"],"inLanguage":"hu","potentialAction":[{"@type":"CommentAction","name":"Comment","target":["https:\/\/marekkuchcinski.pl\/wydarzenia\/potrzeba-wiekszego-wsparcia-dla-parkow-narodowych-jako-najwazniejszych-form-ochrony-przyrody\/#respond"]}]},{"@type":"WebPage","@id":"https:\/\/marekkuchcinski.pl\/wydarzenia\/potrzeba-wiekszego-wsparcia-dla-parkow-narodowych-jako-najwazniejszych-form-ochrony-przyrody\/","url":"https:\/\/marekkuchcinski.pl\/wydarzenia\/potrzeba-wiekszego-wsparcia-dla-parkow-narodowych-jako-najwazniejszych-form-ochrony-przyrody\/","name":"Potrzeba wi\u0119kszego wsparcia dla park\u00f3w narodowych jako najcenniejszych form ochrony przyrody. &#8211; Marek Kuchci\u0144ski","isPartOf":{"@id":"https:\/\/marekkuchcinski.pl\/#website"},"primaryImageOfPage":{"@id":"https:\/\/marekkuchcinski.pl\/wydarzenia\/potrzeba-wiekszego-wsparcia-dla-parkow-narodowych-jako-najwazniejszych-form-ochrony-przyrody\/#primaryimage"},"image":{"@id":"https:\/\/marekkuchcinski.pl\/wydarzenia\/potrzeba-wiekszego-wsparcia-dla-parkow-narodowych-jako-najwazniejszych-form-ochrony-przyrody\/#primaryimage"},"thumbnailUrl":"https:\/\/marekkuchcinski.pl\/wp-content\/uploads\/2020\/12\/EpMH_qsWEAEDsLO-scaled.jpg","datePublished":"2020-12-14T22:52:58+00:00","dateModified":"2020-12-18T15:18:33+00:00","breadcrumb":{"@id":"https:\/\/marekkuchcinski.pl\/wydarzenia\/potrzeba-wiekszego-wsparcia-dla-parkow-narodowych-jako-najwazniejszych-form-ochrony-przyrody\/#breadcrumb"},"inLanguage":"hu","potentialAction":[{"@type":"ReadAction","target":["https:\/\/marekkuchcinski.pl\/wydarzenia\/potrzeba-wiekszego-wsparcia-dla-parkow-narodowych-jako-najwazniejszych-form-ochrony-przyrody\/"]}]},{"@type":"ImageObject","inLanguage":"hu","@id":"https:\/\/marekkuchcinski.pl\/wydarzenia\/potrzeba-wiekszego-wsparcia-dla-parkow-narodowych-jako-najwazniejszych-form-ochrony-przyrody\/#primaryimage","url":"https:\/\/marekkuchcinski.pl\/wp-content\/uploads\/2020\/12\/EpMH_qsWEAEDsLO-scaled.jpg","contentUrl":"https:\/\/marekkuchcinski.pl\/wp-content\/uploads\/2020\/12\/EpMH_qsWEAEDsLO-scaled.jpg","width":2048,"height":1364},{"@type":"BreadcrumbList","@id":"https:\/\/marekkuchcinski.pl\/wydarzenia\/potrzeba-wiekszego-wsparcia-dla-parkow-narodowych-jako-najwazniejszych-form-ochrony-przyrody\/#breadcrumb","itemListElement":[{"@type":"ListItem","position":1,"name":"Strona g\u0142\u00f3wna","item":"https:\/\/marekkuchcinski.pl\/"},{"@type":"ListItem","position":2,"name":"Potrzeba wi\u0119kszego wsparcia dla park\u00f3w narodowych jako najcenniejszych form ochrony przyrody."}]},{"@type":"WebSite","@id":"https:\/\/marekkuchcinski.pl\/#website","url":"https:\/\/marekkuchcinski.pl\/","name":"Marek Kuchci\u0144ski","description":"Pose\u0142 na sejm RP &ndash; okr\u0119g nr 22","publisher":{"@id":"https:\/\/marekkuchcinski.pl\/#organization"},"potentialAction":[{"@type":"SearchAction","target":{"@type":"EntryPoint","urlTemplate":"https:\/\/marekkuchcinski.pl\/?s={search_term_string}"},"query-input":{"@type":"PropertyValueSpecification","valueRequired":true,"valueName":"search_term_string"}}],"inLanguage":"hu"},{"@type":"Organization","@id":"https:\/\/marekkuchcinski.pl\/#organization","name":"Marek Kuchci\u0144ski","url":"https:\/\/marekkuchcinski.pl\/","logo":{"@type":"ImageObject","inLanguage":"hu","@id":"https:\/\/marekkuchcinski.pl\/#\/schema\/logo\/image\/","url":"https:\/\/marekkuchcinski.pl\/wp-content\/uploads\/2022\/09\/Marek.jpg","contentUrl":"https:\/\/marekkuchcinski.pl\/wp-content\/uploads\/2022\/09\/Marek.jpg","width":1600,"height":971,"caption":"Marek Kuchci\u0144ski"},"image":{"@id":"https:\/\/marekkuchcinski.pl\/#\/schema\/logo\/image\/"}},{"@type":"Person","@id":"https:\/\/marekkuchcinski.pl\/#\/schema\/person\/b8a29fe7813098f7be78801d029910a7","name":"Tomasz \u0141acina","image":{"@type":"ImageObject","inLanguage":"hu","@id":"https:\/\/marekkuchcinski.pl\/#\/schema\/person\/image\/","url":"https:\/\/secure.gravatar.com\/avatar\/22e75f6c51aff77a676ed77dd222f852?s=96&d=mm&r=g","contentUrl":"https:\/\/secure.gravatar.com\/avatar\/22e75f6c51aff77a676ed77dd222f852?s=96&d=mm&r=g","caption":"Tomasz \u0141acina"},"url":"https:\/\/marekkuchcinski.pl\/hu\/author\/tomek-lacina\/"}]}},"_links":{"self":[{"href":"https:\/\/marekkuchcinski.pl\/hu\/wp-json\/wp\/v2\/posts\/21014","targetHints":{"allow":["GET"]}}],"collection":[{"href":"https:\/\/marekkuchcinski.pl\/hu\/wp-json\/wp\/v2\/posts"}],"about":[{"href":"https:\/\/marekkuchcinski.pl\/hu\/wp-json\/wp\/v2\/types\/post"}],"author":[{"embeddable":true,"href":"https:\/\/marekkuchcinski.pl\/hu\/wp-json\/wp\/v2\/users\/17"}],"replies":[{"embeddable":true,"href":"https:\/\/marekkuchcinski.pl\/hu\/wp-json\/wp\/v2\/comments?post=21014"}],"version-history":[{"count":13,"href":"https:\/\/marekkuchcinski.pl\/hu\/wp-json\/wp\/v2\/posts\/21014\/revisions"}],"predecessor-version":[{"id":21035,"href":"https:\/\/marekkuchcinski.pl\/hu\/wp-json\/wp\/v2\/posts\/21014\/revisions\/21035"}],"wp:featuredmedia":[{"embeddable":true,"href":"https:\/\/marekkuchcinski.pl\/hu\/wp-json\/wp\/v2\/media\/21019"}],"wp:attachment":[{"href":"https:\/\/marekkuchcinski.pl\/hu\/wp-json\/wp\/v2\/media?parent=21014"}],"wp:term":[{"taxonomy":"category","embeddable":true,"href":"https:\/\/marekkuchcinski.pl\/hu\/wp-json\/wp\/v2\/categories?post=21014"},{"taxonomy":"post_tag","embeddable":true,"href":"https:\/\/marekkuchcinski.pl\/hu\/wp-json\/wp\/v2\/tags?post=21014"}],"curies":[{"name":"wp","href":"https:\/\/api.w.org\/{rel}","templated":true}]}}