{"id":20297,"date":"2020-12-04T14:25:22","date_gmt":"2020-12-04T13:25:22","guid":{"rendered":"https:\/\/marekkuchcinski.pl\/?p=20297"},"modified":"2021-01-16T15:55:17","modified_gmt":"2021-01-16T14:55:17","slug":"wiadomosci-z-europy-2","status":"publish","type":"post","link":"https:\/\/marekkuchcinski.pl\/hu\/europa\/wiadomosci-z-europy-2\/","title":{"rendered":"H\u00edrek Eur\u00f3p\u00e1b\u00f3l \u00e9s a vil\u00e1gb\u00f3l"},"content":{"rendered":"<div class=\"wp-block-image\"><figure class=\"aligncenter size-large is-resized\"><a href=\"https:\/\/marekkuchcinski.pl\/wp-content\/uploads\/2020\/12\/AdobeStock_284128523_Editorial_Use_Only-scaled.jpeg\"><img fetchpriority=\"high\" decoding=\"async\" src=\"https:\/\/marekkuchcinski.pl\/wp-content\/uploads\/2020\/12\/AdobeStock_284128523_Editorial_Use_Only-1024x656.jpeg\" alt=\"\" class=\"wp-image-20787\" width=\"668\" height=\"427\" srcset=\"https:\/\/marekkuchcinski.pl\/wp-content\/uploads\/2020\/12\/AdobeStock_284128523_Editorial_Use_Only-1024x656.jpeg 1024w, https:\/\/marekkuchcinski.pl\/wp-content\/uploads\/2020\/12\/AdobeStock_284128523_Editorial_Use_Only-300x192.jpeg 300w, https:\/\/marekkuchcinski.pl\/wp-content\/uploads\/2020\/12\/AdobeStock_284128523_Editorial_Use_Only-768x492.jpeg 768w, https:\/\/marekkuchcinski.pl\/wp-content\/uploads\/2020\/12\/AdobeStock_284128523_Editorial_Use_Only-1536x984.jpeg 1536w, https:\/\/marekkuchcinski.pl\/wp-content\/uploads\/2020\/12\/AdobeStock_284128523_Editorial_Use_Only-scaled.jpeg 2048w, https:\/\/marekkuchcinski.pl\/wp-content\/uploads\/2020\/12\/AdobeStock_284128523_Editorial_Use_Only-16x10.jpeg 16w\" sizes=\"(max-width: 668px) 100vw, 668px\" \/><\/a><\/figure><\/div>\n\n\n\n<p><strong>EU<\/strong><\/p>\n\n\n\n<p><strong>Br\u00fcsszel:<\/strong> Othmar Karas (n\u00e9pp\u00e1rti) osztr\u00e1k EP-k\u00e9pvisel\u0151 levelet k\u00fcld\u00f6tt a frakci\u00f3 vezet\u0151s\u00e9g\u00e9nek, amelyet p\u00e1rtja 187 k\u00e9pvisel\u0151je k\u00f6z\u00fcl 30-an \u00edrtak al\u00e1, \u00e9s amelyben k\u00e9rik Deutsch Tam\u00e1s magyar k\u00e9pvisel\u0151 kiz\u00e1r\u00e1s\u00e1t a n\u00e9pp\u00e1rti frakci\u00f3vezet\u0151nek az uni\u00f3s p\u00e9nzek \u00fagynevezett jog\u00e1llamis\u00e1ghoz k\u00f6t\u00e9s\u00e9vel kapcsolatos \u00e1ll\u00e1spontj\u00e1r\u00f3l tett megjegyz\u00e9sei miatt.&nbsp;<\/p>\n\n\n\n<p><strong>Nyugat-Eur\u00f3pa<\/strong><\/p>\n\n\n\n<p><strong>Franciaorsz\u00e1g:<\/strong> Valery Giscard d'Estaing volt francia eln\u00f6k 94 \u00e9ves kor\u00e1ban a COVID-19-en elhunyt.<\/p>\n\n\n\n<p>Franciaorsz\u00e1g bejelentette, hogy szeptember \u00f3ta t\u00f6bb mint 35 ezer munkahely sz\u0171nt meg a korm\u00e1ny \u00f6szt\u00f6nz\u0151 csomagjai ellen\u00e9re - jelentette szerd\u00e1n a Le Monde c\u00edm\u0171 napilap.<\/p>\n\n\n\n<p><strong>N\u00e9metorsz\u00e1g:<\/strong>&nbsp; A vil\u00e1gj\u00e1rv\u00e1ny terjed\u00e9s\u00e9nek megakad\u00e1lyoz\u00e1sa \u00e9rdek\u00e9ben jelenleg \u00e9rv\u00e9nyben l\u00e9v\u0151 korl\u00e1toz\u00e1sokat janu\u00e1r 10-ig meghosszabb\u00edtott\u00e1k.<\/p>\n\n\n\n<p>Portug\u00e1lia: \"Portug\u00e1lia elutas\u00edtja az uni\u00f3s vezet\u0151k \u00e1ltal j\u00faliusban elfogadott uni\u00f3s k\u00f6lts\u00e9gvet\u00e9sr\u0151l \u00e9s \u00fajj\u00e1\u00e9p\u00edt\u00e9si alapr\u00f3l sz\u00f3l\u00f3 t\u00e1rgyal\u00e1sok \u00fajrakezd\u00e9s\u00e9t\" - jelentette ki szerd\u00e1n Antonio Costa minisztereln\u00f6k.<\/p>\n\n\n\n<p><strong>Visegr\u00e1di Csoport<\/strong><\/p>\n\n\n\n<p><strong>Magyarorsz\u00e1g:<\/strong> Orb\u00e1n Viktor minisztereln\u00f6k hat\u00e1rozottan el\u00edt\u00e9lte Szajer J\u00f3zsef volt fideszes EP-k\u00e9pvisel\u0151 viselked\u00e9s\u00e9t, akit egy homoszexu\u00e1lis orgi\u00e1n kaptak rajta Br\u00fcsszel k\u00f6zpontj\u00e1ban.<\/p>\n\n\n\n<p><strong>Szlov\u00e1kia:<\/strong>&nbsp; Petra Vargova diplomata, aki jelenleg a szlov\u00e1k k\u00fcl\u00fcgyminiszt\u00e9riumban dolgozik, \u00e9s kor\u00e1bban Szlov\u00e1kia EU-nagyk\u00f6vet-helyettese volt, 2021 janu\u00e1rj\u00e1t\u00f3l az EU \u00c1lland\u00f3 K\u00e9pviselet\u00e9nek \u00faj eln\u00f6ke lesz.<\/p>\n\n\n\n<p><strong>Balk\u00e1n<\/strong><\/p>\n\n\n\n<p><strong>Szlov\u00e9nia:<\/strong> Anze Logar k\u00fcl\u00fcgyminiszter bejelentette, hogy l\u00e1togat\u00e1st tesz az Egyes\u00fclt \u00c1llamokban, amelynek sor\u00e1n tal\u00e1lkozni k\u00edv\u00e1n Mike Pompeo k\u00fcl\u00fcgyminiszterrel. A szlov\u00e9n korm\u00e1ny m\u00e9g mindig nem gratul\u00e1lt Joe Bidennek az eln\u00f6kv\u00e1laszt\u00e1son aratott gy\u0151zelm\u00e9hez.<\/p>\n\n\n\n<p><strong>Szerbia:<\/strong> Az EU id\u00e9n nem nyit \u00faj fejezetet a Szerbi\u00e1val folytatott csatlakoz\u00e1si t\u00e1rgyal\u00e1sokban. Nemzetk\u00f6zi megfigyel\u0151k \u00fagy v\u00e9lik, hogy Belgr\u00e1d nem hajtotta v\u00e9gre a sz\u00fcks\u00e9ges reformokat a jog\u00e1llamis\u00e1g ter\u00fclet\u00e9n az igazs\u00e1gszolg\u00e1ltat\u00e1s f\u00fcggetlens\u00e9ge \u00e9s a sz\u00f3l\u00e1sszabads\u00e1g tekintet\u00e9ben.<\/p>\n\n\n\n<p><strong>\u00c9szak-Eur\u00f3pa<\/strong><\/p>\n\n\n\n<p><strong>Finnorsz\u00e1g:<\/strong> A Finn Populista P\u00e1rt november eleje \u00f3ta 1,4%-tel n\u00f6velte t\u00e1mogatotts\u00e1g\u00e1t a v\u00e1laszt\u00f3k k\u00f6r\u00e9ben. Jelenleg a legn\u00e9pszer\u0171bb p\u00e1rt Finnorsz\u00e1gban, a megk\u00e9rdezettek 20,9%-j\u00e9nek t\u00e1mogat\u00e1s\u00e1val.<\/p>","protected":false},"excerpt":{"rendered":"<p>EU Br\u00fcsszel: Othmar Karas (n\u00e9pp\u00e1rti) osztr\u00e1k EP-k\u00e9pvisel\u0151 levelet k\u00fcld\u00f6tt a frakci\u00f3 vezet\u0151s\u00e9g\u00e9nek, amelyet p\u00e1rtja 187 k\u00e9pvisel\u0151je k\u00f6z\u00fcl 30-an \u00edrtak al\u00e1, \u00e9s amelyben k\u00e9rik Deutsch Tam\u00e1s magyar k\u00e9pvisel\u0151 kiz\u00e1r\u00e1s\u00e1t a n\u00e9pp\u00e1rti frakci\u00f3vezet\u0151nek az uni\u00f3s p\u00e9nzek \u00fagynevezett jog\u00e1llamis\u00e1ghoz k\u00f6t\u00e9s\u00e9vel kapcsolatos \u00e1ll\u00e1spontj\u00e1r\u00f3l tett megjegyz\u00e9sei miatt.  Nyugat-Eur\u00f3pa Franciaorsz\u00e1g: Valery Giscard d'Estaing volt francia eln\u00f6k meghalt [...]<\/p>","protected":false},"author":17,"featured_media":20787,"comment_status":"open","ping_status":"open","sticky":false,"template":"","format":"standard","meta":{"ngg_post_thumbnail":0,"footnotes":""},"categories":[185],"tags":[],"class_list":["post-20297","post","type-post","status-publish","format-standard","has-post-thumbnail","hentry","category-europa"],"yoast_head":"<!-- This site is optimized with the Yoast SEO plugin v24.7 - https:\/\/yoast.com\/wordpress\/plugins\/seo\/ -->\n<title>Wiadomo\u015bci z Europy i \u015bwiata &#8211; Marek Kuchci\u0144ski<\/title>\n<meta name=\"robots\" content=\"index, follow, max-snippet:-1, max-image-preview:large, max-video-preview:-1\" \/>\n<link rel=\"canonical\" href=\"https:\/\/marekkuchcinski.pl\/hu\/europa\/wiadomosci-z-europy-2\/\" \/>\n<meta property=\"og:locale\" content=\"hu_HU\" \/>\n<meta property=\"og:type\" content=\"article\" \/>\n<meta property=\"og:title\" content=\"Wiadomo\u015bci z Europy i \u015bwiata &#8211; Marek Kuchci\u0144ski\" \/>\n<meta property=\"og:description\" content=\"UE Bruksela: Austriacki europose\u0142 Othmar Karas (EPP) wys\u0142a\u0142 list do kierownictwa grupy, podpisany przez 30 z 187 cz\u0142onk\u00f3w jego partii, prosz\u0105c o wykluczenie w\u0119gierskiego pos\u0142a Tamasa Deutscha za komentarze nt. przewodnicz\u0105cego grupy EPP w sprawie jego stanowiska o wi\u0105zania funduszy UE z tzw. praworz\u0105dno\u015bci\u0105.&nbsp; Europa Zachodnia Francja: By\u0142y prezydent Francji Valery Giscard d\u2019Estaing zmar\u0142 na [&hellip;]\" \/>\n<meta property=\"og:url\" content=\"https:\/\/marekkuchcinski.pl\/hu\/europa\/wiadomosci-z-europy-2\/\" \/>\n<meta property=\"og:site_name\" content=\"Marek Kuchci\u0144ski\" \/>\n<meta property=\"article:published_time\" content=\"2020-12-04T13:25:22+00:00\" \/>\n<meta property=\"article:modified_time\" content=\"2021-01-16T14:55:17+00:00\" \/>\n<meta property=\"og:image\" content=\"https:\/\/marekkuchcinski.pl\/wp-content\/uploads\/2020\/12\/AdobeStock_284128523_Editorial_Use_Only-scaled.jpeg\" \/>\n\t<meta property=\"og:image:width\" content=\"2048\" \/>\n\t<meta property=\"og:image:height\" content=\"1312\" \/>\n\t<meta property=\"og:image:type\" content=\"image\/jpeg\" \/>\n<meta name=\"author\" content=\"Tomasz \u0141acina\" \/>\n<meta name=\"twitter:card\" content=\"summary_large_image\" \/>\n<meta name=\"twitter:label1\" content=\"Szerz\u0151:\" \/>\n\t<meta name=\"twitter:data1\" content=\"Tomasz \u0141acina\" \/>\n\t<meta name=\"twitter:label2\" content=\"Becs\u00fclt olvas\u00e1si id\u0151\" \/>\n\t<meta name=\"twitter:data2\" content=\"2 perc\" \/>\n<script type=\"application\/ld+json\" class=\"yoast-schema-graph\">{\"@context\":\"https:\/\/schema.org\",\"@graph\":[{\"@type\":\"Article\",\"@id\":\"https:\/\/marekkuchcinski.pl\/sk\/europa\/wiadomosci-z-europy-2\/#article\",\"isPartOf\":{\"@id\":\"https:\/\/marekkuchcinski.pl\/sk\/europa\/wiadomosci-z-europy-2\/\"},\"author\":{\"name\":\"Tomasz \u0141acina\",\"@id\":\"https:\/\/marekkuchcinski.pl\/#\/schema\/person\/b8a29fe7813098f7be78801d029910a7\"},\"headline\":\"Wiadomo\u015bci z Europy i \u015bwiata\",\"datePublished\":\"2020-12-04T13:25:22+00:00\",\"dateModified\":\"2021-01-16T14:55:17+00:00\",\"mainEntityOfPage\":{\"@id\":\"https:\/\/marekkuchcinski.pl\/sk\/europa\/wiadomosci-z-europy-2\/\"},\"wordCount\":330,\"commentCount\":0,\"publisher\":{\"@id\":\"https:\/\/marekkuchcinski.pl\/#organization\"},\"image\":{\"@id\":\"https:\/\/marekkuchcinski.pl\/sk\/europa\/wiadomosci-z-europy-2\/#primaryimage\"},\"thumbnailUrl\":\"https:\/\/marekkuchcinski.pl\/wp-content\/uploads\/2020\/12\/AdobeStock_284128523_Editorial_Use_Only-scaled.jpeg\",\"articleSection\":[\"Wie\u015bci z Europy i \u015awiata\"],\"inLanguage\":\"hu\",\"potentialAction\":[{\"@type\":\"CommentAction\",\"name\":\"Comment\",\"target\":[\"https:\/\/marekkuchcinski.pl\/sk\/europa\/wiadomosci-z-europy-2\/#respond\"]}]},{\"@type\":\"WebPage\",\"@id\":\"https:\/\/marekkuchcinski.pl\/sk\/europa\/wiadomosci-z-europy-2\/\",\"url\":\"https:\/\/marekkuchcinski.pl\/sk\/europa\/wiadomosci-z-europy-2\/\",\"name\":\"Wiadomo\u015bci z Europy i \u015bwiata &#8211; Marek Kuchci\u0144ski\",\"isPartOf\":{\"@id\":\"https:\/\/marekkuchcinski.pl\/#website\"},\"primaryImageOfPage\":{\"@id\":\"https:\/\/marekkuchcinski.pl\/sk\/europa\/wiadomosci-z-europy-2\/#primaryimage\"},\"image\":{\"@id\":\"https:\/\/marekkuchcinski.pl\/sk\/europa\/wiadomosci-z-europy-2\/#primaryimage\"},\"thumbnailUrl\":\"https:\/\/marekkuchcinski.pl\/wp-content\/uploads\/2020\/12\/AdobeStock_284128523_Editorial_Use_Only-scaled.jpeg\",\"datePublished\":\"2020-12-04T13:25:22+00:00\",\"dateModified\":\"2021-01-16T14:55:17+00:00\",\"breadcrumb\":{\"@id\":\"https:\/\/marekkuchcinski.pl\/sk\/europa\/wiadomosci-z-europy-2\/#breadcrumb\"},\"inLanguage\":\"hu\",\"potentialAction\":[{\"@type\":\"ReadAction\",\"target\":[\"https:\/\/marekkuchcinski.pl\/sk\/europa\/wiadomosci-z-europy-2\/\"]}]},{\"@type\":\"ImageObject\",\"inLanguage\":\"hu\",\"@id\":\"https:\/\/marekkuchcinski.pl\/sk\/europa\/wiadomosci-z-europy-2\/#primaryimage\",\"url\":\"https:\/\/marekkuchcinski.pl\/wp-content\/uploads\/2020\/12\/AdobeStock_284128523_Editorial_Use_Only-scaled.jpeg\",\"contentUrl\":\"https:\/\/marekkuchcinski.pl\/wp-content\/uploads\/2020\/12\/AdobeStock_284128523_Editorial_Use_Only-scaled.jpeg\",\"width\":2048,\"height\":1312},{\"@type\":\"BreadcrumbList\",\"@id\":\"https:\/\/marekkuchcinski.pl\/sk\/europa\/wiadomosci-z-europy-2\/#breadcrumb\",\"itemListElement\":[{\"@type\":\"ListItem\",\"position\":1,\"name\":\"Strona g\u0142\u00f3wna\",\"item\":\"https:\/\/marekkuchcinski.pl\/\"},{\"@type\":\"ListItem\",\"position\":2,\"name\":\"Wiadomo\u015bci z Europy i \u015bwiata\"}]},{\"@type\":\"WebSite\",\"@id\":\"https:\/\/marekkuchcinski.pl\/#website\",\"url\":\"https:\/\/marekkuchcinski.pl\/\",\"name\":\"Marek Kuchci\u0144ski\",\"description\":\"Pose\u0142 na sejm RP &ndash; okr\u0119g nr 22\",\"publisher\":{\"@id\":\"https:\/\/marekkuchcinski.pl\/#organization\"},\"potentialAction\":[{\"@type\":\"SearchAction\",\"target\":{\"@type\":\"EntryPoint\",\"urlTemplate\":\"https:\/\/marekkuchcinski.pl\/?s={search_term_string}\"},\"query-input\":{\"@type\":\"PropertyValueSpecification\",\"valueRequired\":true,\"valueName\":\"search_term_string\"}}],\"inLanguage\":\"hu\"},{\"@type\":\"Organization\",\"@id\":\"https:\/\/marekkuchcinski.pl\/#organization\",\"name\":\"Marek Kuchci\u0144ski\",\"url\":\"https:\/\/marekkuchcinski.pl\/\",\"logo\":{\"@type\":\"ImageObject\",\"inLanguage\":\"hu\",\"@id\":\"https:\/\/marekkuchcinski.pl\/#\/schema\/logo\/image\/\",\"url\":\"https:\/\/marekkuchcinski.pl\/wp-content\/uploads\/2022\/09\/Marek.jpg\",\"contentUrl\":\"https:\/\/marekkuchcinski.pl\/wp-content\/uploads\/2022\/09\/Marek.jpg\",\"width\":1600,\"height\":971,\"caption\":\"Marek Kuchci\u0144ski\"},\"image\":{\"@id\":\"https:\/\/marekkuchcinski.pl\/#\/schema\/logo\/image\/\"}},{\"@type\":\"Person\",\"@id\":\"https:\/\/marekkuchcinski.pl\/#\/schema\/person\/b8a29fe7813098f7be78801d029910a7\",\"name\":\"Tomasz \u0141acina\",\"image\":{\"@type\":\"ImageObject\",\"inLanguage\":\"hu\",\"@id\":\"https:\/\/marekkuchcinski.pl\/#\/schema\/person\/image\/\",\"url\":\"https:\/\/secure.gravatar.com\/avatar\/22e75f6c51aff77a676ed77dd222f852?s=96&d=mm&r=g\",\"contentUrl\":\"https:\/\/secure.gravatar.com\/avatar\/22e75f6c51aff77a676ed77dd222f852?s=96&d=mm&r=g\",\"caption\":\"Tomasz \u0141acina\"},\"url\":\"https:\/\/marekkuchcinski.pl\/hu\/author\/tomek-lacina\/\"}]}<\/script>\n<!-- \/ Yoast SEO plugin. -->","yoast_head_json":{"title":"Wiadomo\u015bci z Europy i \u015bwiata &#8211; Marek Kuchci\u0144ski","robots":{"index":"index","follow":"follow","max-snippet":"max-snippet:-1","max-image-preview":"max-image-preview:large","max-video-preview":"max-video-preview:-1"},"canonical":"https:\/\/marekkuchcinski.pl\/hu\/europa\/wiadomosci-z-europy-2\/","og_locale":"hu_HU","og_type":"article","og_title":"Wiadomo\u015bci z Europy i \u015bwiata &#8211; Marek Kuchci\u0144ski","og_description":"UE Bruksela: Austriacki europose\u0142 Othmar Karas (EPP) wys\u0142a\u0142 list do kierownictwa grupy, podpisany przez 30 z 187 cz\u0142onk\u00f3w jego partii, prosz\u0105c o wykluczenie w\u0119gierskiego pos\u0142a Tamasa Deutscha za komentarze nt. przewodnicz\u0105cego grupy EPP w sprawie jego stanowiska o wi\u0105zania funduszy UE z tzw. praworz\u0105dno\u015bci\u0105.&nbsp; Europa Zachodnia Francja: By\u0142y prezydent Francji Valery Giscard d\u2019Estaing zmar\u0142 na [&hellip;]","og_url":"https:\/\/marekkuchcinski.pl\/hu\/europa\/wiadomosci-z-europy-2\/","og_site_name":"Marek Kuchci\u0144ski","article_published_time":"2020-12-04T13:25:22+00:00","article_modified_time":"2021-01-16T14:55:17+00:00","og_image":[{"width":2048,"height":1312,"url":"https:\/\/marekkuchcinski.pl\/wp-content\/uploads\/2020\/12\/AdobeStock_284128523_Editorial_Use_Only-scaled.jpeg","type":"image\/jpeg"}],"author":"Tomasz \u0141acina","twitter_card":"summary_large_image","twitter_misc":{"Szerz\u0151:":"Tomasz \u0141acina","Becs\u00fclt olvas\u00e1si id\u0151":"2 perc"},"schema":{"@context":"https:\/\/schema.org","@graph":[{"@type":"Article","@id":"https:\/\/marekkuchcinski.pl\/sk\/europa\/wiadomosci-z-europy-2\/#article","isPartOf":{"@id":"https:\/\/marekkuchcinski.pl\/sk\/europa\/wiadomosci-z-europy-2\/"},"author":{"name":"Tomasz \u0141acina","@id":"https:\/\/marekkuchcinski.pl\/#\/schema\/person\/b8a29fe7813098f7be78801d029910a7"},"headline":"Wiadomo\u015bci z Europy i \u015bwiata","datePublished":"2020-12-04T13:25:22+00:00","dateModified":"2021-01-16T14:55:17+00:00","mainEntityOfPage":{"@id":"https:\/\/marekkuchcinski.pl\/sk\/europa\/wiadomosci-z-europy-2\/"},"wordCount":330,"commentCount":0,"publisher":{"@id":"https:\/\/marekkuchcinski.pl\/#organization"},"image":{"@id":"https:\/\/marekkuchcinski.pl\/sk\/europa\/wiadomosci-z-europy-2\/#primaryimage"},"thumbnailUrl":"https:\/\/marekkuchcinski.pl\/wp-content\/uploads\/2020\/12\/AdobeStock_284128523_Editorial_Use_Only-scaled.jpeg","articleSection":["Wie\u015bci z Europy i \u015awiata"],"inLanguage":"hu","potentialAction":[{"@type":"CommentAction","name":"Comment","target":["https:\/\/marekkuchcinski.pl\/sk\/europa\/wiadomosci-z-europy-2\/#respond"]}]},{"@type":"WebPage","@id":"https:\/\/marekkuchcinski.pl\/sk\/europa\/wiadomosci-z-europy-2\/","url":"https:\/\/marekkuchcinski.pl\/sk\/europa\/wiadomosci-z-europy-2\/","name":"Wiadomo\u015bci z Europy i \u015bwiata &#8211; Marek Kuchci\u0144ski","isPartOf":{"@id":"https:\/\/marekkuchcinski.pl\/#website"},"primaryImageOfPage":{"@id":"https:\/\/marekkuchcinski.pl\/sk\/europa\/wiadomosci-z-europy-2\/#primaryimage"},"image":{"@id":"https:\/\/marekkuchcinski.pl\/sk\/europa\/wiadomosci-z-europy-2\/#primaryimage"},"thumbnailUrl":"https:\/\/marekkuchcinski.pl\/wp-content\/uploads\/2020\/12\/AdobeStock_284128523_Editorial_Use_Only-scaled.jpeg","datePublished":"2020-12-04T13:25:22+00:00","dateModified":"2021-01-16T14:55:17+00:00","breadcrumb":{"@id":"https:\/\/marekkuchcinski.pl\/sk\/europa\/wiadomosci-z-europy-2\/#breadcrumb"},"inLanguage":"hu","potentialAction":[{"@type":"ReadAction","target":["https:\/\/marekkuchcinski.pl\/sk\/europa\/wiadomosci-z-europy-2\/"]}]},{"@type":"ImageObject","inLanguage":"hu","@id":"https:\/\/marekkuchcinski.pl\/sk\/europa\/wiadomosci-z-europy-2\/#primaryimage","url":"https:\/\/marekkuchcinski.pl\/wp-content\/uploads\/2020\/12\/AdobeStock_284128523_Editorial_Use_Only-scaled.jpeg","contentUrl":"https:\/\/marekkuchcinski.pl\/wp-content\/uploads\/2020\/12\/AdobeStock_284128523_Editorial_Use_Only-scaled.jpeg","width":2048,"height":1312},{"@type":"BreadcrumbList","@id":"https:\/\/marekkuchcinski.pl\/sk\/europa\/wiadomosci-z-europy-2\/#breadcrumb","itemListElement":[{"@type":"ListItem","position":1,"name":"Strona g\u0142\u00f3wna","item":"https:\/\/marekkuchcinski.pl\/"},{"@type":"ListItem","position":2,"name":"Wiadomo\u015bci z Europy i \u015bwiata"}]},{"@type":"WebSite","@id":"https:\/\/marekkuchcinski.pl\/#website","url":"https:\/\/marekkuchcinski.pl\/","name":"Marek Kuchci\u0144ski","description":"Pose\u0142 na sejm RP &ndash; okr\u0119g nr 22","publisher":{"@id":"https:\/\/marekkuchcinski.pl\/#organization"},"potentialAction":[{"@type":"SearchAction","target":{"@type":"EntryPoint","urlTemplate":"https:\/\/marekkuchcinski.pl\/?s={search_term_string}"},"query-input":{"@type":"PropertyValueSpecification","valueRequired":true,"valueName":"search_term_string"}}],"inLanguage":"hu"},{"@type":"Organization","@id":"https:\/\/marekkuchcinski.pl\/#organization","name":"Marek Kuchci\u0144ski","url":"https:\/\/marekkuchcinski.pl\/","logo":{"@type":"ImageObject","inLanguage":"hu","@id":"https:\/\/marekkuchcinski.pl\/#\/schema\/logo\/image\/","url":"https:\/\/marekkuchcinski.pl\/wp-content\/uploads\/2022\/09\/Marek.jpg","contentUrl":"https:\/\/marekkuchcinski.pl\/wp-content\/uploads\/2022\/09\/Marek.jpg","width":1600,"height":971,"caption":"Marek Kuchci\u0144ski"},"image":{"@id":"https:\/\/marekkuchcinski.pl\/#\/schema\/logo\/image\/"}},{"@type":"Person","@id":"https:\/\/marekkuchcinski.pl\/#\/schema\/person\/b8a29fe7813098f7be78801d029910a7","name":"Tomasz \u0141acina","image":{"@type":"ImageObject","inLanguage":"hu","@id":"https:\/\/marekkuchcinski.pl\/#\/schema\/person\/image\/","url":"https:\/\/secure.gravatar.com\/avatar\/22e75f6c51aff77a676ed77dd222f852?s=96&d=mm&r=g","contentUrl":"https:\/\/secure.gravatar.com\/avatar\/22e75f6c51aff77a676ed77dd222f852?s=96&d=mm&r=g","caption":"Tomasz \u0141acina"},"url":"https:\/\/marekkuchcinski.pl\/hu\/author\/tomek-lacina\/"}]}},"_links":{"self":[{"href":"https:\/\/marekkuchcinski.pl\/hu\/wp-json\/wp\/v2\/posts\/20297","targetHints":{"allow":["GET"]}}],"collection":[{"href":"https:\/\/marekkuchcinski.pl\/hu\/wp-json\/wp\/v2\/posts"}],"about":[{"href":"https:\/\/marekkuchcinski.pl\/hu\/wp-json\/wp\/v2\/types\/post"}],"author":[{"embeddable":true,"href":"https:\/\/marekkuchcinski.pl\/hu\/wp-json\/wp\/v2\/users\/17"}],"replies":[{"embeddable":true,"href":"https:\/\/marekkuchcinski.pl\/hu\/wp-json\/wp\/v2\/comments?post=20297"}],"version-history":[{"count":3,"href":"https:\/\/marekkuchcinski.pl\/hu\/wp-json\/wp\/v2\/posts\/20297\/revisions"}],"predecessor-version":[{"id":21422,"href":"https:\/\/marekkuchcinski.pl\/hu\/wp-json\/wp\/v2\/posts\/20297\/revisions\/21422"}],"wp:featuredmedia":[{"embeddable":true,"href":"https:\/\/marekkuchcinski.pl\/hu\/wp-json\/wp\/v2\/media\/20787"}],"wp:attachment":[{"href":"https:\/\/marekkuchcinski.pl\/hu\/wp-json\/wp\/v2\/media?parent=20297"}],"wp:term":[{"taxonomy":"category","embeddable":true,"href":"https:\/\/marekkuchcinski.pl\/hu\/wp-json\/wp\/v2\/categories?post=20297"},{"taxonomy":"post_tag","embeddable":true,"href":"https:\/\/marekkuchcinski.pl\/hu\/wp-json\/wp\/v2\/tags?post=20297"}],"curies":[{"name":"wp","href":"https:\/\/api.w.org\/{rel}","templated":true}]}}