{"id":20283,"date":"2020-12-01T09:59:03","date_gmt":"2020-12-01T08:59:03","guid":{"rendered":"https:\/\/marekkuchcinski.pl\/?p=20283"},"modified":"2021-01-16T15:56:02","modified_gmt":"2021-01-16T14:56:02","slug":"wiadomosci-z-europy","status":"publish","type":"post","link":"https:\/\/marekkuchcinski.pl\/hu\/europa\/wiadomosci-z-europy\/","title":{"rendered":"Wiadomo\u015bci z Europy i \u015bwiata, 30 listopada 2020"},"content":{"rendered":"<p class=\"wp-block-paragraph\"><strong>UE<\/strong><\/p>\n\n\n\n<p class=\"wp-block-paragraph\"><strong>Bruksela:<\/strong> Wed\u0142ug doniesie\u0144 z Publico, portugalski premier Ant\u00f3nio Costa skrytykowa\u0142 propozycj\u0119 wprowadzenia mechanizmu \u0142\u0105cz\u0105cego wyp\u0142at\u0119 funduszy unijnych z poszanowaniem tzw. praworz\u0105dno\u015bci na listopadowym posiedzeniu Rady UE.<\/p>\n\n\n\n<p class=\"wp-block-paragraph\"><strong>Europa Zachodnia<\/strong><\/p>\n\n\n\n<p class=\"wp-block-paragraph\"><strong>Francja: <\/strong>Ju\u017c drug\u0105 sobot\u0119 z rz\u0119du Francuzi wyszli na ulic\u0119 \u017c\u0105daj\u0105c wycofania tzw. \u201eGlobalnego prawa bezpiecze\u0144stwa\u201d, kt\u00f3re zakazuje robienie zdj\u0119\u0107 lub nagrywania funkcjonariuszy policji podczas s\u0142u\u017cby. Ustawa zosta\u0142a przyj\u0119ta w pierwszym czytaniu 24 listopada przez francuskie Zgromadzenie Narodowe.<\/p>\n\n\n\n<p class=\"wp-block-paragraph\"><strong>Austria: <\/strong>Austriacka minister obrony narodowej Klaudia Tanner (\u00d6VP) uzyska\u0142a pozytywny wynik testu na koronawirusa w niedziel\u0119, ale nie ma powa\u017cnych objaw\u00f3w i pracuje zdalnie, poinformowa\u0142a jej rzecznik. Tanner jest drugim austriackim ministrem, kt\u00f3ry uzyska\u0142 wynik pozytywny po bezpartyjnym ministrze spraw zagranicznych Aleksandrze Schallenbergu, kt\u00f3ry uzyska\u0142 wynik pozytywny w pa\u017adzierniku.<\/p>\n\n\n\n<p class=\"wp-block-paragraph\"><strong>Grupa Wyszehradzka<\/strong><\/p>\n\n\n\n<p class=\"wp-block-paragraph\"><strong>W\u0119gry: <\/strong>Przewodnicz\u0105cy w\u0119gierskiego Zgromadzenia Narodowego&nbsp; L\u00e1szl\u00f3&nbsp; K\u00f6v\u00e9r&nbsp;zach\u0119ci\u0142 szefa Bundestagu Wolfganga Schaeuble do osobistego zaanga\u017cowania si\u0119 w dzia\u0142ania zmierzaj\u0105ce do zablokowania mechanizmu warunkowo\u015bci ws. bud\u017cetu UE na lata 2021-2027. K\u00f6v\u00e9r napisa\u0142 list do przewodnicz\u0105cego niemieckiego parlamentu w kt\u00f3rym t\u0142umaczy \u017ce powi\u0105zanie wyp\u0142aty funduszy z tzw. praworz\u0105dno\u015bci\u0105 jest niezgodne z prawem i umo\u017cliwi \u201epolityczny szanta\u017c\u201d w stosunku do poszczeg\u00f3lnych kraj\u00f3w UE.<\/p>\n\n\n\n<p class=\"wp-block-paragraph\">Inna wa\u017cna informacja z nad Dunaju dotyczy J\u00f3zsefa Sz\u00e1jera, przewodnicz\u0105cego delegacji Fideszu w w\u0119gierskim parlamencie, kt\u00f3ry niespodziewanie zrezygnowa\u0142 w niedziel\u0119 ze swojego stanowiska jako pos\u0142a do Parlamentu Europejskiego, powo\u0142uj\u0105c si\u0119 na \u201enapi\u0119cie psychiczne jakie wywiera na niego codzienna walka polityczna.\u201d<\/p>\n\n\n\n<p class=\"wp-block-paragraph\"><strong>S\u0142owacja: <\/strong>S\u0142owacka minister sprawiedliwo\u015bci M\u00e1ria Kol\u00edkov\u00e1 (Dla ludzi) przedstawi\u0142a w zesz\u0142ym tygodniu propozycj\u0119, w kt\u00f3rej przedstawiono daleko id\u0105ce zmiany w systemie s\u0105downictwa, takie jak drastyczne zmniejszenie liczby s\u0105d\u00f3w. Toco niekt\u00f3rzy obserwatorzy okre\u015blaj\u0105 mianem \u201enajwi\u0119kszej reformy s\u0105downictwa od dw\u00f3ch dekad\u201d, ma na celu zerwanie \u0142a\u0144cuch\u00f3w korupcyjnych, popraw\u0119 jako\u015bci orzecze\u0144 i przyspieszenie procesu decyzyjnego.<\/p>\n\n\n\n<p class=\"wp-block-paragraph\"><strong>Czechy: <\/strong>Sklepy i restauracje b\u0119d\u0105 z powrotem czynne z ograniczonymi godzinami otwarcia od 3 grudnia. Zniesiona zostanie obecnie tak\u017ce godzina policyjna, a picie alkoholu w miejscach publicznych zn\u00f3w b\u0119dzie dozwolone.<\/p>\n\n\n\n<p class=\"wp-block-paragraph\"><strong>Ba\u0142kany<\/strong><\/p>\n\n\n\n<p class=\"wp-block-paragraph\"><strong>S\u0142owenia: <\/strong>S\u0142owe\u0144scy parlamentarzy\u015bci przeprowadz\u0105 w tym tygodniu debat\u0119 na temat stanowiska premiera Janeza Jan\u0161y ws. polityki zagranicznej, kt\u00f3re spotka\u0142o si\u0119 z licznymi reakcjami zar\u00f3wno w kraju, jak i za granic\u0105. Parlament tak\u017ce przeprowadzi rozmowy w sprawie inicjatywy zawarcia porozumienia mi\u0119dzy S\u0142oweni\u0105 a W\u0119grami nt. wsp\u00f3\u0142pracy przy budowie i zarz\u0105dzaniu linii kolejowej Diva\u010da-Koper (2TDK).<\/p>\n\n\n\n<p class=\"wp-block-paragraph\"><strong>Serbia\/Czarnog\u00f3ra: <\/strong>Czarnog\u00f3ra i Serbia zdecydowa\u0142y o wycofaniu swoich ambasador\u00f3w. Pe\u0142ni\u0105cy obowi\u0105zki rz\u0105d og\u0142osi\u0142 w pi\u0105tek persona non grata ambasadora Serbii w Czarnog\u00f3rze Vladimira Bo\u017eovicia za \u201eingerencj\u0119 w jej sprawy wewn\u0119trzne,\u201d po tym jak okre\u015bli\u0142 jako \u201ewyzwolenie\u201d decyzj\u0119 Zgromadzenia Narodowego z 1918 r. o zjednoczeniu Czarnog\u00f3ry z Serbi\u0105 i tym samym przy\u0142\u0105czeniu si\u0119 do kr\u00f3lestwa Serb\u00f3w, Chorwat\u00f3w i S\u0142owe\u0144c\u00f3w.<\/p>\n\n\n\n<p class=\"wp-block-paragraph\"><strong>Chorwacja: <\/strong>PremierChorwacji Andrej Plenkovi\u0107 jest obecnie w izolacji poniewa\u017c jak jego \u017cona uzyska\u0142a pozytywny wynik testu na COVID-19. Od poniedzia\u0142ku pracuje zdalnie.<\/p>\n\n\n\n<p class=\"wp-block-paragraph\"><strong><u>27\/11\/2020<\/u><\/strong><\/p>\n\n\n\n<p class=\"wp-block-paragraph\"><strong>Grupa Wyszehradzka<\/strong><\/p>\n\n\n\n<p class=\"wp-block-paragraph\"><strong>Polska\/W\u0119gry:<\/strong> Premierzy Polski i W\u0119gier&nbsp;potwierdzili w czwartek 26 listopada sw\u00f3j sprzeciw wobec wi\u0105zania funduszy&nbsp;UE z rz\u0105dami prawa w pa\u0144stwach cz\u0142onkowskich i zamiast tego przedstawili w\u0142asn\u0105 propozycj\u0119 wyj\u015bcia z impasu, kt\u00f3ry powstrzymuje wyp\u0142at\u0119 siedmioletniego bud\u017cetu UE o wysoko\u015bci 1,81 bln euro oraz fundusz odbudowy.<\/p>\n\n\n\n<p class=\"wp-block-paragraph\"><strong>Europa Zachodnia<\/strong><\/p>\n\n\n\n<p class=\"wp-block-paragraph\"><strong>Portugalia:&nbsp;<\/strong>Komisja Europejska zwr\u00f3ci\u0142a si\u0119 w pa\u017adzierniku do portugalskiego organu regulacyjnego ds. \u0141\u0105czno\u015bci, firmy Anacom (5G), o wyja\u015bnienie warunk\u00f3w aukcji cz\u0119stotliwo\u015bci dla telefonii kom\u00f3rkowej pi\u0105tej generacji pod wzgl\u0119dem pokrycia przez nowych operator\u00f3w i roamingu krajowego, zgodnie z pismem Dyrekcji Generalnej Unii Europejskiej dla sieci komunikacyjnych, tre\u015bci i technologii.<\/p>\n\n\n\n<p class=\"wp-block-paragraph\"><strong>Austria:&nbsp;<\/strong>Wed\u0142ug badania zleconego przez ministra edukacji Heinza Fa\u00dfmanna (OVP) liczba niezarejestrowanych przypadk\u00f3w COVID-19 w Austrii mo\u017ce by\u0107 dwukrotnie wy\u017csza ni\u017c dotychczas szacowano.&nbsp;Spo\u015br\u00f3d infekcji zarejestrowanych podczas badania, 55% nie zosta\u0142o zarejestrowanych przez w\u0142adze. Fa\u00dfmann postrzega to jako kolejny dow\u00f3d na potrzeb\u0119 masowych test\u00f3w ludno\u015bci austriackiej w grudniu.<\/p>\n\n\n\n<p class=\"wp-block-paragraph\"><strong>Ba\u0142kany<\/strong><\/p>\n\n\n\n<p class=\"wp-block-paragraph\"><strong>S\u0142owenia:&nbsp;<\/strong>Minister obrony Matej Tonin zosta\u0142 ponownie wybrany na lidera Nowej S\u0142owenii (NSi-EPP) na kolejne dwa lata podczas kongresu partii w czwartek, uzyskuj\u0105c prawie 96% g\u0142os\u00f3w delegat\u00f3w, kt\u00f3re tym razem zosta\u0142y oddane poczt\u0105.&nbsp;37-letni minister obrony by\u0142 jedynym startuj\u0105cym o przyw\u00f3dztwo w partii.<\/p>\n\n\n\n<p class=\"wp-block-paragraph\"><strong>Chorwacja:&nbsp;<\/strong>\u201ePrze\u015bladowani chrze\u015bcijanie i inni ludzie w potrzebie\u201d otrzymaj\u0105 1,5 miliona kun (200 000 euro) po przyj\u0119ciu przez pos\u0142\u00f3w poprawki do bud\u017cetu na 2021 r. zaproponowanej przez niezale\u017cn\u0105 deputowan\u0105 i by\u0142\u0105 eurodeputowan\u0105 Marijan\u0119 Petir, kt\u00f3ra popiera rz\u0105dz\u0105c\u0105 Chorwack\u0105 Uni\u0119 Demokratyczn\u0105 (HDZ, PPE) .&nbsp;<\/p>\n\n\n\n<p class=\"wp-block-paragraph\"><strong>Bu\u0142garia\/Macedonia P\u00f3\u0142nocna<\/strong>:&nbsp;\u201eRz\u0105d Macedonii P\u00f3\u0142nocnej powinien opracowa\u0107 map\u0119 drogow\u0105 dotycz\u0105c\u0105 uznawania wsp\u00f3lnej historii, przepisywania podr\u0119cznik\u00f3w i zwalczania mowy nienawi\u015bci wobec Bu\u0142garii\u201d powiedzia\u0142 Premier Krassimir Karakachanov&nbsp;(WMRO). Z kolei Skopje twierdzi \u017ce to\u017csamo\u015b\u0107 i j\u0119zyk tego kraju nie s\u0105 przedmiotem dyskusji. Mi\u0119dzy tymi dwoma krajami trwa konflikt spowodowany brakiem rozstrzygni\u0119cia kwestii historyczno-j\u0119zykowych. 17 listopada rz\u0105d Bu\u0142garii sprzeciwi\u0142 si\u0119 rozpocz\u0119ciu negocjacji akcesyjnych UE z Macedoni\u0105 P\u00f3\u0142nocn\u0105.<\/p>\n\n\n\n<p class=\"wp-block-paragraph\"><strong>Europa P\u00f3\u0142nocna<\/strong><\/p>\n\n\n\n<p class=\"wp-block-paragraph\"><strong>Finlandia<\/strong>:&nbsp;&nbsp;Finlandia jest krajem o najwi\u0119kszej gotowo\u015bci do trwaj\u0105cej transformacji energetycznej, wed\u0142ug wsp\u00f3lnego projektu badawczego prowadzonego przez Uniwersytet Oksfordzki, berli\u0144ski Technische Universit\u00e4t i Siemens Smart Infrastructure.<\/p>\n\n\n\n<figure class=\"wp-block-image size-large\"><img fetchpriority=\"high\" decoding=\"async\" width=\"1024\" height=\"1024\" src=\"https:\/\/marekkuchcinski.pl\/wp-content\/uploads\/2020\/12\/usgs-inNzGtPrkHk-unsplash-1024x1024.jpg\" alt=\"\" class=\"wp-image-20284\" srcset=\"https:\/\/marekkuchcinski.pl\/wp-content\/uploads\/2020\/12\/usgs-inNzGtPrkHk-unsplash-1024x1024.jpg 1024w, https:\/\/marekkuchcinski.pl\/wp-content\/uploads\/2020\/12\/usgs-inNzGtPrkHk-unsplash-300x300.jpg 300w, https:\/\/marekkuchcinski.pl\/wp-content\/uploads\/2020\/12\/usgs-inNzGtPrkHk-unsplash-150x150.jpg 150w, https:\/\/marekkuchcinski.pl\/wp-content\/uploads\/2020\/12\/usgs-inNzGtPrkHk-unsplash-768x768.jpg 768w, https:\/\/marekkuchcinski.pl\/wp-content\/uploads\/2020\/12\/usgs-inNzGtPrkHk-unsplash-1536x1536.jpg 1536w, https:\/\/marekkuchcinski.pl\/wp-content\/uploads\/2020\/12\/usgs-inNzGtPrkHk-unsplash-scaled.jpg 2048w\" sizes=\"(max-width: 1024px) 100vw, 1024px\" \/><\/figure>","protected":false},"excerpt":{"rendered":"<p>UE Bruksela: Wed\u0142ug doniesie\u0144 z Publico, portugalski premier Ant\u00f3nio Costa skrytykowa\u0142 propozycj\u0119 wprowadzenia mechanizmu \u0142\u0105cz\u0105cego wyp\u0142at\u0119 funduszy unijnych z poszanowaniem tzw. praworz\u0105dno\u015bci na listopadowym posiedzeniu Rady UE. Europa Zachodnia Francja: Ju\u017c drug\u0105 sobot\u0119 z rz\u0119du Francuzi wyszli na ulic\u0119 \u017c\u0105daj\u0105c wycofania tzw. \u201eGlobalnego prawa bezpiecze\u0144stwa\u201d, kt\u00f3re zakazuje robienie zdj\u0119\u0107 lub nagrywania funkcjonariuszy policji podczas s\u0142u\u017cby. [&hellip;]<\/p>\n","protected":false},"author":2,"featured_media":20284,"comment_status":"open","ping_status":"open","sticky":false,"template":"","format":"standard","meta":{"ngg_post_thumbnail":0,"footnotes":""},"categories":[185],"tags":[],"class_list":["post-20283","post","type-post","status-publish","format-standard","has-post-thumbnail","hentry","category-europa"],"yoast_head":"<!-- This site is optimized with the Yoast SEO plugin v28.4 - https:\/\/yoast.com\/product\/yoast-seo-wordpress\/ -->\n<title>Wiadomo\u015bci z Europy i \u015bwiata, 30 listopada 2020 &#8211; Marek Kuchci\u0144ski<\/title>\n<meta name=\"robots\" content=\"index, follow, max-snippet:-1, max-image-preview:large, max-video-preview:-1\" \/>\n<link rel=\"canonical\" href=\"https:\/\/marekkuchcinski.pl\/hu\/europa\/wiadomosci-z-europy\/\" \/>\n<meta property=\"og:locale\" content=\"hu_HU\" \/>\n<meta property=\"og:type\" content=\"article\" \/>\n<meta property=\"og:title\" content=\"Wiadomo\u015bci z Europy i \u015bwiata, 30 listopada 2020 &#8211; Marek Kuchci\u0144ski\" \/>\n<meta property=\"og:description\" content=\"UE Bruksela: Wed\u0142ug doniesie\u0144 z Publico, portugalski premier Ant\u00f3nio Costa skrytykowa\u0142 propozycj\u0119 wprowadzenia mechanizmu \u0142\u0105cz\u0105cego wyp\u0142at\u0119 funduszy unijnych z poszanowaniem tzw. praworz\u0105dno\u015bci na listopadowym posiedzeniu Rady UE. Europa Zachodnia Francja: Ju\u017c drug\u0105 sobot\u0119 z rz\u0119du Francuzi wyszli na ulic\u0119 \u017c\u0105daj\u0105c wycofania tzw. \u201eGlobalnego prawa bezpiecze\u0144stwa\u201d, kt\u00f3re zakazuje robienie zdj\u0119\u0107 lub nagrywania funkcjonariuszy policji podczas s\u0142u\u017cby. [&hellip;]\" \/>\n<meta property=\"og:url\" content=\"https:\/\/marekkuchcinski.pl\/hu\/europa\/wiadomosci-z-europy\/\" \/>\n<meta property=\"og:site_name\" content=\"Marek Kuchci\u0144ski\" \/>\n<meta property=\"article:published_time\" content=\"2020-12-01T08:59:03+00:00\" \/>\n<meta property=\"article:modified_time\" content=\"2021-01-16T14:56:02+00:00\" \/>\n<meta property=\"og:image\" content=\"https:\/\/marekkuchcinski.pl\/wp-content\/uploads\/2020\/12\/usgs-inNzGtPrkHk-unsplash-scaled.jpg\" \/>\n\t<meta property=\"og:image:width\" content=\"2048\" \/>\n\t<meta property=\"og:image:height\" content=\"2048\" \/>\n\t<meta property=\"og:image:type\" content=\"image\/jpeg\" \/>\n<meta name=\"author\" content=\"Tomasz \u0141acina\" \/>\n<meta name=\"twitter:card\" content=\"summary_large_image\" \/>\n<meta name=\"twitter:label1\" content=\"Written by\" \/>\n\t<meta name=\"twitter:data1\" content=\"Tomasz \u0141acina\" \/>\n\t<meta name=\"twitter:label2\" content=\"Est. reading time\" \/>\n\t<meta name=\"twitter:data2\" content=\"5 minutes\" \/>\n<script type=\"application\/ld+json\" class=\"yoast-schema-graph\">{\"@context\":\"https:\\\/\\\/schema.org\",\"@graph\":[{\"@type\":\"Article\",\"@id\":\"https:\\\/\\\/marekkuchcinski.pl\\\/europa\\\/wiadomosci-z-europy\\\/#article\",\"isPartOf\":{\"@id\":\"https:\\\/\\\/marekkuchcinski.pl\\\/europa\\\/wiadomosci-z-europy\\\/\"},\"author\":{\"name\":\"Tomasz \u0141acina\",\"@id\":\"https:\\\/\\\/marekkuchcinski.pl\\\/#\\\/schema\\\/person\\\/aba1fe8aef473b9a6959c5931c34a69d\"},\"headline\":\"Wiadomo\u015bci z Europy i \u015bwiata, 30 listopada 2020\",\"datePublished\":\"2020-12-01T08:59:03+00:00\",\"dateModified\":\"2021-01-16T14:56:02+00:00\",\"mainEntityOfPage\":{\"@id\":\"https:\\\/\\\/marekkuchcinski.pl\\\/europa\\\/wiadomosci-z-europy\\\/\"},\"wordCount\":976,\"commentCount\":0,\"publisher\":{\"@id\":\"https:\\\/\\\/marekkuchcinski.pl\\\/#organization\"},\"image\":{\"@id\":\"https:\\\/\\\/marekkuchcinski.pl\\\/europa\\\/wiadomosci-z-europy\\\/#primaryimage\"},\"thumbnailUrl\":\"https:\\\/\\\/marekkuchcinski.pl\\\/wp-content\\\/uploads\\\/2020\\\/12\\\/usgs-inNzGtPrkHk-unsplash-scaled.jpg\",\"articleSection\":[\"Wie\u015bci z Europy i \u015awiata\"],\"inLanguage\":\"hu-HU\",\"potentialAction\":[{\"@type\":\"CommentAction\",\"name\":\"Comment\",\"target\":[\"https:\\\/\\\/marekkuchcinski.pl\\\/europa\\\/wiadomosci-z-europy\\\/#respond\"]}]},{\"@type\":\"WebPage\",\"@id\":\"https:\\\/\\\/marekkuchcinski.pl\\\/europa\\\/wiadomosci-z-europy\\\/\",\"url\":\"https:\\\/\\\/marekkuchcinski.pl\\\/europa\\\/wiadomosci-z-europy\\\/\",\"name\":\"Wiadomo\u015bci z Europy i \u015bwiata, 30 listopada 2020 &#8211; Marek Kuchci\u0144ski\",\"isPartOf\":{\"@id\":\"https:\\\/\\\/marekkuchcinski.pl\\\/#website\"},\"primaryImageOfPage\":{\"@id\":\"https:\\\/\\\/marekkuchcinski.pl\\\/europa\\\/wiadomosci-z-europy\\\/#primaryimage\"},\"image\":{\"@id\":\"https:\\\/\\\/marekkuchcinski.pl\\\/europa\\\/wiadomosci-z-europy\\\/#primaryimage\"},\"thumbnailUrl\":\"https:\\\/\\\/marekkuchcinski.pl\\\/wp-content\\\/uploads\\\/2020\\\/12\\\/usgs-inNzGtPrkHk-unsplash-scaled.jpg\",\"datePublished\":\"2020-12-01T08:59:03+00:00\",\"dateModified\":\"2021-01-16T14:56:02+00:00\",\"breadcrumb\":{\"@id\":\"https:\\\/\\\/marekkuchcinski.pl\\\/europa\\\/wiadomosci-z-europy\\\/#breadcrumb\"},\"inLanguage\":\"hu-HU\",\"potentialAction\":[{\"@type\":\"ReadAction\",\"target\":[\"https:\\\/\\\/marekkuchcinski.pl\\\/europa\\\/wiadomosci-z-europy\\\/\"]}]},{\"@type\":\"ImageObject\",\"inLanguage\":\"hu-HU\",\"@id\":\"https:\\\/\\\/marekkuchcinski.pl\\\/europa\\\/wiadomosci-z-europy\\\/#primaryimage\",\"url\":\"https:\\\/\\\/marekkuchcinski.pl\\\/wp-content\\\/uploads\\\/2020\\\/12\\\/usgs-inNzGtPrkHk-unsplash-scaled.jpg\",\"contentUrl\":\"https:\\\/\\\/marekkuchcinski.pl\\\/wp-content\\\/uploads\\\/2020\\\/12\\\/usgs-inNzGtPrkHk-unsplash-scaled.jpg\",\"width\":2048,\"height\":2048},{\"@type\":\"BreadcrumbList\",\"@id\":\"https:\\\/\\\/marekkuchcinski.pl\\\/europa\\\/wiadomosci-z-europy\\\/#breadcrumb\",\"itemListElement\":[{\"@type\":\"ListItem\",\"position\":1,\"name\":\"Strona g\u0142\u00f3wna\",\"item\":\"https:\\\/\\\/marekkuchcinski.pl\\\/\"},{\"@type\":\"ListItem\",\"position\":2,\"name\":\"Wiadomo\u015bci z Europy i \u015bwiata, 30 listopada 2020\"}]},{\"@type\":\"WebSite\",\"@id\":\"https:\\\/\\\/marekkuchcinski.pl\\\/#website\",\"url\":\"https:\\\/\\\/marekkuchcinski.pl\\\/\",\"name\":\"Marek Kuchci\u0144ski\",\"description\":\"Marek Kuchci\u0144ski \",\"publisher\":{\"@id\":\"https:\\\/\\\/marekkuchcinski.pl\\\/#organization\"},\"potentialAction\":[{\"@type\":\"SearchAction\",\"target\":{\"@type\":\"EntryPoint\",\"urlTemplate\":\"https:\\\/\\\/marekkuchcinski.pl\\\/?s={search_term_string}\"},\"query-input\":{\"@type\":\"PropertyValueSpecification\",\"valueRequired\":true,\"valueName\":\"search_term_string\"}}],\"inLanguage\":\"hu-HU\"},{\"@type\":\"Organization\",\"@id\":\"https:\\\/\\\/marekkuchcinski.pl\\\/#organization\",\"name\":\"Marek Kuchci\u0144ski\",\"url\":\"https:\\\/\\\/marekkuchcinski.pl\\\/\",\"logo\":{\"@type\":\"ImageObject\",\"inLanguage\":\"hu-HU\",\"@id\":\"https:\\\/\\\/marekkuchcinski.pl\\\/#\\\/schema\\\/logo\\\/image\\\/\",\"url\":\"https:\\\/\\\/marekkuchcinski.pl\\\/wp-content\\\/uploads\\\/2022\\\/09\\\/Marek.jpg\",\"contentUrl\":\"https:\\\/\\\/marekkuchcinski.pl\\\/wp-content\\\/uploads\\\/2022\\\/09\\\/Marek.jpg\",\"width\":1600,\"height\":971,\"caption\":\"Marek Kuchci\u0144ski\"},\"image\":{\"@id\":\"https:\\\/\\\/marekkuchcinski.pl\\\/#\\\/schema\\\/logo\\\/image\\\/\"}},{\"@type\":\"Person\",\"@id\":\"https:\\\/\\\/marekkuchcinski.pl\\\/#\\\/schema\\\/person\\\/aba1fe8aef473b9a6959c5931c34a69d\",\"name\":\"Tomasz \u0141acina\",\"image\":{\"@type\":\"ImageObject\",\"inLanguage\":\"hu-HU\",\"@id\":\"https:\\\/\\\/secure.gravatar.com\\\/avatar\\\/fd39e6ddb0386ca8ff9cf0a0732afdeb33a6c2f19978b6d60dfd33e5c2258908?s=96&d=mm&r=g\",\"url\":\"https:\\\/\\\/secure.gravatar.com\\\/avatar\\\/fd39e6ddb0386ca8ff9cf0a0732afdeb33a6c2f19978b6d60dfd33e5c2258908?s=96&d=mm&r=g\",\"contentUrl\":\"https:\\\/\\\/secure.gravatar.com\\\/avatar\\\/fd39e6ddb0386ca8ff9cf0a0732afdeb33a6c2f19978b6d60dfd33e5c2258908?s=96&d=mm&r=g\",\"caption\":\"Tomasz \u0141acina\"},\"url\":\"https:\\\/\\\/marekkuchcinski.pl\\\/hu\\\/author\\\/tomek-lacina\\\/\"}]}<\/script>\n<!-- \/ Yoast SEO plugin. -->","yoast_head_json":{"title":"Wiadomo\u015bci z Europy i \u015bwiata, 30 listopada 2020 &#8211; Marek Kuchci\u0144ski","robots":{"index":"index","follow":"follow","max-snippet":"max-snippet:-1","max-image-preview":"max-image-preview:large","max-video-preview":"max-video-preview:-1"},"canonical":"https:\/\/marekkuchcinski.pl\/hu\/europa\/wiadomosci-z-europy\/","og_locale":"hu_HU","og_type":"article","og_title":"Wiadomo\u015bci z Europy i \u015bwiata, 30 listopada 2020 &#8211; Marek Kuchci\u0144ski","og_description":"UE Bruksela: Wed\u0142ug doniesie\u0144 z Publico, portugalski premier Ant\u00f3nio Costa skrytykowa\u0142 propozycj\u0119 wprowadzenia mechanizmu \u0142\u0105cz\u0105cego wyp\u0142at\u0119 funduszy unijnych z poszanowaniem tzw. praworz\u0105dno\u015bci na listopadowym posiedzeniu Rady UE. Europa Zachodnia Francja: Ju\u017c drug\u0105 sobot\u0119 z rz\u0119du Francuzi wyszli na ulic\u0119 \u017c\u0105daj\u0105c wycofania tzw. \u201eGlobalnego prawa bezpiecze\u0144stwa\u201d, kt\u00f3re zakazuje robienie zdj\u0119\u0107 lub nagrywania funkcjonariuszy policji podczas s\u0142u\u017cby. [&hellip;]","og_url":"https:\/\/marekkuchcinski.pl\/hu\/europa\/wiadomosci-z-europy\/","og_site_name":"Marek Kuchci\u0144ski","article_published_time":"2020-12-01T08:59:03+00:00","article_modified_time":"2021-01-16T14:56:02+00:00","og_image":[{"width":2048,"height":2048,"url":"https:\/\/marekkuchcinski.pl\/wp-content\/uploads\/2020\/12\/usgs-inNzGtPrkHk-unsplash-scaled.jpg","type":"image\/jpeg"}],"author":"Tomasz \u0141acina","twitter_card":"summary_large_image","twitter_misc":{"Written by":"Tomasz \u0141acina","Est. reading time":"5 minutes"},"schema":{"@context":"https:\/\/schema.org","@graph":[{"@type":"Article","@id":"https:\/\/marekkuchcinski.pl\/europa\/wiadomosci-z-europy\/#article","isPartOf":{"@id":"https:\/\/marekkuchcinski.pl\/europa\/wiadomosci-z-europy\/"},"author":{"name":"Tomasz \u0141acina","@id":"https:\/\/marekkuchcinski.pl\/#\/schema\/person\/aba1fe8aef473b9a6959c5931c34a69d"},"headline":"Wiadomo\u015bci z Europy i \u015bwiata, 30 listopada 2020","datePublished":"2020-12-01T08:59:03+00:00","dateModified":"2021-01-16T14:56:02+00:00","mainEntityOfPage":{"@id":"https:\/\/marekkuchcinski.pl\/europa\/wiadomosci-z-europy\/"},"wordCount":976,"commentCount":0,"publisher":{"@id":"https:\/\/marekkuchcinski.pl\/#organization"},"image":{"@id":"https:\/\/marekkuchcinski.pl\/europa\/wiadomosci-z-europy\/#primaryimage"},"thumbnailUrl":"https:\/\/marekkuchcinski.pl\/wp-content\/uploads\/2020\/12\/usgs-inNzGtPrkHk-unsplash-scaled.jpg","articleSection":["Wie\u015bci z Europy i \u015awiata"],"inLanguage":"hu-HU","potentialAction":[{"@type":"CommentAction","name":"Comment","target":["https:\/\/marekkuchcinski.pl\/europa\/wiadomosci-z-europy\/#respond"]}]},{"@type":"WebPage","@id":"https:\/\/marekkuchcinski.pl\/europa\/wiadomosci-z-europy\/","url":"https:\/\/marekkuchcinski.pl\/europa\/wiadomosci-z-europy\/","name":"Wiadomo\u015bci z Europy i \u015bwiata, 30 listopada 2020 &#8211; Marek Kuchci\u0144ski","isPartOf":{"@id":"https:\/\/marekkuchcinski.pl\/#website"},"primaryImageOfPage":{"@id":"https:\/\/marekkuchcinski.pl\/europa\/wiadomosci-z-europy\/#primaryimage"},"image":{"@id":"https:\/\/marekkuchcinski.pl\/europa\/wiadomosci-z-europy\/#primaryimage"},"thumbnailUrl":"https:\/\/marekkuchcinski.pl\/wp-content\/uploads\/2020\/12\/usgs-inNzGtPrkHk-unsplash-scaled.jpg","datePublished":"2020-12-01T08:59:03+00:00","dateModified":"2021-01-16T14:56:02+00:00","breadcrumb":{"@id":"https:\/\/marekkuchcinski.pl\/europa\/wiadomosci-z-europy\/#breadcrumb"},"inLanguage":"hu-HU","potentialAction":[{"@type":"ReadAction","target":["https:\/\/marekkuchcinski.pl\/europa\/wiadomosci-z-europy\/"]}]},{"@type":"ImageObject","inLanguage":"hu-HU","@id":"https:\/\/marekkuchcinski.pl\/europa\/wiadomosci-z-europy\/#primaryimage","url":"https:\/\/marekkuchcinski.pl\/wp-content\/uploads\/2020\/12\/usgs-inNzGtPrkHk-unsplash-scaled.jpg","contentUrl":"https:\/\/marekkuchcinski.pl\/wp-content\/uploads\/2020\/12\/usgs-inNzGtPrkHk-unsplash-scaled.jpg","width":2048,"height":2048},{"@type":"BreadcrumbList","@id":"https:\/\/marekkuchcinski.pl\/europa\/wiadomosci-z-europy\/#breadcrumb","itemListElement":[{"@type":"ListItem","position":1,"name":"Strona g\u0142\u00f3wna","item":"https:\/\/marekkuchcinski.pl\/"},{"@type":"ListItem","position":2,"name":"Wiadomo\u015bci z Europy i \u015bwiata, 30 listopada 2020"}]},{"@type":"WebSite","@id":"https:\/\/marekkuchcinski.pl\/#website","url":"https:\/\/marekkuchcinski.pl\/","name":"Marek Kuchci\u0144ski","description":"Marek Kuchci\u0144ski","publisher":{"@id":"https:\/\/marekkuchcinski.pl\/#organization"},"potentialAction":[{"@type":"SearchAction","target":{"@type":"EntryPoint","urlTemplate":"https:\/\/marekkuchcinski.pl\/?s={search_term_string}"},"query-input":{"@type":"PropertyValueSpecification","valueRequired":true,"valueName":"search_term_string"}}],"inLanguage":"hu-HU"},{"@type":"Organization","@id":"https:\/\/marekkuchcinski.pl\/#organization","name":"Marek Kuchci\u0144ski","url":"https:\/\/marekkuchcinski.pl\/","logo":{"@type":"ImageObject","inLanguage":"hu-HU","@id":"https:\/\/marekkuchcinski.pl\/#\/schema\/logo\/image\/","url":"https:\/\/marekkuchcinski.pl\/wp-content\/uploads\/2022\/09\/Marek.jpg","contentUrl":"https:\/\/marekkuchcinski.pl\/wp-content\/uploads\/2022\/09\/Marek.jpg","width":1600,"height":971,"caption":"Marek Kuchci\u0144ski"},"image":{"@id":"https:\/\/marekkuchcinski.pl\/#\/schema\/logo\/image\/"}},{"@type":"Person","@id":"https:\/\/marekkuchcinski.pl\/#\/schema\/person\/aba1fe8aef473b9a6959c5931c34a69d","name":"Tomasz \u0141acina","image":{"@type":"ImageObject","inLanguage":"hu-HU","@id":"https:\/\/secure.gravatar.com\/avatar\/fd39e6ddb0386ca8ff9cf0a0732afdeb33a6c2f19978b6d60dfd33e5c2258908?s=96&d=mm&r=g","url":"https:\/\/secure.gravatar.com\/avatar\/fd39e6ddb0386ca8ff9cf0a0732afdeb33a6c2f19978b6d60dfd33e5c2258908?s=96&d=mm&r=g","contentUrl":"https:\/\/secure.gravatar.com\/avatar\/fd39e6ddb0386ca8ff9cf0a0732afdeb33a6c2f19978b6d60dfd33e5c2258908?s=96&d=mm&r=g","caption":"Tomasz \u0141acina"},"url":"https:\/\/marekkuchcinski.pl\/hu\/author\/tomek-lacina\/"}]}},"_links":{"self":[{"href":"https:\/\/marekkuchcinski.pl\/hu\/wp-json\/wp\/v2\/posts\/20283","targetHints":{"allow":["GET"]}}],"collection":[{"href":"https:\/\/marekkuchcinski.pl\/hu\/wp-json\/wp\/v2\/posts"}],"about":[{"href":"https:\/\/marekkuchcinski.pl\/hu\/wp-json\/wp\/v2\/types\/post"}],"author":[{"embeddable":true,"href":"https:\/\/marekkuchcinski.pl\/hu\/wp-json\/wp\/v2\/users\/2"}],"replies":[{"embeddable":true,"href":"https:\/\/marekkuchcinski.pl\/hu\/wp-json\/wp\/v2\/comments?post=20283"}],"version-history":[{"count":3,"href":"https:\/\/marekkuchcinski.pl\/hu\/wp-json\/wp\/v2\/posts\/20283\/revisions"}],"predecessor-version":[{"id":21432,"href":"https:\/\/marekkuchcinski.pl\/hu\/wp-json\/wp\/v2\/posts\/20283\/revisions\/21432"}],"wp:featuredmedia":[{"embeddable":true,"href":"https:\/\/marekkuchcinski.pl\/hu\/wp-json\/wp\/v2\/media\/20284"}],"wp:attachment":[{"href":"https:\/\/marekkuchcinski.pl\/hu\/wp-json\/wp\/v2\/media?parent=20283"}],"wp:term":[{"taxonomy":"category","embeddable":true,"href":"https:\/\/marekkuchcinski.pl\/hu\/wp-json\/wp\/v2\/categories?post=20283"},{"taxonomy":"post_tag","embeddable":true,"href":"https:\/\/marekkuchcinski.pl\/hu\/wp-json\/wp\/v2\/tags?post=20283"}],"curies":[{"name":"wp","href":"https:\/\/api.w.org\/{rel}","templated":true}]}}