{"id":20256,"date":"2020-11-20T00:46:29","date_gmt":"2020-11-19T23:46:29","guid":{"rendered":"https:\/\/marekkuchcinski.pl\/?p=20256"},"modified":"2020-11-20T11:29:35","modified_gmt":"2020-11-20T10:29:35","slug":"sejm-i-rzad-podtrzymuje-stanowisko-ws-weta-do-unijnego-budzetu-przepisy-sa-niezgodne-z-unijnymi-traktatami","status":"publish","type":"post","link":"https:\/\/marekkuchcinski.pl\/hu\/wydarzenia\/sejm-i-rzad-podtrzymuje-stanowisko-ws-weta-do-unijnego-budzetu-przepisy-sa-niezgodne-z-unijnymi-traktatami\/","title":{"rendered":"A szejm \u00e9s a korm\u00e1ny fenntartja az uni\u00f3s k\u00f6lts\u00e9gvet\u00e9s megv\u00e9t\u00f3z\u00e1s\u00e1ra vonatkoz\u00f3 \u00e1ll\u00e1spontj\u00e1t: A rendelkez\u00e9sek \u00f6sszeegyeztethetetlenek a szerz\u0151d\u00e9sekkel"},"content":{"rendered":"<p>- Harcolunk Lengyelorsz\u00e1g\u00e9rt \u00e9s az Eur\u00f3pai Uni\u00f3 j\u00f6v\u0151j\u00e9\u00e9rt, egy j\u00f3 k\u00f6lts\u00e9gvet\u00e9s\u00e9rt, egy \u00fajj\u00e1\u00e9p\u00edt\u00e9si program\u00e9rt, elvek\u00e9rt \u00e9s \u00e9rt\u00e9kek\u00e9rt. Ez a mi javaslatunk, amelyet az EU-hoz \u00e9s az eg\u00e9sz lengyel t\u00e1rsadalomhoz int\u00e9z\u00fcnk. K\u00f6nnyebb utat is v\u00e1laszthattunk volna, de most a br\u00fcsszeli mainstream \u00e1rj\u00e1val szemben \u00faszunk\" - mondta Mateusz Morawiecki minisztereln\u00f6k szerd\u00e1n a Szejmben.<\/p>\n\n\n\n<p>Lengyelorsz\u00e1g \u00e9s Magyarorsz\u00e1g nem fogadja el a n\u00e9met eln\u00f6ks\u00e9g \u00e9s az Eur\u00f3pai Parlament k\u00f6z\u00f6tt november elej\u00e9n l\u00e9trej\u00f6tt meg\u00e1llapod\u00e1st arr\u00f3l a mechanizmusr\u00f3l, amely az uni\u00f3s forr\u00e1sokhoz val\u00f3 hozz\u00e1f\u00e9r\u00e9st a jog\u00e1llamis\u00e1ghoz k\u00f6tn\u00e9. Azt \u00e1ll\u00edtotta, hogy Eur\u00f3pa akkor nagyszer\u0171, ha a haz\u00e1k Eur\u00f3p\u00e1ja. Ha k\u00e9pes gondoskodni a transzatlanti \u00e9rt\u00e9kekr\u0151l \u00e9s k\u00f6z\u00f6s piacot \u00e9p\u00edteni - ez az az Eur\u00f3pa, amelyet kereszt\u00e9ny alap\u00edt\u00f3 aty\u00e1i teremtettek. Az Eur\u00f3pai Uni\u00f3 az \u00e1llamok t\u00f6rv\u00e9ny el\u0151tti egyenl\u0151s\u00e9g\u00e9t \u00e9s a Szerz\u0151d\u00e9sek betart\u00e1s\u00e1nak \u00e9rt\u00e9k\u00e9t jelenti, nem pedig a Szerz\u0151d\u00e9seket megker\u00fcl\u0151 szab\u00e1lyoz\u00e1sok l\u00e9trehoz\u00e1s\u00e1t. Ez nem lehet a kett\u0151s m\u00e9rce Uni\u00f3ja, az egyenl\u0151k \u00e9s egyenl\u0151k Uni\u00f3ja!<\/p>\n\n\n\n<p>- Ma alapvet\u0151 v\u00e1laszt\u00e1s el\u0151tt \u00e1llunk: megv\u00e9dj\u00fck-e a val\u00f3di eur\u00f3pai \u00e9rt\u00e9keket, amelyek a l\u00e9tez\u00e9s\u00e9nek alapj\u00e1t k\u00e9pezik\" - mondta Morawiecki.<\/p>\n\n\n\n<p>Az Eur\u00f3pai Tan\u00e1cs cs\u00fct\u00f6rt\u00f6ki \u00fcl\u00e9s\u00e9n a minisztereln\u00f6k megism\u00e9telte Lengyelorsz\u00e1g elutas\u00edt\u00f3 \u00e1ll\u00e1spontj\u00e1t a k\u00f6lts\u00e9gvet\u00e9si forr\u00e1sok felhaszn\u00e1l\u00e1s\u00e1t felt\u00e9telez\u0151 \u00f6nk\u00e9nyes \u00e9s nem objekt\u00edv krit\u00e9riumok bevezet\u00e9s\u00e9vel kapcsolatban.<\/p>\n\n\n\n<p>Ugyanezen a napon a Szejm hat\u00e1rozatot fogadott el az Uni\u00f3 k\u00f6lts\u00e9gvet\u00e9s\u00e9re vonatkoz\u00f3 lengyel v\u00e9t\u00f3 t\u00e1mogat\u00e1s\u00e1r\u00f3l. Ebben felsz\u00f3l\u00edtotta az \u00f6sszes uni\u00f3s tag\u00e1llam korm\u00e1ny\u00e1t \u00e9s az uni\u00f3s szerveket, hogy t\u00e9rjenek vissza a t\u00e1rgyal\u00e1sokhoz, \u00e9s az uni\u00f3s szerz\u0151d\u00e9sekkel \u00e9s az Eur\u00f3pai Tan\u00e1cs k\u00f6vetkeztet\u00e9seivel \u00f6sszhangban jussanak meg\u00e1llapod\u00e1sra.<\/p>\n\n\n\n<p>A Jog \u00e9s Igazs\u00e1g\u00fcgy \u00e9vek \u00f3ta k\u00f6vetkezetesen arra t\u00f6rekszik, hogy a lengyel versenyfelt\u00e9telek az EU-ban kiegyenl\u00edt\u0151djenek. Marek Kuchci\u0144ski, a szejm eln\u00f6ke m\u00e1r 2016-ban, az uni\u00f3s parlamenti eln\u00f6k\u00f6k luxembourgi tal\u00e1lkoz\u00f3j\u00e1n bemutatta a szolid\u00e1ris \u00e1llamok Eur\u00f3p\u00e1j\u00e1nak terv\u00e9t - az EU mint szuver\u00e9n nemzet\u00e1llamok szervezet\u00e9nek koncepci\u00f3j\u00e1t.<\/p>\n\n\n\n<p>2018 janu\u00e1rj\u00e1ban azzal \u00e9rvelt, hogy mindannyiunknak egy er\u0151sebb Eur\u00f3p\u00e1ra van sz\u00fcks\u00e9g\u00fcnk. Ezt az er\u0151t azonban az eg\u00e9szs\u00e9ges \u00e1llamk\u00f6zi kapcsolatokb\u00f3l, a nemzeti k\u00fcl\u00f6nbs\u00e9gek, a kultur\u00e1lis k\u00fcl\u00f6nbs\u00e9gek \u00e9s a politikai k\u00fcl\u00f6nlegess\u00e9gek tiszteletben tart\u00e1s\u00e1b\u00f3l kell mer\u00edten\u00fcnk. Nem \u00e1llamok, hanem er\u0151s \u00e1llamok, nemzetek \u00e9p\u00edthetnek versenyk\u00e9pes, biztons\u00e1gos \u00e9s b\u00f6lcs Eur\u00f3pai Uni\u00f3t.<\/p>\n\n\n\n<p>Marek Kuchci\u0144ski felh\u00edvta a figyelmet a tag\u00e1llamokkal szembeni egyenl\u0151tlen b\u00e1n\u00e1sm\u00f3dra \u00e9s a Lengyelorsz\u00e1ggal szembeni alaptalan v\u00e1dakra is, miszerint 2019 \u00e1prilis\u00e1ban nem tartja tiszteletben a jog\u00e1llamis\u00e1got. Az uni\u00f3s parlamentek eln\u00f6keinek b\u00e9csi konferenci\u00e1j\u00e1n azt mondta, hogy aggaszt\u00f3, hogy az Uni\u00f3ban elt\u0171nik a jog m\u0171k\u00f6d\u00e9se. Ennek oka, hogy a tag\u00e1llamokkal szembeni egyenl\u0151tlen b\u00e1n\u00e1sm\u00f3ddal van dolgunk.  Az Uni\u00f3 a szerz\u0151d\u00e9seken \u00e9s a szubszidiarit\u00e1s elv\u00e9n alapul. A szerz\u0151d\u00e9sek meghat\u00e1rozz\u00e1k az \u00e1llamok \u00e9s az uni\u00f3s int\u00e9zm\u00e9nyek hat\u00e1sk\u00f6r\u00e9t, \u00e9s ezt a hat\u00e1rt az EU megs\u00e9rti, \u00e9s ez probl\u00e9ma. Ma azt l\u00e1tjuk, hogy az EU-hoz 2004-ben \u00e9s k\u00e9s\u0151bb csatlakozott orsz\u00e1gokat m\u00e1sk\u00e9pp kezelik, mint az \u00fagynevezett r\u00e9gi tag\u00e1llamokat. Ilyen p\u00e9ld\u00e1ul az igazs\u00e1gszolg\u00e1ltat\u00e1s, amelynek megszervez\u00e9se - a Lisszaboni Szerz\u0151d\u00e9s \u00e9rtelm\u00e9ben - a tag\u00e1llamok bels\u0151 hat\u00e1sk\u00f6r\u00e9be tartozik. Ha egy igazs\u00e1gszolg\u00e1ltat\u00e1si int\u00e9zm\u00e9ny l\u00e9tezik egy \u00e1llamban, akkor joga van ahhoz, hogy egy m\u00e1sik \u00e1llamban is hasonl\u00f3 elvek alapj\u00e1n l\u00e9tezzen \u00e9s m\u0171k\u00f6dj\u00f6n.<\/p>\n\n\n\n<p>- A lengyelek az\u00e9rt akart\u00e1k ezt a reformot, mert a val\u00f3di hatalmi egyens\u00faly hi\u00e1nya \u00e9s a totalitarizmus k\u00f6vetkezm\u00e9nyei miatt a lengyel b\u00edr\u00f3s\u00e1gokon \u00e9vek \u00f3ta egyre t\u00f6bb volt a patol\u00f3gia. Egy demokratikus \u00e1llam nem m\u0171k\u00f6dhet j\u00f3l egy hib\u00e1s igazs\u00e1gszolg\u00e1ltat\u00e1si rendszerrel\" - \u00e9rvelt Marek Kuchci\u0144ski.<\/p>\n\n\n\n<p><em>mo<\/em><\/p>\n\n\n\n<figure class=\"wp-block-image size-large\"><a href=\"https:\/\/marekkuchcinski.pl\/wp-content\/uploads\/2020\/11\/Weto-glos.-scaled.jpg\"><img fetchpriority=\"high\" decoding=\"async\" width=\"1024\" height=\"682\" src=\"https:\/\/marekkuchcinski.pl\/wp-content\/uploads\/2020\/11\/Weto-glos.-1024x682.jpg\" alt=\"\" class=\"wp-image-20259\" srcset=\"https:\/\/marekkuchcinski.pl\/wp-content\/uploads\/2020\/11\/Weto-glos.-1024x682.jpg 1024w, https:\/\/marekkuchcinski.pl\/wp-content\/uploads\/2020\/11\/Weto-glos.-300x200.jpg 300w, https:\/\/marekkuchcinski.pl\/wp-content\/uploads\/2020\/11\/Weto-glos.-768x511.jpg 768w, https:\/\/marekkuchcinski.pl\/wp-content\/uploads\/2020\/11\/Weto-glos.-1536x1022.jpg 1536w, https:\/\/marekkuchcinski.pl\/wp-content\/uploads\/2020\/11\/Weto-glos.-scaled.jpg 2048w\" sizes=\"(max-width: 1024px) 100vw, 1024px\" \/><\/a><figcaption><em>mo<\/em><\/figcaption><\/figure>\n\n\n\n<figure class=\"wp-block-image size-large\"><a href=\"https:\/\/marekkuchcinski.pl\/wp-content\/uploads\/2020\/11\/Mk-20.-scaled.jpg\"><img decoding=\"async\" width=\"1024\" height=\"681\" src=\"https:\/\/marekkuchcinski.pl\/wp-content\/uploads\/2020\/11\/Mk-20.-1024x681.jpg\" alt=\"\" class=\"wp-image-20261\" srcset=\"https:\/\/marekkuchcinski.pl\/wp-content\/uploads\/2020\/11\/Mk-20.-1024x681.jpg 1024w, https:\/\/marekkuchcinski.pl\/wp-content\/uploads\/2020\/11\/Mk-20.-300x200.jpg 300w, https:\/\/marekkuchcinski.pl\/wp-content\/uploads\/2020\/11\/Mk-20.-768x511.jpg 768w, https:\/\/marekkuchcinski.pl\/wp-content\/uploads\/2020\/11\/Mk-20.-1536x1022.jpg 1536w, https:\/\/marekkuchcinski.pl\/wp-content\/uploads\/2020\/11\/Mk-20.-scaled.jpg 2048w\" sizes=\"(max-width: 1024px) 100vw, 1024px\" \/><\/a><figcaption><em>mo<\/em><\/figcaption><\/figure>","protected":false},"excerpt":{"rendered":"<p>\u2013 Walczymy o Polsk\u0119 i przysz\u0142o\u015b\u0107 Unii Europejskiej, o dobry bud\u017cet, o program odbudowy, o zasady i warto\u015bci. To nasza propozycja, kt\u00f3r\u0105 kierujemy do UE i ca\u0142ego polskiego spo\u0142ecze\u0144stwa. Mogli\u015bmy i\u015b\u0107 \u0142atwiejsz\u0105 drog\u0105, ale p\u0142yniemy teraz pod pr\u0105d mainstreamu Brukseli \u2013 m\u00f3wi\u0142 w \u015brod\u0119 w Sejmie premier Mateusz Morawiecki. Polska i W\u0119gry nie godz\u0105 si\u0119 [&hellip;]<\/p>","protected":false},"author":21,"featured_media":20259,"comment_status":"open","ping_status":"open","sticky":false,"template":"","format":"standard","meta":{"ngg_post_thumbnail":0,"footnotes":""},"categories":[81,50,3],"tags":[],"class_list":["post-20256","post","type-post","status-publish","format-standard","has-post-thumbnail","hentry","category-wiesci-z-sejmu","category-wspolpraca-miedzynarodowa","category-wydarzenia"],"yoast_head":"<!-- This site is optimized with the Yoast SEO plugin v24.7 - https:\/\/yoast.com\/wordpress\/plugins\/seo\/ -->\n<title>Sejm i rz\u0105d podtrzymuje stanowisko ws. weta do unijnego bud\u017cetu: Przepisy s\u0105 niezgodne z traktatami &#8211; Marek Kuchci\u0144ski<\/title>\n<meta name=\"robots\" content=\"index, follow, max-snippet:-1, max-image-preview:large, max-video-preview:-1\" \/>\n<link rel=\"canonical\" href=\"https:\/\/marekkuchcinski.pl\/hu\/wydarzenia\/sejm-i-rzad-podtrzymuje-stanowisko-ws-weta-do-unijnego-budzetu-przepisy-sa-niezgodne-z-unijnymi-traktatami\/\" \/>\n<meta property=\"og:locale\" content=\"hu_HU\" \/>\n<meta property=\"og:type\" content=\"article\" \/>\n<meta property=\"og:title\" content=\"Sejm i rz\u0105d podtrzymuje stanowisko ws. weta do unijnego bud\u017cetu: Przepisy s\u0105 niezgodne z traktatami &#8211; Marek Kuchci\u0144ski\" \/>\n<meta property=\"og:description\" content=\"\u2013 Walczymy o Polsk\u0119 i przysz\u0142o\u015b\u0107 Unii Europejskiej, o dobry bud\u017cet, o program odbudowy, o zasady i warto\u015bci. To nasza propozycja, kt\u00f3r\u0105 kierujemy do UE i ca\u0142ego polskiego spo\u0142ecze\u0144stwa. Mogli\u015bmy i\u015b\u0107 \u0142atwiejsz\u0105 drog\u0105, ale p\u0142yniemy teraz pod pr\u0105d mainstreamu Brukseli \u2013 m\u00f3wi\u0142 w \u015brod\u0119 w Sejmie premier Mateusz Morawiecki. Polska i W\u0119gry nie godz\u0105 si\u0119 [&hellip;]\" \/>\n<meta property=\"og:url\" content=\"https:\/\/marekkuchcinski.pl\/hu\/wydarzenia\/sejm-i-rzad-podtrzymuje-stanowisko-ws-weta-do-unijnego-budzetu-przepisy-sa-niezgodne-z-unijnymi-traktatami\/\" \/>\n<meta property=\"og:site_name\" content=\"Marek Kuchci\u0144ski\" \/>\n<meta property=\"article:published_time\" content=\"2020-11-19T23:46:29+00:00\" \/>\n<meta property=\"article:modified_time\" content=\"2020-11-20T10:29:35+00:00\" \/>\n<meta property=\"og:image\" content=\"https:\/\/marekkuchcinski.pl\/wp-content\/uploads\/2020\/11\/Weto-glos.-scaled.jpg\" \/>\n\t<meta property=\"og:image:width\" content=\"2048\" \/>\n\t<meta property=\"og:image:height\" content=\"1363\" \/>\n\t<meta property=\"og:image:type\" content=\"image\/jpeg\" \/>\n<meta name=\"author\" content=\"Marta Olejnik\" \/>\n<meta name=\"twitter:card\" content=\"summary_large_image\" \/>\n<meta name=\"twitter:label1\" content=\"Szerz\u0151:\" \/>\n\t<meta name=\"twitter:data1\" content=\"Marta Olejnik\" \/>\n\t<meta name=\"twitter:label2\" content=\"Becs\u00fclt olvas\u00e1si id\u0151\" \/>\n\t<meta name=\"twitter:data2\" content=\"3 perc\" \/>\n<script type=\"application\/ld+json\" class=\"yoast-schema-graph\">{\"@context\":\"https:\/\/schema.org\",\"@graph\":[{\"@type\":\"Article\",\"@id\":\"https:\/\/marekkuchcinski.pl\/wydarzenia\/sejm-i-rzad-podtrzymuje-stanowisko-ws-weta-do-unijnego-budzetu-przepisy-sa-niezgodne-z-unijnymi-traktatami\/#article\",\"isPartOf\":{\"@id\":\"https:\/\/marekkuchcinski.pl\/wydarzenia\/sejm-i-rzad-podtrzymuje-stanowisko-ws-weta-do-unijnego-budzetu-przepisy-sa-niezgodne-z-unijnymi-traktatami\/\"},\"author\":{\"name\":\"Marta Olejnik\",\"@id\":\"https:\/\/marekkuchcinski.pl\/#\/schema\/person\/51d5d4ee3b5317b8e4dd2b48af359229\"},\"headline\":\"Sejm i rz\u0105d podtrzymuje stanowisko ws. weta do unijnego bud\u017cetu: Przepisy s\u0105 niezgodne z traktatami\",\"datePublished\":\"2020-11-19T23:46:29+00:00\",\"dateModified\":\"2020-11-20T10:29:35+00:00\",\"mainEntityOfPage\":{\"@id\":\"https:\/\/marekkuchcinski.pl\/wydarzenia\/sejm-i-rzad-podtrzymuje-stanowisko-ws-weta-do-unijnego-budzetu-przepisy-sa-niezgodne-z-unijnymi-traktatami\/\"},\"wordCount\":592,\"commentCount\":0,\"publisher\":{\"@id\":\"https:\/\/marekkuchcinski.pl\/#organization\"},\"image\":{\"@id\":\"https:\/\/marekkuchcinski.pl\/wydarzenia\/sejm-i-rzad-podtrzymuje-stanowisko-ws-weta-do-unijnego-budzetu-przepisy-sa-niezgodne-z-unijnymi-traktatami\/#primaryimage\"},\"thumbnailUrl\":\"https:\/\/marekkuchcinski.pl\/wp-content\/uploads\/2020\/11\/Weto-glos.-scaled.jpg\",\"articleSection\":[\"Wie\u015bci z Sejmu\",\"Wsp\u00f3\u0142praca mi\u0119dzynarodowa\",\"Wydarzenia\"],\"inLanguage\":\"hu\",\"potentialAction\":[{\"@type\":\"CommentAction\",\"name\":\"Comment\",\"target\":[\"https:\/\/marekkuchcinski.pl\/wydarzenia\/sejm-i-rzad-podtrzymuje-stanowisko-ws-weta-do-unijnego-budzetu-przepisy-sa-niezgodne-z-unijnymi-traktatami\/#respond\"]}]},{\"@type\":\"WebPage\",\"@id\":\"https:\/\/marekkuchcinski.pl\/wydarzenia\/sejm-i-rzad-podtrzymuje-stanowisko-ws-weta-do-unijnego-budzetu-przepisy-sa-niezgodne-z-unijnymi-traktatami\/\",\"url\":\"https:\/\/marekkuchcinski.pl\/wydarzenia\/sejm-i-rzad-podtrzymuje-stanowisko-ws-weta-do-unijnego-budzetu-przepisy-sa-niezgodne-z-unijnymi-traktatami\/\",\"name\":\"Sejm i rz\u0105d podtrzymuje stanowisko ws. weta do unijnego bud\u017cetu: Przepisy s\u0105 niezgodne z traktatami &#8211; Marek Kuchci\u0144ski\",\"isPartOf\":{\"@id\":\"https:\/\/marekkuchcinski.pl\/#website\"},\"primaryImageOfPage\":{\"@id\":\"https:\/\/marekkuchcinski.pl\/wydarzenia\/sejm-i-rzad-podtrzymuje-stanowisko-ws-weta-do-unijnego-budzetu-przepisy-sa-niezgodne-z-unijnymi-traktatami\/#primaryimage\"},\"image\":{\"@id\":\"https:\/\/marekkuchcinski.pl\/wydarzenia\/sejm-i-rzad-podtrzymuje-stanowisko-ws-weta-do-unijnego-budzetu-przepisy-sa-niezgodne-z-unijnymi-traktatami\/#primaryimage\"},\"thumbnailUrl\":\"https:\/\/marekkuchcinski.pl\/wp-content\/uploads\/2020\/11\/Weto-glos.-scaled.jpg\",\"datePublished\":\"2020-11-19T23:46:29+00:00\",\"dateModified\":\"2020-11-20T10:29:35+00:00\",\"breadcrumb\":{\"@id\":\"https:\/\/marekkuchcinski.pl\/wydarzenia\/sejm-i-rzad-podtrzymuje-stanowisko-ws-weta-do-unijnego-budzetu-przepisy-sa-niezgodne-z-unijnymi-traktatami\/#breadcrumb\"},\"inLanguage\":\"hu\",\"potentialAction\":[{\"@type\":\"ReadAction\",\"target\":[\"https:\/\/marekkuchcinski.pl\/wydarzenia\/sejm-i-rzad-podtrzymuje-stanowisko-ws-weta-do-unijnego-budzetu-przepisy-sa-niezgodne-z-unijnymi-traktatami\/\"]}]},{\"@type\":\"ImageObject\",\"inLanguage\":\"hu\",\"@id\":\"https:\/\/marekkuchcinski.pl\/wydarzenia\/sejm-i-rzad-podtrzymuje-stanowisko-ws-weta-do-unijnego-budzetu-przepisy-sa-niezgodne-z-unijnymi-traktatami\/#primaryimage\",\"url\":\"https:\/\/marekkuchcinski.pl\/wp-content\/uploads\/2020\/11\/Weto-glos.-scaled.jpg\",\"contentUrl\":\"https:\/\/marekkuchcinski.pl\/wp-content\/uploads\/2020\/11\/Weto-glos.-scaled.jpg\",\"width\":2048,\"height\":1363},{\"@type\":\"BreadcrumbList\",\"@id\":\"https:\/\/marekkuchcinski.pl\/wydarzenia\/sejm-i-rzad-podtrzymuje-stanowisko-ws-weta-do-unijnego-budzetu-przepisy-sa-niezgodne-z-unijnymi-traktatami\/#breadcrumb\",\"itemListElement\":[{\"@type\":\"ListItem\",\"position\":1,\"name\":\"Strona g\u0142\u00f3wna\",\"item\":\"https:\/\/marekkuchcinski.pl\/\"},{\"@type\":\"ListItem\",\"position\":2,\"name\":\"Sejm i rz\u0105d podtrzymuje stanowisko ws. weta do unijnego bud\u017cetu: Przepisy s\u0105 niezgodne z traktatami\"}]},{\"@type\":\"WebSite\",\"@id\":\"https:\/\/marekkuchcinski.pl\/#website\",\"url\":\"https:\/\/marekkuchcinski.pl\/\",\"name\":\"Marek Kuchci\u0144ski\",\"description\":\"Pose\u0142 na sejm RP &ndash; okr\u0119g nr 22\",\"publisher\":{\"@id\":\"https:\/\/marekkuchcinski.pl\/#organization\"},\"potentialAction\":[{\"@type\":\"SearchAction\",\"target\":{\"@type\":\"EntryPoint\",\"urlTemplate\":\"https:\/\/marekkuchcinski.pl\/?s={search_term_string}\"},\"query-input\":{\"@type\":\"PropertyValueSpecification\",\"valueRequired\":true,\"valueName\":\"search_term_string\"}}],\"inLanguage\":\"hu\"},{\"@type\":\"Organization\",\"@id\":\"https:\/\/marekkuchcinski.pl\/#organization\",\"name\":\"Marek Kuchci\u0144ski\",\"url\":\"https:\/\/marekkuchcinski.pl\/\",\"logo\":{\"@type\":\"ImageObject\",\"inLanguage\":\"hu\",\"@id\":\"https:\/\/marekkuchcinski.pl\/#\/schema\/logo\/image\/\",\"url\":\"https:\/\/marekkuchcinski.pl\/wp-content\/uploads\/2022\/09\/Marek.jpg\",\"contentUrl\":\"https:\/\/marekkuchcinski.pl\/wp-content\/uploads\/2022\/09\/Marek.jpg\",\"width\":1600,\"height\":971,\"caption\":\"Marek Kuchci\u0144ski\"},\"image\":{\"@id\":\"https:\/\/marekkuchcinski.pl\/#\/schema\/logo\/image\/\"}},{\"@type\":\"Person\",\"@id\":\"https:\/\/marekkuchcinski.pl\/#\/schema\/person\/51d5d4ee3b5317b8e4dd2b48af359229\",\"name\":\"Marta Olejnik\",\"image\":{\"@type\":\"ImageObject\",\"inLanguage\":\"hu\",\"@id\":\"https:\/\/marekkuchcinski.pl\/#\/schema\/person\/image\/\",\"url\":\"https:\/\/secure.gravatar.com\/avatar\/e39914b2aa6a48959e24d475b5dc9793?s=96&d=mm&r=g\",\"contentUrl\":\"https:\/\/secure.gravatar.com\/avatar\/e39914b2aa6a48959e24d475b5dc9793?s=96&d=mm&r=g\",\"caption\":\"Marta Olejnik\"},\"url\":\"https:\/\/marekkuchcinski.pl\/hu\/author\/marta\/\"}]}<\/script>\n<!-- \/ Yoast SEO plugin. -->","yoast_head_json":{"title":"Sejm i rz\u0105d podtrzymuje stanowisko ws. weta do unijnego bud\u017cetu: Przepisy s\u0105 niezgodne z traktatami &#8211; Marek Kuchci\u0144ski","robots":{"index":"index","follow":"follow","max-snippet":"max-snippet:-1","max-image-preview":"max-image-preview:large","max-video-preview":"max-video-preview:-1"},"canonical":"https:\/\/marekkuchcinski.pl\/hu\/wydarzenia\/sejm-i-rzad-podtrzymuje-stanowisko-ws-weta-do-unijnego-budzetu-przepisy-sa-niezgodne-z-unijnymi-traktatami\/","og_locale":"hu_HU","og_type":"article","og_title":"Sejm i rz\u0105d podtrzymuje stanowisko ws. weta do unijnego bud\u017cetu: Przepisy s\u0105 niezgodne z traktatami &#8211; Marek Kuchci\u0144ski","og_description":"\u2013 Walczymy o Polsk\u0119 i przysz\u0142o\u015b\u0107 Unii Europejskiej, o dobry bud\u017cet, o program odbudowy, o zasady i warto\u015bci. To nasza propozycja, kt\u00f3r\u0105 kierujemy do UE i ca\u0142ego polskiego spo\u0142ecze\u0144stwa. Mogli\u015bmy i\u015b\u0107 \u0142atwiejsz\u0105 drog\u0105, ale p\u0142yniemy teraz pod pr\u0105d mainstreamu Brukseli \u2013 m\u00f3wi\u0142 w \u015brod\u0119 w Sejmie premier Mateusz Morawiecki. Polska i W\u0119gry nie godz\u0105 si\u0119 [&hellip;]","og_url":"https:\/\/marekkuchcinski.pl\/hu\/wydarzenia\/sejm-i-rzad-podtrzymuje-stanowisko-ws-weta-do-unijnego-budzetu-przepisy-sa-niezgodne-z-unijnymi-traktatami\/","og_site_name":"Marek Kuchci\u0144ski","article_published_time":"2020-11-19T23:46:29+00:00","article_modified_time":"2020-11-20T10:29:35+00:00","og_image":[{"width":2048,"height":1363,"url":"https:\/\/marekkuchcinski.pl\/wp-content\/uploads\/2020\/11\/Weto-glos.-scaled.jpg","type":"image\/jpeg"}],"author":"Marta Olejnik","twitter_card":"summary_large_image","twitter_misc":{"Szerz\u0151:":"Marta Olejnik","Becs\u00fclt olvas\u00e1si id\u0151":"3 perc"},"schema":{"@context":"https:\/\/schema.org","@graph":[{"@type":"Article","@id":"https:\/\/marekkuchcinski.pl\/wydarzenia\/sejm-i-rzad-podtrzymuje-stanowisko-ws-weta-do-unijnego-budzetu-przepisy-sa-niezgodne-z-unijnymi-traktatami\/#article","isPartOf":{"@id":"https:\/\/marekkuchcinski.pl\/wydarzenia\/sejm-i-rzad-podtrzymuje-stanowisko-ws-weta-do-unijnego-budzetu-przepisy-sa-niezgodne-z-unijnymi-traktatami\/"},"author":{"name":"Marta Olejnik","@id":"https:\/\/marekkuchcinski.pl\/#\/schema\/person\/51d5d4ee3b5317b8e4dd2b48af359229"},"headline":"Sejm i rz\u0105d podtrzymuje stanowisko ws. weta do unijnego bud\u017cetu: Przepisy s\u0105 niezgodne z traktatami","datePublished":"2020-11-19T23:46:29+00:00","dateModified":"2020-11-20T10:29:35+00:00","mainEntityOfPage":{"@id":"https:\/\/marekkuchcinski.pl\/wydarzenia\/sejm-i-rzad-podtrzymuje-stanowisko-ws-weta-do-unijnego-budzetu-przepisy-sa-niezgodne-z-unijnymi-traktatami\/"},"wordCount":592,"commentCount":0,"publisher":{"@id":"https:\/\/marekkuchcinski.pl\/#organization"},"image":{"@id":"https:\/\/marekkuchcinski.pl\/wydarzenia\/sejm-i-rzad-podtrzymuje-stanowisko-ws-weta-do-unijnego-budzetu-przepisy-sa-niezgodne-z-unijnymi-traktatami\/#primaryimage"},"thumbnailUrl":"https:\/\/marekkuchcinski.pl\/wp-content\/uploads\/2020\/11\/Weto-glos.-scaled.jpg","articleSection":["Wie\u015bci z Sejmu","Wsp\u00f3\u0142praca mi\u0119dzynarodowa","Wydarzenia"],"inLanguage":"hu","potentialAction":[{"@type":"CommentAction","name":"Comment","target":["https:\/\/marekkuchcinski.pl\/wydarzenia\/sejm-i-rzad-podtrzymuje-stanowisko-ws-weta-do-unijnego-budzetu-przepisy-sa-niezgodne-z-unijnymi-traktatami\/#respond"]}]},{"@type":"WebPage","@id":"https:\/\/marekkuchcinski.pl\/wydarzenia\/sejm-i-rzad-podtrzymuje-stanowisko-ws-weta-do-unijnego-budzetu-przepisy-sa-niezgodne-z-unijnymi-traktatami\/","url":"https:\/\/marekkuchcinski.pl\/wydarzenia\/sejm-i-rzad-podtrzymuje-stanowisko-ws-weta-do-unijnego-budzetu-przepisy-sa-niezgodne-z-unijnymi-traktatami\/","name":"Sejm i rz\u0105d podtrzymuje stanowisko ws. weta do unijnego bud\u017cetu: Przepisy s\u0105 niezgodne z traktatami &#8211; Marek Kuchci\u0144ski","isPartOf":{"@id":"https:\/\/marekkuchcinski.pl\/#website"},"primaryImageOfPage":{"@id":"https:\/\/marekkuchcinski.pl\/wydarzenia\/sejm-i-rzad-podtrzymuje-stanowisko-ws-weta-do-unijnego-budzetu-przepisy-sa-niezgodne-z-unijnymi-traktatami\/#primaryimage"},"image":{"@id":"https:\/\/marekkuchcinski.pl\/wydarzenia\/sejm-i-rzad-podtrzymuje-stanowisko-ws-weta-do-unijnego-budzetu-przepisy-sa-niezgodne-z-unijnymi-traktatami\/#primaryimage"},"thumbnailUrl":"https:\/\/marekkuchcinski.pl\/wp-content\/uploads\/2020\/11\/Weto-glos.-scaled.jpg","datePublished":"2020-11-19T23:46:29+00:00","dateModified":"2020-11-20T10:29:35+00:00","breadcrumb":{"@id":"https:\/\/marekkuchcinski.pl\/wydarzenia\/sejm-i-rzad-podtrzymuje-stanowisko-ws-weta-do-unijnego-budzetu-przepisy-sa-niezgodne-z-unijnymi-traktatami\/#breadcrumb"},"inLanguage":"hu","potentialAction":[{"@type":"ReadAction","target":["https:\/\/marekkuchcinski.pl\/wydarzenia\/sejm-i-rzad-podtrzymuje-stanowisko-ws-weta-do-unijnego-budzetu-przepisy-sa-niezgodne-z-unijnymi-traktatami\/"]}]},{"@type":"ImageObject","inLanguage":"hu","@id":"https:\/\/marekkuchcinski.pl\/wydarzenia\/sejm-i-rzad-podtrzymuje-stanowisko-ws-weta-do-unijnego-budzetu-przepisy-sa-niezgodne-z-unijnymi-traktatami\/#primaryimage","url":"https:\/\/marekkuchcinski.pl\/wp-content\/uploads\/2020\/11\/Weto-glos.-scaled.jpg","contentUrl":"https:\/\/marekkuchcinski.pl\/wp-content\/uploads\/2020\/11\/Weto-glos.-scaled.jpg","width":2048,"height":1363},{"@type":"BreadcrumbList","@id":"https:\/\/marekkuchcinski.pl\/wydarzenia\/sejm-i-rzad-podtrzymuje-stanowisko-ws-weta-do-unijnego-budzetu-przepisy-sa-niezgodne-z-unijnymi-traktatami\/#breadcrumb","itemListElement":[{"@type":"ListItem","position":1,"name":"Strona g\u0142\u00f3wna","item":"https:\/\/marekkuchcinski.pl\/"},{"@type":"ListItem","position":2,"name":"Sejm i rz\u0105d podtrzymuje stanowisko ws. weta do unijnego bud\u017cetu: Przepisy s\u0105 niezgodne z traktatami"}]},{"@type":"WebSite","@id":"https:\/\/marekkuchcinski.pl\/#website","url":"https:\/\/marekkuchcinski.pl\/","name":"Marek Kuchci\u0144ski","description":"Pose\u0142 na sejm RP &ndash; okr\u0119g nr 22","publisher":{"@id":"https:\/\/marekkuchcinski.pl\/#organization"},"potentialAction":[{"@type":"SearchAction","target":{"@type":"EntryPoint","urlTemplate":"https:\/\/marekkuchcinski.pl\/?s={search_term_string}"},"query-input":{"@type":"PropertyValueSpecification","valueRequired":true,"valueName":"search_term_string"}}],"inLanguage":"hu"},{"@type":"Organization","@id":"https:\/\/marekkuchcinski.pl\/#organization","name":"Marek Kuchci\u0144ski","url":"https:\/\/marekkuchcinski.pl\/","logo":{"@type":"ImageObject","inLanguage":"hu","@id":"https:\/\/marekkuchcinski.pl\/#\/schema\/logo\/image\/","url":"https:\/\/marekkuchcinski.pl\/wp-content\/uploads\/2022\/09\/Marek.jpg","contentUrl":"https:\/\/marekkuchcinski.pl\/wp-content\/uploads\/2022\/09\/Marek.jpg","width":1600,"height":971,"caption":"Marek Kuchci\u0144ski"},"image":{"@id":"https:\/\/marekkuchcinski.pl\/#\/schema\/logo\/image\/"}},{"@type":"Person","@id":"https:\/\/marekkuchcinski.pl\/#\/schema\/person\/51d5d4ee3b5317b8e4dd2b48af359229","name":"Marta Olejnik","image":{"@type":"ImageObject","inLanguage":"hu","@id":"https:\/\/marekkuchcinski.pl\/#\/schema\/person\/image\/","url":"https:\/\/secure.gravatar.com\/avatar\/e39914b2aa6a48959e24d475b5dc9793?s=96&d=mm&r=g","contentUrl":"https:\/\/secure.gravatar.com\/avatar\/e39914b2aa6a48959e24d475b5dc9793?s=96&d=mm&r=g","caption":"Marta Olejnik"},"url":"https:\/\/marekkuchcinski.pl\/hu\/author\/marta\/"}]}},"_links":{"self":[{"href":"https:\/\/marekkuchcinski.pl\/hu\/wp-json\/wp\/v2\/posts\/20256","targetHints":{"allow":["GET"]}}],"collection":[{"href":"https:\/\/marekkuchcinski.pl\/hu\/wp-json\/wp\/v2\/posts"}],"about":[{"href":"https:\/\/marekkuchcinski.pl\/hu\/wp-json\/wp\/v2\/types\/post"}],"author":[{"embeddable":true,"href":"https:\/\/marekkuchcinski.pl\/hu\/wp-json\/wp\/v2\/users\/21"}],"replies":[{"embeddable":true,"href":"https:\/\/marekkuchcinski.pl\/hu\/wp-json\/wp\/v2\/comments?post=20256"}],"version-history":[{"count":7,"href":"https:\/\/marekkuchcinski.pl\/hu\/wp-json\/wp\/v2\/posts\/20256\/revisions"}],"predecessor-version":[{"id":20265,"href":"https:\/\/marekkuchcinski.pl\/hu\/wp-json\/wp\/v2\/posts\/20256\/revisions\/20265"}],"wp:featuredmedia":[{"embeddable":true,"href":"https:\/\/marekkuchcinski.pl\/hu\/wp-json\/wp\/v2\/media\/20259"}],"wp:attachment":[{"href":"https:\/\/marekkuchcinski.pl\/hu\/wp-json\/wp\/v2\/media?parent=20256"}],"wp:term":[{"taxonomy":"category","embeddable":true,"href":"https:\/\/marekkuchcinski.pl\/hu\/wp-json\/wp\/v2\/categories?post=20256"},{"taxonomy":"post_tag","embeddable":true,"href":"https:\/\/marekkuchcinski.pl\/hu\/wp-json\/wp\/v2\/tags?post=20256"}],"curies":[{"name":"wp","href":"https:\/\/api.w.org\/{rel}","templated":true}]}}