{"id":20135,"date":"2020-11-02T10:21:10","date_gmt":"2020-11-02T09:21:10","guid":{"rendered":"https:\/\/marekkuchcinski.pl\/?p=20135"},"modified":"2020-11-02T10:27:22","modified_gmt":"2020-11-02T09:27:22","slug":"podsumowanie-19-posiedzenia-sejmu","status":"publish","type":"post","link":"https:\/\/marekkuchcinski.pl\/hu\/wiesci-z-sejmu\/podsumowanie-19-posiedzenia-sejmu\/","title":{"rendered":"A Szejm 19. \u00fcl\u00e9s\u00e9nek \u00f6sszefoglal\u00f3ja"},"content":{"rendered":"<p class=\"wp-block-paragraph\">A szejm cs\u00fct\u00f6rt\u00f6k\u00f6n (okt\u00f3ber 22-\u00e9n) v\u00e9get \u00e9rt h\u00e1romnapos \u00fcl\u00e9s\u00e9nek f\u0151 t\u00e9m\u00e1ja a koronav\u00edrus-fert\u0151z\u00e9sek \u00e9s a COVID-19-es esetek sz\u00e1m\u00e1nak k\u00f6zelm\u00faltbeli n\u00f6veked\u00e9se volt. A k\u00e9pvisel\u0151k meghallgatt\u00e1k a korm\u00e1ny t\u00e1j\u00e9koztat\u00f3j\u00e1t az orsz\u00e1gnak a vil\u00e1gj\u00e1rv\u00e1ny m\u00e1sodik hull\u00e1m\u00e1ra val\u00f3 felk\u00e9sz\u00fcl\u00e9s\u00e9r\u0151l, \u00e9s elfogadt\u00e1k a COVID-19 v\u00e9szhelyzetek megel\u0151z\u00e9s\u00e9t megk\u00f6nny\u00edt\u0151 t\u00f6rv\u00e9nyt.<\/p>\n\n\n\n<p class=\"wp-block-paragraph\"><strong><u>A minisztereln\u00f6k t\u00e1j\u00e9koztat\u00e1sa az orsz\u00e1g felk\u00e9sz\u00fclts\u00e9g\u00e9r\u0151l a koronav\u00edrus-fert\u0151z\u00e9sek n\u00f6vekv\u0151 hull\u00e1m\u00e1ra val\u00f3 felk\u00e9sz\u00fclts\u00e9gr\u0151l<\/u><\/strong><\/p>\n\n\n\n<p class=\"wp-block-paragraph\">A 19. \u00fcl\u00e9sszak m\u00e1sodik napj\u00e1n Mateusz Morawiecki minisztereln\u00f6k \u00e9s Adam Niedzielski eg\u00e9szs\u00e9g\u00fcgyi miniszter t\u00e1j\u00e9koztatta a szejmet arr\u00f3l, hogy az \u00e1llam k\u00e9szen \u00e1ll a koronav\u00edrus m\u00e1sodik hull\u00e1m\u00e1val szemben. A korm\u00e1nyf\u0151 jelezte&nbsp;<strong><u>a fert\u0151z\u00e9s elleni n\u00e9gy f\u0151 v\u00e9delmi vonal<\/u><\/strong>Az eg\u00e9szs\u00e9g\u00fcgyi ell\u00e1t\u00f3rendszer \u00e9s a karant\u00e9n; tov\u00e1bbi k\u00f3rh\u00e1zi \u00e1gyak l\u00e9trehoz\u00e1sa a COVID-19 betegek sz\u00e1m\u00e1ra, \u00e9s v\u00e9gs\u0151 megold\u00e1sk\u00e9nt ideiglenes k\u00f3rh\u00e1zak l\u00e9trehoz\u00e1sa a tartom\u00e1nyi v\u00e1rosokban. A minisztereln\u00f6k \u00e1ltal ismertetett adatok szerint a t\u00e1j\u00e9koztat\u00e1s id\u0151pontj\u00e1ban 16 000 \u00e1gy \u00e1llt rendelkez\u00e9sre a COVID-19 betegek sz\u00e1m\u00e1ra az eg\u00e9szs\u00e9g\u00fcgyi ell\u00e1t\u00f3rendszerben (ebb\u0151l csak mintegy 10 000 volt kihaszn\u00e1lva), \u00e9s tov\u00e1bbi 13 000 \u00e1gyat lehetne l\u00e9trehozni.<\/p>\n\n\n\n<p class=\"wp-block-paragraph\">Morawiecki minisztereln\u00f6k hangs\u00falyozta, hogy a korm\u00e1ny a \"k\u00f6z\u00e9putat\" akarja k\u00f6vetni: nem akarja teljesen le\u00e1ll\u00edtani a gazdas\u00e1got, de nem is akarja al\u00e1becs\u00fclni a vesz\u00e9lyt. A minisztereln\u00f6k t\u00e1j\u00e9koztatta a k\u00e9pvisel\u0151ket a korm\u00e1ny beszerzett \u00e9s v\u00e1s\u00e1rolt&nbsp;<strong><u>3 milli\u00f3 influenza elleni vakcina.<\/u><\/strong>&nbsp;Hozz\u00e1tette, hogy ezeket a 70 \u00e9v feletti id\u0151sek sz\u00e1m\u00e1ra ingyenesen alkalmazz\u00e1k. Eml\u00e9keztetett a korm\u00e1ny \u00e1ltal javasolt \u00e9s a Szejm \u00e1ltal elfogadott \"v\u00e1ls\u00e1gellenes pajzsokra\" is, amelyek 5 milli\u00f3 munkahelyet mentettek meg.<\/p>\n\n\n\n<p class=\"wp-block-paragraph\">A Szejm megszavazta, hogy tudom\u00e1sul veszi a korm\u00e1ny t\u00e1j\u00e9koztat\u00f3j\u00e1t.<\/p>\n\n\n\n<p class=\"wp-block-paragraph\"><strong><u>A COVID-19-hez kapcsol\u00f3d\u00f3 v\u00e9szhelyzetek megel\u0151z\u00e9s\u00e9re vonatkoz\u00f3 egyes jogi aktusok m\u00f3dos\u00edt\u00e1sa<\/u><\/strong><\/p>\n\n\n\n<p class=\"wp-block-paragraph\">A szejm t\u00f6bb mint egy tucat t\u00f6rv\u00e9nyt m\u00f3dos\u00edtott a COVID-19 okozta v\u00e1ls\u00e1ghelyzetek ellens\u00falyoz\u00e1s\u00e1ra. A m\u00f3dos\u00edt\u00e1s egyik legfontosabb rendelkez\u00e9se felt\u00e9telezi, hogy&nbsp;<strong><u>az orvosok fizet\u00e9s\u00e9nek emel\u00e9se<\/u><\/strong>&nbsp;a tartom\u00e1nyi korm\u00e1nyz\u00f3k \u00e1ltal a vil\u00e1gj\u00e1rv\u00e1ny elleni k\u00fczdelem \u00e9rdek\u00e9ben. Alapfizet\u00e9s\u00fck 200 sz\u00e1zal\u00e9k\u00e1t kapj\u00e1k. E c\u00e9lb\u00f3l a H\u00e1z m\u00f3dos\u00edtotta az emberekben el\u0151fordul\u00f3 fert\u0151z\u00e9sek \u00e9s fert\u0151z\u0151 betegs\u00e9gek megel\u0151z\u00e9s\u00e9r\u0151l \u00e9s lek\u00fczd\u00e9s\u00e9r\u0151l sz\u00f3l\u00f3 t\u00f6rv\u00e9nyt.<\/p>\n\n\n\n<p class=\"wp-block-paragraph\">Az orvosi ell\u00e1t\u00e1s el\u00e9rhet\u0151s\u00e9g\u00e9nek n\u00f6vel\u00e9se azt is szolg\u00e1lja, hogy&nbsp;<strong><u>az orvosok foglalkoztat\u00e1s\u00e1nak megk\u00f6nny\u00edt\u00e9se<\/u><\/strong>Az Eur\u00f3pai Uni\u00f3 azoknak is k\u00e9pes lesz orvosi seg\u00edts\u00e9get ny\u00fajtani, akik szakmai k\u00e9pes\u00edt\u00e9s\u00fcket az Eur\u00f3pai Uni\u00f3n k\u00edv\u00fcl szerezt\u00e9k. Az orvostanhallgat\u00f3k \u00e9s PhD-hallgat\u00f3k, valamint az elm\u00falt 5 \u00e9vben orvosi szakm\u00e1ban v\u00e9gzett szem\u00e9lyek is k\u00e9pesek lesznek a vil\u00e1gj\u00e1rv\u00e1ny elleni k\u00fczdelemre.<\/p>\n\n\n\n<p class=\"wp-block-paragraph\">A COVID-19 eg\u00e9szs\u00e9g\u00fcgyi szem\u00e9lyzet elleni k\u00fczdelem&nbsp;<strong><u>mentes\u00fcl a b\u00fcntet\u0151jogi felel\u0151ss\u00e9g al\u00f3l a nem sz\u00e1nd\u00e9kos orvosi hib\u00e1k\u00e9rt.<\/u><\/strong>. Nem k\u00f6vetnek el b\u0171ncselekm\u00e9nyt azok az orvosok, \u00e1pol\u00f3k \u00e9s ment\u0151s\u00f6k, akik az eml\u00edtett k\u00fcl\u00f6nleges k\u00f6r\u00fclm\u00e9nyek k\u00f6z\u00f6tt b\u0171ncselekm\u00e9nyt k\u00f6vetnek el, felt\u00e9ve, hogy az nem a gondoss\u00e1g s\u00falyos hi\u00e1ny\u00e1nak k\u00f6vetkezm\u00e9nye.<\/p>\n\n\n\n<p class=\"wp-block-paragraph\">Az emberek fert\u0151z\u00e9seinek \u00e9s fert\u0151z\u0151 betegs\u00e9geinek megel\u0151z\u00e9s\u00e9r\u0151l \u00e9s lek\u00fczd\u00e9s\u00e9r\u0151l sz\u00f3l\u00f3 t\u00f6rv\u00e9ny m\u00f3dos\u00edt\u00e1s\u00e1val a Szejm felhatalmazta a Minisztertan\u00e1csot, hogy rendeletet alkosson, amely bizonyos k\u00f6r\u00fclm\u00e9nyek k\u00f6z\u00f6tt, helyeken \u00e9s t\u00e1rgyakon, valamint bizonyos ter\u00fcleteken el\u0151\u00edrja az orr \u00e9s a sz\u00e1j eltakar\u00e1s\u00e1t. \u00cdgy&nbsp;<strong><u>a maszk vagy m\u00e1s v\u00e9d\u0151felszerel\u00e9s visel\u00e9s\u00e9nek k\u00f6telezetts\u00e9ge egy\u00e9rtelm\u0171 jogszab\u00e1lyi alapot kapott<\/u><\/strong>. Hat\u00e9konyabb v\u00e9grehajt\u00e1s\u00e1t el\u0151seg\u00edti egy olyan rendelkez\u00e9s, amely p\u00e9nzb\u00edrs\u00e1ggal vagy megrov\u00e1ssal s\u00fajtja azokat a szem\u00e9lyeket, akik nem viselnek maszkot, v\u00e9d\u0151szem\u00fcveget vagy m\u00e1s v\u00e9d\u0151felszerel\u00e9st. Ezen t\u00falmen\u0151en az elad\u00f3 megtagadhatja az ilyen szem\u00e9lyeknek t\u00f6rt\u00e9n\u0151 \u00e1ru- vagy szolg\u00e1ltat\u00e1s\u00e9rt\u00e9kes\u00edt\u00e9st an\u00e9lk\u00fcl, hogy b\u0171ncselekm\u00e9ny elk\u00f6vet\u00e9se miatt b\u00fcntet\u00e9st kapna.<\/p>\n\n\n\n<p class=\"wp-block-paragraph\">A j\u00e1rv\u00e1ny elleni k\u00fczdelemr\u0151l sz\u00f3l\u00f3 t\u00f6rv\u00e9nytervezetet h\u00e1rom m\u00e1sik parlamenti tervezettel egy\u00fctt vizsg\u00e1lt\u00e1k meg. Az els\u0151ben a javaslattev\u0151k a k\u00f6zter\u00fcleteken a maszkok, arcmaszkok vagy v\u00e9d\u0151sisakok haszn\u00e1lat\u00e1ra vonatkoz\u00f3 k\u00f6telezetts\u00e9g \u00e1tfog\u00f3 szab\u00e1lyoz\u00e1s\u00e1ra tettek javaslatot, a m\u00e1sodik javaslat 1500 zloty \u00f6sszeg\u0171 kieg\u00e9sz\u00edt\u0151 d\u00edjaz\u00e1st ir\u00e1nyzott el\u0151 azon orvosok sz\u00e1m\u00e1ra, akik k\u00f6zvetlen\u00fcl \u00e9rintkeznek a koronav\u00edrussal fert\u0151z\u00f6tt vagy annak gyan\u00faja miatt fert\u0151z\u00f6tt betegekkel, a harmadik projekt pedig arra vonatkozott, hogy a k\u00f6zbeszerz\u00e9si t\u00f6rv\u00e9ny kiz\u00e1r\u00e1s\u00e1val vissza\u00e1ll\u00edts\u00e1k az \u00f6nkorm\u00e1nyzatok sz\u00e1m\u00e1ra a COVID-19 elleni v\u00e9dekez\u00e9shez sz\u00fcks\u00e9ges beszerz\u00e9sek lehet\u0151s\u00e9g\u00e9t. Az ezekben a beadv\u00e1nyokban szerepl\u0151 javaslatok k\u00f6z\u00fcl n\u00e9h\u00e1ny beker\u00fclt a v\u00e9g\u00fcl elfogadott t\u00f6rv\u00e9nybe.<\/p>\n\n\n\n<p class=\"wp-block-paragraph\"><strong><u>Szavaz\u00e1s a ROP megv\u00e1laszt\u00e1s\u00e1r\u00f3l<\/u><\/strong><\/p>\n\n\n\n<p class=\"wp-block-paragraph\">Mivel nem kapta meg a sz\u00fcks\u00e9ges t\u00f6bbs\u00e9get, Zuzanna Rudzi\u0144ska-Bluszczot nem v\u00e1lasztott\u00e1k meg ombudsmannak.<\/p>\n\n\n\n<p class=\"wp-block-paragraph\"><em>Sz\u00f6veg CIS<\/em><\/p>\n\n\n\n<figure class=\"wp-block-image size-large\"><img fetchpriority=\"high\" decoding=\"async\" width=\"1024\" height=\"710\" src=\"https:\/\/marekkuchcinski.pl\/wp-content\/uploads\/2020\/11\/19-pos.-2-1024x710.jpg\" alt=\"\" class=\"wp-image-20144\" srcset=\"https:\/\/marekkuchcinski.pl\/wp-content\/uploads\/2020\/11\/19-pos.-2-1024x710.jpg 1024w, https:\/\/marekkuchcinski.pl\/wp-content\/uploads\/2020\/11\/19-pos.-2-300x208.jpg 300w, https:\/\/marekkuchcinski.pl\/wp-content\/uploads\/2020\/11\/19-pos.-2-768x532.jpg 768w, https:\/\/marekkuchcinski.pl\/wp-content\/uploads\/2020\/11\/19-pos.-2-1536x1064.jpg 1536w, https:\/\/marekkuchcinski.pl\/wp-content\/uploads\/2020\/11\/19-pos.-2.jpg 1912w\" sizes=\"(max-width: 1024px) 100vw, 1024px\" \/><\/figure>\n\n\n\n<figure class=\"wp-block-image size-large\"><img decoding=\"async\" width=\"1024\" height=\"710\" src=\"https:\/\/marekkuchcinski.pl\/wp-content\/uploads\/2020\/11\/19-pos1-1024x710.jpg\" alt=\"\" class=\"wp-image-20145\" srcset=\"https:\/\/marekkuchcinski.pl\/wp-content\/uploads\/2020\/11\/19-pos1-1024x710.jpg 1024w, https:\/\/marekkuchcinski.pl\/wp-content\/uploads\/2020\/11\/19-pos1-300x208.jpg 300w, https:\/\/marekkuchcinski.pl\/wp-content\/uploads\/2020\/11\/19-pos1-768x532.jpg 768w, https:\/\/marekkuchcinski.pl\/wp-content\/uploads\/2020\/11\/19-pos1-1536x1064.jpg 1536w, https:\/\/marekkuchcinski.pl\/wp-content\/uploads\/2020\/11\/19-pos1.jpg 1944w\" sizes=\"(max-width: 1024px) 100vw, 1024px\" \/><\/figure>\n\n\n\n<figure class=\"wp-block-image size-large\"><img decoding=\"async\" width=\"1024\" height=\"705\" src=\"https:\/\/marekkuchcinski.pl\/wp-content\/uploads\/2020\/11\/IMG_9741-2-1024x705.jpg\" alt=\"\" class=\"wp-image-20141\" srcset=\"https:\/\/marekkuchcinski.pl\/wp-content\/uploads\/2020\/11\/IMG_9741-2-1024x705.jpg 1024w, https:\/\/marekkuchcinski.pl\/wp-content\/uploads\/2020\/11\/IMG_9741-2-300x206.jpg 300w, https:\/\/marekkuchcinski.pl\/wp-content\/uploads\/2020\/11\/IMG_9741-2-768x529.jpg 768w, https:\/\/marekkuchcinski.pl\/wp-content\/uploads\/2020\/11\/IMG_9741-2-1536x1057.jpg 1536w, https:\/\/marekkuchcinski.pl\/wp-content\/uploads\/2020\/11\/IMG_9741-2-scaled.jpg 2048w\" sizes=\"(max-width: 1024px) 100vw, 1024px\" \/><\/figure>\n\n\n\n<figure class=\"wp-block-image size-large\"><img loading=\"lazy\" decoding=\"async\" width=\"1024\" height=\"734\" src=\"https:\/\/marekkuchcinski.pl\/wp-content\/uploads\/2020\/11\/IMG_9748-2-1024x734.jpg\" alt=\"\" class=\"wp-image-20142\" srcset=\"https:\/\/marekkuchcinski.pl\/wp-content\/uploads\/2020\/11\/IMG_9748-2-1024x734.jpg 1024w, https:\/\/marekkuchcinski.pl\/wp-content\/uploads\/2020\/11\/IMG_9748-2-300x215.jpg 300w, https:\/\/marekkuchcinski.pl\/wp-content\/uploads\/2020\/11\/IMG_9748-2-768x551.jpg 768w, https:\/\/marekkuchcinski.pl\/wp-content\/uploads\/2020\/11\/IMG_9748-2-1536x1102.jpg 1536w, https:\/\/marekkuchcinski.pl\/wp-content\/uploads\/2020\/11\/IMG_9748-2-scaled.jpg 2048w\" sizes=\"(max-width: 1024px) 100vw, 1024px\" \/><\/figure>","protected":false},"excerpt":{"rendered":"<p>Odnotowany w ostatnim czasie wzrost liczby zaka\u017ce\u0144 koronawirusem oraz zachorowa\u0144 na COVID-19 by\u0142 g\u0142\u00f3wnym tematem zako\u0144czonego w czwartek (22 pa\u017adziernika) trzydniowego posiedzenia Sejmu. Pos\u0142owie wys\u0142uchali informacji rz\u0105du na temat stanu przygotowa\u0144 pa\u0144stwa do drugiej fali pandemii oraz uchwalili ustaw\u0119 u\u0142atwiaj\u0105c\u0105 przeciwdzia\u0142anie sytuacjom kryzysowym zwi\u0105zanym z wyst\u0105pieniem choroby COVID-19. Informacja Prezesa Rady Ministr\u00f3w nt. stanu przygotowania [&hellip;]<\/p>\n","protected":false},"author":21,"featured_media":20144,"comment_status":"open","ping_status":"open","sticky":false,"template":"","format":"standard","meta":{"ngg_post_thumbnail":0,"footnotes":""},"categories":[82,81],"tags":[],"class_list":["post-20135","post","type-post","status-publish","format-standard","has-post-thumbnail","hentry","category-prawo-i-sprawiedliwosc","category-wiesci-z-sejmu"],"_links":{"self":[{"href":"https:\/\/marekkuchcinski.pl\/hu\/wp-json\/wp\/v2\/posts\/20135","targetHints":{"allow":["GET"]}}],"collection":[{"href":"https:\/\/marekkuchcinski.pl\/hu\/wp-json\/wp\/v2\/posts"}],"about":[{"href":"https:\/\/marekkuchcinski.pl\/hu\/wp-json\/wp\/v2\/types\/post"}],"author":[{"embeddable":true,"href":"https:\/\/marekkuchcinski.pl\/hu\/wp-json\/wp\/v2\/users\/21"}],"replies":[{"embeddable":true,"href":"https:\/\/marekkuchcinski.pl\/hu\/wp-json\/wp\/v2\/comments?post=20135"}],"version-history":[{"count":4,"href":"https:\/\/marekkuchcinski.pl\/hu\/wp-json\/wp\/v2\/posts\/20135\/revisions"}],"predecessor-version":[{"id":20146,"href":"https:\/\/marekkuchcinski.pl\/hu\/wp-json\/wp\/v2\/posts\/20135\/revisions\/20146"}],"wp:featuredmedia":[{"embeddable":true,"href":"https:\/\/marekkuchcinski.pl\/hu\/wp-json\/wp\/v2\/media\/20144"}],"wp:attachment":[{"href":"https:\/\/marekkuchcinski.pl\/hu\/wp-json\/wp\/v2\/media?parent=20135"}],"wp:term":[{"taxonomy":"category","embeddable":true,"href":"https:\/\/marekkuchcinski.pl\/hu\/wp-json\/wp\/v2\/categories?post=20135"},{"taxonomy":"post_tag","embeddable":true,"href":"https:\/\/marekkuchcinski.pl\/hu\/wp-json\/wp\/v2\/tags?post=20135"}],"curies":[{"name":"wp","href":"https:\/\/api.w.org\/{rel}","templated":true}]}}