{"id":19805,"date":"2020-09-15T20:44:01","date_gmt":"2020-09-15T18:44:01","guid":{"rendered":"https:\/\/marekkuchcinski.pl\/?p=19805"},"modified":"2020-09-15T20:59:19","modified_gmt":"2020-09-15T18:59:19","slug":"komisja-spraw-zagranicznych-sza-2","status":"publish","type":"post","link":"https:\/\/marekkuchcinski.pl\/hu\/bez-kategorii\/komisja-spraw-zagranicznych-sza-2\/","title":{"rendered":"A parlamenti bizotts\u00e1gok \u00e9s albizotts\u00e1gok tervezett \u00fcl\u00e9sei - K\u00fcl\u00fcgyi Bizotts\u00e1g (FAC)"},"content":{"rendered":"<p>A parlamenti bizotts\u00e1gok \u00e9s albizotts\u00e1gok tervezett \u00fcl\u00e9sei<\/p>\n\n\n\n<p><strong>2020. szeptember 15. (kedd), 14:00<\/strong>A bizotts\u00e1gok egy\u00fcttes \u00fcl\u00e9se:&nbsp;<a href=\"https:\/\/www.sejm.gov.pl\/Sejm9.nsf\/agent.xsp?symbol=KOMISJA&amp;NrKadencji=9&amp;KodKom=OBN\">NSA<\/a> i <a href=\"https:\/\/www.sejm.gov.pl\/Sejm9.nsf\/agent.xsp?symbol=KOMISJA&amp;NrKadencji=9&amp;KodKom=SZA\">SZA<\/a><\/p>\n\n\n\n<p>211-es szoba, \u00e9p\u00fclet. U<\/p>\n\n\n\n<p>A tal\u00e1lkoz\u00f3t elektronikus t\u00e1vk\u00f6zl\u00e9si eszk\u00f6z\u00f6kkel bonyol\u00edtj\u00e1k le.<\/p>\n\n\n\n<ul class=\"wp-block-list\"><li>A Lengyel K\u00f6zt\u00e1rsas\u00e1g korm\u00e1nya \u00e9s az Amerikai Egyes\u00fclt \u00c1llamok korm\u00e1nya k\u00f6z\u00f6tti, a meger\u0151s\u00edtett v\u00e9delmi egy\u00fcttm\u0171k\u00f6d\u00e9sr\u0151l sz\u00f3l\u00f3, 2020. augusztus 15-\u00e9n Vars\u00f3ban al\u00e1\u00edrt meg\u00e1llapod\u00e1s meger\u0151s\u00edt\u00e9s\u00e9r\u0151l sz\u00f3l\u00f3 korm\u00e1nyzati t\u00f6rv\u00e9nyjavaslat els\u0151 olvasata. (573. sz. nyomtatv\u00e1ny).<\/li><li>Igazolj\u00e1k:<\/li><li>- V\u00e9delmi miniszter,<\/li><li>- K\u00fcl\u00fcgyminiszter.<\/li><\/ul>\n\n\n\n<p><strong>2020. szeptember 15. (kedd), 15:30<\/strong><\/p>\n\n\n\n<p>211-es szoba, \u00e9p\u00fclet. U<\/p>\n\n\n\n<p>A napirendet a k\u00f6vetkez\u0151k\u00e9ppen m\u00f3dos\u00edtj\u00e1k<\/p>\n\n\n\n<p>A tal\u00e1lkoz\u00f3t elektronikus t\u00e1vk\u00f6zl\u00e9si eszk\u00f6z\u00f6kkel bonyol\u00edtj\u00e1k le.<\/p>\n\n\n\n<ul class=\"wp-block-list\"><li>A Bizotts\u00e1g eln\u00f6k\u00e9nek megv\u00e1laszt\u00e1sa.<\/li><li>Az egyr\u00e9szr\u0151l az Eur\u00f3pai Uni\u00f3 \u00e9s tag\u00e1llamai, m\u00e1sr\u00e9szr\u0151l Kanada k\u00f6z\u00f6tti strat\u00e9giai partners\u00e9gi meg\u00e1llapod\u00e1s meger\u0151s\u00edt\u00e9s\u00e9r\u0151l sz\u00f3l\u00f3 korm\u00e1ny t\u00f6rv\u00e9nyjavaslat\u00e1nak els\u0151 olvasata Br\u00fcsszelben, 2016. okt\u00f3ber 30-\u00e1n. (Print 460)<\/li><li>- indokolja a k\u00fcl\u00fcgyminiszter.<\/li><li>A Legfels\u0151bb Ellen\u0151rz\u0151 Kamara 2019. \u00e9vi tev\u00e9kenys\u00e9g\u00e9r\u0151l sz\u00f3l\u00f3 jelent\u00e9s vizsg\u00e1lata \u00e9s v\u00e9lem\u00e9nyez\u00e9se az \u00c1llami Ellen\u0151rz\u0151 Bizotts\u00e1g sz\u00e1m\u00e1ra. (522. sz. nyomtatv\u00e1ny) a Bizotts\u00e1g tev\u00e9kenys\u00e9gi k\u00f6r\u00e9n bel\u00fcl<\/li><\/ul>\n\n\n\n<p><strong>2020. szeptember 15. (kedd), 16:30<\/strong>A bizotts\u00e1gok egy\u00fcttes \u00fcl\u00e9se:&nbsp;<a href=\"https:\/\/www.sejm.gov.pl\/Sejm9.nsf\/agent.xsp?symbol=KOMISJA&amp;NrKadencji=9&amp;KodKom=ASW\">ASW<\/a> i <a href=\"https:\/\/www.sejm.gov.pl\/Sejm9.nsf\/agent.xsp?symbol=KOMISJA&amp;NrKadencji=9&amp;KodKom=SZA\">SZA<\/a><\/p>\n\n\n\n<p>211-es szoba, \u00e9p\u00fclet. U<\/p>\n\n\n\n<p>A tal\u00e1lkoz\u00f3t elektronikus t\u00e1vk\u00f6zl\u00e9si eszk\u00f6z\u00f6kkel bonyol\u00edtj\u00e1k le.<\/p>\n\n\n\n<ul class=\"wp-block-list\"><li>A Lengyel K\u00f6zt\u00e1rsas\u00e1g, valamint Nagy-Britannia \u00e9s \u00c9szak-\u00cdrorsz\u00e1g Egyes\u00fclt Kir\u00e1lys\u00e1ga k\u00f6z\u00f6tti, az egyik \u00e1llamnak egy m\u00e1sik \u00e1llam ter\u00fclet\u00e9n lak\u00f3hellyel rendelkez\u0151 \u00e1llampolg\u00e1rai egyes v\u00e1laszt\u00e1sokon val\u00f3 r\u00e9szv\u00e9tel\u00e9r\u0151l sz\u00f3l\u00f3 meg\u00e1llapod\u00e1s meger\u0151s\u00edt\u00e9s\u00e9r\u0151l sz\u00f3l\u00f3, Vars\u00f3ban, 2020. m\u00e1jus 29-\u00e9n al\u00e1\u00edrt korm\u00e1nyzati t\u00f6rv\u00e9nyjavaslat els\u0151 olvasata. (487)<\/li><li>- igazolja: K\u00fcl\u00fcgyminiszter \u00e9s bel\u00fcgyminiszter.<\/li><\/ul>\n\n\n\n<p><strong>2020. szeptember 15. (kedd), 17:30<\/strong>A bizotts\u00e1gok egy\u00fcttes \u00fcl\u00e9se:&nbsp;<a href=\"https:\/\/www.sejm.gov.pl\/Sejm9.nsf\/agent.xsp?symbol=KOMISJA&amp;NrKadencji=9&amp;KodKom=KSP\">KSP<\/a> i <a href=\"https:\/\/www.sejm.gov.pl\/Sejm9.nsf\/agent.xsp?symbol=KOMISJA&amp;NrKadencji=9&amp;KodKom=SZA\">SZA<\/a><\/p>\n\n\n\n<p>211-es szoba, \u00e9p\u00fclet. U<\/p>\n\n\n\n<p>Az \u00fcl\u00e9s id\u0151pontja megv\u00e1ltozott.<\/p>\n\n\n\n<p>A tal\u00e1lkoz\u00f3t elektronikus t\u00e1vk\u00f6zl\u00e9si eszk\u00f6z\u00f6kkel bonyol\u00edtj\u00e1k le.<\/p>\n\n\n\n<ul class=\"wp-block-list\"><li>A v\u00edz alatti kultur\u00e1lis \u00f6r\u00f6ks\u00e9g v\u00e9delm\u00e9r\u0151l sz\u00f3l\u00f3 egyezm\u00e9ny ratifik\u00e1l\u00e1s\u00e1r\u00f3l sz\u00f3l\u00f3, 2001. november 2-\u00e1n P\u00e1rizsban elfogadott korm\u00e1nytervezet els\u0151 olvasata. (520-as nyomtat\u00e1si sz\u00e1m)<\/li><li>- igazolja: K\u00fcl\u00fcgyminiszter \u00e9s kultur\u00e1lis \u00e9s nemzeti \u00f6r\u00f6ks\u00e9gv\u00e9delmi miniszter.<\/li><\/ul>\n\n\n\n<p><strong>2020. szeptember 16. (szerda), 08:15<\/strong>A bizotts\u00e1gok egy\u00fcttes \u00fcl\u00e9se:&nbsp;<a href=\"https:\/\/www.sejm.gov.pl\/Sejm9.nsf\/agent.xsp?symbol=KOMISJA&amp;NrKadencji=9&amp;KodKom=GMZ\">GMZ<\/a>, <a href=\"https:\/\/www.sejm.gov.pl\/Sejm9.nsf\/agent.xsp?symbol=KOMISJA&amp;NrKadencji=9&amp;KodKom=PSR\">PSR<\/a> i <a href=\"https:\/\/www.sejm.gov.pl\/Sejm9.nsf\/agent.xsp?symbol=KOMISJA&amp;NrKadencji=9&amp;KodKom=SZA\">SZA<\/a><\/p>\n\n\n\n<p>111-es szoba, \u00e9p\u00fclet U<\/p>\n\n\n\n<p>A tal\u00e1lkoz\u00f3t elektronikus t\u00e1vk\u00f6zl\u00e9si eszk\u00f6z\u00f6kkel bonyol\u00edtj\u00e1k le.<\/p>\n\n\n\n<ul class=\"wp-block-list\"><li>A tenger\u00e9szeti munka\u00fcgyi egyezm\u00e9ny 2006. febru\u00e1r 23-\u00e1n Genfben elfogadott m\u00f3dos\u00edt\u00e1sainak meger\u0151s\u00edt\u00e9s\u00e9r\u0151l sz\u00f3l\u00f3 korm\u00e1nytervezet els\u0151 olvasata, amelyet a Nemzetk\u00f6zi Munka\u00fcgyi Konferencia 2018. j\u00fanius 5-\u00e9n Genfben hagyott j\u00f3v\u00e1. (459. sz. nyomtat\u00e1s).<\/li><li>Igazolj\u00e1k:<\/li><li>- K\u00fcl\u00fcgyminiszter,<\/li><li>- Csal\u00e1d\u00fcgyi, munka\u00fcgyi \u00e9s szoci\u00e1lpolitikai miniszter,<\/li><li>- Tenger\u00fcgyi \u00e9s belv\u00edzi haj\u00f3z\u00e1si miniszter.<\/li><\/ul>","protected":false},"excerpt":{"rendered":"<p>A parlamenti bizotts\u00e1gok \u00e9s albizotts\u00e1gok tervezett \u00fcl\u00e9sei 2020. szeptember 15. (kedd), 14:00Bizotts\u00e1gi \u00fcl\u00e9s: NSA \u00e9s SZA 211-es terem, Bud. U Az \u00fcl\u00e9st elektronikus t\u00e1vk\u00f6zl\u00e9si eszk\u00f6z\u00f6kkel tartj\u00e1k A Lengyel K\u00f6zt\u00e1rsas\u00e1g korm\u00e1nya \u00e9s az Amerikai Egyes\u00fclt \u00c1llamok korm\u00e1nya k\u00f6z\u00f6tt a meger\u0151s\u00edtett v\u00e9delmi egy\u00fcttm\u0171k\u00f6d\u00e9sr\u0151l sz\u00f3l\u00f3, a Lengyel K\u00f6zt\u00e1rsas\u00e1g korm\u00e1nya \u00e9s az Amerikai Egyes\u00fclt \u00c1llamok korm\u00e1nya k\u00f6z\u00f6tt al\u00e1\u00edrt meg\u00e1llapod\u00e1s meger\u0151s\u00edt\u00e9s\u00e9r\u0151l sz\u00f3l\u00f3 korm\u00e1nyjavaslat els\u0151 olvasata [...].<\/p>","protected":false},"author":17,"featured_media":17277,"comment_status":"open","ping_status":"open","sticky":false,"template":"","format":"standard","meta":{"ngg_post_thumbnail":0,"footnotes":""},"categories":[1,180],"tags":[],"class_list":["post-19805","post","type-post","status-publish","format-standard","has-post-thumbnail","hentry","category-bez-kategorii","category-komisja-spraw-zagranicznych"],"yoast_head":"<!-- This site is optimized with the Yoast SEO plugin v24.7 - https:\/\/yoast.com\/wordpress\/plugins\/seo\/ -->\n<title>Planowane posiedzenia komisji i podkomisji sejmowych - Komisja Spraw Zagranicznych (SZA) &#8211; Marek Kuchci\u0144ski<\/title>\n<meta name=\"robots\" content=\"index, follow, max-snippet:-1, max-image-preview:large, max-video-preview:-1\" \/>\n<link rel=\"canonical\" href=\"https:\/\/marekkuchcinski.pl\/hu\/bez-kategorii\/komisja-spraw-zagranicznych-sza-2\/\" \/>\n<meta property=\"og:locale\" content=\"hu_HU\" \/>\n<meta property=\"og:type\" content=\"article\" \/>\n<meta property=\"og:title\" content=\"Planowane posiedzenia komisji i podkomisji sejmowych - Komisja Spraw Zagranicznych (SZA) &#8211; Marek Kuchci\u0144ski\" \/>\n<meta property=\"og:description\" content=\"Planowane posiedzenia komisji i podkomisji sejmowych 15 wrze\u015bnia 2020 (wtorek), godz.&nbsp;14:00Wsp\u00f3lne posiedzenie komisji:&nbsp;OBN i SZA sala nr 211, bud. U Posiedzenie b\u0119dzie prowadzone z wykorzystaniem \u015brodk\u00f3w komunikacji elektronicznej umo\u017cliwiaj\u0105cych porozumiewanie si\u0119 na odleg\u0142o\u015b\u0107 Pierwsze czytanie rz\u0105dowego projektu ustawy o ratyfikacji Umowy mi\u0119dzy Rz\u0105dem Rzeczypospolitej Polskiej a Rz\u0105dem Stan\u00f3w Zjednoczonych Ameryki o wzmocnionej wsp\u00f3\u0142pracy obronnej, podpisanej [&hellip;]\" \/>\n<meta property=\"og:url\" content=\"https:\/\/marekkuchcinski.pl\/hu\/bez-kategorii\/komisja-spraw-zagranicznych-sza-2\/\" \/>\n<meta property=\"og:site_name\" content=\"Marek Kuchci\u0144ski\" \/>\n<meta property=\"article:published_time\" content=\"2020-09-15T18:44:01+00:00\" \/>\n<meta property=\"article:modified_time\" content=\"2020-09-15T18:59:19+00:00\" \/>\n<meta property=\"og:image\" content=\"https:\/\/marekkuchcinski.pl\/wp-content\/uploads\/2019\/07\/sejm-kwiecien-4.jpg\" \/>\n\t<meta property=\"og:image:width\" content=\"2048\" \/>\n\t<meta property=\"og:image:height\" content=\"1454\" \/>\n\t<meta property=\"og:image:type\" content=\"image\/jpeg\" \/>\n<meta name=\"author\" content=\"Tomasz \u0141acina\" \/>\n<meta name=\"twitter:card\" content=\"summary_large_image\" \/>\n<meta name=\"twitter:label1\" content=\"Szerz\u0151:\" \/>\n\t<meta name=\"twitter:data1\" content=\"Tomasz \u0141acina\" \/>\n\t<meta name=\"twitter:label2\" content=\"Becs\u00fclt olvas\u00e1si id\u0151\" \/>\n\t<meta name=\"twitter:data2\" content=\"2 perc\" \/>\n<script type=\"application\/ld+json\" class=\"yoast-schema-graph\">{\"@context\":\"https:\/\/schema.org\",\"@graph\":[{\"@type\":\"Article\",\"@id\":\"https:\/\/marekkuchcinski.pl\/bez-kategorii\/komisja-spraw-zagranicznych-sza-2\/#article\",\"isPartOf\":{\"@id\":\"https:\/\/marekkuchcinski.pl\/bez-kategorii\/komisja-spraw-zagranicznych-sza-2\/\"},\"author\":{\"name\":\"Tomasz \u0141acina\",\"@id\":\"https:\/\/marekkuchcinski.pl\/#\/schema\/person\/b8a29fe7813098f7be78801d029910a7\"},\"headline\":\"Planowane posiedzenia komisji i podkomisji sejmowych &#8211; Komisja Spraw Zagranicznych (SZA)\",\"datePublished\":\"2020-09-15T18:44:01+00:00\",\"dateModified\":\"2020-09-15T18:59:19+00:00\",\"mainEntityOfPage\":{\"@id\":\"https:\/\/marekkuchcinski.pl\/bez-kategorii\/komisja-spraw-zagranicznych-sza-2\/\"},\"wordCount\":469,\"commentCount\":0,\"publisher\":{\"@id\":\"https:\/\/marekkuchcinski.pl\/#organization\"},\"image\":{\"@id\":\"https:\/\/marekkuchcinski.pl\/bez-kategorii\/komisja-spraw-zagranicznych-sza-2\/#primaryimage\"},\"thumbnailUrl\":\"https:\/\/marekkuchcinski.pl\/wp-content\/uploads\/2019\/07\/sejm-kwiecien-4.jpg\",\"articleSection\":[\"Bez kategorii\",\"Komisja Spraw Zagranicznych\"],\"inLanguage\":\"hu\",\"potentialAction\":[{\"@type\":\"CommentAction\",\"name\":\"Comment\",\"target\":[\"https:\/\/marekkuchcinski.pl\/bez-kategorii\/komisja-spraw-zagranicznych-sza-2\/#respond\"]}]},{\"@type\":\"WebPage\",\"@id\":\"https:\/\/marekkuchcinski.pl\/bez-kategorii\/komisja-spraw-zagranicznych-sza-2\/\",\"url\":\"https:\/\/marekkuchcinski.pl\/bez-kategorii\/komisja-spraw-zagranicznych-sza-2\/\",\"name\":\"Planowane posiedzenia komisji i podkomisji sejmowych - Komisja Spraw Zagranicznych (SZA) &#8211; Marek Kuchci\u0144ski\",\"isPartOf\":{\"@id\":\"https:\/\/marekkuchcinski.pl\/#website\"},\"primaryImageOfPage\":{\"@id\":\"https:\/\/marekkuchcinski.pl\/bez-kategorii\/komisja-spraw-zagranicznych-sza-2\/#primaryimage\"},\"image\":{\"@id\":\"https:\/\/marekkuchcinski.pl\/bez-kategorii\/komisja-spraw-zagranicznych-sza-2\/#primaryimage\"},\"thumbnailUrl\":\"https:\/\/marekkuchcinski.pl\/wp-content\/uploads\/2019\/07\/sejm-kwiecien-4.jpg\",\"datePublished\":\"2020-09-15T18:44:01+00:00\",\"dateModified\":\"2020-09-15T18:59:19+00:00\",\"breadcrumb\":{\"@id\":\"https:\/\/marekkuchcinski.pl\/bez-kategorii\/komisja-spraw-zagranicznych-sza-2\/#breadcrumb\"},\"inLanguage\":\"hu\",\"potentialAction\":[{\"@type\":\"ReadAction\",\"target\":[\"https:\/\/marekkuchcinski.pl\/bez-kategorii\/komisja-spraw-zagranicznych-sza-2\/\"]}]},{\"@type\":\"ImageObject\",\"inLanguage\":\"hu\",\"@id\":\"https:\/\/marekkuchcinski.pl\/bez-kategorii\/komisja-spraw-zagranicznych-sza-2\/#primaryimage\",\"url\":\"https:\/\/marekkuchcinski.pl\/wp-content\/uploads\/2019\/07\/sejm-kwiecien-4.jpg\",\"contentUrl\":\"https:\/\/marekkuchcinski.pl\/wp-content\/uploads\/2019\/07\/sejm-kwiecien-4.jpg\",\"width\":2048,\"height\":1454},{\"@type\":\"BreadcrumbList\",\"@id\":\"https:\/\/marekkuchcinski.pl\/bez-kategorii\/komisja-spraw-zagranicznych-sza-2\/#breadcrumb\",\"itemListElement\":[{\"@type\":\"ListItem\",\"position\":1,\"name\":\"Strona g\u0142\u00f3wna\",\"item\":\"https:\/\/marekkuchcinski.pl\/\"},{\"@type\":\"ListItem\",\"position\":2,\"name\":\"Planowane posiedzenia komisji i podkomisji sejmowych &#8211; Komisja Spraw Zagranicznych (SZA)\"}]},{\"@type\":\"WebSite\",\"@id\":\"https:\/\/marekkuchcinski.pl\/#website\",\"url\":\"https:\/\/marekkuchcinski.pl\/\",\"name\":\"Marek Kuchci\u0144ski\",\"description\":\"Pose\u0142 na sejm RP &ndash; okr\u0119g nr 22\",\"publisher\":{\"@id\":\"https:\/\/marekkuchcinski.pl\/#organization\"},\"potentialAction\":[{\"@type\":\"SearchAction\",\"target\":{\"@type\":\"EntryPoint\",\"urlTemplate\":\"https:\/\/marekkuchcinski.pl\/?s={search_term_string}\"},\"query-input\":{\"@type\":\"PropertyValueSpecification\",\"valueRequired\":true,\"valueName\":\"search_term_string\"}}],\"inLanguage\":\"hu\"},{\"@type\":\"Organization\",\"@id\":\"https:\/\/marekkuchcinski.pl\/#organization\",\"name\":\"Marek Kuchci\u0144ski\",\"url\":\"https:\/\/marekkuchcinski.pl\/\",\"logo\":{\"@type\":\"ImageObject\",\"inLanguage\":\"hu\",\"@id\":\"https:\/\/marekkuchcinski.pl\/#\/schema\/logo\/image\/\",\"url\":\"https:\/\/marekkuchcinski.pl\/wp-content\/uploads\/2022\/09\/Marek.jpg\",\"contentUrl\":\"https:\/\/marekkuchcinski.pl\/wp-content\/uploads\/2022\/09\/Marek.jpg\",\"width\":1600,\"height\":971,\"caption\":\"Marek Kuchci\u0144ski\"},\"image\":{\"@id\":\"https:\/\/marekkuchcinski.pl\/#\/schema\/logo\/image\/\"}},{\"@type\":\"Person\",\"@id\":\"https:\/\/marekkuchcinski.pl\/#\/schema\/person\/b8a29fe7813098f7be78801d029910a7\",\"name\":\"Tomasz \u0141acina\",\"image\":{\"@type\":\"ImageObject\",\"inLanguage\":\"hu\",\"@id\":\"https:\/\/marekkuchcinski.pl\/#\/schema\/person\/image\/\",\"url\":\"https:\/\/secure.gravatar.com\/avatar\/22e75f6c51aff77a676ed77dd222f852?s=96&d=mm&r=g\",\"contentUrl\":\"https:\/\/secure.gravatar.com\/avatar\/22e75f6c51aff77a676ed77dd222f852?s=96&d=mm&r=g\",\"caption\":\"Tomasz \u0141acina\"},\"url\":\"https:\/\/marekkuchcinski.pl\/hu\/author\/tomek-lacina\/\"}]}<\/script>\n<!-- \/ Yoast SEO plugin. -->","yoast_head_json":{"title":"Planowane posiedzenia komisji i podkomisji sejmowych - Komisja Spraw Zagranicznych (SZA) &#8211; Marek Kuchci\u0144ski","robots":{"index":"index","follow":"follow","max-snippet":"max-snippet:-1","max-image-preview":"max-image-preview:large","max-video-preview":"max-video-preview:-1"},"canonical":"https:\/\/marekkuchcinski.pl\/hu\/bez-kategorii\/komisja-spraw-zagranicznych-sza-2\/","og_locale":"hu_HU","og_type":"article","og_title":"Planowane posiedzenia komisji i podkomisji sejmowych - Komisja Spraw Zagranicznych (SZA) &#8211; Marek Kuchci\u0144ski","og_description":"Planowane posiedzenia komisji i podkomisji sejmowych 15 wrze\u015bnia 2020 (wtorek), godz.&nbsp;14:00Wsp\u00f3lne posiedzenie komisji:&nbsp;OBN i SZA sala nr 211, bud. U Posiedzenie b\u0119dzie prowadzone z wykorzystaniem \u015brodk\u00f3w komunikacji elektronicznej umo\u017cliwiaj\u0105cych porozumiewanie si\u0119 na odleg\u0142o\u015b\u0107 Pierwsze czytanie rz\u0105dowego projektu ustawy o ratyfikacji Umowy mi\u0119dzy Rz\u0105dem Rzeczypospolitej Polskiej a Rz\u0105dem Stan\u00f3w Zjednoczonych Ameryki o wzmocnionej wsp\u00f3\u0142pracy obronnej, podpisanej [&hellip;]","og_url":"https:\/\/marekkuchcinski.pl\/hu\/bez-kategorii\/komisja-spraw-zagranicznych-sza-2\/","og_site_name":"Marek Kuchci\u0144ski","article_published_time":"2020-09-15T18:44:01+00:00","article_modified_time":"2020-09-15T18:59:19+00:00","og_image":[{"width":2048,"height":1454,"url":"https:\/\/marekkuchcinski.pl\/wp-content\/uploads\/2019\/07\/sejm-kwiecien-4.jpg","type":"image\/jpeg"}],"author":"Tomasz \u0141acina","twitter_card":"summary_large_image","twitter_misc":{"Szerz\u0151:":"Tomasz \u0141acina","Becs\u00fclt olvas\u00e1si id\u0151":"2 perc"},"schema":{"@context":"https:\/\/schema.org","@graph":[{"@type":"Article","@id":"https:\/\/marekkuchcinski.pl\/bez-kategorii\/komisja-spraw-zagranicznych-sza-2\/#article","isPartOf":{"@id":"https:\/\/marekkuchcinski.pl\/bez-kategorii\/komisja-spraw-zagranicznych-sza-2\/"},"author":{"name":"Tomasz \u0141acina","@id":"https:\/\/marekkuchcinski.pl\/#\/schema\/person\/b8a29fe7813098f7be78801d029910a7"},"headline":"Planowane posiedzenia komisji i podkomisji sejmowych &#8211; Komisja Spraw Zagranicznych (SZA)","datePublished":"2020-09-15T18:44:01+00:00","dateModified":"2020-09-15T18:59:19+00:00","mainEntityOfPage":{"@id":"https:\/\/marekkuchcinski.pl\/bez-kategorii\/komisja-spraw-zagranicznych-sza-2\/"},"wordCount":469,"commentCount":0,"publisher":{"@id":"https:\/\/marekkuchcinski.pl\/#organization"},"image":{"@id":"https:\/\/marekkuchcinski.pl\/bez-kategorii\/komisja-spraw-zagranicznych-sza-2\/#primaryimage"},"thumbnailUrl":"https:\/\/marekkuchcinski.pl\/wp-content\/uploads\/2019\/07\/sejm-kwiecien-4.jpg","articleSection":["Bez kategorii","Komisja Spraw Zagranicznych"],"inLanguage":"hu","potentialAction":[{"@type":"CommentAction","name":"Comment","target":["https:\/\/marekkuchcinski.pl\/bez-kategorii\/komisja-spraw-zagranicznych-sza-2\/#respond"]}]},{"@type":"WebPage","@id":"https:\/\/marekkuchcinski.pl\/bez-kategorii\/komisja-spraw-zagranicznych-sza-2\/","url":"https:\/\/marekkuchcinski.pl\/bez-kategorii\/komisja-spraw-zagranicznych-sza-2\/","name":"Planowane posiedzenia komisji i podkomisji sejmowych - Komisja Spraw Zagranicznych (SZA) &#8211; Marek Kuchci\u0144ski","isPartOf":{"@id":"https:\/\/marekkuchcinski.pl\/#website"},"primaryImageOfPage":{"@id":"https:\/\/marekkuchcinski.pl\/bez-kategorii\/komisja-spraw-zagranicznych-sza-2\/#primaryimage"},"image":{"@id":"https:\/\/marekkuchcinski.pl\/bez-kategorii\/komisja-spraw-zagranicznych-sza-2\/#primaryimage"},"thumbnailUrl":"https:\/\/marekkuchcinski.pl\/wp-content\/uploads\/2019\/07\/sejm-kwiecien-4.jpg","datePublished":"2020-09-15T18:44:01+00:00","dateModified":"2020-09-15T18:59:19+00:00","breadcrumb":{"@id":"https:\/\/marekkuchcinski.pl\/bez-kategorii\/komisja-spraw-zagranicznych-sza-2\/#breadcrumb"},"inLanguage":"hu","potentialAction":[{"@type":"ReadAction","target":["https:\/\/marekkuchcinski.pl\/bez-kategorii\/komisja-spraw-zagranicznych-sza-2\/"]}]},{"@type":"ImageObject","inLanguage":"hu","@id":"https:\/\/marekkuchcinski.pl\/bez-kategorii\/komisja-spraw-zagranicznych-sza-2\/#primaryimage","url":"https:\/\/marekkuchcinski.pl\/wp-content\/uploads\/2019\/07\/sejm-kwiecien-4.jpg","contentUrl":"https:\/\/marekkuchcinski.pl\/wp-content\/uploads\/2019\/07\/sejm-kwiecien-4.jpg","width":2048,"height":1454},{"@type":"BreadcrumbList","@id":"https:\/\/marekkuchcinski.pl\/bez-kategorii\/komisja-spraw-zagranicznych-sza-2\/#breadcrumb","itemListElement":[{"@type":"ListItem","position":1,"name":"Strona g\u0142\u00f3wna","item":"https:\/\/marekkuchcinski.pl\/"},{"@type":"ListItem","position":2,"name":"Planowane posiedzenia komisji i podkomisji sejmowych &#8211; Komisja Spraw Zagranicznych (SZA)"}]},{"@type":"WebSite","@id":"https:\/\/marekkuchcinski.pl\/#website","url":"https:\/\/marekkuchcinski.pl\/","name":"Marek Kuchci\u0144ski","description":"Pose\u0142 na sejm RP &ndash; okr\u0119g nr 22","publisher":{"@id":"https:\/\/marekkuchcinski.pl\/#organization"},"potentialAction":[{"@type":"SearchAction","target":{"@type":"EntryPoint","urlTemplate":"https:\/\/marekkuchcinski.pl\/?s={search_term_string}"},"query-input":{"@type":"PropertyValueSpecification","valueRequired":true,"valueName":"search_term_string"}}],"inLanguage":"hu"},{"@type":"Organization","@id":"https:\/\/marekkuchcinski.pl\/#organization","name":"Marek Kuchci\u0144ski","url":"https:\/\/marekkuchcinski.pl\/","logo":{"@type":"ImageObject","inLanguage":"hu","@id":"https:\/\/marekkuchcinski.pl\/#\/schema\/logo\/image\/","url":"https:\/\/marekkuchcinski.pl\/wp-content\/uploads\/2022\/09\/Marek.jpg","contentUrl":"https:\/\/marekkuchcinski.pl\/wp-content\/uploads\/2022\/09\/Marek.jpg","width":1600,"height":971,"caption":"Marek Kuchci\u0144ski"},"image":{"@id":"https:\/\/marekkuchcinski.pl\/#\/schema\/logo\/image\/"}},{"@type":"Person","@id":"https:\/\/marekkuchcinski.pl\/#\/schema\/person\/b8a29fe7813098f7be78801d029910a7","name":"Tomasz \u0141acina","image":{"@type":"ImageObject","inLanguage":"hu","@id":"https:\/\/marekkuchcinski.pl\/#\/schema\/person\/image\/","url":"https:\/\/secure.gravatar.com\/avatar\/22e75f6c51aff77a676ed77dd222f852?s=96&d=mm&r=g","contentUrl":"https:\/\/secure.gravatar.com\/avatar\/22e75f6c51aff77a676ed77dd222f852?s=96&d=mm&r=g","caption":"Tomasz \u0141acina"},"url":"https:\/\/marekkuchcinski.pl\/hu\/author\/tomek-lacina\/"}]}},"_links":{"self":[{"href":"https:\/\/marekkuchcinski.pl\/hu\/wp-json\/wp\/v2\/posts\/19805","targetHints":{"allow":["GET"]}}],"collection":[{"href":"https:\/\/marekkuchcinski.pl\/hu\/wp-json\/wp\/v2\/posts"}],"about":[{"href":"https:\/\/marekkuchcinski.pl\/hu\/wp-json\/wp\/v2\/types\/post"}],"author":[{"embeddable":true,"href":"https:\/\/marekkuchcinski.pl\/hu\/wp-json\/wp\/v2\/users\/17"}],"replies":[{"embeddable":true,"href":"https:\/\/marekkuchcinski.pl\/hu\/wp-json\/wp\/v2\/comments?post=19805"}],"version-history":[{"count":2,"href":"https:\/\/marekkuchcinski.pl\/hu\/wp-json\/wp\/v2\/posts\/19805\/revisions"}],"predecessor-version":[{"id":19814,"href":"https:\/\/marekkuchcinski.pl\/hu\/wp-json\/wp\/v2\/posts\/19805\/revisions\/19814"}],"wp:featuredmedia":[{"embeddable":true,"href":"https:\/\/marekkuchcinski.pl\/hu\/wp-json\/wp\/v2\/media\/17277"}],"wp:attachment":[{"href":"https:\/\/marekkuchcinski.pl\/hu\/wp-json\/wp\/v2\/media?parent=19805"}],"wp:term":[{"taxonomy":"category","embeddable":true,"href":"https:\/\/marekkuchcinski.pl\/hu\/wp-json\/wp\/v2\/categories?post=19805"},{"taxonomy":"post_tag","embeddable":true,"href":"https:\/\/marekkuchcinski.pl\/hu\/wp-json\/wp\/v2\/tags?post=19805"}],"curies":[{"name":"wp","href":"https:\/\/api.w.org\/{rel}","templated":true}]}}