{"id":19761,"date":"2020-09-13T14:28:44","date_gmt":"2020-09-13T12:28:44","guid":{"rendered":"https:\/\/marekkuchcinski.pl\/?p=19761"},"modified":"2020-09-14T12:59:54","modified_gmt":"2020-09-14T10:59:54","slug":"kalwaria-paclawska-marek-kuchcinski-odslonil-pomnik-a-m-fredry","status":"publish","type":"post","link":"https:\/\/marekkuchcinski.pl\/hu\/wydarzenia\/kalwaria-paclawska-marek-kuchcinski-odslonil-pomnik-a-m-fredry\/","title":{"rendered":"Kalwaria Pac\u0142awska: Marek Kuchci\u0144ski ods\u0142oni\u0142 pomnik A.M. Fredry"},"content":{"rendered":"<p class=\"wp-block-paragraph\">\u2013 400 lat temu na ziemi przemyskiej w czasach I Rzeczypospolitej Polskiej urodzi\u0142 si\u0119 jeden z najwybitniejszych polityk\u00f3w, m\u0119\u017c\u00f3w stanu, pisarzy, przedstawicieli w\u0142adz pa\u0144stwowych \u2013 Andrzej Maksymilian Fredro. Ods\u0142aniaj\u0105c pomnik, upami\u0119tniamy jego dzie\u0142o i kultywujemy najwspanialsze polskie tradycje \u2013 powiedzia\u0142 Marek Kuchci\u0144ski. Przypomnia\u0142 tak\u017ce, \u017ce ta wybitna posta\u0107 \u2013 marsza\u0142ek Sejmu, pisarz, filozof, fundator klasztoru i ko\u015bcio\u0142a w Kalwarii Pac\u0142awskiej \u2013 \u0142\u0105czy\u0142a polityk\u0119 pa\u0144stwa z Ko\u015bcio\u0142em; pami\u0119ci\u0105 o tym, sk\u0105d si\u0119 wywodzimy. Si\u0142\u0119 pa\u0144stwa, or\u0119\u017c z duchowo\u015bci\u0105.<\/p>\n\n\n\n<p class=\"wp-block-paragraph\">\u2013 Fredro jawi si\u0119 nam z perspektywy ponad 1050 lat przynale\u017cno\u015bci Rzeczypospolitej do cywilizacji chrze\u015bcija\u0144skiej, jawi si\u0119 jako cz\u0142owiek, kt\u00f3ry pe\u0142ni\u0105c wa\u017cne funkcje pa\u0144stwowe w czasach niezwykle trudnych dla naszej cz\u0119\u015bci Europy, jako wielki cz\u0142owiek, potrafi\u0142 \u0142\u0105czy\u0107 s\u0142u\u017cb\u0119 Rzeczypospolitej ze s\u0142u\u017cb\u0105 Opatrzno\u015bci \u2013 doda\u0142 marsza\u0142ek.<\/p>\n\n\n\n<p class=\"wp-block-paragraph\">Markowi Kuchci\u0144skiemu towarzyszyli wicemarsza\u0142ek woj. podkarpackiego Piotr Pilch, dyrektor Muzeum Ziemi Przemyskiej Jan Jarosz i by\u0142y prezydent Przemy\u015bla Robert Choma. <\/p>\n\n\n\n<figure class=\"wp-block-image size-large\"><img fetchpriority=\"high\" decoding=\"async\" width=\"1024\" height=\"704\" src=\"https:\/\/marekkuchcinski.pl\/wp-content\/uploads\/2020\/09\/M1_edited-1024x704.jpg\" alt=\"\" class=\"wp-image-19762\" srcset=\"https:\/\/marekkuchcinski.pl\/wp-content\/uploads\/2020\/09\/M1_edited-1024x704.jpg 1024w, https:\/\/marekkuchcinski.pl\/wp-content\/uploads\/2020\/09\/M1_edited-300x206.jpg 300w, https:\/\/marekkuchcinski.pl\/wp-content\/uploads\/2020\/09\/M1_edited-768x528.jpg 768w, https:\/\/marekkuchcinski.pl\/wp-content\/uploads\/2020\/09\/M1_edited-1536x1056.jpg 1536w, https:\/\/marekkuchcinski.pl\/wp-content\/uploads\/2020\/09\/M1_edited-scaled.jpg 2048w\" sizes=\"(max-width: 1024px) 100vw, 1024px\" \/><\/figure>\n\n\n\n<figure class=\"wp-block-image size-large\"><img decoding=\"async\" width=\"1024\" height=\"671\" src=\"https:\/\/marekkuchcinski.pl\/wp-content\/uploads\/2020\/09\/M2_edited-1024x671.jpg\" alt=\"\" class=\"wp-image-19763\" srcset=\"https:\/\/marekkuchcinski.pl\/wp-content\/uploads\/2020\/09\/M2_edited-1024x671.jpg 1024w, https:\/\/marekkuchcinski.pl\/wp-content\/uploads\/2020\/09\/M2_edited-300x197.jpg 300w, https:\/\/marekkuchcinski.pl\/wp-content\/uploads\/2020\/09\/M2_edited-768x503.jpg 768w, https:\/\/marekkuchcinski.pl\/wp-content\/uploads\/2020\/09\/M2_edited-1536x1007.jpg 1536w, https:\/\/marekkuchcinski.pl\/wp-content\/uploads\/2020\/09\/M2_edited-scaled.jpg 2048w\" sizes=\"(max-width: 1024px) 100vw, 1024px\" \/><\/figure>\n\n\n\n<figure class=\"wp-block-image size-large\"><img decoding=\"async\" width=\"1024\" height=\"668\" src=\"https:\/\/marekkuchcinski.pl\/wp-content\/uploads\/2020\/09\/M4_edited-1024x668.jpg\" alt=\"\" class=\"wp-image-19764\" srcset=\"https:\/\/marekkuchcinski.pl\/wp-content\/uploads\/2020\/09\/M4_edited-1024x668.jpg 1024w, https:\/\/marekkuchcinski.pl\/wp-content\/uploads\/2020\/09\/M4_edited-300x196.jpg 300w, https:\/\/marekkuchcinski.pl\/wp-content\/uploads\/2020\/09\/M4_edited-768x501.jpg 768w, https:\/\/marekkuchcinski.pl\/wp-content\/uploads\/2020\/09\/M4_edited-1536x1002.jpg 1536w, https:\/\/marekkuchcinski.pl\/wp-content\/uploads\/2020\/09\/M4_edited-scaled.jpg 2048w\" sizes=\"(max-width: 1024px) 100vw, 1024px\" \/><\/figure>\n\n\n\n<figure class=\"wp-block-image size-large\"><img loading=\"lazy\" decoding=\"async\" width=\"1024\" height=\"768\" src=\"https:\/\/marekkuchcinski.pl\/wp-content\/uploads\/2020\/09\/119433751_382320856267348_3589152171057040470_n-1024x768.jpg\" alt=\"\" class=\"wp-image-19769\" srcset=\"https:\/\/marekkuchcinski.pl\/wp-content\/uploads\/2020\/09\/119433751_382320856267348_3589152171057040470_n-1024x768.jpg 1024w, https:\/\/marekkuchcinski.pl\/wp-content\/uploads\/2020\/09\/119433751_382320856267348_3589152171057040470_n-300x225.jpg 300w, https:\/\/marekkuchcinski.pl\/wp-content\/uploads\/2020\/09\/119433751_382320856267348_3589152171057040470_n-768x576.jpg 768w, https:\/\/marekkuchcinski.pl\/wp-content\/uploads\/2020\/09\/119433751_382320856267348_3589152171057040470_n-1536x1152.jpg 1536w, https:\/\/marekkuchcinski.pl\/wp-content\/uploads\/2020\/09\/119433751_382320856267348_3589152171057040470_n.jpg 2048w\" sizes=\"(max-width: 1024px) 100vw, 1024px\" \/><\/figure>\n\n\n\n<figure class=\"wp-block-image size-large\"><img loading=\"lazy\" decoding=\"async\" width=\"768\" height=\"1024\" src=\"https:\/\/marekkuchcinski.pl\/wp-content\/uploads\/2020\/09\/IMG_4355-768x1024.jpeg\" alt=\"\" class=\"wp-image-19783\" srcset=\"https:\/\/marekkuchcinski.pl\/wp-content\/uploads\/2020\/09\/IMG_4355-768x1024.jpeg 768w, https:\/\/marekkuchcinski.pl\/wp-content\/uploads\/2020\/09\/IMG_4355-225x300.jpeg 225w, https:\/\/marekkuchcinski.pl\/wp-content\/uploads\/2020\/09\/IMG_4355-1152x1536.jpeg 1152w, https:\/\/marekkuchcinski.pl\/wp-content\/uploads\/2020\/09\/IMG_4355-scaled.jpeg 1536w\" sizes=\"(max-width: 768px) 100vw, 768px\" \/><\/figure>\n\n\n\n<figure class=\"wp-block-embed-wordpress wp-block-embed is-type-wp-embed is-provider-marek-kuchcinski\"><div class=\"wp-block-embed__wrapper\">\n<blockquote class=\"wp-embedded-content\" data-secret=\"j3Y4OflKln\"><a href=\"https:\/\/marekkuchcinski.pl\/hu\/wydarzenia\/przemysl-o-polskiej-tradycji-parlamentarnej-550-rocznice-powstania-polskiego-parlamentaryzmu\/\">Przemy\u015bl: O polskiej tradycji parlamentarnej w 550. rocznic\u0119 powstania polskiego parlamentaryzmu<\/a><\/blockquote><iframe class=\"wp-embedded-content\" sandbox=\"allow-scripts\" security=\"restricted\" style=\"position: absolute; clip: rect(1px, 1px, 1px, 1px);\" title=\"\u201ePrzemy\u015bl: O polskiej tradycji parlamentarnej w 550. rocznic\u0119 powstania polskiego parlamentaryzmu\u201d \u2014 Marek Kuchci\u0144ski\" src=\"https:\/\/marekkuchcinski.pl\/wydarzenia\/przemysl-o-polskiej-tradycji-parlamentarnej-550-rocznice-powstania-polskiego-parlamentaryzmu\/embed\/#?secret=j3Y4OflKln\" data-secret=\"j3Y4OflKln\" width=\"600\" height=\"338\" frameborder=\"0\" marginwidth=\"0\" marginheight=\"0\" scrolling=\"no\"><\/iframe>\n<\/div><\/figure>","protected":false},"excerpt":{"rendered":"<p>\u2013 400 lat temu na ziemi przemyskiej w czasach I Rzeczypospolitej Polskiej urodzi\u0142 si\u0119 jeden z najwybitniejszych polityk\u00f3w, m\u0119\u017c\u00f3w stanu, pisarzy, przedstawicieli w\u0142adz pa\u0144stwowych \u2013 Andrzej Maksymilian Fredro. Ods\u0142aniaj\u0105c pomnik, upami\u0119tniamy jego dzie\u0142o i kultywujemy najwspanialsze polskie tradycje \u2013 powiedzia\u0142 Marek Kuchci\u0144ski. Przypomnia\u0142 tak\u017ce, \u017ce ta wybitna posta\u0107 \u2013 marsza\u0142ek Sejmu, pisarz, filozof, fundator klasztoru [&hellip;]<\/p>\n","protected":false},"author":3,"featured_media":19762,"comment_status":"open","ping_status":"open","sticky":false,"template":"","format":"standard","meta":{"ngg_post_thumbnail":0,"footnotes":""},"categories":[49,77,3],"tags":[],"class_list":["post-19761","post","type-post","status-publish","format-standard","has-post-thumbnail","hentry","category-podkarpacie","category-wazne-daty","category-wydarzenia"],"yoast_head":"<!-- This site is optimized with the Yoast SEO plugin v28.4 - https:\/\/yoast.com\/product\/yoast-seo-wordpress\/ -->\n<title>Kalwaria Pac\u0142awska: Marek Kuchci\u0144ski ods\u0142oni\u0142 pomnik A.M. Fredry &#8211; Marek Kuchci\u0144ski<\/title>\n<meta name=\"robots\" content=\"index, follow, max-snippet:-1, max-image-preview:large, max-video-preview:-1\" \/>\n<link rel=\"canonical\" href=\"https:\/\/marekkuchcinski.pl\/hu\/wydarzenia\/kalwaria-paclawska-marek-kuchcinski-odslonil-pomnik-a-m-fredry\/\" \/>\n<meta property=\"og:locale\" content=\"hu_HU\" \/>\n<meta property=\"og:type\" content=\"article\" \/>\n<meta property=\"og:title\" content=\"Kalwaria Pac\u0142awska: Marek Kuchci\u0144ski ods\u0142oni\u0142 pomnik A.M. Fredry &#8211; Marek Kuchci\u0144ski\" \/>\n<meta property=\"og:description\" content=\"\u2013 400 lat temu na ziemi przemyskiej w czasach I Rzeczypospolitej Polskiej urodzi\u0142 si\u0119 jeden z najwybitniejszych polityk\u00f3w, m\u0119\u017c\u00f3w stanu, pisarzy, przedstawicieli w\u0142adz pa\u0144stwowych \u2013 Andrzej Maksymilian Fredro. Ods\u0142aniaj\u0105c pomnik, upami\u0119tniamy jego dzie\u0142o i kultywujemy najwspanialsze polskie tradycje \u2013 powiedzia\u0142 Marek Kuchci\u0144ski. Przypomnia\u0142 tak\u017ce, \u017ce ta wybitna posta\u0107 \u2013 marsza\u0142ek Sejmu, pisarz, filozof, fundator klasztoru [&hellip;]\" \/>\n<meta property=\"og:url\" content=\"https:\/\/marekkuchcinski.pl\/hu\/wydarzenia\/kalwaria-paclawska-marek-kuchcinski-odslonil-pomnik-a-m-fredry\/\" \/>\n<meta property=\"og:site_name\" content=\"Marek Kuchci\u0144ski\" \/>\n<meta property=\"article:published_time\" content=\"2020-09-13T12:28:44+00:00\" \/>\n<meta property=\"article:modified_time\" content=\"2020-09-14T10:59:54+00:00\" \/>\n<meta property=\"og:image\" content=\"https:\/\/marekkuchcinski.pl\/wp-content\/uploads\/2020\/09\/M1_edited-scaled.jpg\" \/>\n\t<meta property=\"og:image:width\" content=\"2048\" \/>\n\t<meta property=\"og:image:height\" content=\"1408\" \/>\n\t<meta property=\"og:image:type\" content=\"image\/jpeg\" \/>\n<meta name=\"author\" content=\"Marta Olejnik\" \/>\n<meta name=\"twitter:card\" content=\"summary_large_image\" \/>\n<meta name=\"twitter:label1\" content=\"Written by\" \/>\n\t<meta name=\"twitter:data1\" content=\"Marta Olejnik\" \/>\n\t<meta name=\"twitter:label2\" content=\"Est. reading time\" \/>\n\t<meta name=\"twitter:data2\" content=\"1 minute\" \/>\n<script type=\"application\/ld+json\" class=\"yoast-schema-graph\">{\"@context\":\"https:\\\/\\\/schema.org\",\"@graph\":[{\"@type\":\"Article\",\"@id\":\"https:\\\/\\\/marekkuchcinski.pl\\\/wydarzenia\\\/kalwaria-paclawska-marek-kuchcinski-odslonil-pomnik-a-m-fredry\\\/#article\",\"isPartOf\":{\"@id\":\"https:\\\/\\\/marekkuchcinski.pl\\\/wydarzenia\\\/kalwaria-paclawska-marek-kuchcinski-odslonil-pomnik-a-m-fredry\\\/\"},\"author\":{\"name\":\"Marta Olejnik\",\"@id\":\"https:\\\/\\\/marekkuchcinski.pl\\\/#\\\/schema\\\/person\\\/bd3f15dee67fee76e83c8350d0154101\"},\"headline\":\"Kalwaria Pac\u0142awska: Marek Kuchci\u0144ski ods\u0142oni\u0142 pomnik A.M. Fredry\",\"datePublished\":\"2020-09-13T12:28:44+00:00\",\"dateModified\":\"2020-09-14T10:59:54+00:00\",\"mainEntityOfPage\":{\"@id\":\"https:\\\/\\\/marekkuchcinski.pl\\\/wydarzenia\\\/kalwaria-paclawska-marek-kuchcinski-odslonil-pomnik-a-m-fredry\\\/\"},\"wordCount\":196,\"commentCount\":0,\"publisher\":{\"@id\":\"https:\\\/\\\/marekkuchcinski.pl\\\/#organization\"},\"image\":{\"@id\":\"https:\\\/\\\/marekkuchcinski.pl\\\/wydarzenia\\\/kalwaria-paclawska-marek-kuchcinski-odslonil-pomnik-a-m-fredry\\\/#primaryimage\"},\"thumbnailUrl\":\"https:\\\/\\\/marekkuchcinski.pl\\\/wp-content\\\/uploads\\\/2020\\\/09\\\/M1_edited-scaled.jpg\",\"articleSection\":[\"Podkarpacie\",\"Wa\u017cne daty\",\"Wydarzenia\"],\"inLanguage\":\"hu-HU\",\"potentialAction\":[{\"@type\":\"CommentAction\",\"name\":\"Comment\",\"target\":[\"https:\\\/\\\/marekkuchcinski.pl\\\/wydarzenia\\\/kalwaria-paclawska-marek-kuchcinski-odslonil-pomnik-a-m-fredry\\\/#respond\"]}]},{\"@type\":\"WebPage\",\"@id\":\"https:\\\/\\\/marekkuchcinski.pl\\\/wydarzenia\\\/kalwaria-paclawska-marek-kuchcinski-odslonil-pomnik-a-m-fredry\\\/\",\"url\":\"https:\\\/\\\/marekkuchcinski.pl\\\/wydarzenia\\\/kalwaria-paclawska-marek-kuchcinski-odslonil-pomnik-a-m-fredry\\\/\",\"name\":\"Kalwaria Pac\u0142awska: Marek Kuchci\u0144ski ods\u0142oni\u0142 pomnik A.M. Fredry &#8211; Marek Kuchci\u0144ski\",\"isPartOf\":{\"@id\":\"https:\\\/\\\/marekkuchcinski.pl\\\/#website\"},\"primaryImageOfPage\":{\"@id\":\"https:\\\/\\\/marekkuchcinski.pl\\\/wydarzenia\\\/kalwaria-paclawska-marek-kuchcinski-odslonil-pomnik-a-m-fredry\\\/#primaryimage\"},\"image\":{\"@id\":\"https:\\\/\\\/marekkuchcinski.pl\\\/wydarzenia\\\/kalwaria-paclawska-marek-kuchcinski-odslonil-pomnik-a-m-fredry\\\/#primaryimage\"},\"thumbnailUrl\":\"https:\\\/\\\/marekkuchcinski.pl\\\/wp-content\\\/uploads\\\/2020\\\/09\\\/M1_edited-scaled.jpg\",\"datePublished\":\"2020-09-13T12:28:44+00:00\",\"dateModified\":\"2020-09-14T10:59:54+00:00\",\"breadcrumb\":{\"@id\":\"https:\\\/\\\/marekkuchcinski.pl\\\/wydarzenia\\\/kalwaria-paclawska-marek-kuchcinski-odslonil-pomnik-a-m-fredry\\\/#breadcrumb\"},\"inLanguage\":\"hu-HU\",\"potentialAction\":[{\"@type\":\"ReadAction\",\"target\":[\"https:\\\/\\\/marekkuchcinski.pl\\\/wydarzenia\\\/kalwaria-paclawska-marek-kuchcinski-odslonil-pomnik-a-m-fredry\\\/\"]}]},{\"@type\":\"ImageObject\",\"inLanguage\":\"hu-HU\",\"@id\":\"https:\\\/\\\/marekkuchcinski.pl\\\/wydarzenia\\\/kalwaria-paclawska-marek-kuchcinski-odslonil-pomnik-a-m-fredry\\\/#primaryimage\",\"url\":\"https:\\\/\\\/marekkuchcinski.pl\\\/wp-content\\\/uploads\\\/2020\\\/09\\\/M1_edited-scaled.jpg\",\"contentUrl\":\"https:\\\/\\\/marekkuchcinski.pl\\\/wp-content\\\/uploads\\\/2020\\\/09\\\/M1_edited-scaled.jpg\",\"width\":2048,\"height\":1408},{\"@type\":\"BreadcrumbList\",\"@id\":\"https:\\\/\\\/marekkuchcinski.pl\\\/wydarzenia\\\/kalwaria-paclawska-marek-kuchcinski-odslonil-pomnik-a-m-fredry\\\/#breadcrumb\",\"itemListElement\":[{\"@type\":\"ListItem\",\"position\":1,\"name\":\"Strona g\u0142\u00f3wna\",\"item\":\"https:\\\/\\\/marekkuchcinski.pl\\\/\"},{\"@type\":\"ListItem\",\"position\":2,\"name\":\"Kalwaria Pac\u0142awska: Marek Kuchci\u0144ski ods\u0142oni\u0142 pomnik A.M. Fredry\"}]},{\"@type\":\"WebSite\",\"@id\":\"https:\\\/\\\/marekkuchcinski.pl\\\/#website\",\"url\":\"https:\\\/\\\/marekkuchcinski.pl\\\/\",\"name\":\"Marek Kuchci\u0144ski\",\"description\":\"Marek Kuchci\u0144ski \",\"publisher\":{\"@id\":\"https:\\\/\\\/marekkuchcinski.pl\\\/#organization\"},\"potentialAction\":[{\"@type\":\"SearchAction\",\"target\":{\"@type\":\"EntryPoint\",\"urlTemplate\":\"https:\\\/\\\/marekkuchcinski.pl\\\/?s={search_term_string}\"},\"query-input\":{\"@type\":\"PropertyValueSpecification\",\"valueRequired\":true,\"valueName\":\"search_term_string\"}}],\"inLanguage\":\"hu-HU\"},{\"@type\":\"Organization\",\"@id\":\"https:\\\/\\\/marekkuchcinski.pl\\\/#organization\",\"name\":\"Marek Kuchci\u0144ski\",\"url\":\"https:\\\/\\\/marekkuchcinski.pl\\\/\",\"logo\":{\"@type\":\"ImageObject\",\"inLanguage\":\"hu-HU\",\"@id\":\"https:\\\/\\\/marekkuchcinski.pl\\\/#\\\/schema\\\/logo\\\/image\\\/\",\"url\":\"https:\\\/\\\/marekkuchcinski.pl\\\/wp-content\\\/uploads\\\/2022\\\/09\\\/Marek.jpg\",\"contentUrl\":\"https:\\\/\\\/marekkuchcinski.pl\\\/wp-content\\\/uploads\\\/2022\\\/09\\\/Marek.jpg\",\"width\":1600,\"height\":971,\"caption\":\"Marek Kuchci\u0144ski\"},\"image\":{\"@id\":\"https:\\\/\\\/marekkuchcinski.pl\\\/#\\\/schema\\\/logo\\\/image\\\/\"}},{\"@type\":\"Person\",\"@id\":\"https:\\\/\\\/marekkuchcinski.pl\\\/#\\\/schema\\\/person\\\/bd3f15dee67fee76e83c8350d0154101\",\"name\":\"Marta Olejnik\",\"image\":{\"@type\":\"ImageObject\",\"inLanguage\":\"hu-HU\",\"@id\":\"https:\\\/\\\/secure.gravatar.com\\\/avatar\\\/24754edd6080383402e292374b406b553027d572e97d60e7aa89a6940e88659a?s=96&d=mm&r=g\",\"url\":\"https:\\\/\\\/secure.gravatar.com\\\/avatar\\\/24754edd6080383402e292374b406b553027d572e97d60e7aa89a6940e88659a?s=96&d=mm&r=g\",\"contentUrl\":\"https:\\\/\\\/secure.gravatar.com\\\/avatar\\\/24754edd6080383402e292374b406b553027d572e97d60e7aa89a6940e88659a?s=96&d=mm&r=g\",\"caption\":\"Marta Olejnik\"},\"url\":\"https:\\\/\\\/marekkuchcinski.pl\\\/hu\\\/author\\\/marta\\\/\"}]}<\/script>\n<!-- \/ Yoast SEO plugin. -->","yoast_head_json":{"title":"Kalwaria Pac\u0142awska: Marek Kuchci\u0144ski ods\u0142oni\u0142 pomnik A.M. Fredry &#8211; Marek Kuchci\u0144ski","robots":{"index":"index","follow":"follow","max-snippet":"max-snippet:-1","max-image-preview":"max-image-preview:large","max-video-preview":"max-video-preview:-1"},"canonical":"https:\/\/marekkuchcinski.pl\/hu\/wydarzenia\/kalwaria-paclawska-marek-kuchcinski-odslonil-pomnik-a-m-fredry\/","og_locale":"hu_HU","og_type":"article","og_title":"Kalwaria Pac\u0142awska: Marek Kuchci\u0144ski ods\u0142oni\u0142 pomnik A.M. Fredry &#8211; Marek Kuchci\u0144ski","og_description":"\u2013 400 lat temu na ziemi przemyskiej w czasach I Rzeczypospolitej Polskiej urodzi\u0142 si\u0119 jeden z najwybitniejszych polityk\u00f3w, m\u0119\u017c\u00f3w stanu, pisarzy, przedstawicieli w\u0142adz pa\u0144stwowych \u2013 Andrzej Maksymilian Fredro. Ods\u0142aniaj\u0105c pomnik, upami\u0119tniamy jego dzie\u0142o i kultywujemy najwspanialsze polskie tradycje \u2013 powiedzia\u0142 Marek Kuchci\u0144ski. Przypomnia\u0142 tak\u017ce, \u017ce ta wybitna posta\u0107 \u2013 marsza\u0142ek Sejmu, pisarz, filozof, fundator klasztoru [&hellip;]","og_url":"https:\/\/marekkuchcinski.pl\/hu\/wydarzenia\/kalwaria-paclawska-marek-kuchcinski-odslonil-pomnik-a-m-fredry\/","og_site_name":"Marek Kuchci\u0144ski","article_published_time":"2020-09-13T12:28:44+00:00","article_modified_time":"2020-09-14T10:59:54+00:00","og_image":[{"width":2048,"height":1408,"url":"https:\/\/marekkuchcinski.pl\/wp-content\/uploads\/2020\/09\/M1_edited-scaled.jpg","type":"image\/jpeg"}],"author":"Marta Olejnik","twitter_card":"summary_large_image","twitter_misc":{"Written by":"Marta Olejnik","Est. reading time":"1 minute"},"schema":{"@context":"https:\/\/schema.org","@graph":[{"@type":"Article","@id":"https:\/\/marekkuchcinski.pl\/wydarzenia\/kalwaria-paclawska-marek-kuchcinski-odslonil-pomnik-a-m-fredry\/#article","isPartOf":{"@id":"https:\/\/marekkuchcinski.pl\/wydarzenia\/kalwaria-paclawska-marek-kuchcinski-odslonil-pomnik-a-m-fredry\/"},"author":{"name":"Marta Olejnik","@id":"https:\/\/marekkuchcinski.pl\/#\/schema\/person\/bd3f15dee67fee76e83c8350d0154101"},"headline":"Kalwaria Pac\u0142awska: Marek Kuchci\u0144ski ods\u0142oni\u0142 pomnik A.M. Fredry","datePublished":"2020-09-13T12:28:44+00:00","dateModified":"2020-09-14T10:59:54+00:00","mainEntityOfPage":{"@id":"https:\/\/marekkuchcinski.pl\/wydarzenia\/kalwaria-paclawska-marek-kuchcinski-odslonil-pomnik-a-m-fredry\/"},"wordCount":196,"commentCount":0,"publisher":{"@id":"https:\/\/marekkuchcinski.pl\/#organization"},"image":{"@id":"https:\/\/marekkuchcinski.pl\/wydarzenia\/kalwaria-paclawska-marek-kuchcinski-odslonil-pomnik-a-m-fredry\/#primaryimage"},"thumbnailUrl":"https:\/\/marekkuchcinski.pl\/wp-content\/uploads\/2020\/09\/M1_edited-scaled.jpg","articleSection":["Podkarpacie","Wa\u017cne daty","Wydarzenia"],"inLanguage":"hu-HU","potentialAction":[{"@type":"CommentAction","name":"Comment","target":["https:\/\/marekkuchcinski.pl\/wydarzenia\/kalwaria-paclawska-marek-kuchcinski-odslonil-pomnik-a-m-fredry\/#respond"]}]},{"@type":"WebPage","@id":"https:\/\/marekkuchcinski.pl\/wydarzenia\/kalwaria-paclawska-marek-kuchcinski-odslonil-pomnik-a-m-fredry\/","url":"https:\/\/marekkuchcinski.pl\/wydarzenia\/kalwaria-paclawska-marek-kuchcinski-odslonil-pomnik-a-m-fredry\/","name":"Kalwaria Pac\u0142awska: Marek Kuchci\u0144ski ods\u0142oni\u0142 pomnik A.M. Fredry &#8211; Marek Kuchci\u0144ski","isPartOf":{"@id":"https:\/\/marekkuchcinski.pl\/#website"},"primaryImageOfPage":{"@id":"https:\/\/marekkuchcinski.pl\/wydarzenia\/kalwaria-paclawska-marek-kuchcinski-odslonil-pomnik-a-m-fredry\/#primaryimage"},"image":{"@id":"https:\/\/marekkuchcinski.pl\/wydarzenia\/kalwaria-paclawska-marek-kuchcinski-odslonil-pomnik-a-m-fredry\/#primaryimage"},"thumbnailUrl":"https:\/\/marekkuchcinski.pl\/wp-content\/uploads\/2020\/09\/M1_edited-scaled.jpg","datePublished":"2020-09-13T12:28:44+00:00","dateModified":"2020-09-14T10:59:54+00:00","breadcrumb":{"@id":"https:\/\/marekkuchcinski.pl\/wydarzenia\/kalwaria-paclawska-marek-kuchcinski-odslonil-pomnik-a-m-fredry\/#breadcrumb"},"inLanguage":"hu-HU","potentialAction":[{"@type":"ReadAction","target":["https:\/\/marekkuchcinski.pl\/wydarzenia\/kalwaria-paclawska-marek-kuchcinski-odslonil-pomnik-a-m-fredry\/"]}]},{"@type":"ImageObject","inLanguage":"hu-HU","@id":"https:\/\/marekkuchcinski.pl\/wydarzenia\/kalwaria-paclawska-marek-kuchcinski-odslonil-pomnik-a-m-fredry\/#primaryimage","url":"https:\/\/marekkuchcinski.pl\/wp-content\/uploads\/2020\/09\/M1_edited-scaled.jpg","contentUrl":"https:\/\/marekkuchcinski.pl\/wp-content\/uploads\/2020\/09\/M1_edited-scaled.jpg","width":2048,"height":1408},{"@type":"BreadcrumbList","@id":"https:\/\/marekkuchcinski.pl\/wydarzenia\/kalwaria-paclawska-marek-kuchcinski-odslonil-pomnik-a-m-fredry\/#breadcrumb","itemListElement":[{"@type":"ListItem","position":1,"name":"Strona g\u0142\u00f3wna","item":"https:\/\/marekkuchcinski.pl\/"},{"@type":"ListItem","position":2,"name":"Kalwaria Pac\u0142awska: Marek Kuchci\u0144ski ods\u0142oni\u0142 pomnik A.M. Fredry"}]},{"@type":"WebSite","@id":"https:\/\/marekkuchcinski.pl\/#website","url":"https:\/\/marekkuchcinski.pl\/","name":"Marek Kuchci\u0144ski","description":"Marek Kuchci\u0144ski","publisher":{"@id":"https:\/\/marekkuchcinski.pl\/#organization"},"potentialAction":[{"@type":"SearchAction","target":{"@type":"EntryPoint","urlTemplate":"https:\/\/marekkuchcinski.pl\/?s={search_term_string}"},"query-input":{"@type":"PropertyValueSpecification","valueRequired":true,"valueName":"search_term_string"}}],"inLanguage":"hu-HU"},{"@type":"Organization","@id":"https:\/\/marekkuchcinski.pl\/#organization","name":"Marek Kuchci\u0144ski","url":"https:\/\/marekkuchcinski.pl\/","logo":{"@type":"ImageObject","inLanguage":"hu-HU","@id":"https:\/\/marekkuchcinski.pl\/#\/schema\/logo\/image\/","url":"https:\/\/marekkuchcinski.pl\/wp-content\/uploads\/2022\/09\/Marek.jpg","contentUrl":"https:\/\/marekkuchcinski.pl\/wp-content\/uploads\/2022\/09\/Marek.jpg","width":1600,"height":971,"caption":"Marek Kuchci\u0144ski"},"image":{"@id":"https:\/\/marekkuchcinski.pl\/#\/schema\/logo\/image\/"}},{"@type":"Person","@id":"https:\/\/marekkuchcinski.pl\/#\/schema\/person\/bd3f15dee67fee76e83c8350d0154101","name":"Marta Olejnik","image":{"@type":"ImageObject","inLanguage":"hu-HU","@id":"https:\/\/secure.gravatar.com\/avatar\/24754edd6080383402e292374b406b553027d572e97d60e7aa89a6940e88659a?s=96&d=mm&r=g","url":"https:\/\/secure.gravatar.com\/avatar\/24754edd6080383402e292374b406b553027d572e97d60e7aa89a6940e88659a?s=96&d=mm&r=g","contentUrl":"https:\/\/secure.gravatar.com\/avatar\/24754edd6080383402e292374b406b553027d572e97d60e7aa89a6940e88659a?s=96&d=mm&r=g","caption":"Marta Olejnik"},"url":"https:\/\/marekkuchcinski.pl\/hu\/author\/marta\/"}]}},"_links":{"self":[{"href":"https:\/\/marekkuchcinski.pl\/hu\/wp-json\/wp\/v2\/posts\/19761","targetHints":{"allow":["GET"]}}],"collection":[{"href":"https:\/\/marekkuchcinski.pl\/hu\/wp-json\/wp\/v2\/posts"}],"about":[{"href":"https:\/\/marekkuchcinski.pl\/hu\/wp-json\/wp\/v2\/types\/post"}],"author":[{"embeddable":true,"href":"https:\/\/marekkuchcinski.pl\/hu\/wp-json\/wp\/v2\/users\/3"}],"replies":[{"embeddable":true,"href":"https:\/\/marekkuchcinski.pl\/hu\/wp-json\/wp\/v2\/comments?post=19761"}],"version-history":[{"count":9,"href":"https:\/\/marekkuchcinski.pl\/hu\/wp-json\/wp\/v2\/posts\/19761\/revisions"}],"predecessor-version":[{"id":19784,"href":"https:\/\/marekkuchcinski.pl\/hu\/wp-json\/wp\/v2\/posts\/19761\/revisions\/19784"}],"wp:featuredmedia":[{"embeddable":true,"href":"https:\/\/marekkuchcinski.pl\/hu\/wp-json\/wp\/v2\/media\/19762"}],"wp:attachment":[{"href":"https:\/\/marekkuchcinski.pl\/hu\/wp-json\/wp\/v2\/media?parent=19761"}],"wp:term":[{"taxonomy":"category","embeddable":true,"href":"https:\/\/marekkuchcinski.pl\/hu\/wp-json\/wp\/v2\/categories?post=19761"},{"taxonomy":"post_tag","embeddable":true,"href":"https:\/\/marekkuchcinski.pl\/hu\/wp-json\/wp\/v2\/tags?post=19761"}],"curies":[{"name":"wp","href":"https:\/\/api.w.org\/{rel}","templated":true}]}}