{"id":19439,"date":"2020-07-29T21:17:39","date_gmt":"2020-07-29T19:17:39","guid":{"rendered":"https:\/\/marekkuchcinski.pl\/?p=19439"},"modified":"2020-07-29T21:17:40","modified_gmt":"2020-07-29T19:17:40","slug":"zivotopis","status":"publish","type":"post","link":"https:\/\/marekkuchcinski.pl\/hu\/biografia\/slovensky\/zivotopis\/","title":{"rendered":"\u017dIVOTOPIS"},"content":{"rendered":"<p>Marek Kuchci\u0144ski 1955. augusztus 9-\u00e9n sz\u00fcletett Przemy\u015blben. Zmaturoval na 1. v\u0161eobecnom gymn\u00e1ziu J. S\u0142owack\u00e9ho v Przemy\u015bl. V rokoch 1974 - 1978 \u0161tudoval dejiny umenia na Lubelskej katol\u00edckej univerzite. V roku 1978 ukon\u010dil pomaturitn\u00e9 \u0161t\u00fadium v odbore z\u00e1hradn\u00edctvo. V 80. rokoch v m\u011bsto Przemy\u015bl organizoval nez\u00e1visl\u00e9 kult\u00farne prostredie, samizdatovo vyd\u00e1val a redigoval \u0161tvr\u0165ro\u010dn\u00edk \"Strych Kulturalny\" (slov. Kult\u00farna povala). P\u00f4sobil v nez\u00e1vislom hnut\u00ed ro\u013en\u00edkov - okrem in\u00e9ho ako \u010dlen Celopo\u013esk\u00e9ho v\u00fdboru ro\u013en\u00edckej opoz\u00edcie, ako autor \u010dl\u00e1nkov samizdatov\u00e9ho \u010dasopisu OKOR \"Solidarita ro\u013en\u00edkov\". Od roku 1982 sa anga\u017eoval v ro\u013en\u00edckom pastora\u010dnom centre v m\u011bstek Krasiczyn (prv\u00e9 v celom Po\u013esku), organizoval (spolu s k\u0148azom Stanislawom Bartmi\u0144sk\u00fdm) potravinov\u00fa pomoc pre sliezskych robotn\u00edkov. V rokoch 1983 - 1989, tie\u017e ileg\u00e1lne, spoluorganizoval Dni kres\u0165anskej kult\u00fary v Przemy\u015bl a medzinin\u00e1rodn\u00e9 umeleck\u00e9 v\u00fdstavy \"\u010clovek - Boh - Svet\". V roku 1985 uv\u00e4znen\u00fd za opozi\u010dn\u00fa \u010dinnos\u0165. Vo vy\u0161etrovacej v\u00e4zbe v meste Jaros\u0142aw a vo v\u00e4zen\u00ed v meste Przemy\u015bl.<\/p>\n\n\n\n<p>1989-ben megalap\u00edtotta a Solidarita kamp\u00e1nyt Przemy\u015bl vajdas\u00e1gban, \u00e9s annak sz\u00f3viv\u0151je lett. V rokoch 1990 - 1992 \u010dlen celo\u0161t\u00e1tneho ob\u010dianskeho v\u00fdboru \"Solidarita\" v okruhu Lecha Wa\u0142\u0119su. A \"Porozumienie Centrum\" Egyes\u00fclet alap\u00edt\u00f3ja \u00e9s eln\u00f6ke (1990-1999) Przemy\u015bl vajdas\u00e1gban.  V rokoch 1990 - 2000 plnil funkciu predsedu Przemysk\u00e9ho kult\u00farneho zdru\u017eenia, ktor\u00e9 okrem in\u00e9ho vyd\u00e1valo \u0161tvr\u0165ro\u010dn\u00edk \"Spojrzenia Przemyskie\" (slov. Przemysk\u00e9 poh\u013eady). Podpredseda rzeszowskej pobo\u010dky Zdru\u017eenia po\u013esk\u00fdch novin\u00e1rov. Predseda programovej rady Po\u013esk\u00e9ho rozhlasu Rzesz\u00f3w a kore\u0161pondent Po\u013esk\u00e9ho rozhlasu \u013dvov. V rokoch 1994 - 1999 deplanec mesta Przemy\u015bl.<\/p>\n\n\n\n<p>V rokoch 1999 - 2001 Podkarpatsk\u00fd vicevojvoda. 2001 \u00f3ta a lengyel parlament k\u00e9pvisel\u0151je a Pr\u00e1vo a spravodlivos\u0165 oldal\u00e1n. D\u0148a 4. augusta 2010 sa stal stalemar\u0161\u00e1lkom Po\u013esk\u00e9ho sejmu 6. volebn\u00e9ho obdobia<s>,<\/s> \u00e9s 8. novembra 2011 zvolen\u00fd na vicemar\u0161\u00e1lka Po\u013esk\u00e9ho sejmu 7. volebn\u00e9ho obdobia. Predseda parlamentnychch komisjii: \u0161t\u00e1tnej spr\u00e1vy a vn\u00fatra, a tak\u017ce ochrany \u017eivotn\u00e9ho prostredia, pr\u00edrodn\u00fdch zdrojov a lesn\u00edctva. A parlamenti k\u00fcld\u00f6tts\u00e9g alpontjai <s>a  c\u00edmre.<\/s> Lengyelorsz\u00e1g \u00e9s Ukrajna parlamenti k\u00f6zgy\u0171l\u00e9se, valamint a Lengyel-Maidan parlamenti csoportosul\u00e1s tagja.<\/p>\n\n\n\n<p>2010 \u00f3ta kezdem\u00e9nyez\u0151je az \"Eur\u00f3pa K\u00e1rp\u00e1t\" stretnut\u00ed - konferenci\u00ed karpatsk\u00fdch kraj\u00edn pod\u00e1zvom sorozatnak, amelynek c\u00e9lja t\u00f6bbek k\u00f6z\u00f6tt az egy\u00fcttm\u0171k\u00f6d\u00e9s er\u0151s\u00edt\u00e9se a k\u00f6ztev\u00e9kenys\u00e9g minden szintj\u00e9n, valamint a K\u00e1rp\u00e1tok fenntarthat\u00f3 fejl\u0151d\u00e9se ir\u00e1nt elk\u00f6telezett tagok nemzetk\u00f6zi h\u00e1l\u00f3zat\u00e1nak l\u00e9trehoz\u00e1sa. From 12. novembra 2015 to 9. augusta 2019 mar\u0161\u00e1lek Po\u013esk\u00e9ho sejmu 8. volebn\u00e9ho obdobia.<\/p>\n\n\n\n<p>Zvolen\u00fd za deplanca Po\u013esk\u00e9ho sejmu 9. volebn\u00e9ho obdobia. V s\u00fa\u010dasnosti podpredseda komisjiie s\u00fadr\u017enosti so zahrani\u010dn\u00fdmi Poliakmi a \u010dlenom komisjiie ochrany \u017eivotn\u00e9ho prostredia, predseda parlament\u00e1rneho Karpatsk\u00e9ho v\u00fdboru a v\u00fdboru pre Horsk\u00fa z\u00e1chrann\u00fa slu\u017ebu. Predstavite\u013e deleg\u00e1cie Po\u013esk\u00e9ho sejmu a sen\u00e1tu do parlamentn\u00e9ho v\u00fdboru Stredoeur\u00f3pskej iniciat\u00edvy. From 12 February 2020 predseda po\u013esko-majarskej parlamentnej skupiny, \u00fa\u010dastn\u00edk skup\u00edn: po\u013esko-slovenskej, po\u013esko-rumunskej a po\u013esko\u010deskej.<\/p>\n\n\n\n<p><strong>Okrem toho: Vyznamenan\u00fd ocenen\u00edm Po\u013esk\u00e9ho rozhlasu a telev\u00edzie v Rzeszowe<s>,<\/s> Z\u00edskal zprenu \"Nowin\" v kateg\u00f3rii Politik roka 2003. Z\u00edskal cenu \"Nowin\" v kateg\u00f3rii Politik roka 2003. Je \u017eenat\u00fd, m\u00e1 tri deti.<\/strong><strong><\/strong><\/p>\n\n\n\n<p><strong>A LEGFONTOSABB K\u00dcL\u00d6NBS\u00c9GEK<\/strong><strong><\/strong><\/p>\n\n\n\n<ul class=\"wp-block-list\"><li><strong>Rad za z\u00e1sluhy Ukrarajiny (2010) <\/strong>- a lengyel-ukr\u00e1n kapcsolatok fejleszt\u00e9se ir\u00e1nti kiemelked\u0151 szem\u00e9lyes elk\u00f6telezetts\u00e9g\u00e9\u00e9rt, Ukrajna tekint\u00e9ly\u00e9nek meger\u0151s\u00edt\u00e9se \u00e9rdek\u00e9ben a vil\u00e1gban.<\/li><li><strong>Kr\u00ed\u017e Slobody a solidarity (2016) <\/strong>- a Lengyel N\u00e9pk\u00f6zt\u00e1rsas\u00e1gban a kommunista diktat\u00far\u00e1val szembeni ellen\u00e1ll\u00e1s\u00e9rt.<\/li><li><strong>Ve\u013ek\u00fd kr\u00ed\u017e ma\u010farsk\u00e9ho r\u00e1du (2018) <\/strong>- a Magyarorsz\u00e1g \u00e9s Lengyelorsz\u00e1g k\u00f6z\u00f6tti politikai \u00e9s t\u00e1rsadalmi kapcsolatokban el\u00e9rt fontos eredm\u00e9nyek elismer\u00e9s\u00e9\u00e9rt \u00e9s elk\u00f6telezetts\u00e9g\u00e9rt.<\/li><li><strong>R\u00e1d za z\u00e1sluhy Litvy (2019) <\/strong>- a Litv\u00e1nia \u00e9s Lengyelorsz\u00e1g k\u00f6z\u00f6tti kapcsolatok fejleszt\u00e9s\u00e9hez val\u00f3 hozz\u00e1j\u00e1rul\u00e1s\u00e9rt \u00e9s az abban val\u00f3 r\u00e9szv\u00e9tel\u00e9rt, a k\u00e9t orsz\u00e1g k\u00f6z\u00f6tti politikai, kultur\u00e1lis, gazdas\u00e1gi \u00e9s t\u00e1rsadalmi egy\u00fcttm\u0171k\u00f6d\u00e9s jav\u00edt\u00e1s\u00e1\u00e9rt.<\/li><\/ul>\n\n\n\n<p><strong>BIBLIOGR\u00c1FIA<\/strong><strong><\/strong><\/p>\n\n\n\n<p><strong>Spolo\u010densko-historick\u00fd kontextus bibliografie<\/strong><\/p>\n\n\n\n<ul class=\"wp-block-list\"><li>David Selbourne, <em>Szolidarit\u00e1s a kamp\u00e1nyban, <\/em>The Independent Magazine 03.06.1989<\/li><li>Wojciechowski Aleksander, <em>A szomor\u00fas\u00e1g ideje, a rem\u00e9ny ideje. Az 1980-as \u00e9vek f\u00fcggetlen m\u0171v\u00e9szete<\/em>, Wydawnictwa Artystyczne i Filmowe, Vars\u00f3 1992<\/li><li>Najder Zdzis\u0142aw, <em>Milyen Lengyelorsz\u00e1g. Mit \u00e9s kinek tan\u00e1csoltam<\/em>, Editions Spotkania, Krakk\u00f3 1992<\/li><li><em>A vid\u00e9k \u00e9s a parasztmozgalom elleni elnyom\u00e1s (1956-1989)<\/em>, 2. k\u00f6tet, szerk. Janusz Gmitruk, Zbigniew Nawrocki, Lengyel N\u00e9pi Mozgalom T\u00f6rt\u00e9neti M\u00fazeum, Vars\u00f3 2004.<\/li><\/ul>\n\n\n\n<ul class=\"wp-block-list\"><li>Iwaneczko Dariusz, <em>A t\u00e1rsadalmi ellen\u00e1ll\u00e1s \u00e9s a hat\u00f3s\u00e1gok D\u00e9lkelet-Lengyelorsz\u00e1gban 1980-1989 k\u00f6z\u00f6tt<\/em>, Nemzeti Eml\u00e9kezet Int\u00e9zete, Vars\u00f3 2005<\/li><li>Karnowski Micha\u0142, Zaremba Piotr, <em>K\u00f6r\u00fclbel\u00fcl kett\u0151t. A Kaczynski testv\u00e9rek \u00e1b\u00e9c\u00e9je<\/em>, M Kiad\u00f3, Krakk\u00f3 2006<\/li><li><em>A r\u00e9gi\u00f3k f\u00f3ruma<\/em>Muszyna 2008. szeptember 11-12., kidolgozta Bogumi\u0142 Luft. Bogumi\u0142 Luft, Region\u00e1lis Fejleszt\u00e9si Miniszt\u00e9rium, Vars\u00f3 2008<\/li><li>Tiszteletes Stanis\u0142aw Bartmi\u0144ski, INTROIBO AD ALTARE DEI, A ministr\u00e1nsok szolg\u00e1lat\u00e1nak t\u00f6rt\u00e9nete a przemy\u015bli sz\u00e9kesegyh\u00e1zban 1946-t\u00f3l 2008-ig, Przemy\u015bl, 2008.<\/li><li>Koz\u0142owski Piotr, <em>A przemy\u015bli 1. sz\u00e1m\u00fa Henryk Sienkiewicz \u00c1ltal\u00e1nos Iskola 100 \u00e9ve 1908-2008<\/em>, Henryk Sienkiewicz 1. sz\u00e1m\u00fa \u00c1ltal\u00e1nos Iskola, Przemy\u015bl 2008<\/li><\/ul>\n\n\n\n<ul class=\"wp-block-list\"><li>Borowiec Janusz,<em> A '89-es d\u00e9lkelet-lengyelorsz\u00e1gi v\u00e1laszt\u00e1sok az SB dokumentumaiban<\/em>, Nemzeti Eml\u00e9kezet Int\u00e9zete, Vars\u00f3-Rzesz\u00f3w 2009<\/li><li>Sopel Tadeusz, <em>A \"Szolidarit\u00e1s\" f\u00fcggetlen parasztmozgalom D\u00e9lkelet-Lengyelorsz\u00e1gban 1980-1989 k\u00f6z\u00f6tt: dokumentumok, eml\u00e9kek, reflexi\u00f3k<\/em>, D\u00e9lkeleti Tudom\u00e1nyos Int\u00e9zet, Przemy\u015bl 2000<\/li><li><em>A szolidarit\u00e1s enciklop\u00e9di\u00e1ja. Ellenz\u00e9k a Lengyel N\u00e9pk\u00f6zt\u00e1rsas\u00e1gban 1976-1989<\/em>, 1. k\u00f6tet, szerkesztette Miros\u0142awa \u0141\u0105tkowska, Nemzeti Eml\u00e9kezet Int\u00e9zete, Vars\u00f3 2010.<\/li><li><em>NSZZ Solidarno\u015b\u0107 1980-1989<\/em>, t. 5: <em>K\u00f6z\u00e9p- \u00e9s Kelet-Lengyelorsz\u00e1g<\/em>, szerkesztette \u0141ukasz Kami\u0144ski, Grzegorz Walig\u00f3ra, Nemzeti Eml\u00e9kezet Int\u00e9zete, Vars\u00f3 2010<\/li><li><em>Az egy\u00e9ni gazd\u00e1lkod\u00f3k szolidarit\u00e1sa 1980-1989<\/em>, szerkesztette Andrzej W. Kaczorowski, Kasa Nadziei Alap\u00edtv\u00e1ny, Vars\u00f3 2010<\/li><li><em>Hadi\u00e1llapot. Egy pillant\u00e1s h\u00fasz \u00e9v ut\u00e1n<\/em>, szerkesztette Agnieszka Adamiak, K\u00f6zoktat\u00e1si Hivatal, Nemzeti Eml\u00e9kezet Int\u00e9zet\u00e9nek Rzesz\u00f3wi Kirendelts\u00e9ge, Rzesz\u00f3w 2000.<\/li><li>Zaremba Piotr, <em>Az egyik ilyen... Jaroslaw Kaczynski \u00e9letrajza<\/em>, Czerwone i Czarne Kiad\u00f3, Vars\u00f3 2010<\/li><li><em>Az 1989-es d\u00e9lkelet-lengyelorsz\u00e1gi parlamenti v\u00e1laszt\u00e1sok<\/em>, szerkesztette Ma\u0142gorzata Gliwa Mariusz Krzysztofi\u0144ski, Nemzeti Eml\u00e9kezet Int\u00e9zete, Rzesz\u00f3w 2011<\/li><li>Kaczy\u0144ski Jaros\u0142aw, <em>\u00c1lmaink Lengyelorsz\u00e1ga<\/em>, Drukarnia Akapit, Lublin 2011<\/li><li>Kaczy\u0144ski Lech, <em>Eml\u00e9kez\u00e9s \u00e9s elk\u00f6telezetts\u00e9g<\/em>Jog \u00e9s igazs\u00e1gszolg\u00e1ltat\u00e1s, Vars\u00f3 2011<\/li><li>Krzymowski Micha\u0142, Dzier\u017canowski Marcin, <em>Szmolenszk, halotti anyak\u00f6nyv<\/em>, The Facto, Vars\u00f3 2011<\/li><li><em>A Kelet-eur\u00f3pai \u00c1llami Fels\u0151oktat\u00e1si Iskola Przemy\u015blben 2001-2011<\/em>, oprac. Zdzis\u0142aw Budzy\u0144ski, Jan Draus, Kelet-eur\u00f3pai \u00c1llami Fels\u0151oktat\u00e1si Iskola Przemy\u015blben, Przemy\u015bl 2011<\/li><li><em>80-as gener\u00e1ci\u00f3. F\u00fcggetlen ifj\u00fas\u00e1gi munka 1980-89<\/em>. Ki\u00e1ll\u00edt\u00e1s \u00e9s katal\u00f3gus, Krakk\u00f3i Nemzeti M\u00fazeum, szerkesztette Tadeusz Boruta, IPN Krakk\u00f3 2010-2011.<\/li><li><em>A szolidarit\u00e1s enciklop\u00e9di\u00e1ja. Ellenz\u00e9k a Lengyel N\u00e9pk\u00f6zt\u00e1rsas\u00e1gban 1976-1989<\/em>2. k\u00f6tet, szerkesztette Grzegorz Walig\u00f3ra, Nemzeti Eml\u00e9kezet Int\u00e9zete, Vars\u00f3 2012<\/li><li><em>80-as gener\u00e1ci\u00f3: politikai tiltakoz\u00e1s? M\u0171v\u00e9szi vet\u00e9lked\u00e9s? Fiatalok \u00f6n\u00e1ll\u00f3 munk\u00e1ja 1980-1989-ben<\/em>, szerk. Tadeusz Boruta, Nemzeti Eml\u00e9kezet Int\u00e9zete, Rzesz\u00f3w 2012<\/li><li><em>Lengyel Konzul\u00e1tus Lvivben 1987-2012<\/em>, szerkesztette Marcin Zieniewicz, Lengyel K\u00f6zt\u00e1rsas\u00e1g Lembergi F\u0151konzul\u00e1tusa, Test Kiad\u00f3, Drukarnia \"Oprawa\" Sp. z o.o., \u0141\u00f3d\u017a, Lviv-\u0141\u00f3d\u017a 2012<\/li><li>Dudek Antoni, <em>Lengyelorsz\u00e1g politikai t\u00f6rt\u00e9nete 1989-2012<\/em>, Spo\u0142eczny Instytut Wydawniczy Znak, Krakk\u00f3 2013<\/li><li>Kaczy\u0144ski Jaros\u0142aw, <em>Monop\u00f3lium elleni meg\u00e1llapod\u00e1s. A PC t\u00f6rt\u00e9net\u00e9b\u0151l<\/em>, Zysk i S-ka Kiad\u00f3 2016<\/li><li><em>Non omnis moriar. Tokarczuk Ign\u00e1c \u00e9rsek eml\u00e9kirataiban<\/em>, szerkesztette Mariusz Krzysztofi\u0144ski, Nemzeti Eml\u00e9kezet Int\u00e9zete, Rzesz\u00f3w 2016<\/li><li>Szczerski Krzysztof, <em>Eur\u00f3pai ut\u00f3pia. Az integr\u00e1ci\u00f3 v\u00e1ls\u00e1ga \u00e9s a lengyel kezdem\u00e9nyez\u00e9s a kil\u00e1bal\u00e1sra<\/em>, Feh\u00e9r holl\u00f3, Krakk\u00f3 2017<\/li><li><em>Tokarczuk Ign\u00e1c \u00e9rsek sz\u00fclet\u00e9s\u00e9nek 100. \u00e9vfordul\u00f3j\u00e1ra k\u00e9sz\u00fclt eml\u00e9kk\u00f6nyv<\/em>, szerk. Jerzy F. Adamski, Adriana Paszkowska, Zygmunt \u015aliwa, \"LIBRA\", Rzesz\u00f3w 2018.<\/li><li>Justyna Stasiek-Harabin, A m\u00e1sodik lengyel szejm marsalljainak portr\u00e9inak gal\u00e9ri\u00e1ja, <em>A m\u0171v\u00e9sz \u00e9s a m\u0171v\u00e9szet<\/em>, 29. sz\u00e1m, 2019<\/li><li>Justyna Stasiek-Harabin, <em>Az Els\u0151 Lengyel K\u00f6zt\u00e1rsas\u00e1g marsalljainak szobrainak gal\u00e9ri\u00e1ja<\/em>, M\u0171v\u00e9sz \u00e9s m\u0171v\u00e9szet, 30. sz., 42. o., 2019<\/li><li><em>Parlamenti diplom\u00e1cia K\u00f6z\u00e9p- \u00e9s Kelet-Eur\u00f3p\u00e1ban 2015-2019<\/em>, szerkesztette: Beata Surmacz, Aleksandra Kuczy\u0144ska-Zonik, K\u00f6z\u00e9p-Eur\u00f3pa Int\u00e9zet, Lublin 2019<\/li><li><em>K\u00e1rp\u00e1ti Eur\u00f3pa koncepci\u00f3ja, Przemy\u015bl\/Krasiczyn 2020. febru\u00e1r 21-22.<\/em>, Muzeum Narodowe Ziemi Przemyskiej, Przemy\u015bl 2020<\/li><\/ul>\n\n\n\n<p><strong>\u010cASOPISY<\/strong><\/p>\n\n\n\n<ul class=\"wp-block-list\"><li>\"Biuletyn Wyborczy. Pismo Komitetu Obywatelskiego Solidarno\u015b\u0107 w Przemy\u015bl\", 1989<\/li><li>\"Busola - egy f\u00fcggetlen t\u00e1rsadalmi magazin\", 1985-1989<\/li><li>\"Katolikus szerep\", 1987-1989<\/li><li>\"Samorz\u0105dny Przemy\u015bl. Biuletyn Przemyskiego Komitetu Obywatelskiego\", 1989-1990<\/li><li>\"San\", 1990-1991<\/li><li>\"Przemysl l\u00e1tk\u00e9pei\", 1989-1993<\/li><li>\"A kultur\u00e1lis padl\u00e1s\", 1988-1996<\/li><li>\"A jog \u00e9s igazs\u00e1gszolg\u00e1ltat\u00e1s politikai jegyzetf\u00fczetei\", 2012-2014<\/li><\/ul>\n\n\n\n<p><strong>\u010cL\u00c1NKY, REFER\u00c1TY<\/strong><\/p>\n\n\n\n<ul class=\"wp-block-list\"><li>Kuchci\u0144ski Marek, <em>El\u0151sz\u00f6r is: megnyerni a v\u00e1laszt\u00e1sokat<\/em>, \"V\u00e1laszt\u00e1si k\u00f6zlem\u00e9ny, Pismo Komitetu Obywatelskiego Solidarno\u015b\u0107 w Przemy\u015blu\", 1989.<\/li><li>Kuchci\u0144ski Marek, <em>Kollekt\u00edv polg\u00e1ri mozgalom<\/em>, \"Spojrzenia Przemyskie\", 1990<\/li><li>Kuchci\u0144ski Marek, <em>M\u00e9g nem v\u00e9gezt\u00fcnk<\/em>, \"Przemysl l\u00e1tk\u00e9pei\", 1991<\/li><li>Kuchci\u0144ski Marek, <em>Uralkodni vagy szolg\u00e1lni?<\/em>, \"Przemysl l\u00e1tk\u00e9pei\", 1993<\/li><li>Kuchci\u0144ski Marek, <em>Ne n\u00e9zz\u00fcnk Moszkva fel\u00e9<\/em>Kultur\u00e1lis padl\u00e1s, 1996<\/li><li>Kurylak J\u00f3zef, Karasek Krzysztof, Musia\u0142 Jan, Kuchci\u0144ski Marek, Zazula. M\u0171v\u00e9szet \u00e9s politika, \"Strych Kulturalny\", 1996<\/li><li>Kuchci\u0144ski Marek, <em>\u00c1llampolg\u00e1rs\u00e1gi politika. 7 \u00e9v t\u00e1vlat\u00e1b\u00f3l - el\u0151ad\u00e1s a Przemy\u015bl-Paderbornban megrendezett lengyel-n\u00e9met \u00f6nkorm\u00e1nyzati konferenci\u00e1n<\/em>, Przemysl 1996<\/li><li>Kuchci\u0144ski Marek, <em>Orosz provok\u00e1ci\u00f3k?<\/em>, \"\u00daj foly\u00f3irat. New York\", 1997. j\u00fanius 7.<\/li><li>Kuchci\u0144ski Marek, <em>Jelent\u00e9s a hat\u00e1rokon \u00e1tny\u00fal\u00f3 egy\u00fcttm\u0171k\u00f6d\u00e9sr\u0151l 1990-1998. A fejleszt\u00e9si koncepci\u00f3r\u00f3l<\/em>, Przemy\u015bl 1997<\/li><li>Kuchci\u0144ski Marek, <em>Helyi demokr\u00e1cia. A lengyel-ukr\u00e1n hat\u00e1ron \u00e1tny\u00fal\u00f3 egy\u00fcttm\u0171k\u00f6d\u00e9s keret\u00e9ben a civil t\u00e1rsadalom \u00e9p\u00edt\u00e9s\u00e9r\u0151l sz\u00f3l\u00f3 program<\/em>, DEM LOK, Przemy\u015bl 1997<\/li><li>Kuchci\u0144ski Marek, <em>Kultur\u00e1lis \u00e9s term\u00e9szeti \u00f6r\u00f6ks\u00e9g. A kiemelked\u0151 m\u0171eml\u00e9ki \u00e9s term\u00e9szeti \u00e9rt\u00e9keket k\u00e9pvisel\u0151 kultur\u00e1lis javak v\u00e9delm\u00e9re \u00e9s kezel\u00e9s\u00e9re vonatkoz\u00f3 program<\/em>, Przemy\u015bl 1998<\/li><li>Kuchci\u0144ski Marek, <em>Term\u00e9szetv\u00e9delem a Podkarpatszkaja r\u00e9gi\u00f3ban<\/em>, \"Podkarpackie Almanach\", 2000<\/li><li>Marek Kuchci\u0144ski, <em>Polityka rozwoju regionalnego i jej wp\u0142yw na rozw\u00f3j Polski w UE [in:] Konwencja Ekonomiczna. Mez\u0151gazdas\u00e1g, vid\u00e9ki ter\u00fcletek, k\u00f6rnyezetv\u00e9delem, region\u00e1lis politika. Programt\u00e9zisek.<\/em>PIS Warszawa, 2004. december 12.<\/li><li>Kuchci\u0144ski Marek, <em>A b\u00fcrokr\u00e1cia, a k\u00f6zszolg\u00e1lat \u00e9s az \u00e1llami hum\u00e1ner\u0151forr\u00e1s patol\u00f3gi\u00e1i ellen a jog \u00e9s igazs\u00e1gszolg\u00e1ltat\u00e1s projektekben<\/em>, \"Rzeczpospolita\", 2006, 143. sz.<\/li><li>Kuchci\u0144ski Marek, Szczerski Krzysztof, <em>A K\u00e1rp\u00e1tok Eur\u00f3p\u00e1ja<\/em>, \"Rzeczpospolita\", 2011, 207. sz.<\/li><li>Kuchci\u0144ski Marek, <em>A Lengyel K\u00f6zt\u00e1rsas\u00e1g Szejmj\u00e9nek eln\u00f6k\u00e9nek megeml\u00e9kez\u0151 levele a liche\u0144i h\u00e1laad\u00e1s alkalm\u00e1b\u00f3l (2016. szeptember 10.)<\/em>, \"Ephemerides Marianorum. T\u00f6rt\u00e9nelmi \u00e9s teol\u00f3giai tanulm\u00e1nyok\" 2017, 6. r.<\/li><li>Kuchci\u0144ski Marek,<em> Ugyanazok\u00e9rt az \u00e9rt\u00e9kek\u00e9rt, a szabadsag\u00e9rt harcoltunk<\/em>, [in:] A szabad K\u00f6z\u00e9p-Eur\u00f3pa multja \u00e9s j\u00f6voje, METEM (Magyar Egyh\u00e1zt\u00f6rt\u00e9neti Enciklop\u00e9dia Munkak\u00f6z\u00f6ss\u00e9g), Budapest 2017<\/li><li>Kuchci\u0144ski Marek, <em>A lengyels\u00e9g demokr\u00e1cia \u00e9s szabads\u00e1g<\/em>, \"Networks\", 2018. j\u00falius 2.<\/li><li>Kuchci\u0144ski Marek, <em>A Lengyel K\u00f6zt\u00e1rsas\u00e1g parlamentarizmus\u00e1nak 550. \u00e9vfordul\u00f3ja<\/em>, \"A korok mes\u00e9i\", 2018, 1. sz.<\/li><li>Kuchci\u0144ski Marek, <em>K\u00fcl\u00f6nb\u00f6zni, tiszteletben tartva<\/em>, \"The Sunday Visitor\", 2018<\/li><li>Kuchci\u0144ski Marek, 2019. febru\u00e1r 10-i besz\u00e9d, \"Sejm Chronicle\", 2019. febru\u00e1r, 77. sz.<\/li><li>Kuchci\u0144ski Marek, <em>A Lublini Uni\u00f3 n\u00e9lk\u00fcl nem l\u00e9tezne Eur\u00f3pai Uni\u00f3.<\/em>, The Parliamentary Chronicle, 2019. m\u00e1rcius, 78. sz.<\/li><li>Kuchci\u0144ski Marek, <em>Azt mondj\u00e1k, t\u00fal liber\u00e1lis vagyok, <\/em>interj\u00fa: \"Sieci\", 2019. \u00e1prilis 15-22., 15. sz\u00e1m<\/li><li>Marek Kuchci\u0144ski, <em>felv\u00e9tel:<\/em> <em>A kultur\u00e1lis padl\u00e1s - reprint, <\/em>Muzeum Narodowe Ziemi Przemyskiej, Przemy\u015bl 2019<\/li><\/ul>\n\n\n\n<p><strong>Vybran\u00e9 publik\u00e1cie vydavate\u013estva Po\u013esk\u00e9ho sejmu v rokoch 2016 - 2019, vr\u00e1tane prol\u00f3gov alebo \u010dl\u00e1nkov mar\u0161\u00e1lka Po\u013esk\u00e9ho sejmu Marek Kuchci\u0144sk\u00e9ho<\/strong><\/p>\n\n\n\n<ul class=\"wp-block-list\"><li><em>A kereszt\u00e9nys\u00e9g Lengyelorsz\u00e1g \u00e9s a lengyelek t\u00f6rt\u00e9net\u00e9ben 966-2016<\/em>, Vars\u00f3 2016 (2. kiad\u00e1s 2018)<\/li><li><em>A kereszt\u00e9nys\u00e9g Lengyelorsz\u00e1g \u00e9s a lengyelek t\u00f6rt\u00e9net\u00e9ben 966-2016<\/em>, Vars\u00f3 2016 (2. kiad\u00e1s 2018)<\/li><li>Waldemar Paruch, <em>A K\u00e1rp\u00e1tok Eur\u00f3p\u00e1ja<\/em>, Vars\u00f3 2016<\/li><li>Kondracka Mariola,<em> A m\u00e1sodik Lengyel K\u00f6zt\u00e1rsas\u00e1g n\u0151i k\u00e9pvisel\u0151i \u00e9s szen\u00e1torai<\/em>, Vars\u00f3 2017<\/li><li>Luksa Katarzyna, <em>Gabriela Balicka (1867-1962). Politikai, t\u00e1rsadalmi, tudom\u00e1nyos \u00e9s oktat\u00e1si tev\u00e9kenys\u00e9g<\/em>, Vars\u00f3 2017<\/li><li><em>K\u00e1rp\u00e1ti Eur\u00f3pa. Az egy\u00fcttm\u0171k\u00f6d\u00e9s t\u00e9m\u00e1ja<\/em>, Vars\u00f3 2017<\/li><li><em>A K\u00e1rp\u00e1tok Eur\u00f3p\u00e1ja. Egy\u00fcttm\u0171k\u00f6d\u00e9s<\/em>, Vars\u00f3 2017<\/li><li><em>A visegr\u00e1di csoport lengyel eln\u00f6ks\u00e9ge (2016. j\u00falius 1. - 2017. j\u00fanius 30.),<\/em> Vars\u00f3 2017<\/li><li><em>A visegr\u00e1di csoport lengyel eln\u00f6ks\u00e9ge (2016. j\u00falius - 2017. j\u00fanius)<\/em>, Vars\u00f3 2017<\/li><li><em>A visegr\u00e1di egy\u00fcttm\u0171k\u00f6d\u00e9s lengyel eln\u00f6ks\u00e9ge (2016 j\u00falius - 2017 j\u00fanius)<\/em>, Vars\u00f3 2017<\/li><li><em>Polsk\u00e9 p\u0159edsednictv\u00ed visegr\u00e1dsk\u00e9 skupiny (\u010dervenec 2016 - \u010derven 2017)<\/em>, Vars\u00f3 2017<\/li><li><em>Po\u013esk\u00e9 predsedn\u00edctvo vo vy\u0161ehradskej skupine (2016 j\u00faliusa - 2017 j\u00faniusa)<\/em>, Vars\u00f3 2017<\/li><li><em>Marek Kuchcinski, a Lengyel K\u00f6zt\u00e1rsas\u00e1g Szejmj\u00e9nek eln\u00f6ke l\u00e1togat\u00e1sa Litv\u00e1ni\u00e1ban Litv\u00e1nia megkeresztel\u00e9s\u00e9nek 630. \u00e9vfordul\u00f3ja alkalm\u00e1b\u00f3l: 2017. szeptember 26.<\/em>, Vars\u00f3 2017<\/li><li><em>A Szolidarit\u00e1s alkotm\u00e1nya<\/em>, Vars\u00f3 2018<\/li><li><em>Szejm kr\u00f3nika<\/em>, Vars\u00f3 2015-2019<\/li><li><em>A b\u00e1tors\u00e1g v\u00e1rosa. Przemysl a f\u00fcggetlens\u00e9g visszanyer\u00e9s\u00e9nek 100. \u00e9vfordul\u00f3j\u00e1n<\/em>, Vars\u00f3 - Przemy\u015bl 2018<\/li><li><em>K\u00e1rp\u00e1ti Eur\u00f3pa. \u00d6r\u00f6ks\u00e9g \u00e9s j\u00f6v\u0151<\/em>, Vars\u00f3 2018<\/li><li><em>A K\u00e1rp\u00e1tok Eur\u00f3p\u00e1ja. \u00d6r\u00f6ks\u00e9g \u00e9s j\u00f6v\u0151<\/em>, Vars\u00f3 2018<\/li><li>Draus Jan, Szymanowski Maciej, <em>\u00c9l\u0151 f\u00e1kly\u00e1k<\/em>, Vars\u00f3 2018<\/li><li>Draus Jan, Szymanowski Maciej, <em>\u00c9l\u0151 f\u00e1kly\u00e1k<\/em>, Vars\u00f3 2018<\/li><li>Kupisz Dariusz, <em>Piotrk\u00f3wb\u00f3l Vars\u00f3ba. A lengyel k\u00e9tkamar\u00e1s szejm 550. \u00e9vfordul\u00f3ja<\/em>, Vars\u00f3 2018<\/li><li>Wierzbicka Bo\u017cena, <em>Szejm \u00e9p\u00fcletek \u00e9s bels\u0151 terek Lengyelorsz\u00e1gban<\/em>, Vars\u00f3 2018<\/li><li><em>A K\u00e1rp\u00e1tok Eur\u00f3p\u00e1ja: valami az egy\u00fcttm\u0171k\u00f6d\u00e9sr\u0151l, <\/em>2. kiad\u00e1s, Vars\u00f3 2019<\/li><li>Godek S\u0142awomir, <em>A nemzetk\u00f6z\u00f6ss\u00e9g \u00fajj\u00e1sz\u00fclet\u00e9s\u00e9r\u0151l. A Nemzetk\u00f6z\u00f6ss\u00e9g \u00fajj\u00e1sz\u00fclet\u00e9se<\/em>, Vars\u00f3 2018<\/li><li>Kornat Marek, Uruszczak W., <em>A Lengyel K\u00f6zt\u00e1rsas\u00e1g parlamentarizmus\u00e1nak 550 \u00e9ve<\/em>, Vars\u00f3 2019<\/li><li>Kornat Marek, Uruszczak W., <em>A lengyel parlamentarizmus 550 \u00e9ve<\/em>, Vars\u00f3 2019<\/li><li><em>A M\u00e1sodik Lengyel K\u00f6zt\u00e1rsas\u00e1g Szejmj\u00e9nek marsalljai<\/em>, Vars\u00f3 2019<\/li><li>Tusinski Piotr A., <em>A Lengyel K\u00f6zt\u00e1rsas\u00e1g T\u00f6rv\u00e9nyhoz\u00f3 Gy\u0171l\u00e9se 1919-1922<\/em>, Vars\u00f3 2019<\/li><li><em>K\u00e1rp\u00e1taljai Eur\u00f3pa Konferencia, Krasiczyn kast\u00e9ly 2019. febru\u00e1r 16-17.<\/em>, Vars\u00f3 2019<\/li><li><em>A k\u00f6z\u00e9p- \u00e9s kelet-eur\u00f3pai parlamenti eln\u00f6k\u00f6k 4. cs\u00facstal\u00e1lkoz\u00f3ja. #EUROWAW 2019<\/em>, Vars\u00f3 2019<\/li><li><em>\u00c1llhatatos. Ignecy Tokarczuk \u00e9rsek atya eml\u00e9k\u00e9re sz\u00fclet\u00e9s\u00e9nek 100. \u00e9vfordul\u00f3j\u00e1n<\/em>, szerkesztette Jan Musia\u0142, Vars\u00f3 2019<\/li><li><em>A berlini fal leoml\u00e1sa el\u0151tt. Magyarorsz\u00e1g, Csehszlov\u00e1kia \u00e9s Lengyelorsz\u00e1g a kommunista NDK-b\u00f3l menek\u00fcl\u0151kkel szemben 1989-ben<\/em>., szerk. Jan Draus, Maciej Szymanowski, Vars\u00f3 2019<\/li><\/ul>\n\n\n\n<p><strong>Marek Kuchcinski csal\u00e1dj\u00e1r\u00f3l<\/strong><\/p>\n\n\n\n<ul class=\"wp-block-list\"><li>Janicki Jerzy, <em>Veter\u00e1nok T\u00e1rsas\u00e1ga. Lvov \u00e1b\u00e9c\u00e9 2<\/em>, BGW, Vars\u00f3 1994<\/li><li>Judycka Agata, Judycki Zbigniew, <em>Lengyelek Franciaorsz\u00e1gban. T\u00f6rt\u00e9nelem \u00e9s jelen. A lengyel \u00e9letrajzi tanulm\u00e1nyok 8. nemzetk\u00f6zi szimp\u00f3zium\u00e1nak jegyz\u0151k\u00f6nyvei<\/em>, Stella-Plage, Vaudricourt, CAN, Vaudricourt-Warszawa-Kielce 2004<\/li><li>Judycki Zbigniew Andrzej,&nbsp;<em>Lengyel paps\u00e1g a vil\u00e1gban. \u00c9letrajzi sz\u00f3t\u00e1r,<\/em> T. I, Jozef Siwek Szerkeszt\u0151i \u00e9letrajzi kalauz, Kielce 2008<\/li><li><em>Mieczys\u0142aw Kuchci\u0144ski OMI atya paps\u00e1g\u00e1nak aranyjubileuma<\/em>, Stella-Plage, Vaudricourt 2006<\/li><li>Judycka Agata, Judycki Zbigniew, <em>Lengyel obl\u00e1tusok Franciaorsz\u00e1gban, Belgiumban \u00e9s Luxemburgban. A M\u00e1ria Szepl\u0151telen Obl\u00e1tus Misszion\u00e1riusai Kongreg\u00e1ci\u00f3 lengyel alprovinci\u00e1j\u00e1nak 60 \u00e9ve Franciaorsz\u00e1gban, Belgiumban \u00e9s Luxemburgban.<\/em>, \"S-CAN\" Kiad\u00f3, Vaudricourt-Warsaw-Tarn\u00f3w 2006<\/li><li>Milewski Marian Micha\u0142, Fekete. <em>A vars\u00f3i felkel\u00e9s eml\u00e9kei<\/em>, [strojopis].<\/li><li>Pielorz J\u00f3zef OMI, <em>Lengyel obl\u00e1tusok Nyugat-Eur\u00f3p\u00e1ban 1905-2010. A M\u00e1ria Szepl\u0151telen Obl\u00e1tusok lelkip\u00e1sztori munk\u00e1j\u00e1nak t\u00f6rt\u00e9nete N\u00e9metorsz\u00e1gban, Franciaorsz\u00e1gban, Belgiumban, Hollandi\u00e1ban, Luxemburgban \u00e9s Nagy-Britanni\u00e1ban.<\/em>, Adam Mickiewicz Egyetem. Teol\u00f3giai Kar, Pozna\u0144 2012<\/li><\/ul>","protected":false},"excerpt":{"rendered":"<p>Marek Kuchci\u0144ski 1955. augusztus 9-\u00e9n sz\u00fcletett Przemy\u015bl v\u00e1ros\u00e1ban. Zmaturoval na 1. v\u0161eobecnom gymn\u00e1ziu J. S\u0142owack\u00e9ho v Przemy\u015bl. V rokoch 1974 - 1978 \u0161tudoval dejiny umenia na Lubelskej katol\u00edckej univerzite. V roku 1978 ukon\u010dil pomaturitn\u00e9 \u0161t\u00fadium v odbore z\u00e1hradn\u00edctvo. V 80. rokoch v m\u011bsto Przemy\u015bl organizoval nez\u00e1visl\u00e9 kult\u00farne prostredie, samizdatovo vyd\u00e1val a redigoval \u0161tvr\u0165ro\u010dn\u00edk [...].<\/p>","protected":false},"author":17,"featured_media":0,"comment_status":"open","ping_status":"open","sticky":false,"template":"","format":"standard","meta":{"ngg_post_thumbnail":0,"footnotes":""},"categories":[179],"tags":[],"class_list":["post-19439","post","type-post","status-publish","format-standard","hentry","category-slovensky"],"yoast_head":"<!-- This site is optimized with the Yoast SEO plugin v24.7 - https:\/\/yoast.com\/wordpress\/plugins\/seo\/ -->\n<title>\u017dIVOTOPIS &#8211; Marek Kuchci\u0144ski<\/title>\n<meta name=\"robots\" content=\"index, follow, max-snippet:-1, max-image-preview:large, max-video-preview:-1\" \/>\n<link rel=\"canonical\" href=\"https:\/\/marekkuchcinski.pl\/hu\/biografia\/slovensky\/zivotopis\/\" \/>\n<meta property=\"og:locale\" content=\"hu_HU\" \/>\n<meta property=\"og:type\" content=\"article\" \/>\n<meta property=\"og:title\" content=\"\u017dIVOTOPIS &#8211; Marek Kuchci\u0144ski\" \/>\n<meta property=\"og:description\" content=\"Marek Kuchci\u0144ski sa narodil 9. augusta 1955 v meste Przemy\u015bl. Zmaturoval na 1. v\u0161eobecnom gymn\u00e1ziu J. S\u0142owack\u00e9ho v Przemy\u015blu. V rokoch 1974 \u2013 1978 \u0161tudoval dejiny umenia na Lubelskej katol\u00edckej univerzite. V roku 1978 ukon\u010dil pomaturitn\u00e9 \u0161t\u00fadium v odbore z\u00e1hradn\u00edctvo. V 80. rokoch v meste Przemy\u015bl organizoval nez\u00e1visl\u00e9 kult\u00farne prostredie, samizdatovo vyd\u00e1val a redigoval \u0161tvr\u0165ro\u010dn\u00edk [&hellip;]\" \/>\n<meta property=\"og:url\" content=\"https:\/\/marekkuchcinski.pl\/hu\/biografia\/slovensky\/zivotopis\/\" \/>\n<meta property=\"og:site_name\" content=\"Marek Kuchci\u0144ski\" \/>\n<meta property=\"article:published_time\" content=\"2020-07-29T19:17:39+00:00\" \/>\n<meta property=\"article:modified_time\" content=\"2020-07-29T19:17:40+00:00\" \/>\n<meta property=\"og:image\" content=\"https:\/\/marekkuchcinski.pl\/wp-content\/uploads\/2022\/09\/Marek.jpg\" \/>\n\t<meta property=\"og:image:width\" content=\"1600\" \/>\n\t<meta property=\"og:image:height\" content=\"971\" \/>\n\t<meta property=\"og:image:type\" content=\"image\/jpeg\" \/>\n<meta name=\"author\" content=\"Tomasz \u0141acina\" \/>\n<meta name=\"twitter:card\" content=\"summary_large_image\" \/>\n<meta name=\"twitter:label1\" content=\"Szerz\u0151:\" \/>\n\t<meta name=\"twitter:data1\" content=\"Tomasz \u0141acina\" \/>\n\t<meta name=\"twitter:label2\" content=\"Becs\u00fclt olvas\u00e1si id\u0151\" \/>\n\t<meta name=\"twitter:data2\" content=\"11 perc\" \/>\n<script type=\"application\/ld+json\" class=\"yoast-schema-graph\">{\"@context\":\"https:\/\/schema.org\",\"@graph\":[{\"@type\":\"Article\",\"@id\":\"https:\/\/marekkuchcinski.pl\/biografia\/slovensky\/zivotopis\/#article\",\"isPartOf\":{\"@id\":\"https:\/\/marekkuchcinski.pl\/biografia\/slovensky\/zivotopis\/\"},\"author\":{\"name\":\"Tomasz \u0141acina\",\"@id\":\"https:\/\/marekkuchcinski.pl\/#\/schema\/person\/b8a29fe7813098f7be78801d029910a7\"},\"headline\":\"\u017dIVOTOPIS\",\"datePublished\":\"2020-07-29T19:17:39+00:00\",\"dateModified\":\"2020-07-29T19:17:40+00:00\",\"mainEntityOfPage\":{\"@id\":\"https:\/\/marekkuchcinski.pl\/biografia\/slovensky\/zivotopis\/\"},\"wordCount\":2260,\"commentCount\":0,\"publisher\":{\"@id\":\"https:\/\/marekkuchcinski.pl\/#organization\"},\"articleSection\":[\"Slovensk\u00fd\"],\"inLanguage\":\"hu\",\"potentialAction\":[{\"@type\":\"CommentAction\",\"name\":\"Comment\",\"target\":[\"https:\/\/marekkuchcinski.pl\/biografia\/slovensky\/zivotopis\/#respond\"]}]},{\"@type\":\"WebPage\",\"@id\":\"https:\/\/marekkuchcinski.pl\/biografia\/slovensky\/zivotopis\/\",\"url\":\"https:\/\/marekkuchcinski.pl\/biografia\/slovensky\/zivotopis\/\",\"name\":\"\u017dIVOTOPIS &#8211; Marek Kuchci\u0144ski\",\"isPartOf\":{\"@id\":\"https:\/\/marekkuchcinski.pl\/#website\"},\"datePublished\":\"2020-07-29T19:17:39+00:00\",\"dateModified\":\"2020-07-29T19:17:40+00:00\",\"breadcrumb\":{\"@id\":\"https:\/\/marekkuchcinski.pl\/biografia\/slovensky\/zivotopis\/#breadcrumb\"},\"inLanguage\":\"hu\",\"potentialAction\":[{\"@type\":\"ReadAction\",\"target\":[\"https:\/\/marekkuchcinski.pl\/biografia\/slovensky\/zivotopis\/\"]}]},{\"@type\":\"BreadcrumbList\",\"@id\":\"https:\/\/marekkuchcinski.pl\/biografia\/slovensky\/zivotopis\/#breadcrumb\",\"itemListElement\":[{\"@type\":\"ListItem\",\"position\":1,\"name\":\"Strona g\u0142\u00f3wna\",\"item\":\"https:\/\/marekkuchcinski.pl\/\"},{\"@type\":\"ListItem\",\"position\":2,\"name\":\"\u017dIVOTOPIS\"}]},{\"@type\":\"WebSite\",\"@id\":\"https:\/\/marekkuchcinski.pl\/#website\",\"url\":\"https:\/\/marekkuchcinski.pl\/\",\"name\":\"Marek Kuchci\u0144ski\",\"description\":\"Pose\u0142 na sejm RP &ndash; okr\u0119g nr 22\",\"publisher\":{\"@id\":\"https:\/\/marekkuchcinski.pl\/#organization\"},\"potentialAction\":[{\"@type\":\"SearchAction\",\"target\":{\"@type\":\"EntryPoint\",\"urlTemplate\":\"https:\/\/marekkuchcinski.pl\/?s={search_term_string}\"},\"query-input\":{\"@type\":\"PropertyValueSpecification\",\"valueRequired\":true,\"valueName\":\"search_term_string\"}}],\"inLanguage\":\"hu\"},{\"@type\":\"Organization\",\"@id\":\"https:\/\/marekkuchcinski.pl\/#organization\",\"name\":\"Marek Kuchci\u0144ski\",\"url\":\"https:\/\/marekkuchcinski.pl\/\",\"logo\":{\"@type\":\"ImageObject\",\"inLanguage\":\"hu\",\"@id\":\"https:\/\/marekkuchcinski.pl\/#\/schema\/logo\/image\/\",\"url\":\"https:\/\/marekkuchcinski.pl\/wp-content\/uploads\/2022\/09\/Marek.jpg\",\"contentUrl\":\"https:\/\/marekkuchcinski.pl\/wp-content\/uploads\/2022\/09\/Marek.jpg\",\"width\":1600,\"height\":971,\"caption\":\"Marek Kuchci\u0144ski\"},\"image\":{\"@id\":\"https:\/\/marekkuchcinski.pl\/#\/schema\/logo\/image\/\"}},{\"@type\":\"Person\",\"@id\":\"https:\/\/marekkuchcinski.pl\/#\/schema\/person\/b8a29fe7813098f7be78801d029910a7\",\"name\":\"Tomasz \u0141acina\",\"image\":{\"@type\":\"ImageObject\",\"inLanguage\":\"hu\",\"@id\":\"https:\/\/marekkuchcinski.pl\/#\/schema\/person\/image\/\",\"url\":\"https:\/\/secure.gravatar.com\/avatar\/22e75f6c51aff77a676ed77dd222f852?s=96&d=mm&r=g\",\"contentUrl\":\"https:\/\/secure.gravatar.com\/avatar\/22e75f6c51aff77a676ed77dd222f852?s=96&d=mm&r=g\",\"caption\":\"Tomasz \u0141acina\"},\"url\":\"https:\/\/marekkuchcinski.pl\/hu\/author\/tomek-lacina\/\"}]}<\/script>\n<!-- \/ Yoast SEO plugin. -->","yoast_head_json":{"title":"\u017dIVOTOPIS &#8211; Marek Kuchci\u0144ski","robots":{"index":"index","follow":"follow","max-snippet":"max-snippet:-1","max-image-preview":"max-image-preview:large","max-video-preview":"max-video-preview:-1"},"canonical":"https:\/\/marekkuchcinski.pl\/hu\/biografia\/slovensky\/zivotopis\/","og_locale":"hu_HU","og_type":"article","og_title":"\u017dIVOTOPIS &#8211; Marek Kuchci\u0144ski","og_description":"Marek Kuchci\u0144ski sa narodil 9. augusta 1955 v meste Przemy\u015bl. Zmaturoval na 1. v\u0161eobecnom gymn\u00e1ziu J. S\u0142owack\u00e9ho v Przemy\u015blu. V rokoch 1974 \u2013 1978 \u0161tudoval dejiny umenia na Lubelskej katol\u00edckej univerzite. V roku 1978 ukon\u010dil pomaturitn\u00e9 \u0161t\u00fadium v odbore z\u00e1hradn\u00edctvo. V 80. rokoch v meste Przemy\u015bl organizoval nez\u00e1visl\u00e9 kult\u00farne prostredie, samizdatovo vyd\u00e1val a redigoval \u0161tvr\u0165ro\u010dn\u00edk [&hellip;]","og_url":"https:\/\/marekkuchcinski.pl\/hu\/biografia\/slovensky\/zivotopis\/","og_site_name":"Marek Kuchci\u0144ski","article_published_time":"2020-07-29T19:17:39+00:00","article_modified_time":"2020-07-29T19:17:40+00:00","og_image":[{"width":1600,"height":971,"url":"https:\/\/marekkuchcinski.pl\/wp-content\/uploads\/2022\/09\/Marek.jpg","type":"image\/jpeg"}],"author":"Tomasz \u0141acina","twitter_card":"summary_large_image","twitter_misc":{"Szerz\u0151:":"Tomasz \u0141acina","Becs\u00fclt olvas\u00e1si id\u0151":"11 perc"},"schema":{"@context":"https:\/\/schema.org","@graph":[{"@type":"Article","@id":"https:\/\/marekkuchcinski.pl\/biografia\/slovensky\/zivotopis\/#article","isPartOf":{"@id":"https:\/\/marekkuchcinski.pl\/biografia\/slovensky\/zivotopis\/"},"author":{"name":"Tomasz \u0141acina","@id":"https:\/\/marekkuchcinski.pl\/#\/schema\/person\/b8a29fe7813098f7be78801d029910a7"},"headline":"\u017dIVOTOPIS","datePublished":"2020-07-29T19:17:39+00:00","dateModified":"2020-07-29T19:17:40+00:00","mainEntityOfPage":{"@id":"https:\/\/marekkuchcinski.pl\/biografia\/slovensky\/zivotopis\/"},"wordCount":2260,"commentCount":0,"publisher":{"@id":"https:\/\/marekkuchcinski.pl\/#organization"},"articleSection":["Slovensk\u00fd"],"inLanguage":"hu","potentialAction":[{"@type":"CommentAction","name":"Comment","target":["https:\/\/marekkuchcinski.pl\/biografia\/slovensky\/zivotopis\/#respond"]}]},{"@type":"WebPage","@id":"https:\/\/marekkuchcinski.pl\/biografia\/slovensky\/zivotopis\/","url":"https:\/\/marekkuchcinski.pl\/biografia\/slovensky\/zivotopis\/","name":"\u017dIVOTOPIS &#8211; Marek Kuchci\u0144ski","isPartOf":{"@id":"https:\/\/marekkuchcinski.pl\/#website"},"datePublished":"2020-07-29T19:17:39+00:00","dateModified":"2020-07-29T19:17:40+00:00","breadcrumb":{"@id":"https:\/\/marekkuchcinski.pl\/biografia\/slovensky\/zivotopis\/#breadcrumb"},"inLanguage":"hu","potentialAction":[{"@type":"ReadAction","target":["https:\/\/marekkuchcinski.pl\/biografia\/slovensky\/zivotopis\/"]}]},{"@type":"BreadcrumbList","@id":"https:\/\/marekkuchcinski.pl\/biografia\/slovensky\/zivotopis\/#breadcrumb","itemListElement":[{"@type":"ListItem","position":1,"name":"Strona g\u0142\u00f3wna","item":"https:\/\/marekkuchcinski.pl\/"},{"@type":"ListItem","position":2,"name":"\u017dIVOTOPIS"}]},{"@type":"WebSite","@id":"https:\/\/marekkuchcinski.pl\/#website","url":"https:\/\/marekkuchcinski.pl\/","name":"Marek Kuchci\u0144ski","description":"Pose\u0142 na sejm RP &ndash; okr\u0119g nr 22","publisher":{"@id":"https:\/\/marekkuchcinski.pl\/#organization"},"potentialAction":[{"@type":"SearchAction","target":{"@type":"EntryPoint","urlTemplate":"https:\/\/marekkuchcinski.pl\/?s={search_term_string}"},"query-input":{"@type":"PropertyValueSpecification","valueRequired":true,"valueName":"search_term_string"}}],"inLanguage":"hu"},{"@type":"Organization","@id":"https:\/\/marekkuchcinski.pl\/#organization","name":"Marek Kuchci\u0144ski","url":"https:\/\/marekkuchcinski.pl\/","logo":{"@type":"ImageObject","inLanguage":"hu","@id":"https:\/\/marekkuchcinski.pl\/#\/schema\/logo\/image\/","url":"https:\/\/marekkuchcinski.pl\/wp-content\/uploads\/2022\/09\/Marek.jpg","contentUrl":"https:\/\/marekkuchcinski.pl\/wp-content\/uploads\/2022\/09\/Marek.jpg","width":1600,"height":971,"caption":"Marek Kuchci\u0144ski"},"image":{"@id":"https:\/\/marekkuchcinski.pl\/#\/schema\/logo\/image\/"}},{"@type":"Person","@id":"https:\/\/marekkuchcinski.pl\/#\/schema\/person\/b8a29fe7813098f7be78801d029910a7","name":"Tomasz \u0141acina","image":{"@type":"ImageObject","inLanguage":"hu","@id":"https:\/\/marekkuchcinski.pl\/#\/schema\/person\/image\/","url":"https:\/\/secure.gravatar.com\/avatar\/22e75f6c51aff77a676ed77dd222f852?s=96&d=mm&r=g","contentUrl":"https:\/\/secure.gravatar.com\/avatar\/22e75f6c51aff77a676ed77dd222f852?s=96&d=mm&r=g","caption":"Tomasz \u0141acina"},"url":"https:\/\/marekkuchcinski.pl\/hu\/author\/tomek-lacina\/"}]}},"_links":{"self":[{"href":"https:\/\/marekkuchcinski.pl\/hu\/wp-json\/wp\/v2\/posts\/19439","targetHints":{"allow":["GET"]}}],"collection":[{"href":"https:\/\/marekkuchcinski.pl\/hu\/wp-json\/wp\/v2\/posts"}],"about":[{"href":"https:\/\/marekkuchcinski.pl\/hu\/wp-json\/wp\/v2\/types\/post"}],"author":[{"embeddable":true,"href":"https:\/\/marekkuchcinski.pl\/hu\/wp-json\/wp\/v2\/users\/17"}],"replies":[{"embeddable":true,"href":"https:\/\/marekkuchcinski.pl\/hu\/wp-json\/wp\/v2\/comments?post=19439"}],"version-history":[{"count":1,"href":"https:\/\/marekkuchcinski.pl\/hu\/wp-json\/wp\/v2\/posts\/19439\/revisions"}],"predecessor-version":[{"id":19440,"href":"https:\/\/marekkuchcinski.pl\/hu\/wp-json\/wp\/v2\/posts\/19439\/revisions\/19440"}],"wp:attachment":[{"href":"https:\/\/marekkuchcinski.pl\/hu\/wp-json\/wp\/v2\/media?parent=19439"}],"wp:term":[{"taxonomy":"category","embeddable":true,"href":"https:\/\/marekkuchcinski.pl\/hu\/wp-json\/wp\/v2\/categories?post=19439"},{"taxonomy":"post_tag","embeddable":true,"href":"https:\/\/marekkuchcinski.pl\/hu\/wp-json\/wp\/v2\/tags?post=19439"}],"curies":[{"name":"wp","href":"https:\/\/api.w.org\/{rel}","templated":true}]}}