{"id":19133,"date":"2020-04-15T14:56:00","date_gmt":"2020-04-15T12:56:00","guid":{"rendered":"https:\/\/marek2.rkartist.pl\/?p=19133"},"modified":"2020-08-07T17:25:31","modified_gmt":"2020-08-07T15:25:31","slug":"na-kresach-unii-glos-w-dyskusji-wita-wojtowicza","status":"publish","type":"post","link":"https:\/\/marekkuchcinski.pl\/hu\/europa-karpat\/europa-karpat-dyskusja\/na-kresach-unii-glos-w-dyskusji-wita-wojtowicza\/","title":{"rendered":"\"AZ UNI\u00d3 HAT\u00c1RAIN\" - a Wit Wojtowicz \u00e1ltal vezetett vit\u00e1ban val\u00f3 r\u00e9szv\u00e9tel"},"content":{"rendered":"<figure class=\"wp-block-image size-large\"><img fetchpriority=\"high\" decoding=\"async\" width=\"1024\" height=\"545\" src=\"https:\/\/marekkuchcinski.pl\/wp-content\/uploads\/2020\/07\/AAB8294-1024x545.jpg\" alt=\"\" class=\"wp-image-19134\" srcset=\"https:\/\/marekkuchcinski.pl\/wp-content\/uploads\/2020\/07\/AAB8294-1024x545.jpg 1024w, https:\/\/marekkuchcinski.pl\/wp-content\/uploads\/2020\/07\/AAB8294-300x160.jpg 300w, https:\/\/marekkuchcinski.pl\/wp-content\/uploads\/2020\/07\/AAB8294-768x408.jpg 768w, https:\/\/marekkuchcinski.pl\/wp-content\/uploads\/2020\/07\/AAB8294.jpg 1181w\" sizes=\"(max-width: 1024px) 100vw, 1024px\" \/><figcaption>M\u00fazeum - Lancut-i kast\u00e9ly<\/figcaption><\/figure>\n\n\n\n<p class=\"has-medium-font-size\">&nbsp;&nbsp;&nbsp;&nbsp;&nbsp;&nbsp;&nbsp;&nbsp;&nbsp; <em>Az al\u00e1bbiakban t\u00e1rgyalt tervezet felt\u00e9telez\u00e9seit 2018. szeptember 25-\u00e9n ismertettem a K\u00f6z\u00e9p-eur\u00f3pai Kezdem\u00e9nyez\u00e9s Parlamenti K\u00f6zgy\u0171l\u00e9se Gazdas\u00e1gi \u00dcgyek \u00c1ltal\u00e1nos Bizotts\u00e1g\u00e1nak \u00fcl\u00e9s\u00e9n a Szejmben.&nbsp;<a href=\"https:\/\/youtu.be\/lRsqjmYg8LM\">https:\/\/youtu.be\/lRsqjmYg8LM<\/a>. A tal\u00e1lkoz\u00f3 egyik t\u00e9m\u00e1ja a Via Carpatia k\u00f6z\u00fati projekt volt. Ez egy \u00faj k\u00f6zleked\u00e9si \u00fatvonal, amely d\u00e9lr\u0151l \u00e9szakra vezet, k\u00f6z\u00f6s kultur\u00e1lis \u00e9s t\u00f6rt\u00e9nelmi gy\u00f6kerekkel rendelkez\u0151 orsz\u00e1gokon kereszt\u00fcl, amelyek \u00e9vekig a Szovjetuni\u00f3 befoly\u00e1si \u00f6vezet\u00e9ben maradtak. Az Eur\u00f3pai Uni\u00f3 keleti hat\u00e1ra ment\u00e9n h\u00faz\u00f3dik, \u00e9s nemcsak a gazdas\u00e1got, hanem a kultur\u00e1lis \u00f6r\u00f6ks\u00e9g region\u00e1lis soksz\u00edn\u0171s\u00e9g\u00e9t is er\u0151s\u00edtenie \u00e9s t\u00e1mogatnia kell. Ez a V4-orsz\u00e1gok 2016. X. 14-i \u0141a\u0144cut tal\u00e1lkoz\u00f3j\u00e1nak t\u00e9m\u00e1j\u00e1ra \u00e9p\u00fcl, amikor az eln\u00f6k\u00f6k meg\u00e1llapodtak abban, hogy \"Eur\u00f3pa mindenekel\u0151tt a kult\u00far\u00e1r\u00f3l sz\u00f3l\". Nemcsak a nemzeti kult\u00far\u00e1k meg\u0151rz\u00e9s\u00e9r\u0151l, hanem mindenekel\u0151tt azok fejleszt\u00e9s\u00e9r\u0151l van sz\u00f3.<\/em><\/p>\n\n\n\n<p class=\"has-medium-font-size\">&nbsp;&nbsp;&nbsp;&nbsp;&nbsp;&nbsp;&nbsp;&nbsp;&nbsp;&nbsp;&nbsp; <em>A fent eml\u00edtett terv megval\u00f3s\u00edt\u00e1sa mellett sz\u00e1mos rendezv\u00e9nyt kell szervezni az Eur\u00f3pa ezen r\u00e9sz\u00e9n fekv\u0151 orsz\u00e1gok kult\u00far\u00e1j\u00e1nak \u00e9s m\u0171v\u00e9szet\u00e9nek n\u00e9pszer\u0171s\u00edt\u00e9s\u00e9re \"ABC Trimarium\" c\u00edmmel (ahol az \"a\", \"b\" \u00e9s \"c\" a tengerek nev\u00e9nek els\u0151 bet\u0171it jelenti lengyel\u00fcl: Adria, Balti-tenger \u00e9s Fekete-tenger). Ez a h\u00e1rom morvaorsz\u00e1gi orsz\u00e1gok kult\u00far\u00e1j\u00e1val \u00e9s m\u0171v\u00e9szet\u00e9vel val\u00f3 tal\u00e1lkoz\u00e1sok ciklusa lenne, amely fot\u00f3ki\u00e1ll\u00edt\u00e1sok, filmek, sz\u00ednh\u00e1z, zene, valamint a kult\u00fara \u00e9s a tudom\u00e1ny embereivel val\u00f3 tal\u00e1lkoz\u00e1sok bemutat\u00e1s\u00e1val p\u00e1rosulna. Mindez - v\u00e9lem\u00e9nyem szerint - j\u00f3 \u00e9s elegend\u0151 \"\u00fcr\u00fcgy\" arra, hogy el\u0151k\u00e9sz\u00edts\u00e9k a kultur\u00e1lis (\u00e9s tal\u00e1n az idegenforgalmi?) miniszterek nemzetk\u00f6zi tal\u00e1lkoz\u00f3j\u00e1t \u0141a\u0144cutban (sic!).<\/em><\/p>\n\n\n\n<p class=\"has-medium-font-size\">&nbsp;&nbsp;&nbsp;&nbsp;&nbsp;&nbsp;&nbsp;&nbsp;&nbsp;&nbsp;&nbsp; <em>Hatalmas \u00f6r\u00f6mmel fogadtuk a k\u00f6zelm\u00faltban, 2019. \u00e1prilis 17-\u00e9n Lancutban megrendezett Via Carpatia tal\u00e1lkoz\u00f3t, hogy lehet\u0151s\u00e9get kaptunk arra, hogy r\u00e9szt vegy\u00fcnk ezeken a t\u00f6rt\u00e9nelmi esem\u00e9nyeken. Lech Kaczy\u0144ski professzor, a Lengyel K\u00f6zt\u00e1rsas\u00e1g eln\u00f6k\u00e9nek gy\u00f6ny\u00f6r\u0171 szavai, amelyeket 2006-ban \u0141a\u0144cutban mondott, k\u00f6teleznek benn\u00fcnket. Nagyon szeretn\u00e9nk teljes\u00edteni ezeket a k\u00edv\u00e1ns\u00e1gokat.<\/em><\/p>\n\n\n\n<figure class=\"wp-block-image size-large\"><img decoding=\"async\" width=\"658\" height=\"1024\" src=\"https:\/\/marekkuchcinski.pl\/wp-content\/uploads\/2020\/07\/Korytarz-Via-Carpatia-658x1024.jpg\" alt=\"\" class=\"wp-image-19135\" srcset=\"https:\/\/marekkuchcinski.pl\/wp-content\/uploads\/2020\/07\/Korytarz-Via-Carpatia-658x1024.jpg 658w, https:\/\/marekkuchcinski.pl\/wp-content\/uploads\/2020\/07\/Korytarz-Via-Carpatia-193x300.jpg 193w, https:\/\/marekkuchcinski.pl\/wp-content\/uploads\/2020\/07\/Korytarz-Via-Carpatia-768x1195.jpg 768w, https:\/\/marekkuchcinski.pl\/wp-content\/uploads\/2020\/07\/Korytarz-Via-Carpatia-987x1536.jpg 987w, https:\/\/marekkuchcinski.pl\/wp-content\/uploads\/2020\/07\/Korytarz-Via-Carpatia.jpg 1316w\" sizes=\"(max-width: 658px) 100vw, 658px\" \/><\/figure>\n\n\n\n<p class=\"has-medium-font-size\">&nbsp;&nbsp;&nbsp;&nbsp;&nbsp;&nbsp;&nbsp;&nbsp;&nbsp; <em>\u00dagy gondolom, hogy az \u00d6r\u00f6ks\u00e9g \u00fatvonala ment\u00e9n l\u00e9v\u0151 m\u00e1s int\u00e9zm\u00e9nyek egy\u00fcttm\u0171k\u00f6d\u00e9s\u00e9t tov\u00e1bb lehetne b\u0151v\u00edteni, bevonva egyetemeket, filharm\u00f3ni\u00e1kat, sz\u00ednh\u00e1zakat stb. Ez a nemzetk\u00f6zi egy\u00fcttm\u0171k\u00f6d\u00e9s nagyszer\u0171 terepe, \u00e9s egy\u00fattal lehet\u0151s\u00e9get teremt a kultur\u00e1lis \u00f6r\u00f6ks\u00e9g \u00e9s a kort\u00e1rs esem\u00e9nyek k\u00f6lcs\u00f6n\u00f6s megismer\u00e9s\u00e9re a kult\u00fara, a m\u0171v\u00e9szet \u00e9s a tudom\u00e1ny ter\u00fclet\u00e9n.<\/em><\/p>\n\n\n\n<p>&nbsp;&nbsp;&nbsp;&nbsp;&nbsp;&nbsp;&nbsp;&nbsp;&nbsp;&nbsp;<\/p>\n\n\n\n<p class=\"has-medium-font-size\">&nbsp;&nbsp;&nbsp;&nbsp;&nbsp;&nbsp;&nbsp;&nbsp;&nbsp; <em>Nagyon fontosak lehetnek a K\u00f6z\u00e9p- \u00e9s D\u00e9lkelet-Eur\u00f3pa orsz\u00e1gai k\u00f6z\u00f6tti k\u00f6lcs\u00f6n\u00f6s kapcsolatoknak \u00e9s k\u00f6tel\u00e9keknek a t\u00f6rt\u00e9nelem sor\u00e1n szentelt ciklikus szemin\u00e1riumok, bele\u00e9rtve t\u00f6rt\u00e9nelm\u00fck, szok\u00e1saik \u00e9s t\u00f6rt\u00e9nelmi f\u00f6ldrajzuk elemeit. Ezeket az egy- vagy t\u00f6bbnapos tev\u00e9kenys\u00e9geket kieg\u00e9sz\u00edtik az \"\u00d6r\u00f6ks\u00e9g-\u00fcnnepek\", amelyeket azoknak a feln\u0151tteknek sz\u00e1nnak, akik t\u00f6bbet szeretn\u00e9nek megtudni a H\u00e1romv\u00e1ros ter\u00fclet\u00e9t jelenleg alkot\u00f3 orsz\u00e1gok nemzeti identit\u00e1s\u00e1r\u00f3l. Ezeknek a tal\u00e1lkoz\u00e1soknak k\u00fcl\u00f6nb\u00f6z\u0151 id\u0151szakokb\u00f3l kell \u00e1llniuk, amelyeket egy adott t\u00e9m\u00e1nak \u00e9s annak az egyes orsz\u00e1gokban vagy egy adott m\u0171v\u00e9szeti vagy kultur\u00e1lis ter\u00fcleten val\u00f3 elt\u00e9r\u0151 meg\u00edt\u00e9l\u00e9s\u00e9nek szentelnek. Lehet\u0151s\u00e9g lesz tov\u00e1bb\u00e1 monografikus el\u0151ad\u00e1sok szervez\u00e9s\u00e9re, amelyek a h\u00e1romportug\u00e1l r\u00e9gi\u00f3 egyes orsz\u00e1gaiban tal\u00e1lhat\u00f3 eml\u00e9khelyeknek lesznek szentelve, mind topogr\u00e1fiai, mind metaforikus \u00e9rtelemben.<\/em><\/p>\n\n\n\n<p class=\"has-medium-font-size\">&nbsp;&nbsp;&nbsp;&nbsp;&nbsp;&nbsp;&nbsp;&nbsp;&nbsp;&nbsp;&nbsp;<em> Egy ilyen m\u00f3don fel\u00e9p\u00edtett program nem csak n\u00e9pszer\u0171s\u00edti ezeket az orsz\u00e1gokat, hanem seg\u00edthet az ott \u00e9l\u0151 n\u00e9pek k\u00f6z\u00f6tti kapcsolatok ki\u00e9p\u00edt\u00e9s\u00e9ben, a ter\u00fclethez val\u00f3 tartoz\u00e1s \u00e9rz\u00e9s\u00e9nek er\u0151s\u00edt\u00e9s\u00e9ben, a t\u00f6rt\u00e9nelem \u00e9s a hagyom\u00e1nyok folytonoss\u00e1g\u00e1nak tiszteletben tart\u00e1s\u00e1ban (nemzeti \u00e9s \u00e1llami \u00fcnnepek, a nagy esem\u00e9nyek helysz\u00edneinek \u00e9s a hozz\u00e1juk kapcsol\u00f3d\u00f3 h\u0151s\u00f6k eml\u00e9k\u00e9nek \u00e1pol\u00e1sa).<\/em><\/p>\n\n\n\n<p class=\"has-medium-font-size\">&nbsp;&nbsp;&nbsp;&nbsp;&nbsp;&nbsp;&nbsp;&nbsp;&nbsp;&nbsp;<em>&nbsp; A r\u00e9gi\u00f3 szinte valamennyi orsz\u00e1g\u00e1t \u00e9vekig leig\u00e1zt\u00e1k \u00e9s rabszolgasorba tasz\u00edtott\u00e1k. Egykor volt egy k\u00f6z\u00f6s ellens\u00e9g\u00fck, aki mindent megtett, hogy sz\u00e9tv\u00e1lassza \u0151ket - \u00e9s nagyon sok esetben (sajnos t\u00fal sok esetben) siker\u00fclt is neki. Ezen orsz\u00e1gok kollekt\u00edv identit\u00e1s\u00e1nak alapja a szabads\u00e1g, a szuverenit\u00e1s \u00e9s a f\u00fcggetlens\u00e9g ir\u00e1nti \u00e1lland\u00f3 v\u00e1gy. Legf\u0151bb ideje, hogy a j\u00f6v\u0151 \u00e9rdek\u00e9ben besz\u00e9lj\u00fcnk err\u0151l a neh\u00e9z m\u00faltr\u00f3l. Ezeket az orsz\u00e1gokat a kommunista diktat\u00fara elleni harc k\u00f6ti \u00f6ssze. \u00c1polni kell a szabads\u00e1got kiv\u00edv\u00f3k eml\u00e9k\u00e9t, \u00e9s be kell mutatni a szabads\u00e1gban bek\u00f6vetkezett v\u00e1ltoz\u00e1sokat. Minden megbesz\u00e9l\u00e9st a partnerek teljes tiszteletben tart\u00e1s\u00e1val kell lefolytatni. Term\u00e9szetesen a neh\u00e9z t\u00e9m\u00e1kat nem lehet elker\u00fclni, de a megold\u00e1si sz\u00e1nd\u00e9knak m\u00e1r a kezdetekt\u0151l fogva nyilv\u00e1nval\u00f3nak kell lennie. A c\u00e9l a megl\u00e9v\u0151 megosztotts\u00e1g lek\u00fczd\u00e9se, a nemzetek nagy \u00e9s er\u0151s k\u00f6z\u00f6ss\u00e9g\u00e9nek l\u00e9trehoz\u00e1sa a h\u00e1rommarokk\u00f3i t\u00e9rs\u00e9gben, valamint a szomsz\u00e9dos eur\u00f3pai orsz\u00e1gok egys\u00e9g\u00e9nek k\u00fcls\u0151 bemutat\u00e1sa. A legfontosabb sz\u00e1mukra a nemzeti szuverenit\u00e1sukat meg\u0151rz\u0151 \u00e1llamok k\u00f6z\u00f6ss\u00e9ge, amely a H\u00e1rom V\u00e1ros Uni\u00f3j\u00e1nak megteremt\u00e9s\u00e9r\u0151l \u00e1lmodik, amely er\u0151s \u00e9s fontos csoport lesz az Eur\u00f3pai Uni\u00f3ban.<\/em><\/p>\n\n\n\n<p class=\"has-medium-font-size\">&nbsp;&nbsp;&nbsp;&nbsp;&nbsp;&nbsp;&nbsp;&nbsp;&nbsp;<em>&nbsp;A j\u00f6v\u0151ben az A4-es aut\u00f3p\u00e1lya \u00e9s a Via Carpatia k\u00f6zel\u00e9ben tal\u00e1lhat\u00f3 Julin-i Vad\u00e1szkast\u00e9ly t\u00f6k\u00e9letes k\u00f6zponti helysz\u00edne lehet a H\u00e1romsz\u00e9kkel kapcsolatos tev\u00e9kenys\u00e9geknek. Minden lehet\u0151s\u00e9ge megvan arra, hogy k\u00fcl\u00f6nleges helly\u00e9 v\u00e1ljon, ahol \u00e1polj\u00e1k az emberek \u00e9s az orsz\u00e1g k\u00f6z\u00f6tti szoros kapcsolatot, amely kultur\u00e1lis egys\u00e9get jelent. Egy olyan hely, ahol a H\u00e1rom Marokk\u00f3i \u00d6r\u00f6ks\u00e9g \u00fatvonala ment\u00e9n fekv\u0151 orsz\u00e1gok akt\u00edv r\u00e9szv\u00e9tel\u00e9vel fel\u00e9bresztik \u00e9s \u00e1polj\u00e1k a r\u00e9gi\u00f3hoz val\u00f3 tartoz\u00e1s \u00e9rz\u00e9s\u00e9t, ahol ezen orsz\u00e1gok nemzeti kult\u00far\u00e1i egyenrang\u00faan mutatkoznak be, \u00e9s ahol Eur\u00f3pa e r\u00e9sz\u00e9nek k\u00f6z\u00f6ss\u00e9g\u00e9t \u00e1polj\u00e1k.<\/em><\/p>\n\n\n\n<figure class=\"wp-block-image size-large\"><img decoding=\"async\" width=\"1024\" height=\"682\" src=\"https:\/\/marekkuchcinski.pl\/wp-content\/uploads\/2020\/07\/AAB0454-1024x682.jpg\" alt=\"\" class=\"wp-image-19136\" srcset=\"https:\/\/marekkuchcinski.pl\/wp-content\/uploads\/2020\/07\/AAB0454-1024x682.jpg 1024w, https:\/\/marekkuchcinski.pl\/wp-content\/uploads\/2020\/07\/AAB0454-300x200.jpg 300w, https:\/\/marekkuchcinski.pl\/wp-content\/uploads\/2020\/07\/AAB0454-768x512.jpg 768w, https:\/\/marekkuchcinski.pl\/wp-content\/uploads\/2020\/07\/AAB0454.jpg 1181w\" sizes=\"(max-width: 1024px) 100vw, 1024px\" \/><figcaption>Az 1880-ban \u00e9p\u00fclt Potocki vad\u00e1szh\u00e1z Julinban.<\/figcaption><\/figure>\n\n\n\n<p class=\"has-medium-font-size\">&nbsp;&nbsp;&nbsp;&nbsp;&nbsp;&nbsp;&nbsp;&nbsp;&nbsp; <em>Az al\u00e1bbiakban engedj\u00e9k meg, hogy bemutassam 2018. szeptemberi besz\u00e9dem b\u0151v\u00edtett v\u00e1ltozat\u00e1t.<\/em><\/p>\n\n\n\n<p class=\"has-text-align-right\">&nbsp;&nbsp;&nbsp;&nbsp;&nbsp;&nbsp;&nbsp;&nbsp;&nbsp;&nbsp;&nbsp;&nbsp;&nbsp;&nbsp;&nbsp;&nbsp;&nbsp;&nbsp;&nbsp;&nbsp;&nbsp;&nbsp;&nbsp;&nbsp;&nbsp;&nbsp;&nbsp;&nbsp;&nbsp;&nbsp;&nbsp;&nbsp;&nbsp;&nbsp;&nbsp;&nbsp;&nbsp;&nbsp;&nbsp;&nbsp;&nbsp;&nbsp;&nbsp;&nbsp;&nbsp;&nbsp;&nbsp;&nbsp;&nbsp;&nbsp;&nbsp;&nbsp;&nbsp;&nbsp;&nbsp;&nbsp;&nbsp;&nbsp;&nbsp;&nbsp;&nbsp;&nbsp;&nbsp;&nbsp;&nbsp;&nbsp;&nbsp;&nbsp;&nbsp;&nbsp;&nbsp;&nbsp;&nbsp;&nbsp;&nbsp;&nbsp;&nbsp;&nbsp;&nbsp;&nbsp;&nbsp;&nbsp;&nbsp;&nbsp;&nbsp;&nbsp;&nbsp;&nbsp;&nbsp;&nbsp;&nbsp;&nbsp;&nbsp;&nbsp;&nbsp;&nbsp;&nbsp;&nbsp;&nbsp;&nbsp;&nbsp;&nbsp;&nbsp;&nbsp;&nbsp;&nbsp;&nbsp;&nbsp;&nbsp;&nbsp;&nbsp;&nbsp;&nbsp;&nbsp;&nbsp;&nbsp;&nbsp;&nbsp;&nbsp;&nbsp;&nbsp;&nbsp;&nbsp;&nbsp;&nbsp;&nbsp;&nbsp;&nbsp;&nbsp;&nbsp;&nbsp;&nbsp;&nbsp;&nbsp;&nbsp;&nbsp;&nbsp;&nbsp;&nbsp;&nbsp;&nbsp;&nbsp;&nbsp;&nbsp;&nbsp;&nbsp;&nbsp;&nbsp;&nbsp;&nbsp;&nbsp;&nbsp;&nbsp;&nbsp;&nbsp;&nbsp;&nbsp;&nbsp;&nbsp;&nbsp;&nbsp;&nbsp;&nbsp;&nbsp;&nbsp;&nbsp;&nbsp;&nbsp;&nbsp;&nbsp;&nbsp;&nbsp;&nbsp;&nbsp;&nbsp;&nbsp; &nbsp;&nbsp;&nbsp;&nbsp;&nbsp;&nbsp;&nbsp;&nbsp;&nbsp;&nbsp;&nbsp;&nbsp;&nbsp;&nbsp;&nbsp;&nbsp;&nbsp;&nbsp;&nbsp;&nbsp;&nbsp;&nbsp;&nbsp;&nbsp;&nbsp;&nbsp;&nbsp;&nbsp;&nbsp;&nbsp;&nbsp;&nbsp;&nbsp;&nbsp;&nbsp;&nbsp;&nbsp;&nbsp;&nbsp;&nbsp;&nbsp;&nbsp; Wit K. Wojtowicz<\/p>\n\n\n\n<p class=\"has-text-align-right\">A \u0141a\u0144cut-i V\u00e1rm\u00fazeum igazgat\u00f3ja<br>&nbsp;&nbsp;&nbsp;&nbsp;&nbsp;&nbsp;&nbsp;&nbsp;&nbsp;&nbsp;&nbsp;&nbsp;&nbsp;&nbsp;&nbsp;&nbsp;&nbsp;&nbsp;&nbsp;&nbsp;&nbsp;&nbsp;&nbsp; &nbsp;&nbsp;&nbsp;&nbsp;&nbsp;&nbsp;&nbsp;&nbsp;&nbsp;&nbsp;&nbsp;&nbsp;&nbsp;&nbsp;&nbsp;&nbsp;&nbsp;&nbsp;&nbsp;&nbsp;&nbsp;&nbsp;&nbsp;&nbsp;&nbsp;&nbsp;&nbsp;&nbsp;&nbsp;&nbsp;&nbsp;&nbsp;&nbsp;&nbsp;&nbsp;&nbsp;&nbsp;&nbsp;&nbsp;&nbsp;&nbsp;&nbsp;&nbsp;&nbsp;&nbsp;&nbsp;&nbsp;&nbsp;&nbsp; \u0141a\u0144cut, 2020. \u00e1prilis 10.<\/p>\n\n\n\n<p><\/p>\n\n\n\n<p class=\"has-text-align-center has-medium-font-size\"><strong>Via Carpatia - a kultur\u00e1lis \u00f6r\u00f6ks\u00e9g \u00fatja<\/strong><\/p>\n\n\n\n<p class=\"has-medium-font-size\">&nbsp;&nbsp;&nbsp;&nbsp;<\/p>\n\n\n\n<p class=\"has-medium-font-size\">&nbsp;&nbsp;&nbsp;&nbsp;&nbsp;&nbsp;&nbsp;&nbsp;&nbsp;<em>2006. okt\u00f3ber 27-\u00e9n a lancut-i kast\u00e9lyban egy nagyon fontos, sz\u00e1mos k\u00f6z\u00e9p-eur\u00f3pai orsz\u00e1g sz\u00e1m\u00e1ra nagy jelent\u0151s\u00e9g\u0171 tal\u00e1lkoz\u00f3ra ker\u00fclt sor.&nbsp;<br>Lengyelorsz\u00e1g kezdem\u00e9nyez\u00e9s\u00e9re Lancutban rendezt\u00e9k meg az \"Egy \u00fat - n\u00e9gy orsz\u00e1g\" nemzetk\u00f6zi konferenci\u00e1t.  A rendezv\u00e9nyt a n\u00e9hai Lech Kaczy\u0144ski professzor, Lengyelorsz\u00e1g eln\u00f6ke v\u00e9dn\u00f6ks\u00e9ge alatt tartott\u00e1k. A konferencia r\u00e9sztvev\u0151ihez int\u00e9zett besz\u00e9d\u00e9ben t\u00f6bbek k\u00f6z\u00f6tt a k\u00f6vetkez\u0151ket mondta <strong>... kiv\u00e1l\u00f3 \u00f6tlet, hogy ezt a konferenci\u00e1t itt, \u0141a\u0144cutban h\u00edvt\u00e1k \u00f6ssze, az egyik legszebb palot\u00e1ban, amelyet siker\u00fclt meg\u0151rizni. Legyen ez a \u0141a\u0144cut, amely a nagys\u00e1g szimb\u00f3luma, egyben a meg\u00e9rt\u00e9s szimb\u00f3luma is az orsz\u00e1gok k\u00f6z\u00f6tt, amelyek ma mindannyian az EU-ban, mindannyian a NATO-ban vannak...\".&nbsp;<\/strong><\/em> <em>Az eln\u00f6k jelenl\u00e9t\u00e9ben Magyarorsz\u00e1g, Litv\u00e1nia, Szlov\u00e1kia \u00e9s Lengyelorsz\u00e1g k\u00f6zleked\u00e9si miniszterei al\u00e1\u00edrt\u00e1k a Lancut-nyilatkozatot. A lengyel nemzetk\u00f6zi kezdem\u00e9nyez\u00e9s c\u00e9lja egy K\u00f6z\u00e9p- \u00e9s Kelet-Eur\u00f3pa sz\u00e1m\u00e1ra strat\u00e9giai jelent\u0151s\u00e9g\u0171 beruh\u00e1z\u00e1s megval\u00f3s\u00edt\u00e1sa, amely az al\u00e1bbi elnevez\u00e9ssel val\u00f3sul meg <strong>VIA CARPATIA<\/strong>. \u00daj, nagyon fontos \u00e9s jelent\u0151s \u00f6sszek\u00f6t\u0151 kapocs lesz \u00c9szak- \u00e9s D\u00e9l-Eur\u00f3pa k\u00f6z\u00f6tt. Eredetileg n\u00e9gy orsz\u00e1gon - Magyarorsz\u00e1gon, Szlov\u00e1ki\u00e1n, Litv\u00e1ni\u00e1n \u00e9s Lengyelorsz\u00e1gon - kellett volna \u00e1thaladnia. Az \u00faj tag\u00e1llamoknak az EU-hoz val\u00f3 csatlakoz\u00e1sa lehet\u0151s\u00e9get teremtett e projekt kiterjeszt\u00e9s\u00e9re. A 2010. okt\u00f3ber 22-\u00e9n \u0141a\u0144cutban tartott tal\u00e1lkoz\u00f3n Rom\u00e1nia, Bulg\u00e1ria \u00e9s G\u00f6r\u00f6gorsz\u00e1g csatlakozott ehhez a nemzetk\u00f6zi projekthez. Ez lehet\u0151s\u00e9get teremtett h\u00e9t orsz\u00e1g \u00e9s h\u00e1rom tenger \u00f6sszekapcsol\u00e1s\u00e1ra. A k\u00f6zleked\u00e9si \u00fatvonal megval\u00f3s\u00edt\u00e1sa szempontj\u00e1b\u00f3l egy m\u00e1sik fontos tal\u00e1lkoz\u00f3ra 2016. m\u00e1rcius 3-\u00e1n ker\u00fclt sor Vars\u00f3ban, amikor is al\u00e1\u00edrt\u00e1k a \u0141a\u0144cut II. nyilatkozatot.<\/em><\/p>\n\n\n\n<p><\/p>\n\n\n\n<figure class=\"wp-block-image size-large\"><img loading=\"lazy\" decoding=\"async\" width=\"640\" height=\"428\" src=\"https:\/\/marekkuchcinski.pl\/wp-content\/uploads\/2020\/07\/93189132_1581789841968307_4491767031124721664_n.jpg\" alt=\"\" class=\"wp-image-19137\" srcset=\"https:\/\/marekkuchcinski.pl\/wp-content\/uploads\/2020\/07\/93189132_1581789841968307_4491767031124721664_n.jpg 640w, https:\/\/marekkuchcinski.pl\/wp-content\/uploads\/2020\/07\/93189132_1581789841968307_4491767031124721664_n-300x201.jpg 300w\" sizes=\"(max-width: 640px) 100vw, 640px\" \/><figcaption>\"Egy \u00fat - n\u00e9gy orsz\u00e1g\" nemzetk\u00f6zi konferencia, Lech Kaczy\u0144ski eln\u00f6k \u00e9rkezik \u0141a\u0144cutba, 2006.X.27.<\/figcaption><\/figure>\n\n\n\n<p class=\"has-medium-font-size\">&nbsp;&nbsp;&nbsp;&nbsp;&nbsp;&nbsp;&nbsp;&nbsp;&nbsp; <em>2015-ben Andrzej Duda lengyel \u00e9s Kolinda Grabar-Kitarovi\u0107 horv\u00e1t eln\u00f6k kezdem\u00e9nyez\u00e9s\u00e9re l\u00e9trej\u00f6tt a h\u00e1romoldal\u00fa csoport. A csoport els\u0151 cs\u00facstal\u00e1lkoz\u00f3j\u00e1ra 2016 augusztus\u00e1ban Dubrovnikban, a m\u00e1sodikra pedig tavaly j\u00faliusban Vars\u00f3ban ker\u00fclt sor. A csoport egyik egy\u00fcttm\u0171k\u00f6d\u00e9si c\u00e9lja a Via Carpatia fejleszt\u00e9se is.<\/em><\/p>\n\n\n\n<p class=\"has-medium-font-size\">&nbsp;&nbsp;&nbsp;&nbsp;&nbsp;&nbsp;&nbsp;&nbsp;&nbsp; <em>2016. november 7-\u00e9n a lancut-i kast\u00e9lyban ker\u00fclt sor a Podkarpatszkaja r\u00e9gi\u00f3 marsallja, W\u0142adys\u0142aw Ortyl \u00e1ltal szervezett konferenci\u00e1ra \"A Lancut-i Nyilatkozat 10 \u00e9ve - Via Carpatia ma, kih\u00edv\u00e1sok a j\u00f6v\u0151re n\u00e9zve\" c\u00edmmel. Beata Szyd\u0142o minisztereln\u00f6k jelenl\u00e9t\u00e9ben al\u00e1\u00edrt\u00e1k az \"Egy\u00fcttm\u0171k\u00f6d\u00e9si meg\u00e1llapod\u00e1st a Via Carpatia tranzitfolyos\u00f3 meg\u00e9p\u00edt\u00e9s\u00e9r\u0151l\". Ez a k\u00f6z\u00fati sz\u00e1ll\u00edt\u00e1si \u00fatvonal az Eur\u00f3pai Uni\u00f3 keleti hat\u00e1ra ment\u00e9n vezet a litv\u00e1niai Klaiped\u00e1t\u00f3l Lengyelorsz\u00e1gon, Szlov\u00e1ki\u00e1n, Magyarorsz\u00e1gon \u00e9s Rom\u00e1ni\u00e1n kereszt\u00fcl (ahol el\u00e1gazik Konstanca fel\u00e9, majd Bulg\u00e1ri\u00e1n kereszt\u00fcl Sz\u00f3fi\u00e1ba, onnan pedig a g\u00f6r\u00f6gorsz\u00e1gi Szalonikiig). A Tri-Maritime kezdem\u00e9nyez\u00e9s l\u00e9trehoz\u00e1s\u00e1val a Tri-Maritime csoport k\u00f6vetkez\u0151 orsz\u00e1gai csatlakoztak ahhoz a h\u00e9t orsz\u00e1ghoz, amelyek az els\u0151 szakaszban t\u00e1rsalap\u00edt\u00f3k\u00e9nt r\u00e9szt vettek a Via Carpatia projektben: Horv\u00e1torsz\u00e1g, Szlov\u00e9nia, Ausztria, Csehorsz\u00e1g, \u00c9sztorsz\u00e1g \u00e9s Lettorsz\u00e1g. A tervezett tov\u00e1bbi el\u00e1gaz\u00e1soknak k\u00f6sz\u00f6nhet\u0151en ez az \u00fatvonal a j\u00f6v\u0151ben nemcsak a h\u00e1romportug\u00e1l r\u00e9gi\u00f3 valamennyi orsz\u00e1g\u00e1t, hanem D\u00e9lkelet- \u00e9s \u00c9szak-Eur\u00f3pa n\u00e9h\u00e1ny orsz\u00e1g\u00e1t is \u00f6sszek\u00f6ti majd.<\/em> <em>Sajnos a Via Carpathi\u00e1r\u00f3l a mai napig meglehet\u0151sen elterjedt az a felfog\u00e1s, hogy kiz\u00e1r\u00f3lag a k\u00fcl\u00f6nb\u00f6z\u0151 \u00e1ruk mozgat\u00e1s\u00e1ra szolg\u00e1l\u00f3 k\u00f6zleked\u00e9si \u00fatvonalk\u00e9nt tekint\u00fcnk r\u00e1. A nagyon er\u0151sen artikul\u00e1lt gazdas\u00e1gi sz\u00e1l mellett van egy m\u00e1sik, rendk\u00edv\u00fcl fontos sz\u00e1l is, b\u00e1r az hi\u00e1nyzik szinte minden, a Via kogn\u00edci\u00f3val kapcsolatos megfontol\u00e1sb\u00f3l. A Via Carpatia \u00edgy az Adria, a Balti-tenger \u00e9s a Fekete-tenger k\u00f6z\u00f6tt fekv\u0151 orsz\u00e1gok \u00f6r\u00f6ks\u00e9gi \u00fatvonal\u00e1v\u00e1 v\u00e1lik. Ez megteremti az alapot a k\u00f6vetkez\u0151 elnevez\u00e9shez <strong>A H\u00e1rom-tengeri \u00f6r\u00f6ks\u00e9g \u00fatvonala, vagy - VIA HAEREDITATIS TRIMARIUM<\/strong>.<\/em> <em>Ez a program nem csak n\u00e9pszer\u0171s\u00edti ezeket az orsz\u00e1gokat, hanem seg\u00edt a nemzetek k\u00f6z\u00f6tti kapcsolatok ki\u00e9p\u00edt\u00e9s\u00e9ben, valamint abban is, hogy az emberek megismerj\u00e9k \u00f6r\u00f6ks\u00e9g\u00fcket, szok\u00e1saikat, t\u00f6rt\u00e9nelm\u00fcket \u00e9s kultur\u00e1lis t\u00e1jaikat. A f\u00f6ldrajzi k\u00f6zels\u00e9g megk\u00f6nny\u00edti az egy\u00fcttm\u0171k\u00f6d\u00e9st mind a kult\u00fara, mind a tudom\u00e1ny ter\u00e9n.<\/em> <em>Ezt az egys\u00e9get nemcsak kifel\u00e9 kell megjelen\u00edteni, hanem mindenekel\u0151tt ebben a r\u00e9gi\u00f3ban kell megteremteni. Orsz\u00e1gaink j\u00f6v\u0151je att\u00f3l f\u00fcgg, hogy k\u00f6z\u00f6sen cseleksz\u00fcnk-e. Tov\u00e1bb kell er\u0151s\u00edten\u00fcnk a k\u00f6z\u00f6tt\u00fcnk m\u00e1r megl\u00e9v\u0151 szinergi\u00e1t. Nyilv\u00e1nval\u00f3, hogy gazdas\u00e1gi fejl\u0151d\u00e9s n\u00e9lk\u00fcl a kult\u00fara nem fejl\u0151dik.<\/em><\/p>\n\n\n\n<p class=\"has-medium-font-size\">&nbsp;&nbsp;&nbsp;&nbsp;&nbsp;&nbsp;&nbsp;&nbsp;&nbsp; <em>A Via Carpatia gazdas\u00e1gi szempontb\u00f3l rendk\u00edv\u00fcl fontos projekt, de itt az ideje, hogy besz\u00e9lj\u00fcnk azokr\u00f3l a kultur\u00e1lis t\u00e9nyez\u0151kr\u0151l is, amelyek indokolj\u00e1k a projekt meg\u00e9p\u00edt\u00e9s\u00e9t. Az \u00faj kommunik\u00e1ci\u00f3s h\u00e1l\u00f3zat l\u00e9trehoz\u00e1sa megk\u00f6nny\u00edti a turizmus fejl\u0151d\u00e9s\u00e9t. Az oktat\u00e1s is szorosan kapcsol\u00f3dik ehhez. Egyre t\u00f6bbet kellene besz\u00e9ln\u00fcnk kultur\u00e1lis identit\u00e1sunkr\u00f3l, a nemzeti \u00f6r\u00f6ks\u00e9gr\u0151l, az eml\u00e9khelyekr\u0151l \u00e9s a kultur\u00e1lis jelz\u0151kr\u0151l. Meg kell mutatnunk szomsz\u00e9dainknak orsz\u00e1gaink sz\u00e9ps\u00e9g\u00e9t, kultur\u00e1lis kincseiket \u00e9s t\u00e1jaikat.  V\u00e9g\u00fcl is, az Eur\u00f3pa ezen r\u00e9sz\u00e9n l\u00e9v\u0151 orsz\u00e1gok k\u00f6z\u00f6tti egy\u00fcttm\u0171k\u00f6d\u00e9s nem az Uni\u00f3val versenyez, hanem \u00e9rt\u00e9kes kieg\u00e9sz\u00edt\u0151je lesz annak.<\/em><\/p>\n\n\n\n<p>&nbsp;&nbsp;&nbsp;&nbsp;<\/p>\n\n\n\n<p class=\"has-medium-font-size\">&nbsp;&nbsp;&nbsp;&nbsp;&nbsp;&nbsp;&nbsp;&nbsp;&nbsp;&nbsp; <em>Mint kor\u00e1bban eml\u00edtettem, a Via Carpatia \u00fatvonal\u00e1t elind\u00edt\u00f3 Lancut-i nyilatkozatot a lancut-i v\u00e1rban \u00edrt\u00e1k al\u00e1, amire a m\u00fazeum nagyon b\u00fcszke \u00e9s nagyra \u00e9rt\u00e9keli. Elkezdt\u00fcnk azon gondolkodni, hogy hogyan lehetne ezt az \u00faj k\u00f6zleked\u00e9si \u00fatvonalat a j\u00f6v\u0151ben haszn\u00e1lni. A kezdeti \u00f6tlet, amely csak a Lancut-i kast\u00e9ly n\u00e9pszer\u0171s\u00edt\u00e9s\u00e9re korl\u00e1toz\u00f3dott, hamarosan hatalmasra n\u0151tt. Ez a k\u00f6vetkez\u0151 projekt egy kultur\u00e1lis turisztikai program volt, amely a Via Carpatia ment\u00e9n fekv\u0151 ter\u00fcletekre terjedt ki, amelynek lengyelorsz\u00e1gi szakasza mintegy 100 km sz\u00e9les. Ezut\u00e1n tervbe vett\u00e9k, hogy l\u00e9trehozz\u00e1k a t\u00e1rgyi \u00e9s szellemi kultur\u00e1lis \u00f6r\u00f6ks\u00e9get bemutat\u00f3 eml\u00e9khelyek nyomvonal\u00e1t. Lehet\u0151s\u00e9g lenne kast\u00e9lyegy\u00fcttesek, park- \u00e9s kertrendez\u00e9sek, kult\u00fart\u00e1jak, szakr\u00e1lis \u00e9p\u00edt\u00e9szeti eml\u00e9kek, n\u00e9pm\u0171v\u00e9szeti alkot\u00e1sok stb. bemutat\u00e1s\u00e1ra.<\/em> <em>Id\u0151vel felmer\u00fclt egy m\u00e1sik \u00f6tlet is, hogy a Via Carpatia ment\u00e9n, annak teljes hossz\u00e1ban, Klaiped\u00e1t\u00f3l Thesszalonikiig, hasonl\u00f3 turisztikai l\u00e1tv\u00e1nyoss\u00e1gokat kellene l\u00e9trehozni, egy\u00fcttm\u0171k\u00f6dve m\u00e1s, az \u00fatvonal k\u00f6zel\u00e9ben tal\u00e1lhat\u00f3 m\u00fazeumokkal.<\/em> <em>Az egyik kieg\u00e9sz\u00edt\u0151 projekt lehetne a k\u00f6z\u00e9p- \u00e9s d\u00e9lkelet-eur\u00f3pai \u00e1llamok virtu\u00e1lis m\u00fazeuma, amely a h\u00e1romportug\u00e1l t\u00e9rs\u00e9g valamennyi orsz\u00e1g\u00e1nak t\u00f6rt\u00e9nelm\u00e9t, kult\u00far\u00e1j\u00e1t \u00e9s m\u0171v\u00e9szet\u00e9t, t\u00e1rgyi \u00e9s szellemi \u00f6r\u00f6ks\u00e9g\u00e9t mutatn\u00e1 be. Nemcsak a h\u00e1romsz\u00e9ki orsz\u00e1gok kompakt turisztikai k\u00edn\u00e1lat\u00e1t \u00e9s a k\u00f6z\u00e9p-eur\u00f3pai egys\u00e9g megnyilv\u00e1nul\u00e1s\u00e1t jelenti majd, hanem mindenekel\u0151tt a fizikai fel\u00e9p\u00edt\u00e9s\u00e9t a t\u00e9rs\u00e9g\u00fcnkben.<\/em><\/p>\n\n\n\n<p><\/p>\n\n\n\n<p class=\"has-medium-font-size\">&nbsp;&nbsp;&nbsp;&nbsp;&nbsp;&nbsp;&nbsp;&nbsp;&nbsp; <em>Sz\u00f3val, mit kellene, hogy legyen <strong>VIA HAEREDITATIS TRIMARIUM<\/strong>? A k\u00f6z\u00e9p- \u00e9s d\u00e9lkelet-eur\u00f3pai orsz\u00e1gok eset\u00e9ben mindenekel\u0151tt a k\u00f6vetkez\u0151kre kell t\u00f6rekedni <strong>v\u00e9dekez\u00e9s az idegenek megvet\u00e9se \u00e9s a saj\u00e1t k\u00e9telyei ellen<\/strong>. Ezeket a szavakat 1918. janu\u00e1r 16-\u00e1n mondta W\u0142adys\u0142aw Konopczy\u0144ski professzor, a 19-20. sz\u00e1zad fordul\u00f3j\u00e1nak jeles lengyel t\u00f6rt\u00e9n\u00e9sze. - Ezek a szavak, amelyeket 1918. janu\u00e1r 16-\u00e1n W\u0142adys\u0142aw Konopczy\u0144ski professzor, a 19-20. sz\u00e1zad fordul\u00f3j\u00e1nak jeles lengyel t\u00f6rt\u00e9n\u00e9sze mondott a Jagell\u00f3 Egyetemen tartott bevezet\u0151 el\u0151ad\u00e1s\u00e1n, amikor \u00e1tvette a t\u00f6rt\u00e9nelem tansz\u00e9ket, t\u00f6k\u00e9letesen t\u00fckr\u00f6zik az Eur\u00f3pa e r\u00e9sz\u00e9n l\u00e9v\u0151 \u00e1llamok k\u00f6z\u00f6tti k\u00f6z\u00f6s cselekv\u00e9s \u00e9rz\u00e9s\u00e9t, amelyet n\u00e9ha \"Harmadiknak\" vagy egyszer\u0171en \"Hat\u00e1rvid\u00e9k-Eur\u00f3p\u00e1nak\" neveznek.<\/em><\/p>\n\n\n\n<figure class=\"wp-block-image size-full is-resized\"><img loading=\"lazy\" decoding=\"async\" src=\"https:\/\/marekkuchcinski.pl\/wp-content\/uploads\/2020\/07\/Wit-Wojtowicz.png\" alt=\"\" class=\"wp-image-19138\" width=\"152\" height=\"197\" srcset=\"https:\/\/marekkuchcinski.pl\/wp-content\/uploads\/2020\/07\/Wit-Wojtowicz.png 439w, https:\/\/marekkuchcinski.pl\/wp-content\/uploads\/2020\/07\/Wit-Wojtowicz-232x300.png 232w\" sizes=\"(max-width: 152px) 100vw, 152px\" \/><figcaption>Wit Karol Wojtowicz<br>A \u0141a\u0144cut-i V\u00e1rm\u00fazeum igazgat\u00f3ja<\/figcaption><\/figure>","protected":false},"excerpt":{"rendered":"<p>&nbsp;&nbsp;&nbsp;&nbsp;&nbsp;&nbsp;&nbsp;&nbsp;&nbsp; Az al\u00e1bbiakban t\u00e1rgyalt projekt felt\u00e9telez\u00e9seit 2018. szeptember 25-\u00e9n ismertettem a K\u00f6z\u00e9p-eur\u00f3pai Kezdem\u00e9nyez\u00e9s Parlamenti K\u00f6zgy\u0171l\u00e9se Gazdas\u00e1gi \u00dcgyek \u00c1ltal\u00e1nos Bizotts\u00e1g\u00e1nak \u00fcl\u00e9s\u00e9n a Szejmben https:\/\/youtu.be\/lRsqjmYg8LM. A tal\u00e1lkoz\u00f3 t\u00e9m\u00e1ja t\u00f6bbek k\u00f6z\u00f6tt a Via Carpatia k\u00f6z\u00fati projekt volt. Ez egy \u00faj k\u00f6zleked\u00e9si \u00fatvonal, amely d\u00e9lr\u0151l \u00e9szakra vezet, k\u00f6z\u00f6s kultur\u00e1lis \u00e9s t\u00f6rt\u00e9nelmi gy\u00f6kerekkel rendelkez\u0151 orsz\u00e1gokon kereszt\u00fcl, amelyek az \u00e9vek sor\u00e1n [...]<\/p>","protected":false},"author":17,"featured_media":19134,"comment_status":"open","ping_status":"open","sticky":false,"template":"","format":"standard","meta":{"ngg_post_thumbnail":0,"footnotes":""},"categories":[78,177,49,3],"tags":[],"class_list":["post-19133","post","type-post","status-publish","format-standard","has-post-thumbnail","hentry","category-europa-karpat","category-europa-karpat-dyskusja","category-podkarpacie","category-wydarzenia"],"yoast_head":"<!-- This site is optimized with the Yoast SEO plugin v24.7 - https:\/\/yoast.com\/wordpress\/plugins\/seo\/ -->\n<title>\u201eNA KRESACH UNII\u201d \u2013 g\u0142os w dyskusji Wita Wojtowicza &#8211; Marek Kuchci\u0144ski<\/title>\n<meta name=\"robots\" content=\"index, follow, max-snippet:-1, max-image-preview:large, max-video-preview:-1\" \/>\n<link rel=\"canonical\" href=\"https:\/\/marekkuchcinski.pl\/hu\/europa-karpat\/europa-karpat-dyskusja\/na-kresach-unii-glos-w-dyskusji-wita-wojtowicza\/\" \/>\n<meta property=\"og:locale\" content=\"hu_HU\" \/>\n<meta property=\"og:type\" content=\"article\" \/>\n<meta property=\"og:title\" content=\"\u201eNA KRESACH UNII\u201d \u2013 g\u0142os w dyskusji Wita Wojtowicza &#8211; Marek Kuchci\u0144ski\" \/>\n<meta property=\"og:description\" content=\"&nbsp;&nbsp;&nbsp;&nbsp;&nbsp;&nbsp;&nbsp;&nbsp;&nbsp; Za\u0142o\u017cenia ni\u017cej om\u00f3wionego projektu &nbsp;przedstawi\u0142em w dniu 25 wrze\u015bnia 2018 r. na posiedzeniu Komisji Og\u00f3lnej ds. Gospodarczych Zgromadzenia Parlamentarnego Inicjatywy \u015arodkowoeuropejskiej w Sejmie&nbsp;https:\/\/youtu.be\/lRsqjmYg8LM. Tematem tego spotkania by\u0142 m.in. projekt drogowy Via Carpatia. To nowy szlak komunikacyjny wiod\u0105cy z po\u0142udnia na p\u00f3\u0142noc przez kraje o wsp\u00f3lnych korzeniach kulturowych i historycznych, kt\u00f3re przez lata pozostawa\u0142y w [&hellip;]\" \/>\n<meta property=\"og:url\" content=\"https:\/\/marekkuchcinski.pl\/hu\/europa-karpat\/europa-karpat-dyskusja\/na-kresach-unii-glos-w-dyskusji-wita-wojtowicza\/\" \/>\n<meta property=\"og:site_name\" content=\"Marek Kuchci\u0144ski\" \/>\n<meta property=\"article:published_time\" content=\"2020-04-15T12:56:00+00:00\" \/>\n<meta property=\"article:modified_time\" content=\"2020-08-07T15:25:31+00:00\" \/>\n<meta property=\"og:image\" content=\"https:\/\/marekkuchcinski.pl\/wp-content\/uploads\/2020\/07\/AAB8294.jpg\" \/>\n\t<meta property=\"og:image:width\" content=\"1181\" \/>\n\t<meta property=\"og:image:height\" content=\"628\" \/>\n\t<meta property=\"og:image:type\" content=\"image\/jpeg\" \/>\n<meta name=\"author\" content=\"Tomasz \u0141acina\" \/>\n<meta name=\"twitter:card\" content=\"summary_large_image\" \/>\n<meta name=\"twitter:label1\" content=\"Szerz\u0151:\" \/>\n\t<meta name=\"twitter:data1\" content=\"Tomasz \u0141acina\" \/>\n\t<meta name=\"twitter:label2\" content=\"Becs\u00fclt olvas\u00e1si id\u0151\" \/>\n\t<meta name=\"twitter:data2\" content=\"13 perc\" \/>\n<script type=\"application\/ld+json\" class=\"yoast-schema-graph\">{\"@context\":\"https:\/\/schema.org\",\"@graph\":[{\"@type\":\"Article\",\"@id\":\"https:\/\/marekkuchcinski.pl\/cs\/europa-karpat\/europa-karpat-dyskusja\/na-kresach-unii-glos-w-dyskusji-wita-wojtowicza\/#article\",\"isPartOf\":{\"@id\":\"https:\/\/marekkuchcinski.pl\/cs\/europa-karpat\/europa-karpat-dyskusja\/na-kresach-unii-glos-w-dyskusji-wita-wojtowicza\/\"},\"author\":{\"name\":\"Tomasz \u0141acina\",\"@id\":\"https:\/\/marekkuchcinski.pl\/#\/schema\/person\/b8a29fe7813098f7be78801d029910a7\"},\"headline\":\"\u201eNA KRESACH UNII\u201d \u2013 g\u0142os w dyskusji Wita Wojtowicza\",\"datePublished\":\"2020-04-15T12:56:00+00:00\",\"dateModified\":\"2020-08-07T15:25:31+00:00\",\"mainEntityOfPage\":{\"@id\":\"https:\/\/marekkuchcinski.pl\/cs\/europa-karpat\/europa-karpat-dyskusja\/na-kresach-unii-glos-w-dyskusji-wita-wojtowicza\/\"},\"wordCount\":2644,\"commentCount\":0,\"publisher\":{\"@id\":\"https:\/\/marekkuchcinski.pl\/#organization\"},\"image\":{\"@id\":\"https:\/\/marekkuchcinski.pl\/cs\/europa-karpat\/europa-karpat-dyskusja\/na-kresach-unii-glos-w-dyskusji-wita-wojtowicza\/#primaryimage\"},\"thumbnailUrl\":\"https:\/\/marekkuchcinski.pl\/wp-content\/uploads\/2020\/07\/AAB8294.jpg\",\"articleSection\":[\"Europa Karpat\",\"Europa Karpat \u2013 dyskusja\",\"Podkarpacie\",\"Wydarzenia\"],\"inLanguage\":\"hu\",\"potentialAction\":[{\"@type\":\"CommentAction\",\"name\":\"Comment\",\"target\":[\"https:\/\/marekkuchcinski.pl\/cs\/europa-karpat\/europa-karpat-dyskusja\/na-kresach-unii-glos-w-dyskusji-wita-wojtowicza\/#respond\"]}]},{\"@type\":\"WebPage\",\"@id\":\"https:\/\/marekkuchcinski.pl\/cs\/europa-karpat\/europa-karpat-dyskusja\/na-kresach-unii-glos-w-dyskusji-wita-wojtowicza\/\",\"url\":\"https:\/\/marekkuchcinski.pl\/cs\/europa-karpat\/europa-karpat-dyskusja\/na-kresach-unii-glos-w-dyskusji-wita-wojtowicza\/\",\"name\":\"\u201eNA KRESACH UNII\u201d \u2013 g\u0142os w dyskusji Wita Wojtowicza &#8211; Marek Kuchci\u0144ski\",\"isPartOf\":{\"@id\":\"https:\/\/marekkuchcinski.pl\/#website\"},\"primaryImageOfPage\":{\"@id\":\"https:\/\/marekkuchcinski.pl\/cs\/europa-karpat\/europa-karpat-dyskusja\/na-kresach-unii-glos-w-dyskusji-wita-wojtowicza\/#primaryimage\"},\"image\":{\"@id\":\"https:\/\/marekkuchcinski.pl\/cs\/europa-karpat\/europa-karpat-dyskusja\/na-kresach-unii-glos-w-dyskusji-wita-wojtowicza\/#primaryimage\"},\"thumbnailUrl\":\"https:\/\/marekkuchcinski.pl\/wp-content\/uploads\/2020\/07\/AAB8294.jpg\",\"datePublished\":\"2020-04-15T12:56:00+00:00\",\"dateModified\":\"2020-08-07T15:25:31+00:00\",\"breadcrumb\":{\"@id\":\"https:\/\/marekkuchcinski.pl\/cs\/europa-karpat\/europa-karpat-dyskusja\/na-kresach-unii-glos-w-dyskusji-wita-wojtowicza\/#breadcrumb\"},\"inLanguage\":\"hu\",\"potentialAction\":[{\"@type\":\"ReadAction\",\"target\":[\"https:\/\/marekkuchcinski.pl\/cs\/europa-karpat\/europa-karpat-dyskusja\/na-kresach-unii-glos-w-dyskusji-wita-wojtowicza\/\"]}]},{\"@type\":\"ImageObject\",\"inLanguage\":\"hu\",\"@id\":\"https:\/\/marekkuchcinski.pl\/cs\/europa-karpat\/europa-karpat-dyskusja\/na-kresach-unii-glos-w-dyskusji-wita-wojtowicza\/#primaryimage\",\"url\":\"https:\/\/marekkuchcinski.pl\/wp-content\/uploads\/2020\/07\/AAB8294.jpg\",\"contentUrl\":\"https:\/\/marekkuchcinski.pl\/wp-content\/uploads\/2020\/07\/AAB8294.jpg\",\"width\":1181,\"height\":628},{\"@type\":\"BreadcrumbList\",\"@id\":\"https:\/\/marekkuchcinski.pl\/cs\/europa-karpat\/europa-karpat-dyskusja\/na-kresach-unii-glos-w-dyskusji-wita-wojtowicza\/#breadcrumb\",\"itemListElement\":[{\"@type\":\"ListItem\",\"position\":1,\"name\":\"Strona g\u0142\u00f3wna\",\"item\":\"https:\/\/marekkuchcinski.pl\/\"},{\"@type\":\"ListItem\",\"position\":2,\"name\":\"\u201eNA KRESACH UNII\u201d \u2013 g\u0142os w dyskusji Wita Wojtowicza\"}]},{\"@type\":\"WebSite\",\"@id\":\"https:\/\/marekkuchcinski.pl\/#website\",\"url\":\"https:\/\/marekkuchcinski.pl\/\",\"name\":\"Marek Kuchci\u0144ski\",\"description\":\"Pose\u0142 na sejm RP &ndash; okr\u0119g nr 22\",\"publisher\":{\"@id\":\"https:\/\/marekkuchcinski.pl\/#organization\"},\"potentialAction\":[{\"@type\":\"SearchAction\",\"target\":{\"@type\":\"EntryPoint\",\"urlTemplate\":\"https:\/\/marekkuchcinski.pl\/?s={search_term_string}\"},\"query-input\":{\"@type\":\"PropertyValueSpecification\",\"valueRequired\":true,\"valueName\":\"search_term_string\"}}],\"inLanguage\":\"hu\"},{\"@type\":\"Organization\",\"@id\":\"https:\/\/marekkuchcinski.pl\/#organization\",\"name\":\"Marek Kuchci\u0144ski\",\"url\":\"https:\/\/marekkuchcinski.pl\/\",\"logo\":{\"@type\":\"ImageObject\",\"inLanguage\":\"hu\",\"@id\":\"https:\/\/marekkuchcinski.pl\/#\/schema\/logo\/image\/\",\"url\":\"https:\/\/marekkuchcinski.pl\/wp-content\/uploads\/2022\/09\/Marek.jpg\",\"contentUrl\":\"https:\/\/marekkuchcinski.pl\/wp-content\/uploads\/2022\/09\/Marek.jpg\",\"width\":1600,\"height\":971,\"caption\":\"Marek Kuchci\u0144ski\"},\"image\":{\"@id\":\"https:\/\/marekkuchcinski.pl\/#\/schema\/logo\/image\/\"}},{\"@type\":\"Person\",\"@id\":\"https:\/\/marekkuchcinski.pl\/#\/schema\/person\/b8a29fe7813098f7be78801d029910a7\",\"name\":\"Tomasz \u0141acina\",\"image\":{\"@type\":\"ImageObject\",\"inLanguage\":\"hu\",\"@id\":\"https:\/\/marekkuchcinski.pl\/#\/schema\/person\/image\/\",\"url\":\"https:\/\/secure.gravatar.com\/avatar\/22e75f6c51aff77a676ed77dd222f852?s=96&d=mm&r=g\",\"contentUrl\":\"https:\/\/secure.gravatar.com\/avatar\/22e75f6c51aff77a676ed77dd222f852?s=96&d=mm&r=g\",\"caption\":\"Tomasz \u0141acina\"},\"url\":\"https:\/\/marekkuchcinski.pl\/hu\/author\/tomek-lacina\/\"}]}<\/script>\n<!-- \/ Yoast SEO plugin. -->","yoast_head_json":{"title":"\u201eNA KRESACH UNII\u201d \u2013 g\u0142os w dyskusji Wita Wojtowicza &#8211; Marek Kuchci\u0144ski","robots":{"index":"index","follow":"follow","max-snippet":"max-snippet:-1","max-image-preview":"max-image-preview:large","max-video-preview":"max-video-preview:-1"},"canonical":"https:\/\/marekkuchcinski.pl\/hu\/europa-karpat\/europa-karpat-dyskusja\/na-kresach-unii-glos-w-dyskusji-wita-wojtowicza\/","og_locale":"hu_HU","og_type":"article","og_title":"\u201eNA KRESACH UNII\u201d \u2013 g\u0142os w dyskusji Wita Wojtowicza &#8211; Marek Kuchci\u0144ski","og_description":"&nbsp;&nbsp;&nbsp;&nbsp;&nbsp;&nbsp;&nbsp;&nbsp;&nbsp; Za\u0142o\u017cenia ni\u017cej om\u00f3wionego projektu &nbsp;przedstawi\u0142em w dniu 25 wrze\u015bnia 2018 r. na posiedzeniu Komisji Og\u00f3lnej ds. Gospodarczych Zgromadzenia Parlamentarnego Inicjatywy \u015arodkowoeuropejskiej w Sejmie&nbsp;https:\/\/youtu.be\/lRsqjmYg8LM. Tematem tego spotkania by\u0142 m.in. projekt drogowy Via Carpatia. To nowy szlak komunikacyjny wiod\u0105cy z po\u0142udnia na p\u00f3\u0142noc przez kraje o wsp\u00f3lnych korzeniach kulturowych i historycznych, kt\u00f3re przez lata pozostawa\u0142y w [&hellip;]","og_url":"https:\/\/marekkuchcinski.pl\/hu\/europa-karpat\/europa-karpat-dyskusja\/na-kresach-unii-glos-w-dyskusji-wita-wojtowicza\/","og_site_name":"Marek Kuchci\u0144ski","article_published_time":"2020-04-15T12:56:00+00:00","article_modified_time":"2020-08-07T15:25:31+00:00","og_image":[{"width":1181,"height":628,"url":"https:\/\/marekkuchcinski.pl\/wp-content\/uploads\/2020\/07\/AAB8294.jpg","type":"image\/jpeg"}],"author":"Tomasz \u0141acina","twitter_card":"summary_large_image","twitter_misc":{"Szerz\u0151:":"Tomasz \u0141acina","Becs\u00fclt olvas\u00e1si id\u0151":"13 perc"},"schema":{"@context":"https:\/\/schema.org","@graph":[{"@type":"Article","@id":"https:\/\/marekkuchcinski.pl\/cs\/europa-karpat\/europa-karpat-dyskusja\/na-kresach-unii-glos-w-dyskusji-wita-wojtowicza\/#article","isPartOf":{"@id":"https:\/\/marekkuchcinski.pl\/cs\/europa-karpat\/europa-karpat-dyskusja\/na-kresach-unii-glos-w-dyskusji-wita-wojtowicza\/"},"author":{"name":"Tomasz \u0141acina","@id":"https:\/\/marekkuchcinski.pl\/#\/schema\/person\/b8a29fe7813098f7be78801d029910a7"},"headline":"\u201eNA KRESACH UNII\u201d \u2013 g\u0142os w dyskusji Wita Wojtowicza","datePublished":"2020-04-15T12:56:00+00:00","dateModified":"2020-08-07T15:25:31+00:00","mainEntityOfPage":{"@id":"https:\/\/marekkuchcinski.pl\/cs\/europa-karpat\/europa-karpat-dyskusja\/na-kresach-unii-glos-w-dyskusji-wita-wojtowicza\/"},"wordCount":2644,"commentCount":0,"publisher":{"@id":"https:\/\/marekkuchcinski.pl\/#organization"},"image":{"@id":"https:\/\/marekkuchcinski.pl\/cs\/europa-karpat\/europa-karpat-dyskusja\/na-kresach-unii-glos-w-dyskusji-wita-wojtowicza\/#primaryimage"},"thumbnailUrl":"https:\/\/marekkuchcinski.pl\/wp-content\/uploads\/2020\/07\/AAB8294.jpg","articleSection":["Europa Karpat","Europa Karpat \u2013 dyskusja","Podkarpacie","Wydarzenia"],"inLanguage":"hu","potentialAction":[{"@type":"CommentAction","name":"Comment","target":["https:\/\/marekkuchcinski.pl\/cs\/europa-karpat\/europa-karpat-dyskusja\/na-kresach-unii-glos-w-dyskusji-wita-wojtowicza\/#respond"]}]},{"@type":"WebPage","@id":"https:\/\/marekkuchcinski.pl\/cs\/europa-karpat\/europa-karpat-dyskusja\/na-kresach-unii-glos-w-dyskusji-wita-wojtowicza\/","url":"https:\/\/marekkuchcinski.pl\/cs\/europa-karpat\/europa-karpat-dyskusja\/na-kresach-unii-glos-w-dyskusji-wita-wojtowicza\/","name":"\u201eNA KRESACH UNII\u201d \u2013 g\u0142os w dyskusji Wita Wojtowicza &#8211; Marek Kuchci\u0144ski","isPartOf":{"@id":"https:\/\/marekkuchcinski.pl\/#website"},"primaryImageOfPage":{"@id":"https:\/\/marekkuchcinski.pl\/cs\/europa-karpat\/europa-karpat-dyskusja\/na-kresach-unii-glos-w-dyskusji-wita-wojtowicza\/#primaryimage"},"image":{"@id":"https:\/\/marekkuchcinski.pl\/cs\/europa-karpat\/europa-karpat-dyskusja\/na-kresach-unii-glos-w-dyskusji-wita-wojtowicza\/#primaryimage"},"thumbnailUrl":"https:\/\/marekkuchcinski.pl\/wp-content\/uploads\/2020\/07\/AAB8294.jpg","datePublished":"2020-04-15T12:56:00+00:00","dateModified":"2020-08-07T15:25:31+00:00","breadcrumb":{"@id":"https:\/\/marekkuchcinski.pl\/cs\/europa-karpat\/europa-karpat-dyskusja\/na-kresach-unii-glos-w-dyskusji-wita-wojtowicza\/#breadcrumb"},"inLanguage":"hu","potentialAction":[{"@type":"ReadAction","target":["https:\/\/marekkuchcinski.pl\/cs\/europa-karpat\/europa-karpat-dyskusja\/na-kresach-unii-glos-w-dyskusji-wita-wojtowicza\/"]}]},{"@type":"ImageObject","inLanguage":"hu","@id":"https:\/\/marekkuchcinski.pl\/cs\/europa-karpat\/europa-karpat-dyskusja\/na-kresach-unii-glos-w-dyskusji-wita-wojtowicza\/#primaryimage","url":"https:\/\/marekkuchcinski.pl\/wp-content\/uploads\/2020\/07\/AAB8294.jpg","contentUrl":"https:\/\/marekkuchcinski.pl\/wp-content\/uploads\/2020\/07\/AAB8294.jpg","width":1181,"height":628},{"@type":"BreadcrumbList","@id":"https:\/\/marekkuchcinski.pl\/cs\/europa-karpat\/europa-karpat-dyskusja\/na-kresach-unii-glos-w-dyskusji-wita-wojtowicza\/#breadcrumb","itemListElement":[{"@type":"ListItem","position":1,"name":"Strona g\u0142\u00f3wna","item":"https:\/\/marekkuchcinski.pl\/"},{"@type":"ListItem","position":2,"name":"\u201eNA KRESACH UNII\u201d \u2013 g\u0142os w dyskusji Wita Wojtowicza"}]},{"@type":"WebSite","@id":"https:\/\/marekkuchcinski.pl\/#website","url":"https:\/\/marekkuchcinski.pl\/","name":"Marek Kuchci\u0144ski","description":"Pose\u0142 na sejm RP &ndash; okr\u0119g nr 22","publisher":{"@id":"https:\/\/marekkuchcinski.pl\/#organization"},"potentialAction":[{"@type":"SearchAction","target":{"@type":"EntryPoint","urlTemplate":"https:\/\/marekkuchcinski.pl\/?s={search_term_string}"},"query-input":{"@type":"PropertyValueSpecification","valueRequired":true,"valueName":"search_term_string"}}],"inLanguage":"hu"},{"@type":"Organization","@id":"https:\/\/marekkuchcinski.pl\/#organization","name":"Marek Kuchci\u0144ski","url":"https:\/\/marekkuchcinski.pl\/","logo":{"@type":"ImageObject","inLanguage":"hu","@id":"https:\/\/marekkuchcinski.pl\/#\/schema\/logo\/image\/","url":"https:\/\/marekkuchcinski.pl\/wp-content\/uploads\/2022\/09\/Marek.jpg","contentUrl":"https:\/\/marekkuchcinski.pl\/wp-content\/uploads\/2022\/09\/Marek.jpg","width":1600,"height":971,"caption":"Marek Kuchci\u0144ski"},"image":{"@id":"https:\/\/marekkuchcinski.pl\/#\/schema\/logo\/image\/"}},{"@type":"Person","@id":"https:\/\/marekkuchcinski.pl\/#\/schema\/person\/b8a29fe7813098f7be78801d029910a7","name":"Tomasz \u0141acina","image":{"@type":"ImageObject","inLanguage":"hu","@id":"https:\/\/marekkuchcinski.pl\/#\/schema\/person\/image\/","url":"https:\/\/secure.gravatar.com\/avatar\/22e75f6c51aff77a676ed77dd222f852?s=96&d=mm&r=g","contentUrl":"https:\/\/secure.gravatar.com\/avatar\/22e75f6c51aff77a676ed77dd222f852?s=96&d=mm&r=g","caption":"Tomasz \u0141acina"},"url":"https:\/\/marekkuchcinski.pl\/hu\/author\/tomek-lacina\/"}]}},"_links":{"self":[{"href":"https:\/\/marekkuchcinski.pl\/hu\/wp-json\/wp\/v2\/posts\/19133","targetHints":{"allow":["GET"]}}],"collection":[{"href":"https:\/\/marekkuchcinski.pl\/hu\/wp-json\/wp\/v2\/posts"}],"about":[{"href":"https:\/\/marekkuchcinski.pl\/hu\/wp-json\/wp\/v2\/types\/post"}],"author":[{"embeddable":true,"href":"https:\/\/marekkuchcinski.pl\/hu\/wp-json\/wp\/v2\/users\/17"}],"replies":[{"embeddable":true,"href":"https:\/\/marekkuchcinski.pl\/hu\/wp-json\/wp\/v2\/comments?post=19133"}],"version-history":[{"count":7,"href":"https:\/\/marekkuchcinski.pl\/hu\/wp-json\/wp\/v2\/posts\/19133\/revisions"}],"predecessor-version":[{"id":19549,"href":"https:\/\/marekkuchcinski.pl\/hu\/wp-json\/wp\/v2\/posts\/19133\/revisions\/19549"}],"wp:featuredmedia":[{"embeddable":true,"href":"https:\/\/marekkuchcinski.pl\/hu\/wp-json\/wp\/v2\/media\/19134"}],"wp:attachment":[{"href":"https:\/\/marekkuchcinski.pl\/hu\/wp-json\/wp\/v2\/media?parent=19133"}],"wp:term":[{"taxonomy":"category","embeddable":true,"href":"https:\/\/marekkuchcinski.pl\/hu\/wp-json\/wp\/v2\/categories?post=19133"},{"taxonomy":"post_tag","embeddable":true,"href":"https:\/\/marekkuchcinski.pl\/hu\/wp-json\/wp\/v2\/tags?post=19133"}],"curies":[{"name":"wp","href":"https:\/\/api.w.org\/{rel}","templated":true}]}}