{"id":19090,"date":"2020-04-08T18:55:29","date_gmt":"2020-04-08T16:55:29","guid":{"rendered":"https:\/\/marek2.rkartist.pl\/?p=19090"},"modified":"2020-07-05T19:03:49","modified_gmt":"2020-07-05T17:03:49","slug":"czy-juz-rysuje-sie-program-na-konferencje-europa-karpat-2021","status":"publish","type":"post","link":"https:\/\/marekkuchcinski.pl\/hu\/europa-karpat\/europa-karpat-dyskusja\/czy-juz-rysuje-sie-program-na-konferencje-europa-karpat-2021\/","title":{"rendered":"K\u00e9sz\u00fclt m\u00e1r a \"K\u00e1rp\u00e1ti Eur\u00f3pa 2021\" konferencia programja?"},"content":{"rendered":"<p class=\"has-medium-font-size\"><strong><em>Andrzej Mazur - a padl\u00f3<\/em><\/strong>.<\/p>\n\n\n\n<p class=\"has-medium-font-size\"><em>A k\u00e9rd\u00e9s puszt\u00e1n k\u00f6lt\u0151i, mert a Via Carpathia Klaipeda - Thesszaloniki nemzetk\u00f6zi \u00fatvonal fejleszt\u00e9s\u00e9vel a k\u00f6vetkez\u0151 \u00e9vekben sem lesz hi\u00e1ny t\u00e9m\u00e1kb\u00f3l.<br>Ami azonban a 2021-es programot illeti, j\u00f3 lenne utalni a 2020. febru\u00e1r 21-\u00e9n Przemy\u015blben megrendez\u00e9sre ker\u00fcl\u0151 1. K\u00e1rp\u00e1taljai Nemzetk\u00f6zi Ifj\u00fas\u00e1gi Egy\u00fcttm\u0171k\u00f6d\u00e9si F\u00f3rumhoz \u00e9s a H\u00e1romhegys\u00e9g Kezdem\u00e9nyez\u00e9shez kapcsol\u00f3d\u00f3 j\u00f6v\u0151beli projektre.<br>A f\u00f3rumot az internetes hozz\u00e1sz\u00f3l\u00e1sokban is nagyon szimpatikusan \u00e9s teljes t\u00e1mogat\u00e1ssal fogadt\u00e1k. Mint mindig, a fiatalok lelem\u00e9nyesek \u00e9s fant\u00e1ziad\u00fasak.<br>A f\u00f3rum javaslatokat tett a Via Carpathia \u00fatvonal ment\u00e9n a turizmus k\u00f6z\u00f6s form\u00e1ira: term\u00e9szetj\u00e1r\u00f3, ker\u00e9kp\u00e1ros, kenus, vitorl\u00e1s, t\u00far\u00e1z\u00f3 vagy kultur\u00e1lis turizmus - az \u00f6r\u00f6ks\u00e9gre alapozva.<br>Ez csak a konferencia egy napj\u00e1nak eredm\u00e9nye.<br>Az ifj\u00fas\u00e1gi panellak\u00f3k \u00e9s a konferencia feln\u0151tt r\u00e9sztvev\u0151i el\u0151tt azonban ismeretlen\u00fcl a szervez\u0151k k\u00e9t nagyszab\u00e1s\u00fa projektet tartogattak.<\/em><\/p>\n\n\n\n<p class=\"has-medium-font-size\"><strong>Via Culturalia \u00e9s B\u00edbor \u00fatvonal<\/strong><\/p>\n\n\n\n<p class=\"has-medium-font-size\"><em>Ezek k\u00f6z\u00fcl az els\u0151, amelyet a 2021-es 2. Ifj\u00fas\u00e1gi F\u00f3rumon kell bemutatni, a \"Via Culturalia\" elnevez\u00e9s\u0171 projekt.<br>Az \u00f6tletgazda, a \u0141a\u0144cut-palota igazgat\u00f3ja, Wit Wojtowicz szerint ez egy olyan \u00fatvonal lenne a Via Carpathia ment\u00e9n, amely a k\u00fcl\u00f6nb\u00f6z\u0151 nemzetek kultur\u00e1lis \u00f6r\u00f6ks\u00e9g\u00e9t mutatja be ezen a nemzetk\u00f6zi \u00fatvonalon. A kult\u00far\u00e1k egy\u00fctt\u00e9l\u00e9se G\u00f6r\u00f6gorsz\u00e1gt\u00f3l Litv\u00e1ni\u00e1ig, egym\u00e1s \u00e1tj\u00e1rhat\u00f3s\u00e1ga, k\u00f6lcs\u00f6n\u00f6s inspir\u00e1ci\u00f3k, a korabeli korm\u00e1nyzati, tudom\u00e1nyos \u00e9s nemzetk\u00f6zi int\u00e9zm\u00e9nyek dokument\u00e1ci\u00f3s er\u0151fesz\u00edt\u00e9sei.<br>Rem\u00e9lem, hogy a konferencia szervez\u0151i felk\u00e9rik Wit Wojtowiczot, hogy mutassa be a kezdeti tev\u00e9kenys\u00e9gek csomagj\u00e1t \u00e9s a tervezett j\u00f6v\u0151beli tev\u00e9kenys\u00e9gek v\u00e1zlat\u00e1t.<br>Eml\u00e9keztetni kell arra, hogy a Via Culturalia projektet eredetileg 2019. okt\u00f3ber 20-\u00e1n Lancutban vitatt\u00e1k meg egy t\u00f6bb\u00f3r\u00e1s tal\u00e1lkoz\u00f3n Wit Wojtowicz megh\u00edv\u00e1s\u00e1ra. Err\u0151l Marek Kuchcinski k\u00e9pvisel\u0151 azonnal t\u00e1j\u00e9koztatott a Facebookon.<\/em><\/p>\n\n\n\n<figure class=\"wp-block-image size-large\"><img fetchpriority=\"high\" decoding=\"async\" width=\"1024\" height=\"499\" src=\"https:\/\/marekkuchcinski.pl\/wp-content\/uploads\/2020\/07\/A.M-2-1024x499-1.jpg\" alt=\"Obrazek posiada pusty atrybut alt; plik o nazwie A.M-2-1024x499.jpg\" class=\"wp-image-19095\" srcset=\"https:\/\/marekkuchcinski.pl\/wp-content\/uploads\/2020\/07\/A.M-2-1024x499-1.jpg 1024w, https:\/\/marekkuchcinski.pl\/wp-content\/uploads\/2020\/07\/A.M-2-1024x499-1-300x146.jpg 300w, https:\/\/marekkuchcinski.pl\/wp-content\/uploads\/2020\/07\/A.M-2-1024x499-1-768x374.jpg 768w\" sizes=\"(max-width: 1024px) 100vw, 1024px\" \/><figcaption><em>A B\u00edbor \u00fat v\u00e9ge: Maked\u00f3niai S\u00e1ndor szobra, Thesszaloniki, az Ol\u00fcmposz-hegy el\u0151tt. For: Wikimedia Commons: konstantionos kolimpa&nbsp;&nbsp;<\/em><\/figcaption><\/figure>\n\n\n\n<p class=\"has-medium-font-size\"><em>A m\u00e1sodik projektet - a Via Culturalii r\u00e9szek\u00e9nt - a lancut-i tal\u00e1lkoz\u00f3 egyik r\u00e9sztvev\u0151je, Andrzej Mazur, a \"Przemy\u015bl \u00f6kopolitik\u00e1ja 2160-2170-ig\" c\u00edm\u0171 megastrat\u00e9gia szerz\u0151je dolgozta ki, aki \u00e9ppen 2019-ben \u00fcnnepelte 45 \u00e9ves v\u00e1ndorl\u00e1s\u00e1t a Przemyskie Foothills T\u00e1jv\u00e9delmi Park \u00fatvonalain. Az\u00e9rt \u00edrok itt harmadik szem\u00e9lyben, hogy hangs\u00falyozzam, hogy \u00e9n csak egy voltam a sok ember k\u00f6z\u00fcl a \u0141a\u0144cut-i tal\u00e1lkoz\u00f3n, \u00e9s hogy nem \u00e9n tal\u00e1ltam ki a Foothills \u00fatvonalakat, hanem egy 1975-ben Przemy\u015blben v\u00e1s\u00e1rolt t\u00e9rk\u00e9pen fedeztem fel \u0151ket.<br>Ez a javaslat a Via Carpathia ment\u00e9n a Kurlandi-szorost\u00f3l - amely az UNESCO r\u00e9sze - Thesszalonikiig - amely az UNESCO r\u00e9sze - vezet\u0151 turisztikai \u00fatvonalra vonatkozik, amely gy\u00f6ny\u00f6r\u0171 term\u00e9szeti helysz\u00edneken \u00e9s renesz\u00e1nsz \u00e9p\u00edt\u00e9szeti m\u0171eml\u00e9keken kereszt\u00fcl vezet, \"B\u00edbor \u00fatvonal\" n\u00e9ven.<br>Az \u00f6sv\u00e9nyt \u00e1tlagos t\u00far\u00e1z\u00f3knak tervezt\u00e9k, bele\u00e9rtve a 60 \u00e9v felettieket, a motoros turist\u00e1kat (motorosokat) \u00e9s egyes szakaszokon m\u00e9g a gyermekes any\u00e1kat is.<br>A B\u00edbor \u00fatvonal el\u0151zetes t\u00e9rk\u00e9pe m\u00e1r megjelent a Facebookon \u00e9s az interneten. A renesz\u00e1nsz \u00e9p\u00fcletek sor\u00e1t tekintette f\u0151 kultur\u00e1lis jellemz\u0151j\u00e9nek, azonos\u00edt\u00f3 z\u00e1szlaj\u00e1nak, kem\u00e9ny magj\u00e1nak.&nbsp;<br>A lengyel szakaszon az \u00fatvonal t\u00f6bbek k\u00f6z\u00f6tt t\u00f6rt\u00e9nelmi m\u0171eml\u00e9kek k\u00f6z\u00f6tt vezet: Krasiczyn, Przemy\u015bl er\u0151d, Przemy\u015bl \u00f3v\u00e1rosa, \u0141a\u0144cut, Koz\u0142\u00f3wka, valamint UNESCO-helyek: Bia\u0142ostocka erd\u0151, Zamo\u015b\u0107.<br>Az \u00fatvonalon a g\u00f6r\u00f6g k\u00f3rus (dr\u00e1ma \u00e9s \u00e9nek) olvas\u00e1s\u00e1ban fejlett W\u0142odzimierz Staniewski Eur\u00f3pai Sz\u00ednh\u00e1zi Gyakorlatok K\u00f6zpontja Gardzienic\u00e9ben, Lengyelorsz\u00e1g legjobb dobk\u00e9sz\u00edt\u0151je Zenon Nadolski Zawadk\u00e1ban (Podkarpacie r\u00e9gi\u00f3), a Turnicki Nemzeti Park kiemelked\u0151 turisztikai \u00fatvonalainak megismer\u00e9se a projektben, a Bolestraszycei Botanikus Kert ARBORETUM er\u0151forr\u00e1sai, valamint a lengyel renesz\u00e1nsz kompakt komplexuma - a lublini \u00f3v\u00e1ros - megtekint\u00e9se. A projektet a K\u00e1rp\u00e1tok Eur\u00f3p\u00e1ja 2020 konferencia anyagaihoz k\u00f6zlem\u00e9ny form\u00e1j\u00e1ban beny\u00fajtott\u00e1k, \u00e9s a szervez\u0151k hozz\u00e1j\u00e1rul\u00e1s\u00e1val az interneten k\u00f6zz\u00e9tett\u00e9k.<\/em><\/p>\n\n\n\n<p class=\"has-medium-font-size\"><strong><em>P\u00e1rbesz\u00e9d, egy\u00fcttm\u0171k\u00f6d\u00e9s \u00e9s k\u00f6z\u00f6s tervek az Ifj\u00fas\u00e1gi F\u00f3rum, a Via Culturalia \u00e9s a Crimson Route k\u00f6z\u00f6tt<\/em><\/strong><\/p>\n\n\n\n<p class=\"has-medium-font-size\"><em>J\u00f3 lenne, ha 2021-ben, a 2. Ifj\u00fas\u00e1gi F\u00f3rumon a Via Cultureii, a b\u00edborv\u00f6r\u00f6s \u00f6sv\u00e9ny szerz\u0151i ismertetn\u00e9k terveiket. \u00c9s az ifj\u00fas\u00e1gi projektek szerz\u0151i is: v\u00edzi \u00fatvonalak \u00e9s tan\u00f6sv\u00e9nyek, hegyi \u00fatvonalak, m\u00fazeumi \u00fatvonalak, szabadt\u00e9ri m\u00fazeumi \u00fatvonalak, ker\u00e9kp\u00e1ros \u00fatvonalak. A lehet\u0151 legt\u00f6bb orsz\u00e1gb\u00f3l a Via Carpathia ment\u00e9n. Ez a projektek optim\u00e1lis t\u00e9rk\u00e9p\u00e9t hozn\u00e1 l\u00e9tre. A tov\u00e1bbi munka koordin\u00e1l\u00e1s\u00e1ra bizotts\u00e1gok (csoportok, szerkeszt\u0151k) alakuln\u00e1nak. Facebook-profilokat, tematikus blogokat vagy weboldalakat lehetne l\u00e9trehozni.&nbsp;<br>\u00cdgy lehet\u0151s\u00e9g ny\u00edlna arra, hogy a Via Carpathia 2023-2024-es befejez\u00e9s\u00e9vel az \u00f6sszes t\u00f6rt\u00e9nelmi \u00e9s turisztikai \u00fatvonal tervez\u00e9se befejez\u0151dj\u00f6n. Ezeket pedig az eur\u00f3pai \u00e9s a vil\u00e1gk\u00f6zv\u00e9lem\u00e9nynek is be lehetne mutatni a honlapokon, mapp\u00e1kon, bros\u00far\u00e1kon, sz\u00f3r\u00f3lapokon, b\u00e9lyegeken, k\u00fcty\u00fck\u00f6n kereszt\u00fcl. Valamint helyi, orsz\u00e1gos \u00e9s nemzetk\u00f6zi konferenci\u00e1kon.&nbsp;&nbsp;&nbsp;&nbsp;&nbsp;<br>Szem\u00e9ly szerint nem l\u00e1tom akad\u00e1ly\u00e1t annak, hogy a 2022-es, 2023-as, 2024-es konferenci\u00e1n az ifj\u00fas\u00e1gi projektek, a Via Culturalia \u00e9s a B\u00edbor \u00fatvonal szerz\u0151i ne adjanak t\u00e1j\u00e9koztat\u00e1st a munka jelenlegi \u00e1ll\u00e1s\u00e1r\u00f3l, bemutatva javaslataik fejl\u0151d\u00e9s\u00e9t.<\/em><\/p>\n\n\n\n<p class=\"has-medium-font-size\"><em>A Via Culturalia, amely dokument\u00e1lja a kultur\u00e1lis form\u00e1k fejl\u0151d\u00e9s\u00e9t a g\u00f6r\u00f6g alapokt\u00f3l a k\u00e9s\u0151bbi \u00e9vsz\u00e1zadok ut\u00e1nz\u00e1s\u00e1n \u00e9s mut\u00e1ci\u00f3j\u00e1n kereszt\u00fcl a hellenisztikus vil\u00e1gban, a Pax Romana \u00e9s Eur\u00f3pa k\u00e1rp\u00e1taljai ter\u00fcletein, strat\u00e9giai jelent\u0151s\u00e9g\u0171 lenne Eur\u00f3pa valamennyi n\u00e9pe \u00e9s a vil\u00e1g k\u00f6zv\u00e9lem\u00e9nye sz\u00e1m\u00e1ra.<br>Ezt a sz\u00f6veget azzal fejezem be, hogy megn\u00e9zek m\u00e1s t\u00e9rk\u00e9peket - a Johns Hopkins Egyetem \u00e9s a Worldometers t\u00e9rk\u00e9peit -, amelyek az eur\u00f3pai \u00e9s a vil\u00e1g nemzetek dr\u00e1m\u00e1j\u00e1t mutatj\u00e1k be, mik\u00f6zben az alattomos \u00e9s gyorsan terjed\u0151 Covid 19 v\u00edrus ellen k\u00fczdenek.<br>\u00c9s \u00fagy gondolom, hogy ez egy tov\u00e1bbi nagyon er\u0151s motiv\u00e1ci\u00f3 a konferenci\u00e1k folytat\u00e1s\u00e1ra. A fenntarthat\u00f3 fejl\u0151d\u00e9s \u00e9s a mindenki sz\u00e1m\u00e1ra el\u0151ny\u00f6s \u00f6kol\u00f3giai rend k\u00f6z\u00f6s megtervez\u00e9se \u00e9rdek\u00e9ben a megismer\u00e9s, az integr\u00e1ci\u00f3 \u00e9s a tapasztalatcsere f\u00f3rumak\u00e9nt j\u00f6ttek l\u00e9tre. Egy tal\u00e1n nem kifejezetten eml\u00edtett, de nyilv\u00e1nval\u00f3 hangs\u00falyt: szolidarit\u00e1s, a k\u00f6z\u00f6s sorsok hangs\u00falyoz\u00e1sa, a dalokban, irodalomban, k\u00f6lt\u00e9szetben, \u00e9p\u00edtkez\u00e9sben kifejezett szoros kultur\u00e1lis gy\u00f6kerek.<br>Azt is gondolom, hogy a Via Culturalia \u00e9s a B\u00edbor\u00fat intuit\u00edv m\u00f3don, mint apriori felt\u00e9telez\u00e9s, de ugyanakkor a t\u00e1rgyi kultur\u00e1lis t\u00e1rgyakhoz \u00e9s a fest\u0151i \u00fatvonalakhoz val\u00f3 szil\u00e1rd ragaszkod\u00e1s, az eur\u00f3pai kult\u00fara megismer\u00e9s\u00e9nek \u00e9s tov\u00e1bbfejleszt\u00e9s\u00e9nek egy bizonyos gondolkod\u00e1sm\u00f3dj\u00e1t (Via) \u00e9s egy bizonyos \u00fatvonal\u00e1t (Route) mutatja. K\u00e1rp\u00e1talja sz\u00ednvil\u00e1ga itt is lenyomhatja eredetis\u00e9g\u00e9t.<\/em><\/p>\n\n\n\n<p class=\"has-medium-font-size\"><em>Javaslat a B\u00edbor \u00fatvonalra - k\u00f6zlem\u00e9ny a 2020-as konferenci\u00e1ra Przemy\u015bl\/Krasiczyn a szerz\u0151 \u00e9letrajz\u00e1val<br>Link: <a rel=\"noreferrer noopener\" href=\"https:\/\/www.salon24.pl\/u\/prognozy2030\/1035432,crimson-route-komunikat-na-konferencje-europa-karpat-21-02-2020\" target=\"_blank\">https:\/\/www.salon24.pl\/u\/prognozy2030\/1035432,crimson-route-komunikat-na-konferencje-europa-karpat-21-02-2020<\/a><\/em><\/p>\n\n\n\n<div class=\"wp-block-image\"><figure class=\"alignleft size-large is-resized\"><img decoding=\"async\" src=\"https:\/\/marekkuchcinski.pl\/wp-content\/uploads\/2020\/07\/47112801_603023990115243_4700187496053473280_n.jpg\" alt=\"\" class=\"wp-image-19096\" width=\"282\" height=\"318\" srcset=\"https:\/\/marekkuchcinski.pl\/wp-content\/uploads\/2020\/07\/47112801_603023990115243_4700187496053473280_n.jpg 366w, https:\/\/marekkuchcinski.pl\/wp-content\/uploads\/2020\/07\/47112801_603023990115243_4700187496053473280_n-267x300.jpg 267w\" sizes=\"(max-width: 282px) 100vw, 282px\" \/><figcaption>Andrzej Mazur. F\u00fcggetlen szak\u00e9rt\u0151, blogger, t\u00far\u00e1z\u00f3. Gyakornok a Sz\u00edn\u00e9szi Int\u00e9zetben<br>Jerzy Grotowski Laborat\u00f3riumi Sz\u00ednh\u00e1z Wroc\u0142awban a parasz\u00ednh\u00e1z ter\u00fclet\u00e9n,<br>A Poetry&amp;Paratheatre online foly\u00f3irat f\u0151szerkeszt\u0151je 2010-<br>B. PNK UNESCO MaB program \u00e9s PAN szak\u00e9rt\u0151. 2004-ben publik\u00e1lta<br>\"Az \u00f6kol\u00f3giai tudom\u00e1ny m\u00f3dszertana \u00e9s strat\u00e9gi\u00e1k\". A Przemysl Fesztiv\u00e1lok r\u00e9sztvev\u0151je<br>K\u00f6lt\u00e9szet 2010, 2012, 2014, 2015, 2018.<\/figcaption><\/figure><\/div>","protected":false},"excerpt":{"rendered":"<p>Andrzej Mazur - hang a vit\u00e1ban. A k\u00e9rd\u00e9s puszt\u00e1n k\u00f6lt\u0151i, hiszen a Via Carpathia Klaip\u0117da - Thesszaloniki nemzetk\u00f6zi \u00fatvonal fejleszt\u00e9se kapcs\u00e1n m\u00e9g \u00e9vekig nem lesz hi\u00e1ny t\u00e9m\u00e1kb\u00f3l, m\u00e9gis, ami a 2021-es programot illeti, j\u00f3 lenne utalni a K\u00e1rp\u00e1taljai Ifj\u00fas\u00e1gi Egy\u00fcttm\u0171k\u00f6d\u00e9s I. Nemzetk\u00f6zi F\u00f3rum\u00e1hoz kapcsol\u00f3d\u00f3 el\u0151remutat\u00f3 projektre, valamint a [...]<\/p>","protected":false},"author":17,"featured_media":19095,"comment_status":"open","ping_status":"open","sticky":false,"template":"","format":"standard","meta":{"ngg_post_thumbnail":0,"footnotes":""},"categories":[78,177,49,3],"tags":[],"class_list":["post-19090","post","type-post","status-publish","format-standard","has-post-thumbnail","hentry","category-europa-karpat","category-europa-karpat-dyskusja","category-podkarpacie","category-wydarzenia"],"yoast_head":"<!-- This site is optimized with the Yoast SEO plugin v24.7 - https:\/\/yoast.com\/wordpress\/plugins\/seo\/ -->\n<title>Czy ju\u017c rysuje si\u0119 program na konferencj\u0119 \u201eEuropa Karpat 2021&quot;? &#8211; Marek Kuchci\u0144ski<\/title>\n<meta name=\"robots\" content=\"index, follow, max-snippet:-1, max-image-preview:large, max-video-preview:-1\" \/>\n<link rel=\"canonical\" href=\"https:\/\/marekkuchcinski.pl\/hu\/europa-karpat\/europa-karpat-dyskusja\/czy-juz-rysuje-sie-program-na-konferencje-europa-karpat-2021\/\" \/>\n<meta property=\"og:locale\" content=\"hu_HU\" \/>\n<meta property=\"og:type\" content=\"article\" \/>\n<meta property=\"og:title\" content=\"Czy ju\u017c rysuje si\u0119 program na konferencj\u0119 \u201eEuropa Karpat 2021&quot;? &#8211; Marek Kuchci\u0144ski\" \/>\n<meta property=\"og:description\" content=\"Andrzej Mazur \u2013 g\u0142os w dyskusji. Pytanie jest czysto retoryczne, bo w zwi\u0105zku z rozwojem mi\u0119dzynarodowej trasy Via Carpathia K\u0142ajpeda &#8211; Saloniki temat\u00f3w nie b\u0119dzie brakowa\u0107 na lata.Niemniej je\u015bli idzie o program na rok 2021, dobrze by\u0142oby nawi\u0105za\u0107 do przysz\u0142o\u015bciowego projektu zwi\u0105zanego z I Mi\u0119dzynarodowym Forum Wsp\u00f3\u0142pracy M\u0142odych Obszaru Karpat i Inicjatywy Tr\u00f3jmorza, z dnia [&hellip;]\" \/>\n<meta property=\"og:url\" content=\"https:\/\/marekkuchcinski.pl\/hu\/europa-karpat\/europa-karpat-dyskusja\/czy-juz-rysuje-sie-program-na-konferencje-europa-karpat-2021\/\" \/>\n<meta property=\"og:site_name\" content=\"Marek Kuchci\u0144ski\" \/>\n<meta property=\"article:published_time\" content=\"2020-04-08T16:55:29+00:00\" \/>\n<meta property=\"article:modified_time\" content=\"2020-07-05T17:03:49+00:00\" \/>\n<meta property=\"og:image\" content=\"https:\/\/marekkuchcinski.pl\/wp-content\/uploads\/2020\/07\/A.M-2-1024x499-1.jpg\" \/>\n\t<meta property=\"og:image:width\" content=\"1024\" \/>\n\t<meta property=\"og:image:height\" content=\"499\" \/>\n\t<meta property=\"og:image:type\" content=\"image\/jpeg\" \/>\n<meta name=\"author\" content=\"Tomasz \u0141acina\" \/>\n<meta name=\"twitter:card\" content=\"summary_large_image\" \/>\n<meta name=\"twitter:label1\" content=\"Szerz\u0151:\" \/>\n\t<meta name=\"twitter:data1\" content=\"Tomasz \u0141acina\" \/>\n\t<meta name=\"twitter:label2\" content=\"Becs\u00fclt olvas\u00e1si id\u0151\" \/>\n\t<meta name=\"twitter:data2\" content=\"6 perc\" \/>\n<script type=\"application\/ld+json\" class=\"yoast-schema-graph\">{\"@context\":\"https:\/\/schema.org\",\"@graph\":[{\"@type\":\"Article\",\"@id\":\"https:\/\/marekkuchcinski.pl\/europa-karpat\/europa-karpat-dyskusja\/czy-juz-rysuje-sie-program-na-konferencje-europa-karpat-2021\/#article\",\"isPartOf\":{\"@id\":\"https:\/\/marekkuchcinski.pl\/europa-karpat\/europa-karpat-dyskusja\/czy-juz-rysuje-sie-program-na-konferencje-europa-karpat-2021\/\"},\"author\":{\"name\":\"Tomasz \u0141acina\",\"@id\":\"https:\/\/marekkuchcinski.pl\/#\/schema\/person\/b8a29fe7813098f7be78801d029910a7\"},\"headline\":\"Czy ju\u017c rysuje si\u0119 program na konferencj\u0119 \u201eEuropa Karpat 2021&#8243;?\",\"datePublished\":\"2020-04-08T16:55:29+00:00\",\"dateModified\":\"2020-07-05T17:03:49+00:00\",\"mainEntityOfPage\":{\"@id\":\"https:\/\/marekkuchcinski.pl\/europa-karpat\/europa-karpat-dyskusja\/czy-juz-rysuje-sie-program-na-konferencje-europa-karpat-2021\/\"},\"wordCount\":1128,\"commentCount\":0,\"publisher\":{\"@id\":\"https:\/\/marekkuchcinski.pl\/#organization\"},\"image\":{\"@id\":\"https:\/\/marekkuchcinski.pl\/europa-karpat\/europa-karpat-dyskusja\/czy-juz-rysuje-sie-program-na-konferencje-europa-karpat-2021\/#primaryimage\"},\"thumbnailUrl\":\"https:\/\/marekkuchcinski.pl\/wp-content\/uploads\/2020\/07\/A.M-2-1024x499-1.jpg\",\"articleSection\":[\"Europa Karpat\",\"Europa Karpat \u2013 dyskusja\",\"Podkarpacie\",\"Wydarzenia\"],\"inLanguage\":\"hu\",\"potentialAction\":[{\"@type\":\"CommentAction\",\"name\":\"Comment\",\"target\":[\"https:\/\/marekkuchcinski.pl\/europa-karpat\/europa-karpat-dyskusja\/czy-juz-rysuje-sie-program-na-konferencje-europa-karpat-2021\/#respond\"]}]},{\"@type\":\"WebPage\",\"@id\":\"https:\/\/marekkuchcinski.pl\/europa-karpat\/europa-karpat-dyskusja\/czy-juz-rysuje-sie-program-na-konferencje-europa-karpat-2021\/\",\"url\":\"https:\/\/marekkuchcinski.pl\/europa-karpat\/europa-karpat-dyskusja\/czy-juz-rysuje-sie-program-na-konferencje-europa-karpat-2021\/\",\"name\":\"Czy ju\u017c rysuje si\u0119 program na konferencj\u0119 \u201eEuropa Karpat 2021\\\"? &#8211; Marek Kuchci\u0144ski\",\"isPartOf\":{\"@id\":\"https:\/\/marekkuchcinski.pl\/#website\"},\"primaryImageOfPage\":{\"@id\":\"https:\/\/marekkuchcinski.pl\/europa-karpat\/europa-karpat-dyskusja\/czy-juz-rysuje-sie-program-na-konferencje-europa-karpat-2021\/#primaryimage\"},\"image\":{\"@id\":\"https:\/\/marekkuchcinski.pl\/europa-karpat\/europa-karpat-dyskusja\/czy-juz-rysuje-sie-program-na-konferencje-europa-karpat-2021\/#primaryimage\"},\"thumbnailUrl\":\"https:\/\/marekkuchcinski.pl\/wp-content\/uploads\/2020\/07\/A.M-2-1024x499-1.jpg\",\"datePublished\":\"2020-04-08T16:55:29+00:00\",\"dateModified\":\"2020-07-05T17:03:49+00:00\",\"breadcrumb\":{\"@id\":\"https:\/\/marekkuchcinski.pl\/europa-karpat\/europa-karpat-dyskusja\/czy-juz-rysuje-sie-program-na-konferencje-europa-karpat-2021\/#breadcrumb\"},\"inLanguage\":\"hu\",\"potentialAction\":[{\"@type\":\"ReadAction\",\"target\":[\"https:\/\/marekkuchcinski.pl\/europa-karpat\/europa-karpat-dyskusja\/czy-juz-rysuje-sie-program-na-konferencje-europa-karpat-2021\/\"]}]},{\"@type\":\"ImageObject\",\"inLanguage\":\"hu\",\"@id\":\"https:\/\/marekkuchcinski.pl\/europa-karpat\/europa-karpat-dyskusja\/czy-juz-rysuje-sie-program-na-konferencje-europa-karpat-2021\/#primaryimage\",\"url\":\"https:\/\/marekkuchcinski.pl\/wp-content\/uploads\/2020\/07\/A.M-2-1024x499-1.jpg\",\"contentUrl\":\"https:\/\/marekkuchcinski.pl\/wp-content\/uploads\/2020\/07\/A.M-2-1024x499-1.jpg\",\"width\":1024,\"height\":499},{\"@type\":\"BreadcrumbList\",\"@id\":\"https:\/\/marekkuchcinski.pl\/europa-karpat\/europa-karpat-dyskusja\/czy-juz-rysuje-sie-program-na-konferencje-europa-karpat-2021\/#breadcrumb\",\"itemListElement\":[{\"@type\":\"ListItem\",\"position\":1,\"name\":\"Strona g\u0142\u00f3wna\",\"item\":\"https:\/\/marekkuchcinski.pl\/\"},{\"@type\":\"ListItem\",\"position\":2,\"name\":\"Czy ju\u017c rysuje si\u0119 program na konferencj\u0119 \u201eEuropa Karpat 2021&#8243;?\"}]},{\"@type\":\"WebSite\",\"@id\":\"https:\/\/marekkuchcinski.pl\/#website\",\"url\":\"https:\/\/marekkuchcinski.pl\/\",\"name\":\"Marek Kuchci\u0144ski\",\"description\":\"Pose\u0142 na sejm RP &ndash; okr\u0119g nr 22\",\"publisher\":{\"@id\":\"https:\/\/marekkuchcinski.pl\/#organization\"},\"potentialAction\":[{\"@type\":\"SearchAction\",\"target\":{\"@type\":\"EntryPoint\",\"urlTemplate\":\"https:\/\/marekkuchcinski.pl\/?s={search_term_string}\"},\"query-input\":{\"@type\":\"PropertyValueSpecification\",\"valueRequired\":true,\"valueName\":\"search_term_string\"}}],\"inLanguage\":\"hu\"},{\"@type\":\"Organization\",\"@id\":\"https:\/\/marekkuchcinski.pl\/#organization\",\"name\":\"Marek Kuchci\u0144ski\",\"url\":\"https:\/\/marekkuchcinski.pl\/\",\"logo\":{\"@type\":\"ImageObject\",\"inLanguage\":\"hu\",\"@id\":\"https:\/\/marekkuchcinski.pl\/#\/schema\/logo\/image\/\",\"url\":\"https:\/\/marekkuchcinski.pl\/wp-content\/uploads\/2022\/09\/Marek.jpg\",\"contentUrl\":\"https:\/\/marekkuchcinski.pl\/wp-content\/uploads\/2022\/09\/Marek.jpg\",\"width\":1600,\"height\":971,\"caption\":\"Marek Kuchci\u0144ski\"},\"image\":{\"@id\":\"https:\/\/marekkuchcinski.pl\/#\/schema\/logo\/image\/\"}},{\"@type\":\"Person\",\"@id\":\"https:\/\/marekkuchcinski.pl\/#\/schema\/person\/b8a29fe7813098f7be78801d029910a7\",\"name\":\"Tomasz \u0141acina\",\"image\":{\"@type\":\"ImageObject\",\"inLanguage\":\"hu\",\"@id\":\"https:\/\/marekkuchcinski.pl\/#\/schema\/person\/image\/\",\"url\":\"https:\/\/secure.gravatar.com\/avatar\/22e75f6c51aff77a676ed77dd222f852?s=96&d=mm&r=g\",\"contentUrl\":\"https:\/\/secure.gravatar.com\/avatar\/22e75f6c51aff77a676ed77dd222f852?s=96&d=mm&r=g\",\"caption\":\"Tomasz \u0141acina\"},\"url\":\"https:\/\/marekkuchcinski.pl\/hu\/author\/tomek-lacina\/\"}]}<\/script>\n<!-- \/ Yoast SEO plugin. -->","yoast_head_json":{"title":"Czy ju\u017c rysuje si\u0119 program na konferencj\u0119 \u201eEuropa Karpat 2021\"? &#8211; Marek Kuchci\u0144ski","robots":{"index":"index","follow":"follow","max-snippet":"max-snippet:-1","max-image-preview":"max-image-preview:large","max-video-preview":"max-video-preview:-1"},"canonical":"https:\/\/marekkuchcinski.pl\/hu\/europa-karpat\/europa-karpat-dyskusja\/czy-juz-rysuje-sie-program-na-konferencje-europa-karpat-2021\/","og_locale":"hu_HU","og_type":"article","og_title":"Czy ju\u017c rysuje si\u0119 program na konferencj\u0119 \u201eEuropa Karpat 2021\"? &#8211; Marek Kuchci\u0144ski","og_description":"Andrzej Mazur \u2013 g\u0142os w dyskusji. Pytanie jest czysto retoryczne, bo w zwi\u0105zku z rozwojem mi\u0119dzynarodowej trasy Via Carpathia K\u0142ajpeda &#8211; Saloniki temat\u00f3w nie b\u0119dzie brakowa\u0107 na lata.Niemniej je\u015bli idzie o program na rok 2021, dobrze by\u0142oby nawi\u0105za\u0107 do przysz\u0142o\u015bciowego projektu zwi\u0105zanego z I Mi\u0119dzynarodowym Forum Wsp\u00f3\u0142pracy M\u0142odych Obszaru Karpat i Inicjatywy Tr\u00f3jmorza, z dnia [&hellip;]","og_url":"https:\/\/marekkuchcinski.pl\/hu\/europa-karpat\/europa-karpat-dyskusja\/czy-juz-rysuje-sie-program-na-konferencje-europa-karpat-2021\/","og_site_name":"Marek Kuchci\u0144ski","article_published_time":"2020-04-08T16:55:29+00:00","article_modified_time":"2020-07-05T17:03:49+00:00","og_image":[{"width":1024,"height":499,"url":"https:\/\/marekkuchcinski.pl\/wp-content\/uploads\/2020\/07\/A.M-2-1024x499-1.jpg","type":"image\/jpeg"}],"author":"Tomasz \u0141acina","twitter_card":"summary_large_image","twitter_misc":{"Szerz\u0151:":"Tomasz \u0141acina","Becs\u00fclt olvas\u00e1si id\u0151":"6 perc"},"schema":{"@context":"https:\/\/schema.org","@graph":[{"@type":"Article","@id":"https:\/\/marekkuchcinski.pl\/europa-karpat\/europa-karpat-dyskusja\/czy-juz-rysuje-sie-program-na-konferencje-europa-karpat-2021\/#article","isPartOf":{"@id":"https:\/\/marekkuchcinski.pl\/europa-karpat\/europa-karpat-dyskusja\/czy-juz-rysuje-sie-program-na-konferencje-europa-karpat-2021\/"},"author":{"name":"Tomasz \u0141acina","@id":"https:\/\/marekkuchcinski.pl\/#\/schema\/person\/b8a29fe7813098f7be78801d029910a7"},"headline":"Czy ju\u017c rysuje si\u0119 program na konferencj\u0119 \u201eEuropa Karpat 2021&#8243;?","datePublished":"2020-04-08T16:55:29+00:00","dateModified":"2020-07-05T17:03:49+00:00","mainEntityOfPage":{"@id":"https:\/\/marekkuchcinski.pl\/europa-karpat\/europa-karpat-dyskusja\/czy-juz-rysuje-sie-program-na-konferencje-europa-karpat-2021\/"},"wordCount":1128,"commentCount":0,"publisher":{"@id":"https:\/\/marekkuchcinski.pl\/#organization"},"image":{"@id":"https:\/\/marekkuchcinski.pl\/europa-karpat\/europa-karpat-dyskusja\/czy-juz-rysuje-sie-program-na-konferencje-europa-karpat-2021\/#primaryimage"},"thumbnailUrl":"https:\/\/marekkuchcinski.pl\/wp-content\/uploads\/2020\/07\/A.M-2-1024x499-1.jpg","articleSection":["Europa Karpat","Europa Karpat \u2013 dyskusja","Podkarpacie","Wydarzenia"],"inLanguage":"hu","potentialAction":[{"@type":"CommentAction","name":"Comment","target":["https:\/\/marekkuchcinski.pl\/europa-karpat\/europa-karpat-dyskusja\/czy-juz-rysuje-sie-program-na-konferencje-europa-karpat-2021\/#respond"]}]},{"@type":"WebPage","@id":"https:\/\/marekkuchcinski.pl\/europa-karpat\/europa-karpat-dyskusja\/czy-juz-rysuje-sie-program-na-konferencje-europa-karpat-2021\/","url":"https:\/\/marekkuchcinski.pl\/europa-karpat\/europa-karpat-dyskusja\/czy-juz-rysuje-sie-program-na-konferencje-europa-karpat-2021\/","name":"Czy ju\u017c rysuje si\u0119 program na konferencj\u0119 \u201eEuropa Karpat 2021\"? &#8211; Marek Kuchci\u0144ski","isPartOf":{"@id":"https:\/\/marekkuchcinski.pl\/#website"},"primaryImageOfPage":{"@id":"https:\/\/marekkuchcinski.pl\/europa-karpat\/europa-karpat-dyskusja\/czy-juz-rysuje-sie-program-na-konferencje-europa-karpat-2021\/#primaryimage"},"image":{"@id":"https:\/\/marekkuchcinski.pl\/europa-karpat\/europa-karpat-dyskusja\/czy-juz-rysuje-sie-program-na-konferencje-europa-karpat-2021\/#primaryimage"},"thumbnailUrl":"https:\/\/marekkuchcinski.pl\/wp-content\/uploads\/2020\/07\/A.M-2-1024x499-1.jpg","datePublished":"2020-04-08T16:55:29+00:00","dateModified":"2020-07-05T17:03:49+00:00","breadcrumb":{"@id":"https:\/\/marekkuchcinski.pl\/europa-karpat\/europa-karpat-dyskusja\/czy-juz-rysuje-sie-program-na-konferencje-europa-karpat-2021\/#breadcrumb"},"inLanguage":"hu","potentialAction":[{"@type":"ReadAction","target":["https:\/\/marekkuchcinski.pl\/europa-karpat\/europa-karpat-dyskusja\/czy-juz-rysuje-sie-program-na-konferencje-europa-karpat-2021\/"]}]},{"@type":"ImageObject","inLanguage":"hu","@id":"https:\/\/marekkuchcinski.pl\/europa-karpat\/europa-karpat-dyskusja\/czy-juz-rysuje-sie-program-na-konferencje-europa-karpat-2021\/#primaryimage","url":"https:\/\/marekkuchcinski.pl\/wp-content\/uploads\/2020\/07\/A.M-2-1024x499-1.jpg","contentUrl":"https:\/\/marekkuchcinski.pl\/wp-content\/uploads\/2020\/07\/A.M-2-1024x499-1.jpg","width":1024,"height":499},{"@type":"BreadcrumbList","@id":"https:\/\/marekkuchcinski.pl\/europa-karpat\/europa-karpat-dyskusja\/czy-juz-rysuje-sie-program-na-konferencje-europa-karpat-2021\/#breadcrumb","itemListElement":[{"@type":"ListItem","position":1,"name":"Strona g\u0142\u00f3wna","item":"https:\/\/marekkuchcinski.pl\/"},{"@type":"ListItem","position":2,"name":"Czy ju\u017c rysuje si\u0119 program na konferencj\u0119 \u201eEuropa Karpat 2021&#8243;?"}]},{"@type":"WebSite","@id":"https:\/\/marekkuchcinski.pl\/#website","url":"https:\/\/marekkuchcinski.pl\/","name":"Marek Kuchci\u0144ski","description":"Pose\u0142 na sejm RP &ndash; okr\u0119g nr 22","publisher":{"@id":"https:\/\/marekkuchcinski.pl\/#organization"},"potentialAction":[{"@type":"SearchAction","target":{"@type":"EntryPoint","urlTemplate":"https:\/\/marekkuchcinski.pl\/?s={search_term_string}"},"query-input":{"@type":"PropertyValueSpecification","valueRequired":true,"valueName":"search_term_string"}}],"inLanguage":"hu"},{"@type":"Organization","@id":"https:\/\/marekkuchcinski.pl\/#organization","name":"Marek Kuchci\u0144ski","url":"https:\/\/marekkuchcinski.pl\/","logo":{"@type":"ImageObject","inLanguage":"hu","@id":"https:\/\/marekkuchcinski.pl\/#\/schema\/logo\/image\/","url":"https:\/\/marekkuchcinski.pl\/wp-content\/uploads\/2022\/09\/Marek.jpg","contentUrl":"https:\/\/marekkuchcinski.pl\/wp-content\/uploads\/2022\/09\/Marek.jpg","width":1600,"height":971,"caption":"Marek Kuchci\u0144ski"},"image":{"@id":"https:\/\/marekkuchcinski.pl\/#\/schema\/logo\/image\/"}},{"@type":"Person","@id":"https:\/\/marekkuchcinski.pl\/#\/schema\/person\/b8a29fe7813098f7be78801d029910a7","name":"Tomasz \u0141acina","image":{"@type":"ImageObject","inLanguage":"hu","@id":"https:\/\/marekkuchcinski.pl\/#\/schema\/person\/image\/","url":"https:\/\/secure.gravatar.com\/avatar\/22e75f6c51aff77a676ed77dd222f852?s=96&d=mm&r=g","contentUrl":"https:\/\/secure.gravatar.com\/avatar\/22e75f6c51aff77a676ed77dd222f852?s=96&d=mm&r=g","caption":"Tomasz \u0141acina"},"url":"https:\/\/marekkuchcinski.pl\/hu\/author\/tomek-lacina\/"}]}},"_links":{"self":[{"href":"https:\/\/marekkuchcinski.pl\/hu\/wp-json\/wp\/v2\/posts\/19090","targetHints":{"allow":["GET"]}}],"collection":[{"href":"https:\/\/marekkuchcinski.pl\/hu\/wp-json\/wp\/v2\/posts"}],"about":[{"href":"https:\/\/marekkuchcinski.pl\/hu\/wp-json\/wp\/v2\/types\/post"}],"author":[{"embeddable":true,"href":"https:\/\/marekkuchcinski.pl\/hu\/wp-json\/wp\/v2\/users\/17"}],"replies":[{"embeddable":true,"href":"https:\/\/marekkuchcinski.pl\/hu\/wp-json\/wp\/v2\/comments?post=19090"}],"version-history":[{"count":5,"href":"https:\/\/marekkuchcinski.pl\/hu\/wp-json\/wp\/v2\/posts\/19090\/revisions"}],"predecessor-version":[{"id":19097,"href":"https:\/\/marekkuchcinski.pl\/hu\/wp-json\/wp\/v2\/posts\/19090\/revisions\/19097"}],"wp:featuredmedia":[{"embeddable":true,"href":"https:\/\/marekkuchcinski.pl\/hu\/wp-json\/wp\/v2\/media\/19095"}],"wp:attachment":[{"href":"https:\/\/marekkuchcinski.pl\/hu\/wp-json\/wp\/v2\/media?parent=19090"}],"wp:term":[{"taxonomy":"category","embeddable":true,"href":"https:\/\/marekkuchcinski.pl\/hu\/wp-json\/wp\/v2\/categories?post=19090"},{"taxonomy":"post_tag","embeddable":true,"href":"https:\/\/marekkuchcinski.pl\/hu\/wp-json\/wp\/v2\/tags?post=19090"}],"curies":[{"name":"wp","href":"https:\/\/api.w.org\/{rel}","templated":true}]}}