{"id":19081,"date":"2020-04-06T18:49:04","date_gmt":"2020-04-06T16:49:04","guid":{"rendered":"https:\/\/marek2.rkartist.pl\/?p=19081"},"modified":"2020-07-05T13:10:50","modified_gmt":"2020-07-05T11:10:50","slug":"maciej-szymanowski-glos-w-dyskusji-o-przyszlosci-europy-karpat","status":"publish","type":"post","link":"https:\/\/marekkuchcinski.pl\/hu\/europa-karpat\/maciej-szymanowski-glos-w-dyskusji-o-przyszlosci-europy-karpat\/","title":{"rendered":"Maciej Szymanowski - a K\u00e1rp\u00e1tok Eur\u00f3p\u00e1j\u00e1nak j\u00f6v\u0151j\u00e9r\u0151l sz\u00f3l\u00f3 vita egyik hangja"},"content":{"rendered":"<p class=\"has-medium-font-size\"><strong>H\u00f6lgyeim \u00e9s uraim! <\/strong><\/p>\n\n\n\n<p class=\"has-text-align-left has-medium-font-size\">  &nbsp;&nbsp;&nbsp;&nbsp;&nbsp;&nbsp;&nbsp;&nbsp;&nbsp;&nbsp;&nbsp; Van szerencs\u00e9m bemutatni a K\u00e1rp\u00e1talja j\u00f6v\u0151j\u00e9r\u0151l sz\u00f3l\u00f3 vita els\u0151 hangj\u00e1t, amely Maciej Szymanowski, a vars\u00f3i Wac\u0142aw Felczak Lengyel-Magyar Egy\u00fcttm\u0171k\u00f6d\u00e9si Int\u00e9zet igazgat\u00f3ja\u00e9, \u00e9s amelyre 2020. \u00e1prilis 2-\u00e1n el\u0151sz\u00f3val h\u00edvtam meg \u00d6n\u00f6ket a honlapomon.<\/p>\n\n\n\n<p class=\"has-text-align-right has-normal-font-size\"><em>Marek Kuchci\u0144ski<\/em><\/p>\n\n\n\n<p class=\"has-text-align-center has-medium-font-size\"><strong><em>A K\u00e1rp\u00e1tok Eur\u00f3p\u00e1ja<\/em><\/strong><\/p>\n\n\n\n<p class=\"has-text-align-center has-medium-font-size\"><strong><em>A j\u00f6v\u0151. K\u00e1rp\u00e1ti Eur\u00f3pa mint K\u00f6z\u00e9p-Eur\u00f3pa. K\u00e1rp\u00e1ti Eur\u00f3pa mint \"ige\"<\/em><\/strong><\/p>\n\n\n\n<p class=\"has-medium-font-size\"> &nbsp;&nbsp;&nbsp;&nbsp;&nbsp;&nbsp;&nbsp;&nbsp;&nbsp;&nbsp;&nbsp;<em> K\u00fcl\u00f6nb\u00f6z\u0151 m\u00f3don \u00edrunk. Mi, lengyelek \u00e9s eur\u00f3paiak, balr\u00f3l jobbra \u00edrunk. De sok m\u00e1s kult\u00far\u00e1ban, p\u00e9ld\u00e1ul az arabban vagy a zsid\u00f3ban, pont az ellenkez\u0151j\u00e9t \u00edrjuk: jobbr\u00f3l balra. M\u00e1sokban, p\u00e9ld\u00e1ul a k\u00ednai vagy a jap\u00e1n nyelvben hagyom\u00e1nyosan azt \u00edrjuk: fel-le. Mindegyik kult\u00far\u00e1ban van azonban egy j\u00f3l ismert mond\u00e1s: az \u00e1ltal\u00e1nost\u00f3l a k\u00fcl\u00f6n\u00f6sig, vagy a k\u00fcl\u00f6n\u00f6sb\u0151l az \u00e1ltal\u00e1nosig. Ez ut\u00f3bbi sorrendben k\u00f6vetkezik n\u00e9h\u00e1ny gondolat, amelyeket az al\u00e1bbiakban b\u00e1torkodom \u00e1th\u00fazni. V\u00e9lem\u00e9nyem szerint j\u00f3l t\u00fckr\u00f6zik azt, ami ma a K\u00e1rp\u00e1teur\u00f3pa-konferencia egyik f\u0151 \u00e9rt\u00e9ke, \u00e9s amiben a j\u00f6v\u0151 nagy lehet\u0151s\u00e9ge rejlik. <\/em><\/p>\n\n\n\n<p class=\"has-medium-font-size\"><strong><em>IGE vagy sz\u00f3 mint cselekv\u00e9s<\/em><\/strong><\/p>\n\n\n\n<p class=\"has-medium-font-size\"> &nbsp;&nbsp;&nbsp;&nbsp;&nbsp;&nbsp;&nbsp;&nbsp;&nbsp;&nbsp;&nbsp;<em> \"Kezdetben volt az Ige\" - tudjuk meg Szent J\u00e1nos evang\u00e9lium\u00e1b\u00f3l. A magyarok ebben az id\u00e9zetben nem a szigor\u00faan \"sz\u00f3t\" jelent\u0151 \"sz\u00f3\" kifejez\u00e9st haszn\u00e1lj\u00e1k, hanem az \"ige\" sz\u00f3t, ami sz\u00f3, de sz\u00f3 is: \"ige\", \"mozg\u00e1s\". K\u00e1rp\u00e1teur\u00f3pa - ez az \u00e9vek \u00f3ta megrendez\u00e9sre ker\u00fcl\u0151 konferenciasorozat nemcsak a k\u00fcl\u00f6nb\u00f6z\u0151 orsz\u00e1gokb\u00f3l \u00e9rkez\u0151 emberek tal\u00e1lkoz\u00f3helye, hanem mindenekel\u0151tt azok\u00e9, akik gondolataikat form\u00e1lj\u00e1k \u00e9s haszn\u00e1lj\u00e1k az \"ige\" sz\u00f3t. A sz\u00f3, amely m\u00f6g\u00f6tt egy konkr\u00e9t elk\u00e9pzel\u00e9s, projekt vagy cselekv\u00e9s \u00e1ll. Vajon a K\u00e1rp\u00e1tok Eur\u00f3p\u00e1ja n\u00e9lk\u00fcl kialakult volna a fenntarthat\u00f3 fejl\u0151d\u00e9s strat\u00e9gi\u00e1ja, amely jelenleg Lengyelorsz\u00e1gban olyan nagy k\u00f6zv\u00e9lem\u00e9nyi t\u00e1mogat\u00e1st \u00e9lvez? Lehets\u00e9ges. A k\u00e9rd\u00e9s az, hogy mikor? Vagy ink\u00e1bb: mennyivel k\u00e9s\u0151bb? K\u00e1rp\u00e1ti Eur\u00f3pa n\u00e9lk\u00fcl meg\u00e9p\u00fclt volna az \u00faj k\u00f6z\u00e9p-eur\u00f3pai kereskedelmi \u00fatvonal, a Via Carpathia? Val\u00f3sz\u00edn\u0171leg. De ink\u00e1bb nem a szem\u00fcnk l\u00e1tt\u00e1ra.<\/em><\/p>\n\n\n\n<p class=\"has-medium-font-size\"> &nbsp;&nbsp;&nbsp;&nbsp;&nbsp;&nbsp;&nbsp;&nbsp;&nbsp;&nbsp;&nbsp; <em>A Kijevben al\u00e1\u00edrt \"Egyezm\u00e9ny a K\u00e1rp\u00e1tok v\u00e9delm\u00e9r\u0151l \u00e9s fenntarthat\u00f3 fejl\u0151d\u00e9s\u00e9r\u0151l\" (2003) szelleme \u00e9s bet\u0171je, vagy a Via Carpathia hat\u00e1rokon \u00e1tny\u00fal\u00f3 k\u00f6zleked\u00e9si \u00fatvonal ki\u00e9p\u00edt\u00e9s\u00e9nek gondolata, amely 2013 \u00f3ta szinte minden K\u00e1rp\u00e1talja Eur\u00f3pa al\u00e1\u00edr\u00e1s\u00e1val al\u00e1\u00edrt dokumentumban megjelenik, konkr\u00e9t p\u00e9ld\u00e1k arra, hogy a megvitatott konferencia \u00e1ltal elfogadott formula hogyan m\u0171k\u00f6dik a gyakorlatban. Ez l\u00e1that\u00f3 az Europa Karpati\u00e1n folytatott megbesz\u00e9l\u00e9sekb\u0151l is, amelyekb\u0151l a Collegium Carphaticum l\u00e9trehoz\u00e1s\u00e1nak gondolata sz\u00fcletett. A k\u00f6z\u00e9p-eur\u00f3pai t\u00e9m\u00e1kr\u00f3l - a geol\u00f3gi\u00e1t\u00f3l a politikatudom\u00e1nyig - sz\u00f3l\u00f3 professzorok \u00e9s \u00f3r\u00e1k cser\u00e9j\u00e9re rendszeresen sor ker\u00fcl a 2017-ben a 19. alkalommal megrendezett konferenci\u00e1n k\u00f6t\u00f6tt meg\u00e1llapod\u00e1snak k\u00f6sz\u00f6nhet\u0151en, amely 6 orsz\u00e1g - a Cseh K\u00f6zt\u00e1rsas\u00e1g, Lengyelorsz\u00e1g, Rom\u00e1nia, Rom\u00e1nia, Szlov\u00e1kia, Ukrajna \u00e9s Magyarorsz\u00e1g - egyetemei k\u00f6z\u00f6tt j\u00f6tt l\u00e9tre.<\/em><\/p>\n\n\n\n<p class=\"has-medium-font-size\"><strong><em>K\u00c1RP\u00c1TI EUR\u00d3PA MINT K\u00d6Z\u00c9P-EUR\u00d3PA<\/em><\/strong><\/p>\n\n\n\n<p class=\"has-medium-font-size\"> &nbsp;&nbsp;&nbsp;&nbsp;&nbsp;&nbsp;&nbsp;&nbsp;&nbsp;&nbsp;&nbsp; <em>Mint tudj\u00e1k, K\u00f6z\u00e9p-Eur\u00f3p\u00e1nak tucatnyi meghat\u00e1roz\u00e1sa l\u00e9tezik. Tekintettel arra, hogy \u00f6sszesen egy tucat eur\u00f3pai orsz\u00e1g jel\u00f6lte ki \u00e9s eml\u00e9kezett meg Eur\u00f3pa f\u00f6ldrajzi k\u00f6z\u00e9ppontj\u00e1r\u00f3l a saj\u00e1t ter\u00fclet\u00e9n egy-egy eml\u00e9kobeliszkkel (a csehek Pr\u00e1g\u00e1ban, a szlov\u00e1kok Kremnic\u00e1ban, a lengyelek Suchowol\u00e1ban, az ukr\u00e1nok Dilov\u00e9ben, a magyarok T\u00e1lly\u00e1n stb.), tal\u00e1n joggal felt\u00e9telezhetj\u00fck, hogy K\u00f6z\u00e9p-Eur\u00f3pa ott van, ahol t\u00e1rsadalmi elv\u00e1r\u00e1s van, ahol az emberek ezt akarj\u00e1k. <\/em><\/p>\n\n\n\n<p class=\"has-medium-font-size\"> &nbsp;&nbsp;&nbsp;&nbsp;&nbsp;&nbsp;&nbsp;&nbsp;&nbsp;&nbsp;&nbsp; <em>Valamelyest ez a helyzet a K\u00e1rp\u00e1tok Eur\u00f3p\u00e1j\u00e1val is. Nem annyira azoknak az orsz\u00e1goknak a k\u00e9pvisel\u0151it hozza \u00f6ssze, amelyeken ez a hegyvonulat \u00e1thalad, hanem ink\u00e1bb azokat vonzza, akik sz\u00e1m\u00e1ra a hegyek a maradand\u00f3s\u00e1g, az er\u0151 \u00e9s az \u00f6r\u00f6kk\u00e9val\u00f3s\u00e1g szimb\u00f3lumai. Azok, akik tudj\u00e1k, hogy a hegyek term\u00e9szetesen arra k\u00e9sztetnek minket, hogy ... \"felfel\u00e9\" n\u00e9zz\u00fcnk. Arra k\u00e9nyszer\u00edtenek benn\u00fcnket - legal\u00e1bbis egy pillanatra -, hogy felhagyjunk a vil\u00e1g horizont\u00e1lis felfog\u00e1s\u00e1val \u00e9s annak k\u00fcl\u00f6nb\u00f6z\u0151 dogm\u00e1ival, mint p\u00e9ld\u00e1ul a h\u00edres centrum-perif\u00e9ria elm\u00e9lettel. Az \u00e9let \u00e9s a szabads\u00e1g egyed\u00fcl\u00e1ll\u00f3 ter\u00e9t teremtik meg, ahov\u00e1 nem v\u00e9letlen\u00fcl vonz\u00f3dnak \u00e9vsz\u00e1zadok \u00f3ta olyan lelkesen a tud\u00f3sok, m\u0171v\u00e9szek \u00e9s papok. A 2019-ben megjelent, Prof. Waldemar Paruch \u00e1ltal szerkesztett K\u00e1rp\u00e1ti Eur\u00f3pa. A Matter of Cooperation\" c\u00edm\u0171 k\u00f6nyv leny\u0171g\u00f6z\u0151 list\u00e1ja 54 Nobel-d\u00edjast sorol fel Eur\u00f3pa e r\u00e9sz\u00e9r\u0151l, de ez csak egy t\u00f6red\u00e9ke annak a civiliz\u00e1ci\u00f3s \u00e9s szellemi hozz\u00e1j\u00e1rul\u00e1snak, amely a vil\u00e1gnak ezen a r\u00e9sz\u00e9n sz\u00fcletett. A list\u00e1n nem szerepelnek a gondolkod\u00e1s olyan \u00f3ri\u00e1sai, mint II. Vagy p\u00e9ld\u00e1ul azok, akik m\u00e9g a d\u00edj oda\u00edt\u00e9l\u00e9se el\u0151tt sz\u00fclettek, mint a magyar Semmelweis Ign\u00e1c, aki v\u00e9get vetett a n\u0151k \u00e9vsz\u00e1zadokon \u00e1t tragikus \u00e1ldozatokat szed\u0151 posztmenopauz\u00e1lis l\u00e1z\u00e1nak azzal, hogy az orvosokat olyan k\u00e9zmos\u00e1sra utas\u00edtotta, amelyet ma mindannyian haszn\u00e1lunk koronav\u00edrusj\u00e1rv\u00e1nyok idej\u00e9n. <\/em><\/p>\n\n\n\n<p class=\"has-medium-font-size\">A K\u00c1RP\u00c1TI EUR\u00d3PA J\u00d6V\u0150JE<\/p>\n\n\n\n<p class=\"has-medium-font-size\"> &nbsp;&nbsp;&nbsp;&nbsp;&nbsp;&nbsp;&nbsp;&nbsp;&nbsp;&nbsp;&nbsp;<em> K\u00f6z\u00f6s \u00e9rdekeket \u00e9s k\u00f6z\u00f6s fenyeget\u00e9seket l\u00e1tunk. M\u00e9g a r\u00e9gi\u00f3 azon orsz\u00e1gaiban is, ahol nincs k\u00f6z\u00f6s sors\u00e9rzet, minden bizonnyal l\u00e9tezik a k\u00f6lcs\u00f6n\u00f6s f\u00fcgg\u0151s\u00e9g \u00e9rz\u00e9se. Az a meggy\u0151z\u0151d\u00e9s, hogy b\u00e1r nem ismerj\u00fck a j\u00f6v\u0151t, a j\u00f6v\u0151beli esem\u00e9nyeket egy\u00fctt tudjuk l\u00e9trehozni. A 26. alkalommal megrendezett konferencia r\u00e9sztvev\u0151i \u00e9s hallgat\u00f3i t\u00f6bbsz\u00f6r is meggy\u0151z\u0151dhettek err\u0151l. Csak\u00fagy, mint az infrastruktur\u00e1lis projektek, a biztons\u00e1g - bele\u00e9rtve az energiabiztons\u00e1got is - \u00e9s az innov\u00e1ci\u00f3 ter\u00e9n val\u00f3 konstrukt\u00edv egy\u00fcttm\u0171k\u00f6d\u00e9s sz\u00fcks\u00e9gess\u00e9ge. Tov\u00e1bb\u00e1 ellen\u00e1ll\u00f3 k\u00e9pess\u00e9get kell kialak\u00edtani a k\u00fcls\u0151 zavarokkal szemben, amelyek nem kedveznek a r\u00e9gi\u00f3 tov\u00e1bbi fejl\u0151d\u00e9s\u00e9nek. A piacgazdas\u00e1g nem l\u00e9g\u00fcres t\u00e9rben m\u0171k\u00f6dik. Az inform\u00e1ci\u00f3s h\u00e1bor\u00fak, amelyek miatt az ut\u00f3bbi id\u0151ben a r\u00e9gi\u00f3ban a posztkommunizmus helyett ink\u00e1bb a neon\u00e1cizmus vesz\u00e9lyeir\u0151l besz\u00e9lnek, szint\u00e9n t\u00e9nyk\u00e9nt jelentkeznek.<\/em><\/p>\n\n\n\n<p class=\"has-medium-font-size\"> &nbsp;&nbsp;&nbsp;&nbsp;&nbsp;&nbsp;&nbsp;&nbsp;&nbsp;&nbsp;&nbsp; <em>Ahhoz, hogy e c\u00e9lok legal\u00e1bb egy r\u00e9sz\u00e9nek el\u00e9r\u00e9se \u00e9rdek\u00e9ben hat\u00e9konyan tudjunk fell\u00e9pni, sz\u00fcks\u00e9g van az egy\u00fcttm\u0171k\u00f6d\u00e9s gondolat\u00e1nak t\u00e1rsadalmi int\u00e9zm\u00e9nyes\u00edt\u00e9s\u00e9re Lengyelorsz\u00e1gban \u00e9s a r\u00e9gi\u00f3 orsz\u00e1gaiban. \u00c9s az ehhez vezet\u0151 sz\u00fcks\u00e9ges l\u00e9p\u00e9sek jobb koordin\u00e1l\u00e1sa \u00e9rdek\u00e9ben - egy ez\u00e9rt felel\u0151s szervezet l\u00e9trehoz\u00e1sa. Egy olyan int\u00e9zet vagy alap\u00edtv\u00e1ny, amely \u00f6sszefogn\u00e1 a politikusok, szak\u00e9rt\u0151k \u00e9s \u00fajs\u00e1g\u00edr\u00f3k, valamint a K\u00e1rp\u00e1t-medencei \u00e9s azon t\u00fali orsz\u00e1gok int\u00e9zm\u00e9nyei k\u00f6z\u00fcl azokat, akik hajland\u00f3ak lenn\u00e9nek \u00e1lland\u00f3 egy\u00fcttm\u0171k\u00f6d\u00e9sre. Ennek az int\u00e9zm\u00e9nynek a form\u00e1lis, jogi \u00e9s p\u00e9nz\u00fcgyi strukt\u00far\u00e1j\u00e1nak lehet\u0151v\u00e9 kell tennie, hogy ne annyira az egyes v\u00e1llalkoz\u00e1sok megszervez\u00e9s\u00e9t, mint ink\u00e1bb a r\u00e9gi\u00f3 \u00e1llamai el\u0151tt \u00e1ll\u00f3 kih\u00edv\u00e1sokra adott v\u00e1laszmechanizmusok kidolgoz\u00e1s\u00e1t \u00e9s v\u00e9grehajt\u00e1s\u00e1t. A bizalmi t\u0151ke megsokszoroz\u00e1sa a r\u00e9gi\u00f3ban az inform\u00e1ci\u00f3\u00e1raml\u00e1s \u00faj csatorn\u00e1inak (port\u00e1l!) elind\u00edt\u00e1s\u00e1val. \u00daj \u00f6tletek \u00e9s megold\u00e1sok gener\u00e1l\u00e1sa.<\/em><\/p>\n\n\n\n<p class=\"has-medium-font-size\"> &nbsp;&nbsp;&nbsp;&nbsp;&nbsp;&nbsp;&nbsp;&nbsp;&nbsp;&nbsp;&nbsp;<em> A pragmatizmus \u00e9s a j\u00f3zan \u00e9sz a szolidarit\u00e1st javasolja a k\u00f6z\u00e9p- \u00e9s kelet-eur\u00f3pai egy\u00fcttm\u0171k\u00f6d\u00e9s alapjak\u00e9nt. A \"nemzetek \u0151sz\u00e9t\" Eur\u00f3p\u00e1ban 1989 \u00e9s 1990 k\u00f6z\u00f6tt nem az er\u0151szolidarit\u00e1s, hanem a t\u00e1rsadalmi \u00e9s nemzeti szolidarit\u00e1s ereje v\u00e1ltotta ki. A K\u00e1rp\u00e1tok Eur\u00f3p\u00e1ja konferencia \u00e9s a k\u00e1rp\u00e1taljai emberek megmutatt\u00e1k, hogy tiszt\u00e1ban vannak ezzel az er\u0151vel. Most m\u00e1r csak az a k\u00e9rd\u00e9s, hogy felszabad\u00edtsuk ezt a potenci\u00e1lt, ir\u00e1nyt adjunk neki, \u00e9s nekil\u00e1ssunk az els\u0151 feladatok elv\u00e9gz\u00e9s\u00e9nek. Ahogyan a K\u00e1rp\u00e1tok Eur\u00f3p\u00e1ja l\u00e9trej\u00f6ttekor, \u00fagy gondolom, hogy a kezdem\u00e9nyez\u00e9snek, vagy ink\u00e1bb a kezdem\u00e9nyez\u00e9seknek a lengyel oldalr\u00f3l kell j\u00f6nni\u00fck. <\/em><\/p>\n\n\n\n<figure class=\"wp-block-image size-large is-resized\"><img fetchpriority=\"high\" decoding=\"async\" src=\"https:\/\/marekkuchcinski.pl\/wp-content\/uploads\/2020\/04\/Maciej_Szymanowski_1-890x1024.jpg\" alt=\"\" class=\"wp-image-19146\" width=\"235\" height=\"270\"\/><figcaption>Maciej Szymanowski -   <br> A vars\u00f3i Wac\u0142aw Felczak Lengyel-Magyar Egy\u00fcttm\u0171k\u00f6d\u00e9si Int\u00e9zet igazgat\u00f3ja \u00e9s a Budapesti Katolikus Egyetem oktat\u00f3ja.  <\/figcaption><\/figure>","protected":false},"excerpt":{"rendered":"<p>Tisztelt H\u00f6lgyeim \u00e9s Uraim! \u00d6r\u00f6mmel mutatom be a K\u00e1rp\u00e1talja j\u00f6v\u0151j\u00e9r\u0151l sz\u00f3l\u00f3 vit\u00e1hoz az els\u0151 hozz\u00e1sz\u00f3l\u00e1st, amely Maciej Szymanowski, a vars\u00f3i Wac\u0142aw Felczak Lengyel-Magyar Egy\u00fcttm\u0171k\u00f6d\u00e9si Int\u00e9zet igazgat\u00f3ja\u00e9, \u00e9s amelyre 2020. \u00e1prilis 2-\u00e1n bevezet\u0151 szavakkal h\u00edvtam meg a honlapom oldalain. Marek Kuchcinski A K\u00e1rp\u00e1tok Eur\u00f3p\u00e1ja A j\u00f6v\u0151. K\u00e1rp\u00e1ti Eur\u00f3pa mint K\u00f6z\u00e9p-Eur\u00f3pa. K\u00e1rp\u00e1ti Eur\u00f3pa mint [...]<\/p>","protected":false},"author":17,"featured_media":19082,"comment_status":"open","ping_status":"open","sticky":false,"template":"","format":"standard","meta":{"ngg_post_thumbnail":0,"footnotes":""},"categories":[78,177,49,3],"tags":[],"class_list":["post-19081","post","type-post","status-publish","format-standard","has-post-thumbnail","hentry","category-europa-karpat","category-europa-karpat-dyskusja","category-podkarpacie","category-wydarzenia"],"yoast_head":"<!-- This site is optimized with the Yoast SEO plugin v24.7 - https:\/\/yoast.com\/wordpress\/plugins\/seo\/ -->\n<title>Maciej Szymanowski \u2013 g\u0142os w dyskusji o przysz\u0142o\u015bci Europy Karpat &#8211; Marek Kuchci\u0144ski<\/title>\n<meta name=\"robots\" content=\"index, follow, max-snippet:-1, max-image-preview:large, max-video-preview:-1\" \/>\n<link rel=\"canonical\" href=\"https:\/\/marekkuchcinski.pl\/hu\/europa-karpat\/maciej-szymanowski-glos-w-dyskusji-o-przyszlosci-europy-karpat\/\" \/>\n<meta property=\"og:locale\" content=\"hu_HU\" \/>\n<meta property=\"og:type\" content=\"article\" \/>\n<meta property=\"og:title\" content=\"Maciej Szymanowski \u2013 g\u0142os w dyskusji o przysz\u0142o\u015bci Europy Karpat &#8211; Marek Kuchci\u0144ski\" \/>\n<meta property=\"og:description\" content=\"Szanowni Pa\u0144stwo, &nbsp;&nbsp;&nbsp;&nbsp;&nbsp;&nbsp;&nbsp;&nbsp;&nbsp;&nbsp;&nbsp; mam przyjemno\u015b\u0107 przedstawi\u0107 pierwszy g\u0142os zabrany w dyskusji nad przysz\u0142o\u015bci\u0105 Europy Karpat nale\u017c\u0105cy do Macieja Szymanowskiego, dyrektora Instytutu Wsp\u00f3\u0142pracy Polsko-W\u0119gierskiej im. Wac\u0142awa Felczaka w Warszawie, do kt\u00f3rej s\u0142owem wst\u0119pnym zaprosi\u0142em 2 kwietnia 2020 r. na \u0142amach mojej strony www. Marek Kuchci\u0144ski Europa Karpat Przysz\u0142o\u015b\u0107. Europa Karpat jako Europa \u015arodkowa. Europa Karpat jako [&hellip;]\" \/>\n<meta property=\"og:url\" content=\"https:\/\/marekkuchcinski.pl\/hu\/europa-karpat\/maciej-szymanowski-glos-w-dyskusji-o-przyszlosci-europy-karpat\/\" \/>\n<meta property=\"og:site_name\" content=\"Marek Kuchci\u0144ski\" \/>\n<meta property=\"article:published_time\" content=\"2020-04-06T16:49:04+00:00\" \/>\n<meta property=\"article:modified_time\" content=\"2020-07-05T11:10:50+00:00\" \/>\n<meta property=\"og:image\" content=\"https:\/\/marekkuchcinski.pl\/wp-content\/uploads\/2020\/06\/Szymanowski-1024x6822-1.jpg\" \/>\n\t<meta property=\"og:image:width\" content=\"619\" \/>\n\t<meta property=\"og:image:height\" content=\"417\" \/>\n\t<meta property=\"og:image:type\" content=\"image\/jpeg\" \/>\n<meta name=\"author\" content=\"Tomasz \u0141acina\" \/>\n<meta name=\"twitter:card\" content=\"summary_large_image\" \/>\n<meta name=\"twitter:label1\" content=\"Szerz\u0151:\" \/>\n\t<meta name=\"twitter:data1\" content=\"Tomasz \u0141acina\" \/>\n\t<meta name=\"twitter:label2\" content=\"Becs\u00fclt olvas\u00e1si id\u0151\" \/>\n\t<meta name=\"twitter:data2\" content=\"6 perc\" \/>\n<script type=\"application\/ld+json\" class=\"yoast-schema-graph\">{\"@context\":\"https:\/\/schema.org\",\"@graph\":[{\"@type\":\"Article\",\"@id\":\"https:\/\/marekkuchcinski.pl\/cs\/europa-karpat\/maciej-szymanowski-glos-w-dyskusji-o-przyszlosci-europy-karpat\/#article\",\"isPartOf\":{\"@id\":\"https:\/\/marekkuchcinski.pl\/cs\/europa-karpat\/maciej-szymanowski-glos-w-dyskusji-o-przyszlosci-europy-karpat\/\"},\"author\":{\"name\":\"Tomasz \u0141acina\",\"@id\":\"https:\/\/marekkuchcinski.pl\/#\/schema\/person\/b8a29fe7813098f7be78801d029910a7\"},\"headline\":\"Maciej Szymanowski \u2013 g\u0142os w dyskusji o przysz\u0142o\u015bci Europy Karpat\",\"datePublished\":\"2020-04-06T16:49:04+00:00\",\"dateModified\":\"2020-07-05T11:10:50+00:00\",\"mainEntityOfPage\":{\"@id\":\"https:\/\/marekkuchcinski.pl\/cs\/europa-karpat\/maciej-szymanowski-glos-w-dyskusji-o-przyszlosci-europy-karpat\/\"},\"wordCount\":1305,\"commentCount\":0,\"publisher\":{\"@id\":\"https:\/\/marekkuchcinski.pl\/#organization\"},\"image\":{\"@id\":\"https:\/\/marekkuchcinski.pl\/cs\/europa-karpat\/maciej-szymanowski-glos-w-dyskusji-o-przyszlosci-europy-karpat\/#primaryimage\"},\"thumbnailUrl\":\"https:\/\/marekkuchcinski.pl\/wp-content\/uploads\/2020\/06\/Szymanowski-1024x6822-1.jpg\",\"articleSection\":[\"Europa Karpat\",\"Europa Karpat \u2013 dyskusja\",\"Podkarpacie\",\"Wydarzenia\"],\"inLanguage\":\"hu\",\"potentialAction\":[{\"@type\":\"CommentAction\",\"name\":\"Comment\",\"target\":[\"https:\/\/marekkuchcinski.pl\/cs\/europa-karpat\/maciej-szymanowski-glos-w-dyskusji-o-przyszlosci-europy-karpat\/#respond\"]}]},{\"@type\":\"WebPage\",\"@id\":\"https:\/\/marekkuchcinski.pl\/cs\/europa-karpat\/maciej-szymanowski-glos-w-dyskusji-o-przyszlosci-europy-karpat\/\",\"url\":\"https:\/\/marekkuchcinski.pl\/cs\/europa-karpat\/maciej-szymanowski-glos-w-dyskusji-o-przyszlosci-europy-karpat\/\",\"name\":\"Maciej Szymanowski \u2013 g\u0142os w dyskusji o przysz\u0142o\u015bci Europy Karpat &#8211; Marek Kuchci\u0144ski\",\"isPartOf\":{\"@id\":\"https:\/\/marekkuchcinski.pl\/#website\"},\"primaryImageOfPage\":{\"@id\":\"https:\/\/marekkuchcinski.pl\/cs\/europa-karpat\/maciej-szymanowski-glos-w-dyskusji-o-przyszlosci-europy-karpat\/#primaryimage\"},\"image\":{\"@id\":\"https:\/\/marekkuchcinski.pl\/cs\/europa-karpat\/maciej-szymanowski-glos-w-dyskusji-o-przyszlosci-europy-karpat\/#primaryimage\"},\"thumbnailUrl\":\"https:\/\/marekkuchcinski.pl\/wp-content\/uploads\/2020\/06\/Szymanowski-1024x6822-1.jpg\",\"datePublished\":\"2020-04-06T16:49:04+00:00\",\"dateModified\":\"2020-07-05T11:10:50+00:00\",\"breadcrumb\":{\"@id\":\"https:\/\/marekkuchcinski.pl\/cs\/europa-karpat\/maciej-szymanowski-glos-w-dyskusji-o-przyszlosci-europy-karpat\/#breadcrumb\"},\"inLanguage\":\"hu\",\"potentialAction\":[{\"@type\":\"ReadAction\",\"target\":[\"https:\/\/marekkuchcinski.pl\/cs\/europa-karpat\/maciej-szymanowski-glos-w-dyskusji-o-przyszlosci-europy-karpat\/\"]}]},{\"@type\":\"ImageObject\",\"inLanguage\":\"hu\",\"@id\":\"https:\/\/marekkuchcinski.pl\/cs\/europa-karpat\/maciej-szymanowski-glos-w-dyskusji-o-przyszlosci-europy-karpat\/#primaryimage\",\"url\":\"https:\/\/marekkuchcinski.pl\/wp-content\/uploads\/2020\/06\/Szymanowski-1024x6822-1.jpg\",\"contentUrl\":\"https:\/\/marekkuchcinski.pl\/wp-content\/uploads\/2020\/06\/Szymanowski-1024x6822-1.jpg\",\"width\":619,\"height\":417},{\"@type\":\"BreadcrumbList\",\"@id\":\"https:\/\/marekkuchcinski.pl\/cs\/europa-karpat\/maciej-szymanowski-glos-w-dyskusji-o-przyszlosci-europy-karpat\/#breadcrumb\",\"itemListElement\":[{\"@type\":\"ListItem\",\"position\":1,\"name\":\"Strona g\u0142\u00f3wna\",\"item\":\"https:\/\/marekkuchcinski.pl\/\"},{\"@type\":\"ListItem\",\"position\":2,\"name\":\"Maciej Szymanowski \u2013 g\u0142os w dyskusji o przysz\u0142o\u015bci Europy Karpat\"}]},{\"@type\":\"WebSite\",\"@id\":\"https:\/\/marekkuchcinski.pl\/#website\",\"url\":\"https:\/\/marekkuchcinski.pl\/\",\"name\":\"Marek Kuchci\u0144ski\",\"description\":\"Pose\u0142 na sejm RP &ndash; okr\u0119g nr 22\",\"publisher\":{\"@id\":\"https:\/\/marekkuchcinski.pl\/#organization\"},\"potentialAction\":[{\"@type\":\"SearchAction\",\"target\":{\"@type\":\"EntryPoint\",\"urlTemplate\":\"https:\/\/marekkuchcinski.pl\/?s={search_term_string}\"},\"query-input\":{\"@type\":\"PropertyValueSpecification\",\"valueRequired\":true,\"valueName\":\"search_term_string\"}}],\"inLanguage\":\"hu\"},{\"@type\":\"Organization\",\"@id\":\"https:\/\/marekkuchcinski.pl\/#organization\",\"name\":\"Marek Kuchci\u0144ski\",\"url\":\"https:\/\/marekkuchcinski.pl\/\",\"logo\":{\"@type\":\"ImageObject\",\"inLanguage\":\"hu\",\"@id\":\"https:\/\/marekkuchcinski.pl\/#\/schema\/logo\/image\/\",\"url\":\"https:\/\/marekkuchcinski.pl\/wp-content\/uploads\/2022\/09\/Marek.jpg\",\"contentUrl\":\"https:\/\/marekkuchcinski.pl\/wp-content\/uploads\/2022\/09\/Marek.jpg\",\"width\":1600,\"height\":971,\"caption\":\"Marek Kuchci\u0144ski\"},\"image\":{\"@id\":\"https:\/\/marekkuchcinski.pl\/#\/schema\/logo\/image\/\"}},{\"@type\":\"Person\",\"@id\":\"https:\/\/marekkuchcinski.pl\/#\/schema\/person\/b8a29fe7813098f7be78801d029910a7\",\"name\":\"Tomasz \u0141acina\",\"image\":{\"@type\":\"ImageObject\",\"inLanguage\":\"hu\",\"@id\":\"https:\/\/marekkuchcinski.pl\/#\/schema\/person\/image\/\",\"url\":\"https:\/\/secure.gravatar.com\/avatar\/22e75f6c51aff77a676ed77dd222f852?s=96&d=mm&r=g\",\"contentUrl\":\"https:\/\/secure.gravatar.com\/avatar\/22e75f6c51aff77a676ed77dd222f852?s=96&d=mm&r=g\",\"caption\":\"Tomasz \u0141acina\"},\"url\":\"https:\/\/marekkuchcinski.pl\/hu\/author\/tomek-lacina\/\"}]}<\/script>\n<!-- \/ Yoast SEO plugin. -->","yoast_head_json":{"title":"Maciej Szymanowski \u2013 g\u0142os w dyskusji o przysz\u0142o\u015bci Europy Karpat &#8211; Marek Kuchci\u0144ski","robots":{"index":"index","follow":"follow","max-snippet":"max-snippet:-1","max-image-preview":"max-image-preview:large","max-video-preview":"max-video-preview:-1"},"canonical":"https:\/\/marekkuchcinski.pl\/hu\/europa-karpat\/maciej-szymanowski-glos-w-dyskusji-o-przyszlosci-europy-karpat\/","og_locale":"hu_HU","og_type":"article","og_title":"Maciej Szymanowski \u2013 g\u0142os w dyskusji o przysz\u0142o\u015bci Europy Karpat &#8211; Marek Kuchci\u0144ski","og_description":"Szanowni Pa\u0144stwo, &nbsp;&nbsp;&nbsp;&nbsp;&nbsp;&nbsp;&nbsp;&nbsp;&nbsp;&nbsp;&nbsp; mam przyjemno\u015b\u0107 przedstawi\u0107 pierwszy g\u0142os zabrany w dyskusji nad przysz\u0142o\u015bci\u0105 Europy Karpat nale\u017c\u0105cy do Macieja Szymanowskiego, dyrektora Instytutu Wsp\u00f3\u0142pracy Polsko-W\u0119gierskiej im. Wac\u0142awa Felczaka w Warszawie, do kt\u00f3rej s\u0142owem wst\u0119pnym zaprosi\u0142em 2 kwietnia 2020 r. na \u0142amach mojej strony www. Marek Kuchci\u0144ski Europa Karpat Przysz\u0142o\u015b\u0107. Europa Karpat jako Europa \u015arodkowa. Europa Karpat jako [&hellip;]","og_url":"https:\/\/marekkuchcinski.pl\/hu\/europa-karpat\/maciej-szymanowski-glos-w-dyskusji-o-przyszlosci-europy-karpat\/","og_site_name":"Marek Kuchci\u0144ski","article_published_time":"2020-04-06T16:49:04+00:00","article_modified_time":"2020-07-05T11:10:50+00:00","og_image":[{"width":619,"height":417,"url":"https:\/\/marekkuchcinski.pl\/wp-content\/uploads\/2020\/06\/Szymanowski-1024x6822-1.jpg","type":"image\/jpeg"}],"author":"Tomasz \u0141acina","twitter_card":"summary_large_image","twitter_misc":{"Szerz\u0151:":"Tomasz \u0141acina","Becs\u00fclt olvas\u00e1si id\u0151":"6 perc"},"schema":{"@context":"https:\/\/schema.org","@graph":[{"@type":"Article","@id":"https:\/\/marekkuchcinski.pl\/cs\/europa-karpat\/maciej-szymanowski-glos-w-dyskusji-o-przyszlosci-europy-karpat\/#article","isPartOf":{"@id":"https:\/\/marekkuchcinski.pl\/cs\/europa-karpat\/maciej-szymanowski-glos-w-dyskusji-o-przyszlosci-europy-karpat\/"},"author":{"name":"Tomasz \u0141acina","@id":"https:\/\/marekkuchcinski.pl\/#\/schema\/person\/b8a29fe7813098f7be78801d029910a7"},"headline":"Maciej Szymanowski \u2013 g\u0142os w dyskusji o przysz\u0142o\u015bci Europy Karpat","datePublished":"2020-04-06T16:49:04+00:00","dateModified":"2020-07-05T11:10:50+00:00","mainEntityOfPage":{"@id":"https:\/\/marekkuchcinski.pl\/cs\/europa-karpat\/maciej-szymanowski-glos-w-dyskusji-o-przyszlosci-europy-karpat\/"},"wordCount":1305,"commentCount":0,"publisher":{"@id":"https:\/\/marekkuchcinski.pl\/#organization"},"image":{"@id":"https:\/\/marekkuchcinski.pl\/cs\/europa-karpat\/maciej-szymanowski-glos-w-dyskusji-o-przyszlosci-europy-karpat\/#primaryimage"},"thumbnailUrl":"https:\/\/marekkuchcinski.pl\/wp-content\/uploads\/2020\/06\/Szymanowski-1024x6822-1.jpg","articleSection":["Europa Karpat","Europa Karpat \u2013 dyskusja","Podkarpacie","Wydarzenia"],"inLanguage":"hu","potentialAction":[{"@type":"CommentAction","name":"Comment","target":["https:\/\/marekkuchcinski.pl\/cs\/europa-karpat\/maciej-szymanowski-glos-w-dyskusji-o-przyszlosci-europy-karpat\/#respond"]}]},{"@type":"WebPage","@id":"https:\/\/marekkuchcinski.pl\/cs\/europa-karpat\/maciej-szymanowski-glos-w-dyskusji-o-przyszlosci-europy-karpat\/","url":"https:\/\/marekkuchcinski.pl\/cs\/europa-karpat\/maciej-szymanowski-glos-w-dyskusji-o-przyszlosci-europy-karpat\/","name":"Maciej Szymanowski \u2013 g\u0142os w dyskusji o przysz\u0142o\u015bci Europy Karpat &#8211; Marek Kuchci\u0144ski","isPartOf":{"@id":"https:\/\/marekkuchcinski.pl\/#website"},"primaryImageOfPage":{"@id":"https:\/\/marekkuchcinski.pl\/cs\/europa-karpat\/maciej-szymanowski-glos-w-dyskusji-o-przyszlosci-europy-karpat\/#primaryimage"},"image":{"@id":"https:\/\/marekkuchcinski.pl\/cs\/europa-karpat\/maciej-szymanowski-glos-w-dyskusji-o-przyszlosci-europy-karpat\/#primaryimage"},"thumbnailUrl":"https:\/\/marekkuchcinski.pl\/wp-content\/uploads\/2020\/06\/Szymanowski-1024x6822-1.jpg","datePublished":"2020-04-06T16:49:04+00:00","dateModified":"2020-07-05T11:10:50+00:00","breadcrumb":{"@id":"https:\/\/marekkuchcinski.pl\/cs\/europa-karpat\/maciej-szymanowski-glos-w-dyskusji-o-przyszlosci-europy-karpat\/#breadcrumb"},"inLanguage":"hu","potentialAction":[{"@type":"ReadAction","target":["https:\/\/marekkuchcinski.pl\/cs\/europa-karpat\/maciej-szymanowski-glos-w-dyskusji-o-przyszlosci-europy-karpat\/"]}]},{"@type":"ImageObject","inLanguage":"hu","@id":"https:\/\/marekkuchcinski.pl\/cs\/europa-karpat\/maciej-szymanowski-glos-w-dyskusji-o-przyszlosci-europy-karpat\/#primaryimage","url":"https:\/\/marekkuchcinski.pl\/wp-content\/uploads\/2020\/06\/Szymanowski-1024x6822-1.jpg","contentUrl":"https:\/\/marekkuchcinski.pl\/wp-content\/uploads\/2020\/06\/Szymanowski-1024x6822-1.jpg","width":619,"height":417},{"@type":"BreadcrumbList","@id":"https:\/\/marekkuchcinski.pl\/cs\/europa-karpat\/maciej-szymanowski-glos-w-dyskusji-o-przyszlosci-europy-karpat\/#breadcrumb","itemListElement":[{"@type":"ListItem","position":1,"name":"Strona g\u0142\u00f3wna","item":"https:\/\/marekkuchcinski.pl\/"},{"@type":"ListItem","position":2,"name":"Maciej Szymanowski \u2013 g\u0142os w dyskusji o przysz\u0142o\u015bci Europy Karpat"}]},{"@type":"WebSite","@id":"https:\/\/marekkuchcinski.pl\/#website","url":"https:\/\/marekkuchcinski.pl\/","name":"Marek Kuchci\u0144ski","description":"Pose\u0142 na sejm RP &ndash; okr\u0119g nr 22","publisher":{"@id":"https:\/\/marekkuchcinski.pl\/#organization"},"potentialAction":[{"@type":"SearchAction","target":{"@type":"EntryPoint","urlTemplate":"https:\/\/marekkuchcinski.pl\/?s={search_term_string}"},"query-input":{"@type":"PropertyValueSpecification","valueRequired":true,"valueName":"search_term_string"}}],"inLanguage":"hu"},{"@type":"Organization","@id":"https:\/\/marekkuchcinski.pl\/#organization","name":"Marek Kuchci\u0144ski","url":"https:\/\/marekkuchcinski.pl\/","logo":{"@type":"ImageObject","inLanguage":"hu","@id":"https:\/\/marekkuchcinski.pl\/#\/schema\/logo\/image\/","url":"https:\/\/marekkuchcinski.pl\/wp-content\/uploads\/2022\/09\/Marek.jpg","contentUrl":"https:\/\/marekkuchcinski.pl\/wp-content\/uploads\/2022\/09\/Marek.jpg","width":1600,"height":971,"caption":"Marek Kuchci\u0144ski"},"image":{"@id":"https:\/\/marekkuchcinski.pl\/#\/schema\/logo\/image\/"}},{"@type":"Person","@id":"https:\/\/marekkuchcinski.pl\/#\/schema\/person\/b8a29fe7813098f7be78801d029910a7","name":"Tomasz \u0141acina","image":{"@type":"ImageObject","inLanguage":"hu","@id":"https:\/\/marekkuchcinski.pl\/#\/schema\/person\/image\/","url":"https:\/\/secure.gravatar.com\/avatar\/22e75f6c51aff77a676ed77dd222f852?s=96&d=mm&r=g","contentUrl":"https:\/\/secure.gravatar.com\/avatar\/22e75f6c51aff77a676ed77dd222f852?s=96&d=mm&r=g","caption":"Tomasz \u0141acina"},"url":"https:\/\/marekkuchcinski.pl\/hu\/author\/tomek-lacina\/"}]}},"_links":{"self":[{"href":"https:\/\/marekkuchcinski.pl\/hu\/wp-json\/wp\/v2\/posts\/19081","targetHints":{"allow":["GET"]}}],"collection":[{"href":"https:\/\/marekkuchcinski.pl\/hu\/wp-json\/wp\/v2\/posts"}],"about":[{"href":"https:\/\/marekkuchcinski.pl\/hu\/wp-json\/wp\/v2\/types\/post"}],"author":[{"embeddable":true,"href":"https:\/\/marekkuchcinski.pl\/hu\/wp-json\/wp\/v2\/users\/17"}],"replies":[{"embeddable":true,"href":"https:\/\/marekkuchcinski.pl\/hu\/wp-json\/wp\/v2\/comments?post=19081"}],"version-history":[{"count":1,"href":"https:\/\/marekkuchcinski.pl\/hu\/wp-json\/wp\/v2\/posts\/19081\/revisions"}],"predecessor-version":[{"id":19083,"href":"https:\/\/marekkuchcinski.pl\/hu\/wp-json\/wp\/v2\/posts\/19081\/revisions\/19083"}],"wp:featuredmedia":[{"embeddable":true,"href":"https:\/\/marekkuchcinski.pl\/hu\/wp-json\/wp\/v2\/media\/19082"}],"wp:attachment":[{"href":"https:\/\/marekkuchcinski.pl\/hu\/wp-json\/wp\/v2\/media?parent=19081"}],"wp:term":[{"taxonomy":"category","embeddable":true,"href":"https:\/\/marekkuchcinski.pl\/hu\/wp-json\/wp\/v2\/categories?post=19081"},{"taxonomy":"post_tag","embeddable":true,"href":"https:\/\/marekkuchcinski.pl\/hu\/wp-json\/wp\/v2\/tags?post=19081"}],"curies":[{"name":"wp","href":"https:\/\/api.w.org\/{rel}","templated":true}]}}