{"id":19078,"date":"2020-05-30T18:46:36","date_gmt":"2020-05-30T16:46:36","guid":{"rendered":"https:\/\/marek2.rkartist.pl\/?p=19078"},"modified":"2020-07-08T21:16:39","modified_gmt":"2020-07-08T19:16:39","slug":"europa-karpat-zaproszenie-do-dyskusji","status":"publish","type":"post","link":"https:\/\/marekkuchcinski.pl\/hu\/europa-karpat\/europa-karpat-zaproszenie-do-dyskusji\/","title":{"rendered":"K\u00e1rp\u00e1ti Eur\u00f3pa Felh\u00edv\u00e1s vit\u00e1ra"},"content":{"rendered":"<p class=\"has-medium-font-size\"><strong>H\u00f6lgyeim \u00e9s uraim!<\/strong><\/p>\n\n\n\n<p class=\"has-medium-font-size\"><\/p>\n\n\n\n<p class=\"has-medium-font-size\"> &nbsp;&nbsp;&nbsp;&nbsp;&nbsp;&nbsp;&nbsp;&nbsp;&nbsp;&nbsp;&nbsp; 2020. febru\u00e1r 21-23-\u00e1n Krasiczynban \u00e9s Przemy\u015blben ker\u00fclt megrendez\u00e9sre a Lengyel K\u00f6zt\u00e1rsas\u00e1g Szejmje \u00e1ltal, t\u00f6bbek k\u00f6z\u00f6tt a W. Felczak Int\u00e9zet, a K\u00e1rp\u00e1tok Euror\u00e9gi\u00f3 \u00e9s a Przemy\u015bli Nemzeti M\u00fazeum egy\u00fcttm\u0171k\u00f6d\u00e9s\u00e9vel szervezett XXVI. K\u00e1rp\u00e1tok Eur\u00f3p\u00e1ja konferencia.<\/p>\n\n\n\n<p class=\"has-medium-font-size\"> &nbsp;&nbsp;&nbsp;&nbsp;&nbsp;&nbsp;&nbsp;&nbsp;&nbsp;&nbsp;&nbsp; A t\u00f6bb k\u00f6z\u00e9p- \u00e9s kelet-eur\u00f3pai orsz\u00e1gb\u00f3l megh\u00edvott vend\u00e9gek megvitatt\u00e1k az egy\u00fcttm\u0171k\u00f6d\u00e9s aktu\u00e1lis k\u00e9rd\u00e9seit \u00e9s perspekt\u00edv\u00e1it. A megbesz\u00e9l\u00e9sek a K\u00e1rp\u00e1talja t\u00e1rsadalmainak alapvet\u0151 probl\u00e9m\u00e1ir\u00f3l \u00e9s olyan k\u00e9rd\u00e9sekr\u0151l sz\u00f3ltak, amelyeknek \u00f6sszeur\u00f3pai dimenzi\u00f3ja is van. A vit\u00e1k az Eur\u00f3pai Uni\u00f3 alakj\u00e1nak alapvet\u0151 k\u00e9rd\u00e9seivel, jelenlegi helyzet\u00e9vel \u00e9s \u00e1talak\u00edt\u00e1s\u00e1nak terveivel kezd\u0151dtek. <\/p>\n\n\n\n<p class=\"has-medium-font-size\">&nbsp;&nbsp;&nbsp;&nbsp;&nbsp;&nbsp;&nbsp;&nbsp;&nbsp;&nbsp;&nbsp; T\u00f6bb orsz\u00e1g kommunik\u00e1ci\u00f3s miniszterei\nK\u00f6z\u00e9p- \u00e9s kelet-eur\u00f3pai k\u00f6zleked\u00e9si miniszterek \u00e9s szak\u00e9rt\u0151k megvitatt\u00e1k a k\u00f6zleked\u00e9si infrastrukt\u00far\u00e1t\na k\u00f6zleked\u00e9si infrastrukt\u00fara \u00e9s a kommunik\u00e1ci\u00f3 m\u0171k\u00f6d\u00e9se az eg\u00e9sz H\u00e1romv\u00e1ros ter\u00fclet\u00e9n,\nk\u00fcl\u00f6n\u00f6sen a Via Carpatia, Via Baltica, Rail Baltica projektek megval\u00f3s\u00edt\u00e1s\u00e1r\u00f3l,\nK\u00f6zponti kommunik\u00e1ci\u00f3s kik\u00f6t\u0151... A fejleszt\u00e9si miniszterek megvitatt\u00e1k a tev\u00e9kenys\u00e9geket a\nK\u00e1rp\u00e1tok Strat\u00e9gia. A visegr\u00e1di csoportr\u00f3l is sz\u00f3 esett az el\u0151est\u00e9j\u00e9n.\nMegalap\u00edt\u00e1s\u00e1nak 30. \u00e9vfordul\u00f3ja. N\u00e9gy orsz\u00e1gunkat tov\u00e1bbra is k\u00f6z\u00f6s \u00e9rdekek k\u00f6tik \u00f6ssze.\nN\u00e9gy orsz\u00e1gunkat tov\u00e1bbra is k\u00f6z\u00f6s \u00e9rdekek k\u00f6tik \u00f6ssze a biztons\u00e1g, a k\u00f6rnyezetv\u00e9delem \u00e9s a turizmus ter\u00fclet\u00e9n.\na tapasztalat azt bizony\u00edtja, hogy a k\u00f6z\u00f6s fell\u00e9p\u00e9sek hat\u00e9konyabbak. A\nAz intenz\u00edv parlamenti egy\u00fcttm\u0171k\u00f6d\u00e9s eredm\u00e9nyei a k\u00f6z\u00e9p- \u00e9s\nKelet-Eur\u00f3pa is bemutat\u00e1sra ker\u00fclt.<\/p>\n\n\n\n<p class=\"has-medium-font-size\">&nbsp;&nbsp;&nbsp;&nbsp;&nbsp;&nbsp;&nbsp;&nbsp;&nbsp;&nbsp;&nbsp; Az idei K\u00e1rp\u00e1tok Eur\u00f3p\u00e1ja konferencia\nAz idei K\u00e1rp\u00e1tok Eur\u00f3p\u00e1ja Konferencia \u00faj t\u00e9m\u00e1kkal gazdagodott - bel\u00e9pve a kult\u00fara ter\u00fclet\u00e9re, amely a\na K\u00e1rp\u00e1tok t\u00e9rs\u00e9g\u00e9ben \u00e9l\u0151 nemzetek l\u00e9t\u00e9nek alapja \u00e9s t\u00e9nyez\u0151je.\nk\u00f6zeled\u00e9s \u00e9s hat\u00e9kony egy\u00fcttm\u0171k\u00f6d\u00e9s az eur\u00f3pai \u00e9s glob\u00e1lis rivaliz\u00e1l\u00e1s helyzet\u00e9ben<strong>.<\/strong><\/p>\n\n\n\n<p class=\"has-medium-font-size\">&nbsp;&nbsp;&nbsp;&nbsp;&nbsp;&nbsp;&nbsp;&nbsp;&nbsp;&nbsp;&nbsp; \u00cdgy a vita k\u00f6z\u00e9ppontj\u00e1ban a K\u00f6z\u00e9p- \u00e9s Kelet-Eur\u00f3p\u00e1ban m\u0171k\u00f6d\u0151 \u00e9rt\u00e9krendszerek, az axiol\u00f3giai vesz\u00e9lyek \u00e9s az \u00e9rt\u00e9keket \u00f6szt\u00f6nz\u0151 t\u00e9nyez\u0151k \u00e1lltak. Bemutat\u00e1sra ker\u00fcltek olyan kiemelked\u0151 szem\u00e9lyis\u00e9gek, akik sikeresen val\u00f3s\u00edtott\u00e1k meg az \u00e9rt\u00e9keket, hat\u00e1st gyakorolva a kollekt\u00edv \u00e9s szem\u00e9lyes szabads\u00e1g visszaszerz\u00e9s\u00e9nek folyamataira, valamint a kommunista totalitarizmus megd\u00f6nt\u00e9se ut\u00e1ni \u00e9rt\u00e9kes val\u00f3s\u00e1g fel\u00e9p\u00edt\u00e9s\u00e9re. A vil\u00e1gn\u00e9zeti \u00e9s kultur\u00e1lis k\u00e9rd\u00e9sekhez szorosan kapcsol\u00f3dott a kiv\u00e1l\u00f3 angol filoz\u00f3fusnak, Roger Scrutonnak, a k\u00f6z\u00e9p-eur\u00f3pai nemzetek bar\u00e1tj\u00e1nak - egy olyan gondolkod\u00f3nak, aki gyakran megfordult Krasiczynban, \u00e9s akinek sokat k\u00f6sz\u00f6nhet\u00fcnk.<\/p>\n\n\n\n<p class=\"has-medium-font-size\">&nbsp;&nbsp;&nbsp;&nbsp;&nbsp;&nbsp;&nbsp;&nbsp;&nbsp;&nbsp;&nbsp; A K\u00e1rp\u00e1teur\u00f3pa konferencia gazdag hagyom\u00e1nyaihoz \u00faj gondolatok kapcsol\u00f3dtak\nvitaf\u00f3rumok \u00e9s k\u00eds\u00e9r\u0151 rendezv\u00e9nyek az 1. Nemzetk\u00f6zi F\u00f3rum a\nK\u00e1rp\u00e1t R\u00e9gi\u00f3 \u00e9s a H\u00e1rom K\u00e1rp\u00e1tok Kezdem\u00e9nyez\u00e9s, amelyre Przemyslben ker\u00fclt sor,\na K\u00e1rp\u00e1tok Eur\u00f3p\u00e1ja konferencia els\u0151 napj\u00e1n a XXVI.<\/p>\n\n\n\n<p class=\"has-medium-font-size\"><strong>H\u00f6lgyeim \u00e9s uraim!<\/strong><\/p>\n\n\n\n<p class=\"has-medium-font-size\"> &nbsp;&nbsp;&nbsp;&nbsp;&nbsp;&nbsp;&nbsp;&nbsp;&nbsp;&nbsp;&nbsp;  mivel sz\u00e1mos konkr\u00e9t javaslatot kapunk a j\u00f6v\u0151re vonatkoz\u00f3an, javasoljuk, hogy kezdj\u00fcnk vit\u00e1t a k\u00f6z\u00e9p-eur\u00f3pai \u00e9s a K\u00e1rp\u00e1tok Eur\u00f3p\u00e1j\u00e1ban val\u00f3 egy\u00fcttm\u0171k\u00f6d\u00e9sr\u0151l. Arra k\u00e9rj\u00fck \u00d6n\u00f6ket, hogy gondolkodjanak el azon, hogy mit jelent mindannyiunk sz\u00e1m\u00e1ra a K\u00e1rp\u00e1tok Eur\u00f3p\u00e1ja, mit \u00e9rt\u00fcnk el \u00e9s milyen kih\u00edv\u00e1sokkal kell szemben\u00e9zn\u00fcnk: Mi a k\u00f6vetkez\u0151 l\u00e9p\u00e9s? Hogyan tov\u00e1bb? Mi\u00e9rt tov\u00e1bb? \u00c9s kire \u00e9rdemes eml\u00e9kezni?<\/p>\n\n\n\n<p class=\"has-medium-font-size\"> &nbsp;&nbsp;&nbsp;&nbsp;&nbsp;&nbsp;&nbsp;&nbsp;&nbsp;&nbsp;&nbsp;  Vannak-e konkr\u00e9t elk\u00e9pzel\u00e9seink 2020-ra, az azt k\u00f6vet\u0151 \u00e9vre, \u00e9s - a k\u00f6vetkez\u0151 gener\u00e1ci\u00f3 szempontj\u00e1b\u00f3l - mi t\u00f6rt\u00e9njen, hogy K\u00f6z\u00e9p-Eur\u00f3pa t\u00e1gabb \u00e9rtelemben \u00f6nmag\u00e1v\u00e1 v\u00e1lhasson, az EU teljes jog\u00fa r\u00e9sz\u00e9v\u00e9 v\u00e1lhasson, \u00e9s ugyan\u00fagy Eur\u00f3pa \u00e9s \u00c1zsia kulcsk\u00f6ve, mint a vil\u00e1g horgonya legyen, ahol a csal\u00e1d, a nemzet\/k\u00f6z\u00f6ss\u00e9g, a vall\u00e1s, a polg\u00e1rok jogai stb. a legfontosabbak? <\/p>\n\n\n\n<p class=\"has-medium-font-size\"> &nbsp;&nbsp;&nbsp;&nbsp;&nbsp;&nbsp;&nbsp;&nbsp;&nbsp;&nbsp;&nbsp;  Az anyagot a honlapon k\u00edv\u00e1njuk k\u00f6zz\u00e9tenni <a href=\"https:\/\/marekkuchcinski.pl\/hu\/\">www.marekkuchcinski.pl<\/a>. c\u00edmen, a K\u00e1rp\u00e1tok Eur\u00f3p\u00e1ja f\u00fcl alatt, valamint a vita kiterjeszt\u00e9se az \u00e9rdekelt m\u00e9diumokon \u00e9s internetes port\u00e1lokon kereszt\u00fcl. Levelez\u00e9si c\u00edm: <a href=\"mailto:marek.kuchcinski@sejm.pl\">marek.kuchcinski@sejm.pl<\/a>. A k\u00f6vetkez\u0151 konferenci\u00e1k \u00e9s \u00fcl\u00e9sek el\u0151k\u00e9sz\u00edt\u00e9s\u00e9ben is hasznosak lesznek. <\/p>\n\n\n\n<p class=\"has-medium-font-size\">Sz\u00edv\u00e9lyesen megh\u00edvjuk \u00d6nt, hogy m\u0171k\u00f6dj\u00f6n vel\u00fcnk egy\u00fctt.<\/p>\n\n\n\n<p class=\"has-medium-font-size\">&nbsp;&nbsp;&nbsp;&nbsp;&nbsp;&nbsp;&nbsp;&nbsp;&nbsp; <strong>Marek Kuchci\u0144ski <\/strong><\/p>\n\n\n\n<p class=\"has-medium-font-size\">  <strong>A K\u00e1rp\u00e1talja eln\u00f6ke <\/strong><\/p>\n\n\n\n<p class=\"has-medium-font-size\">&nbsp;&nbsp;&nbsp; <strong>Parlamenti k\u00e9pvisel\u0151csoport,<\/strong> <\/p>\n\n\n\n<p>M\u00e1rcius\n2020<\/p>","protected":false},"excerpt":{"rendered":"<p>Tisztelt H\u00f6lgyeim \u00e9s Uraim!2020. febru\u00e1r 21-23-\u00e1n Krasiczynban \u00e9s Przemy\u015blben ker\u00fclt megrendez\u00e9sre a XXVI. K\u00e1rp\u00e1tok Eur\u00f3p\u00e1ja konferencia, amelyet a Lengyel K\u00f6zt\u00e1rsas\u00e1g Szejmje szervezett, t\u00f6bbek k\u00f6z\u00f6tt a W. Felczak Int\u00e9zet, a K\u00e1rp\u00e1tok Euror\u00e9gi\u00f3 \u00e9s a Przemy\u015bli Nemzeti M\u00fazeum egy\u00fcttm\u0171k\u00f6d\u00e9s\u00e9vel.             A t\u00f6bb mint egy tucat k\u00f6z\u00e9p- \u00e9s kelet-eur\u00f3pai orsz\u00e1gb\u00f3l megh\u00edvott vend\u00e9gek megvitatt\u00e1k az aktu\u00e1lis k\u00e9rd\u00e9seket \u00e9s az egy\u00fcttm\u0171k\u00f6d\u00e9s kil\u00e1t\u00e1sait. [...]<\/p>","protected":false},"author":17,"featured_media":19079,"comment_status":"open","ping_status":"open","sticky":true,"template":"","format":"standard","meta":{"ngg_post_thumbnail":0,"footnotes":""},"categories":[78,177],"tags":[],"class_list":["post-19078","post","type-post","status-publish","format-standard","has-post-thumbnail","hentry","category-europa-karpat","category-europa-karpat-dyskusja"],"yoast_head":"<!-- This site is optimized with the Yoast SEO plugin v24.7 - https:\/\/yoast.com\/wordpress\/plugins\/seo\/ -->\n<title>Europa Karpat zaproszenie do dyskusji &#8211; Marek Kuchci\u0144ski<\/title>\n<meta name=\"robots\" content=\"index, follow, max-snippet:-1, max-image-preview:large, max-video-preview:-1\" \/>\n<link rel=\"canonical\" href=\"https:\/\/marekkuchcinski.pl\/hu\/europa-karpat\/europa-karpat-zaproszenie-do-dyskusji\/\" \/>\n<meta property=\"og:locale\" content=\"hu_HU\" \/>\n<meta property=\"og:type\" content=\"article\" \/>\n<meta property=\"og:title\" content=\"Europa Karpat zaproszenie do dyskusji &#8211; Marek Kuchci\u0144ski\" \/>\n<meta property=\"og:description\" content=\"Szanowni Pa\u0144stwo, &nbsp;&nbsp;&nbsp;&nbsp;&nbsp;&nbsp;&nbsp;&nbsp;&nbsp;&nbsp;&nbsp; w dniach 21-23 lutego 2020 r., w Krasiczynie i w Przemy\u015blu odby\u0142a si\u0119 XXVI Konferencja Europa Karpat organizowana przez Sejm RP, przy wsp\u00f3\u0142pracy m.in. z Instytutem im. W. Felczaka, Euroregionem Karpackim i Muzeum Narodowym Ziemi Przemyskiej. &nbsp;&nbsp;&nbsp;&nbsp;&nbsp;&nbsp;&nbsp;&nbsp;&nbsp;&nbsp;&nbsp; Zaproszeni go\u015bcie z kilkunastu pa\u0144stw Europy \u015arodkowej i Wschodniej omawiali aktualn\u0105 problematyk\u0119 i perspektywy wsp\u00f3\u0142pracy. [&hellip;]\" \/>\n<meta property=\"og:url\" content=\"https:\/\/marekkuchcinski.pl\/hu\/europa-karpat\/europa-karpat-zaproszenie-do-dyskusji\/\" \/>\n<meta property=\"og:site_name\" content=\"Marek Kuchci\u0144ski\" \/>\n<meta property=\"article:published_time\" content=\"2020-05-30T16:46:36+00:00\" \/>\n<meta property=\"article:modified_time\" content=\"2020-07-08T19:16:39+00:00\" \/>\n<meta property=\"og:image\" content=\"https:\/\/marekkuchcinski.pl\/wp-content\/uploads\/2020\/06\/Mapka-2.png\" \/>\n\t<meta property=\"og:image:width\" content=\"696\" \/>\n\t<meta property=\"og:image:height\" content=\"642\" \/>\n\t<meta property=\"og:image:type\" content=\"image\/png\" \/>\n<meta name=\"author\" content=\"Tomasz \u0141acina\" \/>\n<meta name=\"twitter:card\" content=\"summary_large_image\" \/>\n<meta name=\"twitter:label1\" content=\"Szerz\u0151:\" \/>\n\t<meta name=\"twitter:data1\" content=\"Tomasz \u0141acina\" \/>\n\t<meta name=\"twitter:label2\" content=\"Becs\u00fclt olvas\u00e1si id\u0151\" \/>\n\t<meta name=\"twitter:data2\" content=\"3 perc\" \/>\n<script type=\"application\/ld+json\" class=\"yoast-schema-graph\">{\"@context\":\"https:\/\/schema.org\",\"@graph\":[{\"@type\":\"Article\",\"@id\":\"https:\/\/marekkuchcinski.pl\/cs\/europa-karpat\/europa-karpat-zaproszenie-do-dyskusji\/#article\",\"isPartOf\":{\"@id\":\"https:\/\/marekkuchcinski.pl\/cs\/europa-karpat\/europa-karpat-zaproszenie-do-dyskusji\/\"},\"author\":{\"name\":\"Tomasz \u0141acina\",\"@id\":\"https:\/\/marekkuchcinski.pl\/#\/schema\/person\/b8a29fe7813098f7be78801d029910a7\"},\"headline\":\"Europa Karpat zaproszenie do dyskusji\",\"datePublished\":\"2020-05-30T16:46:36+00:00\",\"dateModified\":\"2020-07-08T19:16:39+00:00\",\"mainEntityOfPage\":{\"@id\":\"https:\/\/marekkuchcinski.pl\/cs\/europa-karpat\/europa-karpat-zaproszenie-do-dyskusji\/\"},\"wordCount\":699,\"commentCount\":0,\"publisher\":{\"@id\":\"https:\/\/marekkuchcinski.pl\/#organization\"},\"image\":{\"@id\":\"https:\/\/marekkuchcinski.pl\/cs\/europa-karpat\/europa-karpat-zaproszenie-do-dyskusji\/#primaryimage\"},\"thumbnailUrl\":\"https:\/\/marekkuchcinski.pl\/wp-content\/uploads\/2020\/06\/Mapka-2.png\",\"articleSection\":[\"Europa Karpat\",\"Europa Karpat \u2013 dyskusja\"],\"inLanguage\":\"hu\",\"potentialAction\":[{\"@type\":\"CommentAction\",\"name\":\"Comment\",\"target\":[\"https:\/\/marekkuchcinski.pl\/cs\/europa-karpat\/europa-karpat-zaproszenie-do-dyskusji\/#respond\"]}]},{\"@type\":\"WebPage\",\"@id\":\"https:\/\/marekkuchcinski.pl\/cs\/europa-karpat\/europa-karpat-zaproszenie-do-dyskusji\/\",\"url\":\"https:\/\/marekkuchcinski.pl\/cs\/europa-karpat\/europa-karpat-zaproszenie-do-dyskusji\/\",\"name\":\"Europa Karpat zaproszenie do dyskusji &#8211; Marek Kuchci\u0144ski\",\"isPartOf\":{\"@id\":\"https:\/\/marekkuchcinski.pl\/#website\"},\"primaryImageOfPage\":{\"@id\":\"https:\/\/marekkuchcinski.pl\/cs\/europa-karpat\/europa-karpat-zaproszenie-do-dyskusji\/#primaryimage\"},\"image\":{\"@id\":\"https:\/\/marekkuchcinski.pl\/cs\/europa-karpat\/europa-karpat-zaproszenie-do-dyskusji\/#primaryimage\"},\"thumbnailUrl\":\"https:\/\/marekkuchcinski.pl\/wp-content\/uploads\/2020\/06\/Mapka-2.png\",\"datePublished\":\"2020-05-30T16:46:36+00:00\",\"dateModified\":\"2020-07-08T19:16:39+00:00\",\"breadcrumb\":{\"@id\":\"https:\/\/marekkuchcinski.pl\/cs\/europa-karpat\/europa-karpat-zaproszenie-do-dyskusji\/#breadcrumb\"},\"inLanguage\":\"hu\",\"potentialAction\":[{\"@type\":\"ReadAction\",\"target\":[\"https:\/\/marekkuchcinski.pl\/cs\/europa-karpat\/europa-karpat-zaproszenie-do-dyskusji\/\"]}]},{\"@type\":\"ImageObject\",\"inLanguage\":\"hu\",\"@id\":\"https:\/\/marekkuchcinski.pl\/cs\/europa-karpat\/europa-karpat-zaproszenie-do-dyskusji\/#primaryimage\",\"url\":\"https:\/\/marekkuchcinski.pl\/wp-content\/uploads\/2020\/06\/Mapka-2.png\",\"contentUrl\":\"https:\/\/marekkuchcinski.pl\/wp-content\/uploads\/2020\/06\/Mapka-2.png\",\"width\":696,\"height\":642},{\"@type\":\"BreadcrumbList\",\"@id\":\"https:\/\/marekkuchcinski.pl\/cs\/europa-karpat\/europa-karpat-zaproszenie-do-dyskusji\/#breadcrumb\",\"itemListElement\":[{\"@type\":\"ListItem\",\"position\":1,\"name\":\"Strona g\u0142\u00f3wna\",\"item\":\"https:\/\/marekkuchcinski.pl\/\"},{\"@type\":\"ListItem\",\"position\":2,\"name\":\"Europa Karpat zaproszenie do dyskusji\"}]},{\"@type\":\"WebSite\",\"@id\":\"https:\/\/marekkuchcinski.pl\/#website\",\"url\":\"https:\/\/marekkuchcinski.pl\/\",\"name\":\"Marek Kuchci\u0144ski\",\"description\":\"Pose\u0142 na sejm RP &ndash; okr\u0119g nr 22\",\"publisher\":{\"@id\":\"https:\/\/marekkuchcinski.pl\/#organization\"},\"potentialAction\":[{\"@type\":\"SearchAction\",\"target\":{\"@type\":\"EntryPoint\",\"urlTemplate\":\"https:\/\/marekkuchcinski.pl\/?s={search_term_string}\"},\"query-input\":{\"@type\":\"PropertyValueSpecification\",\"valueRequired\":true,\"valueName\":\"search_term_string\"}}],\"inLanguage\":\"hu\"},{\"@type\":\"Organization\",\"@id\":\"https:\/\/marekkuchcinski.pl\/#organization\",\"name\":\"Marek Kuchci\u0144ski\",\"url\":\"https:\/\/marekkuchcinski.pl\/\",\"logo\":{\"@type\":\"ImageObject\",\"inLanguage\":\"hu\",\"@id\":\"https:\/\/marekkuchcinski.pl\/#\/schema\/logo\/image\/\",\"url\":\"https:\/\/marekkuchcinski.pl\/wp-content\/uploads\/2022\/09\/Marek.jpg\",\"contentUrl\":\"https:\/\/marekkuchcinski.pl\/wp-content\/uploads\/2022\/09\/Marek.jpg\",\"width\":1600,\"height\":971,\"caption\":\"Marek Kuchci\u0144ski\"},\"image\":{\"@id\":\"https:\/\/marekkuchcinski.pl\/#\/schema\/logo\/image\/\"}},{\"@type\":\"Person\",\"@id\":\"https:\/\/marekkuchcinski.pl\/#\/schema\/person\/b8a29fe7813098f7be78801d029910a7\",\"name\":\"Tomasz \u0141acina\",\"image\":{\"@type\":\"ImageObject\",\"inLanguage\":\"hu\",\"@id\":\"https:\/\/marekkuchcinski.pl\/#\/schema\/person\/image\/\",\"url\":\"https:\/\/secure.gravatar.com\/avatar\/22e75f6c51aff77a676ed77dd222f852?s=96&d=mm&r=g\",\"contentUrl\":\"https:\/\/secure.gravatar.com\/avatar\/22e75f6c51aff77a676ed77dd222f852?s=96&d=mm&r=g\",\"caption\":\"Tomasz \u0141acina\"},\"url\":\"https:\/\/marekkuchcinski.pl\/hu\/author\/tomek-lacina\/\"}]}<\/script>\n<!-- \/ Yoast SEO plugin. -->","yoast_head_json":{"title":"Europa Karpat zaproszenie do dyskusji &#8211; Marek Kuchci\u0144ski","robots":{"index":"index","follow":"follow","max-snippet":"max-snippet:-1","max-image-preview":"max-image-preview:large","max-video-preview":"max-video-preview:-1"},"canonical":"https:\/\/marekkuchcinski.pl\/hu\/europa-karpat\/europa-karpat-zaproszenie-do-dyskusji\/","og_locale":"hu_HU","og_type":"article","og_title":"Europa Karpat zaproszenie do dyskusji &#8211; Marek Kuchci\u0144ski","og_description":"Szanowni Pa\u0144stwo, &nbsp;&nbsp;&nbsp;&nbsp;&nbsp;&nbsp;&nbsp;&nbsp;&nbsp;&nbsp;&nbsp; w dniach 21-23 lutego 2020 r., w Krasiczynie i w Przemy\u015blu odby\u0142a si\u0119 XXVI Konferencja Europa Karpat organizowana przez Sejm RP, przy wsp\u00f3\u0142pracy m.in. z Instytutem im. W. Felczaka, Euroregionem Karpackim i Muzeum Narodowym Ziemi Przemyskiej. &nbsp;&nbsp;&nbsp;&nbsp;&nbsp;&nbsp;&nbsp;&nbsp;&nbsp;&nbsp;&nbsp; Zaproszeni go\u015bcie z kilkunastu pa\u0144stw Europy \u015arodkowej i Wschodniej omawiali aktualn\u0105 problematyk\u0119 i perspektywy wsp\u00f3\u0142pracy. [&hellip;]","og_url":"https:\/\/marekkuchcinski.pl\/hu\/europa-karpat\/europa-karpat-zaproszenie-do-dyskusji\/","og_site_name":"Marek Kuchci\u0144ski","article_published_time":"2020-05-30T16:46:36+00:00","article_modified_time":"2020-07-08T19:16:39+00:00","og_image":[{"width":696,"height":642,"url":"https:\/\/marekkuchcinski.pl\/wp-content\/uploads\/2020\/06\/Mapka-2.png","type":"image\/png"}],"author":"Tomasz \u0141acina","twitter_card":"summary_large_image","twitter_misc":{"Szerz\u0151:":"Tomasz \u0141acina","Becs\u00fclt olvas\u00e1si id\u0151":"3 perc"},"schema":{"@context":"https:\/\/schema.org","@graph":[{"@type":"Article","@id":"https:\/\/marekkuchcinski.pl\/cs\/europa-karpat\/europa-karpat-zaproszenie-do-dyskusji\/#article","isPartOf":{"@id":"https:\/\/marekkuchcinski.pl\/cs\/europa-karpat\/europa-karpat-zaproszenie-do-dyskusji\/"},"author":{"name":"Tomasz \u0141acina","@id":"https:\/\/marekkuchcinski.pl\/#\/schema\/person\/b8a29fe7813098f7be78801d029910a7"},"headline":"Europa Karpat zaproszenie do dyskusji","datePublished":"2020-05-30T16:46:36+00:00","dateModified":"2020-07-08T19:16:39+00:00","mainEntityOfPage":{"@id":"https:\/\/marekkuchcinski.pl\/cs\/europa-karpat\/europa-karpat-zaproszenie-do-dyskusji\/"},"wordCount":699,"commentCount":0,"publisher":{"@id":"https:\/\/marekkuchcinski.pl\/#organization"},"image":{"@id":"https:\/\/marekkuchcinski.pl\/cs\/europa-karpat\/europa-karpat-zaproszenie-do-dyskusji\/#primaryimage"},"thumbnailUrl":"https:\/\/marekkuchcinski.pl\/wp-content\/uploads\/2020\/06\/Mapka-2.png","articleSection":["Europa Karpat","Europa Karpat \u2013 dyskusja"],"inLanguage":"hu","potentialAction":[{"@type":"CommentAction","name":"Comment","target":["https:\/\/marekkuchcinski.pl\/cs\/europa-karpat\/europa-karpat-zaproszenie-do-dyskusji\/#respond"]}]},{"@type":"WebPage","@id":"https:\/\/marekkuchcinski.pl\/cs\/europa-karpat\/europa-karpat-zaproszenie-do-dyskusji\/","url":"https:\/\/marekkuchcinski.pl\/cs\/europa-karpat\/europa-karpat-zaproszenie-do-dyskusji\/","name":"Europa Karpat zaproszenie do dyskusji &#8211; Marek Kuchci\u0144ski","isPartOf":{"@id":"https:\/\/marekkuchcinski.pl\/#website"},"primaryImageOfPage":{"@id":"https:\/\/marekkuchcinski.pl\/cs\/europa-karpat\/europa-karpat-zaproszenie-do-dyskusji\/#primaryimage"},"image":{"@id":"https:\/\/marekkuchcinski.pl\/cs\/europa-karpat\/europa-karpat-zaproszenie-do-dyskusji\/#primaryimage"},"thumbnailUrl":"https:\/\/marekkuchcinski.pl\/wp-content\/uploads\/2020\/06\/Mapka-2.png","datePublished":"2020-05-30T16:46:36+00:00","dateModified":"2020-07-08T19:16:39+00:00","breadcrumb":{"@id":"https:\/\/marekkuchcinski.pl\/cs\/europa-karpat\/europa-karpat-zaproszenie-do-dyskusji\/#breadcrumb"},"inLanguage":"hu","potentialAction":[{"@type":"ReadAction","target":["https:\/\/marekkuchcinski.pl\/cs\/europa-karpat\/europa-karpat-zaproszenie-do-dyskusji\/"]}]},{"@type":"ImageObject","inLanguage":"hu","@id":"https:\/\/marekkuchcinski.pl\/cs\/europa-karpat\/europa-karpat-zaproszenie-do-dyskusji\/#primaryimage","url":"https:\/\/marekkuchcinski.pl\/wp-content\/uploads\/2020\/06\/Mapka-2.png","contentUrl":"https:\/\/marekkuchcinski.pl\/wp-content\/uploads\/2020\/06\/Mapka-2.png","width":696,"height":642},{"@type":"BreadcrumbList","@id":"https:\/\/marekkuchcinski.pl\/cs\/europa-karpat\/europa-karpat-zaproszenie-do-dyskusji\/#breadcrumb","itemListElement":[{"@type":"ListItem","position":1,"name":"Strona g\u0142\u00f3wna","item":"https:\/\/marekkuchcinski.pl\/"},{"@type":"ListItem","position":2,"name":"Europa Karpat zaproszenie do dyskusji"}]},{"@type":"WebSite","@id":"https:\/\/marekkuchcinski.pl\/#website","url":"https:\/\/marekkuchcinski.pl\/","name":"Marek Kuchci\u0144ski","description":"Pose\u0142 na sejm RP &ndash; okr\u0119g nr 22","publisher":{"@id":"https:\/\/marekkuchcinski.pl\/#organization"},"potentialAction":[{"@type":"SearchAction","target":{"@type":"EntryPoint","urlTemplate":"https:\/\/marekkuchcinski.pl\/?s={search_term_string}"},"query-input":{"@type":"PropertyValueSpecification","valueRequired":true,"valueName":"search_term_string"}}],"inLanguage":"hu"},{"@type":"Organization","@id":"https:\/\/marekkuchcinski.pl\/#organization","name":"Marek Kuchci\u0144ski","url":"https:\/\/marekkuchcinski.pl\/","logo":{"@type":"ImageObject","inLanguage":"hu","@id":"https:\/\/marekkuchcinski.pl\/#\/schema\/logo\/image\/","url":"https:\/\/marekkuchcinski.pl\/wp-content\/uploads\/2022\/09\/Marek.jpg","contentUrl":"https:\/\/marekkuchcinski.pl\/wp-content\/uploads\/2022\/09\/Marek.jpg","width":1600,"height":971,"caption":"Marek Kuchci\u0144ski"},"image":{"@id":"https:\/\/marekkuchcinski.pl\/#\/schema\/logo\/image\/"}},{"@type":"Person","@id":"https:\/\/marekkuchcinski.pl\/#\/schema\/person\/b8a29fe7813098f7be78801d029910a7","name":"Tomasz \u0141acina","image":{"@type":"ImageObject","inLanguage":"hu","@id":"https:\/\/marekkuchcinski.pl\/#\/schema\/person\/image\/","url":"https:\/\/secure.gravatar.com\/avatar\/22e75f6c51aff77a676ed77dd222f852?s=96&d=mm&r=g","contentUrl":"https:\/\/secure.gravatar.com\/avatar\/22e75f6c51aff77a676ed77dd222f852?s=96&d=mm&r=g","caption":"Tomasz \u0141acina"},"url":"https:\/\/marekkuchcinski.pl\/hu\/author\/tomek-lacina\/"}]}},"_links":{"self":[{"href":"https:\/\/marekkuchcinski.pl\/hu\/wp-json\/wp\/v2\/posts\/19078","targetHints":{"allow":["GET"]}}],"collection":[{"href":"https:\/\/marekkuchcinski.pl\/hu\/wp-json\/wp\/v2\/posts"}],"about":[{"href":"https:\/\/marekkuchcinski.pl\/hu\/wp-json\/wp\/v2\/types\/post"}],"author":[{"embeddable":true,"href":"https:\/\/marekkuchcinski.pl\/hu\/wp-json\/wp\/v2\/users\/17"}],"replies":[{"embeddable":true,"href":"https:\/\/marekkuchcinski.pl\/hu\/wp-json\/wp\/v2\/comments?post=19078"}],"version-history":[{"count":1,"href":"https:\/\/marekkuchcinski.pl\/hu\/wp-json\/wp\/v2\/posts\/19078\/revisions"}],"predecessor-version":[{"id":19080,"href":"https:\/\/marekkuchcinski.pl\/hu\/wp-json\/wp\/v2\/posts\/19078\/revisions\/19080"}],"wp:featuredmedia":[{"embeddable":true,"href":"https:\/\/marekkuchcinski.pl\/hu\/wp-json\/wp\/v2\/media\/19079"}],"wp:attachment":[{"href":"https:\/\/marekkuchcinski.pl\/hu\/wp-json\/wp\/v2\/media?parent=19078"}],"wp:term":[{"taxonomy":"category","embeddable":true,"href":"https:\/\/marekkuchcinski.pl\/hu\/wp-json\/wp\/v2\/categories?post=19078"},{"taxonomy":"post_tag","embeddable":true,"href":"https:\/\/marekkuchcinski.pl\/hu\/wp-json\/wp\/v2\/tags?post=19078"}],"curies":[{"name":"wp","href":"https:\/\/api.w.org\/{rel}","templated":true}]}}