{"id":19064,"date":"2020-03-29T18:28:56","date_gmt":"2020-03-29T16:28:56","guid":{"rendered":"https:\/\/marek2.rkartist.pl\/?p=19064"},"modified":"2020-07-05T13:04:00","modified_gmt":"2020-07-05T11:04:00","slug":"podsumowanie-8-posiedzenia-sejmu","status":"publish","type":"post","link":"https:\/\/marekkuchcinski.pl\/hu\/bez-kategorii\/podsumowanie-8-posiedzenia-sejmu\/","title":{"rendered":"A Szejm 8. \u00fcl\u00e9s\u00e9nek \u00f6sszefoglal\u00f3ja"},"content":{"rendered":"<p><strong>A parlamenti k\u00e9pvisel\u0151k sz\u00e1m\u00e1ra a t\u00e1voli r\u00e9szv\u00e9tel lehet\u0151s\u00e9ge a\nA m\u00e1rcius 26-\u00e1n, cs\u00fct\u00f6rt\u00f6k\u00f6n elfogadott, a Szejm elj\u00e1r\u00e1si szab\u00e1lyzat\u00e1nak m\u00f3dos\u00edt\u00e1s\u00e1t<\/strong>.\nEz volt az egyetlen napirendi pont a H\u00e1z 8. \u00fcl\u00e9s\u00e9nek els\u0151 napj\u00e1n. Tekintettel a\na kihirdetett j\u00e1rv\u00e1nyhelyzet miatt a Szejm k\u00fcl\u00f6nleges biztons\u00e1gi \u00f3vint\u00e9zked\u00e9sek mellett \u00fclt \u00f6ssze\nbiztons\u00e1gi szab\u00e1lyok. Az \u00fcl\u00e9s \u00f6sszesen 12 \u00fcl\u00e9steremben zajlik.\nszob\u00e1k. Ez lehet\u0151v\u00e9 tette a parlamenti k\u00e9pvisel\u0151k k\u00f6z\u00f6tti, az eg\u00e9szs\u00e9g\u00fcgyi hat\u00f3s\u00e1gok \u00e1ltal aj\u00e1nlott t\u00e1vols\u00e1gok betart\u00e1s\u00e1t.\naz eg\u00e9szs\u00e9g\u00fcgyi hat\u00f3s\u00e1gok \u00e1ltal aj\u00e1nlott, a parlamenti k\u00e9pvisel\u0151k k\u00f6z\u00f6tti t\u00e1vols\u00e1gok megtart\u00e1s\u00e1ra volt lehet\u0151s\u00e9g.<\/p>\n\n\n\n<p><strong>Az elfogadott jogszab\u00e1ly lehet\u0151v\u00e9 teszi a k\u00e9pvisel\u0151k sz\u00e1m\u00e1ra, hogy\na Szejm \u00fcl\u00e9s\u00e9n elektronikus eszk\u00f6z\u00f6kkel r\u00e9szt venni\nelektronikus kommunik\u00e1ci\u00f3s eszk\u00f6z\u00f6k, amelyek lehet\u0151v\u00e9 teszik a t\u00e1voli kommunik\u00e1ci\u00f3t. Ez a\na Szejm m\u0171k\u00f6d\u00e9s\u00e9nek rendk\u00edv\u00fcli m\u00f3dja csak a\naz Alkotm\u00e1nyban meghat\u00e1rozott sz\u00fcks\u00e9g\u00e1llapotok valamelyik\u00e9nek bevezet\u00e9se eset\u00e9n\nvagy j\u00e1rv\u00e1ny idej\u00e9n. A m\u00f3dos\u00edt\u00e1s j\u00fanius 30-ig marad hat\u00e1lyban\nebben az \u00e9vben.<\/strong><\/p>\n\n\n\n<p>A m\u00f3dos\u00edt\u00e1stervezeteket a Szejm Eln\u00f6ks\u00e9ge terjesztette el\u0151. Mint\naz indokol\u00e1sban hangs\u00falyozt\u00e1k, a v\u00e1ltoztat\u00e1st az dikt\u00e1lta, hogy\nbiztos\u00edtani a H\u00e1z <strong>a proakt\u00edv fell\u00e9p\u00e9s \u00e9s a jogalkot\u00e1s lehet\u0151s\u00e9ge\na koronav\u00edrusj\u00e1rv\u00e1ny elleni k\u00fczdelemben.<\/strong><\/p>\n\n\n\n<p>A m\u00f3dos\u00edt\u00e1sok azt is el\u0151\u00edrj\u00e1k, hogy hasonl\u00f3 form\u00e1tumban\na Szejm bizotts\u00e1gai \u00e9s albizotts\u00e1gai is megtarthatj\u00e1k \u00fcl\u00e9seiket,\na Szejm eln\u00f6ks\u00e9ge \u00e9s az Id\u0151sek Konventje.<\/p>\n\n\n\n<p><strong>A szejm kiv\u00e9telesen zs\u00fafolt \u00e9s csak szombaton reggel 6 \u00f3ra ut\u00e1n befejez\u0151d\u00f6tt \u00fcl\u00e9sszak\u00e1nak m\u00e1sodik napj\u00e1n (m\u00e1rcius 27., p\u00e9ntek) elfogadt\u00e1k a v\u00e1ls\u00e1gellenes pajzsot alkot\u00f3 t\u00f6rv\u00e9nyjavaslatokat:<\/strong><\/p>\n\n\n\n<ul class=\"wp-block-list\"><li><strong>A COVID-19, m\u00e1s fert\u0151z\u0151 betegs\u00e9gek \u00e9s az \u00e1ltaluk okozott v\u00e1ls\u00e1ghelyzetek megel\u0151z\u00e9s\u00e9vel, lek\u00fczd\u00e9s\u00e9vel \u00e9s felsz\u00e1mol\u00e1s\u00e1val kapcsolatos konkr\u00e9t megold\u00e1sok kidolgoz\u00e1sa. <\/strong><\/li><\/ul>\n\n\n\n<p><\/p>\n\n\n\n<ul class=\"wp-block-list\"><li><strong>T\u00f6rv\u00e9ny az eg\u00e9szs\u00e9g\u00fcgyi ell\u00e1t\u00f3rendszerrel kapcsolatos egyes t\u00f6rv\u00e9nyeknek a COVID-19 megel\u0151z\u00e9s\u00e9vel, megel\u0151z\u00e9s\u00e9vel \u00e9s lek\u00fczd\u00e9s\u00e9vel kapcsolatos m\u00f3dos\u00edt\u00e1s\u00e1r\u00f3l<\/strong><\/li><\/ul>\n\n\n\n<p><\/p>\n\n\n\n<ul class=\"wp-block-list\"><li><strong>a fejleszt\u00e9si int\u00e9zm\u00e9nyek rendszer\u00e9r\u0151l sz\u00f3l\u00f3 t\u00f6rv\u00e9ny m\u00f3dos\u00edt\u00e1s\u00e1r\u00f3l. <\/strong><\/li><\/ul>\n\n\n\n<p><strong>Az elfogadott projektek \u00f6t pill\u00e9ren alapulnak: <\/strong>a munkahelyek meg\u0151rz\u00e9se, a v\u00e1llalatok \u00e9s v\u00e1llalkoz\u00f3k t\u00e1mogat\u00e1sa, az eg\u00e9szs\u00e9g\u00fcgyi ell\u00e1t\u00e1s finansz\u00edroz\u00e1s\u00e1nak n\u00f6vel\u00e9se, az \u00e1llami beruh\u00e1z\u00e1si szektor \u00e9s a p\u00e9nz\u00fcgyi rendszer meger\u0151s\u00edt\u00e9se. <\/p>\n\n\n\n<p>Az el\u0151terjesztett \u00e9s elfogadott m\u00f3dos\u00edt\u00e1sok k\u00f6z\u00f6tt szerepelt a v\u00e1laszt\u00e1si t\u00f6rv\u00e9ny m\u00f3dos\u00edt\u00e1sa is, amelyet kib\u0151v\u00edtettek a lev\u00e9lben t\u00f6rt\u00e9n\u0151 szavaz\u00e1s lehet\u0151s\u00e9g\u00e9vel, hogy a szavaz\u00e1son r\u00e9szt vehessenek azok a v\u00e1laszt\u00f3polg\u00e1rok, akik \"a szavaz\u00e1s napj\u00e1n karant\u00e9n, elk\u00fcl\u00f6n\u00edt\u00e9s vagy h\u00e1zi elk\u00fcl\u00f6n\u00edt\u00e9s alatt \u00e1llnak\", illetve \"legk\u00e9s\u0151bb a v\u00e1laszt\u00e1s napj\u00e1n 60 \u00e9vesek vagy ann\u00e1l id\u0151sebbek\".  A 2020-as \u00e1llami k\u00f6lts\u00e9gvet\u00e9s fontos m\u00f3dos\u00edt\u00e1sait is megszavazt\u00e1k. <\/p>\n\n\n\n<p><\/p>\n\n\n\n<figure class=\"wp-block-image size-large\"><img decoding=\"async\" src=\"https:\/\/marekkuchcinski.pl\/wp-content\/uploads\/2020\/03\/91204815_3079663365385602_8120208269537968128_n.view_.jpg\" alt=\"\" class=\"wp-image-19046\"\/><figcaption> Fot\u00f3: Szejm Kancell\u00e1ria \/ \u0141ukasz B\u0142asikiewicz <\/figcaption><\/figure>\n\n\n\n<figure class=\"wp-block-image size-large\"><img decoding=\"async\" src=\"https:\/\/marekkuchcinski.pl\/wp-content\/uploads\/2020\/03\/LB1_3328.view_.jpg\" alt=\"\" class=\"wp-image-19047\"\/><figcaption> Fot\u00f3: Szejm Kancell\u00e1ria \/ \u0141ukasz B\u0142asikiewicz <\/figcaption><\/figure>\n\n\n\n<p>forr\u00e1s: https:\/\/www.sejm.gov.pl\/<\/p>\n\n\n\n<p><\/p>","protected":false},"excerpt":{"rendered":"<p>Mo\u017cliwo\u015b\u0107 zdalnego udzia\u0142u pos\u0142\u00f3w w pracach Sejmu zapewnia uchwalona w czwartek 26 marca zmiana w Regulaminie Sejmu. By\u0142 to jedyny punkt pierwszego dnia 8. posiedzenia Izby. W zwi\u0105zku z wprowadzonym stanem epidemii Sejm obradowa\u0142 z zachowaniem szczeg\u00f3lnych zasad bezpiecze\u0144stwa. Pos\u0142owie uczestniczyli w posiedzeniu rozmieszczeni \u0142\u0105cznie w 12 salach. Dzi\u0119ki temu mo\u017cliwe by\u0142o zachowanie zalecanych przez [&hellip;]<\/p>","protected":false},"author":17,"featured_media":19066,"comment_status":"open","ping_status":"open","sticky":false,"template":"","format":"standard","meta":{"ngg_post_thumbnail":0,"footnotes":""},"categories":[1,167,81],"tags":[],"class_list":["post-19064","post","type-post","status-publish","format-standard","has-post-thumbnail","hentry","category-bez-kategorii","category-posiedzenia-sejmu","category-wiesci-z-sejmu"],"yoast_head":"<!-- This site is optimized with the Yoast SEO plugin v24.7 - https:\/\/yoast.com\/wordpress\/plugins\/seo\/ -->\n<title>Podsumowanie 8. posiedzenia Sejmu &#8211; Marek Kuchci\u0144ski<\/title>\n<meta name=\"robots\" content=\"index, follow, max-snippet:-1, max-image-preview:large, max-video-preview:-1\" \/>\n<link rel=\"canonical\" href=\"https:\/\/marekkuchcinski.pl\/hu\/bez-kategorii\/podsumowanie-8-posiedzenia-sejmu\/\" \/>\n<meta property=\"og:locale\" content=\"hu_HU\" \/>\n<meta property=\"og:type\" content=\"article\" \/>\n<meta property=\"og:title\" content=\"Podsumowanie 8. posiedzenia Sejmu &#8211; Marek Kuchci\u0144ski\" \/>\n<meta property=\"og:description\" content=\"Mo\u017cliwo\u015b\u0107 zdalnego udzia\u0142u pos\u0142\u00f3w w pracach Sejmu zapewnia uchwalona w czwartek 26 marca zmiana w Regulaminie Sejmu. By\u0142 to jedyny punkt pierwszego dnia 8. posiedzenia Izby. W zwi\u0105zku z wprowadzonym stanem epidemii Sejm obradowa\u0142 z zachowaniem szczeg\u00f3lnych zasad bezpiecze\u0144stwa. Pos\u0142owie uczestniczyli w posiedzeniu rozmieszczeni \u0142\u0105cznie w 12 salach. Dzi\u0119ki temu mo\u017cliwe by\u0142o zachowanie zalecanych przez [&hellip;]\" \/>\n<meta property=\"og:url\" content=\"https:\/\/marekkuchcinski.pl\/hu\/bez-kategorii\/podsumowanie-8-posiedzenia-sejmu\/\" \/>\n<meta property=\"og:site_name\" content=\"Marek Kuchci\u0144ski\" \/>\n<meta property=\"article:published_time\" content=\"2020-03-29T16:28:56+00:00\" \/>\n<meta property=\"article:modified_time\" content=\"2020-07-05T11:04:00+00:00\" \/>\n<meta property=\"og:image\" content=\"https:\/\/marekkuchcinski.pl\/wp-content\/uploads\/2020\/06\/EUELSuPXQAAVtDM-250x200-1.jpg\" \/>\n\t<meta property=\"og:image:width\" content=\"250\" \/>\n\t<meta property=\"og:image:height\" content=\"200\" \/>\n\t<meta property=\"og:image:type\" content=\"image\/jpeg\" \/>\n<meta name=\"author\" content=\"Tomasz \u0141acina\" \/>\n<meta name=\"twitter:card\" content=\"summary_large_image\" \/>\n<meta name=\"twitter:label1\" content=\"Szerz\u0151:\" \/>\n\t<meta name=\"twitter:data1\" content=\"Tomasz \u0141acina\" \/>\n\t<meta name=\"twitter:label2\" content=\"Becs\u00fclt olvas\u00e1si id\u0151\" \/>\n\t<meta name=\"twitter:data2\" content=\"2 perc\" \/>\n<script type=\"application\/ld+json\" class=\"yoast-schema-graph\">{\"@context\":\"https:\/\/schema.org\",\"@graph\":[{\"@type\":\"Article\",\"@id\":\"https:\/\/marekkuchcinski.pl\/bez-kategorii\/podsumowanie-8-posiedzenia-sejmu\/#article\",\"isPartOf\":{\"@id\":\"https:\/\/marekkuchcinski.pl\/bez-kategorii\/podsumowanie-8-posiedzenia-sejmu\/\"},\"author\":{\"name\":\"Tomasz \u0141acina\",\"@id\":\"https:\/\/marekkuchcinski.pl\/#\/schema\/person\/b8a29fe7813098f7be78801d029910a7\"},\"headline\":\"Podsumowanie 8. posiedzenia Sejmu\",\"datePublished\":\"2020-03-29T16:28:56+00:00\",\"dateModified\":\"2020-07-05T11:04:00+00:00\",\"mainEntityOfPage\":{\"@id\":\"https:\/\/marekkuchcinski.pl\/bez-kategorii\/podsumowanie-8-posiedzenia-sejmu\/\"},\"wordCount\":419,\"commentCount\":0,\"publisher\":{\"@id\":\"https:\/\/marekkuchcinski.pl\/#organization\"},\"image\":{\"@id\":\"https:\/\/marekkuchcinski.pl\/bez-kategorii\/podsumowanie-8-posiedzenia-sejmu\/#primaryimage\"},\"thumbnailUrl\":\"https:\/\/marekkuchcinski.pl\/wp-content\/uploads\/2020\/06\/EUELSuPXQAAVtDM-250x200-1.jpg\",\"articleSection\":[\"Bez kategorii\",\"Posiedzenia Sejmu\",\"Wie\u015bci z Sejmu\"],\"inLanguage\":\"hu\",\"potentialAction\":[{\"@type\":\"CommentAction\",\"name\":\"Comment\",\"target\":[\"https:\/\/marekkuchcinski.pl\/bez-kategorii\/podsumowanie-8-posiedzenia-sejmu\/#respond\"]}]},{\"@type\":\"WebPage\",\"@id\":\"https:\/\/marekkuchcinski.pl\/bez-kategorii\/podsumowanie-8-posiedzenia-sejmu\/\",\"url\":\"https:\/\/marekkuchcinski.pl\/bez-kategorii\/podsumowanie-8-posiedzenia-sejmu\/\",\"name\":\"Podsumowanie 8. posiedzenia Sejmu &#8211; Marek Kuchci\u0144ski\",\"isPartOf\":{\"@id\":\"https:\/\/marekkuchcinski.pl\/#website\"},\"primaryImageOfPage\":{\"@id\":\"https:\/\/marekkuchcinski.pl\/bez-kategorii\/podsumowanie-8-posiedzenia-sejmu\/#primaryimage\"},\"image\":{\"@id\":\"https:\/\/marekkuchcinski.pl\/bez-kategorii\/podsumowanie-8-posiedzenia-sejmu\/#primaryimage\"},\"thumbnailUrl\":\"https:\/\/marekkuchcinski.pl\/wp-content\/uploads\/2020\/06\/EUELSuPXQAAVtDM-250x200-1.jpg\",\"datePublished\":\"2020-03-29T16:28:56+00:00\",\"dateModified\":\"2020-07-05T11:04:00+00:00\",\"breadcrumb\":{\"@id\":\"https:\/\/marekkuchcinski.pl\/bez-kategorii\/podsumowanie-8-posiedzenia-sejmu\/#breadcrumb\"},\"inLanguage\":\"hu\",\"potentialAction\":[{\"@type\":\"ReadAction\",\"target\":[\"https:\/\/marekkuchcinski.pl\/bez-kategorii\/podsumowanie-8-posiedzenia-sejmu\/\"]}]},{\"@type\":\"ImageObject\",\"inLanguage\":\"hu\",\"@id\":\"https:\/\/marekkuchcinski.pl\/bez-kategorii\/podsumowanie-8-posiedzenia-sejmu\/#primaryimage\",\"url\":\"https:\/\/marekkuchcinski.pl\/wp-content\/uploads\/2020\/06\/EUELSuPXQAAVtDM-250x200-1.jpg\",\"contentUrl\":\"https:\/\/marekkuchcinski.pl\/wp-content\/uploads\/2020\/06\/EUELSuPXQAAVtDM-250x200-1.jpg\",\"width\":250,\"height\":200},{\"@type\":\"BreadcrumbList\",\"@id\":\"https:\/\/marekkuchcinski.pl\/bez-kategorii\/podsumowanie-8-posiedzenia-sejmu\/#breadcrumb\",\"itemListElement\":[{\"@type\":\"ListItem\",\"position\":1,\"name\":\"Strona g\u0142\u00f3wna\",\"item\":\"https:\/\/marekkuchcinski.pl\/\"},{\"@type\":\"ListItem\",\"position\":2,\"name\":\"Podsumowanie 8. posiedzenia Sejmu\"}]},{\"@type\":\"WebSite\",\"@id\":\"https:\/\/marekkuchcinski.pl\/#website\",\"url\":\"https:\/\/marekkuchcinski.pl\/\",\"name\":\"Marek Kuchci\u0144ski\",\"description\":\"Pose\u0142 na sejm RP &ndash; okr\u0119g nr 22\",\"publisher\":{\"@id\":\"https:\/\/marekkuchcinski.pl\/#organization\"},\"potentialAction\":[{\"@type\":\"SearchAction\",\"target\":{\"@type\":\"EntryPoint\",\"urlTemplate\":\"https:\/\/marekkuchcinski.pl\/?s={search_term_string}\"},\"query-input\":{\"@type\":\"PropertyValueSpecification\",\"valueRequired\":true,\"valueName\":\"search_term_string\"}}],\"inLanguage\":\"hu\"},{\"@type\":\"Organization\",\"@id\":\"https:\/\/marekkuchcinski.pl\/#organization\",\"name\":\"Marek Kuchci\u0144ski\",\"url\":\"https:\/\/marekkuchcinski.pl\/\",\"logo\":{\"@type\":\"ImageObject\",\"inLanguage\":\"hu\",\"@id\":\"https:\/\/marekkuchcinski.pl\/#\/schema\/logo\/image\/\",\"url\":\"https:\/\/marekkuchcinski.pl\/wp-content\/uploads\/2022\/09\/Marek.jpg\",\"contentUrl\":\"https:\/\/marekkuchcinski.pl\/wp-content\/uploads\/2022\/09\/Marek.jpg\",\"width\":1600,\"height\":971,\"caption\":\"Marek Kuchci\u0144ski\"},\"image\":{\"@id\":\"https:\/\/marekkuchcinski.pl\/#\/schema\/logo\/image\/\"}},{\"@type\":\"Person\",\"@id\":\"https:\/\/marekkuchcinski.pl\/#\/schema\/person\/b8a29fe7813098f7be78801d029910a7\",\"name\":\"Tomasz \u0141acina\",\"image\":{\"@type\":\"ImageObject\",\"inLanguage\":\"hu\",\"@id\":\"https:\/\/marekkuchcinski.pl\/#\/schema\/person\/image\/\",\"url\":\"https:\/\/secure.gravatar.com\/avatar\/22e75f6c51aff77a676ed77dd222f852?s=96&d=mm&r=g\",\"contentUrl\":\"https:\/\/secure.gravatar.com\/avatar\/22e75f6c51aff77a676ed77dd222f852?s=96&d=mm&r=g\",\"caption\":\"Tomasz \u0141acina\"},\"url\":\"https:\/\/marekkuchcinski.pl\/hu\/author\/tomek-lacina\/\"}]}<\/script>\n<!-- \/ Yoast SEO plugin. -->","yoast_head_json":{"title":"Podsumowanie 8. posiedzenia Sejmu &#8211; Marek Kuchci\u0144ski","robots":{"index":"index","follow":"follow","max-snippet":"max-snippet:-1","max-image-preview":"max-image-preview:large","max-video-preview":"max-video-preview:-1"},"canonical":"https:\/\/marekkuchcinski.pl\/hu\/bez-kategorii\/podsumowanie-8-posiedzenia-sejmu\/","og_locale":"hu_HU","og_type":"article","og_title":"Podsumowanie 8. posiedzenia Sejmu &#8211; Marek Kuchci\u0144ski","og_description":"Mo\u017cliwo\u015b\u0107 zdalnego udzia\u0142u pos\u0142\u00f3w w pracach Sejmu zapewnia uchwalona w czwartek 26 marca zmiana w Regulaminie Sejmu. By\u0142 to jedyny punkt pierwszego dnia 8. posiedzenia Izby. W zwi\u0105zku z wprowadzonym stanem epidemii Sejm obradowa\u0142 z zachowaniem szczeg\u00f3lnych zasad bezpiecze\u0144stwa. Pos\u0142owie uczestniczyli w posiedzeniu rozmieszczeni \u0142\u0105cznie w 12 salach. Dzi\u0119ki temu mo\u017cliwe by\u0142o zachowanie zalecanych przez [&hellip;]","og_url":"https:\/\/marekkuchcinski.pl\/hu\/bez-kategorii\/podsumowanie-8-posiedzenia-sejmu\/","og_site_name":"Marek Kuchci\u0144ski","article_published_time":"2020-03-29T16:28:56+00:00","article_modified_time":"2020-07-05T11:04:00+00:00","og_image":[{"width":250,"height":200,"url":"https:\/\/marekkuchcinski.pl\/wp-content\/uploads\/2020\/06\/EUELSuPXQAAVtDM-250x200-1.jpg","type":"image\/jpeg"}],"author":"Tomasz \u0141acina","twitter_card":"summary_large_image","twitter_misc":{"Szerz\u0151:":"Tomasz \u0141acina","Becs\u00fclt olvas\u00e1si id\u0151":"2 perc"},"schema":{"@context":"https:\/\/schema.org","@graph":[{"@type":"Article","@id":"https:\/\/marekkuchcinski.pl\/bez-kategorii\/podsumowanie-8-posiedzenia-sejmu\/#article","isPartOf":{"@id":"https:\/\/marekkuchcinski.pl\/bez-kategorii\/podsumowanie-8-posiedzenia-sejmu\/"},"author":{"name":"Tomasz \u0141acina","@id":"https:\/\/marekkuchcinski.pl\/#\/schema\/person\/b8a29fe7813098f7be78801d029910a7"},"headline":"Podsumowanie 8. posiedzenia Sejmu","datePublished":"2020-03-29T16:28:56+00:00","dateModified":"2020-07-05T11:04:00+00:00","mainEntityOfPage":{"@id":"https:\/\/marekkuchcinski.pl\/bez-kategorii\/podsumowanie-8-posiedzenia-sejmu\/"},"wordCount":419,"commentCount":0,"publisher":{"@id":"https:\/\/marekkuchcinski.pl\/#organization"},"image":{"@id":"https:\/\/marekkuchcinski.pl\/bez-kategorii\/podsumowanie-8-posiedzenia-sejmu\/#primaryimage"},"thumbnailUrl":"https:\/\/marekkuchcinski.pl\/wp-content\/uploads\/2020\/06\/EUELSuPXQAAVtDM-250x200-1.jpg","articleSection":["Bez kategorii","Posiedzenia Sejmu","Wie\u015bci z Sejmu"],"inLanguage":"hu","potentialAction":[{"@type":"CommentAction","name":"Comment","target":["https:\/\/marekkuchcinski.pl\/bez-kategorii\/podsumowanie-8-posiedzenia-sejmu\/#respond"]}]},{"@type":"WebPage","@id":"https:\/\/marekkuchcinski.pl\/bez-kategorii\/podsumowanie-8-posiedzenia-sejmu\/","url":"https:\/\/marekkuchcinski.pl\/bez-kategorii\/podsumowanie-8-posiedzenia-sejmu\/","name":"Podsumowanie 8. posiedzenia Sejmu &#8211; Marek Kuchci\u0144ski","isPartOf":{"@id":"https:\/\/marekkuchcinski.pl\/#website"},"primaryImageOfPage":{"@id":"https:\/\/marekkuchcinski.pl\/bez-kategorii\/podsumowanie-8-posiedzenia-sejmu\/#primaryimage"},"image":{"@id":"https:\/\/marekkuchcinski.pl\/bez-kategorii\/podsumowanie-8-posiedzenia-sejmu\/#primaryimage"},"thumbnailUrl":"https:\/\/marekkuchcinski.pl\/wp-content\/uploads\/2020\/06\/EUELSuPXQAAVtDM-250x200-1.jpg","datePublished":"2020-03-29T16:28:56+00:00","dateModified":"2020-07-05T11:04:00+00:00","breadcrumb":{"@id":"https:\/\/marekkuchcinski.pl\/bez-kategorii\/podsumowanie-8-posiedzenia-sejmu\/#breadcrumb"},"inLanguage":"hu","potentialAction":[{"@type":"ReadAction","target":["https:\/\/marekkuchcinski.pl\/bez-kategorii\/podsumowanie-8-posiedzenia-sejmu\/"]}]},{"@type":"ImageObject","inLanguage":"hu","@id":"https:\/\/marekkuchcinski.pl\/bez-kategorii\/podsumowanie-8-posiedzenia-sejmu\/#primaryimage","url":"https:\/\/marekkuchcinski.pl\/wp-content\/uploads\/2020\/06\/EUELSuPXQAAVtDM-250x200-1.jpg","contentUrl":"https:\/\/marekkuchcinski.pl\/wp-content\/uploads\/2020\/06\/EUELSuPXQAAVtDM-250x200-1.jpg","width":250,"height":200},{"@type":"BreadcrumbList","@id":"https:\/\/marekkuchcinski.pl\/bez-kategorii\/podsumowanie-8-posiedzenia-sejmu\/#breadcrumb","itemListElement":[{"@type":"ListItem","position":1,"name":"Strona g\u0142\u00f3wna","item":"https:\/\/marekkuchcinski.pl\/"},{"@type":"ListItem","position":2,"name":"Podsumowanie 8. posiedzenia Sejmu"}]},{"@type":"WebSite","@id":"https:\/\/marekkuchcinski.pl\/#website","url":"https:\/\/marekkuchcinski.pl\/","name":"Marek Kuchci\u0144ski","description":"Pose\u0142 na sejm RP &ndash; okr\u0119g nr 22","publisher":{"@id":"https:\/\/marekkuchcinski.pl\/#organization"},"potentialAction":[{"@type":"SearchAction","target":{"@type":"EntryPoint","urlTemplate":"https:\/\/marekkuchcinski.pl\/?s={search_term_string}"},"query-input":{"@type":"PropertyValueSpecification","valueRequired":true,"valueName":"search_term_string"}}],"inLanguage":"hu"},{"@type":"Organization","@id":"https:\/\/marekkuchcinski.pl\/#organization","name":"Marek Kuchci\u0144ski","url":"https:\/\/marekkuchcinski.pl\/","logo":{"@type":"ImageObject","inLanguage":"hu","@id":"https:\/\/marekkuchcinski.pl\/#\/schema\/logo\/image\/","url":"https:\/\/marekkuchcinski.pl\/wp-content\/uploads\/2022\/09\/Marek.jpg","contentUrl":"https:\/\/marekkuchcinski.pl\/wp-content\/uploads\/2022\/09\/Marek.jpg","width":1600,"height":971,"caption":"Marek Kuchci\u0144ski"},"image":{"@id":"https:\/\/marekkuchcinski.pl\/#\/schema\/logo\/image\/"}},{"@type":"Person","@id":"https:\/\/marekkuchcinski.pl\/#\/schema\/person\/b8a29fe7813098f7be78801d029910a7","name":"Tomasz \u0141acina","image":{"@type":"ImageObject","inLanguage":"hu","@id":"https:\/\/marekkuchcinski.pl\/#\/schema\/person\/image\/","url":"https:\/\/secure.gravatar.com\/avatar\/22e75f6c51aff77a676ed77dd222f852?s=96&d=mm&r=g","contentUrl":"https:\/\/secure.gravatar.com\/avatar\/22e75f6c51aff77a676ed77dd222f852?s=96&d=mm&r=g","caption":"Tomasz \u0141acina"},"url":"https:\/\/marekkuchcinski.pl\/hu\/author\/tomek-lacina\/"}]}},"_links":{"self":[{"href":"https:\/\/marekkuchcinski.pl\/hu\/wp-json\/wp\/v2\/posts\/19064","targetHints":{"allow":["GET"]}}],"collection":[{"href":"https:\/\/marekkuchcinski.pl\/hu\/wp-json\/wp\/v2\/posts"}],"about":[{"href":"https:\/\/marekkuchcinski.pl\/hu\/wp-json\/wp\/v2\/types\/post"}],"author":[{"embeddable":true,"href":"https:\/\/marekkuchcinski.pl\/hu\/wp-json\/wp\/v2\/users\/17"}],"replies":[{"embeddable":true,"href":"https:\/\/marekkuchcinski.pl\/hu\/wp-json\/wp\/v2\/comments?post=19064"}],"version-history":[{"count":1,"href":"https:\/\/marekkuchcinski.pl\/hu\/wp-json\/wp\/v2\/posts\/19064\/revisions"}],"predecessor-version":[{"id":19065,"href":"https:\/\/marekkuchcinski.pl\/hu\/wp-json\/wp\/v2\/posts\/19064\/revisions\/19065"}],"wp:featuredmedia":[{"embeddable":true,"href":"https:\/\/marekkuchcinski.pl\/hu\/wp-json\/wp\/v2\/media\/19066"}],"wp:attachment":[{"href":"https:\/\/marekkuchcinski.pl\/hu\/wp-json\/wp\/v2\/media?parent=19064"}],"wp:term":[{"taxonomy":"category","embeddable":true,"href":"https:\/\/marekkuchcinski.pl\/hu\/wp-json\/wp\/v2\/categories?post=19064"},{"taxonomy":"post_tag","embeddable":true,"href":"https:\/\/marekkuchcinski.pl\/hu\/wp-json\/wp\/v2\/tags?post=19064"}],"curies":[{"name":"wp","href":"https:\/\/api.w.org\/{rel}","templated":true}]}}