{"id":19,"date":"2011-07-11T10:30:01","date_gmt":"2011-07-11T08:30:01","guid":{"rendered":"https:\/\/marekkuchcinski.pl\/?p=19"},"modified":"2016-08-25T17:06:41","modified_gmt":"2016-08-25T15:06:41","slug":"przemysl-profesor-jan-szyszko-o-problemach-energetyki-w-polsce","status":"publish","type":"post","link":"https:\/\/marekkuchcinski.pl\/hu\/wydarzenia\/przemysl-profesor-jan-szyszko-o-problemach-energetyki-w-polsce\/","title":{"rendered":"Przemy\u015bl: Jan Szyszko professzor a lengyelorsz\u00e1gi energetikai probl\u00e9m\u00e1kr\u00f3l"},"content":{"rendered":"<p><img decoding=\"async\" class=\"alignleft size-full wp-image-18\" style=\"float: left;\" alt=\"\" src=\"https:\/\/marekkuchcinski.pl\/wp-content\/uploads\/2011\/07\/jan_szyszko.jpg\" width=\"120\" height=\"80\" \/>J\u00fanius 8-\u00e1n, szerd\u00e1n sajt\u00f3t\u00e1j\u00e9koztat\u00f3t tartott Marek Kuchci\u0144ski parlamenti k\u00e9pvisel\u0151 przemy\u015bli irod\u00e1j\u00e1ban Jan Szyszka, a Vars\u00f3i \u00c9lettudom\u00e1nyi Egyetem professzora, a Jaros\u0142aw Kaczy\u0144ski-korm\u00e1ny volt k\u00f6rnyezetv\u00e9delmi, term\u00e9szeti er\u0151forr\u00e1sok\u00e9rt \u00e9s erd\u0151gazd\u00e1lkod\u00e1s\u00e9rt felel\u0151s minisztere, t\u00f6bbek k\u00f6z\u00f6tt Jaros\u0142aw Kaczy\u0144ski korm\u00e1ny\u00e1ban.<\/p>\n<p>  <!--more-->  <\/p>\n<p>&nbsp;<\/p>\n<p><strong>Szyszko professzor Andrzej \u0106wierz Jaros\u0142aw eur\u00f3pai parlamenti k\u00e9pvisel\u0151vel egy\u00fctt bemutatta a lengyel gazdas\u00e1got fenyeget\u0151 jelenlegi energetikai vesz\u00e9lyeket. Szyszko professzor el\u0151sz\u00f6r arr\u00f3l t\u00e1j\u00e9koztatott, hogy a k\u00f6zelm\u00faltban az Oleszycei Erd\u0151ker\u00fcletben a lvivi metropolita, Mieczyslaw Mokrzycki \u00e9rsek \u00e9s Zamosc-Lubaczow p\u00fcsp\u00f6ke jelenl\u00e9t\u00e9ben az erd\u00e9szek jelk\u00e9pesen t\u00f6bb sz\u00e1z t\u00f6lgyf\u00e1t \u00fcltettek el a Katy\u0144ban meggyilkolt erd\u00e9szek \u00e9s a szmolenszki katasztr\u00f3f\u00e1ban elhunyt erd\u00e9szek eml\u00e9k\u00e9re.<\/strong>.&nbsp;<\/p>\n<p>A lengyel erd\u00e9szeket - a lengyel hadsereg tisztjeivel egy\u00fctt - t\u00f6megesen gyilkolta meg az NKVD a Szovjet-Oroszorsz\u00e1g \u00e1ltal megsz\u00e1llt ter\u00fcleteken. <strong>Jan Szyszko k\u00f6sz\u00f6netet mondott Przemy\u015bl \u00e9s Przemysl k\u00f6rny\u00e9k\u00e9nek lakosainak, ami\u00e9rt r\u00e9szt vettek a lengyel erd\u0151k v\u00e9delm\u00e9ben a Lengyel Fenntarthat\u00f3 Fejl\u0151d\u00e9s\u00e9rt Egyes\u00fclet \u00e9s a Jog \u00e9s Igazs\u00e1goss\u00e1g parlamenti k\u00e9pvisel\u0151i \u00e1ltal szervezett, a legt\u00f6bb al\u00e1\u00edr\u00e1st gy\u0171jt\u0151 akci\u00f3ban.<\/strong>&nbsp;<\/p>\n<p>A professzor eml\u00e9keztetett arra, hogy a Polg\u00e1ri Platform \u00e9s a Lengyel Parasztp\u00e1rt koal\u00edci\u00f3s korm\u00e1nya l\u00e9p\u00e9seket tett annak \u00e9rdek\u00e9ben, hogy az \u00e1llami erd\u0151k az \u00e1llamh\u00e1ztart\u00e1si szektorba ker\u00fcljenek. Mintha megkezd\u0151d\u00f6tt volna a lengyel \u00e1llami erd\u0151k destabiliz\u00e1l\u00e1s\u00e1nak folyamata azzal, hogy el\u0151k\u00e9sz\u00edtett\u00e9k \u0151ket a privatiz\u00e1ci\u00f3ra.&nbsp;<\/p>\n<p><strong>- A nyilv\u00e1noss\u00e1g t\u00e1mogat\u00e1s\u00e1nak k\u00f6sz\u00f6nhet\u0151en t\u00f6bb mint egymilli\u00f3-k\u00e9tsz\u00e1zezer al\u00e1\u00edr\u00e1st gy\u0171jt\u00f6tt\u00fcnk \u00f6ssze kamp\u00e1nyunkban, \u00e9s a korm\u00e1ny visszavonta ezeket az int\u00e9zked\u00e9seket. \u00cdgy siker\u00fclt megv\u00e9deni a lengyel \u00e1llami erd\u0151ket<\/strong>. Ebben a k\u00e9rd\u00e9sben workshopokat \u00e9s egy nagy konferenci\u00e1t szervezt\u00fcnk a Szejmben, a Szen\u00e1tusban \u00e9s a Tuczno Erd\u00e9szeti Bizotts\u00e1gban, bemutatva, hogy mennyi sz\u00e9n-dioxidot nyel el az erd\u0151, ami felhaszn\u00e1lhat\u00f3 az Eur\u00f3pai Uni\u00f3 \u00e1ltal Lengyelorsz\u00e1gnak adott sz\u00e9n-dioxid-kibocs\u00e1t\u00e1si hat\u00e1r\u00e9rt\u00e9kekn\u00e9l. Ez teh\u00e1t nagyszer\u0171 lehet\u0151s\u00e9g a lengyel gazdas\u00e1g sz\u00e1m\u00e1ra, hogy kiker\u00fclj\u00f6n ebb\u0151l a vesz\u00e9lyb\u0151l, amelyet a jelenlegi korm\u00e1ny az uni\u00f3s \u00e9ghajlat- \u00e9s energiacsomag kritik\u00e1tlan elfogad\u00e1s\u00e1val okozott\" - mondta J. Szyszko.<\/p>\n<p><strong>- A korm\u00e1ny lemondott Lengyelorsz\u00e1g sikereir\u0151l a sz\u00e9ndioxid-kibocs\u00e1t\u00e1s cs\u00f6kkent\u00e9s\u00e9ben, \u00e9s mintha az Eur\u00f3pai Uni\u00f3 k\u00f6z\u00f6s vagyon\u00e1t adta volna \u00e1t, mik\u00f6zben nagyon magas norm\u00e1kat fogadott el, amelyek arra k\u00e9nyszer\u00edtik Lengyelorsz\u00e1got, hogy kibocs\u00e1t\u00e1si kv\u00f3t\u00e1kat v\u00e1s\u00e1roljon a villamosenergia-, h\u0151-, \u00fcveg-, cement-, ac\u00e9l- \u00e9s pap\u00edrgy\u00e1rt\u00e1shoz.<\/strong>. Ez azt eredm\u00e9nyezte, hogy Lengyelorsz\u00e1gban a legdr\u00e1g\u00e1bb az \u00e1ram Eur\u00f3p\u00e1ban, \u00e9s j\u00f6v\u0151re tov\u00e1bbi t\u00f6bb tucat sz\u00e1zal\u00e9kos \u00e1remelked\u00e9s v\u00e1rhat\u00f3. Lengyelorsz\u00e1g gazdas\u00e1gi \u00e9rdekei szempontj\u00e1b\u00f3l sz\u00e9gyenletes d\u00f6nt\u00e9s, hogy blokkoljuk saj\u00e1t energiaforr\u00e1sainkat (Eur\u00f3pa legnagyobb sz\u00e9n- \u00e9s lignitlel\u0151helyeit), f\u00fcgg\u0151v\u00e9 tessz\u00fck magunkat az egyre dr\u00e1gul\u00f3 orosz g\u00e1zt\u00f3l, \u00e9s egy\u00fattal lemondunk a lengyel gazdas\u00e1g nagy sikereir\u0151l az \u00fcvegh\u00e1zhat\u00e1s\u00fa g\u00e1zok kibocs\u00e1t\u00e1s\u00e1nak cs\u00f6kkent\u00e9s\u00e9ben, t\u00f6bbek k\u00f6z\u00f6tt a sz\u00e9n el\u00e9get\u00e9sekor az energiahat\u00e9konys\u00e1g n\u00f6vel\u00e9s\u00e9vel. Az \u00e9ghajlat- \u00e9s energiacsomag r\u00e9szek\u00e9nt a lengyel korm\u00e1ny v\u00e1llalta, hogy a sz\u00e9n-dioxidot lev\u00e1lasztjuk a leveg\u0151b\u0151l, cseppfoly\u00f3s\u00edtjuk \u00e9s geol\u00f3giai r\u00e9tegekben t\u00e1roljuk, tonn\u00e1nk\u00e9nt ak\u00e1r 100 eur\u00f3s \u00e1ron. <strong>A Jog \u00e9s Igazs\u00e1goss\u00e1g korm\u00e1nya t\u00f6rv\u00e9nyjavaslatot k\u00e9sz\u00edtett az erd\u0151k meg\u00faj\u00edt\u00e1s\u00e1ra \u00e9s ter\u00fclet\u00e9nek n\u00f6vel\u00e9s\u00e9re a sz\u00e9ndioxid-termel\u00e9s egyens\u00faly\u00e1nak jav\u00edt\u00e1sa \u00e9rdek\u00e9ben. A jelenlegi korm\u00e1ny lemondott err\u0151l a lehet\u0151s\u00e9gr\u0151l, \u00e9s ehelyett lehet\u0151v\u00e9 tette, hogy ha egy k\u00fclf\u00f6ldi lengyel erd\u0151t v\u00e1s\u00e1rol, vagy jogot v\u00e1s\u00e1rol a lengyel erd\u0151kb\u0151l sz\u00e1rmaz\u00f3 sz\u00e9n-dioxid elnyel\u00e9s\u00e9re, akkor a sz\u00e9n-dioxid elnyel\u00e9s\u00e9\u00e9rt p\u00e9nzbeli ellen\u00e9rt\u00e9ket kapjon.<\/strong> Ek\u00f6zben csak a lengyel erd\u0151kben 350 milli\u00e1rd PLN \u00e9rt\u00e9k\u0171 faanyag van. Ez az orsz\u00e1g ter\u00fclet\u00e9nek egynegyede, t\u00f6bb mint 7 milli\u00f3 hekt\u00e1r. \u00c9s ezek alatt a hekt\u00e1rok alatt homok \u00e9s kavics van. \u00c9s m\u00e9g m\u00e9lyebbek a term\u00e9szeti er\u0151forr\u00e1sok. A f\u00f6ldtani t\u00f6rv\u00e9ny pedig \u00fagy van megfogalmazva, hogy egy f\u00f6ldtulajdonos strat\u00e9giai er\u0151forr\u00e1sokat birtokolhat. Nem csoda, hogy liber\u00e1lis k\u00f6r\u00f6k privatiz\u00e1lni akarj\u00e1k. \u00c9s mindez\u00e9rt, v\u00e9lem\u00e9nyem szerint, a jelenlegi korm\u00e1nynak az \u00e1llami b\u00edr\u00f3s\u00e1g el\u00e9 kellene \u00e1llnia\" - tette hozz\u00e1 Szyszko professzor.&nbsp;<\/p>\n<p>Azt is elismerte, hogy hossz\u00fa t\u00e1von az \u00fagynevezett palag\u00e1z kitermel\u00e9se jav\u00edthatja Lengyelorsz\u00e1g energetikai helyzet\u00e9t, azonban nemcsak a kutat\u00e1si, hanem a termel\u00e9si koncesszi\u00f3k elad\u00e1sa is vesz\u00e9lyt jelent. Ugyanakkor a hamarosan elfogad\u00e1sra ker\u00fcl\u0151 \u00faj f\u00f6ldtani t\u00f6rv\u00e9ny lehet\u0151s\u00e9get biztos\u00edt a kitermel\u00e9si koncesszi\u00f3kkal val\u00f3 keresked\u00e9sre azok sz\u00e1m\u00e1ra, akik azokat m\u00e1r kor\u00e1bban is kutat\u00e1si koncesszi\u00f3k\u00e9nt szerezt\u00e9k meg.&nbsp;<\/p>\n<p><strong>Jan Szyszko professzor arra sz\u00f3l\u00edtott fel, hogy ford\u00edtsanak figyelmet ezekre az energetikai k\u00e9rd\u00e9sekre, \u00e9s v\u00e9dj\u00e9k meg a lengyel \u00e9rdekeket, a lengyel energiaforr\u00e1sokat \u00e9s ez\u00e1ltal Lengyelorsz\u00e1g energiabiztons\u00e1g\u00e1t.<\/strong> Ez ut\u00f3bbit k\u00e9tf\u00e9lek\u00e9ppen lehet fel\u00e9p\u00edteni: vagy a saj\u00e1t er\u0151forr\u00e1sokra alapozva, ha valaki rendelkezik vel\u00fck, vagy a konkurens szervezetek k\u00edn\u00e1lat\u00e1nak diverzifik\u00e1l\u00e1sa alapj\u00e1n. Sajnos a jelenlegi korm\u00e1ny t\u00f6nkretette Lengyelorsz\u00e1g saj\u00e1t er\u0151forr\u00e1sain alapul\u00f3 energiabiztons\u00e1g\u00e1t, \u00e9s ezzel egyidej\u0171leg, valamilyen ismeretlen okb\u00f3l, hossz\u00fa t\u00e1v\u00fa orosz g\u00e1zsz\u00e1ll\u00edt\u00e1si szerz\u0151d\u00e9st k\u00f6t\u00f6tt, mik\u00f6zben m\u00e1r tudta, hogy saj\u00e1t palag\u00e1zk\u00e9szleteink vannak.<\/p>","protected":false},"excerpt":{"rendered":"<p>J\u00fanius 8-\u00e1n, szerd\u00e1n sajt\u00f3t\u00e1j\u00e9koztat\u00f3t tartott Marek Kuchci\u0144ski parlamenti k\u00e9pvisel\u0151 przemy\u015bli irod\u00e1j\u00e1ban Jan Szyszka, a Vars\u00f3i \u00c9lettudom\u00e1nyi Egyetem professzora, a Jaros\u0142aw Kaczy\u0144ski-korm\u00e1ny volt k\u00f6rnyezetv\u00e9delmi, term\u00e9szeti er\u0151forr\u00e1sok\u00e9rt \u00e9s erd\u0151gazd\u00e1lkod\u00e1s\u00e9rt felel\u0151s minisztere, t\u00f6bbek k\u00f6z\u00f6tt Jaros\u0142aw Kaczy\u0144ski korm\u00e1ny\u00e1ban.<\/p>","protected":false},"author":6,"featured_media":18,"comment_status":"open","ping_status":"open","sticky":false,"template":"","format":"standard","meta":{"ngg_post_thumbnail":0,"footnotes":""},"categories":[3],"tags":[],"class_list":["post-19","post","type-post","status-publish","format-standard","has-post-thumbnail","hentry","category-wydarzenia"],"yoast_head":"<!-- This site is optimized with the Yoast SEO plugin v24.7 - https:\/\/yoast.com\/wordpress\/plugins\/seo\/ -->\n<title>Przemy\u015bl: profesor Jan Szyszko o problemach energetyki w Polsce &#8211; Marek Kuchci\u0144ski<\/title>\n<meta name=\"robots\" content=\"index, follow, max-snippet:-1, max-image-preview:large, max-video-preview:-1\" \/>\n<link rel=\"canonical\" href=\"https:\/\/marekkuchcinski.pl\/hu\/wydarzenia\/przemysl-profesor-jan-szyszko-o-problemach-energetyki-w-polsce\/\" \/>\n<meta property=\"og:locale\" content=\"hu_HU\" \/>\n<meta property=\"og:type\" content=\"article\" \/>\n<meta property=\"og:title\" content=\"Przemy\u015bl: profesor Jan Szyszko o problemach energetyki w Polsce &#8211; Marek Kuchci\u0144ski\" \/>\n<meta property=\"og:description\" content=\"W \u015brod\u0119 8 czerwca w Biurze Poselskim Marka Kuchci\u0144skiego w Przemy\u015blu odby\u0142a si\u0119 konferencja prasowa by\u0142ego ministra ochrony \u015brodowiska, zasob\u00f3w naturalnych i le\u015bnictwa m.in. w rz\u0105dzie Jaros\u0142awa Kaczy\u0144skiego, Jana Szyszki, profesora Szko\u0142y G\u0142\u00f3wnej Gospodarstwa Wiejskiego.\" \/>\n<meta property=\"og:url\" content=\"https:\/\/marekkuchcinski.pl\/hu\/wydarzenia\/przemysl-profesor-jan-szyszko-o-problemach-energetyki-w-polsce\/\" \/>\n<meta property=\"og:site_name\" content=\"Marek Kuchci\u0144ski\" \/>\n<meta property=\"article:published_time\" content=\"2011-07-11T08:30:01+00:00\" \/>\n<meta property=\"article:modified_time\" content=\"2016-08-25T15:06:41+00:00\" \/>\n<meta property=\"og:image\" content=\"https:\/\/marekkuchcinski.pl\/wp-content\/uploads\/2011\/07\/jan_szyszko.jpg\" \/>\n\t<meta property=\"og:image:width\" content=\"120\" \/>\n\t<meta property=\"og:image:height\" content=\"80\" \/>\n\t<meta property=\"og:image:type\" content=\"image\/jpeg\" \/>\n<meta name=\"author\" content=\"admin\" \/>\n<meta name=\"twitter:card\" content=\"summary_large_image\" \/>\n<meta name=\"twitter:label1\" content=\"Szerz\u0151:\" \/>\n\t<meta name=\"twitter:data1\" content=\"admin\" \/>\n\t<meta name=\"twitter:label2\" content=\"Becs\u00fclt olvas\u00e1si id\u0151\" \/>\n\t<meta name=\"twitter:data2\" content=\"4 perc\" \/>\n<script type=\"application\/ld+json\" class=\"yoast-schema-graph\">{\"@context\":\"https:\/\/schema.org\",\"@graph\":[{\"@type\":\"Article\",\"@id\":\"https:\/\/marekkuchcinski.pl\/wydarzenia\/przemysl-profesor-jan-szyszko-o-problemach-energetyki-w-polsce\/#article\",\"isPartOf\":{\"@id\":\"https:\/\/marekkuchcinski.pl\/wydarzenia\/przemysl-profesor-jan-szyszko-o-problemach-energetyki-w-polsce\/\"},\"author\":{\"name\":\"admin\",\"@id\":\"https:\/\/marekkuchcinski.pl\/#\/schema\/person\/6f62700996b4d950b6ea2d1183b6c6be\"},\"headline\":\"Przemy\u015bl: profesor Jan Szyszko o problemach energetyki w Polsce\",\"datePublished\":\"2011-07-11T08:30:01+00:00\",\"dateModified\":\"2016-08-25T15:06:41+00:00\",\"mainEntityOfPage\":{\"@id\":\"https:\/\/marekkuchcinski.pl\/wydarzenia\/przemysl-profesor-jan-szyszko-o-problemach-energetyki-w-polsce\/\"},\"wordCount\":861,\"commentCount\":0,\"publisher\":{\"@id\":\"https:\/\/marekkuchcinski.pl\/#organization\"},\"image\":{\"@id\":\"https:\/\/marekkuchcinski.pl\/wydarzenia\/przemysl-profesor-jan-szyszko-o-problemach-energetyki-w-polsce\/#primaryimage\"},\"thumbnailUrl\":\"https:\/\/marekkuchcinski.pl\/wp-content\/uploads\/2011\/07\/jan_szyszko.jpg\",\"articleSection\":[\"Wydarzenia\"],\"inLanguage\":\"hu\",\"potentialAction\":[{\"@type\":\"CommentAction\",\"name\":\"Comment\",\"target\":[\"https:\/\/marekkuchcinski.pl\/wydarzenia\/przemysl-profesor-jan-szyszko-o-problemach-energetyki-w-polsce\/#respond\"]}]},{\"@type\":\"WebPage\",\"@id\":\"https:\/\/marekkuchcinski.pl\/wydarzenia\/przemysl-profesor-jan-szyszko-o-problemach-energetyki-w-polsce\/\",\"url\":\"https:\/\/marekkuchcinski.pl\/wydarzenia\/przemysl-profesor-jan-szyszko-o-problemach-energetyki-w-polsce\/\",\"name\":\"Przemy\u015bl: profesor Jan Szyszko o problemach energetyki w Polsce &#8211; Marek Kuchci\u0144ski\",\"isPartOf\":{\"@id\":\"https:\/\/marekkuchcinski.pl\/#website\"},\"primaryImageOfPage\":{\"@id\":\"https:\/\/marekkuchcinski.pl\/wydarzenia\/przemysl-profesor-jan-szyszko-o-problemach-energetyki-w-polsce\/#primaryimage\"},\"image\":{\"@id\":\"https:\/\/marekkuchcinski.pl\/wydarzenia\/przemysl-profesor-jan-szyszko-o-problemach-energetyki-w-polsce\/#primaryimage\"},\"thumbnailUrl\":\"https:\/\/marekkuchcinski.pl\/wp-content\/uploads\/2011\/07\/jan_szyszko.jpg\",\"datePublished\":\"2011-07-11T08:30:01+00:00\",\"dateModified\":\"2016-08-25T15:06:41+00:00\",\"breadcrumb\":{\"@id\":\"https:\/\/marekkuchcinski.pl\/wydarzenia\/przemysl-profesor-jan-szyszko-o-problemach-energetyki-w-polsce\/#breadcrumb\"},\"inLanguage\":\"hu\",\"potentialAction\":[{\"@type\":\"ReadAction\",\"target\":[\"https:\/\/marekkuchcinski.pl\/wydarzenia\/przemysl-profesor-jan-szyszko-o-problemach-energetyki-w-polsce\/\"]}]},{\"@type\":\"ImageObject\",\"inLanguage\":\"hu\",\"@id\":\"https:\/\/marekkuchcinski.pl\/wydarzenia\/przemysl-profesor-jan-szyszko-o-problemach-energetyki-w-polsce\/#primaryimage\",\"url\":\"https:\/\/marekkuchcinski.pl\/wp-content\/uploads\/2011\/07\/jan_szyszko.jpg\",\"contentUrl\":\"https:\/\/marekkuchcinski.pl\/wp-content\/uploads\/2011\/07\/jan_szyszko.jpg\",\"width\":120,\"height\":80},{\"@type\":\"BreadcrumbList\",\"@id\":\"https:\/\/marekkuchcinski.pl\/wydarzenia\/przemysl-profesor-jan-szyszko-o-problemach-energetyki-w-polsce\/#breadcrumb\",\"itemListElement\":[{\"@type\":\"ListItem\",\"position\":1,\"name\":\"Strona g\u0142\u00f3wna\",\"item\":\"https:\/\/marekkuchcinski.pl\/\"},{\"@type\":\"ListItem\",\"position\":2,\"name\":\"Przemy\u015bl: profesor Jan Szyszko o problemach energetyki w Polsce\"}]},{\"@type\":\"WebSite\",\"@id\":\"https:\/\/marekkuchcinski.pl\/#website\",\"url\":\"https:\/\/marekkuchcinski.pl\/\",\"name\":\"Marek Kuchci\u0144ski\",\"description\":\"Pose\u0142 na sejm RP &ndash; okr\u0119g nr 22\",\"publisher\":{\"@id\":\"https:\/\/marekkuchcinski.pl\/#organization\"},\"potentialAction\":[{\"@type\":\"SearchAction\",\"target\":{\"@type\":\"EntryPoint\",\"urlTemplate\":\"https:\/\/marekkuchcinski.pl\/?s={search_term_string}\"},\"query-input\":{\"@type\":\"PropertyValueSpecification\",\"valueRequired\":true,\"valueName\":\"search_term_string\"}}],\"inLanguage\":\"hu\"},{\"@type\":\"Organization\",\"@id\":\"https:\/\/marekkuchcinski.pl\/#organization\",\"name\":\"Marek Kuchci\u0144ski\",\"url\":\"https:\/\/marekkuchcinski.pl\/\",\"logo\":{\"@type\":\"ImageObject\",\"inLanguage\":\"hu\",\"@id\":\"https:\/\/marekkuchcinski.pl\/#\/schema\/logo\/image\/\",\"url\":\"https:\/\/marekkuchcinski.pl\/wp-content\/uploads\/2022\/09\/Marek.jpg\",\"contentUrl\":\"https:\/\/marekkuchcinski.pl\/wp-content\/uploads\/2022\/09\/Marek.jpg\",\"width\":1600,\"height\":971,\"caption\":\"Marek Kuchci\u0144ski\"},\"image\":{\"@id\":\"https:\/\/marekkuchcinski.pl\/#\/schema\/logo\/image\/\"}},{\"@type\":\"Person\",\"@id\":\"https:\/\/marekkuchcinski.pl\/#\/schema\/person\/6f62700996b4d950b6ea2d1183b6c6be\",\"name\":\"admin\",\"image\":{\"@type\":\"ImageObject\",\"inLanguage\":\"hu\",\"@id\":\"https:\/\/marekkuchcinski.pl\/#\/schema\/person\/image\/\",\"url\":\"https:\/\/secure.gravatar.com\/avatar\/4bab693b9d55c3d6b52c0296a8765085?s=96&d=mm&r=g\",\"contentUrl\":\"https:\/\/secure.gravatar.com\/avatar\/4bab693b9d55c3d6b52c0296a8765085?s=96&d=mm&r=g\",\"caption\":\"admin\"},\"url\":\"https:\/\/marekkuchcinski.pl\/hu\/author\/marta-olejnik\/\"}]}<\/script>\n<!-- \/ Yoast SEO plugin. -->","yoast_head_json":{"title":"Przemy\u015bl: profesor Jan Szyszko o problemach energetyki w Polsce &#8211; Marek Kuchci\u0144ski","robots":{"index":"index","follow":"follow","max-snippet":"max-snippet:-1","max-image-preview":"max-image-preview:large","max-video-preview":"max-video-preview:-1"},"canonical":"https:\/\/marekkuchcinski.pl\/hu\/wydarzenia\/przemysl-profesor-jan-szyszko-o-problemach-energetyki-w-polsce\/","og_locale":"hu_HU","og_type":"article","og_title":"Przemy\u015bl: profesor Jan Szyszko o problemach energetyki w Polsce &#8211; Marek Kuchci\u0144ski","og_description":"W \u015brod\u0119 8 czerwca w Biurze Poselskim Marka Kuchci\u0144skiego w Przemy\u015blu odby\u0142a si\u0119 konferencja prasowa by\u0142ego ministra ochrony \u015brodowiska, zasob\u00f3w naturalnych i le\u015bnictwa m.in. w rz\u0105dzie Jaros\u0142awa Kaczy\u0144skiego, Jana Szyszki, profesora Szko\u0142y G\u0142\u00f3wnej Gospodarstwa Wiejskiego.","og_url":"https:\/\/marekkuchcinski.pl\/hu\/wydarzenia\/przemysl-profesor-jan-szyszko-o-problemach-energetyki-w-polsce\/","og_site_name":"Marek Kuchci\u0144ski","article_published_time":"2011-07-11T08:30:01+00:00","article_modified_time":"2016-08-25T15:06:41+00:00","og_image":[{"width":120,"height":80,"url":"https:\/\/marekkuchcinski.pl\/wp-content\/uploads\/2011\/07\/jan_szyszko.jpg","type":"image\/jpeg"}],"author":"admin","twitter_card":"summary_large_image","twitter_misc":{"Szerz\u0151:":"admin","Becs\u00fclt olvas\u00e1si id\u0151":"4 perc"},"schema":{"@context":"https:\/\/schema.org","@graph":[{"@type":"Article","@id":"https:\/\/marekkuchcinski.pl\/wydarzenia\/przemysl-profesor-jan-szyszko-o-problemach-energetyki-w-polsce\/#article","isPartOf":{"@id":"https:\/\/marekkuchcinski.pl\/wydarzenia\/przemysl-profesor-jan-szyszko-o-problemach-energetyki-w-polsce\/"},"author":{"name":"admin","@id":"https:\/\/marekkuchcinski.pl\/#\/schema\/person\/6f62700996b4d950b6ea2d1183b6c6be"},"headline":"Przemy\u015bl: profesor Jan Szyszko o problemach energetyki w Polsce","datePublished":"2011-07-11T08:30:01+00:00","dateModified":"2016-08-25T15:06:41+00:00","mainEntityOfPage":{"@id":"https:\/\/marekkuchcinski.pl\/wydarzenia\/przemysl-profesor-jan-szyszko-o-problemach-energetyki-w-polsce\/"},"wordCount":861,"commentCount":0,"publisher":{"@id":"https:\/\/marekkuchcinski.pl\/#organization"},"image":{"@id":"https:\/\/marekkuchcinski.pl\/wydarzenia\/przemysl-profesor-jan-szyszko-o-problemach-energetyki-w-polsce\/#primaryimage"},"thumbnailUrl":"https:\/\/marekkuchcinski.pl\/wp-content\/uploads\/2011\/07\/jan_szyszko.jpg","articleSection":["Wydarzenia"],"inLanguage":"hu","potentialAction":[{"@type":"CommentAction","name":"Comment","target":["https:\/\/marekkuchcinski.pl\/wydarzenia\/przemysl-profesor-jan-szyszko-o-problemach-energetyki-w-polsce\/#respond"]}]},{"@type":"WebPage","@id":"https:\/\/marekkuchcinski.pl\/wydarzenia\/przemysl-profesor-jan-szyszko-o-problemach-energetyki-w-polsce\/","url":"https:\/\/marekkuchcinski.pl\/wydarzenia\/przemysl-profesor-jan-szyszko-o-problemach-energetyki-w-polsce\/","name":"Przemy\u015bl: profesor Jan Szyszko o problemach energetyki w Polsce &#8211; Marek Kuchci\u0144ski","isPartOf":{"@id":"https:\/\/marekkuchcinski.pl\/#website"},"primaryImageOfPage":{"@id":"https:\/\/marekkuchcinski.pl\/wydarzenia\/przemysl-profesor-jan-szyszko-o-problemach-energetyki-w-polsce\/#primaryimage"},"image":{"@id":"https:\/\/marekkuchcinski.pl\/wydarzenia\/przemysl-profesor-jan-szyszko-o-problemach-energetyki-w-polsce\/#primaryimage"},"thumbnailUrl":"https:\/\/marekkuchcinski.pl\/wp-content\/uploads\/2011\/07\/jan_szyszko.jpg","datePublished":"2011-07-11T08:30:01+00:00","dateModified":"2016-08-25T15:06:41+00:00","breadcrumb":{"@id":"https:\/\/marekkuchcinski.pl\/wydarzenia\/przemysl-profesor-jan-szyszko-o-problemach-energetyki-w-polsce\/#breadcrumb"},"inLanguage":"hu","potentialAction":[{"@type":"ReadAction","target":["https:\/\/marekkuchcinski.pl\/wydarzenia\/przemysl-profesor-jan-szyszko-o-problemach-energetyki-w-polsce\/"]}]},{"@type":"ImageObject","inLanguage":"hu","@id":"https:\/\/marekkuchcinski.pl\/wydarzenia\/przemysl-profesor-jan-szyszko-o-problemach-energetyki-w-polsce\/#primaryimage","url":"https:\/\/marekkuchcinski.pl\/wp-content\/uploads\/2011\/07\/jan_szyszko.jpg","contentUrl":"https:\/\/marekkuchcinski.pl\/wp-content\/uploads\/2011\/07\/jan_szyszko.jpg","width":120,"height":80},{"@type":"BreadcrumbList","@id":"https:\/\/marekkuchcinski.pl\/wydarzenia\/przemysl-profesor-jan-szyszko-o-problemach-energetyki-w-polsce\/#breadcrumb","itemListElement":[{"@type":"ListItem","position":1,"name":"Strona g\u0142\u00f3wna","item":"https:\/\/marekkuchcinski.pl\/"},{"@type":"ListItem","position":2,"name":"Przemy\u015bl: profesor Jan Szyszko o problemach energetyki w Polsce"}]},{"@type":"WebSite","@id":"https:\/\/marekkuchcinski.pl\/#website","url":"https:\/\/marekkuchcinski.pl\/","name":"Marek Kuchci\u0144ski","description":"Pose\u0142 na sejm RP &ndash; okr\u0119g nr 22","publisher":{"@id":"https:\/\/marekkuchcinski.pl\/#organization"},"potentialAction":[{"@type":"SearchAction","target":{"@type":"EntryPoint","urlTemplate":"https:\/\/marekkuchcinski.pl\/?s={search_term_string}"},"query-input":{"@type":"PropertyValueSpecification","valueRequired":true,"valueName":"search_term_string"}}],"inLanguage":"hu"},{"@type":"Organization","@id":"https:\/\/marekkuchcinski.pl\/#organization","name":"Marek Kuchci\u0144ski","url":"https:\/\/marekkuchcinski.pl\/","logo":{"@type":"ImageObject","inLanguage":"hu","@id":"https:\/\/marekkuchcinski.pl\/#\/schema\/logo\/image\/","url":"https:\/\/marekkuchcinski.pl\/wp-content\/uploads\/2022\/09\/Marek.jpg","contentUrl":"https:\/\/marekkuchcinski.pl\/wp-content\/uploads\/2022\/09\/Marek.jpg","width":1600,"height":971,"caption":"Marek Kuchci\u0144ski"},"image":{"@id":"https:\/\/marekkuchcinski.pl\/#\/schema\/logo\/image\/"}},{"@type":"Person","@id":"https:\/\/marekkuchcinski.pl\/#\/schema\/person\/6f62700996b4d950b6ea2d1183b6c6be","name":"admin","image":{"@type":"ImageObject","inLanguage":"hu","@id":"https:\/\/marekkuchcinski.pl\/#\/schema\/person\/image\/","url":"https:\/\/secure.gravatar.com\/avatar\/4bab693b9d55c3d6b52c0296a8765085?s=96&d=mm&r=g","contentUrl":"https:\/\/secure.gravatar.com\/avatar\/4bab693b9d55c3d6b52c0296a8765085?s=96&d=mm&r=g","caption":"admin"},"url":"https:\/\/marekkuchcinski.pl\/hu\/author\/marta-olejnik\/"}]}},"_links":{"self":[{"href":"https:\/\/marekkuchcinski.pl\/hu\/wp-json\/wp\/v2\/posts\/19","targetHints":{"allow":["GET"]}}],"collection":[{"href":"https:\/\/marekkuchcinski.pl\/hu\/wp-json\/wp\/v2\/posts"}],"about":[{"href":"https:\/\/marekkuchcinski.pl\/hu\/wp-json\/wp\/v2\/types\/post"}],"author":[{"embeddable":true,"href":"https:\/\/marekkuchcinski.pl\/hu\/wp-json\/wp\/v2\/users\/6"}],"replies":[{"embeddable":true,"href":"https:\/\/marekkuchcinski.pl\/hu\/wp-json\/wp\/v2\/comments?post=19"}],"version-history":[{"count":1,"href":"https:\/\/marekkuchcinski.pl\/hu\/wp-json\/wp\/v2\/posts\/19\/revisions"}],"predecessor-version":[{"id":1343,"href":"https:\/\/marekkuchcinski.pl\/hu\/wp-json\/wp\/v2\/posts\/19\/revisions\/1343"}],"wp:featuredmedia":[{"embeddable":true,"href":"https:\/\/marekkuchcinski.pl\/hu\/wp-json\/wp\/v2\/media\/18"}],"wp:attachment":[{"href":"https:\/\/marekkuchcinski.pl\/hu\/wp-json\/wp\/v2\/media?parent=19"}],"wp:term":[{"taxonomy":"category","embeddable":true,"href":"https:\/\/marekkuchcinski.pl\/hu\/wp-json\/wp\/v2\/categories?post=19"},{"taxonomy":"post_tag","embeddable":true,"href":"https:\/\/marekkuchcinski.pl\/hu\/wp-json\/wp\/v2\/tags?post=19"}],"curies":[{"name":"wp","href":"https:\/\/api.w.org\/{rel}","templated":true}]}}