{"id":17421,"date":"2019-08-12T16:14:57","date_gmt":"2019-08-12T14:14:57","guid":{"rendered":"https:\/\/marekkuchcinski.pl\/?p=17421"},"modified":"2019-08-12T23:15:56","modified_gmt":"2019-08-12T21:15:56","slug":"dzis-mija-11-rocznica-pamietnego-wystapienia-lecha-kaczynskiego-na-wiecu-w-tbilisi","status":"publish","type":"post","link":"https:\/\/marekkuchcinski.pl\/hu\/bez-kategorii\/dzis-mija-11-rocznica-pamietnego-wystapienia-lecha-kaczynskiego-na-wiecu-w-tbilisi\/","title":{"rendered":"Ma van a 11. \u00e9vfordul\u00f3ja Lech Kaczy\u0144ski eml\u00e9kezetes besz\u00e9d\u00e9nek egy tbiliszi t\u00fcntet\u00e9sen"},"content":{"rendered":"<p>Ma van a 11. \u00e9vfordul\u00f3ja annak, hogy Lech Kaczy\u0144ski eml\u00e9kezetes besz\u00e9det mondott egy tbiliszi t\u00fcntet\u00e9sen. Az orosz-gr\u00faz h\u00e1bor\u00fa \u00f6t\u00f6dik \u00e9s d\u00f6nt\u0151 napj\u00e1n, amikor az orosz csapatok bevett\u00e9k Karaleti \u00e9s Gori v\u00e1ros\u00e1t, \u00e9s Tbiliszi fel\u00e9 nyomultak, Lech Kaczy\u0144ski szem\u00e9lyesen \u00e9rkezett Gr\u00fazi\u00e1ba, mag\u00e1val vitte Ukrajna, Litv\u00e1nia, Lettorsz\u00e1g \u00e9s \u00c9sztorsz\u00e1g vezet\u0151it. A parlament \u00e9p\u00fclete el\u0151tt, 200 000 gr\u00faz gy\u00fclekezet el\u0151tt mondott besz\u00e9d\u00e9ben hangs\u00falyozta, hogy a nemzetk\u00f6zi k\u00f6z\u00f6ss\u00e9g k\u00f6teless\u00e9ge, hogy szolid\u00e1risan l\u00e9pjen fel az orosz birodalmi t\u00f6rekv\u00e9sekkel szemben. \"Nemcsak \u00f6n\u00f6knek szeretn\u00e9m ezt mondani, hanem a k\u00f6z\u00f6s Eur\u00f3pai Uni\u00f3nkban \u00e9l\u0151knek is, hogy K\u00f6z\u00e9p-Eur\u00f3pa, Gr\u00fazia, az eg\u00e9sz t\u00e9rs\u00e9g\u00fcnk sz\u00e1m\u00edt, hogy mi egy alany vagyunk\" - mutatott r\u00e1. - \u00c9s azt is nagyon j\u00f3l tudjuk, hogy ma Gr\u00fazia, holnap Ukrajna, holnaput\u00e1n a balti \u00e1llamok, \u00e9s k\u00e9s\u0151bb tal\u00e1n az \u00e9n orsz\u00e1gomra, Lengyelorsz\u00e1gra is sor ker\u00fcl.   Lech Kaczy\u0144ski Lengyelorsz\u00e1g t\u00f6rt\u00e9nelm\u00e9nek egyik legnagyobb \u00e1llamf\u00e9rfija volt, \u00e9s tudta, hogyan kell el\u0151re l\u00e1tni a nemzetk\u00f6zi esem\u00e9nyek alakul\u00e1s\u00e1nak lehets\u00e9ges forgat\u00f3k\u00f6nyveit. Ugyanakkor hat\u00e9konyan \u00e9s b\u00e1tran tudott ellen\u00fck fell\u00e9pni. A gr\u00faz politikusok \u00e9s komment\u00e1torok szerint Lech Kaczy\u0144ski l\u00e1togat\u00e1sa fontos elem volt az orosz agresszi\u00f3 meg\u00e1ll\u00edt\u00e1s\u00e1ban. A gr\u00fazok soha nem felejtett\u00e9k el, amit Lech Kaczy\u0144ski tett \u00e9rt\u00fck.  H\u00e1l\u00e1juk jel\u00e9\u00fcl \u00e9s annak \u00e9rdek\u00e9ben, hogy meg\u0151rizz\u00e9k eml\u00e9k\u00e9t \u00e9s hozz\u00e1j\u00e1rul\u00e1s\u00e1t Gr\u00fazia f\u00fcggetlens\u00e9g\u00e9hez, utc\u00e1kat \u00e9s tereket neveztek el r\u00f3la, \u00e9s mellszobrot \u00e1ll\u00edtottak a lengyel eln\u00f6knek Tbilisziben.<\/p>","protected":false},"excerpt":{"rendered":"<p>Dzi\u015b mija 11. rocznica pami\u0119tnego wyst\u0105pienia Lecha Kaczy\u0144skiego na wiecu w Tbilisi. W pi\u0105tym, decyduj\u0105cym dniu rosyjsko-gruzi\u0144skiej wojny, kiedy to rosyjskie oddzia\u0142y zaj\u0119\u0142y miejscowo\u015bci Karaleti i Gori i posuwa\u0142y si\u0119 w kierunku Tbilisi, Lech Kaczy\u0144ski osobi\u015bcie przyby\u0142 do Gruzji, zabieraj\u0105c ze sob\u0105 przyw\u00f3dc\u00f3w: Ukrainy, Litwy, \u0141otwy i Estonii. Podczas przem\u00f3wienia przed budynkiem parlamentu do zgromadzonych [&hellip;]<\/p>","protected":false},"author":15,"featured_media":0,"comment_status":"open","ping_status":"open","sticky":false,"template":"","format":"standard","meta":{"ngg_post_thumbnail":0,"footnotes":""},"categories":[1],"tags":[],"class_list":["post-17421","post","type-post","status-publish","format-standard","hentry","category-bez-kategorii"],"yoast_head":"<!-- This site is optimized with the Yoast SEO plugin v24.7 - https:\/\/yoast.com\/wordpress\/plugins\/seo\/ -->\n<title>Dzi\u015b mija 11. rocznica pami\u0119tnego wyst\u0105pienia Lecha Kaczy\u0144skiego na wiecu w Tbilisi &#8211; Marek Kuchci\u0144ski<\/title>\n<meta name=\"robots\" content=\"index, follow, max-snippet:-1, max-image-preview:large, max-video-preview:-1\" \/>\n<link rel=\"canonical\" href=\"https:\/\/marekkuchcinski.pl\/hu\/bez-kategorii\/dzis-mija-11-rocznica-pamietnego-wystapienia-lecha-kaczynskiego-na-wiecu-w-tbilisi\/\" \/>\n<meta property=\"og:locale\" content=\"hu_HU\" \/>\n<meta property=\"og:type\" content=\"article\" \/>\n<meta property=\"og:title\" content=\"Dzi\u015b mija 11. rocznica pami\u0119tnego wyst\u0105pienia Lecha Kaczy\u0144skiego na wiecu w Tbilisi &#8211; Marek Kuchci\u0144ski\" \/>\n<meta property=\"og:description\" content=\"Dzi\u015b mija 11. rocznica pami\u0119tnego wyst\u0105pienia Lecha Kaczy\u0144skiego na wiecu w Tbilisi. W pi\u0105tym, decyduj\u0105cym dniu rosyjsko-gruzi\u0144skiej wojny, kiedy to rosyjskie oddzia\u0142y zaj\u0119\u0142y miejscowo\u015bci Karaleti i Gori i posuwa\u0142y si\u0119 w kierunku Tbilisi, Lech Kaczy\u0144ski osobi\u015bcie przyby\u0142 do Gruzji, zabieraj\u0105c ze sob\u0105 przyw\u00f3dc\u00f3w: Ukrainy, Litwy, \u0141otwy i Estonii. Podczas przem\u00f3wienia przed budynkiem parlamentu do zgromadzonych [&hellip;]\" \/>\n<meta property=\"og:url\" content=\"https:\/\/marekkuchcinski.pl\/hu\/bez-kategorii\/dzis-mija-11-rocznica-pamietnego-wystapienia-lecha-kaczynskiego-na-wiecu-w-tbilisi\/\" \/>\n<meta property=\"og:site_name\" content=\"Marek Kuchci\u0144ski\" \/>\n<meta property=\"article:published_time\" content=\"2019-08-12T14:14:57+00:00\" \/>\n<meta property=\"article:modified_time\" content=\"2019-08-12T21:15:56+00:00\" \/>\n<meta property=\"og:image\" content=\"https:\/\/marekkuchcinski.pl\/wp-content\/uploads\/2022\/09\/Marek.jpg\" \/>\n\t<meta property=\"og:image:width\" content=\"1600\" \/>\n\t<meta property=\"og:image:height\" content=\"971\" \/>\n\t<meta property=\"og:image:type\" content=\"image\/jpeg\" \/>\n<meta name=\"author\" content=\"Andrzej Paniw\" \/>\n<meta name=\"twitter:card\" content=\"summary_large_image\" \/>\n<meta name=\"twitter:label1\" content=\"Szerz\u0151:\" \/>\n\t<meta name=\"twitter:data1\" content=\"Andrzej Paniw\" \/>\n\t<meta name=\"twitter:label2\" content=\"Becs\u00fclt olvas\u00e1si id\u0151\" \/>\n\t<meta name=\"twitter:data2\" content=\"1 perc\" \/>\n<script type=\"application\/ld+json\" class=\"yoast-schema-graph\">{\"@context\":\"https:\/\/schema.org\",\"@graph\":[{\"@type\":\"Article\",\"@id\":\"https:\/\/marekkuchcinski.pl\/bez-kategorii\/dzis-mija-11-rocznica-pamietnego-wystapienia-lecha-kaczynskiego-na-wiecu-w-tbilisi\/#article\",\"isPartOf\":{\"@id\":\"https:\/\/marekkuchcinski.pl\/bez-kategorii\/dzis-mija-11-rocznica-pamietnego-wystapienia-lecha-kaczynskiego-na-wiecu-w-tbilisi\/\"},\"author\":{\"name\":\"Andrzej Paniw\",\"@id\":\"https:\/\/marekkuchcinski.pl\/#\/schema\/person\/0346d7f21c9bed5cf4eed3231e9f59fa\"},\"headline\":\"Dzi\u015b mija 11. rocznica pami\u0119tnego wyst\u0105pienia Lecha Kaczy\u0144skiego na wiecu w Tbilisi\",\"datePublished\":\"2019-08-12T14:14:57+00:00\",\"dateModified\":\"2019-08-12T21:15:56+00:00\",\"mainEntityOfPage\":{\"@id\":\"https:\/\/marekkuchcinski.pl\/bez-kategorii\/dzis-mija-11-rocznica-pamietnego-wystapienia-lecha-kaczynskiego-na-wiecu-w-tbilisi\/\"},\"wordCount\":276,\"commentCount\":0,\"publisher\":{\"@id\":\"https:\/\/marekkuchcinski.pl\/#organization\"},\"articleSection\":[\"Bez kategorii\"],\"inLanguage\":\"hu\",\"potentialAction\":[{\"@type\":\"CommentAction\",\"name\":\"Comment\",\"target\":[\"https:\/\/marekkuchcinski.pl\/bez-kategorii\/dzis-mija-11-rocznica-pamietnego-wystapienia-lecha-kaczynskiego-na-wiecu-w-tbilisi\/#respond\"]}]},{\"@type\":\"WebPage\",\"@id\":\"https:\/\/marekkuchcinski.pl\/bez-kategorii\/dzis-mija-11-rocznica-pamietnego-wystapienia-lecha-kaczynskiego-na-wiecu-w-tbilisi\/\",\"url\":\"https:\/\/marekkuchcinski.pl\/bez-kategorii\/dzis-mija-11-rocznica-pamietnego-wystapienia-lecha-kaczynskiego-na-wiecu-w-tbilisi\/\",\"name\":\"Dzi\u015b mija 11. rocznica pami\u0119tnego wyst\u0105pienia Lecha Kaczy\u0144skiego na wiecu w Tbilisi &#8211; Marek Kuchci\u0144ski\",\"isPartOf\":{\"@id\":\"https:\/\/marekkuchcinski.pl\/#website\"},\"datePublished\":\"2019-08-12T14:14:57+00:00\",\"dateModified\":\"2019-08-12T21:15:56+00:00\",\"breadcrumb\":{\"@id\":\"https:\/\/marekkuchcinski.pl\/bez-kategorii\/dzis-mija-11-rocznica-pamietnego-wystapienia-lecha-kaczynskiego-na-wiecu-w-tbilisi\/#breadcrumb\"},\"inLanguage\":\"hu\",\"potentialAction\":[{\"@type\":\"ReadAction\",\"target\":[\"https:\/\/marekkuchcinski.pl\/bez-kategorii\/dzis-mija-11-rocznica-pamietnego-wystapienia-lecha-kaczynskiego-na-wiecu-w-tbilisi\/\"]}]},{\"@type\":\"BreadcrumbList\",\"@id\":\"https:\/\/marekkuchcinski.pl\/bez-kategorii\/dzis-mija-11-rocznica-pamietnego-wystapienia-lecha-kaczynskiego-na-wiecu-w-tbilisi\/#breadcrumb\",\"itemListElement\":[{\"@type\":\"ListItem\",\"position\":1,\"name\":\"Strona g\u0142\u00f3wna\",\"item\":\"https:\/\/marekkuchcinski.pl\/\"},{\"@type\":\"ListItem\",\"position\":2,\"name\":\"Dzi\u015b mija 11. rocznica pami\u0119tnego wyst\u0105pienia Lecha Kaczy\u0144skiego na wiecu w Tbilisi\"}]},{\"@type\":\"WebSite\",\"@id\":\"https:\/\/marekkuchcinski.pl\/#website\",\"url\":\"https:\/\/marekkuchcinski.pl\/\",\"name\":\"Marek Kuchci\u0144ski\",\"description\":\"Pose\u0142 na sejm RP &ndash; okr\u0119g nr 22\",\"publisher\":{\"@id\":\"https:\/\/marekkuchcinski.pl\/#organization\"},\"potentialAction\":[{\"@type\":\"SearchAction\",\"target\":{\"@type\":\"EntryPoint\",\"urlTemplate\":\"https:\/\/marekkuchcinski.pl\/?s={search_term_string}\"},\"query-input\":{\"@type\":\"PropertyValueSpecification\",\"valueRequired\":true,\"valueName\":\"search_term_string\"}}],\"inLanguage\":\"hu\"},{\"@type\":\"Organization\",\"@id\":\"https:\/\/marekkuchcinski.pl\/#organization\",\"name\":\"Marek Kuchci\u0144ski\",\"url\":\"https:\/\/marekkuchcinski.pl\/\",\"logo\":{\"@type\":\"ImageObject\",\"inLanguage\":\"hu\",\"@id\":\"https:\/\/marekkuchcinski.pl\/#\/schema\/logo\/image\/\",\"url\":\"https:\/\/marekkuchcinski.pl\/wp-content\/uploads\/2022\/09\/Marek.jpg\",\"contentUrl\":\"https:\/\/marekkuchcinski.pl\/wp-content\/uploads\/2022\/09\/Marek.jpg\",\"width\":1600,\"height\":971,\"caption\":\"Marek Kuchci\u0144ski\"},\"image\":{\"@id\":\"https:\/\/marekkuchcinski.pl\/#\/schema\/logo\/image\/\"}},{\"@type\":\"Person\",\"@id\":\"https:\/\/marekkuchcinski.pl\/#\/schema\/person\/0346d7f21c9bed5cf4eed3231e9f59fa\",\"name\":\"Andrzej Paniw\",\"image\":{\"@type\":\"ImageObject\",\"inLanguage\":\"hu\",\"@id\":\"https:\/\/marekkuchcinski.pl\/#\/schema\/person\/image\/\",\"url\":\"https:\/\/secure.gravatar.com\/avatar\/b68f7f24be3be59e4e54b34ffa26bdeb?s=96&d=mm&r=g\",\"contentUrl\":\"https:\/\/secure.gravatar.com\/avatar\/b68f7f24be3be59e4e54b34ffa26bdeb?s=96&d=mm&r=g\",\"caption\":\"Andrzej Paniw\"},\"url\":\"https:\/\/marekkuchcinski.pl\/hu\/author\/andrzej-paniw\/\"}]}<\/script>\n<!-- \/ Yoast SEO plugin. -->","yoast_head_json":{"title":"Dzi\u015b mija 11. rocznica pami\u0119tnego wyst\u0105pienia Lecha Kaczy\u0144skiego na wiecu w Tbilisi &#8211; Marek Kuchci\u0144ski","robots":{"index":"index","follow":"follow","max-snippet":"max-snippet:-1","max-image-preview":"max-image-preview:large","max-video-preview":"max-video-preview:-1"},"canonical":"https:\/\/marekkuchcinski.pl\/hu\/bez-kategorii\/dzis-mija-11-rocznica-pamietnego-wystapienia-lecha-kaczynskiego-na-wiecu-w-tbilisi\/","og_locale":"hu_HU","og_type":"article","og_title":"Dzi\u015b mija 11. rocznica pami\u0119tnego wyst\u0105pienia Lecha Kaczy\u0144skiego na wiecu w Tbilisi &#8211; Marek Kuchci\u0144ski","og_description":"Dzi\u015b mija 11. rocznica pami\u0119tnego wyst\u0105pienia Lecha Kaczy\u0144skiego na wiecu w Tbilisi. W pi\u0105tym, decyduj\u0105cym dniu rosyjsko-gruzi\u0144skiej wojny, kiedy to rosyjskie oddzia\u0142y zaj\u0119\u0142y miejscowo\u015bci Karaleti i Gori i posuwa\u0142y si\u0119 w kierunku Tbilisi, Lech Kaczy\u0144ski osobi\u015bcie przyby\u0142 do Gruzji, zabieraj\u0105c ze sob\u0105 przyw\u00f3dc\u00f3w: Ukrainy, Litwy, \u0141otwy i Estonii. Podczas przem\u00f3wienia przed budynkiem parlamentu do zgromadzonych [&hellip;]","og_url":"https:\/\/marekkuchcinski.pl\/hu\/bez-kategorii\/dzis-mija-11-rocznica-pamietnego-wystapienia-lecha-kaczynskiego-na-wiecu-w-tbilisi\/","og_site_name":"Marek Kuchci\u0144ski","article_published_time":"2019-08-12T14:14:57+00:00","article_modified_time":"2019-08-12T21:15:56+00:00","og_image":[{"width":1600,"height":971,"url":"https:\/\/marekkuchcinski.pl\/wp-content\/uploads\/2022\/09\/Marek.jpg","type":"image\/jpeg"}],"author":"Andrzej Paniw","twitter_card":"summary_large_image","twitter_misc":{"Szerz\u0151:":"Andrzej Paniw","Becs\u00fclt olvas\u00e1si id\u0151":"1 perc"},"schema":{"@context":"https:\/\/schema.org","@graph":[{"@type":"Article","@id":"https:\/\/marekkuchcinski.pl\/bez-kategorii\/dzis-mija-11-rocznica-pamietnego-wystapienia-lecha-kaczynskiego-na-wiecu-w-tbilisi\/#article","isPartOf":{"@id":"https:\/\/marekkuchcinski.pl\/bez-kategorii\/dzis-mija-11-rocznica-pamietnego-wystapienia-lecha-kaczynskiego-na-wiecu-w-tbilisi\/"},"author":{"name":"Andrzej Paniw","@id":"https:\/\/marekkuchcinski.pl\/#\/schema\/person\/0346d7f21c9bed5cf4eed3231e9f59fa"},"headline":"Dzi\u015b mija 11. rocznica pami\u0119tnego wyst\u0105pienia Lecha Kaczy\u0144skiego na wiecu w Tbilisi","datePublished":"2019-08-12T14:14:57+00:00","dateModified":"2019-08-12T21:15:56+00:00","mainEntityOfPage":{"@id":"https:\/\/marekkuchcinski.pl\/bez-kategorii\/dzis-mija-11-rocznica-pamietnego-wystapienia-lecha-kaczynskiego-na-wiecu-w-tbilisi\/"},"wordCount":276,"commentCount":0,"publisher":{"@id":"https:\/\/marekkuchcinski.pl\/#organization"},"articleSection":["Bez kategorii"],"inLanguage":"hu","potentialAction":[{"@type":"CommentAction","name":"Comment","target":["https:\/\/marekkuchcinski.pl\/bez-kategorii\/dzis-mija-11-rocznica-pamietnego-wystapienia-lecha-kaczynskiego-na-wiecu-w-tbilisi\/#respond"]}]},{"@type":"WebPage","@id":"https:\/\/marekkuchcinski.pl\/bez-kategorii\/dzis-mija-11-rocznica-pamietnego-wystapienia-lecha-kaczynskiego-na-wiecu-w-tbilisi\/","url":"https:\/\/marekkuchcinski.pl\/bez-kategorii\/dzis-mija-11-rocznica-pamietnego-wystapienia-lecha-kaczynskiego-na-wiecu-w-tbilisi\/","name":"Dzi\u015b mija 11. rocznica pami\u0119tnego wyst\u0105pienia Lecha Kaczy\u0144skiego na wiecu w Tbilisi &#8211; Marek Kuchci\u0144ski","isPartOf":{"@id":"https:\/\/marekkuchcinski.pl\/#website"},"datePublished":"2019-08-12T14:14:57+00:00","dateModified":"2019-08-12T21:15:56+00:00","breadcrumb":{"@id":"https:\/\/marekkuchcinski.pl\/bez-kategorii\/dzis-mija-11-rocznica-pamietnego-wystapienia-lecha-kaczynskiego-na-wiecu-w-tbilisi\/#breadcrumb"},"inLanguage":"hu","potentialAction":[{"@type":"ReadAction","target":["https:\/\/marekkuchcinski.pl\/bez-kategorii\/dzis-mija-11-rocznica-pamietnego-wystapienia-lecha-kaczynskiego-na-wiecu-w-tbilisi\/"]}]},{"@type":"BreadcrumbList","@id":"https:\/\/marekkuchcinski.pl\/bez-kategorii\/dzis-mija-11-rocznica-pamietnego-wystapienia-lecha-kaczynskiego-na-wiecu-w-tbilisi\/#breadcrumb","itemListElement":[{"@type":"ListItem","position":1,"name":"Strona g\u0142\u00f3wna","item":"https:\/\/marekkuchcinski.pl\/"},{"@type":"ListItem","position":2,"name":"Dzi\u015b mija 11. rocznica pami\u0119tnego wyst\u0105pienia Lecha Kaczy\u0144skiego na wiecu w Tbilisi"}]},{"@type":"WebSite","@id":"https:\/\/marekkuchcinski.pl\/#website","url":"https:\/\/marekkuchcinski.pl\/","name":"Marek Kuchci\u0144ski","description":"Pose\u0142 na sejm RP &ndash; okr\u0119g nr 22","publisher":{"@id":"https:\/\/marekkuchcinski.pl\/#organization"},"potentialAction":[{"@type":"SearchAction","target":{"@type":"EntryPoint","urlTemplate":"https:\/\/marekkuchcinski.pl\/?s={search_term_string}"},"query-input":{"@type":"PropertyValueSpecification","valueRequired":true,"valueName":"search_term_string"}}],"inLanguage":"hu"},{"@type":"Organization","@id":"https:\/\/marekkuchcinski.pl\/#organization","name":"Marek Kuchci\u0144ski","url":"https:\/\/marekkuchcinski.pl\/","logo":{"@type":"ImageObject","inLanguage":"hu","@id":"https:\/\/marekkuchcinski.pl\/#\/schema\/logo\/image\/","url":"https:\/\/marekkuchcinski.pl\/wp-content\/uploads\/2022\/09\/Marek.jpg","contentUrl":"https:\/\/marekkuchcinski.pl\/wp-content\/uploads\/2022\/09\/Marek.jpg","width":1600,"height":971,"caption":"Marek Kuchci\u0144ski"},"image":{"@id":"https:\/\/marekkuchcinski.pl\/#\/schema\/logo\/image\/"}},{"@type":"Person","@id":"https:\/\/marekkuchcinski.pl\/#\/schema\/person\/0346d7f21c9bed5cf4eed3231e9f59fa","name":"Andrzej Paniw","image":{"@type":"ImageObject","inLanguage":"hu","@id":"https:\/\/marekkuchcinski.pl\/#\/schema\/person\/image\/","url":"https:\/\/secure.gravatar.com\/avatar\/b68f7f24be3be59e4e54b34ffa26bdeb?s=96&d=mm&r=g","contentUrl":"https:\/\/secure.gravatar.com\/avatar\/b68f7f24be3be59e4e54b34ffa26bdeb?s=96&d=mm&r=g","caption":"Andrzej Paniw"},"url":"https:\/\/marekkuchcinski.pl\/hu\/author\/andrzej-paniw\/"}]}},"_links":{"self":[{"href":"https:\/\/marekkuchcinski.pl\/hu\/wp-json\/wp\/v2\/posts\/17421","targetHints":{"allow":["GET"]}}],"collection":[{"href":"https:\/\/marekkuchcinski.pl\/hu\/wp-json\/wp\/v2\/posts"}],"about":[{"href":"https:\/\/marekkuchcinski.pl\/hu\/wp-json\/wp\/v2\/types\/post"}],"author":[{"embeddable":true,"href":"https:\/\/marekkuchcinski.pl\/hu\/wp-json\/wp\/v2\/users\/15"}],"replies":[{"embeddable":true,"href":"https:\/\/marekkuchcinski.pl\/hu\/wp-json\/wp\/v2\/comments?post=17421"}],"version-history":[{"count":6,"href":"https:\/\/marekkuchcinski.pl\/hu\/wp-json\/wp\/v2\/posts\/17421\/revisions"}],"predecessor-version":[{"id":17432,"href":"https:\/\/marekkuchcinski.pl\/hu\/wp-json\/wp\/v2\/posts\/17421\/revisions\/17432"}],"wp:attachment":[{"href":"https:\/\/marekkuchcinski.pl\/hu\/wp-json\/wp\/v2\/media?parent=17421"}],"wp:term":[{"taxonomy":"category","embeddable":true,"href":"https:\/\/marekkuchcinski.pl\/hu\/wp-json\/wp\/v2\/categories?post=17421"},{"taxonomy":"post_tag","embeddable":true,"href":"https:\/\/marekkuchcinski.pl\/hu\/wp-json\/wp\/v2\/tags?post=17421"}],"curies":[{"name":"wp","href":"https:\/\/api.w.org\/{rel}","templated":true}]}}