{"id":17393,"date":"2019-08-06T20:26:11","date_gmt":"2019-08-06T18:26:11","guid":{"rendered":"https:\/\/marekkuchcinski.pl\/?p=17393"},"modified":"2019-08-06T20:30:30","modified_gmt":"2019-08-06T18:30:30","slug":"oswiadczenie-w-sprawie-korzystania-ze-specjalnego-transportu-lotniczego-przez-marszalka-sejmu-rp-marka-kuchcinskiego","status":"publish","type":"post","link":"https:\/\/marekkuchcinski.pl\/hu\/wydarzenia\/oswiadczenie-w-sprawie-korzystania-ze-specjalnego-transportu-lotniczego-przez-marszalka-sejmu-rp-marka-kuchcinskiego\/","title":{"rendered":"Marek Kuchci\u0144ski, a szejm eln\u00f6ke nyilatkozata a k\u00fcl\u00f6nleges l\u00e9gi k\u00f6zleked\u00e9s haszn\u00e1lat\u00e1r\u00f3l"},"content":{"rendered":"<p>2015. november 12. \u00f3ta, amikor a k\u00e9pvisel\u0151k r\u00e1m b\u00edzt\u00e1k a Szejm eln\u00f6ki tiszts\u00e9g\u00e9t, egy olyan h\u00e1zeln\u00f6k munkamodellj\u00e9t v\u00e1lasztottam, aki nemcsak a vars\u00f3i Szejm \u00e9p\u00fclet\u00e9ben, a k\u00e9pvisel\u0151h\u00e1zban tev\u00e9kenykedik, hanem akt\u00edvan dolgozik itthon \u00e9s k\u00fclf\u00f6ld\u00f6n is.<br>\nEz\u00e9rt van az a nagysz\u00e1m\u00fa tal\u00e1lkoz\u00f3 \u00e9s \u00fcnneps\u00e9gre val\u00f3 utaz\u00e1s, amelyen a szervez\u0151k megh\u00edv\u00e1s\u00e1ra r\u00e9szt veszek. Hivatali id\u0151m kezdete \u00f3ta mintegy 900 ilyen tal\u00e1lkoz\u00f3t tartottunk, gyakran naponta t\u00f6bbsz\u00f6r is, bele\u00e9rtve a szombati \u00e9s vas\u00e1rnapi napokat is. Sz\u00e1mos ilyen rendezv\u00e9nyen val\u00f3 r\u00e9szv\u00e9telhez speci\u00e1lis l\u00e9gi sz\u00e1ll\u00edt\u00e1sra volt sz\u00fcks\u00e9g.<br>\nEz egyfajta k\u00f6zvetlen konzult\u00e1ci\u00f3 is Lengyelorsz\u00e1g k\u00fcl\u00f6nb\u00f6z\u0151 helys\u00e9geinek, f\u0151k\u00e9nt kisv\u00e1rosok lakosaival. A Szejm e ciklusban folytatott hatalmas jogalkot\u00e1si tev\u00e9kenys\u00e9ge sz\u00fcks\u00e9gess\u00e9 teszi a polg\u00e1roknak a jogalkot\u00e1si folyamatba val\u00f3 bevon\u00e1s\u00e1t. A jelenlegi ciklusban a Szejm 876 t\u00f6rv\u00e9nyt fogadott el.<br>\nA Rzesz\u00f3wba \u00e9s minden m\u00e1s lengyelorsz\u00e1gi \u00e9s k\u00fclf\u00f6ldi rep\u00fcl\u0151t\u00e9rre ir\u00e1nyul\u00f3 j\u00e1ratok a Szejm eln\u00f6kek\u00e9nt v\u00e9gzett munk\u00e1mhoz kapcsol\u00f3dtak, amely nemzetk\u00f6zi \u00e9s nemzeti konferenci\u00e1kb\u00f3l, a Szejm munk\u00e1j\u00e1val kapcsolatos \u00fcl\u00e9sekb\u0151l \u00e9s egy\u00e9b aktu\u00e1lis esem\u00e9nyekb\u0151l \u00e1llt. R\u00e9szv\u00e9tel nemzetk\u00f6zi, nemzeti \u00e9s region\u00e1lis szint\u0171 \u00e9vfordul\u00f3s \u00fcnneps\u00e9geken. <br>\nTiszt\u00e1ban vagyok azzal, hogy a j\u00e1ratok sz\u00e1ma magas volt, de ez f\u0151k\u00e9nt az \u00e1ltalam elfogadott munkamodellnek volt k\u00f6sz\u00f6nhet\u0151.<\/p>\n\n\n\n<p>Ami a nyilv\u00e1nos t\u00e9rben megjelen\u0151 inform\u00e1ci\u00f3kat illeti, szeretn\u00e9m hangs\u00falyozni, hogy:<\/p>\n\n\n\n<ol class=\"wp-block-list\"><li>A Lengyel K\u00f6zt\u00e1rsas\u00e1g Szejmj\u00e9nek eln\u00f6ke jogosult speci\u00e1lis katonai rep\u00fcl\u0151g\u00e9pek haszn\u00e1lat\u00e1ra, amelyet r\u00e9szletesen a Lengyel Fegyveres Er\u0151k legfontosabb \u00e1llami szem\u00e9lyekkel t\u00f6rt\u00e9n\u0151 rep\u00fcl\u00e9sek megszervez\u00e9s\u00e9r\u0151l sz\u00f3l\u00f3 utas\u00edt\u00e1s (\"HEAD utas\u00edt\u00e1s\") \u00edr le, amely el\u0151\u00edrja, hogy az eln\u00f6k, a Szejm eln\u00f6ke, a szen\u00e1tus eln\u00f6ke vagy a minisztereln\u00f6k r\u00e9szv\u00e9tel\u00e9vel, hivatalos k\u00fcldet\u00e9s keret\u00e9ben v\u00e9grehajtott rep\u00fcl\u00e9s \"HEAD\" st\u00e1tusz\u00fa. \u00c9rdemes megjegyezni, hogy ezt a st\u00e1tuszt nem a Szejm eln\u00f6ke, a Szejm kancell\u00e1ri\u00e1ja vagy a minisztereln\u00f6k kancell\u00e1ri\u00e1ja adja, hanem az orsz\u00e1g legfontosabb szem\u00e9lyeinek biztons\u00e1g\u00e1\u00e9rt felel\u0151s SOP parancsnoka. A rep\u00fcl\u00e9s v\u00e9grehajt\u00e1s\u00e1nak lehet\u0151s\u00e9g\u00e9r\u0151l \u00e9s m\u00f3dj\u00e1r\u00f3l azonban annak v\u00e9grehajt\u00f3ja, azaz a l\u00e9gi egys\u00e9g parancsnoka d\u00f6nt. \"A HEAD utas\u00edt\u00e1s lehet\u0151v\u00e9 teszi, hogy az \u00e1llam legfontosabb szem\u00e9lyeivel egy\u00fctt m\u00e1s szem\u00e9lyek is jelen legyenek a rep\u00fcl\u00e9s sor\u00e1n, kimondva, hogy az utasok list\u00e1j\u00e1t a rep\u00fcl\u00e9st szervez\u0151 szervezet \u00e1ll\u00edtja \u00f6ssze (22. \u00a7), de nem hat\u00e1rozza meg, hogy az \u00e1llam legfontosabb szem\u00e9lyein k\u00edv\u00fcl pontosan kik lehetnek jelen a fed\u00e9lzeten. Az utaslista \u00f6ssze\u00e1ll\u00edt\u00e1s\u00e1r\u00f3l a j\u00e1rat szervez\u0151je d\u00f6nthet (16. \u00a7 (2) bekezd\u00e9s 2. pont). A vonatkoz\u00f3 rendelkez\u00e9s (16. \u00a7 (6)(3) bekezd\u00e9s) felhatalmazza a l\u00e9gi j\u00e1rm\u0171 \u00fczemeltet\u0151j\u00e9t az utaslista friss\u00edt\u00e9s\u00e9re is.<\/li><li>Ezeknek a k\u00f6zleked\u00e9si eszk\u00f6z\u00f6knek a haszn\u00e1lata az \u00e1ltalam l\u00e1togatott \u00fcl\u00e9sek \u00e9s rendezv\u00e9nyek igen s\u0171r\u0171 programj\u00e1nak volt k\u00f6sz\u00f6nhet\u0151, ami dinamikus \u00e9s hat\u00e9kony utaz\u00e1st tett sz\u00fcks\u00e9gess\u00e9 az orsz\u00e1g t\u00e1voli pontjai \u00e9s k\u00fclf\u00f6ld k\u00f6z\u00f6tt. A gyors k\u00f6zleked\u00e9si eszk\u00f6z\u00f6k haszn\u00e1lat\u00e1nak k\u00f6sz\u00f6nhet\u0151en sz\u00e1mos Vars\u00f3ban v\u00e9gzett feladatot \u00f6ssze lehetett kapcsolni a Lengyelorsz\u00e1g m\u00e1s r\u00e9szein \u00e9s k\u00fclf\u00f6ld\u00f6n v\u00e9gzett feladatokkal. <\/li><li>A cselekedeteim m\u00f6g\u00f6tt \u00e1ll\u00f3 ind\u00edt\u00e9kokt\u00f3l f\u00fcggetlen\u00fcl meg\u00e9rtem, hogy a szejm eln\u00f6ke rendelkez\u00e9s\u00e9re \u00e1ll\u00f3 k\u00f6zleked\u00e9si eszk\u00f6z\u00f6knek a csal\u00e1dom \u00e1ltali haszn\u00e1lata t\u00e1rsadalmi vit\u00e1t v\u00e1lthat ki. A teljes n\u00e9gy\u00e9ves hivatali id\u0151 alatt 23 ilyen rep\u00fcl\u00e9s volt, amelyeken rajtam k\u00edv\u00fcl a legk\u00f6zelebbi \u00e9s legkedvesebb hozz\u00e1tartoz\u00f3im is a fed\u00e9lzeten voltak. Ez\u00e9rt \u00fagy d\u00f6nt\u00f6ttem, hogy 15 000 PLN-t adom\u00e1nyozok a Caritasnak \u00e9s a Budzik Klinik\u00e1nak. A v\u00e9grehajtott rep\u00fcl\u00e9sek alapos elemz\u00e9se ut\u00e1n az is kider\u00fclt, hogy k\u00f6zvetlen\u00fcl az egyik Vars\u00f3b\u00f3l Rzesz\u00f3wba tart\u00f3 j\u00e1ratom ut\u00e1n, a Vars\u00f3ba vissza\u00faton, a szem\u00e9lyzet parancsnok\u00e1nak \u00e9s felettes\u00e9nek beleegyez\u00e9s\u00e9vel, a feles\u00e9gem utazott. Szeretn\u00e9m hangs\u00falyozni, hogy ez nem egy kifejezetten erre a c\u00e9lra megrendelt j\u00e1rat volt, mivel miut\u00e1n lesz\u00e1lltam Rzesz\u00f3wban, a g\u00e9pnek a terveknek megfelel\u0151en vissza kellett t\u00e9rnie Vars\u00f3ba. Ez a j\u00e1rat sem rendelkezett \"HEAD\" st\u00e1tusszal. <br>\nAzonban, hogy eloszlassak minden k\u00e9ts\u00e9get ezzel kapcsolatban, \u00fagy d\u00f6nt\u00f6ttem, hogy a rep\u00fcl\u00e9s teljes k\u00f6lts\u00e9g\u00e9t fedez\u0151 \u00e9s a V\u00e9delmi Miniszt\u00e9rium \u00e1ltal kisz\u00e1m\u00edtott \u00f6sszeget, azaz 28 000 PLN-t befizetem a Fegyveres Er\u0151k Moderniz\u00e1ci\u00f3s Alapj\u00e1ba.<\/li><li>Tiszt\u00e1ban vagyok azzal, hogy a k\u00f6zv\u00e9lem\u00e9ny negat\u00edvan \u00edt\u00e9li meg az ilyen viselked\u00e9st, \u00e9s szeretn\u00e9k bocs\u00e1natot k\u00e9rni mindenkit\u0151l, aki megs\u00e9rt\u0151d\u00f6tt.<\/li><\/ol>\n\n\n\n<p>Ugyanakkor szeretn\u00e9m hat\u00e1rozottan kijelenteni, hogy jogszer\u0171en j\u00e1rtam el. E j\u00e1ratok r\u00e9szletei t\u00f6bb int\u00e9zm\u00e9nyben is el\u00e9rhet\u0151k. Az engem k\u00eds\u00e9r\u0151 csal\u00e1dtagjaim semmik\u00e9ppen sem n\u00f6velt\u00e9k a rep\u00fcl\u0151jegyek \u00e1r\u00e1t. A le\u00edrt egyetlen helyzetet lesz\u00e1m\u00edtva soha nem fordult el\u0151, hogy a csal\u00e1dom a jelenl\u00e9tem n\u00e9lk\u00fcl rep\u00fclt volna katonai rep\u00fcl\u0151g\u00e9pen.<\/p>\n\n\n\n<p>Marek Kuchci\u0144ski<\/p>","protected":false},"excerpt":{"rendered":"<p>Od 12 listopada 2015 roku, kiedy pos\u0142owie powierzyli mi funkcj\u0119 marsza\u0142ka Sejmu, przyj\u0105\u0142em model pracy marsza\u0142ka, kt\u00f3ry dzia\u0142a nie tylko na forum izby poselskiej w budynku Sejmu w Warszawie, ale tak\u017ce pracuje aktywnie w kraju i za granic\u0105. St\u0105d wynika du\u017ca liczba spotka\u0144 i wyjazd\u00f3w na uroczysto\u015bci, w kt\u00f3rych bior\u0119 udzia\u0142, zapraszany przez organizator\u00f3w. Takich [&hellip;]<\/p>","protected":false},"author":6,"featured_media":17394,"comment_status":"open","ping_status":"open","sticky":false,"template":"","format":"standard","meta":{"ngg_post_thumbnail":0,"footnotes":""},"categories":[81,3],"tags":[],"class_list":["post-17393","post","type-post","status-publish","format-standard","has-post-thumbnail","hentry","category-wiesci-z-sejmu","category-wydarzenia"],"yoast_head":"<!-- This site is optimized with the Yoast SEO plugin v24.7 - https:\/\/yoast.com\/wordpress\/plugins\/seo\/ -->\n<title>O\u015bwiadczenie w sprawie korzystania ze specjalnego transportu lotniczego przez Marsza\u0142ka Sejmu RP Marka Kuchci\u0144skiego &#8211; Marek Kuchci\u0144ski<\/title>\n<meta name=\"robots\" content=\"index, follow, max-snippet:-1, max-image-preview:large, max-video-preview:-1\" \/>\n<link rel=\"canonical\" href=\"https:\/\/marekkuchcinski.pl\/hu\/wydarzenia\/oswiadczenie-w-sprawie-korzystania-ze-specjalnego-transportu-lotniczego-przez-marszalka-sejmu-rp-marka-kuchcinskiego\/\" \/>\n<meta property=\"og:locale\" content=\"hu_HU\" \/>\n<meta property=\"og:type\" content=\"article\" \/>\n<meta property=\"og:title\" content=\"O\u015bwiadczenie w sprawie korzystania ze specjalnego transportu lotniczego przez Marsza\u0142ka Sejmu RP Marka Kuchci\u0144skiego &#8211; Marek Kuchci\u0144ski\" \/>\n<meta property=\"og:description\" content=\"Od 12 listopada 2015 roku, kiedy pos\u0142owie powierzyli mi funkcj\u0119 marsza\u0142ka Sejmu, przyj\u0105\u0142em model pracy marsza\u0142ka, kt\u00f3ry dzia\u0142a nie tylko na forum izby poselskiej w budynku Sejmu w Warszawie, ale tak\u017ce pracuje aktywnie w kraju i za granic\u0105. St\u0105d wynika du\u017ca liczba spotka\u0144 i wyjazd\u00f3w na uroczysto\u015bci, w kt\u00f3rych bior\u0119 udzia\u0142, zapraszany przez organizator\u00f3w. Takich [&hellip;]\" \/>\n<meta property=\"og:url\" content=\"https:\/\/marekkuchcinski.pl\/hu\/wydarzenia\/oswiadczenie-w-sprawie-korzystania-ze-specjalnego-transportu-lotniczego-przez-marszalka-sejmu-rp-marka-kuchcinskiego\/\" \/>\n<meta property=\"og:site_name\" content=\"Marek Kuchci\u0144ski\" \/>\n<meta property=\"article:published_time\" content=\"2019-08-06T18:26:11+00:00\" \/>\n<meta property=\"article:modified_time\" content=\"2019-08-06T18:30:30+00:00\" \/>\n<meta property=\"og:image\" content=\"https:\/\/marekkuchcinski.pl\/wp-content\/uploads\/2019\/08\/PSX_20190806_201927.jpg\" \/>\n\t<meta property=\"og:image:width\" content=\"1024\" \/>\n\t<meta property=\"og:image:height\" content=\"683\" \/>\n\t<meta property=\"og:image:type\" content=\"image\/jpeg\" \/>\n<meta name=\"author\" content=\"admin\" \/>\n<meta name=\"twitter:card\" content=\"summary_large_image\" \/>\n<meta name=\"twitter:label1\" content=\"Szerz\u0151:\" \/>\n\t<meta name=\"twitter:data1\" content=\"admin\" \/>\n\t<meta name=\"twitter:label2\" content=\"Becs\u00fclt olvas\u00e1si id\u0151\" \/>\n\t<meta name=\"twitter:data2\" content=\"4 perc\" \/>\n<script type=\"application\/ld+json\" class=\"yoast-schema-graph\">{\"@context\":\"https:\/\/schema.org\",\"@graph\":[{\"@type\":\"Article\",\"@id\":\"https:\/\/marekkuchcinski.pl\/uk\/wydarzenia\/oswiadczenie-w-sprawie-korzystania-ze-specjalnego-transportu-lotniczego-przez-marszalka-sejmu-rp-marka-kuchcinskiego\/#article\",\"isPartOf\":{\"@id\":\"https:\/\/marekkuchcinski.pl\/uk\/wydarzenia\/oswiadczenie-w-sprawie-korzystania-ze-specjalnego-transportu-lotniczego-przez-marszalka-sejmu-rp-marka-kuchcinskiego\/\"},\"author\":{\"name\":\"admin\",\"@id\":\"https:\/\/marekkuchcinski.pl\/#\/schema\/person\/6f62700996b4d950b6ea2d1183b6c6be\"},\"headline\":\"O\u015bwiadczenie w sprawie korzystania ze specjalnego transportu lotniczego przez Marsza\u0142ka Sejmu RP Marka Kuchci\u0144skiego\",\"datePublished\":\"2019-08-06T18:26:11+00:00\",\"dateModified\":\"2019-08-06T18:30:30+00:00\",\"mainEntityOfPage\":{\"@id\":\"https:\/\/marekkuchcinski.pl\/uk\/wydarzenia\/oswiadczenie-w-sprawie-korzystania-ze-specjalnego-transportu-lotniczego-przez-marszalka-sejmu-rp-marka-kuchcinskiego\/\"},\"wordCount\":825,\"commentCount\":0,\"publisher\":{\"@id\":\"https:\/\/marekkuchcinski.pl\/#organization\"},\"image\":{\"@id\":\"https:\/\/marekkuchcinski.pl\/uk\/wydarzenia\/oswiadczenie-w-sprawie-korzystania-ze-specjalnego-transportu-lotniczego-przez-marszalka-sejmu-rp-marka-kuchcinskiego\/#primaryimage\"},\"thumbnailUrl\":\"https:\/\/marekkuchcinski.pl\/wp-content\/uploads\/2019\/08\/PSX_20190806_201927.jpg\",\"articleSection\":[\"Wie\u015bci z Sejmu\",\"Wydarzenia\"],\"inLanguage\":\"hu\",\"potentialAction\":[{\"@type\":\"CommentAction\",\"name\":\"Comment\",\"target\":[\"https:\/\/marekkuchcinski.pl\/uk\/wydarzenia\/oswiadczenie-w-sprawie-korzystania-ze-specjalnego-transportu-lotniczego-przez-marszalka-sejmu-rp-marka-kuchcinskiego\/#respond\"]}]},{\"@type\":\"WebPage\",\"@id\":\"https:\/\/marekkuchcinski.pl\/uk\/wydarzenia\/oswiadczenie-w-sprawie-korzystania-ze-specjalnego-transportu-lotniczego-przez-marszalka-sejmu-rp-marka-kuchcinskiego\/\",\"url\":\"https:\/\/marekkuchcinski.pl\/uk\/wydarzenia\/oswiadczenie-w-sprawie-korzystania-ze-specjalnego-transportu-lotniczego-przez-marszalka-sejmu-rp-marka-kuchcinskiego\/\",\"name\":\"O\u015bwiadczenie w sprawie korzystania ze specjalnego transportu lotniczego przez Marsza\u0142ka Sejmu RP Marka Kuchci\u0144skiego &#8211; Marek Kuchci\u0144ski\",\"isPartOf\":{\"@id\":\"https:\/\/marekkuchcinski.pl\/#website\"},\"primaryImageOfPage\":{\"@id\":\"https:\/\/marekkuchcinski.pl\/uk\/wydarzenia\/oswiadczenie-w-sprawie-korzystania-ze-specjalnego-transportu-lotniczego-przez-marszalka-sejmu-rp-marka-kuchcinskiego\/#primaryimage\"},\"image\":{\"@id\":\"https:\/\/marekkuchcinski.pl\/uk\/wydarzenia\/oswiadczenie-w-sprawie-korzystania-ze-specjalnego-transportu-lotniczego-przez-marszalka-sejmu-rp-marka-kuchcinskiego\/#primaryimage\"},\"thumbnailUrl\":\"https:\/\/marekkuchcinski.pl\/wp-content\/uploads\/2019\/08\/PSX_20190806_201927.jpg\",\"datePublished\":\"2019-08-06T18:26:11+00:00\",\"dateModified\":\"2019-08-06T18:30:30+00:00\",\"breadcrumb\":{\"@id\":\"https:\/\/marekkuchcinski.pl\/uk\/wydarzenia\/oswiadczenie-w-sprawie-korzystania-ze-specjalnego-transportu-lotniczego-przez-marszalka-sejmu-rp-marka-kuchcinskiego\/#breadcrumb\"},\"inLanguage\":\"hu\",\"potentialAction\":[{\"@type\":\"ReadAction\",\"target\":[\"https:\/\/marekkuchcinski.pl\/uk\/wydarzenia\/oswiadczenie-w-sprawie-korzystania-ze-specjalnego-transportu-lotniczego-przez-marszalka-sejmu-rp-marka-kuchcinskiego\/\"]}]},{\"@type\":\"ImageObject\",\"inLanguage\":\"hu\",\"@id\":\"https:\/\/marekkuchcinski.pl\/uk\/wydarzenia\/oswiadczenie-w-sprawie-korzystania-ze-specjalnego-transportu-lotniczego-przez-marszalka-sejmu-rp-marka-kuchcinskiego\/#primaryimage\",\"url\":\"https:\/\/marekkuchcinski.pl\/wp-content\/uploads\/2019\/08\/PSX_20190806_201927.jpg\",\"contentUrl\":\"https:\/\/marekkuchcinski.pl\/wp-content\/uploads\/2019\/08\/PSX_20190806_201927.jpg\",\"width\":1024,\"height\":683},{\"@type\":\"BreadcrumbList\",\"@id\":\"https:\/\/marekkuchcinski.pl\/uk\/wydarzenia\/oswiadczenie-w-sprawie-korzystania-ze-specjalnego-transportu-lotniczego-przez-marszalka-sejmu-rp-marka-kuchcinskiego\/#breadcrumb\",\"itemListElement\":[{\"@type\":\"ListItem\",\"position\":1,\"name\":\"Strona g\u0142\u00f3wna\",\"item\":\"https:\/\/marekkuchcinski.pl\/\"},{\"@type\":\"ListItem\",\"position\":2,\"name\":\"O\u015bwiadczenie w sprawie korzystania ze specjalnego transportu lotniczego przez Marsza\u0142ka Sejmu RP Marka Kuchci\u0144skiego\"}]},{\"@type\":\"WebSite\",\"@id\":\"https:\/\/marekkuchcinski.pl\/#website\",\"url\":\"https:\/\/marekkuchcinski.pl\/\",\"name\":\"Marek Kuchci\u0144ski\",\"description\":\"Pose\u0142 na sejm RP &ndash; okr\u0119g nr 22\",\"publisher\":{\"@id\":\"https:\/\/marekkuchcinski.pl\/#organization\"},\"potentialAction\":[{\"@type\":\"SearchAction\",\"target\":{\"@type\":\"EntryPoint\",\"urlTemplate\":\"https:\/\/marekkuchcinski.pl\/?s={search_term_string}\"},\"query-input\":{\"@type\":\"PropertyValueSpecification\",\"valueRequired\":true,\"valueName\":\"search_term_string\"}}],\"inLanguage\":\"hu\"},{\"@type\":\"Organization\",\"@id\":\"https:\/\/marekkuchcinski.pl\/#organization\",\"name\":\"Marek Kuchci\u0144ski\",\"url\":\"https:\/\/marekkuchcinski.pl\/\",\"logo\":{\"@type\":\"ImageObject\",\"inLanguage\":\"hu\",\"@id\":\"https:\/\/marekkuchcinski.pl\/#\/schema\/logo\/image\/\",\"url\":\"https:\/\/marekkuchcinski.pl\/wp-content\/uploads\/2022\/09\/Marek.jpg\",\"contentUrl\":\"https:\/\/marekkuchcinski.pl\/wp-content\/uploads\/2022\/09\/Marek.jpg\",\"width\":1600,\"height\":971,\"caption\":\"Marek Kuchci\u0144ski\"},\"image\":{\"@id\":\"https:\/\/marekkuchcinski.pl\/#\/schema\/logo\/image\/\"}},{\"@type\":\"Person\",\"@id\":\"https:\/\/marekkuchcinski.pl\/#\/schema\/person\/6f62700996b4d950b6ea2d1183b6c6be\",\"name\":\"admin\",\"image\":{\"@type\":\"ImageObject\",\"inLanguage\":\"hu\",\"@id\":\"https:\/\/marekkuchcinski.pl\/#\/schema\/person\/image\/\",\"url\":\"https:\/\/secure.gravatar.com\/avatar\/4bab693b9d55c3d6b52c0296a8765085?s=96&d=mm&r=g\",\"contentUrl\":\"https:\/\/secure.gravatar.com\/avatar\/4bab693b9d55c3d6b52c0296a8765085?s=96&d=mm&r=g\",\"caption\":\"admin\"},\"url\":\"https:\/\/marekkuchcinski.pl\/hu\/author\/marta-olejnik\/\"}]}<\/script>\n<!-- \/ Yoast SEO plugin. -->","yoast_head_json":{"title":"O\u015bwiadczenie w sprawie korzystania ze specjalnego transportu lotniczego przez Marsza\u0142ka Sejmu RP Marka Kuchci\u0144skiego &#8211; Marek Kuchci\u0144ski","robots":{"index":"index","follow":"follow","max-snippet":"max-snippet:-1","max-image-preview":"max-image-preview:large","max-video-preview":"max-video-preview:-1"},"canonical":"https:\/\/marekkuchcinski.pl\/hu\/wydarzenia\/oswiadczenie-w-sprawie-korzystania-ze-specjalnego-transportu-lotniczego-przez-marszalka-sejmu-rp-marka-kuchcinskiego\/","og_locale":"hu_HU","og_type":"article","og_title":"O\u015bwiadczenie w sprawie korzystania ze specjalnego transportu lotniczego przez Marsza\u0142ka Sejmu RP Marka Kuchci\u0144skiego &#8211; Marek Kuchci\u0144ski","og_description":"Od 12 listopada 2015 roku, kiedy pos\u0142owie powierzyli mi funkcj\u0119 marsza\u0142ka Sejmu, przyj\u0105\u0142em model pracy marsza\u0142ka, kt\u00f3ry dzia\u0142a nie tylko na forum izby poselskiej w budynku Sejmu w Warszawie, ale tak\u017ce pracuje aktywnie w kraju i za granic\u0105. St\u0105d wynika du\u017ca liczba spotka\u0144 i wyjazd\u00f3w na uroczysto\u015bci, w kt\u00f3rych bior\u0119 udzia\u0142, zapraszany przez organizator\u00f3w. Takich [&hellip;]","og_url":"https:\/\/marekkuchcinski.pl\/hu\/wydarzenia\/oswiadczenie-w-sprawie-korzystania-ze-specjalnego-transportu-lotniczego-przez-marszalka-sejmu-rp-marka-kuchcinskiego\/","og_site_name":"Marek Kuchci\u0144ski","article_published_time":"2019-08-06T18:26:11+00:00","article_modified_time":"2019-08-06T18:30:30+00:00","og_image":[{"width":1024,"height":683,"url":"https:\/\/marekkuchcinski.pl\/wp-content\/uploads\/2019\/08\/PSX_20190806_201927.jpg","type":"image\/jpeg"}],"author":"admin","twitter_card":"summary_large_image","twitter_misc":{"Szerz\u0151:":"admin","Becs\u00fclt olvas\u00e1si id\u0151":"4 perc"},"schema":{"@context":"https:\/\/schema.org","@graph":[{"@type":"Article","@id":"https:\/\/marekkuchcinski.pl\/uk\/wydarzenia\/oswiadczenie-w-sprawie-korzystania-ze-specjalnego-transportu-lotniczego-przez-marszalka-sejmu-rp-marka-kuchcinskiego\/#article","isPartOf":{"@id":"https:\/\/marekkuchcinski.pl\/uk\/wydarzenia\/oswiadczenie-w-sprawie-korzystania-ze-specjalnego-transportu-lotniczego-przez-marszalka-sejmu-rp-marka-kuchcinskiego\/"},"author":{"name":"admin","@id":"https:\/\/marekkuchcinski.pl\/#\/schema\/person\/6f62700996b4d950b6ea2d1183b6c6be"},"headline":"O\u015bwiadczenie w sprawie korzystania ze specjalnego transportu lotniczego przez Marsza\u0142ka Sejmu RP Marka Kuchci\u0144skiego","datePublished":"2019-08-06T18:26:11+00:00","dateModified":"2019-08-06T18:30:30+00:00","mainEntityOfPage":{"@id":"https:\/\/marekkuchcinski.pl\/uk\/wydarzenia\/oswiadczenie-w-sprawie-korzystania-ze-specjalnego-transportu-lotniczego-przez-marszalka-sejmu-rp-marka-kuchcinskiego\/"},"wordCount":825,"commentCount":0,"publisher":{"@id":"https:\/\/marekkuchcinski.pl\/#organization"},"image":{"@id":"https:\/\/marekkuchcinski.pl\/uk\/wydarzenia\/oswiadczenie-w-sprawie-korzystania-ze-specjalnego-transportu-lotniczego-przez-marszalka-sejmu-rp-marka-kuchcinskiego\/#primaryimage"},"thumbnailUrl":"https:\/\/marekkuchcinski.pl\/wp-content\/uploads\/2019\/08\/PSX_20190806_201927.jpg","articleSection":["Wie\u015bci z Sejmu","Wydarzenia"],"inLanguage":"hu","potentialAction":[{"@type":"CommentAction","name":"Comment","target":["https:\/\/marekkuchcinski.pl\/uk\/wydarzenia\/oswiadczenie-w-sprawie-korzystania-ze-specjalnego-transportu-lotniczego-przez-marszalka-sejmu-rp-marka-kuchcinskiego\/#respond"]}]},{"@type":"WebPage","@id":"https:\/\/marekkuchcinski.pl\/uk\/wydarzenia\/oswiadczenie-w-sprawie-korzystania-ze-specjalnego-transportu-lotniczego-przez-marszalka-sejmu-rp-marka-kuchcinskiego\/","url":"https:\/\/marekkuchcinski.pl\/uk\/wydarzenia\/oswiadczenie-w-sprawie-korzystania-ze-specjalnego-transportu-lotniczego-przez-marszalka-sejmu-rp-marka-kuchcinskiego\/","name":"O\u015bwiadczenie w sprawie korzystania ze specjalnego transportu lotniczego przez Marsza\u0142ka Sejmu RP Marka Kuchci\u0144skiego &#8211; Marek Kuchci\u0144ski","isPartOf":{"@id":"https:\/\/marekkuchcinski.pl\/#website"},"primaryImageOfPage":{"@id":"https:\/\/marekkuchcinski.pl\/uk\/wydarzenia\/oswiadczenie-w-sprawie-korzystania-ze-specjalnego-transportu-lotniczego-przez-marszalka-sejmu-rp-marka-kuchcinskiego\/#primaryimage"},"image":{"@id":"https:\/\/marekkuchcinski.pl\/uk\/wydarzenia\/oswiadczenie-w-sprawie-korzystania-ze-specjalnego-transportu-lotniczego-przez-marszalka-sejmu-rp-marka-kuchcinskiego\/#primaryimage"},"thumbnailUrl":"https:\/\/marekkuchcinski.pl\/wp-content\/uploads\/2019\/08\/PSX_20190806_201927.jpg","datePublished":"2019-08-06T18:26:11+00:00","dateModified":"2019-08-06T18:30:30+00:00","breadcrumb":{"@id":"https:\/\/marekkuchcinski.pl\/uk\/wydarzenia\/oswiadczenie-w-sprawie-korzystania-ze-specjalnego-transportu-lotniczego-przez-marszalka-sejmu-rp-marka-kuchcinskiego\/#breadcrumb"},"inLanguage":"hu","potentialAction":[{"@type":"ReadAction","target":["https:\/\/marekkuchcinski.pl\/uk\/wydarzenia\/oswiadczenie-w-sprawie-korzystania-ze-specjalnego-transportu-lotniczego-przez-marszalka-sejmu-rp-marka-kuchcinskiego\/"]}]},{"@type":"ImageObject","inLanguage":"hu","@id":"https:\/\/marekkuchcinski.pl\/uk\/wydarzenia\/oswiadczenie-w-sprawie-korzystania-ze-specjalnego-transportu-lotniczego-przez-marszalka-sejmu-rp-marka-kuchcinskiego\/#primaryimage","url":"https:\/\/marekkuchcinski.pl\/wp-content\/uploads\/2019\/08\/PSX_20190806_201927.jpg","contentUrl":"https:\/\/marekkuchcinski.pl\/wp-content\/uploads\/2019\/08\/PSX_20190806_201927.jpg","width":1024,"height":683},{"@type":"BreadcrumbList","@id":"https:\/\/marekkuchcinski.pl\/uk\/wydarzenia\/oswiadczenie-w-sprawie-korzystania-ze-specjalnego-transportu-lotniczego-przez-marszalka-sejmu-rp-marka-kuchcinskiego\/#breadcrumb","itemListElement":[{"@type":"ListItem","position":1,"name":"Strona g\u0142\u00f3wna","item":"https:\/\/marekkuchcinski.pl\/"},{"@type":"ListItem","position":2,"name":"O\u015bwiadczenie w sprawie korzystania ze specjalnego transportu lotniczego przez Marsza\u0142ka Sejmu RP Marka Kuchci\u0144skiego"}]},{"@type":"WebSite","@id":"https:\/\/marekkuchcinski.pl\/#website","url":"https:\/\/marekkuchcinski.pl\/","name":"Marek Kuchci\u0144ski","description":"Pose\u0142 na sejm RP &ndash; okr\u0119g nr 22","publisher":{"@id":"https:\/\/marekkuchcinski.pl\/#organization"},"potentialAction":[{"@type":"SearchAction","target":{"@type":"EntryPoint","urlTemplate":"https:\/\/marekkuchcinski.pl\/?s={search_term_string}"},"query-input":{"@type":"PropertyValueSpecification","valueRequired":true,"valueName":"search_term_string"}}],"inLanguage":"hu"},{"@type":"Organization","@id":"https:\/\/marekkuchcinski.pl\/#organization","name":"Marek Kuchci\u0144ski","url":"https:\/\/marekkuchcinski.pl\/","logo":{"@type":"ImageObject","inLanguage":"hu","@id":"https:\/\/marekkuchcinski.pl\/#\/schema\/logo\/image\/","url":"https:\/\/marekkuchcinski.pl\/wp-content\/uploads\/2022\/09\/Marek.jpg","contentUrl":"https:\/\/marekkuchcinski.pl\/wp-content\/uploads\/2022\/09\/Marek.jpg","width":1600,"height":971,"caption":"Marek Kuchci\u0144ski"},"image":{"@id":"https:\/\/marekkuchcinski.pl\/#\/schema\/logo\/image\/"}},{"@type":"Person","@id":"https:\/\/marekkuchcinski.pl\/#\/schema\/person\/6f62700996b4d950b6ea2d1183b6c6be","name":"admin","image":{"@type":"ImageObject","inLanguage":"hu","@id":"https:\/\/marekkuchcinski.pl\/#\/schema\/person\/image\/","url":"https:\/\/secure.gravatar.com\/avatar\/4bab693b9d55c3d6b52c0296a8765085?s=96&d=mm&r=g","contentUrl":"https:\/\/secure.gravatar.com\/avatar\/4bab693b9d55c3d6b52c0296a8765085?s=96&d=mm&r=g","caption":"admin"},"url":"https:\/\/marekkuchcinski.pl\/hu\/author\/marta-olejnik\/"}]}},"_links":{"self":[{"href":"https:\/\/marekkuchcinski.pl\/hu\/wp-json\/wp\/v2\/posts\/17393","targetHints":{"allow":["GET"]}}],"collection":[{"href":"https:\/\/marekkuchcinski.pl\/hu\/wp-json\/wp\/v2\/posts"}],"about":[{"href":"https:\/\/marekkuchcinski.pl\/hu\/wp-json\/wp\/v2\/types\/post"}],"author":[{"embeddable":true,"href":"https:\/\/marekkuchcinski.pl\/hu\/wp-json\/wp\/v2\/users\/6"}],"replies":[{"embeddable":true,"href":"https:\/\/marekkuchcinski.pl\/hu\/wp-json\/wp\/v2\/comments?post=17393"}],"version-history":[{"count":1,"href":"https:\/\/marekkuchcinski.pl\/hu\/wp-json\/wp\/v2\/posts\/17393\/revisions"}],"predecessor-version":[{"id":17396,"href":"https:\/\/marekkuchcinski.pl\/hu\/wp-json\/wp\/v2\/posts\/17393\/revisions\/17396"}],"wp:featuredmedia":[{"embeddable":true,"href":"https:\/\/marekkuchcinski.pl\/hu\/wp-json\/wp\/v2\/media\/17394"}],"wp:attachment":[{"href":"https:\/\/marekkuchcinski.pl\/hu\/wp-json\/wp\/v2\/media?parent=17393"}],"wp:term":[{"taxonomy":"category","embeddable":true,"href":"https:\/\/marekkuchcinski.pl\/hu\/wp-json\/wp\/v2\/categories?post=17393"},{"taxonomy":"post_tag","embeddable":true,"href":"https:\/\/marekkuchcinski.pl\/hu\/wp-json\/wp\/v2\/tags?post=17393"}],"curies":[{"name":"wp","href":"https:\/\/api.w.org\/{rel}","templated":true}]}}