{"id":16695,"date":"2019-07-02T13:23:46","date_gmt":"2019-07-02T11:23:46","guid":{"rendered":"https:\/\/marekkuchcinski.pl\/?p=16695"},"modified":"2019-07-02T14:06:10","modified_gmt":"2019-07-02T12:06:10","slug":"marszalek-sejmu-marek-kuchcinski-plany-mamy-ogromne-zeby-je-zrealizowac-potrzebujemy-wegrow-ktorzy-mowia-po-polsku-i-polakow-ktorzy-mowia-po-wegiersku","status":"publish","type":"post","link":"https:\/\/marekkuchcinski.pl\/hu\/wydarzenia\/marszalek-sejmu-marek-kuchcinski-plany-mamy-ogromne-zeby-je-zrealizowac-potrzebujemy-wegrow-ktorzy-mowia-po-polsku-i-polakow-ktorzy-mowia-po-wegiersku\/","title":{"rendered":"Marek Kuchci\u0144ski, a Szejm eln\u00f6ke: Terveink hatalmasak. Ezek megval\u00f3s\u00edt\u00e1s\u00e1hoz lengyel\u00fcl besz\u00e9l\u0151 magyarokra \u00e9s magyarul besz\u00e9l\u0151 lengyelekre van sz\u00fcks\u00e9g\u00fcnk."},"content":{"rendered":"<p>4 k\u00f6z\u00e9piskola legjobb magyar di\u00e1kjai k\u00f6z\u00fcl, akik lengyel nyelvet tanulnak, 36-an l\u00e1togattak el a Szejmbe. - A m\u00falt sz\u00e1zad nagy elmarad\u00e1s\u00e1t p\u00f3toljuk, \u00e9s jobban megismerj\u00fck egym\u00e1st\" - mondta a szejm eln\u00f6ke a tal\u00e1lkoz\u00f3n. - Terveink hatalmasak. Ezek megval\u00f3s\u00edt\u00e1s\u00e1hoz lengyel\u00fcl besz\u00e9l\u0151 magyarokra \u00e9s magyarul besz\u00e9l\u0151 lengyelekre van sz\u00fcks\u00e9g. Sz\u00fcks\u00e9g\u00fcnk van ford\u00edt\u00f3kra, sz\u00fcks\u00e9g\u00fcnk van olyan emberekre, akik k\u00f6z\u00f6s t\u00f6rt\u00e9nelm\u00fcnkr\u0151l, gazdas\u00e1gunkr\u00f3l \u00e9s j\u00f6v\u0151nkr\u0151l \u00edrnak, olyan emberekre, akik k\u00f6z\u00f6s \u00e9rdekeink \u00e9rdek\u00e9ben v\u00e1llalatokat vezetnek vagy nagy int\u00e9zm\u00e9nyeket ir\u00e1ny\u00edtanak Lengyelorsz\u00e1gban \u00e9s Magyarorsz\u00e1gon\" - hangs\u00falyozta Marek Kuchci\u0144ski.<\/p>\n\n\n\n<p>A di\u00e1kok a Wac\u0142aw Felczak Lengyel-Magyar Egy\u00fcttm\u0171k\u00f6d\u00e9si Int\u00e9zet megh\u00edv\u00e1s\u00e1ra \u00e9rkeztek Lengyelorsz\u00e1gba.  <\/p>\n\n\n\n<p><em>Fot\u00f3: Marta Olejnik<\/em><\/p>\n\n\n\n<figure class=\"wp-block-image\"><img fetchpriority=\"high\" decoding=\"async\" width=\"1024\" height=\"683\" src=\"https:\/\/marekkuchcinski.pl\/wp-content\/uploads\/2019\/07\/IMG_2702_Fotor-1024x683.jpg\" alt=\"\" class=\"wp-image-16724\" srcset=\"https:\/\/marekkuchcinski.pl\/wp-content\/uploads\/2019\/07\/IMG_2702_Fotor-1024x683.jpg 1024w, https:\/\/marekkuchcinski.pl\/wp-content\/uploads\/2019\/07\/IMG_2702_Fotor-300x200.jpg 300w, https:\/\/marekkuchcinski.pl\/wp-content\/uploads\/2019\/07\/IMG_2702_Fotor-768x512.jpg 768w, https:\/\/marekkuchcinski.pl\/wp-content\/uploads\/2019\/07\/IMG_2702_Fotor.jpg 2048w\" sizes=\"(max-width: 1024px) 100vw, 1024px\" \/><\/figure>\n\n\n\n<figure class=\"wp-block-image\"><img decoding=\"async\" width=\"1024\" height=\"683\" src=\"https:\/\/marekkuchcinski.pl\/wp-content\/uploads\/2019\/07\/IMG_2707_Fotor-1024x683.jpg\" alt=\"\" class=\"wp-image-16726\" srcset=\"https:\/\/marekkuchcinski.pl\/wp-content\/uploads\/2019\/07\/IMG_2707_Fotor-1024x683.jpg 1024w, https:\/\/marekkuchcinski.pl\/wp-content\/uploads\/2019\/07\/IMG_2707_Fotor-300x200.jpg 300w, https:\/\/marekkuchcinski.pl\/wp-content\/uploads\/2019\/07\/IMG_2707_Fotor-768x512.jpg 768w, https:\/\/marekkuchcinski.pl\/wp-content\/uploads\/2019\/07\/IMG_2707_Fotor.jpg 2048w\" sizes=\"(max-width: 1024px) 100vw, 1024px\" \/><\/figure>\n\n\n\n<figure class=\"wp-block-image\"><img decoding=\"async\" width=\"1024\" height=\"667\" src=\"https:\/\/marekkuchcinski.pl\/wp-content\/uploads\/2019\/07\/IMG_2847_Fotor-1024x667.jpg\" alt=\"\" class=\"wp-image-16697\" srcset=\"https:\/\/marekkuchcinski.pl\/wp-content\/uploads\/2019\/07\/IMG_2847_Fotor-1024x667.jpg 1024w, https:\/\/marekkuchcinski.pl\/wp-content\/uploads\/2019\/07\/IMG_2847_Fotor-300x195.jpg 300w, https:\/\/marekkuchcinski.pl\/wp-content\/uploads\/2019\/07\/IMG_2847_Fotor-768x500.jpg 768w, https:\/\/marekkuchcinski.pl\/wp-content\/uploads\/2019\/07\/IMG_2847_Fotor.jpg 2048w\" sizes=\"(max-width: 1024px) 100vw, 1024px\" \/><\/figure>\n\n\n\n<figure class=\"wp-block-image\"><img loading=\"lazy\" decoding=\"async\" width=\"1024\" height=\"700\" src=\"https:\/\/marekkuchcinski.pl\/wp-content\/uploads\/2019\/07\/IMG_2717_Fotor-1024x700.jpg\" alt=\"\" class=\"wp-image-16699\" srcset=\"https:\/\/marekkuchcinski.pl\/wp-content\/uploads\/2019\/07\/IMG_2717_Fotor-1024x700.jpg 1024w, https:\/\/marekkuchcinski.pl\/wp-content\/uploads\/2019\/07\/IMG_2717_Fotor-300x205.jpg 300w, https:\/\/marekkuchcinski.pl\/wp-content\/uploads\/2019\/07\/IMG_2717_Fotor-768x525.jpg 768w, https:\/\/marekkuchcinski.pl\/wp-content\/uploads\/2019\/07\/IMG_2717_Fotor.jpg 2048w\" sizes=\"(max-width: 1024px) 100vw, 1024px\" \/><\/figure>\n\n\n\n<figure class=\"wp-block-image\"><img loading=\"lazy\" decoding=\"async\" width=\"1024\" height=\"683\" src=\"https:\/\/marekkuchcinski.pl\/wp-content\/uploads\/2019\/07\/IMG_2862_Fotor-1024x683.jpg\" alt=\"\" class=\"wp-image-16700\" srcset=\"https:\/\/marekkuchcinski.pl\/wp-content\/uploads\/2019\/07\/IMG_2862_Fotor-1024x683.jpg 1024w, https:\/\/marekkuchcinski.pl\/wp-content\/uploads\/2019\/07\/IMG_2862_Fotor-300x200.jpg 300w, https:\/\/marekkuchcinski.pl\/wp-content\/uploads\/2019\/07\/IMG_2862_Fotor-768x512.jpg 768w, https:\/\/marekkuchcinski.pl\/wp-content\/uploads\/2019\/07\/IMG_2862_Fotor.jpg 2048w\" sizes=\"(max-width: 1024px) 100vw, 1024px\" \/><\/figure>\n\n\n\n<figure class=\"wp-block-image\"><img loading=\"lazy\" decoding=\"async\" width=\"1024\" height=\"683\" src=\"https:\/\/marekkuchcinski.pl\/wp-content\/uploads\/2019\/07\/mweee-1024x683.jpg\" alt=\"\" class=\"wp-image-16701\" srcset=\"https:\/\/marekkuchcinski.pl\/wp-content\/uploads\/2019\/07\/mweee-1024x683.jpg 1024w, https:\/\/marekkuchcinski.pl\/wp-content\/uploads\/2019\/07\/mweee-300x200.jpg 300w, https:\/\/marekkuchcinski.pl\/wp-content\/uploads\/2019\/07\/mweee-768x512.jpg 768w, https:\/\/marekkuchcinski.pl\/wp-content\/uploads\/2019\/07\/mweee.jpg 2048w\" sizes=\"(max-width: 1024px) 100vw, 1024px\" \/><\/figure>\n\n\n\n<figure class=\"wp-block-image\"><img loading=\"lazy\" decoding=\"async\" width=\"1024\" height=\"683\" src=\"https:\/\/marekkuchcinski.pl\/wp-content\/uploads\/2019\/07\/IMG_2783_Fotor-1024x683.jpg\" alt=\"\" class=\"wp-image-16703\" srcset=\"https:\/\/marekkuchcinski.pl\/wp-content\/uploads\/2019\/07\/IMG_2783_Fotor-1024x683.jpg 1024w, https:\/\/marekkuchcinski.pl\/wp-content\/uploads\/2019\/07\/IMG_2783_Fotor-300x200.jpg 300w, https:\/\/marekkuchcinski.pl\/wp-content\/uploads\/2019\/07\/IMG_2783_Fotor-768x512.jpg 768w, https:\/\/marekkuchcinski.pl\/wp-content\/uploads\/2019\/07\/IMG_2783_Fotor.jpg 2048w\" sizes=\"(max-width: 1024px) 100vw, 1024px\" \/><\/figure>\n\n\n\n<figure class=\"wp-block-image\"><img loading=\"lazy\" decoding=\"async\" width=\"1024\" height=\"683\" src=\"https:\/\/marekkuchcinski.pl\/wp-content\/uploads\/2019\/07\/IMG_2853_Fotor-1024x683.jpg\" alt=\"\" class=\"wp-image-16704\" srcset=\"https:\/\/marekkuchcinski.pl\/wp-content\/uploads\/2019\/07\/IMG_2853_Fotor-1024x683.jpg 1024w, https:\/\/marekkuchcinski.pl\/wp-content\/uploads\/2019\/07\/IMG_2853_Fotor-300x200.jpg 300w, https:\/\/marekkuchcinski.pl\/wp-content\/uploads\/2019\/07\/IMG_2853_Fotor-768x512.jpg 768w, https:\/\/marekkuchcinski.pl\/wp-content\/uploads\/2019\/07\/IMG_2853_Fotor.jpg 2048w\" sizes=\"(max-width: 1024px) 100vw, 1024px\" \/><\/figure>\n\n\n\n<figure class=\"wp-block-image\"><img loading=\"lazy\" decoding=\"async\" width=\"1024\" height=\"707\" src=\"https:\/\/marekkuchcinski.pl\/wp-content\/uploads\/2019\/07\/IMG_2802_Fotor-1024x707.jpg\" alt=\"\" class=\"wp-image-16706\" srcset=\"https:\/\/marekkuchcinski.pl\/wp-content\/uploads\/2019\/07\/IMG_2802_Fotor-1024x707.jpg 1024w, https:\/\/marekkuchcinski.pl\/wp-content\/uploads\/2019\/07\/IMG_2802_Fotor-300x207.jpg 300w, https:\/\/marekkuchcinski.pl\/wp-content\/uploads\/2019\/07\/IMG_2802_Fotor-768x530.jpg 768w, https:\/\/marekkuchcinski.pl\/wp-content\/uploads\/2019\/07\/IMG_2802_Fotor.jpg 2048w\" sizes=\"(max-width: 1024px) 100vw, 1024px\" \/><\/figure>\n\n\n\n<figure class=\"wp-block-image\"><img loading=\"lazy\" decoding=\"async\" width=\"1024\" height=\"683\" src=\"https:\/\/marekkuchcinski.pl\/wp-content\/uploads\/2019\/07\/IMG_2810_Fotor-1024x683.jpg\" alt=\"\" class=\"wp-image-16734\" srcset=\"https:\/\/marekkuchcinski.pl\/wp-content\/uploads\/2019\/07\/IMG_2810_Fotor-1024x683.jpg 1024w, https:\/\/marekkuchcinski.pl\/wp-content\/uploads\/2019\/07\/IMG_2810_Fotor-300x200.jpg 300w, https:\/\/marekkuchcinski.pl\/wp-content\/uploads\/2019\/07\/IMG_2810_Fotor-768x512.jpg 768w, https:\/\/marekkuchcinski.pl\/wp-content\/uploads\/2019\/07\/IMG_2810_Fotor.jpg 2048w\" sizes=\"(max-width: 1024px) 100vw, 1024px\" \/><\/figure>\n\n\n\n<figure class=\"wp-block-image\"><img loading=\"lazy\" decoding=\"async\" width=\"1024\" height=\"683\" src=\"https:\/\/marekkuchcinski.pl\/wp-content\/uploads\/2019\/07\/IMG_2817_Fotor-1-1024x683.jpg\" alt=\"\" class=\"wp-image-16707\" srcset=\"https:\/\/marekkuchcinski.pl\/wp-content\/uploads\/2019\/07\/IMG_2817_Fotor-1-1024x683.jpg 1024w, https:\/\/marekkuchcinski.pl\/wp-content\/uploads\/2019\/07\/IMG_2817_Fotor-1-300x200.jpg 300w, https:\/\/marekkuchcinski.pl\/wp-content\/uploads\/2019\/07\/IMG_2817_Fotor-1-768x512.jpg 768w, https:\/\/marekkuchcinski.pl\/wp-content\/uploads\/2019\/07\/IMG_2817_Fotor-1.jpg 2048w\" sizes=\"(max-width: 1024px) 100vw, 1024px\" \/><\/figure>\n\n\n\n<figure class=\"wp-block-image\"><img loading=\"lazy\" decoding=\"async\" width=\"1024\" height=\"682\" src=\"https:\/\/marekkuchcinski.pl\/wp-content\/uploads\/2019\/07\/IMG_2871_Fotor-1024x682.jpg\" alt=\"\" class=\"wp-image-16711\" srcset=\"https:\/\/marekkuchcinski.pl\/wp-content\/uploads\/2019\/07\/IMG_2871_Fotor-1024x682.jpg 1024w, https:\/\/marekkuchcinski.pl\/wp-content\/uploads\/2019\/07\/IMG_2871_Fotor-300x200.jpg 300w, https:\/\/marekkuchcinski.pl\/wp-content\/uploads\/2019\/07\/IMG_2871_Fotor-768x512.jpg 768w, https:\/\/marekkuchcinski.pl\/wp-content\/uploads\/2019\/07\/IMG_2871_Fotor.jpg 2048w\" sizes=\"(max-width: 1024px) 100vw, 1024px\" \/><\/figure>\n\n\n\n<figure class=\"wp-block-image\"><img loading=\"lazy\" decoding=\"async\" width=\"1024\" height=\"683\" src=\"https:\/\/marekkuchcinski.pl\/wp-content\/uploads\/2019\/07\/IMG_2895_Fotor-1024x683.jpg\" alt=\"\" class=\"wp-image-16712\" srcset=\"https:\/\/marekkuchcinski.pl\/wp-content\/uploads\/2019\/07\/IMG_2895_Fotor-1024x683.jpg 1024w, https:\/\/marekkuchcinski.pl\/wp-content\/uploads\/2019\/07\/IMG_2895_Fotor-300x200.jpg 300w, https:\/\/marekkuchcinski.pl\/wp-content\/uploads\/2019\/07\/IMG_2895_Fotor-768x512.jpg 768w, https:\/\/marekkuchcinski.pl\/wp-content\/uploads\/2019\/07\/IMG_2895_Fotor.jpg 2048w\" sizes=\"(max-width: 1024px) 100vw, 1024px\" \/><\/figure>\n\n\n\n<figure class=\"wp-block-image\"><img loading=\"lazy\" decoding=\"async\" width=\"1024\" height=\"683\" src=\"https:\/\/marekkuchcinski.pl\/wp-content\/uploads\/2019\/07\/IMG_2913_Fotor-1024x683.jpg\" alt=\"\" class=\"wp-image-16716\" srcset=\"https:\/\/marekkuchcinski.pl\/wp-content\/uploads\/2019\/07\/IMG_2913_Fotor-1024x683.jpg 1024w, https:\/\/marekkuchcinski.pl\/wp-content\/uploads\/2019\/07\/IMG_2913_Fotor-300x200.jpg 300w, https:\/\/marekkuchcinski.pl\/wp-content\/uploads\/2019\/07\/IMG_2913_Fotor-768x512.jpg 768w, https:\/\/marekkuchcinski.pl\/wp-content\/uploads\/2019\/07\/IMG_2913_Fotor.jpg 2048w\" sizes=\"(max-width: 1024px) 100vw, 1024px\" \/><\/figure>\n\n\n\n<figure class=\"wp-block-image\"><img loading=\"lazy\" decoding=\"async\" width=\"1024\" height=\"683\" src=\"https:\/\/marekkuchcinski.pl\/wp-content\/uploads\/2019\/07\/IMG_2886_Fotor-1024x683.jpg\" alt=\"\" class=\"wp-image-16718\" srcset=\"https:\/\/marekkuchcinski.pl\/wp-content\/uploads\/2019\/07\/IMG_2886_Fotor-1024x683.jpg 1024w, https:\/\/marekkuchcinski.pl\/wp-content\/uploads\/2019\/07\/IMG_2886_Fotor-300x200.jpg 300w, https:\/\/marekkuchcinski.pl\/wp-content\/uploads\/2019\/07\/IMG_2886_Fotor-768x512.jpg 768w, https:\/\/marekkuchcinski.pl\/wp-content\/uploads\/2019\/07\/IMG_2886_Fotor.jpg 2048w\" sizes=\"(max-width: 1024px) 100vw, 1024px\" \/><\/figure>\n\n\n\n<figure class=\"wp-block-image\"><img loading=\"lazy\" decoding=\"async\" width=\"1024\" height=\"683\" src=\"https:\/\/marekkuchcinski.pl\/wp-content\/uploads\/2019\/07\/IMG_2764_Fotor-1024x683.jpg\" alt=\"\" class=\"wp-image-16730\" srcset=\"https:\/\/marekkuchcinski.pl\/wp-content\/uploads\/2019\/07\/IMG_2764_Fotor-1024x683.jpg 1024w, https:\/\/marekkuchcinski.pl\/wp-content\/uploads\/2019\/07\/IMG_2764_Fotor-300x200.jpg 300w, https:\/\/marekkuchcinski.pl\/wp-content\/uploads\/2019\/07\/IMG_2764_Fotor-768x512.jpg 768w, https:\/\/marekkuchcinski.pl\/wp-content\/uploads\/2019\/07\/IMG_2764_Fotor.jpg 2048w\" sizes=\"(max-width: 1024px) 100vw, 1024px\" \/><\/figure>\n\n\n\n<figure class=\"wp-block-image\"><img loading=\"lazy\" decoding=\"async\" width=\"1024\" height=\"683\" src=\"https:\/\/marekkuchcinski.pl\/wp-content\/uploads\/2019\/07\/IMG_2767_Fotor-1024x683.jpg\" alt=\"\" class=\"wp-image-16732\" srcset=\"https:\/\/marekkuchcinski.pl\/wp-content\/uploads\/2019\/07\/IMG_2767_Fotor-1024x683.jpg 1024w, https:\/\/marekkuchcinski.pl\/wp-content\/uploads\/2019\/07\/IMG_2767_Fotor-300x200.jpg 300w, https:\/\/marekkuchcinski.pl\/wp-content\/uploads\/2019\/07\/IMG_2767_Fotor-768x512.jpg 768w, https:\/\/marekkuchcinski.pl\/wp-content\/uploads\/2019\/07\/IMG_2767_Fotor.jpg 2048w\" sizes=\"(max-width: 1024px) 100vw, 1024px\" \/><\/figure>\n\n\n\n<figure class=\"wp-block-image\"><img loading=\"lazy\" decoding=\"async\" width=\"1024\" height=\"683\" src=\"https:\/\/marekkuchcinski.pl\/wp-content\/uploads\/2019\/07\/IMG_2761_Fotor-1024x683.jpg\" alt=\"\" class=\"wp-image-16728\" srcset=\"https:\/\/marekkuchcinski.pl\/wp-content\/uploads\/2019\/07\/IMG_2761_Fotor-1024x683.jpg 1024w, https:\/\/marekkuchcinski.pl\/wp-content\/uploads\/2019\/07\/IMG_2761_Fotor-300x200.jpg 300w, https:\/\/marekkuchcinski.pl\/wp-content\/uploads\/2019\/07\/IMG_2761_Fotor-768x512.jpg 768w, https:\/\/marekkuchcinski.pl\/wp-content\/uploads\/2019\/07\/IMG_2761_Fotor.jpg 2048w\" sizes=\"(max-width: 1024px) 100vw, 1024px\" \/><\/figure>\n\n\n\n<figure class=\"wp-block-image\"><img loading=\"lazy\" decoding=\"async\" width=\"1024\" height=\"684\" src=\"https:\/\/marekkuchcinski.pl\/wp-content\/uploads\/2019\/07\/IMG_2907_Fotor-1024x684.jpg\" alt=\"\" class=\"wp-image-16705\" srcset=\"https:\/\/marekkuchcinski.pl\/wp-content\/uploads\/2019\/07\/IMG_2907_Fotor-1024x684.jpg 1024w, https:\/\/marekkuchcinski.pl\/wp-content\/uploads\/2019\/07\/IMG_2907_Fotor-300x201.jpg 300w, https:\/\/marekkuchcinski.pl\/wp-content\/uploads\/2019\/07\/IMG_2907_Fotor-768x513.jpg 768w, https:\/\/marekkuchcinski.pl\/wp-content\/uploads\/2019\/07\/IMG_2907_Fotor.jpg 2048w\" sizes=\"(max-width: 1024px) 100vw, 1024px\" \/><\/figure>\n\n\n\n<figure class=\"wp-block-image\"><img loading=\"lazy\" decoding=\"async\" width=\"1024\" height=\"722\" src=\"https:\/\/marekkuchcinski.pl\/wp-content\/uploads\/2019\/07\/IMG_2919_Fotor-2-1024x722.jpg\" alt=\"\" class=\"wp-image-16710\" srcset=\"https:\/\/marekkuchcinski.pl\/wp-content\/uploads\/2019\/07\/IMG_2919_Fotor-2-1024x722.jpg 1024w, https:\/\/marekkuchcinski.pl\/wp-content\/uploads\/2019\/07\/IMG_2919_Fotor-2-300x211.jpg 300w, https:\/\/marekkuchcinski.pl\/wp-content\/uploads\/2019\/07\/IMG_2919_Fotor-2-768x541.jpg 768w, https:\/\/marekkuchcinski.pl\/wp-content\/uploads\/2019\/07\/IMG_2919_Fotor-2.jpg 2048w\" sizes=\"(max-width: 1024px) 100vw, 1024px\" \/><\/figure>","protected":false},"excerpt":{"rendered":"<p>36 najlepszych w\u0119gierskich uczni\u00f3w z 4 lice\u00f3w, kt\u00f3rzy ucz\u0105 si\u0119 j\u0119zyka polskiego, odwiedzi\u0142o Sejm. &#8211; Nadrabiamy wielkie zap\u00f3\u017anienia z ubieg\u0142ego wieku i coraz lepiej si\u0119 poznajemy &#8211; m\u00f3wi\u0142 podczas spotkania marsza\u0142ek Sejmu. &#8211; Plany mamy ogromne. \u017beby je zrealizowa\u0107, potrzebujemy W\u0119gr\u00f3w, kt\u00f3rzy m\u00f3wi\u0105 po polsku i Polak\u00f3w, kt\u00f3rzy m\u00f3wi\u0105 po w\u0119giersku. Potrzebujemy t\u0142umaczy, potrzebujemy ludzi, [&hellip;]<\/p>","protected":false},"author":6,"featured_media":16734,"comment_status":"open","ping_status":"open","sticky":false,"template":"","format":"standard","meta":{"ngg_post_thumbnail":0,"footnotes":""},"categories":[81,50,3],"tags":[],"class_list":["post-16695","post","type-post","status-publish","format-standard","has-post-thumbnail","hentry","category-wiesci-z-sejmu","category-wspolpraca-miedzynarodowa","category-wydarzenia"],"yoast_head":"<!-- This site is optimized with the Yoast SEO plugin v24.7 - https:\/\/yoast.com\/wordpress\/plugins\/seo\/ -->\n<title>Marsza\u0142ek Sejmu Marek Kuchci\u0144ski: Plany mamy ogromne. \u017beby je zrealizowa\u0107, potrzebujemy W\u0119gr\u00f3w, kt\u00f3rzy m\u00f3wi\u0105 po polsku i Polak\u00f3w, kt\u00f3rzy m\u00f3wi\u0105 po w\u0119giersku &#8211; Marek Kuchci\u0144ski<\/title>\n<meta name=\"robots\" content=\"index, follow, max-snippet:-1, max-image-preview:large, max-video-preview:-1\" \/>\n<link rel=\"canonical\" href=\"https:\/\/marekkuchcinski.pl\/hu\/wydarzenia\/marszalek-sejmu-marek-kuchcinski-plany-mamy-ogromne-zeby-je-zrealizowac-potrzebujemy-wegrow-ktorzy-mowia-po-polsku-i-polakow-ktorzy-mowia-po-wegiersku\/\" \/>\n<meta property=\"og:locale\" content=\"hu_HU\" \/>\n<meta property=\"og:type\" content=\"article\" \/>\n<meta property=\"og:title\" content=\"Marsza\u0142ek Sejmu Marek Kuchci\u0144ski: Plany mamy ogromne. \u017beby je zrealizowa\u0107, potrzebujemy W\u0119gr\u00f3w, kt\u00f3rzy m\u00f3wi\u0105 po polsku i Polak\u00f3w, kt\u00f3rzy m\u00f3wi\u0105 po w\u0119giersku &#8211; Marek Kuchci\u0144ski\" \/>\n<meta property=\"og:description\" content=\"36 najlepszych w\u0119gierskich uczni\u00f3w z 4 lice\u00f3w, kt\u00f3rzy ucz\u0105 si\u0119 j\u0119zyka polskiego, odwiedzi\u0142o Sejm. &#8211; Nadrabiamy wielkie zap\u00f3\u017anienia z ubieg\u0142ego wieku i coraz lepiej si\u0119 poznajemy &#8211; m\u00f3wi\u0142 podczas spotkania marsza\u0142ek Sejmu. &#8211; Plany mamy ogromne. \u017beby je zrealizowa\u0107, potrzebujemy W\u0119gr\u00f3w, kt\u00f3rzy m\u00f3wi\u0105 po polsku i Polak\u00f3w, kt\u00f3rzy m\u00f3wi\u0105 po w\u0119giersku. Potrzebujemy t\u0142umaczy, potrzebujemy ludzi, [&hellip;]\" \/>\n<meta property=\"og:url\" content=\"https:\/\/marekkuchcinski.pl\/hu\/wydarzenia\/marszalek-sejmu-marek-kuchcinski-plany-mamy-ogromne-zeby-je-zrealizowac-potrzebujemy-wegrow-ktorzy-mowia-po-polsku-i-polakow-ktorzy-mowia-po-wegiersku\/\" \/>\n<meta property=\"og:site_name\" content=\"Marek Kuchci\u0144ski\" \/>\n<meta property=\"article:published_time\" content=\"2019-07-02T11:23:46+00:00\" \/>\n<meta property=\"article:modified_time\" content=\"2019-07-02T12:06:10+00:00\" \/>\n<meta property=\"og:image\" content=\"https:\/\/marekkuchcinski.pl\/wp-content\/uploads\/2019\/07\/IMG_2810_Fotor.jpg\" \/>\n\t<meta property=\"og:image:width\" content=\"2048\" \/>\n\t<meta property=\"og:image:height\" content=\"1365\" \/>\n\t<meta property=\"og:image:type\" content=\"image\/jpeg\" \/>\n<meta name=\"author\" content=\"admin\" \/>\n<meta name=\"twitter:card\" content=\"summary_large_image\" \/>\n<meta name=\"twitter:label1\" content=\"Szerz\u0151:\" \/>\n\t<meta name=\"twitter:data1\" content=\"admin\" \/>\n\t<meta name=\"twitter:label2\" content=\"Becs\u00fclt olvas\u00e1si id\u0151\" \/>\n\t<meta name=\"twitter:data2\" content=\"1 perc\" \/>\n<script type=\"application\/ld+json\" class=\"yoast-schema-graph\">{\"@context\":\"https:\/\/schema.org\",\"@graph\":[{\"@type\":\"Article\",\"@id\":\"https:\/\/marekkuchcinski.pl\/en\/wydarzenia\/marszalek-sejmu-marek-kuchcinski-plany-mamy-ogromne-zeby-je-zrealizowac-potrzebujemy-wegrow-ktorzy-mowia-po-polsku-i-polakow-ktorzy-mowia-po-wegiersku\/#article\",\"isPartOf\":{\"@id\":\"https:\/\/marekkuchcinski.pl\/en\/wydarzenia\/marszalek-sejmu-marek-kuchcinski-plany-mamy-ogromne-zeby-je-zrealizowac-potrzebujemy-wegrow-ktorzy-mowia-po-polsku-i-polakow-ktorzy-mowia-po-wegiersku\/\"},\"author\":{\"name\":\"admin\",\"@id\":\"https:\/\/marekkuchcinski.pl\/#\/schema\/person\/6f62700996b4d950b6ea2d1183b6c6be\"},\"headline\":\"Marsza\u0142ek Sejmu Marek Kuchci\u0144ski: Plany mamy ogromne. \u017beby je zrealizowa\u0107, potrzebujemy W\u0119gr\u00f3w, kt\u00f3rzy m\u00f3wi\u0105 po polsku i Polak\u00f3w, kt\u00f3rzy m\u00f3wi\u0105 po w\u0119giersku\",\"datePublished\":\"2019-07-02T11:23:46+00:00\",\"dateModified\":\"2019-07-02T12:06:10+00:00\",\"mainEntityOfPage\":{\"@id\":\"https:\/\/marekkuchcinski.pl\/en\/wydarzenia\/marszalek-sejmu-marek-kuchcinski-plany-mamy-ogromne-zeby-je-zrealizowac-potrzebujemy-wegrow-ktorzy-mowia-po-polsku-i-polakow-ktorzy-mowia-po-wegiersku\/\"},\"wordCount\":166,\"commentCount\":0,\"publisher\":{\"@id\":\"https:\/\/marekkuchcinski.pl\/#organization\"},\"image\":{\"@id\":\"https:\/\/marekkuchcinski.pl\/en\/wydarzenia\/marszalek-sejmu-marek-kuchcinski-plany-mamy-ogromne-zeby-je-zrealizowac-potrzebujemy-wegrow-ktorzy-mowia-po-polsku-i-polakow-ktorzy-mowia-po-wegiersku\/#primaryimage\"},\"thumbnailUrl\":\"https:\/\/marekkuchcinski.pl\/wp-content\/uploads\/2019\/07\/IMG_2810_Fotor.jpg\",\"articleSection\":[\"Wie\u015bci z Sejmu\",\"Wsp\u00f3\u0142praca mi\u0119dzynarodowa\",\"Wydarzenia\"],\"inLanguage\":\"hu\",\"potentialAction\":[{\"@type\":\"CommentAction\",\"name\":\"Comment\",\"target\":[\"https:\/\/marekkuchcinski.pl\/en\/wydarzenia\/marszalek-sejmu-marek-kuchcinski-plany-mamy-ogromne-zeby-je-zrealizowac-potrzebujemy-wegrow-ktorzy-mowia-po-polsku-i-polakow-ktorzy-mowia-po-wegiersku\/#respond\"]}]},{\"@type\":\"WebPage\",\"@id\":\"https:\/\/marekkuchcinski.pl\/en\/wydarzenia\/marszalek-sejmu-marek-kuchcinski-plany-mamy-ogromne-zeby-je-zrealizowac-potrzebujemy-wegrow-ktorzy-mowia-po-polsku-i-polakow-ktorzy-mowia-po-wegiersku\/\",\"url\":\"https:\/\/marekkuchcinski.pl\/en\/wydarzenia\/marszalek-sejmu-marek-kuchcinski-plany-mamy-ogromne-zeby-je-zrealizowac-potrzebujemy-wegrow-ktorzy-mowia-po-polsku-i-polakow-ktorzy-mowia-po-wegiersku\/\",\"name\":\"Marsza\u0142ek Sejmu Marek Kuchci\u0144ski: Plany mamy ogromne. \u017beby je zrealizowa\u0107, potrzebujemy W\u0119gr\u00f3w, kt\u00f3rzy m\u00f3wi\u0105 po polsku i Polak\u00f3w, kt\u00f3rzy m\u00f3wi\u0105 po w\u0119giersku &#8211; Marek Kuchci\u0144ski\",\"isPartOf\":{\"@id\":\"https:\/\/marekkuchcinski.pl\/#website\"},\"primaryImageOfPage\":{\"@id\":\"https:\/\/marekkuchcinski.pl\/en\/wydarzenia\/marszalek-sejmu-marek-kuchcinski-plany-mamy-ogromne-zeby-je-zrealizowac-potrzebujemy-wegrow-ktorzy-mowia-po-polsku-i-polakow-ktorzy-mowia-po-wegiersku\/#primaryimage\"},\"image\":{\"@id\":\"https:\/\/marekkuchcinski.pl\/en\/wydarzenia\/marszalek-sejmu-marek-kuchcinski-plany-mamy-ogromne-zeby-je-zrealizowac-potrzebujemy-wegrow-ktorzy-mowia-po-polsku-i-polakow-ktorzy-mowia-po-wegiersku\/#primaryimage\"},\"thumbnailUrl\":\"https:\/\/marekkuchcinski.pl\/wp-content\/uploads\/2019\/07\/IMG_2810_Fotor.jpg\",\"datePublished\":\"2019-07-02T11:23:46+00:00\",\"dateModified\":\"2019-07-02T12:06:10+00:00\",\"breadcrumb\":{\"@id\":\"https:\/\/marekkuchcinski.pl\/en\/wydarzenia\/marszalek-sejmu-marek-kuchcinski-plany-mamy-ogromne-zeby-je-zrealizowac-potrzebujemy-wegrow-ktorzy-mowia-po-polsku-i-polakow-ktorzy-mowia-po-wegiersku\/#breadcrumb\"},\"inLanguage\":\"hu\",\"potentialAction\":[{\"@type\":\"ReadAction\",\"target\":[\"https:\/\/marekkuchcinski.pl\/en\/wydarzenia\/marszalek-sejmu-marek-kuchcinski-plany-mamy-ogromne-zeby-je-zrealizowac-potrzebujemy-wegrow-ktorzy-mowia-po-polsku-i-polakow-ktorzy-mowia-po-wegiersku\/\"]}]},{\"@type\":\"ImageObject\",\"inLanguage\":\"hu\",\"@id\":\"https:\/\/marekkuchcinski.pl\/en\/wydarzenia\/marszalek-sejmu-marek-kuchcinski-plany-mamy-ogromne-zeby-je-zrealizowac-potrzebujemy-wegrow-ktorzy-mowia-po-polsku-i-polakow-ktorzy-mowia-po-wegiersku\/#primaryimage\",\"url\":\"https:\/\/marekkuchcinski.pl\/wp-content\/uploads\/2019\/07\/IMG_2810_Fotor.jpg\",\"contentUrl\":\"https:\/\/marekkuchcinski.pl\/wp-content\/uploads\/2019\/07\/IMG_2810_Fotor.jpg\",\"width\":2048,\"height\":1365},{\"@type\":\"BreadcrumbList\",\"@id\":\"https:\/\/marekkuchcinski.pl\/en\/wydarzenia\/marszalek-sejmu-marek-kuchcinski-plany-mamy-ogromne-zeby-je-zrealizowac-potrzebujemy-wegrow-ktorzy-mowia-po-polsku-i-polakow-ktorzy-mowia-po-wegiersku\/#breadcrumb\",\"itemListElement\":[{\"@type\":\"ListItem\",\"position\":1,\"name\":\"Strona g\u0142\u00f3wna\",\"item\":\"https:\/\/marekkuchcinski.pl\/\"},{\"@type\":\"ListItem\",\"position\":2,\"name\":\"Marsza\u0142ek Sejmu Marek Kuchci\u0144ski: Plany mamy ogromne. \u017beby je zrealizowa\u0107, potrzebujemy W\u0119gr\u00f3w, kt\u00f3rzy m\u00f3wi\u0105 po polsku i Polak\u00f3w, kt\u00f3rzy m\u00f3wi\u0105 po w\u0119giersku\"}]},{\"@type\":\"WebSite\",\"@id\":\"https:\/\/marekkuchcinski.pl\/#website\",\"url\":\"https:\/\/marekkuchcinski.pl\/\",\"name\":\"Marek Kuchci\u0144ski\",\"description\":\"Pose\u0142 na sejm RP &ndash; okr\u0119g nr 22\",\"publisher\":{\"@id\":\"https:\/\/marekkuchcinski.pl\/#organization\"},\"potentialAction\":[{\"@type\":\"SearchAction\",\"target\":{\"@type\":\"EntryPoint\",\"urlTemplate\":\"https:\/\/marekkuchcinski.pl\/?s={search_term_string}\"},\"query-input\":{\"@type\":\"PropertyValueSpecification\",\"valueRequired\":true,\"valueName\":\"search_term_string\"}}],\"inLanguage\":\"hu\"},{\"@type\":\"Organization\",\"@id\":\"https:\/\/marekkuchcinski.pl\/#organization\",\"name\":\"Marek Kuchci\u0144ski\",\"url\":\"https:\/\/marekkuchcinski.pl\/\",\"logo\":{\"@type\":\"ImageObject\",\"inLanguage\":\"hu\",\"@id\":\"https:\/\/marekkuchcinski.pl\/#\/schema\/logo\/image\/\",\"url\":\"https:\/\/marekkuchcinski.pl\/wp-content\/uploads\/2022\/09\/Marek.jpg\",\"contentUrl\":\"https:\/\/marekkuchcinski.pl\/wp-content\/uploads\/2022\/09\/Marek.jpg\",\"width\":1600,\"height\":971,\"caption\":\"Marek Kuchci\u0144ski\"},\"image\":{\"@id\":\"https:\/\/marekkuchcinski.pl\/#\/schema\/logo\/image\/\"}},{\"@type\":\"Person\",\"@id\":\"https:\/\/marekkuchcinski.pl\/#\/schema\/person\/6f62700996b4d950b6ea2d1183b6c6be\",\"name\":\"admin\",\"image\":{\"@type\":\"ImageObject\",\"inLanguage\":\"hu\",\"@id\":\"https:\/\/marekkuchcinski.pl\/#\/schema\/person\/image\/\",\"url\":\"https:\/\/secure.gravatar.com\/avatar\/4bab693b9d55c3d6b52c0296a8765085?s=96&d=mm&r=g\",\"contentUrl\":\"https:\/\/secure.gravatar.com\/avatar\/4bab693b9d55c3d6b52c0296a8765085?s=96&d=mm&r=g\",\"caption\":\"admin\"},\"url\":\"https:\/\/marekkuchcinski.pl\/hu\/author\/marta-olejnik\/\"}]}<\/script>\n<!-- \/ Yoast SEO plugin. -->","yoast_head_json":{"title":"Marsza\u0142ek Sejmu Marek Kuchci\u0144ski: Plany mamy ogromne. \u017beby je zrealizowa\u0107, potrzebujemy W\u0119gr\u00f3w, kt\u00f3rzy m\u00f3wi\u0105 po polsku i Polak\u00f3w, kt\u00f3rzy m\u00f3wi\u0105 po w\u0119giersku &#8211; Marek Kuchci\u0144ski","robots":{"index":"index","follow":"follow","max-snippet":"max-snippet:-1","max-image-preview":"max-image-preview:large","max-video-preview":"max-video-preview:-1"},"canonical":"https:\/\/marekkuchcinski.pl\/hu\/wydarzenia\/marszalek-sejmu-marek-kuchcinski-plany-mamy-ogromne-zeby-je-zrealizowac-potrzebujemy-wegrow-ktorzy-mowia-po-polsku-i-polakow-ktorzy-mowia-po-wegiersku\/","og_locale":"hu_HU","og_type":"article","og_title":"Marsza\u0142ek Sejmu Marek Kuchci\u0144ski: Plany mamy ogromne. \u017beby je zrealizowa\u0107, potrzebujemy W\u0119gr\u00f3w, kt\u00f3rzy m\u00f3wi\u0105 po polsku i Polak\u00f3w, kt\u00f3rzy m\u00f3wi\u0105 po w\u0119giersku &#8211; Marek Kuchci\u0144ski","og_description":"36 najlepszych w\u0119gierskich uczni\u00f3w z 4 lice\u00f3w, kt\u00f3rzy ucz\u0105 si\u0119 j\u0119zyka polskiego, odwiedzi\u0142o Sejm. &#8211; Nadrabiamy wielkie zap\u00f3\u017anienia z ubieg\u0142ego wieku i coraz lepiej si\u0119 poznajemy &#8211; m\u00f3wi\u0142 podczas spotkania marsza\u0142ek Sejmu. &#8211; Plany mamy ogromne. \u017beby je zrealizowa\u0107, potrzebujemy W\u0119gr\u00f3w, kt\u00f3rzy m\u00f3wi\u0105 po polsku i Polak\u00f3w, kt\u00f3rzy m\u00f3wi\u0105 po w\u0119giersku. Potrzebujemy t\u0142umaczy, potrzebujemy ludzi, [&hellip;]","og_url":"https:\/\/marekkuchcinski.pl\/hu\/wydarzenia\/marszalek-sejmu-marek-kuchcinski-plany-mamy-ogromne-zeby-je-zrealizowac-potrzebujemy-wegrow-ktorzy-mowia-po-polsku-i-polakow-ktorzy-mowia-po-wegiersku\/","og_site_name":"Marek Kuchci\u0144ski","article_published_time":"2019-07-02T11:23:46+00:00","article_modified_time":"2019-07-02T12:06:10+00:00","og_image":[{"width":2048,"height":1365,"url":"https:\/\/marekkuchcinski.pl\/wp-content\/uploads\/2019\/07\/IMG_2810_Fotor.jpg","type":"image\/jpeg"}],"author":"admin","twitter_card":"summary_large_image","twitter_misc":{"Szerz\u0151:":"admin","Becs\u00fclt olvas\u00e1si id\u0151":"1 perc"},"schema":{"@context":"https:\/\/schema.org","@graph":[{"@type":"Article","@id":"https:\/\/marekkuchcinski.pl\/en\/wydarzenia\/marszalek-sejmu-marek-kuchcinski-plany-mamy-ogromne-zeby-je-zrealizowac-potrzebujemy-wegrow-ktorzy-mowia-po-polsku-i-polakow-ktorzy-mowia-po-wegiersku\/#article","isPartOf":{"@id":"https:\/\/marekkuchcinski.pl\/en\/wydarzenia\/marszalek-sejmu-marek-kuchcinski-plany-mamy-ogromne-zeby-je-zrealizowac-potrzebujemy-wegrow-ktorzy-mowia-po-polsku-i-polakow-ktorzy-mowia-po-wegiersku\/"},"author":{"name":"admin","@id":"https:\/\/marekkuchcinski.pl\/#\/schema\/person\/6f62700996b4d950b6ea2d1183b6c6be"},"headline":"Marsza\u0142ek Sejmu Marek Kuchci\u0144ski: Plany mamy ogromne. \u017beby je zrealizowa\u0107, potrzebujemy W\u0119gr\u00f3w, kt\u00f3rzy m\u00f3wi\u0105 po polsku i Polak\u00f3w, kt\u00f3rzy m\u00f3wi\u0105 po w\u0119giersku","datePublished":"2019-07-02T11:23:46+00:00","dateModified":"2019-07-02T12:06:10+00:00","mainEntityOfPage":{"@id":"https:\/\/marekkuchcinski.pl\/en\/wydarzenia\/marszalek-sejmu-marek-kuchcinski-plany-mamy-ogromne-zeby-je-zrealizowac-potrzebujemy-wegrow-ktorzy-mowia-po-polsku-i-polakow-ktorzy-mowia-po-wegiersku\/"},"wordCount":166,"commentCount":0,"publisher":{"@id":"https:\/\/marekkuchcinski.pl\/#organization"},"image":{"@id":"https:\/\/marekkuchcinski.pl\/en\/wydarzenia\/marszalek-sejmu-marek-kuchcinski-plany-mamy-ogromne-zeby-je-zrealizowac-potrzebujemy-wegrow-ktorzy-mowia-po-polsku-i-polakow-ktorzy-mowia-po-wegiersku\/#primaryimage"},"thumbnailUrl":"https:\/\/marekkuchcinski.pl\/wp-content\/uploads\/2019\/07\/IMG_2810_Fotor.jpg","articleSection":["Wie\u015bci z Sejmu","Wsp\u00f3\u0142praca mi\u0119dzynarodowa","Wydarzenia"],"inLanguage":"hu","potentialAction":[{"@type":"CommentAction","name":"Comment","target":["https:\/\/marekkuchcinski.pl\/en\/wydarzenia\/marszalek-sejmu-marek-kuchcinski-plany-mamy-ogromne-zeby-je-zrealizowac-potrzebujemy-wegrow-ktorzy-mowia-po-polsku-i-polakow-ktorzy-mowia-po-wegiersku\/#respond"]}]},{"@type":"WebPage","@id":"https:\/\/marekkuchcinski.pl\/en\/wydarzenia\/marszalek-sejmu-marek-kuchcinski-plany-mamy-ogromne-zeby-je-zrealizowac-potrzebujemy-wegrow-ktorzy-mowia-po-polsku-i-polakow-ktorzy-mowia-po-wegiersku\/","url":"https:\/\/marekkuchcinski.pl\/en\/wydarzenia\/marszalek-sejmu-marek-kuchcinski-plany-mamy-ogromne-zeby-je-zrealizowac-potrzebujemy-wegrow-ktorzy-mowia-po-polsku-i-polakow-ktorzy-mowia-po-wegiersku\/","name":"Marsza\u0142ek Sejmu Marek Kuchci\u0144ski: Plany mamy ogromne. \u017beby je zrealizowa\u0107, potrzebujemy W\u0119gr\u00f3w, kt\u00f3rzy m\u00f3wi\u0105 po polsku i Polak\u00f3w, kt\u00f3rzy m\u00f3wi\u0105 po w\u0119giersku &#8211; Marek Kuchci\u0144ski","isPartOf":{"@id":"https:\/\/marekkuchcinski.pl\/#website"},"primaryImageOfPage":{"@id":"https:\/\/marekkuchcinski.pl\/en\/wydarzenia\/marszalek-sejmu-marek-kuchcinski-plany-mamy-ogromne-zeby-je-zrealizowac-potrzebujemy-wegrow-ktorzy-mowia-po-polsku-i-polakow-ktorzy-mowia-po-wegiersku\/#primaryimage"},"image":{"@id":"https:\/\/marekkuchcinski.pl\/en\/wydarzenia\/marszalek-sejmu-marek-kuchcinski-plany-mamy-ogromne-zeby-je-zrealizowac-potrzebujemy-wegrow-ktorzy-mowia-po-polsku-i-polakow-ktorzy-mowia-po-wegiersku\/#primaryimage"},"thumbnailUrl":"https:\/\/marekkuchcinski.pl\/wp-content\/uploads\/2019\/07\/IMG_2810_Fotor.jpg","datePublished":"2019-07-02T11:23:46+00:00","dateModified":"2019-07-02T12:06:10+00:00","breadcrumb":{"@id":"https:\/\/marekkuchcinski.pl\/en\/wydarzenia\/marszalek-sejmu-marek-kuchcinski-plany-mamy-ogromne-zeby-je-zrealizowac-potrzebujemy-wegrow-ktorzy-mowia-po-polsku-i-polakow-ktorzy-mowia-po-wegiersku\/#breadcrumb"},"inLanguage":"hu","potentialAction":[{"@type":"ReadAction","target":["https:\/\/marekkuchcinski.pl\/en\/wydarzenia\/marszalek-sejmu-marek-kuchcinski-plany-mamy-ogromne-zeby-je-zrealizowac-potrzebujemy-wegrow-ktorzy-mowia-po-polsku-i-polakow-ktorzy-mowia-po-wegiersku\/"]}]},{"@type":"ImageObject","inLanguage":"hu","@id":"https:\/\/marekkuchcinski.pl\/en\/wydarzenia\/marszalek-sejmu-marek-kuchcinski-plany-mamy-ogromne-zeby-je-zrealizowac-potrzebujemy-wegrow-ktorzy-mowia-po-polsku-i-polakow-ktorzy-mowia-po-wegiersku\/#primaryimage","url":"https:\/\/marekkuchcinski.pl\/wp-content\/uploads\/2019\/07\/IMG_2810_Fotor.jpg","contentUrl":"https:\/\/marekkuchcinski.pl\/wp-content\/uploads\/2019\/07\/IMG_2810_Fotor.jpg","width":2048,"height":1365},{"@type":"BreadcrumbList","@id":"https:\/\/marekkuchcinski.pl\/en\/wydarzenia\/marszalek-sejmu-marek-kuchcinski-plany-mamy-ogromne-zeby-je-zrealizowac-potrzebujemy-wegrow-ktorzy-mowia-po-polsku-i-polakow-ktorzy-mowia-po-wegiersku\/#breadcrumb","itemListElement":[{"@type":"ListItem","position":1,"name":"Strona g\u0142\u00f3wna","item":"https:\/\/marekkuchcinski.pl\/"},{"@type":"ListItem","position":2,"name":"Marsza\u0142ek Sejmu Marek Kuchci\u0144ski: Plany mamy ogromne. \u017beby je zrealizowa\u0107, potrzebujemy W\u0119gr\u00f3w, kt\u00f3rzy m\u00f3wi\u0105 po polsku i Polak\u00f3w, kt\u00f3rzy m\u00f3wi\u0105 po w\u0119giersku"}]},{"@type":"WebSite","@id":"https:\/\/marekkuchcinski.pl\/#website","url":"https:\/\/marekkuchcinski.pl\/","name":"Marek Kuchci\u0144ski","description":"Pose\u0142 na sejm RP &ndash; okr\u0119g nr 22","publisher":{"@id":"https:\/\/marekkuchcinski.pl\/#organization"},"potentialAction":[{"@type":"SearchAction","target":{"@type":"EntryPoint","urlTemplate":"https:\/\/marekkuchcinski.pl\/?s={search_term_string}"},"query-input":{"@type":"PropertyValueSpecification","valueRequired":true,"valueName":"search_term_string"}}],"inLanguage":"hu"},{"@type":"Organization","@id":"https:\/\/marekkuchcinski.pl\/#organization","name":"Marek Kuchci\u0144ski","url":"https:\/\/marekkuchcinski.pl\/","logo":{"@type":"ImageObject","inLanguage":"hu","@id":"https:\/\/marekkuchcinski.pl\/#\/schema\/logo\/image\/","url":"https:\/\/marekkuchcinski.pl\/wp-content\/uploads\/2022\/09\/Marek.jpg","contentUrl":"https:\/\/marekkuchcinski.pl\/wp-content\/uploads\/2022\/09\/Marek.jpg","width":1600,"height":971,"caption":"Marek Kuchci\u0144ski"},"image":{"@id":"https:\/\/marekkuchcinski.pl\/#\/schema\/logo\/image\/"}},{"@type":"Person","@id":"https:\/\/marekkuchcinski.pl\/#\/schema\/person\/6f62700996b4d950b6ea2d1183b6c6be","name":"admin","image":{"@type":"ImageObject","inLanguage":"hu","@id":"https:\/\/marekkuchcinski.pl\/#\/schema\/person\/image\/","url":"https:\/\/secure.gravatar.com\/avatar\/4bab693b9d55c3d6b52c0296a8765085?s=96&d=mm&r=g","contentUrl":"https:\/\/secure.gravatar.com\/avatar\/4bab693b9d55c3d6b52c0296a8765085?s=96&d=mm&r=g","caption":"admin"},"url":"https:\/\/marekkuchcinski.pl\/hu\/author\/marta-olejnik\/"}]}},"_links":{"self":[{"href":"https:\/\/marekkuchcinski.pl\/hu\/wp-json\/wp\/v2\/posts\/16695","targetHints":{"allow":["GET"]}}],"collection":[{"href":"https:\/\/marekkuchcinski.pl\/hu\/wp-json\/wp\/v2\/posts"}],"about":[{"href":"https:\/\/marekkuchcinski.pl\/hu\/wp-json\/wp\/v2\/types\/post"}],"author":[{"embeddable":true,"href":"https:\/\/marekkuchcinski.pl\/hu\/wp-json\/wp\/v2\/users\/6"}],"replies":[{"embeddable":true,"href":"https:\/\/marekkuchcinski.pl\/hu\/wp-json\/wp\/v2\/comments?post=16695"}],"version-history":[{"count":13,"href":"https:\/\/marekkuchcinski.pl\/hu\/wp-json\/wp\/v2\/posts\/16695\/revisions"}],"predecessor-version":[{"id":16737,"href":"https:\/\/marekkuchcinski.pl\/hu\/wp-json\/wp\/v2\/posts\/16695\/revisions\/16737"}],"wp:featuredmedia":[{"embeddable":true,"href":"https:\/\/marekkuchcinski.pl\/hu\/wp-json\/wp\/v2\/media\/16734"}],"wp:attachment":[{"href":"https:\/\/marekkuchcinski.pl\/hu\/wp-json\/wp\/v2\/media?parent=16695"}],"wp:term":[{"taxonomy":"category","embeddable":true,"href":"https:\/\/marekkuchcinski.pl\/hu\/wp-json\/wp\/v2\/categories?post=16695"},{"taxonomy":"post_tag","embeddable":true,"href":"https:\/\/marekkuchcinski.pl\/hu\/wp-json\/wp\/v2\/tags?post=16695"}],"curies":[{"name":"wp","href":"https:\/\/api.w.org\/{rel}","templated":true}]}}