{"id":16552,"date":"2019-06-28T19:18:58","date_gmt":"2019-06-28T17:18:58","guid":{"rendered":"https:\/\/marekkuchcinski.pl\/?p=16552"},"modified":"2019-07-02T20:43:26","modified_gmt":"2019-07-02T18:43:26","slug":"poprad-spotkanie-przewodniczacych-parlamentow-grupy-wyszehradzkiej","status":"publish","type":"post","link":"https:\/\/marekkuchcinski.pl\/hu\/wydarzenia\/poprad-spotkanie-przewodniczacych-parlamentow-grupy-wyszehradzkiej\/","title":{"rendered":"Popr\u00e1d: A visegr\u00e1di parlamentek eln\u00f6keinek tal\u00e1lkoz\u00f3ja"},"content":{"rendered":"<p>T\u00e1mogatom, hogy a j\u00f6v\u0151be tekints\u00fcnk, \u00e9s az EU j\u00f6v\u0151j\u00e9t a haz\u00e1k, a szolidarit\u00e1s \u00e9s a szuver\u00e9n \u00e1llamok Eur\u00f3p\u00e1ja alapj\u00e1n \u00e9p\u00edts\u00fck fel. Sz\u00e1munkra, azokra az orsz\u00e1gokra n\u00e9zve, amelyek csak az elm\u00falt 30 \u00e9vben \u00e9p\u00edtett\u00e9k \u00fajra hazafias tudatukat, ez nagyon fontos\" - mondta Marek Kuchci\u0144ski, a Szejm eln\u00f6ke a visegr\u00e1di orsz\u00e1gok parlamenti vezet\u0151inek tal\u00e1lkoz\u00f3j\u00e1n (j\u00fanius 27.) a szlov\u00e1kiai Popr\u00e1don. Lengyelorsz\u00e1g, a Cseh K\u00f6zt\u00e1rsas\u00e1g, Szlov\u00e1kia \u00e9s Magyarorsz\u00e1g politikusai a k\u00f6zelm\u00faltbeli eur\u00f3pai parlamenti v\u00e1laszt\u00e1sok kapcs\u00e1n vitatt\u00e1k meg az EU j\u00f6v\u0151j\u00e9t, \u00e9s \u00f6sszegezt\u00e9k a visegr\u00e1di n\u00e9gyek szlov\u00e1kiai eln\u00f6ks\u00e9g\u00e9t. J\u00falius 1-j\u00e9t\u0151l Pr\u00e1ga hat\u00e1rozza meg a V4-ek tev\u00e9kenys\u00e9g\u00e9nek ir\u00e1ny\u00e1t. - Arra fogom \u00f6szt\u00f6n\u00f6zni a visegr\u00e1di csoportot, hogy a parlamenti dimenzi\u00f3ban is egy hangon sz\u00f3laljon meg - mondta Kuchci\u0144ski marsall a popr\u00e1di tal\u00e1lkoz\u00f3 el\u0151tt. Hangs\u00falyozta tov\u00e1bb\u00e1, hogy ahol a Visegr\u00e1di Csoport egy\u00fctt cselekszik, az \"egys\u00e9get alkot, er\u0151t teremt\". Hozz\u00e1tette, hogy a V4-csoport hangj\u00e1t az eg\u00e9sz Eur\u00f3pai Uni\u00f3ban sz\u00e1mon tartj\u00e1k \u00e9s meghallj\u00e1k, \u00e9s hogy Visegr\u00e1d p\u00e9ld\u00e1t mutat m\u00e1soknak.<\/p>\n\n\n\n<p>Az eln\u00f6k\u00f6k tal\u00e1lkoz\u00f3j\u00e1n Marek Kuchci\u0144ski elmondta, hogy a visegr\u00e1di csoport parlamenti dimenzi\u00f3j\u00e1ban megteremti a szorosabb egy\u00fcttm\u0171k\u00f6d\u00e9s alapjait, \u00e9s ez\u00e1ltal hozz\u00e1j\u00e1rul az Eur\u00f3pai Uni\u00f3n bel\u00fcli \u00e1llamok jobb egy\u00fcttm\u0171k\u00f6d\u00e9s\u00e9nek ki\u00e9p\u00edt\u00e9s\u00e9hez. R\u00e1mutatott arra is, hogy az EP-v\u00e1laszt\u00e1sok magas r\u00e9szv\u00e9teli ar\u00e1nya meger\u0151s\u00edtette a V4-orsz\u00e1gok parlamenti k\u00e9pvisel\u0151inek mand\u00e1tum\u00e1t, ami nagyobb jogot ad nekik arra, hogy az Uni\u00f3 m\u0171k\u00f6d\u00e9s\u00e9ben \u00e9s m\u0171k\u00f6dtet\u00e9s\u00e9ben sz\u00fcks\u00e9ges korrekci\u00f3kat k\u00f6veteljenek.<\/p>\n\n\n\n<p>- Ez \u00f6sszef\u00fcgg azzal, hogy vil\u00e1gos \u00e1ll\u00e1spontot kell k\u00e9pviselni. C\u00e9lszer\u0171 lenne, ha mi, a Visegr\u00e1di Csoport, m\u00e9g szorosabb \u00e1ll\u00e1spontot k\u00e9pviseln\u00e9nk nemcsak azokban az alapvet\u0151 k\u00e9rd\u00e9sekben, amelyek integr\u00e1ltak benn\u00fcnket\" - jegyezte meg Kuchci\u0144ski marsall. E tekintetben egyet\u00e9rtett K\u00f6v\u00e9r L\u00e1szl\u00f3val, az Orsz\u00e1ggy\u0171l\u00e9s eln\u00f6k\u00e9vel, aki azt k\u00e9rte, hogy a k\u00e9pvisel\u0151csoport egyhang\u00faan v\u00e1lassza meg a legfontosabb uni\u00f3s poz\u00edci\u00f3kat.<\/p>\n\n\n\n<p>Micha\u0142 Sewery\u0144ski marsallhelyettes a szen\u00e1tus k\u00e9pviselet\u00e9ben r\u00e1mutatott, hogy az EP-v\u00e1laszt\u00e1sok eredm\u00e9nye azt mutatta, hogy a mand\u00e1tumot azok a p\u00e1rtok kapt\u00e1k, amelyek v\u00e1ltoz\u00e1st akartak, nem pedig a jelenlegi politika folytat\u00e1s\u00e1t. Ennek k\u00f6sz\u00f6nhet\u0151en az Eur\u00f3pai Uni\u00f3ban visszat\u00e9rhet a vita a k\u00f6z\u00f6ss\u00e9g j\u00f6v\u0151j\u00e9r\u0151l. A popr\u00e1di tal\u00e1lkoz\u00f3 h\u00e1zigazd\u00e1ja, Andrej Danko, a Nemzeti Tan\u00e1cs eln\u00f6ke hangs\u00falyozta a visegr\u00e1di orsz\u00e1gok parlamenti egy\u00fcttm\u0171k\u00f6d\u00e9s\u00e9nek fontoss\u00e1g\u00e1t, k\u00fcl\u00f6n\u00f6sen az EU-val kapcsolatos k\u00e9rd\u00e9sekben. Javaslatot terjesztett el\u0151 a parlamenti k\u00e9pvisel\u0151k rendszeres tal\u00e1lkoz\u00f3inak l\u00e9trehoz\u00e1s\u00e1ra.<\/p>\n\n\n\n<p>A cseh k\u00e9pvisel\u0151h\u00e1z eln\u00f6ke, Radek Vondracek viszont megjegyezte, hogy a V4-orsz\u00e1goknak siker\u00fclt megmutatniuk uni\u00f3s partnereiknek, hogy a visegr\u00e1di orsz\u00e1gok konstrukt\u00edvak, \u00e9s hogy van olyan elk\u00e9pzel\u00e9s\u00fck, amely seg\u00edtheti az eur\u00f3pai k\u00f6z\u00f6ss\u00e9get. Nagyon j\u00f3l \u00e9rt\u00e9kelte a csoporton bel\u00fcli egy\u00fcttm\u0171k\u00f6d\u00e9st. - Egy\u00fctt kell m\u0171k\u00f6dn\u00fcnk az Eur\u00f3pai Uni\u00f3 legfontosabb poz\u00edci\u00f3ira jel\u00f6ltek megv\u00e1laszt\u00e1s\u00e1nak keret\u00e9ben - mondta Radek Vondraczek. V\u00e9lem\u00e9ny\u00e9t osztotta a Magyar Orsz\u00e1ggy\u0171l\u00e9s eln\u00f6ke is, aki hangs\u00falyozta, hogy a V4-csoportnak szorosan egy\u00fctt kell m\u0171k\u00f6dnie a legfontosabb uni\u00f3s tiszts\u00e9gek bet\u00f6lt\u00e9s\u00e9re ir\u00e1nyul\u00f3 v\u00e1laszt\u00e1sok sor\u00e1n. Hangs\u00falyozta, hogy a probl\u00e9m\u00e1kat a mi orsz\u00e1gaink oldj\u00e1k meg, a probl\u00e9m\u00e1k forr\u00e1sa pedig a nyugat-eur\u00f3pai orsz\u00e1gok, amelyek \u00e1tgondolatlan d\u00f6nt\u00e9seket hoznak.<\/p>\n\n\n\n<p>A tal\u00e1lkoz\u00f3 r\u00e9sztvev\u0151i nagyra \u00e9rt\u00e9kelt\u00e9k Szlov\u00e1kia V4-eln\u00f6ks\u00e9g\u00e9t, hangs\u00falyozva a tal\u00e1lkoz\u00f3k intenz\u00edvebb\u00e9 v\u00e1l\u00e1s\u00e1t sz\u00e1mos szinten, t\u00f6bbek k\u00f6z\u00f6tt parlamenti szinten is. A szlov\u00e1k eln\u00f6ks\u00e9g siker\u00e9t a Benelux-orsz\u00e1gokkal, valamint Franciaorsz\u00e1ggal \u00e9s N\u00e9metorsz\u00e1ggal folytatott megbesz\u00e9l\u00e9sek is meghat\u00e1rozt\u00e1k.<\/p>\n\n\n\n<p><strong><em>Marek Kuchci\u0144ski, a Szejm eln\u00f6ke besz\u00e9de <\/em><\/strong><strong><em>a V4-ek parlamenti eln\u00f6keinek tal\u00e1lkoz\u00f3ja <\/em><\/strong><\/p>\n\n\n\n<p><strong><em>Popr\u00e1d,\n2019. j\u00fanius 27.<\/em><\/strong><\/p>\n\n\n\n<p><strong><em>J\u00f6v\u0151\nEU: Az Uni\u00f3 a 2019-es eur\u00f3pai v\u00e1laszt\u00e1sok ut\u00e1n<\/em><\/strong><\/p>\n\n\n\n<p><strong>Tisztelt Eln\u00f6k \u00far!<\/strong><\/p>\n\n\n\n<p><strong>H\u00f6lgyeim \u00e9s uraim!<\/strong><\/p>\n\n\n\n<p><strong>K\u00f6sz\u00f6nj\u00fck sz\u00e9pen a szervez\u00e9st\nk\u00fcld\u00f6tts\u00e9geink \u00fajabb tal\u00e1lkoz\u00f3ja a szlov\u00e1k eln\u00f6ks\u00e9g alatt. Gratul\u00e1lok\nkoll\u00e9g\u00e1mnak, az eln\u00f6k \u00farnak egy nagyon-nagyon sikeres eln\u00f6ks\u00e9gi \u00e9v\u00e9rt, nem pedig\nnem csak a tal\u00e1lkoz\u00f3k \u00e9s a helysz\u00ednek sokf\u00e9les\u00e9ge miatt, hanem az\u00e9rt is, mert\naz \u00e1ltalunk felvetett konkr\u00e9t k\u00e9rd\u00e9sek k\u00f6re miatt, ami el\u00e9g neh\u00e9z feladat.\nhelyzet, amikor az eln\u00f6ks\u00e9gre az eur\u00f3pai parlamenti v\u00e1laszt\u00e1si kamp\u00e1ny sor\u00e1n ker\u00fcl sor, amelyben ezek a\nEur\u00f3pai parlamenti v\u00e1laszt\u00e1sok, amelyeken ezek az orsz\u00e1gok r\u00e9szt vesznek. Nagyon sikeres volt. Nekem \u00fagy t\u0171nik.\n\u00dagy t\u0171nik sz\u00e1momra, hogy a visegr\u00e1di csoportk\u00e9nt b\u00e1tran kijelenthetj\u00fck parlamenti szinten, hogy mi\nAzt hiszem, a visegr\u00e1di csoportk\u00e9nt parlamenti szinten nyugodtan mondhatjuk, hogy bizonyos \u00e9rtelemben megteremtj\u00fck a terepet a szorosabb egy\u00fcttm\u0171k\u00f6d\u00e9shez.\norsz\u00e1gaink k\u00f6z\u00f6tt, \u00e9s ezzel hozz\u00e1j\u00e1rulunk a szorosabb \u00e9s jobb egy\u00fcttm\u0171k\u00f6d\u00e9s alapjainak megteremt\u00e9s\u00e9hez.\nEzzel egy\u00fattal az Eur\u00f3pai Uni\u00f3n bel\u00fcli szorosabb \u00e9s jobb egy\u00fcttm\u0171k\u00f6d\u00e9s alapjait is lerakjuk.\nTiszt\u00e1ban vagyunk azzal, mint tudjuk, hogy ezzel kapcsolatban el\u00e9g sok probl\u00e9ma mer\u00fcl fel.<\/strong><\/p>\n\n\n\n<p><strong>Szeretn\u00e9k kiemelni n\u00e9h\u00e1ny pontot\nr\u00f6viden, a m\u00e1r eml\u00edtettek k\u00f6z\u00fcl n\u00e9h\u00e1nyra utalva.<\/strong><\/p>\n\n\n\n<p><strong>El\u0151sz\u00f6r is, a Bizotts\u00e1g szemsz\u00f6g\u00e9b\u0151l\nA lengyel szejm szemsz\u00f6g\u00e9b\u0151l n\u00e9zve az Eur\u00f3pai Uni\u00f3n bel\u00fcli er\u0151k polariz\u00e1ci\u00f3j\u00e1t l\u00e1thatjuk. Tudunk\nAzt mondhatjuk, hogy a most lezajlott eur\u00f3pai v\u00e1laszt\u00e1sok egy bizonyos\nA most lezajlott eur\u00f3pai v\u00e1laszt\u00e1sok egy bizonyos \u00faj rendet \u00e9s egy\u00fattal egy \u00faj helyzet kezdet\u00e9t jelzik. Nem csak ez\nEz nem csak a hatalmas r\u00e9szv\u00e9telnek k\u00f6sz\u00f6nhet\u0151, amelyre kor\u00e1bban nem volt p\u00e9lda, hanem\nfigyelembe kell venn\u00fcnk, hogy t\u00e1rsadalmaink, orsz\u00e1gaink polg\u00e1rai\nsokkal nagyobb \u00e9rdekl\u0151d\u00e9st tan\u00fas\u00edtanak az eur\u00f3pai \u00fcgyek ir\u00e1nt, de v\u00e9lem\u00e9nyem szerint ez egyben azt is jelenti.\nokot arra, hogy kijelents\u00fck, hogy a mand\u00e1tumunk \u00edgy er\u0151sebb. A magasabb\na r\u00e9szv\u00e9tel, ann\u00e1l er\u0151sebb a mand\u00e1tum, \u00edgy nagyobb jogunk van k\u00f6vetelni\nv\u00e9lem\u00e9nyem szerint az Eur\u00f3pai Uni\u00f3 m\u0171k\u00f6d\u00e9s\u00e9nek \u00e9s m\u0171k\u00f6d\u00e9s\u00e9nek sz\u00fcks\u00e9ges korrekci\u00f3i. Ez a\nEz azzal j\u00e1r, hogy vil\u00e1gos \u00e1ll\u00e1spontot kell k\u00e9pviselni, vil\u00e1gosabb\u00e1 kell tenni a\npoz\u00edci\u00f3t, \u00e9s - ez a m\u00e1sodik pont - szerintem j\u00f3 lenne, s\u0151t, m\u00e9g az is lenne.\nM\u00e9g az is c\u00e9lszer\u0171 lenne, ha mi, a visegr\u00e1di orsz\u00e1gok csoportja\nhasonl\u00f3 \u00e1ll\u00e1spontot k\u00e9pvisel, hasonl\u00f3 \u00e1ll\u00e1spontot k\u00e9pvisel nemcsak az alapvet\u0151 k\u00e9rd\u00e9sekben, amelyeket\nnem csak az olyan alapvet\u0151 k\u00e9rd\u00e9sekben, amelyek \u00f6sszek\u00f6tnek minket, mint a migr\u00e1ci\u00f3 vagy a biztons\u00e1gi k\u00e9rd\u00e9sek, a terrorizmus stb,\nvagy a k\u00f6z\u00f6s agr\u00e1rpolitika vagy a koh\u00e9zi\u00f3s politika fenntart\u00e1s\u00e1ra ir\u00e1nyul\u00f3 er\u0151fesz\u00edt\u00e9sek, de\nhanem m\u00e1s k\u00e9rd\u00e9sekben is. Itt azt szeretn\u00e9m javasolni, javasolni, hogy\na Weber \u00far \u00e1ltal eml\u00edtett k\u00e9rd\u00e9ssel kapcsolatban is, \u00e9s\nuraim, hogy ebben a k\u00e9rd\u00e9sben is tartsunk \u00f6ssze - a megv\u00e1laszt\u00e1s k\u00e9rd\u00e9s\u00e9ben\naz Eur\u00f3pai Uni\u00f3 egyik legfontosabb tiszts\u00e9ge. \u00c1llamf\u0151ink el\u00e9gg\u00e9\nel\u00e9g j\u00f3 munk\u00e1t v\u00e9geznek itt, \u00e9s \u00fagy gondolom, hogy ezeknek a tev\u00e9kenys\u00e9geknek a t\u00e1mogat\u00e1s\u00e1ra a mi oldalunkr\u00f3l is sz\u00fcks\u00e9g lenne.\nezek a tev\u00e9kenys\u00e9gek. Ha a visegr\u00e1di csoport egy jel\u00f6ltet v\u00e1laszt, akkor az Eur\u00f3pai Bizotts\u00e1g egy jel\u00f6ltje\nEur\u00f3pai Bizotts\u00e1g, egy m\u00e1sik a Parlament vezet\u0151je \u00e9s \u00edgy tov\u00e1bb, akkor ez lesz\negy nagyon nagy \u00e9s er\u0151sen hallhat\u00f3 hang, \u00e9s egyet\u00e9rtek azzal, hogy nem kellene\ner\u0151sen gondoljon azokra az emberekre vagy politikusokra, akik eddig\n\u00e1rtottak nek\u00fcnk. <\/strong><\/p>\n\n\n\n<p><strong>\u00dagy gondolom, hogy ebben lehet l\u00e1tni\nperspekt\u00edva - id\u00e9n t\u00f6bb \u00e9vfordul\u00f3t is \u00fcnnepel\u00fcnk, harminc \u00e9vet is.\nv\u00e1ltoz\u00e1sok, a nemzetek \u0151sze: a b\u00e1rsonyos forradalom, a v\u00e1ltoz\u00e1sok Lengyelorsz\u00e1gban, Magyarorsz\u00e1gon stb. Azt hiszem,\nAzt hiszem, itt azt mondhatjuk, hogy a mi orsz\u00e1gainkban, a mi r\u00e9sz\u00fcnk\u00f6n\nEur\u00f3pa, K\u00f6z\u00e9p- \u00e9s Kelet-Eur\u00f3pa, egy nagyon \u00e9rdekes, \u00e9s nagyon \u00e9rdekes\nhelyzet. 1989 el\u0151tt, amikor kontinens\u00fcnk k\u00e9t t\u00e1borra szakadt,\na totalit\u00e1rius szocializmus \u00e9s a szabad, demokratikus vil\u00e1g t\u00e1bora, l\u00e1ttuk, hogy\nnagyon vil\u00e1gosan, hogy a k\u00fcl\u00f6nb\u00f6z\u0151 baloldali \u00e9rtelmis\u00e9giek a korban hajlamosak voltak megv\u00e9deni a\naz el\u0151bbi, b\u00e1r ha tehetn\u00e9k, akkor ink\u00e1bb ebben a v\u00e1rosban \u00e9ln\u00e9nek.\nszabad, demokratikus vil\u00e1g. Ma ez a v\u00e1laszt\u00f3vonal egy kicsit m\u00e1sk\u00e9pp fut.\nm\u00e1sk\u00e9pp, \u00e9s azt mondhatn\u00e1nk, hogy orsz\u00e1gon \u00e9s t\u00e1rsadalmon \u00e1t\u00edvel\u0151en, mert\negyesek meg k\u00edv\u00e1nj\u00e1k \u0151rizni az Eur\u00f3pai Uni\u00f3t, \u00e9s az Eur\u00f3pai Uni\u00f3 keretein bel\u00fcl k\u00edv\u00e1nnak m\u0171k\u00f6dni.\nEgyesek meg akarj\u00e1k \u0151rizni az Eur\u00f3pai Uni\u00f3t, \u00e9s a nemzet\u00e1llamok keretein bel\u00fcl akarnak m\u0171k\u00f6dni, m\u00edg m\u00e1sok a f\u00f6deraliz\u00e1ci\u00f3 fel\u00e9 akarnak elmozdulni. Mi ezt a kozmopolita vil\u00e1ghoz val\u00f3 visszat\u00e9r\u00e9s v\u00edzi\u00f3j\u00e1nak tekintj\u00fck.\nnemzetek feletti k\u00f6z\u00f6ss\u00e9g. Nagyon er\u0151sen t\u00e1mogatom, hogy keress\u00fck a j\u00f6v\u0151t, \u00e9s\na j\u00f6v\u0151t, \u00e9s az Eur\u00f3pai Uni\u00f3 j\u00f6v\u0151j\u00e9t a haz\u00e1k Eur\u00f3p\u00e1ja alapj\u00e1n kell fel\u00e9p\u00edteni,\nA szuver\u00e9n \u00e1llamok szolidarit\u00e1son alapul\u00f3 Eur\u00f3p\u00e1ja, b\u00e1r tiszt\u00e1ban vagyok vele, hogy egy ilyen forma nagyon bonyolult.\nnagyon bonyolult. Mindazon\u00e1ltal van, k\u00fcl\u00f6n\u00f6sen sz\u00e1munkra, az \u00e1llamok sz\u00e1m\u00e1ra,\namelyek harminc \u00e9ve csak a hazafias \u00f6ntudatukat \u00e9p\u00edtik \u00fajra, nagy jelent\u0151s\u00e9ggel b\u00edr.\njelent\u0151s\u00e9g\u00e9t. \u00dagy gondoljuk, hogy a t\u00e1rsadalmak a szint\u00e9zis, a nyugat-eur\u00f3pai, azok a\nakik m\u00e1r sok gener\u00e1ci\u00f3n kereszt\u00fcl megtapasztalt\u00e1k a szabads\u00e1got, nem rendelkeznek ezzel a tudatoss\u00e1ggal. Azt hiszem.\nA mi feladatunk az, hogy meggy\u0151zz\u00fck \u0151ket, hogy megmutassuk, hogy a tisztelet a\naz egym\u00e1s ir\u00e1nti tisztelet az orsz\u00e1gaink szuverenit\u00e1s\u00e1nak tiszteletben tart\u00e1s\u00e1ra \u00e9p\u00fclhet.<\/strong><\/p>\n\n\n\n<p><strong>\u00dagy gondolom, nagyon fontos, hogy\na tag\u00e1llamok parlamentjei \u00e9s a parlamentek, a parlamenti h\u00e1zak jelent\u0151s\u00e9g\u00e9nek meger\u0151s\u00edt\u00e9se\n\u00e9s a szen\u00e1tus. \u00dagy v\u00e9lem, hogy itt kellene vit\u00e1kat \u00e9s vit\u00e1kat folytatnunk, hogy legyen\nlegal\u00e1bbis jobb befoly\u00e1sol\u00e1si lehet\u0151s\u00e9gek az olyan \u00fcgyekben, mint p\u00e9ld\u00e1ul a\naz \u00fagynevezett \"s\u00e1rga k\u00e1rty\u00e1val\" kapcsolatos probl\u00e9m\u00e1k nem megfelel\u0151 kezel\u00e9se, a\nErre p\u00e9lda a deleg\u00e1lt munkav\u00e1llal\u00f3k k\u00e9rd\u00e9se. Szerintem jobban kellene\nezt a k\u00e9rd\u00e9st hat\u00e1rozottabban k\u00e9pviselj\u00fck. <\/strong><\/p>\n\n\n\n<p><strong>A biztons\u00e1g k\u00e9rd\u00e9se - egyet\u00e9rtek.\nEgyet\u00e9rtek, a biztons\u00e1g k\u00e9rd\u00e9se az egyik legalapvet\u0151bb k\u00e9rd\u00e9s az Eur\u00f3pai Uni\u00f3 sz\u00e1m\u00e1ra.\nSzeretn\u00e9m azonban elmondani, hogy Lengyelorsz\u00e1g \u00e9s az Egyes\u00fclt Kir\u00e1lys\u00e1g szempontj\u00e1b\u00f3l\na lengyel parlament szempontj\u00e1b\u00f3l a biztons\u00e1got az \u00e9szak-atlanti sz\u00f6vets\u00e9g meger\u0151s\u00edt\u00e9s\u00e9ben l\u00e1tjuk.\nA NATO k\u00e9rd\u00e9se v\u00e9lem\u00e9ny\u00fcnk szerint alapvet\u0151 k\u00e9rd\u00e9s. Az \u00e9szak-atlanti poz\u00edci\u00f3nk meger\u0151s\u00edt\u00e9se n\u00e9lk\u00fcl\nan\u00e9lk\u00fcl, hogy az \u00c9szak-atlanti Sz\u00f6vets\u00e9g r\u00e9sz\u00e9v\u00e9 v\u00e1ln\u00e1nk, hirtelen k\u00fcl\u00f6nb\u00f6z\u0151 fenyeget\u00e9sek nyom\u00e1sa al\u00e1 ker\u00fcl\u00fcnk,\namelyek nem csak a gazdas\u00e1gilag \u00e9s katonailag leger\u0151sebb orsz\u00e1gok fenyeget\u0151 szf\u00e9r\u00e1ib\u00f3l \u00e9rkeznek.\na gazdas\u00e1gilag \u00e9s katonailag leger\u0151sebb orsz\u00e1gokt\u00f3l, hanem k\u00fcl\u00f6nb\u00f6z\u0151 szomsz\u00e9dainkt\u00f3l is. Ez v\u00e9lem\u00e9nyem szerint <\/strong><strong>kellene<\/strong><strong> \u00dcgyeln\u00fcnk kell arra, hogy elker\u00fclj\u00fck\na 20. sz\u00e1zad els\u0151 fel\u00e9ben elk\u00f6vetett hib\u00e1k. Itt a k\u00f6vetkez\u0151kre gondolok\na k\u00e9t nagy h\u00e1bor\u00fa. <\/strong><\/p>\n\n\n\n<p><strong>T\u00e1mogatjuk tov\u00e1bb\u00e1\nfenntartani, meggy\u0151zni az Eur\u00f3pai Uni\u00f3t a b\u0151v\u00edt\u00e9si politik\u00e1j\u00e1r\u00f3l, a\nnyitott ajt\u00f3k politik\u00e1ja. \u00dagy v\u00e9lem, hogy ez a dolgok term\u00e9szet\u00e9b\u0151l ad\u00f3dik. Ha mi\na szolidarit\u00e1s alatt a r\u00e1szorul\u00f3kkal val\u00f3 osztozkod\u00e1s k\u00e9pess\u00e9g\u00e9t \u00e9rtik.\nHa a szolidarit\u00e1st \u00fagy \u00e9rtelmezz\u00fck, mint azt a k\u00e9pess\u00e9get, hogy meg tudjuk osztani m\u00e1sokkal, akiknek sz\u00fcks\u00e9g\u00fck van r\u00e1, akkor nevezz\u00fck ezt a vagyonunknak.\nEur\u00f3p\u00e1ban, ha csak kereszt\u00e9ny k\u00f6r\u00f6kben is. J\u00e1nos P\u00e1l Szentatya azt mondta\nJ\u00e1nos P\u00e1l Szentatya gyakran mondta, hogy Eur\u00f3p\u00e1nak k\u00e9t t\u00fcd\u0151vel kell l\u00e9legeznie: egy keleti \u00e9s egy nyugati t\u00fcd\u0151vel.\nEz\u00e9rt \u00fagy v\u00e9lem, hogy ez alapvet\u0151 k\u00e9rd\u00e9s sz\u00e1munkra.<\/strong><\/p>\n\n\n\n<p><strong>Vil\u00e1gosan l\u00e1thatjuk, hogy a k\u00f6zelm\u00faltban\n\u00e9vek \u00f3ta a politikai \u00e9rdekl\u0151d\u00e9s k\u00f6z\u00e9ppontj\u00e1ban a mediterr\u00e1n t\u00e9rs\u00e9g \u00e1ll.\nMediterr\u00e1n. Term\u00e9szetesen ez egy fontos k\u00e9rd\u00e9s, de ett\u0151l f\u00fcggetlen\u00fcl\negy olyan k\u00e9rd\u00e9s, amely m\u00e1r m\u00e1s kontinenseket, \u00c9szak-Afrik\u00e1t \u00e9s Kis-\u00c1zsi\u00e1t is \u00e9rinti.\nKis-\u00c1zsia. Ezzel szemben mi tov\u00e1bbra is s\u00f6t\u00e9tben hagyjuk szomsz\u00e9dainkat a keleti hat\u00e1ron.\na keleti hat\u00e1r m\u00f6g\u00f6tt. Tiszt\u00e1ban vagyok azzal, hogy ez egy nagyon neh\u00e9z helyzet, de\nv\u00e9lem\u00e9nyem szerint erk\u00f6lcsi k\u00f6teless\u00e9g\u00fcnk is ragaszkodni ahhoz, hogy\nfolytatni kell a nyitott ajt\u00f3k politik\u00e1j\u00e1t vel\u00fck szemben. <\/strong><\/p>\n\n\n\n<p><strong>M\u00e9g egyszer szeretn\u00e9m megk\u00f6sz\u00f6nni\na tal\u00e1lkoz\u00f3k\u00e9rt \u00e9s a sz\u00e1mos javaslat\u00e9rt. Csak az egyikre utalok, a k\u00f6vetkez\u0151 javaslatra\nCsak az egyikre fogok utalni, az \u00e1lland\u00f3, ciklikus \u00fcl\u00e9sek l\u00e9trehoz\u00e1s\u00e1ra ir\u00e1nyul\u00f3 javaslatra. Szerintem ez egy j\u00f3 javaslat.\nAz egy\u00fcttm\u0171k\u00f6d\u00e9s olyan szakasz\u00e1ban vagyunk, ahol munk\u00e1nk jobb rendszerez\u00e9se a parlamenti szinteken\na parlamenti k\u00fcld\u00f6tts\u00e9gek \u00e9s a bizotts\u00e1gok szintj\u00e9n is megk\u00f6nny\u00edtheti sz\u00e1munkra, hogy\na probl\u00e9m\u00e1k elm\u00e9ly\u00edt\u00e9se \u00e9s a jobb k\u00f6vetkeztet\u00e9sek levon\u00e1sa. \u00dagy gondolom, hogy az is egy j\u00f3 javaslat, hogy legal\u00e1bb n\u00e9h\u00e1ny\naz a javaslat, hogy legal\u00e1bb bizonyos \u00fcl\u00e9seken a parlamentjeinket az ellenz\u00e9k k\u00e9pviselje.\nlegal\u00e1bbis bizonyos tal\u00e1lkoz\u00f3kon. \u00dagy gondolom, hogy olyan szinten vagyunk, hogy\na demokr\u00e1cia meger\u0151s\u00f6d\u00e9s\u00e9t orsz\u00e1gainkban, hogy elgondolkodhassunk ezen a k\u00e9rd\u00e9sen.\n\u00dagy gondolom, hogy orsz\u00e1gainkban a demokr\u00e1cia meger\u0151s\u00f6d\u00e9s\u00e9nek olyan szakasz\u00e1ban vagyunk, hogy elgondolkodhatunk ezen a k\u00e9rd\u00e9sen. <\/strong><\/p>\n\n\n\n<p><em>Fot\u00f3: \u0141ukasz B\u0142asikiewicz<\/em><\/p>\n\n\n\n<figure class=\"wp-block-image\"><img fetchpriority=\"high\" decoding=\"async\" width=\"800\" height=\"533\" src=\"https:\/\/marekkuchcinski.pl\/wp-content\/uploads\/2019\/06\/LB1_5687.view_.jpg\" alt=\"\" class=\"wp-image-16553\" srcset=\"https:\/\/marekkuchcinski.pl\/wp-content\/uploads\/2019\/06\/LB1_5687.view_.jpg 800w, https:\/\/marekkuchcinski.pl\/wp-content\/uploads\/2019\/06\/LB1_5687.view_-300x200.jpg 300w, https:\/\/marekkuchcinski.pl\/wp-content\/uploads\/2019\/06\/LB1_5687.view_-768x512.jpg 768w\" sizes=\"(max-width: 800px) 100vw, 800px\" \/><\/figure>\n\n\n\n<figure class=\"wp-block-image\"><img decoding=\"async\" width=\"800\" height=\"533\" src=\"https:\/\/marekkuchcinski.pl\/wp-content\/uploads\/2019\/06\/LB1_5508.view_.jpg\" alt=\"\" class=\"wp-image-16554\" srcset=\"https:\/\/marekkuchcinski.pl\/wp-content\/uploads\/2019\/06\/LB1_5508.view_.jpg 800w, https:\/\/marekkuchcinski.pl\/wp-content\/uploads\/2019\/06\/LB1_5508.view_-300x200.jpg 300w, https:\/\/marekkuchcinski.pl\/wp-content\/uploads\/2019\/06\/LB1_5508.view_-768x512.jpg 768w\" sizes=\"(max-width: 800px) 100vw, 800px\" \/><\/figure>\n\n\n\n<figure class=\"wp-block-image\"><img decoding=\"async\" width=\"1024\" height=\"683\" src=\"https:\/\/marekkuchcinski.pl\/wp-content\/uploads\/2019\/06\/LB1_5766-1024x683.jpeg\" alt=\"\" class=\"wp-image-16555\" srcset=\"https:\/\/marekkuchcinski.pl\/wp-content\/uploads\/2019\/06\/LB1_5766-1024x683.jpeg 1024w, https:\/\/marekkuchcinski.pl\/wp-content\/uploads\/2019\/06\/LB1_5766-300x200.jpeg 300w, https:\/\/marekkuchcinski.pl\/wp-content\/uploads\/2019\/06\/LB1_5766-768x512.jpeg 768w, https:\/\/marekkuchcinski.pl\/wp-content\/uploads\/2019\/06\/LB1_5766.jpeg 2048w\" sizes=\"(max-width: 1024px) 100vw, 1024px\" \/><\/figure>","protected":false},"excerpt":{"rendered":"<p>Opowiadam si\u0119, za tym, \u017ceby\u015bmy szukali przysz\u0142o\u015bci i budowali przysz\u0142o\u015b\u0107 UE w oparciu o Europ\u0119 ojczyzn, solidarnych i suwerennych pa\u0144stw. Dla nas pa\u0144stw, kt\u00f3re dopiero od 30 lat odbudowuj\u0105 swoj\u0105 \u015bwiadomo\u015b\u0107 patriotyczn\u0105, ma to ogromne znaczenie \u2013 powiedzia\u0142 marsza\u0142ek Sejmu Marek Kuchci\u0144ski podczas spotkania (27.06) szef\u00f3w parlament\u00f3w kraj\u00f3w Grupy Wyszehradzkiej w Popradzie na S\u0142owacji. Politycy [&hellip;]<\/p>","protected":false},"author":6,"featured_media":16555,"comment_status":"open","ping_status":"open","sticky":false,"template":"","format":"standard","meta":{"ngg_post_thumbnail":0,"footnotes":""},"categories":[50,3],"tags":[],"class_list":["post-16552","post","type-post","status-publish","format-standard","has-post-thumbnail","hentry","category-wspolpraca-miedzynarodowa","category-wydarzenia"],"yoast_head":"<!-- This site is optimized with the Yoast SEO plugin v24.7 - https:\/\/yoast.com\/wordpress\/plugins\/seo\/ -->\n<title>Poprad: spotkanie Przewodnicz\u0105cych Parlament\u00f3w Grupy Wyszehradzkiej &#8211; Marek Kuchci\u0144ski<\/title>\n<meta name=\"robots\" content=\"index, follow, max-snippet:-1, max-image-preview:large, max-video-preview:-1\" \/>\n<link rel=\"canonical\" href=\"https:\/\/marekkuchcinski.pl\/hu\/wydarzenia\/poprad-spotkanie-przewodniczacych-parlamentow-grupy-wyszehradzkiej\/\" \/>\n<meta property=\"og:locale\" content=\"hu_HU\" \/>\n<meta property=\"og:type\" content=\"article\" \/>\n<meta property=\"og:title\" content=\"Poprad: spotkanie Przewodnicz\u0105cych Parlament\u00f3w Grupy Wyszehradzkiej &#8211; Marek Kuchci\u0144ski\" \/>\n<meta property=\"og:description\" content=\"Opowiadam si\u0119, za tym, \u017ceby\u015bmy szukali przysz\u0142o\u015bci i budowali przysz\u0142o\u015b\u0107 UE w oparciu o Europ\u0119 ojczyzn, solidarnych i suwerennych pa\u0144stw. Dla nas pa\u0144stw, kt\u00f3re dopiero od 30 lat odbudowuj\u0105 swoj\u0105 \u015bwiadomo\u015b\u0107 patriotyczn\u0105, ma to ogromne znaczenie \u2013 powiedzia\u0142 marsza\u0142ek Sejmu Marek Kuchci\u0144ski podczas spotkania (27.06) szef\u00f3w parlament\u00f3w kraj\u00f3w Grupy Wyszehradzkiej w Popradzie na S\u0142owacji. Politycy [&hellip;]\" \/>\n<meta property=\"og:url\" content=\"https:\/\/marekkuchcinski.pl\/hu\/wydarzenia\/poprad-spotkanie-przewodniczacych-parlamentow-grupy-wyszehradzkiej\/\" \/>\n<meta property=\"og:site_name\" content=\"Marek Kuchci\u0144ski\" \/>\n<meta property=\"article:published_time\" content=\"2019-06-28T17:18:58+00:00\" \/>\n<meta property=\"article:modified_time\" content=\"2019-07-02T18:43:26+00:00\" \/>\n<meta property=\"og:image\" content=\"https:\/\/marekkuchcinski.pl\/wp-content\/uploads\/2019\/06\/LB1_5766.jpeg\" \/>\n\t<meta property=\"og:image:width\" content=\"2048\" \/>\n\t<meta property=\"og:image:height\" content=\"1365\" \/>\n\t<meta property=\"og:image:type\" content=\"image\/jpeg\" \/>\n<meta name=\"author\" content=\"admin\" \/>\n<meta name=\"twitter:card\" content=\"summary_large_image\" \/>\n<meta name=\"twitter:label1\" content=\"Szerz\u0151:\" \/>\n\t<meta name=\"twitter:data1\" content=\"admin\" \/>\n\t<meta name=\"twitter:label2\" content=\"Becs\u00fclt olvas\u00e1si id\u0151\" \/>\n\t<meta name=\"twitter:data2\" content=\"9 perc\" \/>\n<script type=\"application\/ld+json\" class=\"yoast-schema-graph\">{\"@context\":\"https:\/\/schema.org\",\"@graph\":[{\"@type\":\"Article\",\"@id\":\"https:\/\/marekkuchcinski.pl\/ro\/wydarzenia\/poprad-spotkanie-przewodniczacych-parlamentow-grupy-wyszehradzkiej\/#article\",\"isPartOf\":{\"@id\":\"https:\/\/marekkuchcinski.pl\/ro\/wydarzenia\/poprad-spotkanie-przewodniczacych-parlamentow-grupy-wyszehradzkiej\/\"},\"author\":{\"name\":\"admin\",\"@id\":\"https:\/\/marekkuchcinski.pl\/#\/schema\/person\/6f62700996b4d950b6ea2d1183b6c6be\"},\"headline\":\"Poprad: spotkanie Przewodnicz\u0105cych Parlament\u00f3w Grupy Wyszehradzkiej\",\"datePublished\":\"2019-06-28T17:18:58+00:00\",\"dateModified\":\"2019-07-02T18:43:26+00:00\",\"mainEntityOfPage\":{\"@id\":\"https:\/\/marekkuchcinski.pl\/ro\/wydarzenia\/poprad-spotkanie-przewodniczacych-parlamentow-grupy-wyszehradzkiej\/\"},\"wordCount\":1906,\"commentCount\":0,\"publisher\":{\"@id\":\"https:\/\/marekkuchcinski.pl\/#organization\"},\"image\":{\"@id\":\"https:\/\/marekkuchcinski.pl\/ro\/wydarzenia\/poprad-spotkanie-przewodniczacych-parlamentow-grupy-wyszehradzkiej\/#primaryimage\"},\"thumbnailUrl\":\"https:\/\/marekkuchcinski.pl\/wp-content\/uploads\/2019\/06\/LB1_5766.jpeg\",\"articleSection\":[\"Wsp\u00f3\u0142praca mi\u0119dzynarodowa\",\"Wydarzenia\"],\"inLanguage\":\"hu\",\"potentialAction\":[{\"@type\":\"CommentAction\",\"name\":\"Comment\",\"target\":[\"https:\/\/marekkuchcinski.pl\/ro\/wydarzenia\/poprad-spotkanie-przewodniczacych-parlamentow-grupy-wyszehradzkiej\/#respond\"]}]},{\"@type\":\"WebPage\",\"@id\":\"https:\/\/marekkuchcinski.pl\/ro\/wydarzenia\/poprad-spotkanie-przewodniczacych-parlamentow-grupy-wyszehradzkiej\/\",\"url\":\"https:\/\/marekkuchcinski.pl\/ro\/wydarzenia\/poprad-spotkanie-przewodniczacych-parlamentow-grupy-wyszehradzkiej\/\",\"name\":\"Poprad: spotkanie Przewodnicz\u0105cych Parlament\u00f3w Grupy Wyszehradzkiej &#8211; Marek Kuchci\u0144ski\",\"isPartOf\":{\"@id\":\"https:\/\/marekkuchcinski.pl\/#website\"},\"primaryImageOfPage\":{\"@id\":\"https:\/\/marekkuchcinski.pl\/ro\/wydarzenia\/poprad-spotkanie-przewodniczacych-parlamentow-grupy-wyszehradzkiej\/#primaryimage\"},\"image\":{\"@id\":\"https:\/\/marekkuchcinski.pl\/ro\/wydarzenia\/poprad-spotkanie-przewodniczacych-parlamentow-grupy-wyszehradzkiej\/#primaryimage\"},\"thumbnailUrl\":\"https:\/\/marekkuchcinski.pl\/wp-content\/uploads\/2019\/06\/LB1_5766.jpeg\",\"datePublished\":\"2019-06-28T17:18:58+00:00\",\"dateModified\":\"2019-07-02T18:43:26+00:00\",\"breadcrumb\":{\"@id\":\"https:\/\/marekkuchcinski.pl\/ro\/wydarzenia\/poprad-spotkanie-przewodniczacych-parlamentow-grupy-wyszehradzkiej\/#breadcrumb\"},\"inLanguage\":\"hu\",\"potentialAction\":[{\"@type\":\"ReadAction\",\"target\":[\"https:\/\/marekkuchcinski.pl\/ro\/wydarzenia\/poprad-spotkanie-przewodniczacych-parlamentow-grupy-wyszehradzkiej\/\"]}]},{\"@type\":\"ImageObject\",\"inLanguage\":\"hu\",\"@id\":\"https:\/\/marekkuchcinski.pl\/ro\/wydarzenia\/poprad-spotkanie-przewodniczacych-parlamentow-grupy-wyszehradzkiej\/#primaryimage\",\"url\":\"https:\/\/marekkuchcinski.pl\/wp-content\/uploads\/2019\/06\/LB1_5766.jpeg\",\"contentUrl\":\"https:\/\/marekkuchcinski.pl\/wp-content\/uploads\/2019\/06\/LB1_5766.jpeg\",\"width\":2048,\"height\":1365},{\"@type\":\"BreadcrumbList\",\"@id\":\"https:\/\/marekkuchcinski.pl\/ro\/wydarzenia\/poprad-spotkanie-przewodniczacych-parlamentow-grupy-wyszehradzkiej\/#breadcrumb\",\"itemListElement\":[{\"@type\":\"ListItem\",\"position\":1,\"name\":\"Strona g\u0142\u00f3wna\",\"item\":\"https:\/\/marekkuchcinski.pl\/\"},{\"@type\":\"ListItem\",\"position\":2,\"name\":\"Poprad: spotkanie Przewodnicz\u0105cych Parlament\u00f3w Grupy Wyszehradzkiej\"}]},{\"@type\":\"WebSite\",\"@id\":\"https:\/\/marekkuchcinski.pl\/#website\",\"url\":\"https:\/\/marekkuchcinski.pl\/\",\"name\":\"Marek Kuchci\u0144ski\",\"description\":\"Pose\u0142 na sejm RP &ndash; okr\u0119g nr 22\",\"publisher\":{\"@id\":\"https:\/\/marekkuchcinski.pl\/#organization\"},\"potentialAction\":[{\"@type\":\"SearchAction\",\"target\":{\"@type\":\"EntryPoint\",\"urlTemplate\":\"https:\/\/marekkuchcinski.pl\/?s={search_term_string}\"},\"query-input\":{\"@type\":\"PropertyValueSpecification\",\"valueRequired\":true,\"valueName\":\"search_term_string\"}}],\"inLanguage\":\"hu\"},{\"@type\":\"Organization\",\"@id\":\"https:\/\/marekkuchcinski.pl\/#organization\",\"name\":\"Marek Kuchci\u0144ski\",\"url\":\"https:\/\/marekkuchcinski.pl\/\",\"logo\":{\"@type\":\"ImageObject\",\"inLanguage\":\"hu\",\"@id\":\"https:\/\/marekkuchcinski.pl\/#\/schema\/logo\/image\/\",\"url\":\"https:\/\/marekkuchcinski.pl\/wp-content\/uploads\/2022\/09\/Marek.jpg\",\"contentUrl\":\"https:\/\/marekkuchcinski.pl\/wp-content\/uploads\/2022\/09\/Marek.jpg\",\"width\":1600,\"height\":971,\"caption\":\"Marek Kuchci\u0144ski\"},\"image\":{\"@id\":\"https:\/\/marekkuchcinski.pl\/#\/schema\/logo\/image\/\"}},{\"@type\":\"Person\",\"@id\":\"https:\/\/marekkuchcinski.pl\/#\/schema\/person\/6f62700996b4d950b6ea2d1183b6c6be\",\"name\":\"admin\",\"image\":{\"@type\":\"ImageObject\",\"inLanguage\":\"hu\",\"@id\":\"https:\/\/marekkuchcinski.pl\/#\/schema\/person\/image\/\",\"url\":\"https:\/\/secure.gravatar.com\/avatar\/4bab693b9d55c3d6b52c0296a8765085?s=96&d=mm&r=g\",\"contentUrl\":\"https:\/\/secure.gravatar.com\/avatar\/4bab693b9d55c3d6b52c0296a8765085?s=96&d=mm&r=g\",\"caption\":\"admin\"},\"url\":\"https:\/\/marekkuchcinski.pl\/hu\/author\/marta-olejnik\/\"}]}<\/script>\n<!-- \/ Yoast SEO plugin. -->","yoast_head_json":{"title":"Poprad: spotkanie Przewodnicz\u0105cych Parlament\u00f3w Grupy Wyszehradzkiej &#8211; Marek Kuchci\u0144ski","robots":{"index":"index","follow":"follow","max-snippet":"max-snippet:-1","max-image-preview":"max-image-preview:large","max-video-preview":"max-video-preview:-1"},"canonical":"https:\/\/marekkuchcinski.pl\/hu\/wydarzenia\/poprad-spotkanie-przewodniczacych-parlamentow-grupy-wyszehradzkiej\/","og_locale":"hu_HU","og_type":"article","og_title":"Poprad: spotkanie Przewodnicz\u0105cych Parlament\u00f3w Grupy Wyszehradzkiej &#8211; Marek Kuchci\u0144ski","og_description":"Opowiadam si\u0119, za tym, \u017ceby\u015bmy szukali przysz\u0142o\u015bci i budowali przysz\u0142o\u015b\u0107 UE w oparciu o Europ\u0119 ojczyzn, solidarnych i suwerennych pa\u0144stw. Dla nas pa\u0144stw, kt\u00f3re dopiero od 30 lat odbudowuj\u0105 swoj\u0105 \u015bwiadomo\u015b\u0107 patriotyczn\u0105, ma to ogromne znaczenie \u2013 powiedzia\u0142 marsza\u0142ek Sejmu Marek Kuchci\u0144ski podczas spotkania (27.06) szef\u00f3w parlament\u00f3w kraj\u00f3w Grupy Wyszehradzkiej w Popradzie na S\u0142owacji. Politycy [&hellip;]","og_url":"https:\/\/marekkuchcinski.pl\/hu\/wydarzenia\/poprad-spotkanie-przewodniczacych-parlamentow-grupy-wyszehradzkiej\/","og_site_name":"Marek Kuchci\u0144ski","article_published_time":"2019-06-28T17:18:58+00:00","article_modified_time":"2019-07-02T18:43:26+00:00","og_image":[{"width":2048,"height":1365,"url":"https:\/\/marekkuchcinski.pl\/wp-content\/uploads\/2019\/06\/LB1_5766.jpeg","type":"image\/jpeg"}],"author":"admin","twitter_card":"summary_large_image","twitter_misc":{"Szerz\u0151:":"admin","Becs\u00fclt olvas\u00e1si id\u0151":"9 perc"},"schema":{"@context":"https:\/\/schema.org","@graph":[{"@type":"Article","@id":"https:\/\/marekkuchcinski.pl\/ro\/wydarzenia\/poprad-spotkanie-przewodniczacych-parlamentow-grupy-wyszehradzkiej\/#article","isPartOf":{"@id":"https:\/\/marekkuchcinski.pl\/ro\/wydarzenia\/poprad-spotkanie-przewodniczacych-parlamentow-grupy-wyszehradzkiej\/"},"author":{"name":"admin","@id":"https:\/\/marekkuchcinski.pl\/#\/schema\/person\/6f62700996b4d950b6ea2d1183b6c6be"},"headline":"Poprad: spotkanie Przewodnicz\u0105cych Parlament\u00f3w Grupy Wyszehradzkiej","datePublished":"2019-06-28T17:18:58+00:00","dateModified":"2019-07-02T18:43:26+00:00","mainEntityOfPage":{"@id":"https:\/\/marekkuchcinski.pl\/ro\/wydarzenia\/poprad-spotkanie-przewodniczacych-parlamentow-grupy-wyszehradzkiej\/"},"wordCount":1906,"commentCount":0,"publisher":{"@id":"https:\/\/marekkuchcinski.pl\/#organization"},"image":{"@id":"https:\/\/marekkuchcinski.pl\/ro\/wydarzenia\/poprad-spotkanie-przewodniczacych-parlamentow-grupy-wyszehradzkiej\/#primaryimage"},"thumbnailUrl":"https:\/\/marekkuchcinski.pl\/wp-content\/uploads\/2019\/06\/LB1_5766.jpeg","articleSection":["Wsp\u00f3\u0142praca mi\u0119dzynarodowa","Wydarzenia"],"inLanguage":"hu","potentialAction":[{"@type":"CommentAction","name":"Comment","target":["https:\/\/marekkuchcinski.pl\/ro\/wydarzenia\/poprad-spotkanie-przewodniczacych-parlamentow-grupy-wyszehradzkiej\/#respond"]}]},{"@type":"WebPage","@id":"https:\/\/marekkuchcinski.pl\/ro\/wydarzenia\/poprad-spotkanie-przewodniczacych-parlamentow-grupy-wyszehradzkiej\/","url":"https:\/\/marekkuchcinski.pl\/ro\/wydarzenia\/poprad-spotkanie-przewodniczacych-parlamentow-grupy-wyszehradzkiej\/","name":"Poprad: spotkanie Przewodnicz\u0105cych Parlament\u00f3w Grupy Wyszehradzkiej &#8211; Marek Kuchci\u0144ski","isPartOf":{"@id":"https:\/\/marekkuchcinski.pl\/#website"},"primaryImageOfPage":{"@id":"https:\/\/marekkuchcinski.pl\/ro\/wydarzenia\/poprad-spotkanie-przewodniczacych-parlamentow-grupy-wyszehradzkiej\/#primaryimage"},"image":{"@id":"https:\/\/marekkuchcinski.pl\/ro\/wydarzenia\/poprad-spotkanie-przewodniczacych-parlamentow-grupy-wyszehradzkiej\/#primaryimage"},"thumbnailUrl":"https:\/\/marekkuchcinski.pl\/wp-content\/uploads\/2019\/06\/LB1_5766.jpeg","datePublished":"2019-06-28T17:18:58+00:00","dateModified":"2019-07-02T18:43:26+00:00","breadcrumb":{"@id":"https:\/\/marekkuchcinski.pl\/ro\/wydarzenia\/poprad-spotkanie-przewodniczacych-parlamentow-grupy-wyszehradzkiej\/#breadcrumb"},"inLanguage":"hu","potentialAction":[{"@type":"ReadAction","target":["https:\/\/marekkuchcinski.pl\/ro\/wydarzenia\/poprad-spotkanie-przewodniczacych-parlamentow-grupy-wyszehradzkiej\/"]}]},{"@type":"ImageObject","inLanguage":"hu","@id":"https:\/\/marekkuchcinski.pl\/ro\/wydarzenia\/poprad-spotkanie-przewodniczacych-parlamentow-grupy-wyszehradzkiej\/#primaryimage","url":"https:\/\/marekkuchcinski.pl\/wp-content\/uploads\/2019\/06\/LB1_5766.jpeg","contentUrl":"https:\/\/marekkuchcinski.pl\/wp-content\/uploads\/2019\/06\/LB1_5766.jpeg","width":2048,"height":1365},{"@type":"BreadcrumbList","@id":"https:\/\/marekkuchcinski.pl\/ro\/wydarzenia\/poprad-spotkanie-przewodniczacych-parlamentow-grupy-wyszehradzkiej\/#breadcrumb","itemListElement":[{"@type":"ListItem","position":1,"name":"Strona g\u0142\u00f3wna","item":"https:\/\/marekkuchcinski.pl\/"},{"@type":"ListItem","position":2,"name":"Poprad: spotkanie Przewodnicz\u0105cych Parlament\u00f3w Grupy Wyszehradzkiej"}]},{"@type":"WebSite","@id":"https:\/\/marekkuchcinski.pl\/#website","url":"https:\/\/marekkuchcinski.pl\/","name":"Marek Kuchci\u0144ski","description":"Pose\u0142 na sejm RP &ndash; okr\u0119g nr 22","publisher":{"@id":"https:\/\/marekkuchcinski.pl\/#organization"},"potentialAction":[{"@type":"SearchAction","target":{"@type":"EntryPoint","urlTemplate":"https:\/\/marekkuchcinski.pl\/?s={search_term_string}"},"query-input":{"@type":"PropertyValueSpecification","valueRequired":true,"valueName":"search_term_string"}}],"inLanguage":"hu"},{"@type":"Organization","@id":"https:\/\/marekkuchcinski.pl\/#organization","name":"Marek Kuchci\u0144ski","url":"https:\/\/marekkuchcinski.pl\/","logo":{"@type":"ImageObject","inLanguage":"hu","@id":"https:\/\/marekkuchcinski.pl\/#\/schema\/logo\/image\/","url":"https:\/\/marekkuchcinski.pl\/wp-content\/uploads\/2022\/09\/Marek.jpg","contentUrl":"https:\/\/marekkuchcinski.pl\/wp-content\/uploads\/2022\/09\/Marek.jpg","width":1600,"height":971,"caption":"Marek Kuchci\u0144ski"},"image":{"@id":"https:\/\/marekkuchcinski.pl\/#\/schema\/logo\/image\/"}},{"@type":"Person","@id":"https:\/\/marekkuchcinski.pl\/#\/schema\/person\/6f62700996b4d950b6ea2d1183b6c6be","name":"admin","image":{"@type":"ImageObject","inLanguage":"hu","@id":"https:\/\/marekkuchcinski.pl\/#\/schema\/person\/image\/","url":"https:\/\/secure.gravatar.com\/avatar\/4bab693b9d55c3d6b52c0296a8765085?s=96&d=mm&r=g","contentUrl":"https:\/\/secure.gravatar.com\/avatar\/4bab693b9d55c3d6b52c0296a8765085?s=96&d=mm&r=g","caption":"admin"},"url":"https:\/\/marekkuchcinski.pl\/hu\/author\/marta-olejnik\/"}]}},"_links":{"self":[{"href":"https:\/\/marekkuchcinski.pl\/hu\/wp-json\/wp\/v2\/posts\/16552","targetHints":{"allow":["GET"]}}],"collection":[{"href":"https:\/\/marekkuchcinski.pl\/hu\/wp-json\/wp\/v2\/posts"}],"about":[{"href":"https:\/\/marekkuchcinski.pl\/hu\/wp-json\/wp\/v2\/types\/post"}],"author":[{"embeddable":true,"href":"https:\/\/marekkuchcinski.pl\/hu\/wp-json\/wp\/v2\/users\/6"}],"replies":[{"embeddable":true,"href":"https:\/\/marekkuchcinski.pl\/hu\/wp-json\/wp\/v2\/comments?post=16552"}],"version-history":[{"count":10,"href":"https:\/\/marekkuchcinski.pl\/hu\/wp-json\/wp\/v2\/posts\/16552\/revisions"}],"predecessor-version":[{"id":16743,"href":"https:\/\/marekkuchcinski.pl\/hu\/wp-json\/wp\/v2\/posts\/16552\/revisions\/16743"}],"wp:featuredmedia":[{"embeddable":true,"href":"https:\/\/marekkuchcinski.pl\/hu\/wp-json\/wp\/v2\/media\/16555"}],"wp:attachment":[{"href":"https:\/\/marekkuchcinski.pl\/hu\/wp-json\/wp\/v2\/media?parent=16552"}],"wp:term":[{"taxonomy":"category","embeddable":true,"href":"https:\/\/marekkuchcinski.pl\/hu\/wp-json\/wp\/v2\/categories?post=16552"},{"taxonomy":"post_tag","embeddable":true,"href":"https:\/\/marekkuchcinski.pl\/hu\/wp-json\/wp\/v2\/tags?post=16552"}],"curies":[{"name":"wp","href":"https:\/\/api.w.org\/{rel}","templated":true}]}}