{"id":15982,"date":"2019-06-04T07:54:51","date_gmt":"2019-06-04T05:54:51","guid":{"rendered":"https:\/\/marekkuchcinski.pl\/?p=15982"},"modified":"2019-06-04T08:02:43","modified_gmt":"2019-06-04T06:02:43","slug":"15982","status":"publish","type":"post","link":"https:\/\/marekkuchcinski.pl\/hu\/wydarzenia\/15982\/","title":{"rendered":"\"Hogyan h\u00fazd ki az ellenfeled\" - V\u00e1laszt\u00e1s '89"},"content":{"rendered":"<p>Az \u00e9v\n1989-et mindenekel\u0151tt a j\u00faniusi v\u00e1laszt\u00e1sok jellemezt\u00e9k. B\u00e1r nem teljesen ingyenes, \u00e9s b\u00e1r\nb\u00e1r sok kompromisszummal j\u00e1r, m\u00e9gis nagy rem\u00e9nyt \u00e9s energi\u00e1t hoz.\nAz antikommunista Przemy\u015blben nem volt probl\u00e9ma az al\u00e1\u00edr\u00e1sgy\u0171jt\u00e9ssel.\nAz els\u0151 egy lev\u00e9l volt a Szolidarit\u00e1s mozgalomhoz. A kerekasztal-meg\u00e1llapod\u00e1ssal kapcsolatos k\u00e9telyek ellen\u00e9re\nA kerekasztal-meg\u00e1llapod\u00e1sokkal kapcsolatos k\u00e9telyek ellen\u00e9re az emberek hittek abban, hogy \u00faj, j\u00f3 id\u0151k j\u00f6nnek. A kor\u00e1bbi vonakod\u00e1s a\nA kor\u00e1bbi ellenszenv a szavaz\u00e1s a manipul\u00e1lt v\u00e1laszt\u00e1sokon a N\u00e9pi\nlelkesed\u00e9s, hogy v\u00e9gre \u00faj emberek \u00fclnek majd a parlamentben. A Szolidarit\u00e1s jel\u00f6ltjei\nA Szolidarit\u00e1s jel\u00f6ltjeinek volt egy programjuk, amelyr\u0151l otthon, a munkahelyen, az utc\u00e1n besz\u00e9ltek.\nA szabads\u00e1g szell\u0151j\u00e9t hordoz\u00f3 list\u00e1n olyan emberek voltak, akik rem\u00e9nyt adtak arra, hogy\nA szabads\u00e1g lehelet\u00e9t hordoz\u00f3 list\u00e1n olyan emberek szerepeltek, akik rem\u00e9nyt adtak arra, hogy az eddig a Szovjetuni\u00f3nak al\u00e1rendelt lengyel \u00e1llam visszanyeri r\u00e9g\u00f3ta v\u00e1rt szabads\u00e1g\u00e1t.<\/p>\n\n\n\n<p>Marek\nKaminski, az NSZZ \"Solidarno\u015b\u0107\" Region\u00e1lis V\u00e9grehajt\u00f3 Bizotts\u00e1g\u00e1nak eln\u00f6ke a\nPrzemysl, az Orsz\u00e1gos V\u00e9grehajt\u00f3 Bizotts\u00e1g k\u00f6telezte, hogy az orsz\u00e1ggal egy\u00fctt l\u00e9trehozza a\naz Egy\u00e9ni Gazd\u00e1lkod\u00f3k Szolidarit\u00e1s\u00e1nak helyi szervezete a Polg\u00e1ri Bizotts\u00e1g fel\u00e1ll\u00edt\u00e1sa \u00e9rdek\u00e9ben\nA Przemy\u015bli vajdas\u00e1g szolidarit\u00e1sa. A mez\u0151gazdas\u00e1gi Szolidarit\u00e1s vezet\u0151j\u00e9vel, Jan\nKarusi 15 embert h\u00edvott meg, k\u00f6zt\u00fck Marek Kuchci\u0144skit.<\/p>\n\n\n\n<p>De\nemberek, a program nem minden. A r\u00e9gi hatalom kitartott. Ez volt teljes\naz \u00e1llami m\u00e9dia, a teljes propaganda-appar\u00e1tus ellen\u0151rz\u00e9se. Hogy el\u00e9rj\u00fck az embereket,\na f\u00fcggetlens\u00e9get t\u00e1mogat\u00f3 \u00fczenetet k\u00f6zvetlen\u00fcl az utc\u00e1ra kellett vinni.<\/p>\n\n\n\n<div class=\"wp-block-image\"><figure class=\"alignleft\"><img fetchpriority=\"high\" decoding=\"async\" width=\"242\" height=\"334\" src=\"https:\/\/marekkuchcinski.pl\/wp-content\/uploads\/2019\/06\/mik.jpg\" alt=\"\" class=\"wp-image-15984\" srcset=\"https:\/\/marekkuchcinski.pl\/wp-content\/uploads\/2019\/06\/mik.jpg 242w, https:\/\/marekkuchcinski.pl\/wp-content\/uploads\/2019\/06\/mik-217x300.jpg 217w\" sizes=\"(max-width: 242px) 100vw, 242px\" \/><\/figure><\/div>\n\n\n\n<p>- 1989 j\u00fanius\u00e1ban Przemy\u015bl volt val\u00f3sz\u00edn\u0171leg a legink\u00e1bb\nPrzemy\u015bl v\u00e1rosa volt tal\u00e1n a legink\u00e1bb ben\u0151tte a Szolidarit\u00e1s ellenz\u00e9ki v\u00e1laszt\u00e1si transzparenseivel \u00e9s plak\u00e1tjaival.\nv\u00e1ros eg\u00e9sz Lengyelorsz\u00e1gban\" - eml\u00e9kszik vissza Marek Kuchci\u0144ski. - A kamp\u00e1ny els\u0151 napjait\u00f3l kezdve\nA hadj\u00e1rat els\u0151 napjait\u00f3l kezdve plak\u00e1th\u00e1bor\u00fa folyt a v\u00e1rosokban \u00e9s a falvakban - a hely\u00fck\u00f6n\nmegsemmis\u00fclt, \u00e1ltal\u00e1ban \u00e9jszaka, \u00faj plak\u00e1tok \u00e9s transzparensek jelentek meg, \u00e9s megt\u00f6rt\u00e9nt, hogy\nVoltak id\u0151szakok, amikor a przemysli irod\u00e1t fiatal forgalmaz\u00f3k csoportjai ostromolt\u00e1k, gyakran\nFiatal terjeszt\u0151k csoportjai is voltak, gyakran gyerekek, akik plak\u00e1tokat \u00e9s sz\u00f3r\u00f3lapokat pakoltak h\u00e1tizs\u00e1kokba. Az egyik sz\u00f3r\u00f3lap, az \u00fan,\n\"hogyan h\u00fazd ki az ellenfeled\" c\u00edm\u0171 k\u00f6nyv\u00e9t a f\u00f6ldalatti nyomd\u00e1ban sokszoros\u00edtott\u00e1k a\n300 000 p\u00e9ld\u00e1nyban. Egy ilyen l\u00e9gk\u00f6rben az ellenf\u00e9l, akinek koal\u00edci\u00f3ja\nirod\u00e1t \u00e1ll\u00edt\u00f3lag egy przemy\u015bli cenzor vezette, nem csak es\u00e9lye sem volt arra, hogy\nnemcsak hogy nem volt es\u00e9lye a gy\u0151zelemre, de kompromisszumot is k\u00f6t\u00f6tt azzal, hogy fesztiv\u00e1lokkal pr\u00f3b\u00e1lta meggy\u0151zni a szavaz\u00f3kat.\na \"t\u00e1mogat\u00e1s al\u00e1\u00edr\u00e1s\u00e1ra\" kiosztott s\u00f6rrel \u00e9s kolb\u00e1sszal, valamint a kital\u00e1lt \u00e9s\nolyan jelszavakkal, mint: \"a koal\u00edci\u00f3nak gy\u0151znie kell, hogy Lengyelorsz\u00e1g ne vesz\u00edtsen\" - eml\u00e9keztet marsall.\nLengyelorsz\u00e1g nem vesz\u00edthet\" - eml\u00e9keztet a szejm eln\u00f6ke. <\/p>\n\n\n\n<div class=\"wp-block-image\"><figure class=\"alignleft is-resized\"><img decoding=\"async\" src=\"https:\/\/marekkuchcinski.pl\/wp-content\/uploads\/2019\/06\/mul.png\" alt=\"\" class=\"wp-image-15983\" width=\"437\" height=\"583\" srcset=\"https:\/\/marekkuchcinski.pl\/wp-content\/uploads\/2019\/06\/mul.png 437w, https:\/\/marekkuchcinski.pl\/wp-content\/uploads\/2019\/06\/mul-225x300.png 225w\" sizes=\"(max-width: 437px) 100vw, 437px\" \/><\/figure><\/div>\n\n\n\n<p>Przemysl\nh\u00e1zak, \u00fczletek, Ruchu kioszkok sz\u00f3 szerint elt\u0171ntek a sietve ragasztott\nplak\u00e1tok. Igazi csata volt. A v\u00e1laszt\u00e1si k\u00f6zpontban a vizet liszttel kevert\u00e9k \u00f6ssze,\na val\u00f3di ragaszt\u00f3 helyettes\u00edt\u00e9s\u00e9re. T\u00f6bb tucat ember vonult az utc\u00e1ra\nmegpr\u00f3b\u00e1lt\u00e1k a sz\u00f3r\u00f3lapokat a legl\u00e1tv\u00e1nyosabb helyekre kif\u00fcggeszteni. Nem volt\nk\u00f6nnyen. A boltosok egy r\u00e9sze f\u00e9lt a hat\u00f3s\u00e1gokt\u00f3l, \u0151k maguk t\u00e9pt\u00e9k le a plak\u00e1tokat, h\u00edvt\u00e1k a\nmil\u00edcia. Biztons\u00e1gi j\u00e1r\u0151r\u00f6k jelentek meg a v\u00e1rosban \u00e9s elpuszt\u00edtottak\nhirdet\u00e9sek. A 4 ezer Szolidarit\u00e1s plak\u00e1tb\u00f3l \u00e9s transzparensb\u0151l kb.\n3 ezer! A szolidarit\u00e1si z\u00e1szl\u00f3kat is let\u00e9pt\u00e9k, \u00e9s olyan emberek, akik azt \u00e1ll\u00edtott\u00e1k, hogy\na v\u00e1rosh\u00e1za kereskedelmi oszt\u00e1ly\u00e1nak alkalmazottainak adt\u00e1k ki magukat, \u00e9s arra k\u00e9nyszer\u00edtett\u00e9k az \u00fczletvezet\u0151ket \u00e9s az elad\u00f3kat, hogy\naz \u00fczletvezet\u0151k \u00e9s az elad\u00f3k, hogy t\u00e1vol\u00edts\u00e1k el a kirakatokb\u00f3l a szabads\u00e1gp\u00e1rti plak\u00e1tokat. Megsemmis\u00fcltek\nJaros\u00b3awban, Przeworskban \u00e9s Lubacz\u00f3wban is megsemmis\u00edtett\u00e9k a Szolidarit\u00e1s v\u00e1laszt\u00e1si hirdetm\u00e9nyeit.<\/p>\n\n\n\n<p>W\nA v\u00e1laszt\u00e1si kamp\u00e1nyban a Polg\u00e1ri Bizotts\u00e1g a helysz\u00edni oktat\u00e1sra \u00f6sszpontos\u00edtott \u00e9s\nnyitotts\u00e1g a polg\u00e1rok fel\u00e9. Az \u00e9rtelmis\u00e9g, a kult\u00fara emberei \u00e9s az egyh\u00e1z is r\u00e9szt vett benne.\nA szolidarit\u00e1st \u00fagy mutatt\u00e1k be, mint egy szorosan \u00f6sszetartoz\u00f3 csapatot, k\u00f6z\u00f6s c\u00e9lokkal. A k\u00f6vetkez\u0151k elker\u00fcl\u00e9se \u00e9rdek\u00e9ben\na megosztotts\u00e1g elker\u00fcl\u00e9se \u00e9rdek\u00e9ben annyi jel\u00f6ltet \u00e1ll\u00edtottak, ah\u00e1ny hely volt. Azok sz\u00e1m\u00e1ra, akik megszokt\u00e1k, hogy a\nmegszokta, hogy a PZPR \"egyetlen helyes jel\u00f6ltj\u00e9re\" szavazzon, KO\nszavaz\u00e1si k\u00e9zik\u00f6nyveket is k\u00e9sz\u00edtett. A v\u00e1laszt\u00e1si t\u00e1j\u00e9koztat\u00f3kban\nA v\u00e1laszt\u00e1si t\u00e1j\u00e9koztat\u00f3kban volt egy felh\u00edv\u00e1s: a polg\u00e1rokhoz, hogy t\u00e1mogass\u00e1k az ellenz\u00e9ket, mert \"tartozol ezzel a\nTartozol nekik, mert a t\u00e1mogat\u00e1suk azt jelenti, hogy v\u00e9ge a gyilkoss\u00e1goknak, a politikai nemi er\u0151szaknak, a szenved\u00e9snek...\".\n.<\/p>\n\n\n\n<p>H\u00e1bor\u00fa\nA plak\u00e1th\u00e1bor\u00fa a v\u00e1laszt\u00e1sok el\u0151tti \u00e9jszak\u00e1n \u00e9rte el tet\u0151pontj\u00e1t. A\nA szolidarit\u00e1si oldal meghat\u00e1roz\u00e1sra ker\u00fclt. Eg\u00e9sz \u00e9jjel, majdnem a s\u00e1padt hajnalig, az emberek\neg\u00e9sz \u00e9jjel, szinte hajnalig, a mell\u00e9kutc\u00e1kban, az ablakok alatt, az udvarokban, az emberek titokban\nv\u00e1laszt\u00e1si bejelent\u00e9sek. Nagyv\u00e1rosok, mint p\u00e9ld\u00e1ul Vars\u00f3, erre az \u00e9jszak\u00e1ra\nerre az est\u00e9re kapt\u00e1k meg a h\u00edres plak\u00e1tokat a seriffel, akinek a hajt\u00f3k\u00e1j\u00e1n csillag helyett a Szolidarit\u00e1s jelv\u00e9nye van.\nSzolidarit\u00e1si b\u00e9lyegz\u0151 a hajt\u00f3k\u00e1j\u00e1n. Przemy\u015blbe azonban nem jutott el. Ehelyett m\u00e1s sz\u00f3r\u00f3lapok \u00e9s\nhirdet\u00e9sek, odaad\u00e1ssal l\u00f3gott, ahol csak tudtak. B\u00e1rhol\nahol ez nem volt lehets\u00e9ges, ott fel is akasztott\u00e1k \u0151ket.<\/p>\n\n\n\n<p>Korai\n1989. j\u00fanius 4-\u00e9n, vas\u00e1rnap kora reggel megny\u00edltak a szavaz\u00f3helyis\u00e9gek. A r\u00e9szv\u00e9tel\na becsl\u00e9sek szerint nem volt t\u00fal magas - t\u00f6bb mint 10 milli\u00f3 a 27 milli\u00f3 jogosultb\u00f3l.\na 27 milli\u00f3 v\u00e1laszt\u00e1sra jogosult lengyel k\u00f6z\u00fcl. Ez a fejl\u0151d\u00e9s eredm\u00e9nye volt\na t\u00e1rsadalom ap\u00e1ti\u00e1ja, amely nem hitt abban, hogy a v\u00e1laszt\u00e1sok b\u00e1rmit is megv\u00e1ltoztathatnak. Az eg\u00e9sz\nAz orsz\u00e1g hangulata nyugodt volt, nem voltak zavarg\u00e1sok. <\/p>\n\n\n\n<p>V\u00e1gd le\nelz\u00e1rva a szavaz\u00f3kt\u00f3l, heti f\u00e9l \u00f3ra m\u0171sorid\u0151vel, az ellenz\u00e9k nem eg\u00e9szen\nhitt abban, ami t\u00f6rt\u00e9nni fog: a 161 szejmben rendelkez\u00e9sre \u00e1ll\u00f3 161 helyb\u0151l\na szabad v\u00e1laszt\u00e1sokon 160-at nyert az els\u0151 fordul\u00f3ban, \u00e9s a fennmarad\u00f3 jel\u00f6lt\ntov\u00e1bbjutott a m\u00e1sodik fordul\u00f3ba. Az els\u0151 fordul\u00f3ban a szen\u00e1tus 100 k\u00e9pvisel\u0151i hely\u00e9b\u0151l\nA Szolidarit\u00e1s jel\u00f6ltjei az els\u0151 fordul\u00f3ban a szen\u00e1tus 100 k\u00e9pvisel\u0151i hely\u00e9b\u0151l 92-t szereztek meg.\nn\u00e9gy jel\u00f6lt: Jan Musia\u0142 \u00e9s Tadeusz Ulma a szen\u00e1tus r\u00e9sz\u00e9r\u0151l, Tadeusz Trelka \u00e9s\nJanusz Onyszkiewicz - a Szejm r\u00e9sz\u00e9r\u0151l. Az ilyen hatalmas t\u00e1rsadalmi t\u00e1mogat\u00e1s ellen\u00e9re\nA Szolidarit\u00e1s t\u00fal gyenge volt ahhoz, hogy egyed\u00fcl tartsa a hatalmat. Az ilyen\nA Szolidarit\u00e1s emberei nem voltak k\u00e9pesek elviselni a v\u00e1ltoz\u00e1s terh\u00e9t.<\/p>\n\n\n\n<p>Marek\nKami\u0144ski szerint ma: Nagyra \u00e9rt\u00e9kelem a v\u00e1laszt\u00e1sok v\u00e9r n\u00e9lk\u00fcli lebonyol\u00edt\u00e1s\u00e1t, de az ilyen\nhatalom, el\u0151ny \u00e9s t\u00e1rsadalmi t\u00e1mogat\u00e1s, a Szolidarit\u00e1snak felt\u00e9teleket kellett volna szabnia. Nekem van\nEzt nagyon sajn\u00e1lom. A Szolidarit\u00e1s gyenge volt, \u00e9s a kommunist\u00e1k ir\u00e1ny\u00edtott\u00e1k. Nem\nMi sem vett\u00fck \u00e9szre a Wilczek-mozgalmat '85-ben. A saj\u00e1t embereiket sorakoztatt\u00e1k fel, a kommunist\u00e1kat...\na v\u00e1llalatokba nyomultak. A tal\u00e1lkoz\u00f3k sor\u00e1n, Wa\u0142\u0119s\u00e1val is, akit akkoriban \u00fagy kezelt\u00fcnk.\nmint az egyetlen vezet\u0151, soha nem gondoltam, hogy ezek az emberek, akik mennek a\na kommunist\u00e1k sz\u00f6vets\u00e9gre l\u00e9pnek. Sz\u00e9gyellem, hogy akkor vel\u00fck \u00fcltem. Azt akartuk, hogy\nf\u00fcggetlens\u00e9g\u00e9t, a Lengyel N\u00e9pk\u00f6zt\u00e1rsas\u00e1g nem volt f\u00fcggetlen lengyel \u00e1llam. Hogy kellett volna \u00e9rezn\u00fcnk\n\u00e9rezni Jaruzelski lengyel eln\u00f6kk\u00e9 v\u00e1laszt\u00e1s\u00e1val? - mondja Kami\u0144ski. <\/p>\n\n\n\n<p>Tov\u00e1bb\u00e1\nJan Karu\u015b, a Solidarno\u015b\u0107 Rolnicza (Mez\u0151gazdas\u00e1gi Szolidarit\u00e1s) vezet\u0151je a 89 ut\u00e1ni esem\u00e9nyekr\u0151l besz\u00e9l.\nlehangol\u00f3 hangnem a politikai civakod\u00e1sr\u00f3l \u00e9s a kommunist\u00e1k jogfoszt\u00e1s\u00e1r\u00f3l\nnemzeti tulajdonban. <\/p>\n\n\n\n<p>V\u00e1lasztott\nk\u00e9pvisel\u0151k \u00e9s szen\u00e1torok is csal\u00f3d\u00e1st okoztak. A \"Views from Przemy\u015bl\" decemberi sz\u00e1m\u00e1ban\n1989-ben Marek Kuchci\u0144ski a t\u00e1rsadalom el\u00e9gedetlens\u00e9g\u00e9r\u0151l \u00e9s t\u00fcrelmetlens\u00e9g\u00e9r\u0151l \u00edrt, amelyet figyelmen k\u00edv\u00fcl hagynak.\na hat\u00f3s\u00e1gok r\u00e9sz\u00e9r\u0151l, az intelligencia hi\u00e1nya \u00e9s a tehetetlens\u00e9g.<\/p>\n\n\n\n<p>Senki\nsajn\u00e1lom ezt az er\u0151fesz\u00edt\u00e9st. Azok, akik j\u00fanius 4-\u00e9n j\u00e1rultak az urn\u00e1khoz\negyszer\u0171en meg akarta d\u00f6nteni a kommunizmust. Sikerrel j\u00e1rtak, de a v\u00e1ltoz\u00e1sok nem mentek k\u00f6nnyen.\nM\u00e9g mindig aratjuk az akkori hanyags\u00e1g k\u00f6vetkezm\u00e9nyeit.<\/p>\n\n\n\n<p>- '89 ut\u00e1n elkezdt\u00fcnk felel\u0151ss\u00e9get v\u00e1llalni az \u00e1llam\u00e9rt: az \u00f6nkorm\u00e1nyzatok, az \u00e1llami \u00e9s helyi int\u00e9zm\u00e9nyek szintj\u00e9n. Visszatekintve elmondhatjuk, hogy mindent megtett\u00fcnk, amit akkoriban meg lehetett tenni. V\u00e1ltoz\u00e1sokra sz\u00e1m\u00edtottunk az \u00e1llamhatalomban, \u00e9s csal\u00f3dtunk, de ez nem t\u00e1ntor\u00edtott el benn\u00fcnket a munk\u00e1t\u00f3l. Mai szemmel n\u00e9zve ez egy kicsit m\u00e1sk\u00e9pp n\u00e9z ki: egy kis csoport ember csod\u00e1t tett, \u00e9s \u00fagy k\u00fczd\u00f6tt a kommunizmussal, mint D\u00e1vid G\u00f3li\u00e1ttal - eml\u00e9kszik vissza Marek Kuchci\u0144ski. <\/p>\n\n\n\n<p><em>Marta Olejnik<\/em><\/p>","protected":false},"excerpt":{"rendered":"<p>Az 1989-es \u00e9v mindenekel\u0151tt a j\u00faniusi v\u00e1laszt\u00e1sokr\u00f3l sz\u00f3lt. B\u00e1r nem teljesen szabadok, \u00e9s b\u00e1r sok kompromisszummal j\u00e1rtak, m\u00e9gis nagy rem\u00e9nyt \u00e9s energi\u00e1t hoztak. Az antikommunista szellem\u0171 Przemy\u015blben nem okozott gondot az al\u00e1\u00edr\u00e1sok gy\u0171jt\u00e9se a Szolidarit\u00e1s list\u00e1j\u00e1ra. A kerekasztal-meg\u00e1llapod\u00e1sokkal kapcsolatos k\u00e9telyek ellen\u00e9re az emberek hittek abban, hogy \u00faj, j\u00f3 id\u0151k j\u00f6nnek. Kor\u00e1bbi vonakod\u00e1s a szavaz\u00e1st\u00f3l [...]<\/p>","protected":false},"author":6,"featured_media":15986,"comment_status":"open","ping_status":"open","sticky":false,"template":"","format":"standard","meta":{"ngg_post_thumbnail":0,"footnotes":""},"categories":[49,77,3],"tags":[],"class_list":["post-15982","post","type-post","status-publish","format-standard","has-post-thumbnail","hentry","category-podkarpacie","category-wazne-daty","category-wydarzenia"],"yoast_head":"<!-- This site is optimized with the Yoast SEO plugin v24.7 - https:\/\/yoast.com\/wordpress\/plugins\/seo\/ -->\n<title>&quot;Jak skre\u015bli\u0107 przeciwnika&quot; - wybory &#039;89 &#8211; Marek Kuchci\u0144ski<\/title>\n<meta name=\"robots\" content=\"index, follow, max-snippet:-1, max-image-preview:large, max-video-preview:-1\" \/>\n<link rel=\"canonical\" href=\"https:\/\/marekkuchcinski.pl\/hu\/wydarzenia\/15982\/\" \/>\n<meta property=\"og:locale\" content=\"hu_HU\" \/>\n<meta property=\"og:type\" content=\"article\" \/>\n<meta property=\"og:title\" content=\"&quot;Jak skre\u015bli\u0107 przeciwnika&quot; - wybory &#039;89 &#8211; Marek Kuchci\u0144ski\" \/>\n<meta property=\"og:description\" content=\"Rok 1989 to przede wszystkim wybory czerwcowe. Cho\u0107 nie w pe\u0142ni wolne, cho\u0107 zwi\u0105zane z wieloma kompromisami, to jednak nios\u0105ce ogromn\u0105 nadziej\u0119 i energi\u0119. W nastawionym antykomunistycznie Przemy\u015blu nie by\u0142o problem\u00f3w ze zbiorem podpis\u00f3w pod solidarno\u015bciow\u0105 list\u0105. Mimo w\u0105tpliwo\u015bci co do ustale\u0144 okr\u0105g\u0142ego sto\u0142u, ludzie wierzyli, \u017ce nadejd\u0105 nowe, dobre czasy. Poprzednia niech\u0119\u0107 do g\u0142osowania [&hellip;]\" \/>\n<meta property=\"og:url\" content=\"https:\/\/marekkuchcinski.pl\/hu\/wydarzenia\/15982\/\" \/>\n<meta property=\"og:site_name\" content=\"Marek Kuchci\u0144ski\" \/>\n<meta property=\"article:published_time\" content=\"2019-06-04T05:54:51+00:00\" \/>\n<meta property=\"article:modified_time\" content=\"2019-06-04T06:02:43+00:00\" \/>\n<meta property=\"og:image\" content=\"https:\/\/marekkuchcinski.pl\/wp-content\/uploads\/2019\/06\/mik-2.jpg\" \/>\n\t<meta property=\"og:image:width\" content=\"238\" \/>\n\t<meta property=\"og:image:height\" content=\"159\" \/>\n\t<meta property=\"og:image:type\" content=\"image\/jpeg\" \/>\n<meta name=\"author\" content=\"admin\" \/>\n<meta name=\"twitter:card\" content=\"summary_large_image\" \/>\n<meta name=\"twitter:label1\" content=\"Szerz\u0151:\" \/>\n\t<meta name=\"twitter:data1\" content=\"admin\" \/>\n\t<meta name=\"twitter:label2\" content=\"Becs\u00fclt olvas\u00e1si id\u0151\" \/>\n\t<meta name=\"twitter:data2\" content=\"6 perc\" \/>\n<script type=\"application\/ld+json\" class=\"yoast-schema-graph\">{\"@context\":\"https:\/\/schema.org\",\"@graph\":[{\"@type\":\"Article\",\"@id\":\"https:\/\/marekkuchcinski.pl\/en\/wydarzenia\/15982\/#article\",\"isPartOf\":{\"@id\":\"https:\/\/marekkuchcinski.pl\/en\/wydarzenia\/15982\/\"},\"author\":{\"name\":\"admin\",\"@id\":\"https:\/\/marekkuchcinski.pl\/#\/schema\/person\/6f62700996b4d950b6ea2d1183b6c6be\"},\"headline\":\"&#8222;Jak skre\u015bli\u0107 przeciwnika&#8221; &#8211; wybory &#8217;89\",\"datePublished\":\"2019-06-04T05:54:51+00:00\",\"dateModified\":\"2019-06-04T06:02:43+00:00\",\"mainEntityOfPage\":{\"@id\":\"https:\/\/marekkuchcinski.pl\/en\/wydarzenia\/15982\/\"},\"wordCount\":1259,\"commentCount\":0,\"publisher\":{\"@id\":\"https:\/\/marekkuchcinski.pl\/#organization\"},\"image\":{\"@id\":\"https:\/\/marekkuchcinski.pl\/en\/wydarzenia\/15982\/#primaryimage\"},\"thumbnailUrl\":\"https:\/\/marekkuchcinski.pl\/wp-content\/uploads\/2019\/06\/mik-2.jpg\",\"articleSection\":[\"Podkarpacie\",\"Wa\u017cne daty\",\"Wydarzenia\"],\"inLanguage\":\"hu\",\"potentialAction\":[{\"@type\":\"CommentAction\",\"name\":\"Comment\",\"target\":[\"https:\/\/marekkuchcinski.pl\/en\/wydarzenia\/15982\/#respond\"]}]},{\"@type\":\"WebPage\",\"@id\":\"https:\/\/marekkuchcinski.pl\/en\/wydarzenia\/15982\/\",\"url\":\"https:\/\/marekkuchcinski.pl\/en\/wydarzenia\/15982\/\",\"name\":\"\\\"Jak skre\u015bli\u0107 przeciwnika\\\" - wybory '89 &#8211; Marek Kuchci\u0144ski\",\"isPartOf\":{\"@id\":\"https:\/\/marekkuchcinski.pl\/#website\"},\"primaryImageOfPage\":{\"@id\":\"https:\/\/marekkuchcinski.pl\/en\/wydarzenia\/15982\/#primaryimage\"},\"image\":{\"@id\":\"https:\/\/marekkuchcinski.pl\/en\/wydarzenia\/15982\/#primaryimage\"},\"thumbnailUrl\":\"https:\/\/marekkuchcinski.pl\/wp-content\/uploads\/2019\/06\/mik-2.jpg\",\"datePublished\":\"2019-06-04T05:54:51+00:00\",\"dateModified\":\"2019-06-04T06:02:43+00:00\",\"breadcrumb\":{\"@id\":\"https:\/\/marekkuchcinski.pl\/en\/wydarzenia\/15982\/#breadcrumb\"},\"inLanguage\":\"hu\",\"potentialAction\":[{\"@type\":\"ReadAction\",\"target\":[\"https:\/\/marekkuchcinski.pl\/en\/wydarzenia\/15982\/\"]}]},{\"@type\":\"ImageObject\",\"inLanguage\":\"hu\",\"@id\":\"https:\/\/marekkuchcinski.pl\/en\/wydarzenia\/15982\/#primaryimage\",\"url\":\"https:\/\/marekkuchcinski.pl\/wp-content\/uploads\/2019\/06\/mik-2.jpg\",\"contentUrl\":\"https:\/\/marekkuchcinski.pl\/wp-content\/uploads\/2019\/06\/mik-2.jpg\",\"width\":238,\"height\":159},{\"@type\":\"BreadcrumbList\",\"@id\":\"https:\/\/marekkuchcinski.pl\/en\/wydarzenia\/15982\/#breadcrumb\",\"itemListElement\":[{\"@type\":\"ListItem\",\"position\":1,\"name\":\"Strona g\u0142\u00f3wna\",\"item\":\"https:\/\/marekkuchcinski.pl\/\"},{\"@type\":\"ListItem\",\"position\":2,\"name\":\"&#8220;Jak skre\u015bli\u0107 przeciwnika&#8221; &#8211; wybory &#8217;89\"}]},{\"@type\":\"WebSite\",\"@id\":\"https:\/\/marekkuchcinski.pl\/#website\",\"url\":\"https:\/\/marekkuchcinski.pl\/\",\"name\":\"Marek Kuchci\u0144ski\",\"description\":\"Pose\u0142 na sejm RP &ndash; okr\u0119g nr 22\",\"publisher\":{\"@id\":\"https:\/\/marekkuchcinski.pl\/#organization\"},\"potentialAction\":[{\"@type\":\"SearchAction\",\"target\":{\"@type\":\"EntryPoint\",\"urlTemplate\":\"https:\/\/marekkuchcinski.pl\/?s={search_term_string}\"},\"query-input\":{\"@type\":\"PropertyValueSpecification\",\"valueRequired\":true,\"valueName\":\"search_term_string\"}}],\"inLanguage\":\"hu\"},{\"@type\":\"Organization\",\"@id\":\"https:\/\/marekkuchcinski.pl\/#organization\",\"name\":\"Marek Kuchci\u0144ski\",\"url\":\"https:\/\/marekkuchcinski.pl\/\",\"logo\":{\"@type\":\"ImageObject\",\"inLanguage\":\"hu\",\"@id\":\"https:\/\/marekkuchcinski.pl\/#\/schema\/logo\/image\/\",\"url\":\"https:\/\/marekkuchcinski.pl\/wp-content\/uploads\/2022\/09\/Marek.jpg\",\"contentUrl\":\"https:\/\/marekkuchcinski.pl\/wp-content\/uploads\/2022\/09\/Marek.jpg\",\"width\":1600,\"height\":971,\"caption\":\"Marek Kuchci\u0144ski\"},\"image\":{\"@id\":\"https:\/\/marekkuchcinski.pl\/#\/schema\/logo\/image\/\"}},{\"@type\":\"Person\",\"@id\":\"https:\/\/marekkuchcinski.pl\/#\/schema\/person\/6f62700996b4d950b6ea2d1183b6c6be\",\"name\":\"admin\",\"image\":{\"@type\":\"ImageObject\",\"inLanguage\":\"hu\",\"@id\":\"https:\/\/marekkuchcinski.pl\/#\/schema\/person\/image\/\",\"url\":\"https:\/\/secure.gravatar.com\/avatar\/4bab693b9d55c3d6b52c0296a8765085?s=96&d=mm&r=g\",\"contentUrl\":\"https:\/\/secure.gravatar.com\/avatar\/4bab693b9d55c3d6b52c0296a8765085?s=96&d=mm&r=g\",\"caption\":\"admin\"},\"url\":\"https:\/\/marekkuchcinski.pl\/hu\/author\/marta-olejnik\/\"}]}<\/script>\n<!-- \/ Yoast SEO plugin. -->","yoast_head_json":{"title":"\"Jak skre\u015bli\u0107 przeciwnika\" - wybory '89 &#8211; Marek Kuchci\u0144ski","robots":{"index":"index","follow":"follow","max-snippet":"max-snippet:-1","max-image-preview":"max-image-preview:large","max-video-preview":"max-video-preview:-1"},"canonical":"https:\/\/marekkuchcinski.pl\/hu\/wydarzenia\/15982\/","og_locale":"hu_HU","og_type":"article","og_title":"\"Jak skre\u015bli\u0107 przeciwnika\" - wybory '89 &#8211; Marek Kuchci\u0144ski","og_description":"Rok 1989 to przede wszystkim wybory czerwcowe. Cho\u0107 nie w pe\u0142ni wolne, cho\u0107 zwi\u0105zane z wieloma kompromisami, to jednak nios\u0105ce ogromn\u0105 nadziej\u0119 i energi\u0119. W nastawionym antykomunistycznie Przemy\u015blu nie by\u0142o problem\u00f3w ze zbiorem podpis\u00f3w pod solidarno\u015bciow\u0105 list\u0105. Mimo w\u0105tpliwo\u015bci co do ustale\u0144 okr\u0105g\u0142ego sto\u0142u, ludzie wierzyli, \u017ce nadejd\u0105 nowe, dobre czasy. Poprzednia niech\u0119\u0107 do g\u0142osowania [&hellip;]","og_url":"https:\/\/marekkuchcinski.pl\/hu\/wydarzenia\/15982\/","og_site_name":"Marek Kuchci\u0144ski","article_published_time":"2019-06-04T05:54:51+00:00","article_modified_time":"2019-06-04T06:02:43+00:00","og_image":[{"width":238,"height":159,"url":"https:\/\/marekkuchcinski.pl\/wp-content\/uploads\/2019\/06\/mik-2.jpg","type":"image\/jpeg"}],"author":"admin","twitter_card":"summary_large_image","twitter_misc":{"Szerz\u0151:":"admin","Becs\u00fclt olvas\u00e1si id\u0151":"6 perc"},"schema":{"@context":"https:\/\/schema.org","@graph":[{"@type":"Article","@id":"https:\/\/marekkuchcinski.pl\/en\/wydarzenia\/15982\/#article","isPartOf":{"@id":"https:\/\/marekkuchcinski.pl\/en\/wydarzenia\/15982\/"},"author":{"name":"admin","@id":"https:\/\/marekkuchcinski.pl\/#\/schema\/person\/6f62700996b4d950b6ea2d1183b6c6be"},"headline":"&#8222;Jak skre\u015bli\u0107 przeciwnika&#8221; &#8211; wybory &#8217;89","datePublished":"2019-06-04T05:54:51+00:00","dateModified":"2019-06-04T06:02:43+00:00","mainEntityOfPage":{"@id":"https:\/\/marekkuchcinski.pl\/en\/wydarzenia\/15982\/"},"wordCount":1259,"commentCount":0,"publisher":{"@id":"https:\/\/marekkuchcinski.pl\/#organization"},"image":{"@id":"https:\/\/marekkuchcinski.pl\/en\/wydarzenia\/15982\/#primaryimage"},"thumbnailUrl":"https:\/\/marekkuchcinski.pl\/wp-content\/uploads\/2019\/06\/mik-2.jpg","articleSection":["Podkarpacie","Wa\u017cne daty","Wydarzenia"],"inLanguage":"hu","potentialAction":[{"@type":"CommentAction","name":"Comment","target":["https:\/\/marekkuchcinski.pl\/en\/wydarzenia\/15982\/#respond"]}]},{"@type":"WebPage","@id":"https:\/\/marekkuchcinski.pl\/en\/wydarzenia\/15982\/","url":"https:\/\/marekkuchcinski.pl\/en\/wydarzenia\/15982\/","name":"\"Jak skre\u015bli\u0107 przeciwnika\" - wybory '89 &#8211; Marek Kuchci\u0144ski","isPartOf":{"@id":"https:\/\/marekkuchcinski.pl\/#website"},"primaryImageOfPage":{"@id":"https:\/\/marekkuchcinski.pl\/en\/wydarzenia\/15982\/#primaryimage"},"image":{"@id":"https:\/\/marekkuchcinski.pl\/en\/wydarzenia\/15982\/#primaryimage"},"thumbnailUrl":"https:\/\/marekkuchcinski.pl\/wp-content\/uploads\/2019\/06\/mik-2.jpg","datePublished":"2019-06-04T05:54:51+00:00","dateModified":"2019-06-04T06:02:43+00:00","breadcrumb":{"@id":"https:\/\/marekkuchcinski.pl\/en\/wydarzenia\/15982\/#breadcrumb"},"inLanguage":"hu","potentialAction":[{"@type":"ReadAction","target":["https:\/\/marekkuchcinski.pl\/en\/wydarzenia\/15982\/"]}]},{"@type":"ImageObject","inLanguage":"hu","@id":"https:\/\/marekkuchcinski.pl\/en\/wydarzenia\/15982\/#primaryimage","url":"https:\/\/marekkuchcinski.pl\/wp-content\/uploads\/2019\/06\/mik-2.jpg","contentUrl":"https:\/\/marekkuchcinski.pl\/wp-content\/uploads\/2019\/06\/mik-2.jpg","width":238,"height":159},{"@type":"BreadcrumbList","@id":"https:\/\/marekkuchcinski.pl\/en\/wydarzenia\/15982\/#breadcrumb","itemListElement":[{"@type":"ListItem","position":1,"name":"Strona g\u0142\u00f3wna","item":"https:\/\/marekkuchcinski.pl\/"},{"@type":"ListItem","position":2,"name":"&#8220;Jak skre\u015bli\u0107 przeciwnika&#8221; &#8211; wybory &#8217;89"}]},{"@type":"WebSite","@id":"https:\/\/marekkuchcinski.pl\/#website","url":"https:\/\/marekkuchcinski.pl\/","name":"Marek Kuchci\u0144ski","description":"Pose\u0142 na sejm RP &ndash; okr\u0119g nr 22","publisher":{"@id":"https:\/\/marekkuchcinski.pl\/#organization"},"potentialAction":[{"@type":"SearchAction","target":{"@type":"EntryPoint","urlTemplate":"https:\/\/marekkuchcinski.pl\/?s={search_term_string}"},"query-input":{"@type":"PropertyValueSpecification","valueRequired":true,"valueName":"search_term_string"}}],"inLanguage":"hu"},{"@type":"Organization","@id":"https:\/\/marekkuchcinski.pl\/#organization","name":"Marek Kuchci\u0144ski","url":"https:\/\/marekkuchcinski.pl\/","logo":{"@type":"ImageObject","inLanguage":"hu","@id":"https:\/\/marekkuchcinski.pl\/#\/schema\/logo\/image\/","url":"https:\/\/marekkuchcinski.pl\/wp-content\/uploads\/2022\/09\/Marek.jpg","contentUrl":"https:\/\/marekkuchcinski.pl\/wp-content\/uploads\/2022\/09\/Marek.jpg","width":1600,"height":971,"caption":"Marek Kuchci\u0144ski"},"image":{"@id":"https:\/\/marekkuchcinski.pl\/#\/schema\/logo\/image\/"}},{"@type":"Person","@id":"https:\/\/marekkuchcinski.pl\/#\/schema\/person\/6f62700996b4d950b6ea2d1183b6c6be","name":"admin","image":{"@type":"ImageObject","inLanguage":"hu","@id":"https:\/\/marekkuchcinski.pl\/#\/schema\/person\/image\/","url":"https:\/\/secure.gravatar.com\/avatar\/4bab693b9d55c3d6b52c0296a8765085?s=96&d=mm&r=g","contentUrl":"https:\/\/secure.gravatar.com\/avatar\/4bab693b9d55c3d6b52c0296a8765085?s=96&d=mm&r=g","caption":"admin"},"url":"https:\/\/marekkuchcinski.pl\/hu\/author\/marta-olejnik\/"}]}},"_links":{"self":[{"href":"https:\/\/marekkuchcinski.pl\/hu\/wp-json\/wp\/v2\/posts\/15982","targetHints":{"allow":["GET"]}}],"collection":[{"href":"https:\/\/marekkuchcinski.pl\/hu\/wp-json\/wp\/v2\/posts"}],"about":[{"href":"https:\/\/marekkuchcinski.pl\/hu\/wp-json\/wp\/v2\/types\/post"}],"author":[{"embeddable":true,"href":"https:\/\/marekkuchcinski.pl\/hu\/wp-json\/wp\/v2\/users\/6"}],"replies":[{"embeddable":true,"href":"https:\/\/marekkuchcinski.pl\/hu\/wp-json\/wp\/v2\/comments?post=15982"}],"version-history":[{"count":6,"href":"https:\/\/marekkuchcinski.pl\/hu\/wp-json\/wp\/v2\/posts\/15982\/revisions"}],"predecessor-version":[{"id":15991,"href":"https:\/\/marekkuchcinski.pl\/hu\/wp-json\/wp\/v2\/posts\/15982\/revisions\/15991"}],"wp:featuredmedia":[{"embeddable":true,"href":"https:\/\/marekkuchcinski.pl\/hu\/wp-json\/wp\/v2\/media\/15986"}],"wp:attachment":[{"href":"https:\/\/marekkuchcinski.pl\/hu\/wp-json\/wp\/v2\/media?parent=15982"}],"wp:term":[{"taxonomy":"category","embeddable":true,"href":"https:\/\/marekkuchcinski.pl\/hu\/wp-json\/wp\/v2\/categories?post=15982"},{"taxonomy":"post_tag","embeddable":true,"href":"https:\/\/marekkuchcinski.pl\/hu\/wp-json\/wp\/v2\/tags?post=15982"}],"curies":[{"name":"wp","href":"https:\/\/api.w.org\/{rel}","templated":true}]}}