{"id":15787,"date":"2019-05-31T11:18:03","date_gmt":"2019-05-31T09:18:03","guid":{"rendered":"https:\/\/marekkuchcinski.pl\/?p=15787"},"modified":"2019-06-01T00:30:23","modified_gmt":"2019-05-31T22:30:23","slug":"premiera-reprintu-strychu-kulturalnego-podziemnego-pisma-pod-redakcja-marka-kuchcinskiego","status":"publish","type":"post","link":"https:\/\/marekkuchcinski.pl\/hu\/wydarzenia\/premiera-reprintu-strychu-kulturalnego-podziemnego-pisma-pod-redakcja-marka-kuchcinskiego\/","title":{"rendered":"A \"Strych Kulturalny\" - egy Marek Kuchci\u0144ski \u00e1ltal szerkesztett underground magazin \u00fajranyomtat\u00e1s\u00e1nak premierje."},"content":{"rendered":"<p><strong>A \"The Cultural Attic\" c\u00edm\u0171 k\u00f6tetet \u00fajranyomtatt\u00e1k, a\npremierj\u00e9re j\u00fanius 2-\u00e1n, vas\u00e1rnap ker\u00fcl sor a Przemysl r\u00e9gi\u00f3 Nemzeti M\u00fazeum\u00e1ban.\nPrzemysl. Ez egy k\u00fcl\u00f6nleges esem\u00e9ny, amely szorosan \u00f6sszefon\u00f3dik az \u00e9vfordul\u00f3s \u00fcnneps\u00e9gekkel.\na 89. j\u00faniusi v\u00e1laszt\u00e1sok \u00e9vfordul\u00f3j\u00e1nak meg\u00fcnnepl\u00e9se.<\/strong><\/p>\n\n\n\n<p>A padl\u00e1s egy titokzatos, kiss\u00e9 rejtett helyhez kapcsol\u00f3dik.\naz alkalmi l\u00e1togat\u00f3t\u00f3l. Ugyanakkor k\u00edv\u00e1ncsis\u00e1got \u00e9breszt arra vonatkoz\u00f3an, hogy mit rejt,\nez valami tiltott dolog \u00edg\u00e9rete, a dolgok, gondolatok, k\u00e9pzelg\u00e9sek o\u00e1zisa, amelyeknek\nmeg\u00e1lltak egy pillanatra a val\u00f3 vil\u00e1g k\u00f6z\u00f6tti \u00fatjukon.\nA padl\u00e1son \u00f6sszegy\u0171jt\u00f6tt \u00e9lm\u00e9nyek \u00faj \u00e9rtelmet nyernek, \u00e9s \u00fajra visszat\u00e9rnek a\nemberek. Ez volt a Kultur\u00e1lis Padl\u00e1s: egy f\u00f6ldalatti \u00fajs\u00e1g, amelyet\na padl\u00e1son, az ellens\u00e9ges vil\u00e1g el\u0151l mened\u00e9ket keres\u0151 emberek fej\u00e9ben.\nvil\u00e1g. <\/p>\n\n\n\n<p> \"A magazin neve nemzed\u00e9kek \u00f6r\u00f6ks\u00e9g\u00e9re utalt; poros, valahol egy padl\u00e1son elhagyatott, \u00e9s amely n\u00e9lk\u00fcl a k\u00f6z\u00f6ss\u00e9g l\u00e1tk\u00e9pe m\u00e9gis hi\u00e1nyos lenne. Egyesek sz\u00e1m\u00e1ra ez egy lehet\u0151s\u00e9g volt a m\u0171v\u00e9szettel val\u00f3 tal\u00e1lkoz\u00e1sra, m\u00e1sok sz\u00e1m\u00e1ra egy \u00faj gondolat, egy \u00f6tlet. A Kultur\u00e1lis padl\u00e1s teh\u00e1t nem csup\u00e1n egy irodalmi \u00e9s m\u0171v\u00e9szeti foly\u00f3irat neve, hanem egy f\u00fcggetlen kultur\u00e1lis k\u00f6rt l\u00e9trehoz\u00f3 bar\u00e1ti t\u00e1rsas\u00e1g tal\u00e1lkoz\u00f3helye is. Ez egy csal\u00e1di h\u00e1z \u00e1talak\u00edtott padl\u00e1stere, tele m\u0171v\u00e9szek m\u0171veivel, festm\u00e9nyekkel \u00e9s k\u00f6nyvekkel, ahonnan a k\u00f6rnyez\u0151 hegyekre lehetett l\u00e1tni. A h\u00e1z el\u0151tt egy t\u00f6bb \u00e9vtizedes, sz\u00e9tter\u00fcl\u0151 almaf\u00e1kb\u00f3l \u00e1ll\u00f3 r\u00e9gi gy\u00fcm\u00f6lcs\u00f6skert, kasz\u00e1latlan, sokvir\u00e1gos r\u00e9ttel. Rengeteg z\u00f6ld minden\u00fctt. A padl\u00e1s (\"loft\") perspekt\u00edv\u00e1j\u00e1b\u00f3l szeml\u00e9lt\u00fck a k\u00f6r\u00fcl\u00f6tt\u00fcnk l\u00e9v\u0151 vil\u00e1got, an\u00e9lk\u00fcl, hogy megfeledkezt\u00fcnk volna a \"f\u00f6ldalatti\" l\u00e9tez\u00e9s\u00e9r\u0151l. \u00cdgy kiss\u00e9 dualista \u00e9letet \u00e9lt\u00fcnk: dolgoztunk, a kommunista szab\u00e1lyok szerint int\u00e9zt\u00fck a mindennapi \u00fcgyeket, de mellette szellemileg - valami sokkal fontosabbat\" - \u00edrja Marek Kuchci\u0144ski, a padl\u00e1s h\u00e1zigazd\u00e1ja \u00e9s a \"Strych\" egyik szerkeszt\u0151je az \u00fajranyomat bevezet\u0151j\u00e9ben. (\"SK\"-t Jan Musia\u0142, Mirek Koco\u0142, majd Mariusz Ko\u015bciuk is szerkesztette). <\/p>\n\n\n\n<p>Jaros\u0142aw Piekalkiewicz professzor p\u00e9ld\u00e1ul nem riad vissza a mer\u00e9sz \u00f6sszehasonl\u00edt\u00e1sokt\u00f3l: \"A padl\u00e1s fontosabb volt, mint amilyennek els\u0151 pillant\u00e1sra t\u0171nik. Ezeknek az \u00f6sszej\u00f6veteleknek a hangulata a honv\u00e9ds\u00e9gben tartott \u00f6sszej\u00f6veteleimre eml\u00e9keztetett. A padl\u00e1son, ak\u00e1rcsak az AK-ban, szabadnak \u00e9rezt\u00fck magunkat. Term\u00e9szetesen a h\u00e1bor\u00fa alatt sokkal t\u00f6bbet kock\u00e1ztattunk a k\u00ednz\u00e1sok \u00e9s a hal\u00e1l miatt, de sz\u00e1munkra, ahogy a Padl\u00e1s tagjai sz\u00e1m\u00e1ra is, \"Lengyelorsz\u00e1g m\u00e9g nem halt meg, am\u00edg mi \u00e9l\u00fcnk\". A padl\u00e1s tagjai a hat\u00f3s\u00e1gok zaklat\u00e1s\u00e1t kock\u00e1ztatt\u00e1k, a kommunist\u00e1k zaklat\u00e1s\u00e1t, tal\u00e1n m\u00e9g a letart\u00f3ztat\u00e1st is, \u00e9s minden bizonnyal a karrierj\u00fcket \u00e9rint\u0151 neh\u00e9zs\u00e9geket. Mint mi, a Honi Hadseregben, \u0151k is kisebbs\u00e9gben voltak, mivel a lengyelek t\u00f6bbs\u00e9ge \u00fagy \u00e9rezte, hogy \u00e9lni kell.\"<\/p>\n\n\n\n<p>Ma m\u00e1r nemcsak t\u00f6rt\u00e9n\u00e9szeket, hanem \u00e9rtelmis\u00e9gieket \u00e9s filoz\u00f3fusokat is meg lehet k\u00e9rdezni az attikai t\u00f6rt\u00e9nelemr\u0151l. Roger Scruton, t\u00f6bb mint 30 k\u00f6nyv szerz\u0151je is ilyen.<\/p>\n\n\n\n<p>\"Az 1980-as \u00e9vekben a Szolidarit\u00e1s korszaka m\u00e1r csak eml\u00e9k volt, \u00e9s a stat\u00e1rium egyfajta \u00e1lmatag csendbe tasz\u00edtotta Lengyelorsz\u00e1got. Olyan kis csoportokat kerestem, akik besz\u00e9lgetni, tanulni, k\u00e9rdezni akartak, \u00e9s legal\u00e1bb valamennyire visszahozni azt a szellemi \u00e9letet, amely egykor vir\u00e1gzott Lengyelorsz\u00e1gban.\" - eml\u00e9keztet Scruton, aki Przemy\u015blben tal\u00e1lkozott a \"Kultur\u00e1lis Strysz\"-hez k\u00f6t\u0151d\u0151 emberek k\u00f6r\u00e9vel. \"Nem \u00fagy tal\u00e1lkoztak, mint a csehorsz\u00e1gi bar\u00e1taink, valami f\u00f6ld alatti pinc\u00e9ben vagy kaz\u00e1nh\u00e1zban, hanem \u00e9p\u00fcletek tetej\u00e9n, mintha nem \u00e9rdekelte volna \u0151ket, hogy ki l\u00e1thatja \u0151ket. A besz\u00e9lget\u0151csoportjukat padl\u00e1snak, tet\u0151 alatti helynek \u00edrt\u00e1k le, \u00e9s amikor tal\u00e1lkoztam vel\u00fck, norm\u00e1lis, kispolg\u00e1ri emberek ny\u00edlt t\u00e1rsas\u00e1g\u00e1ban tal\u00e1ltam magam, akik elsz\u00e1ntan \u00e9lnek, festenek, \u00edrnak \u00e9s vitatkoznak, mintha a p\u00e1rt nem lenne m\u00e1s, mint egy szennyes v\u00edzfolyam, amely a lenti szennyv\u00edzben folyik. \u00c9l\u00fck\u00f6n Marek Kuchcinski \u00e1llt, egykori m\u0171v\u00e9szett\u00f6rt\u00e9n\u00e9szhallgat\u00f3, aki a rendszeren k\u00edv\u00fcl \u00e9lt, \u00e9s lelkesen hitt a kult\u00far\u00e1ban mint a szellem felszabad\u00edt\u00e1s\u00e1ban \u00e9s a totalit\u00e1rius renddel val\u00f3 szembeszeg\u00fcl\u00e9sben. \u00cdr\u00f3k, fest\u0151k, tan\u00e1rok gy\u0171ltek k\u00f6r\u00e9, \u00e9s neki k\u00f6sz\u00f6nhetem, hogy megszervezhettem a nyugati \u00e9rtelmis\u00e9giek l\u00e1togat\u00e1ssorozat\u00e1t, hogy a kor legfontosabb k\u00e9rd\u00e9seit megvitass\u00e1k ezekben a padl\u00e1sokban\" - mes\u00e9li Roger Scruton.<\/p>\n\n\n\n<p>Neh\u00e9z egy\u00e9rtelm\u0171en kijelenteni, hogy mi volt a \"kultur\u00e1lis padl\u00e1s\", \u00e9s milyen hat\u00e1ssal volt a\nsok ember tudat\u00e1ban a \"kultur\u00e1lis padl\u00e1s\" volt. Krzysztof professzor\nDybciak, irodalomt\u00f6rt\u00e9n\u00e9sz \u00e9s -elm\u00e9let\u00edr\u00f3, essz\u00e9ista \u00e9s vers\u00edr\u00f3, felid\u00e9zi a\nkultur\u00e1lis rendezv\u00e9nyek, amelyeket n\u00e9ha \"Strychowy Spotkania\" n\u00e9ven emlegetnek, \u00e9s<\/p>\n\n\n\n<p>magazinok: \"Eredeti jelens\u00e9gek voltak a kommunista \u00e1llam strukt\u00far\u00e1in k\u00edv\u00fcl l\u00e9tez\u0151 f\u00fcggetlen kult\u00fara t\u00e9rk\u00e9p\u00e9n. Az egyik szokatlan jelens\u00e9g az volt, hogy nem csak Lengyelorsz\u00e1gb\u00f3l \u00e9rkeztek hozz\u00e1sz\u00f3l\u00f3k. Abban az id\u0151ben val\u00f3ban kiv\u00e9teles volt, hogy ennyi brit m\u0171v\u00e9sz \u00e9s \u00e9rtelmis\u00e9gi l\u00e9pett fel egy (eur\u00f3pai m\u00e9rc\u00e9vel m\u00e9rve) kisv\u00e1rosban, k\u00f6zvetlen\u00fcl a Gonosz Birodalom hat\u00e1r\u00e1n. \u00c9s Przemy\u015bl nem ak\u00e1rmilyen m\u0171v\u00e9szeket l\u00e1tott vend\u00e9g\u00fcl; Mark Lilla \u00e9s Roger Scruton professzorok a vil\u00e1g b\u00f6lcs\u00e9szettudom\u00e1nyainak fontos alakjai. A szabad kult\u00fara ilyen \u00e9rt\u00e9kes jelens\u00e9g\u00e9r\u0151l az 1980-as \u00e9vekben azonban csak kev\u00e9s ismeret \u00e1ll rendelkez\u00e9sre.\" <\/p>\n\n\n\n<p>A kollekt\u00edv eml\u00e9kezetben t\u00e1tong\u00f3 \u0171rt a Nemzeti Eml\u00e9kezet Int\u00e9zet\u00e9vel egy\u00fcttm\u0171k\u00f6dve kiadott reprint kiad\u00e1ssal k\u00edv\u00e1nj\u00e1k bet\u00f6lteni. A 450 oldalas k\u00f6tet 6 \"kultur\u00e1lis attika\" k\u00f6tetet tartalmaz az 1980-as \u00e9s 1990-es \u00e9vekb\u0151l, valamint egy soha meg nem jelent k\u00f6tetet.<\/p>\n\n\n\n<p><em>Marta Olejnik<\/em><\/p>\n\n\n\n<figure class=\"wp-block-image\"><img fetchpriority=\"high\" decoding=\"async\" width=\"1024\" height=\"695\" src=\"https:\/\/marekkuchcinski.pl\/wp-content\/uploads\/2019\/05\/MK-strych-1024x695.jpg\" alt=\"\" class=\"wp-image-15788\" srcset=\"https:\/\/marekkuchcinski.pl\/wp-content\/uploads\/2019\/05\/MK-strych-1024x695.jpg 1024w, https:\/\/marekkuchcinski.pl\/wp-content\/uploads\/2019\/05\/MK-strych-300x204.jpg 300w, https:\/\/marekkuchcinski.pl\/wp-content\/uploads\/2019\/05\/MK-strych-768x521.jpg 768w, https:\/\/marekkuchcinski.pl\/wp-content\/uploads\/2019\/05\/MK-strych.jpg 1391w\" sizes=\"(max-width: 1024px) 100vw, 1024px\" \/><figcaption><em>Marek Kuchcinski a m\u00e1trix felett, 1988 <\/em><\/figcaption><\/figure>\n\n\n\n<p><\/p>","protected":false},"excerpt":{"rendered":"<p>\u201eStrych Kulturalny&#8221; doczeka\u0142 si\u0119 reprintu, kt\u00f3rego premiera odb\u0119dzie si\u0119 w niedziel\u0119, 2 czerwca w Muzeum Narodowym Ziemi Przemyskiej. To wydarzenie szczeg\u00f3lne, silnie splecione z uroczysto\u015bciami rocznicowymi zwi\u0105zanymi z wyborami czerwcowymi &#8217;89. Strych kojarzy si\u0119 z miejscem tajemniczym, nieco ukrytym przed przypadkowym go\u015bciem. Jednocze\u015bnie budzi zaciekawienie tym, co skrywa, jest obietnic\u0105 czego\u015b zakazanego, oaz\u0105 rzeczy, my\u015bli, [&hellip;]<\/p>","protected":false},"author":6,"featured_media":15788,"comment_status":"open","ping_status":"open","sticky":false,"template":"","format":"standard","meta":{"ngg_post_thumbnail":0,"footnotes":""},"categories":[49,77,3],"tags":[],"class_list":["post-15787","post","type-post","status-publish","format-standard","has-post-thumbnail","hentry","category-podkarpacie","category-wazne-daty","category-wydarzenia"],"yoast_head":"<!-- This site is optimized with the Yoast SEO plugin v24.7 - https:\/\/yoast.com\/wordpress\/plugins\/seo\/ -->\n<title>Premiera reprintu \u201eStrychu Kulturalnego&quot; - podziemnego pisma pod redakcj\u0105 Marka Kuchci\u0144skiego &#8211; Marek Kuchci\u0144ski<\/title>\n<meta name=\"robots\" content=\"index, follow, max-snippet:-1, max-image-preview:large, max-video-preview:-1\" \/>\n<link rel=\"canonical\" href=\"https:\/\/marekkuchcinski.pl\/hu\/wydarzenia\/premiera-reprintu-strychu-kulturalnego-podziemnego-pisma-pod-redakcja-marka-kuchcinskiego\/\" \/>\n<meta property=\"og:locale\" content=\"hu_HU\" \/>\n<meta property=\"og:type\" content=\"article\" \/>\n<meta property=\"og:title\" content=\"Premiera reprintu \u201eStrychu Kulturalnego&quot; - podziemnego pisma pod redakcj\u0105 Marka Kuchci\u0144skiego &#8211; Marek Kuchci\u0144ski\" \/>\n<meta property=\"og:description\" content=\"\u201eStrych Kulturalny&#8221; doczeka\u0142 si\u0119 reprintu, kt\u00f3rego premiera odb\u0119dzie si\u0119 w niedziel\u0119, 2 czerwca w Muzeum Narodowym Ziemi Przemyskiej. To wydarzenie szczeg\u00f3lne, silnie splecione z uroczysto\u015bciami rocznicowymi zwi\u0105zanymi z wyborami czerwcowymi &#8217;89. Strych kojarzy si\u0119 z miejscem tajemniczym, nieco ukrytym przed przypadkowym go\u015bciem. Jednocze\u015bnie budzi zaciekawienie tym, co skrywa, jest obietnic\u0105 czego\u015b zakazanego, oaz\u0105 rzeczy, my\u015bli, [&hellip;]\" \/>\n<meta property=\"og:url\" content=\"https:\/\/marekkuchcinski.pl\/hu\/wydarzenia\/premiera-reprintu-strychu-kulturalnego-podziemnego-pisma-pod-redakcja-marka-kuchcinskiego\/\" \/>\n<meta property=\"og:site_name\" content=\"Marek Kuchci\u0144ski\" \/>\n<meta property=\"article:published_time\" content=\"2019-05-31T09:18:03+00:00\" \/>\n<meta property=\"article:modified_time\" content=\"2019-05-31T22:30:23+00:00\" \/>\n<meta property=\"og:image\" content=\"https:\/\/marekkuchcinski.pl\/wp-content\/uploads\/2019\/05\/MK-strych.jpg\" \/>\n\t<meta property=\"og:image:width\" content=\"1391\" \/>\n\t<meta property=\"og:image:height\" content=\"944\" \/>\n\t<meta property=\"og:image:type\" content=\"image\/jpeg\" \/>\n<meta name=\"author\" content=\"admin\" \/>\n<meta name=\"twitter:card\" content=\"summary_large_image\" \/>\n<meta name=\"twitter:label1\" content=\"Szerz\u0151:\" \/>\n\t<meta name=\"twitter:data1\" content=\"admin\" \/>\n\t<meta name=\"twitter:label2\" content=\"Becs\u00fclt olvas\u00e1si id\u0151\" \/>\n\t<meta name=\"twitter:data2\" content=\"4 perc\" \/>\n<script type=\"application\/ld+json\" class=\"yoast-schema-graph\">{\"@context\":\"https:\/\/schema.org\",\"@graph\":[{\"@type\":\"Article\",\"@id\":\"https:\/\/marekkuchcinski.pl\/sk\/wydarzenia\/premiera-reprintu-strychu-kulturalnego-podziemnego-pisma-pod-redakcja-marka-kuchcinskiego\/#article\",\"isPartOf\":{\"@id\":\"https:\/\/marekkuchcinski.pl\/sk\/wydarzenia\/premiera-reprintu-strychu-kulturalnego-podziemnego-pisma-pod-redakcja-marka-kuchcinskiego\/\"},\"author\":{\"name\":\"admin\",\"@id\":\"https:\/\/marekkuchcinski.pl\/#\/schema\/person\/6f62700996b4d950b6ea2d1183b6c6be\"},\"headline\":\"Premiera reprintu \u201eStrychu Kulturalnego&#8221; &#8211; podziemnego pisma pod redakcj\u0105 Marka Kuchci\u0144skiego\",\"datePublished\":\"2019-05-31T09:18:03+00:00\",\"dateModified\":\"2019-05-31T22:30:23+00:00\",\"mainEntityOfPage\":{\"@id\":\"https:\/\/marekkuchcinski.pl\/sk\/wydarzenia\/premiera-reprintu-strychu-kulturalnego-podziemnego-pisma-pod-redakcja-marka-kuchcinskiego\/\"},\"wordCount\":868,\"commentCount\":0,\"publisher\":{\"@id\":\"https:\/\/marekkuchcinski.pl\/#organization\"},\"image\":{\"@id\":\"https:\/\/marekkuchcinski.pl\/sk\/wydarzenia\/premiera-reprintu-strychu-kulturalnego-podziemnego-pisma-pod-redakcja-marka-kuchcinskiego\/#primaryimage\"},\"thumbnailUrl\":\"https:\/\/marekkuchcinski.pl\/wp-content\/uploads\/2019\/05\/MK-strych.jpg\",\"articleSection\":[\"Podkarpacie\",\"Wa\u017cne daty\",\"Wydarzenia\"],\"inLanguage\":\"hu\",\"potentialAction\":[{\"@type\":\"CommentAction\",\"name\":\"Comment\",\"target\":[\"https:\/\/marekkuchcinski.pl\/sk\/wydarzenia\/premiera-reprintu-strychu-kulturalnego-podziemnego-pisma-pod-redakcja-marka-kuchcinskiego\/#respond\"]}]},{\"@type\":\"WebPage\",\"@id\":\"https:\/\/marekkuchcinski.pl\/sk\/wydarzenia\/premiera-reprintu-strychu-kulturalnego-podziemnego-pisma-pod-redakcja-marka-kuchcinskiego\/\",\"url\":\"https:\/\/marekkuchcinski.pl\/sk\/wydarzenia\/premiera-reprintu-strychu-kulturalnego-podziemnego-pisma-pod-redakcja-marka-kuchcinskiego\/\",\"name\":\"Premiera reprintu \u201eStrychu Kulturalnego\\\" - podziemnego pisma pod redakcj\u0105 Marka Kuchci\u0144skiego &#8211; Marek Kuchci\u0144ski\",\"isPartOf\":{\"@id\":\"https:\/\/marekkuchcinski.pl\/#website\"},\"primaryImageOfPage\":{\"@id\":\"https:\/\/marekkuchcinski.pl\/sk\/wydarzenia\/premiera-reprintu-strychu-kulturalnego-podziemnego-pisma-pod-redakcja-marka-kuchcinskiego\/#primaryimage\"},\"image\":{\"@id\":\"https:\/\/marekkuchcinski.pl\/sk\/wydarzenia\/premiera-reprintu-strychu-kulturalnego-podziemnego-pisma-pod-redakcja-marka-kuchcinskiego\/#primaryimage\"},\"thumbnailUrl\":\"https:\/\/marekkuchcinski.pl\/wp-content\/uploads\/2019\/05\/MK-strych.jpg\",\"datePublished\":\"2019-05-31T09:18:03+00:00\",\"dateModified\":\"2019-05-31T22:30:23+00:00\",\"breadcrumb\":{\"@id\":\"https:\/\/marekkuchcinski.pl\/sk\/wydarzenia\/premiera-reprintu-strychu-kulturalnego-podziemnego-pisma-pod-redakcja-marka-kuchcinskiego\/#breadcrumb\"},\"inLanguage\":\"hu\",\"potentialAction\":[{\"@type\":\"ReadAction\",\"target\":[\"https:\/\/marekkuchcinski.pl\/sk\/wydarzenia\/premiera-reprintu-strychu-kulturalnego-podziemnego-pisma-pod-redakcja-marka-kuchcinskiego\/\"]}]},{\"@type\":\"ImageObject\",\"inLanguage\":\"hu\",\"@id\":\"https:\/\/marekkuchcinski.pl\/sk\/wydarzenia\/premiera-reprintu-strychu-kulturalnego-podziemnego-pisma-pod-redakcja-marka-kuchcinskiego\/#primaryimage\",\"url\":\"https:\/\/marekkuchcinski.pl\/wp-content\/uploads\/2019\/05\/MK-strych.jpg\",\"contentUrl\":\"https:\/\/marekkuchcinski.pl\/wp-content\/uploads\/2019\/05\/MK-strych.jpg\",\"width\":1391,\"height\":944},{\"@type\":\"BreadcrumbList\",\"@id\":\"https:\/\/marekkuchcinski.pl\/sk\/wydarzenia\/premiera-reprintu-strychu-kulturalnego-podziemnego-pisma-pod-redakcja-marka-kuchcinskiego\/#breadcrumb\",\"itemListElement\":[{\"@type\":\"ListItem\",\"position\":1,\"name\":\"Strona g\u0142\u00f3wna\",\"item\":\"https:\/\/marekkuchcinski.pl\/\"},{\"@type\":\"ListItem\",\"position\":2,\"name\":\"Premiera reprintu \u201eStrychu Kulturalnego&#8221; &#8211; podziemnego pisma pod redakcj\u0105 Marka Kuchci\u0144skiego\"}]},{\"@type\":\"WebSite\",\"@id\":\"https:\/\/marekkuchcinski.pl\/#website\",\"url\":\"https:\/\/marekkuchcinski.pl\/\",\"name\":\"Marek Kuchci\u0144ski\",\"description\":\"Pose\u0142 na sejm RP &ndash; okr\u0119g nr 22\",\"publisher\":{\"@id\":\"https:\/\/marekkuchcinski.pl\/#organization\"},\"potentialAction\":[{\"@type\":\"SearchAction\",\"target\":{\"@type\":\"EntryPoint\",\"urlTemplate\":\"https:\/\/marekkuchcinski.pl\/?s={search_term_string}\"},\"query-input\":{\"@type\":\"PropertyValueSpecification\",\"valueRequired\":true,\"valueName\":\"search_term_string\"}}],\"inLanguage\":\"hu\"},{\"@type\":\"Organization\",\"@id\":\"https:\/\/marekkuchcinski.pl\/#organization\",\"name\":\"Marek Kuchci\u0144ski\",\"url\":\"https:\/\/marekkuchcinski.pl\/\",\"logo\":{\"@type\":\"ImageObject\",\"inLanguage\":\"hu\",\"@id\":\"https:\/\/marekkuchcinski.pl\/#\/schema\/logo\/image\/\",\"url\":\"https:\/\/marekkuchcinski.pl\/wp-content\/uploads\/2022\/09\/Marek.jpg\",\"contentUrl\":\"https:\/\/marekkuchcinski.pl\/wp-content\/uploads\/2022\/09\/Marek.jpg\",\"width\":1600,\"height\":971,\"caption\":\"Marek Kuchci\u0144ski\"},\"image\":{\"@id\":\"https:\/\/marekkuchcinski.pl\/#\/schema\/logo\/image\/\"}},{\"@type\":\"Person\",\"@id\":\"https:\/\/marekkuchcinski.pl\/#\/schema\/person\/6f62700996b4d950b6ea2d1183b6c6be\",\"name\":\"admin\",\"image\":{\"@type\":\"ImageObject\",\"inLanguage\":\"hu\",\"@id\":\"https:\/\/marekkuchcinski.pl\/#\/schema\/person\/image\/\",\"url\":\"https:\/\/secure.gravatar.com\/avatar\/4bab693b9d55c3d6b52c0296a8765085?s=96&d=mm&r=g\",\"contentUrl\":\"https:\/\/secure.gravatar.com\/avatar\/4bab693b9d55c3d6b52c0296a8765085?s=96&d=mm&r=g\",\"caption\":\"admin\"},\"url\":\"https:\/\/marekkuchcinski.pl\/hu\/author\/marta-olejnik\/\"}]}<\/script>\n<!-- \/ Yoast SEO plugin. -->","yoast_head_json":{"title":"Premiera reprintu \u201eStrychu Kulturalnego\" - podziemnego pisma pod redakcj\u0105 Marka Kuchci\u0144skiego &#8211; Marek Kuchci\u0144ski","robots":{"index":"index","follow":"follow","max-snippet":"max-snippet:-1","max-image-preview":"max-image-preview:large","max-video-preview":"max-video-preview:-1"},"canonical":"https:\/\/marekkuchcinski.pl\/hu\/wydarzenia\/premiera-reprintu-strychu-kulturalnego-podziemnego-pisma-pod-redakcja-marka-kuchcinskiego\/","og_locale":"hu_HU","og_type":"article","og_title":"Premiera reprintu \u201eStrychu Kulturalnego\" - podziemnego pisma pod redakcj\u0105 Marka Kuchci\u0144skiego &#8211; Marek Kuchci\u0144ski","og_description":"\u201eStrych Kulturalny&#8221; doczeka\u0142 si\u0119 reprintu, kt\u00f3rego premiera odb\u0119dzie si\u0119 w niedziel\u0119, 2 czerwca w Muzeum Narodowym Ziemi Przemyskiej. To wydarzenie szczeg\u00f3lne, silnie splecione z uroczysto\u015bciami rocznicowymi zwi\u0105zanymi z wyborami czerwcowymi &#8217;89. Strych kojarzy si\u0119 z miejscem tajemniczym, nieco ukrytym przed przypadkowym go\u015bciem. Jednocze\u015bnie budzi zaciekawienie tym, co skrywa, jest obietnic\u0105 czego\u015b zakazanego, oaz\u0105 rzeczy, my\u015bli, [&hellip;]","og_url":"https:\/\/marekkuchcinski.pl\/hu\/wydarzenia\/premiera-reprintu-strychu-kulturalnego-podziemnego-pisma-pod-redakcja-marka-kuchcinskiego\/","og_site_name":"Marek Kuchci\u0144ski","article_published_time":"2019-05-31T09:18:03+00:00","article_modified_time":"2019-05-31T22:30:23+00:00","og_image":[{"width":1391,"height":944,"url":"https:\/\/marekkuchcinski.pl\/wp-content\/uploads\/2019\/05\/MK-strych.jpg","type":"image\/jpeg"}],"author":"admin","twitter_card":"summary_large_image","twitter_misc":{"Szerz\u0151:":"admin","Becs\u00fclt olvas\u00e1si id\u0151":"4 perc"},"schema":{"@context":"https:\/\/schema.org","@graph":[{"@type":"Article","@id":"https:\/\/marekkuchcinski.pl\/sk\/wydarzenia\/premiera-reprintu-strychu-kulturalnego-podziemnego-pisma-pod-redakcja-marka-kuchcinskiego\/#article","isPartOf":{"@id":"https:\/\/marekkuchcinski.pl\/sk\/wydarzenia\/premiera-reprintu-strychu-kulturalnego-podziemnego-pisma-pod-redakcja-marka-kuchcinskiego\/"},"author":{"name":"admin","@id":"https:\/\/marekkuchcinski.pl\/#\/schema\/person\/6f62700996b4d950b6ea2d1183b6c6be"},"headline":"Premiera reprintu \u201eStrychu Kulturalnego&#8221; &#8211; podziemnego pisma pod redakcj\u0105 Marka Kuchci\u0144skiego","datePublished":"2019-05-31T09:18:03+00:00","dateModified":"2019-05-31T22:30:23+00:00","mainEntityOfPage":{"@id":"https:\/\/marekkuchcinski.pl\/sk\/wydarzenia\/premiera-reprintu-strychu-kulturalnego-podziemnego-pisma-pod-redakcja-marka-kuchcinskiego\/"},"wordCount":868,"commentCount":0,"publisher":{"@id":"https:\/\/marekkuchcinski.pl\/#organization"},"image":{"@id":"https:\/\/marekkuchcinski.pl\/sk\/wydarzenia\/premiera-reprintu-strychu-kulturalnego-podziemnego-pisma-pod-redakcja-marka-kuchcinskiego\/#primaryimage"},"thumbnailUrl":"https:\/\/marekkuchcinski.pl\/wp-content\/uploads\/2019\/05\/MK-strych.jpg","articleSection":["Podkarpacie","Wa\u017cne daty","Wydarzenia"],"inLanguage":"hu","potentialAction":[{"@type":"CommentAction","name":"Comment","target":["https:\/\/marekkuchcinski.pl\/sk\/wydarzenia\/premiera-reprintu-strychu-kulturalnego-podziemnego-pisma-pod-redakcja-marka-kuchcinskiego\/#respond"]}]},{"@type":"WebPage","@id":"https:\/\/marekkuchcinski.pl\/sk\/wydarzenia\/premiera-reprintu-strychu-kulturalnego-podziemnego-pisma-pod-redakcja-marka-kuchcinskiego\/","url":"https:\/\/marekkuchcinski.pl\/sk\/wydarzenia\/premiera-reprintu-strychu-kulturalnego-podziemnego-pisma-pod-redakcja-marka-kuchcinskiego\/","name":"Premiera reprintu \u201eStrychu Kulturalnego\" - podziemnego pisma pod redakcj\u0105 Marka Kuchci\u0144skiego &#8211; Marek Kuchci\u0144ski","isPartOf":{"@id":"https:\/\/marekkuchcinski.pl\/#website"},"primaryImageOfPage":{"@id":"https:\/\/marekkuchcinski.pl\/sk\/wydarzenia\/premiera-reprintu-strychu-kulturalnego-podziemnego-pisma-pod-redakcja-marka-kuchcinskiego\/#primaryimage"},"image":{"@id":"https:\/\/marekkuchcinski.pl\/sk\/wydarzenia\/premiera-reprintu-strychu-kulturalnego-podziemnego-pisma-pod-redakcja-marka-kuchcinskiego\/#primaryimage"},"thumbnailUrl":"https:\/\/marekkuchcinski.pl\/wp-content\/uploads\/2019\/05\/MK-strych.jpg","datePublished":"2019-05-31T09:18:03+00:00","dateModified":"2019-05-31T22:30:23+00:00","breadcrumb":{"@id":"https:\/\/marekkuchcinski.pl\/sk\/wydarzenia\/premiera-reprintu-strychu-kulturalnego-podziemnego-pisma-pod-redakcja-marka-kuchcinskiego\/#breadcrumb"},"inLanguage":"hu","potentialAction":[{"@type":"ReadAction","target":["https:\/\/marekkuchcinski.pl\/sk\/wydarzenia\/premiera-reprintu-strychu-kulturalnego-podziemnego-pisma-pod-redakcja-marka-kuchcinskiego\/"]}]},{"@type":"ImageObject","inLanguage":"hu","@id":"https:\/\/marekkuchcinski.pl\/sk\/wydarzenia\/premiera-reprintu-strychu-kulturalnego-podziemnego-pisma-pod-redakcja-marka-kuchcinskiego\/#primaryimage","url":"https:\/\/marekkuchcinski.pl\/wp-content\/uploads\/2019\/05\/MK-strych.jpg","contentUrl":"https:\/\/marekkuchcinski.pl\/wp-content\/uploads\/2019\/05\/MK-strych.jpg","width":1391,"height":944},{"@type":"BreadcrumbList","@id":"https:\/\/marekkuchcinski.pl\/sk\/wydarzenia\/premiera-reprintu-strychu-kulturalnego-podziemnego-pisma-pod-redakcja-marka-kuchcinskiego\/#breadcrumb","itemListElement":[{"@type":"ListItem","position":1,"name":"Strona g\u0142\u00f3wna","item":"https:\/\/marekkuchcinski.pl\/"},{"@type":"ListItem","position":2,"name":"Premiera reprintu \u201eStrychu Kulturalnego&#8221; &#8211; podziemnego pisma pod redakcj\u0105 Marka Kuchci\u0144skiego"}]},{"@type":"WebSite","@id":"https:\/\/marekkuchcinski.pl\/#website","url":"https:\/\/marekkuchcinski.pl\/","name":"Marek Kuchci\u0144ski","description":"Pose\u0142 na sejm RP &ndash; okr\u0119g nr 22","publisher":{"@id":"https:\/\/marekkuchcinski.pl\/#organization"},"potentialAction":[{"@type":"SearchAction","target":{"@type":"EntryPoint","urlTemplate":"https:\/\/marekkuchcinski.pl\/?s={search_term_string}"},"query-input":{"@type":"PropertyValueSpecification","valueRequired":true,"valueName":"search_term_string"}}],"inLanguage":"hu"},{"@type":"Organization","@id":"https:\/\/marekkuchcinski.pl\/#organization","name":"Marek Kuchci\u0144ski","url":"https:\/\/marekkuchcinski.pl\/","logo":{"@type":"ImageObject","inLanguage":"hu","@id":"https:\/\/marekkuchcinski.pl\/#\/schema\/logo\/image\/","url":"https:\/\/marekkuchcinski.pl\/wp-content\/uploads\/2022\/09\/Marek.jpg","contentUrl":"https:\/\/marekkuchcinski.pl\/wp-content\/uploads\/2022\/09\/Marek.jpg","width":1600,"height":971,"caption":"Marek Kuchci\u0144ski"},"image":{"@id":"https:\/\/marekkuchcinski.pl\/#\/schema\/logo\/image\/"}},{"@type":"Person","@id":"https:\/\/marekkuchcinski.pl\/#\/schema\/person\/6f62700996b4d950b6ea2d1183b6c6be","name":"admin","image":{"@type":"ImageObject","inLanguage":"hu","@id":"https:\/\/marekkuchcinski.pl\/#\/schema\/person\/image\/","url":"https:\/\/secure.gravatar.com\/avatar\/4bab693b9d55c3d6b52c0296a8765085?s=96&d=mm&r=g","contentUrl":"https:\/\/secure.gravatar.com\/avatar\/4bab693b9d55c3d6b52c0296a8765085?s=96&d=mm&r=g","caption":"admin"},"url":"https:\/\/marekkuchcinski.pl\/hu\/author\/marta-olejnik\/"}]}},"_links":{"self":[{"href":"https:\/\/marekkuchcinski.pl\/hu\/wp-json\/wp\/v2\/posts\/15787","targetHints":{"allow":["GET"]}}],"collection":[{"href":"https:\/\/marekkuchcinski.pl\/hu\/wp-json\/wp\/v2\/posts"}],"about":[{"href":"https:\/\/marekkuchcinski.pl\/hu\/wp-json\/wp\/v2\/types\/post"}],"author":[{"embeddable":true,"href":"https:\/\/marekkuchcinski.pl\/hu\/wp-json\/wp\/v2\/users\/6"}],"replies":[{"embeddable":true,"href":"https:\/\/marekkuchcinski.pl\/hu\/wp-json\/wp\/v2\/comments?post=15787"}],"version-history":[{"count":10,"href":"https:\/\/marekkuchcinski.pl\/hu\/wp-json\/wp\/v2\/posts\/15787\/revisions"}],"predecessor-version":[{"id":15844,"href":"https:\/\/marekkuchcinski.pl\/hu\/wp-json\/wp\/v2\/posts\/15787\/revisions\/15844"}],"wp:featuredmedia":[{"embeddable":true,"href":"https:\/\/marekkuchcinski.pl\/hu\/wp-json\/wp\/v2\/media\/15788"}],"wp:attachment":[{"href":"https:\/\/marekkuchcinski.pl\/hu\/wp-json\/wp\/v2\/media?parent=15787"}],"wp:term":[{"taxonomy":"category","embeddable":true,"href":"https:\/\/marekkuchcinski.pl\/hu\/wp-json\/wp\/v2\/categories?post=15787"},{"taxonomy":"post_tag","embeddable":true,"href":"https:\/\/marekkuchcinski.pl\/hu\/wp-json\/wp\/v2\/tags?post=15787"}],"curies":[{"name":"wp","href":"https:\/\/api.w.org\/{rel}","templated":true}]}}