{"id":15694,"date":"2019-05-28T16:29:39","date_gmt":"2019-05-28T14:29:39","guid":{"rendered":"https:\/\/marekkuchcinski.pl\/?p=15694"},"modified":"2019-05-29T09:19:41","modified_gmt":"2019-05-29T07:19:41","slug":"15694","status":"publish","type":"post","link":"https:\/\/marekkuchcinski.pl\/hu\/wydarzenia\/15694\/","title":{"rendered":"Az IPN \"A nemzeti eml\u00e9kezet \u0151rz\u0151je\" d\u00edjat adom\u00e1nyoz"},"content":{"rendered":"<p>Jaj annak a nemzetnek, amely nem gondoskodik a m\u00falt eml\u00e9keinek meg\u0151rz\u00e9s\u00e9r\u0151l; akkor meg\u00edrja mag\u00e1nak a v\u00e9g\u00edt\u00e9letet - a janu\u00e1ri felkel\u00e9s egyik felkel\u0151j\u00e9nek, Kalinowski Szent Rafaelnek e szavai ihlett\u00e9k a Nemzeti Eml\u00e9kezet Int\u00e9zete \u00e1ltal adom\u00e1nyozott d\u00edj \u00f6tlet\u00e9t. <\/p>\n\n\n\n<p>Az Eml\u00e9k\u00e9rem \u0150rz\u0151je kit\u00fcntet\u00e9st olyan emberek kapj\u00e1k, akik elk\u00f6telezettek Lengyelorsz\u00e1g ir\u00e1nt - \u00e1polj\u00e1k annak hagyom\u00e1nyait \u00e9s t\u00f6rt\u00e9nelm\u00e9t, v\u00e9dik a feloszt\u00e1st, h\u00e1bor\u00fakat \u00e9s megsz\u00e1ll\u00e1st elszenvedett orsz\u00e1g nemzeti \u00f6r\u00f6ks\u00e9g\u00e9t a feled\u00e9st\u0151l. <\/p>\n\n\n\n<p>Az \u00fcnneps\u00e9gen r\u00e9szt vett Marek Kuchci\u0144ski, a szejm eln\u00f6ke is\na kir\u00e1lyi v\u00e1rban, amelynek sor\u00e1n a \"Kusztosz\nA \"Nemzeti Eml\u00e9kezet \u0150rz\u0151je\" kit\u00fcntet\u00e9st 18. alkalommal \u00edt\u00e9lt\u00e9k oda. Az idei d\u00edjazottak: Wanda P\u00f3\u0142tawska professzor, Janusz\nHoroszkiewicz, Marek Strok, a Lengyel Hadis\u00edrgondoz\u00f3 T\u00e1rsas\u00e1g\nLvivben, \u00e9s - posztumusz - Ryszard Kaczorowski.<\/p>\n\n\n\n<p>- A 20. sz\u00e1zad hal\u00e1lra akart \u00edt\u00e9lni benn\u00fcnket, hogy\na reneg\u00e1tok nemzete. De mi nem lett\u00fcnk azok, mert mindig voltak olyanok, akik\ntervek: nem. \u00c9s ma a nemzeti eml\u00e9kezet \u0151rz\u0151i ilyen emberek - mondta\nmondta Jaros\u0142aw Szarek, az IPN eln\u00f6ke, aki \u00e1tadta a d\u00edjakat.\na d\u00edjakat, <\/p>\n\n\n\n<p><strong>Wanda P\u00f3\u0142tawska<\/strong> Pszichi\u00e1ter, a h\u00e1bor\u00fa alatt a ravensbr\u00fccki n\u00e9met n\u00e1ci koncentr\u00e1ci\u00f3s t\u00e1bor foglya volt (h\u00fasz\u00e9ves l\u00e1nyk\u00e9nt 1941 november\u00e9ben hal\u00e1lra \u00edt\u00e9lt\u00e9k ott, ahol \u00e1lorvosi k\u00eds\u00e9rleteknek vetett\u00e9k al\u00e1), a h\u00e1bor\u00fa ut\u00e1n bar\u00e1ts\u00e1got k\u00f6t\u00f6tt Karol Wojty\u0142\u00e1val - 1978 \u00f3ta II J\u00e1nos P\u00e1l p\u00e1pa. <\/p>\n\n\n\n<p>A n\u00e9met megsz\u00e1ll\u00e1s alatt a szeretet \u00e9s bar\u00e1ts\u00e1g k\u00f6rnyez\u0151 vil\u00e1g\u00e1b\u00f3l a Gestapo b\u00f6rt\u00f6n kegyetlens\u00e9g\u00e9nek \u00e9s a n\u00e1ci m\u00e1snaposs\u00e1gnak a l\u00e9gk\u00f6r\u00e9be dobva nem gy\u0171l\u00f6letet, hanem nagy meglepet\u00e9st \u00e9rzett: hogyan lehets\u00e9ges, hogy egy ember ilyen szenved\u00e9st okoz egy embernek?<\/p>\n\n\n\n<p><strong>Janusz Horoszkiewicz<\/strong>  Saj\u00e1t p\u00e9nz\u00e9b\u0151l \u00e9s saj\u00e1t kez\u0171leg t\u00f6bb mint 40 keresztet \u00e1ll\u00edtott a Volh\u00edni\u00e1ban meggyilkolt lengyelek eml\u00e9k\u00e9re. A fent eml\u00edtett kereszteken k\u00edv\u00fcl Janusz Horoszkiewicz er\u0151fesz\u00edt\u00e9seinek k\u00f6sz\u00f6nhet\u0151en sz\u00e1mos, az 1943-as n\u00e9pirt\u00e1s \u00e1ldozatainak eml\u00e9k\u00e9re \u00e1ll\u00edtott eml\u00e9kt\u00e1bl\u00e1t avattak fel lengyel eml\u00e9khelyeken. K\u00fcl\u00f6n\u00f6sen figyelemre m\u00e9lt\u00f3 az a t\u00e1bla, amelyet a Butejki faluban tal\u00e1lhat\u00f3 ortodox templomban avattak Petr Bazeluk eml\u00e9k\u00e9re - egy ukr\u00e1n igaz ember eml\u00e9k\u00e9re, aki \u00e9let\u00e9t kock\u00e1ztatva mentette meg lengyel szomsz\u00e9dj\u00e1t, Mieczys\u0142aw S\u0142ojewskit \u00e9s fi\u00e1t, Edwardot az ukr\u00e1n felkel\u0151 hadsereg \u00e1ltali hal\u00e1lt\u00f3l.<\/p>\n\n\n\n<p>Az IPN hangs\u00falyozza, hogy \u0151 \"a lengyel nemzeti jog rend\u00edthetetlen v\u00e9delmez\u0151je\".\nVolh\u00edniai \u00f6r\u00f6ks\u00e9g, a megb\u00e9k\u00e9l\u00e9s sz\u00f3sz\u00f3l\u00f3ja \u00e9s hirdet\u0151je a lengyel igazs\u00e1gban.\nLengyel \u00e9s ukr\u00e1n nemzetek\".<\/p>\n\n\n\n<p><strong>Marek Strok<\/strong> a vars\u00f3i felkel\u00e9s kiv\u00e1l\u00f3 szak\u00e9rt\u0151je \u00e9s kutat\u00f3ja. \"A lengyel f\u00f6ldalatti \u00e1llam katon\u00e1inak sorsa ir\u00e1nti rajong\u00e1sa nyom\u00e1n sz\u00fcletett meg a vars\u00f3i felkel\u0151k \u00e9letrajzainak legteljesebb gy\u0171jtem\u00e9nye, amely felbecs\u00fclhetetlen \u00e9rt\u00e9k\u0171 minden t\u00f6rt\u00e9n\u00e9sz sz\u00e1m\u00e1ra, aki a 75 \u00e9vvel ezel\u0151tti fegyveres felkel\u00e9s t\u00f6rt\u00e9net\u00e9vel foglalkozik. B\u00e1r Marek Strok autodidakta m\u00f3don lelkesedik, hatalmas tudom\u00e1nyos \u00e9s t\u00f6rt\u00e9neti teljes\u00edtm\u00e9nyt ny\u00fajt, \u00e9s a t\u00f6rt\u00e9nelmi m\u0171hely tekintet\u00e9ben semmivel sem marad el a szakemberekt\u0151l. T\u00f6bb tucat \u00e9ven \u00e1t, szorosan egy\u00fcttm\u0171k\u00f6dve felkel\u0151 k\u00f6r\u00f6kkel, dokument\u00e1lta a f\u00f6ldalatti \u00e9s felkel\u0151 Vars\u00f3 t\u00f6rt\u00e9net\u00e9t\" - \u00edrta r\u00f3la az IPN.<\/p>\n\n\n\n<p><strong>Lengyel Katonas\u00edrgondoz\u00f3 T\u00e1rsas\u00e1g Lvivben<\/strong> viszont egy olyan szervezet, amelynek f\u0151 \u00e9s legfontosabb feladata tev\u00e9kenys\u00e9ge els\u0151 \u00e9veiben a Lw\u00f3wi V\u00e9d\u0151k Temet\u0151j\u00e9nek, m\u00e1s n\u00e9ven a Sasok Temet\u0151j\u00e9nek rekonstrukci\u00f3ja lett. Ez a nekropolisz a Licsakov temet\u0151 k\u00fcl\u00f6n\u00e1ll\u00f3 r\u00e9sze, ahol az 1918-20-ban elesett lvivi lengyel v\u00e9d\u0151k s\u00edrjai tal\u00e1lhat\u00f3k. A nekropoliszt 1989-ben \u00fajj\u00e1\u00e9p\u00edtett\u00e9k, \u00e9s 2005. j\u00fanius 24-\u00e9n \u00fcnnep\u00e9lyesen megnyitott\u00e1k. Ma a Janusz Balicki \u00e1ltal vezetett Lengyel Hadis\u00edrgondoz\u00f3 T\u00e1rsas\u00e1g gondozza, ak\u00e1rcsak a lengyel nemzeti eml\u00e9khelyeket Lviv k\u00f6rny\u00e9k\u00e9n, p\u00e9ld\u00e1ul Zadw\u00f3rzban.<\/p>\n\n\n\n<p><strong>Ryszard Kaczorowski<\/strong> 1989-90-ben Lengyelorsz\u00e1g sz\u00e1m\u0171zet\u00e9sben \u00e9l\u0151 eln\u00f6ke volt; miut\u00e1n Lech Wa\u0142\u0119s\u00e1t eln\u00f6kk\u00e9 v\u00e1lasztott\u00e1k, \u00e1tadta neki a m\u00e1sodik Lengyel K\u00f6zt\u00e1rsas\u00e1g eln\u00f6ki hatalm\u00e1nak jelv\u00e9nyeit. 2010. \u00e1prilis 10-\u00e9n halt meg a Szmolenszk k\u00f6zel\u00e9ben lezuhant Tu-154-es rep\u00fcl\u0151g\u00e9pben.<\/p>\n\n\n\n<p><em>mo, forr\u00e1s IPN<\/em><\/p>\n\n\n\n<p><em>Fot\u00f3: Marta Olejnik<\/em><\/p>\n\n\n\n<ul class=\"wp-block-gallery columns-1 is-cropped wp-block-gallery-1 is-layout-flex wp-block-gallery-is-layout-flex\"><li class=\"blocks-gallery-item\"><figure><img fetchpriority=\"high\" decoding=\"async\" width=\"1024\" height=\"685\" src=\"https:\/\/marekkuchcinski.pl\/wp-content\/uploads\/2019\/05\/1a-1024x685.jpg\" alt=\"\" data-id=\"15695\" data-link=\"https:\/\/marekkuchcinski.pl\/?attachment_id=15695\" class=\"wp-image-15695\" srcset=\"https:\/\/marekkuchcinski.pl\/wp-content\/uploads\/2019\/05\/1a-1024x685.jpg 1024w, https:\/\/marekkuchcinski.pl\/wp-content\/uploads\/2019\/05\/1a-300x201.jpg 300w, https:\/\/marekkuchcinski.pl\/wp-content\/uploads\/2019\/05\/1a-768x514.jpg 768w, https:\/\/marekkuchcinski.pl\/wp-content\/uploads\/2019\/05\/1a.jpg 2048w\" sizes=\"(max-width: 1024px) 100vw, 1024px\" \/><\/figure><\/li><li class=\"blocks-gallery-item\"><figure><img decoding=\"async\" width=\"1024\" height=\"720\" src=\"https:\/\/marekkuchcinski.pl\/wp-content\/uploads\/2019\/05\/3-1024x720.jpg\" alt=\"\" data-id=\"15696\" data-link=\"https:\/\/marekkuchcinski.pl\/?attachment_id=15696\" class=\"wp-image-15696\" srcset=\"https:\/\/marekkuchcinski.pl\/wp-content\/uploads\/2019\/05\/3-1024x720.jpg 1024w, https:\/\/marekkuchcinski.pl\/wp-content\/uploads\/2019\/05\/3-300x211.jpg 300w, https:\/\/marekkuchcinski.pl\/wp-content\/uploads\/2019\/05\/3-768x540.jpg 768w, https:\/\/marekkuchcinski.pl\/wp-content\/uploads\/2019\/05\/3.jpg 2048w\" sizes=\"(max-width: 1024px) 100vw, 1024px\" \/><\/figure><\/li><li class=\"blocks-gallery-item\"><figure><img decoding=\"async\" width=\"1024\" height=\"683\" src=\"https:\/\/marekkuchcinski.pl\/wp-content\/uploads\/2019\/05\/4-1-1024x683.jpg\" alt=\"\" data-id=\"15697\" data-link=\"https:\/\/marekkuchcinski.pl\/?attachment_id=15697\" class=\"wp-image-15697\" srcset=\"https:\/\/marekkuchcinski.pl\/wp-content\/uploads\/2019\/05\/4-1-1024x683.jpg 1024w, https:\/\/marekkuchcinski.pl\/wp-content\/uploads\/2019\/05\/4-1-300x200.jpg 300w, https:\/\/marekkuchcinski.pl\/wp-content\/uploads\/2019\/05\/4-1-768x512.jpg 768w, https:\/\/marekkuchcinski.pl\/wp-content\/uploads\/2019\/05\/4-1.jpg 2048w\" sizes=\"(max-width: 1024px) 100vw, 1024px\" \/><\/figure><\/li><li class=\"blocks-gallery-item\"><figure><img loading=\"lazy\" decoding=\"async\" width=\"1024\" height=\"683\" src=\"https:\/\/marekkuchcinski.pl\/wp-content\/uploads\/2019\/05\/5-1-1024x683.jpg\" alt=\"\" data-id=\"15698\" data-link=\"https:\/\/marekkuchcinski.pl\/?attachment_id=15698\" class=\"wp-image-15698\" srcset=\"https:\/\/marekkuchcinski.pl\/wp-content\/uploads\/2019\/05\/5-1-1024x683.jpg 1024w, https:\/\/marekkuchcinski.pl\/wp-content\/uploads\/2019\/05\/5-1-300x200.jpg 300w, https:\/\/marekkuchcinski.pl\/wp-content\/uploads\/2019\/05\/5-1-768x512.jpg 768w, https:\/\/marekkuchcinski.pl\/wp-content\/uploads\/2019\/05\/5-1.jpg 2048w\" sizes=\"(max-width: 1024px) 100vw, 1024px\" \/><\/figure><\/li><li class=\"blocks-gallery-item\"><figure><img loading=\"lazy\" decoding=\"async\" width=\"1024\" height=\"683\" src=\"https:\/\/marekkuchcinski.pl\/wp-content\/uploads\/2019\/05\/6-1-1024x683.jpg\" alt=\"\" data-id=\"15699\" data-link=\"https:\/\/marekkuchcinski.pl\/?attachment_id=15699\" class=\"wp-image-15699\" srcset=\"https:\/\/marekkuchcinski.pl\/wp-content\/uploads\/2019\/05\/6-1-1024x683.jpg 1024w, https:\/\/marekkuchcinski.pl\/wp-content\/uploads\/2019\/05\/6-1-300x200.jpg 300w, https:\/\/marekkuchcinski.pl\/wp-content\/uploads\/2019\/05\/6-1-768x512.jpg 768w, https:\/\/marekkuchcinski.pl\/wp-content\/uploads\/2019\/05\/6-1.jpg 2048w\" sizes=\"(max-width: 1024px) 100vw, 1024px\" \/><\/figure><\/li><li class=\"blocks-gallery-item\"><figure><img loading=\"lazy\" decoding=\"async\" width=\"1024\" height=\"683\" src=\"https:\/\/marekkuchcinski.pl\/wp-content\/uploads\/2019\/05\/7-1-1024x683.jpg\" alt=\"\" data-id=\"15700\" data-link=\"https:\/\/marekkuchcinski.pl\/?attachment_id=15700\" class=\"wp-image-15700\" srcset=\"https:\/\/marekkuchcinski.pl\/wp-content\/uploads\/2019\/05\/7-1-1024x683.jpg 1024w, https:\/\/marekkuchcinski.pl\/wp-content\/uploads\/2019\/05\/7-1-300x200.jpg 300w, https:\/\/marekkuchcinski.pl\/wp-content\/uploads\/2019\/05\/7-1-768x512.jpg 768w, https:\/\/marekkuchcinski.pl\/wp-content\/uploads\/2019\/05\/7-1.jpg 2048w\" sizes=\"(max-width: 1024px) 100vw, 1024px\" \/><\/figure><\/li><li class=\"blocks-gallery-item\"><figure><img loading=\"lazy\" decoding=\"async\" width=\"1024\" height=\"689\" src=\"https:\/\/marekkuchcinski.pl\/wp-content\/uploads\/2019\/05\/8-2-1024x689.jpg\" alt=\"\" data-id=\"15701\" data-link=\"https:\/\/marekkuchcinski.pl\/?attachment_id=15701\" class=\"wp-image-15701\" srcset=\"https:\/\/marekkuchcinski.pl\/wp-content\/uploads\/2019\/05\/8-2-1024x689.jpg 1024w, https:\/\/marekkuchcinski.pl\/wp-content\/uploads\/2019\/05\/8-2-300x202.jpg 300w, https:\/\/marekkuchcinski.pl\/wp-content\/uploads\/2019\/05\/8-2-768x517.jpg 768w, https:\/\/marekkuchcinski.pl\/wp-content\/uploads\/2019\/05\/8-2.jpg 2048w\" sizes=\"(max-width: 1024px) 100vw, 1024px\" \/><\/figure><\/li><li class=\"blocks-gallery-item\"><figure><img loading=\"lazy\" decoding=\"async\" width=\"1024\" height=\"697\" src=\"https:\/\/marekkuchcinski.pl\/wp-content\/uploads\/2019\/05\/9-1-1024x697.jpg\" alt=\"\" data-id=\"15702\" data-link=\"https:\/\/marekkuchcinski.pl\/?attachment_id=15702\" class=\"wp-image-15702\" srcset=\"https:\/\/marekkuchcinski.pl\/wp-content\/uploads\/2019\/05\/9-1-1024x697.jpg 1024w, https:\/\/marekkuchcinski.pl\/wp-content\/uploads\/2019\/05\/9-1-300x204.jpg 300w, https:\/\/marekkuchcinski.pl\/wp-content\/uploads\/2019\/05\/9-1-768x523.jpg 768w, https:\/\/marekkuchcinski.pl\/wp-content\/uploads\/2019\/05\/9-1.jpg 2048w\" sizes=\"(max-width: 1024px) 100vw, 1024px\" \/><\/figure><\/li><li class=\"blocks-gallery-item\"><figure><img loading=\"lazy\" decoding=\"async\" width=\"1024\" height=\"683\" src=\"https:\/\/marekkuchcinski.pl\/wp-content\/uploads\/2019\/05\/10-1-1024x683.jpg\" alt=\"\" data-id=\"15703\" data-link=\"https:\/\/marekkuchcinski.pl\/?attachment_id=15703\" class=\"wp-image-15703\" srcset=\"https:\/\/marekkuchcinski.pl\/wp-content\/uploads\/2019\/05\/10-1-1024x683.jpg 1024w, https:\/\/marekkuchcinski.pl\/wp-content\/uploads\/2019\/05\/10-1-300x200.jpg 300w, https:\/\/marekkuchcinski.pl\/wp-content\/uploads\/2019\/05\/10-1-768x512.jpg 768w, https:\/\/marekkuchcinski.pl\/wp-content\/uploads\/2019\/05\/10-1.jpg 2048w\" sizes=\"(max-width: 1024px) 100vw, 1024px\" \/><\/figure><\/li><li class=\"blocks-gallery-item\"><figure><img loading=\"lazy\" decoding=\"async\" width=\"1024\" height=\"696\" src=\"https:\/\/marekkuchcinski.pl\/wp-content\/uploads\/2019\/05\/11-1-1024x696.jpg\" alt=\"\" data-id=\"15704\" data-link=\"https:\/\/marekkuchcinski.pl\/?attachment_id=15704\" class=\"wp-image-15704\" srcset=\"https:\/\/marekkuchcinski.pl\/wp-content\/uploads\/2019\/05\/11-1-1024x696.jpg 1024w, https:\/\/marekkuchcinski.pl\/wp-content\/uploads\/2019\/05\/11-1-300x204.jpg 300w, https:\/\/marekkuchcinski.pl\/wp-content\/uploads\/2019\/05\/11-1-768x522.jpg 768w, https:\/\/marekkuchcinski.pl\/wp-content\/uploads\/2019\/05\/11-1.jpg 2048w\" sizes=\"(max-width: 1024px) 100vw, 1024px\" \/><\/figure><\/li><li class=\"blocks-gallery-item\"><figure><img loading=\"lazy\" decoding=\"async\" width=\"1024\" height=\"683\" src=\"https:\/\/marekkuchcinski.pl\/wp-content\/uploads\/2019\/05\/12-1024x683.jpg\" alt=\"\" data-id=\"15705\" data-link=\"https:\/\/marekkuchcinski.pl\/?attachment_id=15705\" class=\"wp-image-15705\" srcset=\"https:\/\/marekkuchcinski.pl\/wp-content\/uploads\/2019\/05\/12-1024x683.jpg 1024w, https:\/\/marekkuchcinski.pl\/wp-content\/uploads\/2019\/05\/12-300x200.jpg 300w, https:\/\/marekkuchcinski.pl\/wp-content\/uploads\/2019\/05\/12-768x512.jpg 768w, https:\/\/marekkuchcinski.pl\/wp-content\/uploads\/2019\/05\/12.jpg 2048w\" sizes=\"(max-width: 1024px) 100vw, 1024px\" \/><\/figure><\/li><li class=\"blocks-gallery-item\"><figure><img loading=\"lazy\" decoding=\"async\" width=\"1024\" height=\"683\" src=\"https:\/\/marekkuchcinski.pl\/wp-content\/uploads\/2019\/05\/13-1024x683.jpg\" alt=\"\" data-id=\"15706\" data-link=\"https:\/\/marekkuchcinski.pl\/?attachment_id=15706\" class=\"wp-image-15706\" srcset=\"https:\/\/marekkuchcinski.pl\/wp-content\/uploads\/2019\/05\/13-1024x683.jpg 1024w, https:\/\/marekkuchcinski.pl\/wp-content\/uploads\/2019\/05\/13-300x200.jpg 300w, https:\/\/marekkuchcinski.pl\/wp-content\/uploads\/2019\/05\/13-768x512.jpg 768w, https:\/\/marekkuchcinski.pl\/wp-content\/uploads\/2019\/05\/13.jpg 2048w\" sizes=\"(max-width: 1024px) 100vw, 1024px\" \/><\/figure><\/li><li class=\"blocks-gallery-item\"><figure><img loading=\"lazy\" decoding=\"async\" width=\"1024\" height=\"683\" src=\"https:\/\/marekkuchcinski.pl\/wp-content\/uploads\/2019\/05\/14-2-1024x683.jpg\" alt=\"\" data-id=\"15707\" data-link=\"https:\/\/marekkuchcinski.pl\/?attachment_id=15707\" class=\"wp-image-15707\" srcset=\"https:\/\/marekkuchcinski.pl\/wp-content\/uploads\/2019\/05\/14-2-1024x683.jpg 1024w, https:\/\/marekkuchcinski.pl\/wp-content\/uploads\/2019\/05\/14-2-300x200.jpg 300w, https:\/\/marekkuchcinski.pl\/wp-content\/uploads\/2019\/05\/14-2-768x512.jpg 768w, https:\/\/marekkuchcinski.pl\/wp-content\/uploads\/2019\/05\/14-2.jpg 2048w\" sizes=\"(max-width: 1024px) 100vw, 1024px\" \/><\/figure><\/li><li class=\"blocks-gallery-item\"><figure><img loading=\"lazy\" decoding=\"async\" width=\"1024\" height=\"682\" src=\"https:\/\/marekkuchcinski.pl\/wp-content\/uploads\/2019\/05\/15-1024x682.jpg\" alt=\"\" data-id=\"15708\" data-link=\"https:\/\/marekkuchcinski.pl\/?attachment_id=15708\" class=\"wp-image-15708\" srcset=\"https:\/\/marekkuchcinski.pl\/wp-content\/uploads\/2019\/05\/15-1024x682.jpg 1024w, https:\/\/marekkuchcinski.pl\/wp-content\/uploads\/2019\/05\/15-300x200.jpg 300w, https:\/\/marekkuchcinski.pl\/wp-content\/uploads\/2019\/05\/15-768x512.jpg 768w, https:\/\/marekkuchcinski.pl\/wp-content\/uploads\/2019\/05\/15.jpg 2048w\" sizes=\"(max-width: 1024px) 100vw, 1024px\" \/><\/figure><\/li><li class=\"blocks-gallery-item\"><figure><img loading=\"lazy\" decoding=\"async\" width=\"1024\" height=\"683\" src=\"https:\/\/marekkuchcinski.pl\/wp-content\/uploads\/2019\/05\/16-1024x683.jpg\" alt=\"\" data-id=\"15709\" data-link=\"https:\/\/marekkuchcinski.pl\/?attachment_id=15709\" class=\"wp-image-15709\" srcset=\"https:\/\/marekkuchcinski.pl\/wp-content\/uploads\/2019\/05\/16-1024x683.jpg 1024w, https:\/\/marekkuchcinski.pl\/wp-content\/uploads\/2019\/05\/16-300x200.jpg 300w, https:\/\/marekkuchcinski.pl\/wp-content\/uploads\/2019\/05\/16-768x512.jpg 768w, https:\/\/marekkuchcinski.pl\/wp-content\/uploads\/2019\/05\/16.jpg 2048w\" sizes=\"(max-width: 1024px) 100vw, 1024px\" \/><\/figure><\/li><li class=\"blocks-gallery-item\"><figure><img loading=\"lazy\" decoding=\"async\" width=\"1024\" height=\"683\" src=\"https:\/\/marekkuchcinski.pl\/wp-content\/uploads\/2019\/05\/17-1024x683.jpg\" alt=\"\" data-id=\"15710\" data-link=\"https:\/\/marekkuchcinski.pl\/?attachment_id=15710\" class=\"wp-image-15710\" srcset=\"https:\/\/marekkuchcinski.pl\/wp-content\/uploads\/2019\/05\/17-1024x683.jpg 1024w, https:\/\/marekkuchcinski.pl\/wp-content\/uploads\/2019\/05\/17-300x200.jpg 300w, https:\/\/marekkuchcinski.pl\/wp-content\/uploads\/2019\/05\/17-768x512.jpg 768w, https:\/\/marekkuchcinski.pl\/wp-content\/uploads\/2019\/05\/17.jpg 2048w\" sizes=\"(max-width: 1024px) 100vw, 1024px\" \/><\/figure><\/li><li class=\"blocks-gallery-item\"><figure><img loading=\"lazy\" decoding=\"async\" width=\"1024\" height=\"683\" src=\"https:\/\/marekkuchcinski.pl\/wp-content\/uploads\/2019\/05\/18-1024x683.jpg\" alt=\"\" data-id=\"15711\" data-link=\"https:\/\/marekkuchcinski.pl\/?attachment_id=15711\" class=\"wp-image-15711\" srcset=\"https:\/\/marekkuchcinski.pl\/wp-content\/uploads\/2019\/05\/18-1024x683.jpg 1024w, https:\/\/marekkuchcinski.pl\/wp-content\/uploads\/2019\/05\/18-300x200.jpg 300w, https:\/\/marekkuchcinski.pl\/wp-content\/uploads\/2019\/05\/18-768x512.jpg 768w, https:\/\/marekkuchcinski.pl\/wp-content\/uploads\/2019\/05\/18.jpg 2048w\" sizes=\"(max-width: 1024px) 100vw, 1024px\" \/><\/figure><\/li><li class=\"blocks-gallery-item\"><figure><img loading=\"lazy\" decoding=\"async\" width=\"1024\" height=\"683\" src=\"https:\/\/marekkuchcinski.pl\/wp-content\/uploads\/2019\/05\/19-1024x683.jpg\" alt=\"\" data-id=\"15712\" data-link=\"https:\/\/marekkuchcinski.pl\/?attachment_id=15712\" class=\"wp-image-15712\" srcset=\"https:\/\/marekkuchcinski.pl\/wp-content\/uploads\/2019\/05\/19-1024x683.jpg 1024w, https:\/\/marekkuchcinski.pl\/wp-content\/uploads\/2019\/05\/19-300x200.jpg 300w, https:\/\/marekkuchcinski.pl\/wp-content\/uploads\/2019\/05\/19-768x512.jpg 768w, https:\/\/marekkuchcinski.pl\/wp-content\/uploads\/2019\/05\/19.jpg 2048w\" sizes=\"(max-width: 1024px) 100vw, 1024px\" \/><\/figure><\/li><li class=\"blocks-gallery-item\"><figure><img loading=\"lazy\" decoding=\"async\" width=\"1024\" height=\"683\" src=\"https:\/\/marekkuchcinski.pl\/wp-content\/uploads\/2019\/05\/20-1024x683.jpg\" alt=\"\" data-id=\"15713\" data-link=\"https:\/\/marekkuchcinski.pl\/?attachment_id=15713\" class=\"wp-image-15713\" srcset=\"https:\/\/marekkuchcinski.pl\/wp-content\/uploads\/2019\/05\/20-1024x683.jpg 1024w, https:\/\/marekkuchcinski.pl\/wp-content\/uploads\/2019\/05\/20-300x200.jpg 300w, https:\/\/marekkuchcinski.pl\/wp-content\/uploads\/2019\/05\/20-768x512.jpg 768w, https:\/\/marekkuchcinski.pl\/wp-content\/uploads\/2019\/05\/20.jpg 2048w\" sizes=\"(max-width: 1024px) 100vw, 1024px\" \/><\/figure><\/li><li class=\"blocks-gallery-item\"><figure><img loading=\"lazy\" decoding=\"async\" width=\"1024\" height=\"683\" src=\"https:\/\/marekkuchcinski.pl\/wp-content\/uploads\/2019\/05\/21-1024x683.jpg\" alt=\"\" data-id=\"15714\" data-link=\"https:\/\/marekkuchcinski.pl\/?attachment_id=15714\" class=\"wp-image-15714\" srcset=\"https:\/\/marekkuchcinski.pl\/wp-content\/uploads\/2019\/05\/21-1024x683.jpg 1024w, https:\/\/marekkuchcinski.pl\/wp-content\/uploads\/2019\/05\/21-300x200.jpg 300w, https:\/\/marekkuchcinski.pl\/wp-content\/uploads\/2019\/05\/21-768x512.jpg 768w, https:\/\/marekkuchcinski.pl\/wp-content\/uploads\/2019\/05\/21.jpg 2048w\" sizes=\"(max-width: 1024px) 100vw, 1024px\" \/><\/figure><\/li><li class=\"blocks-gallery-item\"><figure><img loading=\"lazy\" decoding=\"async\" width=\"1024\" height=\"683\" src=\"https:\/\/marekkuchcinski.pl\/wp-content\/uploads\/2019\/05\/23-1024x683.jpg\" alt=\"\" data-id=\"15716\" data-link=\"https:\/\/marekkuchcinski.pl\/?attachment_id=15716\" class=\"wp-image-15716\" srcset=\"https:\/\/marekkuchcinski.pl\/wp-content\/uploads\/2019\/05\/23-1024x683.jpg 1024w, https:\/\/marekkuchcinski.pl\/wp-content\/uploads\/2019\/05\/23-300x200.jpg 300w, https:\/\/marekkuchcinski.pl\/wp-content\/uploads\/2019\/05\/23-768x512.jpg 768w, https:\/\/marekkuchcinski.pl\/wp-content\/uploads\/2019\/05\/23.jpg 2048w\" sizes=\"(max-width: 1024px) 100vw, 1024px\" \/><\/figure><\/li><li class=\"blocks-gallery-item\"><figure><img loading=\"lazy\" decoding=\"async\" width=\"1024\" height=\"683\" src=\"https:\/\/marekkuchcinski.pl\/wp-content\/uploads\/2019\/05\/24-1024x683.jpg\" alt=\"\" data-id=\"15718\" data-link=\"https:\/\/marekkuchcinski.pl\/?attachment_id=15718\" class=\"wp-image-15718\" srcset=\"https:\/\/marekkuchcinski.pl\/wp-content\/uploads\/2019\/05\/24-1024x683.jpg 1024w, https:\/\/marekkuchcinski.pl\/wp-content\/uploads\/2019\/05\/24-300x200.jpg 300w, https:\/\/marekkuchcinski.pl\/wp-content\/uploads\/2019\/05\/24-768x512.jpg 768w, https:\/\/marekkuchcinski.pl\/wp-content\/uploads\/2019\/05\/24.jpg 2048w\" sizes=\"(max-width: 1024px) 100vw, 1024px\" \/><\/figure><\/li><li class=\"blocks-gallery-item\"><figure><img loading=\"lazy\" decoding=\"async\" width=\"1024\" height=\"683\" src=\"https:\/\/marekkuchcinski.pl\/wp-content\/uploads\/2019\/05\/25-1024x683.jpg\" alt=\"\" data-id=\"15720\" data-link=\"https:\/\/marekkuchcinski.pl\/?attachment_id=15720\" class=\"wp-image-15720\" srcset=\"https:\/\/marekkuchcinski.pl\/wp-content\/uploads\/2019\/05\/25-1024x683.jpg 1024w, https:\/\/marekkuchcinski.pl\/wp-content\/uploads\/2019\/05\/25-300x200.jpg 300w, https:\/\/marekkuchcinski.pl\/wp-content\/uploads\/2019\/05\/25-768x512.jpg 768w, https:\/\/marekkuchcinski.pl\/wp-content\/uploads\/2019\/05\/25.jpg 2048w\" sizes=\"(max-width: 1024px) 100vw, 1024px\" \/><\/figure><\/li><li class=\"blocks-gallery-item\"><figure><img loading=\"lazy\" decoding=\"async\" width=\"1024\" height=\"683\" src=\"https:\/\/marekkuchcinski.pl\/wp-content\/uploads\/2019\/05\/26-1-1024x683.jpg\" alt=\"\" data-id=\"15721\" data-link=\"https:\/\/marekkuchcinski.pl\/?attachment_id=15721\" class=\"wp-image-15721\" srcset=\"https:\/\/marekkuchcinski.pl\/wp-content\/uploads\/2019\/05\/26-1-1024x683.jpg 1024w, https:\/\/marekkuchcinski.pl\/wp-content\/uploads\/2019\/05\/26-1-300x200.jpg 300w, https:\/\/marekkuchcinski.pl\/wp-content\/uploads\/2019\/05\/26-1-768x512.jpg 768w, https:\/\/marekkuchcinski.pl\/wp-content\/uploads\/2019\/05\/26-1.jpg 2048w\" sizes=\"(max-width: 1024px) 100vw, 1024px\" \/><\/figure><\/li><li class=\"blocks-gallery-item\"><figure><img loading=\"lazy\" decoding=\"async\" width=\"1024\" height=\"665\" src=\"https:\/\/marekkuchcinski.pl\/wp-content\/uploads\/2019\/05\/28-1024x665.jpg\" alt=\"\" data-id=\"15724\" data-link=\"https:\/\/marekkuchcinski.pl\/bez-kategorii\/15694\/attachment\/28\/\" class=\"wp-image-15724\" srcset=\"https:\/\/marekkuchcinski.pl\/wp-content\/uploads\/2019\/05\/28-1024x665.jpg 1024w, https:\/\/marekkuchcinski.pl\/wp-content\/uploads\/2019\/05\/28-300x195.jpg 300w, https:\/\/marekkuchcinski.pl\/wp-content\/uploads\/2019\/05\/28-768x498.jpg 768w, https:\/\/marekkuchcinski.pl\/wp-content\/uploads\/2019\/05\/28.jpg 2048w\" sizes=\"(max-width: 1024px) 100vw, 1024px\" \/><\/figure><\/li><\/ul>","protected":false},"excerpt":{"rendered":"<p>Biada narodowi, kt\u00f3ry o zachowanie pami\u0105tek przesz\u0142o\u015bci si\u0119 nie stara; wyrok zguby w\u00f3wczas dla siebie pisze \u2013 te s\u0142owa \u015bw. Rafa\u0142a Kalinowskiego, powsta\u0144ca styczniowego, &nbsp;przy\u015bwiecaj\u0105 idei nagrody przyznawanej przez Instytut Pami\u0119ci Narodowej. Kustosza Pami\u0119ci otrzymuj\u0105 bowiem osoby, kt\u00f3re po\u015bwi\u0119caj\u0105 si\u0119 dla Polski \u2013 kultywuj\u0105 jej tradycj\u0119, histori\u0119, chroni\u0105 od zapomnienia narodowe dziedzictwo kraju, kt\u00f3ry wycierpia\u0142 [&hellip;]<\/p>","protected":false},"author":6,"featured_media":15723,"comment_status":"open","ping_status":"open","sticky":false,"template":"","format":"standard","meta":{"ngg_post_thumbnail":0,"footnotes":""},"categories":[3],"tags":[],"class_list":["post-15694","post","type-post","status-publish","format-standard","has-post-thumbnail","hentry","category-wydarzenia"],"yoast_head":"<!-- This site is optimized with the Yoast SEO plugin v24.7 - https:\/\/yoast.com\/wordpress\/plugins\/seo\/ -->\n<title>IPN przyzna\u0142 Nagrody &quot;Kustosz Pami\u0119ci Narodowej&quot; &#8211; Marek Kuchci\u0144ski<\/title>\n<meta name=\"robots\" content=\"index, follow, max-snippet:-1, max-image-preview:large, max-video-preview:-1\" \/>\n<link rel=\"canonical\" href=\"https:\/\/marekkuchcinski.pl\/hu\/wydarzenia\/15694\/\" \/>\n<meta property=\"og:locale\" content=\"hu_HU\" \/>\n<meta property=\"og:type\" content=\"article\" \/>\n<meta property=\"og:title\" content=\"IPN przyzna\u0142 Nagrody &quot;Kustosz Pami\u0119ci Narodowej&quot; &#8211; Marek Kuchci\u0144ski\" \/>\n<meta property=\"og:description\" content=\"Biada narodowi, kt\u00f3ry o zachowanie pami\u0105tek przesz\u0142o\u015bci si\u0119 nie stara; wyrok zguby w\u00f3wczas dla siebie pisze \u2013 te s\u0142owa \u015bw. Rafa\u0142a Kalinowskiego, powsta\u0144ca styczniowego, &nbsp;przy\u015bwiecaj\u0105 idei nagrody przyznawanej przez Instytut Pami\u0119ci Narodowej. Kustosza Pami\u0119ci otrzymuj\u0105 bowiem osoby, kt\u00f3re po\u015bwi\u0119caj\u0105 si\u0119 dla Polski \u2013 kultywuj\u0105 jej tradycj\u0119, histori\u0119, chroni\u0105 od zapomnienia narodowe dziedzictwo kraju, kt\u00f3ry wycierpia\u0142 [&hellip;]\" \/>\n<meta property=\"og:url\" content=\"https:\/\/marekkuchcinski.pl\/hu\/wydarzenia\/15694\/\" \/>\n<meta property=\"og:site_name\" content=\"Marek Kuchci\u0144ski\" \/>\n<meta property=\"article:published_time\" content=\"2019-05-28T14:29:39+00:00\" \/>\n<meta property=\"article:modified_time\" content=\"2019-05-29T07:19:41+00:00\" \/>\n<meta property=\"og:image\" content=\"https:\/\/marekkuchcinski.pl\/wp-content\/uploads\/2019\/05\/1a-1.jpg\" \/>\n\t<meta property=\"og:image:width\" content=\"2048\" \/>\n\t<meta property=\"og:image:height\" content=\"1371\" \/>\n\t<meta property=\"og:image:type\" content=\"image\/jpeg\" \/>\n<meta name=\"author\" content=\"admin\" \/>\n<meta name=\"twitter:card\" content=\"summary_large_image\" \/>\n<meta name=\"twitter:label1\" content=\"Szerz\u0151:\" \/>\n\t<meta name=\"twitter:data1\" content=\"admin\" \/>\n\t<meta name=\"twitter:label2\" content=\"Becs\u00fclt olvas\u00e1si id\u0151\" \/>\n\t<meta name=\"twitter:data2\" content=\"3 perc\" \/>\n<script type=\"application\/ld+json\" class=\"yoast-schema-graph\">{\"@context\":\"https:\/\/schema.org\",\"@graph\":[{\"@type\":\"Article\",\"@id\":\"https:\/\/marekkuchcinski.pl\/cs\/wydarzenia\/15694\/#article\",\"isPartOf\":{\"@id\":\"https:\/\/marekkuchcinski.pl\/cs\/wydarzenia\/15694\/\"},\"author\":{\"name\":\"admin\",\"@id\":\"https:\/\/marekkuchcinski.pl\/#\/schema\/person\/6f62700996b4d950b6ea2d1183b6c6be\"},\"headline\":\"IPN przyzna\u0142 Nagrody &#8222;Kustosz Pami\u0119ci Narodowej&#8221;\",\"datePublished\":\"2019-05-28T14:29:39+00:00\",\"dateModified\":\"2019-05-29T07:19:41+00:00\",\"mainEntityOfPage\":{\"@id\":\"https:\/\/marekkuchcinski.pl\/cs\/wydarzenia\/15694\/\"},\"wordCount\":701,\"commentCount\":0,\"publisher\":{\"@id\":\"https:\/\/marekkuchcinski.pl\/#organization\"},\"image\":{\"@id\":\"https:\/\/marekkuchcinski.pl\/cs\/wydarzenia\/15694\/#primaryimage\"},\"thumbnailUrl\":\"https:\/\/marekkuchcinski.pl\/wp-content\/uploads\/2019\/05\/1a-1.jpg\",\"articleSection\":[\"Wydarzenia\"],\"inLanguage\":\"hu\",\"potentialAction\":[{\"@type\":\"CommentAction\",\"name\":\"Comment\",\"target\":[\"https:\/\/marekkuchcinski.pl\/cs\/wydarzenia\/15694\/#respond\"]}]},{\"@type\":\"WebPage\",\"@id\":\"https:\/\/marekkuchcinski.pl\/cs\/wydarzenia\/15694\/\",\"url\":\"https:\/\/marekkuchcinski.pl\/cs\/wydarzenia\/15694\/\",\"name\":\"IPN przyzna\u0142 Nagrody \\\"Kustosz Pami\u0119ci Narodowej\\\" &#8211; Marek Kuchci\u0144ski\",\"isPartOf\":{\"@id\":\"https:\/\/marekkuchcinski.pl\/#website\"},\"primaryImageOfPage\":{\"@id\":\"https:\/\/marekkuchcinski.pl\/cs\/wydarzenia\/15694\/#primaryimage\"},\"image\":{\"@id\":\"https:\/\/marekkuchcinski.pl\/cs\/wydarzenia\/15694\/#primaryimage\"},\"thumbnailUrl\":\"https:\/\/marekkuchcinski.pl\/wp-content\/uploads\/2019\/05\/1a-1.jpg\",\"datePublished\":\"2019-05-28T14:29:39+00:00\",\"dateModified\":\"2019-05-29T07:19:41+00:00\",\"breadcrumb\":{\"@id\":\"https:\/\/marekkuchcinski.pl\/cs\/wydarzenia\/15694\/#breadcrumb\"},\"inLanguage\":\"hu\",\"potentialAction\":[{\"@type\":\"ReadAction\",\"target\":[\"https:\/\/marekkuchcinski.pl\/cs\/wydarzenia\/15694\/\"]}]},{\"@type\":\"ImageObject\",\"inLanguage\":\"hu\",\"@id\":\"https:\/\/marekkuchcinski.pl\/cs\/wydarzenia\/15694\/#primaryimage\",\"url\":\"https:\/\/marekkuchcinski.pl\/wp-content\/uploads\/2019\/05\/1a-1.jpg\",\"contentUrl\":\"https:\/\/marekkuchcinski.pl\/wp-content\/uploads\/2019\/05\/1a-1.jpg\",\"width\":2048,\"height\":1371},{\"@type\":\"BreadcrumbList\",\"@id\":\"https:\/\/marekkuchcinski.pl\/cs\/wydarzenia\/15694\/#breadcrumb\",\"itemListElement\":[{\"@type\":\"ListItem\",\"position\":1,\"name\":\"Strona g\u0142\u00f3wna\",\"item\":\"https:\/\/marekkuchcinski.pl\/\"},{\"@type\":\"ListItem\",\"position\":2,\"name\":\"IPN przyzna\u0142 Nagrody &#8220;Kustosz Pami\u0119ci Narodowej&#8221;\"}]},{\"@type\":\"WebSite\",\"@id\":\"https:\/\/marekkuchcinski.pl\/#website\",\"url\":\"https:\/\/marekkuchcinski.pl\/\",\"name\":\"Marek Kuchci\u0144ski\",\"description\":\"Pose\u0142 na sejm RP &ndash; okr\u0119g nr 22\",\"publisher\":{\"@id\":\"https:\/\/marekkuchcinski.pl\/#organization\"},\"potentialAction\":[{\"@type\":\"SearchAction\",\"target\":{\"@type\":\"EntryPoint\",\"urlTemplate\":\"https:\/\/marekkuchcinski.pl\/?s={search_term_string}\"},\"query-input\":{\"@type\":\"PropertyValueSpecification\",\"valueRequired\":true,\"valueName\":\"search_term_string\"}}],\"inLanguage\":\"hu\"},{\"@type\":\"Organization\",\"@id\":\"https:\/\/marekkuchcinski.pl\/#organization\",\"name\":\"Marek Kuchci\u0144ski\",\"url\":\"https:\/\/marekkuchcinski.pl\/\",\"logo\":{\"@type\":\"ImageObject\",\"inLanguage\":\"hu\",\"@id\":\"https:\/\/marekkuchcinski.pl\/#\/schema\/logo\/image\/\",\"url\":\"https:\/\/marekkuchcinski.pl\/wp-content\/uploads\/2022\/09\/Marek.jpg\",\"contentUrl\":\"https:\/\/marekkuchcinski.pl\/wp-content\/uploads\/2022\/09\/Marek.jpg\",\"width\":1600,\"height\":971,\"caption\":\"Marek Kuchci\u0144ski\"},\"image\":{\"@id\":\"https:\/\/marekkuchcinski.pl\/#\/schema\/logo\/image\/\"}},{\"@type\":\"Person\",\"@id\":\"https:\/\/marekkuchcinski.pl\/#\/schema\/person\/6f62700996b4d950b6ea2d1183b6c6be\",\"name\":\"admin\",\"image\":{\"@type\":\"ImageObject\",\"inLanguage\":\"hu\",\"@id\":\"https:\/\/marekkuchcinski.pl\/#\/schema\/person\/image\/\",\"url\":\"https:\/\/secure.gravatar.com\/avatar\/4bab693b9d55c3d6b52c0296a8765085?s=96&d=mm&r=g\",\"contentUrl\":\"https:\/\/secure.gravatar.com\/avatar\/4bab693b9d55c3d6b52c0296a8765085?s=96&d=mm&r=g\",\"caption\":\"admin\"},\"url\":\"https:\/\/marekkuchcinski.pl\/hu\/author\/marta-olejnik\/\"}]}<\/script>\n<!-- \/ Yoast SEO plugin. -->","yoast_head_json":{"title":"IPN przyzna\u0142 Nagrody \"Kustosz Pami\u0119ci Narodowej\" &#8211; Marek Kuchci\u0144ski","robots":{"index":"index","follow":"follow","max-snippet":"max-snippet:-1","max-image-preview":"max-image-preview:large","max-video-preview":"max-video-preview:-1"},"canonical":"https:\/\/marekkuchcinski.pl\/hu\/wydarzenia\/15694\/","og_locale":"hu_HU","og_type":"article","og_title":"IPN przyzna\u0142 Nagrody \"Kustosz Pami\u0119ci Narodowej\" &#8211; Marek Kuchci\u0144ski","og_description":"Biada narodowi, kt\u00f3ry o zachowanie pami\u0105tek przesz\u0142o\u015bci si\u0119 nie stara; wyrok zguby w\u00f3wczas dla siebie pisze \u2013 te s\u0142owa \u015bw. Rafa\u0142a Kalinowskiego, powsta\u0144ca styczniowego, &nbsp;przy\u015bwiecaj\u0105 idei nagrody przyznawanej przez Instytut Pami\u0119ci Narodowej. Kustosza Pami\u0119ci otrzymuj\u0105 bowiem osoby, kt\u00f3re po\u015bwi\u0119caj\u0105 si\u0119 dla Polski \u2013 kultywuj\u0105 jej tradycj\u0119, histori\u0119, chroni\u0105 od zapomnienia narodowe dziedzictwo kraju, kt\u00f3ry wycierpia\u0142 [&hellip;]","og_url":"https:\/\/marekkuchcinski.pl\/hu\/wydarzenia\/15694\/","og_site_name":"Marek Kuchci\u0144ski","article_published_time":"2019-05-28T14:29:39+00:00","article_modified_time":"2019-05-29T07:19:41+00:00","og_image":[{"width":2048,"height":1371,"url":"https:\/\/marekkuchcinski.pl\/wp-content\/uploads\/2019\/05\/1a-1.jpg","type":"image\/jpeg"}],"author":"admin","twitter_card":"summary_large_image","twitter_misc":{"Szerz\u0151:":"admin","Becs\u00fclt olvas\u00e1si id\u0151":"3 perc"},"schema":{"@context":"https:\/\/schema.org","@graph":[{"@type":"Article","@id":"https:\/\/marekkuchcinski.pl\/cs\/wydarzenia\/15694\/#article","isPartOf":{"@id":"https:\/\/marekkuchcinski.pl\/cs\/wydarzenia\/15694\/"},"author":{"name":"admin","@id":"https:\/\/marekkuchcinski.pl\/#\/schema\/person\/6f62700996b4d950b6ea2d1183b6c6be"},"headline":"IPN przyzna\u0142 Nagrody &#8222;Kustosz Pami\u0119ci Narodowej&#8221;","datePublished":"2019-05-28T14:29:39+00:00","dateModified":"2019-05-29T07:19:41+00:00","mainEntityOfPage":{"@id":"https:\/\/marekkuchcinski.pl\/cs\/wydarzenia\/15694\/"},"wordCount":701,"commentCount":0,"publisher":{"@id":"https:\/\/marekkuchcinski.pl\/#organization"},"image":{"@id":"https:\/\/marekkuchcinski.pl\/cs\/wydarzenia\/15694\/#primaryimage"},"thumbnailUrl":"https:\/\/marekkuchcinski.pl\/wp-content\/uploads\/2019\/05\/1a-1.jpg","articleSection":["Wydarzenia"],"inLanguage":"hu","potentialAction":[{"@type":"CommentAction","name":"Comment","target":["https:\/\/marekkuchcinski.pl\/cs\/wydarzenia\/15694\/#respond"]}]},{"@type":"WebPage","@id":"https:\/\/marekkuchcinski.pl\/cs\/wydarzenia\/15694\/","url":"https:\/\/marekkuchcinski.pl\/cs\/wydarzenia\/15694\/","name":"IPN przyzna\u0142 Nagrody \"Kustosz Pami\u0119ci Narodowej\" &#8211; Marek Kuchci\u0144ski","isPartOf":{"@id":"https:\/\/marekkuchcinski.pl\/#website"},"primaryImageOfPage":{"@id":"https:\/\/marekkuchcinski.pl\/cs\/wydarzenia\/15694\/#primaryimage"},"image":{"@id":"https:\/\/marekkuchcinski.pl\/cs\/wydarzenia\/15694\/#primaryimage"},"thumbnailUrl":"https:\/\/marekkuchcinski.pl\/wp-content\/uploads\/2019\/05\/1a-1.jpg","datePublished":"2019-05-28T14:29:39+00:00","dateModified":"2019-05-29T07:19:41+00:00","breadcrumb":{"@id":"https:\/\/marekkuchcinski.pl\/cs\/wydarzenia\/15694\/#breadcrumb"},"inLanguage":"hu","potentialAction":[{"@type":"ReadAction","target":["https:\/\/marekkuchcinski.pl\/cs\/wydarzenia\/15694\/"]}]},{"@type":"ImageObject","inLanguage":"hu","@id":"https:\/\/marekkuchcinski.pl\/cs\/wydarzenia\/15694\/#primaryimage","url":"https:\/\/marekkuchcinski.pl\/wp-content\/uploads\/2019\/05\/1a-1.jpg","contentUrl":"https:\/\/marekkuchcinski.pl\/wp-content\/uploads\/2019\/05\/1a-1.jpg","width":2048,"height":1371},{"@type":"BreadcrumbList","@id":"https:\/\/marekkuchcinski.pl\/cs\/wydarzenia\/15694\/#breadcrumb","itemListElement":[{"@type":"ListItem","position":1,"name":"Strona g\u0142\u00f3wna","item":"https:\/\/marekkuchcinski.pl\/"},{"@type":"ListItem","position":2,"name":"IPN przyzna\u0142 Nagrody &#8220;Kustosz Pami\u0119ci Narodowej&#8221;"}]},{"@type":"WebSite","@id":"https:\/\/marekkuchcinski.pl\/#website","url":"https:\/\/marekkuchcinski.pl\/","name":"Marek Kuchci\u0144ski","description":"Pose\u0142 na sejm RP &ndash; okr\u0119g nr 22","publisher":{"@id":"https:\/\/marekkuchcinski.pl\/#organization"},"potentialAction":[{"@type":"SearchAction","target":{"@type":"EntryPoint","urlTemplate":"https:\/\/marekkuchcinski.pl\/?s={search_term_string}"},"query-input":{"@type":"PropertyValueSpecification","valueRequired":true,"valueName":"search_term_string"}}],"inLanguage":"hu"},{"@type":"Organization","@id":"https:\/\/marekkuchcinski.pl\/#organization","name":"Marek Kuchci\u0144ski","url":"https:\/\/marekkuchcinski.pl\/","logo":{"@type":"ImageObject","inLanguage":"hu","@id":"https:\/\/marekkuchcinski.pl\/#\/schema\/logo\/image\/","url":"https:\/\/marekkuchcinski.pl\/wp-content\/uploads\/2022\/09\/Marek.jpg","contentUrl":"https:\/\/marekkuchcinski.pl\/wp-content\/uploads\/2022\/09\/Marek.jpg","width":1600,"height":971,"caption":"Marek Kuchci\u0144ski"},"image":{"@id":"https:\/\/marekkuchcinski.pl\/#\/schema\/logo\/image\/"}},{"@type":"Person","@id":"https:\/\/marekkuchcinski.pl\/#\/schema\/person\/6f62700996b4d950b6ea2d1183b6c6be","name":"admin","image":{"@type":"ImageObject","inLanguage":"hu","@id":"https:\/\/marekkuchcinski.pl\/#\/schema\/person\/image\/","url":"https:\/\/secure.gravatar.com\/avatar\/4bab693b9d55c3d6b52c0296a8765085?s=96&d=mm&r=g","contentUrl":"https:\/\/secure.gravatar.com\/avatar\/4bab693b9d55c3d6b52c0296a8765085?s=96&d=mm&r=g","caption":"admin"},"url":"https:\/\/marekkuchcinski.pl\/hu\/author\/marta-olejnik\/"}]}},"_links":{"self":[{"href":"https:\/\/marekkuchcinski.pl\/hu\/wp-json\/wp\/v2\/posts\/15694","targetHints":{"allow":["GET"]}}],"collection":[{"href":"https:\/\/marekkuchcinski.pl\/hu\/wp-json\/wp\/v2\/posts"}],"about":[{"href":"https:\/\/marekkuchcinski.pl\/hu\/wp-json\/wp\/v2\/types\/post"}],"author":[{"embeddable":true,"href":"https:\/\/marekkuchcinski.pl\/hu\/wp-json\/wp\/v2\/users\/6"}],"replies":[{"embeddable":true,"href":"https:\/\/marekkuchcinski.pl\/hu\/wp-json\/wp\/v2\/comments?post=15694"}],"version-history":[{"count":7,"href":"https:\/\/marekkuchcinski.pl\/hu\/wp-json\/wp\/v2\/posts\/15694\/revisions"}],"predecessor-version":[{"id":15764,"href":"https:\/\/marekkuchcinski.pl\/hu\/wp-json\/wp\/v2\/posts\/15694\/revisions\/15764"}],"wp:featuredmedia":[{"embeddable":true,"href":"https:\/\/marekkuchcinski.pl\/hu\/wp-json\/wp\/v2\/media\/15723"}],"wp:attachment":[{"href":"https:\/\/marekkuchcinski.pl\/hu\/wp-json\/wp\/v2\/media?parent=15694"}],"wp:term":[{"taxonomy":"category","embeddable":true,"href":"https:\/\/marekkuchcinski.pl\/hu\/wp-json\/wp\/v2\/categories?post=15694"},{"taxonomy":"post_tag","embeddable":true,"href":"https:\/\/marekkuchcinski.pl\/hu\/wp-json\/wp\/v2\/tags?post=15694"}],"curies":[{"name":"wp","href":"https:\/\/api.w.org\/{rel}","templated":true}]}}