{"id":15534,"date":"2019-05-16T15:17:30","date_gmt":"2019-05-16T13:17:30","guid":{"rendered":"https:\/\/marekkuchcinski.pl\/?p=15534"},"modified":"2019-05-16T15:17:31","modified_gmt":"2019-05-16T13:17:31","slug":"500-zl-na-kazde-dziecko-juz-od-1-lipca-prezydent-podpisal-nowelizacje-ustawy","status":"publish","type":"post","link":"https:\/\/marekkuchcinski.pl\/hu\/wydarzenia\/500-zl-na-kazde-dziecko-juz-od-1-lipca-prezydent-podpisal-nowelizacje-ustawy\/","title":{"rendered":"500 PLN gyermekenk\u00e9nt j\u00falius 1-j\u00e9t\u0151l - az eln\u00f6k al\u00e1\u00edrta a t\u00f6rv\u00e9ny m\u00f3dos\u00edt\u00e1s\u00e1t."},"content":{"rendered":"<p><strong>Az eln\u00f6k al\u00e1\u00edrta a t\u00f6rv\u00e9ny korm\u00e1nyzati m\u00f3dos\u00edt\u00e1s\u00e1t, amely szerint minden gyermek \u00e9s 18 \u00e9ves korig minden gyermek \u00e9s tin\u00e9dzser jogosult lesz az 500 plusz juttat\u00e1sra. A t\u00e1mogat\u00e1sra j\u00falius 1-j\u00e9t\u0151l lehet jelentkezni. A program \u00faj v\u00e1ltozat\u00e1ban 6,8 milli\u00f3 gyermekre terjed ki.<\/strong><\/p>\n\n\n\n<p>A \"Csal\u00e1d 500 plusz\" program kiterjeszt\u00e9se az els\u0151 \u00e9s egyetlen gyermekre is az egyik olyan projekt, amely a Jog \u00e9s Igazs\u00e1goss\u00e1g p\u00e1rt \u00fagynevezett \u00daj \u00d6t\u00f6s\u00e9ben szerepel.<\/p>\n\n\n\n<p>A t\u00f6rv\u00e9ny indokl\u00e1sa szerint a csal\u00e1dpolitika a jelenlegi korm\u00e1ny tev\u00e9kenys\u00e9g\u00e9nek egyik legfontosabb ter\u00fclete. A 2016. \u00e1prilis 1-j\u00e9n hat\u00e1lyba l\u00e9pett Csal\u00e1d 500 plusz program az els\u0151 olyan program a rendszerszint\u0171 \u00e1talakul\u00e1s \u00f3ta, amely ilyen egy\u00e9rtelm\u0171en hangs\u00falyozza a csal\u00e1dba val\u00f3 befektet\u00e9s sz\u00fcks\u00e9gess\u00e9g\u00e9t, amely a csal\u00e1d val\u00f3di t\u00e1mogat\u00e1s\u00e1t jelenti.<\/p>\n\n\n\n<p>Az 500 pluszos csal\u00e1d teljesen megv\u00e1ltoztatta a csal\u00e1dok \u00e1llami t\u00e1mogat\u00e1s\u00e1nak szeml\u00e9let\u00e9t, \u00e9s a csal\u00e1dpolitik\u00e1r\u00f3l sz\u00f3l\u00f3 vit\u00e1ban hivatkoz\u00e1si pontt\u00e1 v\u00e1lt. A programnak \u00e9s a csal\u00e1doknak juttatott milli\u00e1rdos k\u00e9szp\u00e9nz\u00e1tutal\u00e1soknak k\u00f6sz\u00f6nhet\u0151en olyan emberek sz\u00e1m\u00e1ra nyitottunk fejl\u0151d\u00e9si perspekt\u00edv\u00e1kat, akik eddig a t\u00e1rsadalom perem\u00e9re szorultak. Vissza\u00e1ll\u00edtottuk a m\u00e9lt\u00f3s\u00e1gukat. A csal\u00e1dok csal\u00e1dpolitikai eszk\u00f6z\u00f6kkel t\u00f6rt\u00e9n\u0151 t\u00e1mogat\u00e1sa a hum\u00e1n t\u0151k\u00e9be val\u00f3 befektet\u00e9s, amelyt\u0151l az \u00e1llam eg\u00e9szs\u00e9ge nagym\u00e9rt\u00e9kben f\u00fcgg.<\/p>\n\n\n\n<p> - 500 plusz minden gyermek ut\u00e1n egy pro-szoci\u00e1lis \u00e9s szolidarit\u00e1si program; egy olyan program, amely ebben az \u00faj v\u00e1ltozatban meger\u0151s\u00edti t\u00e9zis\u00fcnket, miszerint a v\u00e1llalkoz\u00f3i Lengyelorsz\u00e1g \u00e9s a szolid\u00e1ris Lengyelorsz\u00e1g nem kell, hogy ellentmond\u00e1sos legyen, hogy a szolid\u00e1ris Lengyelorsz\u00e1g \u00e9s a v\u00e1llalkoz\u00f3i Lengyelorsz\u00e1g egy Lengyelorsz\u00e1g. Az ehhez hasonl\u00f3 programok es\u00e9lyt teremtenek haz\u00e1nk fejl\u0151d\u00e9s\u00e9re, ez\u00e9rt nagyon \u00f6r\u00fcl\u00f6k, hogy ez a program az eg\u00e9sz ellenz\u00e9k k\u00f6r\u00e9ben elfogad\u00e1st nyer\" - \u00e9rvelt Mateusz Morawiecki minisztereln\u00f6k. <\/p>\n\n\n\n<figure class=\"wp-block-embed is-type-rich is-provider-marek-kuchcinski\"><div class=\"wp-block-embed__wrapper\">\n<blockquote class=\"wp-embedded-content\" data-secret=\"aXRiCFM5fr\"><a href=\"https:\/\/marekkuchcinski.pl\/uk\/wydarzenia\/pis-skutecznie-pomaga-ludziom-i-ogranicza-biede-i-nierownosci\/\">Lengyelorsz\u00e1g \u00e9len j\u00e1r az \u00e9letsz\u00ednvonal kiegyenl\u00edt\u00e9s\u00e9ben. A PiS hat\u00e9konyan cs\u00f6kkenti a gazdagok \u00e9s szeg\u00e9nyek k\u00f6z\u00f6tti k\u00fcl\u00f6nbs\u00e9geket<\/a><\/blockquote><iframe class=\"wp-embedded-content\" sandbox=\"allow-scripts\" security=\"restricted\" style=\"position: absolute; clip: rect(1px, 1px, 1px, 1px);\" title=\"&quot;Lengyelorsz\u00e1g \u00e9len j\u00e1r az \u00e9letsz\u00ednvonal kiegyenl\u00edt\u00e9s\u00e9ben. A PiS hat\u00e9konyan cs\u00f6kkenti a szeg\u00e9nyek \u00e9s a gazdagok k\u00f6z\u00f6tti szakad\u00e9kot&quot; - Marek Kuchci\u0144ski\" src=\"https:\/\/marekkuchcinski.pl\/uk\/wydarzenia\/pis-skutecznie-pomaga-ludziom-i-ogranicza-biede-i-nierownosci\/embed\/#?secret=aXRiCFM5fr\" data-secret=\"aXRiCFM5fr\" width=\"600\" height=\"338\" frameborder=\"0\" marginwidth=\"0\" marginheight=\"0\" scrolling=\"no\"><\/iframe>\n<\/div><\/figure>","protected":false},"excerpt":{"rendered":"<p>Prezydent podpisa\u0142 rz\u0105dow\u0105 nowelizacj\u0119 ustawy, zgodnie z kt\u00f3r\u0105 prawo do \u015bwiadczenia 500 plus b\u0119d\u0105 mia\u0142y wszystkie dzieci i nastolatkowie do 18 lat. Wnioski o \u015bwiadczenie mo\u017cna sk\u0142ada\u0107 od 1 lipca. Program w nowej ods\u0142onie obejmie 6,8 mln dzieci. Rozszerzenie programu &#8222;Rodzina 500 plus&#8221; tak\u017ce na pierwsze i jedyne dziecko to jeden z projekt\u00f3w wchodz\u0105cych w [&hellip;]<\/p>","protected":false},"author":6,"featured_media":15535,"comment_status":"open","ping_status":"open","sticky":false,"template":"","format":"standard","meta":{"ngg_post_thumbnail":0,"footnotes":""},"categories":[82,3],"tags":[],"class_list":["post-15534","post","type-post","status-publish","format-standard","has-post-thumbnail","hentry","category-prawo-i-sprawiedliwosc","category-wydarzenia"],"yoast_head":"<!-- This site is optimized with the Yoast SEO plugin v24.7 - https:\/\/yoast.com\/wordpress\/plugins\/seo\/ -->\n<title>500 z\u0142 na ka\u017cde dziecko ju\u017c od 1 lipca - prezydent podpisa\u0142 nowelizacj\u0119 ustawy &#8211; Marek Kuchci\u0144ski<\/title>\n<meta name=\"robots\" content=\"index, follow, max-snippet:-1, max-image-preview:large, max-video-preview:-1\" \/>\n<link rel=\"canonical\" href=\"https:\/\/marekkuchcinski.pl\/hu\/wydarzenia\/500-zl-na-kazde-dziecko-juz-od-1-lipca-prezydent-podpisal-nowelizacje-ustawy\/\" \/>\n<meta property=\"og:locale\" content=\"hu_HU\" \/>\n<meta property=\"og:type\" content=\"article\" \/>\n<meta property=\"og:title\" content=\"500 z\u0142 na ka\u017cde dziecko ju\u017c od 1 lipca - prezydent podpisa\u0142 nowelizacj\u0119 ustawy &#8211; Marek Kuchci\u0144ski\" \/>\n<meta property=\"og:description\" content=\"Prezydent podpisa\u0142 rz\u0105dow\u0105 nowelizacj\u0119 ustawy, zgodnie z kt\u00f3r\u0105 prawo do \u015bwiadczenia 500 plus b\u0119d\u0105 mia\u0142y wszystkie dzieci i nastolatkowie do 18 lat. Wnioski o \u015bwiadczenie mo\u017cna sk\u0142ada\u0107 od 1 lipca. Program w nowej ods\u0142onie obejmie 6,8 mln dzieci. Rozszerzenie programu &#8222;Rodzina 500 plus&#8221; tak\u017ce na pierwsze i jedyne dziecko to jeden z projekt\u00f3w wchodz\u0105cych w [&hellip;]\" \/>\n<meta property=\"og:url\" content=\"https:\/\/marekkuchcinski.pl\/hu\/wydarzenia\/500-zl-na-kazde-dziecko-juz-od-1-lipca-prezydent-podpisal-nowelizacje-ustawy\/\" \/>\n<meta property=\"og:site_name\" content=\"Marek Kuchci\u0144ski\" \/>\n<meta property=\"article:published_time\" content=\"2019-05-16T13:17:30+00:00\" \/>\n<meta property=\"article:modified_time\" content=\"2019-05-16T13:17:31+00:00\" \/>\n<meta property=\"og:image\" content=\"https:\/\/marekkuchcinski.pl\/wp-content\/uploads\/2019\/05\/500.jpg\" \/>\n\t<meta property=\"og:image:width\" content=\"609\" \/>\n\t<meta property=\"og:image:height\" content=\"370\" \/>\n\t<meta property=\"og:image:type\" content=\"image\/jpeg\" \/>\n<meta name=\"author\" content=\"admin\" \/>\n<meta name=\"twitter:card\" content=\"summary_large_image\" \/>\n<meta name=\"twitter:label1\" content=\"Szerz\u0151:\" \/>\n\t<meta name=\"twitter:data1\" content=\"admin\" \/>\n\t<meta name=\"twitter:label2\" content=\"Becs\u00fclt olvas\u00e1si id\u0151\" \/>\n\t<meta name=\"twitter:data2\" content=\"1 perc\" \/>\n<script type=\"application\/ld+json\" class=\"yoast-schema-graph\">{\"@context\":\"https:\/\/schema.org\",\"@graph\":[{\"@type\":\"Article\",\"@id\":\"https:\/\/marekkuchcinski.pl\/en\/wydarzenia\/500-zl-na-kazde-dziecko-juz-od-1-lipca-prezydent-podpisal-nowelizacje-ustawy\/#article\",\"isPartOf\":{\"@id\":\"https:\/\/marekkuchcinski.pl\/en\/wydarzenia\/500-zl-na-kazde-dziecko-juz-od-1-lipca-prezydent-podpisal-nowelizacje-ustawy\/\"},\"author\":{\"name\":\"admin\",\"@id\":\"https:\/\/marekkuchcinski.pl\/#\/schema\/person\/6f62700996b4d950b6ea2d1183b6c6be\"},\"headline\":\"500 z\u0142 na ka\u017cde dziecko ju\u017c od 1 lipca &#8211; prezydent podpisa\u0142 nowelizacj\u0119 ustawy\",\"datePublished\":\"2019-05-16T13:17:30+00:00\",\"dateModified\":\"2019-05-16T13:17:31+00:00\",\"mainEntityOfPage\":{\"@id\":\"https:\/\/marekkuchcinski.pl\/en\/wydarzenia\/500-zl-na-kazde-dziecko-juz-od-1-lipca-prezydent-podpisal-nowelizacje-ustawy\/\"},\"wordCount\":300,\"commentCount\":0,\"publisher\":{\"@id\":\"https:\/\/marekkuchcinski.pl\/#organization\"},\"image\":{\"@id\":\"https:\/\/marekkuchcinski.pl\/en\/wydarzenia\/500-zl-na-kazde-dziecko-juz-od-1-lipca-prezydent-podpisal-nowelizacje-ustawy\/#primaryimage\"},\"thumbnailUrl\":\"https:\/\/marekkuchcinski.pl\/wp-content\/uploads\/2019\/05\/500.jpg\",\"articleSection\":[\"Prawo i Sprawiedliwo\u015b\u0107\",\"Wydarzenia\"],\"inLanguage\":\"hu\",\"potentialAction\":[{\"@type\":\"CommentAction\",\"name\":\"Comment\",\"target\":[\"https:\/\/marekkuchcinski.pl\/en\/wydarzenia\/500-zl-na-kazde-dziecko-juz-od-1-lipca-prezydent-podpisal-nowelizacje-ustawy\/#respond\"]}]},{\"@type\":\"WebPage\",\"@id\":\"https:\/\/marekkuchcinski.pl\/en\/wydarzenia\/500-zl-na-kazde-dziecko-juz-od-1-lipca-prezydent-podpisal-nowelizacje-ustawy\/\",\"url\":\"https:\/\/marekkuchcinski.pl\/en\/wydarzenia\/500-zl-na-kazde-dziecko-juz-od-1-lipca-prezydent-podpisal-nowelizacje-ustawy\/\",\"name\":\"500 z\u0142 na ka\u017cde dziecko ju\u017c od 1 lipca - prezydent podpisa\u0142 nowelizacj\u0119 ustawy &#8211; Marek Kuchci\u0144ski\",\"isPartOf\":{\"@id\":\"https:\/\/marekkuchcinski.pl\/#website\"},\"primaryImageOfPage\":{\"@id\":\"https:\/\/marekkuchcinski.pl\/en\/wydarzenia\/500-zl-na-kazde-dziecko-juz-od-1-lipca-prezydent-podpisal-nowelizacje-ustawy\/#primaryimage\"},\"image\":{\"@id\":\"https:\/\/marekkuchcinski.pl\/en\/wydarzenia\/500-zl-na-kazde-dziecko-juz-od-1-lipca-prezydent-podpisal-nowelizacje-ustawy\/#primaryimage\"},\"thumbnailUrl\":\"https:\/\/marekkuchcinski.pl\/wp-content\/uploads\/2019\/05\/500.jpg\",\"datePublished\":\"2019-05-16T13:17:30+00:00\",\"dateModified\":\"2019-05-16T13:17:31+00:00\",\"breadcrumb\":{\"@id\":\"https:\/\/marekkuchcinski.pl\/en\/wydarzenia\/500-zl-na-kazde-dziecko-juz-od-1-lipca-prezydent-podpisal-nowelizacje-ustawy\/#breadcrumb\"},\"inLanguage\":\"hu\",\"potentialAction\":[{\"@type\":\"ReadAction\",\"target\":[\"https:\/\/marekkuchcinski.pl\/en\/wydarzenia\/500-zl-na-kazde-dziecko-juz-od-1-lipca-prezydent-podpisal-nowelizacje-ustawy\/\"]}]},{\"@type\":\"ImageObject\",\"inLanguage\":\"hu\",\"@id\":\"https:\/\/marekkuchcinski.pl\/en\/wydarzenia\/500-zl-na-kazde-dziecko-juz-od-1-lipca-prezydent-podpisal-nowelizacje-ustawy\/#primaryimage\",\"url\":\"https:\/\/marekkuchcinski.pl\/wp-content\/uploads\/2019\/05\/500.jpg\",\"contentUrl\":\"https:\/\/marekkuchcinski.pl\/wp-content\/uploads\/2019\/05\/500.jpg\",\"width\":609,\"height\":370},{\"@type\":\"BreadcrumbList\",\"@id\":\"https:\/\/marekkuchcinski.pl\/en\/wydarzenia\/500-zl-na-kazde-dziecko-juz-od-1-lipca-prezydent-podpisal-nowelizacje-ustawy\/#breadcrumb\",\"itemListElement\":[{\"@type\":\"ListItem\",\"position\":1,\"name\":\"Strona g\u0142\u00f3wna\",\"item\":\"https:\/\/marekkuchcinski.pl\/\"},{\"@type\":\"ListItem\",\"position\":2,\"name\":\"500 z\u0142 na ka\u017cde dziecko ju\u017c od 1 lipca &#8211; prezydent podpisa\u0142 nowelizacj\u0119 ustawy\"}]},{\"@type\":\"WebSite\",\"@id\":\"https:\/\/marekkuchcinski.pl\/#website\",\"url\":\"https:\/\/marekkuchcinski.pl\/\",\"name\":\"Marek Kuchci\u0144ski\",\"description\":\"Pose\u0142 na sejm RP &ndash; okr\u0119g nr 22\",\"publisher\":{\"@id\":\"https:\/\/marekkuchcinski.pl\/#organization\"},\"potentialAction\":[{\"@type\":\"SearchAction\",\"target\":{\"@type\":\"EntryPoint\",\"urlTemplate\":\"https:\/\/marekkuchcinski.pl\/?s={search_term_string}\"},\"query-input\":{\"@type\":\"PropertyValueSpecification\",\"valueRequired\":true,\"valueName\":\"search_term_string\"}}],\"inLanguage\":\"hu\"},{\"@type\":\"Organization\",\"@id\":\"https:\/\/marekkuchcinski.pl\/#organization\",\"name\":\"Marek Kuchci\u0144ski\",\"url\":\"https:\/\/marekkuchcinski.pl\/\",\"logo\":{\"@type\":\"ImageObject\",\"inLanguage\":\"hu\",\"@id\":\"https:\/\/marekkuchcinski.pl\/#\/schema\/logo\/image\/\",\"url\":\"https:\/\/marekkuchcinski.pl\/wp-content\/uploads\/2022\/09\/Marek.jpg\",\"contentUrl\":\"https:\/\/marekkuchcinski.pl\/wp-content\/uploads\/2022\/09\/Marek.jpg\",\"width\":1600,\"height\":971,\"caption\":\"Marek Kuchci\u0144ski\"},\"image\":{\"@id\":\"https:\/\/marekkuchcinski.pl\/#\/schema\/logo\/image\/\"}},{\"@type\":\"Person\",\"@id\":\"https:\/\/marekkuchcinski.pl\/#\/schema\/person\/6f62700996b4d950b6ea2d1183b6c6be\",\"name\":\"admin\",\"image\":{\"@type\":\"ImageObject\",\"inLanguage\":\"hu\",\"@id\":\"https:\/\/marekkuchcinski.pl\/#\/schema\/person\/image\/\",\"url\":\"https:\/\/secure.gravatar.com\/avatar\/4bab693b9d55c3d6b52c0296a8765085?s=96&d=mm&r=g\",\"contentUrl\":\"https:\/\/secure.gravatar.com\/avatar\/4bab693b9d55c3d6b52c0296a8765085?s=96&d=mm&r=g\",\"caption\":\"admin\"},\"url\":\"https:\/\/marekkuchcinski.pl\/hu\/author\/marta-olejnik\/\"}]}<\/script>\n<!-- \/ Yoast SEO plugin. -->","yoast_head_json":{"title":"500 z\u0142 na ka\u017cde dziecko ju\u017c od 1 lipca - prezydent podpisa\u0142 nowelizacj\u0119 ustawy &#8211; Marek Kuchci\u0144ski","robots":{"index":"index","follow":"follow","max-snippet":"max-snippet:-1","max-image-preview":"max-image-preview:large","max-video-preview":"max-video-preview:-1"},"canonical":"https:\/\/marekkuchcinski.pl\/hu\/wydarzenia\/500-zl-na-kazde-dziecko-juz-od-1-lipca-prezydent-podpisal-nowelizacje-ustawy\/","og_locale":"hu_HU","og_type":"article","og_title":"500 z\u0142 na ka\u017cde dziecko ju\u017c od 1 lipca - prezydent podpisa\u0142 nowelizacj\u0119 ustawy &#8211; Marek Kuchci\u0144ski","og_description":"Prezydent podpisa\u0142 rz\u0105dow\u0105 nowelizacj\u0119 ustawy, zgodnie z kt\u00f3r\u0105 prawo do \u015bwiadczenia 500 plus b\u0119d\u0105 mia\u0142y wszystkie dzieci i nastolatkowie do 18 lat. Wnioski o \u015bwiadczenie mo\u017cna sk\u0142ada\u0107 od 1 lipca. Program w nowej ods\u0142onie obejmie 6,8 mln dzieci. Rozszerzenie programu &#8222;Rodzina 500 plus&#8221; tak\u017ce na pierwsze i jedyne dziecko to jeden z projekt\u00f3w wchodz\u0105cych w [&hellip;]","og_url":"https:\/\/marekkuchcinski.pl\/hu\/wydarzenia\/500-zl-na-kazde-dziecko-juz-od-1-lipca-prezydent-podpisal-nowelizacje-ustawy\/","og_site_name":"Marek Kuchci\u0144ski","article_published_time":"2019-05-16T13:17:30+00:00","article_modified_time":"2019-05-16T13:17:31+00:00","og_image":[{"width":609,"height":370,"url":"https:\/\/marekkuchcinski.pl\/wp-content\/uploads\/2019\/05\/500.jpg","type":"image\/jpeg"}],"author":"admin","twitter_card":"summary_large_image","twitter_misc":{"Szerz\u0151:":"admin","Becs\u00fclt olvas\u00e1si id\u0151":"1 perc"},"schema":{"@context":"https:\/\/schema.org","@graph":[{"@type":"Article","@id":"https:\/\/marekkuchcinski.pl\/en\/wydarzenia\/500-zl-na-kazde-dziecko-juz-od-1-lipca-prezydent-podpisal-nowelizacje-ustawy\/#article","isPartOf":{"@id":"https:\/\/marekkuchcinski.pl\/en\/wydarzenia\/500-zl-na-kazde-dziecko-juz-od-1-lipca-prezydent-podpisal-nowelizacje-ustawy\/"},"author":{"name":"admin","@id":"https:\/\/marekkuchcinski.pl\/#\/schema\/person\/6f62700996b4d950b6ea2d1183b6c6be"},"headline":"500 z\u0142 na ka\u017cde dziecko ju\u017c od 1 lipca &#8211; prezydent podpisa\u0142 nowelizacj\u0119 ustawy","datePublished":"2019-05-16T13:17:30+00:00","dateModified":"2019-05-16T13:17:31+00:00","mainEntityOfPage":{"@id":"https:\/\/marekkuchcinski.pl\/en\/wydarzenia\/500-zl-na-kazde-dziecko-juz-od-1-lipca-prezydent-podpisal-nowelizacje-ustawy\/"},"wordCount":300,"commentCount":0,"publisher":{"@id":"https:\/\/marekkuchcinski.pl\/#organization"},"image":{"@id":"https:\/\/marekkuchcinski.pl\/en\/wydarzenia\/500-zl-na-kazde-dziecko-juz-od-1-lipca-prezydent-podpisal-nowelizacje-ustawy\/#primaryimage"},"thumbnailUrl":"https:\/\/marekkuchcinski.pl\/wp-content\/uploads\/2019\/05\/500.jpg","articleSection":["Prawo i Sprawiedliwo\u015b\u0107","Wydarzenia"],"inLanguage":"hu","potentialAction":[{"@type":"CommentAction","name":"Comment","target":["https:\/\/marekkuchcinski.pl\/en\/wydarzenia\/500-zl-na-kazde-dziecko-juz-od-1-lipca-prezydent-podpisal-nowelizacje-ustawy\/#respond"]}]},{"@type":"WebPage","@id":"https:\/\/marekkuchcinski.pl\/en\/wydarzenia\/500-zl-na-kazde-dziecko-juz-od-1-lipca-prezydent-podpisal-nowelizacje-ustawy\/","url":"https:\/\/marekkuchcinski.pl\/en\/wydarzenia\/500-zl-na-kazde-dziecko-juz-od-1-lipca-prezydent-podpisal-nowelizacje-ustawy\/","name":"500 z\u0142 na ka\u017cde dziecko ju\u017c od 1 lipca - prezydent podpisa\u0142 nowelizacj\u0119 ustawy &#8211; Marek Kuchci\u0144ski","isPartOf":{"@id":"https:\/\/marekkuchcinski.pl\/#website"},"primaryImageOfPage":{"@id":"https:\/\/marekkuchcinski.pl\/en\/wydarzenia\/500-zl-na-kazde-dziecko-juz-od-1-lipca-prezydent-podpisal-nowelizacje-ustawy\/#primaryimage"},"image":{"@id":"https:\/\/marekkuchcinski.pl\/en\/wydarzenia\/500-zl-na-kazde-dziecko-juz-od-1-lipca-prezydent-podpisal-nowelizacje-ustawy\/#primaryimage"},"thumbnailUrl":"https:\/\/marekkuchcinski.pl\/wp-content\/uploads\/2019\/05\/500.jpg","datePublished":"2019-05-16T13:17:30+00:00","dateModified":"2019-05-16T13:17:31+00:00","breadcrumb":{"@id":"https:\/\/marekkuchcinski.pl\/en\/wydarzenia\/500-zl-na-kazde-dziecko-juz-od-1-lipca-prezydent-podpisal-nowelizacje-ustawy\/#breadcrumb"},"inLanguage":"hu","potentialAction":[{"@type":"ReadAction","target":["https:\/\/marekkuchcinski.pl\/en\/wydarzenia\/500-zl-na-kazde-dziecko-juz-od-1-lipca-prezydent-podpisal-nowelizacje-ustawy\/"]}]},{"@type":"ImageObject","inLanguage":"hu","@id":"https:\/\/marekkuchcinski.pl\/en\/wydarzenia\/500-zl-na-kazde-dziecko-juz-od-1-lipca-prezydent-podpisal-nowelizacje-ustawy\/#primaryimage","url":"https:\/\/marekkuchcinski.pl\/wp-content\/uploads\/2019\/05\/500.jpg","contentUrl":"https:\/\/marekkuchcinski.pl\/wp-content\/uploads\/2019\/05\/500.jpg","width":609,"height":370},{"@type":"BreadcrumbList","@id":"https:\/\/marekkuchcinski.pl\/en\/wydarzenia\/500-zl-na-kazde-dziecko-juz-od-1-lipca-prezydent-podpisal-nowelizacje-ustawy\/#breadcrumb","itemListElement":[{"@type":"ListItem","position":1,"name":"Strona g\u0142\u00f3wna","item":"https:\/\/marekkuchcinski.pl\/"},{"@type":"ListItem","position":2,"name":"500 z\u0142 na ka\u017cde dziecko ju\u017c od 1 lipca &#8211; prezydent podpisa\u0142 nowelizacj\u0119 ustawy"}]},{"@type":"WebSite","@id":"https:\/\/marekkuchcinski.pl\/#website","url":"https:\/\/marekkuchcinski.pl\/","name":"Marek Kuchci\u0144ski","description":"Pose\u0142 na sejm RP &ndash; okr\u0119g nr 22","publisher":{"@id":"https:\/\/marekkuchcinski.pl\/#organization"},"potentialAction":[{"@type":"SearchAction","target":{"@type":"EntryPoint","urlTemplate":"https:\/\/marekkuchcinski.pl\/?s={search_term_string}"},"query-input":{"@type":"PropertyValueSpecification","valueRequired":true,"valueName":"search_term_string"}}],"inLanguage":"hu"},{"@type":"Organization","@id":"https:\/\/marekkuchcinski.pl\/#organization","name":"Marek Kuchci\u0144ski","url":"https:\/\/marekkuchcinski.pl\/","logo":{"@type":"ImageObject","inLanguage":"hu","@id":"https:\/\/marekkuchcinski.pl\/#\/schema\/logo\/image\/","url":"https:\/\/marekkuchcinski.pl\/wp-content\/uploads\/2022\/09\/Marek.jpg","contentUrl":"https:\/\/marekkuchcinski.pl\/wp-content\/uploads\/2022\/09\/Marek.jpg","width":1600,"height":971,"caption":"Marek Kuchci\u0144ski"},"image":{"@id":"https:\/\/marekkuchcinski.pl\/#\/schema\/logo\/image\/"}},{"@type":"Person","@id":"https:\/\/marekkuchcinski.pl\/#\/schema\/person\/6f62700996b4d950b6ea2d1183b6c6be","name":"admin","image":{"@type":"ImageObject","inLanguage":"hu","@id":"https:\/\/marekkuchcinski.pl\/#\/schema\/person\/image\/","url":"https:\/\/secure.gravatar.com\/avatar\/4bab693b9d55c3d6b52c0296a8765085?s=96&d=mm&r=g","contentUrl":"https:\/\/secure.gravatar.com\/avatar\/4bab693b9d55c3d6b52c0296a8765085?s=96&d=mm&r=g","caption":"admin"},"url":"https:\/\/marekkuchcinski.pl\/hu\/author\/marta-olejnik\/"}]}},"_links":{"self":[{"href":"https:\/\/marekkuchcinski.pl\/hu\/wp-json\/wp\/v2\/posts\/15534","targetHints":{"allow":["GET"]}}],"collection":[{"href":"https:\/\/marekkuchcinski.pl\/hu\/wp-json\/wp\/v2\/posts"}],"about":[{"href":"https:\/\/marekkuchcinski.pl\/hu\/wp-json\/wp\/v2\/types\/post"}],"author":[{"embeddable":true,"href":"https:\/\/marekkuchcinski.pl\/hu\/wp-json\/wp\/v2\/users\/6"}],"replies":[{"embeddable":true,"href":"https:\/\/marekkuchcinski.pl\/hu\/wp-json\/wp\/v2\/comments?post=15534"}],"version-history":[{"count":1,"href":"https:\/\/marekkuchcinski.pl\/hu\/wp-json\/wp\/v2\/posts\/15534\/revisions"}],"predecessor-version":[{"id":15536,"href":"https:\/\/marekkuchcinski.pl\/hu\/wp-json\/wp\/v2\/posts\/15534\/revisions\/15536"}],"wp:featuredmedia":[{"embeddable":true,"href":"https:\/\/marekkuchcinski.pl\/hu\/wp-json\/wp\/v2\/media\/15535"}],"wp:attachment":[{"href":"https:\/\/marekkuchcinski.pl\/hu\/wp-json\/wp\/v2\/media?parent=15534"}],"wp:term":[{"taxonomy":"category","embeddable":true,"href":"https:\/\/marekkuchcinski.pl\/hu\/wp-json\/wp\/v2\/categories?post=15534"},{"taxonomy":"post_tag","embeddable":true,"href":"https:\/\/marekkuchcinski.pl\/hu\/wp-json\/wp\/v2\/tags?post=15534"}],"curies":[{"name":"wp","href":"https:\/\/api.w.org\/{rel}","templated":true}]}}