{"id":15466,"date":"2019-05-13T16:15:03","date_gmt":"2019-05-13T14:15:03","guid":{"rendered":"https:\/\/marekkuchcinski.pl\/?p=15466"},"modified":"2019-05-13T16:31:18","modified_gmt":"2019-05-13T14:31:18","slug":"15466","status":"publish","type":"post","link":"https:\/\/marekkuchcinski.pl\/hu\/wydarzenia\/15466\/","title":{"rendered":"A Szejm eln\u00f6k\u00e9nek \u00e9ves tal\u00e1lkoz\u00f3ja a diplom\u00e1ciai test\u00fclettel"},"content":{"rendered":"<p>Az Alkotm\u00e1ny m\u00e1jus 3-i nemzeti \u00fcnnepe alkalm\u00e1b\u00f3l Marek Kuchci\u0144ski, a szejm eln\u00f6ke h\u00e9tf\u0151n az oszlopcsarnokban tal\u00e1lkozott a diplom\u00e1ciai test\u00fclet tagjaival. A szejm eln\u00f6ke megk\u00f6sz\u00f6nve a diplomat\u00e1k jelenl\u00e9t\u00e9t, r\u00e1mutatott a H\u00e1z sz\u00e1m\u00e1ra fontos \u00e9vfordul\u00f3kra: A Lublini Uni\u00f3hoz val\u00f3 1569-es csatlakoz\u00e1s 450. \u00e9vfordul\u00f3ja \u00e9s a m\u00e1jus 3-i alkotm\u00e1nyos nap 1919 febru\u00e1rj\u00e1ban t\u00f6rt\u00e9n\u0151 kihirdet\u00e9s\u00e9nek 100. \u00e9vfordul\u00f3ja. - A modern parlament a Lengyel K\u00f6zt\u00e1rsas\u00e1g politikai rendszer\u00e9nek alapvet\u0151 r\u00e9sze. Tavaly, a lengyel parlamentarizmus 550. \u00e9vfordul\u00f3j\u00e1nak \u00fcnnepl\u00e9se alkalm\u00e1b\u00f3l sz\u00e1mos tal\u00e1lkoz\u00f3ra, szimp\u00f3ziumra \u00e9s konferenci\u00e1ra ker\u00fclt sor, amelyek megmutatt\u00e1k, hogy az 1791. m\u00e1jus 3-i alkotm\u00e1ny 1791-es elfogad\u00e1s\u00e1t a politikusok \u00e9s a polg\u00e1rok egyar\u00e1nt a lengyel parlamentarizmus legkiemelked\u0151bb teljes\u00edtm\u00e9ny\u00e9nek tekintik\" - mondta Kuchci\u0144ski marsall. Eml\u00e9keztetett arra, hogy j\u00fanius 30-\u00e1n Lublinban k\u00f6z\u00f6s lengyel-litv\u00e1n \u00fcnneps\u00e9get tartanak a lublini uni\u00f3 450. \u00e9vfordul\u00f3ja alkalm\u00e1b\u00f3l. &nbsp;<\/p>\n\n\n\n<p>A tal\u00e1lkoz\u00f3n r\u00e9szt vett Ryszard Terlecki, a Szejm aleln\u00f6ke, Agnieszka Kaczmarska, a Szejm kancell\u00e1ri\u00e1j\u00e1nak vezet\u0151je \u00e9s helyettesei, valamint a diplom\u00e1ciai test\u00fclet d\u00e9k\u00e1nja, Salvatore Pennacchio \u00e9rsek, apostoli nuncius is.<\/p>\n\n\n\n<p>A szejm eln\u00f6ke besz\u00e9d\u00e9ben utalt Lengyelorsz\u00e1g \u00e9s m\u00e1s k\u00f6z\u00e9p-eur\u00f3pai orsz\u00e1gok eur\u00f3pai uni\u00f3s tags\u00e1g\u00e1nak 15., valamint NATO-tags\u00e1guk 20. \u00e9vfordul\u00f3j\u00e1ra. - Ez mindenekel\u0151tt Eur\u00f3pa h\u00e1bor\u00fa ut\u00e1ni megosztotts\u00e1g\u00e1nak v\u00e9g\u00e9t jelenti. \u00c9s rem\u00e9lem, hogy a k\u00f6zelj\u00f6v\u0151ben Eur\u00f3pa m\u00e1s \u00e1llamai is felv\u00e9telt nyernek az \u00c9szak-atlanti Sz\u00f6vets\u00e9gbe \u00e9s az EU-ba.<\/p>\n\n\n\n<p>Az \u00fcl\u00e9sen nem hi\u00e1nyzott a szejm \u00e1ltal v\u00e9grehajtott esem\u00e9nyekre val\u00f3 hivatkoz\u00e1s. Kuchci\u0144ski h\u00e1zeln\u00f6k felh\u00edvta a figyelmet a szejm 2016-os kezdem\u00e9nyez\u00e9s\u00e9re, amely a k\u00f6z\u00e9p- \u00e9s kelet-eur\u00f3pai parlamentek eln\u00f6kei cs\u00facstal\u00e1lkoz\u00f3j\u00e1nak \u00f6sszeh\u00edv\u00e1s\u00e1ra ir\u00e1nyul, amelynek \u00fcl\u00e9seit \u00e9vente Vars\u00f3ban tartj\u00e1k. - Jelenleg folynak az el\u0151k\u00e9sz\u00fcletek a negyedik cs\u00facstal\u00e1lkoz\u00f3ra, amelyre j\u00fanius 4-5-\u00e9n ker\u00fcl sor. Ez\u00e9rt sokan tal\u00e1lkoznak majd vel\u00fcnk a cs\u00facstal\u00e1lkoz\u00f3n. A cs\u00facstal\u00e1lkoz\u00f3 a d\u00e1tum miatt fontos sz\u00e1munkra. Harminc \u00e9vvel ezel\u0151tt, j\u00fanius 4-\u00e9n tartott\u00e1k Lengyelorsz\u00e1gban az els\u0151 r\u00e9szben szabad szejm- \u00e9s teljesen szabad szen\u00e1tusi v\u00e1laszt\u00e1sokat. Lengyelorsz\u00e1gban a nemzet alapvet\u0151 t\u00f6rt\u00e9nelmi v\u00e1ltoz\u00e1st akart, \u00e9s ezt az urn\u00e1kn\u00e1l fejezte ki\" - \u00e9rt\u00e9kelte a szejm eln\u00f6ke. &nbsp;<\/p>\n\n\n\n<p>Marek Kuchci\u0144ski eml\u00e9keztetett arra is, hogy a Szejm mindig t\u00e1mogatja a k\u00e9toldal\u00fa bar\u00e1ti csoportokon bel\u00fcli egy\u00fcttm\u0171k\u00f6d\u00e9st. Hangs\u00falyozta tov\u00e1bb\u00e1 a nemzetk\u00f6zi kezdem\u00e9nyez\u00e9sek fontoss\u00e1g\u00e1t, mint p\u00e9ld\u00e1ul a H\u00e1romv\u00e1ros kezdem\u00e9nyez\u00e9s, valamint a nemzetk\u00f6zi egy\u00fcttm\u0171k\u00f6d\u00e9s m\u00e1s orsz\u00e1gok parlamentjeivel, nem csak az eur\u00f3paiakkal, vagy a lengyel deleg\u00e1ci\u00f3k r\u00e9szv\u00e9tele a NATO, az Eur\u00f3pa Tan\u00e1cs, az EBESZ, a Visegr\u00e1di Csoport \u00e9s a K\u00e1rp\u00e1ti Eur\u00f3pa \u00fcl\u00e9sein. - Diplom\u00e1ciai tev\u00e9kenys\u00e9g\u00fcnk t\u00falmutat a tiszt\u00e1n parlamenti egy\u00fcttm\u0171k\u00f6d\u00e9sen. Ez a K\u00e1rp\u00e1t-medencei \u00e1llamok egy\u00fcttm\u0171k\u00f6d\u00e9s\u00e9ben is kifejez\u0151dik. Ennek egyik eleme a K\u00e1rp\u00e1tok Eur\u00f3p\u00e1ja konferencia, amelyet Lengyelorsz\u00e1g sz\u00e1mos pontj\u00e1n rendszeresen megrendeznek. Nemr\u00e9g Krasiczynban, a k\u00f6vetkez\u0151t pedig Krynic\u00e1ban rendezz\u00fck a Gazdas\u00e1gi F\u00f3rum keret\u00e9ben szeptember 4-6-\u00e1n, amelyre szeretettel megh\u00edvom \u00d6n\u00f6ket - mondta Kuchci\u0144ski marsall.<\/p>\n\n\n\n<p>A diplom\u00e1ciai test\u00fclet tagjai \u00e9s a Szejm eln\u00f6ke k\u00f6z\u00f6tt \u00e9vek \u00f3ta rendszeresen tartanak tal\u00e1lkoz\u00f3kat. Lehet\u0151s\u00e9get biztos\u00edtanak az aktu\u00e1lis k\u00e9rd\u00e9sek megvitat\u00e1s\u00e1ra, a Szejm nemzetk\u00f6zi egy\u00fcttm\u0171k\u00f6d\u00e9ssel kapcsolatos tev\u00e9kenys\u00e9geinek megvitat\u00e1s\u00e1ra, valamint inform\u00e1lis megbesz\u00e9l\u00e9sekre.<\/p>\n\n\n\n<p><\/p>\n\n\n\n<p><strong>Marek Kuchci\u0144ski szejmeln\u00f6k teljes besz\u00e9de:<\/strong><\/p>\n\n\n\n<p>Excellenci\u00e1d, \u00e9rsek \u00far, a lengyelorsz\u00e1gi diplom\u00e1ciai test\u00fclet d\u00e9k\u00e1nja,<\/p>\n\n\n\n<p>Excellenci\u00e1k, tisztelt H\u00f6lgyeim \u00e9s Uraim Nagyk\u00f6vetek,<\/p>\n\n\n\n<p>\t\u00dcdv\u00f6zl\u00f6m \u00e9s k\u00f6sz\u00f6n\u00f6m, hogy elfogadta a Szejmbe sz\u00f3l\u00f3 megh\u00edv\u00e1st, a mai <strong>egy olyan tal\u00e1lkoz\u00f3, amelyre a nagy \u00e9vfordul\u00f3k \u00e9v\u00e9ben ker\u00fcl sor.<\/strong> a parlamentarizmus t\u00f6rt\u00e9nete, az 1569-ben v\u00e1llalt lublini uni\u00f3 450. \u00e9vfordul\u00f3j\u00e1n. <\/p>\n\n\n\n<p> &nbsp;&nbsp;&nbsp;&nbsp;&nbsp;&nbsp;&nbsp;<strong>Volt parlament <\/strong>A politikai nemzet k\u00e9pviselet\u00e9nek szerep\u00e9t t\u00f6lt\u00f6tte be, amelyet a nemess\u00e9g alkotott a k\u00f6z\u00e9pkor \u00f3ta, Nagy K\u00e1zm\u00e9r kir\u00e1ly uralkod\u00e1s\u00e1t\u00f3l kezdve, hogy t\u00f6rv\u00e9nyhoz\u00f3i \u00e9s ellen\u0151rz\u0151 funkci\u00f3kat v\u00e1llaljon Magyar Lajos, Ladislaus Jagell\u00f3 \u00e9s Jagell\u00f3 K\u00e1zm\u00e9r alatt. <strong>A mai parlament<\/strong> a Lengyel K\u00f6zt\u00e1rsas\u00e1g politikai rendszer\u00e9nek alapvet\u0151 r\u00e9sz\u00e9t k\u00e9pezi, amely meghat\u00e1rozza annak demokratikus arculat\u00e1t. <\/p>\n\n\n\n<p>Tavaly, a lengyel parlamentarizmus 550. \u00e9vfordul\u00f3ja alkalm\u00e1b\u00f3l rendezett \u00fcnneps\u00e9gek alkalm\u00e1val sz\u00e1mos tal\u00e1lkoz\u00f3ra, szimp\u00f3ziumra \u00e9s konferenci\u00e1ra ker\u00fclt sor, amelyekb\u0151l kider\u00fclt, hogy az 1791. m\u00e1jus 3-i alkotm\u00e1ny elfogad\u00e1s\u00e1t a lengyel parlamentarizmus legkiemelked\u0151bb eredm\u00e9ny\u00e9nek tekintik.<\/p>\n\n\n\n<p>\t<strong>M\u00e1jus 3-i alkotm\u00e1ny<\/strong> olyan fontos tett volt a lengyelek sz\u00e1m\u00e1ra, hogy 1919 febru\u00e1rj\u00e1ban a t\u00f6rv\u00e9nyhoz\u00f3 gy\u0171l\u00e9s, amelynek 100. \u00e9vfordul\u00f3j\u00e1t most \u00fcnnepelj\u00fck, m\u00e1jus 3-\u00e1t nemzeti \u00fcnnepp\u00e9 nyilv\u00e1n\u00edtotta. <\/p>\n\n\n\n<p>Az Alkotm\u00e1ny az egy \u00e1llamban - a Lengyel-Litv\u00e1n K\u00f6z\u00f6ss\u00e9gben - \u00e9l\u0151 nemzetek k\u00e9pvisel\u0151inek k\u00f6z\u00f6s munk\u00e1ja volt. Ma, m\u00e1jus 3-\u00e1n az alkotm\u00e1ny napja Litv\u00e1ni\u00e1ban is \u00fcnnepnap.<\/p>\n\n\n\n<p>\t<strong>1569-ben Lengyelorsz\u00e1g \u00e9s Litv\u00e1nia a lublini uni\u00f3ban egyes\u00fclt.<\/strong> - egyenl\u0151 \u00e9s \u00f6nk\u00e9ntes \u00e1llamsz\u00f6vets\u00e9g. A 450. \u00e9vfordul\u00f3t j\u00fanius 30-\u00e1n k\u00f6z\u00f6sen \u00fcnneplik Lublinban. Az \u00fcnneps\u00e9gekre megh\u00edvtuk azon orsz\u00e1gok parlamenti eln\u00f6keit, amelyek orsz\u00e1gai \u00e9s n\u00e9pei akkoriban szint\u00e9n a Lengyel-Litv\u00e1n Nemzetk\u00f6z\u00f6ss\u00e9g r\u00e9sz\u00e9t k\u00e9pezt\u00e9k. Szeretn\u00e9m megh\u00edvni \u00d6n\u00f6ket, a diplom\u00e1ciai test\u00fclet k\u00e9pvisel\u0151it is, hogy vegyenek r\u00e9szt ezen az esem\u00e9nyen. &nbsp;<\/p>\n\n\n\n<p>\tH\u00f6lgyeim \u00e9s uraim, \u00fagy gondolom, hogy itt term\u00e9szetesen tov\u00e1bbl\u00e9phet\u00fcnk. <strong>a Lublini Uni\u00f3t\u00f3l az Eur\u00f3pai Uni\u00f3hoz.<\/strong> <\/p>\n\n\n\n<p>Id\u00e9n \u00fcnnepelj\u00fck <strong>Lengyelorsz\u00e1g \u00e9s m\u00e1s k\u00f6z\u00e9p-eur\u00f3pai orsz\u00e1gok Eur\u00f3pai Uni\u00f3hoz val\u00f3 csatlakoz\u00e1s\u00e1nak 15. \u00e9vfordul\u00f3ja \u00e9s Lengyelorsz\u00e1g NATO-csatlakoz\u00e1s\u00e1nak 20. \u00e9vfordul\u00f3ja<\/strong>. Ez minden szempontb\u00f3l t\u00f6rt\u00e9nelmi jelent\u0151s\u00e9g\u0171, mindenekel\u0151tt Eur\u00f3pa h\u00e1bor\u00fa ut\u00e1ni megosztotts\u00e1g\u00e1nak v\u00e9g\u00e9t jelenti. \u00c9s rem\u00e9lem, hogy a k\u00f6zelj\u00f6v\u0151ben Eur\u00f3pa m\u00e1s orsz\u00e1gait is felveszik a NATO-ba \u00e9s az EU-ba.<br><\/p>\n\n\n\n<p>Szeretn\u00e9k felid\u00e9zni egy k\u00f6zelm\u00faltbeli esem\u00e9nyt, az uni\u00f3s parlamenti eln\u00f6k\u00f6k b\u00e9csi konferenci\u00e1j\u00e1t. Rugalmasan reag\u00e1l a felmer\u00fcl\u0151 probl\u00e9m\u00e1kra, \u00e9s megpr\u00f3b\u00e1lja azokat konstrukt\u00edvan megoldani. <\/p>\n\n\n\n<p>\tA lengyel parlament a nemzetk\u00f6zi egy\u00fcttm\u0171k\u00f6d\u00e9s minden form\u00e1j\u00e1t nagyra \u00e9rt\u00e9keli, de val\u00f3di megel\u00e9ged\u00e9ssel t\u00e1mogatjuk a t\u00f6bboldal\u00fa kezdem\u00e9nyez\u00e9seket. Gondolok itt a 2016-os kezdem\u00e9nyez\u00e9sre, hogy \u00f6sszeh\u00edvj\u00e1k a <strong>A k\u00f6z\u00e9p- \u00e9s kelet-eur\u00f3pai parlamenti eln\u00f6k\u00f6k cs\u00facstal\u00e1lkoz\u00f3ja<\/strong>. A cs\u00facstal\u00e1lkoz\u00f3t \u00e9vente rendezik meg Vars\u00f3ban. A j\u00fanius 4-5-\u00e9n megrendez\u00e9sre ker\u00fcl\u0151 negyedik cs\u00facstal\u00e1lkoz\u00f3 el\u0151k\u00e9sz\u00fcletei m\u00e1r folyamatban vannak. Ez\u00e9rt sokukkal tal\u00e1lkozunk majd a cs\u00facstal\u00e1lkoz\u00f3n, amikor elk\u00eds\u00e9rik a deleg\u00e1ci\u00f3ikat.<\/p>\n\n\n\n<p>\tA cs\u00facstal\u00e1lkoz\u00f3 az\u00e9rt is fontos, mert 1989. j\u00fanius 4-\u00e9n, harminc \u00e9vvel ezel\u0151tt tartott\u00e1k az els\u0151 r\u00e9szben szabad parlamenti v\u00e1laszt\u00e1sokat Lengyelorsz\u00e1gban. Abban az \u00e9vben Magyarorsz\u00e1gon \u00e9s az akkori Csehszlov\u00e1ki\u00e1ban is v\u00e1ltoz\u00e1sok t\u00f6rt\u00e9ntek a b\u00e1rsonyos forradalom form\u00e1j\u00e1ban. Ezek az esem\u00e9nyek a berlini fal leoml\u00e1sa el\u0151tt t\u00f6rt\u00e9ntek. <br><\/p>\n\n\n\n<p>Lengyelorsz\u00e1gban a nemzet t\u00f6rt\u00e9nelmi v\u00e1ltoz\u00e1st akart, \u00e9s ezt egy\u00e9rtelm\u0171en kifejezte a szavaz\u00f3urn\u00e1kn\u00e1l. <br><\/p>\n\n\n\n<p>\u00c9rdemes megeml\u00edteni a Tri-Marokk\u00f3i Kezdem\u00e9nyez\u00e9st is, amely mintegy lencsev\u00e9gre kapja a legfontosabbat: az integr\u00e1ci\u00f3 gondolat\u00e1t az \u00e1llamok \u00e9s nemzetek biztons\u00e1g\u00e1t garant\u00e1l\u00f3 int\u00e9zked\u00e9sekkel, bele\u00e9rtve az energiabiztons\u00e1got \u00e9s a kommunik\u00e1ci\u00f3s h\u00e1l\u00f3zatok fejleszt\u00e9s\u00e9t.<br><\/p>\n\n\n\n<p>A lengyel Szejm minden lehets\u00e9ges \u00e9s fontos ter\u00fcleten fejleszti a parlamenti diplom\u00e1ci\u00e1t. Erre p\u00e9lda a NATO Parlamenti K\u00f6zgy\u0171l\u00e9s\u00e9nek tavaly tavaszi vars\u00f3i \u00fcl\u00e9sszaka. Az \u00fcl\u00e9s j\u00f3l siker\u00fclt \u00e9s sikeres volt. <\/p>\n\n\n\n<p>\tSzeretn\u00e9k r\u00e1mutatni a lengyel parlamenti k\u00fcld\u00f6tts\u00e9gek tev\u00e9kenys\u00e9g\u00e9re a NATO-ban, az Eur\u00f3pa Tan\u00e1csban \u00e9s az EBESZ-ben. Sz\u00e1mos orsz\u00e1gba k\u00fcld\u00fcnk k\u00fcld\u00f6tts\u00e9geket a v\u00e1laszt\u00e1sok megfigyel\u00e9s\u00e9re. <\/p>\n\n\n\n<p>(PL) Eln\u00f6k \u00far, az Eur\u00f3pa Tan\u00e1cs Parlamenti K\u00f6zgy\u0171l\u00e9s\u00e9nek lengyel k\u00fcld\u00f6tts\u00e9ge kezdem\u00e9nyezte egy \u00e1ll\u00e1sfoglal\u00e1s elfogad\u00e1s\u00e1t a szmolenszki rep\u00fcl\u0151g\u00e9p-szerencs\u00e9tlens\u00e9gb\u0151l sz\u00e1rmaz\u00f3 rep\u00fcl\u0151g\u00e9p roncsainak Oroszorsz\u00e1g \u00e1ltali visszaszolg\u00e1ltat\u00e1s\u00e1r\u00f3l. Ez az \u00fcgy m\u00e9g mindig megoldatlan.<\/p>\n\n\n\n<p>\tAkt\u00edvan r\u00e9szt vesz <strong>Parlamenti k\u00f6zgy\u0171l\u00e9sek<\/strong>. Tavaly novemberben tartott\u00e1k a Lengyelorsz\u00e1g-Litv\u00e1nia-Ukrajna h\u00e1romoldal\u00fa k\u00f6zgy\u0171l\u00e9st. Id\u00e9n febru\u00e1rban pedig 10 \u00e9v sz\u00fcnet ut\u00e1n a lengyel Szejm \u00e9s Szen\u00e1tus, valamint a litv\u00e1n Szejm parlamenti k\u00f6zgy\u0171l\u00e9s\u00e9nek \u00fcl\u00e9s\u00e9re ker\u00fclt sor.<\/p>\n\n\n\n<p>\tA k\u00f6zelm\u00faltban egy \u00faj lengyel-gr\u00faz parlamenti k\u00f6zgy\u0171l\u00e9s csatlakozott a k\u00f6zgy\u0171l\u00e9sek list\u00e1j\u00e1hoz. Az els\u0151 \u00fcl\u00e9sre id\u00e9n febru\u00e1rban ker\u00fclt sor, \u00e9s azt megel\u0151zte a 2018 november\u00e9ben Gr\u00fazi\u00e1ban tett l\u00e1togat\u00e1som. <\/p>\n\n\n\n<p>\tJ\u00f3l halad a Lengyelorsz\u00e1g-Moldova Parlamenti K\u00f6zgy\u0171l\u00e9s k\u00f6z\u00f6tti egy\u00fcttm\u0171k\u00f6d\u00e9s is, amely 2018 j\u00falius\u00e1ban \u00f6t\u00f6dik alkalommal \u00fcl\u00e9sezett, ez\u00fattal Kisinyovban. Folytatjuk a lengyel-ukr\u00e1n parlamenti egy\u00fcttm\u0171k\u00f6d\u00e9st is, amit a lengyel-ukr\u00e1n parlamenti k\u00f6zgy\u0171l\u00e9s 11. \u00fcl\u00e9se id\u00e9n m\u00e1rciusban Kijevben, valamint a k\u00e9toldal\u00fa parlamenti csoportokon bel\u00fcli egy\u00fcttm\u0171k\u00f6d\u00e9s is bizony\u00edt.<\/p>\n\n\n\n<p>\tRendk\u00edv\u00fcl j\u00f3 h\u00edrekkel szolg\u00e1lhatok az egy\u00fcttm\u0171k\u00f6d\u00e9s\u00fcnkr\u0151l a <strong>Visegr\u00e1di Csoport<\/strong>A szlov\u00e1k eln\u00f6ks\u00e9g alatt h\u00e1romszor tal\u00e1lkoztunk a parlamenti eln\u00f6k\u00f6k szintj\u00e9n. A szlov\u00e1k eln\u00f6ks\u00e9g alatt h\u00e1romszor tal\u00e1lkoztunk parlamenti eln\u00f6k\u00f6k szintj\u00e9n, \u00e9s a tal\u00e1lkoz\u00f3 formul\u00e1ja folyamatosan b\u0151v\u00fcl, hogy \u00fajabb orsz\u00e1gokat vonjon be, ami a r\u00e9gi\u00f3 sz\u00e1m\u00e1ra val\u00f3 vonzerej\u00e9t bizony\u00edthatja. <\/p>\n\n\n\n<p>\tA Visegr\u00e1di Csoporton bel\u00fcli szoros egy\u00fcttm\u0171k\u00f6d\u00e9s nem sz\u00fcnteti meg vagy korl\u00e1tozza az egyes visegr\u00e1di parlamentek k\u00f6z\u00f6tti k\u00e9toldal\u00fa egy\u00fcttm\u0171k\u00f6d\u00e9st. Tov\u00e1bbra is tal\u00e1lkozunk a Szejm \u00e9s a Cseh K\u00f6zt\u00e1rsas\u00e1g k\u00e9pvisel\u0151h\u00e1z\u00e1nak eln\u00f6ks\u00e9g\u00e9vel, \u00e9s a magyar parlamenttel val\u00f3 kapcsolatok folyamatosan nagyon akt\u00edvak, bele\u00e9rtve a szigor\u00faan parlamenti tal\u00e1lkoz\u00f3kat, de a sz\u00e9lesebb k\u00f6r\u0171 rendezv\u00e9nyeket is, mint p\u00e9ld\u00e1ul a Lengyelorsz\u00e1g f\u00fcggetlens\u00e9g\u00e9nek sz\u00e1zadik \u00e9vfordul\u00f3ja alkalm\u00e1b\u00f3l a Magyar Orsz\u00e1ggy\u0171l\u00e9sben tartott konferenci\u00e1n val\u00f3 r\u00e9szv\u00e9telem.<br><\/p>\n\n\n\n<p>Egy\u00fcttm\u0171k\u00f6d\u00e9s\u00fcnk a parlamenten k\u00edv\u00fcli ter\u00fcleteket is \u00e9rinti, ami p\u00e9ld\u00e1ul a K\u00e1rp\u00e1t-medencei orsz\u00e1gok k\u00f6z\u00f6tti egy\u00fcttm\u0171k\u00f6d\u00e9sben nyilv\u00e1nul meg. Ennek az egy\u00fcttm\u0171k\u00f6d\u00e9snek \u00e1lland\u00f3 \u00e9s fejl\u0151d\u0151 eleme a konferencia. <strong>K\u00e1rp\u00e1ti Eur\u00f3pa.<\/strong> Az idei, gazdag tematik\u00e1j\u00fa rendezv\u00e9nyt febru\u00e1rban tartott\u00e1k Krasiczynban. A K\u00e1rp\u00e1tok Eur\u00f3p\u00e1ja sorozat szeptemberi tal\u00e1lkoz\u00f3it Krynica Zdr\u00f3jban folytatjuk a Gazdas\u00e1gi F\u00f3rum keret\u00e9ben (2019. szeptember 3-5.). \u00c9s megh\u00edvjuk \u00d6nt, hogy vegyen r\u00e9szt benne.<br><\/p>\n\n\n\n<p>A k\u00f6z\u00e9p-eur\u00f3pai r\u00e9gi\u00f3 \u00e9s a t\u00f6bboldal\u00fa k\u00e1rp\u00e1ti egy\u00fcttm\u0171k\u00f6d\u00e9s jelent\u0151s\u00e9g\u00e9nek n\u00f6vel\u00e9s\u00e9nek egyik eredm\u00e9nye, hogy a K\u00e1rp\u00e1t-medencei orsz\u00e1gok - V4, Rom\u00e1nia \u00e9s Ukrajna - egyetemeinek egy csoportja munkameg\u00e1llapod\u00e1st hozott l\u00e9tre. Felvette a latin Collegium Carpathicum nevet. T\u00e1mogatjuk ezt a fajta tev\u00e9kenys\u00e9get a r\u00e9gi\u00f3ban.<br><\/p>\n\n\n\n<p>\tA k\u00e9toldal\u00fa tal\u00e1lkoz\u00f3kon kereszt\u00fcl megval\u00f3sul\u00f3 k\u00e9toldal\u00fa egy\u00fcttm\u0171k\u00f6d\u00e9s szint\u00e9n fontos. Ilyen kezdem\u00e9nyez\u00e9sre p\u00e9lda a tavalyi 6. lengyel-spanyol parlamenti f\u00f3rum Santiago de Compostel\u00e1ban.<\/p>\n\n\n\n<p>\u00c9l\u00e9nk \u00e9s dinamikus egy\u00fcttm\u0171k\u00f6d\u00e9s k\u00f6ti \u00f6ssze a lengyel szejmet a balk\u00e1ni orsz\u00e1gok parlamentjeivel. Szeretn\u00e9m hangs\u00falyozni az eln\u00f6k\u00f6k \u00e9s a parlamentek k\u00e9pvisel\u0151inek akt\u00edv r\u00e9szv\u00e9tel\u00e9t a vars\u00f3i cs\u00facstal\u00e1lkoz\u00f3kon, ami \u00f6szt\u00f6nzi a k\u00e9toldal\u00fa tal\u00e1lkoz\u00f3kat \u00e9s konzult\u00e1ci\u00f3kat. A parlamenti egy\u00fcttm\u0171k\u00f6d\u00e9s \u00e9s a politikai \u00e9s t\u00f6rt\u00e9nelmi jelleg\u0171 t\u00f6bboldal\u00fa tal\u00e1lkoz\u00f3kon val\u00f3 r\u00e9szv\u00e9tel nagyon dinamikus. Szeretn\u00e9m t\u00e1j\u00e9koztatni \u00d6n\u00f6ket, hogy a k\u00e9toldal\u00fa csoportok megl\u00e9v\u0151 egy\u00fcttm\u0171k\u00f6d\u00e9se mellett egy \u00faj egy\u00fcttm\u0171k\u00f6d\u00e9si form\u00e1val b\u0151v\u00fclt\u00fcnk, nevezetesen a region\u00e1lis lengyel-balk\u00e1ni parlamenti csoporttal, amely ez \u00e9v janu\u00e1rj\u00e1ban j\u00f6tt l\u00e9tre. M\u00e1rciusban a csoport k\u00fcld\u00f6tts\u00e9ge Szerbi\u00e1ba \u00e9s \u00c9szak-Maced\u00f3ni\u00e1ba l\u00e1togatott.<\/p>\n\n\n\n<p>\tMindig is hat\u00e1rozottan t\u00e1mogattuk a k\u00e9toldal\u00fa bar\u00e1ti csoportokban val\u00f3 egy\u00fcttm\u0171k\u00f6d\u00e9st. Folyamatosan \u00faj k\u00e9pvisel\u0151csoportok j\u00f6nnek l\u00e9tre, \u00e9s jelenleg 85 k\u00e9pvisel\u0151csoport van a Parlamentben. <\/p>\n\n\n\n<p>Az elm\u00falt 12 h\u00f3napban a Szejm sz\u00e1mos l\u00e1togat\u00e1snak adott otthont, de k\u00fcld\u00f6tts\u00e9geink bar\u00e1ti parlamenteket is megl\u00e1togattak. Az egy\u00fcttm\u0171k\u00f6d\u00e9sben t\u00f6bbek k\u00f6z\u00f6tt Alb\u00e1nia, Sza\u00fad-Ar\u00e1bia, \u00d6rm\u00e9nyorsz\u00e1g, Ausztr\u00e1lia, Feh\u00e9roroszorsz\u00e1g, Bulg\u00e1ria, Horv\u00e1torsz\u00e1g, Montenegr\u00f3, a Cseh K\u00f6zt\u00e1rsas\u00e1g, a F\u00fcl\u00f6p-szigetek, Ir\u00e1n, \u00cdrorsz\u00e1g, Kazahszt\u00e1n, \u00c9szak-Maced\u00f3nia, Marokk\u00f3, Mong\u00f3lia, N\u00e9metorsz\u00e1g, Norv\u00e9gia, Szlov\u00e1kia, a Sv\u00e1jci \u00c1llamsz\u00f6vets\u00e9g, Ukrajna \u00e9s Vietnam parlamentje vett r\u00e9szt. <\/p>\n\n\n\n<p>\tA m\u00e1s orsz\u00e1gokkal fenntartott kapcsolatok ter\u00e9n tartott esem\u00e9nyek k\u00f6z\u00fcl szeretn\u00e9m megeml\u00edteni a jap\u00e1n parlamenttel fenntartott kapcsolatok ter\u00e9n v\u00e9gzett tev\u00e9kenys\u00e9get, valamint az \u00c1zsia-csendes-\u00f3ce\u00e1ni nap megszervez\u00e9s\u00e9t.<\/p>\n\n\n\n<p>\tNemzetk\u00f6zi egy\u00fcttm\u0171k\u00f6d\u00e9s\u00fcnk t\u00falmutat a tiszt\u00e1n parlamenti dimenzi\u00f3n. Az elm\u00falt 12 h\u00f3napban tal\u00e1lkoztam a k\u00f6vetkez\u0151 orsz\u00e1gok \u00e1llam- \u00e9s korm\u00e1nyf\u0151ivel: Csehorsz\u00e1g, Szlov\u00e1kia, Magyarorsz\u00e1g, Litv\u00e1nia, Gr\u00fazia \u00e9s ezen orsz\u00e1gok parlamentjeinek eln\u00f6kei, valamint: Rom\u00e1nia Szen\u00e1tusa, Szlov\u00e9nia \u00c1llamtan\u00e1csa, a Belarusz K\u00f6zt\u00e1rsas\u00e1g Tan\u00e1csa \u00e9s a sv\u00e9d Riksdag.<\/p>\n\n\n\n<p> Excellenci\u00e1im, H\u00f6lgyeim \u00e9s Uraim, a bemutatott inform\u00e1ci\u00f3k csak n\u00e9h\u00e1ny l\u00e1togat\u00e1sra, tal\u00e1lkoz\u00f3ra, konferenci\u00e1ra utalnak. Els\u0151sorban azokat eml\u00edtettem, amelyek meger\u0151s\u00edtenek \u00e9s illusztr\u00e1lnak valamilyen tendenci\u00e1t vagy ir\u00e1nyt. \u00d6r\u00fcl\u00f6k, hogy ezt megtehettem a nemzeti \u00fcnnep\u00fcnk alkalm\u00e1b\u00f3l rendezett \u00fcnneps\u00e9gen, amelyre az\u00e9rt j\u00f6ttek el, hogy egy\u00fctt tisztelegjenek a lengyel parlamentarizmus e nagyszer\u0171 munk\u00e1ja el\u0151tt, \u00e9s hogy kifejezz\u00e9k bar\u00e1ts\u00e1gukat \u00e9s t\u00e1mogat\u00e1sukat Lengyelorsz\u00e1g ir\u00e1nt, ami\u00e9rt \u0151szint\u00e9n k\u00f6sz\u00f6netet mondok \u00d6n\u00f6knek.<\/p>\n\n\n\n<p><em>Fot\u00f3: Rafa\u0142 Zambrzycki<\/em><\/p>\n\n\n\n<figure class=\"wp-block-image\"><img fetchpriority=\"high\" decoding=\"async\" width=\"800\" height=\"533\" src=\"https:\/\/marekkuchcinski.pl\/wp-content\/uploads\/2019\/05\/RZ__6011.view_.jpg\" alt=\"\" class=\"wp-image-15467\" srcset=\"https:\/\/marekkuchcinski.pl\/wp-content\/uploads\/2019\/05\/RZ__6011.view_.jpg 800w, https:\/\/marekkuchcinski.pl\/wp-content\/uploads\/2019\/05\/RZ__6011.view_-300x200.jpg 300w, https:\/\/marekkuchcinski.pl\/wp-content\/uploads\/2019\/05\/RZ__6011.view_-768x512.jpg 768w\" sizes=\"(max-width: 800px) 100vw, 800px\" \/><\/figure>\n\n\n\n<figure class=\"wp-block-image\"><img decoding=\"async\" width=\"1024\" height=\"683\" src=\"https:\/\/marekkuchcinski.pl\/wp-content\/uploads\/2019\/05\/RZ__5985-1024x683.jpeg\" alt=\"\" class=\"wp-image-15471\" srcset=\"https:\/\/marekkuchcinski.pl\/wp-content\/uploads\/2019\/05\/RZ__5985-1024x683.jpeg 1024w, https:\/\/marekkuchcinski.pl\/wp-content\/uploads\/2019\/05\/RZ__5985-300x200.jpeg 300w, https:\/\/marekkuchcinski.pl\/wp-content\/uploads\/2019\/05\/RZ__5985-768x512.jpeg 768w, https:\/\/marekkuchcinski.pl\/wp-content\/uploads\/2019\/05\/RZ__5985.jpeg 2048w\" sizes=\"(max-width: 1024px) 100vw, 1024px\" \/><\/figure>\n\n\n\n<figure class=\"wp-block-image\"><img decoding=\"async\" width=\"1024\" height=\"683\" src=\"https:\/\/marekkuchcinski.pl\/wp-content\/uploads\/2019\/05\/60057138_2735601806481159_3430266499573481472_n-1024x683.jpg\" alt=\"\" class=\"wp-image-15474\" srcset=\"https:\/\/marekkuchcinski.pl\/wp-content\/uploads\/2019\/05\/60057138_2735601806481159_3430266499573481472_n-1024x683.jpg 1024w, https:\/\/marekkuchcinski.pl\/wp-content\/uploads\/2019\/05\/60057138_2735601806481159_3430266499573481472_n-300x200.jpg 300w, https:\/\/marekkuchcinski.pl\/wp-content\/uploads\/2019\/05\/60057138_2735601806481159_3430266499573481472_n-768x512.jpg 768w, https:\/\/marekkuchcinski.pl\/wp-content\/uploads\/2019\/05\/60057138_2735601806481159_3430266499573481472_n.jpg 2048w\" sizes=\"(max-width: 1024px) 100vw, 1024px\" \/><\/figure>","protected":false},"excerpt":{"rendered":"<p>Z okazji \u015awi\u0119ta Narodowego Konstytucji 3 Maja marsza\u0142ek Sejmu Marek Kuchci\u0144ski spotka\u0142 si\u0119 w poniedzia\u0142ek w Sali Kolumnowej z korpusem dyplomatycznym. Dzi\u0119kuj\u0105c dyplomatom za obecno\u015b\u0107 Marsza\u0142ek Sejmu wskaza\u0142 na wa\u017cne dla Izby rocznice: 450-lecia przyst\u0105pienia do Unii Lubelskiej w 1569 roku oraz 100-lecia og\u0142oszenia Dnia Konstytucji 3 Maja w lutym 1919 r. \u2013 Wsp\u00f3\u0142czesny Parlament [&hellip;]<\/p>","protected":false},"author":6,"featured_media":15467,"comment_status":"open","ping_status":"open","sticky":false,"template":"","format":"standard","meta":{"ngg_post_thumbnail":0,"footnotes":""},"categories":[81,50,3],"tags":[],"class_list":["post-15466","post","type-post","status-publish","format-standard","has-post-thumbnail","hentry","category-wiesci-z-sejmu","category-wspolpraca-miedzynarodowa","category-wydarzenia"],"yoast_head":"<!-- This site is optimized with the Yoast SEO plugin v24.7 - https:\/\/yoast.com\/wordpress\/plugins\/seo\/ -->\n<title>Doroczne spotkanie marsza\u0142ka Sejmu z korpusem dyplomatycznym &#8211; Marek Kuchci\u0144ski<\/title>\n<meta name=\"robots\" content=\"index, follow, max-snippet:-1, max-image-preview:large, max-video-preview:-1\" \/>\n<link rel=\"canonical\" href=\"https:\/\/marekkuchcinski.pl\/hu\/wydarzenia\/15466\/\" \/>\n<meta property=\"og:locale\" content=\"hu_HU\" \/>\n<meta property=\"og:type\" content=\"article\" \/>\n<meta property=\"og:title\" content=\"Doroczne spotkanie marsza\u0142ka Sejmu z korpusem dyplomatycznym &#8211; Marek Kuchci\u0144ski\" \/>\n<meta property=\"og:description\" content=\"Z okazji \u015awi\u0119ta Narodowego Konstytucji 3 Maja marsza\u0142ek Sejmu Marek Kuchci\u0144ski spotka\u0142 si\u0119 w poniedzia\u0142ek w Sali Kolumnowej z korpusem dyplomatycznym. Dzi\u0119kuj\u0105c dyplomatom za obecno\u015b\u0107 Marsza\u0142ek Sejmu wskaza\u0142 na wa\u017cne dla Izby rocznice: 450-lecia przyst\u0105pienia do Unii Lubelskiej w 1569 roku oraz 100-lecia og\u0142oszenia Dnia Konstytucji 3 Maja w lutym 1919 r. \u2013 Wsp\u00f3\u0142czesny Parlament [&hellip;]\" \/>\n<meta property=\"og:url\" content=\"https:\/\/marekkuchcinski.pl\/hu\/wydarzenia\/15466\/\" \/>\n<meta property=\"og:site_name\" content=\"Marek Kuchci\u0144ski\" \/>\n<meta property=\"article:published_time\" content=\"2019-05-13T14:15:03+00:00\" \/>\n<meta property=\"article:modified_time\" content=\"2019-05-13T14:31:18+00:00\" \/>\n<meta property=\"og:image\" content=\"https:\/\/marekkuchcinski.pl\/wp-content\/uploads\/2019\/05\/RZ__6011.view_.jpg\" \/>\n\t<meta property=\"og:image:width\" content=\"800\" \/>\n\t<meta property=\"og:image:height\" content=\"533\" \/>\n\t<meta property=\"og:image:type\" content=\"image\/jpeg\" \/>\n<meta name=\"author\" content=\"admin\" \/>\n<meta name=\"twitter:card\" content=\"summary_large_image\" \/>\n<meta name=\"twitter:label1\" content=\"Szerz\u0151:\" \/>\n\t<meta name=\"twitter:data1\" content=\"admin\" \/>\n\t<meta name=\"twitter:label2\" content=\"Becs\u00fclt olvas\u00e1si id\u0151\" \/>\n\t<meta name=\"twitter:data2\" content=\"10 perc\" \/>\n<script type=\"application\/ld+json\" class=\"yoast-schema-graph\">{\"@context\":\"https:\/\/schema.org\",\"@graph\":[{\"@type\":\"Article\",\"@id\":\"https:\/\/marekkuchcinski.pl\/hu\/wydarzenia\/15466\/#article\",\"isPartOf\":{\"@id\":\"https:\/\/marekkuchcinski.pl\/hu\/wydarzenia\/15466\/\"},\"author\":{\"name\":\"admin\",\"@id\":\"https:\/\/marekkuchcinski.pl\/#\/schema\/person\/6f62700996b4d950b6ea2d1183b6c6be\"},\"headline\":\"Doroczne spotkanie marsza\u0142ka Sejmu z korpusem dyplomatycznym\",\"datePublished\":\"2019-05-13T14:15:03+00:00\",\"dateModified\":\"2019-05-13T14:31:18+00:00\",\"mainEntityOfPage\":{\"@id\":\"https:\/\/marekkuchcinski.pl\/hu\/wydarzenia\/15466\/\"},\"wordCount\":2042,\"commentCount\":0,\"publisher\":{\"@id\":\"https:\/\/marekkuchcinski.pl\/#organization\"},\"image\":{\"@id\":\"https:\/\/marekkuchcinski.pl\/hu\/wydarzenia\/15466\/#primaryimage\"},\"thumbnailUrl\":\"https:\/\/marekkuchcinski.pl\/wp-content\/uploads\/2019\/05\/RZ__6011.view_.jpg\",\"articleSection\":[\"Wie\u015bci z Sejmu\",\"Wsp\u00f3\u0142praca mi\u0119dzynarodowa\",\"Wydarzenia\"],\"inLanguage\":\"hu\",\"potentialAction\":[{\"@type\":\"CommentAction\",\"name\":\"Comment\",\"target\":[\"https:\/\/marekkuchcinski.pl\/hu\/wydarzenia\/15466\/#respond\"]}]},{\"@type\":\"WebPage\",\"@id\":\"https:\/\/marekkuchcinski.pl\/hu\/wydarzenia\/15466\/\",\"url\":\"https:\/\/marekkuchcinski.pl\/hu\/wydarzenia\/15466\/\",\"name\":\"Doroczne spotkanie marsza\u0142ka Sejmu z korpusem dyplomatycznym &#8211; Marek Kuchci\u0144ski\",\"isPartOf\":{\"@id\":\"https:\/\/marekkuchcinski.pl\/#website\"},\"primaryImageOfPage\":{\"@id\":\"https:\/\/marekkuchcinski.pl\/hu\/wydarzenia\/15466\/#primaryimage\"},\"image\":{\"@id\":\"https:\/\/marekkuchcinski.pl\/hu\/wydarzenia\/15466\/#primaryimage\"},\"thumbnailUrl\":\"https:\/\/marekkuchcinski.pl\/wp-content\/uploads\/2019\/05\/RZ__6011.view_.jpg\",\"datePublished\":\"2019-05-13T14:15:03+00:00\",\"dateModified\":\"2019-05-13T14:31:18+00:00\",\"breadcrumb\":{\"@id\":\"https:\/\/marekkuchcinski.pl\/hu\/wydarzenia\/15466\/#breadcrumb\"},\"inLanguage\":\"hu\",\"potentialAction\":[{\"@type\":\"ReadAction\",\"target\":[\"https:\/\/marekkuchcinski.pl\/hu\/wydarzenia\/15466\/\"]}]},{\"@type\":\"ImageObject\",\"inLanguage\":\"hu\",\"@id\":\"https:\/\/marekkuchcinski.pl\/hu\/wydarzenia\/15466\/#primaryimage\",\"url\":\"https:\/\/marekkuchcinski.pl\/wp-content\/uploads\/2019\/05\/RZ__6011.view_.jpg\",\"contentUrl\":\"https:\/\/marekkuchcinski.pl\/wp-content\/uploads\/2019\/05\/RZ__6011.view_.jpg\",\"width\":800,\"height\":533},{\"@type\":\"BreadcrumbList\",\"@id\":\"https:\/\/marekkuchcinski.pl\/hu\/wydarzenia\/15466\/#breadcrumb\",\"itemListElement\":[{\"@type\":\"ListItem\",\"position\":1,\"name\":\"Strona g\u0142\u00f3wna\",\"item\":\"https:\/\/marekkuchcinski.pl\/\"},{\"@type\":\"ListItem\",\"position\":2,\"name\":\"Doroczne spotkanie marsza\u0142ka Sejmu z korpusem dyplomatycznym\"}]},{\"@type\":\"WebSite\",\"@id\":\"https:\/\/marekkuchcinski.pl\/#website\",\"url\":\"https:\/\/marekkuchcinski.pl\/\",\"name\":\"Marek Kuchci\u0144ski\",\"description\":\"Pose\u0142 na sejm RP &ndash; okr\u0119g nr 22\",\"publisher\":{\"@id\":\"https:\/\/marekkuchcinski.pl\/#organization\"},\"potentialAction\":[{\"@type\":\"SearchAction\",\"target\":{\"@type\":\"EntryPoint\",\"urlTemplate\":\"https:\/\/marekkuchcinski.pl\/?s={search_term_string}\"},\"query-input\":{\"@type\":\"PropertyValueSpecification\",\"valueRequired\":true,\"valueName\":\"search_term_string\"}}],\"inLanguage\":\"hu\"},{\"@type\":\"Organization\",\"@id\":\"https:\/\/marekkuchcinski.pl\/#organization\",\"name\":\"Marek Kuchci\u0144ski\",\"url\":\"https:\/\/marekkuchcinski.pl\/\",\"logo\":{\"@type\":\"ImageObject\",\"inLanguage\":\"hu\",\"@id\":\"https:\/\/marekkuchcinski.pl\/#\/schema\/logo\/image\/\",\"url\":\"https:\/\/marekkuchcinski.pl\/wp-content\/uploads\/2022\/09\/Marek.jpg\",\"contentUrl\":\"https:\/\/marekkuchcinski.pl\/wp-content\/uploads\/2022\/09\/Marek.jpg\",\"width\":1600,\"height\":971,\"caption\":\"Marek Kuchci\u0144ski\"},\"image\":{\"@id\":\"https:\/\/marekkuchcinski.pl\/#\/schema\/logo\/image\/\"}},{\"@type\":\"Person\",\"@id\":\"https:\/\/marekkuchcinski.pl\/#\/schema\/person\/6f62700996b4d950b6ea2d1183b6c6be\",\"name\":\"admin\",\"image\":{\"@type\":\"ImageObject\",\"inLanguage\":\"hu\",\"@id\":\"https:\/\/marekkuchcinski.pl\/#\/schema\/person\/image\/\",\"url\":\"https:\/\/secure.gravatar.com\/avatar\/4bab693b9d55c3d6b52c0296a8765085?s=96&d=mm&r=g\",\"contentUrl\":\"https:\/\/secure.gravatar.com\/avatar\/4bab693b9d55c3d6b52c0296a8765085?s=96&d=mm&r=g\",\"caption\":\"admin\"},\"url\":\"https:\/\/marekkuchcinski.pl\/hu\/author\/marta-olejnik\/\"}]}<\/script>\n<!-- \/ Yoast SEO plugin. -->","yoast_head_json":{"title":"Doroczne spotkanie marsza\u0142ka Sejmu z korpusem dyplomatycznym &#8211; Marek Kuchci\u0144ski","robots":{"index":"index","follow":"follow","max-snippet":"max-snippet:-1","max-image-preview":"max-image-preview:large","max-video-preview":"max-video-preview:-1"},"canonical":"https:\/\/marekkuchcinski.pl\/hu\/wydarzenia\/15466\/","og_locale":"hu_HU","og_type":"article","og_title":"Doroczne spotkanie marsza\u0142ka Sejmu z korpusem dyplomatycznym &#8211; Marek Kuchci\u0144ski","og_description":"Z okazji \u015awi\u0119ta Narodowego Konstytucji 3 Maja marsza\u0142ek Sejmu Marek Kuchci\u0144ski spotka\u0142 si\u0119 w poniedzia\u0142ek w Sali Kolumnowej z korpusem dyplomatycznym. Dzi\u0119kuj\u0105c dyplomatom za obecno\u015b\u0107 Marsza\u0142ek Sejmu wskaza\u0142 na wa\u017cne dla Izby rocznice: 450-lecia przyst\u0105pienia do Unii Lubelskiej w 1569 roku oraz 100-lecia og\u0142oszenia Dnia Konstytucji 3 Maja w lutym 1919 r. \u2013 Wsp\u00f3\u0142czesny Parlament [&hellip;]","og_url":"https:\/\/marekkuchcinski.pl\/hu\/wydarzenia\/15466\/","og_site_name":"Marek Kuchci\u0144ski","article_published_time":"2019-05-13T14:15:03+00:00","article_modified_time":"2019-05-13T14:31:18+00:00","og_image":[{"width":800,"height":533,"url":"https:\/\/marekkuchcinski.pl\/wp-content\/uploads\/2019\/05\/RZ__6011.view_.jpg","type":"image\/jpeg"}],"author":"admin","twitter_card":"summary_large_image","twitter_misc":{"Szerz\u0151:":"admin","Becs\u00fclt olvas\u00e1si id\u0151":"10 perc"},"schema":{"@context":"https:\/\/schema.org","@graph":[{"@type":"Article","@id":"https:\/\/marekkuchcinski.pl\/hu\/wydarzenia\/15466\/#article","isPartOf":{"@id":"https:\/\/marekkuchcinski.pl\/hu\/wydarzenia\/15466\/"},"author":{"name":"admin","@id":"https:\/\/marekkuchcinski.pl\/#\/schema\/person\/6f62700996b4d950b6ea2d1183b6c6be"},"headline":"Doroczne spotkanie marsza\u0142ka Sejmu z korpusem dyplomatycznym","datePublished":"2019-05-13T14:15:03+00:00","dateModified":"2019-05-13T14:31:18+00:00","mainEntityOfPage":{"@id":"https:\/\/marekkuchcinski.pl\/hu\/wydarzenia\/15466\/"},"wordCount":2042,"commentCount":0,"publisher":{"@id":"https:\/\/marekkuchcinski.pl\/#organization"},"image":{"@id":"https:\/\/marekkuchcinski.pl\/hu\/wydarzenia\/15466\/#primaryimage"},"thumbnailUrl":"https:\/\/marekkuchcinski.pl\/wp-content\/uploads\/2019\/05\/RZ__6011.view_.jpg","articleSection":["Wie\u015bci z Sejmu","Wsp\u00f3\u0142praca mi\u0119dzynarodowa","Wydarzenia"],"inLanguage":"hu","potentialAction":[{"@type":"CommentAction","name":"Comment","target":["https:\/\/marekkuchcinski.pl\/hu\/wydarzenia\/15466\/#respond"]}]},{"@type":"WebPage","@id":"https:\/\/marekkuchcinski.pl\/hu\/wydarzenia\/15466\/","url":"https:\/\/marekkuchcinski.pl\/hu\/wydarzenia\/15466\/","name":"Doroczne spotkanie marsza\u0142ka Sejmu z korpusem dyplomatycznym &#8211; Marek Kuchci\u0144ski","isPartOf":{"@id":"https:\/\/marekkuchcinski.pl\/#website"},"primaryImageOfPage":{"@id":"https:\/\/marekkuchcinski.pl\/hu\/wydarzenia\/15466\/#primaryimage"},"image":{"@id":"https:\/\/marekkuchcinski.pl\/hu\/wydarzenia\/15466\/#primaryimage"},"thumbnailUrl":"https:\/\/marekkuchcinski.pl\/wp-content\/uploads\/2019\/05\/RZ__6011.view_.jpg","datePublished":"2019-05-13T14:15:03+00:00","dateModified":"2019-05-13T14:31:18+00:00","breadcrumb":{"@id":"https:\/\/marekkuchcinski.pl\/hu\/wydarzenia\/15466\/#breadcrumb"},"inLanguage":"hu","potentialAction":[{"@type":"ReadAction","target":["https:\/\/marekkuchcinski.pl\/hu\/wydarzenia\/15466\/"]}]},{"@type":"ImageObject","inLanguage":"hu","@id":"https:\/\/marekkuchcinski.pl\/hu\/wydarzenia\/15466\/#primaryimage","url":"https:\/\/marekkuchcinski.pl\/wp-content\/uploads\/2019\/05\/RZ__6011.view_.jpg","contentUrl":"https:\/\/marekkuchcinski.pl\/wp-content\/uploads\/2019\/05\/RZ__6011.view_.jpg","width":800,"height":533},{"@type":"BreadcrumbList","@id":"https:\/\/marekkuchcinski.pl\/hu\/wydarzenia\/15466\/#breadcrumb","itemListElement":[{"@type":"ListItem","position":1,"name":"Strona g\u0142\u00f3wna","item":"https:\/\/marekkuchcinski.pl\/"},{"@type":"ListItem","position":2,"name":"Doroczne spotkanie marsza\u0142ka Sejmu z korpusem dyplomatycznym"}]},{"@type":"WebSite","@id":"https:\/\/marekkuchcinski.pl\/#website","url":"https:\/\/marekkuchcinski.pl\/","name":"Marek Kuchci\u0144ski","description":"Pose\u0142 na sejm RP &ndash; okr\u0119g nr 22","publisher":{"@id":"https:\/\/marekkuchcinski.pl\/#organization"},"potentialAction":[{"@type":"SearchAction","target":{"@type":"EntryPoint","urlTemplate":"https:\/\/marekkuchcinski.pl\/?s={search_term_string}"},"query-input":{"@type":"PropertyValueSpecification","valueRequired":true,"valueName":"search_term_string"}}],"inLanguage":"hu"},{"@type":"Organization","@id":"https:\/\/marekkuchcinski.pl\/#organization","name":"Marek Kuchci\u0144ski","url":"https:\/\/marekkuchcinski.pl\/","logo":{"@type":"ImageObject","inLanguage":"hu","@id":"https:\/\/marekkuchcinski.pl\/#\/schema\/logo\/image\/","url":"https:\/\/marekkuchcinski.pl\/wp-content\/uploads\/2022\/09\/Marek.jpg","contentUrl":"https:\/\/marekkuchcinski.pl\/wp-content\/uploads\/2022\/09\/Marek.jpg","width":1600,"height":971,"caption":"Marek Kuchci\u0144ski"},"image":{"@id":"https:\/\/marekkuchcinski.pl\/#\/schema\/logo\/image\/"}},{"@type":"Person","@id":"https:\/\/marekkuchcinski.pl\/#\/schema\/person\/6f62700996b4d950b6ea2d1183b6c6be","name":"admin","image":{"@type":"ImageObject","inLanguage":"hu","@id":"https:\/\/marekkuchcinski.pl\/#\/schema\/person\/image\/","url":"https:\/\/secure.gravatar.com\/avatar\/4bab693b9d55c3d6b52c0296a8765085?s=96&d=mm&r=g","contentUrl":"https:\/\/secure.gravatar.com\/avatar\/4bab693b9d55c3d6b52c0296a8765085?s=96&d=mm&r=g","caption":"admin"},"url":"https:\/\/marekkuchcinski.pl\/hu\/author\/marta-olejnik\/"}]}},"_links":{"self":[{"href":"https:\/\/marekkuchcinski.pl\/hu\/wp-json\/wp\/v2\/posts\/15466","targetHints":{"allow":["GET"]}}],"collection":[{"href":"https:\/\/marekkuchcinski.pl\/hu\/wp-json\/wp\/v2\/posts"}],"about":[{"href":"https:\/\/marekkuchcinski.pl\/hu\/wp-json\/wp\/v2\/types\/post"}],"author":[{"embeddable":true,"href":"https:\/\/marekkuchcinski.pl\/hu\/wp-json\/wp\/v2\/users\/6"}],"replies":[{"embeddable":true,"href":"https:\/\/marekkuchcinski.pl\/hu\/wp-json\/wp\/v2\/comments?post=15466"}],"version-history":[{"count":5,"href":"https:\/\/marekkuchcinski.pl\/hu\/wp-json\/wp\/v2\/posts\/15466\/revisions"}],"predecessor-version":[{"id":15475,"href":"https:\/\/marekkuchcinski.pl\/hu\/wp-json\/wp\/v2\/posts\/15466\/revisions\/15475"}],"wp:featuredmedia":[{"embeddable":true,"href":"https:\/\/marekkuchcinski.pl\/hu\/wp-json\/wp\/v2\/media\/15467"}],"wp:attachment":[{"href":"https:\/\/marekkuchcinski.pl\/hu\/wp-json\/wp\/v2\/media?parent=15466"}],"wp:term":[{"taxonomy":"category","embeddable":true,"href":"https:\/\/marekkuchcinski.pl\/hu\/wp-json\/wp\/v2\/categories?post=15466"},{"taxonomy":"post_tag","embeddable":true,"href":"https:\/\/marekkuchcinski.pl\/hu\/wp-json\/wp\/v2\/tags?post=15466"}],"curies":[{"name":"wp","href":"https:\/\/api.w.org\/{rel}","templated":true}]}}