{"id":15434,"date":"2019-05-13T14:00:23","date_gmt":"2019-05-13T12:00:23","guid":{"rendered":"https:\/\/marekkuchcinski.pl\/?p=15434"},"modified":"2019-05-13T16:44:46","modified_gmt":"2019-05-13T14:44:46","slug":"marek-kuchcinski-w-lubaczowie-jestesmy-pierwsza-partia-po-wyborach-89-roku-ktora-swoj-program-realizuje","status":"publish","type":"post","link":"https:\/\/marekkuchcinski.pl\/hu\/wydarzenia\/marek-kuchcinski-w-lubaczowie-jestesmy-pierwsza-partia-po-wyborach-89-roku-ktora-swoj-program-realizuje\/","title":{"rendered":"Marek Kuchci\u0144ski Lubacz\u00f3wban: - Mi vagyunk az els\u0151 p\u00e1rt a '89-es v\u00e1laszt\u00e1sok ut\u00e1n, amelyik v\u00e9grehajtja programj\u00e1t."},"content":{"rendered":"<p>Az eur\u00f3pai parlamenti v\u00e1laszt\u00e1si gy\u0171l\u00e9sen Lubacz\u00f3wban jelen voltak: Marek Kuchci\u0144ski, a szejm eln\u00f6ke, a k\u00e1rp\u00e1taljai Jog \u00e9s Igazs\u00e1goss\u00e1g (PiS) p\u00e1rt eln\u00f6ke, Lucyna Podhalicz, k\u00e1rp\u00e1taljai vajda, Piotr Pilch, k\u00e1rp\u00e1taljai vajdas\u00e1gi marsallhelyettes, Teresa Pamu\u0142a, a Podkarpatszkaja vajdas\u00e1gi k\u00f6zgy\u0171l\u00e9s aleln\u00f6ke, az ARMA k\u00e1rp\u00e1taljai fi\u00f3kj\u00e1nak igazgat\u00f3ja, Maria Fajger, a Podkarpatszkaja Region\u00e1lis Fejleszt\u00e9si \u00dcgyn\u00f6ks\u00e9g eln\u00f6ke. A felsz\u00f3lal\u00f3k k\u00f6z\u00f6tt volt Piotr Pilch, Podkarpatszkaja vajdas\u00e1g marsall-helyettese, Teresa Pamu\u0142a - Podkarpatszkaja vajdas\u00e1g szejmj\u00e9nek eln\u00f6khelyettese \u00e9s egyben az ARMA podkarpatszkajai kirendelts\u00e9g\u00e9nek igazgat\u00f3ja, Maria Fajger - a vars\u00f3i Mez\u0151gazdas\u00e1gi Szerkezet\u00e1talak\u00edt\u00e1si \u00e9s Moderniz\u00e1ci\u00f3s \u00dcgyn\u00f6ks\u00e9g eln\u00f6ke, Marta Tabaczek, a lubacz\u00f3wi Poviat Tan\u00e1cs eln\u00f6ke \u00e9s Zenon Swatek, Lubacz\u00f3w v\u00e1ros sztaroszk\u00f3pja.<\/p>\n\n\n\n<p>Bevezet\u0151j\u00e9ben Marek Kuchci\u0144ski felid\u00e9zte a m\u00e1rcius 12-i fontos \u00e9vfordul\u00f3kat, azaz az Egy\u00e9ni Gazd\u00e1k NSZZ \"Szolidarit\u00e1s\" megalakul\u00e1s\u00e1t, valamint a \"Porozumienie Centrum\" [K\u00f6zpont-meg\u00e1llapod\u00e1s] megalakul\u00e1s\u00e1t, amelyek 1989 ut\u00e1n v\u00e1ltoz\u00e1sokat ind\u00edtottak el. J\u00falius 12-\u00e9n meghalt J\u00f3zef Pi\u0142sudski, valamint W\u0142adys\u0142aw Anders t\u00e1bornok. Besz\u00e9lt az idei \u00e9v nagy \u00e9vfordul\u00f3ir\u00f3l is, mint p\u00e9ld\u00e1ul a k\u00e9tkamar\u00e1s Szejm, a Lengyel-Litv\u00e1n Uni\u00f3 \u00e9s az Alkotm\u00e1nyoz\u00f3 Gy\u0171l\u00e9s megalakul\u00e1sa, amelyek mind \u00f6r\u00f6ks\u00e9g\u00fcnk r\u00e9sz\u00e9t k\u00e9pezik.<\/p>\n\n\n\n<p>- Az\u00e9rt besz\u00e9lek err\u0151l, hogy felismerj\u00fck, milyen sok tapasztalatot hordoz ma a mi gener\u00e1ci\u00f3nk\" - hangs\u00falyozta a h\u00e1zeln\u00f6k. <\/p>\n\n\n\n<p>Kuchci\u0144ski megjegyezte, hogy a Jog \u00e9s Igazs\u00e1goss\u00e1g an\u00e9lk\u00fcl, hogy elszakadna gy\u00f6kereit\u0151l, egyszerre gondolkodik a t\u00f6rt\u00e9nelemr\u0151l \u00e9s a j\u00f6v\u0151r\u0151l, gondolkodik az \u00e9rtelemben, a kult\u00far\u00e1ban \u00e9s a gazdas\u00e1gban, a kereszt\u00e9ny \u00e9rt\u00e9kekben \u00e9s a gazdas\u00e1gi fejl\u0151d\u00e9sben, valamint a lengyelek biztons\u00e1g\u00e1ban.<\/p>\n\n\n\n<p>- Mi vagyunk az els\u0151 p\u00e1rt a '89-es v\u00e1laszt\u00e1sok ut\u00e1n, amely v\u00e9grehajtja programj\u00e1t. M\u00e1soknak sz\u00e9p szlogenjeik voltak, de nem v\u00e1ltott\u00e1k be \u0151ket. A kilencvenes \u00e9vekben a baloldallal egy\u00fctt ki\u00e1rus\u00edtott\u00e1k a nemzeti vagyont, munkahelyeket \u00e9s strat\u00e9giai ipar\u00e1gakat z\u00e1rtak be... Mi hitelesek vagyunk, amit programunk megval\u00f3s\u00edt\u00e1s\u00e1val bizony\u00edtottunk\" - mondta a szejm eln\u00f6ke. <\/p>\n\n\n\n<p>Marek Kuchci\u0144ski is felsorolta az \u00fagynevezett Kaczy\u0144ski-\u00f6t\u00f6s pontjait: <\/p>\n\n\n\n<ul class=\"wp-block-list\"><li>\"Tizenharmadik nyugd\u00edj\", amelynek \u00f6sszege a 10 milli\u00f3 nyugd\u00edjas mindegyik\u00e9nek keze ut\u00e1n 888 PLN. A t\u00f6rv\u00e9nyt m\u00e1r elfogadt\u00e1k, \u00e9s a p\u00e9nzt m\u00e1r ki is fizett\u00e9k.<\/li><li>\"500 plusz\" minden gyermek ut\u00e1n, j\u00falius 1-t\u0151l t\u00f6rt\u00e9n\u0151 kifizet\u00e9s eset\u00e9n.<\/li><li>A munkaer\u0151k\u00f6lts\u00e9gek cs\u00f6kkent\u00e9se. A levonhat\u00f3 k\u00f6lts\u00e9gek emel\u00e9se \u00e9s a PIT 18-r\u00f3l 17 sz\u00e1zal\u00e9kra cs\u00f6kkent\u00e9se minden munkav\u00e1llal\u00f3 eset\u00e9ben cs\u00f6kkenti az ad\u00f3terheket \u00e9s n\u00f6veli a lengyelek \u00e1ltal kapott re\u00e1lb\u00e9reket.<\/li><li>Nincs PIT a 26 \u00e9v alatti munkav\u00e1llal\u00f3k sz\u00e1m\u00e1ra. A kedvezm\u00e9ny minden olyan munkav\u00e1llal\u00f3ra vonatkozik, aki 26 \u00e9ves kor\u00e1ig munkaszerz\u0151d\u00e9ssel vagy megb\u00edz\u00e1si szerz\u0151d\u00e9ssel rendelkezik. A v\u00e1ltoz\u00e1s stabil munkahelyet biztos\u00edt a fiatalok sz\u00e1m\u00e1ra, \u00e9s megk\u00f6nny\u00edti sz\u00e1mukra a p\u00e1lyakezd\u00e9st.<\/li><li>Helyi buszj\u00e1ratok helyre\u00e1ll\u00edt\u00e1sa - k\u00fcl\u00f6n alap a helyi \u00f6nkorm\u00e1nyzatok sz\u00e1m\u00e1ra a helyi k\u00f6zleked\u00e9sre. Projekt a Parlamentben.<\/li><\/ul>\n\n\n\n<p>A Jog \u00e9s Igazs\u00e1goss\u00e1g p\u00e1rt podkarpatszka p\u00e1rt eln\u00f6ke r\u00e1mutatott, hogy a p\u00e1rt sikere a vajdas\u00e1gi szejmik \u00e9s a legt\u00f6bb j\u00e1r\u00e1s \u00f6nkorm\u00e1nyzati v\u00e1laszt\u00e1s\u00e1n a kem\u00e9ny munka eredm\u00e9nye volt. A m\u00e1jus 26-\u00e1n tartand\u00f3 eur\u00f3pai parlamenti v\u00e1laszt\u00e1sokon ezt a sikert meg kell ism\u00e9telni. Biztos\u00edtanunk kell a lehet\u0151 legmagasabb r\u00e9szv\u00e9telt. Lengyelorsz\u00e1gnak er\u0151s k\u00e9pviseletre van sz\u00fcks\u00e9ge Br\u00fcsszelben, olyanra, amely m\u00e9lt\u00f3s\u00e1ggal k\u00e9pvisel minket.<\/p>\n\n\n\n<p>- A hiteless\u00e9g volt \u00e9s maradt a cselekv\u00e9s\u00fcnk alapja. Tartjuk a szavunkat. A bejelentett k\u00f6vetel\u00e9sek egy r\u00e9sz\u00e9t m\u00e1r v\u00e9grehajtott\u00e1k, m\u00e1sokat pedig a k\u00f6vetkez\u0151 hetekben fogadnak el. A kor\u00e1bbi \u00edg\u00e9reteket nem tartott\u00e1k be: megemelt\u00e9k a nyugd\u00edjkorhat\u00e1rt, megemelt\u00e9k az \u00e1f\u00e1t, \u00e9s elvett\u00e9k a Ny\u00edlt Nyugd\u00edjp\u00e9nzt\u00e1r p\u00e9nzeszk\u00f6zeit - mondta Kuchci\u0144ski.<\/p>\n\n\n\n<p>A szejm eln\u00f6ke eml\u00e9keztetett a Jog \u00e9s Igazs\u00e1goss\u00e1g \u00e1ltal bevezetett, t\u00e1rsadalmilag fontos \u00e9s fejleszt\u0151 programokra, amelyeket m\u00e1r meg is val\u00f3s\u00edtottak:<\/p>\n\n\n\n<ul class=\"wp-block-list\"><li>Iskolai indul\u00f3csomag - J\u00f3 kezd\u00e9s<\/li><\/ul>\n\n\n\n<p>a 18 \u00e9ves korig tart\u00f3 tanul\u00f3knak sz\u00f3l\u00f3 300 PLN t\u00e1mogat\u00e1si program. A sz\u00fcl\u0151k minden \u00e9v augusztus\u00e1ban 300 PLN-t kapnak egy iskolakezd\u00e9si csomagra minden gyermek sz\u00e1m\u00e1ra.&nbsp;<em>w&nbsp;<\/em>2017- 4,6 milli\u00f3 tanul\u00f3<\/p>\n\n\n\n<ul class=\"wp-block-list\"><li>Cs\u00f6kkentj\u00fck a p\u00e9nzsz\u00e1ll\u00edt\u00e1sokat - cs\u00f6kkentj\u00fck az ad\u00f3kat<\/li><\/ul>\n\n\n\n<p>2016-ban. A PiS 19-r\u0151l 15 sz\u00e1zal\u00e9kra cs\u00f6kkentette a kis- \u00e9s k\u00f6z\u00e9pv\u00e1llalatokra kivetett ad\u00f3kedvezm\u00e9nyt. 2019. janu\u00e1r 1-j\u00e9t\u0151l \u00fajabb ad\u00f3kedvezm\u00e9ny l\u00e9p \u00e9letbe - 15-r\u0151l 9 sz\u00e1zal\u00e9kra! Eur\u00f3pa egyik legalacsonyabb szintj\u00e9re! Magyarorsz\u00e1gon \u00e9s Montenegr\u00f3ban tov\u00e1bbra is a 9 sz\u00e1zal\u00e9kos kulcs van \u00e9rv\u00e9nyben. A bevezetett v\u00e1ltoz\u00e1s mintegy 400 ezer v\u00e1llalatot \u00e9rint.<\/p>\n\n\n\n<ul class=\"wp-block-list\"><li>Hozz\u00e1f\u00e9rhet\u0151s\u00e9g plusz 8 \u00e9v alatt - 23 milli\u00e1rd PLN<\/li><\/ul>\n\n\n\n<p>Program id\u0151sek \u00e9s mindazok sz\u00e1m\u00e1ra, akiknek seg\u00edts\u00e9gre van sz\u00fcks\u00e9g\u00fck a mindennapi \u00e9letben. C\u00e9lja, hogy val\u00f3di hozz\u00e1f\u00e9r\u00e9st biztos\u00edtson olyan helyekre, ahov\u00e1 sok lengyel manaps\u00e1g norm\u00e1lis k\u00f6r\u00fclm\u00e9nyek k\u00f6z\u00f6tt nem jut el. A buszoknak, vas\u00fat\u00e1llom\u00e1soknak \u00e9s lak\u00f3t\u00f6mb\u00f6knek mindenki sz\u00e1m\u00e1ra hozz\u00e1f\u00e9rhet\u0151nek kell lenni\u00fck. Lengyelorsz\u00e1gban 4,3 milli\u00f3 fogyat\u00e9kkal \u00e9l\u0151 ember \u00e9l.<\/p>\n\n\n\n<p>Ezen t\u00falmen\u0151en minim\u00e1lis nyugd\u00edjell\u00e1t\u00e1st vezettek be azon n\u0151k sz\u00e1m\u00e1ra, akik legal\u00e1bb n\u00e9gy gyermeket sz\u00fcltek \u00e9s neveltek fel. \u0150k a minim\u00e1lis nyugd\u00edjat kapj\u00e1k, f\u00fcggetlen\u00fcl att\u00f3l, hogy mennyit dolgoztak szakmailag. 4 \u00e9s t\u00f6bb gyermeket nevel\u0151 csal\u00e1dok 2011-ben 184,7 ezer, vid\u00e9ki ter\u00fcleteken \u00e9s 88,6 ezer v\u00e1rosi ter\u00fcleteken.<\/p>\n\n\n\n<ul class=\"wp-block-list\"><li>Kisv\u00e1llalkoz\u00e1s - Kis t\u00e1rsadalombiztos\u00edt\u00e1si int\u00e9zm\u00e9ny<\/li><\/ul>\n\n\n\n<p>Alacsonyabb ZUS a legfeljebb 2,5 lengyelorsz\u00e1gi minim\u00e1lb\u00e9rt el\u00e9r\u0151 havi \u00e1rbev\u00e9tel\u0171 v\u00e1llalkoz\u00e1sok sz\u00e1m\u00e1ra. Most egy kisv\u00e1llalkoz\u00e1s 1230 PLN-t fizet. A v\u00e1ltoz\u00e1s ut\u00e1n - 660 PLN.<\/p>\n\n\n\n<ul class=\"wp-block-list\"><li>Helyi utak<\/li><\/ul>\n\n\n\n<p>A helyi utak jav\u00edt\u00e1s\u00e1ra \u00e9s \u00e9p\u00edt\u00e9s\u00e9re legal\u00e1bb 6 milli\u00e1rd PLN \u00e9rt\u00e9k\u0171 helyi \u00fat\u00e9p\u00edt\u00e9si alapot hoztak l\u00e9tre. A K\u00f6zponti Statisztikai Hivatal (KSH) adatai szerint 2016-ban a v\u00e1rosi k\u00f6zutaknak csak mintegy 60 sz\u00e1zal\u00e9ka rendelkezik burkolt fel\u00fclettel.<\/p>\n\n\n\n<p>2016-ban Lengyelorsz\u00e1gban - 420 236 km k\u00f6z\u00fat, ebb\u0151l 3171 km aut\u00f3p\u00e1ly\u00e1k \u00e9s aut\u00f3utak.<\/p>\n\n\n\n<p><strong>&nbsp;&nbsp; A PiS \u00e1ltal elv\u00e9gzett feladatok:<\/strong><\/p>\n\n\n\n<p>Programok: Csal\u00e1di 500+, 15%-os szja a v\u00e1llalkoz\u00f3knak, ingyenes gy\u00f3gyszerek 75 \u00e9ves kort\u00f3l, a nyugd\u00edjkorhat\u00e1r cs\u00f6kkent\u00e9se, a minim\u00e1lis \u00f3rab\u00e9r 13 zloty f\u00f6l\u00e9 emel\u00e9se, a minim\u00e1lnyugd\u00edj emel\u00e9se, a hat\u00e9vesek k\u00f6telez\u0151 iskol\u00e1ba k\u00fcld\u00e9s\u00e9nek visszavon\u00e1sa, az Alkotm\u00e1ny a v\u00e1llalkoz\u00e1sok\u00e9rt, a lengyel f\u00f6ldfelv\u00e1s\u00e1rl\u00e1s tilalma, a J\u00f3 iskola reformja - ez csak n\u00e9h\u00e1ny a bejelentett projektek k\u00f6z\u00fcl, amelyeket a t\u00f6bb mint k\u00e9t \u00e9v alatt v\u00e9grehajtottak;<\/p>\n\n\n\n<p>&nbsp;&nbsp;&nbsp;&nbsp;&nbsp;&nbsp;<strong>A teljes\u00edtett v\u00e1laszt\u00e1si \u00edg\u00e9retek list\u00e1ja:<\/strong><\/p>\n\n\n\n<p><strong>\u00c1llami reformok<\/strong><\/p>\n\n\n\n<ul class=\"wp-block-list\"><li>Oktat\u00e1si reform - J\u00f3 iskola - 8 \u00e9ves \u00e1ltal\u00e1nos iskola, 4 \u00e9ves k\u00f6z\u00e9piskola, 5 \u00e9ves szakiskola, kereskedelmi iskol\u00e1k.<\/li><li>az ad\u00f3igazgat\u00e1s reformja \u00e9s a Nemzeti Ad\u00f3hivatal l\u00e9trehoz\u00e1sa,<\/li><li>&nbsp;az igazs\u00e1gszolg\u00e1ltat\u00e1s reformja.<\/li><\/ul>\n\n\n\n<p><strong>Szoci\u00e1lis reformok<\/strong><\/p>\n\n\n\n<ul class=\"wp-block-list\"><li>a Family 500 plus program (2,5 milli\u00f3 csal\u00e1d, 3,7 milli\u00f3 gyermek),<\/li><li>A nyugd\u00edjkorhat\u00e1r cs\u00f6kkent\u00e9se 60 \u00e9s 65 \u00e9vre (2017-ben 350 000 f\u0151),<\/li><li>ingyenes gy\u00f3gyszerek id\u0151sek sz\u00e1m\u00e1ra,<\/li><li>a minim\u00e1lb\u00e9r 2250 PLN-re \u00e9s az \u00f3rab\u00e9r 14,7 PLN-re t\u00f6rt\u00e9n\u0151 emel\u00e9se,<\/li><li>a legalacsonyabb nyugd\u00edjak 1063 PLN-re t\u00f6rt\u00e9n\u0151 emel\u00e9se,<\/li><li>a vas\u00e1rnapi kereskedelem korl\u00e1toz\u00e1sa,<\/li><li>Az eg\u00e9szs\u00e9g\u00fcgyi kiad\u00e1sok 6% GDP-re t\u00f6rt\u00e9n\u0151 n\u00f6veked\u00e9se az elk\u00f6vetkez\u0151 \u00e9vekben,<\/li><\/ul>\n\n\n\n<p><strong>Oktat\u00e1si reform<\/strong><\/p>\n\n\n\n<ul class=\"wp-block-list\"><li>J\u00f3 iskola - 8 \u00e9ves \u00e1ltal\u00e1nos iskola, 4 \u00e9ves k\u00f6z\u00e9piskola, 5 \u00e9ves szakiskola, kereskedelmi iskol\u00e1k,<\/li><li>a 6 \u00e9vesek tank\u00f6telezetts\u00e9g\u00e9nek elt\u00f6rl\u00e9se,<\/li><li>A gyermekek sz\u00fcleikt\u0151l val\u00f3 elv\u00e9tel\u00e9nek tilalma a szeg\u00e9nys\u00e9g miatt.<\/li><\/ul>\n\n\n\n<p><strong>Menedzsment<\/strong><\/p>\n\n\n\n<ul class=\"wp-block-list\"><li>A h\u00e9acsal\u00e1s elleni k\u00fczdelem - csak 2017-ben 30 milli\u00e1rd PLN bev\u00e9teln\u00f6veked\u00e9s<\/li><li>a kisv\u00e1llalkoz\u00e1sok \u00e9s az indul\u00f3 v\u00e1llalkoz\u00e1sok sz\u00e1m\u00e1ra a p\u00e9nzsz\u00e1ll\u00edt\u00e1s 19-r\u0151l 9%-re t\u00f6rt\u00e9n\u0151 cs\u00f6kkent\u00e9se<\/li><li>az ad\u00f3igazgat\u00e1s reformja \u00e9s a KAS - Nemzeti Ad\u00f3\u00fcgyi Igazgat\u00f3s\u00e1g l\u00e9trehoz\u00e1sa<\/li><li>az ad\u00f3mentes \u00f6sszeg 8 000 PLN-re t\u00f6rt\u00e9n\u0151 emel\u00e9se<\/li><li>a vas\u00e1rnapi kereskedelem korl\u00e1toz\u00e1sa,<\/li><li>\u00dczleti alkotm\u00e1ny - pl. a v\u00e1llalkoz\u00f3 \u00e9s a hivatal k\u00f6z\u00f6tti kapcsolat megv\u00e1ltoz\u00e1sa, a nem bejegyzett tev\u00e9kenys\u00e9g lehet\u0151s\u00e9ge a kis j\u00f6vedelemtermel\u0151 v\u00e1llalkoz\u00e1sok sz\u00e1m\u00e1ra, 6 h\u00f3napos ZUS j\u00e1rul\u00e9kmentess\u00e9g a kezd\u0151 v\u00e1llalkoz\u00f3k sz\u00e1m\u00e1ra.<\/li><\/ul>\n\n\n\n<p><strong>Biztons\u00e1g<\/strong><\/p>\n\n\n\n<ul class=\"wp-block-list\"><li>A ter\u00fcleti v\u00e9delmi er\u0151k fel\u00e1ll\u00edt\u00e1sa,<\/li><li>Az egyenruh\u00e1s szolg\u00e1latok (pl. rend\u0151rs\u00e9g, hadsereg) korszer\u0171s\u00edt\u00e9se - 9,2 milli\u00e1rd PLN-t k\u00fcl\u00f6n\u00edtettek el, ebb\u0151l t\u00f6bb mint 4 milli\u00e1rd PLN-t b\u00e9remel\u00e9sre,<\/li><li>Az energiabiztons\u00e1g n\u00f6vel\u00e9se (pl. a g\u00e1zsz\u00e1ll\u00edt\u00e1s beind\u00edt\u00e1sa a \u015awinouj\u015bciei g\u00e1zkik\u00f6t\u0151be, a Baltic Pipe meg\u00e9p\u00edt\u00e9se).<\/li><\/ul>\n\n\n\n<p><strong>Mez\u0151gazdas\u00e1g<\/strong><\/p>\n\n\n\n<ul class=\"wp-block-list\"><li>A mez\u0151gazdas\u00e1gra \u00e9s vid\u00e9kfejleszt\u00e9sre ford\u00edtott kiad\u00e1sok n\u00f6vel\u00e9se - 49 milli\u00e1rd PLN 2018-ban,<\/li><li>Biztos\u00edt\u00e1s a mez\u0151gazdas\u00e1gi termel\u0151k sz\u00e1m\u00e1ra,<\/li><li>A lengyel f\u00f6ldek v\u00e9delme a felv\u00e1s\u00e1rl\u00e1st\u00f3l,<\/li><li>30 \u00faj k\u00fclf\u00f6ldi piac megnyit\u00e1sa a lengyel term\u00e9kek sz\u00e1m\u00e1ra.<\/li><\/ul>\n\n\n\n<p><em>Fot\u00f3: Marta Olejnik<\/em><\/p>\n\n\n\n<ul class=\"wp-block-gallery columns-1 is-cropped wp-block-gallery-1 is-layout-flex wp-block-gallery-is-layout-flex\"><li class=\"blocks-gallery-item\"><figure><img fetchpriority=\"high\" decoding=\"async\" width=\"1024\" height=\"683\" src=\"https:\/\/marekkuchcinski.pl\/wp-content\/uploads\/2019\/05\/IMG_1699-1024x683.jpg\" alt=\"\" data-id=\"15435\" data-link=\"https:\/\/marekkuchcinski.pl\/?attachment_id=15435\" class=\"wp-image-15435\" srcset=\"https:\/\/marekkuchcinski.pl\/wp-content\/uploads\/2019\/05\/IMG_1699-1024x683.jpg 1024w, https:\/\/marekkuchcinski.pl\/wp-content\/uploads\/2019\/05\/IMG_1699-300x200.jpg 300w, https:\/\/marekkuchcinski.pl\/wp-content\/uploads\/2019\/05\/IMG_1699-768x512.jpg 768w, https:\/\/marekkuchcinski.pl\/wp-content\/uploads\/2019\/05\/IMG_1699.jpg 2048w\" sizes=\"(max-width: 1024px) 100vw, 1024px\" \/><\/figure><\/li><li class=\"blocks-gallery-item\"><figure><img decoding=\"async\" width=\"1024\" height=\"615\" src=\"https:\/\/marekkuchcinski.pl\/wp-content\/uploads\/2019\/05\/IMG_1788-1024x615.jpg\" alt=\"\" data-id=\"15438\" data-link=\"https:\/\/marekkuchcinski.pl\/?attachment_id=15438\" class=\"wp-image-15438\" srcset=\"https:\/\/marekkuchcinski.pl\/wp-content\/uploads\/2019\/05\/IMG_1788-1024x615.jpg 1024w, https:\/\/marekkuchcinski.pl\/wp-content\/uploads\/2019\/05\/IMG_1788-300x180.jpg 300w, https:\/\/marekkuchcinski.pl\/wp-content\/uploads\/2019\/05\/IMG_1788-768x461.jpg 768w, https:\/\/marekkuchcinski.pl\/wp-content\/uploads\/2019\/05\/IMG_1788.jpg 2048w\" sizes=\"(max-width: 1024px) 100vw, 1024px\" \/><\/figure><\/li><\/ul>\n\n\n\n<p><\/p>","protected":false},"excerpt":{"rendered":"<p>Podczas konwencji wyborczej do Parlamentu Europejskiego w Lubaczowie obecni byli m.in. marsza\u0142ek Sejmu i prezes podkarpackiego PiS Marek Kuchci\u0144ski, wicewojewoda podkarpacki Lucyna Podhalicz, wicemarsza\u0142ek woj. podkarpackiego Piotr Pilch, Teresa Pamu\u0142a \u2013 wiceprzewodnicz\u0105ca Sejmiku Wojew\u00f3dztwa Podkarpackiego, a zarazem dyrektor podkarpackiego Oddzia\u0142u ARiMR, Maria Fajger \u2013 prezes Agencji Restrukturyzacji i Modernizacji Rolnictwa w Warszawie, Marta Tabaczek, przewodnicz\u0105ca [&hellip;]<\/p>","protected":false},"author":6,"featured_media":15435,"comment_status":"open","ping_status":"open","sticky":false,"template":"","format":"standard","meta":{"ngg_post_thumbnail":0,"footnotes":""},"categories":[49,82,3],"tags":[],"class_list":["post-15434","post","type-post","status-publish","format-standard","has-post-thumbnail","hentry","category-podkarpacie","category-prawo-i-sprawiedliwosc","category-wydarzenia"],"yoast_head":"<!-- This site is optimized with the Yoast SEO plugin v24.7 - https:\/\/yoast.com\/wordpress\/plugins\/seo\/ -->\n<title>Marek Kuchci\u0144ski w Lubaczowie: \u2013 Jeste\u015bmy pierwsz\u0105 parti\u0105 po wyborach \u201989 roku, kt\u00f3ra sw\u00f3j program realizuje &#8211; Marek Kuchci\u0144ski<\/title>\n<meta name=\"robots\" content=\"index, follow, max-snippet:-1, max-image-preview:large, max-video-preview:-1\" \/>\n<link rel=\"canonical\" href=\"https:\/\/marekkuchcinski.pl\/hu\/wydarzenia\/marek-kuchcinski-w-lubaczowie-jestesmy-pierwsza-partia-po-wyborach-89-roku-ktora-swoj-program-realizuje\/\" \/>\n<meta property=\"og:locale\" content=\"hu_HU\" \/>\n<meta property=\"og:type\" content=\"article\" \/>\n<meta property=\"og:title\" content=\"Marek Kuchci\u0144ski w Lubaczowie: \u2013 Jeste\u015bmy pierwsz\u0105 parti\u0105 po wyborach \u201989 roku, kt\u00f3ra sw\u00f3j program realizuje &#8211; Marek Kuchci\u0144ski\" \/>\n<meta property=\"og:description\" content=\"Podczas konwencji wyborczej do Parlamentu Europejskiego w Lubaczowie obecni byli m.in. marsza\u0142ek Sejmu i prezes podkarpackiego PiS Marek Kuchci\u0144ski, wicewojewoda podkarpacki Lucyna Podhalicz, wicemarsza\u0142ek woj. podkarpackiego Piotr Pilch, Teresa Pamu\u0142a \u2013 wiceprzewodnicz\u0105ca Sejmiku Wojew\u00f3dztwa Podkarpackiego, a zarazem dyrektor podkarpackiego Oddzia\u0142u ARiMR, Maria Fajger \u2013 prezes Agencji Restrukturyzacji i Modernizacji Rolnictwa w Warszawie, Marta Tabaczek, przewodnicz\u0105ca [&hellip;]\" \/>\n<meta property=\"og:url\" content=\"https:\/\/marekkuchcinski.pl\/hu\/wydarzenia\/marek-kuchcinski-w-lubaczowie-jestesmy-pierwsza-partia-po-wyborach-89-roku-ktora-swoj-program-realizuje\/\" \/>\n<meta property=\"og:site_name\" content=\"Marek Kuchci\u0144ski\" \/>\n<meta property=\"article:published_time\" content=\"2019-05-13T12:00:23+00:00\" \/>\n<meta property=\"article:modified_time\" content=\"2019-05-13T14:44:46+00:00\" \/>\n<meta property=\"og:image\" content=\"https:\/\/marekkuchcinski.pl\/wp-content\/uploads\/2019\/05\/IMG_1699.jpg\" \/>\n\t<meta property=\"og:image:width\" content=\"2048\" \/>\n\t<meta property=\"og:image:height\" content=\"1365\" \/>\n\t<meta property=\"og:image:type\" content=\"image\/jpeg\" \/>\n<meta name=\"author\" content=\"admin\" \/>\n<meta name=\"twitter:card\" content=\"summary_large_image\" \/>\n<meta name=\"twitter:label1\" content=\"Szerz\u0151:\" \/>\n\t<meta name=\"twitter:data1\" content=\"admin\" \/>\n\t<meta name=\"twitter:label2\" content=\"Becs\u00fclt olvas\u00e1si id\u0151\" \/>\n\t<meta name=\"twitter:data2\" content=\"6 perc\" \/>\n<script type=\"application\/ld+json\" class=\"yoast-schema-graph\">{\"@context\":\"https:\/\/schema.org\",\"@graph\":[{\"@type\":\"Article\",\"@id\":\"https:\/\/marekkuchcinski.pl\/en\/wydarzenia\/marek-kuchcinski-w-lubaczowie-jestesmy-pierwsza-partia-po-wyborach-89-roku-ktora-swoj-program-realizuje\/#article\",\"isPartOf\":{\"@id\":\"https:\/\/marekkuchcinski.pl\/en\/wydarzenia\/marek-kuchcinski-w-lubaczowie-jestesmy-pierwsza-partia-po-wyborach-89-roku-ktora-swoj-program-realizuje\/\"},\"author\":{\"name\":\"admin\",\"@id\":\"https:\/\/marekkuchcinski.pl\/#\/schema\/person\/6f62700996b4d950b6ea2d1183b6c6be\"},\"headline\":\"Marek Kuchci\u0144ski w Lubaczowie: \u2013 Jeste\u015bmy pierwsz\u0105 parti\u0105 po wyborach \u201989 roku, kt\u00f3ra sw\u00f3j program realizuje\",\"datePublished\":\"2019-05-13T12:00:23+00:00\",\"dateModified\":\"2019-05-13T14:44:46+00:00\",\"mainEntityOfPage\":{\"@id\":\"https:\/\/marekkuchcinski.pl\/en\/wydarzenia\/marek-kuchcinski-w-lubaczowie-jestesmy-pierwsza-partia-po-wyborach-89-roku-ktora-swoj-program-realizuje\/\"},\"wordCount\":1285,\"commentCount\":0,\"publisher\":{\"@id\":\"https:\/\/marekkuchcinski.pl\/#organization\"},\"image\":{\"@id\":\"https:\/\/marekkuchcinski.pl\/en\/wydarzenia\/marek-kuchcinski-w-lubaczowie-jestesmy-pierwsza-partia-po-wyborach-89-roku-ktora-swoj-program-realizuje\/#primaryimage\"},\"thumbnailUrl\":\"https:\/\/marekkuchcinski.pl\/wp-content\/uploads\/2019\/05\/IMG_1699.jpg\",\"articleSection\":[\"Podkarpacie\",\"Prawo i Sprawiedliwo\u015b\u0107\",\"Wydarzenia\"],\"inLanguage\":\"hu\",\"potentialAction\":[{\"@type\":\"CommentAction\",\"name\":\"Comment\",\"target\":[\"https:\/\/marekkuchcinski.pl\/en\/wydarzenia\/marek-kuchcinski-w-lubaczowie-jestesmy-pierwsza-partia-po-wyborach-89-roku-ktora-swoj-program-realizuje\/#respond\"]}]},{\"@type\":\"WebPage\",\"@id\":\"https:\/\/marekkuchcinski.pl\/en\/wydarzenia\/marek-kuchcinski-w-lubaczowie-jestesmy-pierwsza-partia-po-wyborach-89-roku-ktora-swoj-program-realizuje\/\",\"url\":\"https:\/\/marekkuchcinski.pl\/en\/wydarzenia\/marek-kuchcinski-w-lubaczowie-jestesmy-pierwsza-partia-po-wyborach-89-roku-ktora-swoj-program-realizuje\/\",\"name\":\"Marek Kuchci\u0144ski w Lubaczowie: \u2013 Jeste\u015bmy pierwsz\u0105 parti\u0105 po wyborach \u201989 roku, kt\u00f3ra sw\u00f3j program realizuje &#8211; Marek Kuchci\u0144ski\",\"isPartOf\":{\"@id\":\"https:\/\/marekkuchcinski.pl\/#website\"},\"primaryImageOfPage\":{\"@id\":\"https:\/\/marekkuchcinski.pl\/en\/wydarzenia\/marek-kuchcinski-w-lubaczowie-jestesmy-pierwsza-partia-po-wyborach-89-roku-ktora-swoj-program-realizuje\/#primaryimage\"},\"image\":{\"@id\":\"https:\/\/marekkuchcinski.pl\/en\/wydarzenia\/marek-kuchcinski-w-lubaczowie-jestesmy-pierwsza-partia-po-wyborach-89-roku-ktora-swoj-program-realizuje\/#primaryimage\"},\"thumbnailUrl\":\"https:\/\/marekkuchcinski.pl\/wp-content\/uploads\/2019\/05\/IMG_1699.jpg\",\"datePublished\":\"2019-05-13T12:00:23+00:00\",\"dateModified\":\"2019-05-13T14:44:46+00:00\",\"breadcrumb\":{\"@id\":\"https:\/\/marekkuchcinski.pl\/en\/wydarzenia\/marek-kuchcinski-w-lubaczowie-jestesmy-pierwsza-partia-po-wyborach-89-roku-ktora-swoj-program-realizuje\/#breadcrumb\"},\"inLanguage\":\"hu\",\"potentialAction\":[{\"@type\":\"ReadAction\",\"target\":[\"https:\/\/marekkuchcinski.pl\/en\/wydarzenia\/marek-kuchcinski-w-lubaczowie-jestesmy-pierwsza-partia-po-wyborach-89-roku-ktora-swoj-program-realizuje\/\"]}]},{\"@type\":\"ImageObject\",\"inLanguage\":\"hu\",\"@id\":\"https:\/\/marekkuchcinski.pl\/en\/wydarzenia\/marek-kuchcinski-w-lubaczowie-jestesmy-pierwsza-partia-po-wyborach-89-roku-ktora-swoj-program-realizuje\/#primaryimage\",\"url\":\"https:\/\/marekkuchcinski.pl\/wp-content\/uploads\/2019\/05\/IMG_1699.jpg\",\"contentUrl\":\"https:\/\/marekkuchcinski.pl\/wp-content\/uploads\/2019\/05\/IMG_1699.jpg\",\"width\":2048,\"height\":1365},{\"@type\":\"BreadcrumbList\",\"@id\":\"https:\/\/marekkuchcinski.pl\/en\/wydarzenia\/marek-kuchcinski-w-lubaczowie-jestesmy-pierwsza-partia-po-wyborach-89-roku-ktora-swoj-program-realizuje\/#breadcrumb\",\"itemListElement\":[{\"@type\":\"ListItem\",\"position\":1,\"name\":\"Strona g\u0142\u00f3wna\",\"item\":\"https:\/\/marekkuchcinski.pl\/\"},{\"@type\":\"ListItem\",\"position\":2,\"name\":\"Marek Kuchci\u0144ski w Lubaczowie: \u2013 Jeste\u015bmy pierwsz\u0105 parti\u0105 po wyborach \u201989 roku, kt\u00f3ra sw\u00f3j program realizuje\"}]},{\"@type\":\"WebSite\",\"@id\":\"https:\/\/marekkuchcinski.pl\/#website\",\"url\":\"https:\/\/marekkuchcinski.pl\/\",\"name\":\"Marek Kuchci\u0144ski\",\"description\":\"Pose\u0142 na sejm RP &ndash; okr\u0119g nr 22\",\"publisher\":{\"@id\":\"https:\/\/marekkuchcinski.pl\/#organization\"},\"potentialAction\":[{\"@type\":\"SearchAction\",\"target\":{\"@type\":\"EntryPoint\",\"urlTemplate\":\"https:\/\/marekkuchcinski.pl\/?s={search_term_string}\"},\"query-input\":{\"@type\":\"PropertyValueSpecification\",\"valueRequired\":true,\"valueName\":\"search_term_string\"}}],\"inLanguage\":\"hu\"},{\"@type\":\"Organization\",\"@id\":\"https:\/\/marekkuchcinski.pl\/#organization\",\"name\":\"Marek Kuchci\u0144ski\",\"url\":\"https:\/\/marekkuchcinski.pl\/\",\"logo\":{\"@type\":\"ImageObject\",\"inLanguage\":\"hu\",\"@id\":\"https:\/\/marekkuchcinski.pl\/#\/schema\/logo\/image\/\",\"url\":\"https:\/\/marekkuchcinski.pl\/wp-content\/uploads\/2022\/09\/Marek.jpg\",\"contentUrl\":\"https:\/\/marekkuchcinski.pl\/wp-content\/uploads\/2022\/09\/Marek.jpg\",\"width\":1600,\"height\":971,\"caption\":\"Marek Kuchci\u0144ski\"},\"image\":{\"@id\":\"https:\/\/marekkuchcinski.pl\/#\/schema\/logo\/image\/\"}},{\"@type\":\"Person\",\"@id\":\"https:\/\/marekkuchcinski.pl\/#\/schema\/person\/6f62700996b4d950b6ea2d1183b6c6be\",\"name\":\"admin\",\"image\":{\"@type\":\"ImageObject\",\"inLanguage\":\"hu\",\"@id\":\"https:\/\/marekkuchcinski.pl\/#\/schema\/person\/image\/\",\"url\":\"https:\/\/secure.gravatar.com\/avatar\/4bab693b9d55c3d6b52c0296a8765085?s=96&d=mm&r=g\",\"contentUrl\":\"https:\/\/secure.gravatar.com\/avatar\/4bab693b9d55c3d6b52c0296a8765085?s=96&d=mm&r=g\",\"caption\":\"admin\"},\"url\":\"https:\/\/marekkuchcinski.pl\/hu\/author\/marta-olejnik\/\"}]}<\/script>\n<!-- \/ Yoast SEO plugin. -->","yoast_head_json":{"title":"Marek Kuchci\u0144ski w Lubaczowie: \u2013 Jeste\u015bmy pierwsz\u0105 parti\u0105 po wyborach \u201989 roku, kt\u00f3ra sw\u00f3j program realizuje &#8211; Marek Kuchci\u0144ski","robots":{"index":"index","follow":"follow","max-snippet":"max-snippet:-1","max-image-preview":"max-image-preview:large","max-video-preview":"max-video-preview:-1"},"canonical":"https:\/\/marekkuchcinski.pl\/hu\/wydarzenia\/marek-kuchcinski-w-lubaczowie-jestesmy-pierwsza-partia-po-wyborach-89-roku-ktora-swoj-program-realizuje\/","og_locale":"hu_HU","og_type":"article","og_title":"Marek Kuchci\u0144ski w Lubaczowie: \u2013 Jeste\u015bmy pierwsz\u0105 parti\u0105 po wyborach \u201989 roku, kt\u00f3ra sw\u00f3j program realizuje &#8211; Marek Kuchci\u0144ski","og_description":"Podczas konwencji wyborczej do Parlamentu Europejskiego w Lubaczowie obecni byli m.in. marsza\u0142ek Sejmu i prezes podkarpackiego PiS Marek Kuchci\u0144ski, wicewojewoda podkarpacki Lucyna Podhalicz, wicemarsza\u0142ek woj. podkarpackiego Piotr Pilch, Teresa Pamu\u0142a \u2013 wiceprzewodnicz\u0105ca Sejmiku Wojew\u00f3dztwa Podkarpackiego, a zarazem dyrektor podkarpackiego Oddzia\u0142u ARiMR, Maria Fajger \u2013 prezes Agencji Restrukturyzacji i Modernizacji Rolnictwa w Warszawie, Marta Tabaczek, przewodnicz\u0105ca [&hellip;]","og_url":"https:\/\/marekkuchcinski.pl\/hu\/wydarzenia\/marek-kuchcinski-w-lubaczowie-jestesmy-pierwsza-partia-po-wyborach-89-roku-ktora-swoj-program-realizuje\/","og_site_name":"Marek Kuchci\u0144ski","article_published_time":"2019-05-13T12:00:23+00:00","article_modified_time":"2019-05-13T14:44:46+00:00","og_image":[{"width":2048,"height":1365,"url":"https:\/\/marekkuchcinski.pl\/wp-content\/uploads\/2019\/05\/IMG_1699.jpg","type":"image\/jpeg"}],"author":"admin","twitter_card":"summary_large_image","twitter_misc":{"Szerz\u0151:":"admin","Becs\u00fclt olvas\u00e1si id\u0151":"6 perc"},"schema":{"@context":"https:\/\/schema.org","@graph":[{"@type":"Article","@id":"https:\/\/marekkuchcinski.pl\/en\/wydarzenia\/marek-kuchcinski-w-lubaczowie-jestesmy-pierwsza-partia-po-wyborach-89-roku-ktora-swoj-program-realizuje\/#article","isPartOf":{"@id":"https:\/\/marekkuchcinski.pl\/en\/wydarzenia\/marek-kuchcinski-w-lubaczowie-jestesmy-pierwsza-partia-po-wyborach-89-roku-ktora-swoj-program-realizuje\/"},"author":{"name":"admin","@id":"https:\/\/marekkuchcinski.pl\/#\/schema\/person\/6f62700996b4d950b6ea2d1183b6c6be"},"headline":"Marek Kuchci\u0144ski w Lubaczowie: \u2013 Jeste\u015bmy pierwsz\u0105 parti\u0105 po wyborach \u201989 roku, kt\u00f3ra sw\u00f3j program realizuje","datePublished":"2019-05-13T12:00:23+00:00","dateModified":"2019-05-13T14:44:46+00:00","mainEntityOfPage":{"@id":"https:\/\/marekkuchcinski.pl\/en\/wydarzenia\/marek-kuchcinski-w-lubaczowie-jestesmy-pierwsza-partia-po-wyborach-89-roku-ktora-swoj-program-realizuje\/"},"wordCount":1285,"commentCount":0,"publisher":{"@id":"https:\/\/marekkuchcinski.pl\/#organization"},"image":{"@id":"https:\/\/marekkuchcinski.pl\/en\/wydarzenia\/marek-kuchcinski-w-lubaczowie-jestesmy-pierwsza-partia-po-wyborach-89-roku-ktora-swoj-program-realizuje\/#primaryimage"},"thumbnailUrl":"https:\/\/marekkuchcinski.pl\/wp-content\/uploads\/2019\/05\/IMG_1699.jpg","articleSection":["Podkarpacie","Prawo i Sprawiedliwo\u015b\u0107","Wydarzenia"],"inLanguage":"hu","potentialAction":[{"@type":"CommentAction","name":"Comment","target":["https:\/\/marekkuchcinski.pl\/en\/wydarzenia\/marek-kuchcinski-w-lubaczowie-jestesmy-pierwsza-partia-po-wyborach-89-roku-ktora-swoj-program-realizuje\/#respond"]}]},{"@type":"WebPage","@id":"https:\/\/marekkuchcinski.pl\/en\/wydarzenia\/marek-kuchcinski-w-lubaczowie-jestesmy-pierwsza-partia-po-wyborach-89-roku-ktora-swoj-program-realizuje\/","url":"https:\/\/marekkuchcinski.pl\/en\/wydarzenia\/marek-kuchcinski-w-lubaczowie-jestesmy-pierwsza-partia-po-wyborach-89-roku-ktora-swoj-program-realizuje\/","name":"Marek Kuchci\u0144ski w Lubaczowie: \u2013 Jeste\u015bmy pierwsz\u0105 parti\u0105 po wyborach \u201989 roku, kt\u00f3ra sw\u00f3j program realizuje &#8211; Marek Kuchci\u0144ski","isPartOf":{"@id":"https:\/\/marekkuchcinski.pl\/#website"},"primaryImageOfPage":{"@id":"https:\/\/marekkuchcinski.pl\/en\/wydarzenia\/marek-kuchcinski-w-lubaczowie-jestesmy-pierwsza-partia-po-wyborach-89-roku-ktora-swoj-program-realizuje\/#primaryimage"},"image":{"@id":"https:\/\/marekkuchcinski.pl\/en\/wydarzenia\/marek-kuchcinski-w-lubaczowie-jestesmy-pierwsza-partia-po-wyborach-89-roku-ktora-swoj-program-realizuje\/#primaryimage"},"thumbnailUrl":"https:\/\/marekkuchcinski.pl\/wp-content\/uploads\/2019\/05\/IMG_1699.jpg","datePublished":"2019-05-13T12:00:23+00:00","dateModified":"2019-05-13T14:44:46+00:00","breadcrumb":{"@id":"https:\/\/marekkuchcinski.pl\/en\/wydarzenia\/marek-kuchcinski-w-lubaczowie-jestesmy-pierwsza-partia-po-wyborach-89-roku-ktora-swoj-program-realizuje\/#breadcrumb"},"inLanguage":"hu","potentialAction":[{"@type":"ReadAction","target":["https:\/\/marekkuchcinski.pl\/en\/wydarzenia\/marek-kuchcinski-w-lubaczowie-jestesmy-pierwsza-partia-po-wyborach-89-roku-ktora-swoj-program-realizuje\/"]}]},{"@type":"ImageObject","inLanguage":"hu","@id":"https:\/\/marekkuchcinski.pl\/en\/wydarzenia\/marek-kuchcinski-w-lubaczowie-jestesmy-pierwsza-partia-po-wyborach-89-roku-ktora-swoj-program-realizuje\/#primaryimage","url":"https:\/\/marekkuchcinski.pl\/wp-content\/uploads\/2019\/05\/IMG_1699.jpg","contentUrl":"https:\/\/marekkuchcinski.pl\/wp-content\/uploads\/2019\/05\/IMG_1699.jpg","width":2048,"height":1365},{"@type":"BreadcrumbList","@id":"https:\/\/marekkuchcinski.pl\/en\/wydarzenia\/marek-kuchcinski-w-lubaczowie-jestesmy-pierwsza-partia-po-wyborach-89-roku-ktora-swoj-program-realizuje\/#breadcrumb","itemListElement":[{"@type":"ListItem","position":1,"name":"Strona g\u0142\u00f3wna","item":"https:\/\/marekkuchcinski.pl\/"},{"@type":"ListItem","position":2,"name":"Marek Kuchci\u0144ski w Lubaczowie: \u2013 Jeste\u015bmy pierwsz\u0105 parti\u0105 po wyborach \u201989 roku, kt\u00f3ra sw\u00f3j program realizuje"}]},{"@type":"WebSite","@id":"https:\/\/marekkuchcinski.pl\/#website","url":"https:\/\/marekkuchcinski.pl\/","name":"Marek Kuchci\u0144ski","description":"Pose\u0142 na sejm RP &ndash; okr\u0119g nr 22","publisher":{"@id":"https:\/\/marekkuchcinski.pl\/#organization"},"potentialAction":[{"@type":"SearchAction","target":{"@type":"EntryPoint","urlTemplate":"https:\/\/marekkuchcinski.pl\/?s={search_term_string}"},"query-input":{"@type":"PropertyValueSpecification","valueRequired":true,"valueName":"search_term_string"}}],"inLanguage":"hu"},{"@type":"Organization","@id":"https:\/\/marekkuchcinski.pl\/#organization","name":"Marek Kuchci\u0144ski","url":"https:\/\/marekkuchcinski.pl\/","logo":{"@type":"ImageObject","inLanguage":"hu","@id":"https:\/\/marekkuchcinski.pl\/#\/schema\/logo\/image\/","url":"https:\/\/marekkuchcinski.pl\/wp-content\/uploads\/2022\/09\/Marek.jpg","contentUrl":"https:\/\/marekkuchcinski.pl\/wp-content\/uploads\/2022\/09\/Marek.jpg","width":1600,"height":971,"caption":"Marek Kuchci\u0144ski"},"image":{"@id":"https:\/\/marekkuchcinski.pl\/#\/schema\/logo\/image\/"}},{"@type":"Person","@id":"https:\/\/marekkuchcinski.pl\/#\/schema\/person\/6f62700996b4d950b6ea2d1183b6c6be","name":"admin","image":{"@type":"ImageObject","inLanguage":"hu","@id":"https:\/\/marekkuchcinski.pl\/#\/schema\/person\/image\/","url":"https:\/\/secure.gravatar.com\/avatar\/4bab693b9d55c3d6b52c0296a8765085?s=96&d=mm&r=g","contentUrl":"https:\/\/secure.gravatar.com\/avatar\/4bab693b9d55c3d6b52c0296a8765085?s=96&d=mm&r=g","caption":"admin"},"url":"https:\/\/marekkuchcinski.pl\/hu\/author\/marta-olejnik\/"}]}},"_links":{"self":[{"href":"https:\/\/marekkuchcinski.pl\/hu\/wp-json\/wp\/v2\/posts\/15434","targetHints":{"allow":["GET"]}}],"collection":[{"href":"https:\/\/marekkuchcinski.pl\/hu\/wp-json\/wp\/v2\/posts"}],"about":[{"href":"https:\/\/marekkuchcinski.pl\/hu\/wp-json\/wp\/v2\/types\/post"}],"author":[{"embeddable":true,"href":"https:\/\/marekkuchcinski.pl\/hu\/wp-json\/wp\/v2\/users\/6"}],"replies":[{"embeddable":true,"href":"https:\/\/marekkuchcinski.pl\/hu\/wp-json\/wp\/v2\/comments?post=15434"}],"version-history":[{"count":15,"href":"https:\/\/marekkuchcinski.pl\/hu\/wp-json\/wp\/v2\/posts\/15434\/revisions"}],"predecessor-version":[{"id":15477,"href":"https:\/\/marekkuchcinski.pl\/hu\/wp-json\/wp\/v2\/posts\/15434\/revisions\/15477"}],"wp:featuredmedia":[{"embeddable":true,"href":"https:\/\/marekkuchcinski.pl\/hu\/wp-json\/wp\/v2\/media\/15435"}],"wp:attachment":[{"href":"https:\/\/marekkuchcinski.pl\/hu\/wp-json\/wp\/v2\/media?parent=15434"}],"wp:term":[{"taxonomy":"category","embeddable":true,"href":"https:\/\/marekkuchcinski.pl\/hu\/wp-json\/wp\/v2\/categories?post=15434"},{"taxonomy":"post_tag","embeddable":true,"href":"https:\/\/marekkuchcinski.pl\/hu\/wp-json\/wp\/v2\/tags?post=15434"}],"curies":[{"name":"wp","href":"https:\/\/api.w.org\/{rel}","templated":true}]}}