{"id":15401,"date":"2019-05-13T11:13:07","date_gmt":"2019-05-13T09:13:07","guid":{"rendered":"https:\/\/marekkuchcinski.pl\/?p=15401"},"modified":"2019-05-13T14:11:15","modified_gmt":"2019-05-13T12:11:15","slug":"muzeum-narodowe-ziemi-przemyskiej-zapomniana-wojna-polsko-ukrainska-1918-1919","status":"publish","type":"post","link":"https:\/\/marekkuchcinski.pl\/hu\/wydarzenia\/muzeum-narodowe-ziemi-przemyskiej-zapomniana-wojna-polsko-ukrainska-1918-1919\/","title":{"rendered":"A Przemysl r\u00e9gi\u00f3 Nemzeti M\u00fazeuma: Elfelejtett lengyel-ukr\u00e1n h\u00e1bor\u00fa 1918-1919"},"content":{"rendered":"<p>Fot\u00f3: Marta Olejnik<\/p>\n\n\n\n<ul class=\"wp-block-gallery columns-1 is-cropped wp-block-gallery-1 is-layout-flex wp-block-gallery-is-layout-flex\"><li class=\"blocks-gallery-item\"><figure><img fetchpriority=\"high\" decoding=\"async\" width=\"1024\" height=\"683\" src=\"https:\/\/marekkuchcinski.pl\/wp-content\/uploads\/2019\/05\/IMG_0091-1024x683.jpg\" alt=\"\" data-id=\"15402\" data-link=\"https:\/\/marekkuchcinski.pl\/?attachment_id=15402\" class=\"wp-image-15402\" srcset=\"https:\/\/marekkuchcinski.pl\/wp-content\/uploads\/2019\/05\/IMG_0091-1024x683.jpg 1024w, https:\/\/marekkuchcinski.pl\/wp-content\/uploads\/2019\/05\/IMG_0091-300x200.jpg 300w, https:\/\/marekkuchcinski.pl\/wp-content\/uploads\/2019\/05\/IMG_0091-768x512.jpg 768w, https:\/\/marekkuchcinski.pl\/wp-content\/uploads\/2019\/05\/IMG_0091.jpg 2048w\" sizes=\"(max-width: 1024px) 100vw, 1024px\" \/><\/figure><\/li><li class=\"blocks-gallery-item\"><figure><img decoding=\"async\" width=\"1024\" height=\"705\" src=\"https:\/\/marekkuchcinski.pl\/wp-content\/uploads\/2019\/05\/IMG_0092-1024x705.jpg\" alt=\"\" data-id=\"15403\" data-link=\"https:\/\/marekkuchcinski.pl\/?attachment_id=15403\" class=\"wp-image-15403\" srcset=\"https:\/\/marekkuchcinski.pl\/wp-content\/uploads\/2019\/05\/IMG_0092-1024x705.jpg 1024w, https:\/\/marekkuchcinski.pl\/wp-content\/uploads\/2019\/05\/IMG_0092-300x207.jpg 300w, https:\/\/marekkuchcinski.pl\/wp-content\/uploads\/2019\/05\/IMG_0092-768x529.jpg 768w, https:\/\/marekkuchcinski.pl\/wp-content\/uploads\/2019\/05\/IMG_0092.jpg 2048w\" sizes=\"(max-width: 1024px) 100vw, 1024px\" \/><\/figure><\/li><li class=\"blocks-gallery-item\"><figure><img decoding=\"async\" width=\"1024\" height=\"829\" src=\"https:\/\/marekkuchcinski.pl\/wp-content\/uploads\/2019\/05\/IMG_0089-1024x829.jpg\" alt=\"\" data-id=\"15404\" data-link=\"https:\/\/marekkuchcinski.pl\/?attachment_id=15404\" class=\"wp-image-15404\" srcset=\"https:\/\/marekkuchcinski.pl\/wp-content\/uploads\/2019\/05\/IMG_0089-1024x829.jpg 1024w, https:\/\/marekkuchcinski.pl\/wp-content\/uploads\/2019\/05\/IMG_0089-300x243.jpg 300w, https:\/\/marekkuchcinski.pl\/wp-content\/uploads\/2019\/05\/IMG_0089-768x622.jpg 768w, https:\/\/marekkuchcinski.pl\/wp-content\/uploads\/2019\/05\/IMG_0089.jpg 2048w\" sizes=\"(max-width: 1024px) 100vw, 1024px\" \/><\/figure><\/li><li class=\"blocks-gallery-item\"><figure><img loading=\"lazy\" decoding=\"async\" width=\"1024\" height=\"683\" src=\"https:\/\/marekkuchcinski.pl\/wp-content\/uploads\/2019\/05\/IMG_0086-1024x683.jpg\" alt=\"\" data-id=\"15405\" data-link=\"https:\/\/marekkuchcinski.pl\/?attachment_id=15405\" class=\"wp-image-15405\" srcset=\"https:\/\/marekkuchcinski.pl\/wp-content\/uploads\/2019\/05\/IMG_0086-1024x683.jpg 1024w, https:\/\/marekkuchcinski.pl\/wp-content\/uploads\/2019\/05\/IMG_0086-300x200.jpg 300w, https:\/\/marekkuchcinski.pl\/wp-content\/uploads\/2019\/05\/IMG_0086-768x512.jpg 768w, https:\/\/marekkuchcinski.pl\/wp-content\/uploads\/2019\/05\/IMG_0086.jpg 2048w\" sizes=\"(max-width: 1024px) 100vw, 1024px\" \/><\/figure><\/li><li class=\"blocks-gallery-item\"><figure><img loading=\"lazy\" decoding=\"async\" width=\"1024\" height=\"683\" src=\"https:\/\/marekkuchcinski.pl\/wp-content\/uploads\/2019\/05\/IMG_0078-1024x683.jpg\" alt=\"\" data-id=\"15406\" data-link=\"https:\/\/marekkuchcinski.pl\/?attachment_id=15406\" class=\"wp-image-15406\" srcset=\"https:\/\/marekkuchcinski.pl\/wp-content\/uploads\/2019\/05\/IMG_0078-1024x683.jpg 1024w, https:\/\/marekkuchcinski.pl\/wp-content\/uploads\/2019\/05\/IMG_0078-300x200.jpg 300w, https:\/\/marekkuchcinski.pl\/wp-content\/uploads\/2019\/05\/IMG_0078-768x512.jpg 768w, https:\/\/marekkuchcinski.pl\/wp-content\/uploads\/2019\/05\/IMG_0078.jpg 2048w\" sizes=\"(max-width: 1024px) 100vw, 1024px\" \/><\/figure><\/li><li class=\"blocks-gallery-item\"><figure><img loading=\"lazy\" decoding=\"async\" width=\"1024\" height=\"683\" src=\"https:\/\/marekkuchcinski.pl\/wp-content\/uploads\/2019\/05\/IMG_0075-1024x683.jpg\" alt=\"\" data-id=\"15407\" data-link=\"https:\/\/marekkuchcinski.pl\/?attachment_id=15407\" class=\"wp-image-15407\" srcset=\"https:\/\/marekkuchcinski.pl\/wp-content\/uploads\/2019\/05\/IMG_0075-1024x683.jpg 1024w, https:\/\/marekkuchcinski.pl\/wp-content\/uploads\/2019\/05\/IMG_0075-300x200.jpg 300w, https:\/\/marekkuchcinski.pl\/wp-content\/uploads\/2019\/05\/IMG_0075-768x512.jpg 768w, https:\/\/marekkuchcinski.pl\/wp-content\/uploads\/2019\/05\/IMG_0075.jpg 2048w\" sizes=\"(max-width: 1024px) 100vw, 1024px\" \/><\/figure><\/li><li class=\"blocks-gallery-item\"><figure><img loading=\"lazy\" decoding=\"async\" width=\"1024\" height=\"686\" src=\"https:\/\/marekkuchcinski.pl\/wp-content\/uploads\/2019\/05\/IMG_0073-1024x686.jpg\" alt=\"\" data-id=\"15408\" data-link=\"https:\/\/marekkuchcinski.pl\/?attachment_id=15408\" class=\"wp-image-15408\" srcset=\"https:\/\/marekkuchcinski.pl\/wp-content\/uploads\/2019\/05\/IMG_0073-1024x686.jpg 1024w, https:\/\/marekkuchcinski.pl\/wp-content\/uploads\/2019\/05\/IMG_0073-300x201.jpg 300w, https:\/\/marekkuchcinski.pl\/wp-content\/uploads\/2019\/05\/IMG_0073-768x514.jpg 768w, https:\/\/marekkuchcinski.pl\/wp-content\/uploads\/2019\/05\/IMG_0073.jpg 2048w\" sizes=\"(max-width: 1024px) 100vw, 1024px\" \/><\/figure><\/li><li class=\"blocks-gallery-item\"><figure><img loading=\"lazy\" decoding=\"async\" width=\"1024\" height=\"683\" src=\"https:\/\/marekkuchcinski.pl\/wp-content\/uploads\/2019\/05\/IMG_0063-1024x683.jpg\" alt=\"\" data-id=\"15411\" data-link=\"https:\/\/marekkuchcinski.pl\/?attachment_id=15411\" class=\"wp-image-15411\" srcset=\"https:\/\/marekkuchcinski.pl\/wp-content\/uploads\/2019\/05\/IMG_0063-1024x683.jpg 1024w, https:\/\/marekkuchcinski.pl\/wp-content\/uploads\/2019\/05\/IMG_0063-300x200.jpg 300w, https:\/\/marekkuchcinski.pl\/wp-content\/uploads\/2019\/05\/IMG_0063-768x512.jpg 768w, https:\/\/marekkuchcinski.pl\/wp-content\/uploads\/2019\/05\/IMG_0063.jpg 2048w\" sizes=\"(max-width: 1024px) 100vw, 1024px\" \/><\/figure><\/li><li class=\"blocks-gallery-item\"><figure><img loading=\"lazy\" decoding=\"async\" width=\"1024\" height=\"683\" src=\"https:\/\/marekkuchcinski.pl\/wp-content\/uploads\/2019\/05\/IMG_0051-1024x683.jpg\" alt=\"\" data-id=\"15412\" data-link=\"https:\/\/marekkuchcinski.pl\/?attachment_id=15412\" class=\"wp-image-15412\" srcset=\"https:\/\/marekkuchcinski.pl\/wp-content\/uploads\/2019\/05\/IMG_0051-1024x683.jpg 1024w, https:\/\/marekkuchcinski.pl\/wp-content\/uploads\/2019\/05\/IMG_0051-300x200.jpg 300w, https:\/\/marekkuchcinski.pl\/wp-content\/uploads\/2019\/05\/IMG_0051-768x512.jpg 768w, https:\/\/marekkuchcinski.pl\/wp-content\/uploads\/2019\/05\/IMG_0051.jpg 2048w\" sizes=\"(max-width: 1024px) 100vw, 1024px\" \/><\/figure><\/li><li class=\"blocks-gallery-item\"><figure><img loading=\"lazy\" decoding=\"async\" width=\"1024\" height=\"692\" src=\"https:\/\/marekkuchcinski.pl\/wp-content\/uploads\/2019\/05\/IMG_0043-1024x692.jpg\" alt=\"\" data-id=\"15413\" data-link=\"https:\/\/marekkuchcinski.pl\/?attachment_id=15413\" class=\"wp-image-15413\" srcset=\"https:\/\/marekkuchcinski.pl\/wp-content\/uploads\/2019\/05\/IMG_0043-1024x692.jpg 1024w, https:\/\/marekkuchcinski.pl\/wp-content\/uploads\/2019\/05\/IMG_0043-300x203.jpg 300w, https:\/\/marekkuchcinski.pl\/wp-content\/uploads\/2019\/05\/IMG_0043-768x519.jpg 768w, https:\/\/marekkuchcinski.pl\/wp-content\/uploads\/2019\/05\/IMG_0043.jpg 2048w\" sizes=\"(max-width: 1024px) 100vw, 1024px\" \/><\/figure><\/li><li class=\"blocks-gallery-item\"><figure><img loading=\"lazy\" decoding=\"async\" width=\"1024\" height=\"683\" src=\"https:\/\/marekkuchcinski.pl\/wp-content\/uploads\/2019\/05\/IMG_0040-1024x683.jpg\" alt=\"\" data-id=\"15414\" data-link=\"https:\/\/marekkuchcinski.pl\/?attachment_id=15414\" class=\"wp-image-15414\" srcset=\"https:\/\/marekkuchcinski.pl\/wp-content\/uploads\/2019\/05\/IMG_0040-1024x683.jpg 1024w, https:\/\/marekkuchcinski.pl\/wp-content\/uploads\/2019\/05\/IMG_0040-300x200.jpg 300w, https:\/\/marekkuchcinski.pl\/wp-content\/uploads\/2019\/05\/IMG_0040-768x512.jpg 768w, https:\/\/marekkuchcinski.pl\/wp-content\/uploads\/2019\/05\/IMG_0040.jpg 2048w\" sizes=\"(max-width: 1024px) 100vw, 1024px\" \/><\/figure><\/li><li class=\"blocks-gallery-item\"><figure><img loading=\"lazy\" decoding=\"async\" width=\"1024\" height=\"683\" src=\"https:\/\/marekkuchcinski.pl\/wp-content\/uploads\/2019\/05\/IMG_0035-1024x683.jpg\" alt=\"\" data-id=\"15416\" data-link=\"https:\/\/marekkuchcinski.pl\/?attachment_id=15416\" class=\"wp-image-15416\" srcset=\"https:\/\/marekkuchcinski.pl\/wp-content\/uploads\/2019\/05\/IMG_0035-1024x683.jpg 1024w, https:\/\/marekkuchcinski.pl\/wp-content\/uploads\/2019\/05\/IMG_0035-300x200.jpg 300w, https:\/\/marekkuchcinski.pl\/wp-content\/uploads\/2019\/05\/IMG_0035-768x512.jpg 768w, https:\/\/marekkuchcinski.pl\/wp-content\/uploads\/2019\/05\/IMG_0035.jpg 2048w\" sizes=\"(max-width: 1024px) 100vw, 1024px\" \/><\/figure><\/li><\/ul>\n\n\n\n<p>Elfelejtett vagy ismeretlen?<\/p>\n\n\n\n<p>Ez a leggyakrabban feltett k\u00e9rd\u00e9s a ki\u00e1ll\u00edt\u00e1shoz kapcsol\u00f3d\u00f3an, amely \u00e1prilis 5-t\u0151l l\u00e1that\u00f3 a Przemysli Nemzeti M\u00fazeumban. Szerintem mindkett\u0151. Kiss\u00e9 elfeledett, de nagyr\u00e9szt ismeretlen. T\u00f6rt\u00e9n\u00e9szek \u00e9s szakemberek k\u00f6r\u00e9ben ismert, m\u00edg sz\u00e9lesebb t\u00e1rsadalmi k\u00f6r\u00f6kben ismerts\u00e9ge ink\u00e1bb az 1918-as \u00e9v k\u00f6r\u00fcl forog, \u00e9s novemberben van, amikor a f\u00fcggetlens\u00e9g napja alkalm\u00e1b\u00f3l mintegy k\u00f6teless\u00e9gb\u0151l eml\u00e9keztetj\u00fck magunkat ezekre az esem\u00e9nyekre. E h\u00e1bor\u00fa 100. \u00e9vfordul\u00f3ja arra k\u00f6telezett benn\u00fcnket, hogy eml\u00e9keztess\u00fck az embereket erre a h\u00e1bor\u00fara, \u00e9s amennyire csak lehets\u00e9ges, jobban megismertess\u00fck. Az \u00e9rdekl\u0151d\u00e9s felkelt\u00e9se \u00e9rdek\u00e9ben a \"Bold\" p\u00e1nc\u00e9lvonat egyik t\u00fcz\u00e9rs\u00e9gi kocsij\u00e1nak 1:1 m\u00e9retar\u00e1ny\u00fa t\u00f6red\u00e9ke l\u00e1that\u00f3, amely a ki\u00e1ll\u00edt\u00e1s legl\u00e1tv\u00e1nyosabb hangs\u00falya lett. A m\u00e1sodik a Schwarzlose g\u00e9ppuska\u00e1ll\u00e1s ki\u00e1ll\u00edt\u00e1sa, amely egy konkr\u00e9t helyzethez kapcsol\u00f3dik: a 2. Lviv-i l\u00f6v\u00e9szezred katon\u00e1i a persenkovkai harcokban. A m\u00fazeum falansztergy\u0171jtem\u00e9ny\u00e9nek sz\u00e1mos t\u00e1rgyi eml\u00e9k\u00e9t, p\u00e9ld\u00e1ul a novemberi harcok idej\u00e9n a lvivi v\u00e9delem egyes szakaszainak jelv\u00e9nyeit: K\u00f6zponti p\u00e1lyaudvar, Schramm sz\u00e1zad stb. l\u00e9gi\u00f3s egyenruh\u00e1k, fegyverek \u00e9s katonai felszerel\u00e9sek. Az ismeretek elm\u00e9ly\u00edt\u00e9s\u00e9t szolg\u00e1lja a t\u00f6bb mint harminc \u00e1br\u00e1n tal\u00e1lhat\u00f3 gazdag le\u00edr\u00f3 r\u00e9sz. \u00c1ltal\u00e1nos ismereteket ny\u00fajt a konfliktusr\u00f3l, mik\u00f6zben kiemeli a h\u00e1bor\u00fa egyes epiz\u00f3djait, mint p\u00e9ld\u00e1ul a N\u0151i \u00d6nk\u00e9ntes L\u00e9gi\u00f3, az 1. \u00e9s 2. lw\u00f3wi l\u00f6v\u00e9szezred, Orl\u0119ta t\u00f6rt\u00e9nete. Kamienie na Szaniec Lwowskie, Anya \u00e9s fia Aleksandra Zag\u00f3rsk\u00e1r\u00f3l \u00e9s fi\u00e1r\u00f3l, Jerzy Bitschanr\u00f3l, Lw\u00f3w v\u00e9delm\u00e9nek minden szakasz\u00e1r\u00f3l, a konfliktus p\u00e1nc\u00e9lozott j\u00e1rm\u0171veir\u0151l, a h\u00e1bor\u00fa harci elef\u00e1ntjair\u00f3l, vagy a p\u00e1nc\u00e9lvonatokr\u00f3l stb. Nagy figyelmet ford\u00edtanak a h\u00e1bor\u00fa l\u00e9gi k\u00f6zleked\u00e9s\u00e9re is, k\u00fcl\u00f6n\u00f6sen a Przemy\u015bl melletti Levandivka \u00e9s Hurechk rep\u00fcl\u0151ter\u00e9re. A h\u00e1bor\u00fa egyes epiz\u00f3djait bemutat\u00f3 k\u00e9t monitor lehet\u0151s\u00e9get ad arra, hogy megn\u00e9zze a konfliktus gazdag ikonogr\u00e1fi\u00e1j\u00e1t. K\u00fcl\u00f6nlegess\u00e9ge a padl\u00f3n tal\u00e1lhat\u00f3 nagy, 3 x 4 m-es Lviv-t\u00e9rk\u00e9p. Lehet\u0151s\u00e9get k\u00edn\u00e1l egyfajta s\u00e9t\u00e1ra Lviv k\u00f6r\u00fcl. A t\u00e9rk\u00e9p a lengyel v\u00e9delem egyes szakaszait mutatja be a v\u00e1rosban, valamint a legh\u00edresebb csatahelyeket, mint p\u00e9ld\u00e1ul Persenkowka - a hal\u00e1l redutja, a kiv\u00e9gz\u00e9s hegye, Lewandowka, Pi\u0142sudski redutja, a Citadella, a Vas\u00fati Igazgat\u00f3s\u00e1g, a Nemzeti Szejm, a Sienkiewicz-iskola, a Bem t\u00e9r, a Kadet-iskola stb. Lw\u00f3w Semper Fidelis egyike annak a h\u00e1rom v\u00e1rosnak, Vars\u00f3 \u00e9s Verdun mellett, amelyek megkapt\u00e1k a Virtuti Militari Rendet. Lak\u00f3i voltak a kollekt\u00edv h\u0151sei ennek a testv\u00e9rh\u00e1bor\u00fanak, amely kor\u00e1ntsem \u00e9rt v\u00e9get novemberben. Ez volt az els\u0151 szakasz v\u00e9ge, amely november 1-t\u0151l 22-ig tartott, \u00e9s \"ruszin h\u00f3nap\" n\u00e9ven ismert. A m\u00e1sodik szakaszban az ukr\u00e1n csapatok megkezdt\u00e9k a v\u00e1ros rendszeres ostrom\u00e1t, \u00e9s minden\u00e1ron igyekeztek megt\u00f6rni a Lw\u00f3wot Przemy\u015bllel \u00f6sszek\u00f6t\u0151 kommunik\u00e1ci\u00f3s vonalat. A harmadik szakasz a lengyel offenz\u00edva volt, amely 1919 \u00e1prilis\u00e1t\u00f3l j\u00falius\u00e1ig tartott. V\u00e9g\u00fcl is a front eltol\u00f3d\u00e1s\u00e1t hozta a Zbrucz-vonalra, s\u00falyos harcok ut\u00e1n.<\/p>\n\n\n\n<p>A ki\u00e1ll\u00edt\u00e1s tisztelg\u00e9s a h\u00e1bor\u00fa r\u00e9sztvev\u0151i \u00e9s \u00e1ldozatai el\u0151tt. Ez egy k\u00eds\u00e9rlet arra, hogy felid\u00e9zz\u00fcnk legal\u00e1bb n\u00e9h\u00e1ny olyan helyet, mint Persenkovka, \u00e9s olyan embereket, mint Iwo Na\u0142\u0119cz Ska\u0142kowski, akiknek az eml\u00e9ke sajnos elhalv\u00e1nyult. Egy olyan v\u00e1rosban, mint Przemy\u015bl, amelynek t\u00f6rt\u00e9nelmi kapcsolatai mindig is nagyon er\u0151sek voltak Lvivvel, ennek a k\u00f6z\u00f6s m\u00faltnak az eml\u00e9ke nyilv\u00e1nval\u00f3nak t\u0171nik. \u00dagy t\u0171nik sz\u00e1munkra, hogy a k\u00f6vetkez\u0151 nyaral\u00e1si, \u00fcd\u00fcl\u00e9si szezonban is j\u00f3 bevezet\u00e9sk\u00e9nt szolg\u00e1lhat a lvivi v\u00e1rosn\u00e9z\u00e9shez.<\/p>\n\n\n\n<p><em>Lucjan Fac<\/em><\/p>","protected":false},"excerpt":{"rendered":"<p>fot. Marta Olejnik Zapomniana czy nieznana? To najcz\u0119\u015bciej zadawane pytanie towarzysz\u0105ce wystawie jak\u0105 od 5 kwietnia mo\u017cemy ogl\u0105da\u0107 w Muzeum Narodowym Ziemi Przemyskiej. My\u015bl\u0119, \u017ce i jedno i drugie. Troch\u0119 zapomniana, ale w bardzo du\u017cym stopniu nieznana. Znana jest w kr\u0119gach historyk\u00f3w i specjalist\u00f3w, w szerszych kr\u0119gach spo\u0142ecznych jej znajomo\u015b\u0107 raczej obraca si\u0119 wok\u00f3\u0142 roku [&hellip;]<\/p>","protected":false},"author":6,"featured_media":15415,"comment_status":"open","ping_status":"open","sticky":false,"template":"","format":"standard","meta":{"ngg_post_thumbnail":0,"footnotes":""},"categories":[49,77,3],"tags":[],"class_list":["post-15401","post","type-post","status-publish","format-standard","has-post-thumbnail","hentry","category-podkarpacie","category-wazne-daty","category-wydarzenia"],"yoast_head":"<!-- This site is optimized with the Yoast SEO plugin v24.7 - https:\/\/yoast.com\/wordpress\/plugins\/seo\/ -->\n<title>Muzeum Narodowe Ziemi Przemyskiej: Zapomniana Wojna Polsko-Ukrai\u0144ska 1918-1919 &#8211; Marek Kuchci\u0144ski<\/title>\n<meta name=\"robots\" content=\"index, follow, max-snippet:-1, max-image-preview:large, max-video-preview:-1\" \/>\n<link rel=\"canonical\" href=\"https:\/\/marekkuchcinski.pl\/hu\/wydarzenia\/muzeum-narodowe-ziemi-przemyskiej-zapomniana-wojna-polsko-ukrainska-1918-1919\/\" \/>\n<meta property=\"og:locale\" content=\"hu_HU\" \/>\n<meta property=\"og:type\" content=\"article\" \/>\n<meta property=\"og:title\" content=\"Muzeum Narodowe Ziemi Przemyskiej: Zapomniana Wojna Polsko-Ukrai\u0144ska 1918-1919 &#8211; Marek Kuchci\u0144ski\" \/>\n<meta property=\"og:description\" content=\"fot. Marta Olejnik Zapomniana czy nieznana? To najcz\u0119\u015bciej zadawane pytanie towarzysz\u0105ce wystawie jak\u0105 od 5 kwietnia mo\u017cemy ogl\u0105da\u0107 w Muzeum Narodowym Ziemi Przemyskiej. My\u015bl\u0119, \u017ce i jedno i drugie. Troch\u0119 zapomniana, ale w bardzo du\u017cym stopniu nieznana. Znana jest w kr\u0119gach historyk\u00f3w i specjalist\u00f3w, w szerszych kr\u0119gach spo\u0142ecznych jej znajomo\u015b\u0107 raczej obraca si\u0119 wok\u00f3\u0142 roku [&hellip;]\" \/>\n<meta property=\"og:url\" content=\"https:\/\/marekkuchcinski.pl\/hu\/wydarzenia\/muzeum-narodowe-ziemi-przemyskiej-zapomniana-wojna-polsko-ukrainska-1918-1919\/\" \/>\n<meta property=\"og:site_name\" content=\"Marek Kuchci\u0144ski\" \/>\n<meta property=\"article:published_time\" content=\"2019-05-13T09:13:07+00:00\" \/>\n<meta property=\"article:modified_time\" content=\"2019-05-13T12:11:15+00:00\" \/>\n<meta property=\"og:image\" content=\"https:\/\/marekkuchcinski.pl\/wp-content\/uploads\/2019\/05\/IMG_0043-1.jpg\" \/>\n\t<meta property=\"og:image:width\" content=\"2048\" \/>\n\t<meta property=\"og:image:height\" content=\"1384\" \/>\n\t<meta property=\"og:image:type\" content=\"image\/jpeg\" \/>\n<meta name=\"author\" content=\"admin\" \/>\n<meta name=\"twitter:card\" content=\"summary_large_image\" \/>\n<meta name=\"twitter:label1\" content=\"Szerz\u0151:\" \/>\n\t<meta name=\"twitter:data1\" content=\"admin\" \/>\n\t<meta name=\"twitter:label2\" content=\"Becs\u00fclt olvas\u00e1si id\u0151\" \/>\n\t<meta name=\"twitter:data2\" content=\"3 perc\" \/>\n<script type=\"application\/ld+json\" class=\"yoast-schema-graph\">{\"@context\":\"https:\/\/schema.org\",\"@graph\":[{\"@type\":\"Article\",\"@id\":\"https:\/\/marekkuchcinski.pl\/uk\/wydarzenia\/muzeum-narodowe-ziemi-przemyskiej-zapomniana-wojna-polsko-ukrainska-1918-1919\/#article\",\"isPartOf\":{\"@id\":\"https:\/\/marekkuchcinski.pl\/uk\/wydarzenia\/muzeum-narodowe-ziemi-przemyskiej-zapomniana-wojna-polsko-ukrainska-1918-1919\/\"},\"author\":{\"name\":\"admin\",\"@id\":\"https:\/\/marekkuchcinski.pl\/#\/schema\/person\/6f62700996b4d950b6ea2d1183b6c6be\"},\"headline\":\"Muzeum Narodowe Ziemi Przemyskiej: Zapomniana Wojna Polsko-Ukrai\u0144ska 1918-1919\",\"datePublished\":\"2019-05-13T09:13:07+00:00\",\"dateModified\":\"2019-05-13T12:11:15+00:00\",\"mainEntityOfPage\":{\"@id\":\"https:\/\/marekkuchcinski.pl\/uk\/wydarzenia\/muzeum-narodowe-ziemi-przemyskiej-zapomniana-wojna-polsko-ukrainska-1918-1919\/\"},\"wordCount\":599,\"commentCount\":0,\"publisher\":{\"@id\":\"https:\/\/marekkuchcinski.pl\/#organization\"},\"image\":{\"@id\":\"https:\/\/marekkuchcinski.pl\/uk\/wydarzenia\/muzeum-narodowe-ziemi-przemyskiej-zapomniana-wojna-polsko-ukrainska-1918-1919\/#primaryimage\"},\"thumbnailUrl\":\"https:\/\/marekkuchcinski.pl\/wp-content\/uploads\/2019\/05\/IMG_0043-1.jpg\",\"articleSection\":[\"Podkarpacie\",\"Wa\u017cne daty\",\"Wydarzenia\"],\"inLanguage\":\"hu\",\"potentialAction\":[{\"@type\":\"CommentAction\",\"name\":\"Comment\",\"target\":[\"https:\/\/marekkuchcinski.pl\/uk\/wydarzenia\/muzeum-narodowe-ziemi-przemyskiej-zapomniana-wojna-polsko-ukrainska-1918-1919\/#respond\"]}]},{\"@type\":\"WebPage\",\"@id\":\"https:\/\/marekkuchcinski.pl\/uk\/wydarzenia\/muzeum-narodowe-ziemi-przemyskiej-zapomniana-wojna-polsko-ukrainska-1918-1919\/\",\"url\":\"https:\/\/marekkuchcinski.pl\/uk\/wydarzenia\/muzeum-narodowe-ziemi-przemyskiej-zapomniana-wojna-polsko-ukrainska-1918-1919\/\",\"name\":\"Muzeum Narodowe Ziemi Przemyskiej: Zapomniana Wojna Polsko-Ukrai\u0144ska 1918-1919 &#8211; Marek Kuchci\u0144ski\",\"isPartOf\":{\"@id\":\"https:\/\/marekkuchcinski.pl\/#website\"},\"primaryImageOfPage\":{\"@id\":\"https:\/\/marekkuchcinski.pl\/uk\/wydarzenia\/muzeum-narodowe-ziemi-przemyskiej-zapomniana-wojna-polsko-ukrainska-1918-1919\/#primaryimage\"},\"image\":{\"@id\":\"https:\/\/marekkuchcinski.pl\/uk\/wydarzenia\/muzeum-narodowe-ziemi-przemyskiej-zapomniana-wojna-polsko-ukrainska-1918-1919\/#primaryimage\"},\"thumbnailUrl\":\"https:\/\/marekkuchcinski.pl\/wp-content\/uploads\/2019\/05\/IMG_0043-1.jpg\",\"datePublished\":\"2019-05-13T09:13:07+00:00\",\"dateModified\":\"2019-05-13T12:11:15+00:00\",\"breadcrumb\":{\"@id\":\"https:\/\/marekkuchcinski.pl\/uk\/wydarzenia\/muzeum-narodowe-ziemi-przemyskiej-zapomniana-wojna-polsko-ukrainska-1918-1919\/#breadcrumb\"},\"inLanguage\":\"hu\",\"potentialAction\":[{\"@type\":\"ReadAction\",\"target\":[\"https:\/\/marekkuchcinski.pl\/uk\/wydarzenia\/muzeum-narodowe-ziemi-przemyskiej-zapomniana-wojna-polsko-ukrainska-1918-1919\/\"]}]},{\"@type\":\"ImageObject\",\"inLanguage\":\"hu\",\"@id\":\"https:\/\/marekkuchcinski.pl\/uk\/wydarzenia\/muzeum-narodowe-ziemi-przemyskiej-zapomniana-wojna-polsko-ukrainska-1918-1919\/#primaryimage\",\"url\":\"https:\/\/marekkuchcinski.pl\/wp-content\/uploads\/2019\/05\/IMG_0043-1.jpg\",\"contentUrl\":\"https:\/\/marekkuchcinski.pl\/wp-content\/uploads\/2019\/05\/IMG_0043-1.jpg\",\"width\":2048,\"height\":1384},{\"@type\":\"BreadcrumbList\",\"@id\":\"https:\/\/marekkuchcinski.pl\/uk\/wydarzenia\/muzeum-narodowe-ziemi-przemyskiej-zapomniana-wojna-polsko-ukrainska-1918-1919\/#breadcrumb\",\"itemListElement\":[{\"@type\":\"ListItem\",\"position\":1,\"name\":\"Strona g\u0142\u00f3wna\",\"item\":\"https:\/\/marekkuchcinski.pl\/\"},{\"@type\":\"ListItem\",\"position\":2,\"name\":\"Muzeum Narodowe Ziemi Przemyskiej: Zapomniana Wojna Polsko-Ukrai\u0144ska 1918-1919\"}]},{\"@type\":\"WebSite\",\"@id\":\"https:\/\/marekkuchcinski.pl\/#website\",\"url\":\"https:\/\/marekkuchcinski.pl\/\",\"name\":\"Marek Kuchci\u0144ski\",\"description\":\"Pose\u0142 na sejm RP &ndash; okr\u0119g nr 22\",\"publisher\":{\"@id\":\"https:\/\/marekkuchcinski.pl\/#organization\"},\"potentialAction\":[{\"@type\":\"SearchAction\",\"target\":{\"@type\":\"EntryPoint\",\"urlTemplate\":\"https:\/\/marekkuchcinski.pl\/?s={search_term_string}\"},\"query-input\":{\"@type\":\"PropertyValueSpecification\",\"valueRequired\":true,\"valueName\":\"search_term_string\"}}],\"inLanguage\":\"hu\"},{\"@type\":\"Organization\",\"@id\":\"https:\/\/marekkuchcinski.pl\/#organization\",\"name\":\"Marek Kuchci\u0144ski\",\"url\":\"https:\/\/marekkuchcinski.pl\/\",\"logo\":{\"@type\":\"ImageObject\",\"inLanguage\":\"hu\",\"@id\":\"https:\/\/marekkuchcinski.pl\/#\/schema\/logo\/image\/\",\"url\":\"https:\/\/marekkuchcinski.pl\/wp-content\/uploads\/2022\/09\/Marek.jpg\",\"contentUrl\":\"https:\/\/marekkuchcinski.pl\/wp-content\/uploads\/2022\/09\/Marek.jpg\",\"width\":1600,\"height\":971,\"caption\":\"Marek Kuchci\u0144ski\"},\"image\":{\"@id\":\"https:\/\/marekkuchcinski.pl\/#\/schema\/logo\/image\/\"}},{\"@type\":\"Person\",\"@id\":\"https:\/\/marekkuchcinski.pl\/#\/schema\/person\/6f62700996b4d950b6ea2d1183b6c6be\",\"name\":\"admin\",\"image\":{\"@type\":\"ImageObject\",\"inLanguage\":\"hu\",\"@id\":\"https:\/\/marekkuchcinski.pl\/#\/schema\/person\/image\/\",\"url\":\"https:\/\/secure.gravatar.com\/avatar\/4bab693b9d55c3d6b52c0296a8765085?s=96&d=mm&r=g\",\"contentUrl\":\"https:\/\/secure.gravatar.com\/avatar\/4bab693b9d55c3d6b52c0296a8765085?s=96&d=mm&r=g\",\"caption\":\"admin\"},\"url\":\"https:\/\/marekkuchcinski.pl\/hu\/author\/marta-olejnik\/\"}]}<\/script>\n<!-- \/ Yoast SEO plugin. -->","yoast_head_json":{"title":"Muzeum Narodowe Ziemi Przemyskiej: Zapomniana Wojna Polsko-Ukrai\u0144ska 1918-1919 &#8211; Marek Kuchci\u0144ski","robots":{"index":"index","follow":"follow","max-snippet":"max-snippet:-1","max-image-preview":"max-image-preview:large","max-video-preview":"max-video-preview:-1"},"canonical":"https:\/\/marekkuchcinski.pl\/hu\/wydarzenia\/muzeum-narodowe-ziemi-przemyskiej-zapomniana-wojna-polsko-ukrainska-1918-1919\/","og_locale":"hu_HU","og_type":"article","og_title":"Muzeum Narodowe Ziemi Przemyskiej: Zapomniana Wojna Polsko-Ukrai\u0144ska 1918-1919 &#8211; Marek Kuchci\u0144ski","og_description":"fot. Marta Olejnik Zapomniana czy nieznana? To najcz\u0119\u015bciej zadawane pytanie towarzysz\u0105ce wystawie jak\u0105 od 5 kwietnia mo\u017cemy ogl\u0105da\u0107 w Muzeum Narodowym Ziemi Przemyskiej. My\u015bl\u0119, \u017ce i jedno i drugie. Troch\u0119 zapomniana, ale w bardzo du\u017cym stopniu nieznana. Znana jest w kr\u0119gach historyk\u00f3w i specjalist\u00f3w, w szerszych kr\u0119gach spo\u0142ecznych jej znajomo\u015b\u0107 raczej obraca si\u0119 wok\u00f3\u0142 roku [&hellip;]","og_url":"https:\/\/marekkuchcinski.pl\/hu\/wydarzenia\/muzeum-narodowe-ziemi-przemyskiej-zapomniana-wojna-polsko-ukrainska-1918-1919\/","og_site_name":"Marek Kuchci\u0144ski","article_published_time":"2019-05-13T09:13:07+00:00","article_modified_time":"2019-05-13T12:11:15+00:00","og_image":[{"width":2048,"height":1384,"url":"https:\/\/marekkuchcinski.pl\/wp-content\/uploads\/2019\/05\/IMG_0043-1.jpg","type":"image\/jpeg"}],"author":"admin","twitter_card":"summary_large_image","twitter_misc":{"Szerz\u0151:":"admin","Becs\u00fclt olvas\u00e1si id\u0151":"3 perc"},"schema":{"@context":"https:\/\/schema.org","@graph":[{"@type":"Article","@id":"https:\/\/marekkuchcinski.pl\/uk\/wydarzenia\/muzeum-narodowe-ziemi-przemyskiej-zapomniana-wojna-polsko-ukrainska-1918-1919\/#article","isPartOf":{"@id":"https:\/\/marekkuchcinski.pl\/uk\/wydarzenia\/muzeum-narodowe-ziemi-przemyskiej-zapomniana-wojna-polsko-ukrainska-1918-1919\/"},"author":{"name":"admin","@id":"https:\/\/marekkuchcinski.pl\/#\/schema\/person\/6f62700996b4d950b6ea2d1183b6c6be"},"headline":"Muzeum Narodowe Ziemi Przemyskiej: Zapomniana Wojna Polsko-Ukrai\u0144ska 1918-1919","datePublished":"2019-05-13T09:13:07+00:00","dateModified":"2019-05-13T12:11:15+00:00","mainEntityOfPage":{"@id":"https:\/\/marekkuchcinski.pl\/uk\/wydarzenia\/muzeum-narodowe-ziemi-przemyskiej-zapomniana-wojna-polsko-ukrainska-1918-1919\/"},"wordCount":599,"commentCount":0,"publisher":{"@id":"https:\/\/marekkuchcinski.pl\/#organization"},"image":{"@id":"https:\/\/marekkuchcinski.pl\/uk\/wydarzenia\/muzeum-narodowe-ziemi-przemyskiej-zapomniana-wojna-polsko-ukrainska-1918-1919\/#primaryimage"},"thumbnailUrl":"https:\/\/marekkuchcinski.pl\/wp-content\/uploads\/2019\/05\/IMG_0043-1.jpg","articleSection":["Podkarpacie","Wa\u017cne daty","Wydarzenia"],"inLanguage":"hu","potentialAction":[{"@type":"CommentAction","name":"Comment","target":["https:\/\/marekkuchcinski.pl\/uk\/wydarzenia\/muzeum-narodowe-ziemi-przemyskiej-zapomniana-wojna-polsko-ukrainska-1918-1919\/#respond"]}]},{"@type":"WebPage","@id":"https:\/\/marekkuchcinski.pl\/uk\/wydarzenia\/muzeum-narodowe-ziemi-przemyskiej-zapomniana-wojna-polsko-ukrainska-1918-1919\/","url":"https:\/\/marekkuchcinski.pl\/uk\/wydarzenia\/muzeum-narodowe-ziemi-przemyskiej-zapomniana-wojna-polsko-ukrainska-1918-1919\/","name":"Muzeum Narodowe Ziemi Przemyskiej: Zapomniana Wojna Polsko-Ukrai\u0144ska 1918-1919 &#8211; Marek Kuchci\u0144ski","isPartOf":{"@id":"https:\/\/marekkuchcinski.pl\/#website"},"primaryImageOfPage":{"@id":"https:\/\/marekkuchcinski.pl\/uk\/wydarzenia\/muzeum-narodowe-ziemi-przemyskiej-zapomniana-wojna-polsko-ukrainska-1918-1919\/#primaryimage"},"image":{"@id":"https:\/\/marekkuchcinski.pl\/uk\/wydarzenia\/muzeum-narodowe-ziemi-przemyskiej-zapomniana-wojna-polsko-ukrainska-1918-1919\/#primaryimage"},"thumbnailUrl":"https:\/\/marekkuchcinski.pl\/wp-content\/uploads\/2019\/05\/IMG_0043-1.jpg","datePublished":"2019-05-13T09:13:07+00:00","dateModified":"2019-05-13T12:11:15+00:00","breadcrumb":{"@id":"https:\/\/marekkuchcinski.pl\/uk\/wydarzenia\/muzeum-narodowe-ziemi-przemyskiej-zapomniana-wojna-polsko-ukrainska-1918-1919\/#breadcrumb"},"inLanguage":"hu","potentialAction":[{"@type":"ReadAction","target":["https:\/\/marekkuchcinski.pl\/uk\/wydarzenia\/muzeum-narodowe-ziemi-przemyskiej-zapomniana-wojna-polsko-ukrainska-1918-1919\/"]}]},{"@type":"ImageObject","inLanguage":"hu","@id":"https:\/\/marekkuchcinski.pl\/uk\/wydarzenia\/muzeum-narodowe-ziemi-przemyskiej-zapomniana-wojna-polsko-ukrainska-1918-1919\/#primaryimage","url":"https:\/\/marekkuchcinski.pl\/wp-content\/uploads\/2019\/05\/IMG_0043-1.jpg","contentUrl":"https:\/\/marekkuchcinski.pl\/wp-content\/uploads\/2019\/05\/IMG_0043-1.jpg","width":2048,"height":1384},{"@type":"BreadcrumbList","@id":"https:\/\/marekkuchcinski.pl\/uk\/wydarzenia\/muzeum-narodowe-ziemi-przemyskiej-zapomniana-wojna-polsko-ukrainska-1918-1919\/#breadcrumb","itemListElement":[{"@type":"ListItem","position":1,"name":"Strona g\u0142\u00f3wna","item":"https:\/\/marekkuchcinski.pl\/"},{"@type":"ListItem","position":2,"name":"Muzeum Narodowe Ziemi Przemyskiej: Zapomniana Wojna Polsko-Ukrai\u0144ska 1918-1919"}]},{"@type":"WebSite","@id":"https:\/\/marekkuchcinski.pl\/#website","url":"https:\/\/marekkuchcinski.pl\/","name":"Marek Kuchci\u0144ski","description":"Pose\u0142 na sejm RP &ndash; okr\u0119g nr 22","publisher":{"@id":"https:\/\/marekkuchcinski.pl\/#organization"},"potentialAction":[{"@type":"SearchAction","target":{"@type":"EntryPoint","urlTemplate":"https:\/\/marekkuchcinski.pl\/?s={search_term_string}"},"query-input":{"@type":"PropertyValueSpecification","valueRequired":true,"valueName":"search_term_string"}}],"inLanguage":"hu"},{"@type":"Organization","@id":"https:\/\/marekkuchcinski.pl\/#organization","name":"Marek Kuchci\u0144ski","url":"https:\/\/marekkuchcinski.pl\/","logo":{"@type":"ImageObject","inLanguage":"hu","@id":"https:\/\/marekkuchcinski.pl\/#\/schema\/logo\/image\/","url":"https:\/\/marekkuchcinski.pl\/wp-content\/uploads\/2022\/09\/Marek.jpg","contentUrl":"https:\/\/marekkuchcinski.pl\/wp-content\/uploads\/2022\/09\/Marek.jpg","width":1600,"height":971,"caption":"Marek Kuchci\u0144ski"},"image":{"@id":"https:\/\/marekkuchcinski.pl\/#\/schema\/logo\/image\/"}},{"@type":"Person","@id":"https:\/\/marekkuchcinski.pl\/#\/schema\/person\/6f62700996b4d950b6ea2d1183b6c6be","name":"admin","image":{"@type":"ImageObject","inLanguage":"hu","@id":"https:\/\/marekkuchcinski.pl\/#\/schema\/person\/image\/","url":"https:\/\/secure.gravatar.com\/avatar\/4bab693b9d55c3d6b52c0296a8765085?s=96&d=mm&r=g","contentUrl":"https:\/\/secure.gravatar.com\/avatar\/4bab693b9d55c3d6b52c0296a8765085?s=96&d=mm&r=g","caption":"admin"},"url":"https:\/\/marekkuchcinski.pl\/hu\/author\/marta-olejnik\/"}]}},"_links":{"self":[{"href":"https:\/\/marekkuchcinski.pl\/hu\/wp-json\/wp\/v2\/posts\/15401","targetHints":{"allow":["GET"]}}],"collection":[{"href":"https:\/\/marekkuchcinski.pl\/hu\/wp-json\/wp\/v2\/posts"}],"about":[{"href":"https:\/\/marekkuchcinski.pl\/hu\/wp-json\/wp\/v2\/types\/post"}],"author":[{"embeddable":true,"href":"https:\/\/marekkuchcinski.pl\/hu\/wp-json\/wp\/v2\/users\/6"}],"replies":[{"embeddable":true,"href":"https:\/\/marekkuchcinski.pl\/hu\/wp-json\/wp\/v2\/comments?post=15401"}],"version-history":[{"count":2,"href":"https:\/\/marekkuchcinski.pl\/hu\/wp-json\/wp\/v2\/posts\/15401\/revisions"}],"predecessor-version":[{"id":15456,"href":"https:\/\/marekkuchcinski.pl\/hu\/wp-json\/wp\/v2\/posts\/15401\/revisions\/15456"}],"wp:featuredmedia":[{"embeddable":true,"href":"https:\/\/marekkuchcinski.pl\/hu\/wp-json\/wp\/v2\/media\/15415"}],"wp:attachment":[{"href":"https:\/\/marekkuchcinski.pl\/hu\/wp-json\/wp\/v2\/media?parent=15401"}],"wp:term":[{"taxonomy":"category","embeddable":true,"href":"https:\/\/marekkuchcinski.pl\/hu\/wp-json\/wp\/v2\/categories?post=15401"},{"taxonomy":"post_tag","embeddable":true,"href":"https:\/\/marekkuchcinski.pl\/hu\/wp-json\/wp\/v2\/tags?post=15401"}],"curies":[{"name":"wp","href":"https:\/\/api.w.org\/{rel}","templated":true}]}}