{"id":15394,"date":"2019-05-14T15:29:47","date_gmt":"2019-05-14T13:29:47","guid":{"rendered":"https:\/\/marekkuchcinski.pl\/?p=15394"},"modified":"2019-05-16T20:11:46","modified_gmt":"2019-05-16T18:11:46","slug":"rok-1989-w-europie-srodkowo-wschodniej-w-perspektywie-30-letniej-spotkanie-z-udzialem-marszalka-sejmu-marka-kuchcinskiego","status":"publish","type":"post","link":"https:\/\/marekkuchcinski.pl\/hu\/wydarzenia\/rok-1989-w-europie-srodkowo-wschodniej-w-perspektywie-30-letniej-spotkanie-z-udzialem-marszalka-sejmu-marka-kuchcinskiego\/","title":{"rendered":"1989 K\u00f6z\u00e9p- \u00e9s Kelet-Eur\u00f3p\u00e1ban 30 \u00e9v t\u00e1vlat\u00e1ban - tal\u00e1lkoz\u00f3 Marek Kuchci\u0144ski, a Szejm eln\u00f6k\u00e9nek r\u00e9szv\u00e9tel\u00e9vel"},"content":{"rendered":"<p><strong>A K\u00e1rp\u00e1taljai Vitaklub els\u0151 tal\u00e1lkoz\u00f3j\u00e1n a Przemysli Nemzeti M\u00fazeumban arr\u00f3l besz\u00e9lgettek, hogyan zajlottak a v\u00e1ltoz\u00e1sok Lengyelorsz\u00e1gban a kommunizmus megd\u00f6nt\u00e9se ut\u00e1n. <\/strong><\/p>\n\n\n\n<p>Jan Draus professzor \u00f6sszehasonl\u00edtotta Lengyelorsz\u00e1g \u00e9s Magyarorsz\u00e1g szabads\u00e1ghoz vezet\u0151 \u00fatj\u00e1t. Eml\u00e9keztetett arra, hogy Lengyelorsz\u00e1g \u00e9s K\u00f6z\u00e9p- \u00e9s Kelet-Eur\u00f3pa sz\u00e1m\u00e1ra 1989 a kommunizmus v\u00e9g\u00e9t jelentette, amely \u00e9vtizedekig rabszolgasorba tasz\u00edtotta a vil\u00e1g n\u00e9pess\u00e9g\u00e9nek nagy r\u00e9sz\u00e9t, \u00e9s csak annyiban volt igazi k\u00eds\u00e9rlet, amennyiben k\u00e9pes volt a rabszolgasorba tasz\u00edtott t\u00e1rsadalmakat t\u00e1pl\u00e1lni \u00e9s a t\u00e1rsadalmi l\u00e1zad\u00e1sokat er\u0151szakkal elfojtani... A kommunizmus mint ut\u00f3pia v\u00e1ls\u00e1gr\u00f3l v\u00e1ls\u00e1gra tartott, \u00e9s eszk\u00f6ze az er\u0151szak volt. <\/p>\n\n\n\n<p>\u00d6sszefoglalva\naz el\u0151ad\u00e1son a professzor hangs\u00falyozta, hogy b\u00e1r minden Lengyelorsz\u00e1ggal kezd\u0151d\u00f6tt, a t\u00f6bbi\nm\u00e1s orsz\u00e1gok megel\u0151zt\u00e9k a demokratiz\u00e1l\u00f3d\u00e1si folyamatban. Lengyelorsz\u00e1gban 10 \u00e9vbe telt\n\u00e9v, Magyarorsz\u00e1gon 10 h\u00f3nap, az NDK-ban 10 h\u00e9t, Csehszlov\u00e1ki\u00e1ban 10 nap. W\nEzekben az orsz\u00e1gokban a szabads\u00e1gr\u00f3l az ellenz\u00e9k \u00e9s a t\u00e1rsadalom d\u00f6nt\u00f6tt, Rom\u00e1ni\u00e1ban \u00e9s\nRom\u00e1nia \u00e9s Magyarorsz\u00e1g - palotapuccsal. Mindegyikben elt\u00e1vol\u00edtott\u00e1k a dikt\u00e1torokat a hatalomb\u00f3l. Z\nLengyelorsz\u00e1g, ahol Wojciech Jaruzelski t\u00e1bornokot nevezt\u00e9k ki\naz orsz\u00e1g eln\u00f6ke. <\/p>\n\n\n\n<p>M\u00e9g mindig neh\u00e9z\nmegmagyar\u00e1zni, \u00e9s ahogy Andrzej Klarkowski hangs\u00falyozta, 1989 m\u00e9g mindig rejt\u00e9ly \u00e9s tal\u00e1ny sz\u00e1munkra.\negy rejt\u00e9ly \u00e9s egy tal\u00e1ny. Ez egy olyan k\u00e9rd\u00e9s marad, amelyre nem fogjuk tudni a v\u00e1laszt.\nKlarkowski eml\u00e9keztetett arra, hogy a kommunista hat\u00f3s\u00e1gok sz\u00e1m\u00e1ra az 1989-es v\u00e1laszt\u00e1sok\nKlarkowski eml\u00e9keztetett arra, hogy a kommunista hat\u00f3s\u00e1gok sz\u00e1m\u00e1ra az 1989-es v\u00e1laszt\u00e1sok c\u00e9lja az volt, hogy az ellenz\u00e9ket a korm\u00e1nyz\u00f3 csapathoz vonzz\u00e1k, hogy t\u00f6bb \u00e9vre legitimit\u00e1st biztos\u00edtsanak sz\u00e1m\u00e1ra.\nt\u00f6bb \u00e9ven kereszt\u00fcl. A t\u00e1rsadalmi folyamatok azonban n\u00e9ha fel\u00fclkerekednek a politikusok gondolkod\u00e1s\u00e1n, \u00e9s\nelemz\u0151k. A j\u00faniusi v\u00e1laszt\u00e1sok ut\u00e1n \u0151rj\u00f6ng\u0151 lelkesed\u00e9s volt tapasztalhat\u00f3,\na j\u00faniusi v\u00e1laszt\u00e1sok ut\u00e1n \u0151r\u00fcletesen megn\u0151tt a lelkesed\u00e9s, n\u0151tt az ellenz\u00e9kbe vetett bizalom, \u00e9s dr\u00e1mai m\u00e9rt\u00e9kben cs\u00f6kkent a hatalmon l\u00e9v\u0151kbe vetett bizalom, a\nPZPR. A PRL hat\u00f3s\u00e1gai megd\u00f6bbentek, a demokratikus ellenz\u00e9k nem haszn\u00e1lta ki teljes m\u00e9rt\u00e9kben a szoci\u00e1lis hitelt\na k\u00f6zhitel\u0171 bizalom. A t\u00e1rsadalmi mand\u00e1tum felhaszn\u00e1l\u00e1s\u00e1nak elmulaszt\u00e1sa\nelhalasztotta \u00e9s akad\u00e1lyozta a sz\u00fcks\u00e9ges \u00e9s elv\u00e1rt v\u00e1ltoz\u00e1sokat.\nv\u00e1rhat\u00f3 v\u00e1ltoz\u00e1sok. Az 1989 ut\u00e1ni v\u00e1ltoz\u00e1sok m\u00e9rleg\u00e9t azonban a lengyel t\u00e1rsadalom j\u00f3l \u00e9rt\u00e9kelte, s\u0151t, m\u00e9g jobban is.\nm\u00e9g jobb, mint szomsz\u00e9daink t\u00e1rsadalmai. Mit csin\u00e1ltunk Lengyelorsz\u00e1gban\nmeghat\u00e1rozta a r\u00e9gi\u00f3ban bek\u00f6vetkezett v\u00e1ltoz\u00e1sokat. <\/p>\n\n\n\n<p>A CBOS legut\u00f3bbi felm\u00e9r\u00e9se szerint az 1991-es els\u0151 szabad v\u00e1laszt\u00e1sokat a kommunizmus \u00f6sszeoml\u00e1s\u00e1nak tekintik. A kommunista m\u00falt \u00e9rt\u00e9kel\u00e9se azonban m\u00e9g mindig nem egy\u00e9rtelm\u0171. M\u00e9g mindig neheztelnek a Lengyel N\u00e9pk\u00f6zt\u00e1rsas\u00e1ggal kapcsolatos id\u0151k miatt, m\u00e9g mindig megoszlanak a v\u00e9lem\u00e9nyek a hadi\u00e1llapot bevezet\u00e9s\u00e9nek sz\u00fcks\u00e9gess\u00e9g\u00e9r\u0151l... K\u00e9t\u00e9rtelm\u0171 legend\u00e1k sz\u00fcletnek arr\u00f3l, hogy mi volt a Lengyel N\u00e9pk\u00f6zt\u00e1rsas\u00e1g \u00e9s a PZPR... amelyek nem t\u00fckr\u00f6zik a val\u00f3s\u00e1got. Eml\u00e9ksz\u00fcnk, hogy akkoriban f\u00e9lelem, rabszolgasorba tasz\u00edt\u00e1s, zsarol\u00e1s, politikai gyilkoss\u00e1gok voltak. Ezek nem a nevets\u00e9ges sorban \u00e1ll\u00e1sok \u00e9s \u00e9lelmiszerjegyek, a h\u00fclye ZOMO, a mil\u00edcia, az alkalmatlan SB ideje volt, hanem a gy\u00f6trelem, az \u00fcld\u00f6ztet\u00e9s, a szeg\u00e9nys\u00e9g ideje. A mi feladatunk az, hogy k\u00f6zvet\u00edts\u00fck az igazs\u00e1got a t\u00f6rt\u00e9ntekr\u0151l, hogy mennyire fontos a b\u00e1tors\u00e1g a Lengyel N\u00e9pk\u00f6zt\u00e1rsas\u00e1ggal szembeni ellen\u00e1ll\u00e1s idej\u00e9n, \u00e9s a b\u00e1tors\u00e1g a v\u00e1rhat\u00f3 t\u00e1rsadalmi \u00e9s politikai v\u00e1ltoz\u00e1sok bevezet\u00e9s\u00e9hez.<\/p>\n\n\n\n<p>Tal\u00e1n,\nha 1989-ben a v\u00e1laszt\u00f3k nem adj\u00e1k a demokratikus ellenz\u00e9k gy\u0151zelm\u00e9t, a v\u00e1ltoz\u00e1sok elmaradtak volna.\nsok \u00e9vvel k\u00e9s\u0151bbre tol\u00f3dott volna. K\u00e9s\u0151bb j\u00f6ttek volna, de sokkal nagyobb lett volna a k\u00f6lts\u00e9g\u00fck \u00e9s a dr\u00e1mais\u00e1guk. A  ut\u00e1n\nSajnos az 1989-es gy\u0151zelem ut\u00e1n hib\u00e1kat k\u00f6vettek el. A rendszert nem v\u00e1ltoztatt\u00e1k meg azonnal\n- A rendszert nem v\u00e1ltoztatt\u00e1k meg azonnal, ahogyan azt a v\u00e1laszt\u00f3k 1989-ben akart\u00e1k.\nA Lengyel N\u00e9pk\u00f6zt\u00e1rsas\u00e1gban elk\u00f6vetett b\u0171n\u00f6z\u0151, b\u0171n\u00f6s magatart\u00e1s\u00e9rt felel\u0151s szem\u00e9lyek nem kaptak b\u00fcntet\u00e9st...<\/p>\n\n\n\n<p>Marek Kuchci\u0144ski felsz\u00f3lal, mint olyan szem\u00e9ly, aki akt\u00edvan r\u00e9szt vett ezekben a v\u00e1ltoz\u00e1sokban. Felid\u00e9zte, hogy 1989 j\u00falius\u00e1ban, a <a href=\"http:\/\/www.encysol.pl\/wiki\/Marek_Kami%C5%84ski\">Marek Kami\u0144ski<\/a> Telexen kereszt\u00fcl tiltakoztak. A przemy\u015bli t\u00fcntet\u00e9sek er\u0151sek \u00e9s dr\u00e1maiak voltak (MEP <a href=\"http:\/\/www.encysol.pl\/wiki\/Robert_Majka\">Robert Majk<\/a>a). Ezek a v\u00e1laszt\u00e1sok els\u0151 fordul\u00f3j\u00e1t k\u00f6vet\u0151 nemzeti list\u00e1ra, valamint a v\u00e1laszt\u00e1si szab\u00e1lyok k\u00e9t fordul\u00f3 k\u00f6z\u00f6tti m\u00f3dos\u00edt\u00e1s\u00e1ra vonatkoztak, hogy lehet\u0151v\u00e9 tegy\u00e9k a nemzeti lista kieg\u00e9sz\u00edt\u00e9s\u00e9t. <\/p>\n\n\n\n<p>A Porozumienie Centrum els\u0151 kongresszus\u00e1n a przemysli \u00e9s a rzesz\u00f3wi strukt\u00far\u00e1k terjesztett\u00e9k el\u0151 a dekommuniz\u00e1ci\u00f3 gondolat\u00e1t.<\/p>\n\n\n\n<p>A marsall megjegyezte a podkarpatszka ellenz\u00e9ket k\u00eds\u00e9r\u0151 pozit\u00edv hangulatot, valamint az egys\u00e9get, az er\u0151t \u00e9s az elsz\u00e1nts\u00e1got a kommunizmus elleni harcban. - Nem b\u00e1ntam meg azt az id\u0151szakot, nagyon \u00e9rdekes volt\" - z\u00e1rta.<\/p>\n\n\n\n<p>Waldemar Wiglusz viszont r\u00e1mutatott, hogy sok minden, ami akkoriban orsz\u00e1gos \u00e9s region\u00e1lis szinten t\u00f6rt\u00e9nt, nem volt ismert. - 49 vajdas\u00e1g volt, \u00e9s nem volt internet vagy mobiltelefon. Az akkori id\u0151kr\u0151l sok inform\u00e1ci\u00f3 tal\u00e1lhat\u00f3 a Rzeczpospolita h\u00e9tv\u00e9gi sz\u00e1m\u00e1ban Eliza Olczyk szerkeszt\u0151 \u00e1ltal k\u00e9sz\u00edtett interj\u00fakban: Plusz-m\u00ednusz - aktivist\u00e1kkal azokb\u00f3l az id\u0151kb\u0151l. Rem\u00e9lj\u00fck, hogy ezeket az interj\u00fakat egy napon k\u00f6nyv form\u00e1j\u00e1ban is kiadj\u00e1k, mivel ezek az esem\u00e9nyek szemtan\u00fait\u00f3l sz\u00e1rmaz\u00f3 ismeretek b\u00e1ny\u00e1i. Mivel ma m\u00e1r mi magunk is kritikusan \u00e1llunk az akkori t\u00f6rt\u00e9netekhez - nem marad m\u00e1s h\u00e1tra, mint arra \u00f6szt\u00f6n\u00f6zni \u00d6n\u00f6ket, hogy \u00edrj\u00e1k meg saj\u00e1t besz\u00e1mol\u00f3ikat, \u00e9s k\u00fcldj\u00e9k el azokat p\u00e9ld\u00e1ul az IPN-nek, a sajt\u00f3nak, vagy adj\u00e1k tov\u00e1bb b\u00e1rmilyen form\u00e1ban - mondta Wilgusz. <br><\/p>\n\n\n\n<p class=\"has-text-color has-vivid-cyan-blue-color\"><strong>CBOS felm\u00e9r\u00e9s 2019-ben \u00e9s az eredm\u00e9nyek v\u00e1ltoz\u00e1sai 2009-hez, 2014-hez k\u00e9pest<\/strong><\/p>\n\n\n\n<figure class=\"wp-block-image\"><img fetchpriority=\"high\" decoding=\"async\" width=\"1024\" height=\"803\" src=\"https:\/\/marekkuchcinski.pl\/wp-content\/uploads\/2019\/05\/1-1024x803.png\" alt=\"\" class=\"wp-image-15510\" srcset=\"https:\/\/marekkuchcinski.pl\/wp-content\/uploads\/2019\/05\/1-1024x803.png 1024w, https:\/\/marekkuchcinski.pl\/wp-content\/uploads\/2019\/05\/1-300x235.png 300w, https:\/\/marekkuchcinski.pl\/wp-content\/uploads\/2019\/05\/1-768x602.png 768w, https:\/\/marekkuchcinski.pl\/wp-content\/uploads\/2019\/05\/1.png 2048w\" sizes=\"(max-width: 1024px) 100vw, 1024px\" \/><\/figure>\n\n\n\n<figure class=\"wp-block-image\"><img decoding=\"async\" width=\"1024\" height=\"738\" src=\"https:\/\/marekkuchcinski.pl\/wp-content\/uploads\/2019\/05\/2-1024x738.png\" alt=\"\" class=\"wp-image-15511\" srcset=\"https:\/\/marekkuchcinski.pl\/wp-content\/uploads\/2019\/05\/2-1024x738.png 1024w, https:\/\/marekkuchcinski.pl\/wp-content\/uploads\/2019\/05\/2-300x216.png 300w, https:\/\/marekkuchcinski.pl\/wp-content\/uploads\/2019\/05\/2-768x554.png 768w, https:\/\/marekkuchcinski.pl\/wp-content\/uploads\/2019\/05\/2.png 2048w\" sizes=\"(max-width: 1024px) 100vw, 1024px\" \/><\/figure>\n\n\n\n<figure class=\"wp-block-image\"><img decoding=\"async\" width=\"1024\" height=\"617\" src=\"https:\/\/marekkuchcinski.pl\/wp-content\/uploads\/2019\/05\/3-1024x617.png\" alt=\"\" class=\"wp-image-15515\" srcset=\"https:\/\/marekkuchcinski.pl\/wp-content\/uploads\/2019\/05\/3-1024x617.png 1024w, https:\/\/marekkuchcinski.pl\/wp-content\/uploads\/2019\/05\/3-300x181.png 300w, https:\/\/marekkuchcinski.pl\/wp-content\/uploads\/2019\/05\/3-768x463.png 768w, https:\/\/marekkuchcinski.pl\/wp-content\/uploads\/2019\/05\/3.png 2048w\" sizes=\"(max-width: 1024px) 100vw, 1024px\" \/><\/figure>\n\n\n\n<figure class=\"wp-block-image\"><img loading=\"lazy\" decoding=\"async\" width=\"2048\" height=\"1407\" src=\"https:\/\/marekkuchcinski.pl\/wp-content\/uploads\/2019\/05\/4-1024x704.png\" alt=\"\" class=\"wp-image-15512\" srcset=\"https:\/\/marekkuchcinski.pl\/wp-content\/uploads\/2019\/05\/4-1024x704.png 1024w, https:\/\/marekkuchcinski.pl\/wp-content\/uploads\/2019\/05\/4-300x206.png 300w, https:\/\/marekkuchcinski.pl\/wp-content\/uploads\/2019\/05\/4-768x528.png 768w, https:\/\/marekkuchcinski.pl\/wp-content\/uploads\/2019\/05\/4.png 2048w\" sizes=\"(max-width: 2048px) 100vw, 2048px\" \/><\/figure>\n\n\n\n<figure class=\"wp-block-image\"><img loading=\"lazy\" decoding=\"async\" width=\"1024\" height=\"893\" src=\"https:\/\/marekkuchcinski.pl\/wp-content\/uploads\/2019\/05\/5-1024x893.png\" alt=\"\" class=\"wp-image-15513\" srcset=\"https:\/\/marekkuchcinski.pl\/wp-content\/uploads\/2019\/05\/5-1024x893.png 1024w, https:\/\/marekkuchcinski.pl\/wp-content\/uploads\/2019\/05\/5-300x262.png 300w, https:\/\/marekkuchcinski.pl\/wp-content\/uploads\/2019\/05\/5-768x670.png 768w, https:\/\/marekkuchcinski.pl\/wp-content\/uploads\/2019\/05\/5.png 2048w\" sizes=\"(max-width: 1024px) 100vw, 1024px\" \/><\/figure>\n\n\n\n<p><em>sz\u00f6veg, fot\u00f3 Marta Olejnik<\/em><\/p>\n\n\n\n<figure class=\"wp-block-image is-resized\"><img loading=\"lazy\" decoding=\"async\" src=\"https:\/\/marekkuchcinski.pl\/wp-content\/uploads\/2019\/05\/IMG_9872-814x1024.jpg\" alt=\"\" class=\"wp-image-15395\" width=\"574\" height=\"722\" srcset=\"https:\/\/marekkuchcinski.pl\/wp-content\/uploads\/2019\/05\/IMG_9872-814x1024.jpg 814w, https:\/\/marekkuchcinski.pl\/wp-content\/uploads\/2019\/05\/IMG_9872-239x300.jpg 239w, https:\/\/marekkuchcinski.pl\/wp-content\/uploads\/2019\/05\/IMG_9872-768x966.jpg 768w, https:\/\/marekkuchcinski.pl\/wp-content\/uploads\/2019\/05\/IMG_9872.jpg 1628w\" sizes=\"(max-width: 574px) 100vw, 574px\" \/><figcaption><strong>Prof. Jan Draus<\/strong><br><\/figcaption><\/figure>\n\n\n\n<figure class=\"wp-block-image\"><img loading=\"lazy\" decoding=\"async\" width=\"1024\" height=\"674\" src=\"https:\/\/marekkuchcinski.pl\/wp-content\/uploads\/2019\/05\/IMG_0002-1024x674.jpg\" alt=\"\" class=\"wp-image-15424\" srcset=\"https:\/\/marekkuchcinski.pl\/wp-content\/uploads\/2019\/05\/IMG_0002-1024x674.jpg 1024w, https:\/\/marekkuchcinski.pl\/wp-content\/uploads\/2019\/05\/IMG_0002-300x197.jpg 300w, https:\/\/marekkuchcinski.pl\/wp-content\/uploads\/2019\/05\/IMG_0002-768x505.jpg 768w, https:\/\/marekkuchcinski.pl\/wp-content\/uploads\/2019\/05\/IMG_0002.jpg 2048w\" sizes=\"(max-width: 1024px) 100vw, 1024px\" \/><figcaption><strong>Andrzej Klarkowski<\/strong><\/figcaption><\/figure>\n\n\n\n<figure class=\"wp-block-image\"><img loading=\"lazy\" decoding=\"async\" width=\"664\" height=\"463\" src=\"https:\/\/marekkuchcinski.pl\/wp-content\/uploads\/2019\/05\/PSX_20190513_171338.jpg\" alt=\"\" class=\"wp-image-15480\" srcset=\"https:\/\/marekkuchcinski.pl\/wp-content\/uploads\/2019\/05\/PSX_20190513_171338.jpg 664w, https:\/\/marekkuchcinski.pl\/wp-content\/uploads\/2019\/05\/PSX_20190513_171338-300x209.jpg 300w\" sizes=\"(max-width: 664px) 100vw, 664px\" \/><figcaption><strong>Marek Kuchci\u0144ski<\/strong><br><\/figcaption><\/figure>\n\n\n\n<figure class=\"wp-block-image\"><img loading=\"lazy\" decoding=\"async\" width=\"1024\" height=\"683\" src=\"https:\/\/marekkuchcinski.pl\/wp-content\/uploads\/2019\/05\/IMG_9934-1024x683.jpg\" alt=\"\" class=\"wp-image-15526\" srcset=\"https:\/\/marekkuchcinski.pl\/wp-content\/uploads\/2019\/05\/IMG_9934-1024x683.jpg 1024w, https:\/\/marekkuchcinski.pl\/wp-content\/uploads\/2019\/05\/IMG_9934-300x200.jpg 300w, https:\/\/marekkuchcinski.pl\/wp-content\/uploads\/2019\/05\/IMG_9934-768x512.jpg 768w, https:\/\/marekkuchcinski.pl\/wp-content\/uploads\/2019\/05\/IMG_9934.jpg 2048w\" sizes=\"(max-width: 1024px) 100vw, 1024px\" \/><\/figure>\n\n\n\n<figure class=\"wp-block-image\"><img loading=\"lazy\" decoding=\"async\" width=\"1024\" height=\"683\" src=\"https:\/\/marekkuchcinski.pl\/wp-content\/uploads\/2019\/05\/IMG_0032-1024x683.jpg\" alt=\"\" class=\"wp-image-15428\" srcset=\"https:\/\/marekkuchcinski.pl\/wp-content\/uploads\/2019\/05\/IMG_0032-1024x683.jpg 1024w, https:\/\/marekkuchcinski.pl\/wp-content\/uploads\/2019\/05\/IMG_0032-300x200.jpg 300w, https:\/\/marekkuchcinski.pl\/wp-content\/uploads\/2019\/05\/IMG_0032-768x512.jpg 768w, https:\/\/marekkuchcinski.pl\/wp-content\/uploads\/2019\/05\/IMG_0032.jpg 2048w\" sizes=\"(max-width: 1024px) 100vw, 1024px\" \/><figcaption><strong>Az \u00fcl\u00e9s eln\u00f6ke Andrzej Paniw<\/strong><\/figcaption><\/figure>\n\n\n\n<figure class=\"wp-block-image\"><img loading=\"lazy\" decoding=\"async\" width=\"1024\" height=\"683\" src=\"https:\/\/marekkuchcinski.pl\/wp-content\/uploads\/2019\/05\/IMG_0008-1024x683.jpg\" alt=\"\" class=\"wp-image-15425\" srcset=\"https:\/\/marekkuchcinski.pl\/wp-content\/uploads\/2019\/05\/IMG_0008-1024x683.jpg 1024w, https:\/\/marekkuchcinski.pl\/wp-content\/uploads\/2019\/05\/IMG_0008-300x200.jpg 300w, https:\/\/marekkuchcinski.pl\/wp-content\/uploads\/2019\/05\/IMG_0008-768x512.jpg 768w, https:\/\/marekkuchcinski.pl\/wp-content\/uploads\/2019\/05\/IMG_0008.jpg 2048w\" sizes=\"(max-width: 1024px) 100vw, 1024px\" \/><figcaption><strong> Lucyna Podhalicz, Bogus\u0142aw Wojnarowicz <\/strong><\/figcaption><\/figure>\n\n\n\n<figure class=\"wp-block-image\"><img loading=\"lazy\" decoding=\"async\" width=\"1024\" height=\"683\" src=\"https:\/\/marekkuchcinski.pl\/wp-content\/uploads\/2019\/05\/IMG_0028-1024x683.jpg\" alt=\"\" class=\"wp-image-15427\" srcset=\"https:\/\/marekkuchcinski.pl\/wp-content\/uploads\/2019\/05\/IMG_0028-1024x683.jpg 1024w, https:\/\/marekkuchcinski.pl\/wp-content\/uploads\/2019\/05\/IMG_0028-300x200.jpg 300w, https:\/\/marekkuchcinski.pl\/wp-content\/uploads\/2019\/05\/IMG_0028-768x512.jpg 768w, https:\/\/marekkuchcinski.pl\/wp-content\/uploads\/2019\/05\/IMG_0028.jpg 2048w\" sizes=\"(max-width: 1024px) 100vw, 1024px\" \/><figcaption><strong> Grzegorz Pietrusza <\/strong><\/figcaption><\/figure>\n\n\n\n<figure class=\"wp-block-image\"><img loading=\"lazy\" decoding=\"async\" width=\"1024\" height=\"683\" src=\"https:\/\/marekkuchcinski.pl\/wp-content\/uploads\/2019\/05\/IMG_9989-1024x683.jpg\" alt=\"\" class=\"wp-image-15399\" srcset=\"https:\/\/marekkuchcinski.pl\/wp-content\/uploads\/2019\/05\/IMG_9989-1024x683.jpg 1024w, https:\/\/marekkuchcinski.pl\/wp-content\/uploads\/2019\/05\/IMG_9989-300x200.jpg 300w, https:\/\/marekkuchcinski.pl\/wp-content\/uploads\/2019\/05\/IMG_9989-768x512.jpg 768w, https:\/\/marekkuchcinski.pl\/wp-content\/uploads\/2019\/05\/IMG_9989.jpg 2048w\" sizes=\"(max-width: 1024px) 100vw, 1024px\" \/><figcaption><strong>Waldemar Wiglusz:<\/strong><br><br><\/figcaption><\/figure>\n\n\n\n<figure class=\"wp-block-image\"><img loading=\"lazy\" decoding=\"async\" width=\"1024\" height=\"686\" src=\"https:\/\/marekkuchcinski.pl\/wp-content\/uploads\/2019\/05\/IMG_9990-1024x686.jpg\" alt=\"\" class=\"wp-image-15422\" srcset=\"https:\/\/marekkuchcinski.pl\/wp-content\/uploads\/2019\/05\/IMG_9990-1024x686.jpg 1024w, https:\/\/marekkuchcinski.pl\/wp-content\/uploads\/2019\/05\/IMG_9990-300x201.jpg 300w, https:\/\/marekkuchcinski.pl\/wp-content\/uploads\/2019\/05\/IMG_9990-768x515.jpg 768w, https:\/\/marekkuchcinski.pl\/wp-content\/uploads\/2019\/05\/IMG_9990.jpg 2048w\" sizes=\"(max-width: 1024px) 100vw, 1024px\" \/><figcaption><strong> Jerzy Adamski  <\/strong><\/figcaption><\/figure>\n\n\n\n<figure class=\"wp-block-image\"><img loading=\"lazy\" decoding=\"async\" width=\"1024\" height=\"877\" src=\"https:\/\/marekkuchcinski.pl\/wp-content\/uploads\/2019\/05\/IMG_9996-1-1024x877.jpg\" alt=\"\" class=\"wp-image-15432\" srcset=\"https:\/\/marekkuchcinski.pl\/wp-content\/uploads\/2019\/05\/IMG_9996-1-1024x877.jpg 1024w, https:\/\/marekkuchcinski.pl\/wp-content\/uploads\/2019\/05\/IMG_9996-1-300x257.jpg 300w, https:\/\/marekkuchcinski.pl\/wp-content\/uploads\/2019\/05\/IMG_9996-1-768x658.jpg 768w, https:\/\/marekkuchcinski.pl\/wp-content\/uploads\/2019\/05\/IMG_9996-1.jpg 2048w\" sizes=\"(max-width: 1024px) 100vw, 1024px\" \/><figcaption><strong> Maciej D\u0119bicki <\/strong><\/figcaption><\/figure>\n\n\n\n<figure class=\"wp-block-image\"><img loading=\"lazy\" decoding=\"async\" width=\"1024\" height=\"683\" src=\"https:\/\/marekkuchcinski.pl\/wp-content\/uploads\/2019\/05\/IMG_9975-1024x683.jpg\" alt=\"\" class=\"wp-image-15421\" srcset=\"https:\/\/marekkuchcinski.pl\/wp-content\/uploads\/2019\/05\/IMG_9975-1024x683.jpg 1024w, https:\/\/marekkuchcinski.pl\/wp-content\/uploads\/2019\/05\/IMG_9975-300x200.jpg 300w, https:\/\/marekkuchcinski.pl\/wp-content\/uploads\/2019\/05\/IMG_9975-768x512.jpg 768w, https:\/\/marekkuchcinski.pl\/wp-content\/uploads\/2019\/05\/IMG_9975.jpg 2048w\" sizes=\"(max-width: 1024px) 100vw, 1024px\" \/><figcaption><strong>Jan Karu\u015b, Marek Kami\u0144ski, Jan Musia\u0142<\/strong><\/figcaption><\/figure>\n\n\n\n<figure class=\"wp-block-image\"><img loading=\"lazy\" decoding=\"async\" width=\"1024\" height=\"683\" src=\"https:\/\/marekkuchcinski.pl\/wp-content\/uploads\/2019\/05\/IMG_0009-1024x683.jpg\" alt=\"\" class=\"wp-image-15430\" srcset=\"https:\/\/marekkuchcinski.pl\/wp-content\/uploads\/2019\/05\/IMG_0009-1024x683.jpg 1024w, https:\/\/marekkuchcinski.pl\/wp-content\/uploads\/2019\/05\/IMG_0009-300x200.jpg 300w, https:\/\/marekkuchcinski.pl\/wp-content\/uploads\/2019\/05\/IMG_0009-768x512.jpg 768w, https:\/\/marekkuchcinski.pl\/wp-content\/uploads\/2019\/05\/IMG_0009.jpg 2048w\" sizes=\"(max-width: 1024px) 100vw, 1024px\" \/><\/figure>","protected":false},"excerpt":{"rendered":"<p>O tym, jak przebiega\u0142y zmiany w Polsce po obaleniu komunizmu rozmawiano podczas pierwszego spotkania Karpackiego Klubu Dyskusyjnego w Muzeum Narodowym Ziemi Przemyskiej. Prof. Jan Draus por\u00f3wna\u0142 drog\u0119 do wolno\u015bci Polski i W\u0119gier. Przypomnia\u0142, \u017ce rok 1989 dla Polski i Europy \u015arodkowo-Wschodniej znamionowa\u0142 kres komunizmu, kt\u00f3ry przez dziesi\u0105tki lat zniewala\u0142 znaczn\u0105 cz\u0119\u015b\u0107 ludno\u015bci \u015bwiata i by\u0142 [&hellip;]<\/p>","protected":false},"author":6,"featured_media":15480,"comment_status":"open","ping_status":"open","sticky":false,"template":"","format":"standard","meta":{"ngg_post_thumbnail":0,"footnotes":""},"categories":[49,82,3],"tags":[],"class_list":["post-15394","post","type-post","status-publish","format-standard","has-post-thumbnail","hentry","category-podkarpacie","category-prawo-i-sprawiedliwosc","category-wydarzenia"],"yoast_head":"<!-- This site is optimized with the Yoast SEO plugin v24.7 - https:\/\/yoast.com\/wordpress\/plugins\/seo\/ -->\n<title>Rok 1989 w Europie \u015arodkowo-Wschodniej w perspektywie 30-letniej \u2013 spotkanie z udzia\u0142em marsza\u0142ka Sejmu Marka Kuchci\u0144skiego &#8211; Marek Kuchci\u0144ski<\/title>\n<meta name=\"robots\" content=\"index, follow, max-snippet:-1, max-image-preview:large, max-video-preview:-1\" \/>\n<link rel=\"canonical\" href=\"https:\/\/marekkuchcinski.pl\/hu\/wydarzenia\/rok-1989-w-europie-srodkowo-wschodniej-w-perspektywie-30-letniej-spotkanie-z-udzialem-marszalka-sejmu-marka-kuchcinskiego\/\" \/>\n<meta property=\"og:locale\" content=\"hu_HU\" \/>\n<meta property=\"og:type\" content=\"article\" \/>\n<meta property=\"og:title\" content=\"Rok 1989 w Europie \u015arodkowo-Wschodniej w perspektywie 30-letniej \u2013 spotkanie z udzia\u0142em marsza\u0142ka Sejmu Marka Kuchci\u0144skiego &#8211; Marek Kuchci\u0144ski\" \/>\n<meta property=\"og:description\" content=\"O tym, jak przebiega\u0142y zmiany w Polsce po obaleniu komunizmu rozmawiano podczas pierwszego spotkania Karpackiego Klubu Dyskusyjnego w Muzeum Narodowym Ziemi Przemyskiej. Prof. Jan Draus por\u00f3wna\u0142 drog\u0119 do wolno\u015bci Polski i W\u0119gier. Przypomnia\u0142, \u017ce rok 1989 dla Polski i Europy \u015arodkowo-Wschodniej znamionowa\u0142 kres komunizmu, kt\u00f3ry przez dziesi\u0105tki lat zniewala\u0142 znaczn\u0105 cz\u0119\u015b\u0107 ludno\u015bci \u015bwiata i by\u0142 [&hellip;]\" \/>\n<meta property=\"og:url\" content=\"https:\/\/marekkuchcinski.pl\/hu\/wydarzenia\/rok-1989-w-europie-srodkowo-wschodniej-w-perspektywie-30-letniej-spotkanie-z-udzialem-marszalka-sejmu-marka-kuchcinskiego\/\" \/>\n<meta property=\"og:site_name\" content=\"Marek Kuchci\u0144ski\" \/>\n<meta property=\"article:published_time\" content=\"2019-05-14T13:29:47+00:00\" \/>\n<meta property=\"article:modified_time\" content=\"2019-05-16T18:11:46+00:00\" \/>\n<meta property=\"og:image\" content=\"https:\/\/marekkuchcinski.pl\/wp-content\/uploads\/2019\/05\/PSX_20190513_171338.jpg\" \/>\n\t<meta property=\"og:image:width\" content=\"664\" \/>\n\t<meta property=\"og:image:height\" content=\"463\" \/>\n\t<meta property=\"og:image:type\" content=\"image\/jpeg\" \/>\n<meta name=\"author\" content=\"admin\" \/>\n<meta name=\"twitter:card\" content=\"summary_large_image\" \/>\n<meta name=\"twitter:label1\" content=\"Szerz\u0151:\" \/>\n\t<meta name=\"twitter:data1\" content=\"admin\" \/>\n\t<meta name=\"twitter:label2\" content=\"Becs\u00fclt olvas\u00e1si id\u0151\" \/>\n\t<meta name=\"twitter:data2\" content=\"4 perc\" \/>\n<script type=\"application\/ld+json\" class=\"yoast-schema-graph\">{\"@context\":\"https:\/\/schema.org\",\"@graph\":[{\"@type\":\"Article\",\"@id\":\"https:\/\/marekkuchcinski.pl\/ro\/wydarzenia\/rok-1989-w-europie-srodkowo-wschodniej-w-perspektywie-30-letniej-spotkanie-z-udzialem-marszalka-sejmu-marka-kuchcinskiego\/#article\",\"isPartOf\":{\"@id\":\"https:\/\/marekkuchcinski.pl\/ro\/wydarzenia\/rok-1989-w-europie-srodkowo-wschodniej-w-perspektywie-30-letniej-spotkanie-z-udzialem-marszalka-sejmu-marka-kuchcinskiego\/\"},\"author\":{\"name\":\"admin\",\"@id\":\"https:\/\/marekkuchcinski.pl\/#\/schema\/person\/6f62700996b4d950b6ea2d1183b6c6be\"},\"headline\":\"Rok 1989 w Europie \u015arodkowo-Wschodniej w perspektywie 30-letniej \u2013 spotkanie z udzia\u0142em marsza\u0142ka Sejmu Marka Kuchci\u0144skiego\",\"datePublished\":\"2019-05-14T13:29:47+00:00\",\"dateModified\":\"2019-05-16T18:11:46+00:00\",\"mainEntityOfPage\":{\"@id\":\"https:\/\/marekkuchcinski.pl\/ro\/wydarzenia\/rok-1989-w-europie-srodkowo-wschodniej-w-perspektywie-30-letniej-spotkanie-z-udzialem-marszalka-sejmu-marka-kuchcinskiego\/\"},\"wordCount\":868,\"commentCount\":0,\"publisher\":{\"@id\":\"https:\/\/marekkuchcinski.pl\/#organization\"},\"image\":{\"@id\":\"https:\/\/marekkuchcinski.pl\/ro\/wydarzenia\/rok-1989-w-europie-srodkowo-wschodniej-w-perspektywie-30-letniej-spotkanie-z-udzialem-marszalka-sejmu-marka-kuchcinskiego\/#primaryimage\"},\"thumbnailUrl\":\"https:\/\/marekkuchcinski.pl\/wp-content\/uploads\/2019\/05\/PSX_20190513_171338.jpg\",\"articleSection\":[\"Podkarpacie\",\"Prawo i Sprawiedliwo\u015b\u0107\",\"Wydarzenia\"],\"inLanguage\":\"hu\",\"potentialAction\":[{\"@type\":\"CommentAction\",\"name\":\"Comment\",\"target\":[\"https:\/\/marekkuchcinski.pl\/ro\/wydarzenia\/rok-1989-w-europie-srodkowo-wschodniej-w-perspektywie-30-letniej-spotkanie-z-udzialem-marszalka-sejmu-marka-kuchcinskiego\/#respond\"]}]},{\"@type\":\"WebPage\",\"@id\":\"https:\/\/marekkuchcinski.pl\/ro\/wydarzenia\/rok-1989-w-europie-srodkowo-wschodniej-w-perspektywie-30-letniej-spotkanie-z-udzialem-marszalka-sejmu-marka-kuchcinskiego\/\",\"url\":\"https:\/\/marekkuchcinski.pl\/ro\/wydarzenia\/rok-1989-w-europie-srodkowo-wschodniej-w-perspektywie-30-letniej-spotkanie-z-udzialem-marszalka-sejmu-marka-kuchcinskiego\/\",\"name\":\"Rok 1989 w Europie \u015arodkowo-Wschodniej w perspektywie 30-letniej \u2013 spotkanie z udzia\u0142em marsza\u0142ka Sejmu Marka Kuchci\u0144skiego &#8211; Marek Kuchci\u0144ski\",\"isPartOf\":{\"@id\":\"https:\/\/marekkuchcinski.pl\/#website\"},\"primaryImageOfPage\":{\"@id\":\"https:\/\/marekkuchcinski.pl\/ro\/wydarzenia\/rok-1989-w-europie-srodkowo-wschodniej-w-perspektywie-30-letniej-spotkanie-z-udzialem-marszalka-sejmu-marka-kuchcinskiego\/#primaryimage\"},\"image\":{\"@id\":\"https:\/\/marekkuchcinski.pl\/ro\/wydarzenia\/rok-1989-w-europie-srodkowo-wschodniej-w-perspektywie-30-letniej-spotkanie-z-udzialem-marszalka-sejmu-marka-kuchcinskiego\/#primaryimage\"},\"thumbnailUrl\":\"https:\/\/marekkuchcinski.pl\/wp-content\/uploads\/2019\/05\/PSX_20190513_171338.jpg\",\"datePublished\":\"2019-05-14T13:29:47+00:00\",\"dateModified\":\"2019-05-16T18:11:46+00:00\",\"breadcrumb\":{\"@id\":\"https:\/\/marekkuchcinski.pl\/ro\/wydarzenia\/rok-1989-w-europie-srodkowo-wschodniej-w-perspektywie-30-letniej-spotkanie-z-udzialem-marszalka-sejmu-marka-kuchcinskiego\/#breadcrumb\"},\"inLanguage\":\"hu\",\"potentialAction\":[{\"@type\":\"ReadAction\",\"target\":[\"https:\/\/marekkuchcinski.pl\/ro\/wydarzenia\/rok-1989-w-europie-srodkowo-wschodniej-w-perspektywie-30-letniej-spotkanie-z-udzialem-marszalka-sejmu-marka-kuchcinskiego\/\"]}]},{\"@type\":\"ImageObject\",\"inLanguage\":\"hu\",\"@id\":\"https:\/\/marekkuchcinski.pl\/ro\/wydarzenia\/rok-1989-w-europie-srodkowo-wschodniej-w-perspektywie-30-letniej-spotkanie-z-udzialem-marszalka-sejmu-marka-kuchcinskiego\/#primaryimage\",\"url\":\"https:\/\/marekkuchcinski.pl\/wp-content\/uploads\/2019\/05\/PSX_20190513_171338.jpg\",\"contentUrl\":\"https:\/\/marekkuchcinski.pl\/wp-content\/uploads\/2019\/05\/PSX_20190513_171338.jpg\",\"width\":664,\"height\":463},{\"@type\":\"BreadcrumbList\",\"@id\":\"https:\/\/marekkuchcinski.pl\/ro\/wydarzenia\/rok-1989-w-europie-srodkowo-wschodniej-w-perspektywie-30-letniej-spotkanie-z-udzialem-marszalka-sejmu-marka-kuchcinskiego\/#breadcrumb\",\"itemListElement\":[{\"@type\":\"ListItem\",\"position\":1,\"name\":\"Strona g\u0142\u00f3wna\",\"item\":\"https:\/\/marekkuchcinski.pl\/\"},{\"@type\":\"ListItem\",\"position\":2,\"name\":\"Rok 1989 w Europie \u015arodkowo-Wschodniej w perspektywie 30-letniej \u2013 spotkanie z udzia\u0142em marsza\u0142ka Sejmu Marka Kuchci\u0144skiego\"}]},{\"@type\":\"WebSite\",\"@id\":\"https:\/\/marekkuchcinski.pl\/#website\",\"url\":\"https:\/\/marekkuchcinski.pl\/\",\"name\":\"Marek Kuchci\u0144ski\",\"description\":\"Pose\u0142 na sejm RP &ndash; okr\u0119g nr 22\",\"publisher\":{\"@id\":\"https:\/\/marekkuchcinski.pl\/#organization\"},\"potentialAction\":[{\"@type\":\"SearchAction\",\"target\":{\"@type\":\"EntryPoint\",\"urlTemplate\":\"https:\/\/marekkuchcinski.pl\/?s={search_term_string}\"},\"query-input\":{\"@type\":\"PropertyValueSpecification\",\"valueRequired\":true,\"valueName\":\"search_term_string\"}}],\"inLanguage\":\"hu\"},{\"@type\":\"Organization\",\"@id\":\"https:\/\/marekkuchcinski.pl\/#organization\",\"name\":\"Marek Kuchci\u0144ski\",\"url\":\"https:\/\/marekkuchcinski.pl\/\",\"logo\":{\"@type\":\"ImageObject\",\"inLanguage\":\"hu\",\"@id\":\"https:\/\/marekkuchcinski.pl\/#\/schema\/logo\/image\/\",\"url\":\"https:\/\/marekkuchcinski.pl\/wp-content\/uploads\/2022\/09\/Marek.jpg\",\"contentUrl\":\"https:\/\/marekkuchcinski.pl\/wp-content\/uploads\/2022\/09\/Marek.jpg\",\"width\":1600,\"height\":971,\"caption\":\"Marek Kuchci\u0144ski\"},\"image\":{\"@id\":\"https:\/\/marekkuchcinski.pl\/#\/schema\/logo\/image\/\"}},{\"@type\":\"Person\",\"@id\":\"https:\/\/marekkuchcinski.pl\/#\/schema\/person\/6f62700996b4d950b6ea2d1183b6c6be\",\"name\":\"admin\",\"image\":{\"@type\":\"ImageObject\",\"inLanguage\":\"hu\",\"@id\":\"https:\/\/marekkuchcinski.pl\/#\/schema\/person\/image\/\",\"url\":\"https:\/\/secure.gravatar.com\/avatar\/4bab693b9d55c3d6b52c0296a8765085?s=96&d=mm&r=g\",\"contentUrl\":\"https:\/\/secure.gravatar.com\/avatar\/4bab693b9d55c3d6b52c0296a8765085?s=96&d=mm&r=g\",\"caption\":\"admin\"},\"url\":\"https:\/\/marekkuchcinski.pl\/hu\/author\/marta-olejnik\/\"}]}<\/script>\n<!-- \/ Yoast SEO plugin. -->","yoast_head_json":{"title":"Rok 1989 w Europie \u015arodkowo-Wschodniej w perspektywie 30-letniej \u2013 spotkanie z udzia\u0142em marsza\u0142ka Sejmu Marka Kuchci\u0144skiego &#8211; Marek Kuchci\u0144ski","robots":{"index":"index","follow":"follow","max-snippet":"max-snippet:-1","max-image-preview":"max-image-preview:large","max-video-preview":"max-video-preview:-1"},"canonical":"https:\/\/marekkuchcinski.pl\/hu\/wydarzenia\/rok-1989-w-europie-srodkowo-wschodniej-w-perspektywie-30-letniej-spotkanie-z-udzialem-marszalka-sejmu-marka-kuchcinskiego\/","og_locale":"hu_HU","og_type":"article","og_title":"Rok 1989 w Europie \u015arodkowo-Wschodniej w perspektywie 30-letniej \u2013 spotkanie z udzia\u0142em marsza\u0142ka Sejmu Marka Kuchci\u0144skiego &#8211; Marek Kuchci\u0144ski","og_description":"O tym, jak przebiega\u0142y zmiany w Polsce po obaleniu komunizmu rozmawiano podczas pierwszego spotkania Karpackiego Klubu Dyskusyjnego w Muzeum Narodowym Ziemi Przemyskiej. Prof. Jan Draus por\u00f3wna\u0142 drog\u0119 do wolno\u015bci Polski i W\u0119gier. Przypomnia\u0142, \u017ce rok 1989 dla Polski i Europy \u015arodkowo-Wschodniej znamionowa\u0142 kres komunizmu, kt\u00f3ry przez dziesi\u0105tki lat zniewala\u0142 znaczn\u0105 cz\u0119\u015b\u0107 ludno\u015bci \u015bwiata i by\u0142 [&hellip;]","og_url":"https:\/\/marekkuchcinski.pl\/hu\/wydarzenia\/rok-1989-w-europie-srodkowo-wschodniej-w-perspektywie-30-letniej-spotkanie-z-udzialem-marszalka-sejmu-marka-kuchcinskiego\/","og_site_name":"Marek Kuchci\u0144ski","article_published_time":"2019-05-14T13:29:47+00:00","article_modified_time":"2019-05-16T18:11:46+00:00","og_image":[{"width":664,"height":463,"url":"https:\/\/marekkuchcinski.pl\/wp-content\/uploads\/2019\/05\/PSX_20190513_171338.jpg","type":"image\/jpeg"}],"author":"admin","twitter_card":"summary_large_image","twitter_misc":{"Szerz\u0151:":"admin","Becs\u00fclt olvas\u00e1si id\u0151":"4 perc"},"schema":{"@context":"https:\/\/schema.org","@graph":[{"@type":"Article","@id":"https:\/\/marekkuchcinski.pl\/ro\/wydarzenia\/rok-1989-w-europie-srodkowo-wschodniej-w-perspektywie-30-letniej-spotkanie-z-udzialem-marszalka-sejmu-marka-kuchcinskiego\/#article","isPartOf":{"@id":"https:\/\/marekkuchcinski.pl\/ro\/wydarzenia\/rok-1989-w-europie-srodkowo-wschodniej-w-perspektywie-30-letniej-spotkanie-z-udzialem-marszalka-sejmu-marka-kuchcinskiego\/"},"author":{"name":"admin","@id":"https:\/\/marekkuchcinski.pl\/#\/schema\/person\/6f62700996b4d950b6ea2d1183b6c6be"},"headline":"Rok 1989 w Europie \u015arodkowo-Wschodniej w perspektywie 30-letniej \u2013 spotkanie z udzia\u0142em marsza\u0142ka Sejmu Marka Kuchci\u0144skiego","datePublished":"2019-05-14T13:29:47+00:00","dateModified":"2019-05-16T18:11:46+00:00","mainEntityOfPage":{"@id":"https:\/\/marekkuchcinski.pl\/ro\/wydarzenia\/rok-1989-w-europie-srodkowo-wschodniej-w-perspektywie-30-letniej-spotkanie-z-udzialem-marszalka-sejmu-marka-kuchcinskiego\/"},"wordCount":868,"commentCount":0,"publisher":{"@id":"https:\/\/marekkuchcinski.pl\/#organization"},"image":{"@id":"https:\/\/marekkuchcinski.pl\/ro\/wydarzenia\/rok-1989-w-europie-srodkowo-wschodniej-w-perspektywie-30-letniej-spotkanie-z-udzialem-marszalka-sejmu-marka-kuchcinskiego\/#primaryimage"},"thumbnailUrl":"https:\/\/marekkuchcinski.pl\/wp-content\/uploads\/2019\/05\/PSX_20190513_171338.jpg","articleSection":["Podkarpacie","Prawo i Sprawiedliwo\u015b\u0107","Wydarzenia"],"inLanguage":"hu","potentialAction":[{"@type":"CommentAction","name":"Comment","target":["https:\/\/marekkuchcinski.pl\/ro\/wydarzenia\/rok-1989-w-europie-srodkowo-wschodniej-w-perspektywie-30-letniej-spotkanie-z-udzialem-marszalka-sejmu-marka-kuchcinskiego\/#respond"]}]},{"@type":"WebPage","@id":"https:\/\/marekkuchcinski.pl\/ro\/wydarzenia\/rok-1989-w-europie-srodkowo-wschodniej-w-perspektywie-30-letniej-spotkanie-z-udzialem-marszalka-sejmu-marka-kuchcinskiego\/","url":"https:\/\/marekkuchcinski.pl\/ro\/wydarzenia\/rok-1989-w-europie-srodkowo-wschodniej-w-perspektywie-30-letniej-spotkanie-z-udzialem-marszalka-sejmu-marka-kuchcinskiego\/","name":"Rok 1989 w Europie \u015arodkowo-Wschodniej w perspektywie 30-letniej \u2013 spotkanie z udzia\u0142em marsza\u0142ka Sejmu Marka Kuchci\u0144skiego &#8211; Marek Kuchci\u0144ski","isPartOf":{"@id":"https:\/\/marekkuchcinski.pl\/#website"},"primaryImageOfPage":{"@id":"https:\/\/marekkuchcinski.pl\/ro\/wydarzenia\/rok-1989-w-europie-srodkowo-wschodniej-w-perspektywie-30-letniej-spotkanie-z-udzialem-marszalka-sejmu-marka-kuchcinskiego\/#primaryimage"},"image":{"@id":"https:\/\/marekkuchcinski.pl\/ro\/wydarzenia\/rok-1989-w-europie-srodkowo-wschodniej-w-perspektywie-30-letniej-spotkanie-z-udzialem-marszalka-sejmu-marka-kuchcinskiego\/#primaryimage"},"thumbnailUrl":"https:\/\/marekkuchcinski.pl\/wp-content\/uploads\/2019\/05\/PSX_20190513_171338.jpg","datePublished":"2019-05-14T13:29:47+00:00","dateModified":"2019-05-16T18:11:46+00:00","breadcrumb":{"@id":"https:\/\/marekkuchcinski.pl\/ro\/wydarzenia\/rok-1989-w-europie-srodkowo-wschodniej-w-perspektywie-30-letniej-spotkanie-z-udzialem-marszalka-sejmu-marka-kuchcinskiego\/#breadcrumb"},"inLanguage":"hu","potentialAction":[{"@type":"ReadAction","target":["https:\/\/marekkuchcinski.pl\/ro\/wydarzenia\/rok-1989-w-europie-srodkowo-wschodniej-w-perspektywie-30-letniej-spotkanie-z-udzialem-marszalka-sejmu-marka-kuchcinskiego\/"]}]},{"@type":"ImageObject","inLanguage":"hu","@id":"https:\/\/marekkuchcinski.pl\/ro\/wydarzenia\/rok-1989-w-europie-srodkowo-wschodniej-w-perspektywie-30-letniej-spotkanie-z-udzialem-marszalka-sejmu-marka-kuchcinskiego\/#primaryimage","url":"https:\/\/marekkuchcinski.pl\/wp-content\/uploads\/2019\/05\/PSX_20190513_171338.jpg","contentUrl":"https:\/\/marekkuchcinski.pl\/wp-content\/uploads\/2019\/05\/PSX_20190513_171338.jpg","width":664,"height":463},{"@type":"BreadcrumbList","@id":"https:\/\/marekkuchcinski.pl\/ro\/wydarzenia\/rok-1989-w-europie-srodkowo-wschodniej-w-perspektywie-30-letniej-spotkanie-z-udzialem-marszalka-sejmu-marka-kuchcinskiego\/#breadcrumb","itemListElement":[{"@type":"ListItem","position":1,"name":"Strona g\u0142\u00f3wna","item":"https:\/\/marekkuchcinski.pl\/"},{"@type":"ListItem","position":2,"name":"Rok 1989 w Europie \u015arodkowo-Wschodniej w perspektywie 30-letniej \u2013 spotkanie z udzia\u0142em marsza\u0142ka Sejmu Marka Kuchci\u0144skiego"}]},{"@type":"WebSite","@id":"https:\/\/marekkuchcinski.pl\/#website","url":"https:\/\/marekkuchcinski.pl\/","name":"Marek Kuchci\u0144ski","description":"Pose\u0142 na sejm RP &ndash; okr\u0119g nr 22","publisher":{"@id":"https:\/\/marekkuchcinski.pl\/#organization"},"potentialAction":[{"@type":"SearchAction","target":{"@type":"EntryPoint","urlTemplate":"https:\/\/marekkuchcinski.pl\/?s={search_term_string}"},"query-input":{"@type":"PropertyValueSpecification","valueRequired":true,"valueName":"search_term_string"}}],"inLanguage":"hu"},{"@type":"Organization","@id":"https:\/\/marekkuchcinski.pl\/#organization","name":"Marek Kuchci\u0144ski","url":"https:\/\/marekkuchcinski.pl\/","logo":{"@type":"ImageObject","inLanguage":"hu","@id":"https:\/\/marekkuchcinski.pl\/#\/schema\/logo\/image\/","url":"https:\/\/marekkuchcinski.pl\/wp-content\/uploads\/2022\/09\/Marek.jpg","contentUrl":"https:\/\/marekkuchcinski.pl\/wp-content\/uploads\/2022\/09\/Marek.jpg","width":1600,"height":971,"caption":"Marek Kuchci\u0144ski"},"image":{"@id":"https:\/\/marekkuchcinski.pl\/#\/schema\/logo\/image\/"}},{"@type":"Person","@id":"https:\/\/marekkuchcinski.pl\/#\/schema\/person\/6f62700996b4d950b6ea2d1183b6c6be","name":"admin","image":{"@type":"ImageObject","inLanguage":"hu","@id":"https:\/\/marekkuchcinski.pl\/#\/schema\/person\/image\/","url":"https:\/\/secure.gravatar.com\/avatar\/4bab693b9d55c3d6b52c0296a8765085?s=96&d=mm&r=g","contentUrl":"https:\/\/secure.gravatar.com\/avatar\/4bab693b9d55c3d6b52c0296a8765085?s=96&d=mm&r=g","caption":"admin"},"url":"https:\/\/marekkuchcinski.pl\/hu\/author\/marta-olejnik\/"}]}},"_links":{"self":[{"href":"https:\/\/marekkuchcinski.pl\/hu\/wp-json\/wp\/v2\/posts\/15394","targetHints":{"allow":["GET"]}}],"collection":[{"href":"https:\/\/marekkuchcinski.pl\/hu\/wp-json\/wp\/v2\/posts"}],"about":[{"href":"https:\/\/marekkuchcinski.pl\/hu\/wp-json\/wp\/v2\/types\/post"}],"author":[{"embeddable":true,"href":"https:\/\/marekkuchcinski.pl\/hu\/wp-json\/wp\/v2\/users\/6"}],"replies":[{"embeddable":true,"href":"https:\/\/marekkuchcinski.pl\/hu\/wp-json\/wp\/v2\/comments?post=15394"}],"version-history":[{"count":40,"href":"https:\/\/marekkuchcinski.pl\/hu\/wp-json\/wp\/v2\/posts\/15394\/revisions"}],"predecessor-version":[{"id":15539,"href":"https:\/\/marekkuchcinski.pl\/hu\/wp-json\/wp\/v2\/posts\/15394\/revisions\/15539"}],"wp:featuredmedia":[{"embeddable":true,"href":"https:\/\/marekkuchcinski.pl\/hu\/wp-json\/wp\/v2\/media\/15480"}],"wp:attachment":[{"href":"https:\/\/marekkuchcinski.pl\/hu\/wp-json\/wp\/v2\/media?parent=15394"}],"wp:term":[{"taxonomy":"category","embeddable":true,"href":"https:\/\/marekkuchcinski.pl\/hu\/wp-json\/wp\/v2\/categories?post=15394"},{"taxonomy":"post_tag","embeddable":true,"href":"https:\/\/marekkuchcinski.pl\/hu\/wp-json\/wp\/v2\/tags?post=15394"}],"curies":[{"name":"wp","href":"https:\/\/api.w.org\/{rel}","templated":true}]}}