{"id":15330,"date":"2019-05-12T18:05:12","date_gmt":"2019-05-12T16:05:12","guid":{"rendered":"https:\/\/marekkuchcinski.pl\/?p=15330"},"modified":"2019-05-14T21:01:01","modified_gmt":"2019-05-14T19:01:01","slug":"marek-kuchcinski-odslonil-aleje-debow-kapelanow-katynskich","status":"publish","type":"post","link":"https:\/\/marekkuchcinski.pl\/hu\/wydarzenia\/marek-kuchcinski-odslonil-aleje-debow-kapelanow-katynskich\/","title":{"rendered":"Marek Kuchci\u0144ski leleplezte a katy\u0144i k\u00e1pl\u00e1nok eml\u00e9k\u00e9nek t\u00f6lgyfa sug\u00e1r\u00fatj\u00e1t Kalwaria Pac\u0142awsk\u00e1ban"},"content":{"rendered":"<p>M\u00e1jus 12-\u00e9n 11 \u00f3rakor a Przemy\u015bl melletti Kalwaria Pac\u0142awska szent\u00e9lyben Marek Kuchci\u0144ski, a szejm eln\u00f6ke r\u00e9szt vett a szentmis\u00e9n, majd az 1940-ben az NKVD \u00e1ltal meggyilkolt lengyel katonai k\u00e1pl\u00e1nok eml\u00e9k\u00e9re emelt t\u00f6lgyfa\u00fat felszentel\u00e9s\u00e9n \u00e9s leleplez\u00e9s\u00e9n.<\/p>\n\n\n\n<p>- Egy rendk\u00edv\u00fcli, nagyon szimbolikus szertart\u00e1son vesz\u00fcnk r\u00e9szt. Ahogy mi is egy szimbolikus helyen \u00e1llunk - mert a kereszt\u00faton \u00e9s egy szent helyen. A dombon tal\u00e1lhat\u00f3 a ferences kolostor a Pac\u0142awi Sz\u0171zanya k\u00e9p\u00e9vel. Ezek a jelek \u00e9s szimb\u00f3lumok er\u0151teljesen jelzik sok jelent\u00e9s \u00e9s \u00f6r\u00f6ks\u00e9g\u00fcnk muland\u00f3s\u00e1g\u00e1t. A T\u00f6lgyek sug\u00e1r\u00fat avat\u00e1si \u00e9s felszentel\u00e9si \u00fcnneps\u00e9g\u00e9n elhunytak azok a papok, akik a v\u00e9gs\u0151kig katon\u00e1k voltak a lengyel hadseregben, akik vigaszt ny\u00fajtottak katon\u00e1iknak \u00e9s vel\u00fck egy\u00fctt m\u00e1rt\u00edrhal\u00e1llal kiv\u00e9gezt\u00e9k \u0151ket - mondta a Szejm eln\u00f6ke a sug\u00e1r\u00fat leleplez\u00e9si \u00e9s felszentel\u00e9si \u00fcnneps\u00e9g\u00e9n.<\/p>\n\n\n\n<p>A liturgi\u00e1t, amelyet \u0150excellenci\u00e1ja Adam Szal p\u00fcsp\u00f6k - a przemy\u015bli egyh\u00e1zmegye p\u00e1sztora - vezetett, a meggyilkolt katyni k\u00e1pl\u00e1nok, valamint a BiOSG (Bieszczady Hat\u00e1r\u0151rs\u00e9g) tisztjeinek \u00e9s alkalmazottainak sz\u00e1nd\u00e9k\u00e1ra celebr\u00e1lt\u00e1k.<\/p>\n\n\n\n<p>A sug\u00e1r\u00faton 33 t\u00f6lgyf\u00e1t fognak \u00fcltetni, a 33 meggyilkolt k\u00e1pl\u00e1n mindegyik\u00e9nek eml\u00e9k\u00e9re. Minden fa eml\u00e9kt\u00e1bl\u00e1t kap. Az elnyom\u00e1s \u00e1ldozatai k\u00f6z\u00f6tt k\u00fcl\u00f6nb\u00f6z\u0151 vall\u00e1sok k\u00e9pvisel\u0151i is voltak. A r\u00f3mai katolikus papok \u00e9s szeminarist\u00e1k voltak a legn\u00e9pesebb csoport. Az \u00fcld\u00f6z\u00e9sek azonban az ortodox, g\u00f6r\u00f6g katolikus \u00e9s protest\u00e1ns paps\u00e1got is \u00e9rintett\u00e9k. A meggyilkoltak k\u00f6z\u00f6tt volt a lengyel hadsereg f\u0151rabbija, Baruch Steinberg alezredes is.<\/p>\n\n\n\n<p>Ezt a kezdem\u00e9nyez\u00e9st a Kalwaria Pac\u0142awska-i Kisebb Testv\u00e9rek Rendj\u00e9nek (ferencesek) Szent Kereszt Feltal\u00e1l\u00e1s\u00e1nak Kolostora \u00e9s a \"Katy\u0144i K\u00e1pl\u00e1nok Eml\u00e9kezete\" Egyes\u00fclet k\u00f6z\u00f6sen v\u00e1llalta. Az \u00fcnneps\u00e9g Andrzej Duda, a Lengyel K\u00f6zt\u00e1rsas\u00e1g eln\u00f6ke nemzeti v\u00e9dn\u00f6ks\u00e9ge alatt zajlott.<\/p>\n\n\n\n<p>A pac\u0142awi k\u00e1lv\u00e1ria Lengyelorsz\u00e1g egyik legh\u00edresebb kegyhelye, amelyet a Kelet Jeruzs\u00e1lem\u00e9nek is neveznek. A 17. sz\u00e1zadban alap\u00edtotta Andrzej Maksymilian Fredro, Pod\u00f3lia korm\u00e1nyz\u00f3ja \u00e9s Krakk\u00f3 v\u00e1rnagya. Ez itt van, hogy a csod\u00e1s festm\u00e9ny a Sz\u0171z M\u00e1ria Kamieniec Podolski, amely el\u0151tt a k\u00f6vetkez\u0151 emberek, t\u00f6bbek k\u00f6z\u00f6tt im\u00e1dkoztak J\u00e1nos K\u00e1zm\u00e9r \u00e9s III. J\u00e1nos Sobieski, majd sok \u00e9vvel k\u00e9s\u0151bb II. Ez\u00e9rt nevezik ezt a helyet gyakran Jasna G\u00f3ra Podkarpackie-nak.<\/p>\n\n\n\n<p><em>CIS<\/em><\/p>\n\n\n\n<p><em>Fot\u00f3: Marta Olejnik<\/em><\/p>\n\n\n\n<ul class=\"wp-block-gallery columns-1 is-cropped wp-block-gallery-1 is-layout-flex wp-block-gallery-is-layout-flex\"><li class=\"blocks-gallery-item\"><figure><img fetchpriority=\"high\" decoding=\"async\" width=\"1024\" height=\"656\" src=\"https:\/\/marekkuchcinski.pl\/wp-content\/uploads\/2019\/05\/IMG_1414-1024x656.jpg\" alt=\"\" data-id=\"15331\" data-link=\"https:\/\/marekkuchcinski.pl\/?attachment_id=15331\" class=\"wp-image-15331\" srcset=\"https:\/\/marekkuchcinski.pl\/wp-content\/uploads\/2019\/05\/IMG_1414-1024x656.jpg 1024w, https:\/\/marekkuchcinski.pl\/wp-content\/uploads\/2019\/05\/IMG_1414-300x192.jpg 300w, https:\/\/marekkuchcinski.pl\/wp-content\/uploads\/2019\/05\/IMG_1414-768x492.jpg 768w, https:\/\/marekkuchcinski.pl\/wp-content\/uploads\/2019\/05\/IMG_1414.jpg 2048w\" sizes=\"(max-width: 1024px) 100vw, 1024px\" \/><\/figure><\/li><li class=\"blocks-gallery-item\"><figure><img decoding=\"async\" width=\"1024\" height=\"634\" src=\"https:\/\/marekkuchcinski.pl\/wp-content\/uploads\/2019\/05\/IMG_1393-1024x634.jpg\" alt=\"\" data-id=\"15332\" data-link=\"https:\/\/marekkuchcinski.pl\/?attachment_id=15332\" class=\"wp-image-15332\" srcset=\"https:\/\/marekkuchcinski.pl\/wp-content\/uploads\/2019\/05\/IMG_1393-1024x634.jpg 1024w, https:\/\/marekkuchcinski.pl\/wp-content\/uploads\/2019\/05\/IMG_1393-300x186.jpg 300w, https:\/\/marekkuchcinski.pl\/wp-content\/uploads\/2019\/05\/IMG_1393-768x475.jpg 768w, https:\/\/marekkuchcinski.pl\/wp-content\/uploads\/2019\/05\/IMG_1393.jpg 2048w\" sizes=\"(max-width: 1024px) 100vw, 1024px\" \/><\/figure><\/li><li class=\"blocks-gallery-item\"><figure><img decoding=\"async\" width=\"1024\" height=\"683\" src=\"https:\/\/marekkuchcinski.pl\/wp-content\/uploads\/2019\/05\/IMG_1258-1024x683.jpg\" alt=\"\" data-id=\"15333\" data-link=\"https:\/\/marekkuchcinski.pl\/?attachment_id=15333\" class=\"wp-image-15333\" srcset=\"https:\/\/marekkuchcinski.pl\/wp-content\/uploads\/2019\/05\/IMG_1258-1024x683.jpg 1024w, https:\/\/marekkuchcinski.pl\/wp-content\/uploads\/2019\/05\/IMG_1258-300x200.jpg 300w, https:\/\/marekkuchcinski.pl\/wp-content\/uploads\/2019\/05\/IMG_1258-768x512.jpg 768w, https:\/\/marekkuchcinski.pl\/wp-content\/uploads\/2019\/05\/IMG_1258.jpg 2048w\" sizes=\"(max-width: 1024px) 100vw, 1024px\" \/><\/figure><\/li><li class=\"blocks-gallery-item\"><figure><img loading=\"lazy\" decoding=\"async\" width=\"1024\" height=\"620\" src=\"https:\/\/marekkuchcinski.pl\/wp-content\/uploads\/2019\/05\/IMG_1250-1024x620.jpg\" alt=\"\" data-id=\"15334\" data-link=\"https:\/\/marekkuchcinski.pl\/?attachment_id=15334\" class=\"wp-image-15334\" srcset=\"https:\/\/marekkuchcinski.pl\/wp-content\/uploads\/2019\/05\/IMG_1250-1024x620.jpg 1024w, https:\/\/marekkuchcinski.pl\/wp-content\/uploads\/2019\/05\/IMG_1250-300x182.jpg 300w, https:\/\/marekkuchcinski.pl\/wp-content\/uploads\/2019\/05\/IMG_1250-768x465.jpg 768w, https:\/\/marekkuchcinski.pl\/wp-content\/uploads\/2019\/05\/IMG_1250.jpg 2048w\" sizes=\"(max-width: 1024px) 100vw, 1024px\" \/><\/figure><\/li><li class=\"blocks-gallery-item\"><figure><img loading=\"lazy\" decoding=\"async\" width=\"1024\" height=\"683\" src=\"https:\/\/marekkuchcinski.pl\/wp-content\/uploads\/2019\/05\/IMG_1230-1024x683.jpg\" alt=\"\" data-id=\"15335\" data-link=\"https:\/\/marekkuchcinski.pl\/?attachment_id=15335\" class=\"wp-image-15335\" srcset=\"https:\/\/marekkuchcinski.pl\/wp-content\/uploads\/2019\/05\/IMG_1230-1024x683.jpg 1024w, https:\/\/marekkuchcinski.pl\/wp-content\/uploads\/2019\/05\/IMG_1230-300x200.jpg 300w, https:\/\/marekkuchcinski.pl\/wp-content\/uploads\/2019\/05\/IMG_1230-768x512.jpg 768w, https:\/\/marekkuchcinski.pl\/wp-content\/uploads\/2019\/05\/IMG_1230.jpg 2048w\" sizes=\"(max-width: 1024px) 100vw, 1024px\" \/><\/figure><\/li><li class=\"blocks-gallery-item\"><figure><img loading=\"lazy\" decoding=\"async\" width=\"1024\" height=\"699\" src=\"https:\/\/marekkuchcinski.pl\/wp-content\/uploads\/2019\/05\/IMG_1215-1024x699.jpg\" alt=\"\" data-id=\"15337\" data-link=\"https:\/\/marekkuchcinski.pl\/?attachment_id=15337\" class=\"wp-image-15337\" srcset=\"https:\/\/marekkuchcinski.pl\/wp-content\/uploads\/2019\/05\/IMG_1215-1024x699.jpg 1024w, https:\/\/marekkuchcinski.pl\/wp-content\/uploads\/2019\/05\/IMG_1215-300x205.jpg 300w, https:\/\/marekkuchcinski.pl\/wp-content\/uploads\/2019\/05\/IMG_1215-768x524.jpg 768w, https:\/\/marekkuchcinski.pl\/wp-content\/uploads\/2019\/05\/IMG_1215.jpg 2048w\" sizes=\"(max-width: 1024px) 100vw, 1024px\" \/><\/figure><\/li><li class=\"blocks-gallery-item\"><figure><img loading=\"lazy\" decoding=\"async\" width=\"1024\" height=\"683\" src=\"https:\/\/marekkuchcinski.pl\/wp-content\/uploads\/2019\/05\/IMG_1204-1024x683.jpg\" alt=\"\" data-id=\"15338\" data-link=\"https:\/\/marekkuchcinski.pl\/?attachment_id=15338\" class=\"wp-image-15338\" srcset=\"https:\/\/marekkuchcinski.pl\/wp-content\/uploads\/2019\/05\/IMG_1204-1024x683.jpg 1024w, https:\/\/marekkuchcinski.pl\/wp-content\/uploads\/2019\/05\/IMG_1204-300x200.jpg 300w, https:\/\/marekkuchcinski.pl\/wp-content\/uploads\/2019\/05\/IMG_1204-768x512.jpg 768w, https:\/\/marekkuchcinski.pl\/wp-content\/uploads\/2019\/05\/IMG_1204.jpg 2048w\" sizes=\"(max-width: 1024px) 100vw, 1024px\" \/><\/figure><\/li><li class=\"blocks-gallery-item\"><figure><img loading=\"lazy\" decoding=\"async\" width=\"1024\" height=\"646\" src=\"https:\/\/marekkuchcinski.pl\/wp-content\/uploads\/2019\/05\/IMG_1182-1024x646.jpg\" alt=\"\" data-id=\"15341\" data-link=\"https:\/\/marekkuchcinski.pl\/?attachment_id=15341\" class=\"wp-image-15341\" srcset=\"https:\/\/marekkuchcinski.pl\/wp-content\/uploads\/2019\/05\/IMG_1182-1024x646.jpg 1024w, https:\/\/marekkuchcinski.pl\/wp-content\/uploads\/2019\/05\/IMG_1182-300x189.jpg 300w, https:\/\/marekkuchcinski.pl\/wp-content\/uploads\/2019\/05\/IMG_1182-768x485.jpg 768w, https:\/\/marekkuchcinski.pl\/wp-content\/uploads\/2019\/05\/IMG_1182.jpg 2048w\" sizes=\"(max-width: 1024px) 100vw, 1024px\" \/><\/figure><\/li><li class=\"blocks-gallery-item\"><figure><img loading=\"lazy\" decoding=\"async\" width=\"1024\" height=\"664\" src=\"https:\/\/marekkuchcinski.pl\/wp-content\/uploads\/2019\/05\/IMG_1181-1024x664.jpg\" alt=\"\" data-id=\"15342\" data-link=\"https:\/\/marekkuchcinski.pl\/?attachment_id=15342\" class=\"wp-image-15342\" srcset=\"https:\/\/marekkuchcinski.pl\/wp-content\/uploads\/2019\/05\/IMG_1181-1024x664.jpg 1024w, https:\/\/marekkuchcinski.pl\/wp-content\/uploads\/2019\/05\/IMG_1181-300x195.jpg 300w, https:\/\/marekkuchcinski.pl\/wp-content\/uploads\/2019\/05\/IMG_1181-768x498.jpg 768w, https:\/\/marekkuchcinski.pl\/wp-content\/uploads\/2019\/05\/IMG_1181.jpg 2048w\" sizes=\"(max-width: 1024px) 100vw, 1024px\" \/><\/figure><\/li><li class=\"blocks-gallery-item\"><figure><img loading=\"lazy\" decoding=\"async\" width=\"967\" height=\"1024\" src=\"https:\/\/marekkuchcinski.pl\/wp-content\/uploads\/2019\/05\/IMG_1152-967x1024.jpg\" alt=\"\" data-id=\"15343\" data-link=\"https:\/\/marekkuchcinski.pl\/?attachment_id=15343\" class=\"wp-image-15343\" srcset=\"https:\/\/marekkuchcinski.pl\/wp-content\/uploads\/2019\/05\/IMG_1152-967x1024.jpg 967w, https:\/\/marekkuchcinski.pl\/wp-content\/uploads\/2019\/05\/IMG_1152-283x300.jpg 283w, https:\/\/marekkuchcinski.pl\/wp-content\/uploads\/2019\/05\/IMG_1152-768x814.jpg 768w, https:\/\/marekkuchcinski.pl\/wp-content\/uploads\/2019\/05\/IMG_1152.jpg 1933w\" sizes=\"(max-width: 967px) 100vw, 967px\" \/><\/figure><\/li><li class=\"blocks-gallery-item\"><figure><img loading=\"lazy\" decoding=\"async\" width=\"1024\" height=\"679\" src=\"https:\/\/marekkuchcinski.pl\/wp-content\/uploads\/2019\/05\/IMG_1105-1024x679.jpg\" alt=\"\" data-id=\"15345\" data-link=\"https:\/\/marekkuchcinski.pl\/?attachment_id=15345\" class=\"wp-image-15345\" srcset=\"https:\/\/marekkuchcinski.pl\/wp-content\/uploads\/2019\/05\/IMG_1105-1024x679.jpg 1024w, https:\/\/marekkuchcinski.pl\/wp-content\/uploads\/2019\/05\/IMG_1105-300x199.jpg 300w, https:\/\/marekkuchcinski.pl\/wp-content\/uploads\/2019\/05\/IMG_1105-768x509.jpg 768w, https:\/\/marekkuchcinski.pl\/wp-content\/uploads\/2019\/05\/IMG_1105.jpg 2048w\" sizes=\"(max-width: 1024px) 100vw, 1024px\" \/><\/figure><\/li><li class=\"blocks-gallery-item\"><figure><img loading=\"lazy\" decoding=\"async\" width=\"1024\" height=\"683\" src=\"https:\/\/marekkuchcinski.pl\/wp-content\/uploads\/2019\/05\/IMG_1093-1024x683.jpg\" alt=\"\" data-id=\"15348\" data-link=\"https:\/\/marekkuchcinski.pl\/?attachment_id=15348\" class=\"wp-image-15348\" srcset=\"https:\/\/marekkuchcinski.pl\/wp-content\/uploads\/2019\/05\/IMG_1093-1024x683.jpg 1024w, https:\/\/marekkuchcinski.pl\/wp-content\/uploads\/2019\/05\/IMG_1093-300x200.jpg 300w, https:\/\/marekkuchcinski.pl\/wp-content\/uploads\/2019\/05\/IMG_1093-768x512.jpg 768w, https:\/\/marekkuchcinski.pl\/wp-content\/uploads\/2019\/05\/IMG_1093.jpg 2048w\" sizes=\"(max-width: 1024px) 100vw, 1024px\" \/><\/figure><\/li><li class=\"blocks-gallery-item\"><figure><img loading=\"lazy\" decoding=\"async\" width=\"1024\" height=\"694\" src=\"https:\/\/marekkuchcinski.pl\/wp-content\/uploads\/2019\/05\/IMG_1030-1024x694.jpg\" alt=\"\" data-id=\"15351\" data-link=\"https:\/\/marekkuchcinski.pl\/?attachment_id=15351\" class=\"wp-image-15351\" srcset=\"https:\/\/marekkuchcinski.pl\/wp-content\/uploads\/2019\/05\/IMG_1030-1024x694.jpg 1024w, https:\/\/marekkuchcinski.pl\/wp-content\/uploads\/2019\/05\/IMG_1030-300x203.jpg 300w, https:\/\/marekkuchcinski.pl\/wp-content\/uploads\/2019\/05\/IMG_1030-768x521.jpg 768w, https:\/\/marekkuchcinski.pl\/wp-content\/uploads\/2019\/05\/IMG_1030.jpg 2048w\" sizes=\"(max-width: 1024px) 100vw, 1024px\" \/><\/figure><\/li><li class=\"blocks-gallery-item\"><figure><img loading=\"lazy\" decoding=\"async\" width=\"1024\" height=\"662\" src=\"https:\/\/marekkuchcinski.pl\/wp-content\/uploads\/2019\/05\/IMG_0962-1024x662.jpg\" alt=\"\" data-id=\"15352\" data-link=\"https:\/\/marekkuchcinski.pl\/?attachment_id=15352\" class=\"wp-image-15352\" srcset=\"https:\/\/marekkuchcinski.pl\/wp-content\/uploads\/2019\/05\/IMG_0962-1024x662.jpg 1024w, https:\/\/marekkuchcinski.pl\/wp-content\/uploads\/2019\/05\/IMG_0962-300x194.jpg 300w, https:\/\/marekkuchcinski.pl\/wp-content\/uploads\/2019\/05\/IMG_0962-768x497.jpg 768w, https:\/\/marekkuchcinski.pl\/wp-content\/uploads\/2019\/05\/IMG_0962.jpg 2048w\" sizes=\"(max-width: 1024px) 100vw, 1024px\" \/><\/figure><\/li><li class=\"blocks-gallery-item\"><figure><img loading=\"lazy\" decoding=\"async\" width=\"1024\" height=\"683\" src=\"https:\/\/marekkuchcinski.pl\/wp-content\/uploads\/2019\/05\/IMG_0945-1024x683.jpg\" alt=\"\" data-id=\"15354\" data-link=\"https:\/\/marekkuchcinski.pl\/?attachment_id=15354\" class=\"wp-image-15354\" srcset=\"https:\/\/marekkuchcinski.pl\/wp-content\/uploads\/2019\/05\/IMG_0945-1024x683.jpg 1024w, https:\/\/marekkuchcinski.pl\/wp-content\/uploads\/2019\/05\/IMG_0945-300x200.jpg 300w, https:\/\/marekkuchcinski.pl\/wp-content\/uploads\/2019\/05\/IMG_0945-768x512.jpg 768w, https:\/\/marekkuchcinski.pl\/wp-content\/uploads\/2019\/05\/IMG_0945.jpg 2048w\" sizes=\"(max-width: 1024px) 100vw, 1024px\" \/><\/figure><\/li><li class=\"blocks-gallery-item\"><figure><img loading=\"lazy\" decoding=\"async\" width=\"1024\" height=\"717\" src=\"https:\/\/marekkuchcinski.pl\/wp-content\/uploads\/2019\/05\/IMG_0911-1024x717.jpg\" alt=\"\" data-id=\"15356\" data-link=\"https:\/\/marekkuchcinski.pl\/?attachment_id=15356\" class=\"wp-image-15356\" srcset=\"https:\/\/marekkuchcinski.pl\/wp-content\/uploads\/2019\/05\/IMG_0911-1024x717.jpg 1024w, https:\/\/marekkuchcinski.pl\/wp-content\/uploads\/2019\/05\/IMG_0911-300x210.jpg 300w, https:\/\/marekkuchcinski.pl\/wp-content\/uploads\/2019\/05\/IMG_0911-768x538.jpg 768w, https:\/\/marekkuchcinski.pl\/wp-content\/uploads\/2019\/05\/IMG_0911.jpg 2048w\" sizes=\"(max-width: 1024px) 100vw, 1024px\" \/><\/figure><\/li><li class=\"blocks-gallery-item\"><figure><img loading=\"lazy\" decoding=\"async\" width=\"1024\" height=\"683\" src=\"https:\/\/marekkuchcinski.pl\/wp-content\/uploads\/2019\/05\/IMG_0900-1024x683.jpg\" alt=\"\" data-id=\"15357\" data-link=\"https:\/\/marekkuchcinski.pl\/?attachment_id=15357\" class=\"wp-image-15357\" srcset=\"https:\/\/marekkuchcinski.pl\/wp-content\/uploads\/2019\/05\/IMG_0900-1024x683.jpg 1024w, https:\/\/marekkuchcinski.pl\/wp-content\/uploads\/2019\/05\/IMG_0900-300x200.jpg 300w, https:\/\/marekkuchcinski.pl\/wp-content\/uploads\/2019\/05\/IMG_0900-768x512.jpg 768w, https:\/\/marekkuchcinski.pl\/wp-content\/uploads\/2019\/05\/IMG_0900.jpg 2048w\" sizes=\"(max-width: 1024px) 100vw, 1024px\" \/><\/figure><\/li><li class=\"blocks-gallery-item\"><figure><img loading=\"lazy\" decoding=\"async\" width=\"1024\" height=\"683\" src=\"https:\/\/marekkuchcinski.pl\/wp-content\/uploads\/2019\/05\/IMG_0811-1024x683.jpg\" alt=\"\" data-id=\"15358\" data-link=\"https:\/\/marekkuchcinski.pl\/?attachment_id=15358\" class=\"wp-image-15358\" srcset=\"https:\/\/marekkuchcinski.pl\/wp-content\/uploads\/2019\/05\/IMG_0811-1024x683.jpg 1024w, https:\/\/marekkuchcinski.pl\/wp-content\/uploads\/2019\/05\/IMG_0811-300x200.jpg 300w, https:\/\/marekkuchcinski.pl\/wp-content\/uploads\/2019\/05\/IMG_0811-768x512.jpg 768w, https:\/\/marekkuchcinski.pl\/wp-content\/uploads\/2019\/05\/IMG_0811.jpg 2048w\" sizes=\"(max-width: 1024px) 100vw, 1024px\" \/><\/figure><\/li><li class=\"blocks-gallery-item\"><figure><img loading=\"lazy\" decoding=\"async\" width=\"1024\" height=\"683\" src=\"https:\/\/marekkuchcinski.pl\/wp-content\/uploads\/2019\/05\/IMG_0810-1024x683.jpg\" alt=\"\" data-id=\"15359\" data-link=\"https:\/\/marekkuchcinski.pl\/?attachment_id=15359\" class=\"wp-image-15359\" srcset=\"https:\/\/marekkuchcinski.pl\/wp-content\/uploads\/2019\/05\/IMG_0810-1024x683.jpg 1024w, https:\/\/marekkuchcinski.pl\/wp-content\/uploads\/2019\/05\/IMG_0810-300x200.jpg 300w, https:\/\/marekkuchcinski.pl\/wp-content\/uploads\/2019\/05\/IMG_0810-768x512.jpg 768w, https:\/\/marekkuchcinski.pl\/wp-content\/uploads\/2019\/05\/IMG_0810.jpg 2048w\" sizes=\"(max-width: 1024px) 100vw, 1024px\" \/><\/figure><\/li><li class=\"blocks-gallery-item\"><figure><img loading=\"lazy\" decoding=\"async\" width=\"1024\" height=\"694\" src=\"https:\/\/marekkuchcinski.pl\/wp-content\/uploads\/2019\/05\/IMG_0808-1024x694.jpg\" alt=\"\" data-id=\"15360\" data-link=\"https:\/\/marekkuchcinski.pl\/?attachment_id=15360\" class=\"wp-image-15360\" srcset=\"https:\/\/marekkuchcinski.pl\/wp-content\/uploads\/2019\/05\/IMG_0808-1024x694.jpg 1024w, https:\/\/marekkuchcinski.pl\/wp-content\/uploads\/2019\/05\/IMG_0808-300x203.jpg 300w, https:\/\/marekkuchcinski.pl\/wp-content\/uploads\/2019\/05\/IMG_0808-768x521.jpg 768w, https:\/\/marekkuchcinski.pl\/wp-content\/uploads\/2019\/05\/IMG_0808.jpg 2048w\" sizes=\"(max-width: 1024px) 100vw, 1024px\" \/><\/figure><\/li><li class=\"blocks-gallery-item\"><figure><img loading=\"lazy\" decoding=\"async\" width=\"1024\" height=\"723\" src=\"https:\/\/marekkuchcinski.pl\/wp-content\/uploads\/2019\/05\/IMG_0792-1024x723.jpg\" alt=\"\" data-id=\"15363\" data-link=\"https:\/\/marekkuchcinski.pl\/?attachment_id=15363\" class=\"wp-image-15363\" srcset=\"https:\/\/marekkuchcinski.pl\/wp-content\/uploads\/2019\/05\/IMG_0792-1024x723.jpg 1024w, https:\/\/marekkuchcinski.pl\/wp-content\/uploads\/2019\/05\/IMG_0792-300x212.jpg 300w, https:\/\/marekkuchcinski.pl\/wp-content\/uploads\/2019\/05\/IMG_0792-768x542.jpg 768w, https:\/\/marekkuchcinski.pl\/wp-content\/uploads\/2019\/05\/IMG_0792.jpg 2048w\" sizes=\"(max-width: 1024px) 100vw, 1024px\" \/><\/figure><\/li><li class=\"blocks-gallery-item\"><figure><img loading=\"lazy\" decoding=\"async\" width=\"1024\" height=\"683\" src=\"https:\/\/marekkuchcinski.pl\/wp-content\/uploads\/2019\/05\/IMG_0767-1024x683.jpg\" alt=\"\" data-id=\"15365\" data-link=\"https:\/\/marekkuchcinski.pl\/?attachment_id=15365\" class=\"wp-image-15365\" srcset=\"https:\/\/marekkuchcinski.pl\/wp-content\/uploads\/2019\/05\/IMG_0767-1024x683.jpg 1024w, https:\/\/marekkuchcinski.pl\/wp-content\/uploads\/2019\/05\/IMG_0767-300x200.jpg 300w, https:\/\/marekkuchcinski.pl\/wp-content\/uploads\/2019\/05\/IMG_0767-768x512.jpg 768w, https:\/\/marekkuchcinski.pl\/wp-content\/uploads\/2019\/05\/IMG_0767.jpg 2048w\" sizes=\"(max-width: 1024px) 100vw, 1024px\" \/><\/figure><\/li><li class=\"blocks-gallery-item\"><figure><img loading=\"lazy\" decoding=\"async\" width=\"1024\" height=\"683\" src=\"https:\/\/marekkuchcinski.pl\/wp-content\/uploads\/2019\/05\/IMG_0758-1024x683.jpg\" alt=\"\" data-id=\"15366\" data-link=\"https:\/\/marekkuchcinski.pl\/?attachment_id=15366\" class=\"wp-image-15366\" srcset=\"https:\/\/marekkuchcinski.pl\/wp-content\/uploads\/2019\/05\/IMG_0758-1024x683.jpg 1024w, https:\/\/marekkuchcinski.pl\/wp-content\/uploads\/2019\/05\/IMG_0758-300x200.jpg 300w, https:\/\/marekkuchcinski.pl\/wp-content\/uploads\/2019\/05\/IMG_0758-768x512.jpg 768w, https:\/\/marekkuchcinski.pl\/wp-content\/uploads\/2019\/05\/IMG_0758.jpg 2048w\" sizes=\"(max-width: 1024px) 100vw, 1024px\" \/><\/figure><\/li><li class=\"blocks-gallery-item\"><figure><img loading=\"lazy\" decoding=\"async\" width=\"1024\" height=\"683\" src=\"https:\/\/marekkuchcinski.pl\/wp-content\/uploads\/2019\/05\/IMG_0748-1024x683.jpg\" alt=\"\" data-id=\"15367\" data-link=\"https:\/\/marekkuchcinski.pl\/?attachment_id=15367\" class=\"wp-image-15367\" srcset=\"https:\/\/marekkuchcinski.pl\/wp-content\/uploads\/2019\/05\/IMG_0748-1024x683.jpg 1024w, https:\/\/marekkuchcinski.pl\/wp-content\/uploads\/2019\/05\/IMG_0748-300x200.jpg 300w, https:\/\/marekkuchcinski.pl\/wp-content\/uploads\/2019\/05\/IMG_0748-768x512.jpg 768w, https:\/\/marekkuchcinski.pl\/wp-content\/uploads\/2019\/05\/IMG_0748.jpg 2048w\" sizes=\"(max-width: 1024px) 100vw, 1024px\" \/><\/figure><\/li><li class=\"blocks-gallery-item\"><figure><img loading=\"lazy\" decoding=\"async\" width=\"1024\" height=\"683\" src=\"https:\/\/marekkuchcinski.pl\/wp-content\/uploads\/2019\/05\/IMG_0742-1024x683.jpg\" alt=\"\" data-id=\"15368\" data-link=\"https:\/\/marekkuchcinski.pl\/?attachment_id=15368\" class=\"wp-image-15368\" srcset=\"https:\/\/marekkuchcinski.pl\/wp-content\/uploads\/2019\/05\/IMG_0742-1024x683.jpg 1024w, https:\/\/marekkuchcinski.pl\/wp-content\/uploads\/2019\/05\/IMG_0742-300x200.jpg 300w, https:\/\/marekkuchcinski.pl\/wp-content\/uploads\/2019\/05\/IMG_0742-768x512.jpg 768w, https:\/\/marekkuchcinski.pl\/wp-content\/uploads\/2019\/05\/IMG_0742.jpg 2048w\" sizes=\"(max-width: 1024px) 100vw, 1024px\" \/><\/figure><\/li><li class=\"blocks-gallery-item\"><figure><img loading=\"lazy\" decoding=\"async\" width=\"1024\" height=\"683\" src=\"https:\/\/marekkuchcinski.pl\/wp-content\/uploads\/2019\/05\/IMG_0724-1024x683.jpg\" alt=\"\" data-id=\"15370\" data-link=\"https:\/\/marekkuchcinski.pl\/?attachment_id=15370\" class=\"wp-image-15370\" srcset=\"https:\/\/marekkuchcinski.pl\/wp-content\/uploads\/2019\/05\/IMG_0724-1024x683.jpg 1024w, https:\/\/marekkuchcinski.pl\/wp-content\/uploads\/2019\/05\/IMG_0724-300x200.jpg 300w, https:\/\/marekkuchcinski.pl\/wp-content\/uploads\/2019\/05\/IMG_0724-768x512.jpg 768w, https:\/\/marekkuchcinski.pl\/wp-content\/uploads\/2019\/05\/IMG_0724.jpg 2048w\" sizes=\"(max-width: 1024px) 100vw, 1024px\" \/><\/figure><\/li><li class=\"blocks-gallery-item\"><figure><img loading=\"lazy\" decoding=\"async\" width=\"1024\" height=\"683\" src=\"https:\/\/marekkuchcinski.pl\/wp-content\/uploads\/2019\/05\/IMG_0667-1024x683.jpg\" alt=\"\" data-id=\"15372\" data-link=\"https:\/\/marekkuchcinski.pl\/?attachment_id=15372\" class=\"wp-image-15372\" srcset=\"https:\/\/marekkuchcinski.pl\/wp-content\/uploads\/2019\/05\/IMG_0667-1024x683.jpg 1024w, https:\/\/marekkuchcinski.pl\/wp-content\/uploads\/2019\/05\/IMG_0667-300x200.jpg 300w, https:\/\/marekkuchcinski.pl\/wp-content\/uploads\/2019\/05\/IMG_0667-768x512.jpg 768w, https:\/\/marekkuchcinski.pl\/wp-content\/uploads\/2019\/05\/IMG_0667.jpg 2048w\" sizes=\"(max-width: 1024px) 100vw, 1024px\" \/><\/figure><\/li><li class=\"blocks-gallery-item\"><figure><img loading=\"lazy\" decoding=\"async\" width=\"1024\" height=\"742\" src=\"https:\/\/marekkuchcinski.pl\/wp-content\/uploads\/2019\/05\/IMG_0630-1024x742.jpg\" alt=\"\" data-id=\"15373\" data-link=\"https:\/\/marekkuchcinski.pl\/?attachment_id=15373\" class=\"wp-image-15373\" srcset=\"https:\/\/marekkuchcinski.pl\/wp-content\/uploads\/2019\/05\/IMG_0630-1024x742.jpg 1024w, https:\/\/marekkuchcinski.pl\/wp-content\/uploads\/2019\/05\/IMG_0630-300x217.jpg 300w, https:\/\/marekkuchcinski.pl\/wp-content\/uploads\/2019\/05\/IMG_0630-768x557.jpg 768w, https:\/\/marekkuchcinski.pl\/wp-content\/uploads\/2019\/05\/IMG_0630.jpg 2048w\" sizes=\"(max-width: 1024px) 100vw, 1024px\" \/><\/figure><\/li><li class=\"blocks-gallery-item\"><figure><img loading=\"lazy\" decoding=\"async\" width=\"1024\" height=\"666\" src=\"https:\/\/marekkuchcinski.pl\/wp-content\/uploads\/2019\/05\/IMG_0664-1024x666.jpg\" alt=\"\" data-id=\"15374\" data-link=\"https:\/\/marekkuchcinski.pl\/?attachment_id=15374\" class=\"wp-image-15374\" srcset=\"https:\/\/marekkuchcinski.pl\/wp-content\/uploads\/2019\/05\/IMG_0664-1024x666.jpg 1024w, https:\/\/marekkuchcinski.pl\/wp-content\/uploads\/2019\/05\/IMG_0664-300x195.jpg 300w, https:\/\/marekkuchcinski.pl\/wp-content\/uploads\/2019\/05\/IMG_0664-768x500.jpg 768w, https:\/\/marekkuchcinski.pl\/wp-content\/uploads\/2019\/05\/IMG_0664.jpg 2048w\" sizes=\"(max-width: 1024px) 100vw, 1024px\" \/><\/figure><\/li><li class=\"blocks-gallery-item\"><figure><img loading=\"lazy\" decoding=\"async\" width=\"1024\" height=\"683\" src=\"https:\/\/marekkuchcinski.pl\/wp-content\/uploads\/2019\/05\/IMG_0619-1024x683.jpg\" alt=\"\" data-id=\"15375\" data-link=\"https:\/\/marekkuchcinski.pl\/?attachment_id=15375\" class=\"wp-image-15375\" srcset=\"https:\/\/marekkuchcinski.pl\/wp-content\/uploads\/2019\/05\/IMG_0619-1024x683.jpg 1024w, https:\/\/marekkuchcinski.pl\/wp-content\/uploads\/2019\/05\/IMG_0619-300x200.jpg 300w, https:\/\/marekkuchcinski.pl\/wp-content\/uploads\/2019\/05\/IMG_0619-768x512.jpg 768w, https:\/\/marekkuchcinski.pl\/wp-content\/uploads\/2019\/05\/IMG_0619.jpg 2048w\" sizes=\"(max-width: 1024px) 100vw, 1024px\" \/><\/figure><\/li><li class=\"blocks-gallery-item\"><figure><img loading=\"lazy\" decoding=\"async\" width=\"1024\" height=\"683\" src=\"https:\/\/marekkuchcinski.pl\/wp-content\/uploads\/2019\/05\/IMG_0597-1024x683.jpg\" alt=\"\" data-id=\"15378\" data-link=\"https:\/\/marekkuchcinski.pl\/?attachment_id=15378\" class=\"wp-image-15378\" srcset=\"https:\/\/marekkuchcinski.pl\/wp-content\/uploads\/2019\/05\/IMG_0597-1024x683.jpg 1024w, https:\/\/marekkuchcinski.pl\/wp-content\/uploads\/2019\/05\/IMG_0597-300x200.jpg 300w, https:\/\/marekkuchcinski.pl\/wp-content\/uploads\/2019\/05\/IMG_0597-768x512.jpg 768w, https:\/\/marekkuchcinski.pl\/wp-content\/uploads\/2019\/05\/IMG_0597.jpg 2048w\" sizes=\"(max-width: 1024px) 100vw, 1024px\" \/><\/figure><\/li><\/ul>\n\n\n\n<figure class=\"wp-block-image\"><img loading=\"lazy\" decoding=\"async\" width=\"1024\" height=\"683\" src=\"https:\/\/marekkuchcinski.pl\/wp-content\/uploads\/2019\/05\/IMG_0801-1024x683.jpg\" alt=\"\" class=\"wp-image-15528\" srcset=\"https:\/\/marekkuchcinski.pl\/wp-content\/uploads\/2019\/05\/IMG_0801-1024x683.jpg 1024w, https:\/\/marekkuchcinski.pl\/wp-content\/uploads\/2019\/05\/IMG_0801-300x200.jpg 300w, https:\/\/marekkuchcinski.pl\/wp-content\/uploads\/2019\/05\/IMG_0801-768x512.jpg 768w, https:\/\/marekkuchcinski.pl\/wp-content\/uploads\/2019\/05\/IMG_0801.jpg 2048w\" sizes=\"(max-width: 1024px) 100vw, 1024px\" \/><\/figure>\n\n\n\n<figure class=\"wp-block-image\"><img loading=\"lazy\" decoding=\"async\" width=\"1024\" height=\"683\" src=\"https:\/\/marekkuchcinski.pl\/wp-content\/uploads\/2019\/05\/IMG_0990-1024x683.jpg\" alt=\"\" class=\"wp-image-15389\" srcset=\"https:\/\/marekkuchcinski.pl\/wp-content\/uploads\/2019\/05\/IMG_0990-1024x683.jpg 1024w, https:\/\/marekkuchcinski.pl\/wp-content\/uploads\/2019\/05\/IMG_0990-300x200.jpg 300w, https:\/\/marekkuchcinski.pl\/wp-content\/uploads\/2019\/05\/IMG_0990-768x512.jpg 768w, https:\/\/marekkuchcinski.pl\/wp-content\/uploads\/2019\/05\/IMG_0990.jpg 2048w\" sizes=\"(max-width: 1024px) 100vw, 1024px\" \/><\/figure>\n\n\n\n<figure class=\"wp-block-image\"><img loading=\"lazy\" decoding=\"async\" width=\"1024\" height=\"683\" src=\"https:\/\/marekkuchcinski.pl\/wp-content\/uploads\/2019\/05\/IMG_1047-1024x683.jpg\" alt=\"\" class=\"wp-image-15390\" srcset=\"https:\/\/marekkuchcinski.pl\/wp-content\/uploads\/2019\/05\/IMG_1047-1024x683.jpg 1024w, https:\/\/marekkuchcinski.pl\/wp-content\/uploads\/2019\/05\/IMG_1047-300x200.jpg 300w, https:\/\/marekkuchcinski.pl\/wp-content\/uploads\/2019\/05\/IMG_1047-768x512.jpg 768w, https:\/\/marekkuchcinski.pl\/wp-content\/uploads\/2019\/05\/IMG_1047.jpg 2048w\" sizes=\"(max-width: 1024px) 100vw, 1024px\" \/><\/figure>\n\n\n\n<figure class=\"wp-block-image\"><img loading=\"lazy\" decoding=\"async\" width=\"1024\" height=\"683\" src=\"https:\/\/marekkuchcinski.pl\/wp-content\/uploads\/2019\/05\/IMG_1193-1024x683.jpg\" alt=\"\" class=\"wp-image-15391\" srcset=\"https:\/\/marekkuchcinski.pl\/wp-content\/uploads\/2019\/05\/IMG_1193-1024x683.jpg 1024w, https:\/\/marekkuchcinski.pl\/wp-content\/uploads\/2019\/05\/IMG_1193-300x200.jpg 300w, https:\/\/marekkuchcinski.pl\/wp-content\/uploads\/2019\/05\/IMG_1193-768x512.jpg 768w, https:\/\/marekkuchcinski.pl\/wp-content\/uploads\/2019\/05\/IMG_1193.jpg 2048w\" sizes=\"(max-width: 1024px) 100vw, 1024px\" \/><\/figure>\n\n\n\n<figure class=\"wp-block-image\"><img loading=\"lazy\" decoding=\"async\" width=\"1024\" height=\"683\" src=\"https:\/\/marekkuchcinski.pl\/wp-content\/uploads\/2019\/05\/IMG_0662-1024x683.jpg\" alt=\"\" class=\"wp-image-15418\" srcset=\"https:\/\/marekkuchcinski.pl\/wp-content\/uploads\/2019\/05\/IMG_0662-1024x683.jpg 1024w, https:\/\/marekkuchcinski.pl\/wp-content\/uploads\/2019\/05\/IMG_0662-300x200.jpg 300w, https:\/\/marekkuchcinski.pl\/wp-content\/uploads\/2019\/05\/IMG_0662-768x512.jpg 768w, https:\/\/marekkuchcinski.pl\/wp-content\/uploads\/2019\/05\/IMG_0662.jpg 2048w\" sizes=\"(max-width: 1024px) 100vw, 1024px\" \/><\/figure>\n\n\n\n<figure class=\"wp-block-image\"><img loading=\"lazy\" decoding=\"async\" width=\"1024\" height=\"683\" src=\"https:\/\/marekkuchcinski.pl\/wp-content\/uploads\/2019\/05\/IMG_1130-1024x683.jpg\" alt=\"\" class=\"wp-image-15440\" srcset=\"https:\/\/marekkuchcinski.pl\/wp-content\/uploads\/2019\/05\/IMG_1130-1024x683.jpg 1024w, https:\/\/marekkuchcinski.pl\/wp-content\/uploads\/2019\/05\/IMG_1130-300x200.jpg 300w, https:\/\/marekkuchcinski.pl\/wp-content\/uploads\/2019\/05\/IMG_1130-768x512.jpg 768w, https:\/\/marekkuchcinski.pl\/wp-content\/uploads\/2019\/05\/IMG_1130.jpg 2048w\" sizes=\"(max-width: 1024px) 100vw, 1024px\" \/><\/figure>\n\n\n\n<figure class=\"wp-block-image\"><img loading=\"lazy\" decoding=\"async\" width=\"1024\" height=\"683\" src=\"https:\/\/marekkuchcinski.pl\/wp-content\/uploads\/2019\/05\/IMG_0590-1024x683.jpg\" alt=\"\" class=\"wp-image-15464\" srcset=\"https:\/\/marekkuchcinski.pl\/wp-content\/uploads\/2019\/05\/IMG_0590-1024x683.jpg 1024w, https:\/\/marekkuchcinski.pl\/wp-content\/uploads\/2019\/05\/IMG_0590-300x200.jpg 300w, https:\/\/marekkuchcinski.pl\/wp-content\/uploads\/2019\/05\/IMG_0590-768x512.jpg 768w, https:\/\/marekkuchcinski.pl\/wp-content\/uploads\/2019\/05\/IMG_0590.jpg 2048w\" sizes=\"(max-width: 1024px) 100vw, 1024px\" \/><\/figure>","protected":false},"excerpt":{"rendered":"<p>12 maja o godzinie 11.00 w sanktuarium w Kalwarii Pac\u0142awskiej k. Przemy\u015bla marsza\u0142ek Sejmu Marek Kuchci\u0144ski wzi\u0105\u0142 udzia\u0142 w Mszy \u015awi\u0119tej, a nast\u0119pnie w uroczysto\u015bci po\u015bwi\u0119cenia i ods\u0142oni\u0119cia Alei D\u0119b\u00f3w Pami\u0119ci Kapelan\u00f3w Wojska Polskiego zamordowanych w 1940 r. przez NKWD. \u2013 Bierzemy udzia\u0142 w niezwyk\u0142ej, bardzo symbolicznej uroczysto\u015bci. Tak, jak stoimy w miejscu symbolicznym \u2013 [&hellip;]<\/p>","protected":false},"author":6,"featured_media":15345,"comment_status":"open","ping_status":"open","sticky":false,"template":"","format":"standard","meta":{"ngg_post_thumbnail":0,"footnotes":""},"categories":[49,3],"tags":[],"class_list":["post-15330","post","type-post","status-publish","format-standard","has-post-thumbnail","hentry","category-podkarpacie","category-wydarzenia"],"yoast_head":"<!-- This site is optimized with the Yoast SEO plugin v24.7 - https:\/\/yoast.com\/wordpress\/plugins\/seo\/ -->\n<title>Marek Kuchci\u0144ski ods\u0142oni\u0142 Alej\u0119 D\u0119b\u00f3w Pami\u0119ci Kapelan\u00f3w Katy\u0144skich w Kalwarii Pac\u0142awskiej &#8211; Marek Kuchci\u0144ski<\/title>\n<meta name=\"robots\" content=\"index, follow, max-snippet:-1, max-image-preview:large, max-video-preview:-1\" \/>\n<link rel=\"canonical\" href=\"https:\/\/marekkuchcinski.pl\/hu\/wydarzenia\/marek-kuchcinski-odslonil-aleje-debow-kapelanow-katynskich\/\" \/>\n<meta property=\"og:locale\" content=\"hu_HU\" \/>\n<meta property=\"og:type\" content=\"article\" \/>\n<meta property=\"og:title\" content=\"Marek Kuchci\u0144ski ods\u0142oni\u0142 Alej\u0119 D\u0119b\u00f3w Pami\u0119ci Kapelan\u00f3w Katy\u0144skich w Kalwarii Pac\u0142awskiej &#8211; Marek Kuchci\u0144ski\" \/>\n<meta property=\"og:description\" content=\"12 maja o godzinie 11.00 w sanktuarium w Kalwarii Pac\u0142awskiej k. Przemy\u015bla marsza\u0142ek Sejmu Marek Kuchci\u0144ski wzi\u0105\u0142 udzia\u0142 w Mszy \u015awi\u0119tej, a nast\u0119pnie w uroczysto\u015bci po\u015bwi\u0119cenia i ods\u0142oni\u0119cia Alei D\u0119b\u00f3w Pami\u0119ci Kapelan\u00f3w Wojska Polskiego zamordowanych w 1940 r. przez NKWD. \u2013 Bierzemy udzia\u0142 w niezwyk\u0142ej, bardzo symbolicznej uroczysto\u015bci. Tak, jak stoimy w miejscu symbolicznym \u2013 [&hellip;]\" \/>\n<meta property=\"og:url\" content=\"https:\/\/marekkuchcinski.pl\/hu\/wydarzenia\/marek-kuchcinski-odslonil-aleje-debow-kapelanow-katynskich\/\" \/>\n<meta property=\"og:site_name\" content=\"Marek Kuchci\u0144ski\" \/>\n<meta property=\"article:published_time\" content=\"2019-05-12T16:05:12+00:00\" \/>\n<meta property=\"article:modified_time\" content=\"2019-05-14T19:01:01+00:00\" \/>\n<meta property=\"og:image\" content=\"https:\/\/marekkuchcinski.pl\/wp-content\/uploads\/2019\/05\/IMG_1105.jpg\" \/>\n\t<meta property=\"og:image:width\" content=\"2048\" \/>\n\t<meta property=\"og:image:height\" content=\"1358\" \/>\n\t<meta property=\"og:image:type\" content=\"image\/jpeg\" \/>\n<meta name=\"author\" content=\"admin\" \/>\n<meta name=\"twitter:card\" content=\"summary_large_image\" \/>\n<meta name=\"twitter:label1\" content=\"Szerz\u0151:\" \/>\n\t<meta name=\"twitter:data1\" content=\"admin\" \/>\n\t<meta name=\"twitter:label2\" content=\"Becs\u00fclt olvas\u00e1si id\u0151\" \/>\n\t<meta name=\"twitter:data2\" content=\"2 perc\" \/>\n<script type=\"application\/ld+json\" class=\"yoast-schema-graph\">{\"@context\":\"https:\/\/schema.org\",\"@graph\":[{\"@type\":\"Article\",\"@id\":\"https:\/\/marekkuchcinski.pl\/cs\/wydarzenia\/marek-kuchcinski-odslonil-aleje-debow-kapelanow-katynskich\/#article\",\"isPartOf\":{\"@id\":\"https:\/\/marekkuchcinski.pl\/cs\/wydarzenia\/marek-kuchcinski-odslonil-aleje-debow-kapelanow-katynskich\/\"},\"author\":{\"name\":\"admin\",\"@id\":\"https:\/\/marekkuchcinski.pl\/#\/schema\/person\/6f62700996b4d950b6ea2d1183b6c6be\"},\"headline\":\"Marek Kuchci\u0144ski ods\u0142oni\u0142 Alej\u0119 D\u0119b\u00f3w Pami\u0119ci Kapelan\u00f3w Katy\u0144skich w Kalwarii Pac\u0142awskiej\",\"datePublished\":\"2019-05-12T16:05:12+00:00\",\"dateModified\":\"2019-05-14T19:01:01+00:00\",\"mainEntityOfPage\":{\"@id\":\"https:\/\/marekkuchcinski.pl\/cs\/wydarzenia\/marek-kuchcinski-odslonil-aleje-debow-kapelanow-katynskich\/\"},\"wordCount\":416,\"commentCount\":0,\"publisher\":{\"@id\":\"https:\/\/marekkuchcinski.pl\/#organization\"},\"image\":{\"@id\":\"https:\/\/marekkuchcinski.pl\/cs\/wydarzenia\/marek-kuchcinski-odslonil-aleje-debow-kapelanow-katynskich\/#primaryimage\"},\"thumbnailUrl\":\"https:\/\/marekkuchcinski.pl\/wp-content\/uploads\/2019\/05\/IMG_1105.jpg\",\"articleSection\":[\"Podkarpacie\",\"Wydarzenia\"],\"inLanguage\":\"hu\",\"potentialAction\":[{\"@type\":\"CommentAction\",\"name\":\"Comment\",\"target\":[\"https:\/\/marekkuchcinski.pl\/cs\/wydarzenia\/marek-kuchcinski-odslonil-aleje-debow-kapelanow-katynskich\/#respond\"]}]},{\"@type\":\"WebPage\",\"@id\":\"https:\/\/marekkuchcinski.pl\/cs\/wydarzenia\/marek-kuchcinski-odslonil-aleje-debow-kapelanow-katynskich\/\",\"url\":\"https:\/\/marekkuchcinski.pl\/cs\/wydarzenia\/marek-kuchcinski-odslonil-aleje-debow-kapelanow-katynskich\/\",\"name\":\"Marek Kuchci\u0144ski ods\u0142oni\u0142 Alej\u0119 D\u0119b\u00f3w Pami\u0119ci Kapelan\u00f3w Katy\u0144skich w Kalwarii Pac\u0142awskiej &#8211; Marek Kuchci\u0144ski\",\"isPartOf\":{\"@id\":\"https:\/\/marekkuchcinski.pl\/#website\"},\"primaryImageOfPage\":{\"@id\":\"https:\/\/marekkuchcinski.pl\/cs\/wydarzenia\/marek-kuchcinski-odslonil-aleje-debow-kapelanow-katynskich\/#primaryimage\"},\"image\":{\"@id\":\"https:\/\/marekkuchcinski.pl\/cs\/wydarzenia\/marek-kuchcinski-odslonil-aleje-debow-kapelanow-katynskich\/#primaryimage\"},\"thumbnailUrl\":\"https:\/\/marekkuchcinski.pl\/wp-content\/uploads\/2019\/05\/IMG_1105.jpg\",\"datePublished\":\"2019-05-12T16:05:12+00:00\",\"dateModified\":\"2019-05-14T19:01:01+00:00\",\"breadcrumb\":{\"@id\":\"https:\/\/marekkuchcinski.pl\/cs\/wydarzenia\/marek-kuchcinski-odslonil-aleje-debow-kapelanow-katynskich\/#breadcrumb\"},\"inLanguage\":\"hu\",\"potentialAction\":[{\"@type\":\"ReadAction\",\"target\":[\"https:\/\/marekkuchcinski.pl\/cs\/wydarzenia\/marek-kuchcinski-odslonil-aleje-debow-kapelanow-katynskich\/\"]}]},{\"@type\":\"ImageObject\",\"inLanguage\":\"hu\",\"@id\":\"https:\/\/marekkuchcinski.pl\/cs\/wydarzenia\/marek-kuchcinski-odslonil-aleje-debow-kapelanow-katynskich\/#primaryimage\",\"url\":\"https:\/\/marekkuchcinski.pl\/wp-content\/uploads\/2019\/05\/IMG_1105.jpg\",\"contentUrl\":\"https:\/\/marekkuchcinski.pl\/wp-content\/uploads\/2019\/05\/IMG_1105.jpg\",\"width\":2048,\"height\":1358},{\"@type\":\"BreadcrumbList\",\"@id\":\"https:\/\/marekkuchcinski.pl\/cs\/wydarzenia\/marek-kuchcinski-odslonil-aleje-debow-kapelanow-katynskich\/#breadcrumb\",\"itemListElement\":[{\"@type\":\"ListItem\",\"position\":1,\"name\":\"Strona g\u0142\u00f3wna\",\"item\":\"https:\/\/marekkuchcinski.pl\/\"},{\"@type\":\"ListItem\",\"position\":2,\"name\":\"Marek Kuchci\u0144ski ods\u0142oni\u0142 Alej\u0119 D\u0119b\u00f3w Pami\u0119ci Kapelan\u00f3w Katy\u0144skich w Kalwarii Pac\u0142awskiej\"}]},{\"@type\":\"WebSite\",\"@id\":\"https:\/\/marekkuchcinski.pl\/#website\",\"url\":\"https:\/\/marekkuchcinski.pl\/\",\"name\":\"Marek Kuchci\u0144ski\",\"description\":\"Pose\u0142 na sejm RP &ndash; okr\u0119g nr 22\",\"publisher\":{\"@id\":\"https:\/\/marekkuchcinski.pl\/#organization\"},\"potentialAction\":[{\"@type\":\"SearchAction\",\"target\":{\"@type\":\"EntryPoint\",\"urlTemplate\":\"https:\/\/marekkuchcinski.pl\/?s={search_term_string}\"},\"query-input\":{\"@type\":\"PropertyValueSpecification\",\"valueRequired\":true,\"valueName\":\"search_term_string\"}}],\"inLanguage\":\"hu\"},{\"@type\":\"Organization\",\"@id\":\"https:\/\/marekkuchcinski.pl\/#organization\",\"name\":\"Marek Kuchci\u0144ski\",\"url\":\"https:\/\/marekkuchcinski.pl\/\",\"logo\":{\"@type\":\"ImageObject\",\"inLanguage\":\"hu\",\"@id\":\"https:\/\/marekkuchcinski.pl\/#\/schema\/logo\/image\/\",\"url\":\"https:\/\/marekkuchcinski.pl\/wp-content\/uploads\/2022\/09\/Marek.jpg\",\"contentUrl\":\"https:\/\/marekkuchcinski.pl\/wp-content\/uploads\/2022\/09\/Marek.jpg\",\"width\":1600,\"height\":971,\"caption\":\"Marek Kuchci\u0144ski\"},\"image\":{\"@id\":\"https:\/\/marekkuchcinski.pl\/#\/schema\/logo\/image\/\"}},{\"@type\":\"Person\",\"@id\":\"https:\/\/marekkuchcinski.pl\/#\/schema\/person\/6f62700996b4d950b6ea2d1183b6c6be\",\"name\":\"admin\",\"image\":{\"@type\":\"ImageObject\",\"inLanguage\":\"hu\",\"@id\":\"https:\/\/marekkuchcinski.pl\/#\/schema\/person\/image\/\",\"url\":\"https:\/\/secure.gravatar.com\/avatar\/4bab693b9d55c3d6b52c0296a8765085?s=96&d=mm&r=g\",\"contentUrl\":\"https:\/\/secure.gravatar.com\/avatar\/4bab693b9d55c3d6b52c0296a8765085?s=96&d=mm&r=g\",\"caption\":\"admin\"},\"url\":\"https:\/\/marekkuchcinski.pl\/hu\/author\/marta-olejnik\/\"}]}<\/script>\n<!-- \/ Yoast SEO plugin. -->","yoast_head_json":{"title":"Marek Kuchci\u0144ski ods\u0142oni\u0142 Alej\u0119 D\u0119b\u00f3w Pami\u0119ci Kapelan\u00f3w Katy\u0144skich w Kalwarii Pac\u0142awskiej &#8211; Marek Kuchci\u0144ski","robots":{"index":"index","follow":"follow","max-snippet":"max-snippet:-1","max-image-preview":"max-image-preview:large","max-video-preview":"max-video-preview:-1"},"canonical":"https:\/\/marekkuchcinski.pl\/hu\/wydarzenia\/marek-kuchcinski-odslonil-aleje-debow-kapelanow-katynskich\/","og_locale":"hu_HU","og_type":"article","og_title":"Marek Kuchci\u0144ski ods\u0142oni\u0142 Alej\u0119 D\u0119b\u00f3w Pami\u0119ci Kapelan\u00f3w Katy\u0144skich w Kalwarii Pac\u0142awskiej &#8211; Marek Kuchci\u0144ski","og_description":"12 maja o godzinie 11.00 w sanktuarium w Kalwarii Pac\u0142awskiej k. Przemy\u015bla marsza\u0142ek Sejmu Marek Kuchci\u0144ski wzi\u0105\u0142 udzia\u0142 w Mszy \u015awi\u0119tej, a nast\u0119pnie w uroczysto\u015bci po\u015bwi\u0119cenia i ods\u0142oni\u0119cia Alei D\u0119b\u00f3w Pami\u0119ci Kapelan\u00f3w Wojska Polskiego zamordowanych w 1940 r. przez NKWD. \u2013 Bierzemy udzia\u0142 w niezwyk\u0142ej, bardzo symbolicznej uroczysto\u015bci. Tak, jak stoimy w miejscu symbolicznym \u2013 [&hellip;]","og_url":"https:\/\/marekkuchcinski.pl\/hu\/wydarzenia\/marek-kuchcinski-odslonil-aleje-debow-kapelanow-katynskich\/","og_site_name":"Marek Kuchci\u0144ski","article_published_time":"2019-05-12T16:05:12+00:00","article_modified_time":"2019-05-14T19:01:01+00:00","og_image":[{"width":2048,"height":1358,"url":"https:\/\/marekkuchcinski.pl\/wp-content\/uploads\/2019\/05\/IMG_1105.jpg","type":"image\/jpeg"}],"author":"admin","twitter_card":"summary_large_image","twitter_misc":{"Szerz\u0151:":"admin","Becs\u00fclt olvas\u00e1si id\u0151":"2 perc"},"schema":{"@context":"https:\/\/schema.org","@graph":[{"@type":"Article","@id":"https:\/\/marekkuchcinski.pl\/cs\/wydarzenia\/marek-kuchcinski-odslonil-aleje-debow-kapelanow-katynskich\/#article","isPartOf":{"@id":"https:\/\/marekkuchcinski.pl\/cs\/wydarzenia\/marek-kuchcinski-odslonil-aleje-debow-kapelanow-katynskich\/"},"author":{"name":"admin","@id":"https:\/\/marekkuchcinski.pl\/#\/schema\/person\/6f62700996b4d950b6ea2d1183b6c6be"},"headline":"Marek Kuchci\u0144ski ods\u0142oni\u0142 Alej\u0119 D\u0119b\u00f3w Pami\u0119ci Kapelan\u00f3w Katy\u0144skich w Kalwarii Pac\u0142awskiej","datePublished":"2019-05-12T16:05:12+00:00","dateModified":"2019-05-14T19:01:01+00:00","mainEntityOfPage":{"@id":"https:\/\/marekkuchcinski.pl\/cs\/wydarzenia\/marek-kuchcinski-odslonil-aleje-debow-kapelanow-katynskich\/"},"wordCount":416,"commentCount":0,"publisher":{"@id":"https:\/\/marekkuchcinski.pl\/#organization"},"image":{"@id":"https:\/\/marekkuchcinski.pl\/cs\/wydarzenia\/marek-kuchcinski-odslonil-aleje-debow-kapelanow-katynskich\/#primaryimage"},"thumbnailUrl":"https:\/\/marekkuchcinski.pl\/wp-content\/uploads\/2019\/05\/IMG_1105.jpg","articleSection":["Podkarpacie","Wydarzenia"],"inLanguage":"hu","potentialAction":[{"@type":"CommentAction","name":"Comment","target":["https:\/\/marekkuchcinski.pl\/cs\/wydarzenia\/marek-kuchcinski-odslonil-aleje-debow-kapelanow-katynskich\/#respond"]}]},{"@type":"WebPage","@id":"https:\/\/marekkuchcinski.pl\/cs\/wydarzenia\/marek-kuchcinski-odslonil-aleje-debow-kapelanow-katynskich\/","url":"https:\/\/marekkuchcinski.pl\/cs\/wydarzenia\/marek-kuchcinski-odslonil-aleje-debow-kapelanow-katynskich\/","name":"Marek Kuchci\u0144ski ods\u0142oni\u0142 Alej\u0119 D\u0119b\u00f3w Pami\u0119ci Kapelan\u00f3w Katy\u0144skich w Kalwarii Pac\u0142awskiej &#8211; Marek Kuchci\u0144ski","isPartOf":{"@id":"https:\/\/marekkuchcinski.pl\/#website"},"primaryImageOfPage":{"@id":"https:\/\/marekkuchcinski.pl\/cs\/wydarzenia\/marek-kuchcinski-odslonil-aleje-debow-kapelanow-katynskich\/#primaryimage"},"image":{"@id":"https:\/\/marekkuchcinski.pl\/cs\/wydarzenia\/marek-kuchcinski-odslonil-aleje-debow-kapelanow-katynskich\/#primaryimage"},"thumbnailUrl":"https:\/\/marekkuchcinski.pl\/wp-content\/uploads\/2019\/05\/IMG_1105.jpg","datePublished":"2019-05-12T16:05:12+00:00","dateModified":"2019-05-14T19:01:01+00:00","breadcrumb":{"@id":"https:\/\/marekkuchcinski.pl\/cs\/wydarzenia\/marek-kuchcinski-odslonil-aleje-debow-kapelanow-katynskich\/#breadcrumb"},"inLanguage":"hu","potentialAction":[{"@type":"ReadAction","target":["https:\/\/marekkuchcinski.pl\/cs\/wydarzenia\/marek-kuchcinski-odslonil-aleje-debow-kapelanow-katynskich\/"]}]},{"@type":"ImageObject","inLanguage":"hu","@id":"https:\/\/marekkuchcinski.pl\/cs\/wydarzenia\/marek-kuchcinski-odslonil-aleje-debow-kapelanow-katynskich\/#primaryimage","url":"https:\/\/marekkuchcinski.pl\/wp-content\/uploads\/2019\/05\/IMG_1105.jpg","contentUrl":"https:\/\/marekkuchcinski.pl\/wp-content\/uploads\/2019\/05\/IMG_1105.jpg","width":2048,"height":1358},{"@type":"BreadcrumbList","@id":"https:\/\/marekkuchcinski.pl\/cs\/wydarzenia\/marek-kuchcinski-odslonil-aleje-debow-kapelanow-katynskich\/#breadcrumb","itemListElement":[{"@type":"ListItem","position":1,"name":"Strona g\u0142\u00f3wna","item":"https:\/\/marekkuchcinski.pl\/"},{"@type":"ListItem","position":2,"name":"Marek Kuchci\u0144ski ods\u0142oni\u0142 Alej\u0119 D\u0119b\u00f3w Pami\u0119ci Kapelan\u00f3w Katy\u0144skich w Kalwarii Pac\u0142awskiej"}]},{"@type":"WebSite","@id":"https:\/\/marekkuchcinski.pl\/#website","url":"https:\/\/marekkuchcinski.pl\/","name":"Marek Kuchci\u0144ski","description":"Pose\u0142 na sejm RP &ndash; okr\u0119g nr 22","publisher":{"@id":"https:\/\/marekkuchcinski.pl\/#organization"},"potentialAction":[{"@type":"SearchAction","target":{"@type":"EntryPoint","urlTemplate":"https:\/\/marekkuchcinski.pl\/?s={search_term_string}"},"query-input":{"@type":"PropertyValueSpecification","valueRequired":true,"valueName":"search_term_string"}}],"inLanguage":"hu"},{"@type":"Organization","@id":"https:\/\/marekkuchcinski.pl\/#organization","name":"Marek Kuchci\u0144ski","url":"https:\/\/marekkuchcinski.pl\/","logo":{"@type":"ImageObject","inLanguage":"hu","@id":"https:\/\/marekkuchcinski.pl\/#\/schema\/logo\/image\/","url":"https:\/\/marekkuchcinski.pl\/wp-content\/uploads\/2022\/09\/Marek.jpg","contentUrl":"https:\/\/marekkuchcinski.pl\/wp-content\/uploads\/2022\/09\/Marek.jpg","width":1600,"height":971,"caption":"Marek Kuchci\u0144ski"},"image":{"@id":"https:\/\/marekkuchcinski.pl\/#\/schema\/logo\/image\/"}},{"@type":"Person","@id":"https:\/\/marekkuchcinski.pl\/#\/schema\/person\/6f62700996b4d950b6ea2d1183b6c6be","name":"admin","image":{"@type":"ImageObject","inLanguage":"hu","@id":"https:\/\/marekkuchcinski.pl\/#\/schema\/person\/image\/","url":"https:\/\/secure.gravatar.com\/avatar\/4bab693b9d55c3d6b52c0296a8765085?s=96&d=mm&r=g","contentUrl":"https:\/\/secure.gravatar.com\/avatar\/4bab693b9d55c3d6b52c0296a8765085?s=96&d=mm&r=g","caption":"admin"},"url":"https:\/\/marekkuchcinski.pl\/hu\/author\/marta-olejnik\/"}]}},"_links":{"self":[{"href":"https:\/\/marekkuchcinski.pl\/hu\/wp-json\/wp\/v2\/posts\/15330","targetHints":{"allow":["GET"]}}],"collection":[{"href":"https:\/\/marekkuchcinski.pl\/hu\/wp-json\/wp\/v2\/posts"}],"about":[{"href":"https:\/\/marekkuchcinski.pl\/hu\/wp-json\/wp\/v2\/types\/post"}],"author":[{"embeddable":true,"href":"https:\/\/marekkuchcinski.pl\/hu\/wp-json\/wp\/v2\/users\/6"}],"replies":[{"embeddable":true,"href":"https:\/\/marekkuchcinski.pl\/hu\/wp-json\/wp\/v2\/comments?post=15330"}],"version-history":[{"count":13,"href":"https:\/\/marekkuchcinski.pl\/hu\/wp-json\/wp\/v2\/posts\/15330\/revisions"}],"predecessor-version":[{"id":15529,"href":"https:\/\/marekkuchcinski.pl\/hu\/wp-json\/wp\/v2\/posts\/15330\/revisions\/15529"}],"wp:featuredmedia":[{"embeddable":true,"href":"https:\/\/marekkuchcinski.pl\/hu\/wp-json\/wp\/v2\/media\/15345"}],"wp:attachment":[{"href":"https:\/\/marekkuchcinski.pl\/hu\/wp-json\/wp\/v2\/media?parent=15330"}],"wp:term":[{"taxonomy":"category","embeddable":true,"href":"https:\/\/marekkuchcinski.pl\/hu\/wp-json\/wp\/v2\/categories?post=15330"},{"taxonomy":"post_tag","embeddable":true,"href":"https:\/\/marekkuchcinski.pl\/hu\/wp-json\/wp\/v2\/tags?post=15330"}],"curies":[{"name":"wp","href":"https:\/\/api.w.org\/{rel}","templated":true}]}}