{"id":15306,"date":"2019-05-12T08:40:24","date_gmt":"2019-05-12T06:40:24","guid":{"rendered":"https:\/\/marekkuchcinski.pl\/?p=15306"},"modified":"2019-05-12T08:44:58","modified_gmt":"2019-05-12T06:44:58","slug":"15306","status":"publish","type":"post","link":"https:\/\/marekkuchcinski.pl\/hu\/wydarzenia\/15306\/","title":{"rendered":"Az 58. Zenei Fesztiv\u00e1l megnyit\u00f3ja \u0141a\u0144cutban"},"content":{"rendered":"<p>Az 58. \u0141a\u0144cut Zenei Fesztiv\u00e1l megnyit\u00f3j\u00e1n Marek Kuchci\u0144ski, a szejm eln\u00f6ke elmondta, hogy a zenei hagyom\u00e1nyok szinte a megalap\u00edt\u00e1sa \u00f3ta kapcsol\u00f3dnak a v\u00e1rhoz, amely t\u00f6rt\u00e9nelmi \u00f6r\u00f6ks\u00e9g\u00fcnk szimb\u00f3luma \u00e9s egyben a lengyel \u00e9p\u00edt\u00e9szet egyik kincse.  - \u00d6r\u00fcl\u00f6k, hogy ebben az egyed\u00fcl\u00e1ll\u00f3 l\u00e9gk\u00f6rben, amely lehet\u0151v\u00e9 teszi a hallgat\u00f3k sz\u00e1m\u00e1ra, hogy a m\u0171v\u00e9szi sz\u00e9ps\u00e9g kiv\u00e9teles vil\u00e1g\u00e1ba l\u00e9pjenek, a zenekedvel\u0151k figyelme olyan esem\u00e9nyekre ir\u00e1nyul, amelyeken a vil\u00e1gzenei irodalom kiemelked\u0151 szem\u00e9lyis\u00e9gei mutatj\u00e1k be a vil\u00e1gzenei irodalom remekm\u0171veit.  A magas sz\u00ednvonal \u00e9s a csod\u00e1latos k\u00f6rnyezet minden egyes koncertet egy\u00e9ni \u00fcnnepp\u00e9 tesz\" - hangs\u00falyozta. <\/p>\n\n\n\n<p>Marek Kuchci\u0144ski megjegyezte, hogy a fesztiv\u00e1l a zenei kult\u00fara terjeszt\u00e9s\u00e9ben j\u00e1tszott hatalmas szerep\u00e9vel hozz\u00e1j\u00e1rul a lengyel \u00e9s az eur\u00f3pai \u00f6r\u00f6ks\u00e9ghez. Ez egyben Podkarpacie gy\u00f6ny\u00f6r\u0171 kirakat\u00e1v\u00e1 is v\u00e1lik.<\/p>\n\n\n\n<p>A fesztiv\u00e1lt a \u0141a\u0144cut kast\u00e9lyban, Eur\u00f3pa egyik legszebb m\u00e1gn\u00e1s rezidenci\u00e1j\u00e1n rendezik meg imm\u00e1r 60 \u00e9ve. A hely zenei hagyom\u00e1nyai a 18. sz\u00e1zadig ny\u00falnak vissza. 1961-ben a Rzesz\u00f3wi \u00c1llami Filharm\u00f3nia j\u00f3volt\u00e1b\u00f3l \u00fajj\u00e1\u00e9ledtek. A fesztiv\u00e1l kiv\u00e1l\u00f3 hangszeres \u00e9nekeseket, sz\u00ednpadi szt\u00e1rokat, valamint neves zenekarok \u00e9s kamaraegy\u00fcttesek koncertjeit, tudom\u00e1nyos \u00fcl\u00e9seket \u00e9s zenei m\u0171helyeket vonz, \u00e9s h\u00edrnev\u00e9t olyan nagy nevek jelenl\u00e9te \u00f6regb\u00edti, mint Piotr Becza\u0142a, Rafa\u0142 Blechacz \u00e9s Jos\u00e9 Carreras.<\/p>\n\n\n\n<p>A fesztiv\u00e1lt a <strong>A KIR\u00c1LY \u00c9NEKESEI. <\/strong><\/p>\n\n\n\n<p><em>Fot\u00f3: Marta Olejnik<\/em><\/p>\n\n\n\n<ul class=\"wp-block-gallery columns-1 is-cropped wp-block-gallery-1 is-layout-flex wp-block-gallery-is-layout-flex\"><li class=\"blocks-gallery-item\"><figure><img fetchpriority=\"high\" decoding=\"async\" width=\"1024\" height=\"683\" src=\"https:\/\/marekkuchcinski.pl\/wp-content\/uploads\/2019\/05\/IMG_0462-1024x683.jpg\" alt=\"\" data-id=\"15307\" data-link=\"https:\/\/marekkuchcinski.pl\/?attachment_id=15307\" class=\"wp-image-15307\" srcset=\"https:\/\/marekkuchcinski.pl\/wp-content\/uploads\/2019\/05\/IMG_0462-1024x683.jpg 1024w, https:\/\/marekkuchcinski.pl\/wp-content\/uploads\/2019\/05\/IMG_0462-300x200.jpg 300w, https:\/\/marekkuchcinski.pl\/wp-content\/uploads\/2019\/05\/IMG_0462-768x512.jpg 768w, https:\/\/marekkuchcinski.pl\/wp-content\/uploads\/2019\/05\/IMG_0462.jpg 2048w\" sizes=\"(max-width: 1024px) 100vw, 1024px\" \/><\/figure><\/li><li class=\"blocks-gallery-item\"><figure><img decoding=\"async\" width=\"1024\" height=\"683\" src=\"https:\/\/marekkuchcinski.pl\/wp-content\/uploads\/2019\/05\/IMG_0571-1024x683.jpg\" alt=\"\" data-id=\"15308\" data-link=\"https:\/\/marekkuchcinski.pl\/?attachment_id=15308\" class=\"wp-image-15308\" srcset=\"https:\/\/marekkuchcinski.pl\/wp-content\/uploads\/2019\/05\/IMG_0571-1024x683.jpg 1024w, https:\/\/marekkuchcinski.pl\/wp-content\/uploads\/2019\/05\/IMG_0571-300x200.jpg 300w, https:\/\/marekkuchcinski.pl\/wp-content\/uploads\/2019\/05\/IMG_0571-768x512.jpg 768w, https:\/\/marekkuchcinski.pl\/wp-content\/uploads\/2019\/05\/IMG_0571.jpg 2048w\" sizes=\"(max-width: 1024px) 100vw, 1024px\" \/><\/figure><\/li><li class=\"blocks-gallery-item\"><figure><img decoding=\"async\" width=\"1024\" height=\"683\" src=\"https:\/\/marekkuchcinski.pl\/wp-content\/uploads\/2019\/05\/IMG_0510-1024x683.jpg\" alt=\"\" data-id=\"15309\" data-link=\"https:\/\/marekkuchcinski.pl\/?attachment_id=15309\" class=\"wp-image-15309\" srcset=\"https:\/\/marekkuchcinski.pl\/wp-content\/uploads\/2019\/05\/IMG_0510-1024x683.jpg 1024w, https:\/\/marekkuchcinski.pl\/wp-content\/uploads\/2019\/05\/IMG_0510-300x200.jpg 300w, https:\/\/marekkuchcinski.pl\/wp-content\/uploads\/2019\/05\/IMG_0510-768x512.jpg 768w, https:\/\/marekkuchcinski.pl\/wp-content\/uploads\/2019\/05\/IMG_0510.jpg 2048w\" sizes=\"(max-width: 1024px) 100vw, 1024px\" \/><\/figure><\/li><li class=\"blocks-gallery-item\"><figure><img decoding=\"async\" src=\"blob:https:\/\/marekkuchcinski.pl\/22854e35-c3f6-47e0-8515-48423998fa4e\"\/><\/figure><\/li><li class=\"blocks-gallery-item\"><figure><img loading=\"lazy\" decoding=\"async\" width=\"1024\" height=\"686\" src=\"https:\/\/marekkuchcinski.pl\/wp-content\/uploads\/2019\/05\/IMG_0584-1024x686.jpg\" alt=\"\" data-id=\"15311\" data-link=\"https:\/\/marekkuchcinski.pl\/?attachment_id=15311\" class=\"wp-image-15311\" srcset=\"https:\/\/marekkuchcinski.pl\/wp-content\/uploads\/2019\/05\/IMG_0584-1024x686.jpg 1024w, https:\/\/marekkuchcinski.pl\/wp-content\/uploads\/2019\/05\/IMG_0584-300x201.jpg 300w, https:\/\/marekkuchcinski.pl\/wp-content\/uploads\/2019\/05\/IMG_0584-768x514.jpg 768w, https:\/\/marekkuchcinski.pl\/wp-content\/uploads\/2019\/05\/IMG_0584.jpg 2048w\" sizes=\"(max-width: 1024px) 100vw, 1024px\" \/><\/figure><\/li><li class=\"blocks-gallery-item\"><figure><img loading=\"lazy\" decoding=\"async\" width=\"1024\" height=\"683\" src=\"https:\/\/marekkuchcinski.pl\/wp-content\/uploads\/2019\/05\/IMG_0400-1-1024x683.jpg\" alt=\"\" data-id=\"15321\" data-link=\"https:\/\/marekkuchcinski.pl\/?attachment_id=15321\" class=\"wp-image-15321\" srcset=\"https:\/\/marekkuchcinski.pl\/wp-content\/uploads\/2019\/05\/IMG_0400-1-1024x683.jpg 1024w, https:\/\/marekkuchcinski.pl\/wp-content\/uploads\/2019\/05\/IMG_0400-1-300x200.jpg 300w, https:\/\/marekkuchcinski.pl\/wp-content\/uploads\/2019\/05\/IMG_0400-1-768x512.jpg 768w, https:\/\/marekkuchcinski.pl\/wp-content\/uploads\/2019\/05\/IMG_0400-1.jpg 2048w\" sizes=\"(max-width: 1024px) 100vw, 1024px\" \/><\/figure><\/li><\/ul>\n\n\n\n<figure class=\"wp-block-image\"><img loading=\"lazy\" decoding=\"async\" width=\"1024\" height=\"721\" src=\"https:\/\/marekkuchcinski.pl\/wp-content\/uploads\/2019\/05\/IMG_0493-1024x721.jpg\" alt=\"\" class=\"wp-image-15324\" srcset=\"https:\/\/marekkuchcinski.pl\/wp-content\/uploads\/2019\/05\/IMG_0493-1024x721.jpg 1024w, https:\/\/marekkuchcinski.pl\/wp-content\/uploads\/2019\/05\/IMG_0493-300x211.jpg 300w, https:\/\/marekkuchcinski.pl\/wp-content\/uploads\/2019\/05\/IMG_0493-768x541.jpg 768w, https:\/\/marekkuchcinski.pl\/wp-content\/uploads\/2019\/05\/IMG_0493.jpg 2048w\" sizes=\"(max-width: 1024px) 100vw, 1024px\" \/><\/figure>","protected":false},"excerpt":{"rendered":"<p>Podczas inauguracji 58. Festiwalu Muzycznego w \u0141a\u0144cucie marsza\u0142ek Sejmu Marek Kuchci\u0144ski m\u00f3wi\u0142, \u017ce z zamkiem \u2013 symbolem naszego dziedzictwa historycznego, a zarazem&nbsp; skarbem polskiej architektury \u2013 tradycje muzyczne \u0142\u0105czy\u0142y si\u0119 niemal od chwili powstania.&nbsp; \u2013 Ciesz\u0119 si\u0119, \u017ce w tej niepowtarzalnej atmosferze, pozwalaj\u0105cej s\u0142uchaczom przenie\u015b\u0107 si\u0119 w wyj\u0105tkowy \u015bwiat artystycznego pi\u0119kna, uwaga meloman\u00f3w kieruje si\u0119 [&hellip;]<\/p>","protected":false},"author":6,"featured_media":15309,"comment_status":"open","ping_status":"open","sticky":false,"template":"","format":"standard","meta":{"ngg_post_thumbnail":0,"footnotes":""},"categories":[49,3],"tags":[],"class_list":["post-15306","post","type-post","status-publish","format-standard","has-post-thumbnail","hentry","category-podkarpacie","category-wydarzenia"],"yoast_head":"<!-- This site is optimized with the Yoast SEO plugin v24.7 - https:\/\/yoast.com\/wordpress\/plugins\/seo\/ -->\n<title>Inauguracja 58. Festiwalu Muzycznego w \u0141a\u0144cucie &#8211; Marek Kuchci\u0144ski<\/title>\n<meta name=\"robots\" content=\"index, follow, max-snippet:-1, max-image-preview:large, max-video-preview:-1\" \/>\n<link rel=\"canonical\" href=\"https:\/\/marekkuchcinski.pl\/hu\/wydarzenia\/15306\/\" \/>\n<meta property=\"og:locale\" content=\"hu_HU\" \/>\n<meta property=\"og:type\" content=\"article\" \/>\n<meta property=\"og:title\" content=\"Inauguracja 58. Festiwalu Muzycznego w \u0141a\u0144cucie &#8211; Marek Kuchci\u0144ski\" \/>\n<meta property=\"og:description\" content=\"Podczas inauguracji 58. Festiwalu Muzycznego w \u0141a\u0144cucie marsza\u0142ek Sejmu Marek Kuchci\u0144ski m\u00f3wi\u0142, \u017ce z zamkiem \u2013 symbolem naszego dziedzictwa historycznego, a zarazem&nbsp; skarbem polskiej architektury \u2013 tradycje muzyczne \u0142\u0105czy\u0142y si\u0119 niemal od chwili powstania.&nbsp; \u2013 Ciesz\u0119 si\u0119, \u017ce w tej niepowtarzalnej atmosferze, pozwalaj\u0105cej s\u0142uchaczom przenie\u015b\u0107 si\u0119 w wyj\u0105tkowy \u015bwiat artystycznego pi\u0119kna, uwaga meloman\u00f3w kieruje si\u0119 [&hellip;]\" \/>\n<meta property=\"og:url\" content=\"https:\/\/marekkuchcinski.pl\/hu\/wydarzenia\/15306\/\" \/>\n<meta property=\"og:site_name\" content=\"Marek Kuchci\u0144ski\" \/>\n<meta property=\"article:published_time\" content=\"2019-05-12T06:40:24+00:00\" \/>\n<meta property=\"article:modified_time\" content=\"2019-05-12T06:44:58+00:00\" \/>\n<meta property=\"og:image\" content=\"https:\/\/marekkuchcinski.pl\/wp-content\/uploads\/2019\/05\/IMG_0510.jpg\" \/>\n\t<meta property=\"og:image:width\" content=\"2048\" \/>\n\t<meta property=\"og:image:height\" content=\"1365\" \/>\n\t<meta property=\"og:image:type\" content=\"image\/jpeg\" \/>\n<meta name=\"author\" content=\"admin\" \/>\n<meta name=\"twitter:card\" content=\"summary_large_image\" \/>\n<meta name=\"twitter:label1\" content=\"Szerz\u0151:\" \/>\n\t<meta name=\"twitter:data1\" content=\"admin\" \/>\n\t<meta name=\"twitter:label2\" content=\"Becs\u00fclt olvas\u00e1si id\u0151\" \/>\n\t<meta name=\"twitter:data2\" content=\"1 perc\" \/>\n<script type=\"application\/ld+json\" class=\"yoast-schema-graph\">{\"@context\":\"https:\/\/schema.org\",\"@graph\":[{\"@type\":\"Article\",\"@id\":\"https:\/\/marekkuchcinski.pl\/hu\/wydarzenia\/15306\/#article\",\"isPartOf\":{\"@id\":\"https:\/\/marekkuchcinski.pl\/hu\/wydarzenia\/15306\/\"},\"author\":{\"name\":\"admin\",\"@id\":\"https:\/\/marekkuchcinski.pl\/#\/schema\/person\/6f62700996b4d950b6ea2d1183b6c6be\"},\"headline\":\"Inauguracja 58. Festiwalu Muzycznego w \u0141a\u0144cucie\",\"datePublished\":\"2019-05-12T06:40:24+00:00\",\"dateModified\":\"2019-05-12T06:44:58+00:00\",\"mainEntityOfPage\":{\"@id\":\"https:\/\/marekkuchcinski.pl\/hu\/wydarzenia\/15306\/\"},\"wordCount\":227,\"commentCount\":0,\"publisher\":{\"@id\":\"https:\/\/marekkuchcinski.pl\/#organization\"},\"image\":{\"@id\":\"https:\/\/marekkuchcinski.pl\/hu\/wydarzenia\/15306\/#primaryimage\"},\"thumbnailUrl\":\"https:\/\/marekkuchcinski.pl\/wp-content\/uploads\/2019\/05\/IMG_0510.jpg\",\"articleSection\":[\"Podkarpacie\",\"Wydarzenia\"],\"inLanguage\":\"hu\",\"potentialAction\":[{\"@type\":\"CommentAction\",\"name\":\"Comment\",\"target\":[\"https:\/\/marekkuchcinski.pl\/hu\/wydarzenia\/15306\/#respond\"]}]},{\"@type\":\"WebPage\",\"@id\":\"https:\/\/marekkuchcinski.pl\/hu\/wydarzenia\/15306\/\",\"url\":\"https:\/\/marekkuchcinski.pl\/hu\/wydarzenia\/15306\/\",\"name\":\"Inauguracja 58. Festiwalu Muzycznego w \u0141a\u0144cucie &#8211; Marek Kuchci\u0144ski\",\"isPartOf\":{\"@id\":\"https:\/\/marekkuchcinski.pl\/#website\"},\"primaryImageOfPage\":{\"@id\":\"https:\/\/marekkuchcinski.pl\/hu\/wydarzenia\/15306\/#primaryimage\"},\"image\":{\"@id\":\"https:\/\/marekkuchcinski.pl\/hu\/wydarzenia\/15306\/#primaryimage\"},\"thumbnailUrl\":\"https:\/\/marekkuchcinski.pl\/wp-content\/uploads\/2019\/05\/IMG_0510.jpg\",\"datePublished\":\"2019-05-12T06:40:24+00:00\",\"dateModified\":\"2019-05-12T06:44:58+00:00\",\"breadcrumb\":{\"@id\":\"https:\/\/marekkuchcinski.pl\/hu\/wydarzenia\/15306\/#breadcrumb\"},\"inLanguage\":\"hu\",\"potentialAction\":[{\"@type\":\"ReadAction\",\"target\":[\"https:\/\/marekkuchcinski.pl\/hu\/wydarzenia\/15306\/\"]}]},{\"@type\":\"ImageObject\",\"inLanguage\":\"hu\",\"@id\":\"https:\/\/marekkuchcinski.pl\/hu\/wydarzenia\/15306\/#primaryimage\",\"url\":\"https:\/\/marekkuchcinski.pl\/wp-content\/uploads\/2019\/05\/IMG_0510.jpg\",\"contentUrl\":\"https:\/\/marekkuchcinski.pl\/wp-content\/uploads\/2019\/05\/IMG_0510.jpg\",\"width\":2048,\"height\":1365},{\"@type\":\"BreadcrumbList\",\"@id\":\"https:\/\/marekkuchcinski.pl\/hu\/wydarzenia\/15306\/#breadcrumb\",\"itemListElement\":[{\"@type\":\"ListItem\",\"position\":1,\"name\":\"Strona g\u0142\u00f3wna\",\"item\":\"https:\/\/marekkuchcinski.pl\/\"},{\"@type\":\"ListItem\",\"position\":2,\"name\":\"Inauguracja 58. Festiwalu Muzycznego w \u0141a\u0144cucie\"}]},{\"@type\":\"WebSite\",\"@id\":\"https:\/\/marekkuchcinski.pl\/#website\",\"url\":\"https:\/\/marekkuchcinski.pl\/\",\"name\":\"Marek Kuchci\u0144ski\",\"description\":\"Pose\u0142 na sejm RP &ndash; okr\u0119g nr 22\",\"publisher\":{\"@id\":\"https:\/\/marekkuchcinski.pl\/#organization\"},\"potentialAction\":[{\"@type\":\"SearchAction\",\"target\":{\"@type\":\"EntryPoint\",\"urlTemplate\":\"https:\/\/marekkuchcinski.pl\/?s={search_term_string}\"},\"query-input\":{\"@type\":\"PropertyValueSpecification\",\"valueRequired\":true,\"valueName\":\"search_term_string\"}}],\"inLanguage\":\"hu\"},{\"@type\":\"Organization\",\"@id\":\"https:\/\/marekkuchcinski.pl\/#organization\",\"name\":\"Marek Kuchci\u0144ski\",\"url\":\"https:\/\/marekkuchcinski.pl\/\",\"logo\":{\"@type\":\"ImageObject\",\"inLanguage\":\"hu\",\"@id\":\"https:\/\/marekkuchcinski.pl\/#\/schema\/logo\/image\/\",\"url\":\"https:\/\/marekkuchcinski.pl\/wp-content\/uploads\/2022\/09\/Marek.jpg\",\"contentUrl\":\"https:\/\/marekkuchcinski.pl\/wp-content\/uploads\/2022\/09\/Marek.jpg\",\"width\":1600,\"height\":971,\"caption\":\"Marek Kuchci\u0144ski\"},\"image\":{\"@id\":\"https:\/\/marekkuchcinski.pl\/#\/schema\/logo\/image\/\"}},{\"@type\":\"Person\",\"@id\":\"https:\/\/marekkuchcinski.pl\/#\/schema\/person\/6f62700996b4d950b6ea2d1183b6c6be\",\"name\":\"admin\",\"image\":{\"@type\":\"ImageObject\",\"inLanguage\":\"hu\",\"@id\":\"https:\/\/marekkuchcinski.pl\/#\/schema\/person\/image\/\",\"url\":\"https:\/\/secure.gravatar.com\/avatar\/4bab693b9d55c3d6b52c0296a8765085?s=96&d=mm&r=g\",\"contentUrl\":\"https:\/\/secure.gravatar.com\/avatar\/4bab693b9d55c3d6b52c0296a8765085?s=96&d=mm&r=g\",\"caption\":\"admin\"},\"url\":\"https:\/\/marekkuchcinski.pl\/hu\/author\/marta-olejnik\/\"}]}<\/script>\n<!-- \/ Yoast SEO plugin. -->","yoast_head_json":{"title":"Inauguracja 58. Festiwalu Muzycznego w \u0141a\u0144cucie &#8211; Marek Kuchci\u0144ski","robots":{"index":"index","follow":"follow","max-snippet":"max-snippet:-1","max-image-preview":"max-image-preview:large","max-video-preview":"max-video-preview:-1"},"canonical":"https:\/\/marekkuchcinski.pl\/hu\/wydarzenia\/15306\/","og_locale":"hu_HU","og_type":"article","og_title":"Inauguracja 58. Festiwalu Muzycznego w \u0141a\u0144cucie &#8211; Marek Kuchci\u0144ski","og_description":"Podczas inauguracji 58. Festiwalu Muzycznego w \u0141a\u0144cucie marsza\u0142ek Sejmu Marek Kuchci\u0144ski m\u00f3wi\u0142, \u017ce z zamkiem \u2013 symbolem naszego dziedzictwa historycznego, a zarazem&nbsp; skarbem polskiej architektury \u2013 tradycje muzyczne \u0142\u0105czy\u0142y si\u0119 niemal od chwili powstania.&nbsp; \u2013 Ciesz\u0119 si\u0119, \u017ce w tej niepowtarzalnej atmosferze, pozwalaj\u0105cej s\u0142uchaczom przenie\u015b\u0107 si\u0119 w wyj\u0105tkowy \u015bwiat artystycznego pi\u0119kna, uwaga meloman\u00f3w kieruje si\u0119 [&hellip;]","og_url":"https:\/\/marekkuchcinski.pl\/hu\/wydarzenia\/15306\/","og_site_name":"Marek Kuchci\u0144ski","article_published_time":"2019-05-12T06:40:24+00:00","article_modified_time":"2019-05-12T06:44:58+00:00","og_image":[{"width":2048,"height":1365,"url":"https:\/\/marekkuchcinski.pl\/wp-content\/uploads\/2019\/05\/IMG_0510.jpg","type":"image\/jpeg"}],"author":"admin","twitter_card":"summary_large_image","twitter_misc":{"Szerz\u0151:":"admin","Becs\u00fclt olvas\u00e1si id\u0151":"1 perc"},"schema":{"@context":"https:\/\/schema.org","@graph":[{"@type":"Article","@id":"https:\/\/marekkuchcinski.pl\/hu\/wydarzenia\/15306\/#article","isPartOf":{"@id":"https:\/\/marekkuchcinski.pl\/hu\/wydarzenia\/15306\/"},"author":{"name":"admin","@id":"https:\/\/marekkuchcinski.pl\/#\/schema\/person\/6f62700996b4d950b6ea2d1183b6c6be"},"headline":"Inauguracja 58. Festiwalu Muzycznego w \u0141a\u0144cucie","datePublished":"2019-05-12T06:40:24+00:00","dateModified":"2019-05-12T06:44:58+00:00","mainEntityOfPage":{"@id":"https:\/\/marekkuchcinski.pl\/hu\/wydarzenia\/15306\/"},"wordCount":227,"commentCount":0,"publisher":{"@id":"https:\/\/marekkuchcinski.pl\/#organization"},"image":{"@id":"https:\/\/marekkuchcinski.pl\/hu\/wydarzenia\/15306\/#primaryimage"},"thumbnailUrl":"https:\/\/marekkuchcinski.pl\/wp-content\/uploads\/2019\/05\/IMG_0510.jpg","articleSection":["Podkarpacie","Wydarzenia"],"inLanguage":"hu","potentialAction":[{"@type":"CommentAction","name":"Comment","target":["https:\/\/marekkuchcinski.pl\/hu\/wydarzenia\/15306\/#respond"]}]},{"@type":"WebPage","@id":"https:\/\/marekkuchcinski.pl\/hu\/wydarzenia\/15306\/","url":"https:\/\/marekkuchcinski.pl\/hu\/wydarzenia\/15306\/","name":"Inauguracja 58. Festiwalu Muzycznego w \u0141a\u0144cucie &#8211; Marek Kuchci\u0144ski","isPartOf":{"@id":"https:\/\/marekkuchcinski.pl\/#website"},"primaryImageOfPage":{"@id":"https:\/\/marekkuchcinski.pl\/hu\/wydarzenia\/15306\/#primaryimage"},"image":{"@id":"https:\/\/marekkuchcinski.pl\/hu\/wydarzenia\/15306\/#primaryimage"},"thumbnailUrl":"https:\/\/marekkuchcinski.pl\/wp-content\/uploads\/2019\/05\/IMG_0510.jpg","datePublished":"2019-05-12T06:40:24+00:00","dateModified":"2019-05-12T06:44:58+00:00","breadcrumb":{"@id":"https:\/\/marekkuchcinski.pl\/hu\/wydarzenia\/15306\/#breadcrumb"},"inLanguage":"hu","potentialAction":[{"@type":"ReadAction","target":["https:\/\/marekkuchcinski.pl\/hu\/wydarzenia\/15306\/"]}]},{"@type":"ImageObject","inLanguage":"hu","@id":"https:\/\/marekkuchcinski.pl\/hu\/wydarzenia\/15306\/#primaryimage","url":"https:\/\/marekkuchcinski.pl\/wp-content\/uploads\/2019\/05\/IMG_0510.jpg","contentUrl":"https:\/\/marekkuchcinski.pl\/wp-content\/uploads\/2019\/05\/IMG_0510.jpg","width":2048,"height":1365},{"@type":"BreadcrumbList","@id":"https:\/\/marekkuchcinski.pl\/hu\/wydarzenia\/15306\/#breadcrumb","itemListElement":[{"@type":"ListItem","position":1,"name":"Strona g\u0142\u00f3wna","item":"https:\/\/marekkuchcinski.pl\/"},{"@type":"ListItem","position":2,"name":"Inauguracja 58. Festiwalu Muzycznego w \u0141a\u0144cucie"}]},{"@type":"WebSite","@id":"https:\/\/marekkuchcinski.pl\/#website","url":"https:\/\/marekkuchcinski.pl\/","name":"Marek Kuchci\u0144ski","description":"Pose\u0142 na sejm RP &ndash; okr\u0119g nr 22","publisher":{"@id":"https:\/\/marekkuchcinski.pl\/#organization"},"potentialAction":[{"@type":"SearchAction","target":{"@type":"EntryPoint","urlTemplate":"https:\/\/marekkuchcinski.pl\/?s={search_term_string}"},"query-input":{"@type":"PropertyValueSpecification","valueRequired":true,"valueName":"search_term_string"}}],"inLanguage":"hu"},{"@type":"Organization","@id":"https:\/\/marekkuchcinski.pl\/#organization","name":"Marek Kuchci\u0144ski","url":"https:\/\/marekkuchcinski.pl\/","logo":{"@type":"ImageObject","inLanguage":"hu","@id":"https:\/\/marekkuchcinski.pl\/#\/schema\/logo\/image\/","url":"https:\/\/marekkuchcinski.pl\/wp-content\/uploads\/2022\/09\/Marek.jpg","contentUrl":"https:\/\/marekkuchcinski.pl\/wp-content\/uploads\/2022\/09\/Marek.jpg","width":1600,"height":971,"caption":"Marek Kuchci\u0144ski"},"image":{"@id":"https:\/\/marekkuchcinski.pl\/#\/schema\/logo\/image\/"}},{"@type":"Person","@id":"https:\/\/marekkuchcinski.pl\/#\/schema\/person\/6f62700996b4d950b6ea2d1183b6c6be","name":"admin","image":{"@type":"ImageObject","inLanguage":"hu","@id":"https:\/\/marekkuchcinski.pl\/#\/schema\/person\/image\/","url":"https:\/\/secure.gravatar.com\/avatar\/4bab693b9d55c3d6b52c0296a8765085?s=96&d=mm&r=g","contentUrl":"https:\/\/secure.gravatar.com\/avatar\/4bab693b9d55c3d6b52c0296a8765085?s=96&d=mm&r=g","caption":"admin"},"url":"https:\/\/marekkuchcinski.pl\/hu\/author\/marta-olejnik\/"}]}},"_links":{"self":[{"href":"https:\/\/marekkuchcinski.pl\/hu\/wp-json\/wp\/v2\/posts\/15306","targetHints":{"allow":["GET"]}}],"collection":[{"href":"https:\/\/marekkuchcinski.pl\/hu\/wp-json\/wp\/v2\/posts"}],"about":[{"href":"https:\/\/marekkuchcinski.pl\/hu\/wp-json\/wp\/v2\/types\/post"}],"author":[{"embeddable":true,"href":"https:\/\/marekkuchcinski.pl\/hu\/wp-json\/wp\/v2\/users\/6"}],"replies":[{"embeddable":true,"href":"https:\/\/marekkuchcinski.pl\/hu\/wp-json\/wp\/v2\/comments?post=15306"}],"version-history":[{"count":9,"href":"https:\/\/marekkuchcinski.pl\/hu\/wp-json\/wp\/v2\/posts\/15306\/revisions"}],"predecessor-version":[{"id":15326,"href":"https:\/\/marekkuchcinski.pl\/hu\/wp-json\/wp\/v2\/posts\/15306\/revisions\/15326"}],"wp:featuredmedia":[{"embeddable":true,"href":"https:\/\/marekkuchcinski.pl\/hu\/wp-json\/wp\/v2\/media\/15309"}],"wp:attachment":[{"href":"https:\/\/marekkuchcinski.pl\/hu\/wp-json\/wp\/v2\/media?parent=15306"}],"wp:term":[{"taxonomy":"category","embeddable":true,"href":"https:\/\/marekkuchcinski.pl\/hu\/wp-json\/wp\/v2\/categories?post=15306"},{"taxonomy":"post_tag","embeddable":true,"href":"https:\/\/marekkuchcinski.pl\/hu\/wp-json\/wp\/v2\/tags?post=15306"}],"curies":[{"name":"wp","href":"https:\/\/api.w.org\/{rel}","templated":true}]}}