{"id":15282,"date":"2019-05-12T00:18:55","date_gmt":"2019-05-11T22:18:55","guid":{"rendered":"https:\/\/marekkuchcinski.pl\/?p=15282"},"modified":"2019-05-13T14:25:44","modified_gmt":"2019-05-13T12:25:44","slug":"powiatowa-konwencja-prawa-i-sprawiedliwosci-w-przemyslu","status":"publish","type":"post","link":"https:\/\/marekkuchcinski.pl\/hu\/wydarzenia\/powiatowa-konwencja-prawa-i-sprawiedliwosci-w-przemyslu\/","title":{"rendered":"Megyei Jogi \u00e9s Igazs\u00e1g\u00fcgyi Konvenci\u00f3 Przemyslben"},"content":{"rendered":"<ul class=\"wp-block-gallery columns-0 is-cropped wp-block-gallery-1 is-layout-flex wp-block-gallery-is-layout-flex\"><li class=\"blocks-gallery-item\"><figure><img fetchpriority=\"high\" decoding=\"async\" width=\"1024\" height=\"702\" src=\"https:\/\/marekkuchcinski.pl\/wp-content\/uploads\/2019\/05\/IMG_0357-1-1024x702.jpg\" alt=\"\" data-id=\"15460\" data-link=\"https:\/\/marekkuchcinski.pl\/wydarzenia\/powiatowa-konwencja-prawa-i-sprawiedliwosci-w-przemyslu\/attachment\/img_0357-2\/\" class=\"wp-image-15460\" srcset=\"https:\/\/marekkuchcinski.pl\/wp-content\/uploads\/2019\/05\/IMG_0357-1-1024x702.jpg 1024w, https:\/\/marekkuchcinski.pl\/wp-content\/uploads\/2019\/05\/IMG_0357-1-300x206.jpg 300w, https:\/\/marekkuchcinski.pl\/wp-content\/uploads\/2019\/05\/IMG_0357-1-768x526.jpg 768w, https:\/\/marekkuchcinski.pl\/wp-content\/uploads\/2019\/05\/IMG_0357-1.jpg 2048w\" sizes=\"(max-width: 1024px) 100vw, 1024px\" \/><\/figure><\/li><\/ul>\n\n\n\n<figure class=\"wp-block-image\"><img decoding=\"async\" width=\"1024\" height=\"683\" src=\"https:\/\/marekkuchcinski.pl\/wp-content\/uploads\/2019\/05\/IMG_0219-3-1024x683.jpg\" alt=\"\" class=\"wp-image-15457\" srcset=\"https:\/\/marekkuchcinski.pl\/wp-content\/uploads\/2019\/05\/IMG_0219-3-1024x683.jpg 1024w, https:\/\/marekkuchcinski.pl\/wp-content\/uploads\/2019\/05\/IMG_0219-3-300x200.jpg 300w, https:\/\/marekkuchcinski.pl\/wp-content\/uploads\/2019\/05\/IMG_0219-3-768x512.jpg 768w, https:\/\/marekkuchcinski.pl\/wp-content\/uploads\/2019\/05\/IMG_0219-3.jpg 2048w\" sizes=\"(max-width: 1024px) 100vw, 1024px\" \/><\/figure>\n\n\n\n<p><strong>2019. m\u00e1jus 11-\u00e9n Przemy\u015blben, a\nMegyei Jogi \u00e9s Igazs\u00e1g\u00fcgyi Konvenci\u00f3t tartottak. A k\u00e1rp\u00e1taljai PiS eln\u00f6ke -.\nMarek Kuchci\u0144ski hangs\u00falyozta, hogy a jog \u00e9s az igazs\u00e1gszolg\u00e1ltat\u00e1s nagym\u00e9rt\u00e9kben hozz\u00e1j\u00e1rul a j\u00f3 \u00fcgyh\u00f6z.\nv\u00e1ltoz\u00e1sok Lengyelorsz\u00e1gban.<\/strong><\/p>\n\n\n\n<p>Felid\u00e9zte t\u00f6bbek k\u00f6z\u00f6tt Kaczy\u0144ski \u00fagynevezett \u00d6t\u00f6s\u00e9t, amelyet a lengyelek 80 sz\u00e1zal\u00e9ka t\u00e1mogat, \u00e9s amelynek k\u00f6sz\u00f6nhet\u0151en t\u00f6bb p\u00e9nz marad a p\u00e9nzt\u00e1rc\u00e1kban, \u00e9s javul a lengyel csal\u00e1dok \u00e9letmin\u0151s\u00e9ge. <\/p>\n\n\n\n<p><strong>A PiS \u00faj programja a k\u00f6vetkez\u0151kb\u0151l \u00e1ll:<\/strong><\/p>\n\n\n\n<ul class=\"wp-block-list\"><li>\"Tizenharmadik\na 10 milli\u00f3 nyugd\u00edjasra vonatkoz\u00f3, kezenk\u00e9nt 888 PLN \u00f6sszeg\u0171 \"nyugd\u00edj\", \u00e9s\nnyugd\u00edjasok. A t\u00f6rv\u00e9nyt m\u00e1r elfogadt\u00e1k, \u00e9s a p\u00e9nzt m\u00e1r ki is fizett\u00e9k.<\/li><li>\"500\nplusz\" gyermekenk\u00e9nt, k\u00e9relemre, j\u00falius 1-j\u00e9t\u0151l t\u00f6rt\u00e9n\u0151 kifizet\u00e9s.<\/li><li>Cs\u00f6kkent\u00e9se\nMunka\u00fcgyi k\u00f6lts\u00e9gek. A levonhat\u00f3 k\u00f6lts\u00e9gek megemel\u00e9se \u00e9s a PIT cs\u00f6kkent\u00e9se az al\u00e1bbiakr\u00f3l\n18 sz\u00e1zal\u00e9kr\u00f3l 17 sz\u00e1zal\u00e9kra minden munkav\u00e1llal\u00f3 eset\u00e9ben cs\u00f6kkenti az ad\u00f3terheket, \u00e9s lehet\u0151v\u00e9 teszi, hogy\na lengyelek \u00e1ltal kapott re\u00e1lb\u00e9rek emel\u00e9se. <\/li><li>Nem\nPIT a 26 \u00e9ves korig foglalkoztatottak sz\u00e1m\u00e1ra. A mentess\u00e9g minden munkav\u00e1llal\u00f3ra vonatkozik\n26 \u00e9ves korig, akik munkaszerz\u0151d\u00e9ssel vagy megb\u00edz\u00e1si szerz\u0151d\u00e9ssel rendelkeznek. A v\u00e1ltoz\u00e1s stabil\na fiatalok foglalkoztat\u00e1sa, \u00e9s megk\u00f6nny\u00edti sz\u00e1mukra a p\u00e1lyakezd\u00e9st.<\/li><li>Helyre\u00e1ll\u00edt\u00e1sa\nHelyi aut\u00f3busz-szolg\u00e1ltat\u00e1sok - a helyi hat\u00f3s\u00e1gok sz\u00e1m\u00e1ra a helyi k\u00f6zleked\u00e9sre l\u00e9trehozott k\u00fcl\u00f6n alap\nhelyi k\u00f6zleked\u00e9s. Projekt a Parlamentben.<\/li><\/ul>\n\n\n\n<p>-\nPolitik\u00e1nk hozz\u00e1j\u00e1rul Lengyelorsz\u00e1g fenntarthat\u00f3 fejl\u0151d\u00e9s\u00e9nek biztos\u00edt\u00e1s\u00e1hoz \u00e9s az \u00e9letsz\u00ednvonal kiegyenl\u00edt\u00e9s\u00e9hez.\naz \u00e9let k\u00fcl\u00f6nb\u00f6z\u0151 r\u00e9szei k\u00f6z\u00f6tt. Ez k\u00fcl\u00f6n\u00f6sen fontos a Przemy\u015bl ter\u00fclet sz\u00e1m\u00e1ra - mondta Kuchci\u0144ski.\nEz k\u00fcl\u00f6n\u00f6sen fontos a przemy\u015bli ter\u00fclet sz\u00e1m\u00e1ra - hangs\u00falyozta Kuchci\u0144ski. - A PiS \u00faj \u00f6t\u00f6sfogata \u00e9s a kor\u00e1bban bejelentett\nolyan programok, mint az \"\u00d6nkorm\u00e1nyzati \u00datalap\" vagy a h\u0151technikai korszer\u0171s\u00edt\u00e9si program.\nAz \"Otthon melege\" n\u00e9h\u00e1ny \u00e9v t\u00e1vlat\u00e1ban t\u00f6bb milli\u00e1rd zlotyt jelent Kelet-Lengyelorsz\u00e1g sz\u00e1m\u00e1ra.\nKelet-Lengyelorsz\u00e1g. Ezek az int\u00e9zked\u00e9sek, a kiterjedt szoci\u00e1lis programokkal kombin\u00e1lva\n\u00e9s a minim\u00e1lb\u00e9rek rendszeres emel\u00e9se (500 z\u0142-lal t\u00f6rt\u00e9n\u0151 emel\u00e9s)\njobb \u00e9letk\u00f6r\u00fclm\u00e9nyek biztos\u00edt\u00e1sa - hangs\u00falyozta a szejm eln\u00f6ke.<\/p>\n\n\n\n<p>Marek Kuchci\u0144ski r\u00e1mutatott, hogy\na siker, amelyet a PiS az \u00f6nkorm\u00e1nyzati v\u00e1laszt\u00e1sokon a Szejmikben el\u00e9rt\nVajdas\u00e1gi K\u00e9pvisel\u0151h\u00e1z \u00e9s a legt\u00f6bb poviats a kem\u00e9ny munka hat\u00e1sa. Az eur\u00f3pai parlamenti v\u00e1laszt\u00e1sokon\nEzt a sikert a m\u00e1jus 26-\u00e1n tartand\u00f3 eur\u00f3pai parlamenti v\u00e1laszt\u00e1sokon is meg kell ism\u00e9telni. Meg kell\na lehet\u0151 legmagasabb r\u00e9szv\u00e9tel biztos\u00edt\u00e1sa. Lengyelorsz\u00e1gnak er\u0151s k\u00e9pviseletre van sz\u00fcks\u00e9ge Br\u00fcsszelben\nLengyelorsz\u00e1gnak er\u0151s k\u00e9pviseletre van sz\u00fcks\u00e9ge Br\u00fcsszelben, amely m\u00e9lt\u00f3s\u00e1ggal k\u00e9pvisel minket.<\/p>\n\n\n\n<p>- Tev\u00e9kenys\u00e9geink alapja\nmegb\u00edzhat\u00f3 volt \u00e9s marad. Tartjuk a szavunkat. N\u00e9h\u00e1ny a bejelentett k\u00f6vetel\u00e9sek k\u00f6z\u00fcl\nm\u00e1r v\u00e9grehajt\u00e1sra ker\u00fcltek, \u00e9s tov\u00e1bbiakat az elk\u00f6vetkez\u0151 hetekben fogadnak el.\naz elk\u00f6vetkez\u0151 hetekben. A kor\u00e1bbi \u00edg\u00e9reteket nem tartott\u00e1k be: megemelt\u00e9k a nyugd\u00edjkorhat\u00e1rt,\nAz \u00e1f\u00e1t megemelt\u00e9k, a Ny\u00edlt Nyugd\u00edjp\u00e9nzt\u00e1rakb\u00f3l elvett\u00e9k a forr\u00e1sokat - mondta Kuchci\u0144ski.<\/p>\n\n\n\n<p>A Parlament eln\u00f6ke\nA Szejm eml\u00e9keztetett a Jog \u00e9s Igazs\u00e1goss\u00e1g \u00e1ltal bevezetett, szoci\u00e1lisan fontos \u00e9s fejleszt\u00e9si programokra\na m\u00e1r v\u00e9grehajtott fejleszt\u00e9si programok:<\/p>\n\n\n\n<ul class=\"wp-block-list\"><li>Iskolai indul\u00f3csomag - J\u00f3 kezd\u00e9s<\/li><\/ul>\n\n\n\n<p>300 PLN t\u00e1mogat\u00e1si program 18 \u00e9ves korig. Minden \u00e9vben, a\nAugusztus, a sz\u00fcl\u0151k 300 PLN-t kapnak egy iskolakezd\u00e9si csomagra.\ntanul\u00f3 <em>w <\/em>2017- 4,6 milli\u00f3 tanul\u00f3<\/p>\n\n\n\n<ul class=\"wp-block-list\"><li>Cs\u00f6kkentj\u00fck a p\u00e9nzsz\u00e1ll\u00edt\u00e1sokat - cs\u00f6kkentj\u00fck az ad\u00f3kat<\/li><\/ul>\n\n\n\n<p>2016-ban. A PiS 19-r\u0151l 15 sz\u00e1zal\u00e9kra cs\u00f6kkentette a kis- \u00e9s k\u00f6z\u00e9pv\u00e1llalkoz\u00e1sokra vonatkoz\u00f3 p\u00e9nzforgalmi ad\u00f3t.\n2019. janu\u00e1r 1-j\u00e9t\u0151l \u00fajabb CIT-cs\u00f6kkent\u00e9s k\u00f6vetkezik - 15-r\u0151l 9 sz\u00e1zal\u00e9kra! Az egyik\naz egyik legalacsonyabb szint Eur\u00f3p\u00e1ban! Magyarorsz\u00e1gon tov\u00e1bbra is a 9 sz\u00e1zal\u00e9kos kulcs van \u00e9rv\u00e9nyben\n\u00e9s Montenegr\u00f3ban. A bevezetett v\u00e1ltoz\u00e1s mintegy 400 ezer v\u00e1llalatot \u00e9rint.<\/p>\n\n\n\n<ul class=\"wp-block-list\"><li>Hozz\u00e1f\u00e9rhet\u0151s\u00e9g plusz 8 \u00e9v alatt - 23 milli\u00e1rd PLN<\/li><\/ul>\n\n\n\n<p>Program id\u0151sek \u00e9s mindazok sz\u00e1m\u00e1ra, akiknek seg\u00edts\u00e9gre van sz\u00fcks\u00e9g\u00fck a k\u00f6vetkez\u0151kben\nmindennapi \u00e9let. C\u00e9lja, hogy val\u00f3di hozz\u00e1f\u00e9r\u00e9st biztos\u00edtson olyan helyekhez, amelyek ma\nahov\u00e1 sok lengyel \u00e1ltal\u00e1ban nem jut el. Buszok, p\u00e1lyaudvarok, lak\u00f3t\u00f6mb\u00f6k\nmindenki sz\u00e1m\u00e1ra hozz\u00e1f\u00e9rhet\u0151nek kell lennie. Lengyelorsz\u00e1gban 4,3 milli\u00f3 fogyat\u00e9kkal \u00e9l\u0151 ember \u00e9l.\nfogyat\u00e9kkal \u00e9l\u0151k.<\/p>\n\n\n\n<p>Ezen t\u00falmen\u0151en a n\u0151k sz\u00e1m\u00e1ra minim\u00e1lis nyugd\u00edjell\u00e1t\u00e1st vezettek be.\nakik legal\u00e1bb n\u00e9gy gyermeket sz\u00fcltek \u00e9s neveltek fel. Megkapj\u00e1k a minim\u00e1lis\nnyugd\u00edj, f\u00fcggetlen\u00fcl att\u00f3l, hogy mennyit dolgoztak. 4 \u00e9s t\u00f6bb gyermeket nevel\u0151 csal\u00e1dok 2011-ben 184,7\nezer, vid\u00e9ki ter\u00fcleteken \u00e9s 88,6 ezer a v\u00e1rosi ter\u00fcleteken.<\/p>\n\n\n\n<ul class=\"wp-block-list\"><li>Kisv\u00e1llalkoz\u00e1s - Kis t\u00e1rsadalombiztos\u00edt\u00e1si int\u00e9zm\u00e9ny<\/li><\/ul>\n\n\n\n<p>Alacsonyabb ZUS a legfeljebb 2,5 havi forgalm\u00fa v\u00e1llalatok sz\u00e1m\u00e1ra\nminim\u00e1lb\u00e9r Lengyelorsz\u00e1gban. Most egy kisv\u00e1llalkoz\u00e1s 1230 PLN-t fizet. A v\u00e1ltoz\u00e1s ut\u00e1n -\n660 PLN.<\/p>\n\n\n\n<ul class=\"wp-block-list\"><li>Helyi utak<\/li><\/ul>\n\n\n\n<p>Legal\u00e1bb 6 milli\u00e1rd PLN \u00f6sszeg\u0171 helyi \u00fat\u00e9p\u00edt\u00e9si alapot hoztak l\u00e9tre a k\u00f6vetkez\u0151 c\u00e9lokra\na helyi utak fel\u00faj\u00edt\u00e1s\u00e1ra \u00e9s \u00e9p\u00edt\u00e9s\u00e9re. A K\u00f6zponti Statisztikai Hivatal (KSH) adatai szerint 2016-ban a k\u00fclter\u00fcleti k\u00f6zutaknak csak mintegy 60 sz\u00e1zal\u00e9ka volt\nkem\u00e9ny\u00edtett fel\u00fclettel rendelkeznek.<\/p>\n\n\n\n<p>2016-ban Lengyelorsz\u00e1gban - 420 236 km\nk\u00f6zutakb\u00f3l, amelyek k\u00f6z\u00fcl az aut\u00f3p\u00e1ly\u00e1k \u00e9s aut\u00f3utak 3171 km-t tettek ki.<\/p>\n\n\n\n<p><strong>&nbsp;&nbsp; A PiS \u00e1ltal elv\u00e9gzett feladatok:<\/strong><\/p>\n\n\n\n<p>Programok: Csal\u00e1d 500+,\n15%-os KAT a v\u00e1llalkoz\u00f3knak, ingyenes gy\u00f3gyszerek 75 \u00e9ves kort\u00f3l, a nyugd\u00edjkorhat\u00e1r cs\u00f6kkent\u00e9se.\nnyugd\u00edjkorhat\u00e1r, a minim\u00e1lis \u00f3rab\u00e9r 13 PLN f\u00f6l\u00e9 emel\u00e9se,\na minim\u00e1lnyugd\u00edjak emel\u00e9se, a k\u00f6telez\u0151 nyugd\u00edjak k\u00f6telez\u0151 k\u00fcld\u00e9s\u00e9nek visszavon\u00e1sa\na hat\u00e9vesek iskol\u00e1ba j\u00e1r\u00e1sa, a v\u00e1llalkoz\u00e1soknak sz\u00f3l\u00f3 alkotm\u00e1ny, a lengyel f\u00f6ldv\u00e1s\u00e1rl\u00e1s tilalma,\na j\u00f3 iskola reformja - ez csak n\u00e9h\u00e1ny a bejelentett projektek k\u00f6z\u00fcl, amelyeket\na k\u00e9t \u00e9v alatt v\u00e9grehajtott\u00e1k;<\/p>\n\n\n\n<p>&nbsp;&nbsp;&nbsp;&nbsp;&nbsp; <strong>Lista\nv\u00e1laszt\u00e1si \u00edg\u00e9retek teljes\u00edt\u00e9se:<\/strong><\/p>\n\n\n\n<p><strong>Reformok\n\u00e1llam<\/strong><\/p>\n\n\n\n<ul class=\"wp-block-list\"><li>reform\noktat\u00e1s - J\u00f3 iskola - 8 \u00e9ves \u00e1ltal\u00e1nos iskola, 4 \u00e9ves gimn\u00e1zium, 5 \u00e9ves gimn\u00e1zium.\nszakiskol\u00e1k, kereskedelmi iskol\u00e1k.<\/li><li>reformja\nad\u00f3igazgat\u00e1s \u00e9s a Nemzeti Ad\u00f3hivatal l\u00e9trehoz\u00e1sa, <\/li><li>&nbsp;az igazs\u00e1gszolg\u00e1ltat\u00e1s reformja.<\/li><\/ul>\n\n\n\n<p><strong>Reformok\nszoci\u00e1lis reformok<\/strong><\/p>\n\n\n\n<ul class=\"wp-block-list\"><li>program\n500 plusz csal\u00e1d (2,5 milli\u00f3 csal\u00e1d, 3,7 milli\u00f3 gyermek),<\/li><li>a\na nyugd\u00edjkorhat\u00e1r 60 \u00e9s 65 \u00e9vre (2017-ben 350 000 f\u0151),<\/li><li>ingyenes\ngy\u00f3gyszerek id\u0151sek sz\u00e1m\u00e1ra,<\/li><li>a minim\u00e1lb\u00e9r emel\u00e9se\na minim\u00e1lb\u00e9r 2250 PLN-re, az \u00f3rab\u00e9r pedig 14,7 PLN-re,<\/li><li>n\u00f6velje a  c\u00edmet.\na legalacsonyabb nyugd\u00edjak 1063 PLN-re,<\/li><li>a\nvas\u00e1rnapi kereskedelem,<\/li><li>n\u00f6velje a  c\u00edmet.\naz eg\u00e9szs\u00e9g\u00fcgyi kiad\u00e1sok az elk\u00f6vetkez\u0151 \u00e9vekben 6% GDP-re emelkednek,<\/li><\/ul>\n\n\n\n<p><strong>Reform\noktat\u00e1si reform<\/strong><\/p>\n\n\n\n<ul class=\"wp-block-list\"><li>J\u00f3 iskola\n- 8 \u00e9ves \u00e1ltal\u00e1nos iskola, 4 \u00e9ves k\u00f6z\u00e9piskola, 5 \u00e9ves szakiskola, kereskedelmi iskol\u00e1k,<\/li><li>elt\u00f6rl\u00e9se\na 6 \u00e9vesek k\u00f6telez\u0151 iskol\u00e1ztat\u00e1sa,<\/li><li>tilalom\na szeg\u00e9nys\u00e9g miatt elvenni a gyerekeket a sz\u00fcleikt\u0151l.<\/li><\/ul>\n\n\n\n<p><strong>Menedzsment<\/strong><\/p>\n\n\n\n<ul class=\"wp-block-list\"><li>harc a\nH\u00c9A-csal\u00e1s - csak 2017-ben 30 milli\u00e1rd PLN bev\u00e9teln\u00f6veked\u00e9s<\/li><li>a\n19 \u00e9s 9% k\u00f6z\u00f6tti p\u00e9nzsz\u00e1ll\u00edt\u00e1s kisv\u00e1llalkoz\u00e1sok \u00e9s indul\u00f3 v\u00e1llalkoz\u00e1sok sz\u00e1m\u00e1ra<\/li><li>az ad\u00f3igazgat\u00e1s reformja \u00e9s a\nKAS - Nemzeti Ad\u00f3\u00fcgyi Igazgat\u00f3s\u00e1g<\/li><li>az ad\u00f3mentes \u00f6sszeg n\u00f6vel\u00e9se\nlegfeljebb 8 ezer PLN <\/li><li>a vas\u00e1rnapi kereskedelem korl\u00e1toz\u00e1sa,<\/li><li>Az \u00fczleti alkotm\u00e1ny\n- i.a. a v\u00e1llalkoz\u00f3 \u00e9s a hivatal k\u00f6z\u00f6tti kapcsolat megv\u00e1ltoz\u00e1sa, a be nem jegyzett tev\u00e9kenys\u00e9g lehet\u0151s\u00e9ge\nA m\u00f3dos\u00edt\u00e1s tartalmazza a v\u00e1llalkoz\u00f3 \u00e9s a hivatal k\u00f6z\u00f6tti kapcsolat v\u00e1ltoz\u00e1s\u00e1t, a kisv\u00e1llalkoz\u00f3k nem bejegyzett tev\u00e9kenys\u00e9g\u00e9nek lehet\u0151s\u00e9g\u00e9t.\n6 h\u00f3napos mentess\u00e9g a ZUS-hozz\u00e1j\u00e1rul\u00e1sok al\u00f3l az \u00faj v\u00e1llalkoz\u00f3k sz\u00e1m\u00e1ra. <\/li><\/ul>\n\n\n\n<p><strong>Biztons\u00e1g<\/strong><\/p>\n\n\n\n<ul class=\"wp-block-list\"><li>A v\u00e9delmi er\u0151k l\u00e9trehoz\u00e1sa\n     Ter\u00fcleti v\u00e9delmi er\u0151k, <\/li><li>Az egyenruh\u00e1s szolg\u00e1latok korszer\u0171s\u00edt\u00e9se\n     (pl. rend\u0151rs\u00e9g, hadsereg) - 9,2 milli\u00e1rd PLN-t k\u00fcl\u00f6n\u00edtettek el, amelyb\u0151l t\u00f6bb mint 4 milli\u00e1rd PLN-t sz\u00e1ntak\n     fizet\u00e9semel\u00e9sek,<\/li><li>Az energiabiztons\u00e1g n\u00f6vel\u00e9se\n     (pl. a g\u00e1zsz\u00e1ll\u00edt\u00e1s beind\u00edt\u00e1sa a \u015awinouj\u015bcie-i g\u00e1zkik\u00f6t\u0151be, a balti-tengeri kik\u00f6t\u0151 meg\u00e9p\u00edt\u00e9se, a Balti-tengeri kik\u00f6t\u0151 \u00e9p\u00edt\u00e9se).\n     Pipe).<\/li><\/ul>\n\n\n\n<p><strong>Mez\u0151gazdas\u00e1g<\/strong><\/p>\n\n\n\n<ul class=\"wp-block-list\"><li>A mez\u0151gazdas\u00e1gi kiad\u00e1sok n\u00f6veked\u00e9se \u00e9s\n     Vid\u00e9kfejleszt\u00e9s - 49 milli\u00e1rd PLN 2018-ban, <\/li><li>Biztos\u00edt\u00e1s a mez\u0151gazdas\u00e1gi termel\u0151k sz\u00e1m\u00e1ra,<\/li><li>A lengyel f\u00f6ld v\u00e9delme\n     kiv\u00e1s\u00e1rl\u00e1s,<\/li><li>30 \u00faj k\u00fclf\u00f6ldi piac megnyit\u00e1sa\n     lengyel term\u00e9kek eset\u00e9ben.<\/li><\/ul>\n\n\n\n<p>A kongresszus tov\u00e1bbi el\u0151ad\u00f3i k\u00f6z\u00f6tt szerepeltek\nKrystyna Wr\u00f3blewska parlamenti k\u00e9pvisel\u0151, Piotr Pilch, a Podkarpatszkaja r\u00e9gi\u00f3 marsallj\u00e1nak helyettese.\n(eur\u00f3pai parlamenti k\u00e9pvisel\u0151jel\u00f6lt) \u00e9s Lucyna Podhalicz, Podkarpackie vajdas\u00e1g korm\u00e1nyz\u00f3helyettese.<\/p>","protected":false},"excerpt":{"rendered":"<p>11 maja 2019 r. w Przemy\u015blu odby\u0142a si\u0119 Powiatowa Konwencja Prawa i Sprawiedliwo\u015bci. Prezes podkarpackiego PiS &#8211; Marek Kuchci\u0144ski podkre\u015bli\u0142 wielki wk\u0142ad Prawa i Sprawiedliwo\u015bci w dobrych zmianach w Polsce. Przypomnia\u0142 m.in. o tzw. Pi\u0105tce Kaczy\u0144skiego, kt\u00f3r\u0105 popiera a\u017c 80 proc. Polak\u00f3w, i dzi\u0119ki kt\u00f3rej w portfelach zostanie wi\u0119cej pieni\u0119dzy, a jako\u015b\u0107 \u017cycia polskich rodzin [&hellip;]<\/p>","protected":false},"author":6,"featured_media":15457,"comment_status":"open","ping_status":"open","sticky":false,"template":"","format":"standard","meta":{"ngg_post_thumbnail":0,"footnotes":""},"categories":[82,3],"tags":[134],"class_list":["post-15282","post","type-post","status-publish","format-standard","has-post-thumbnail","hentry","category-prawo-i-sprawiedliwosc","category-wydarzenia","tag-podkarpacie"],"yoast_head":"<!-- This site is optimized with the Yoast SEO plugin v24.7 - https:\/\/yoast.com\/wordpress\/plugins\/seo\/ -->\n<title>Powiatowa Konwencja Prawa i Sprawiedliwo\u015bci w Przemy\u015blu &#8211; Marek Kuchci\u0144ski<\/title>\n<meta name=\"robots\" content=\"index, follow, max-snippet:-1, max-image-preview:large, max-video-preview:-1\" \/>\n<link rel=\"canonical\" href=\"https:\/\/marekkuchcinski.pl\/hu\/wydarzenia\/powiatowa-konwencja-prawa-i-sprawiedliwosci-w-przemyslu\/\" \/>\n<meta property=\"og:locale\" content=\"hu_HU\" \/>\n<meta property=\"og:type\" content=\"article\" \/>\n<meta property=\"og:title\" content=\"Powiatowa Konwencja Prawa i Sprawiedliwo\u015bci w Przemy\u015blu &#8211; Marek Kuchci\u0144ski\" \/>\n<meta property=\"og:description\" content=\"11 maja 2019 r. w Przemy\u015blu odby\u0142a si\u0119 Powiatowa Konwencja Prawa i Sprawiedliwo\u015bci. Prezes podkarpackiego PiS &#8211; Marek Kuchci\u0144ski podkre\u015bli\u0142 wielki wk\u0142ad Prawa i Sprawiedliwo\u015bci w dobrych zmianach w Polsce. Przypomnia\u0142 m.in. o tzw. Pi\u0105tce Kaczy\u0144skiego, kt\u00f3r\u0105 popiera a\u017c 80 proc. Polak\u00f3w, i dzi\u0119ki kt\u00f3rej w portfelach zostanie wi\u0119cej pieni\u0119dzy, a jako\u015b\u0107 \u017cycia polskich rodzin [&hellip;]\" \/>\n<meta property=\"og:url\" content=\"https:\/\/marekkuchcinski.pl\/hu\/wydarzenia\/powiatowa-konwencja-prawa-i-sprawiedliwosci-w-przemyslu\/\" \/>\n<meta property=\"og:site_name\" content=\"Marek Kuchci\u0144ski\" \/>\n<meta property=\"article:published_time\" content=\"2019-05-11T22:18:55+00:00\" \/>\n<meta property=\"article:modified_time\" content=\"2019-05-13T12:25:44+00:00\" \/>\n<meta property=\"og:image\" content=\"https:\/\/marekkuchcinski.pl\/wp-content\/uploads\/2019\/05\/IMG_0219-3.jpg\" \/>\n\t<meta property=\"og:image:width\" content=\"2048\" \/>\n\t<meta property=\"og:image:height\" content=\"1365\" \/>\n\t<meta property=\"og:image:type\" content=\"image\/jpeg\" \/>\n<meta name=\"author\" content=\"admin\" \/>\n<meta name=\"twitter:card\" content=\"summary_large_image\" \/>\n<meta name=\"twitter:label1\" content=\"Szerz\u0151:\" \/>\n\t<meta name=\"twitter:data1\" content=\"admin\" \/>\n\t<meta name=\"twitter:label2\" content=\"Becs\u00fclt olvas\u00e1si id\u0151\" \/>\n\t<meta name=\"twitter:data2\" content=\"6 perc\" \/>\n<script type=\"application\/ld+json\" class=\"yoast-schema-graph\">{\"@context\":\"https:\/\/schema.org\",\"@graph\":[{\"@type\":\"Article\",\"@id\":\"https:\/\/marekkuchcinski.pl\/en\/wydarzenia\/powiatowa-konwencja-prawa-i-sprawiedliwosci-w-przemyslu\/#article\",\"isPartOf\":{\"@id\":\"https:\/\/marekkuchcinski.pl\/en\/wydarzenia\/powiatowa-konwencja-prawa-i-sprawiedliwosci-w-przemyslu\/\"},\"author\":{\"name\":\"admin\",\"@id\":\"https:\/\/marekkuchcinski.pl\/#\/schema\/person\/6f62700996b4d950b6ea2d1183b6c6be\"},\"headline\":\"Powiatowa Konwencja Prawa i Sprawiedliwo\u015bci w Przemy\u015blu\",\"datePublished\":\"2019-05-11T22:18:55+00:00\",\"dateModified\":\"2019-05-13T12:25:44+00:00\",\"mainEntityOfPage\":{\"@id\":\"https:\/\/marekkuchcinski.pl\/en\/wydarzenia\/powiatowa-konwencja-prawa-i-sprawiedliwosci-w-przemyslu\/\"},\"wordCount\":1174,\"commentCount\":0,\"publisher\":{\"@id\":\"https:\/\/marekkuchcinski.pl\/#organization\"},\"image\":{\"@id\":\"https:\/\/marekkuchcinski.pl\/en\/wydarzenia\/powiatowa-konwencja-prawa-i-sprawiedliwosci-w-przemyslu\/#primaryimage\"},\"thumbnailUrl\":\"https:\/\/marekkuchcinski.pl\/wp-content\/uploads\/2019\/05\/IMG_0219-3.jpg\",\"keywords\":[\"Podkarpacie\"],\"articleSection\":[\"Prawo i Sprawiedliwo\u015b\u0107\",\"Wydarzenia\"],\"inLanguage\":\"hu\",\"potentialAction\":[{\"@type\":\"CommentAction\",\"name\":\"Comment\",\"target\":[\"https:\/\/marekkuchcinski.pl\/en\/wydarzenia\/powiatowa-konwencja-prawa-i-sprawiedliwosci-w-przemyslu\/#respond\"]}]},{\"@type\":\"WebPage\",\"@id\":\"https:\/\/marekkuchcinski.pl\/en\/wydarzenia\/powiatowa-konwencja-prawa-i-sprawiedliwosci-w-przemyslu\/\",\"url\":\"https:\/\/marekkuchcinski.pl\/en\/wydarzenia\/powiatowa-konwencja-prawa-i-sprawiedliwosci-w-przemyslu\/\",\"name\":\"Powiatowa Konwencja Prawa i Sprawiedliwo\u015bci w Przemy\u015blu &#8211; Marek Kuchci\u0144ski\",\"isPartOf\":{\"@id\":\"https:\/\/marekkuchcinski.pl\/#website\"},\"primaryImageOfPage\":{\"@id\":\"https:\/\/marekkuchcinski.pl\/en\/wydarzenia\/powiatowa-konwencja-prawa-i-sprawiedliwosci-w-przemyslu\/#primaryimage\"},\"image\":{\"@id\":\"https:\/\/marekkuchcinski.pl\/en\/wydarzenia\/powiatowa-konwencja-prawa-i-sprawiedliwosci-w-przemyslu\/#primaryimage\"},\"thumbnailUrl\":\"https:\/\/marekkuchcinski.pl\/wp-content\/uploads\/2019\/05\/IMG_0219-3.jpg\",\"datePublished\":\"2019-05-11T22:18:55+00:00\",\"dateModified\":\"2019-05-13T12:25:44+00:00\",\"breadcrumb\":{\"@id\":\"https:\/\/marekkuchcinski.pl\/en\/wydarzenia\/powiatowa-konwencja-prawa-i-sprawiedliwosci-w-przemyslu\/#breadcrumb\"},\"inLanguage\":\"hu\",\"potentialAction\":[{\"@type\":\"ReadAction\",\"target\":[\"https:\/\/marekkuchcinski.pl\/en\/wydarzenia\/powiatowa-konwencja-prawa-i-sprawiedliwosci-w-przemyslu\/\"]}]},{\"@type\":\"ImageObject\",\"inLanguage\":\"hu\",\"@id\":\"https:\/\/marekkuchcinski.pl\/en\/wydarzenia\/powiatowa-konwencja-prawa-i-sprawiedliwosci-w-przemyslu\/#primaryimage\",\"url\":\"https:\/\/marekkuchcinski.pl\/wp-content\/uploads\/2019\/05\/IMG_0219-3.jpg\",\"contentUrl\":\"https:\/\/marekkuchcinski.pl\/wp-content\/uploads\/2019\/05\/IMG_0219-3.jpg\",\"width\":2048,\"height\":1365},{\"@type\":\"BreadcrumbList\",\"@id\":\"https:\/\/marekkuchcinski.pl\/en\/wydarzenia\/powiatowa-konwencja-prawa-i-sprawiedliwosci-w-przemyslu\/#breadcrumb\",\"itemListElement\":[{\"@type\":\"ListItem\",\"position\":1,\"name\":\"Strona g\u0142\u00f3wna\",\"item\":\"https:\/\/marekkuchcinski.pl\/\"},{\"@type\":\"ListItem\",\"position\":2,\"name\":\"Powiatowa Konwencja Prawa i Sprawiedliwo\u015bci w Przemy\u015blu\"}]},{\"@type\":\"WebSite\",\"@id\":\"https:\/\/marekkuchcinski.pl\/#website\",\"url\":\"https:\/\/marekkuchcinski.pl\/\",\"name\":\"Marek Kuchci\u0144ski\",\"description\":\"Pose\u0142 na sejm RP &ndash; okr\u0119g nr 22\",\"publisher\":{\"@id\":\"https:\/\/marekkuchcinski.pl\/#organization\"},\"potentialAction\":[{\"@type\":\"SearchAction\",\"target\":{\"@type\":\"EntryPoint\",\"urlTemplate\":\"https:\/\/marekkuchcinski.pl\/?s={search_term_string}\"},\"query-input\":{\"@type\":\"PropertyValueSpecification\",\"valueRequired\":true,\"valueName\":\"search_term_string\"}}],\"inLanguage\":\"hu\"},{\"@type\":\"Organization\",\"@id\":\"https:\/\/marekkuchcinski.pl\/#organization\",\"name\":\"Marek Kuchci\u0144ski\",\"url\":\"https:\/\/marekkuchcinski.pl\/\",\"logo\":{\"@type\":\"ImageObject\",\"inLanguage\":\"hu\",\"@id\":\"https:\/\/marekkuchcinski.pl\/#\/schema\/logo\/image\/\",\"url\":\"https:\/\/marekkuchcinski.pl\/wp-content\/uploads\/2022\/09\/Marek.jpg\",\"contentUrl\":\"https:\/\/marekkuchcinski.pl\/wp-content\/uploads\/2022\/09\/Marek.jpg\",\"width\":1600,\"height\":971,\"caption\":\"Marek Kuchci\u0144ski\"},\"image\":{\"@id\":\"https:\/\/marekkuchcinski.pl\/#\/schema\/logo\/image\/\"}},{\"@type\":\"Person\",\"@id\":\"https:\/\/marekkuchcinski.pl\/#\/schema\/person\/6f62700996b4d950b6ea2d1183b6c6be\",\"name\":\"admin\",\"image\":{\"@type\":\"ImageObject\",\"inLanguage\":\"hu\",\"@id\":\"https:\/\/marekkuchcinski.pl\/#\/schema\/person\/image\/\",\"url\":\"https:\/\/secure.gravatar.com\/avatar\/4bab693b9d55c3d6b52c0296a8765085?s=96&d=mm&r=g\",\"contentUrl\":\"https:\/\/secure.gravatar.com\/avatar\/4bab693b9d55c3d6b52c0296a8765085?s=96&d=mm&r=g\",\"caption\":\"admin\"},\"url\":\"https:\/\/marekkuchcinski.pl\/hu\/author\/marta-olejnik\/\"}]}<\/script>\n<!-- \/ Yoast SEO plugin. -->","yoast_head_json":{"title":"Powiatowa Konwencja Prawa i Sprawiedliwo\u015bci w Przemy\u015blu &#8211; Marek Kuchci\u0144ski","robots":{"index":"index","follow":"follow","max-snippet":"max-snippet:-1","max-image-preview":"max-image-preview:large","max-video-preview":"max-video-preview:-1"},"canonical":"https:\/\/marekkuchcinski.pl\/hu\/wydarzenia\/powiatowa-konwencja-prawa-i-sprawiedliwosci-w-przemyslu\/","og_locale":"hu_HU","og_type":"article","og_title":"Powiatowa Konwencja Prawa i Sprawiedliwo\u015bci w Przemy\u015blu &#8211; Marek Kuchci\u0144ski","og_description":"11 maja 2019 r. w Przemy\u015blu odby\u0142a si\u0119 Powiatowa Konwencja Prawa i Sprawiedliwo\u015bci. Prezes podkarpackiego PiS &#8211; Marek Kuchci\u0144ski podkre\u015bli\u0142 wielki wk\u0142ad Prawa i Sprawiedliwo\u015bci w dobrych zmianach w Polsce. Przypomnia\u0142 m.in. o tzw. Pi\u0105tce Kaczy\u0144skiego, kt\u00f3r\u0105 popiera a\u017c 80 proc. Polak\u00f3w, i dzi\u0119ki kt\u00f3rej w portfelach zostanie wi\u0119cej pieni\u0119dzy, a jako\u015b\u0107 \u017cycia polskich rodzin [&hellip;]","og_url":"https:\/\/marekkuchcinski.pl\/hu\/wydarzenia\/powiatowa-konwencja-prawa-i-sprawiedliwosci-w-przemyslu\/","og_site_name":"Marek Kuchci\u0144ski","article_published_time":"2019-05-11T22:18:55+00:00","article_modified_time":"2019-05-13T12:25:44+00:00","og_image":[{"width":2048,"height":1365,"url":"https:\/\/marekkuchcinski.pl\/wp-content\/uploads\/2019\/05\/IMG_0219-3.jpg","type":"image\/jpeg"}],"author":"admin","twitter_card":"summary_large_image","twitter_misc":{"Szerz\u0151:":"admin","Becs\u00fclt olvas\u00e1si id\u0151":"6 perc"},"schema":{"@context":"https:\/\/schema.org","@graph":[{"@type":"Article","@id":"https:\/\/marekkuchcinski.pl\/en\/wydarzenia\/powiatowa-konwencja-prawa-i-sprawiedliwosci-w-przemyslu\/#article","isPartOf":{"@id":"https:\/\/marekkuchcinski.pl\/en\/wydarzenia\/powiatowa-konwencja-prawa-i-sprawiedliwosci-w-przemyslu\/"},"author":{"name":"admin","@id":"https:\/\/marekkuchcinski.pl\/#\/schema\/person\/6f62700996b4d950b6ea2d1183b6c6be"},"headline":"Powiatowa Konwencja Prawa i Sprawiedliwo\u015bci w Przemy\u015blu","datePublished":"2019-05-11T22:18:55+00:00","dateModified":"2019-05-13T12:25:44+00:00","mainEntityOfPage":{"@id":"https:\/\/marekkuchcinski.pl\/en\/wydarzenia\/powiatowa-konwencja-prawa-i-sprawiedliwosci-w-przemyslu\/"},"wordCount":1174,"commentCount":0,"publisher":{"@id":"https:\/\/marekkuchcinski.pl\/#organization"},"image":{"@id":"https:\/\/marekkuchcinski.pl\/en\/wydarzenia\/powiatowa-konwencja-prawa-i-sprawiedliwosci-w-przemyslu\/#primaryimage"},"thumbnailUrl":"https:\/\/marekkuchcinski.pl\/wp-content\/uploads\/2019\/05\/IMG_0219-3.jpg","keywords":["Podkarpacie"],"articleSection":["Prawo i Sprawiedliwo\u015b\u0107","Wydarzenia"],"inLanguage":"hu","potentialAction":[{"@type":"CommentAction","name":"Comment","target":["https:\/\/marekkuchcinski.pl\/en\/wydarzenia\/powiatowa-konwencja-prawa-i-sprawiedliwosci-w-przemyslu\/#respond"]}]},{"@type":"WebPage","@id":"https:\/\/marekkuchcinski.pl\/en\/wydarzenia\/powiatowa-konwencja-prawa-i-sprawiedliwosci-w-przemyslu\/","url":"https:\/\/marekkuchcinski.pl\/en\/wydarzenia\/powiatowa-konwencja-prawa-i-sprawiedliwosci-w-przemyslu\/","name":"Powiatowa Konwencja Prawa i Sprawiedliwo\u015bci w Przemy\u015blu &#8211; Marek Kuchci\u0144ski","isPartOf":{"@id":"https:\/\/marekkuchcinski.pl\/#website"},"primaryImageOfPage":{"@id":"https:\/\/marekkuchcinski.pl\/en\/wydarzenia\/powiatowa-konwencja-prawa-i-sprawiedliwosci-w-przemyslu\/#primaryimage"},"image":{"@id":"https:\/\/marekkuchcinski.pl\/en\/wydarzenia\/powiatowa-konwencja-prawa-i-sprawiedliwosci-w-przemyslu\/#primaryimage"},"thumbnailUrl":"https:\/\/marekkuchcinski.pl\/wp-content\/uploads\/2019\/05\/IMG_0219-3.jpg","datePublished":"2019-05-11T22:18:55+00:00","dateModified":"2019-05-13T12:25:44+00:00","breadcrumb":{"@id":"https:\/\/marekkuchcinski.pl\/en\/wydarzenia\/powiatowa-konwencja-prawa-i-sprawiedliwosci-w-przemyslu\/#breadcrumb"},"inLanguage":"hu","potentialAction":[{"@type":"ReadAction","target":["https:\/\/marekkuchcinski.pl\/en\/wydarzenia\/powiatowa-konwencja-prawa-i-sprawiedliwosci-w-przemyslu\/"]}]},{"@type":"ImageObject","inLanguage":"hu","@id":"https:\/\/marekkuchcinski.pl\/en\/wydarzenia\/powiatowa-konwencja-prawa-i-sprawiedliwosci-w-przemyslu\/#primaryimage","url":"https:\/\/marekkuchcinski.pl\/wp-content\/uploads\/2019\/05\/IMG_0219-3.jpg","contentUrl":"https:\/\/marekkuchcinski.pl\/wp-content\/uploads\/2019\/05\/IMG_0219-3.jpg","width":2048,"height":1365},{"@type":"BreadcrumbList","@id":"https:\/\/marekkuchcinski.pl\/en\/wydarzenia\/powiatowa-konwencja-prawa-i-sprawiedliwosci-w-przemyslu\/#breadcrumb","itemListElement":[{"@type":"ListItem","position":1,"name":"Strona g\u0142\u00f3wna","item":"https:\/\/marekkuchcinski.pl\/"},{"@type":"ListItem","position":2,"name":"Powiatowa Konwencja Prawa i Sprawiedliwo\u015bci w Przemy\u015blu"}]},{"@type":"WebSite","@id":"https:\/\/marekkuchcinski.pl\/#website","url":"https:\/\/marekkuchcinski.pl\/","name":"Marek Kuchci\u0144ski","description":"Pose\u0142 na sejm RP &ndash; okr\u0119g nr 22","publisher":{"@id":"https:\/\/marekkuchcinski.pl\/#organization"},"potentialAction":[{"@type":"SearchAction","target":{"@type":"EntryPoint","urlTemplate":"https:\/\/marekkuchcinski.pl\/?s={search_term_string}"},"query-input":{"@type":"PropertyValueSpecification","valueRequired":true,"valueName":"search_term_string"}}],"inLanguage":"hu"},{"@type":"Organization","@id":"https:\/\/marekkuchcinski.pl\/#organization","name":"Marek Kuchci\u0144ski","url":"https:\/\/marekkuchcinski.pl\/","logo":{"@type":"ImageObject","inLanguage":"hu","@id":"https:\/\/marekkuchcinski.pl\/#\/schema\/logo\/image\/","url":"https:\/\/marekkuchcinski.pl\/wp-content\/uploads\/2022\/09\/Marek.jpg","contentUrl":"https:\/\/marekkuchcinski.pl\/wp-content\/uploads\/2022\/09\/Marek.jpg","width":1600,"height":971,"caption":"Marek Kuchci\u0144ski"},"image":{"@id":"https:\/\/marekkuchcinski.pl\/#\/schema\/logo\/image\/"}},{"@type":"Person","@id":"https:\/\/marekkuchcinski.pl\/#\/schema\/person\/6f62700996b4d950b6ea2d1183b6c6be","name":"admin","image":{"@type":"ImageObject","inLanguage":"hu","@id":"https:\/\/marekkuchcinski.pl\/#\/schema\/person\/image\/","url":"https:\/\/secure.gravatar.com\/avatar\/4bab693b9d55c3d6b52c0296a8765085?s=96&d=mm&r=g","contentUrl":"https:\/\/secure.gravatar.com\/avatar\/4bab693b9d55c3d6b52c0296a8765085?s=96&d=mm&r=g","caption":"admin"},"url":"https:\/\/marekkuchcinski.pl\/hu\/author\/marta-olejnik\/"}]}},"_links":{"self":[{"href":"https:\/\/marekkuchcinski.pl\/hu\/wp-json\/wp\/v2\/posts\/15282","targetHints":{"allow":["GET"]}}],"collection":[{"href":"https:\/\/marekkuchcinski.pl\/hu\/wp-json\/wp\/v2\/posts"}],"about":[{"href":"https:\/\/marekkuchcinski.pl\/hu\/wp-json\/wp\/v2\/types\/post"}],"author":[{"embeddable":true,"href":"https:\/\/marekkuchcinski.pl\/hu\/wp-json\/wp\/v2\/users\/6"}],"replies":[{"embeddable":true,"href":"https:\/\/marekkuchcinski.pl\/hu\/wp-json\/wp\/v2\/comments?post=15282"}],"version-history":[{"count":11,"href":"https:\/\/marekkuchcinski.pl\/hu\/wp-json\/wp\/v2\/posts\/15282\/revisions"}],"predecessor-version":[{"id":15462,"href":"https:\/\/marekkuchcinski.pl\/hu\/wp-json\/wp\/v2\/posts\/15282\/revisions\/15462"}],"wp:featuredmedia":[{"embeddable":true,"href":"https:\/\/marekkuchcinski.pl\/hu\/wp-json\/wp\/v2\/media\/15457"}],"wp:attachment":[{"href":"https:\/\/marekkuchcinski.pl\/hu\/wp-json\/wp\/v2\/media?parent=15282"}],"wp:term":[{"taxonomy":"category","embeddable":true,"href":"https:\/\/marekkuchcinski.pl\/hu\/wp-json\/wp\/v2\/categories?post=15282"},{"taxonomy":"post_tag","embeddable":true,"href":"https:\/\/marekkuchcinski.pl\/hu\/wp-json\/wp\/v2\/tags?post=15282"}],"curies":[{"name":"wp","href":"https:\/\/api.w.org\/{rel}","templated":true}]}}