{"id":15214,"date":"2019-05-09T11:21:00","date_gmt":"2019-05-09T09:21:00","guid":{"rendered":"https:\/\/marekkuchcinski.pl\/?p=15214"},"modified":"2019-05-09T11:21:02","modified_gmt":"2019-05-09T09:21:02","slug":"30-lecie-nadania-szkole-w-gniewczynie-lancuckiej-imienia-generala-antoniego-chrusciela-montera","status":"publish","type":"post","link":"https:\/\/marekkuchcinski.pl\/hu\/bez-kategorii\/lms\/30-lecie-nadania-szkole-w-gniewczynie-lancuckiej-imienia-generala-antoniego-chrusciela-montera\/","title":{"rendered":"A Gniewczyna \u0141a\u0144cucka-i iskola elnevez\u00e9se Antoni Chru\u015bciel \"Monter\" t\u00e1bornokr\u00f3l 30. \u00e9vfordul\u00f3ja"},"content":{"rendered":"<p class=\"wp-block-paragraph\"><strong>Tisztelt Igazgat\u00f3 \u00far! <\/strong><\/p>\n\n\n\n<p class=\"wp-block-paragraph\"><strong>Tisztelt H\u00f6lgyeim \u00e9s Uraim, Kedves Di\u00e1kok! <\/strong><\/p>\n\n\n\n<p class=\"wp-block-paragraph\">K\u00f6sz\u00f6nj\u00fck sz\u00e9pen a megh\u00edv\u00e1st az \u00fcnneps\u00e9gre.\nAz iskola elnevez\u00e9s\u00e9nek 30. \u00e9vfordul\u00f3ja Antoni Chru\u015bciel \"Monter\" t\u00e1bornokr\u00f3l.\nSajnos nem tudok r\u00e9szt venni az \u00fcnneps\u00e9gen. Szeretn\u00e9m biztos\u00edtani \u00d6n\u00f6ket, hogy ezen a\nSzeretn\u00e9lek biztos\u00edtani benneteket arr\u00f3l, hogy a sz\u00edvem veletek van ezen az \u00e9vfordul\u00f3n. <\/p>\n\n\n\n<p class=\"wp-block-paragraph\">Az\u00e1ltal, hogy Antoni t\u00e1bornok nev\u00e9t vette fel.\nChru\u015bciel, az iskolai k\u00f6z\u00f6ss\u00e9g lett \u00f6r\u00f6k\u00f6se eszm\u00e9k k\u00f6zel \u00e1llt a\nV\u00e9dn\u00f6k, akinek a szabad haza volt a legnagyobb \u00e9rt\u00e9k. Sz\u00fcletett\n1895-ben sz\u00fcletett, \u00e9s megtapasztalta az \u00e9letet a partiz\u00e1nok uralma alatt. Szuver\u00e9n Lengyelorsz\u00e1got akart,\n\u00c1lmait val\u00f3s\u00e1gos, f\u00fcggetlens\u00e9gre t\u00f6rekv\u0151 tettekre v\u00e1ltotta. Kezdetben\nEgy titkos felder\u00edt\u0151 mozgalomban, majd a Keleti L\u00e9gi\u00f3 katon\u00e1jak\u00e9nt harcolt. Az \u0151\ntud\u00e1s \u00e9s hatalmas tapasztalat, \u0151 szolg\u00e1lta a F\u00fcggetlens\u00e9g, \u00e9s miut\u00e1n \u00e9vekig a szabads\u00e1g\nA szabads\u00e1g \u00e9vei ut\u00e1n ism\u00e9t r\u00e9szt vett a megsz\u00e1ll\u00f3k elleni f\u00f6ldalatti harcban. &nbsp;&nbsp;&nbsp;<\/p>\n\n\n\n<p class=\"wp-block-paragraph\">&nbsp;&nbsp;&nbsp;&nbsp;&nbsp;&nbsp;&nbsp;&nbsp;&nbsp;&nbsp;&nbsp; Meggy\u0151z\u0151d\u00e9sem.\nhogy Antoni Chru\u015bciel t\u00e1bornok tov\u00e1bbra is tekint\u00e9ly \u00e9s p\u00e9ldak\u00e9p marad a\nk\u00f6vetni. H\u0151sies magatart\u00e1s\u00e1b\u00f3l a fiatalok er\u0151t mer\u00edtenek a mindennapi \u00e9letben.\n\u00e9s a hazaszeretet, az elsz\u00e1nts\u00e1g \u00e9s a Lengyelorsz\u00e1g jav\u00e1ra val\u00f3 munk\u00e1ra val\u00f3 hajland\u00f3s\u00e1g lesz\na hazaszeretet, az elsz\u00e1nts\u00e1g \u00e9s a Lengyelorsz\u00e1g jav\u00e1ra val\u00f3 tenni akar\u00e1s lesz a meghat\u00e1roz\u00f3 a j\u00f6v\u0151beli \u00e9let\u00fckben. <\/p>\n\n\n\n<p class=\"wp-block-paragraph\">\u0150szinte elismer\u00e9semet szeretn\u00e9m kifejezni a k\u00f6vetkez\u0151knek\na tantest\u00fcletnek \u00e9s a sz\u00fcl\u0151knek a fiatalok tisztelettel t\u00f6rt\u00e9n\u0151 nevel\u00e9s\u00e9\u00e9rt\naz \u00e9rt\u00e9kek \u00e9s a t\u00f6rt\u00e9nelmi \u00f6r\u00f6ks\u00e9g. K\u00f6sz\u00f6nj\u00fck, hogy \u00e1polj\u00e1k \"Monter\" eml\u00e9k\u00e9t.\n\u00e9s a hazafias hozz\u00e1\u00e1ll\u00e1s el\u0151mozd\u00edt\u00e1sa. &nbsp;&nbsp;&nbsp;<\/p>\n\n\n\n<p class=\"wp-block-paragraph\">Azt k\u00edv\u00e1nom, hogy ez az \u00e9vfordul\u00f3 napja az iskola sz\u00e1m\u00e1ra az elm\u00e9lked\u00e9s ideje legyen.\nk\u00f6z\u00f6ss\u00e9g az elm\u00e9lked\u00e9s, valamint az igazi b\u00fcszkes\u00e9g \u00e9s a felejthetetlen\ntapasztalatok. <\/p>\n\n\n\n<p class=\"wp-block-paragraph\">\u0150szinte \u00fcdv\u00f6zletem \u00e9s legjobb k\u00edv\u00e1ns\u00e1gaim mindannyiuknak.\n\u00dcdv\u00f6zlettel. &nbsp;<\/p>\n\n\n\n<p class=\"wp-block-paragraph\">Marek Kuchci\u0144ski <\/p>","protected":false},"excerpt":{"rendered":"<p>Szanowna Pani Dyrektor, Szanowni Pa\u0144stwo, Drodzy Uczniowie, serdecznie dzi\u0119kuj\u0119 za zaproszenie na obchody 30-lecia nadania szkole imienia genera\u0142a Antoniego Chru\u015bciela \u201eMontera\u201d. Niestety nie mog\u0119 wzi\u0105\u0107 udzia\u0142u w&nbsp;uroczysto\u015bciach. Pragn\u0119 zapewni\u0107, \u017ce w tym rocznicowym dniu sercem \u0142\u0105cz\u0119 si\u0119 ze&nbsp;zgromadzonymi. Przez akt przyj\u0119cia imienia genera\u0142a Antoniego Chru\u015bciela szkolna spo\u0142eczno\u015b\u0107 sta\u0142a si\u0119 spadkobierc\u0105 idei bliskich swojemu Patronowi, dla [&hellip;]<\/p>\n","protected":false},"author":6,"featured_media":15215,"comment_status":"open","ping_status":"open","sticky":false,"template":"","format":"standard","meta":{"ngg_post_thumbnail":0,"footnotes":""},"categories":[104],"tags":[],"class_list":["post-15214","post","type-post","status-publish","format-standard","has-post-thumbnail","hentry","category-lms"],"_links":{"self":[{"href":"https:\/\/marekkuchcinski.pl\/hu\/wp-json\/wp\/v2\/posts\/15214","targetHints":{"allow":["GET"]}}],"collection":[{"href":"https:\/\/marekkuchcinski.pl\/hu\/wp-json\/wp\/v2\/posts"}],"about":[{"href":"https:\/\/marekkuchcinski.pl\/hu\/wp-json\/wp\/v2\/types\/post"}],"author":[{"embeddable":true,"href":"https:\/\/marekkuchcinski.pl\/hu\/wp-json\/wp\/v2\/users\/6"}],"replies":[{"embeddable":true,"href":"https:\/\/marekkuchcinski.pl\/hu\/wp-json\/wp\/v2\/comments?post=15214"}],"version-history":[{"count":1,"href":"https:\/\/marekkuchcinski.pl\/hu\/wp-json\/wp\/v2\/posts\/15214\/revisions"}],"predecessor-version":[{"id":15216,"href":"https:\/\/marekkuchcinski.pl\/hu\/wp-json\/wp\/v2\/posts\/15214\/revisions\/15216"}],"wp:featuredmedia":[{"embeddable":true,"href":"https:\/\/marekkuchcinski.pl\/hu\/wp-json\/wp\/v2\/media\/15215"}],"wp:attachment":[{"href":"https:\/\/marekkuchcinski.pl\/hu\/wp-json\/wp\/v2\/media?parent=15214"}],"wp:term":[{"taxonomy":"category","embeddable":true,"href":"https:\/\/marekkuchcinski.pl\/hu\/wp-json\/wp\/v2\/categories?post=15214"},{"taxonomy":"post_tag","embeddable":true,"href":"https:\/\/marekkuchcinski.pl\/hu\/wp-json\/wp\/v2\/tags?post=15214"}],"curies":[{"name":"wp","href":"https:\/\/api.w.org\/{rel}","templated":true}]}}