{"id":15212,"date":"2019-05-09T11:15:07","date_gmt":"2019-05-09T09:15:07","guid":{"rendered":"https:\/\/marekkuchcinski.pl\/?p=15212"},"modified":"2019-05-09T11:15:09","modified_gmt":"2019-05-09T09:15:09","slug":"powiatowy-dzien-godnosci-osob-niepelnosprawnych","status":"publish","type":"post","link":"https:\/\/marekkuchcinski.pl\/hu\/bez-kategorii\/lms\/powiatowy-dzien-godnosci-osob-niepelnosprawnych\/","title":{"rendered":"A fogyat\u00e9kkal \u00e9l\u0151k m\u00e9lt\u00f3s\u00e1g\u00e1nak ker\u00fcleti napja"},"content":{"rendered":"<p class=\"wp-block-paragraph\"><em>Vars\u00f3,\n       2019. m\u00e1jus.<\/em><\/p>\n\n\n\n<p class=\"wp-block-paragraph\"><em> H\u00f6lgyeim \u00e9s uraim!<\/em><\/p>\n\n\n\n<p class=\"wp-block-paragraph\"><em>k\u00f6sz\u00f6n\u00f6m a megh\u00edv\u00e1st\nhogy r\u00e9szt vegyenek a Fogyat\u00e9koss\u00e1ggal \u00e9l\u0151 szem\u00e9lyek m\u00e9lt\u00f3s\u00e1g\u00e1nak ker\u00fcleti napj\u00e1n. Nem lehet\nmivel szem\u00e9lyesen nem tehetem meg, \u0151szinte \u00fcdv\u00f6zletemet k\u00fcld\u00f6m a r\u00e9sztvev\u0151knek.\naz \u00fcnneps\u00e9g r\u00e9sztvev\u0151inek. &nbsp;<\/em><\/p>\n\n\n\n<p class=\"wp-block-paragraph\"><em>A mai\nalkalom arra, hogy mindannyiunkat eml\u00e9keztess\u00fcnk a fogyat\u00e9kkal \u00e9l\u0151k jogaira,\nhogy t\u00e1rsadalmunk szerves r\u00e9sz\u00e9t k\u00e9pezik. Ez egy olyan pillanat, amely minket\nhogy elgondolkodjanak mindennapi \u00e9let\u00fck\u00f6n, amely gyakran tele van intoleranci\u00e1val \u00e9s meg\u00e9rt\u00e9s hi\u00e1ny\u00e1val.\n\u00e9s a meg\u00e9rt\u00e9s hi\u00e1nya. \u00c9s m\u00e9gis t\u0151l\u00fck tanulhatjuk meg az \u00e9rz\u00e9kenys\u00e9get.\n\u00e9s emp\u00e1tia. A fogyat\u00e9kkal \u00e9l\u0151k m\u00e9lt\u00f3s\u00e1g\u00e1nak ker\u00fcleti napja\negy\u00fattal lehet\u0151s\u00e9g arra is, hogy megt\u00f6rj\u00f6n\nA fogyat\u00e9kkal \u00e9l\u0151k m\u00e9lt\u00f3s\u00e1g\u00e1nak napja egyben lehet\u0151s\u00e9g arra is, hogy megt\u00f6rj\u00fck a sztereot\u00edpi\u00e1kat, \u00e9s egy\u00fattal hozz\u00e1j\u00e1ruljunk az e t\u00e1rsadalmi csoport probl\u00e9m\u00e1ir\u00f3l sz\u00f3l\u00f3 vit\u00e1hoz.\nA Fogyat\u00e9koss\u00e1ggal \u00e9l\u0151k m\u00e9lt\u00f3s\u00e1g\u00e1nak napja arra is lehet\u0151s\u00e9get ny\u00fajt, hogy megt\u00f6rj\u00fck a sztereot\u00edpi\u00e1kat, \u00e9s egy\u00fattal megvitassuk azokat a probl\u00e9m\u00e1kat, amelyekkel ez a t\u00e1rsadalmi csoport, valamint hozz\u00e1tartoz\u00f3ik szembes\u00fclnek. &nbsp;<\/em><\/p>\n\n\n\n<p class=\"wp-block-paragraph\"><em>Ez\u00e9rt\nSzeretn\u00e9m elismer\u00e9semet kifejezni azoknak az embereknek \u00e9s int\u00e9zm\u00e9nyeknek, akik r\u00e9szt vettek a\n\u00fcnneps\u00e9gek, valamint mindazoknak, akik<\/em>, <em>akik mindennapi munk\u00e1jukkal hozz\u00e1j\u00e1rulnak az al\u00e1bbiak jav\u00edt\u00e1s\u00e1hoz\na sors \u00e1ltal \u00e9rintettek \u00e9letmin\u0151s\u00e9g\u00e9nek jav\u00edt\u00e1sa. D<\/em><em>K\u00f6sz\u00f6nj\u00fck elk\u00f6telezetts\u00e9g\u00e9t,\n\u00e9s mindenekel\u0151tt az\u00e9rt, hogy hajland\u00f3 vagy seg\u00edteni m\u00e1sokon.<\/em> <em>Ugyanakkor sok sikert \u00e9s kitart\u00e1st k\u00edv\u00e1nok a t\u00f6rekv\u00e9seikhez.\n<\/em><\/p>\n\n\n\n<p class=\"wp-block-paragraph\"><em>Ez alkalommal<\/em> <em>Szeretn\u00e9k a fogyat\u00e9koss\u00e1ggal \u00e9l\u0151k m\u00e9lt\u00f3s\u00e1g\u00e1nak napja alkalm\u00e1b\u00f3l tartott \u00fcnneps\u00e9gen r\u00e9sztvev\u0151knek k\u00edv\u00e1nni\nK\u00edv\u00e1nok kellemes \u00fcnnepl\u00e9st, meg\u00e9rt\u00e9ssel \u00e9s kedvess\u00e9ggel. <\/em><\/p>\n\n\n\n<p class=\"wp-block-paragraph\"><em>M\u00e9g egyszer \u00fcdv\u00f6zletem \u00e9s\n\u00dcdv\u00f6zlettel. <\/em><\/p>\n\n\n\n<p class=\"wp-block-paragraph\"><em>Marek Kuchci\u0144ski<\/em><\/p>","protected":false},"excerpt":{"rendered":"<p>Warszawa,&nbsp; &nbsp;&nbsp;&nbsp;&nbsp;&nbsp;&nbsp;&nbsp;maja 2019 r. Szanowni Pa\u0144stwo, uprzejmie dzi\u0119kuj\u0119 za zaproszenie do wzi\u0119cia udzia\u0142u w Powiatowym Dniu Godno\u015bci Os\u00f3b Niepe\u0142nosprawnych. Nie mog\u0105c uczyni\u0107 tego osobi\u015bcie, t\u0105 drog\u0105 przesy\u0142am serdeczne pozdrowienia dla uczestnik\u00f3w uroczysto\u015bci. &nbsp; Dzisiejsze \u015bwi\u0119to jest okazj\u0105 do przypomnienia nam wszystkim o prawach os\u00f3b niepe\u0142nosprawnych, o tym, \u017ce s\u0105 one integraln\u0105 cz\u0119\u015bci\u0105 naszego spo\u0142ecze\u0144stwa. To [&hellip;]<\/p>\n","protected":false},"author":6,"featured_media":13506,"comment_status":"open","ping_status":"open","sticky":false,"template":"","format":"standard","meta":{"ngg_post_thumbnail":0,"footnotes":""},"categories":[104],"tags":[],"class_list":["post-15212","post","type-post","status-publish","format-standard","has-post-thumbnail","hentry","category-lms"],"_links":{"self":[{"href":"https:\/\/marekkuchcinski.pl\/hu\/wp-json\/wp\/v2\/posts\/15212","targetHints":{"allow":["GET"]}}],"collection":[{"href":"https:\/\/marekkuchcinski.pl\/hu\/wp-json\/wp\/v2\/posts"}],"about":[{"href":"https:\/\/marekkuchcinski.pl\/hu\/wp-json\/wp\/v2\/types\/post"}],"author":[{"embeddable":true,"href":"https:\/\/marekkuchcinski.pl\/hu\/wp-json\/wp\/v2\/users\/6"}],"replies":[{"embeddable":true,"href":"https:\/\/marekkuchcinski.pl\/hu\/wp-json\/wp\/v2\/comments?post=15212"}],"version-history":[{"count":1,"href":"https:\/\/marekkuchcinski.pl\/hu\/wp-json\/wp\/v2\/posts\/15212\/revisions"}],"predecessor-version":[{"id":15213,"href":"https:\/\/marekkuchcinski.pl\/hu\/wp-json\/wp\/v2\/posts\/15212\/revisions\/15213"}],"wp:featuredmedia":[{"embeddable":true,"href":"https:\/\/marekkuchcinski.pl\/hu\/wp-json\/wp\/v2\/media\/13506"}],"wp:attachment":[{"href":"https:\/\/marekkuchcinski.pl\/hu\/wp-json\/wp\/v2\/media?parent=15212"}],"wp:term":[{"taxonomy":"category","embeddable":true,"href":"https:\/\/marekkuchcinski.pl\/hu\/wp-json\/wp\/v2\/categories?post=15212"},{"taxonomy":"post_tag","embeddable":true,"href":"https:\/\/marekkuchcinski.pl\/hu\/wp-json\/wp\/v2\/tags?post=15212"}],"curies":[{"name":"wp","href":"https:\/\/api.w.org\/{rel}","templated":true}]}}