{"id":15044,"date":"2019-04-25T16:21:18","date_gmt":"2019-04-25T14:21:18","guid":{"rendered":"https:\/\/marekkuchcinski.pl\/?p=15044"},"modified":"2019-04-29T15:26:32","modified_gmt":"2019-04-29T13:26:32","slug":"marek-kuchcinski-odslonil-popiersia-wspoltworcow-konstytucji-3-maja","status":"publish","type":"post","link":"https:\/\/marekkuchcinski.pl\/hu\/wydarzenia\/marek-kuchcinski-odslonil-popiersia-wspoltworcow-konstytucji-3-maja\/","title":{"rendered":"Marek Kuchci\u0144ski leleplezte a m\u00e1jus 3-i alkotm\u00e1ny t\u00e1rsszerz\u0151inek mellszobrait"},"content":{"rendered":"<p>A Szejm komplexum sz\u00edv\u00e9ben az els\u0151 k\u00f6zt\u00e1rsas\u00e1gi k\u00e9pvisel\u0151h\u00e1zi eln\u00f6k\u00f6ket \u00e1br\u00e1zol\u00f3 szobrok gal\u00e9ri\u00e1j\u00e1t avatt\u00e1k fel.<\/p>\n\n\n\n<p>Marek Kuchci\u0144ski, a Szejm marsallja, a m\u00e1jus 3-i alkotm\u00e1ny t\u00e1rsszerz\u0151inek mellszobrainak leleplez\u00e9se: Stanis\u0142aw Ma\u0142achowski, a N\u00e9gy\u00e9ves Szejm marsallja \u00e9s Kazimierz Nestor Sapieha, a Litv\u00e1n Nagyfejedelems\u00e9g Konf\u00f6der\u00e1ci\u00f3j\u00e1nak marsallja elmondta:<\/p>\n\n\n\n<p>El\u0151sz\u00f6r e k\u00e9t marsall szobr\u00e1t leplezz\u00fck le, mivel id\u00e9n \u00fcnnepelj\u00fck a lublini uni\u00f3 al\u00e1\u00edr\u00e1s\u00e1nak 450. \u00e9vfordul\u00f3j\u00e1t.<\/p>\n\n\n\n<p>Ez egyes\u00edtette a k\u00e9t \u00e1llamot, lehet\u0151v\u00e9 t\u00e9ve a\nEur\u00f3p\u00e1ban egyed\u00fcl\u00e1ll\u00f3 parlamenti rendszer. <\/p>\n\n\n\n<p>\u00c9s 1791-ben, a n\u00e9gy\u00e9ves szejm sor\u00e1n Malachowski \u00e9s Sapieha marsallok jelenl\u00e9t\u00e9ben meger\u0151s\u00edtett\u00e9k az uni\u00f3 gondolat\u00e1nak \u00e1lland\u00f3s\u00e1g\u00e1t.<\/p>\n\n\n\n<p>A k\u00e9t marsall b\u00f6lcsess\u00e9ge \u00e9s el\u0151rel\u00e1t\u00e1sa, a m\u00e9ly politikai \u00e9rz\u00e9k\u00fck\npolitikai \u00e9rz\u00e9ke \u00e9s a republik\u00e1nus \u00e9rt\u00e9kek tisztelete lehet\u0151v\u00e9 tette, hogy egyes\u00edts\u00e9k er\u0151fesz\u00edt\u00e9seiket\na szuverenit\u00e1s\u00e9rt a Lengyel-Litv\u00e1n Nemzetk\u00f6z\u00f6ss\u00e9g rendszer\u00e9nek reformj\u00e1val. Ezek az \u00f6tletek m\u00e9g mindig\n\u00e9s inspir\u00e1l\u00f3.<\/p>\n\n\n\n<p>Tavaly a lublini uni\u00f3 t\u00f6rv\u00e9nye felker\u00fclt az UNESCO Vil\u00e1geml\u00e9kezet programj\u00e1nak vil\u00e1glist\u00e1j\u00e1ra, amelyre Lengyelorsz\u00e1g, Litv\u00e1nia, Lettorsz\u00e1g, Feh\u00e9roroszorsz\u00e1g \u00e9s Ukrajna k\u00f6z\u00f6sen p\u00e1ly\u00e1zott.<\/p>\n\n\n\n<p>Rem\u00e9lj\u00fck, hogy ezek a szobrok, mint a Szejm ter\u00fclet\u00e9n elhelyezett nemzeti m\u0171v\u00e9szeti alkot\u00e1sok, valamint az els\u0151 \u00e9s m\u00e1sodik k\u00f6zt\u00e1rsas\u00e1gi marsallok portr\u00e9i seg\u00edtenek a lengyelek t\u00f6rt\u00e9nelmi eml\u00e9kezet\u00e9nek \u00e9s t\u00e1rsadalmi \u00e9rz\u00e9kenys\u00e9g\u00e9nek alak\u00edt\u00e1s\u00e1ban\" - hangs\u00falyozta a Szejm eln\u00f6ke.<\/p>\n\n\n\n<p>A gal\u00e9ria egyike azoknak a projekteknek, amelyeket a Lengyel K\u00f6zt\u00e1rsas\u00e1g parlamenti rendszer\u00e9nek 550. \u00e9vfordul\u00f3ja alkalm\u00e1b\u00f3l tavaly ind\u00edtottak. <\/p>\n\n\n\n<p><em>Fot\u00f3: Marta Olejnik<\/em><\/p>\n\n\n\n<figure class=\"wp-block-image\"><img fetchpriority=\"high\" decoding=\"async\" width=\"709\" height=\"1024\" src=\"https:\/\/marekkuchcinski.pl\/wp-content\/uploads\/2019\/04\/IMG_9057-2-709x1024.jpg\" alt=\"\" class=\"wp-image-15136\" srcset=\"https:\/\/marekkuchcinski.pl\/wp-content\/uploads\/2019\/04\/IMG_9057-2-709x1024.jpg 709w, https:\/\/marekkuchcinski.pl\/wp-content\/uploads\/2019\/04\/IMG_9057-2-208x300.jpg 208w, https:\/\/marekkuchcinski.pl\/wp-content\/uploads\/2019\/04\/IMG_9057-2-768x1109.jpg 768w, https:\/\/marekkuchcinski.pl\/wp-content\/uploads\/2019\/04\/IMG_9057-2.jpg 1419w\" sizes=\"(max-width: 709px) 100vw, 709px\" \/><figcaption> <br><strong>C A Z I M I E R Z<br> N E S T O R S A P P I E H A<\/strong><br><strong>1754-1798<br><\/strong><br>A lovagi iskol\u00e1ban tanult (1767-1771). A litv\u00e1n t\u00fcz\u00e9rs\u00e9g t\u00e1bornoka<br> (1773-1792). Az 1788-as Nagy Szejmben a Konf\u00f6der\u00e1ci\u00f3 eln\u00f6ke lett.<br> Litv\u00e1nia. Kezdetben a Hetman oldal\u00e1ra hajolt.<br> (Franciszek Ksawery Branicki hetman rokona), de a<br> Stanis\u0142aw Ma\u0142achowski befoly\u00e1sa alatt \u00e1t\u00e1llt a Stanis\u0142aw Ma\u0142achowski-p\u00e1rtiak oldal\u00e1ra.<br> reformokat, \u00e9s felesk\u00fcd\u00f6tt a m\u00e1jus 3-i alkotm\u00e1nyra. Tiltakozott a csatlakoz\u00e1s ellen<br> Stanis\u0142aw August a Targowicki Konf\u00f6der\u00e1ci\u00f3hoz \u00e9s elhagyta Lengyelorsz\u00e1got. A  ut\u00e1n<br> a Ko\u015bciuszko-felkel\u00e9s kit\u00f6r\u00e9sekor visszat\u00e9rt az orsz\u00e1gba, \u00e9s harcolt.<br> t\u00fcz\u00e9rs\u00e9gi kapit\u00e1nyi rangban, \u00e9s a felkel\u00e9s buk\u00e1sa ut\u00e1n ism\u00e9t elment<br> Sz\u00e1m\u0171zet\u00e9sbe vonult. Szejm-besz\u00e9dei nyomtat\u00e1sban is megjelentek, verseit<br> Megjelent a \"Zabawy Przyjemne i Po\u017cytecznych\" c\u00edm\u0171 foly\u00f3iratban.<br><br> <br>A mellszobor szerz\u0151je <strong>Kazimierz Nestor Sapieha<\/strong> Marek Szczepanik, a vars\u00f3i K\u00e9pz\u0151m\u0171v\u00e9szeti Akad\u00e9mi\u00e1n v\u00e9gzett radomi szobr\u00e1sz, aki egy\u00fcttm\u0171k\u00f6dik a Nemzeti Eml\u00e9kezet Int\u00e9zet\u00e9vel \u00e9s az \"Eml\u00e9kez\u00fcnk\" Alap\u00edtv\u00e1nnyal, \u00e9s aki t\u00f6bbek k\u00f6z\u00f6tt egy tucatnyi, az el\u00e1tkozott katon\u00e1knak szentelt eml\u00e9km\u0171, a Radomban tal\u00e1lhat\u00f3 L\u00e9gi\u00f3sok \u00e9s Jan Kili\u0144ski tett\u00e9nek eml\u00e9km\u0171v\u00e9nek szerz\u0151je.  <br><br><\/figcaption><\/figure>\n\n\n\n<figure class=\"wp-block-image\"><img decoding=\"async\" width=\"781\" height=\"1024\" src=\"https:\/\/marekkuchcinski.pl\/wp-content\/uploads\/2019\/04\/IMG_9063-1-781x1024.jpg\" alt=\"\" class=\"wp-image-15139\" srcset=\"https:\/\/marekkuchcinski.pl\/wp-content\/uploads\/2019\/04\/IMG_9063-1-781x1024.jpg 781w, https:\/\/marekkuchcinski.pl\/wp-content\/uploads\/2019\/04\/IMG_9063-1-229x300.jpg 229w, https:\/\/marekkuchcinski.pl\/wp-content\/uploads\/2019\/04\/IMG_9063-1-768x1006.jpg 768w, https:\/\/marekkuchcinski.pl\/wp-content\/uploads\/2019\/04\/IMG_9063-1.jpg 1563w\" sizes=\"(max-width: 781px) 100vw, 781px\" \/><figcaption> <br><strong>T R A N S I T I O N<br> M A \u0141 A C H O W S K<br>1736-18<\/strong>0<strong>9<\/strong><br><br>  Al\u00e1\u00edrta Stanis\u0142aw August megv\u00e1laszt\u00e1s\u00e1t (1764). Az egyik legkiemelked\u0151bb<br> a hazafias p\u00e1rt tagjai, t\u00e1mogatt\u00e1k az emancip\u00e1ci\u00f3s t\u00f6rekv\u00e9seket a<br> v\u00e1roslak\u00f3k. 1774-t\u0151l a koronab\u00edr\u00f3s\u00e1g b\u00edr\u00e1ja \u00e9s marsallja, h\u00edres<br> becs\u00fcletess\u00e9g\u00e9\u00e9rt \u00e9s feddhetetlens\u00e9g\u00e9\u00e9rt (a lengyel Arisztid\u00e1k n\u00e9ven ismert). Referendarz<br> Nagy tr\u00f3n\u00f6r\u00f6k\u00f6s (1780-1792). A Nagy Szejm eln\u00f6kek\u00e9nt (1788-1792)<br> a hazafias p\u00e1rtok \u00e1ll\u00e1spontjainak \u00f6sszefog\u00e1s\u00e1n dolgozott.<br> A kir\u00e1lyi k\u00e9pvisel\u0151h\u00e1z tagja volt. R\u00e9szt vett a m\u00e1jus 3-i alkotm\u00e1ny sz\u00f6veg\u00e9nek kidolgoz\u00e1s\u00e1ban.<br> 1792-ben nyilv\u00e1nosan el\u00edt\u00e9lte a targowicai konf\u00f6der\u00e1ci\u00f3t, \u00e9s demonstrat\u00edv m\u00f3don<br> lemondott tiszts\u00e9g\u00e9r\u0151l, miut\u00e1n el\u0151z\u0151leg korl\u00e1tozta (felf\u00fcggesztette) a Nagy Szejm munk\u00e1j\u00e1t.<br> A Feh\u00e9r Sas Lovagrend lovagja (1782). 1807-ben lett az eln\u00f6ki tisztet bet\u00f6lt\u0151<br> A korm\u00e1nybizotts\u00e1g tagja, majd a Vars\u00f3i Hercegs\u00e9g szen\u00e1tus\u00e1nak eln\u00f6ke volt. <br><br><br> A mellszobor szerz\u0151je <strong>Stanis\u0142aw Ma\u0142achowski<\/strong> El\u017cbieta Ko\u0142odziejczyk-Macander, a vars\u00f3i K\u00e9pz\u0151m\u0171v\u00e9szeti Akad\u00e9mia szobr\u00e1szati \u00e9s \u00e9p\u00edt\u00e9szeti elemek konzerv\u00e1l\u00e1si \u00e9s restaur\u00e1l\u00e1si tansz\u00e9k\u00e9nek oktat\u00f3ja. Eredm\u00e9nyei k\u00f6z\u00e9 tartozik J\u00f3zef Gos\u0142awski m\u0171veinek restaur\u00e1l\u00e1sa, amelyek 2013 \u00f3ta d\u00edsz\u00edtik a Szejm udvar\u00e1t, valamint a Szejm udvar\u00e1n tal\u00e1lhat\u00f3<br>az ukrajnai Zsovkva v\u00e1ros\u00e1ban tal\u00e1lhat\u00f3 Szent L\u0151rinc koll\u00e9giumi templom belseje. A mellszobor bronz\u00f6ntv\u00e9ny\u00e9t Marek \u017bebrowski, egy Bielsko-Bia\u0142a-i szobr\u00e1sz k\u00e9sz\u00edtette.  <br><br><br><\/figcaption><\/figure>\n\n\n\n<figure class=\"wp-block-image\"><img decoding=\"async\" width=\"1024\" height=\"683\" src=\"https:\/\/marekkuchcinski.pl\/wp-content\/uploads\/2019\/04\/IMG_9077-1024x683.jpg\" alt=\"\" class=\"wp-image-15143\" srcset=\"https:\/\/marekkuchcinski.pl\/wp-content\/uploads\/2019\/04\/IMG_9077-1024x683.jpg 1024w, https:\/\/marekkuchcinski.pl\/wp-content\/uploads\/2019\/04\/IMG_9077-300x200.jpg 300w, https:\/\/marekkuchcinski.pl\/wp-content\/uploads\/2019\/04\/IMG_9077-768x512.jpg 768w, https:\/\/marekkuchcinski.pl\/wp-content\/uploads\/2019\/04\/IMG_9077.jpg 2048w\" sizes=\"(max-width: 1024px) 100vw, 1024px\" \/><\/figure>\n\n\n\n<figure class=\"wp-block-image\"><img loading=\"lazy\" decoding=\"async\" width=\"1024\" height=\"683\" src=\"https:\/\/marekkuchcinski.pl\/wp-content\/uploads\/2019\/04\/IMG_9065-1024x683.jpg\" alt=\"\" class=\"wp-image-15147\" srcset=\"https:\/\/marekkuchcinski.pl\/wp-content\/uploads\/2019\/04\/IMG_9065-1024x683.jpg 1024w, https:\/\/marekkuchcinski.pl\/wp-content\/uploads\/2019\/04\/IMG_9065-300x200.jpg 300w, https:\/\/marekkuchcinski.pl\/wp-content\/uploads\/2019\/04\/IMG_9065-768x512.jpg 768w, https:\/\/marekkuchcinski.pl\/wp-content\/uploads\/2019\/04\/IMG_9065.jpg 2048w\" sizes=\"(max-width: 1024px) 100vw, 1024px\" \/><\/figure>\n\n\n\n<figure class=\"wp-block-image\"><img loading=\"lazy\" decoding=\"async\" width=\"1024\" height=\"683\" src=\"https:\/\/marekkuchcinski.pl\/wp-content\/uploads\/2019\/04\/IMG_8698-1-1024x683.jpg\" alt=\"\" class=\"wp-image-15060\" srcset=\"https:\/\/marekkuchcinski.pl\/wp-content\/uploads\/2019\/04\/IMG_8698-1-1024x683.jpg 1024w, https:\/\/marekkuchcinski.pl\/wp-content\/uploads\/2019\/04\/IMG_8698-1-300x200.jpg 300w, https:\/\/marekkuchcinski.pl\/wp-content\/uploads\/2019\/04\/IMG_8698-1-768x512.jpg 768w, https:\/\/marekkuchcinski.pl\/wp-content\/uploads\/2019\/04\/IMG_8698-1.jpg 2048w\" sizes=\"(max-width: 1024px) 100vw, 1024px\" \/><\/figure>\n\n\n\n<figure class=\"wp-block-image\"><img loading=\"lazy\" decoding=\"async\" width=\"1024\" height=\"683\" src=\"https:\/\/marekkuchcinski.pl\/wp-content\/uploads\/2019\/04\/IMG_8738-1-1024x683.jpg\" alt=\"\" class=\"wp-image-15151\" srcset=\"https:\/\/marekkuchcinski.pl\/wp-content\/uploads\/2019\/04\/IMG_8738-1-1024x683.jpg 1024w, https:\/\/marekkuchcinski.pl\/wp-content\/uploads\/2019\/04\/IMG_8738-1-300x200.jpg 300w, https:\/\/marekkuchcinski.pl\/wp-content\/uploads\/2019\/04\/IMG_8738-1-768x512.jpg 768w, https:\/\/marekkuchcinski.pl\/wp-content\/uploads\/2019\/04\/IMG_8738-1.jpg 2048w\" sizes=\"(max-width: 1024px) 100vw, 1024px\" \/><\/figure>\n\n\n\n<figure class=\"wp-block-image\"><img loading=\"lazy\" decoding=\"async\" width=\"1024\" height=\"683\" src=\"https:\/\/marekkuchcinski.pl\/wp-content\/uploads\/2019\/04\/IMG_8800-1024x683.jpg\" alt=\"\" class=\"wp-image-15152\" srcset=\"https:\/\/marekkuchcinski.pl\/wp-content\/uploads\/2019\/04\/IMG_8800-1024x683.jpg 1024w, https:\/\/marekkuchcinski.pl\/wp-content\/uploads\/2019\/04\/IMG_8800-300x200.jpg 300w, https:\/\/marekkuchcinski.pl\/wp-content\/uploads\/2019\/04\/IMG_8800-768x512.jpg 768w, https:\/\/marekkuchcinski.pl\/wp-content\/uploads\/2019\/04\/IMG_8800.jpg 2048w\" sizes=\"(max-width: 1024px) 100vw, 1024px\" \/><\/figure>\n\n\n\n<ul class=\"wp-block-gallery columns-1 is-cropped wp-block-gallery-1 is-layout-flex wp-block-gallery-is-layout-flex\"><li class=\"blocks-gallery-item\"><figure><img loading=\"lazy\" decoding=\"async\" width=\"1024\" height=\"683\" src=\"https:\/\/marekkuchcinski.pl\/wp-content\/uploads\/2019\/04\/IMG_8774-1024x683.jpg\" alt=\"\" data-id=\"15046\" data-link=\"https:\/\/marekkuchcinski.pl\/?attachment_id=15046\" class=\"wp-image-15046\" srcset=\"https:\/\/marekkuchcinski.pl\/wp-content\/uploads\/2019\/04\/IMG_8774-1024x683.jpg 1024w, https:\/\/marekkuchcinski.pl\/wp-content\/uploads\/2019\/04\/IMG_8774-300x200.jpg 300w, https:\/\/marekkuchcinski.pl\/wp-content\/uploads\/2019\/04\/IMG_8774-768x512.jpg 768w, https:\/\/marekkuchcinski.pl\/wp-content\/uploads\/2019\/04\/IMG_8774.jpg 2048w\" sizes=\"(max-width: 1024px) 100vw, 1024px\" \/><\/figure><\/li><li class=\"blocks-gallery-item\"><figure><img loading=\"lazy\" decoding=\"async\" width=\"1024\" height=\"683\" src=\"https:\/\/marekkuchcinski.pl\/wp-content\/uploads\/2019\/04\/IMG_8810-1024x683.jpg\" alt=\"\" data-id=\"15049\" data-link=\"https:\/\/marekkuchcinski.pl\/?attachment_id=15049\" class=\"wp-image-15049\" srcset=\"https:\/\/marekkuchcinski.pl\/wp-content\/uploads\/2019\/04\/IMG_8810-1024x683.jpg 1024w, https:\/\/marekkuchcinski.pl\/wp-content\/uploads\/2019\/04\/IMG_8810-300x200.jpg 300w, https:\/\/marekkuchcinski.pl\/wp-content\/uploads\/2019\/04\/IMG_8810-768x512.jpg 768w, https:\/\/marekkuchcinski.pl\/wp-content\/uploads\/2019\/04\/IMG_8810.jpg 2048w\" sizes=\"(max-width: 1024px) 100vw, 1024px\" \/><\/figure><\/li><li class=\"blocks-gallery-item\"><figure><img loading=\"lazy\" decoding=\"async\" width=\"1024\" height=\"683\" src=\"https:\/\/marekkuchcinski.pl\/wp-content\/uploads\/2019\/04\/IMG_8856-1024x683.jpg\" alt=\"\" data-id=\"15051\" data-link=\"https:\/\/marekkuchcinski.pl\/?attachment_id=15051\" class=\"wp-image-15051\" srcset=\"https:\/\/marekkuchcinski.pl\/wp-content\/uploads\/2019\/04\/IMG_8856-1024x683.jpg 1024w, https:\/\/marekkuchcinski.pl\/wp-content\/uploads\/2019\/04\/IMG_8856-300x200.jpg 300w, https:\/\/marekkuchcinski.pl\/wp-content\/uploads\/2019\/04\/IMG_8856-768x512.jpg 768w, https:\/\/marekkuchcinski.pl\/wp-content\/uploads\/2019\/04\/IMG_8856.jpg 2048w\" sizes=\"(max-width: 1024px) 100vw, 1024px\" \/><\/figure><\/li><li class=\"blocks-gallery-item\"><figure><img loading=\"lazy\" decoding=\"async\" width=\"1024\" height=\"683\" src=\"https:\/\/marekkuchcinski.pl\/wp-content\/uploads\/2019\/04\/IMG_9029-1024x683.jpg\" alt=\"\" data-id=\"15055\" data-link=\"https:\/\/marekkuchcinski.pl\/?attachment_id=15055\" class=\"wp-image-15055\" srcset=\"https:\/\/marekkuchcinski.pl\/wp-content\/uploads\/2019\/04\/IMG_9029-1024x683.jpg 1024w, https:\/\/marekkuchcinski.pl\/wp-content\/uploads\/2019\/04\/IMG_9029-300x200.jpg 300w, https:\/\/marekkuchcinski.pl\/wp-content\/uploads\/2019\/04\/IMG_9029-768x512.jpg 768w, https:\/\/marekkuchcinski.pl\/wp-content\/uploads\/2019\/04\/IMG_9029.jpg 2048w\" sizes=\"(max-width: 1024px) 100vw, 1024px\" \/><\/figure><\/li><li class=\"blocks-gallery-item\"><figure><img loading=\"lazy\" decoding=\"async\" width=\"1024\" height=\"605\" src=\"https:\/\/marekkuchcinski.pl\/wp-content\/uploads\/2019\/04\/IMG_8904-1024x605.jpg\" alt=\"\" data-id=\"15057\" data-link=\"https:\/\/marekkuchcinski.pl\/?attachment_id=15057\" class=\"wp-image-15057\" srcset=\"https:\/\/marekkuchcinski.pl\/wp-content\/uploads\/2019\/04\/IMG_8904-1024x605.jpg 1024w, https:\/\/marekkuchcinski.pl\/wp-content\/uploads\/2019\/04\/IMG_8904-300x177.jpg 300w, https:\/\/marekkuchcinski.pl\/wp-content\/uploads\/2019\/04\/IMG_8904-768x453.jpg 768w, https:\/\/marekkuchcinski.pl\/wp-content\/uploads\/2019\/04\/IMG_8904.jpg 2048w\" sizes=\"(max-width: 1024px) 100vw, 1024px\" \/><\/figure><\/li><\/ul>\n\n\n\n<figure class=\"wp-block-image\"><img loading=\"lazy\" decoding=\"async\" width=\"1024\" height=\"683\" src=\"https:\/\/marekkuchcinski.pl\/wp-content\/uploads\/2019\/04\/IMG_8979-1024x683.jpg\" alt=\"\" class=\"wp-image-15070\" srcset=\"https:\/\/marekkuchcinski.pl\/wp-content\/uploads\/2019\/04\/IMG_8979-1024x683.jpg 1024w, https:\/\/marekkuchcinski.pl\/wp-content\/uploads\/2019\/04\/IMG_8979-300x200.jpg 300w, https:\/\/marekkuchcinski.pl\/wp-content\/uploads\/2019\/04\/IMG_8979-768x512.jpg 768w, https:\/\/marekkuchcinski.pl\/wp-content\/uploads\/2019\/04\/IMG_8979.jpg 2048w\" sizes=\"(max-width: 1024px) 100vw, 1024px\" \/><\/figure>\n\n\n\n<figure class=\"wp-block-image\"><img loading=\"lazy\" decoding=\"async\" width=\"1024\" height=\"683\" src=\"https:\/\/marekkuchcinski.pl\/wp-content\/uploads\/2019\/04\/IMG_8794-1024x683.jpg\" alt=\"\" class=\"wp-image-15112\" srcset=\"https:\/\/marekkuchcinski.pl\/wp-content\/uploads\/2019\/04\/IMG_8794-1024x683.jpg 1024w, https:\/\/marekkuchcinski.pl\/wp-content\/uploads\/2019\/04\/IMG_8794-300x200.jpg 300w, https:\/\/marekkuchcinski.pl\/wp-content\/uploads\/2019\/04\/IMG_8794-768x512.jpg 768w, https:\/\/marekkuchcinski.pl\/wp-content\/uploads\/2019\/04\/IMG_8794.jpg 2048w\" sizes=\"(max-width: 1024px) 100vw, 1024px\" \/><\/figure>\n\n\n\n<p><\/p>","protected":false},"excerpt":{"rendered":"<p>A Szejm komplexum sz\u00edv\u00e9ben az els\u0151 k\u00f6zt\u00e1rsas\u00e1g idej\u00e9b\u0151l sz\u00e1rmaz\u00f3, a k\u00e9pvisel\u0151h\u00e1zi eln\u00f6k\u00f6ket \u00e1br\u00e1zol\u00f3 szobrok gal\u00e9ri\u00e1j\u00e1t avatt\u00e1k fel. Marek Kuchci\u0144ski, a Szejm marsallja leleplezi a m\u00e1jus 3-i alkotm\u00e1ny t\u00e1rsalap\u00edt\u00f3inak mellszobrait: Stanis\u0142aw Ma\u0142achowski, a N\u00e9gy\u00e9ves Szejm marsallja \u00e9s Kazimierz Nestor Sapieha, a Litv\u00e1n Nagyfejedelems\u00e9g Konf\u00f6der\u00e1ci\u00f3j\u00e1nak marsallja elmondta: \"Els\u0151sorban az\u00e9rt avatjuk fel e k\u00e9t marsall szobr\u00e1t, mert id\u00e9n \u00fcnnepelj\u00fck az egyezm\u00e9ny al\u00e1\u00edr\u00e1s\u00e1nak 450. \u00e9vfordul\u00f3j\u00e1t [...].<\/p>","protected":false},"author":6,"featured_media":15051,"comment_status":"open","ping_status":"open","sticky":false,"template":"","format":"standard","meta":{"ngg_post_thumbnail":0,"footnotes":""},"categories":[145,3],"tags":[],"class_list":["post-15044","post","type-post","status-publish","format-standard","has-post-thumbnail","hentry","category-sejmgalszt","category-wydarzenia"],"yoast_head":"<!-- This site is optimized with the Yoast SEO plugin v24.7 - https:\/\/yoast.com\/wordpress\/plugins\/seo\/ -->\n<title>Marek Kuchci\u0144ski ods\u0142oni\u0142 popiersia wsp\u00f3\u0142tw\u00f3rc\u00f3w Konstytucji 3 maja &#8211; Marek Kuchci\u0144ski<\/title>\n<meta name=\"robots\" content=\"index, follow, max-snippet:-1, max-image-preview:large, max-video-preview:-1\" \/>\n<link rel=\"canonical\" href=\"https:\/\/marekkuchcinski.pl\/hu\/wydarzenia\/marek-kuchcinski-odslonil-popiersia-wspoltworcow-konstytucji-3-maja\/\" \/>\n<meta property=\"og:locale\" content=\"hu_HU\" \/>\n<meta property=\"og:type\" content=\"article\" \/>\n<meta property=\"og:title\" content=\"Marek Kuchci\u0144ski ods\u0142oni\u0142 popiersia wsp\u00f3\u0142tw\u00f3rc\u00f3w Konstytucji 3 maja &#8211; Marek Kuchci\u0144ski\" \/>\n<meta property=\"og:description\" content=\"W samym sercu kompleksu sejmowego zainicjowano galeri\u0119 rze\u017ab przedstawiaj\u0105cych marsza\u0142k\u00f3w izby poselskiej z&nbsp;&nbsp;okresu I&nbsp;&nbsp;Rzeczypospolitej. Marsza\u0142ek Sejmu Marek Kuchci\u0144ski ods\u0142aniaj\u0105c popiersia wsp\u00f3\u0142tw\u00f3rc\u00f3w Konstytucji 3 maja: Stanis\u0142awa Ma\u0142achowskiego, marsza\u0142ka Sejmu Czteroletniego oraz Kazimierza Nestora Sapiehy, marsza\u0142ka konfederacji Wielkiego Ksi\u0119stwa Litewskiego, powiedzia\u0142: Rze\u017aby tych dw\u00f3ch marsza\u0142k\u00f3w ods\u0142aniamy w pierwszej kolejno\u015bci, bowiem w tym roku obchodzimy 450. rocznic\u0119 podpisania [&hellip;]\" \/>\n<meta property=\"og:url\" content=\"https:\/\/marekkuchcinski.pl\/hu\/wydarzenia\/marek-kuchcinski-odslonil-popiersia-wspoltworcow-konstytucji-3-maja\/\" \/>\n<meta property=\"og:site_name\" content=\"Marek Kuchci\u0144ski\" \/>\n<meta property=\"article:published_time\" content=\"2019-04-25T14:21:18+00:00\" \/>\n<meta property=\"article:modified_time\" content=\"2019-04-29T13:26:32+00:00\" \/>\n<meta property=\"og:image\" content=\"https:\/\/marekkuchcinski.pl\/wp-content\/uploads\/2019\/04\/IMG_8856.jpg\" \/>\n\t<meta property=\"og:image:width\" content=\"2048\" \/>\n\t<meta property=\"og:image:height\" content=\"1365\" \/>\n\t<meta property=\"og:image:type\" content=\"image\/jpeg\" \/>\n<meta name=\"author\" content=\"admin\" \/>\n<meta name=\"twitter:card\" content=\"summary_large_image\" \/>\n<meta name=\"twitter:label1\" content=\"Szerz\u0151:\" \/>\n\t<meta name=\"twitter:data1\" content=\"admin\" \/>\n\t<meta name=\"twitter:label2\" content=\"Becs\u00fclt olvas\u00e1si id\u0151\" \/>\n\t<meta name=\"twitter:data2\" content=\"3 perc\" \/>\n<script type=\"application\/ld+json\" class=\"yoast-schema-graph\">{\"@context\":\"https:\/\/schema.org\",\"@graph\":[{\"@type\":\"Article\",\"@id\":\"https:\/\/marekkuchcinski.pl\/wydarzenia\/marek-kuchcinski-odslonil-popiersia-wspoltworcow-konstytucji-3-maja\/#article\",\"isPartOf\":{\"@id\":\"https:\/\/marekkuchcinski.pl\/wydarzenia\/marek-kuchcinski-odslonil-popiersia-wspoltworcow-konstytucji-3-maja\/\"},\"author\":{\"name\":\"admin\",\"@id\":\"https:\/\/marekkuchcinski.pl\/#\/schema\/person\/6f62700996b4d950b6ea2d1183b6c6be\"},\"headline\":\"Marek Kuchci\u0144ski ods\u0142oni\u0142 popiersia wsp\u00f3\u0142tw\u00f3rc\u00f3w Konstytucji 3 maja\",\"datePublished\":\"2019-04-25T14:21:18+00:00\",\"dateModified\":\"2019-04-29T13:26:32+00:00\",\"mainEntityOfPage\":{\"@id\":\"https:\/\/marekkuchcinski.pl\/wydarzenia\/marek-kuchcinski-odslonil-popiersia-wspoltworcow-konstytucji-3-maja\/\"},\"wordCount\":656,\"commentCount\":0,\"publisher\":{\"@id\":\"https:\/\/marekkuchcinski.pl\/#organization\"},\"image\":{\"@id\":\"https:\/\/marekkuchcinski.pl\/wydarzenia\/marek-kuchcinski-odslonil-popiersia-wspoltworcow-konstytucji-3-maja\/#primaryimage\"},\"thumbnailUrl\":\"https:\/\/marekkuchcinski.pl\/wp-content\/uploads\/2019\/04\/IMG_8856.jpg\",\"articleSection\":[\"Sejmowa galeria sztuki\",\"Wydarzenia\"],\"inLanguage\":\"hu\",\"potentialAction\":[{\"@type\":\"CommentAction\",\"name\":\"Comment\",\"target\":[\"https:\/\/marekkuchcinski.pl\/wydarzenia\/marek-kuchcinski-odslonil-popiersia-wspoltworcow-konstytucji-3-maja\/#respond\"]}]},{\"@type\":\"WebPage\",\"@id\":\"https:\/\/marekkuchcinski.pl\/wydarzenia\/marek-kuchcinski-odslonil-popiersia-wspoltworcow-konstytucji-3-maja\/\",\"url\":\"https:\/\/marekkuchcinski.pl\/wydarzenia\/marek-kuchcinski-odslonil-popiersia-wspoltworcow-konstytucji-3-maja\/\",\"name\":\"Marek Kuchci\u0144ski ods\u0142oni\u0142 popiersia wsp\u00f3\u0142tw\u00f3rc\u00f3w Konstytucji 3 maja &#8211; Marek Kuchci\u0144ski\",\"isPartOf\":{\"@id\":\"https:\/\/marekkuchcinski.pl\/#website\"},\"primaryImageOfPage\":{\"@id\":\"https:\/\/marekkuchcinski.pl\/wydarzenia\/marek-kuchcinski-odslonil-popiersia-wspoltworcow-konstytucji-3-maja\/#primaryimage\"},\"image\":{\"@id\":\"https:\/\/marekkuchcinski.pl\/wydarzenia\/marek-kuchcinski-odslonil-popiersia-wspoltworcow-konstytucji-3-maja\/#primaryimage\"},\"thumbnailUrl\":\"https:\/\/marekkuchcinski.pl\/wp-content\/uploads\/2019\/04\/IMG_8856.jpg\",\"datePublished\":\"2019-04-25T14:21:18+00:00\",\"dateModified\":\"2019-04-29T13:26:32+00:00\",\"breadcrumb\":{\"@id\":\"https:\/\/marekkuchcinski.pl\/wydarzenia\/marek-kuchcinski-odslonil-popiersia-wspoltworcow-konstytucji-3-maja\/#breadcrumb\"},\"inLanguage\":\"hu\",\"potentialAction\":[{\"@type\":\"ReadAction\",\"target\":[\"https:\/\/marekkuchcinski.pl\/wydarzenia\/marek-kuchcinski-odslonil-popiersia-wspoltworcow-konstytucji-3-maja\/\"]}]},{\"@type\":\"ImageObject\",\"inLanguage\":\"hu\",\"@id\":\"https:\/\/marekkuchcinski.pl\/wydarzenia\/marek-kuchcinski-odslonil-popiersia-wspoltworcow-konstytucji-3-maja\/#primaryimage\",\"url\":\"https:\/\/marekkuchcinski.pl\/wp-content\/uploads\/2019\/04\/IMG_8856.jpg\",\"contentUrl\":\"https:\/\/marekkuchcinski.pl\/wp-content\/uploads\/2019\/04\/IMG_8856.jpg\",\"width\":2048,\"height\":1365},{\"@type\":\"BreadcrumbList\",\"@id\":\"https:\/\/marekkuchcinski.pl\/wydarzenia\/marek-kuchcinski-odslonil-popiersia-wspoltworcow-konstytucji-3-maja\/#breadcrumb\",\"itemListElement\":[{\"@type\":\"ListItem\",\"position\":1,\"name\":\"Strona g\u0142\u00f3wna\",\"item\":\"https:\/\/marekkuchcinski.pl\/\"},{\"@type\":\"ListItem\",\"position\":2,\"name\":\"Marek Kuchci\u0144ski ods\u0142oni\u0142 popiersia wsp\u00f3\u0142tw\u00f3rc\u00f3w Konstytucji 3 maja\"}]},{\"@type\":\"WebSite\",\"@id\":\"https:\/\/marekkuchcinski.pl\/#website\",\"url\":\"https:\/\/marekkuchcinski.pl\/\",\"name\":\"Marek Kuchci\u0144ski\",\"description\":\"Pose\u0142 na sejm RP &ndash; okr\u0119g nr 22\",\"publisher\":{\"@id\":\"https:\/\/marekkuchcinski.pl\/#organization\"},\"potentialAction\":[{\"@type\":\"SearchAction\",\"target\":{\"@type\":\"EntryPoint\",\"urlTemplate\":\"https:\/\/marekkuchcinski.pl\/?s={search_term_string}\"},\"query-input\":{\"@type\":\"PropertyValueSpecification\",\"valueRequired\":true,\"valueName\":\"search_term_string\"}}],\"inLanguage\":\"hu\"},{\"@type\":\"Organization\",\"@id\":\"https:\/\/marekkuchcinski.pl\/#organization\",\"name\":\"Marek Kuchci\u0144ski\",\"url\":\"https:\/\/marekkuchcinski.pl\/\",\"logo\":{\"@type\":\"ImageObject\",\"inLanguage\":\"hu\",\"@id\":\"https:\/\/marekkuchcinski.pl\/#\/schema\/logo\/image\/\",\"url\":\"https:\/\/marekkuchcinski.pl\/wp-content\/uploads\/2022\/09\/Marek.jpg\",\"contentUrl\":\"https:\/\/marekkuchcinski.pl\/wp-content\/uploads\/2022\/09\/Marek.jpg\",\"width\":1600,\"height\":971,\"caption\":\"Marek Kuchci\u0144ski\"},\"image\":{\"@id\":\"https:\/\/marekkuchcinski.pl\/#\/schema\/logo\/image\/\"}},{\"@type\":\"Person\",\"@id\":\"https:\/\/marekkuchcinski.pl\/#\/schema\/person\/6f62700996b4d950b6ea2d1183b6c6be\",\"name\":\"admin\",\"image\":{\"@type\":\"ImageObject\",\"inLanguage\":\"hu\",\"@id\":\"https:\/\/marekkuchcinski.pl\/#\/schema\/person\/image\/\",\"url\":\"https:\/\/secure.gravatar.com\/avatar\/4bab693b9d55c3d6b52c0296a8765085?s=96&d=mm&r=g\",\"contentUrl\":\"https:\/\/secure.gravatar.com\/avatar\/4bab693b9d55c3d6b52c0296a8765085?s=96&d=mm&r=g\",\"caption\":\"admin\"},\"url\":\"https:\/\/marekkuchcinski.pl\/hu\/author\/marta-olejnik\/\"}]}<\/script>\n<!-- \/ Yoast SEO plugin. -->","yoast_head_json":{"title":"Marek Kuchci\u0144ski ods\u0142oni\u0142 popiersia wsp\u00f3\u0142tw\u00f3rc\u00f3w Konstytucji 3 maja &#8211; Marek Kuchci\u0144ski","robots":{"index":"index","follow":"follow","max-snippet":"max-snippet:-1","max-image-preview":"max-image-preview:large","max-video-preview":"max-video-preview:-1"},"canonical":"https:\/\/marekkuchcinski.pl\/hu\/wydarzenia\/marek-kuchcinski-odslonil-popiersia-wspoltworcow-konstytucji-3-maja\/","og_locale":"hu_HU","og_type":"article","og_title":"Marek Kuchci\u0144ski ods\u0142oni\u0142 popiersia wsp\u00f3\u0142tw\u00f3rc\u00f3w Konstytucji 3 maja &#8211; Marek Kuchci\u0144ski","og_description":"W samym sercu kompleksu sejmowego zainicjowano galeri\u0119 rze\u017ab przedstawiaj\u0105cych marsza\u0142k\u00f3w izby poselskiej z&nbsp;&nbsp;okresu I&nbsp;&nbsp;Rzeczypospolitej. Marsza\u0142ek Sejmu Marek Kuchci\u0144ski ods\u0142aniaj\u0105c popiersia wsp\u00f3\u0142tw\u00f3rc\u00f3w Konstytucji 3 maja: Stanis\u0142awa Ma\u0142achowskiego, marsza\u0142ka Sejmu Czteroletniego oraz Kazimierza Nestora Sapiehy, marsza\u0142ka konfederacji Wielkiego Ksi\u0119stwa Litewskiego, powiedzia\u0142: Rze\u017aby tych dw\u00f3ch marsza\u0142k\u00f3w ods\u0142aniamy w pierwszej kolejno\u015bci, bowiem w tym roku obchodzimy 450. rocznic\u0119 podpisania [&hellip;]","og_url":"https:\/\/marekkuchcinski.pl\/hu\/wydarzenia\/marek-kuchcinski-odslonil-popiersia-wspoltworcow-konstytucji-3-maja\/","og_site_name":"Marek Kuchci\u0144ski","article_published_time":"2019-04-25T14:21:18+00:00","article_modified_time":"2019-04-29T13:26:32+00:00","og_image":[{"width":2048,"height":1365,"url":"https:\/\/marekkuchcinski.pl\/wp-content\/uploads\/2019\/04\/IMG_8856.jpg","type":"image\/jpeg"}],"author":"admin","twitter_card":"summary_large_image","twitter_misc":{"Szerz\u0151:":"admin","Becs\u00fclt olvas\u00e1si id\u0151":"3 perc"},"schema":{"@context":"https:\/\/schema.org","@graph":[{"@type":"Article","@id":"https:\/\/marekkuchcinski.pl\/wydarzenia\/marek-kuchcinski-odslonil-popiersia-wspoltworcow-konstytucji-3-maja\/#article","isPartOf":{"@id":"https:\/\/marekkuchcinski.pl\/wydarzenia\/marek-kuchcinski-odslonil-popiersia-wspoltworcow-konstytucji-3-maja\/"},"author":{"name":"admin","@id":"https:\/\/marekkuchcinski.pl\/#\/schema\/person\/6f62700996b4d950b6ea2d1183b6c6be"},"headline":"Marek Kuchci\u0144ski ods\u0142oni\u0142 popiersia wsp\u00f3\u0142tw\u00f3rc\u00f3w Konstytucji 3 maja","datePublished":"2019-04-25T14:21:18+00:00","dateModified":"2019-04-29T13:26:32+00:00","mainEntityOfPage":{"@id":"https:\/\/marekkuchcinski.pl\/wydarzenia\/marek-kuchcinski-odslonil-popiersia-wspoltworcow-konstytucji-3-maja\/"},"wordCount":656,"commentCount":0,"publisher":{"@id":"https:\/\/marekkuchcinski.pl\/#organization"},"image":{"@id":"https:\/\/marekkuchcinski.pl\/wydarzenia\/marek-kuchcinski-odslonil-popiersia-wspoltworcow-konstytucji-3-maja\/#primaryimage"},"thumbnailUrl":"https:\/\/marekkuchcinski.pl\/wp-content\/uploads\/2019\/04\/IMG_8856.jpg","articleSection":["Sejmowa galeria sztuki","Wydarzenia"],"inLanguage":"hu","potentialAction":[{"@type":"CommentAction","name":"Comment","target":["https:\/\/marekkuchcinski.pl\/wydarzenia\/marek-kuchcinski-odslonil-popiersia-wspoltworcow-konstytucji-3-maja\/#respond"]}]},{"@type":"WebPage","@id":"https:\/\/marekkuchcinski.pl\/wydarzenia\/marek-kuchcinski-odslonil-popiersia-wspoltworcow-konstytucji-3-maja\/","url":"https:\/\/marekkuchcinski.pl\/wydarzenia\/marek-kuchcinski-odslonil-popiersia-wspoltworcow-konstytucji-3-maja\/","name":"Marek Kuchci\u0144ski ods\u0142oni\u0142 popiersia wsp\u00f3\u0142tw\u00f3rc\u00f3w Konstytucji 3 maja &#8211; Marek Kuchci\u0144ski","isPartOf":{"@id":"https:\/\/marekkuchcinski.pl\/#website"},"primaryImageOfPage":{"@id":"https:\/\/marekkuchcinski.pl\/wydarzenia\/marek-kuchcinski-odslonil-popiersia-wspoltworcow-konstytucji-3-maja\/#primaryimage"},"image":{"@id":"https:\/\/marekkuchcinski.pl\/wydarzenia\/marek-kuchcinski-odslonil-popiersia-wspoltworcow-konstytucji-3-maja\/#primaryimage"},"thumbnailUrl":"https:\/\/marekkuchcinski.pl\/wp-content\/uploads\/2019\/04\/IMG_8856.jpg","datePublished":"2019-04-25T14:21:18+00:00","dateModified":"2019-04-29T13:26:32+00:00","breadcrumb":{"@id":"https:\/\/marekkuchcinski.pl\/wydarzenia\/marek-kuchcinski-odslonil-popiersia-wspoltworcow-konstytucji-3-maja\/#breadcrumb"},"inLanguage":"hu","potentialAction":[{"@type":"ReadAction","target":["https:\/\/marekkuchcinski.pl\/wydarzenia\/marek-kuchcinski-odslonil-popiersia-wspoltworcow-konstytucji-3-maja\/"]}]},{"@type":"ImageObject","inLanguage":"hu","@id":"https:\/\/marekkuchcinski.pl\/wydarzenia\/marek-kuchcinski-odslonil-popiersia-wspoltworcow-konstytucji-3-maja\/#primaryimage","url":"https:\/\/marekkuchcinski.pl\/wp-content\/uploads\/2019\/04\/IMG_8856.jpg","contentUrl":"https:\/\/marekkuchcinski.pl\/wp-content\/uploads\/2019\/04\/IMG_8856.jpg","width":2048,"height":1365},{"@type":"BreadcrumbList","@id":"https:\/\/marekkuchcinski.pl\/wydarzenia\/marek-kuchcinski-odslonil-popiersia-wspoltworcow-konstytucji-3-maja\/#breadcrumb","itemListElement":[{"@type":"ListItem","position":1,"name":"Strona g\u0142\u00f3wna","item":"https:\/\/marekkuchcinski.pl\/"},{"@type":"ListItem","position":2,"name":"Marek Kuchci\u0144ski ods\u0142oni\u0142 popiersia wsp\u00f3\u0142tw\u00f3rc\u00f3w Konstytucji 3 maja"}]},{"@type":"WebSite","@id":"https:\/\/marekkuchcinski.pl\/#website","url":"https:\/\/marekkuchcinski.pl\/","name":"Marek Kuchci\u0144ski","description":"Pose\u0142 na sejm RP &ndash; okr\u0119g nr 22","publisher":{"@id":"https:\/\/marekkuchcinski.pl\/#organization"},"potentialAction":[{"@type":"SearchAction","target":{"@type":"EntryPoint","urlTemplate":"https:\/\/marekkuchcinski.pl\/?s={search_term_string}"},"query-input":{"@type":"PropertyValueSpecification","valueRequired":true,"valueName":"search_term_string"}}],"inLanguage":"hu"},{"@type":"Organization","@id":"https:\/\/marekkuchcinski.pl\/#organization","name":"Marek Kuchci\u0144ski","url":"https:\/\/marekkuchcinski.pl\/","logo":{"@type":"ImageObject","inLanguage":"hu","@id":"https:\/\/marekkuchcinski.pl\/#\/schema\/logo\/image\/","url":"https:\/\/marekkuchcinski.pl\/wp-content\/uploads\/2022\/09\/Marek.jpg","contentUrl":"https:\/\/marekkuchcinski.pl\/wp-content\/uploads\/2022\/09\/Marek.jpg","width":1600,"height":971,"caption":"Marek Kuchci\u0144ski"},"image":{"@id":"https:\/\/marekkuchcinski.pl\/#\/schema\/logo\/image\/"}},{"@type":"Person","@id":"https:\/\/marekkuchcinski.pl\/#\/schema\/person\/6f62700996b4d950b6ea2d1183b6c6be","name":"admin","image":{"@type":"ImageObject","inLanguage":"hu","@id":"https:\/\/marekkuchcinski.pl\/#\/schema\/person\/image\/","url":"https:\/\/secure.gravatar.com\/avatar\/4bab693b9d55c3d6b52c0296a8765085?s=96&d=mm&r=g","contentUrl":"https:\/\/secure.gravatar.com\/avatar\/4bab693b9d55c3d6b52c0296a8765085?s=96&d=mm&r=g","caption":"admin"},"url":"https:\/\/marekkuchcinski.pl\/hu\/author\/marta-olejnik\/"}]}},"_links":{"self":[{"href":"https:\/\/marekkuchcinski.pl\/hu\/wp-json\/wp\/v2\/posts\/15044","targetHints":{"allow":["GET"]}}],"collection":[{"href":"https:\/\/marekkuchcinski.pl\/hu\/wp-json\/wp\/v2\/posts"}],"about":[{"href":"https:\/\/marekkuchcinski.pl\/hu\/wp-json\/wp\/v2\/types\/post"}],"author":[{"embeddable":true,"href":"https:\/\/marekkuchcinski.pl\/hu\/wp-json\/wp\/v2\/users\/6"}],"replies":[{"embeddable":true,"href":"https:\/\/marekkuchcinski.pl\/hu\/wp-json\/wp\/v2\/comments?post=15044"}],"version-history":[{"count":30,"href":"https:\/\/marekkuchcinski.pl\/hu\/wp-json\/wp\/v2\/posts\/15044\/revisions"}],"predecessor-version":[{"id":15153,"href":"https:\/\/marekkuchcinski.pl\/hu\/wp-json\/wp\/v2\/posts\/15044\/revisions\/15153"}],"wp:featuredmedia":[{"embeddable":true,"href":"https:\/\/marekkuchcinski.pl\/hu\/wp-json\/wp\/v2\/media\/15051"}],"wp:attachment":[{"href":"https:\/\/marekkuchcinski.pl\/hu\/wp-json\/wp\/v2\/media?parent=15044"}],"wp:term":[{"taxonomy":"category","embeddable":true,"href":"https:\/\/marekkuchcinski.pl\/hu\/wp-json\/wp\/v2\/categories?post=15044"},{"taxonomy":"post_tag","embeddable":true,"href":"https:\/\/marekkuchcinski.pl\/hu\/wp-json\/wp\/v2\/tags?post=15044"}],"curies":[{"name":"wp","href":"https:\/\/api.w.org\/{rel}","templated":true}]}}