{"id":15036,"date":"2019-04-24T00:30:58","date_gmt":"2019-04-23T22:30:58","guid":{"rendered":"https:\/\/marekkuchcinski.pl\/?p=15036"},"modified":"2019-04-24T12:03:50","modified_gmt":"2019-04-24T10:03:50","slug":"sejm-zajmie-sie-rozszerzeniem-programu-500-plus-o-pierwsze-dziecko","status":"publish","type":"post","link":"https:\/\/marekkuchcinski.pl\/hu\/wydarzenia\/sejm-zajmie-sie-rozszerzeniem-programu-500-plus-o-pierwsze-dziecko\/","title":{"rendered":"A Szejm kiterjeszti az 500 plusz programot az els\u0151 gyermekre is"},"content":{"rendered":"<p class=\"wp-block-paragraph\"><strong>A Szejm cs\u00fct\u00f6rt\u00f6ki \u00fcl\u00e9s\u00e9n a k\u00e9pvisel\u0151k megvitatj\u00e1k a korm\u00e1ny tervezet\u00e9t, amely r\u00e9sze Kaczy\u0144ski \u00fagynevezett \u00f6t\u00f6s\u00e9nek, azaz az els\u0151 gyermek ut\u00e1n is j\u00e1r\u00f3 500 zloty-nak. <\/strong><\/p>\n\n\n\n<p class=\"wp-block-paragraph\">A t\u00f6rv\u00e9ny indokl\u00e1sa szerint a csal\u00e1dpolitika az egyik legfontosabb ter\u00fclete a\na jelenlegi korm\u00e1ny. A Csal\u00e1d 500 plusz program, amely 1-t\u0151l hat\u00e1lyos\n2016 \u00e1prilis\u00e1ban, az els\u0151 olyan program a politikai \u00e1talakul\u00e1s \u00f3ta, amely annyira\nolyan vil\u00e1gosan hangs\u00falyozza a csal\u00e1dba val\u00f3 befektet\u00e9s sz\u00fcks\u00e9gess\u00e9g\u00e9t, amely a csal\u00e1d val\u00f3di\nt\u00e1mogat\u00e1s. <\/p>\n\n\n\n<p class=\"wp-block-paragraph\">Az 500 plusz csal\u00e1d teljesen megv\u00e1ltoztatta a\nAz 500 pluszos csal\u00e1d teljesen megv\u00e1ltoztatta a csal\u00e1dok \u00e1llami t\u00e1mogat\u00e1s\u00e1nak szeml\u00e9let\u00e9t, \u00e9s egy\nAz 500 plusz csal\u00e1d teljesen megv\u00e1ltoztatta az \u00e1llam \u00e1ltal ny\u00fajtott csal\u00e1dt\u00e1mogat\u00e1ssal kapcsolatos szeml\u00e9letet, \u00e9s a csal\u00e1dpolitik\u00e1r\u00f3l sz\u00f3l\u00f3 vit\u00e1ban hivatkoz\u00e1si pontt\u00e1 v\u00e1lt. A programnak \u00e9s a milli\u00e1rdoknak k\u00f6sz\u00f6nhet\u0151en\nmilli\u00e1rdos p\u00e9nz\u00e1tutal\u00e1sokkal a csal\u00e1doknak, fejleszt\u00e9si perspekt\u00edv\u00e1kat nyitottunk meg\nolyan emberek, akik eddig a perif\u00e9ri\u00e1ra szorultak. Vissza\u00e1ll\u00edtottuk a m\u00e9lt\u00f3s\u00e1gukat.\nA csal\u00e1dok csal\u00e1dpolitikai eszk\u00f6z\u00f6kkel t\u00f6rt\u00e9n\u0151 t\u00e1mogat\u00e1sa a hum\u00e1n t\u0151k\u00e9be val\u00f3 befektet\u00e9s\naz emberi t\u0151ke, amelyt\u0151l az \u00e1llam \u00e1llapota nagym\u00e9rt\u00e9kben f\u00fcgg.<\/p>\n\n\n\n<p class=\"wp-block-paragraph\">A javasolt v\u00e1ltoztat\u00e1s kiterjed az \u00f6sszes\n18 \u00e9v alatti gyermekek. Ez\u00e9rt hat\u00e1lyon k\u00edv\u00fcl helyezi az \u00f6sszes megold\u00e1sra vonatkoz\u00f3 rendelkez\u00e9seket a\na sz\u00fcl\u0151i t\u00e1mogat\u00e1sra jogos\u00edt\u00f3 j\u00f6vedelmi krit\u00e9rium. A  c\u00edm fed\u00e9se\na Csal\u00e1d 500 plusz programban r\u00e9szes\u00fcl\u0151 valamennyi gyermek t\u00e1mogat\u00e1sa a k\u00f6vetkez\u0151 n\u00f6veked\u00e9st fogja eredm\u00e9nyezni\naz \u00e1llami k\u00f6lts\u00e9gvet\u00e9sb\u0151l a csal\u00e1dok jav\u00e1ra t\u00f6rt\u00e9n\u0151 kiad\u00e1sok kb. 4% GDP szintj\u00e9re. Ez lesz\na csal\u00e1dpolitik\u00e1ra ford\u00edtott kiad\u00e1sok GDP-hez viszony\u00edtott ar\u00e1nya mutat\u00f3j\u00e1nak 125%-vel t\u00f6rt\u00e9n\u0151 n\u00f6veked\u00e9se a k\u00f6vetkez\u0151h\u00f6z k\u00e9pest\na 2015-\u00f6s kiad\u00e1sokhoz k\u00e9pest. <\/p>\n\n\n\n<p class=\"wp-block-paragraph\">A csal\u00e1dpolitik\u00e1ra ford\u00edtott kiad\u00e1sok szintje Lengyelorsz\u00e1got az eur\u00f3pai orsz\u00e1gok \u00e9lvonal\u00e1ba helyezi, \u00e9s azt bizony\u00edtja, hogy a csal\u00e1dok t\u00e1mogat\u00e1sa a korm\u00e1ny sz\u00e1m\u00e1ra priorit\u00e1s.<\/p>\n\n\n\n<figure class=\"wp-block-embed is-type-rich is-provider-marek-kuchcinski\"><div class=\"wp-block-embed__wrapper\">\n<blockquote class=\"wp-embedded-content\" data-secret=\"puFtU2lIlI\"><a href=\"https:\/\/marekkuchcinski.pl\/hu\/wydarzenia\/pis-skutecznie-pomaga-ludziom-i-ogranicza-biede-i-nierownosci\/\">Lengyelorsz\u00e1g \u00e9len j\u00e1r az \u00e9letsz\u00ednvonal kiegyenl\u00edt\u00e9s\u00e9ben. A PiS hat\u00e9konyan cs\u00f6kkenti a gazdagok \u00e9s szeg\u00e9nyek k\u00f6z\u00f6tti k\u00fcl\u00f6nbs\u00e9geket<\/a><\/blockquote><iframe class=\"wp-embedded-content\" sandbox=\"allow-scripts\" security=\"restricted\" style=\"position: absolute; clip: rect(1px, 1px, 1px, 1px);\" title=\"&quot;Lengyelorsz\u00e1g \u00e9len j\u00e1r az \u00e9letsz\u00ednvonal kiegyenl\u00edt\u00e9s\u00e9ben. A PiS hat\u00e9konyan cs\u00f6kkenti a szeg\u00e9nyek \u00e9s a gazdagok k\u00f6z\u00f6tti szakad\u00e9kot&quot; - Marek Kuchci\u0144ski\" src=\"https:\/\/marekkuchcinski.pl\/wydarzenia\/pis-skutecznie-pomaga-ludziom-i-ogranicza-biede-i-nierownosci\/embed\/#?secret=puFtU2lIlI\" data-secret=\"puFtU2lIlI\" width=\"600\" height=\"338\" frameborder=\"0\" marginwidth=\"0\" marginheight=\"0\" scrolling=\"no\"><\/iframe>\n<\/div><\/figure>","protected":false},"excerpt":{"rendered":"<p>Na czwartkowym posiedzeniu Sejmu pos\u0142owie pochyl\u0105 si\u0119 nad rz\u0105dowym projektem, b\u0119d\u0105cym elementem tzw. Pi\u0105tki Kaczy\u0144skiego, czyli 500 z\u0142 przyznawanym r\u00f3wnie\u017c na pierwsze dziecko. W uzasadnieniu do ustawy czytamy, \u017ce polityka rodzinna to jeden z najwa\u017cniejszych obszar\u00f3w dzia\u0142ania obecnego Rz\u0105du. Program Rodzina 500 plus, kt\u00f3ry wszed\u0142 w \u017cycie 1 kwietnia 2016 r., to pierwszy od transformacji [&hellip;]<\/p>\n","protected":false},"author":6,"featured_media":15037,"comment_status":"open","ping_status":"open","sticky":false,"template":"","format":"standard","meta":{"ngg_post_thumbnail":0,"footnotes":""},"categories":[82,81,3],"tags":[],"class_list":["post-15036","post","type-post","status-publish","format-standard","has-post-thumbnail","hentry","category-prawo-i-sprawiedliwosc","category-wiesci-z-sejmu","category-wydarzenia"],"_links":{"self":[{"href":"https:\/\/marekkuchcinski.pl\/hu\/wp-json\/wp\/v2\/posts\/15036","targetHints":{"allow":["GET"]}}],"collection":[{"href":"https:\/\/marekkuchcinski.pl\/hu\/wp-json\/wp\/v2\/posts"}],"about":[{"href":"https:\/\/marekkuchcinski.pl\/hu\/wp-json\/wp\/v2\/types\/post"}],"author":[{"embeddable":true,"href":"https:\/\/marekkuchcinski.pl\/hu\/wp-json\/wp\/v2\/users\/6"}],"replies":[{"embeddable":true,"href":"https:\/\/marekkuchcinski.pl\/hu\/wp-json\/wp\/v2\/comments?post=15036"}],"version-history":[{"count":4,"href":"https:\/\/marekkuchcinski.pl\/hu\/wp-json\/wp\/v2\/posts\/15036\/revisions"}],"predecessor-version":[{"id":15043,"href":"https:\/\/marekkuchcinski.pl\/hu\/wp-json\/wp\/v2\/posts\/15036\/revisions\/15043"}],"wp:featuredmedia":[{"embeddable":true,"href":"https:\/\/marekkuchcinski.pl\/hu\/wp-json\/wp\/v2\/media\/15037"}],"wp:attachment":[{"href":"https:\/\/marekkuchcinski.pl\/hu\/wp-json\/wp\/v2\/media?parent=15036"}],"wp:term":[{"taxonomy":"category","embeddable":true,"href":"https:\/\/marekkuchcinski.pl\/hu\/wp-json\/wp\/v2\/categories?post=15036"},{"taxonomy":"post_tag","embeddable":true,"href":"https:\/\/marekkuchcinski.pl\/hu\/wp-json\/wp\/v2\/tags?post=15036"}],"curies":[{"name":"wp","href":"https:\/\/api.w.org\/{rel}","templated":true}]}}