{"id":15027,"date":"2019-04-23T12:51:44","date_gmt":"2019-04-23T10:51:44","guid":{"rendered":"https:\/\/marekkuchcinski.pl\/?p=15027"},"modified":"2019-04-23T15:51:53","modified_gmt":"2019-04-23T13:51:53","slug":"program-leki-75-plus-zwiekszyl-dostep-osob-starszych-do-farmakoterapii-i-zmniejszyl-ich-wydatki","status":"publish","type":"post","link":"https:\/\/marekkuchcinski.pl\/hu\/wydarzenia\/program-leki-75-plus-zwiekszyl-dostep-osob-starszych-do-farmakoterapii-i-zmniejszyl-ich-wydatki\/","title":{"rendered":"A Medicines 75 plus program n\u00f6velte az id\u0151sek gy\u00f3gyszeres kezel\u00e9shez val\u00f3 hozz\u00e1f\u00e9r\u00e9s\u00e9t \u00e9s cs\u00f6kkentette kiad\u00e1saikat"},"content":{"rendered":"<p><strong>A Legfels\u0151bb Ellen\u0151rz\u00e9si Hivatal \u00fagy \u00e9rt\u00e9keli, hogy a Medicines 75+ program jav\u00edtotta az al\u00e1bbiakhoz val\u00f3 hozz\u00e1f\u00e9r\u00e9st<br>id\u0151sek a gy\u00f3gyszerekhez. Az id\u0151sek h\u00e1ztart\u00e1sainak k\u00f6lts\u00e9gvet\u00e9s\u00e9ben cs\u00f6kkentek a gy\u00f3gyszerekre ford\u00edtott kiad\u00e1sok\" - mondta Krzysztof Kwiatkowski, a NIK eln\u00f6ke.<\/strong><br> <br> A k\u00f6nyvvizsg\u00e1l\u00f3k meg\u00e1llap\u00edt\u00e1sai t\u00f6bbek k\u00f6z\u00f6tt azt mutatj\u00e1k, hogy a k\u00f6lts\u00e9gek egy r\u00e9sze<br> a gy\u00f3gyszerekre k\u00f6lt\u00f6tt \u00f6sszeg az id\u0151sek zseb\u00e9ben maradt. \"P\u00e9ld\u00e1ul<br> 2017 v\u00e9g\u00e9n a megtakar\u00edt\u00e1sok orsz\u00e1gos \u00f6ssz\u00e9rt\u00e9ke csaknem 490<br> milli\u00f3 PLN\" - hangs\u00falyozta Krzysztof Kwiatkowski.<br> <br>A 2016. szeptember 1-j\u00e9n bevezetett Medicines 75 plus program c\u00e9lja. A Medicines 75 plus program c\u00e9lja az id\u0151sek farmakoter\u00e1pi\u00e1hoz val\u00f3 hozz\u00e1f\u00e9r\u00e9s\u00e9nek jav\u00edt\u00e1sa volt. A program felt\u00e9telezte, hogy<br>ingyenes hozz\u00e1f\u00e9r\u00e9s biztos\u00edt\u00e1sa 75 \u00e9v felettiek sz\u00e1m\u00e1ra<br>gy\u00f3gyszerek, k\u00fcl\u00f6nleges t\u00e1pl\u00e1lkoz\u00e1si c\u00e9lokra sz\u00e1nt \u00e9lelmiszerek<br>\u00e9s orvostechnikai eszk\u00f6z\u00f6k. Az eg\u00e9szs\u00e9g\u00fcgyi miniszter k\u00f6teles volt k\u00e9thavonta k\u00f6zz\u00e9tenni az id\u0151sek sz\u00e1m\u00e1ra ingyenes term\u00e9kek list\u00e1j\u00e1t.<\/p>\n\n\n\n<p class=\"has-text-color has-vivid-cyan-blue-color\"> <br><strong>Az Eg\u00e9szs\u00e9g\u00fcgyi Miniszt\u00e9rium adatai a Medicines 75 plus programr\u00f3l 2018-ban:<\/strong><\/p>\n\n\n\n<ul class=\"wp-block-list\"><li><strong>2,4 milli\u00f3&nbsp;<\/strong>id\u0151sek, akik r\u00e9szes\u00fcltek az ingyenes\ngy\u00f3gyszerek<\/li><li><strong>693,3 milli\u00f3 PLN<\/strong>&nbsp;a projekt v\u00e9grehajt\u00e1s\u00e1hoz a&nbsp;<strong>2018<\/strong>&nbsp;\u00e9v<\/li><li><strong>40 milli\u00f3&nbsp;<\/strong>ingyenes gy\u00f3gyszercsomagok kiad\u00e1sa id\u0151sek sz\u00e1m\u00e1ra<\/li><li><strong>21<\/strong>&nbsp;<strong>milli\u00f3<\/strong>&nbsp;jogosults\u00e1gi k\u00f3ddal ell\u00e1tott, bev\u00e1ltott receptek\n\"S\"<\/li><li><strong>2043 t\u00e9tel<\/strong>&nbsp;a t\u00f6bb mint 75 gy\u00f3gyszert tartalmaz\u00f3 list\u00e1n<\/li><\/ul>\n\n\n\n<p>Az Eg\u00e9szs\u00e9g\u00fcgyi Miniszt\u00e9rium \u00fajabb rendeletm\u00f3dos\u00edt\u00e1st k\u00e9sz\u00edt el\u0151, amelynek k\u00f6sz\u00f6nhet\u0151en a 75 \u00e9v feletti id\u0151sek m\u00e9g nagyobb csoportja r\u00e9szes\u00fclhet majd ingyenes gy\u00f3gyszerekben. A szakorvosok ki\u00e1ll\u00edthatj\u00e1k majd az ingyenes gy\u00f3gyszerek receptjeit, de csak elektronikus form\u00e1ban, ami megsz\u00fcnteti a h\u00e1ziorvossal val\u00f3 meger\u0151s\u00edt\u00e9s sz\u00fcks\u00e9gess\u00e9g\u00e9t (ez egy l\u00e1togat\u00e1st takar\u00edt meg). <\/p>","protected":false},"excerpt":{"rendered":"<p>Najwy\u017csza Izba Kontroli ocenia, \u017ce program Leki 75+ poprawi\u0142 dost\u0119psenior\u00f3w do produkt\u00f3w leczniczych. W bud\u017cetach domowych os\u00f3b starszych zauwa\u017cono spadek wydatk\u00f3w na leki \u2013 powiedzia\u0142 prezes NIK Krzysztof Kwiatkowski. Ustalenia kontroler\u00f3w pokazuj\u0105 mi\u0119dzy innymi, \u017ce cz\u0119\u015b\u0107 koszt\u00f3w przeznaczanych na leki zostawa\u0142a w kieszeniach senior\u00f3w. \u201eNa przyk\u0142ad na koniec 2017 roku suma oszcz\u0119dno\u015bci w skali kraju [&hellip;]<\/p>","protected":false},"author":6,"featured_media":15031,"comment_status":"open","ping_status":"open","sticky":false,"template":"","format":"standard","meta":{"ngg_post_thumbnail":0,"footnotes":""},"categories":[82,3],"tags":[],"class_list":["post-15027","post","type-post","status-publish","format-standard","has-post-thumbnail","hentry","category-prawo-i-sprawiedliwosc","category-wydarzenia"],"yoast_head":"<!-- This site is optimized with the Yoast SEO plugin v24.7 - https:\/\/yoast.com\/wordpress\/plugins\/seo\/ -->\n<title>Program Leki 75 plus zwi\u0119kszy\u0142 dost\u0119p os\u00f3b starszych do farmakoterapii i zmniejszy\u0142 ich wydatki &#8211; Marek Kuchci\u0144ski<\/title>\n<meta name=\"robots\" content=\"index, follow, max-snippet:-1, max-image-preview:large, max-video-preview:-1\" \/>\n<link rel=\"canonical\" href=\"https:\/\/marekkuchcinski.pl\/hu\/wydarzenia\/program-leki-75-plus-zwiekszyl-dostep-osob-starszych-do-farmakoterapii-i-zmniejszyl-ich-wydatki\/\" \/>\n<meta property=\"og:locale\" content=\"hu_HU\" \/>\n<meta property=\"og:type\" content=\"article\" \/>\n<meta property=\"og:title\" content=\"Program Leki 75 plus zwi\u0119kszy\u0142 dost\u0119p os\u00f3b starszych do farmakoterapii i zmniejszy\u0142 ich wydatki &#8211; Marek Kuchci\u0144ski\" \/>\n<meta property=\"og:description\" content=\"Najwy\u017csza Izba Kontroli ocenia, \u017ce program Leki 75+ poprawi\u0142 dost\u0119psenior\u00f3w do produkt\u00f3w leczniczych. W bud\u017cetach domowych os\u00f3b starszych zauwa\u017cono spadek wydatk\u00f3w na leki \u2013 powiedzia\u0142 prezes NIK Krzysztof Kwiatkowski. Ustalenia kontroler\u00f3w pokazuj\u0105 mi\u0119dzy innymi, \u017ce cz\u0119\u015b\u0107 koszt\u00f3w przeznaczanych na leki zostawa\u0142a w kieszeniach senior\u00f3w. \u201eNa przyk\u0142ad na koniec 2017 roku suma oszcz\u0119dno\u015bci w skali kraju [&hellip;]\" \/>\n<meta property=\"og:url\" content=\"https:\/\/marekkuchcinski.pl\/hu\/wydarzenia\/program-leki-75-plus-zwiekszyl-dostep-osob-starszych-do-farmakoterapii-i-zmniejszyl-ich-wydatki\/\" \/>\n<meta property=\"og:site_name\" content=\"Marek Kuchci\u0144ski\" \/>\n<meta property=\"article:published_time\" content=\"2019-04-23T10:51:44+00:00\" \/>\n<meta property=\"article:modified_time\" content=\"2019-04-23T13:51:53+00:00\" \/>\n<meta property=\"og:image\" content=\"https:\/\/marekkuchcinski.pl\/wp-content\/uploads\/2019\/04\/leki-75.jpg\" \/>\n\t<meta property=\"og:image:width\" content=\"449\" \/>\n\t<meta property=\"og:image:height\" content=\"307\" \/>\n\t<meta property=\"og:image:type\" content=\"image\/jpeg\" \/>\n<meta name=\"author\" content=\"admin\" \/>\n<meta name=\"twitter:card\" content=\"summary_large_image\" \/>\n<meta name=\"twitter:label1\" content=\"Szerz\u0151:\" \/>\n\t<meta name=\"twitter:data1\" content=\"admin\" \/>\n\t<meta name=\"twitter:label2\" content=\"Becs\u00fclt olvas\u00e1si id\u0151\" \/>\n\t<meta name=\"twitter:data2\" content=\"1 perc\" \/>\n<script type=\"application\/ld+json\" class=\"yoast-schema-graph\">{\"@context\":\"https:\/\/schema.org\",\"@graph\":[{\"@type\":\"Article\",\"@id\":\"https:\/\/marekkuchcinski.pl\/wydarzenia\/program-leki-75-plus-zwiekszyl-dostep-osob-starszych-do-farmakoterapii-i-zmniejszyl-ich-wydatki\/#article\",\"isPartOf\":{\"@id\":\"https:\/\/marekkuchcinski.pl\/wydarzenia\/program-leki-75-plus-zwiekszyl-dostep-osob-starszych-do-farmakoterapii-i-zmniejszyl-ich-wydatki\/\"},\"author\":{\"name\":\"admin\",\"@id\":\"https:\/\/marekkuchcinski.pl\/#\/schema\/person\/6f62700996b4d950b6ea2d1183b6c6be\"},\"headline\":\"Program Leki 75 plus zwi\u0119kszy\u0142 dost\u0119p os\u00f3b starszych do farmakoterapii i zmniejszy\u0142 ich wydatki\",\"datePublished\":\"2019-04-23T10:51:44+00:00\",\"dateModified\":\"2019-04-23T13:51:53+00:00\",\"mainEntityOfPage\":{\"@id\":\"https:\/\/marekkuchcinski.pl\/wydarzenia\/program-leki-75-plus-zwiekszyl-dostep-osob-starszych-do-farmakoterapii-i-zmniejszyl-ich-wydatki\/\"},\"wordCount\":286,\"commentCount\":0,\"publisher\":{\"@id\":\"https:\/\/marekkuchcinski.pl\/#organization\"},\"image\":{\"@id\":\"https:\/\/marekkuchcinski.pl\/wydarzenia\/program-leki-75-plus-zwiekszyl-dostep-osob-starszych-do-farmakoterapii-i-zmniejszyl-ich-wydatki\/#primaryimage\"},\"thumbnailUrl\":\"https:\/\/marekkuchcinski.pl\/wp-content\/uploads\/2019\/04\/leki-75.jpg\",\"articleSection\":[\"Prawo i Sprawiedliwo\u015b\u0107\",\"Wydarzenia\"],\"inLanguage\":\"hu\",\"potentialAction\":[{\"@type\":\"CommentAction\",\"name\":\"Comment\",\"target\":[\"https:\/\/marekkuchcinski.pl\/wydarzenia\/program-leki-75-plus-zwiekszyl-dostep-osob-starszych-do-farmakoterapii-i-zmniejszyl-ich-wydatki\/#respond\"]}]},{\"@type\":\"WebPage\",\"@id\":\"https:\/\/marekkuchcinski.pl\/wydarzenia\/program-leki-75-plus-zwiekszyl-dostep-osob-starszych-do-farmakoterapii-i-zmniejszyl-ich-wydatki\/\",\"url\":\"https:\/\/marekkuchcinski.pl\/wydarzenia\/program-leki-75-plus-zwiekszyl-dostep-osob-starszych-do-farmakoterapii-i-zmniejszyl-ich-wydatki\/\",\"name\":\"Program Leki 75 plus zwi\u0119kszy\u0142 dost\u0119p os\u00f3b starszych do farmakoterapii i zmniejszy\u0142 ich wydatki &#8211; Marek Kuchci\u0144ski\",\"isPartOf\":{\"@id\":\"https:\/\/marekkuchcinski.pl\/#website\"},\"primaryImageOfPage\":{\"@id\":\"https:\/\/marekkuchcinski.pl\/wydarzenia\/program-leki-75-plus-zwiekszyl-dostep-osob-starszych-do-farmakoterapii-i-zmniejszyl-ich-wydatki\/#primaryimage\"},\"image\":{\"@id\":\"https:\/\/marekkuchcinski.pl\/wydarzenia\/program-leki-75-plus-zwiekszyl-dostep-osob-starszych-do-farmakoterapii-i-zmniejszyl-ich-wydatki\/#primaryimage\"},\"thumbnailUrl\":\"https:\/\/marekkuchcinski.pl\/wp-content\/uploads\/2019\/04\/leki-75.jpg\",\"datePublished\":\"2019-04-23T10:51:44+00:00\",\"dateModified\":\"2019-04-23T13:51:53+00:00\",\"breadcrumb\":{\"@id\":\"https:\/\/marekkuchcinski.pl\/wydarzenia\/program-leki-75-plus-zwiekszyl-dostep-osob-starszych-do-farmakoterapii-i-zmniejszyl-ich-wydatki\/#breadcrumb\"},\"inLanguage\":\"hu\",\"potentialAction\":[{\"@type\":\"ReadAction\",\"target\":[\"https:\/\/marekkuchcinski.pl\/wydarzenia\/program-leki-75-plus-zwiekszyl-dostep-osob-starszych-do-farmakoterapii-i-zmniejszyl-ich-wydatki\/\"]}]},{\"@type\":\"ImageObject\",\"inLanguage\":\"hu\",\"@id\":\"https:\/\/marekkuchcinski.pl\/wydarzenia\/program-leki-75-plus-zwiekszyl-dostep-osob-starszych-do-farmakoterapii-i-zmniejszyl-ich-wydatki\/#primaryimage\",\"url\":\"https:\/\/marekkuchcinski.pl\/wp-content\/uploads\/2019\/04\/leki-75.jpg\",\"contentUrl\":\"https:\/\/marekkuchcinski.pl\/wp-content\/uploads\/2019\/04\/leki-75.jpg\",\"width\":449,\"height\":307},{\"@type\":\"BreadcrumbList\",\"@id\":\"https:\/\/marekkuchcinski.pl\/wydarzenia\/program-leki-75-plus-zwiekszyl-dostep-osob-starszych-do-farmakoterapii-i-zmniejszyl-ich-wydatki\/#breadcrumb\",\"itemListElement\":[{\"@type\":\"ListItem\",\"position\":1,\"name\":\"Strona g\u0142\u00f3wna\",\"item\":\"https:\/\/marekkuchcinski.pl\/\"},{\"@type\":\"ListItem\",\"position\":2,\"name\":\"Program Leki 75 plus zwi\u0119kszy\u0142 dost\u0119p os\u00f3b starszych do farmakoterapii i zmniejszy\u0142 ich wydatki\"}]},{\"@type\":\"WebSite\",\"@id\":\"https:\/\/marekkuchcinski.pl\/#website\",\"url\":\"https:\/\/marekkuchcinski.pl\/\",\"name\":\"Marek Kuchci\u0144ski\",\"description\":\"Pose\u0142 na sejm RP &ndash; okr\u0119g nr 22\",\"publisher\":{\"@id\":\"https:\/\/marekkuchcinski.pl\/#organization\"},\"potentialAction\":[{\"@type\":\"SearchAction\",\"target\":{\"@type\":\"EntryPoint\",\"urlTemplate\":\"https:\/\/marekkuchcinski.pl\/?s={search_term_string}\"},\"query-input\":{\"@type\":\"PropertyValueSpecification\",\"valueRequired\":true,\"valueName\":\"search_term_string\"}}],\"inLanguage\":\"hu\"},{\"@type\":\"Organization\",\"@id\":\"https:\/\/marekkuchcinski.pl\/#organization\",\"name\":\"Marek Kuchci\u0144ski\",\"url\":\"https:\/\/marekkuchcinski.pl\/\",\"logo\":{\"@type\":\"ImageObject\",\"inLanguage\":\"hu\",\"@id\":\"https:\/\/marekkuchcinski.pl\/#\/schema\/logo\/image\/\",\"url\":\"https:\/\/marekkuchcinski.pl\/wp-content\/uploads\/2022\/09\/Marek.jpg\",\"contentUrl\":\"https:\/\/marekkuchcinski.pl\/wp-content\/uploads\/2022\/09\/Marek.jpg\",\"width\":1600,\"height\":971,\"caption\":\"Marek Kuchci\u0144ski\"},\"image\":{\"@id\":\"https:\/\/marekkuchcinski.pl\/#\/schema\/logo\/image\/\"}},{\"@type\":\"Person\",\"@id\":\"https:\/\/marekkuchcinski.pl\/#\/schema\/person\/6f62700996b4d950b6ea2d1183b6c6be\",\"name\":\"admin\",\"image\":{\"@type\":\"ImageObject\",\"inLanguage\":\"hu\",\"@id\":\"https:\/\/marekkuchcinski.pl\/#\/schema\/person\/image\/\",\"url\":\"https:\/\/secure.gravatar.com\/avatar\/4bab693b9d55c3d6b52c0296a8765085?s=96&d=mm&r=g\",\"contentUrl\":\"https:\/\/secure.gravatar.com\/avatar\/4bab693b9d55c3d6b52c0296a8765085?s=96&d=mm&r=g\",\"caption\":\"admin\"},\"url\":\"https:\/\/marekkuchcinski.pl\/hu\/author\/marta-olejnik\/\"}]}<\/script>\n<!-- \/ Yoast SEO plugin. -->","yoast_head_json":{"title":"Program Leki 75 plus zwi\u0119kszy\u0142 dost\u0119p os\u00f3b starszych do farmakoterapii i zmniejszy\u0142 ich wydatki &#8211; Marek Kuchci\u0144ski","robots":{"index":"index","follow":"follow","max-snippet":"max-snippet:-1","max-image-preview":"max-image-preview:large","max-video-preview":"max-video-preview:-1"},"canonical":"https:\/\/marekkuchcinski.pl\/hu\/wydarzenia\/program-leki-75-plus-zwiekszyl-dostep-osob-starszych-do-farmakoterapii-i-zmniejszyl-ich-wydatki\/","og_locale":"hu_HU","og_type":"article","og_title":"Program Leki 75 plus zwi\u0119kszy\u0142 dost\u0119p os\u00f3b starszych do farmakoterapii i zmniejszy\u0142 ich wydatki &#8211; Marek Kuchci\u0144ski","og_description":"Najwy\u017csza Izba Kontroli ocenia, \u017ce program Leki 75+ poprawi\u0142 dost\u0119psenior\u00f3w do produkt\u00f3w leczniczych. W bud\u017cetach domowych os\u00f3b starszych zauwa\u017cono spadek wydatk\u00f3w na leki \u2013 powiedzia\u0142 prezes NIK Krzysztof Kwiatkowski. Ustalenia kontroler\u00f3w pokazuj\u0105 mi\u0119dzy innymi, \u017ce cz\u0119\u015b\u0107 koszt\u00f3w przeznaczanych na leki zostawa\u0142a w kieszeniach senior\u00f3w. \u201eNa przyk\u0142ad na koniec 2017 roku suma oszcz\u0119dno\u015bci w skali kraju [&hellip;]","og_url":"https:\/\/marekkuchcinski.pl\/hu\/wydarzenia\/program-leki-75-plus-zwiekszyl-dostep-osob-starszych-do-farmakoterapii-i-zmniejszyl-ich-wydatki\/","og_site_name":"Marek Kuchci\u0144ski","article_published_time":"2019-04-23T10:51:44+00:00","article_modified_time":"2019-04-23T13:51:53+00:00","og_image":[{"width":449,"height":307,"url":"https:\/\/marekkuchcinski.pl\/wp-content\/uploads\/2019\/04\/leki-75.jpg","type":"image\/jpeg"}],"author":"admin","twitter_card":"summary_large_image","twitter_misc":{"Szerz\u0151:":"admin","Becs\u00fclt olvas\u00e1si id\u0151":"1 perc"},"schema":{"@context":"https:\/\/schema.org","@graph":[{"@type":"Article","@id":"https:\/\/marekkuchcinski.pl\/wydarzenia\/program-leki-75-plus-zwiekszyl-dostep-osob-starszych-do-farmakoterapii-i-zmniejszyl-ich-wydatki\/#article","isPartOf":{"@id":"https:\/\/marekkuchcinski.pl\/wydarzenia\/program-leki-75-plus-zwiekszyl-dostep-osob-starszych-do-farmakoterapii-i-zmniejszyl-ich-wydatki\/"},"author":{"name":"admin","@id":"https:\/\/marekkuchcinski.pl\/#\/schema\/person\/6f62700996b4d950b6ea2d1183b6c6be"},"headline":"Program Leki 75 plus zwi\u0119kszy\u0142 dost\u0119p os\u00f3b starszych do farmakoterapii i zmniejszy\u0142 ich wydatki","datePublished":"2019-04-23T10:51:44+00:00","dateModified":"2019-04-23T13:51:53+00:00","mainEntityOfPage":{"@id":"https:\/\/marekkuchcinski.pl\/wydarzenia\/program-leki-75-plus-zwiekszyl-dostep-osob-starszych-do-farmakoterapii-i-zmniejszyl-ich-wydatki\/"},"wordCount":286,"commentCount":0,"publisher":{"@id":"https:\/\/marekkuchcinski.pl\/#organization"},"image":{"@id":"https:\/\/marekkuchcinski.pl\/wydarzenia\/program-leki-75-plus-zwiekszyl-dostep-osob-starszych-do-farmakoterapii-i-zmniejszyl-ich-wydatki\/#primaryimage"},"thumbnailUrl":"https:\/\/marekkuchcinski.pl\/wp-content\/uploads\/2019\/04\/leki-75.jpg","articleSection":["Prawo i Sprawiedliwo\u015b\u0107","Wydarzenia"],"inLanguage":"hu","potentialAction":[{"@type":"CommentAction","name":"Comment","target":["https:\/\/marekkuchcinski.pl\/wydarzenia\/program-leki-75-plus-zwiekszyl-dostep-osob-starszych-do-farmakoterapii-i-zmniejszyl-ich-wydatki\/#respond"]}]},{"@type":"WebPage","@id":"https:\/\/marekkuchcinski.pl\/wydarzenia\/program-leki-75-plus-zwiekszyl-dostep-osob-starszych-do-farmakoterapii-i-zmniejszyl-ich-wydatki\/","url":"https:\/\/marekkuchcinski.pl\/wydarzenia\/program-leki-75-plus-zwiekszyl-dostep-osob-starszych-do-farmakoterapii-i-zmniejszyl-ich-wydatki\/","name":"Program Leki 75 plus zwi\u0119kszy\u0142 dost\u0119p os\u00f3b starszych do farmakoterapii i zmniejszy\u0142 ich wydatki &#8211; Marek Kuchci\u0144ski","isPartOf":{"@id":"https:\/\/marekkuchcinski.pl\/#website"},"primaryImageOfPage":{"@id":"https:\/\/marekkuchcinski.pl\/wydarzenia\/program-leki-75-plus-zwiekszyl-dostep-osob-starszych-do-farmakoterapii-i-zmniejszyl-ich-wydatki\/#primaryimage"},"image":{"@id":"https:\/\/marekkuchcinski.pl\/wydarzenia\/program-leki-75-plus-zwiekszyl-dostep-osob-starszych-do-farmakoterapii-i-zmniejszyl-ich-wydatki\/#primaryimage"},"thumbnailUrl":"https:\/\/marekkuchcinski.pl\/wp-content\/uploads\/2019\/04\/leki-75.jpg","datePublished":"2019-04-23T10:51:44+00:00","dateModified":"2019-04-23T13:51:53+00:00","breadcrumb":{"@id":"https:\/\/marekkuchcinski.pl\/wydarzenia\/program-leki-75-plus-zwiekszyl-dostep-osob-starszych-do-farmakoterapii-i-zmniejszyl-ich-wydatki\/#breadcrumb"},"inLanguage":"hu","potentialAction":[{"@type":"ReadAction","target":["https:\/\/marekkuchcinski.pl\/wydarzenia\/program-leki-75-plus-zwiekszyl-dostep-osob-starszych-do-farmakoterapii-i-zmniejszyl-ich-wydatki\/"]}]},{"@type":"ImageObject","inLanguage":"hu","@id":"https:\/\/marekkuchcinski.pl\/wydarzenia\/program-leki-75-plus-zwiekszyl-dostep-osob-starszych-do-farmakoterapii-i-zmniejszyl-ich-wydatki\/#primaryimage","url":"https:\/\/marekkuchcinski.pl\/wp-content\/uploads\/2019\/04\/leki-75.jpg","contentUrl":"https:\/\/marekkuchcinski.pl\/wp-content\/uploads\/2019\/04\/leki-75.jpg","width":449,"height":307},{"@type":"BreadcrumbList","@id":"https:\/\/marekkuchcinski.pl\/wydarzenia\/program-leki-75-plus-zwiekszyl-dostep-osob-starszych-do-farmakoterapii-i-zmniejszyl-ich-wydatki\/#breadcrumb","itemListElement":[{"@type":"ListItem","position":1,"name":"Strona g\u0142\u00f3wna","item":"https:\/\/marekkuchcinski.pl\/"},{"@type":"ListItem","position":2,"name":"Program Leki 75 plus zwi\u0119kszy\u0142 dost\u0119p os\u00f3b starszych do farmakoterapii i zmniejszy\u0142 ich wydatki"}]},{"@type":"WebSite","@id":"https:\/\/marekkuchcinski.pl\/#website","url":"https:\/\/marekkuchcinski.pl\/","name":"Marek Kuchci\u0144ski","description":"Pose\u0142 na sejm RP &ndash; okr\u0119g nr 22","publisher":{"@id":"https:\/\/marekkuchcinski.pl\/#organization"},"potentialAction":[{"@type":"SearchAction","target":{"@type":"EntryPoint","urlTemplate":"https:\/\/marekkuchcinski.pl\/?s={search_term_string}"},"query-input":{"@type":"PropertyValueSpecification","valueRequired":true,"valueName":"search_term_string"}}],"inLanguage":"hu"},{"@type":"Organization","@id":"https:\/\/marekkuchcinski.pl\/#organization","name":"Marek Kuchci\u0144ski","url":"https:\/\/marekkuchcinski.pl\/","logo":{"@type":"ImageObject","inLanguage":"hu","@id":"https:\/\/marekkuchcinski.pl\/#\/schema\/logo\/image\/","url":"https:\/\/marekkuchcinski.pl\/wp-content\/uploads\/2022\/09\/Marek.jpg","contentUrl":"https:\/\/marekkuchcinski.pl\/wp-content\/uploads\/2022\/09\/Marek.jpg","width":1600,"height":971,"caption":"Marek Kuchci\u0144ski"},"image":{"@id":"https:\/\/marekkuchcinski.pl\/#\/schema\/logo\/image\/"}},{"@type":"Person","@id":"https:\/\/marekkuchcinski.pl\/#\/schema\/person\/6f62700996b4d950b6ea2d1183b6c6be","name":"admin","image":{"@type":"ImageObject","inLanguage":"hu","@id":"https:\/\/marekkuchcinski.pl\/#\/schema\/person\/image\/","url":"https:\/\/secure.gravatar.com\/avatar\/4bab693b9d55c3d6b52c0296a8765085?s=96&d=mm&r=g","contentUrl":"https:\/\/secure.gravatar.com\/avatar\/4bab693b9d55c3d6b52c0296a8765085?s=96&d=mm&r=g","caption":"admin"},"url":"https:\/\/marekkuchcinski.pl\/hu\/author\/marta-olejnik\/"}]}},"_links":{"self":[{"href":"https:\/\/marekkuchcinski.pl\/hu\/wp-json\/wp\/v2\/posts\/15027","targetHints":{"allow":["GET"]}}],"collection":[{"href":"https:\/\/marekkuchcinski.pl\/hu\/wp-json\/wp\/v2\/posts"}],"about":[{"href":"https:\/\/marekkuchcinski.pl\/hu\/wp-json\/wp\/v2\/types\/post"}],"author":[{"embeddable":true,"href":"https:\/\/marekkuchcinski.pl\/hu\/wp-json\/wp\/v2\/users\/6"}],"replies":[{"embeddable":true,"href":"https:\/\/marekkuchcinski.pl\/hu\/wp-json\/wp\/v2\/comments?post=15027"}],"version-history":[{"count":6,"href":"https:\/\/marekkuchcinski.pl\/hu\/wp-json\/wp\/v2\/posts\/15027\/revisions"}],"predecessor-version":[{"id":15035,"href":"https:\/\/marekkuchcinski.pl\/hu\/wp-json\/wp\/v2\/posts\/15027\/revisions\/15035"}],"wp:featuredmedia":[{"embeddable":true,"href":"https:\/\/marekkuchcinski.pl\/hu\/wp-json\/wp\/v2\/media\/15031"}],"wp:attachment":[{"href":"https:\/\/marekkuchcinski.pl\/hu\/wp-json\/wp\/v2\/media?parent=15027"}],"wp:term":[{"taxonomy":"category","embeddable":true,"href":"https:\/\/marekkuchcinski.pl\/hu\/wp-json\/wp\/v2\/categories?post=15027"},{"taxonomy":"post_tag","embeddable":true,"href":"https:\/\/marekkuchcinski.pl\/hu\/wp-json\/wp\/v2\/tags?post=15027"}],"curies":[{"name":"wp","href":"https:\/\/api.w.org\/{rel}","templated":true}]}}