{"id":15007,"date":"2019-04-21T22:12:30","date_gmt":"2019-04-21T20:12:30","guid":{"rendered":"https:\/\/marekkuchcinski.pl\/?p=15007"},"modified":"2019-04-21T22:12:31","modified_gmt":"2019-04-21T20:12:31","slug":"marszalek-sejmu-zdecydowanie-potepiam-zamachy-na-sri-lance-to-atak-w-dniu-gdy-triumfowac-ma-zycie-nie-smierc","status":"publish","type":"post","link":"https:\/\/marekkuchcinski.pl\/hu\/wydarzenia\/marszalek-sejmu-zdecydowanie-potepiam-zamachy-na-sri-lance-to-atak-w-dniu-gdy-triumfowac-ma-zycie-nie-smierc\/","title":{"rendered":"A Szejm eln\u00f6ke: Hat\u00e1rozottan el\u00edt\u00e9lem a Sr\u00ed Lanka-i t\u00e1mad\u00e1sokat. Ez egy t\u00e1mad\u00e1s egy olyan nap ellen, amikor az \u00e9letnek kellene gy\u0151zedelmeskednie, nem a hal\u00e1lnak."},"content":{"rendered":"<p class=\"wp-block-paragraph\">Hat\u00e1rozottan el\u00edt\u00e9lem a Sr\u00ed Lanka-i t\u00e1mad\u00e1sokat - mondta a h\u00e1zeln\u00f6k a\nMarek Kuchci\u0144ski szejm az ebben a v\u00e1rosban elk\u00f6vetett terrort\u00e1mad\u00e1sok ut\u00e1n.\norsz\u00e1g. <\/p>\n\n\n\n<p class=\"wp-block-paragraph\">Az \u00e1ldozatok sz\u00e1m\u00e1t a hat\u00f3s\u00e1gok folyamatosan ellen\u0151rzik \u00e9s\nm\u00e1r meghaladta a 200 f\u0151t. Ahogy a lengyelek le\u00fcltek a h\u00fasv\u00e9ti reggelihez, \u00fcnnepeltek\nMik\u00f6zben a lengyelek h\u00fasv\u00e9ti reggelihez \u00fcltek, hogy meg\u00fcnnepelj\u00e9k Krisztus felt\u00e1mad\u00e1s\u00e1t, Sr\u00ed Lank\u00e1n csal\u00e1dok sz\u00e1zai voltak k\u00e9ts\u00e9gbeesve a sz\u00f6rny\u0171 vesztes\u00e9g miatt.\nsz\u00f6rny\u0171 vesztes\u00e9g. Terrorist\u00e1k t\u00e1madtak a mis\u00e9n r\u00e9szt vev\u0151 emberekre\na mis\u00e9n r\u00e9szt vev\u0151 emberek. Bomb\u00e1k robbantak sz\u00e1llod\u00e1kban is, \u00e9s kereszt\u00e9nyek is c\u00e9lpontok voltak.<\/p>\n\n\n\n<p class=\"wp-block-paragraph\">- Nem maradhatunk k\u00f6z\u00f6mb\u00f6sek ezekkel az esem\u00e9nyekkel szemben. Ez egy t\u00e1mad\u00e1s \u00e1rtatlan emberek ellen, akiknek egyetlen hib\u00e1ja a vall\u00e1suk volt. Ez egy olyan nap elleni t\u00e1mad\u00e1s, amikor az \u00e9letnek kellene gy\u0151zedelmeskednie, nem pedig a hal\u00e1lnak. R\u00e9szv\u00e9temet fejezem ki az \u00e1ldozatok minden csal\u00e1dj\u00e1nak, akik k\u00f6z\u00f6tt nemcsak Sr\u00ed Lanka-iak, hanem m\u00e1s orsz\u00e1gok \u00e1llampolg\u00e1rai is vannak\" - tette hozz\u00e1 Kuchci\u0144ski marsall. Nem ez az els\u0151 vagy egyetlen kereszt\u00e9nyeket c\u00e9lz\u00f3 t\u00e1mad\u00e1s. M\u00e1rciusban a Katolikus H\u00edr\u00fcgyn\u00f6ks\u00e9g megkongatta a v\u00e9szharangot a nig\u00e9riai helyzet miatt. Febru\u00e1r \u00f3ta t\u00f6bb mint 120 kereszt\u00e9ny halt meg a muszlim fegyveresek kez\u00e9t\u0151l az orsz\u00e1gban. Afrik\u00e1ban \u00e9s \u00c1zsi\u00e1ban \u00e9gnek a templomok. Az er\u0151szak \u00e9s az \u00fcld\u00f6z\u00e9s m\u00e9rt\u00e9ke riaszt\u00f3.<\/p>\n\n\n\n<p class=\"wp-block-paragraph\"><em>Marta Olejnik<\/em><\/p>\n\n\n\n<figure class=\"wp-block-image\"><img fetchpriority=\"high\" decoding=\"async\" width=\"1024\" height=\"637\" src=\"https:\/\/marekkuchcinski.pl\/wp-content\/uploads\/2019\/04\/Gro\u0301b-3-1-1024x637.jpg\" alt=\"\" class=\"wp-image-15024\" srcset=\"https:\/\/marekkuchcinski.pl\/wp-content\/uploads\/2019\/04\/Gro\u0301b-3-1-1024x637.jpg 1024w, https:\/\/marekkuchcinski.pl\/wp-content\/uploads\/2019\/04\/Gro\u0301b-3-1-300x187.jpg 300w, https:\/\/marekkuchcinski.pl\/wp-content\/uploads\/2019\/04\/Gro\u0301b-3-1-768x478.jpg 768w, https:\/\/marekkuchcinski.pl\/wp-content\/uploads\/2019\/04\/Gro\u0301b-3-1.jpg 2048w\" sizes=\"(max-width: 1024px) 100vw, 1024px\" \/><figcaption><em>H\u00fasv\u00e9t 2019, Boldogs\u00e1gos Sz\u0171z M\u00e1ria Anyja templom Vars\u00f3ban, fot\u00f3 mo<\/em><\/figcaption><\/figure>","protected":false},"excerpt":{"rendered":"<p>Zdecydowanie pot\u0119piam ataki na Sri Lance &#8211; o\u015bwiadczy\u0142 marsza\u0142ek Sejmu Marek Kuchci\u0144ski po zamachach terrorystycznych, jakie mia\u0142y miejsce w tym kraju. Liczba ofiar jest stale weryfikowana przez w\u0142adze i przekroczy\u0142a ju\u017c 200 os\u00f3b. Gdy Polacy siadali do wielkanocnych \u015bniada\u0144, czcz\u0105c zmartwychwstanie Chrystusa, setki rodzin na Sri Lance prze\u017cywa\u0142y rozpacz po straszliwej stracie. Terrory\u015bci zaatakowali uczestnicz\u0105cych [&hellip;]<\/p>\n","protected":false},"author":6,"featured_media":15020,"comment_status":"open","ping_status":"open","sticky":false,"template":"","format":"standard","meta":{"ngg_post_thumbnail":0,"footnotes":""},"categories":[3],"tags":[],"class_list":["post-15007","post","type-post","status-publish","format-standard","has-post-thumbnail","hentry","category-wydarzenia"],"_links":{"self":[{"href":"https:\/\/marekkuchcinski.pl\/hu\/wp-json\/wp\/v2\/posts\/15007","targetHints":{"allow":["GET"]}}],"collection":[{"href":"https:\/\/marekkuchcinski.pl\/hu\/wp-json\/wp\/v2\/posts"}],"about":[{"href":"https:\/\/marekkuchcinski.pl\/hu\/wp-json\/wp\/v2\/types\/post"}],"author":[{"embeddable":true,"href":"https:\/\/marekkuchcinski.pl\/hu\/wp-json\/wp\/v2\/users\/6"}],"replies":[{"embeddable":true,"href":"https:\/\/marekkuchcinski.pl\/hu\/wp-json\/wp\/v2\/comments?post=15007"}],"version-history":[{"count":8,"href":"https:\/\/marekkuchcinski.pl\/hu\/wp-json\/wp\/v2\/posts\/15007\/revisions"}],"predecessor-version":[{"id":15025,"href":"https:\/\/marekkuchcinski.pl\/hu\/wp-json\/wp\/v2\/posts\/15007\/revisions\/15025"}],"wp:featuredmedia":[{"embeddable":true,"href":"https:\/\/marekkuchcinski.pl\/hu\/wp-json\/wp\/v2\/media\/15020"}],"wp:attachment":[{"href":"https:\/\/marekkuchcinski.pl\/hu\/wp-json\/wp\/v2\/media?parent=15007"}],"wp:term":[{"taxonomy":"category","embeddable":true,"href":"https:\/\/marekkuchcinski.pl\/hu\/wp-json\/wp\/v2\/categories?post=15007"},{"taxonomy":"post_tag","embeddable":true,"href":"https:\/\/marekkuchcinski.pl\/hu\/wp-json\/wp\/v2\/tags?post=15007"}],"curies":[{"name":"wp","href":"https:\/\/api.w.org\/{rel}","templated":true}]}}