{"id":15003,"date":"2019-04-15T20:18:38","date_gmt":"2019-04-15T18:18:38","guid":{"rendered":"https:\/\/marekkuchcinski.pl\/?p=15003"},"modified":"2019-04-21T20:21:26","modified_gmt":"2019-04-21T18:21:26","slug":"sto-lat-temu-urodzil-sie-wojciech-bogumil-jastrzebowski-tworca-konstytucji-dla-europy","status":"publish","type":"post","link":"https:\/\/marekkuchcinski.pl\/hu\/wazne-daty\/sto-lat-temu-urodzil-sie-wojciech-bogumil-jastrzebowski-tworca-konstytucji-dla-europy\/","title":{"rendered":"Sz\u00e1z \u00e9vvel ezel\u0151tt sz\u00fcletett Wojciech Bogumi\u0142 Jastrz\u0119bowski, az \"Eur\u00f3pai alkotm\u00e1ny\" szerz\u0151je."},"content":{"rendered":"<p>1819. \u00e1prilis 15-\u00e9n sz\u00fcletett Wojciech Bogumi\u0142 Jastrz\u0119bowski, az 1831. m\u00e1jus 3-i dokumentum szerz\u0151je: \"Wolne chwilerza polskiego, czyli my\u015bli o wiecznym pokoju mi\u0119dzy narodami ucywilizowanych\". L\u00e9nyeges r\u00e9sze volt az eur\u00f3pai alkotm\u00e1ny. Jastrz\u0119bowski \u00e9rtekez\u00e9s\u00e9ben arr\u00f3l \u00edrt, hogy Eur\u00f3pa k\u00fcl\u00f6nb\u00f6z\u0151 nyelv\u0171, de ugyanazon \u00e1ltal\u00e1nos politikai elvek al\u00e1 tartoz\u00f3 nemzetek sz\u00f6vets\u00e9ge. Jastrz\u0119bowski sz\u00e1m\u00e1ra, aki akkoriban fiatal tud\u00f3s volt \u00e9s a novemberi felkel\u00e9s r\u00e9sztvev\u0151je, fontos volt a nemzeti k\u00fcl\u00f6nbs\u00e9gek meg\u0151rz\u00e9se. Az egyes\u00fcl\u00e9sr\u0151l mint a b\u00e9ke es\u00e9ly\u00e9r\u0151l \u00edrt. Az \u0151 v\u00edzi\u00f3ja r\u00e9szben ut\u00f3pisztikus volt, \u00e9s neh\u00e9z ezt most ny\u00edltan a modern vil\u00e1g j\u00f6v\u0151j\u00e9r\u0151l sz\u00f3l\u00f3 vita t\u00e9m\u00e1jak\u00e9nt megfogalmazni. Az azonban vil\u00e1gos, hogy a lengyelek m\u00e1r a 19. sz\u00e1zadi f\u00fcggetlens\u00e9gi harc idej\u00e9n is egy t\u00e1gabb \u00e9rtelemben vett j\u00f3ban, a kontinens j\u00f6v\u0151j\u00e9ben gondolkodtak, \u00e9s nem csak a v\u00e9res harcokban a feloszt\u00f3kt\u00f3l elrabolt saj\u00e1t tulajdonukban.<\/p>\n\n\n\n<p>Nem kell teh\u00e1t csak a nyugat-eur\u00f3pai orsz\u00e1gok \u00e1ltal id\u00e9zett t\u00f6rt\u00e9nelmi p\u00e9ld\u00e1kat haszn\u00e1lnunk, amelyek gyakran pr\u00f3b\u00e1lnak olyan narrat\u00edv\u00e1t bevezetni, amely korl\u00e1tozza a vit\u00e1z\u00f3k hangj\u00e1t, eml\u00e9keztetve \u0151ket arra, hogy a saj\u00e1t n\u00e9phez, a hagyom\u00e1nyokhoz, a m\u00e1ss\u00e1ghoz val\u00f3 ragaszkod\u00e1s \u00e9vsz\u00e1zadok \u00f3ta forr\u00f3n vitatott t\u00e9ma.<\/p>","protected":false},"excerpt":{"rendered":"<p>15 kwietnia 1819 r. urodzi\u0142 si\u0119 Wojciech Bogumi\u0142 Jastrz\u0119bowski, autor dokumentu z 3 maja 1831 roku: \u201eWolne chwile \u017co\u0142nierza polskiego, czyli my\u015bli o wiecznym pokoju mi\u0119dzy narodami ucywilizowanymi\u201d. Jego zasadnicz\u0105 cz\u0119\u015b\u0107 stanowi\u0142a Konstytucja dla Europy. Jastrz\u0119bowski w swoim traktacie pisa\u0142 o Europie, kt\u00f3ra ma by\u0107 federacj\u0105 narod\u00f3w m\u00f3wi\u0105cych r\u00f3\u017cnymi j\u0119zykami, lecz podlegaj\u0105cych tym samym og\u00f3lnym [&hellip;]<\/p>","protected":false},"author":6,"featured_media":15005,"comment_status":"open","ping_status":"open","sticky":false,"template":"","format":"standard","meta":{"ngg_post_thumbnail":0,"footnotes":""},"categories":[77],"tags":[],"class_list":["post-15003","post","type-post","status-publish","format-standard","has-post-thumbnail","hentry","category-wazne-daty"],"yoast_head":"<!-- This site is optimized with the Yoast SEO plugin v24.7 - https:\/\/yoast.com\/wordpress\/plugins\/seo\/ -->\n<title>Sto lat temu urodzi\u0142 si\u0119 Wojciech Bogumi\u0142 Jastrz\u0119bowski, tw\u00f3rca &quot;Konstytucji dla Europy&quot; &#8211; Marek Kuchci\u0144ski<\/title>\n<meta name=\"robots\" content=\"index, follow, max-snippet:-1, max-image-preview:large, max-video-preview:-1\" \/>\n<link rel=\"canonical\" href=\"https:\/\/marekkuchcinski.pl\/hu\/wazne-daty\/sto-lat-temu-urodzil-sie-wojciech-bogumil-jastrzebowski-tworca-konstytucji-dla-europy\/\" \/>\n<meta property=\"og:locale\" content=\"hu_HU\" \/>\n<meta property=\"og:type\" content=\"article\" \/>\n<meta property=\"og:title\" content=\"Sto lat temu urodzi\u0142 si\u0119 Wojciech Bogumi\u0142 Jastrz\u0119bowski, tw\u00f3rca &quot;Konstytucji dla Europy&quot; &#8211; Marek Kuchci\u0144ski\" \/>\n<meta property=\"og:description\" content=\"15 kwietnia 1819 r. urodzi\u0142 si\u0119 Wojciech Bogumi\u0142 Jastrz\u0119bowski, autor dokumentu z 3 maja 1831 roku: \u201eWolne chwile \u017co\u0142nierza polskiego, czyli my\u015bli o wiecznym pokoju mi\u0119dzy narodami ucywilizowanymi\u201d. Jego zasadnicz\u0105 cz\u0119\u015b\u0107 stanowi\u0142a Konstytucja dla Europy. Jastrz\u0119bowski w swoim traktacie pisa\u0142 o Europie, kt\u00f3ra ma by\u0107 federacj\u0105 narod\u00f3w m\u00f3wi\u0105cych r\u00f3\u017cnymi j\u0119zykami, lecz podlegaj\u0105cych tym samym og\u00f3lnym [&hellip;]\" \/>\n<meta property=\"og:url\" content=\"https:\/\/marekkuchcinski.pl\/hu\/wazne-daty\/sto-lat-temu-urodzil-sie-wojciech-bogumil-jastrzebowski-tworca-konstytucji-dla-europy\/\" \/>\n<meta property=\"og:site_name\" content=\"Marek Kuchci\u0144ski\" \/>\n<meta property=\"article:published_time\" content=\"2019-04-15T18:18:38+00:00\" \/>\n<meta property=\"article:modified_time\" content=\"2019-04-21T18:21:26+00:00\" \/>\n<meta property=\"og:image\" content=\"https:\/\/marekkuchcinski.pl\/wp-content\/uploads\/2019\/04\/Wojciech_Jastrze\u0328bowski.jpg\" \/>\n\t<meta property=\"og:image:width\" content=\"703\" \/>\n\t<meta property=\"og:image:height\" content=\"820\" \/>\n\t<meta property=\"og:image:type\" content=\"image\/jpeg\" \/>\n<meta name=\"author\" content=\"admin\" \/>\n<meta name=\"twitter:card\" content=\"summary_large_image\" \/>\n<meta name=\"twitter:label1\" content=\"Szerz\u0151:\" \/>\n\t<meta name=\"twitter:data1\" content=\"admin\" \/>\n\t<meta name=\"twitter:label2\" content=\"Becs\u00fclt olvas\u00e1si id\u0151\" \/>\n\t<meta name=\"twitter:data2\" content=\"1 perc\" \/>\n<script type=\"application\/ld+json\" class=\"yoast-schema-graph\">{\"@context\":\"https:\/\/schema.org\",\"@graph\":[{\"@type\":\"Article\",\"@id\":\"https:\/\/marekkuchcinski.pl\/cs\/wazne-daty\/sto-lat-temu-urodzil-sie-wojciech-bogumil-jastrzebowski-tworca-konstytucji-dla-europy\/#article\",\"isPartOf\":{\"@id\":\"https:\/\/marekkuchcinski.pl\/cs\/wazne-daty\/sto-lat-temu-urodzil-sie-wojciech-bogumil-jastrzebowski-tworca-konstytucji-dla-europy\/\"},\"author\":{\"name\":\"admin\",\"@id\":\"https:\/\/marekkuchcinski.pl\/#\/schema\/person\/6f62700996b4d950b6ea2d1183b6c6be\"},\"headline\":\"Sto lat temu urodzi\u0142 si\u0119 Wojciech Bogumi\u0142 Jastrz\u0119bowski, tw\u00f3rca &#8222;Konstytucji dla Europy&#8221;\",\"datePublished\":\"2019-04-15T18:18:38+00:00\",\"dateModified\":\"2019-04-21T18:21:26+00:00\",\"mainEntityOfPage\":{\"@id\":\"https:\/\/marekkuchcinski.pl\/cs\/wazne-daty\/sto-lat-temu-urodzil-sie-wojciech-bogumil-jastrzebowski-tworca-konstytucji-dla-europy\/\"},\"wordCount\":217,\"commentCount\":0,\"publisher\":{\"@id\":\"https:\/\/marekkuchcinski.pl\/#organization\"},\"image\":{\"@id\":\"https:\/\/marekkuchcinski.pl\/cs\/wazne-daty\/sto-lat-temu-urodzil-sie-wojciech-bogumil-jastrzebowski-tworca-konstytucji-dla-europy\/#primaryimage\"},\"thumbnailUrl\":\"https:\/\/marekkuchcinski.pl\/wp-content\/uploads\/2019\/04\/Wojciech_Jastrze\u0328bowski.jpg\",\"articleSection\":[\"Wa\u017cne daty\"],\"inLanguage\":\"hu\",\"potentialAction\":[{\"@type\":\"CommentAction\",\"name\":\"Comment\",\"target\":[\"https:\/\/marekkuchcinski.pl\/cs\/wazne-daty\/sto-lat-temu-urodzil-sie-wojciech-bogumil-jastrzebowski-tworca-konstytucji-dla-europy\/#respond\"]}]},{\"@type\":\"WebPage\",\"@id\":\"https:\/\/marekkuchcinski.pl\/cs\/wazne-daty\/sto-lat-temu-urodzil-sie-wojciech-bogumil-jastrzebowski-tworca-konstytucji-dla-europy\/\",\"url\":\"https:\/\/marekkuchcinski.pl\/cs\/wazne-daty\/sto-lat-temu-urodzil-sie-wojciech-bogumil-jastrzebowski-tworca-konstytucji-dla-europy\/\",\"name\":\"Sto lat temu urodzi\u0142 si\u0119 Wojciech Bogumi\u0142 Jastrz\u0119bowski, tw\u00f3rca \\\"Konstytucji dla Europy\\\" &#8211; Marek Kuchci\u0144ski\",\"isPartOf\":{\"@id\":\"https:\/\/marekkuchcinski.pl\/#website\"},\"primaryImageOfPage\":{\"@id\":\"https:\/\/marekkuchcinski.pl\/cs\/wazne-daty\/sto-lat-temu-urodzil-sie-wojciech-bogumil-jastrzebowski-tworca-konstytucji-dla-europy\/#primaryimage\"},\"image\":{\"@id\":\"https:\/\/marekkuchcinski.pl\/cs\/wazne-daty\/sto-lat-temu-urodzil-sie-wojciech-bogumil-jastrzebowski-tworca-konstytucji-dla-europy\/#primaryimage\"},\"thumbnailUrl\":\"https:\/\/marekkuchcinski.pl\/wp-content\/uploads\/2019\/04\/Wojciech_Jastrze\u0328bowski.jpg\",\"datePublished\":\"2019-04-15T18:18:38+00:00\",\"dateModified\":\"2019-04-21T18:21:26+00:00\",\"breadcrumb\":{\"@id\":\"https:\/\/marekkuchcinski.pl\/cs\/wazne-daty\/sto-lat-temu-urodzil-sie-wojciech-bogumil-jastrzebowski-tworca-konstytucji-dla-europy\/#breadcrumb\"},\"inLanguage\":\"hu\",\"potentialAction\":[{\"@type\":\"ReadAction\",\"target\":[\"https:\/\/marekkuchcinski.pl\/cs\/wazne-daty\/sto-lat-temu-urodzil-sie-wojciech-bogumil-jastrzebowski-tworca-konstytucji-dla-europy\/\"]}]},{\"@type\":\"ImageObject\",\"inLanguage\":\"hu\",\"@id\":\"https:\/\/marekkuchcinski.pl\/cs\/wazne-daty\/sto-lat-temu-urodzil-sie-wojciech-bogumil-jastrzebowski-tworca-konstytucji-dla-europy\/#primaryimage\",\"url\":\"https:\/\/marekkuchcinski.pl\/wp-content\/uploads\/2019\/04\/Wojciech_Jastrze\u0328bowski.jpg\",\"contentUrl\":\"https:\/\/marekkuchcinski.pl\/wp-content\/uploads\/2019\/04\/Wojciech_Jastrze\u0328bowski.jpg\",\"width\":703,\"height\":820},{\"@type\":\"BreadcrumbList\",\"@id\":\"https:\/\/marekkuchcinski.pl\/cs\/wazne-daty\/sto-lat-temu-urodzil-sie-wojciech-bogumil-jastrzebowski-tworca-konstytucji-dla-europy\/#breadcrumb\",\"itemListElement\":[{\"@type\":\"ListItem\",\"position\":1,\"name\":\"Strona g\u0142\u00f3wna\",\"item\":\"https:\/\/marekkuchcinski.pl\/\"},{\"@type\":\"ListItem\",\"position\":2,\"name\":\"Sto lat temu urodzi\u0142 si\u0119 Wojciech Bogumi\u0142 Jastrz\u0119bowski, tw\u00f3rca &#8220;Konstytucji dla Europy&#8221;\"}]},{\"@type\":\"WebSite\",\"@id\":\"https:\/\/marekkuchcinski.pl\/#website\",\"url\":\"https:\/\/marekkuchcinski.pl\/\",\"name\":\"Marek Kuchci\u0144ski\",\"description\":\"Pose\u0142 na sejm RP &ndash; okr\u0119g nr 22\",\"publisher\":{\"@id\":\"https:\/\/marekkuchcinski.pl\/#organization\"},\"potentialAction\":[{\"@type\":\"SearchAction\",\"target\":{\"@type\":\"EntryPoint\",\"urlTemplate\":\"https:\/\/marekkuchcinski.pl\/?s={search_term_string}\"},\"query-input\":{\"@type\":\"PropertyValueSpecification\",\"valueRequired\":true,\"valueName\":\"search_term_string\"}}],\"inLanguage\":\"hu\"},{\"@type\":\"Organization\",\"@id\":\"https:\/\/marekkuchcinski.pl\/#organization\",\"name\":\"Marek Kuchci\u0144ski\",\"url\":\"https:\/\/marekkuchcinski.pl\/\",\"logo\":{\"@type\":\"ImageObject\",\"inLanguage\":\"hu\",\"@id\":\"https:\/\/marekkuchcinski.pl\/#\/schema\/logo\/image\/\",\"url\":\"https:\/\/marekkuchcinski.pl\/wp-content\/uploads\/2022\/09\/Marek.jpg\",\"contentUrl\":\"https:\/\/marekkuchcinski.pl\/wp-content\/uploads\/2022\/09\/Marek.jpg\",\"width\":1600,\"height\":971,\"caption\":\"Marek Kuchci\u0144ski\"},\"image\":{\"@id\":\"https:\/\/marekkuchcinski.pl\/#\/schema\/logo\/image\/\"}},{\"@type\":\"Person\",\"@id\":\"https:\/\/marekkuchcinski.pl\/#\/schema\/person\/6f62700996b4d950b6ea2d1183b6c6be\",\"name\":\"admin\",\"image\":{\"@type\":\"ImageObject\",\"inLanguage\":\"hu\",\"@id\":\"https:\/\/marekkuchcinski.pl\/#\/schema\/person\/image\/\",\"url\":\"https:\/\/secure.gravatar.com\/avatar\/4bab693b9d55c3d6b52c0296a8765085?s=96&d=mm&r=g\",\"contentUrl\":\"https:\/\/secure.gravatar.com\/avatar\/4bab693b9d55c3d6b52c0296a8765085?s=96&d=mm&r=g\",\"caption\":\"admin\"},\"url\":\"https:\/\/marekkuchcinski.pl\/hu\/author\/marta-olejnik\/\"}]}<\/script>\n<!-- \/ Yoast SEO plugin. -->","yoast_head_json":{"title":"Sto lat temu urodzi\u0142 si\u0119 Wojciech Bogumi\u0142 Jastrz\u0119bowski, tw\u00f3rca \"Konstytucji dla Europy\" &#8211; Marek Kuchci\u0144ski","robots":{"index":"index","follow":"follow","max-snippet":"max-snippet:-1","max-image-preview":"max-image-preview:large","max-video-preview":"max-video-preview:-1"},"canonical":"https:\/\/marekkuchcinski.pl\/hu\/wazne-daty\/sto-lat-temu-urodzil-sie-wojciech-bogumil-jastrzebowski-tworca-konstytucji-dla-europy\/","og_locale":"hu_HU","og_type":"article","og_title":"Sto lat temu urodzi\u0142 si\u0119 Wojciech Bogumi\u0142 Jastrz\u0119bowski, tw\u00f3rca \"Konstytucji dla Europy\" &#8211; Marek Kuchci\u0144ski","og_description":"15 kwietnia 1819 r. urodzi\u0142 si\u0119 Wojciech Bogumi\u0142 Jastrz\u0119bowski, autor dokumentu z 3 maja 1831 roku: \u201eWolne chwile \u017co\u0142nierza polskiego, czyli my\u015bli o wiecznym pokoju mi\u0119dzy narodami ucywilizowanymi\u201d. Jego zasadnicz\u0105 cz\u0119\u015b\u0107 stanowi\u0142a Konstytucja dla Europy. Jastrz\u0119bowski w swoim traktacie pisa\u0142 o Europie, kt\u00f3ra ma by\u0107 federacj\u0105 narod\u00f3w m\u00f3wi\u0105cych r\u00f3\u017cnymi j\u0119zykami, lecz podlegaj\u0105cych tym samym og\u00f3lnym [&hellip;]","og_url":"https:\/\/marekkuchcinski.pl\/hu\/wazne-daty\/sto-lat-temu-urodzil-sie-wojciech-bogumil-jastrzebowski-tworca-konstytucji-dla-europy\/","og_site_name":"Marek Kuchci\u0144ski","article_published_time":"2019-04-15T18:18:38+00:00","article_modified_time":"2019-04-21T18:21:26+00:00","og_image":[{"width":703,"height":820,"url":"https:\/\/marekkuchcinski.pl\/wp-content\/uploads\/2019\/04\/Wojciech_Jastrze\u0328bowski.jpg","type":"image\/jpeg"}],"author":"admin","twitter_card":"summary_large_image","twitter_misc":{"Szerz\u0151:":"admin","Becs\u00fclt olvas\u00e1si id\u0151":"1 perc"},"schema":{"@context":"https:\/\/schema.org","@graph":[{"@type":"Article","@id":"https:\/\/marekkuchcinski.pl\/cs\/wazne-daty\/sto-lat-temu-urodzil-sie-wojciech-bogumil-jastrzebowski-tworca-konstytucji-dla-europy\/#article","isPartOf":{"@id":"https:\/\/marekkuchcinski.pl\/cs\/wazne-daty\/sto-lat-temu-urodzil-sie-wojciech-bogumil-jastrzebowski-tworca-konstytucji-dla-europy\/"},"author":{"name":"admin","@id":"https:\/\/marekkuchcinski.pl\/#\/schema\/person\/6f62700996b4d950b6ea2d1183b6c6be"},"headline":"Sto lat temu urodzi\u0142 si\u0119 Wojciech Bogumi\u0142 Jastrz\u0119bowski, tw\u00f3rca &#8222;Konstytucji dla Europy&#8221;","datePublished":"2019-04-15T18:18:38+00:00","dateModified":"2019-04-21T18:21:26+00:00","mainEntityOfPage":{"@id":"https:\/\/marekkuchcinski.pl\/cs\/wazne-daty\/sto-lat-temu-urodzil-sie-wojciech-bogumil-jastrzebowski-tworca-konstytucji-dla-europy\/"},"wordCount":217,"commentCount":0,"publisher":{"@id":"https:\/\/marekkuchcinski.pl\/#organization"},"image":{"@id":"https:\/\/marekkuchcinski.pl\/cs\/wazne-daty\/sto-lat-temu-urodzil-sie-wojciech-bogumil-jastrzebowski-tworca-konstytucji-dla-europy\/#primaryimage"},"thumbnailUrl":"https:\/\/marekkuchcinski.pl\/wp-content\/uploads\/2019\/04\/Wojciech_Jastrze\u0328bowski.jpg","articleSection":["Wa\u017cne daty"],"inLanguage":"hu","potentialAction":[{"@type":"CommentAction","name":"Comment","target":["https:\/\/marekkuchcinski.pl\/cs\/wazne-daty\/sto-lat-temu-urodzil-sie-wojciech-bogumil-jastrzebowski-tworca-konstytucji-dla-europy\/#respond"]}]},{"@type":"WebPage","@id":"https:\/\/marekkuchcinski.pl\/cs\/wazne-daty\/sto-lat-temu-urodzil-sie-wojciech-bogumil-jastrzebowski-tworca-konstytucji-dla-europy\/","url":"https:\/\/marekkuchcinski.pl\/cs\/wazne-daty\/sto-lat-temu-urodzil-sie-wojciech-bogumil-jastrzebowski-tworca-konstytucji-dla-europy\/","name":"Sto lat temu urodzi\u0142 si\u0119 Wojciech Bogumi\u0142 Jastrz\u0119bowski, tw\u00f3rca \"Konstytucji dla Europy\" &#8211; Marek Kuchci\u0144ski","isPartOf":{"@id":"https:\/\/marekkuchcinski.pl\/#website"},"primaryImageOfPage":{"@id":"https:\/\/marekkuchcinski.pl\/cs\/wazne-daty\/sto-lat-temu-urodzil-sie-wojciech-bogumil-jastrzebowski-tworca-konstytucji-dla-europy\/#primaryimage"},"image":{"@id":"https:\/\/marekkuchcinski.pl\/cs\/wazne-daty\/sto-lat-temu-urodzil-sie-wojciech-bogumil-jastrzebowski-tworca-konstytucji-dla-europy\/#primaryimage"},"thumbnailUrl":"https:\/\/marekkuchcinski.pl\/wp-content\/uploads\/2019\/04\/Wojciech_Jastrze\u0328bowski.jpg","datePublished":"2019-04-15T18:18:38+00:00","dateModified":"2019-04-21T18:21:26+00:00","breadcrumb":{"@id":"https:\/\/marekkuchcinski.pl\/cs\/wazne-daty\/sto-lat-temu-urodzil-sie-wojciech-bogumil-jastrzebowski-tworca-konstytucji-dla-europy\/#breadcrumb"},"inLanguage":"hu","potentialAction":[{"@type":"ReadAction","target":["https:\/\/marekkuchcinski.pl\/cs\/wazne-daty\/sto-lat-temu-urodzil-sie-wojciech-bogumil-jastrzebowski-tworca-konstytucji-dla-europy\/"]}]},{"@type":"ImageObject","inLanguage":"hu","@id":"https:\/\/marekkuchcinski.pl\/cs\/wazne-daty\/sto-lat-temu-urodzil-sie-wojciech-bogumil-jastrzebowski-tworca-konstytucji-dla-europy\/#primaryimage","url":"https:\/\/marekkuchcinski.pl\/wp-content\/uploads\/2019\/04\/Wojciech_Jastrze\u0328bowski.jpg","contentUrl":"https:\/\/marekkuchcinski.pl\/wp-content\/uploads\/2019\/04\/Wojciech_Jastrze\u0328bowski.jpg","width":703,"height":820},{"@type":"BreadcrumbList","@id":"https:\/\/marekkuchcinski.pl\/cs\/wazne-daty\/sto-lat-temu-urodzil-sie-wojciech-bogumil-jastrzebowski-tworca-konstytucji-dla-europy\/#breadcrumb","itemListElement":[{"@type":"ListItem","position":1,"name":"Strona g\u0142\u00f3wna","item":"https:\/\/marekkuchcinski.pl\/"},{"@type":"ListItem","position":2,"name":"Sto lat temu urodzi\u0142 si\u0119 Wojciech Bogumi\u0142 Jastrz\u0119bowski, tw\u00f3rca &#8220;Konstytucji dla Europy&#8221;"}]},{"@type":"WebSite","@id":"https:\/\/marekkuchcinski.pl\/#website","url":"https:\/\/marekkuchcinski.pl\/","name":"Marek Kuchci\u0144ski","description":"Pose\u0142 na sejm RP &ndash; okr\u0119g nr 22","publisher":{"@id":"https:\/\/marekkuchcinski.pl\/#organization"},"potentialAction":[{"@type":"SearchAction","target":{"@type":"EntryPoint","urlTemplate":"https:\/\/marekkuchcinski.pl\/?s={search_term_string}"},"query-input":{"@type":"PropertyValueSpecification","valueRequired":true,"valueName":"search_term_string"}}],"inLanguage":"hu"},{"@type":"Organization","@id":"https:\/\/marekkuchcinski.pl\/#organization","name":"Marek Kuchci\u0144ski","url":"https:\/\/marekkuchcinski.pl\/","logo":{"@type":"ImageObject","inLanguage":"hu","@id":"https:\/\/marekkuchcinski.pl\/#\/schema\/logo\/image\/","url":"https:\/\/marekkuchcinski.pl\/wp-content\/uploads\/2022\/09\/Marek.jpg","contentUrl":"https:\/\/marekkuchcinski.pl\/wp-content\/uploads\/2022\/09\/Marek.jpg","width":1600,"height":971,"caption":"Marek Kuchci\u0144ski"},"image":{"@id":"https:\/\/marekkuchcinski.pl\/#\/schema\/logo\/image\/"}},{"@type":"Person","@id":"https:\/\/marekkuchcinski.pl\/#\/schema\/person\/6f62700996b4d950b6ea2d1183b6c6be","name":"admin","image":{"@type":"ImageObject","inLanguage":"hu","@id":"https:\/\/marekkuchcinski.pl\/#\/schema\/person\/image\/","url":"https:\/\/secure.gravatar.com\/avatar\/4bab693b9d55c3d6b52c0296a8765085?s=96&d=mm&r=g","contentUrl":"https:\/\/secure.gravatar.com\/avatar\/4bab693b9d55c3d6b52c0296a8765085?s=96&d=mm&r=g","caption":"admin"},"url":"https:\/\/marekkuchcinski.pl\/hu\/author\/marta-olejnik\/"}]}},"_links":{"self":[{"href":"https:\/\/marekkuchcinski.pl\/hu\/wp-json\/wp\/v2\/posts\/15003","targetHints":{"allow":["GET"]}}],"collection":[{"href":"https:\/\/marekkuchcinski.pl\/hu\/wp-json\/wp\/v2\/posts"}],"about":[{"href":"https:\/\/marekkuchcinski.pl\/hu\/wp-json\/wp\/v2\/types\/post"}],"author":[{"embeddable":true,"href":"https:\/\/marekkuchcinski.pl\/hu\/wp-json\/wp\/v2\/users\/6"}],"replies":[{"embeddable":true,"href":"https:\/\/marekkuchcinski.pl\/hu\/wp-json\/wp\/v2\/comments?post=15003"}],"version-history":[{"count":2,"href":"https:\/\/marekkuchcinski.pl\/hu\/wp-json\/wp\/v2\/posts\/15003\/revisions"}],"predecessor-version":[{"id":15006,"href":"https:\/\/marekkuchcinski.pl\/hu\/wp-json\/wp\/v2\/posts\/15003\/revisions\/15006"}],"wp:featuredmedia":[{"embeddable":true,"href":"https:\/\/marekkuchcinski.pl\/hu\/wp-json\/wp\/v2\/media\/15005"}],"wp:attachment":[{"href":"https:\/\/marekkuchcinski.pl\/hu\/wp-json\/wp\/v2\/media?parent=15003"}],"wp:term":[{"taxonomy":"category","embeddable":true,"href":"https:\/\/marekkuchcinski.pl\/hu\/wp-json\/wp\/v2\/categories?post=15003"},{"taxonomy":"post_tag","embeddable":true,"href":"https:\/\/marekkuchcinski.pl\/hu\/wp-json\/wp\/v2\/tags?post=15003"}],"curies":[{"name":"wp","href":"https:\/\/api.w.org\/{rel}","templated":true}]}}