{"id":14934,"date":"2019-04-17T16:11:04","date_gmt":"2019-04-17T14:11:04","guid":{"rendered":"https:\/\/marekkuchcinski.pl\/?p=14934"},"modified":"2019-04-18T16:18:26","modified_gmt":"2019-04-18T14:18:26","slug":"marek-kuchcinski-o-budowie-via-carpatia-jestesmy-w-trakcie-wielkiego-procesu-historycznego-ktory-moze-zmienic-nasza-czesc-europy","status":"publish","type":"post","link":"https:\/\/marekkuchcinski.pl\/hu\/wydarzenia\/marek-kuchcinski-o-budowie-via-carpatia-jestesmy-w-trakcie-wielkiego-procesu-historycznego-ktory-moze-zmienic-nasza-czesc-europy\/","title":{"rendered":"Marek Kuchci\u0144ski a Via Carpatia \u00e9p\u00edt\u00e9s\u00e9r\u0151l: Egy nagy t\u00f6rt\u00e9nelmi folyamat kell\u0151s k\u00f6zep\u00e9n vagyunk, amely megv\u00e1ltoztathatja Eur\u00f3p\u00e1nak ezt a r\u00e9sz\u00e9t."},"content":{"rendered":"<p class=\"wp-block-paragraph\">\u00c1prilis 17-\u00e9n \u0141a\u0144cutban \"El\u0151ny\u00f6k a r\u00e9gi\u00f3k sz\u00e1m\u00e1ra\" c\u00edmmel konferenci\u00e1t tartottak.\na Via Carpatia \u00fatvonal megval\u00f3s\u00edt\u00e1s\u00e1b\u00f3l ad\u00f3d\u00f3an\". 10 orsz\u00e1g k\u00e9pvisel\u0151i, k\u00f6zt\u00fck\nLengyelorsz\u00e1got is bele\u00e9rtve, ind\u00edtv\u00e1nyokat \u00edrtak al\u00e1 a VC-folyos\u00f3nak a TEN-T t\u00f6rzsh\u00e1l\u00f3zatba t\u00f6rt\u00e9n\u0151 bevon\u00e1s\u00e1ra, \u00e9s a\n\u0141a\u0144cut III nyilatkozat.<\/p>\n\n\n\n<p class=\"wp-block-paragraph\">Andrzej Adamczyk infrastruktur\u00e1lis miniszter eml\u00e9keztetett\na Via Carpatia projekt kezdem\u00e9nyez\u0151je - Lech Kaczy\u0144ski professzor -, aki al\u00e1\u00edrta az 1.\n\u0141a\u0144cut nyilatkozat 2006-ban.<\/p>\n\n\n\n<p class=\"wp-block-paragraph\">Adamczyk a VC-t a Jagell\u00f3-eszme megtestes\u00edt\u0151j\u00e9nek nevezte, amely egy olyan\nbar\u00e1ti orsz\u00e1gok r\u00e9gi\u00f3ja, amely arra \u00f6sszpontos\u00edt, ami \u00f6sszek\u00f6ti \u0151ket. Hangs\u00falyozta, hogy\nA VC egy 7700 km hossz\u00fara tervezett folyos\u00f3 - \u0136\u0142ajped\u00e1t\u00f3l Thesszalonikiig \u00e9s\nIsztambul.<\/p>\n\n\n\n<p class=\"wp-block-paragraph\">El\u00e9gedetts\u00e9g\u00e9t fejezte ki amiatt, hogy az \u00faj\norsz\u00e1gok: Feh\u00e9roroszorsz\u00e1g \u00e9s Horv\u00e1torsz\u00e1g.<\/p>\n\n\n\n<p class=\"wp-block-paragraph\">G\u00f6r\u00f6gorsz\u00e1g, Bosznia-Hercegovina \u00e9s a Cseh K\u00f6zt\u00e1rsas\u00e1g m\u00e9g mindig hi\u00e1nyzik.\na projekt fontos jel\u00f6ltjei. Rem\u00e9ny\u00e9t fejezte ki, hogy \u00c9sztorsz\u00e1g, Lettorsz\u00e1g \u00e9s Finnorsz\u00e1g hamarosan\n\u00c9sztorsz\u00e1g, Lettorsz\u00e1g \u00e9s Finnorsz\u00e1g is csatlakozik a BC \u00e9p\u00edt\u00e9s\u00e9hez. A miniszter szerint a VC t\u00f6rt\u00e9nelmi jelent\u0151s\u00e9g\u0171.\nes\u00e9lyt arra, hogy m\u00e9lt\u00e1nyos m\u00f3don \u00f6sszekapcsoljuk r\u00e9gi\u00f3nkat.<\/p>\n\n\n\n<p class=\"wp-block-paragraph\"><strong>Marek Kuchci\u0144ski szejmeln\u00f6k szerint egy nagy t\u00f6rt\u00e9nelmi folyamat kell\u0151s k\u00f6zep\u00e9n vagyunk, amely megv\u00e1ltoztathatja Eur\u00f3p\u00e1nak ezt a r\u00e9sz\u00e9t. Eml\u00e9keztetett arra, hogy az 1989 ut\u00e1ni v\u00e1ltoz\u00e1sok Eur\u00f3p\u00e1ban is Lengyelorsz\u00e1ggal, Csehszlov\u00e1ki\u00e1val \u00e9s Magyarorsz\u00e1ggal kezd\u0151dtek, m\u00e9g a berlini fal leoml\u00e1sa el\u0151tt. A kommunik\u00e1ci\u00f3t a fejl\u0151d\u00e9s alapj\u00e1nak nevezte. Kuchci\u0144ski azzal \u00e9rvelt, hogy a VC az \u00e9let minden ter\u00fclet\u00e9t szolg\u00e1lja majd az uni\u00f3s hat\u00e1r ment\u00e9n. Hozz\u00e1j\u00e1rul a kultur\u00e1lis \u00e9s region\u00e1lis egy\u00fcttm\u0171k\u00f6d\u00e9s fejleszt\u00e9s\u00e9hez.<\/strong><\/p>\n\n\n\n<p class=\"wp-block-paragraph\">A konferenci\u00e1n levet\u00edtett\u00e9k Tomasz Tomasz EP-k\u00e9pvisel\u0151 \u00fczenet\u00e9t\nPor\u0119ba, aki szerint a mai EP-szavaz\u00e1s megnyitja az utat a\nA konferencia volt az els\u0151 ilyen jelleg\u0171 konferencia Lengyelorsz\u00e1gban.<\/p>\n\n\n\n<p class=\"wp-block-paragraph\">Bogdan Rzo\u0144ca eur\u00f3pai parlamenti k\u00e9pvisel\u0151 felolvassa Morawiecki minisztereln\u00f6k level\u00e9t, melyben\nhangs\u00falyozta, mennyire fontos, hogy k\u00e9pesek legy\u00fcnk kommunik\u00e1lni, t\u00f6bbek k\u00f6z\u00f6tt d\u00e9li szomsz\u00e9dainkkal is.\n\u00e9s az Eur\u00f3pai Uni\u00f3 keleti hat\u00e1rai.<a href=\"https:\/\/www.facebook.com\/wiewiorkaewka\"><\/a><\/p>\n\n\n\n<p class=\"wp-block-paragraph\">A minisztereln\u00f6k azt \u00edrta, hogy a kommunista id\u0151szak alatt al\u00e1 kellett rendeln\u00fcnk\naz infrastrukt\u00fara ki\u00e9p\u00edt\u00e9se egy olyan k\u00f6zpontba, amely a kapcsolatok ki\u00e9p\u00edt\u00e9s\u00e9re \u00f6sszpontos\u00edt, amely k\u00e9nyelmes a\nMoszkva. A kommunizmus buk\u00e1sa ut\u00e1n a Nyugattal val\u00f3 kapcsolat\u00e9p\u00edt\u00e9sre \u00f6sszpontos\u00edtottunk annak \u00e9rdek\u00e9ben, hogy\na kereskedelem \u00e9s az idegenforgalom fejleszt\u00e9se. \u00c9s csak az elm\u00falt \u00e9vtizedben j\u00f6tt\u00fcnk r\u00e1, hogy\nnem korl\u00e1tozhatjuk magunkat a kommunik\u00e1ci\u00f3 fejleszt\u00e9s\u00e9re csak az egyik tengelyen: Kelet\n- Nyugat.<\/p>\n\n\n\n<p class=\"wp-block-paragraph\">Adam Hamryszczak fejleszt\u00e9si miniszterhelyettes hangs\u00falyozta, hogy az egyik\na korm\u00e1ny priorit\u00e1sai k\u00f6z\u00f6tt szerepel a r\u00e9gi\u00f3 fejleszt\u00e9se, bele\u00e9rtve a makroregion\u00e1lis strat\u00e9gia kidolgoz\u00e1s\u00e1t is.\nK\u00e1rp\u00e1tok makroregion\u00e1lis strat\u00e9gia.<\/p>\n\n\n\n<p class=\"wp-block-paragraph\">A VC befoly\u00e1solja a gazdas\u00e1gi fejl\u0151d\u00e9st \u00e9s a polg\u00e1rok \u00e9letsz\u00ednvonal\u00e1t.<\/p>\n\n\n\n<p class=\"wp-block-paragraph\">Grzegorz Witkowski, a Gazdas\u00e1gi \u00e9s K\u00f6rnyezetv\u00e9delmi Miniszt\u00e9rium munkat\u00e1rsa elmondta, hogy a VK sz\u00e9l\u00e9n fekv\u0151 v\u00e1rosokban egy dolog k\u00f6z\u00f6s: a tengerhez val\u00f3 hozz\u00e1f\u00e9r\u00e9s. Klaiped\u00e1ban, Rijek\u00e9ben, Konstanc\u00e1ban \u00e9s Isztambulban a kereskedelem 80 sz\u00e1zal\u00e9ka tengeri \u00faton bonyol\u00f3dik. A Via Carpatia nagy potenci\u00e1llal rendelkezik. Az els\u0151 tervezet a Lech Kaczy\u0144ski \u00e1ltal mutatott nagyszer\u0171 l\u00e1t\u00e1sm\u00f3dr\u00f3l tan\u00faskodik. A kik\u00f6t\u0151k \u00f6sszekapcsol\u00e1sa Lengyelorsz\u00e1g l\u00e9tjogosults\u00e1g\u00e1nak r\u00e9sze. Megeml\u00edtette, hogy a H\u00e1romv\u00e1ros \u00f6tlete az\u00e9rt is vonz\u00f3, mert \u00edgy szomsz\u00e9dainknak is hozz\u00e1f\u00e9r\u00e9se lesz a tengerhez, ami most nincs meg.<\/p>\n\n\n\n<p class=\"wp-block-paragraph\">W\u0142adys\u0142aw Ortyl, a Podkarpatszkaja r\u00e9gi\u00f3 marsallja felolvasta a k\u00f6vetkez\u0151ket\nJaros\u0142aw Kaczy\u0144ski, a PiS eln\u00f6ke lev\u00e9lben mondott k\u00f6sz\u00f6netet azoknak, akik r\u00e9szt vettek a\na projektben r\u00e9szt vettek.<\/p>\n\n\n\n<p class=\"wp-block-paragraph\">Pawe\u0142 Wojciechowski, az Eur\u00f3pai Bizotts\u00e1g k\u00e9pvisel\u0151je, az al\u00e1bbiakban\nbesz\u00e9d\u00e9ben kijelentette, hogy a TEN-T fejleszt\u00e9se fontos a\nt\u00e1rsadalmi c\u00e9lkit\u0171z\u00e9sek \u00e9s fenntarthat\u00f3 fejl\u0151d\u00e9s. \u00dcdv\u00f6z\u00f6lte a\n\u00dcdv\u00f6z\u00f6lte tov\u00e1bb\u00e1 Feh\u00e9roroszorsz\u00e1g \u00e9s Horv\u00e1torsz\u00e1g csatlakoz\u00e1s\u00e1t a projekthez. Hangs\u00falyozta, hogy az EK sz\u00e1m\u00e1ra biztos\u00edtani kell a k\u00f6vetkez\u0151ket\ngazdas\u00e1gi adatok. Fontos lesz tov\u00e1bb\u00e1 az oda\u00edt\u00e9l\u00e9s eset\u00e9ben is.\na projekt p\u00e9nzeszk\u00f6zeinek felhaszn\u00e1l\u00e1sa.<\/p>\n\n\n\n<p class=\"wp-block-paragraph\">A konferenci\u00e1n r\u00e9szt vettek a nyilatkozatot al\u00e1\u00edr\u00f3 orsz\u00e1gok k\u00e9pvisel\u0151i.<\/p>\n\n\n\n<p class=\"wp-block-paragraph\"><em>Agata Obrata\u0144ska<\/em><\/p>\n\n\n\n<p class=\"wp-block-paragraph\"><em>Fot\u00f3: Marta Marchlewska<\/em><\/p>\n\n\n\n<figure class=\"wp-block-embed is-type-rich is-provider-marek-kuchcinski\"><div class=\"wp-block-embed__wrapper\">\n<blockquote class=\"wp-embedded-content\" data-secret=\"3HiVEIP0mi\"><a href=\"https:\/\/marekkuchcinski.pl\/hu\/wydarzenia\/via-carpatia-wpisana-projektu-rozporzadzenia-cef\/\">A Via Carpatia beker\u00fclt a CEF rendelettervezetbe<\/a><\/blockquote><iframe class=\"wp-embedded-content\" sandbox=\"allow-scripts\" security=\"restricted\" style=\"position: absolute; clip: rect(1px, 1px, 1px, 1px);\" title=\"&quot;A Via Carpatia beker\u00fclt a CEF rendelettervezetbe&quot; - Marek Kuchci\u0144ski\" src=\"https:\/\/marekkuchcinski.pl\/wydarzenia\/via-carpatia-wpisana-projektu-rozporzadzenia-cef\/embed\/#?secret=3HiVEIP0mi\" data-secret=\"3HiVEIP0mi\" width=\"600\" height=\"338\" frameborder=\"0\" marginwidth=\"0\" marginheight=\"0\" scrolling=\"no\"><\/iframe>\n<\/div><\/figure>\n\n\n\n<figure class=\"wp-block-embed is-type-rich is-provider-marek-kuchcinski\"><div class=\"wp-block-embed__wrapper\">\n<blockquote class=\"wp-embedded-content\" data-secret=\"4LqDHmKt8F\"><a href=\"https:\/\/marekkuchcinski.pl\/hu\/wydarzenia\/via-carpatia-9-panstw-podpisalo-w-warszawie-deklaracje-dot-budowy-szlaku\/\">Via Carpatia - 8 orsz\u00e1g Vars\u00f3ban nyilatkozatot \u00edrt al\u00e1 az \u00fatvonal meg\u00e9p\u00edt\u00e9s\u00e9r\u0151l<\/a><\/blockquote><iframe class=\"wp-embedded-content\" sandbox=\"allow-scripts\" security=\"restricted\" style=\"position: absolute; clip: rect(1px, 1px, 1px, 1px);\" title=\"&quot;Via Carpatia - 8 orsz\u00e1g Vars\u00f3ban nyilatkozatot \u00edrt al\u00e1 az \u00fatvonal meg\u00e9p\u00edt\u00e9s\u00e9r\u0151l&quot; - Marek Kuchci\u0144ski\" src=\"https:\/\/marekkuchcinski.pl\/wydarzenia\/via-carpatia-9-panstw-podpisalo-w-warszawie-deklaracje-dot-budowy-szlaku\/embed\/#?secret=4LqDHmKt8F\" data-secret=\"4LqDHmKt8F\" width=\"600\" height=\"338\" frameborder=\"0\" marginwidth=\"0\" marginheight=\"0\" scrolling=\"no\"><\/iframe>\n<\/div><\/figure>\n\n\n\n<figure class=\"wp-block-embed is-type-rich is-provider-marek-kuchcinski\"><div class=\"wp-block-embed__wrapper\">\n<blockquote class=\"wp-embedded-content\" data-secret=\"KAm5swRnZF\"><a href=\"https:\/\/marekkuchcinski.pl\/hu\/wydarzenia\/o-via-carpatia-s19-w-parlamencie-europejskim\/\">Via Carpatia (S19) az Eur\u00f3pai Parlamentben<\/a><\/blockquote><iframe class=\"wp-embedded-content\" sandbox=\"allow-scripts\" security=\"restricted\" style=\"position: absolute; clip: rect(1px, 1px, 1px, 1px);\" title=\"&quot;Via Carpatia (S19) az Eur\u00f3pai Parlamentben&quot; - Marek Kuchci\u0144ski\" src=\"https:\/\/marekkuchcinski.pl\/wydarzenia\/o-via-carpatia-s19-w-parlamencie-europejskim\/embed\/#?secret=KAm5swRnZF\" data-secret=\"KAm5swRnZF\" width=\"600\" height=\"338\" frameborder=\"0\" marginwidth=\"0\" marginheight=\"0\" scrolling=\"no\"><\/iframe>\n<\/div><\/figure>\n\n\n\n<ul class=\"wp-block-gallery columns-1 is-cropped wp-block-gallery-1 is-layout-flex wp-block-gallery-is-layout-flex\"><li class=\"blocks-gallery-item\"><figure><img fetchpriority=\"high\" decoding=\"async\" width=\"800\" height=\"534\" src=\"https:\/\/marekkuchcinski.pl\/wp-content\/uploads\/2019\/04\/\u01416.jpg\" alt=\"\" data-id=\"14936\" data-link=\"https:\/\/marekkuchcinski.pl\/?attachment_id=14936\" class=\"wp-image-14936\" srcset=\"https:\/\/marekkuchcinski.pl\/wp-content\/uploads\/2019\/04\/\u01416.jpg 800w, https:\/\/marekkuchcinski.pl\/wp-content\/uploads\/2019\/04\/\u01416-300x200.jpg 300w, https:\/\/marekkuchcinski.pl\/wp-content\/uploads\/2019\/04\/\u01416-768x513.jpg 768w\" sizes=\"(max-width: 800px) 100vw, 800px\" \/><\/figure><\/li><li class=\"blocks-gallery-item\"><figure><img decoding=\"async\" width=\"800\" height=\"534\" src=\"https:\/\/marekkuchcinski.pl\/wp-content\/uploads\/2019\/04\/\u01415.jpg\" alt=\"\" data-id=\"14937\" data-link=\"https:\/\/marekkuchcinski.pl\/?attachment_id=14937\" class=\"wp-image-14937\" srcset=\"https:\/\/marekkuchcinski.pl\/wp-content\/uploads\/2019\/04\/\u01415.jpg 800w, https:\/\/marekkuchcinski.pl\/wp-content\/uploads\/2019\/04\/\u01415-300x200.jpg 300w, https:\/\/marekkuchcinski.pl\/wp-content\/uploads\/2019\/04\/\u01415-768x513.jpg 768w\" sizes=\"(max-width: 800px) 100vw, 800px\" \/><\/figure><\/li><li class=\"blocks-gallery-item\"><figure><img decoding=\"async\" width=\"800\" height=\"534\" src=\"https:\/\/marekkuchcinski.pl\/wp-content\/uploads\/2019\/04\/\u01414.jpg\" alt=\"\" data-id=\"14938\" data-link=\"https:\/\/marekkuchcinski.pl\/?attachment_id=14938\" class=\"wp-image-14938\" srcset=\"https:\/\/marekkuchcinski.pl\/wp-content\/uploads\/2019\/04\/\u01414.jpg 800w, https:\/\/marekkuchcinski.pl\/wp-content\/uploads\/2019\/04\/\u01414-300x200.jpg 300w, https:\/\/marekkuchcinski.pl\/wp-content\/uploads\/2019\/04\/\u01414-768x513.jpg 768w\" sizes=\"(max-width: 800px) 100vw, 800px\" \/><\/figure><\/li><li class=\"blocks-gallery-item\"><figure><img loading=\"lazy\" decoding=\"async\" width=\"800\" height=\"534\" src=\"https:\/\/marekkuchcinski.pl\/wp-content\/uploads\/2019\/04\/\u01413.jpg\" alt=\"\" data-id=\"14939\" data-link=\"https:\/\/marekkuchcinski.pl\/?attachment_id=14939\" class=\"wp-image-14939\" srcset=\"https:\/\/marekkuchcinski.pl\/wp-content\/uploads\/2019\/04\/\u01413.jpg 800w, https:\/\/marekkuchcinski.pl\/wp-content\/uploads\/2019\/04\/\u01413-300x200.jpg 300w, https:\/\/marekkuchcinski.pl\/wp-content\/uploads\/2019\/04\/\u01413-768x513.jpg 768w\" sizes=\"(max-width: 800px) 100vw, 800px\" \/><\/figure><\/li><li class=\"blocks-gallery-item\"><figure><img loading=\"lazy\" decoding=\"async\" width=\"800\" height=\"534\" src=\"https:\/\/marekkuchcinski.pl\/wp-content\/uploads\/2019\/04\/\u01412.jpg\" alt=\"\" data-id=\"14940\" data-link=\"https:\/\/marekkuchcinski.pl\/?attachment_id=14940\" class=\"wp-image-14940\" srcset=\"https:\/\/marekkuchcinski.pl\/wp-content\/uploads\/2019\/04\/\u01412.jpg 800w, https:\/\/marekkuchcinski.pl\/wp-content\/uploads\/2019\/04\/\u01412-300x200.jpg 300w, https:\/\/marekkuchcinski.pl\/wp-content\/uploads\/2019\/04\/\u01412-768x513.jpg 768w\" sizes=\"(max-width: 800px) 100vw, 800px\" \/><\/figure><\/li><li class=\"blocks-gallery-item\"><figure><img loading=\"lazy\" decoding=\"async\" width=\"800\" height=\"534\" src=\"https:\/\/marekkuchcinski.pl\/wp-content\/uploads\/2019\/04\/\u01411.jpg\" alt=\"\" data-id=\"14941\" data-link=\"https:\/\/marekkuchcinski.pl\/?attachment_id=14941\" class=\"wp-image-14941\" srcset=\"https:\/\/marekkuchcinski.pl\/wp-content\/uploads\/2019\/04\/\u01411.jpg 800w, https:\/\/marekkuchcinski.pl\/wp-content\/uploads\/2019\/04\/\u01411-300x200.jpg 300w, https:\/\/marekkuchcinski.pl\/wp-content\/uploads\/2019\/04\/\u01411-768x513.jpg 768w\" sizes=\"(max-width: 800px) 100vw, 800px\" \/><\/figure><\/li><\/ul>","protected":false},"excerpt":{"rendered":"<p>17 kwietnia w \u0141a\u0144cucie odby\u0142a si\u0119 konferencja \u201eKorzy\u015bci dla region\u00f3w wynikaj\u0105ce z wdra\u017cania trasy Via Carpatia&#8221;. Przedstawiciele 10 pa\u0144stw, w tym Polski, podpisali wnioski o w\u0142\u0105czenie korytarza VC do sieci bazowej TEN-T oraz deklaracj\u0119 \u0141a\u0144cut III. Minister infrastruktury Andrzej Adamczyk przypomnia\u0142 inicjatora projektu Via Carpatia &#8211; prof. Lecha Kaczy\u0144skiego &#8211; kt\u00f3ry podpisa\u0142 I deklaracj\u0119 \u0142a\u0144cuck\u0105 [&hellip;]<\/p>\n","protected":false},"author":6,"featured_media":14942,"comment_status":"open","ping_status":"open","sticky":false,"template":"","format":"standard","meta":{"ngg_post_thumbnail":0,"footnotes":""},"categories":[78,49,82,3],"tags":[],"class_list":["post-14934","post","type-post","status-publish","format-standard","has-post-thumbnail","hentry","category-europa-karpat","category-podkarpacie","category-prawo-i-sprawiedliwosc","category-wydarzenia"],"_links":{"self":[{"href":"https:\/\/marekkuchcinski.pl\/hu\/wp-json\/wp\/v2\/posts\/14934","targetHints":{"allow":["GET"]}}],"collection":[{"href":"https:\/\/marekkuchcinski.pl\/hu\/wp-json\/wp\/v2\/posts"}],"about":[{"href":"https:\/\/marekkuchcinski.pl\/hu\/wp-json\/wp\/v2\/types\/post"}],"author":[{"embeddable":true,"href":"https:\/\/marekkuchcinski.pl\/hu\/wp-json\/wp\/v2\/users\/6"}],"replies":[{"embeddable":true,"href":"https:\/\/marekkuchcinski.pl\/hu\/wp-json\/wp\/v2\/comments?post=14934"}],"version-history":[{"count":6,"href":"https:\/\/marekkuchcinski.pl\/hu\/wp-json\/wp\/v2\/posts\/14934\/revisions"}],"predecessor-version":[{"id":14965,"href":"https:\/\/marekkuchcinski.pl\/hu\/wp-json\/wp\/v2\/posts\/14934\/revisions\/14965"}],"wp:featuredmedia":[{"embeddable":true,"href":"https:\/\/marekkuchcinski.pl\/hu\/wp-json\/wp\/v2\/media\/14942"}],"wp:attachment":[{"href":"https:\/\/marekkuchcinski.pl\/hu\/wp-json\/wp\/v2\/media?parent=14934"}],"wp:term":[{"taxonomy":"category","embeddable":true,"href":"https:\/\/marekkuchcinski.pl\/hu\/wp-json\/wp\/v2\/categories?post=14934"},{"taxonomy":"post_tag","embeddable":true,"href":"https:\/\/marekkuchcinski.pl\/hu\/wp-json\/wp\/v2\/tags?post=14934"}],"curies":[{"name":"wp","href":"https:\/\/api.w.org\/{rel}","templated":true}]}}