{"id":14887,"date":"2019-04-15T13:13:57","date_gmt":"2019-04-15T11:13:57","guid":{"rendered":"https:\/\/marekkuchcinski.pl\/?p=14887"},"modified":"2019-04-15T13:13:58","modified_gmt":"2019-04-15T11:13:58","slug":"biezaca-kadencja-sejmu-polityczna-droga-i-reakcja-na-prasowe-insynuacje-wywiad-marszalka-sejmu-dla-tygodnika-sieci","status":"publish","type":"post","link":"https:\/\/marekkuchcinski.pl\/hu\/wydarzenia\/biezaca-kadencja-sejmu-polityczna-droga-i-reakcja-na-prasowe-insynuacje-wywiad-marszalka-sejmu-dla-tygodnika-sieci\/","title":{"rendered":"A Szejm jelenlegi ciklusa, a politikai \u00fat \u00e9s a sajt\u00f3 c\u00e9lozgat\u00e1saira adott reakci\u00f3. A Szejm eln\u00f6k\u00e9nek interj\u00faja a \"Sieci\" hetilap sz\u00e1m\u00e1ra"},"content":{"rendered":"<p class=\"wp-block-paragraph\">Marek Kuchci\u0144ski, a szejm eln\u00f6ke a Sieci hetilapnak adott interj\u00faban besz\u00e9l a parlamenti ciklus m\u00e9rf\u00f6ldk\u00f6v\u00e9r\u0151l, a legfontosabb d\u00f6nt\u00e9sekr\u0151l \u00e9s a H\u00e1z vezet\u00e9s\u00e9vel j\u00e1r\u00f3 kih\u00edv\u00e1sokr\u00f3l. A Marcin Wikla \u00e9s Marek Piza \u00e1ltal k\u00e9sz\u00edtett interj\u00faban a 2016-os t\u00fcntet\u00e9sr\u0151l \u00e9s a j\u00e1rhatatlan hat\u00e1rok tiszteletben tart\u00e1s\u00e1r\u00f3l is besz\u00e9l. Marek Kuchcinski is felid\u00e9zi politikai \u00fatj\u00e1t. Az interj\u00faban a szejm marsallja hat\u00e1rozottan reag\u00e1lt az erk\u00f6lcsi v\u00e1dakr\u00f3l sz\u00f3l\u00f3 kiadv\u00e1nyokban szerepl\u0151 c\u00e9lz\u00e1sokra is.<\/p>\n\n\n\n<p class=\"wp-block-paragraph\">- A k\u00f6zszerepl\u0151ket egyre kev\u00e9sb\u00e9 szelekt\u00edven t\u00e1madj\u00e1k. \u00dagy gondolom, hogy reag\u00e1lnunk kell\" - hangs\u00falyozza Marek Kuchci\u0144ski. A Szejm eln\u00f6ke szerint a k\u00f6zv\u00e9lem\u00e9ny form\u00e1l\u00e1s\u00e1ra befoly\u00e1ssal b\u00edr\u00f3 embereknek tiszteletben kell tartaniuk a sz\u00f3t. - Ha ilyen v\u00e1dakat nyilv\u00e1nosan tesznek k\u00f6zz\u00e9, akkor komoly bizony\u00edt\u00e9koknak kell lenni\u00fck. Ebben az esetben ez egy ujjb\u00f3l elk\u00f6vetett c\u00e9lz\u00e1s\" - \u00e9rvel. Marek Kuchci\u0144ski szerint ez az akci\u00f3 a lengyel szejm poz\u00edci\u00f3j\u00e1nak gyeng\u00edt\u00e9s\u00e9re ir\u00e1nyult. - \u00c9vtizedek \u00f3ta ki vagyok t\u00e9ve k\u00fcl\u00f6nb\u00f6z\u0151 r\u00e1galmaknak. A politika neh\u00e9z, n\u00e9ha konfliktusos lehet, \u00e9s k\u00fcl\u00f6nb\u00f6z\u0151 viselked\u00e9si form\u00e1kat v\u00e1lt ki. Ez\u00fattal azonban minden hat\u00e1rt \u00e1tl\u00e9ptek, amelyek a politikusok eset\u00e9ben egy\u00e9bk\u00e9nt is sokkal rugalmasabbak. Egy dolog az \u00e9les - s\u0151t nagyon is \u00e9les - pol\u00e9mia, \u00e9s eg\u00e9szen m\u00e1s dolog a hazugs\u00e1gok \u00e9s r\u00e1galmak, mint amilyeneket r\u00e1m z\u00fad\u00edtottak. \u00dagy \u00e9reztem, hogy ezt nem hagyhatom sz\u00f3 n\u00e9lk\u00fcl, mind a csal\u00e1dom, mind az \u00e1ltalam vezetett int\u00e9zm\u00e9ny \u00e9rdek\u00e9ben. Ha a parlamenti munka szervezetlen lesz, vagy ha a parlament tekint\u00e9lye cs\u00f6kken, abb\u00f3l a hazai \u00e9s k\u00fclf\u00f6ldi ellenfeleink profit\u00e1lnak, akik nem akarj\u00e1k, hogy v\u00e1ltoztassunk Lengyelorsz\u00e1gban - magyar\u00e1zza a szejm eln\u00f6ke.<\/p>\n\n\n\n<p class=\"wp-block-paragraph\">Az interj\u00faban a kamarai munka legfontosabb pillanatair\u00f3l, a kih\u00edv\u00e1sokr\u00f3l \u00e9s a legnehezebb vit\u00e1kr\u00f3l is k\u00e9rdezik. - Minden bizonnyal a legfontosabbak, azaz a k\u00f6lts\u00e9gvet\u00e9s elfogad\u00e1sa \u00e9s a lengyel k\u00fclpolitika feladatair\u00f3l sz\u00f3l\u00f3 vit\u00e1k, vagy a legfontosabb reformok: az igazs\u00e1gszolg\u00e1ltat\u00e1s, az oktat\u00e1s, az ad\u00f3igazgat\u00e1s, ahol 19-r\u0151l 9%-ra cs\u00f6kkentett\u00fck a p\u00e9nzforgalmi ad\u00f3t, a csal\u00e1dbar\u00e1t programok 500+ \u00e9lvonalban, a nyugd\u00edjkorhat\u00e1r cs\u00f6kkent\u00e9se - eml\u00edti Marek Kuchci\u0144ski. Besz\u00e9l a kisebbs\u00e9gi ind\u00edtv\u00e1nyokr\u00f3l is, amelyek szerinte az ut\u00f3bbi \u00e9vekben kev\u00e9sb\u00e9 lettek \u00e9rdemiak. Ugyanakkor elismeri, hogy voltak \u00e9rdekes ind\u00edtv\u00e1nyok, amelyeket a korm\u00e1ny \u00e1ltal javasolt\u00f3l elt\u00e9r\u0151 megold\u00e1ssal indokoltak, \u00e9s ezekr\u0151l komoly vit\u00e1t lehetett folytatni.<\/p>\n\n\n\n<p class=\"wp-block-paragraph\">A 2016. decemberi parlamenti esem\u00e9nyekkel \u00f6sszef\u00fcgg\u00e9sben. A Szejm eln\u00f6ke \u00fagy v\u00e9li, hogy ezek parlamenti tev\u00e9kenys\u00e9gek voltak, amelyek c\u00e9lja a figyelem elterel\u00e9se a folyamatban l\u00e9v\u0151 t\u00f6rv\u00e9nyekr\u0151l. - \u00c9s ez t\u00f6bbek k\u00f6z\u00f6tt a k\u00f6lts\u00e9gvet\u00e9sr\u0151l \u00e9s a titkosrend\u0151rs\u00e9g magas nyugd\u00edj\u00e1nak elv\u00e9tel\u00e9r\u0151l sz\u00f3lt, \u00e9s ez\u00e9rt m\u00e9g ma is t\u00e1madnak minket. V\u00e9g\u00fcl kezdte t\u00fall\u00e9pni a parlamenti komolys\u00e1g hat\u00e1rait\" - mondja. Marek Kuchci\u0144ski szerint ez a szejm munk\u00e1j\u00e1nak sz\u00e1nd\u00e9kos megzavar\u00e1sa, az \u00e1llam\u00e9rdek szempontj\u00e1b\u00f3l kulcsfontoss\u00e1g\u00fa t\u00f6rv\u00e9nyek elfogad\u00e1s\u00e1nak akad\u00e1lyoz\u00e1sa volt. - A Szejm eln\u00f6ke felel\u0151s a H\u00e1z munk\u00e1j\u00e1nak fel\u00fcgyelet\u00e9\u00e9rt \u00e9s koordin\u00e1l\u00e1s\u00e1\u00e9rt. Nem engedhetj\u00fck meg, hogy bizonyos norm\u00e1kat t\u00fall\u00e9pj\u00fcnk, mert egy pillanat alatt azon a hat\u00e1ron tal\u00e1lhatjuk magunkat, amely m\u00f6g\u00f6tt csak k\u00e1osz van\" - magyar\u00e1zza Marek Kuchci\u0144ski.  - Ha ma visszagondolok az esem\u00e9nyekre, tudom, hogy a d\u00f6nt\u00e9sem helyes volt\" - hangs\u00falyozza.<\/p>\n\n\n\n<p class=\"wp-block-paragraph\">A szejm jelenlegi ciklus\u00e1nak egy m\u00e1sik neh\u00e9z pillanat\u00e1ra, a fogyat\u00e9kkal \u00e9l\u0151k tiltakoz\u00e1s\u00e1ra utalva a szejm eln\u00f6ke eml\u00e9keztet arra, hogy a NATO Parlamenti K\u00f6zgy\u0171l\u00e9s\u00e9nek r\u00e9sztvev\u0151i, akik akkor a Wiejska utc\u00e1ban j\u00e1rtak, meglep\u0151dtek azon, amit a parlament f\u0151\u00e9p\u00fclet\u00e9ben tal\u00e1ltak. - Meg\u00e9rtett\u00e9k, hogy valaki harcolhat az igaz \u00fcgyek\u00e9rt, hogy ennek a harcnak a form\u00e1ja lehet hat\u00e1rozott, de az \u00e9p\u00fclet blok\u00e1dja nem illett bele az \u00e1ltaluk sz\u00e9les k\u00f6rben \u00e9rtelmezett demokr\u00e1ci\u00e1ba. Egyenesen megk\u00e9rdezt\u00e9k, hogy mi\u00e9rt engedj\u00fck meg ezt a szabads\u00e1got a ter\u00fclet\u00fcnk\u00f6n\" - mondja. - Ez sok parlamentben elk\u00e9pzelhetetlen\" - hangs\u00falyozza Marek Kuchci\u0144ski.<\/p>\n\n\n\n<p class=\"wp-block-paragraph\">A hetilapban megjelent interj\u00fa egyfajta utaz\u00e1s a m\u00faltba, Marek Kuchci\u0144ski ellenz\u00e9ki tev\u00e9kenys\u00e9g\u00e9n \u00e9s politikai p\u00e1ly\u00e1j\u00e1n kereszt\u00fcl. - Nagyon fiatal, szer\u00e9ny ember voltam, aki arr\u00f3l \u00e1lmodott, hogy egy szabad orsz\u00e1gban \u00e9ljen\" - mondja. Kiemeli, hogy a politikai form\u00e1ci\u00f3, amelyhez k\u00f6t\u0151dik, az axiol\u00f3giai rendszere miatt vonzotta, amelyben az ember a f\u0151 hivatkoz\u00e1si pont, de egy er\u0151s, hat\u00e9konyan m\u0171k\u00f6d\u0151 \u00e1llamnak k\u00f6sz\u00f6nhet\u0151en. - De az a nagyszer\u0171 j\u00f3kedv is, amelyet Lech \u00e9s Jaros\u0142aw Kaczy\u0144ski, a Lengyelorsz\u00e1gr\u00f3l sz\u00f3l\u00f3 elk\u00e9pzel\u00e9ssel rendelkez\u0151 rendk\u00edv\u00fcli emberek mutattak. Akkoriban, az 1980-as \u00e9s 1990-es \u00e9vek fordul\u00f3j\u00e1n ez hi\u00e1nyzott\" - magyar\u00e1zza.<\/p>\n\n\n\n<p class=\"wp-block-paragraph\">A szejm eln\u00f6ke, felid\u00e9zve a kommunista id\u0151szakban \"a szocialista vil\u00e1gban a szabads\u00e1g ter\u00fcleteinek kiterjeszt\u00e9s\u00e9ben\" val\u00f3 r\u00e9szv\u00e9tel\u00e9t, t\u00f6bbek k\u00f6z\u00f6tt a k\u00fclf\u00f6ldi m\u0171v\u00e9szekkel, tud\u00f3sokkal \u00e9s filoz\u00f3fusokkal, k\u00f6zt\u00fck Roger Scruton professzorral val\u00f3 kapcsolat\u00e1r\u00f3l besz\u00e9l. Marek Kuchci\u0144ski bejelenti, hogy hamarosan ism\u00e9t Lengyelorsz\u00e1gban lesz - a k\u00f6z\u00e9p- \u00e9s kelet-eur\u00f3pai \u00e1llamok parlamenti cs\u00facstal\u00e1lkoz\u00f3j\u00e1n, amelyet j\u00fanius elej\u00e9n ism\u00e9t a Szejmben \u00e9s a Szen\u00e1tusban rendeznek meg.<\/p>\n\n\n\n<p class=\"wp-block-paragraph\"><em>Forr\u00e1s: \"Sieci\" hetilap, \u00e1prilis 15., 15. sz\u00e1m (333).<\/em><\/p>\n\n\n\n<p class=\"wp-block-paragraph\"><em>Fot\u00f3: Rafa\u0142 Zambrzycki\/ Sejm<\/em><\/p>","protected":false},"excerpt":{"rendered":"<p>O prze\u0142omowej kadencji parlamentu, kluczowych decyzjach i wyzwaniach zwi\u0105zanych z kierowaniem Izb\u0105 m\u00f3wi marsza\u0142ek Sejmu Marek Kuchci\u0144ski w wywiadzie dla tygodnika &#8222;Sieci&#8221;. W rozmowie z Marcinem Wik\u0142\u0105 i Markiem Pyz\u0105 tak\u017ce o prote\u015bcie z 2016 r. i przestrzeganiu nieprzekraczalnych granic. Marek Kuchci\u0144ski wspomina te\u017c swoj\u0105 polityczn\u0105 drog\u0119. W rozmowie r\u00f3wnie\u017c stanowcza odpowied\u017a Marsza\u0142ka Sejmu na [&hellip;]<\/p>\n","protected":false},"author":6,"featured_media":14889,"comment_status":"open","ping_status":"open","sticky":false,"template":"","format":"standard","meta":{"ngg_post_thumbnail":0,"footnotes":""},"categories":[82,81,3],"tags":[],"class_list":["post-14887","post","type-post","status-publish","format-standard","has-post-thumbnail","hentry","category-prawo-i-sprawiedliwosc","category-wiesci-z-sejmu","category-wydarzenia"],"_links":{"self":[{"href":"https:\/\/marekkuchcinski.pl\/hu\/wp-json\/wp\/v2\/posts\/14887","targetHints":{"allow":["GET"]}}],"collection":[{"href":"https:\/\/marekkuchcinski.pl\/hu\/wp-json\/wp\/v2\/posts"}],"about":[{"href":"https:\/\/marekkuchcinski.pl\/hu\/wp-json\/wp\/v2\/types\/post"}],"author":[{"embeddable":true,"href":"https:\/\/marekkuchcinski.pl\/hu\/wp-json\/wp\/v2\/users\/6"}],"replies":[{"embeddable":true,"href":"https:\/\/marekkuchcinski.pl\/hu\/wp-json\/wp\/v2\/comments?post=14887"}],"version-history":[{"count":3,"href":"https:\/\/marekkuchcinski.pl\/hu\/wp-json\/wp\/v2\/posts\/14887\/revisions"}],"predecessor-version":[{"id":14891,"href":"https:\/\/marekkuchcinski.pl\/hu\/wp-json\/wp\/v2\/posts\/14887\/revisions\/14891"}],"wp:featuredmedia":[{"embeddable":true,"href":"https:\/\/marekkuchcinski.pl\/hu\/wp-json\/wp\/v2\/media\/14889"}],"wp:attachment":[{"href":"https:\/\/marekkuchcinski.pl\/hu\/wp-json\/wp\/v2\/media?parent=14887"}],"wp:term":[{"taxonomy":"category","embeddable":true,"href":"https:\/\/marekkuchcinski.pl\/hu\/wp-json\/wp\/v2\/categories?post=14887"},{"taxonomy":"post_tag","embeddable":true,"href":"https:\/\/marekkuchcinski.pl\/hu\/wp-json\/wp\/v2\/tags?post=14887"}],"curies":[{"name":"wp","href":"https:\/\/api.w.org\/{rel}","templated":true}]}}