{"id":14714,"date":"2019-04-12T10:20:16","date_gmt":"2019-04-12T08:20:16","guid":{"rendered":"https:\/\/marekkuchcinski.pl\/?p=14714"},"modified":"2019-04-12T13:37:59","modified_gmt":"2019-04-12T11:37:59","slug":"rzad-prawa-i-sprawiedliwosci-wzmacnia-klase-srednia-wyklad-premiera-morawieckiego-w-tk","status":"publish","type":"post","link":"https:\/\/marekkuchcinski.pl\/hu\/wydarzenia\/rzad-prawa-i-sprawiedliwosci-wzmacnia-klase-srednia-wyklad-premiera-morawieckiego-w-tk\/","title":{"rendered":"A Jog \u00e9s Igazs\u00e1goss\u00e1g korm\u00e1nya er\u0151s\u00edti a k\u00f6z\u00e9poszt\u00e1lyt. Morawiecki minisztereln\u00f6k el\u0151ad\u00e1sa a TK-ban"},"content":{"rendered":"<p>A korm\u00e1nyf\u0151 el\u0151ad\u00e1st tartott az Alkotm\u00e1nyb\u00edr\u00f3s\u00e1gon\naz Alkotm\u00e1nyb\u00edr\u00f3s\u00e1gon. \"Demokratikus kapitalizmus mindenkinek, nem keveseknek\".&nbsp;<\/p>\n\n\n\n<p>A minisztereln\u00f6k hangs\u00falyozta, hogy a korm\u00e1ny int\u00e9zked\u00e9seket tesz annak \u00e9rdek\u00e9ben, hogy\na lengyelorsz\u00e1gi k\u00f6z\u00e9poszt\u00e1ly el\u00e9r\u00e9s\u00e9nek n\u00f6vel\u00e9se. Amint r\u00e1mutatott, meg kell keresni a\naz \u00fagynevezett harmadik \u00fat - a demokratikus kapitalizmus. Ez egyfajta\nEz az \u00e1llam \u00e9s a piac egyfajta szervez\u0151d\u00e9se, amely a kapitalista gazdas\u00e1g meg\u0151rz\u00e9se mellett\ner\u0151s\u00edti a demokr\u00e1ci\u00e1t. A demokratikus kapitalizmus volt az alapja annak, hogy\na nyugati orsz\u00e1gok gazdas\u00e1gi sikere - mondta Mateusz\nMorawiecki. A szabad piac demokratikus elveinek meger\u0151s\u00edt\u00e9se a legjobb\n\u00f6tlet a gazdas\u00e1gi fejl\u0151d\u00e9shez - tette hozz\u00e1.<\/p>\n\n\n\n<p>A minisztereln\u00f6k r\u00e1mutatott, hogy a korm\u00e1ny fenntartja a lengyel valut\u00e1t, mint\na gazdas\u00e1gpolitika fontos eleme. Szerinte az eur\u00f3 bevezet\u00e9se \u00e9s annak hat\u00e1sai\negy ilyen l\u00e9p\u00e9s a gazdas\u00e1gi fejl\u0151d\u00e9s szintj\u00e9t\u0151l fog f\u00fcggeni\nAz orsz\u00e1g gazdas\u00e1gi fejl\u0151d\u00e9se \u00e9s gazdas\u00e1g\u00e1nak szerkezete.<\/p>\n\n\n\n<p>A korm\u00e1nyf\u0151 hangs\u00falyozta, hogy Lengyelorsz\u00e1g az Eur\u00f3pai Tan\u00e1csban leadott szavazat\u00e1val\nAz Eur\u00f3pai Tan\u00e1cs a nagyv\u00e1llalatok \u00e1ltal haszn\u00e1lt ad\u00f3paradicsomok elleni k\u00fczdelem \u00e9rdek\u00e9ben.\nnagyv\u00e1llalatok \u00e1ltal.<\/p>\n\n\n\n<p>Mateusz Morawiecki eml\u00e9keztetett arra, hogy az Eur\u00f3pai Bizotts\u00e1g nagyon pozit\u00edvan besz\u00e9l gazdas\u00e1gi \u00e9s szoci\u00e1lis modell\u00fcnkr\u0151l, amely felsz\u00e1molta a gyermekszeg\u00e9nys\u00e9get \u00e9s a kirekesztett csoportokat a t\u00e1rsadalom f\u0151\u00e1ram\u00e1ba emelte.<\/p>\n\n\n\n<p><em>forr\u00e1s: KPRM<\/em><\/p>\n\n\n\n<p><em>Fot\u00f3: Marta Olejnik<\/em><\/p>\n\n\n\n<p><\/p>\n\n\n\n<figure class=\"wp-block-image\"><img fetchpriority=\"high\" decoding=\"async\" width=\"1024\" height=\"683\" src=\"https:\/\/marekkuchcinski.pl\/wp-content\/uploads\/2019\/04\/IMG_9234-1024x683.jpg\" alt=\"\" class=\"wp-image-14718\" srcset=\"https:\/\/marekkuchcinski.pl\/wp-content\/uploads\/2019\/04\/IMG_9234-1024x683.jpg 1024w, https:\/\/marekkuchcinski.pl\/wp-content\/uploads\/2019\/04\/IMG_9234-300x200.jpg 300w, https:\/\/marekkuchcinski.pl\/wp-content\/uploads\/2019\/04\/IMG_9234-768x512.jpg 768w, https:\/\/marekkuchcinski.pl\/wp-content\/uploads\/2019\/04\/IMG_9234.jpg 2048w\" sizes=\"(max-width: 1024px) 100vw, 1024px\" \/><\/figure>\n\n\n\n<figure class=\"wp-block-image\"><img decoding=\"async\" width=\"1024\" height=\"858\" src=\"https:\/\/marekkuchcinski.pl\/wp-content\/uploads\/2019\/04\/IMG_9110-1024x858.jpg\" alt=\"\" class=\"wp-image-14719\" srcset=\"https:\/\/marekkuchcinski.pl\/wp-content\/uploads\/2019\/04\/IMG_9110-1024x858.jpg 1024w, https:\/\/marekkuchcinski.pl\/wp-content\/uploads\/2019\/04\/IMG_9110-300x251.jpg 300w, https:\/\/marekkuchcinski.pl\/wp-content\/uploads\/2019\/04\/IMG_9110-768x643.jpg 768w, https:\/\/marekkuchcinski.pl\/wp-content\/uploads\/2019\/04\/IMG_9110.jpg 2048w\" sizes=\"(max-width: 1024px) 100vw, 1024px\" \/><\/figure>\n\n\n\n<figure class=\"wp-block-image\"><img decoding=\"async\" width=\"1024\" height=\"725\" src=\"https:\/\/marekkuchcinski.pl\/wp-content\/uploads\/2019\/04\/IMG_9117-1024x725.jpg\" alt=\"\" class=\"wp-image-14720\" srcset=\"https:\/\/marekkuchcinski.pl\/wp-content\/uploads\/2019\/04\/IMG_9117-1024x725.jpg 1024w, https:\/\/marekkuchcinski.pl\/wp-content\/uploads\/2019\/04\/IMG_9117-300x212.jpg 300w, https:\/\/marekkuchcinski.pl\/wp-content\/uploads\/2019\/04\/IMG_9117-768x544.jpg 768w, https:\/\/marekkuchcinski.pl\/wp-content\/uploads\/2019\/04\/IMG_9117.jpg 2048w\" sizes=\"(max-width: 1024px) 100vw, 1024px\" \/><\/figure>\n\n\n\n<figure class=\"wp-block-image\"><img loading=\"lazy\" decoding=\"async\" width=\"1024\" height=\"746\" src=\"https:\/\/marekkuchcinski.pl\/wp-content\/uploads\/2019\/04\/IMG_9118-1024x746.jpg\" alt=\"\" class=\"wp-image-14721\" srcset=\"https:\/\/marekkuchcinski.pl\/wp-content\/uploads\/2019\/04\/IMG_9118-1024x746.jpg 1024w, https:\/\/marekkuchcinski.pl\/wp-content\/uploads\/2019\/04\/IMG_9118-300x219.jpg 300w, https:\/\/marekkuchcinski.pl\/wp-content\/uploads\/2019\/04\/IMG_9118-768x559.jpg 768w, https:\/\/marekkuchcinski.pl\/wp-content\/uploads\/2019\/04\/IMG_9118.jpg 2048w\" sizes=\"(max-width: 1024px) 100vw, 1024px\" \/><\/figure>\n\n\n\n<figure class=\"wp-block-image\"><img loading=\"lazy\" decoding=\"async\" width=\"1024\" height=\"681\" src=\"https:\/\/marekkuchcinski.pl\/wp-content\/uploads\/2019\/04\/IMG_9162-1024x681.jpg\" alt=\"\" class=\"wp-image-14722\" srcset=\"https:\/\/marekkuchcinski.pl\/wp-content\/uploads\/2019\/04\/IMG_9162-1024x681.jpg 1024w, https:\/\/marekkuchcinski.pl\/wp-content\/uploads\/2019\/04\/IMG_9162-300x199.jpg 300w, https:\/\/marekkuchcinski.pl\/wp-content\/uploads\/2019\/04\/IMG_9162-768x511.jpg 768w, https:\/\/marekkuchcinski.pl\/wp-content\/uploads\/2019\/04\/IMG_9162.jpg 2048w\" sizes=\"(max-width: 1024px) 100vw, 1024px\" \/><\/figure>\n\n\n\n<figure class=\"wp-block-image\"><img loading=\"lazy\" decoding=\"async\" width=\"1024\" height=\"706\" src=\"https:\/\/marekkuchcinski.pl\/wp-content\/uploads\/2019\/04\/IMG_9172-1024x706.jpg\" alt=\"\" class=\"wp-image-14723\" srcset=\"https:\/\/marekkuchcinski.pl\/wp-content\/uploads\/2019\/04\/IMG_9172-1024x706.jpg 1024w, https:\/\/marekkuchcinski.pl\/wp-content\/uploads\/2019\/04\/IMG_9172-300x207.jpg 300w, https:\/\/marekkuchcinski.pl\/wp-content\/uploads\/2019\/04\/IMG_9172-768x530.jpg 768w, https:\/\/marekkuchcinski.pl\/wp-content\/uploads\/2019\/04\/IMG_9172.jpg 2048w\" sizes=\"(max-width: 1024px) 100vw, 1024px\" \/><\/figure>\n\n\n\n<figure class=\"wp-block-image\"><img loading=\"lazy\" decoding=\"async\" width=\"1024\" height=\"692\" src=\"https:\/\/marekkuchcinski.pl\/wp-content\/uploads\/2019\/04\/IMG_9176-1024x692.jpg\" alt=\"\" class=\"wp-image-14724\" srcset=\"https:\/\/marekkuchcinski.pl\/wp-content\/uploads\/2019\/04\/IMG_9176-1024x692.jpg 1024w, https:\/\/marekkuchcinski.pl\/wp-content\/uploads\/2019\/04\/IMG_9176-300x203.jpg 300w, https:\/\/marekkuchcinski.pl\/wp-content\/uploads\/2019\/04\/IMG_9176-768x519.jpg 768w, https:\/\/marekkuchcinski.pl\/wp-content\/uploads\/2019\/04\/IMG_9176.jpg 2048w\" sizes=\"(max-width: 1024px) 100vw, 1024px\" \/><\/figure>\n\n\n\n<figure class=\"wp-block-image\"><img loading=\"lazy\" decoding=\"async\" width=\"1024\" height=\"707\" src=\"https:\/\/marekkuchcinski.pl\/wp-content\/uploads\/2019\/04\/IMG_9263-1024x707.jpg\" alt=\"\" class=\"wp-image-14725\" srcset=\"https:\/\/marekkuchcinski.pl\/wp-content\/uploads\/2019\/04\/IMG_9263-1024x707.jpg 1024w, https:\/\/marekkuchcinski.pl\/wp-content\/uploads\/2019\/04\/IMG_9263-300x207.jpg 300w, https:\/\/marekkuchcinski.pl\/wp-content\/uploads\/2019\/04\/IMG_9263-768x530.jpg 768w, https:\/\/marekkuchcinski.pl\/wp-content\/uploads\/2019\/04\/IMG_9263.jpg 2048w\" sizes=\"(max-width: 1024px) 100vw, 1024px\" \/><\/figure>\n\n\n\n<figure class=\"wp-block-image\"><img loading=\"lazy\" decoding=\"async\" width=\"1024\" height=\"683\" src=\"https:\/\/marekkuchcinski.pl\/wp-content\/uploads\/2019\/04\/IMG_9301-1024x683.jpg\" alt=\"\" class=\"wp-image-14726\" srcset=\"https:\/\/marekkuchcinski.pl\/wp-content\/uploads\/2019\/04\/IMG_9301-1024x683.jpg 1024w, https:\/\/marekkuchcinski.pl\/wp-content\/uploads\/2019\/04\/IMG_9301-300x200.jpg 300w, https:\/\/marekkuchcinski.pl\/wp-content\/uploads\/2019\/04\/IMG_9301-768x512.jpg 768w, https:\/\/marekkuchcinski.pl\/wp-content\/uploads\/2019\/04\/IMG_9301.jpg 2048w\" sizes=\"(max-width: 1024px) 100vw, 1024px\" \/><\/figure>","protected":false},"excerpt":{"rendered":"<p>Szef rz\u0105du wyg\u0142osi\u0142 w Trybunale Konstytucyjnym wyk\u0142ad pt.&nbsp;\u201eDemokratyczny kapitalizm dla wszystkich, a nie dla nielicznych\u201d.&nbsp; Premier podkre\u015bli\u0142, \u017ce rz\u0105d podejmuje dzia\u0142ania maj\u0105ce na celu wzrost zasi\u0119gu klasy \u015bredniej w Polsce. Jak zaznaczy\u0142, nale\u017cy poszukiwa\u0107 tzw. trzeciej drogi \u2013 kapitalizmu demokratycznego. Chodzi o taki rodzaj organizacji pa\u0144stwa i rynku, kt\u00f3ry z zachowaniem kapitalistycznej gospodarki wzmacnia demokracj\u0119.&nbsp;To [&hellip;]<\/p>","protected":false},"author":6,"featured_media":0,"comment_status":"open","ping_status":"open","sticky":false,"template":"","format":"standard","meta":{"ngg_post_thumbnail":0,"footnotes":""},"categories":[82,3],"tags":[],"class_list":["post-14714","post","type-post","status-publish","format-standard","hentry","category-prawo-i-sprawiedliwosc","category-wydarzenia"],"yoast_head":"<!-- This site is optimized with the Yoast SEO plugin v24.7 - https:\/\/yoast.com\/wordpress\/plugins\/seo\/ -->\n<title>Rz\u0105d Prawa i Sprawiedliwo\u015bci wzmacnia klas\u0119 \u015bredni\u0105. Wyk\u0142ad premiera Morawieckiego w TK &#8211; Marek Kuchci\u0144ski<\/title>\n<meta name=\"robots\" content=\"index, follow, max-snippet:-1, max-image-preview:large, max-video-preview:-1\" \/>\n<link rel=\"canonical\" href=\"https:\/\/marekkuchcinski.pl\/hu\/wydarzenia\/rzad-prawa-i-sprawiedliwosci-wzmacnia-klase-srednia-wyklad-premiera-morawieckiego-w-tk\/\" \/>\n<meta property=\"og:locale\" content=\"hu_HU\" \/>\n<meta property=\"og:type\" content=\"article\" \/>\n<meta property=\"og:title\" content=\"Rz\u0105d Prawa i Sprawiedliwo\u015bci wzmacnia klas\u0119 \u015bredni\u0105. Wyk\u0142ad premiera Morawieckiego w TK &#8211; Marek Kuchci\u0144ski\" \/>\n<meta property=\"og:description\" content=\"Szef rz\u0105du wyg\u0142osi\u0142 w Trybunale Konstytucyjnym wyk\u0142ad pt.&nbsp;\u201eDemokratyczny kapitalizm dla wszystkich, a nie dla nielicznych\u201d.&nbsp; Premier podkre\u015bli\u0142, \u017ce rz\u0105d podejmuje dzia\u0142ania maj\u0105ce na celu wzrost zasi\u0119gu klasy \u015bredniej w Polsce. Jak zaznaczy\u0142, nale\u017cy poszukiwa\u0107 tzw. trzeciej drogi \u2013 kapitalizmu demokratycznego. Chodzi o taki rodzaj organizacji pa\u0144stwa i rynku, kt\u00f3ry z zachowaniem kapitalistycznej gospodarki wzmacnia demokracj\u0119.&nbsp;To [&hellip;]\" \/>\n<meta property=\"og:url\" content=\"https:\/\/marekkuchcinski.pl\/hu\/wydarzenia\/rzad-prawa-i-sprawiedliwosci-wzmacnia-klase-srednia-wyklad-premiera-morawieckiego-w-tk\/\" \/>\n<meta property=\"og:site_name\" content=\"Marek Kuchci\u0144ski\" \/>\n<meta property=\"article:published_time\" content=\"2019-04-12T08:20:16+00:00\" \/>\n<meta property=\"article:modified_time\" content=\"2019-04-12T11:37:59+00:00\" \/>\n<meta property=\"og:image\" content=\"https:\/\/marekkuchcinski.pl\/wp-content\/uploads\/2019\/04\/IMG_9234-1024x683.jpg\" \/>\n<meta name=\"author\" content=\"admin\" \/>\n<meta name=\"twitter:card\" content=\"summary_large_image\" \/>\n<meta name=\"twitter:label1\" content=\"Szerz\u0151:\" \/>\n\t<meta name=\"twitter:data1\" content=\"admin\" \/>\n\t<meta name=\"twitter:label2\" content=\"Becs\u00fclt olvas\u00e1si id\u0151\" \/>\n\t<meta name=\"twitter:data2\" content=\"1 perc\" \/>\n<script type=\"application\/ld+json\" class=\"yoast-schema-graph\">{\"@context\":\"https:\/\/schema.org\",\"@graph\":[{\"@type\":\"Article\",\"@id\":\"https:\/\/marekkuchcinski.pl\/wydarzenia\/rzad-prawa-i-sprawiedliwosci-wzmacnia-klase-srednia-wyklad-premiera-morawieckiego-w-tk\/#article\",\"isPartOf\":{\"@id\":\"https:\/\/marekkuchcinski.pl\/wydarzenia\/rzad-prawa-i-sprawiedliwosci-wzmacnia-klase-srednia-wyklad-premiera-morawieckiego-w-tk\/\"},\"author\":{\"name\":\"admin\",\"@id\":\"https:\/\/marekkuchcinski.pl\/#\/schema\/person\/6f62700996b4d950b6ea2d1183b6c6be\"},\"headline\":\"Rz\u0105d Prawa i Sprawiedliwo\u015bci wzmacnia klas\u0119 \u015bredni\u0105. Wyk\u0142ad premiera Morawieckiego w TK\",\"datePublished\":\"2019-04-12T08:20:16+00:00\",\"dateModified\":\"2019-04-12T11:37:59+00:00\",\"mainEntityOfPage\":{\"@id\":\"https:\/\/marekkuchcinski.pl\/wydarzenia\/rzad-prawa-i-sprawiedliwosci-wzmacnia-klase-srednia-wyklad-premiera-morawieckiego-w-tk\/\"},\"wordCount\":235,\"commentCount\":0,\"publisher\":{\"@id\":\"https:\/\/marekkuchcinski.pl\/#organization\"},\"image\":{\"@id\":\"https:\/\/marekkuchcinski.pl\/wydarzenia\/rzad-prawa-i-sprawiedliwosci-wzmacnia-klase-srednia-wyklad-premiera-morawieckiego-w-tk\/#primaryimage\"},\"thumbnailUrl\":\"https:\/\/marekkuchcinski.pl\/wp-content\/uploads\/2019\/04\/IMG_9234-1024x683.jpg\",\"articleSection\":[\"Prawo i Sprawiedliwo\u015b\u0107\",\"Wydarzenia\"],\"inLanguage\":\"hu\",\"potentialAction\":[{\"@type\":\"CommentAction\",\"name\":\"Comment\",\"target\":[\"https:\/\/marekkuchcinski.pl\/wydarzenia\/rzad-prawa-i-sprawiedliwosci-wzmacnia-klase-srednia-wyklad-premiera-morawieckiego-w-tk\/#respond\"]}]},{\"@type\":\"WebPage\",\"@id\":\"https:\/\/marekkuchcinski.pl\/wydarzenia\/rzad-prawa-i-sprawiedliwosci-wzmacnia-klase-srednia-wyklad-premiera-morawieckiego-w-tk\/\",\"url\":\"https:\/\/marekkuchcinski.pl\/wydarzenia\/rzad-prawa-i-sprawiedliwosci-wzmacnia-klase-srednia-wyklad-premiera-morawieckiego-w-tk\/\",\"name\":\"Rz\u0105d Prawa i Sprawiedliwo\u015bci wzmacnia klas\u0119 \u015bredni\u0105. Wyk\u0142ad premiera Morawieckiego w TK &#8211; Marek Kuchci\u0144ski\",\"isPartOf\":{\"@id\":\"https:\/\/marekkuchcinski.pl\/#website\"},\"primaryImageOfPage\":{\"@id\":\"https:\/\/marekkuchcinski.pl\/wydarzenia\/rzad-prawa-i-sprawiedliwosci-wzmacnia-klase-srednia-wyklad-premiera-morawieckiego-w-tk\/#primaryimage\"},\"image\":{\"@id\":\"https:\/\/marekkuchcinski.pl\/wydarzenia\/rzad-prawa-i-sprawiedliwosci-wzmacnia-klase-srednia-wyklad-premiera-morawieckiego-w-tk\/#primaryimage\"},\"thumbnailUrl\":\"https:\/\/marekkuchcinski.pl\/wp-content\/uploads\/2019\/04\/IMG_9234-1024x683.jpg\",\"datePublished\":\"2019-04-12T08:20:16+00:00\",\"dateModified\":\"2019-04-12T11:37:59+00:00\",\"breadcrumb\":{\"@id\":\"https:\/\/marekkuchcinski.pl\/wydarzenia\/rzad-prawa-i-sprawiedliwosci-wzmacnia-klase-srednia-wyklad-premiera-morawieckiego-w-tk\/#breadcrumb\"},\"inLanguage\":\"hu\",\"potentialAction\":[{\"@type\":\"ReadAction\",\"target\":[\"https:\/\/marekkuchcinski.pl\/wydarzenia\/rzad-prawa-i-sprawiedliwosci-wzmacnia-klase-srednia-wyklad-premiera-morawieckiego-w-tk\/\"]}]},{\"@type\":\"ImageObject\",\"inLanguage\":\"hu\",\"@id\":\"https:\/\/marekkuchcinski.pl\/wydarzenia\/rzad-prawa-i-sprawiedliwosci-wzmacnia-klase-srednia-wyklad-premiera-morawieckiego-w-tk\/#primaryimage\",\"url\":\"https:\/\/marekkuchcinski.pl\/wp-content\/uploads\/2019\/04\/IMG_9234-1024x683.jpg\",\"contentUrl\":\"https:\/\/marekkuchcinski.pl\/wp-content\/uploads\/2019\/04\/IMG_9234-1024x683.jpg\"},{\"@type\":\"BreadcrumbList\",\"@id\":\"https:\/\/marekkuchcinski.pl\/wydarzenia\/rzad-prawa-i-sprawiedliwosci-wzmacnia-klase-srednia-wyklad-premiera-morawieckiego-w-tk\/#breadcrumb\",\"itemListElement\":[{\"@type\":\"ListItem\",\"position\":1,\"name\":\"Strona g\u0142\u00f3wna\",\"item\":\"https:\/\/marekkuchcinski.pl\/\"},{\"@type\":\"ListItem\",\"position\":2,\"name\":\"Rz\u0105d Prawa i Sprawiedliwo\u015bci wzmacnia klas\u0119 \u015bredni\u0105. Wyk\u0142ad premiera Morawieckiego w TK\"}]},{\"@type\":\"WebSite\",\"@id\":\"https:\/\/marekkuchcinski.pl\/#website\",\"url\":\"https:\/\/marekkuchcinski.pl\/\",\"name\":\"Marek Kuchci\u0144ski\",\"description\":\"Pose\u0142 na sejm RP &ndash; okr\u0119g nr 22\",\"publisher\":{\"@id\":\"https:\/\/marekkuchcinski.pl\/#organization\"},\"potentialAction\":[{\"@type\":\"SearchAction\",\"target\":{\"@type\":\"EntryPoint\",\"urlTemplate\":\"https:\/\/marekkuchcinski.pl\/?s={search_term_string}\"},\"query-input\":{\"@type\":\"PropertyValueSpecification\",\"valueRequired\":true,\"valueName\":\"search_term_string\"}}],\"inLanguage\":\"hu\"},{\"@type\":\"Organization\",\"@id\":\"https:\/\/marekkuchcinski.pl\/#organization\",\"name\":\"Marek Kuchci\u0144ski\",\"url\":\"https:\/\/marekkuchcinski.pl\/\",\"logo\":{\"@type\":\"ImageObject\",\"inLanguage\":\"hu\",\"@id\":\"https:\/\/marekkuchcinski.pl\/#\/schema\/logo\/image\/\",\"url\":\"https:\/\/marekkuchcinski.pl\/wp-content\/uploads\/2022\/09\/Marek.jpg\",\"contentUrl\":\"https:\/\/marekkuchcinski.pl\/wp-content\/uploads\/2022\/09\/Marek.jpg\",\"width\":1600,\"height\":971,\"caption\":\"Marek Kuchci\u0144ski\"},\"image\":{\"@id\":\"https:\/\/marekkuchcinski.pl\/#\/schema\/logo\/image\/\"}},{\"@type\":\"Person\",\"@id\":\"https:\/\/marekkuchcinski.pl\/#\/schema\/person\/6f62700996b4d950b6ea2d1183b6c6be\",\"name\":\"admin\",\"image\":{\"@type\":\"ImageObject\",\"inLanguage\":\"hu\",\"@id\":\"https:\/\/marekkuchcinski.pl\/#\/schema\/person\/image\/\",\"url\":\"https:\/\/secure.gravatar.com\/avatar\/4bab693b9d55c3d6b52c0296a8765085?s=96&d=mm&r=g\",\"contentUrl\":\"https:\/\/secure.gravatar.com\/avatar\/4bab693b9d55c3d6b52c0296a8765085?s=96&d=mm&r=g\",\"caption\":\"admin\"},\"url\":\"https:\/\/marekkuchcinski.pl\/hu\/author\/marta-olejnik\/\"}]}<\/script>\n<!-- \/ Yoast SEO plugin. -->","yoast_head_json":{"title":"Rz\u0105d Prawa i Sprawiedliwo\u015bci wzmacnia klas\u0119 \u015bredni\u0105. Wyk\u0142ad premiera Morawieckiego w TK &#8211; Marek Kuchci\u0144ski","robots":{"index":"index","follow":"follow","max-snippet":"max-snippet:-1","max-image-preview":"max-image-preview:large","max-video-preview":"max-video-preview:-1"},"canonical":"https:\/\/marekkuchcinski.pl\/hu\/wydarzenia\/rzad-prawa-i-sprawiedliwosci-wzmacnia-klase-srednia-wyklad-premiera-morawieckiego-w-tk\/","og_locale":"hu_HU","og_type":"article","og_title":"Rz\u0105d Prawa i Sprawiedliwo\u015bci wzmacnia klas\u0119 \u015bredni\u0105. Wyk\u0142ad premiera Morawieckiego w TK &#8211; Marek Kuchci\u0144ski","og_description":"Szef rz\u0105du wyg\u0142osi\u0142 w Trybunale Konstytucyjnym wyk\u0142ad pt.&nbsp;\u201eDemokratyczny kapitalizm dla wszystkich, a nie dla nielicznych\u201d.&nbsp; Premier podkre\u015bli\u0142, \u017ce rz\u0105d podejmuje dzia\u0142ania maj\u0105ce na celu wzrost zasi\u0119gu klasy \u015bredniej w Polsce. Jak zaznaczy\u0142, nale\u017cy poszukiwa\u0107 tzw. trzeciej drogi \u2013 kapitalizmu demokratycznego. Chodzi o taki rodzaj organizacji pa\u0144stwa i rynku, kt\u00f3ry z zachowaniem kapitalistycznej gospodarki wzmacnia demokracj\u0119.&nbsp;To [&hellip;]","og_url":"https:\/\/marekkuchcinski.pl\/hu\/wydarzenia\/rzad-prawa-i-sprawiedliwosci-wzmacnia-klase-srednia-wyklad-premiera-morawieckiego-w-tk\/","og_site_name":"Marek Kuchci\u0144ski","article_published_time":"2019-04-12T08:20:16+00:00","article_modified_time":"2019-04-12T11:37:59+00:00","og_image":[{"url":"https:\/\/marekkuchcinski.pl\/wp-content\/uploads\/2019\/04\/IMG_9234-1024x683.jpg","type":"","width":"","height":""}],"author":"admin","twitter_card":"summary_large_image","twitter_misc":{"Szerz\u0151:":"admin","Becs\u00fclt olvas\u00e1si id\u0151":"1 perc"},"schema":{"@context":"https:\/\/schema.org","@graph":[{"@type":"Article","@id":"https:\/\/marekkuchcinski.pl\/wydarzenia\/rzad-prawa-i-sprawiedliwosci-wzmacnia-klase-srednia-wyklad-premiera-morawieckiego-w-tk\/#article","isPartOf":{"@id":"https:\/\/marekkuchcinski.pl\/wydarzenia\/rzad-prawa-i-sprawiedliwosci-wzmacnia-klase-srednia-wyklad-premiera-morawieckiego-w-tk\/"},"author":{"name":"admin","@id":"https:\/\/marekkuchcinski.pl\/#\/schema\/person\/6f62700996b4d950b6ea2d1183b6c6be"},"headline":"Rz\u0105d Prawa i Sprawiedliwo\u015bci wzmacnia klas\u0119 \u015bredni\u0105. Wyk\u0142ad premiera Morawieckiego w TK","datePublished":"2019-04-12T08:20:16+00:00","dateModified":"2019-04-12T11:37:59+00:00","mainEntityOfPage":{"@id":"https:\/\/marekkuchcinski.pl\/wydarzenia\/rzad-prawa-i-sprawiedliwosci-wzmacnia-klase-srednia-wyklad-premiera-morawieckiego-w-tk\/"},"wordCount":235,"commentCount":0,"publisher":{"@id":"https:\/\/marekkuchcinski.pl\/#organization"},"image":{"@id":"https:\/\/marekkuchcinski.pl\/wydarzenia\/rzad-prawa-i-sprawiedliwosci-wzmacnia-klase-srednia-wyklad-premiera-morawieckiego-w-tk\/#primaryimage"},"thumbnailUrl":"https:\/\/marekkuchcinski.pl\/wp-content\/uploads\/2019\/04\/IMG_9234-1024x683.jpg","articleSection":["Prawo i Sprawiedliwo\u015b\u0107","Wydarzenia"],"inLanguage":"hu","potentialAction":[{"@type":"CommentAction","name":"Comment","target":["https:\/\/marekkuchcinski.pl\/wydarzenia\/rzad-prawa-i-sprawiedliwosci-wzmacnia-klase-srednia-wyklad-premiera-morawieckiego-w-tk\/#respond"]}]},{"@type":"WebPage","@id":"https:\/\/marekkuchcinski.pl\/wydarzenia\/rzad-prawa-i-sprawiedliwosci-wzmacnia-klase-srednia-wyklad-premiera-morawieckiego-w-tk\/","url":"https:\/\/marekkuchcinski.pl\/wydarzenia\/rzad-prawa-i-sprawiedliwosci-wzmacnia-klase-srednia-wyklad-premiera-morawieckiego-w-tk\/","name":"Rz\u0105d Prawa i Sprawiedliwo\u015bci wzmacnia klas\u0119 \u015bredni\u0105. Wyk\u0142ad premiera Morawieckiego w TK &#8211; Marek Kuchci\u0144ski","isPartOf":{"@id":"https:\/\/marekkuchcinski.pl\/#website"},"primaryImageOfPage":{"@id":"https:\/\/marekkuchcinski.pl\/wydarzenia\/rzad-prawa-i-sprawiedliwosci-wzmacnia-klase-srednia-wyklad-premiera-morawieckiego-w-tk\/#primaryimage"},"image":{"@id":"https:\/\/marekkuchcinski.pl\/wydarzenia\/rzad-prawa-i-sprawiedliwosci-wzmacnia-klase-srednia-wyklad-premiera-morawieckiego-w-tk\/#primaryimage"},"thumbnailUrl":"https:\/\/marekkuchcinski.pl\/wp-content\/uploads\/2019\/04\/IMG_9234-1024x683.jpg","datePublished":"2019-04-12T08:20:16+00:00","dateModified":"2019-04-12T11:37:59+00:00","breadcrumb":{"@id":"https:\/\/marekkuchcinski.pl\/wydarzenia\/rzad-prawa-i-sprawiedliwosci-wzmacnia-klase-srednia-wyklad-premiera-morawieckiego-w-tk\/#breadcrumb"},"inLanguage":"hu","potentialAction":[{"@type":"ReadAction","target":["https:\/\/marekkuchcinski.pl\/wydarzenia\/rzad-prawa-i-sprawiedliwosci-wzmacnia-klase-srednia-wyklad-premiera-morawieckiego-w-tk\/"]}]},{"@type":"ImageObject","inLanguage":"hu","@id":"https:\/\/marekkuchcinski.pl\/wydarzenia\/rzad-prawa-i-sprawiedliwosci-wzmacnia-klase-srednia-wyklad-premiera-morawieckiego-w-tk\/#primaryimage","url":"https:\/\/marekkuchcinski.pl\/wp-content\/uploads\/2019\/04\/IMG_9234-1024x683.jpg","contentUrl":"https:\/\/marekkuchcinski.pl\/wp-content\/uploads\/2019\/04\/IMG_9234-1024x683.jpg"},{"@type":"BreadcrumbList","@id":"https:\/\/marekkuchcinski.pl\/wydarzenia\/rzad-prawa-i-sprawiedliwosci-wzmacnia-klase-srednia-wyklad-premiera-morawieckiego-w-tk\/#breadcrumb","itemListElement":[{"@type":"ListItem","position":1,"name":"Strona g\u0142\u00f3wna","item":"https:\/\/marekkuchcinski.pl\/"},{"@type":"ListItem","position":2,"name":"Rz\u0105d Prawa i Sprawiedliwo\u015bci wzmacnia klas\u0119 \u015bredni\u0105. Wyk\u0142ad premiera Morawieckiego w TK"}]},{"@type":"WebSite","@id":"https:\/\/marekkuchcinski.pl\/#website","url":"https:\/\/marekkuchcinski.pl\/","name":"Marek Kuchci\u0144ski","description":"Pose\u0142 na sejm RP &ndash; okr\u0119g nr 22","publisher":{"@id":"https:\/\/marekkuchcinski.pl\/#organization"},"potentialAction":[{"@type":"SearchAction","target":{"@type":"EntryPoint","urlTemplate":"https:\/\/marekkuchcinski.pl\/?s={search_term_string}"},"query-input":{"@type":"PropertyValueSpecification","valueRequired":true,"valueName":"search_term_string"}}],"inLanguage":"hu"},{"@type":"Organization","@id":"https:\/\/marekkuchcinski.pl\/#organization","name":"Marek Kuchci\u0144ski","url":"https:\/\/marekkuchcinski.pl\/","logo":{"@type":"ImageObject","inLanguage":"hu","@id":"https:\/\/marekkuchcinski.pl\/#\/schema\/logo\/image\/","url":"https:\/\/marekkuchcinski.pl\/wp-content\/uploads\/2022\/09\/Marek.jpg","contentUrl":"https:\/\/marekkuchcinski.pl\/wp-content\/uploads\/2022\/09\/Marek.jpg","width":1600,"height":971,"caption":"Marek Kuchci\u0144ski"},"image":{"@id":"https:\/\/marekkuchcinski.pl\/#\/schema\/logo\/image\/"}},{"@type":"Person","@id":"https:\/\/marekkuchcinski.pl\/#\/schema\/person\/6f62700996b4d950b6ea2d1183b6c6be","name":"admin","image":{"@type":"ImageObject","inLanguage":"hu","@id":"https:\/\/marekkuchcinski.pl\/#\/schema\/person\/image\/","url":"https:\/\/secure.gravatar.com\/avatar\/4bab693b9d55c3d6b52c0296a8765085?s=96&d=mm&r=g","contentUrl":"https:\/\/secure.gravatar.com\/avatar\/4bab693b9d55c3d6b52c0296a8765085?s=96&d=mm&r=g","caption":"admin"},"url":"https:\/\/marekkuchcinski.pl\/hu\/author\/marta-olejnik\/"}]}},"_links":{"self":[{"href":"https:\/\/marekkuchcinski.pl\/hu\/wp-json\/wp\/v2\/posts\/14714","targetHints":{"allow":["GET"]}}],"collection":[{"href":"https:\/\/marekkuchcinski.pl\/hu\/wp-json\/wp\/v2\/posts"}],"about":[{"href":"https:\/\/marekkuchcinski.pl\/hu\/wp-json\/wp\/v2\/types\/post"}],"author":[{"embeddable":true,"href":"https:\/\/marekkuchcinski.pl\/hu\/wp-json\/wp\/v2\/users\/6"}],"replies":[{"embeddable":true,"href":"https:\/\/marekkuchcinski.pl\/hu\/wp-json\/wp\/v2\/comments?post=14714"}],"version-history":[{"count":4,"href":"https:\/\/marekkuchcinski.pl\/hu\/wp-json\/wp\/v2\/posts\/14714\/revisions"}],"predecessor-version":[{"id":14727,"href":"https:\/\/marekkuchcinski.pl\/hu\/wp-json\/wp\/v2\/posts\/14714\/revisions\/14727"}],"wp:attachment":[{"href":"https:\/\/marekkuchcinski.pl\/hu\/wp-json\/wp\/v2\/media?parent=14714"}],"wp:term":[{"taxonomy":"category","embeddable":true,"href":"https:\/\/marekkuchcinski.pl\/hu\/wp-json\/wp\/v2\/categories?post=14714"},{"taxonomy":"post_tag","embeddable":true,"href":"https:\/\/marekkuchcinski.pl\/hu\/wp-json\/wp\/v2\/tags?post=14714"}],"curies":[{"name":"wp","href":"https:\/\/api.w.org\/{rel}","templated":true}]}}