{"id":14646,"date":"2019-04-10T14:35:11","date_gmt":"2019-04-10T12:35:11","guid":{"rendered":"https:\/\/marekkuchcinski.pl\/?p=14646"},"modified":"2019-04-10T14:35:12","modified_gmt":"2019-04-10T12:35:12","slug":"rzeszow-spotkanie-upamietniajace-9-rocznice-katastrofy-lotniczej-w-smolensku","status":"publish","type":"post","link":"https:\/\/marekkuchcinski.pl\/hu\/bez-kategorii\/lms\/rzeszow-spotkanie-upamietniajace-9-rocznice-katastrofy-lotniczej-w-smolensku\/","title":{"rendered":"Rzesz\u00f3w. Tal\u00e1lkoz\u00f3 a szmolenszki rep\u00fcl\u0151g\u00e9p-szerencs\u00e9tlens\u00e9g 9. \u00e9vfordul\u00f3j\u00e1nak megeml\u00e9kez\u00e9se alkalm\u00e1b\u00f3l"},"content":{"rendered":"<p class=\"wp-block-paragraph\"><strong><em>Mr<br>W\u0142adys\u0142aw Ortyl<br>Podkarpatszkaja r\u00e9gi\u00f3 marsallja<\/em><\/strong><\/p>\n\n\n\n<p class=\"wp-block-paragraph\"><em>Tisztelt Besz\u00e9l\u0151,<\/em><\/p>\n\n\n\n<p class=\"wp-block-paragraph\"><em>Szeretn\u00e9m megk\u00f6sz\u00f6nni, hogy\nmegh\u00edv\u00f3 a rep\u00fcl\u0151g\u00e9p-szerencs\u00e9tlens\u00e9g 9. \u00e9vfordul\u00f3ja alkalm\u00e1b\u00f3l rendezett tal\u00e1lkoz\u00f3ra\na szmolenszki rep\u00fcl\u0151g\u00e9p-szerencs\u00e9tlens\u00e9g \u00e9vfordul\u00f3ja. Mivel nem tudtam r\u00e9szt venni, szeretn\u00e9m megragadni ezt az alkalmat, hogy \u00fcdv\u00f6z\u00f6ljem az al\u00e1bbiakat\nr\u00e9sztvev\u0151k.<\/em><\/p>\n\n\n\n<p class=\"wp-block-paragraph\"><em>2010. \u00e1prilis 10-\u00e9n, szombaton\nAz eln\u00f6ki p\u00e1r \u00e9s vend\u00e9geik r\u00e9szt vettek volna a b\u0171ncselekm\u00e9ny \u00e9vfordul\u00f3j\u00e1n tartott megeml\u00e9kez\u00e9sen\naz NKVD \u00e1ltal a lengyel tisztek ellen elk\u00f6vetett b\u0171ncselekm\u00e9ny \u00e9vfordul\u00f3j\u00e1nak meg\u00fcnnepl\u00e9se. Sajnos\na tervezett \u00fcnneps\u00e9gre nem ker\u00fclt sor. Ehelyett gy\u00e1szmis\u00e9t tartottak\ngy\u00e1szmis\u00e9t tartottak helyette, mivel a lengyel deleg\u00e1ci\u00f3 tagjai\na lengyel k\u00fcld\u00f6tts\u00e9g tagjai csatlakoztak az \u00e1ldozatokhoz, akik saj\u00e1t v\u00e9r\u00fckkel szentelt\u00e9k meg a szmolenszki f\u00f6ldet. Ez volt\nnagy csap\u00e1s az eg\u00e9sz lengyel nemzetre. Mind a katy\u0144i b\u0171ncselekm\u00e9ny, mind a\na szmolenszki katasztr\u00f3fa megfosztott minket a Lengyel K\u00f6zt\u00e1rsas\u00e1g elitj\u00e9t\u0151l. Az id\u0151 m\u00fal\u00e1sa ellen\u00e9re\nm\u00e9g mindig nagyon \u00e9lesen \u00e9rezz\u00fck ezt a nagy vesztes\u00e9get. &nbsp;<\/em><\/p>\n\n\n\n<p class=\"wp-block-paragraph\"><em>Ezek a tragikus esem\u00e9nyek\n\u00e1lland\u00f3 helyet foglalnak el a lengyel n\u00e9p sz\u00edv\u00e9ben. Kilenc \u00e9vvel ezel\u0151tt a k\u00f6vetkez\u0151 emberek haltak meg\naz \u00e1llami hat\u00f3s\u00e1gok legmagasabb rang\u00fa k\u00e9pvisel\u0151i, akik \u00e9let\u00fcket a k\u00f6zszolg\u00e1latnak szentelt\u00e9k\nakik \u00e9let\u00fcket a k\u00f6zszolg\u00e1latnak szentelt\u00e9k. A\nMost az a k\u00f6teless\u00e9g\u00fcnk, hogy megadjuk nekik a kell\u0151 tiszteletet, \u00e9s mindenekel\u0151tt eml\u00e9kezz\u00fcnk r\u00e1juk.\nAzzal, hogy sz\u00edv\u00fcnkben \u0151rizz\u00fck hazafias hozz\u00e1\u00e1ll\u00e1suk \u00e9s t\u00f6rhetetlen\n\u00e9rt\u00e9kek, a legnagyobb tiszteletet mutatjuk nekik. <\/em><\/p>\n\n\n\n<p class=\"wp-block-paragraph\"><em>Egy gy\u00f6ny\u00f6r\u0171 \u00e9s meghat\u00f3\nEml\u00e9kezet\u00fcnk kifejez\u0151d\u00e9se az az eml\u00e9km\u0171, amely el\u0151tt a r\u00e9sztvev\u0151k a\ngy\u0171ltek ma \u00f6ssze el\u0151tte.  Ahogy csatlakozom hozz\u00e1d\n\u00f6n\u00f6kkel egy\u00fctt fejet hajtok a l\u00e9gi katasztr\u00f3fa \u00e1ldozatai el\u0151tt.<\/em><\/p>\n\n\n\n<p class=\"wp-block-paragraph\"><em>\u00dcdv\u00f6zlettel \u00e9s legjobb k\u00edv\u00e1ns\u00e1gokkal\n\u00dcdv\u00f6zlettel.<\/em><\/p>\n\n\n\n<p class=\"wp-block-paragraph\"><em>Marek Kuchci\u0144ski<\/em><\/p>","protected":false},"excerpt":{"rendered":"<p>PanW\u0142adys\u0142aw OrtylMarsza\u0142ek Wojew\u00f3dztwa Podkarpackiego Szanowny Panie Marsza\u0142ku, pragn\u0119 podzi\u0119kowa\u0107 za zaproszenie na spotkanie upami\u0119tniaj\u0105ce 9. rocznic\u0119 katastrofy lotniczej w Smole\u0144sku. Nie mog\u0105c wzi\u0105\u0107 w nim udzia\u0142u, t\u0105 drog\u0105 pozdrawiam wszystkich uczestnik\u00f3w. W sobot\u0119 10 kwietnia 2010 roku Para Prezydencka wraz z towarzysz\u0105cymi im go\u015b\u0107mi mia\u0142a wzi\u0105\u0107 udzia\u0142 w rocznicowych obchodach zbrodni pope\u0142nionej przez NKWD na [&hellip;]<\/p>\n","protected":false},"author":6,"featured_media":13506,"comment_status":"open","ping_status":"open","sticky":false,"template":"","format":"standard","meta":{"ngg_post_thumbnail":0,"footnotes":""},"categories":[104],"tags":[],"class_list":["post-14646","post","type-post","status-publish","format-standard","has-post-thumbnail","hentry","category-lms"],"_links":{"self":[{"href":"https:\/\/marekkuchcinski.pl\/hu\/wp-json\/wp\/v2\/posts\/14646","targetHints":{"allow":["GET"]}}],"collection":[{"href":"https:\/\/marekkuchcinski.pl\/hu\/wp-json\/wp\/v2\/posts"}],"about":[{"href":"https:\/\/marekkuchcinski.pl\/hu\/wp-json\/wp\/v2\/types\/post"}],"author":[{"embeddable":true,"href":"https:\/\/marekkuchcinski.pl\/hu\/wp-json\/wp\/v2\/users\/6"}],"replies":[{"embeddable":true,"href":"https:\/\/marekkuchcinski.pl\/hu\/wp-json\/wp\/v2\/comments?post=14646"}],"version-history":[{"count":1,"href":"https:\/\/marekkuchcinski.pl\/hu\/wp-json\/wp\/v2\/posts\/14646\/revisions"}],"predecessor-version":[{"id":14647,"href":"https:\/\/marekkuchcinski.pl\/hu\/wp-json\/wp\/v2\/posts\/14646\/revisions\/14647"}],"wp:featuredmedia":[{"embeddable":true,"href":"https:\/\/marekkuchcinski.pl\/hu\/wp-json\/wp\/v2\/media\/13506"}],"wp:attachment":[{"href":"https:\/\/marekkuchcinski.pl\/hu\/wp-json\/wp\/v2\/media?parent=14646"}],"wp:term":[{"taxonomy":"category","embeddable":true,"href":"https:\/\/marekkuchcinski.pl\/hu\/wp-json\/wp\/v2\/categories?post=14646"},{"taxonomy":"post_tag","embeddable":true,"href":"https:\/\/marekkuchcinski.pl\/hu\/wp-json\/wp\/v2\/tags?post=14646"}],"curies":[{"name":"wp","href":"https:\/\/api.w.org\/{rel}","templated":true}]}}