{"id":14644,"date":"2019-04-10T14:31:10","date_gmt":"2019-04-10T12:31:10","guid":{"rendered":"https:\/\/marekkuchcinski.pl\/?p=14644"},"modified":"2019-04-10T14:31:12","modified_gmt":"2019-04-10T12:31:12","slug":"ketrzyn-uroczystosci-upamietniajace-ofiary-katastrofy-pod-smolenskiem","status":"publish","type":"post","link":"https:\/\/marekkuchcinski.pl\/hu\/bez-kategorii\/lms\/ketrzyn-uroczystosci-upamietniajace-ofiary-katastrofy-pod-smolenskiem\/","title":{"rendered":"K\u0119trzyn. Megeml\u00e9kez\u00e9sek a szmolenszki katasztr\u00f3fa \u00e1ldozatainak eml\u00e9k\u00e9re"},"content":{"rendered":"<p class=\"wp-block-paragraph\"><em> <strong>Mr<\/strong><\/em><strong><em> Stanislaw Tolwi\u0144ski<\/em><\/strong><\/p>\n\n\n\n<p class=\"wp-block-paragraph\"><strong><em>Eln\u00f6k <\/em><\/strong><strong><em>A Lake District Aeroklubja<\/em><\/strong><\/p>\n\n\n\n<p class=\"wp-block-paragraph\"><em>&nbsp;&nbsp;&nbsp;&nbsp;&nbsp;&nbsp;&nbsp;&nbsp;&nbsp;&nbsp;&nbsp; Sir\nEln\u00f6k,<\/em><\/p>\n\n\n\n<p class=\"wp-block-paragraph\"><em>&nbsp;&nbsp;&nbsp;&nbsp;&nbsp;&nbsp;&nbsp;&nbsp;&nbsp;&nbsp;&nbsp; nagyon\nK\u00f6sz\u00f6n\u00f6m sz\u00e9pen a megh\u00edv\u00e1st a \"Szmolenszki katasztr\u00f3fa \u00e1ldozatainak\" eml\u00e9k\u00e9re rendezett megeml\u00e9kez\u00e9sre.\n<\/em><\/p>\n\n\n\n<p class=\"wp-block-paragraph\"><em>\u00e1prilis 10-\u00e9n a k\u00f6vetkez\u0151 szem\u00e9lyek haltak meg\nLech Kaczy\u0144ski lengyel eln\u00f6k \u00e9s kilencven\u00f6t k\u00e9pvisel\u0151je a lengyelorsz\u00e1gi\na Lengyel K\u00f6zt\u00e1rsas\u00e1gb\u00f3l, akik a katy\u0144i erd\u0151ben tartott \u00fcnneps\u00e9gre tartottak. A baleset\nSzmolenszk mellett nagy csap\u00e1s volt az eg\u00e9sz lengyel nemzetre. Az emberek, akik meghaltak benne\naz \u00e1llam legmagasabb tiszts\u00e9geit bet\u00f6lt\u0151 szem\u00e9lyek, valamint olyan emberek, akik az \u00e1llamnak szentelt\u00e9k magukat\na lengyel \u00e1llampolg\u00e1rok - a szt\u00e1lini rendszer \u00e1ldozatai - elleni b\u0171n\u00f6k magyar\u00e1zat\u00e1t.<\/em><\/p>\n\n\n\n<p class=\"wp-block-paragraph\"><em>A mai szertart\u00e1s k\u00fcl\u00f6nleges m\u00f3don\nk\u00fcl\u00f6nleges m\u00f3don egyes\u00edt benn\u00fcnket, m\u00e9ly \u00e9rz\u00e9seket \u00e9s f\u00e1jdalmas \u00e9rz\u00e9seket id\u00e9z fel\nreflexi\u00f3k. Az id\u0151 m\u00fal\u00e1sa ellen\u00e9re m\u00e9g mindig nagyon nagy hat\u00e1ssal van r\u00e1nk ez a nagyszer\u0171,\nM\u00e9g mindig nagyon megvisel benn\u00fcnket ez a nagy \u00e9s p\u00f3tolhatatlan vesztes\u00e9g, \u00e9s szomor\u00fas\u00e1g \u00e9s gy\u00e1sz van a sz\u00edv\u00fcnkben. M\u00e9g mindig neh\u00e9z sz\u00e1munkra\nM\u00e9g mindig neh\u00e9z sz\u00e1munkra \u00e9rzelmek n\u00e9lk\u00fcl felid\u00e9zni azokat, akik tragikusan haltak meg, akik k\u00f6zel \u00e1lltak hozz\u00e1nk - bar\u00e1tok, ismer\u0151s\u00f6k.\nbar\u00e1tok \u00e9s ismer\u0151s\u00f6k. Mindannyian odaad\u00f3an szolg\u00e1lt\u00e1k a Lengyel K\u00f6zt\u00e1rsas\u00e1got, \u00e9s\nMindannyian \u00e9let\u00fcket \u00e1ldozt\u00e1k a K\u00f6zt\u00e1rsas\u00e1g szolg\u00e1lat\u00e1ban. \u00d6sszek\u00f6t\u00f6tte \u0151ket a Lengyelorsz\u00e1ggal val\u00f3 t\u00f6r\u0151d\u00e9s, \u00e9s\nhazafias \u00e9rt\u00e9kek. Ez\u00e9rt k\u00f6teless\u00e9g\u00fcnk\n\u00e1polj\u00e1k a kort\u00e1rs h\u0151s\u00f6k eml\u00e9k\u00e9t. K\u00f6teless\u00e9g\u00fcnknek \u00e9rezz\u00fck, hogy folytassuk\nAz \u0151 munk\u00e1juk - f\u00e1radhatatlan munka haz\u00e1nk \u00e9s annak jav\u00e1ra.\n\u00e9s polg\u00e1rait, valamint a fiatal gener\u00e1ci\u00f3 k\u00f6r\u00e9ben a legjobb hazafias magatart\u00e1s kialak\u00edt\u00e1s\u00e1t.\na fiatal gener\u00e1ci\u00f3 hazafias hozz\u00e1\u00e1ll\u00e1sa. <\/em><\/p>\n\n\n\n<p class=\"wp-block-paragraph\"><em>&nbsp;&nbsp;&nbsp;&nbsp;&nbsp;&nbsp;&nbsp;&nbsp;&nbsp;&nbsp;&nbsp; Szeretn\u00e9k\nhogy kifejezzem elismer\u00e9semet \u00e9s meleg k\u00f6sz\u00f6netemet mindazoknak, akik r\u00e9szt vettek a\na szertart\u00e1s el\u0151k\u00e9sz\u00edt\u00e9se. Rem\u00e9lem, hogy a mai \u00fcnneps\u00e9g minden r\u00e9sztvev\u0151 sz\u00e1m\u00e1ra\naz elm\u00e9lked\u00e9s \u00e9s a gondolkod\u00e1s ideje. <\/em><\/p>\n\n\n\n<p class=\"wp-block-paragraph\"><em>Ahogy csatlakozom hozz\u00e1tok ebben a\nk\u00fcl\u00f6nleges pillanatban, melegen \u00fcdv\u00f6zl\u00f6m \u00e9s maradok a\ntisztelet. <\/em><\/p>\n\n\n\n<p class=\"wp-block-paragraph\"><em>&nbsp;&nbsp;&nbsp;&nbsp;&nbsp;&nbsp;&nbsp;&nbsp;&nbsp;&nbsp;&nbsp;&nbsp;&nbsp;&nbsp;&nbsp;&nbsp;&nbsp;&nbsp;&nbsp;&nbsp;&nbsp;&nbsp;&nbsp;&nbsp;&nbsp;&nbsp;&nbsp;&nbsp;&nbsp;&nbsp;&nbsp;&nbsp;&nbsp;&nbsp;&nbsp; &nbsp;&nbsp;&nbsp;&nbsp;&nbsp;&nbsp;&nbsp;&nbsp;&nbsp;&nbsp;&nbsp;&nbsp;&nbsp;&nbsp;&nbsp;&nbsp;&nbsp;&nbsp;&nbsp;&nbsp;&nbsp;&nbsp;&nbsp;&nbsp;&nbsp;&nbsp;&nbsp;&nbsp;&nbsp;&nbsp;&nbsp;&nbsp;&nbsp;&nbsp;&nbsp;&nbsp;&nbsp;&nbsp;&nbsp;&nbsp;&nbsp;&nbsp;&nbsp;&nbsp;&nbsp;&nbsp;&nbsp;&nbsp;&nbsp;&nbsp;&nbsp;&nbsp;&nbsp;&nbsp;&nbsp;&nbsp;&nbsp;&nbsp; &nbsp; Marek Kuchci\u0144ski<\/em><\/p>","protected":false},"excerpt":{"rendered":"<p>Pan Stanis\u0142aw To\u0142wi\u0144ski Prezes Aeroklubu Krainy Jezior &nbsp;&nbsp;&nbsp;&nbsp;&nbsp;&nbsp;&nbsp;&nbsp;&nbsp;&nbsp;&nbsp; Szanowny Panie Prezesie, &nbsp;&nbsp;&nbsp;&nbsp;&nbsp;&nbsp;&nbsp;&nbsp;&nbsp;&nbsp;&nbsp; bardzo dzi\u0119kuj\u0119 za zaproszenie na uroczysto\u015bci upami\u0119tniaj\u0105ce \u201eOfiary katastrofy pod&nbsp;Smole\u0144skiem\u201d. 10 kwietnia 2010 roku zgin\u0105\u0142 Prezydent Polski Lech Kaczy\u0144ski i dziewi\u0119\u0107dziesi\u0119ciu pi\u0119ciu przedstawicieli Rzeczypospolitej, zmierzaj\u0105cych na uroczysto\u015bci w Lesie Katy\u0144skim. Katastrofa pod Smole\u0144skiem by\u0142a wielkim ciosem dla ca\u0142ego narodu polskiego. Zgin\u0119\u0142y w niej [&hellip;]<\/p>\n","protected":false},"author":6,"featured_media":13506,"comment_status":"open","ping_status":"open","sticky":false,"template":"","format":"standard","meta":{"ngg_post_thumbnail":0,"footnotes":""},"categories":[104],"tags":[],"class_list":["post-14644","post","type-post","status-publish","format-standard","has-post-thumbnail","hentry","category-lms"],"_links":{"self":[{"href":"https:\/\/marekkuchcinski.pl\/hu\/wp-json\/wp\/v2\/posts\/14644","targetHints":{"allow":["GET"]}}],"collection":[{"href":"https:\/\/marekkuchcinski.pl\/hu\/wp-json\/wp\/v2\/posts"}],"about":[{"href":"https:\/\/marekkuchcinski.pl\/hu\/wp-json\/wp\/v2\/types\/post"}],"author":[{"embeddable":true,"href":"https:\/\/marekkuchcinski.pl\/hu\/wp-json\/wp\/v2\/users\/6"}],"replies":[{"embeddable":true,"href":"https:\/\/marekkuchcinski.pl\/hu\/wp-json\/wp\/v2\/comments?post=14644"}],"version-history":[{"count":1,"href":"https:\/\/marekkuchcinski.pl\/hu\/wp-json\/wp\/v2\/posts\/14644\/revisions"}],"predecessor-version":[{"id":14645,"href":"https:\/\/marekkuchcinski.pl\/hu\/wp-json\/wp\/v2\/posts\/14644\/revisions\/14645"}],"wp:featuredmedia":[{"embeddable":true,"href":"https:\/\/marekkuchcinski.pl\/hu\/wp-json\/wp\/v2\/media\/13506"}],"wp:attachment":[{"href":"https:\/\/marekkuchcinski.pl\/hu\/wp-json\/wp\/v2\/media?parent=14644"}],"wp:term":[{"taxonomy":"category","embeddable":true,"href":"https:\/\/marekkuchcinski.pl\/hu\/wp-json\/wp\/v2\/categories?post=14644"},{"taxonomy":"post_tag","embeddable":true,"href":"https:\/\/marekkuchcinski.pl\/hu\/wp-json\/wp\/v2\/tags?post=14644"}],"curies":[{"name":"wp","href":"https:\/\/api.w.org\/{rel}","templated":true}]}}